{"id":47453,"date":"2023-10-02T13:38:15","date_gmt":"2023-10-02T11:38:15","guid":{"rendered":"https:\/\/www.laguiadepamplona.com\/actualidad\/?p=47453"},"modified":"2023-10-02T13:38:15","modified_gmt":"2023-10-02T11:38:15","slug":"el-31-de-octubre-concluye-el-plazo-de-presentacion-de-fotografias-para-una-nueva-edicion-del-concurso-enfoca-pamplona","status":"publish","type":"post","link":"https:\/\/www.laguiadepamplona.com\/actualidad\/el-31-de-octubre-concluye-el-plazo-de-presentacion-de-fotografias-para-una-nueva-edicion-del-concurso-enfoca-pamplona\/","title":{"rendered":"El 31 de octubre concluye el plazo de presentaci\u00f3n de fotograf\u00edas para una nueva edici\u00f3n del concurso Enfoca Pamplona"},"content":{"rendered":"<h3>Entre las fotos presentadas, se elegir\u00e1n tambi\u00e9n las doce im\u00e1genes que ilustrar\u00e1n el calendario municipal de 2024<\/h3>\n<p><!--more--><\/p>\n<p>Fotograf\u00edas de Pamplona, que reflejen una mirada personal de la ciudad. El Ayuntamiento, a trav\u00e9s de la red Civivox, ha convocado un a\u00f1o m\u00e1s el concurso de fotograf\u00eda Enfoca Pamplona, mediante el cual, adem\u00e1s, se seleccionar\u00e1n las im\u00e1genes que ilustren el calendario municipal de 2024. El plazo de presentaci\u00f3n de fotos se ha abierto este lunes 2 de octubre y finalizar\u00e1 el martes 31 de octubre, a las 23 horas. Esa presentaci\u00f3n se realizar\u00e1 de forma online a trav\u00e9s de <a href=\"http:\/\/www.pamplonaescultura.es\" target=\"_blank\" rel=\"noopener\">www.pamplonaescultura.es<\/a>.<br \/>\n<script async src=\"\/\/pagead2.googlesyndication.com\/pagead\/js\/adsbygoogle.js\"><\/script><br \/>\n<!-- Noticias La Guia de Pamplona --><br \/>\n<ins class=\"adsbygoogle\"\nstyle=\"display:block\"\ndata-ad-client=\"ca-pub-6943679897239327\"\ndata-ad-slot=\"7048180777\"\ndata-ad-format=\"auto\"><\/ins><br \/>\n<script>\n(adsbygoogle = window.adsbygoogle || []).push({});\n<\/script><\/p>\n<p>Cada participante podr\u00e1 registrar en formato digital un m\u00e1ximo de tres fotograf\u00edas in\u00e9ditas. No se admitir\u00e1n a concurso instant\u00e1neas ya publicadas o premiadas en otros cert\u00e1menes. Deber\u00e1n presentarse en formato JPEG, con una resoluci\u00f3n de al menos 720 ppp y un m\u00e1ximo de 2 MB. El tama\u00f1o ser\u00e1 de 794 x 1077 px para formato vertical o 1077 x 794 px para formato horizontal. Las im\u00e1genes presentadas con estas medidas se utilizar\u00e1n \u00fanicamente para su valoraci\u00f3n por parte del jurado.<\/p>\n<p>Posteriormente, las fotograf\u00edas que resulten premiadas o seleccionadas deber\u00e1n presentarse en alta resoluci\u00f3n, cuando as\u00ed se requiera desde la organizaci\u00f3n. Deber\u00e1n tener un tama\u00f1o m\u00e1ximo de 2 MB y el tama\u00f1o ser\u00e1 de 28&#215;38 cent\u00edmetros (vertical u horizontal). En la selecci\u00f3n de las obras, se valorar\u00e1n aspectos como su composici\u00f3n o el reflejo de los usos, los diversos puntos de vista, el patrimonio, las luces, etc\u2026, de la ciudad. El a\u00f1o pasado, en la vig\u00e9simo sexta edici\u00f3n del concurso, se recibieron 457 fotograf\u00edas in\u00e9ditas presentadas por 179 personas distintas.<br \/>\n<script async src=\"\/\/pagead2.googlesyndication.com\/pagead\/js\/adsbygoogle.js\"><\/script><br \/>\n<!-- Noticias La Guia de Pamplona --><br \/>\n<ins class=\"adsbygoogle\"\nstyle=\"display:block\"\ndata-ad-client=\"ca-pub-6943679897239327\"\ndata-ad-slot=\"7048180777\"\ndata-ad-format=\"auto\"><\/ins><br \/>\n<script>\n(adsbygoogle = window.adsbygoogle || []).push({});\n<\/script><\/p>\n<p><strong>Presentaci\u00f3n de las fotograf\u00edas<\/strong><\/p>\n<p>Para presentar las fotograf\u00edas se requerir\u00e1 cumplimentar el formulario al que se accede desde la <a href=\"https:\/\/www.pamplonaescultura.es\/\" target=\"_blank\" rel=\"noopener\">web municipal de Cultura<\/a>. Se exigen datos personales, fecha y lugar de nacimiento, direcci\u00f3n, tel\u00e9fono y correo electr\u00f3nico. Adem\u00e1s, se deber\u00e1 indicar la fecha de realizaci\u00f3n de la fotograf\u00eda, el lugar exacto y una breve descripci\u00f3n. Es importante especificar o concretar el lugar para facilitar el trabajo y la decisi\u00f3n del jurado. Quien presenta las fotos se hace responsable la autorizaci\u00f3n y\/o consentimiento de la persona o personas que aparezcan en ellas.<\/p>\n<p>El jurado t\u00e9cnico del concurso estar\u00e1 formado por profesionales de la fotograf\u00eda y personal t\u00e9cnico del Ayuntamiento de Pamplona. Las bases establecen dos tipos de premios. Por una parte, est\u00e1n los premios del concurso Enfoca Pamplona, que otorgan 900, 600 y 500 euros a las tres mejores fotograf\u00edas presentadas. Por otra parte, se conceder\u00e1n doce premios de 150 euros para las im\u00e1genes que ilustrar\u00e1n en calendario municipal de 2024. Si el jurado lo considera oportuno, podr\u00e1 conceder hasta un m\u00e1ximo de cinco menciones especiales.<\/p>\n","protected":false},"excerpt":{"rendered":"<p>Entre las fotos presentadas, se elegir\u00e1n tambi\u00e9n las doce im\u00e1genes que ilustrar\u00e1n el calendario municipal de 2024<\/p>\n","protected":false},"author":1,"featured_media":47454,"comment_status":"open","ping_status":"closed","sticky":false,"template":"","format":"standard","meta":{"footnotes":""},"categories":[2],"tags":[],"class_list":["post-47453","post","type-post","status-publish","format-standard","has-post-thumbnail","hentry","category-ayuntamiento-pamplona"],"yoast_head":"<!-- This site is optimized with the Yoast SEO plugin v27.3 - https:\/\/yoast.com\/product\/yoast-seo-wordpress\/ -->\n<title>El 31 de octubre concluye el plazo de presentaci\u00f3n de fotograf\u00edas para una nueva edici\u00f3n del concurso Enfoca Pamplona<\/title>\n<meta name=\"description\" content=\"Entre las fotos presentadas, se elegir\u00e1n tambi\u00e9n las doce im\u00e1genes que ilustrar\u00e1n el calendario municipal de 2024\" \/>\n<meta name=\"robots\" content=\"index, follow, max-snippet:-1, max-image-preview:large, max-video-preview:-1\" \/>\n<link rel=\"canonical\" href=\"https:\/\/www.laguiadepamplona.com\/actualidad\/el-31-de-octubre-concluye-el-plazo-de-presentacion-de-fotografias-para-una-nueva-edicion-del-concurso-enfoca-pamplona\/\" \/>\n<meta property=\"og:locale\" content=\"es_ES\" \/>\n<meta property=\"og:type\" content=\"article\" \/>\n<meta property=\"og:title\" content=\"El 31 de octubre concluye el plazo de presentaci\u00f3n de fotograf\u00edas para una nueva edici\u00f3n del concurso Enfoca Pamplona\" \/>\n<meta property=\"og:description\" content=\"Entre las fotos presentadas, se elegir\u00e1n tambi\u00e9n las doce im\u00e1genes que ilustrar\u00e1n el calendario municipal de 2024\" \/>\n<meta property=\"og:url\" content=\"https:\/\/www.laguiadepamplona.com\/actualidad\/el-31-de-octubre-concluye-el-plazo-de-presentacion-de-fotografias-para-una-nueva-edicion-del-concurso-enfoca-pamplona\/\" \/>\n<meta property=\"og:site_name\" content=\"La Gu\u00eda de Pamplona\" \/>\n<meta property=\"article:publisher\" content=\"https:\/\/www.facebook.com\/laguiadepamplonacom-133175176762273\/?ref=hl\" \/>\n<meta property=\"article:published_time\" content=\"2023-10-02T11:38:15+00:00\" \/>\n<meta property=\"og:image\" content=\"https:\/\/www.laguiadepamplona.com\/actualidad\/wp-content\/uploads\/2023\/10\/Foto-concurso-expo.jpg\" \/>\n\t<meta property=\"og:image:width\" content=\"870\" \/>\n\t<meta property=\"og:image:height\" content=\"480\" \/>\n\t<meta property=\"og:image:type\" content=\"image\/jpeg\" \/>\n<meta name=\"author\" content=\"La Gu\u00eda de Pamplona\" \/>\n<meta name=\"twitter:card\" content=\"summary_large_image\" \/>\n<meta name=\"twitter:creator\" content=\"@LaGuiadPamplona\" \/>\n<meta name=\"twitter:site\" content=\"@LaGuiadPamplona\" \/>\n<meta name=\"twitter:label1\" content=\"Escrito por\" \/>\n\t<meta name=\"twitter:data1\" content=\"La Gu\u00eda de Pamplona\" \/>\n\t<meta name=\"twitter:label2\" content=\"Tiempo de lectura\" \/>\n\t<meta name=\"twitter:data2\" content=\"3 minutos\" \/>\n<script type=\"application\/ld+json\" class=\"yoast-schema-graph\">{\"@context\":\"https:\\\/\\\/schema.org\",\"@graph\":[{\"@type\":\"Article\",\"@id\":\"https:\\\/\\\/www.laguiadepamplona.com\\\/actualidad\\\/el-31-de-octubre-concluye-el-plazo-de-presentacion-de-fotografias-para-una-nueva-edicion-del-concurso-enfoca-pamplona\\\/#article\",\"isPartOf\":{\"@id\":\"https:\\\/\\\/www.laguiadepamplona.com\\\/actualidad\\\/el-31-de-octubre-concluye-el-plazo-de-presentacion-de-fotografias-para-una-nueva-edicion-del-concurso-enfoca-pamplona\\\/\"},\"author\":{\"name\":\"La Gu\u00eda de Pamplona\",\"@id\":\"https:\\\/\\\/www.laguiadepamplona.com\\\/actualidad\\\/#\\\/schema\\\/person\\\/efe887376f0213d4657c93adc50b1fdb\"},\"headline\":\"El 31 de octubre concluye el plazo de presentaci\u00f3n de fotograf\u00edas para una nueva edici\u00f3n del concurso Enfoca Pamplona\",\"datePublished\":\"2023-10-02T11:38:15+00:00\",\"mainEntityOfPage\":{\"@id\":\"https:\\\/\\\/www.laguiadepamplona.com\\\/actualidad\\\/el-31-de-octubre-concluye-el-plazo-de-presentacion-de-fotografias-para-una-nueva-edicion-del-concurso-enfoca-pamplona\\\/\"},\"wordCount\":513,\"commentCount\":0,\"publisher\":{\"@id\":\"https:\\\/\\\/www.laguiadepamplona.com\\\/actualidad\\\/#organization\"},\"image\":{\"@id\":\"https:\\\/\\\/www.laguiadepamplona.com\\\/actualidad\\\/el-31-de-octubre-concluye-el-plazo-de-presentacion-de-fotografias-para-una-nueva-edicion-del-concurso-enfoca-pamplona\\\/#primaryimage\"},\"thumbnailUrl\":\"https:\\\/\\\/www.laguiadepamplona.com\\\/actualidad\\\/wp-content\\\/uploads\\\/2023\\\/10\\\/Foto-concurso-expo.jpg\",\"articleSection\":[\"Ayto Pamplona\"],\"inLanguage\":\"es\",\"potentialAction\":[{\"@type\":\"CommentAction\",\"name\":\"Comment\",\"target\":[\"https:\\\/\\\/www.laguiadepamplona.com\\\/actualidad\\\/el-31-de-octubre-concluye-el-plazo-de-presentacion-de-fotografias-para-una-nueva-edicion-del-concurso-enfoca-pamplona\\\/#respond\"]}]},{\"@type\":\"WebPage\",\"@id\":\"https:\\\/\\\/www.laguiadepamplona.com\\\/actualidad\\\/el-31-de-octubre-concluye-el-plazo-de-presentacion-de-fotografias-para-una-nueva-edicion-del-concurso-enfoca-pamplona\\\/\",\"url\":\"https:\\\/\\\/www.laguiadepamplona.com\\\/actualidad\\\/el-31-de-octubre-concluye-el-plazo-de-presentacion-de-fotografias-para-una-nueva-edicion-del-concurso-enfoca-pamplona\\\/\",\"name\":\"El 31 de octubre concluye el plazo de presentaci\u00f3n de fotograf\u00edas para una nueva edici\u00f3n del concurso Enfoca Pamplona\",\"isPartOf\":{\"@id\":\"https:\\\/\\\/www.laguiadepamplona.com\\\/actualidad\\\/#website\"},\"primaryImageOfPage\":{\"@id\":\"https:\\\/\\\/www.laguiadepamplona.com\\\/actualidad\\\/el-31-de-octubre-concluye-el-plazo-de-presentacion-de-fotografias-para-una-nueva-edicion-del-concurso-enfoca-pamplona\\\/#primaryimage\"},\"image\":{\"@id\":\"https:\\\/\\\/www.laguiadepamplona.com\\\/actualidad\\\/el-31-de-octubre-concluye-el-plazo-de-presentacion-de-fotografias-para-una-nueva-edicion-del-concurso-enfoca-pamplona\\\/#primaryimage\"},\"thumbnailUrl\":\"https:\\\/\\\/www.laguiadepamplona.com\\\/actualidad\\\/wp-content\\\/uploads\\\/2023\\\/10\\\/Foto-concurso-expo.jpg\",\"datePublished\":\"2023-10-02T11:38:15+00:00\",\"description\":\"Entre las fotos presentadas, se elegir\u00e1n tambi\u00e9n las doce im\u00e1genes que ilustrar\u00e1n el calendario municipal de 2024\",\"breadcrumb\":{\"@id\":\"https:\\\/\\\/www.laguiadepamplona.com\\\/actualidad\\\/el-31-de-octubre-concluye-el-plazo-de-presentacion-de-fotografias-para-una-nueva-edicion-del-concurso-enfoca-pamplona\\\/#breadcrumb\"},\"inLanguage\":\"es\",\"potentialAction\":[{\"@type\":\"ReadAction\",\"target\":[\"https:\\\/\\\/www.laguiadepamplona.com\\\/actualidad\\\/el-31-de-octubre-concluye-el-plazo-de-presentacion-de-fotografias-para-una-nueva-edicion-del-concurso-enfoca-pamplona\\\/\"]}]},{\"@type\":\"ImageObject\",\"inLanguage\":\"es\",\"@id\":\"https:\\\/\\\/www.laguiadepamplona.com\\\/actualidad\\\/el-31-de-octubre-concluye-el-plazo-de-presentacion-de-fotografias-para-una-nueva-edicion-del-concurso-enfoca-pamplona\\\/#primaryimage\",\"url\":\"https:\\\/\\\/www.laguiadepamplona.com\\\/actualidad\\\/wp-content\\\/uploads\\\/2023\\\/10\\\/Foto-concurso-expo.jpg\",\"contentUrl\":\"https:\\\/\\\/www.laguiadepamplona.com\\\/actualidad\\\/wp-content\\\/uploads\\\/2023\\\/10\\\/Foto-concurso-expo.jpg\",\"width\":870,\"height\":480},{\"@type\":\"BreadcrumbList\",\"@id\":\"https:\\\/\\\/www.laguiadepamplona.com\\\/actualidad\\\/el-31-de-octubre-concluye-el-plazo-de-presentacion-de-fotografias-para-una-nueva-edicion-del-concurso-enfoca-pamplona\\\/#breadcrumb\",\"itemListElement\":[{\"@type\":\"ListItem\",\"position\":1,\"name\":\"Portada\",\"item\":\"https:\\\/\\\/www.laguiadepamplona.com\\\/actualidad\\\/\"},{\"@type\":\"ListItem\",\"position\":2,\"name\":\"El 31 de octubre concluye el plazo de presentaci\u00f3n de fotograf\u00edas para una nueva edici\u00f3n del concurso Enfoca Pamplona\"}]},{\"@type\":\"WebSite\",\"@id\":\"https:\\\/\\\/www.laguiadepamplona.com\\\/actualidad\\\/#website\",\"url\":\"https:\\\/\\\/www.laguiadepamplona.com\\\/actualidad\\\/\",\"name\":\"La gu\u00eda de Pamplona\",\"description\":\"Noticias de Pamplona\",\"publisher\":{\"@id\":\"https:\\\/\\\/www.laguiadepamplona.com\\\/actualidad\\\/#organization\"},\"potentialAction\":[{\"@type\":\"SearchAction\",\"target\":{\"@type\":\"EntryPoint\",\"urlTemplate\":\"https:\\\/\\\/www.laguiadepamplona.com\\\/actualidad\\\/?s={search_term_string}\"},\"query-input\":{\"@type\":\"PropertyValueSpecification\",\"valueRequired\":true,\"valueName\":\"search_term_string\"}}],\"inLanguage\":\"es\"},{\"@type\":\"Organization\",\"@id\":\"https:\\\/\\\/www.laguiadepamplona.com\\\/actualidad\\\/#organization\",\"name\":\"La Gu\u00eda de Pamplona \\\/ Noticias\",\"url\":\"https:\\\/\\\/www.laguiadepamplona.com\\\/actualidad\\\/\",\"logo\":{\"@type\":\"ImageObject\",\"inLanguage\":\"es\",\"@id\":\"https:\\\/\\\/www.laguiadepamplona.com\\\/actualidad\\\/#\\\/schema\\\/logo\\\/image\\\/\",\"url\":\"https:\\\/\\\/www.laguiadepamplona.com\\\/actualidad\\\/wp-content\\\/uploads\\\/2018\\\/11\\\/logo-laguiadepamplona18-web1.png\",\"contentUrl\":\"https:\\\/\\\/www.laguiadepamplona.com\\\/actualidad\\\/wp-content\\\/uploads\\\/2018\\\/11\\\/logo-laguiadepamplona18-web1.png\",\"width\":600,\"height\":196,\"caption\":\"La Gu\u00eda de Pamplona \\\/ Noticias\"},\"image\":{\"@id\":\"https:\\\/\\\/www.laguiadepamplona.com\\\/actualidad\\\/#\\\/schema\\\/logo\\\/image\\\/\"},\"sameAs\":[\"https:\\\/\\\/www.facebook.com\\\/laguiadepamplonacom-133175176762273\\\/?ref=hl\",\"https:\\\/\\\/x.com\\\/LaGuiadPamplona\",\"https:\\\/\\\/www.instagram.com\\\/la_guia_de_pamplona\\\/\",\"https:\\\/\\\/www.youtube.com\\\/user\\\/laguiadepamplona\"]},{\"@type\":\"Person\",\"@id\":\"https:\\\/\\\/www.laguiadepamplona.com\\\/actualidad\\\/#\\\/schema\\\/person\\\/efe887376f0213d4657c93adc50b1fdb\",\"name\":\"La Gu\u00eda de Pamplona\",\"image\":{\"@type\":\"ImageObject\",\"inLanguage\":\"es\",\"@id\":\"https:\\\/\\\/secure.gravatar.com\\\/avatar\\\/b6992f131dc8d30ab0dff15446e9d346d9dbd95992de0fef795073f5ea83a81c?s=96&d=mm&r=g\",\"url\":\"https:\\\/\\\/secure.gravatar.com\\\/avatar\\\/b6992f131dc8d30ab0dff15446e9d346d9dbd95992de0fef795073f5ea83a81c?s=96&d=mm&r=g\",\"contentUrl\":\"https:\\\/\\\/secure.gravatar.com\\\/avatar\\\/b6992f131dc8d30ab0dff15446e9d346d9dbd95992de0fef795073f5ea83a81c?s=96&d=mm&r=g\",\"caption\":\"La Gu\u00eda de Pamplona\"}}]}<\/script>\n<!-- \/ Yoast SEO plugin. -->","yoast_head_json":{"title":"El 31 de octubre concluye el plazo de presentaci\u00f3n de fotograf\u00edas para una nueva edici\u00f3n del concurso Enfoca Pamplona","description":"Entre las fotos presentadas, se elegir\u00e1n tambi\u00e9n las doce im\u00e1genes que ilustrar\u00e1n el calendario municipal de 2024","robots":{"index":"index","follow":"follow","max-snippet":"max-snippet:-1","max-image-preview":"max-image-preview:large","max-video-preview":"max-video-preview:-1"},"canonical":"https:\/\/www.laguiadepamplona.com\/actualidad\/el-31-de-octubre-concluye-el-plazo-de-presentacion-de-fotografias-para-una-nueva-edicion-del-concurso-enfoca-pamplona\/","og_locale":"es_ES","og_type":"article","og_title":"El 31 de octubre concluye el plazo de presentaci\u00f3n de fotograf\u00edas para una nueva edici\u00f3n del concurso Enfoca Pamplona","og_description":"Entre las fotos presentadas, se elegir\u00e1n tambi\u00e9n las doce im\u00e1genes que ilustrar\u00e1n el calendario municipal de 2024","og_url":"https:\/\/www.laguiadepamplona.com\/actualidad\/el-31-de-octubre-concluye-el-plazo-de-presentacion-de-fotografias-para-una-nueva-edicion-del-concurso-enfoca-pamplona\/","og_site_name":"La Gu\u00eda de Pamplona","article_publisher":"https:\/\/www.facebook.com\/laguiadepamplonacom-133175176762273\/?ref=hl","article_published_time":"2023-10-02T11:38:15+00:00","og_image":[{"width":870,"height":480,"url":"https:\/\/www.laguiadepamplona.com\/actualidad\/wp-content\/uploads\/2023\/10\/Foto-concurso-expo.jpg","type":"image\/jpeg"}],"author":"La Gu\u00eda de Pamplona","twitter_card":"summary_large_image","twitter_creator":"@LaGuiadPamplona","twitter_site":"@LaGuiadPamplona","twitter_misc":{"Escrito por":"La Gu\u00eda de Pamplona","Tiempo de lectura":"3 minutos"},"schema":{"@context":"https:\/\/schema.org","@graph":[{"@type":"Article","@id":"https:\/\/www.laguiadepamplona.com\/actualidad\/el-31-de-octubre-concluye-el-plazo-de-presentacion-de-fotografias-para-una-nueva-edicion-del-concurso-enfoca-pamplona\/#article","isPartOf":{"@id":"https:\/\/www.laguiadepamplona.com\/actualidad\/el-31-de-octubre-concluye-el-plazo-de-presentacion-de-fotografias-para-una-nueva-edicion-del-concurso-enfoca-pamplona\/"},"author":{"name":"La Gu\u00eda de Pamplona","@id":"https:\/\/www.laguiadepamplona.com\/actualidad\/#\/schema\/person\/efe887376f0213d4657c93adc50b1fdb"},"headline":"El 31 de octubre concluye el plazo de presentaci\u00f3n de fotograf\u00edas para una nueva edici\u00f3n del concurso Enfoca Pamplona","datePublished":"2023-10-02T11:38:15+00:00","mainEntityOfPage":{"@id":"https:\/\/www.laguiadepamplona.com\/actualidad\/el-31-de-octubre-concluye-el-plazo-de-presentacion-de-fotografias-para-una-nueva-edicion-del-concurso-enfoca-pamplona\/"},"wordCount":513,"commentCount":0,"publisher":{"@id":"https:\/\/www.laguiadepamplona.com\/actualidad\/#organization"},"image":{"@id":"https:\/\/www.laguiadepamplona.com\/actualidad\/el-31-de-octubre-concluye-el-plazo-de-presentacion-de-fotografias-para-una-nueva-edicion-del-concurso-enfoca-pamplona\/#primaryimage"},"thumbnailUrl":"https:\/\/www.laguiadepamplona.com\/actualidad\/wp-content\/uploads\/2023\/10\/Foto-concurso-expo.jpg","articleSection":["Ayto Pamplona"],"inLanguage":"es","potentialAction":[{"@type":"CommentAction","name":"Comment","target":["https:\/\/www.laguiadepamplona.com\/actualidad\/el-31-de-octubre-concluye-el-plazo-de-presentacion-de-fotografias-para-una-nueva-edicion-del-concurso-enfoca-pamplona\/#respond"]}]},{"@type":"WebPage","@id":"https:\/\/www.laguiadepamplona.com\/actualidad\/el-31-de-octubre-concluye-el-plazo-de-presentacion-de-fotografias-para-una-nueva-edicion-del-concurso-enfoca-pamplona\/","url":"https:\/\/www.laguiadepamplona.com\/actualidad\/el-31-de-octubre-concluye-el-plazo-de-presentacion-de-fotografias-para-una-nueva-edicion-del-concurso-enfoca-pamplona\/","name":"El 31 de octubre concluye el plazo de presentaci\u00f3n de fotograf\u00edas para una nueva edici\u00f3n del concurso Enfoca Pamplona","isPartOf":{"@id":"https:\/\/www.laguiadepamplona.com\/actualidad\/#website"},"primaryImageOfPage":{"@id":"https:\/\/www.laguiadepamplona.com\/actualidad\/el-31-de-octubre-concluye-el-plazo-de-presentacion-de-fotografias-para-una-nueva-edicion-del-concurso-enfoca-pamplona\/#primaryimage"},"image":{"@id":"https:\/\/www.laguiadepamplona.com\/actualidad\/el-31-de-octubre-concluye-el-plazo-de-presentacion-de-fotografias-para-una-nueva-edicion-del-concurso-enfoca-pamplona\/#primaryimage"},"thumbnailUrl":"https:\/\/www.laguiadepamplona.com\/actualidad\/wp-content\/uploads\/2023\/10\/Foto-concurso-expo.jpg","datePublished":"2023-10-02T11:38:15+00:00","description":"Entre las fotos presentadas, se elegir\u00e1n tambi\u00e9n las doce im\u00e1genes que ilustrar\u00e1n el calendario municipal de 2024","breadcrumb":{"@id":"https:\/\/www.laguiadepamplona.com\/actualidad\/el-31-de-octubre-concluye-el-plazo-de-presentacion-de-fotografias-para-una-nueva-edicion-del-concurso-enfoca-pamplona\/#breadcrumb"},"inLanguage":"es","potentialAction":[{"@type":"ReadAction","target":["https:\/\/www.laguiadepamplona.com\/actualidad\/el-31-de-octubre-concluye-el-plazo-de-presentacion-de-fotografias-para-una-nueva-edicion-del-concurso-enfoca-pamplona\/"]}]},{"@type":"ImageObject","inLanguage":"es","@id":"https:\/\/www.laguiadepamplona.com\/actualidad\/el-31-de-octubre-concluye-el-plazo-de-presentacion-de-fotografias-para-una-nueva-edicion-del-concurso-enfoca-pamplona\/#primaryimage","url":"https:\/\/www.laguiadepamplona.com\/actualidad\/wp-content\/uploads\/2023\/10\/Foto-concurso-expo.jpg","contentUrl":"https:\/\/www.laguiadepamplona.com\/actualidad\/wp-content\/uploads\/2023\/10\/Foto-concurso-expo.jpg","width":870,"height":480},{"@type":"BreadcrumbList","@id":"https:\/\/www.laguiadepamplona.com\/actualidad\/el-31-de-octubre-concluye-el-plazo-de-presentacion-de-fotografias-para-una-nueva-edicion-del-concurso-enfoca-pamplona\/#breadcrumb","itemListElement":[{"@type":"ListItem","position":1,"name":"Portada","item":"https:\/\/www.laguiadepamplona.com\/actualidad\/"},{"@type":"ListItem","position":2,"name":"El 31 de octubre concluye el plazo de presentaci\u00f3n de fotograf\u00edas para una nueva edici\u00f3n del concurso Enfoca Pamplona"}]},{"@type":"WebSite","@id":"https:\/\/www.laguiadepamplona.com\/actualidad\/#website","url":"https:\/\/www.laguiadepamplona.com\/actualidad\/","name":"La gu\u00eda de Pamplona","description":"Noticias de Pamplona","publisher":{"@id":"https:\/\/www.laguiadepamplona.com\/actualidad\/#organization"},"potentialAction":[{"@type":"SearchAction","target":{"@type":"EntryPoint","urlTemplate":"https:\/\/www.laguiadepamplona.com\/actualidad\/?s={search_term_string}"},"query-input":{"@type":"PropertyValueSpecification","valueRequired":true,"valueName":"search_term_string"}}],"inLanguage":"es"},{"@type":"Organization","@id":"https:\/\/www.laguiadepamplona.com\/actualidad\/#organization","name":"La Gu\u00eda de Pamplona \/ Noticias","url":"https:\/\/www.laguiadepamplona.com\/actualidad\/","logo":{"@type":"ImageObject","inLanguage":"es","@id":"https:\/\/www.laguiadepamplona.com\/actualidad\/#\/schema\/logo\/image\/","url":"https:\/\/www.laguiadepamplona.com\/actualidad\/wp-content\/uploads\/2018\/11\/logo-laguiadepamplona18-web1.png","contentUrl":"https:\/\/www.laguiadepamplona.com\/actualidad\/wp-content\/uploads\/2018\/11\/logo-laguiadepamplona18-web1.png","width":600,"height":196,"caption":"La Gu\u00eda de Pamplona \/ Noticias"},"image":{"@id":"https:\/\/www.laguiadepamplona.com\/actualidad\/#\/schema\/logo\/image\/"},"sameAs":["https:\/\/www.facebook.com\/laguiadepamplonacom-133175176762273\/?ref=hl","https:\/\/x.com\/LaGuiadPamplona","https:\/\/www.instagram.com\/la_guia_de_pamplona\/","https:\/\/www.youtube.com\/user\/laguiadepamplona"]},{"@type":"Person","@id":"https:\/\/www.laguiadepamplona.com\/actualidad\/#\/schema\/person\/efe887376f0213d4657c93adc50b1fdb","name":"La Gu\u00eda de Pamplona","image":{"@type":"ImageObject","inLanguage":"es","@id":"https:\/\/secure.gravatar.com\/avatar\/b6992f131dc8d30ab0dff15446e9d346d9dbd95992de0fef795073f5ea83a81c?s=96&d=mm&r=g","url":"https:\/\/secure.gravatar.com\/avatar\/b6992f131dc8d30ab0dff15446e9d346d9dbd95992de0fef795073f5ea83a81c?s=96&d=mm&r=g","contentUrl":"https:\/\/secure.gravatar.com\/avatar\/b6992f131dc8d30ab0dff15446e9d346d9dbd95992de0fef795073f5ea83a81c?s=96&d=mm&r=g","caption":"La Gu\u00eda de Pamplona"}}]}},"post_mailing_queue_ids":[],"_links":{"self":[{"href":"https:\/\/www.laguiadepamplona.com\/actualidad\/wp-json\/wp\/v2\/posts\/47453","targetHints":{"allow":["GET"]}}],"collection":[{"href":"https:\/\/www.laguiadepamplona.com\/actualidad\/wp-json\/wp\/v2\/posts"}],"about":[{"href":"https:\/\/www.laguiadepamplona.com\/actualidad\/wp-json\/wp\/v2\/types\/post"}],"author":[{"embeddable":true,"href":"https:\/\/www.laguiadepamplona.com\/actualidad\/wp-json\/wp\/v2\/users\/1"}],"replies":[{"embeddable":true,"href":"https:\/\/www.laguiadepamplona.com\/actualidad\/wp-json\/wp\/v2\/comments?post=47453"}],"version-history":[{"count":1,"href":"https:\/\/www.laguiadepamplona.com\/actualidad\/wp-json\/wp\/v2\/posts\/47453\/revisions"}],"predecessor-version":[{"id":47455,"href":"https:\/\/www.laguiadepamplona.com\/actualidad\/wp-json\/wp\/v2\/posts\/47453\/revisions\/47455"}],"wp:featuredmedia":[{"embeddable":true,"href":"https:\/\/www.laguiadepamplona.com\/actualidad\/wp-json\/wp\/v2\/media\/47454"}],"wp:attachment":[{"href":"https:\/\/www.laguiadepamplona.com\/actualidad\/wp-json\/wp\/v2\/media?parent=47453"}],"wp:term":[{"taxonomy":"category","embeddable":true,"href":"https:\/\/www.laguiadepamplona.com\/actualidad\/wp-json\/wp\/v2\/categories?post=47453"},{"taxonomy":"post_tag","embeddable":true,"href":"https:\/\/www.laguiadepamplona.com\/actualidad\/wp-json\/wp\/v2\/tags?post=47453"}],"curies":[{"name":"wp","href":"https:\/\/api.w.org\/{rel}","templated":true}]}}