{"id":47450,"date":"2023-10-02T13:37:01","date_gmt":"2023-10-02T11:37:01","guid":{"rendered":"https:\/\/www.laguiadepamplona.com\/actualidad\/?p=47450"},"modified":"2023-10-02T13:37:01","modified_gmt":"2023-10-02T11:37:01","slug":"las-familias-monoparentales-de-pamplona-tendran-tarifas-bonificadas-en-un-50-para-utilizar-el-sistema-municipal-de-alquiler-de-bicicletas-electricas","status":"publish","type":"post","link":"https:\/\/www.laguiadepamplona.com\/actualidad\/las-familias-monoparentales-de-pamplona-tendran-tarifas-bonificadas-en-un-50-para-utilizar-el-sistema-municipal-de-alquiler-de-bicicletas-electricas\/","title":{"rendered":"Las familias monoparentales de Pamplona tendr\u00e1n tarifas bonificadas en un 50% para utilizar el sistema municipal de alquiler de bicicletas el\u00e9ctricas"},"content":{"rendered":"<h3>El precio para este tipo de unidades familiares se equipara as\u00ed con la tarifa de las familias numerosas<\/h3>\n<p><!--more--><\/p>\n<p>Las familias monoparentales de Pamplona tendr\u00e1n tarifas bonificadas en el uso del sistema de alquiler de bicicletas el\u00e9ctricas. Pr\u00f3ximamente, y a propuesta del Consistorio, la empresa Ride On, gestora el servicio, modificar\u00e1 la tarifa para estas familias estableciendo el abono anual en un 50% del precio actual. El precio de este tipo de unidades familiar se equipara as\u00ed con la tarifa de familias numerosas, con la de personas mayores de 50 o la juventud, y se establece en 17,50 euros al a\u00f1o. Adem\u00e1s, la empresa ofrece a lo largo del a\u00f1o distintas promociones para premiar a las personas usuarias m\u00e1s habituales del servicio.<\/p>\n<p>Esta ma\u00f1ana el concejal delegado de Educaci\u00f3n, Igualdad y Diversidad Cultural y Relaciones Ciudadanas, Participaci\u00f3n y Mayores, Carlos Salvador, ha presentado esta novedad que se suma a las medidas estrenadas este verano para de incentivar el uso de la bicicleta en los desplazamientos cotidianos y contribuir a la sostenibilidad en la ciudad. De hecho, la pasada semana fue la segunda del a\u00f1o en n\u00famero de usos registrados. Del 25 de septiembre al 1 de octubre, las bicis municipales registraron 14.908 usos que completaron 34.537 kil\u00f3metros, un dato solo superados por la semana del 24 al 30 de abril en la que se registraron 14.922 usos.<br \/>\n<script async src=\"\/\/pagead2.googlesyndication.com\/pagead\/js\/adsbygoogle.js\"><\/script><br \/>\n<!-- Noticias La Guia de Pamplona --><br \/>\n<ins class=\"adsbygoogle\"\nstyle=\"display:block\"\ndata-ad-client=\"ca-pub-6943679897239327\"\ndata-ad-slot=\"7048180777\"\ndata-ad-format=\"auto\"><\/ins><br \/>\n<script>\n(adsbygoogle = window.adsbygoogle || []).push({});\n<\/script><\/p>\n<p>Para poder acogerse a esta ayuda municipal, las personas que lo soliciten recibir\u00e1n un c\u00f3digo promocional que se introduce en la app o en la web en el momento de la compra del abono anual y el descuento se aplica de manera autom\u00e1tica, cobr\u00e1ndose la cantidad de 17,5 euros, en lugar de 35 euros. El c\u00f3digo promocional se obtiene presentando la documentaci\u00f3n que acredite la situaci\u00f3n familiaren la Oficina de Atenci\u00f3n a las personas usuarias de Ride On Pamplona (avenida de Galicia 1), en horario de 10 a 14 horas. Tambi\u00e9n se debe aportar prueba f\u00edsica que demuestre que el n\u00famero de tel\u00e9fono que usa la persona corresponde a su DNI. Para m\u00e1s informaci\u00f3n, se puede consultar la web de Ride On, llamar al tel\u00e9fono 848 670 016 o escribir al correo electr\u00f3nico <a href=\"mailto:support@rideonpamplona.com\">support@rideonpamplona.com<\/a>.<\/p>\n<p>La tarifa aprobada es el 50% del precio del abono anual general que est\u00e1 establecido en 35 euros, con un coste de desenganche del veh\u00edculo de 30 c\u00e9ntimos; las personas que son usuarios ocasionales tienen un coste de desenganche del veh\u00edculo de 1,10 euros.<br \/>\n<script async src=\"\/\/pagead2.googlesyndication.com\/pagead\/js\/adsbygoogle.js\"><\/script><br \/>\n<!-- Noticias La Guia de Pamplona --><br \/>\n<ins class=\"adsbygoogle\"\nstyle=\"display:block\"\ndata-ad-client=\"ca-pub-6943679897239327\"\ndata-ad-slot=\"7048180777\"\ndata-ad-format=\"auto\"><\/ins><br \/>\n<script>\n(adsbygoogle = window.adsbygoogle || []).push({});\n<\/script><\/p>\n<p><strong>Casi 2,2 millones de kil\u00f3metros recorridos<\/strong><\/p>\n<p>El servicio de bicicletas el\u00e9ctricas de alquiler del Ayuntamiento de Pamplona tiene registrados casi 59.000 usuarios, con 930.798 viajes realizados, y casi 2.181.000 kil\u00f3metros recorridos. Unas cifras que se remiten al inicio definitivo del servicio, en el mes de mayo de 2022. Esta iniciativa forma parte de GoGreen Pamplona, la Estrategia de Transici\u00f3n Energ\u00e9tica y Cambio Clim\u00e1tico2030, una de cuyas \u00e1reas de trabajo es la reducci\u00f3n de emisiones, especialmente del transporte privado, adem\u00e1s de la mejora de la eficiencia energ\u00e9tica, para convertir Pamplona en una ciudad m\u00e1s verde y sostenible.<\/p>\n<p>Las bicicletas de alquiler, junto a los casi 14 kil\u00f3metros de carril bici y las 2.500 plazas que se ofrecen en 9 aparcamientos disuasorios, contribuyen a esa movilidad sostenible, con una menor utilizaci\u00f3n del veh\u00edculo particular en el n\u00facleo urbano. De hecho, los 8 aforadores instalados en la ciudad en el acumulado desde que comenz\u00f3 el servicio ha contabilizados m\u00e1s de 3,5 millones de pasos de bicicletas.<\/p>\n<p>&nbsp;<br \/>\n<script async src=\"\/\/pagead2.googlesyndication.com\/pagead\/js\/adsbygoogle.js\"><\/script><br \/>\n<!-- Noticias La Guia de Pamplona --><br \/>\n<ins class=\"adsbygoogle\"\nstyle=\"display:block\"\ndata-ad-client=\"ca-pub-6943679897239327\"\ndata-ad-slot=\"7048180777\"\ndata-ad-format=\"auto\"><\/ins><br \/>\n<script>\n(adsbygoogle = window.adsbygoogle || []).push({});\n<\/script><\/p>\n<p><strong>Tarifas del Servicio de Alquiler de Bicicletas El\u00e9ctricas<\/strong><\/p>\n<p>&nbsp;<\/p>\n<p><strong>TARIFAS PARA FAMILIAS MONOPARENTALES Y NUMEROSAS, MAYORES DE 50 A\u00d1OS Y MENORES DE 31 A\u00d1OS<\/strong><\/p>\n<ul>\n<li>El Ayuntamiento de Pamplona financia el 50% del abono (17,50 \u20ac)\n<ul>\n<li>Estos abonos se obtienen en las oficinas de Ride On, presentando el DNI<\/li>\n<li>Lugar: Avenida de Galicia 1. Horario: de 10 a 14, de lunes a viernes<\/li>\n<li>M\u00e1s informaci\u00f3n en la <a href=\"https:\/\/rideonpamplona.com\/\" target=\"_blank\" rel=\"noopener\">p\u00e1gina web<\/a> de Ride On, el tel\u00e9fono 848 670 016 y el correo electr\u00f3nico <a href=\"mailto:support@rideonpamplona.com\">support@rideonpamplona.com<\/a><\/li>\n<\/ul>\n<\/li>\n<\/ul>\n<p>&nbsp;<\/p>\n<p><strong>TARIFAS PARA ABONADOS<\/strong><\/p>\n<ul>\n<li>Precio de abono anual: 35 euros<\/li>\n<li>Tarifa de desbloqueo: 0,30 euros<\/li>\n<li>El resto de tarifas se mantienen sin cambios:\n<ul>\n<li>Precio del abono mensual: 15 euros<\/li>\n<li>Tarifa de 0 a 20 minutos: 0 euros<\/li>\n<li>Tarifa de 21 a 30 minutos: 2,5 c\u00e9ntimos de euro el minuto<\/li>\n<li>Tarifa de 31 a 60 minutos: 3 c\u00e9ntimos de euro el minuto<\/li>\n<li>Tarifa por encima de 60 minutos: 8 c\u00e9ntimos de euro el minuto<\/li>\n<\/ul>\n<\/li>\n<\/ul>\n<p>&nbsp;<\/p>\n<p><strong>TARIFAS PARA USUARIOS OCASIONALES<\/strong><\/p>\n<ul>\n<li>Tarifa de desbloqueo: 1,10 euros<\/li>\n<li>El resto de tarifas:\n<ul>\n<li>Tarifa de 0 a 20 minutos: 0 euros<\/li>\n<li>Tarifa de 21 a 30 minutos: 4 c\u00e9ntimos de euro el minuto<\/li>\n<li>Tarifa de 31 a 60 minutos: 6 c\u00e9ntimos de euro el minuto<\/li>\n<li>Tarifa por encima de 60 minutos: 10 c\u00e9ntimos de euro el minuto<\/li>\n<\/ul>\n<\/li>\n<\/ul>\n","protected":false},"excerpt":{"rendered":"<p>El precio para este tipo de unidades familiares se equipara as\u00ed con la tarifa de las familias numerosas<\/p>\n","protected":false},"author":1,"featured_media":47451,"comment_status":"open","ping_status":"closed","sticky":false,"template":"","format":"standard","meta":{"footnotes":""},"categories":[2],"tags":[],"class_list":["post-47450","post","type-post","status-publish","format-standard","has-post-thumbnail","hentry","category-ayuntamiento-pamplona"],"yoast_head":"<!-- This site is optimized with the Yoast SEO plugin v27.3 - https:\/\/yoast.com\/product\/yoast-seo-wordpress\/ -->\n<title>Las familias monoparentales de Pamplona tendr\u00e1n tarifas bonificadas en un 50% para utilizar el sistema municipal de alquiler de bicicletas el\u00e9ctricas<\/title>\n<meta name=\"description\" content=\"El precio para este tipo de unidades familiares se equipara as\u00ed con la tarifa de las familias numerosas\" \/>\n<meta name=\"robots\" content=\"index, follow, max-snippet:-1, max-image-preview:large, max-video-preview:-1\" \/>\n<link rel=\"canonical\" href=\"https:\/\/www.laguiadepamplona.com\/actualidad\/las-familias-monoparentales-de-pamplona-tendran-tarifas-bonificadas-en-un-50-para-utilizar-el-sistema-municipal-de-alquiler-de-bicicletas-electricas\/\" \/>\n<meta property=\"og:locale\" content=\"es_ES\" \/>\n<meta property=\"og:type\" content=\"article\" \/>\n<meta property=\"og:title\" content=\"Las familias monoparentales de Pamplona tendr\u00e1n tarifas bonificadas en un 50% para utilizar el sistema municipal de alquiler de bicicletas el\u00e9ctricas\" \/>\n<meta property=\"og:description\" content=\"El precio para este tipo de unidades familiares se equipara as\u00ed con la tarifa de las familias numerosas\" \/>\n<meta property=\"og:url\" content=\"https:\/\/www.laguiadepamplona.com\/actualidad\/las-familias-monoparentales-de-pamplona-tendran-tarifas-bonificadas-en-un-50-para-utilizar-el-sistema-municipal-de-alquiler-de-bicicletas-electricas\/\" \/>\n<meta property=\"og:site_name\" content=\"La Gu\u00eda de Pamplona\" \/>\n<meta property=\"article:publisher\" content=\"https:\/\/www.facebook.com\/laguiadepamplonacom-133175176762273\/?ref=hl\" \/>\n<meta property=\"article:published_time\" content=\"2023-10-02T11:37:01+00:00\" \/>\n<meta property=\"og:image\" content=\"https:\/\/www.laguiadepamplona.com\/actualidad\/wp-content\/uploads\/2023\/10\/bicis_0_0.webp\" \/>\n\t<meta property=\"og:image:width\" content=\"1080\" \/>\n\t<meta property=\"og:image:height\" content=\"1021\" \/>\n\t<meta property=\"og:image:type\" content=\"image\/webp\" \/>\n<meta name=\"author\" content=\"La Gu\u00eda de Pamplona\" \/>\n<meta name=\"twitter:card\" content=\"summary_large_image\" \/>\n<meta name=\"twitter:creator\" content=\"@LaGuiadPamplona\" \/>\n<meta name=\"twitter:site\" content=\"@LaGuiadPamplona\" \/>\n<meta name=\"twitter:label1\" content=\"Escrito por\" \/>\n\t<meta name=\"twitter:data1\" content=\"La Gu\u00eda de Pamplona\" \/>\n\t<meta name=\"twitter:label2\" content=\"Tiempo de lectura\" \/>\n\t<meta name=\"twitter:data2\" content=\"4 minutos\" \/>\n<script type=\"application\/ld+json\" class=\"yoast-schema-graph\">{\"@context\":\"https:\\\/\\\/schema.org\",\"@graph\":[{\"@type\":\"Article\",\"@id\":\"https:\\\/\\\/www.laguiadepamplona.com\\\/actualidad\\\/las-familias-monoparentales-de-pamplona-tendran-tarifas-bonificadas-en-un-50-para-utilizar-el-sistema-municipal-de-alquiler-de-bicicletas-electricas\\\/#article\",\"isPartOf\":{\"@id\":\"https:\\\/\\\/www.laguiadepamplona.com\\\/actualidad\\\/las-familias-monoparentales-de-pamplona-tendran-tarifas-bonificadas-en-un-50-para-utilizar-el-sistema-municipal-de-alquiler-de-bicicletas-electricas\\\/\"},\"author\":{\"name\":\"La Gu\u00eda de Pamplona\",\"@id\":\"https:\\\/\\\/www.laguiadepamplona.com\\\/actualidad\\\/#\\\/schema\\\/person\\\/efe887376f0213d4657c93adc50b1fdb\"},\"headline\":\"Las familias monoparentales de Pamplona tendr\u00e1n tarifas bonificadas en un 50% para utilizar el sistema municipal de alquiler de bicicletas el\u00e9ctricas\",\"datePublished\":\"2023-10-02T11:37:01+00:00\",\"mainEntityOfPage\":{\"@id\":\"https:\\\/\\\/www.laguiadepamplona.com\\\/actualidad\\\/las-familias-monoparentales-de-pamplona-tendran-tarifas-bonificadas-en-un-50-para-utilizar-el-sistema-municipal-de-alquiler-de-bicicletas-electricas\\\/\"},\"wordCount\":798,\"commentCount\":0,\"publisher\":{\"@id\":\"https:\\\/\\\/www.laguiadepamplona.com\\\/actualidad\\\/#organization\"},\"image\":{\"@id\":\"https:\\\/\\\/www.laguiadepamplona.com\\\/actualidad\\\/las-familias-monoparentales-de-pamplona-tendran-tarifas-bonificadas-en-un-50-para-utilizar-el-sistema-municipal-de-alquiler-de-bicicletas-electricas\\\/#primaryimage\"},\"thumbnailUrl\":\"https:\\\/\\\/www.laguiadepamplona.com\\\/actualidad\\\/wp-content\\\/uploads\\\/2023\\\/10\\\/bicis_0_0.webp\",\"articleSection\":[\"Ayto Pamplona\"],\"inLanguage\":\"es\",\"potentialAction\":[{\"@type\":\"CommentAction\",\"name\":\"Comment\",\"target\":[\"https:\\\/\\\/www.laguiadepamplona.com\\\/actualidad\\\/las-familias-monoparentales-de-pamplona-tendran-tarifas-bonificadas-en-un-50-para-utilizar-el-sistema-municipal-de-alquiler-de-bicicletas-electricas\\\/#respond\"]}]},{\"@type\":\"WebPage\",\"@id\":\"https:\\\/\\\/www.laguiadepamplona.com\\\/actualidad\\\/las-familias-monoparentales-de-pamplona-tendran-tarifas-bonificadas-en-un-50-para-utilizar-el-sistema-municipal-de-alquiler-de-bicicletas-electricas\\\/\",\"url\":\"https:\\\/\\\/www.laguiadepamplona.com\\\/actualidad\\\/las-familias-monoparentales-de-pamplona-tendran-tarifas-bonificadas-en-un-50-para-utilizar-el-sistema-municipal-de-alquiler-de-bicicletas-electricas\\\/\",\"name\":\"Las familias monoparentales de Pamplona tendr\u00e1n tarifas bonificadas en un 50% para utilizar el sistema municipal de alquiler de bicicletas el\u00e9ctricas\",\"isPartOf\":{\"@id\":\"https:\\\/\\\/www.laguiadepamplona.com\\\/actualidad\\\/#website\"},\"primaryImageOfPage\":{\"@id\":\"https:\\\/\\\/www.laguiadepamplona.com\\\/actualidad\\\/las-familias-monoparentales-de-pamplona-tendran-tarifas-bonificadas-en-un-50-para-utilizar-el-sistema-municipal-de-alquiler-de-bicicletas-electricas\\\/#primaryimage\"},\"image\":{\"@id\":\"https:\\\/\\\/www.laguiadepamplona.com\\\/actualidad\\\/las-familias-monoparentales-de-pamplona-tendran-tarifas-bonificadas-en-un-50-para-utilizar-el-sistema-municipal-de-alquiler-de-bicicletas-electricas\\\/#primaryimage\"},\"thumbnailUrl\":\"https:\\\/\\\/www.laguiadepamplona.com\\\/actualidad\\\/wp-content\\\/uploads\\\/2023\\\/10\\\/bicis_0_0.webp\",\"datePublished\":\"2023-10-02T11:37:01+00:00\",\"description\":\"El precio para este tipo de unidades familiares se equipara as\u00ed con la tarifa de las familias numerosas\",\"breadcrumb\":{\"@id\":\"https:\\\/\\\/www.laguiadepamplona.com\\\/actualidad\\\/las-familias-monoparentales-de-pamplona-tendran-tarifas-bonificadas-en-un-50-para-utilizar-el-sistema-municipal-de-alquiler-de-bicicletas-electricas\\\/#breadcrumb\"},\"inLanguage\":\"es\",\"potentialAction\":[{\"@type\":\"ReadAction\",\"target\":[\"https:\\\/\\\/www.laguiadepamplona.com\\\/actualidad\\\/las-familias-monoparentales-de-pamplona-tendran-tarifas-bonificadas-en-un-50-para-utilizar-el-sistema-municipal-de-alquiler-de-bicicletas-electricas\\\/\"]}]},{\"@type\":\"ImageObject\",\"inLanguage\":\"es\",\"@id\":\"https:\\\/\\\/www.laguiadepamplona.com\\\/actualidad\\\/las-familias-monoparentales-de-pamplona-tendran-tarifas-bonificadas-en-un-50-para-utilizar-el-sistema-municipal-de-alquiler-de-bicicletas-electricas\\\/#primaryimage\",\"url\":\"https:\\\/\\\/www.laguiadepamplona.com\\\/actualidad\\\/wp-content\\\/uploads\\\/2023\\\/10\\\/bicis_0_0.webp\",\"contentUrl\":\"https:\\\/\\\/www.laguiadepamplona.com\\\/actualidad\\\/wp-content\\\/uploads\\\/2023\\\/10\\\/bicis_0_0.webp\",\"width\":1080,\"height\":1021},{\"@type\":\"BreadcrumbList\",\"@id\":\"https:\\\/\\\/www.laguiadepamplona.com\\\/actualidad\\\/las-familias-monoparentales-de-pamplona-tendran-tarifas-bonificadas-en-un-50-para-utilizar-el-sistema-municipal-de-alquiler-de-bicicletas-electricas\\\/#breadcrumb\",\"itemListElement\":[{\"@type\":\"ListItem\",\"position\":1,\"name\":\"Portada\",\"item\":\"https:\\\/\\\/www.laguiadepamplona.com\\\/actualidad\\\/\"},{\"@type\":\"ListItem\",\"position\":2,\"name\":\"Las familias monoparentales de Pamplona tendr\u00e1n tarifas bonificadas en un 50% para utilizar el sistema municipal de alquiler de bicicletas el\u00e9ctricas\"}]},{\"@type\":\"WebSite\",\"@id\":\"https:\\\/\\\/www.laguiadepamplona.com\\\/actualidad\\\/#website\",\"url\":\"https:\\\/\\\/www.laguiadepamplona.com\\\/actualidad\\\/\",\"name\":\"La gu\u00eda de Pamplona\",\"description\":\"Noticias de Pamplona\",\"publisher\":{\"@id\":\"https:\\\/\\\/www.laguiadepamplona.com\\\/actualidad\\\/#organization\"},\"potentialAction\":[{\"@type\":\"SearchAction\",\"target\":{\"@type\":\"EntryPoint\",\"urlTemplate\":\"https:\\\/\\\/www.laguiadepamplona.com\\\/actualidad\\\/?s={search_term_string}\"},\"query-input\":{\"@type\":\"PropertyValueSpecification\",\"valueRequired\":true,\"valueName\":\"search_term_string\"}}],\"inLanguage\":\"es\"},{\"@type\":\"Organization\",\"@id\":\"https:\\\/\\\/www.laguiadepamplona.com\\\/actualidad\\\/#organization\",\"name\":\"La Gu\u00eda de Pamplona \\\/ Noticias\",\"url\":\"https:\\\/\\\/www.laguiadepamplona.com\\\/actualidad\\\/\",\"logo\":{\"@type\":\"ImageObject\",\"inLanguage\":\"es\",\"@id\":\"https:\\\/\\\/www.laguiadepamplona.com\\\/actualidad\\\/#\\\/schema\\\/logo\\\/image\\\/\",\"url\":\"https:\\\/\\\/www.laguiadepamplona.com\\\/actualidad\\\/wp-content\\\/uploads\\\/2018\\\/11\\\/logo-laguiadepamplona18-web1.png\",\"contentUrl\":\"https:\\\/\\\/www.laguiadepamplona.com\\\/actualidad\\\/wp-content\\\/uploads\\\/2018\\\/11\\\/logo-laguiadepamplona18-web1.png\",\"width\":600,\"height\":196,\"caption\":\"La Gu\u00eda de Pamplona \\\/ Noticias\"},\"image\":{\"@id\":\"https:\\\/\\\/www.laguiadepamplona.com\\\/actualidad\\\/#\\\/schema\\\/logo\\\/image\\\/\"},\"sameAs\":[\"https:\\\/\\\/www.facebook.com\\\/laguiadepamplonacom-133175176762273\\\/?ref=hl\",\"https:\\\/\\\/x.com\\\/LaGuiadPamplona\",\"https:\\\/\\\/www.instagram.com\\\/la_guia_de_pamplona\\\/\",\"https:\\\/\\\/www.youtube.com\\\/user\\\/laguiadepamplona\"]},{\"@type\":\"Person\",\"@id\":\"https:\\\/\\\/www.laguiadepamplona.com\\\/actualidad\\\/#\\\/schema\\\/person\\\/efe887376f0213d4657c93adc50b1fdb\",\"name\":\"La Gu\u00eda de Pamplona\",\"image\":{\"@type\":\"ImageObject\",\"inLanguage\":\"es\",\"@id\":\"https:\\\/\\\/secure.gravatar.com\\\/avatar\\\/b6992f131dc8d30ab0dff15446e9d346d9dbd95992de0fef795073f5ea83a81c?s=96&d=mm&r=g\",\"url\":\"https:\\\/\\\/secure.gravatar.com\\\/avatar\\\/b6992f131dc8d30ab0dff15446e9d346d9dbd95992de0fef795073f5ea83a81c?s=96&d=mm&r=g\",\"contentUrl\":\"https:\\\/\\\/secure.gravatar.com\\\/avatar\\\/b6992f131dc8d30ab0dff15446e9d346d9dbd95992de0fef795073f5ea83a81c?s=96&d=mm&r=g\",\"caption\":\"La Gu\u00eda de Pamplona\"}}]}<\/script>\n<!-- \/ Yoast SEO plugin. -->","yoast_head_json":{"title":"Las familias monoparentales de Pamplona tendr\u00e1n tarifas bonificadas en un 50% para utilizar el sistema municipal de alquiler de bicicletas el\u00e9ctricas","description":"El precio para este tipo de unidades familiares se equipara as\u00ed con la tarifa de las familias numerosas","robots":{"index":"index","follow":"follow","max-snippet":"max-snippet:-1","max-image-preview":"max-image-preview:large","max-video-preview":"max-video-preview:-1"},"canonical":"https:\/\/www.laguiadepamplona.com\/actualidad\/las-familias-monoparentales-de-pamplona-tendran-tarifas-bonificadas-en-un-50-para-utilizar-el-sistema-municipal-de-alquiler-de-bicicletas-electricas\/","og_locale":"es_ES","og_type":"article","og_title":"Las familias monoparentales de Pamplona tendr\u00e1n tarifas bonificadas en un 50% para utilizar el sistema municipal de alquiler de bicicletas el\u00e9ctricas","og_description":"El precio para este tipo de unidades familiares se equipara as\u00ed con la tarifa de las familias numerosas","og_url":"https:\/\/www.laguiadepamplona.com\/actualidad\/las-familias-monoparentales-de-pamplona-tendran-tarifas-bonificadas-en-un-50-para-utilizar-el-sistema-municipal-de-alquiler-de-bicicletas-electricas\/","og_site_name":"La Gu\u00eda de Pamplona","article_publisher":"https:\/\/www.facebook.com\/laguiadepamplonacom-133175176762273\/?ref=hl","article_published_time":"2023-10-02T11:37:01+00:00","og_image":[{"width":1080,"height":1021,"url":"https:\/\/www.laguiadepamplona.com\/actualidad\/wp-content\/uploads\/2023\/10\/bicis_0_0.webp","type":"image\/webp"}],"author":"La Gu\u00eda de Pamplona","twitter_card":"summary_large_image","twitter_creator":"@LaGuiadPamplona","twitter_site":"@LaGuiadPamplona","twitter_misc":{"Escrito por":"La Gu\u00eda de Pamplona","Tiempo de lectura":"4 minutos"},"schema":{"@context":"https:\/\/schema.org","@graph":[{"@type":"Article","@id":"https:\/\/www.laguiadepamplona.com\/actualidad\/las-familias-monoparentales-de-pamplona-tendran-tarifas-bonificadas-en-un-50-para-utilizar-el-sistema-municipal-de-alquiler-de-bicicletas-electricas\/#article","isPartOf":{"@id":"https:\/\/www.laguiadepamplona.com\/actualidad\/las-familias-monoparentales-de-pamplona-tendran-tarifas-bonificadas-en-un-50-para-utilizar-el-sistema-municipal-de-alquiler-de-bicicletas-electricas\/"},"author":{"name":"La Gu\u00eda de Pamplona","@id":"https:\/\/www.laguiadepamplona.com\/actualidad\/#\/schema\/person\/efe887376f0213d4657c93adc50b1fdb"},"headline":"Las familias monoparentales de Pamplona tendr\u00e1n tarifas bonificadas en un 50% para utilizar el sistema municipal de alquiler de bicicletas el\u00e9ctricas","datePublished":"2023-10-02T11:37:01+00:00","mainEntityOfPage":{"@id":"https:\/\/www.laguiadepamplona.com\/actualidad\/las-familias-monoparentales-de-pamplona-tendran-tarifas-bonificadas-en-un-50-para-utilizar-el-sistema-municipal-de-alquiler-de-bicicletas-electricas\/"},"wordCount":798,"commentCount":0,"publisher":{"@id":"https:\/\/www.laguiadepamplona.com\/actualidad\/#organization"},"image":{"@id":"https:\/\/www.laguiadepamplona.com\/actualidad\/las-familias-monoparentales-de-pamplona-tendran-tarifas-bonificadas-en-un-50-para-utilizar-el-sistema-municipal-de-alquiler-de-bicicletas-electricas\/#primaryimage"},"thumbnailUrl":"https:\/\/www.laguiadepamplona.com\/actualidad\/wp-content\/uploads\/2023\/10\/bicis_0_0.webp","articleSection":["Ayto Pamplona"],"inLanguage":"es","potentialAction":[{"@type":"CommentAction","name":"Comment","target":["https:\/\/www.laguiadepamplona.com\/actualidad\/las-familias-monoparentales-de-pamplona-tendran-tarifas-bonificadas-en-un-50-para-utilizar-el-sistema-municipal-de-alquiler-de-bicicletas-electricas\/#respond"]}]},{"@type":"WebPage","@id":"https:\/\/www.laguiadepamplona.com\/actualidad\/las-familias-monoparentales-de-pamplona-tendran-tarifas-bonificadas-en-un-50-para-utilizar-el-sistema-municipal-de-alquiler-de-bicicletas-electricas\/","url":"https:\/\/www.laguiadepamplona.com\/actualidad\/las-familias-monoparentales-de-pamplona-tendran-tarifas-bonificadas-en-un-50-para-utilizar-el-sistema-municipal-de-alquiler-de-bicicletas-electricas\/","name":"Las familias monoparentales de Pamplona tendr\u00e1n tarifas bonificadas en un 50% para utilizar el sistema municipal de alquiler de bicicletas el\u00e9ctricas","isPartOf":{"@id":"https:\/\/www.laguiadepamplona.com\/actualidad\/#website"},"primaryImageOfPage":{"@id":"https:\/\/www.laguiadepamplona.com\/actualidad\/las-familias-monoparentales-de-pamplona-tendran-tarifas-bonificadas-en-un-50-para-utilizar-el-sistema-municipal-de-alquiler-de-bicicletas-electricas\/#primaryimage"},"image":{"@id":"https:\/\/www.laguiadepamplona.com\/actualidad\/las-familias-monoparentales-de-pamplona-tendran-tarifas-bonificadas-en-un-50-para-utilizar-el-sistema-municipal-de-alquiler-de-bicicletas-electricas\/#primaryimage"},"thumbnailUrl":"https:\/\/www.laguiadepamplona.com\/actualidad\/wp-content\/uploads\/2023\/10\/bicis_0_0.webp","datePublished":"2023-10-02T11:37:01+00:00","description":"El precio para este tipo de unidades familiares se equipara as\u00ed con la tarifa de las familias numerosas","breadcrumb":{"@id":"https:\/\/www.laguiadepamplona.com\/actualidad\/las-familias-monoparentales-de-pamplona-tendran-tarifas-bonificadas-en-un-50-para-utilizar-el-sistema-municipal-de-alquiler-de-bicicletas-electricas\/#breadcrumb"},"inLanguage":"es","potentialAction":[{"@type":"ReadAction","target":["https:\/\/www.laguiadepamplona.com\/actualidad\/las-familias-monoparentales-de-pamplona-tendran-tarifas-bonificadas-en-un-50-para-utilizar-el-sistema-municipal-de-alquiler-de-bicicletas-electricas\/"]}]},{"@type":"ImageObject","inLanguage":"es","@id":"https:\/\/www.laguiadepamplona.com\/actualidad\/las-familias-monoparentales-de-pamplona-tendran-tarifas-bonificadas-en-un-50-para-utilizar-el-sistema-municipal-de-alquiler-de-bicicletas-electricas\/#primaryimage","url":"https:\/\/www.laguiadepamplona.com\/actualidad\/wp-content\/uploads\/2023\/10\/bicis_0_0.webp","contentUrl":"https:\/\/www.laguiadepamplona.com\/actualidad\/wp-content\/uploads\/2023\/10\/bicis_0_0.webp","width":1080,"height":1021},{"@type":"BreadcrumbList","@id":"https:\/\/www.laguiadepamplona.com\/actualidad\/las-familias-monoparentales-de-pamplona-tendran-tarifas-bonificadas-en-un-50-para-utilizar-el-sistema-municipal-de-alquiler-de-bicicletas-electricas\/#breadcrumb","itemListElement":[{"@type":"ListItem","position":1,"name":"Portada","item":"https:\/\/www.laguiadepamplona.com\/actualidad\/"},{"@type":"ListItem","position":2,"name":"Las familias monoparentales de Pamplona tendr\u00e1n tarifas bonificadas en un 50% para utilizar el sistema municipal de alquiler de bicicletas el\u00e9ctricas"}]},{"@type":"WebSite","@id":"https:\/\/www.laguiadepamplona.com\/actualidad\/#website","url":"https:\/\/www.laguiadepamplona.com\/actualidad\/","name":"La gu\u00eda de Pamplona","description":"Noticias de Pamplona","publisher":{"@id":"https:\/\/www.laguiadepamplona.com\/actualidad\/#organization"},"potentialAction":[{"@type":"SearchAction","target":{"@type":"EntryPoint","urlTemplate":"https:\/\/www.laguiadepamplona.com\/actualidad\/?s={search_term_string}"},"query-input":{"@type":"PropertyValueSpecification","valueRequired":true,"valueName":"search_term_string"}}],"inLanguage":"es"},{"@type":"Organization","@id":"https:\/\/www.laguiadepamplona.com\/actualidad\/#organization","name":"La Gu\u00eda de Pamplona \/ Noticias","url":"https:\/\/www.laguiadepamplona.com\/actualidad\/","logo":{"@type":"ImageObject","inLanguage":"es","@id":"https:\/\/www.laguiadepamplona.com\/actualidad\/#\/schema\/logo\/image\/","url":"https:\/\/www.laguiadepamplona.com\/actualidad\/wp-content\/uploads\/2018\/11\/logo-laguiadepamplona18-web1.png","contentUrl":"https:\/\/www.laguiadepamplona.com\/actualidad\/wp-content\/uploads\/2018\/11\/logo-laguiadepamplona18-web1.png","width":600,"height":196,"caption":"La Gu\u00eda de Pamplona \/ Noticias"},"image":{"@id":"https:\/\/www.laguiadepamplona.com\/actualidad\/#\/schema\/logo\/image\/"},"sameAs":["https:\/\/www.facebook.com\/laguiadepamplonacom-133175176762273\/?ref=hl","https:\/\/x.com\/LaGuiadPamplona","https:\/\/www.instagram.com\/la_guia_de_pamplona\/","https:\/\/www.youtube.com\/user\/laguiadepamplona"]},{"@type":"Person","@id":"https:\/\/www.laguiadepamplona.com\/actualidad\/#\/schema\/person\/efe887376f0213d4657c93adc50b1fdb","name":"La Gu\u00eda de Pamplona","image":{"@type":"ImageObject","inLanguage":"es","@id":"https:\/\/secure.gravatar.com\/avatar\/b6992f131dc8d30ab0dff15446e9d346d9dbd95992de0fef795073f5ea83a81c?s=96&d=mm&r=g","url":"https:\/\/secure.gravatar.com\/avatar\/b6992f131dc8d30ab0dff15446e9d346d9dbd95992de0fef795073f5ea83a81c?s=96&d=mm&r=g","contentUrl":"https:\/\/secure.gravatar.com\/avatar\/b6992f131dc8d30ab0dff15446e9d346d9dbd95992de0fef795073f5ea83a81c?s=96&d=mm&r=g","caption":"La Gu\u00eda de Pamplona"}}]}},"post_mailing_queue_ids":[],"_links":{"self":[{"href":"https:\/\/www.laguiadepamplona.com\/actualidad\/wp-json\/wp\/v2\/posts\/47450","targetHints":{"allow":["GET"]}}],"collection":[{"href":"https:\/\/www.laguiadepamplona.com\/actualidad\/wp-json\/wp\/v2\/posts"}],"about":[{"href":"https:\/\/www.laguiadepamplona.com\/actualidad\/wp-json\/wp\/v2\/types\/post"}],"author":[{"embeddable":true,"href":"https:\/\/www.laguiadepamplona.com\/actualidad\/wp-json\/wp\/v2\/users\/1"}],"replies":[{"embeddable":true,"href":"https:\/\/www.laguiadepamplona.com\/actualidad\/wp-json\/wp\/v2\/comments?post=47450"}],"version-history":[{"count":1,"href":"https:\/\/www.laguiadepamplona.com\/actualidad\/wp-json\/wp\/v2\/posts\/47450\/revisions"}],"predecessor-version":[{"id":47452,"href":"https:\/\/www.laguiadepamplona.com\/actualidad\/wp-json\/wp\/v2\/posts\/47450\/revisions\/47452"}],"wp:featuredmedia":[{"embeddable":true,"href":"https:\/\/www.laguiadepamplona.com\/actualidad\/wp-json\/wp\/v2\/media\/47451"}],"wp:attachment":[{"href":"https:\/\/www.laguiadepamplona.com\/actualidad\/wp-json\/wp\/v2\/media?parent=47450"}],"wp:term":[{"taxonomy":"category","embeddable":true,"href":"https:\/\/www.laguiadepamplona.com\/actualidad\/wp-json\/wp\/v2\/categories?post=47450"},{"taxonomy":"post_tag","embeddable":true,"href":"https:\/\/www.laguiadepamplona.com\/actualidad\/wp-json\/wp\/v2\/tags?post=47450"}],"curies":[{"name":"wp","href":"https:\/\/api.w.org\/{rel}","templated":true}]}}