{"id":47444,"date":"2023-09-26T18:24:10","date_gmt":"2023-09-26T16:24:10","guid":{"rendered":"https:\/\/www.laguiadepamplona.com\/actualidad\/?p=47444"},"modified":"2023-09-26T18:24:10","modified_gmt":"2023-09-26T16:24:10","slug":"el-ayuntamiento-se-centrara-en-extender-la-cultura-a-todos-los-barrios-a-traves-propuestas-variadas-de-musica-y-arte","status":"publish","type":"post","link":"https:\/\/www.laguiadepamplona.com\/actualidad\/el-ayuntamiento-se-centrara-en-extender-la-cultura-a-todos-los-barrios-a-traves-propuestas-variadas-de-musica-y-arte\/","title":{"rendered":"El Ayuntamiento se centrar\u00e1 en extender la cultura a todos los barrios a trav\u00e9s propuestas variadas de m\u00fasica y arte"},"content":{"rendered":"<h3>La ciudad acoger\u00e1 un Festival Urbano y buscar\u00e1 atender a todas las sensibilidades musicales en su programaci\u00f3n anual<\/h3>\n<p><!--more--><\/p>\n<p>Descongestionar el Casco Antiguo y extender la oferta cultural y art\u00edstica a todos los barrios de Pamplona es el objetivo que persigue el \u00e1rea de Cultura del Ayuntamiento de Pamplona en la presente legislatura. Para ello, potenciar\u00e1 ciclos y propuestas como \u2018Vermuteando por Pamplona\u2019, una iniciativa que ha arrancado este mes de septiembre y con la que se propone amenizar con m\u00fasica rincones y plazas de los distintos barrios de la ciudad a la hora del vermut. Para promover una oferta cultural acorde a las necesidades y demandas de cada zona de la ciudad, el Ayuntamiento se reunir\u00e1 con los diferentes barrios, donde recoger\u00e1 sugerencias y peticiones que puedan completar la propuesta cultural de Pamplona.<\/p>\n<p>La concejala delegada de Cultura, Clara Garc\u00eda-Vali\u00f1o, ha trasladado estos objetivos a los miembros de la corporaci\u00f3n municipal durante su comparecencia, a petici\u00f3n propia, ante la Comisi\u00f3n de Asuntos Ciudadanos. En ella, ha destacado la necesidad de cuidar e incrementar los diferentes espacios esc\u00e9nicos de la ciudad y de hacerlo de forma participativa. Adem\u00e1s, ha recalcado la importancia de que las programaciones que se hagan desde el Consistorio atiendan a la oferta ling\u00fc\u00edstica, a la paridad, a la igualdad y la diversidad de estilos.<\/p>\n<p>Para todo ello, adem\u00e1s de mantener y actualizar programas y ciclos con largo recorrido, como el Festival de las Murallas, Yamaguchi Torii o el festival de M\u00fasica Sacra, se buscar\u00e1 reforzar iniciativas como el Flamenco On Fire y la programaci\u00f3n navide\u00f1a, incluyendo conciertos de formaciones locales en distintos puntos de Pamplona. Adem\u00e1s, se incidir\u00e1 en la figura de los Civivox, como catalizadores de las necesidades concretas de cada barrio, ofreciendo programaci\u00f3n acorde a las caracter\u00edsticas de su vecindario.\u00a0 En este sentido, se ampliar\u00e1 y mejorar\u00e1 la programaci\u00f3n, promoviendo m\u00e1s actividades para j\u00f3venes y mayores. La red Civivox, de hecho, se ampliar\u00e1 con el nuevo Civivox del Ensanche, en el antiguo solar de Salesianos, que contar\u00e1 con un auditorio para m\u00e1s de 400 personas, dos salas de exposiciones, dedicadas a Javier Ciga y a Pablo Sarasate, y diversas salas de actividades.<br \/>\n<script async src=\"\/\/pagead2.googlesyndication.com\/pagead\/js\/adsbygoogle.js\"><\/script><br \/>\n<!-- Noticias La Guia de Pamplona --><br \/>\n<ins class=\"adsbygoogle\"\nstyle=\"display:block\"\ndata-ad-client=\"ca-pub-6943679897239327\"\ndata-ad-slot=\"7048180777\"\ndata-ad-format=\"auto\"><\/ins><br \/>\n<script>\n(adsbygoogle = window.adsbygoogle || []).push({});\n<\/script><\/p>\n<p><strong>Festival urbano y ventanilla de atenci\u00f3n a artistas locales<\/strong><\/p>\n<p>Pamplona acoger\u00e1 un Festival Urbano con j\u00f3venes, donde se podr\u00e1n combinar distintas disciplinas como la danza, el parkour o incluso los grafitis. La fecha, a\u00fan por determinar, permitir\u00e1 reunir a j\u00f3venes con distintas inquietudes encaminadas a crear sinergias. En esta l\u00ednea, el \u00e1rea de Cultura est\u00e1 trabajando la posibilidad de crear un Certamen de Muralismo, que apoye a los nuevos talentos y que pueda servir de escaparate para distintas intervenciones art\u00edsticas en muros de la ciudad.<\/p>\n<p>Adem\u00e1s, dentro de esa apuesta por la variedad de estilos, Pamplona trabajar\u00e1 para lograr colaboraciones y patrocinios que traigan a la ciudad actuaciones de calidad, de nivel nacional e internacional, y tambi\u00e9n locales, a trav\u00e9s de las grandes infraestructuras e instalaciones, como el Navarra Arena, Baluarte o la Plaza de Toros.<\/p>\n<p>Tambi\u00e9n se prestar\u00e1 especial atenci\u00f3n a la propuesta art\u00edstica local. Para ello, se crear\u00e1 una ventanilla de atenci\u00f3n a artistas locales, donde poder resolver sus dudas y recoger sus sugerencias. Adem\u00e1s, a trav\u00e9s de esta v\u00eda podr\u00e1n trasladar al Ayuntamiento sus obras, para darles visibilidad. En este sentido, desde el \u00e1rea de Cultura se est\u00e1 trabajando en el desarrollo de una aplicaci\u00f3n inform\u00e1tica que permita a los artistas de las distintas disciplinas enviar al Consistorio sus propuestas esc\u00e9nicas. Adem\u00e1s, los artistas interesados disponen, para ello, de dos direcciones de correo electr\u00f3nico: <a href=\"mailto:cultura@pamplona.es\">cultura@pamplona.es<\/a> e <a href=\"mailto:infocultura@pamplona.es\">infocultura@pamplona.es<\/a>.<\/p>\n<p>El objetivo es que algunas de esas propuestas logren exponerse en la Ciudadela y Condestable, lugares que el Ayuntamiento quiere convertir en un importante foco de atracci\u00f3n cultural y art\u00edstica. Para ello, se pondr\u00e1 en marcha un plan de mejora de la Ciudadela, para renovar las salas actuales y espacios expositivos y que re\u00fanan unas condiciones muse\u00edsticas adecuadas. Tambi\u00e9n se buscar\u00e1 ampliar la oferta expositiva, promoviendo exposiciones compartidas e itinerantes, con el objetivo de seguir situando a Pamplona como una de las ciudades con una mayor a oferta expositiva entre los municipios de similares caracter\u00edsticas.<br \/>\n<script async src=\"\/\/pagead2.googlesyndication.com\/pagead\/js\/adsbygoogle.js\"><\/script><br \/>\n<!-- Noticias La Guia de Pamplona --><br \/>\n<ins class=\"adsbygoogle\"\nstyle=\"display:block\"\ndata-ad-client=\"ca-pub-6943679897239327\"\ndata-ad-slot=\"7048180777\"\ndata-ad-format=\"auto\"><\/ins><br \/>\n<script>\n(adsbygoogle = window.adsbygoogle || []).push({});\n<\/script><\/p>\n<p><strong>Unos Sanfermines m\u00e1s sostenibles<\/strong><\/p>\n<p>Una de las metas que se ha fijado el \u00e1rea de Cultura es lograr definir un modelo de Sanfermines m\u00e1s sostenibles, econ\u00f3mica, social y medioambientalmente, que consigan trasladar a nivel nacional e internacional una imagen de una Pamplona igualmente sostenible, marcada por a los objetivos de la estrategia municipal Agenda Urbana 2030. La celebraci\u00f3n en la ciudad del II Congreso Internacional de Fiestas y Macroeventos Urbanos, en junio de 2024, servir\u00e1 para definir y proyectar esa imagen deseada de las fiestas de San Ferm\u00edn.<\/p>\n<p>Este congreso y la puesta en marcha del centro de experiencias de los Sanfermines en el antiguo edificio del Cuerpo de Guardia permitir\u00e1n que visitantes y ciudadan\u00eda pueda conocer las fiestas desde otra perspectiva.<\/p>\n<p>Al mismo tiempo, el Consistorio ha comenzado ya a trabajar en los Sanfermines de 2024, con el planteamiento de crear nuevos escenarios y que puedan llegar a Pamplona grandes artistas nacionales. En este sentido, se fomentar\u00e1 la colaboraci\u00f3n p\u00fablico-privada para poder mejorar el programa festivo.<\/p>\n<p>En cualquier caso, la mejora de la propuesta art\u00edstica y festiva ir\u00e1 de la mano de un mayor reclamo de la colaboraci\u00f3n ciudadana mediante campa\u00f1as de civismo y limpieza, as\u00ed como de conciliaci\u00f3n, con el objetivo de que toda la poblaci\u00f3n pueda disfrutar de la ciudad esos d\u00edas.<\/p>\n","protected":false},"excerpt":{"rendered":"<p>La ciudad acoger\u00e1 un Festival Urbano y buscar\u00e1 atender a todas las sensibilidades musicales en su programaci\u00f3n anual<\/p>\n","protected":false},"author":1,"featured_media":41391,"comment_status":"open","ping_status":"closed","sticky":false,"template":"","format":"standard","meta":{"footnotes":""},"categories":[2],"tags":[],"class_list":["post-47444","post","type-post","status-publish","format-standard","has-post-thumbnail","hentry","category-ayuntamiento-pamplona"],"yoast_head":"<!-- This site is optimized with the Yoast SEO plugin v27.3 - https:\/\/yoast.com\/product\/yoast-seo-wordpress\/ -->\n<title>El Ayuntamiento se centrar\u00e1 en extender la cultura a todos los barrios a trav\u00e9s propuestas variadas de m\u00fasica y arte<\/title>\n<meta name=\"description\" content=\"La ciudad acoger\u00e1 un Festival Urbano y buscar\u00e1 atender a todas las sensibilidades musicales en su programaci\u00f3n anual\" \/>\n<meta name=\"robots\" content=\"index, follow, max-snippet:-1, max-image-preview:large, max-video-preview:-1\" \/>\n<link rel=\"canonical\" href=\"https:\/\/www.laguiadepamplona.com\/actualidad\/el-ayuntamiento-se-centrara-en-extender-la-cultura-a-todos-los-barrios-a-traves-propuestas-variadas-de-musica-y-arte\/\" \/>\n<meta property=\"og:locale\" content=\"es_ES\" \/>\n<meta property=\"og:type\" content=\"article\" \/>\n<meta property=\"og:title\" content=\"El Ayuntamiento se centrar\u00e1 en extender la cultura a todos los barrios a trav\u00e9s propuestas variadas de m\u00fasica y arte\" \/>\n<meta property=\"og:description\" content=\"La ciudad acoger\u00e1 un Festival Urbano y buscar\u00e1 atender a todas las sensibilidades musicales en su programaci\u00f3n anual\" \/>\n<meta property=\"og:url\" content=\"https:\/\/www.laguiadepamplona.com\/actualidad\/el-ayuntamiento-se-centrara-en-extender-la-cultura-a-todos-los-barrios-a-traves-propuestas-variadas-de-musica-y-arte\/\" \/>\n<meta property=\"og:site_name\" content=\"La Gu\u00eda de Pamplona\" \/>\n<meta property=\"article:publisher\" content=\"https:\/\/www.facebook.com\/laguiadepamplonacom-133175176762273\/?ref=hl\" \/>\n<meta property=\"article:published_time\" content=\"2023-09-26T16:24:10+00:00\" \/>\n<meta property=\"og:image\" content=\"https:\/\/www.laguiadepamplona.com\/actualidad\/wp-content\/uploads\/2022\/08\/reloj_ayuntamiento.webp\" \/>\n\t<meta property=\"og:image:width\" content=\"1920\" \/>\n\t<meta property=\"og:image:height\" content=\"1245\" \/>\n\t<meta property=\"og:image:type\" content=\"image\/webp\" \/>\n<meta name=\"author\" content=\"La Gu\u00eda de Pamplona\" \/>\n<meta name=\"twitter:card\" content=\"summary_large_image\" \/>\n<meta name=\"twitter:creator\" content=\"@LaGuiadPamplona\" \/>\n<meta name=\"twitter:site\" content=\"@LaGuiadPamplona\" \/>\n<meta name=\"twitter:label1\" content=\"Escrito por\" \/>\n\t<meta name=\"twitter:data1\" content=\"La Gu\u00eda de Pamplona\" \/>\n\t<meta name=\"twitter:label2\" content=\"Tiempo de lectura\" \/>\n\t<meta name=\"twitter:data2\" content=\"5 minutos\" \/>\n<script type=\"application\/ld+json\" class=\"yoast-schema-graph\">{\"@context\":\"https:\\\/\\\/schema.org\",\"@graph\":[{\"@type\":\"Article\",\"@id\":\"https:\\\/\\\/www.laguiadepamplona.com\\\/actualidad\\\/el-ayuntamiento-se-centrara-en-extender-la-cultura-a-todos-los-barrios-a-traves-propuestas-variadas-de-musica-y-arte\\\/#article\",\"isPartOf\":{\"@id\":\"https:\\\/\\\/www.laguiadepamplona.com\\\/actualidad\\\/el-ayuntamiento-se-centrara-en-extender-la-cultura-a-todos-los-barrios-a-traves-propuestas-variadas-de-musica-y-arte\\\/\"},\"author\":{\"name\":\"La Gu\u00eda de Pamplona\",\"@id\":\"https:\\\/\\\/www.laguiadepamplona.com\\\/actualidad\\\/#\\\/schema\\\/person\\\/efe887376f0213d4657c93adc50b1fdb\"},\"headline\":\"El Ayuntamiento se centrar\u00e1 en extender la cultura a todos los barrios a trav\u00e9s propuestas variadas de m\u00fasica y arte\",\"datePublished\":\"2023-09-26T16:24:10+00:00\",\"mainEntityOfPage\":{\"@id\":\"https:\\\/\\\/www.laguiadepamplona.com\\\/actualidad\\\/el-ayuntamiento-se-centrara-en-extender-la-cultura-a-todos-los-barrios-a-traves-propuestas-variadas-de-musica-y-arte\\\/\"},\"wordCount\":985,\"commentCount\":0,\"publisher\":{\"@id\":\"https:\\\/\\\/www.laguiadepamplona.com\\\/actualidad\\\/#organization\"},\"image\":{\"@id\":\"https:\\\/\\\/www.laguiadepamplona.com\\\/actualidad\\\/el-ayuntamiento-se-centrara-en-extender-la-cultura-a-todos-los-barrios-a-traves-propuestas-variadas-de-musica-y-arte\\\/#primaryimage\"},\"thumbnailUrl\":\"https:\\\/\\\/www.laguiadepamplona.com\\\/actualidad\\\/wp-content\\\/uploads\\\/2022\\\/08\\\/reloj_ayuntamiento.webp\",\"articleSection\":[\"Ayto Pamplona\"],\"inLanguage\":\"es\",\"potentialAction\":[{\"@type\":\"CommentAction\",\"name\":\"Comment\",\"target\":[\"https:\\\/\\\/www.laguiadepamplona.com\\\/actualidad\\\/el-ayuntamiento-se-centrara-en-extender-la-cultura-a-todos-los-barrios-a-traves-propuestas-variadas-de-musica-y-arte\\\/#respond\"]}]},{\"@type\":\"WebPage\",\"@id\":\"https:\\\/\\\/www.laguiadepamplona.com\\\/actualidad\\\/el-ayuntamiento-se-centrara-en-extender-la-cultura-a-todos-los-barrios-a-traves-propuestas-variadas-de-musica-y-arte\\\/\",\"url\":\"https:\\\/\\\/www.laguiadepamplona.com\\\/actualidad\\\/el-ayuntamiento-se-centrara-en-extender-la-cultura-a-todos-los-barrios-a-traves-propuestas-variadas-de-musica-y-arte\\\/\",\"name\":\"El Ayuntamiento se centrar\u00e1 en extender la cultura a todos los barrios a trav\u00e9s propuestas variadas de m\u00fasica y arte\",\"isPartOf\":{\"@id\":\"https:\\\/\\\/www.laguiadepamplona.com\\\/actualidad\\\/#website\"},\"primaryImageOfPage\":{\"@id\":\"https:\\\/\\\/www.laguiadepamplona.com\\\/actualidad\\\/el-ayuntamiento-se-centrara-en-extender-la-cultura-a-todos-los-barrios-a-traves-propuestas-variadas-de-musica-y-arte\\\/#primaryimage\"},\"image\":{\"@id\":\"https:\\\/\\\/www.laguiadepamplona.com\\\/actualidad\\\/el-ayuntamiento-se-centrara-en-extender-la-cultura-a-todos-los-barrios-a-traves-propuestas-variadas-de-musica-y-arte\\\/#primaryimage\"},\"thumbnailUrl\":\"https:\\\/\\\/www.laguiadepamplona.com\\\/actualidad\\\/wp-content\\\/uploads\\\/2022\\\/08\\\/reloj_ayuntamiento.webp\",\"datePublished\":\"2023-09-26T16:24:10+00:00\",\"description\":\"La ciudad acoger\u00e1 un Festival Urbano y buscar\u00e1 atender a todas las sensibilidades musicales en su programaci\u00f3n anual\",\"breadcrumb\":{\"@id\":\"https:\\\/\\\/www.laguiadepamplona.com\\\/actualidad\\\/el-ayuntamiento-se-centrara-en-extender-la-cultura-a-todos-los-barrios-a-traves-propuestas-variadas-de-musica-y-arte\\\/#breadcrumb\"},\"inLanguage\":\"es\",\"potentialAction\":[{\"@type\":\"ReadAction\",\"target\":[\"https:\\\/\\\/www.laguiadepamplona.com\\\/actualidad\\\/el-ayuntamiento-se-centrara-en-extender-la-cultura-a-todos-los-barrios-a-traves-propuestas-variadas-de-musica-y-arte\\\/\"]}]},{\"@type\":\"ImageObject\",\"inLanguage\":\"es\",\"@id\":\"https:\\\/\\\/www.laguiadepamplona.com\\\/actualidad\\\/el-ayuntamiento-se-centrara-en-extender-la-cultura-a-todos-los-barrios-a-traves-propuestas-variadas-de-musica-y-arte\\\/#primaryimage\",\"url\":\"https:\\\/\\\/www.laguiadepamplona.com\\\/actualidad\\\/wp-content\\\/uploads\\\/2022\\\/08\\\/reloj_ayuntamiento.webp\",\"contentUrl\":\"https:\\\/\\\/www.laguiadepamplona.com\\\/actualidad\\\/wp-content\\\/uploads\\\/2022\\\/08\\\/reloj_ayuntamiento.webp\",\"width\":1920,\"height\":1245,\"caption\":\"ayuntamiento\"},{\"@type\":\"BreadcrumbList\",\"@id\":\"https:\\\/\\\/www.laguiadepamplona.com\\\/actualidad\\\/el-ayuntamiento-se-centrara-en-extender-la-cultura-a-todos-los-barrios-a-traves-propuestas-variadas-de-musica-y-arte\\\/#breadcrumb\",\"itemListElement\":[{\"@type\":\"ListItem\",\"position\":1,\"name\":\"Portada\",\"item\":\"https:\\\/\\\/www.laguiadepamplona.com\\\/actualidad\\\/\"},{\"@type\":\"ListItem\",\"position\":2,\"name\":\"El Ayuntamiento se centrar\u00e1 en extender la cultura a todos los barrios a trav\u00e9s propuestas variadas de m\u00fasica y arte\"}]},{\"@type\":\"WebSite\",\"@id\":\"https:\\\/\\\/www.laguiadepamplona.com\\\/actualidad\\\/#website\",\"url\":\"https:\\\/\\\/www.laguiadepamplona.com\\\/actualidad\\\/\",\"name\":\"La gu\u00eda de Pamplona\",\"description\":\"Noticias de Pamplona\",\"publisher\":{\"@id\":\"https:\\\/\\\/www.laguiadepamplona.com\\\/actualidad\\\/#organization\"},\"potentialAction\":[{\"@type\":\"SearchAction\",\"target\":{\"@type\":\"EntryPoint\",\"urlTemplate\":\"https:\\\/\\\/www.laguiadepamplona.com\\\/actualidad\\\/?s={search_term_string}\"},\"query-input\":{\"@type\":\"PropertyValueSpecification\",\"valueRequired\":true,\"valueName\":\"search_term_string\"}}],\"inLanguage\":\"es\"},{\"@type\":\"Organization\",\"@id\":\"https:\\\/\\\/www.laguiadepamplona.com\\\/actualidad\\\/#organization\",\"name\":\"La Gu\u00eda de Pamplona \\\/ Noticias\",\"url\":\"https:\\\/\\\/www.laguiadepamplona.com\\\/actualidad\\\/\",\"logo\":{\"@type\":\"ImageObject\",\"inLanguage\":\"es\",\"@id\":\"https:\\\/\\\/www.laguiadepamplona.com\\\/actualidad\\\/#\\\/schema\\\/logo\\\/image\\\/\",\"url\":\"https:\\\/\\\/www.laguiadepamplona.com\\\/actualidad\\\/wp-content\\\/uploads\\\/2018\\\/11\\\/logo-laguiadepamplona18-web1.png\",\"contentUrl\":\"https:\\\/\\\/www.laguiadepamplona.com\\\/actualidad\\\/wp-content\\\/uploads\\\/2018\\\/11\\\/logo-laguiadepamplona18-web1.png\",\"width\":600,\"height\":196,\"caption\":\"La Gu\u00eda de Pamplona \\\/ Noticias\"},\"image\":{\"@id\":\"https:\\\/\\\/www.laguiadepamplona.com\\\/actualidad\\\/#\\\/schema\\\/logo\\\/image\\\/\"},\"sameAs\":[\"https:\\\/\\\/www.facebook.com\\\/laguiadepamplonacom-133175176762273\\\/?ref=hl\",\"https:\\\/\\\/x.com\\\/LaGuiadPamplona\",\"https:\\\/\\\/www.instagram.com\\\/la_guia_de_pamplona\\\/\",\"https:\\\/\\\/www.youtube.com\\\/user\\\/laguiadepamplona\"]},{\"@type\":\"Person\",\"@id\":\"https:\\\/\\\/www.laguiadepamplona.com\\\/actualidad\\\/#\\\/schema\\\/person\\\/efe887376f0213d4657c93adc50b1fdb\",\"name\":\"La Gu\u00eda de Pamplona\",\"image\":{\"@type\":\"ImageObject\",\"inLanguage\":\"es\",\"@id\":\"https:\\\/\\\/secure.gravatar.com\\\/avatar\\\/b6992f131dc8d30ab0dff15446e9d346d9dbd95992de0fef795073f5ea83a81c?s=96&d=mm&r=g\",\"url\":\"https:\\\/\\\/secure.gravatar.com\\\/avatar\\\/b6992f131dc8d30ab0dff15446e9d346d9dbd95992de0fef795073f5ea83a81c?s=96&d=mm&r=g\",\"contentUrl\":\"https:\\\/\\\/secure.gravatar.com\\\/avatar\\\/b6992f131dc8d30ab0dff15446e9d346d9dbd95992de0fef795073f5ea83a81c?s=96&d=mm&r=g\",\"caption\":\"La Gu\u00eda de Pamplona\"}}]}<\/script>\n<!-- \/ Yoast SEO plugin. -->","yoast_head_json":{"title":"El Ayuntamiento se centrar\u00e1 en extender la cultura a todos los barrios a trav\u00e9s propuestas variadas de m\u00fasica y arte","description":"La ciudad acoger\u00e1 un Festival Urbano y buscar\u00e1 atender a todas las sensibilidades musicales en su programaci\u00f3n anual","robots":{"index":"index","follow":"follow","max-snippet":"max-snippet:-1","max-image-preview":"max-image-preview:large","max-video-preview":"max-video-preview:-1"},"canonical":"https:\/\/www.laguiadepamplona.com\/actualidad\/el-ayuntamiento-se-centrara-en-extender-la-cultura-a-todos-los-barrios-a-traves-propuestas-variadas-de-musica-y-arte\/","og_locale":"es_ES","og_type":"article","og_title":"El Ayuntamiento se centrar\u00e1 en extender la cultura a todos los barrios a trav\u00e9s propuestas variadas de m\u00fasica y arte","og_description":"La ciudad acoger\u00e1 un Festival Urbano y buscar\u00e1 atender a todas las sensibilidades musicales en su programaci\u00f3n anual","og_url":"https:\/\/www.laguiadepamplona.com\/actualidad\/el-ayuntamiento-se-centrara-en-extender-la-cultura-a-todos-los-barrios-a-traves-propuestas-variadas-de-musica-y-arte\/","og_site_name":"La Gu\u00eda de Pamplona","article_publisher":"https:\/\/www.facebook.com\/laguiadepamplonacom-133175176762273\/?ref=hl","article_published_time":"2023-09-26T16:24:10+00:00","og_image":[{"width":1920,"height":1245,"url":"https:\/\/www.laguiadepamplona.com\/actualidad\/wp-content\/uploads\/2022\/08\/reloj_ayuntamiento.webp","type":"image\/webp"}],"author":"La Gu\u00eda de Pamplona","twitter_card":"summary_large_image","twitter_creator":"@LaGuiadPamplona","twitter_site":"@LaGuiadPamplona","twitter_misc":{"Escrito por":"La Gu\u00eda de Pamplona","Tiempo de lectura":"5 minutos"},"schema":{"@context":"https:\/\/schema.org","@graph":[{"@type":"Article","@id":"https:\/\/www.laguiadepamplona.com\/actualidad\/el-ayuntamiento-se-centrara-en-extender-la-cultura-a-todos-los-barrios-a-traves-propuestas-variadas-de-musica-y-arte\/#article","isPartOf":{"@id":"https:\/\/www.laguiadepamplona.com\/actualidad\/el-ayuntamiento-se-centrara-en-extender-la-cultura-a-todos-los-barrios-a-traves-propuestas-variadas-de-musica-y-arte\/"},"author":{"name":"La Gu\u00eda de Pamplona","@id":"https:\/\/www.laguiadepamplona.com\/actualidad\/#\/schema\/person\/efe887376f0213d4657c93adc50b1fdb"},"headline":"El Ayuntamiento se centrar\u00e1 en extender la cultura a todos los barrios a trav\u00e9s propuestas variadas de m\u00fasica y arte","datePublished":"2023-09-26T16:24:10+00:00","mainEntityOfPage":{"@id":"https:\/\/www.laguiadepamplona.com\/actualidad\/el-ayuntamiento-se-centrara-en-extender-la-cultura-a-todos-los-barrios-a-traves-propuestas-variadas-de-musica-y-arte\/"},"wordCount":985,"commentCount":0,"publisher":{"@id":"https:\/\/www.laguiadepamplona.com\/actualidad\/#organization"},"image":{"@id":"https:\/\/www.laguiadepamplona.com\/actualidad\/el-ayuntamiento-se-centrara-en-extender-la-cultura-a-todos-los-barrios-a-traves-propuestas-variadas-de-musica-y-arte\/#primaryimage"},"thumbnailUrl":"https:\/\/www.laguiadepamplona.com\/actualidad\/wp-content\/uploads\/2022\/08\/reloj_ayuntamiento.webp","articleSection":["Ayto Pamplona"],"inLanguage":"es","potentialAction":[{"@type":"CommentAction","name":"Comment","target":["https:\/\/www.laguiadepamplona.com\/actualidad\/el-ayuntamiento-se-centrara-en-extender-la-cultura-a-todos-los-barrios-a-traves-propuestas-variadas-de-musica-y-arte\/#respond"]}]},{"@type":"WebPage","@id":"https:\/\/www.laguiadepamplona.com\/actualidad\/el-ayuntamiento-se-centrara-en-extender-la-cultura-a-todos-los-barrios-a-traves-propuestas-variadas-de-musica-y-arte\/","url":"https:\/\/www.laguiadepamplona.com\/actualidad\/el-ayuntamiento-se-centrara-en-extender-la-cultura-a-todos-los-barrios-a-traves-propuestas-variadas-de-musica-y-arte\/","name":"El Ayuntamiento se centrar\u00e1 en extender la cultura a todos los barrios a trav\u00e9s propuestas variadas de m\u00fasica y arte","isPartOf":{"@id":"https:\/\/www.laguiadepamplona.com\/actualidad\/#website"},"primaryImageOfPage":{"@id":"https:\/\/www.laguiadepamplona.com\/actualidad\/el-ayuntamiento-se-centrara-en-extender-la-cultura-a-todos-los-barrios-a-traves-propuestas-variadas-de-musica-y-arte\/#primaryimage"},"image":{"@id":"https:\/\/www.laguiadepamplona.com\/actualidad\/el-ayuntamiento-se-centrara-en-extender-la-cultura-a-todos-los-barrios-a-traves-propuestas-variadas-de-musica-y-arte\/#primaryimage"},"thumbnailUrl":"https:\/\/www.laguiadepamplona.com\/actualidad\/wp-content\/uploads\/2022\/08\/reloj_ayuntamiento.webp","datePublished":"2023-09-26T16:24:10+00:00","description":"La ciudad acoger\u00e1 un Festival Urbano y buscar\u00e1 atender a todas las sensibilidades musicales en su programaci\u00f3n anual","breadcrumb":{"@id":"https:\/\/www.laguiadepamplona.com\/actualidad\/el-ayuntamiento-se-centrara-en-extender-la-cultura-a-todos-los-barrios-a-traves-propuestas-variadas-de-musica-y-arte\/#breadcrumb"},"inLanguage":"es","potentialAction":[{"@type":"ReadAction","target":["https:\/\/www.laguiadepamplona.com\/actualidad\/el-ayuntamiento-se-centrara-en-extender-la-cultura-a-todos-los-barrios-a-traves-propuestas-variadas-de-musica-y-arte\/"]}]},{"@type":"ImageObject","inLanguage":"es","@id":"https:\/\/www.laguiadepamplona.com\/actualidad\/el-ayuntamiento-se-centrara-en-extender-la-cultura-a-todos-los-barrios-a-traves-propuestas-variadas-de-musica-y-arte\/#primaryimage","url":"https:\/\/www.laguiadepamplona.com\/actualidad\/wp-content\/uploads\/2022\/08\/reloj_ayuntamiento.webp","contentUrl":"https:\/\/www.laguiadepamplona.com\/actualidad\/wp-content\/uploads\/2022\/08\/reloj_ayuntamiento.webp","width":1920,"height":1245,"caption":"ayuntamiento"},{"@type":"BreadcrumbList","@id":"https:\/\/www.laguiadepamplona.com\/actualidad\/el-ayuntamiento-se-centrara-en-extender-la-cultura-a-todos-los-barrios-a-traves-propuestas-variadas-de-musica-y-arte\/#breadcrumb","itemListElement":[{"@type":"ListItem","position":1,"name":"Portada","item":"https:\/\/www.laguiadepamplona.com\/actualidad\/"},{"@type":"ListItem","position":2,"name":"El Ayuntamiento se centrar\u00e1 en extender la cultura a todos los barrios a trav\u00e9s propuestas variadas de m\u00fasica y arte"}]},{"@type":"WebSite","@id":"https:\/\/www.laguiadepamplona.com\/actualidad\/#website","url":"https:\/\/www.laguiadepamplona.com\/actualidad\/","name":"La gu\u00eda de Pamplona","description":"Noticias de Pamplona","publisher":{"@id":"https:\/\/www.laguiadepamplona.com\/actualidad\/#organization"},"potentialAction":[{"@type":"SearchAction","target":{"@type":"EntryPoint","urlTemplate":"https:\/\/www.laguiadepamplona.com\/actualidad\/?s={search_term_string}"},"query-input":{"@type":"PropertyValueSpecification","valueRequired":true,"valueName":"search_term_string"}}],"inLanguage":"es"},{"@type":"Organization","@id":"https:\/\/www.laguiadepamplona.com\/actualidad\/#organization","name":"La Gu\u00eda de Pamplona \/ Noticias","url":"https:\/\/www.laguiadepamplona.com\/actualidad\/","logo":{"@type":"ImageObject","inLanguage":"es","@id":"https:\/\/www.laguiadepamplona.com\/actualidad\/#\/schema\/logo\/image\/","url":"https:\/\/www.laguiadepamplona.com\/actualidad\/wp-content\/uploads\/2018\/11\/logo-laguiadepamplona18-web1.png","contentUrl":"https:\/\/www.laguiadepamplona.com\/actualidad\/wp-content\/uploads\/2018\/11\/logo-laguiadepamplona18-web1.png","width":600,"height":196,"caption":"La Gu\u00eda de Pamplona \/ Noticias"},"image":{"@id":"https:\/\/www.laguiadepamplona.com\/actualidad\/#\/schema\/logo\/image\/"},"sameAs":["https:\/\/www.facebook.com\/laguiadepamplonacom-133175176762273\/?ref=hl","https:\/\/x.com\/LaGuiadPamplona","https:\/\/www.instagram.com\/la_guia_de_pamplona\/","https:\/\/www.youtube.com\/user\/laguiadepamplona"]},{"@type":"Person","@id":"https:\/\/www.laguiadepamplona.com\/actualidad\/#\/schema\/person\/efe887376f0213d4657c93adc50b1fdb","name":"La Gu\u00eda de Pamplona","image":{"@type":"ImageObject","inLanguage":"es","@id":"https:\/\/secure.gravatar.com\/avatar\/b6992f131dc8d30ab0dff15446e9d346d9dbd95992de0fef795073f5ea83a81c?s=96&d=mm&r=g","url":"https:\/\/secure.gravatar.com\/avatar\/b6992f131dc8d30ab0dff15446e9d346d9dbd95992de0fef795073f5ea83a81c?s=96&d=mm&r=g","contentUrl":"https:\/\/secure.gravatar.com\/avatar\/b6992f131dc8d30ab0dff15446e9d346d9dbd95992de0fef795073f5ea83a81c?s=96&d=mm&r=g","caption":"La Gu\u00eda de Pamplona"}}]}},"post_mailing_queue_ids":[],"_links":{"self":[{"href":"https:\/\/www.laguiadepamplona.com\/actualidad\/wp-json\/wp\/v2\/posts\/47444","targetHints":{"allow":["GET"]}}],"collection":[{"href":"https:\/\/www.laguiadepamplona.com\/actualidad\/wp-json\/wp\/v2\/posts"}],"about":[{"href":"https:\/\/www.laguiadepamplona.com\/actualidad\/wp-json\/wp\/v2\/types\/post"}],"author":[{"embeddable":true,"href":"https:\/\/www.laguiadepamplona.com\/actualidad\/wp-json\/wp\/v2\/users\/1"}],"replies":[{"embeddable":true,"href":"https:\/\/www.laguiadepamplona.com\/actualidad\/wp-json\/wp\/v2\/comments?post=47444"}],"version-history":[{"count":1,"href":"https:\/\/www.laguiadepamplona.com\/actualidad\/wp-json\/wp\/v2\/posts\/47444\/revisions"}],"predecessor-version":[{"id":47445,"href":"https:\/\/www.laguiadepamplona.com\/actualidad\/wp-json\/wp\/v2\/posts\/47444\/revisions\/47445"}],"wp:featuredmedia":[{"embeddable":true,"href":"https:\/\/www.laguiadepamplona.com\/actualidad\/wp-json\/wp\/v2\/media\/41391"}],"wp:attachment":[{"href":"https:\/\/www.laguiadepamplona.com\/actualidad\/wp-json\/wp\/v2\/media?parent=47444"}],"wp:term":[{"taxonomy":"category","embeddable":true,"href":"https:\/\/www.laguiadepamplona.com\/actualidad\/wp-json\/wp\/v2\/categories?post=47444"},{"taxonomy":"post_tag","embeddable":true,"href":"https:\/\/www.laguiadepamplona.com\/actualidad\/wp-json\/wp\/v2\/tags?post=47444"}],"curies":[{"name":"wp","href":"https:\/\/api.w.org\/{rel}","templated":true}]}}