{"id":47436,"date":"2023-09-26T18:18:26","date_gmt":"2023-09-26T16:18:26","guid":{"rendered":"https:\/\/www.laguiadepamplona.com\/actualidad\/?p=47436"},"modified":"2023-09-26T18:18:26","modified_gmt":"2023-09-26T16:18:26","slug":"pamplona-consolida-la-gratuidad-de-la-escolaridad-en-escuelas-infantiles-y-congela-las-tarifas-de-servicios-sociales-a-mayores","status":"publish","type":"post","link":"https:\/\/www.laguiadepamplona.com\/actualidad\/pamplona-consolida-la-gratuidad-de-la-escolaridad-en-escuelas-infantiles-y-congela-las-tarifas-de-servicios-sociales-a-mayores\/","title":{"rendered":"Pamplona consolida la gratuidad de la escolaridad en escuelas infantiles y congela las tarifas de servicios sociales a mayores"},"content":{"rendered":"<h3>Se reduce al m\u00ednimo el tipo de gravamen del impuesto de viviendas deshabitadas y se congelan el resto de impuestos<\/h3>\n<p><!--more--><\/p>\n<p>La Junta de Gobierno Local del Ayuntamiento de Pamplona ha aprobado el proyecto de ordenanzas fiscales y precios p\u00fablicos para 2024. Las principales propuestas pasan por el mantenimiento de congelaci\u00f3n de las tarifas de car\u00e1cter social (apartamentos tutelados y de emergencia y Servicio Atenci\u00f3n a Domicilio) y la reducci\u00f3n al tipo m\u00ednimo del gravamen del impuesto de viviendas deshabitadas. Adem\u00e1s, por cuarto a\u00f1o consecutivo la escolarizaci\u00f3n en Escuelas infantiles municipales seguir\u00e1 siendo gratuita.<\/p>\n<p>Adem\u00e1s, tras 14 a\u00f1os en las que las tarifas generales se han mantenido invariables, el proyecto para 2024 recoge la actualizaci\u00f3n de un 2%, para acercar las tarifas al coste de los servicios, cada vez m\u00e1s elevado. Esta aproximaci\u00f3n no absorbe el coste real de los servicios ya que, desde la \u00faltima revisi\u00f3n en 2009, el IPC general de Navarra se ha incrementado m\u00e1s de un 28%. La subida limitada se basa en que, con car\u00e1cter general, existen razones sociales, culturales, etc. que justifican tarifas de precios p\u00fablicos inferiores al coste de la prestaci\u00f3n de servicios. Adem\u00e1s, el incremento est\u00e1 dise\u00f1ado para no afectar a las econom\u00edas dom\u00e9sticas m\u00e1s fr\u00e1giles, ya que se mantienen los descuentos y bonificaciones para colectivos espec\u00edficos que se siguen considerando objetivo de protecci\u00f3n.<\/p>\n<p>En el documento aprobado este lunes se incluyen, como en a\u00f1os anteriores, modificaci\u00f3n de los textos reguladores para adaptarlos a los cambios normativos de leyes forales y para mejorar la gesti\u00f3n de los ingresos. Como novedad de tramitaci\u00f3n, y a ra\u00edz de una sentencia del Tribunal Supremo, el texto de las nuevas Ordenanzas Fiscales carece de anteproyecto, y el proyecto ahora presentado debe seguir un itinerario espec\u00edfico que, tras su presentaci\u00f3n este martes en la Comisi\u00f3n Municipal de Presidencia, culminar\u00e1 en el Pleno del mes de octubre.<br \/>\n<script async src=\"\/\/pagead2.googlesyndication.com\/pagead\/js\/adsbygoogle.js\"><\/script><br \/>\n<!-- Noticias La Guia de Pamplona --><br \/>\n<ins class=\"adsbygoogle\"\nstyle=\"display:block\"\ndata-ad-client=\"ca-pub-6943679897239327\"\ndata-ad-slot=\"7048180777\"\ndata-ad-format=\"auto\"><\/ins><br \/>\n<script>\n(adsbygoogle = window.adsbygoogle || []).push({});\n<\/script><\/p>\n<p><strong>Modificaciones de tipos y tarifas<\/strong><\/p>\n<p>El proyecto de ordenanzas fiscales contempla la congelaci\u00f3n general de los tipos impositivos. En el caso del impuesto a las viviendas deshabitadas, el proyecto recoge una reducci\u00f3n de las tarifas que gravan estos bienes al m\u00ednimo previsto en el art\u00edculo 188 de la Ley Foral 2\/1995 de Haciendas Locales. Las tarifas est\u00e1n vinculada al periodo temporal en el que la vivienda permanezca vac\u00eda. En 2024, el primer a\u00f1o la vivienda ser\u00e1 gravada con un 0,25% sobre su valor catastral, el segundo a\u00f1o con 0,50% y el tercer y sucesivos un 1%. Los porcentajes hasta ahora estaban en 0,50%, 1% y 1,5%, respectivamente.<\/p>\n<p>Tambi\u00e9n 2024 ver\u00e1 una actualizaci\u00f3n de un 0,67% en el tipo de gravamen de la Contribuci\u00f3n urbana para el ejercicio respecto a 2023. Esta subida viene a compensar la reducci\u00f3n, en el mismo porcentaje, del Valor Catastral de la totalidad de Pamplona, un valor que disminuye por la aplicaci\u00f3n autom\u00e1tica del coeficiente de antig\u00fcedad a las construcciones.<\/p>\n<p>En las tarifas vinculadas a precios p\u00fablicos se propone la actualizaci\u00f3n en un 2% de las tarifas generales para reducir el d\u00e9ficit que existe en los servicios municipales sujetos a tasa o precio p\u00fablico debido a que, en su mayor\u00eda, los ingresos son menores que los costes, por lo que la diferencia debe cubrirse con otros ingresos municipales, como son los impuestos, detrayendo recursos p\u00fablicos que podr\u00edan destinarse al resto de servicios y competencias municipales.<\/p>\n<p>Las tarifas exentas de esa subida son las tarifas de car\u00e1cter social (normas 4, 5 y 6), que quedan congeladas. Son las relativas a precios p\u00fablicos por la prestaci\u00f3n de servicios municipales para las personas mayores; por el servicio de alojamiento de emergencia en apartamentos municipales y por la prestaci\u00f3n del servicio de Atenci\u00f3n a Domicilio.<br \/>\n<script async src=\"\/\/pagead2.googlesyndication.com\/pagead\/js\/adsbygoogle.js\"><\/script><br \/>\n<!-- Noticias La Guia de Pamplona --><br \/>\n<ins class=\"adsbygoogle\"\nstyle=\"display:block\"\ndata-ad-client=\"ca-pub-6943679897239327\"\ndata-ad-slot=\"7048180777\"\ndata-ad-format=\"auto\"><\/ins><br \/>\n<script>\n(adsbygoogle = window.adsbygoogle || []).push({});\n<\/script><\/p>\n<p><strong>Instalaciones de generaci\u00f3n energ\u00e9tica<\/strong><\/p>\n<p>El proyecto precisa lo relativo a la bonificaci\u00f3n a las instalaciones de generaci\u00f3n energ\u00e9tica compartida, algo que no ser\u00e1 aplicable a viviendas o locales si la instalaci\u00f3n solo suministra energ\u00eda a los elementos comunes de la comunidad de propietarios. Para poder emplear la bonificaci\u00f3n los inmuebles sujetos al r\u00e9gimen de propiedad horizontal que realicen una instalaci\u00f3n compartida \u00e9sta deber\u00e1 suministrar energ\u00eda a todos o a algunos de los pisos y locales ubicados en los mismos. El porcentaje de la bonificaci\u00f3n en 2024 ser\u00e1 del 50%, tanto en los casos de uso residencial, como de uso distinto al residencial y la cantidad total bonificada cada a\u00f1o no podr\u00e1 exceder del 30% del coste de la ejecuci\u00f3n material de la instalaci\u00f3n que se hubiera repercutido a cada propietario.<br \/>\n<script async src=\"\/\/pagead2.googlesyndication.com\/pagead\/js\/adsbygoogle.js\"><\/script><br \/>\n<!-- Noticias La Guia de Pamplona --><br \/>\n<ins class=\"adsbygoogle\"\nstyle=\"display:block\"\ndata-ad-client=\"ca-pub-6943679897239327\"\ndata-ad-slot=\"7048180777\"\ndata-ad-format=\"auto\"><\/ins><br \/>\n<script>\n(adsbygoogle = window.adsbygoogle || []).push({});\n<\/script><\/p>\n<p><strong>Aclaraci\u00f3n de situaciones personales<\/strong><\/p>\n<p>En todas las tarifas establecidas por tramos de edad se modifica la descripci\u00f3n de los dos \u00faltimos tramos de manera que las horquillas, en su redacci\u00f3n, quedan de la siguiente manera: \u2018de 25 a 64 a\u00f1os\u2019 y \u2018a partir de 65 a\u00f1os\u2019. Esta redacci\u00f3n sustituye a la actual que es \u2018de 25 a 65 a\u00f1os\u2019 y \u2018Mayores de 65 a\u00f1os\u2019 que ha generado dudas en su aplicaci\u00f3n.<\/p>\n<p>A propuesta de los Servicios Sociales, en todas las tarifas en las que se tengan en cuenta los gastos de contrataci\u00f3n de personal para el mantenimiento de personas dependientes en el domicilio y ofrecerles atenciones personales, en el gasto deducible se restar\u00e1n las ayudas cobradas de la Agencia Navarra de Autonom\u00eda y Desarrollo de las Personas (ANADP) para cuidados en el entorno familiar a personas dependientes. Para poder acogerse a esta deducci\u00f3n, quien las solicite deber\u00e1 presentar el contrato y el alta en la Seguridad Social de la persona contratada.<\/p>\n","protected":false},"excerpt":{"rendered":"<p>Se reduce al m\u00ednimo el tipo de gravamen del impuesto de viviendas deshabitadas y se congelan el resto de impuestos<\/p>\n","protected":false},"author":1,"featured_media":40295,"comment_status":"open","ping_status":"closed","sticky":false,"template":"","format":"standard","meta":{"footnotes":""},"categories":[2],"tags":[],"class_list":["post-47436","post","type-post","status-publish","format-standard","has-post-thumbnail","hentry","category-ayuntamiento-pamplona"],"yoast_head":"<!-- This site is optimized with the Yoast SEO plugin v27.3 - https:\/\/yoast.com\/product\/yoast-seo-wordpress\/ -->\n<title>Pamplona consolida la gratuidad de la escolaridad en escuelas infantiles y congela las tarifas de servicios sociales a mayores<\/title>\n<meta name=\"description\" content=\"Se reduce al m\u00ednimo el tipo de gravamen del impuesto de viviendas deshabitadas y se congelan el resto de impuestos\" \/>\n<meta name=\"robots\" content=\"index, follow, max-snippet:-1, max-image-preview:large, max-video-preview:-1\" \/>\n<link rel=\"canonical\" href=\"https:\/\/www.laguiadepamplona.com\/actualidad\/pamplona-consolida-la-gratuidad-de-la-escolaridad-en-escuelas-infantiles-y-congela-las-tarifas-de-servicios-sociales-a-mayores\/\" \/>\n<meta property=\"og:locale\" content=\"es_ES\" \/>\n<meta property=\"og:type\" content=\"article\" \/>\n<meta property=\"og:title\" content=\"Pamplona consolida la gratuidad de la escolaridad en escuelas infantiles y congela las tarifas de servicios sociales a mayores\" \/>\n<meta property=\"og:description\" content=\"Se reduce al m\u00ednimo el tipo de gravamen del impuesto de viviendas deshabitadas y se congelan el resto de impuestos\" \/>\n<meta property=\"og:url\" content=\"https:\/\/www.laguiadepamplona.com\/actualidad\/pamplona-consolida-la-gratuidad-de-la-escolaridad-en-escuelas-infantiles-y-congela-las-tarifas-de-servicios-sociales-a-mayores\/\" \/>\n<meta property=\"og:site_name\" content=\"La Gu\u00eda de Pamplona\" \/>\n<meta property=\"article:publisher\" content=\"https:\/\/www.facebook.com\/laguiadepamplonacom-133175176762273\/?ref=hl\" \/>\n<meta property=\"article:published_time\" content=\"2023-09-26T16:18:26+00:00\" \/>\n<meta property=\"og:image\" content=\"https:\/\/www.laguiadepamplona.com\/actualidad\/wp-content\/uploads\/2022\/05\/obras-escuela-infantil-lezkairu-copia.webp\" \/>\n\t<meta property=\"og:image:width\" content=\"1920\" \/>\n\t<meta property=\"og:image:height\" content=\"1281\" \/>\n\t<meta property=\"og:image:type\" content=\"image\/webp\" \/>\n<meta name=\"author\" content=\"La Gu\u00eda de Pamplona\" \/>\n<meta name=\"twitter:card\" content=\"summary_large_image\" \/>\n<meta name=\"twitter:creator\" content=\"@LaGuiadPamplona\" \/>\n<meta name=\"twitter:site\" content=\"@LaGuiadPamplona\" \/>\n<meta name=\"twitter:label1\" content=\"Escrito por\" \/>\n\t<meta name=\"twitter:data1\" content=\"La Gu\u00eda de Pamplona\" \/>\n\t<meta name=\"twitter:label2\" content=\"Tiempo de lectura\" \/>\n\t<meta name=\"twitter:data2\" content=\"5 minutos\" \/>\n<script type=\"application\/ld+json\" class=\"yoast-schema-graph\">{\"@context\":\"https:\\\/\\\/schema.org\",\"@graph\":[{\"@type\":\"Article\",\"@id\":\"https:\\\/\\\/www.laguiadepamplona.com\\\/actualidad\\\/pamplona-consolida-la-gratuidad-de-la-escolaridad-en-escuelas-infantiles-y-congela-las-tarifas-de-servicios-sociales-a-mayores\\\/#article\",\"isPartOf\":{\"@id\":\"https:\\\/\\\/www.laguiadepamplona.com\\\/actualidad\\\/pamplona-consolida-la-gratuidad-de-la-escolaridad-en-escuelas-infantiles-y-congela-las-tarifas-de-servicios-sociales-a-mayores\\\/\"},\"author\":{\"name\":\"La Gu\u00eda de Pamplona\",\"@id\":\"https:\\\/\\\/www.laguiadepamplona.com\\\/actualidad\\\/#\\\/schema\\\/person\\\/efe887376f0213d4657c93adc50b1fdb\"},\"headline\":\"Pamplona consolida la gratuidad de la escolaridad en escuelas infantiles y congela las tarifas de servicios sociales a mayores\",\"datePublished\":\"2023-09-26T16:18:26+00:00\",\"mainEntityOfPage\":{\"@id\":\"https:\\\/\\\/www.laguiadepamplona.com\\\/actualidad\\\/pamplona-consolida-la-gratuidad-de-la-escolaridad-en-escuelas-infantiles-y-congela-las-tarifas-de-servicios-sociales-a-mayores\\\/\"},\"wordCount\":973,\"commentCount\":0,\"publisher\":{\"@id\":\"https:\\\/\\\/www.laguiadepamplona.com\\\/actualidad\\\/#organization\"},\"image\":{\"@id\":\"https:\\\/\\\/www.laguiadepamplona.com\\\/actualidad\\\/pamplona-consolida-la-gratuidad-de-la-escolaridad-en-escuelas-infantiles-y-congela-las-tarifas-de-servicios-sociales-a-mayores\\\/#primaryimage\"},\"thumbnailUrl\":\"https:\\\/\\\/www.laguiadepamplona.com\\\/actualidad\\\/wp-content\\\/uploads\\\/2022\\\/05\\\/obras-escuela-infantil-lezkairu-copia.webp\",\"articleSection\":[\"Ayto Pamplona\"],\"inLanguage\":\"es\",\"potentialAction\":[{\"@type\":\"CommentAction\",\"name\":\"Comment\",\"target\":[\"https:\\\/\\\/www.laguiadepamplona.com\\\/actualidad\\\/pamplona-consolida-la-gratuidad-de-la-escolaridad-en-escuelas-infantiles-y-congela-las-tarifas-de-servicios-sociales-a-mayores\\\/#respond\"]}]},{\"@type\":\"WebPage\",\"@id\":\"https:\\\/\\\/www.laguiadepamplona.com\\\/actualidad\\\/pamplona-consolida-la-gratuidad-de-la-escolaridad-en-escuelas-infantiles-y-congela-las-tarifas-de-servicios-sociales-a-mayores\\\/\",\"url\":\"https:\\\/\\\/www.laguiadepamplona.com\\\/actualidad\\\/pamplona-consolida-la-gratuidad-de-la-escolaridad-en-escuelas-infantiles-y-congela-las-tarifas-de-servicios-sociales-a-mayores\\\/\",\"name\":\"Pamplona consolida la gratuidad de la escolaridad en escuelas infantiles y congela las tarifas de servicios sociales a mayores\",\"isPartOf\":{\"@id\":\"https:\\\/\\\/www.laguiadepamplona.com\\\/actualidad\\\/#website\"},\"primaryImageOfPage\":{\"@id\":\"https:\\\/\\\/www.laguiadepamplona.com\\\/actualidad\\\/pamplona-consolida-la-gratuidad-de-la-escolaridad-en-escuelas-infantiles-y-congela-las-tarifas-de-servicios-sociales-a-mayores\\\/#primaryimage\"},\"image\":{\"@id\":\"https:\\\/\\\/www.laguiadepamplona.com\\\/actualidad\\\/pamplona-consolida-la-gratuidad-de-la-escolaridad-en-escuelas-infantiles-y-congela-las-tarifas-de-servicios-sociales-a-mayores\\\/#primaryimage\"},\"thumbnailUrl\":\"https:\\\/\\\/www.laguiadepamplona.com\\\/actualidad\\\/wp-content\\\/uploads\\\/2022\\\/05\\\/obras-escuela-infantil-lezkairu-copia.webp\",\"datePublished\":\"2023-09-26T16:18:26+00:00\",\"description\":\"Se reduce al m\u00ednimo el tipo de gravamen del impuesto de viviendas deshabitadas y se congelan el resto de impuestos\",\"breadcrumb\":{\"@id\":\"https:\\\/\\\/www.laguiadepamplona.com\\\/actualidad\\\/pamplona-consolida-la-gratuidad-de-la-escolaridad-en-escuelas-infantiles-y-congela-las-tarifas-de-servicios-sociales-a-mayores\\\/#breadcrumb\"},\"inLanguage\":\"es\",\"potentialAction\":[{\"@type\":\"ReadAction\",\"target\":[\"https:\\\/\\\/www.laguiadepamplona.com\\\/actualidad\\\/pamplona-consolida-la-gratuidad-de-la-escolaridad-en-escuelas-infantiles-y-congela-las-tarifas-de-servicios-sociales-a-mayores\\\/\"]}]},{\"@type\":\"ImageObject\",\"inLanguage\":\"es\",\"@id\":\"https:\\\/\\\/www.laguiadepamplona.com\\\/actualidad\\\/pamplona-consolida-la-gratuidad-de-la-escolaridad-en-escuelas-infantiles-y-congela-las-tarifas-de-servicios-sociales-a-mayores\\\/#primaryimage\",\"url\":\"https:\\\/\\\/www.laguiadepamplona.com\\\/actualidad\\\/wp-content\\\/uploads\\\/2022\\\/05\\\/obras-escuela-infantil-lezkairu-copia.webp\",\"contentUrl\":\"https:\\\/\\\/www.laguiadepamplona.com\\\/actualidad\\\/wp-content\\\/uploads\\\/2022\\\/05\\\/obras-escuela-infantil-lezkairu-copia.webp\",\"width\":1920,\"height\":1281},{\"@type\":\"BreadcrumbList\",\"@id\":\"https:\\\/\\\/www.laguiadepamplona.com\\\/actualidad\\\/pamplona-consolida-la-gratuidad-de-la-escolaridad-en-escuelas-infantiles-y-congela-las-tarifas-de-servicios-sociales-a-mayores\\\/#breadcrumb\",\"itemListElement\":[{\"@type\":\"ListItem\",\"position\":1,\"name\":\"Portada\",\"item\":\"https:\\\/\\\/www.laguiadepamplona.com\\\/actualidad\\\/\"},{\"@type\":\"ListItem\",\"position\":2,\"name\":\"Pamplona consolida la gratuidad de la escolaridad en escuelas infantiles y congela las tarifas de servicios sociales a mayores\"}]},{\"@type\":\"WebSite\",\"@id\":\"https:\\\/\\\/www.laguiadepamplona.com\\\/actualidad\\\/#website\",\"url\":\"https:\\\/\\\/www.laguiadepamplona.com\\\/actualidad\\\/\",\"name\":\"La gu\u00eda de Pamplona\",\"description\":\"Noticias de Pamplona\",\"publisher\":{\"@id\":\"https:\\\/\\\/www.laguiadepamplona.com\\\/actualidad\\\/#organization\"},\"potentialAction\":[{\"@type\":\"SearchAction\",\"target\":{\"@type\":\"EntryPoint\",\"urlTemplate\":\"https:\\\/\\\/www.laguiadepamplona.com\\\/actualidad\\\/?s={search_term_string}\"},\"query-input\":{\"@type\":\"PropertyValueSpecification\",\"valueRequired\":true,\"valueName\":\"search_term_string\"}}],\"inLanguage\":\"es\"},{\"@type\":\"Organization\",\"@id\":\"https:\\\/\\\/www.laguiadepamplona.com\\\/actualidad\\\/#organization\",\"name\":\"La Gu\u00eda de Pamplona \\\/ Noticias\",\"url\":\"https:\\\/\\\/www.laguiadepamplona.com\\\/actualidad\\\/\",\"logo\":{\"@type\":\"ImageObject\",\"inLanguage\":\"es\",\"@id\":\"https:\\\/\\\/www.laguiadepamplona.com\\\/actualidad\\\/#\\\/schema\\\/logo\\\/image\\\/\",\"url\":\"https:\\\/\\\/www.laguiadepamplona.com\\\/actualidad\\\/wp-content\\\/uploads\\\/2018\\\/11\\\/logo-laguiadepamplona18-web1.png\",\"contentUrl\":\"https:\\\/\\\/www.laguiadepamplona.com\\\/actualidad\\\/wp-content\\\/uploads\\\/2018\\\/11\\\/logo-laguiadepamplona18-web1.png\",\"width\":600,\"height\":196,\"caption\":\"La Gu\u00eda de Pamplona \\\/ Noticias\"},\"image\":{\"@id\":\"https:\\\/\\\/www.laguiadepamplona.com\\\/actualidad\\\/#\\\/schema\\\/logo\\\/image\\\/\"},\"sameAs\":[\"https:\\\/\\\/www.facebook.com\\\/laguiadepamplonacom-133175176762273\\\/?ref=hl\",\"https:\\\/\\\/x.com\\\/LaGuiadPamplona\",\"https:\\\/\\\/www.instagram.com\\\/la_guia_de_pamplona\\\/\",\"https:\\\/\\\/www.youtube.com\\\/user\\\/laguiadepamplona\"]},{\"@type\":\"Person\",\"@id\":\"https:\\\/\\\/www.laguiadepamplona.com\\\/actualidad\\\/#\\\/schema\\\/person\\\/efe887376f0213d4657c93adc50b1fdb\",\"name\":\"La Gu\u00eda de Pamplona\",\"image\":{\"@type\":\"ImageObject\",\"inLanguage\":\"es\",\"@id\":\"https:\\\/\\\/secure.gravatar.com\\\/avatar\\\/b6992f131dc8d30ab0dff15446e9d346d9dbd95992de0fef795073f5ea83a81c?s=96&d=mm&r=g\",\"url\":\"https:\\\/\\\/secure.gravatar.com\\\/avatar\\\/b6992f131dc8d30ab0dff15446e9d346d9dbd95992de0fef795073f5ea83a81c?s=96&d=mm&r=g\",\"contentUrl\":\"https:\\\/\\\/secure.gravatar.com\\\/avatar\\\/b6992f131dc8d30ab0dff15446e9d346d9dbd95992de0fef795073f5ea83a81c?s=96&d=mm&r=g\",\"caption\":\"La Gu\u00eda de Pamplona\"}}]}<\/script>\n<!-- \/ Yoast SEO plugin. -->","yoast_head_json":{"title":"Pamplona consolida la gratuidad de la escolaridad en escuelas infantiles y congela las tarifas de servicios sociales a mayores","description":"Se reduce al m\u00ednimo el tipo de gravamen del impuesto de viviendas deshabitadas y se congelan el resto de impuestos","robots":{"index":"index","follow":"follow","max-snippet":"max-snippet:-1","max-image-preview":"max-image-preview:large","max-video-preview":"max-video-preview:-1"},"canonical":"https:\/\/www.laguiadepamplona.com\/actualidad\/pamplona-consolida-la-gratuidad-de-la-escolaridad-en-escuelas-infantiles-y-congela-las-tarifas-de-servicios-sociales-a-mayores\/","og_locale":"es_ES","og_type":"article","og_title":"Pamplona consolida la gratuidad de la escolaridad en escuelas infantiles y congela las tarifas de servicios sociales a mayores","og_description":"Se reduce al m\u00ednimo el tipo de gravamen del impuesto de viviendas deshabitadas y se congelan el resto de impuestos","og_url":"https:\/\/www.laguiadepamplona.com\/actualidad\/pamplona-consolida-la-gratuidad-de-la-escolaridad-en-escuelas-infantiles-y-congela-las-tarifas-de-servicios-sociales-a-mayores\/","og_site_name":"La Gu\u00eda de Pamplona","article_publisher":"https:\/\/www.facebook.com\/laguiadepamplonacom-133175176762273\/?ref=hl","article_published_time":"2023-09-26T16:18:26+00:00","og_image":[{"width":1920,"height":1281,"url":"https:\/\/www.laguiadepamplona.com\/actualidad\/wp-content\/uploads\/2022\/05\/obras-escuela-infantil-lezkairu-copia.webp","type":"image\/webp"}],"author":"La Gu\u00eda de Pamplona","twitter_card":"summary_large_image","twitter_creator":"@LaGuiadPamplona","twitter_site":"@LaGuiadPamplona","twitter_misc":{"Escrito por":"La Gu\u00eda de Pamplona","Tiempo de lectura":"5 minutos"},"schema":{"@context":"https:\/\/schema.org","@graph":[{"@type":"Article","@id":"https:\/\/www.laguiadepamplona.com\/actualidad\/pamplona-consolida-la-gratuidad-de-la-escolaridad-en-escuelas-infantiles-y-congela-las-tarifas-de-servicios-sociales-a-mayores\/#article","isPartOf":{"@id":"https:\/\/www.laguiadepamplona.com\/actualidad\/pamplona-consolida-la-gratuidad-de-la-escolaridad-en-escuelas-infantiles-y-congela-las-tarifas-de-servicios-sociales-a-mayores\/"},"author":{"name":"La Gu\u00eda de Pamplona","@id":"https:\/\/www.laguiadepamplona.com\/actualidad\/#\/schema\/person\/efe887376f0213d4657c93adc50b1fdb"},"headline":"Pamplona consolida la gratuidad de la escolaridad en escuelas infantiles y congela las tarifas de servicios sociales a mayores","datePublished":"2023-09-26T16:18:26+00:00","mainEntityOfPage":{"@id":"https:\/\/www.laguiadepamplona.com\/actualidad\/pamplona-consolida-la-gratuidad-de-la-escolaridad-en-escuelas-infantiles-y-congela-las-tarifas-de-servicios-sociales-a-mayores\/"},"wordCount":973,"commentCount":0,"publisher":{"@id":"https:\/\/www.laguiadepamplona.com\/actualidad\/#organization"},"image":{"@id":"https:\/\/www.laguiadepamplona.com\/actualidad\/pamplona-consolida-la-gratuidad-de-la-escolaridad-en-escuelas-infantiles-y-congela-las-tarifas-de-servicios-sociales-a-mayores\/#primaryimage"},"thumbnailUrl":"https:\/\/www.laguiadepamplona.com\/actualidad\/wp-content\/uploads\/2022\/05\/obras-escuela-infantil-lezkairu-copia.webp","articleSection":["Ayto Pamplona"],"inLanguage":"es","potentialAction":[{"@type":"CommentAction","name":"Comment","target":["https:\/\/www.laguiadepamplona.com\/actualidad\/pamplona-consolida-la-gratuidad-de-la-escolaridad-en-escuelas-infantiles-y-congela-las-tarifas-de-servicios-sociales-a-mayores\/#respond"]}]},{"@type":"WebPage","@id":"https:\/\/www.laguiadepamplona.com\/actualidad\/pamplona-consolida-la-gratuidad-de-la-escolaridad-en-escuelas-infantiles-y-congela-las-tarifas-de-servicios-sociales-a-mayores\/","url":"https:\/\/www.laguiadepamplona.com\/actualidad\/pamplona-consolida-la-gratuidad-de-la-escolaridad-en-escuelas-infantiles-y-congela-las-tarifas-de-servicios-sociales-a-mayores\/","name":"Pamplona consolida la gratuidad de la escolaridad en escuelas infantiles y congela las tarifas de servicios sociales a mayores","isPartOf":{"@id":"https:\/\/www.laguiadepamplona.com\/actualidad\/#website"},"primaryImageOfPage":{"@id":"https:\/\/www.laguiadepamplona.com\/actualidad\/pamplona-consolida-la-gratuidad-de-la-escolaridad-en-escuelas-infantiles-y-congela-las-tarifas-de-servicios-sociales-a-mayores\/#primaryimage"},"image":{"@id":"https:\/\/www.laguiadepamplona.com\/actualidad\/pamplona-consolida-la-gratuidad-de-la-escolaridad-en-escuelas-infantiles-y-congela-las-tarifas-de-servicios-sociales-a-mayores\/#primaryimage"},"thumbnailUrl":"https:\/\/www.laguiadepamplona.com\/actualidad\/wp-content\/uploads\/2022\/05\/obras-escuela-infantil-lezkairu-copia.webp","datePublished":"2023-09-26T16:18:26+00:00","description":"Se reduce al m\u00ednimo el tipo de gravamen del impuesto de viviendas deshabitadas y se congelan el resto de impuestos","breadcrumb":{"@id":"https:\/\/www.laguiadepamplona.com\/actualidad\/pamplona-consolida-la-gratuidad-de-la-escolaridad-en-escuelas-infantiles-y-congela-las-tarifas-de-servicios-sociales-a-mayores\/#breadcrumb"},"inLanguage":"es","potentialAction":[{"@type":"ReadAction","target":["https:\/\/www.laguiadepamplona.com\/actualidad\/pamplona-consolida-la-gratuidad-de-la-escolaridad-en-escuelas-infantiles-y-congela-las-tarifas-de-servicios-sociales-a-mayores\/"]}]},{"@type":"ImageObject","inLanguage":"es","@id":"https:\/\/www.laguiadepamplona.com\/actualidad\/pamplona-consolida-la-gratuidad-de-la-escolaridad-en-escuelas-infantiles-y-congela-las-tarifas-de-servicios-sociales-a-mayores\/#primaryimage","url":"https:\/\/www.laguiadepamplona.com\/actualidad\/wp-content\/uploads\/2022\/05\/obras-escuela-infantil-lezkairu-copia.webp","contentUrl":"https:\/\/www.laguiadepamplona.com\/actualidad\/wp-content\/uploads\/2022\/05\/obras-escuela-infantil-lezkairu-copia.webp","width":1920,"height":1281},{"@type":"BreadcrumbList","@id":"https:\/\/www.laguiadepamplona.com\/actualidad\/pamplona-consolida-la-gratuidad-de-la-escolaridad-en-escuelas-infantiles-y-congela-las-tarifas-de-servicios-sociales-a-mayores\/#breadcrumb","itemListElement":[{"@type":"ListItem","position":1,"name":"Portada","item":"https:\/\/www.laguiadepamplona.com\/actualidad\/"},{"@type":"ListItem","position":2,"name":"Pamplona consolida la gratuidad de la escolaridad en escuelas infantiles y congela las tarifas de servicios sociales a mayores"}]},{"@type":"WebSite","@id":"https:\/\/www.laguiadepamplona.com\/actualidad\/#website","url":"https:\/\/www.laguiadepamplona.com\/actualidad\/","name":"La gu\u00eda de Pamplona","description":"Noticias de Pamplona","publisher":{"@id":"https:\/\/www.laguiadepamplona.com\/actualidad\/#organization"},"potentialAction":[{"@type":"SearchAction","target":{"@type":"EntryPoint","urlTemplate":"https:\/\/www.laguiadepamplona.com\/actualidad\/?s={search_term_string}"},"query-input":{"@type":"PropertyValueSpecification","valueRequired":true,"valueName":"search_term_string"}}],"inLanguage":"es"},{"@type":"Organization","@id":"https:\/\/www.laguiadepamplona.com\/actualidad\/#organization","name":"La Gu\u00eda de Pamplona \/ Noticias","url":"https:\/\/www.laguiadepamplona.com\/actualidad\/","logo":{"@type":"ImageObject","inLanguage":"es","@id":"https:\/\/www.laguiadepamplona.com\/actualidad\/#\/schema\/logo\/image\/","url":"https:\/\/www.laguiadepamplona.com\/actualidad\/wp-content\/uploads\/2018\/11\/logo-laguiadepamplona18-web1.png","contentUrl":"https:\/\/www.laguiadepamplona.com\/actualidad\/wp-content\/uploads\/2018\/11\/logo-laguiadepamplona18-web1.png","width":600,"height":196,"caption":"La Gu\u00eda de Pamplona \/ Noticias"},"image":{"@id":"https:\/\/www.laguiadepamplona.com\/actualidad\/#\/schema\/logo\/image\/"},"sameAs":["https:\/\/www.facebook.com\/laguiadepamplonacom-133175176762273\/?ref=hl","https:\/\/x.com\/LaGuiadPamplona","https:\/\/www.instagram.com\/la_guia_de_pamplona\/","https:\/\/www.youtube.com\/user\/laguiadepamplona"]},{"@type":"Person","@id":"https:\/\/www.laguiadepamplona.com\/actualidad\/#\/schema\/person\/efe887376f0213d4657c93adc50b1fdb","name":"La Gu\u00eda de Pamplona","image":{"@type":"ImageObject","inLanguage":"es","@id":"https:\/\/secure.gravatar.com\/avatar\/b6992f131dc8d30ab0dff15446e9d346d9dbd95992de0fef795073f5ea83a81c?s=96&d=mm&r=g","url":"https:\/\/secure.gravatar.com\/avatar\/b6992f131dc8d30ab0dff15446e9d346d9dbd95992de0fef795073f5ea83a81c?s=96&d=mm&r=g","contentUrl":"https:\/\/secure.gravatar.com\/avatar\/b6992f131dc8d30ab0dff15446e9d346d9dbd95992de0fef795073f5ea83a81c?s=96&d=mm&r=g","caption":"La Gu\u00eda de Pamplona"}}]}},"post_mailing_queue_ids":[],"_links":{"self":[{"href":"https:\/\/www.laguiadepamplona.com\/actualidad\/wp-json\/wp\/v2\/posts\/47436","targetHints":{"allow":["GET"]}}],"collection":[{"href":"https:\/\/www.laguiadepamplona.com\/actualidad\/wp-json\/wp\/v2\/posts"}],"about":[{"href":"https:\/\/www.laguiadepamplona.com\/actualidad\/wp-json\/wp\/v2\/types\/post"}],"author":[{"embeddable":true,"href":"https:\/\/www.laguiadepamplona.com\/actualidad\/wp-json\/wp\/v2\/users\/1"}],"replies":[{"embeddable":true,"href":"https:\/\/www.laguiadepamplona.com\/actualidad\/wp-json\/wp\/v2\/comments?post=47436"}],"version-history":[{"count":1,"href":"https:\/\/www.laguiadepamplona.com\/actualidad\/wp-json\/wp\/v2\/posts\/47436\/revisions"}],"predecessor-version":[{"id":47437,"href":"https:\/\/www.laguiadepamplona.com\/actualidad\/wp-json\/wp\/v2\/posts\/47436\/revisions\/47437"}],"wp:featuredmedia":[{"embeddable":true,"href":"https:\/\/www.laguiadepamplona.com\/actualidad\/wp-json\/wp\/v2\/media\/40295"}],"wp:attachment":[{"href":"https:\/\/www.laguiadepamplona.com\/actualidad\/wp-json\/wp\/v2\/media?parent=47436"}],"wp:term":[{"taxonomy":"category","embeddable":true,"href":"https:\/\/www.laguiadepamplona.com\/actualidad\/wp-json\/wp\/v2\/categories?post=47436"},{"taxonomy":"post_tag","embeddable":true,"href":"https:\/\/www.laguiadepamplona.com\/actualidad\/wp-json\/wp\/v2\/tags?post=47436"}],"curies":[{"name":"wp","href":"https:\/\/api.w.org\/{rel}","templated":true}]}}