{"id":47434,"date":"2023-09-26T18:15:00","date_gmt":"2023-09-26T16:15:00","guid":{"rendered":"https:\/\/www.laguiadepamplona.com\/actualidad\/?p=47434"},"modified":"2023-09-26T18:15:00","modified_gmt":"2023-09-26T16:15:00","slug":"el-ayuntamiento-oferta-dos-nuevos-talleres-gratuitos-para-que-los-mayores-de-65-anos-trabajen-su-bienestar-personal-y-mejoren-la-comunicacion-interpersonal","status":"publish","type":"post","link":"https:\/\/www.laguiadepamplona.com\/actualidad\/el-ayuntamiento-oferta-dos-nuevos-talleres-gratuitos-para-que-los-mayores-de-65-anos-trabajen-su-bienestar-personal-y-mejoren-la-comunicacion-interpersonal\/","title":{"rendered":"El Ayuntamiento oferta dos nuevos talleres gratuitos para que los mayores de 65 a\u00f1os trabajen su bienestar personal y mejoren la comunicaci\u00f3n interpersonal"},"content":{"rendered":"<h3>Las inscripciones se abren este mi\u00e9rcoles en el tel\u00e9fono 948 24 30 40 y las plazas se adjudican por orden de llamada<\/h3>\n<p><!--more--><\/p>\n<p>El Ayuntamiento de Pamplona propone este oto\u00f1o una nueva edici\u00f3n de los talleres gratuitos para trabajar el bienestar personal y mejorar la comunicaci\u00f3n interpersonal. Estos talleres, dirigidos a personas mayores de 65 a\u00f1os, se celebran en el Centro San Juan Bosco y el local intergeneracional Santa Mar\u00eda la Real, respectivamente, en horario de ma\u00f1ana, de 10.30 a 12.30 horas.<\/p>\n<p>Las inscripciones para los dos talleres se abren este mi\u00e9rcoles en el tel\u00e9fono 948 24 30 40 y las plazas se adjudican por orden de llamada, con prioridad para las personas empadronadas en Pamplona. Cada taller consta de cuatro sesiones de dos horas y se desarrollan en los meses de octubre y noviembre.<br \/>\n<script async src=\"\/\/pagead2.googlesyndication.com\/pagead\/js\/adsbygoogle.js\"><\/script><br \/>\n<!-- Noticias La Guia de Pamplona --><br \/>\n<ins class=\"adsbygoogle\"\nstyle=\"display:block\"\ndata-ad-client=\"ca-pub-6943679897239327\"\ndata-ad-slot=\"7048180777\"\ndata-ad-format=\"auto\"><\/ins><br \/>\n<script>\n(adsbygoogle = window.adsbygoogle || []).push({});\n<\/script><\/p>\n<p>Los talleres se organizan junto al Tel\u00e9fono de la Esperanza con la colaboraci\u00f3n del Gobierno de Navarra y se enmarcan en la estrategia \u2018Pamplona te cuida\u2019, que agrupa toda la oferta municipal para las personas mayores de la ciudad.<\/p>\n<p>El taller \u2018Trabajar el bienestar personal\u2019 est\u00e1 previsto para los martes 17 y 24 de octubre, y 7 y 14 de noviembre, en el Centro San Juan Bosco (calle San Juan Bosco 15), en el barrio de Iturrama. En \u00e9l se abordar\u00e1n los temas del autocuidado, c\u00f3mo afrontar pensamientos limitantes y c\u00f3mo fomentar relaciones sociales saludables y positivas. Adem\u00e1s, se analizar\u00e1 como aportar a la sociedad desde la experiencia personal de las personas participantes.<\/p>\n<p>La segunda oferta es el taller para \u2018Mejorar la comunicaci\u00f3n interpersonal\u2019, los jueves 19 y 26 de octubre, y 2 y 9 de noviembre, en el local intergeneracional Santa Mar\u00eda la Real (calle Mutilva Baja 19). Este taller aborda formas de comunicarse con las dem\u00e1s personas, la importancia del lenguaje verbal y no verbal, y c\u00f3mo mejorar la competencia comunicativa en general.<br \/>\n<script async src=\"\/\/pagead2.googlesyndication.com\/pagead\/js\/adsbygoogle.js\"><\/script><br \/>\n<!-- Noticias La Guia de Pamplona --><br \/>\n<ins class=\"adsbygoogle\"\nstyle=\"display:block\"\ndata-ad-client=\"ca-pub-6943679897239327\"\ndata-ad-slot=\"7048180777\"\ndata-ad-format=\"auto\"><\/ins><br \/>\n<script>\n(adsbygoogle = window.adsbygoogle || []).push({});\n<\/script><\/p>\n<p>&nbsp;<\/p>\n<p><strong>Talleres Gratuitos Para Mayores de 65 A\u00f1os<\/strong><\/p>\n<ul>\n<li>Trabajar el bienestar personal\n<ul>\n<li>Fechas: martes 17 y 24 de octubre, y 7 y 14 de noviembre<\/li>\n<li>Horario: 10.30 \u2013 12.30<\/li>\n<li>Lugar: Centro San Juan Bosco (calle San Juan Bosco 15)<\/li>\n<\/ul>\n<\/li>\n<li>Mejorar la comunicaci\u00f3n interpersonal\n<ul>\n<li>Fechas: jueves 19 y 26 de octubre, y 2 y 9 de noviembre<\/li>\n<li>Horario: 10.30 \u2013 12.30<\/li>\n<li>Lugar: Local intergeneracional Santa Mar\u00eda la Real (Calle Mutilva Baja 19)<\/li>\n<\/ul>\n<\/li>\n<\/ul>\n","protected":false},"excerpt":{"rendered":"<p>Las inscripciones se abren este mi\u00e9rcoles en el tel\u00e9fono 948 24 30 40 y las plazas se adjudican por orden de llamada<\/p>\n","protected":false},"author":1,"featured_media":46364,"comment_status":"open","ping_status":"closed","sticky":false,"template":"","format":"standard","meta":{"footnotes":""},"categories":[2],"tags":[],"class_list":["post-47434","post","type-post","status-publish","format-standard","has-post-thumbnail","hentry","category-ayuntamiento-pamplona"],"yoast_head":"<!-- This site is optimized with the Yoast SEO plugin v27.3 - https:\/\/yoast.com\/product\/yoast-seo-wordpress\/ -->\n<title>El Ayuntamiento oferta dos nuevos talleres gratuitos para que los mayores de 65 a\u00f1os trabajen su bienestar personal y mejoren la comunicaci\u00f3n interpersonal<\/title>\n<meta name=\"description\" content=\"Las inscripciones se abren este mi\u00e9rcoles en el tel\u00e9fono 948 24 30 40 y las plazas se adjudican por orden de llamada\" \/>\n<meta name=\"robots\" content=\"index, follow, max-snippet:-1, max-image-preview:large, max-video-preview:-1\" \/>\n<link rel=\"canonical\" href=\"https:\/\/www.laguiadepamplona.com\/actualidad\/el-ayuntamiento-oferta-dos-nuevos-talleres-gratuitos-para-que-los-mayores-de-65-anos-trabajen-su-bienestar-personal-y-mejoren-la-comunicacion-interpersonal\/\" \/>\n<meta property=\"og:locale\" content=\"es_ES\" \/>\n<meta property=\"og:type\" content=\"article\" \/>\n<meta property=\"og:title\" content=\"El Ayuntamiento oferta dos nuevos talleres gratuitos para que los mayores de 65 a\u00f1os trabajen su bienestar personal y mejoren la comunicaci\u00f3n interpersonal\" \/>\n<meta property=\"og:description\" content=\"Las inscripciones se abren este mi\u00e9rcoles en el tel\u00e9fono 948 24 30 40 y las plazas se adjudican por orden de llamada\" \/>\n<meta property=\"og:url\" content=\"https:\/\/www.laguiadepamplona.com\/actualidad\/el-ayuntamiento-oferta-dos-nuevos-talleres-gratuitos-para-que-los-mayores-de-65-anos-trabajen-su-bienestar-personal-y-mejoren-la-comunicacion-interpersonal\/\" \/>\n<meta property=\"og:site_name\" content=\"La Gu\u00eda de Pamplona\" \/>\n<meta property=\"article:publisher\" content=\"https:\/\/www.facebook.com\/laguiadepamplonacom-133175176762273\/?ref=hl\" \/>\n<meta property=\"article:published_time\" content=\"2023-09-26T16:15:00+00:00\" \/>\n<meta property=\"og:image\" content=\"https:\/\/www.laguiadepamplona.com\/actualidad\/wp-content\/uploads\/2023\/04\/cuidando.jpg\" \/>\n\t<meta property=\"og:image:width\" content=\"538\" \/>\n\t<meta property=\"og:image:height\" content=\"398\" \/>\n\t<meta property=\"og:image:type\" content=\"image\/jpeg\" \/>\n<meta name=\"author\" content=\"La Gu\u00eda de Pamplona\" \/>\n<meta name=\"twitter:card\" content=\"summary_large_image\" \/>\n<meta name=\"twitter:creator\" content=\"@LaGuiadPamplona\" \/>\n<meta name=\"twitter:site\" content=\"@LaGuiadPamplona\" \/>\n<meta name=\"twitter:label1\" content=\"Escrito por\" \/>\n\t<meta name=\"twitter:data1\" content=\"La Gu\u00eda de Pamplona\" \/>\n\t<meta name=\"twitter:label2\" content=\"Tiempo de lectura\" \/>\n\t<meta name=\"twitter:data2\" content=\"2 minutos\" \/>\n<script type=\"application\/ld+json\" class=\"yoast-schema-graph\">{\"@context\":\"https:\\\/\\\/schema.org\",\"@graph\":[{\"@type\":\"Article\",\"@id\":\"https:\\\/\\\/www.laguiadepamplona.com\\\/actualidad\\\/el-ayuntamiento-oferta-dos-nuevos-talleres-gratuitos-para-que-los-mayores-de-65-anos-trabajen-su-bienestar-personal-y-mejoren-la-comunicacion-interpersonal\\\/#article\",\"isPartOf\":{\"@id\":\"https:\\\/\\\/www.laguiadepamplona.com\\\/actualidad\\\/el-ayuntamiento-oferta-dos-nuevos-talleres-gratuitos-para-que-los-mayores-de-65-anos-trabajen-su-bienestar-personal-y-mejoren-la-comunicacion-interpersonal\\\/\"},\"author\":{\"name\":\"La Gu\u00eda de Pamplona\",\"@id\":\"https:\\\/\\\/www.laguiadepamplona.com\\\/actualidad\\\/#\\\/schema\\\/person\\\/efe887376f0213d4657c93adc50b1fdb\"},\"headline\":\"El Ayuntamiento oferta dos nuevos talleres gratuitos para que los mayores de 65 a\u00f1os trabajen su bienestar personal y mejoren la comunicaci\u00f3n interpersonal\",\"datePublished\":\"2023-09-26T16:15:00+00:00\",\"mainEntityOfPage\":{\"@id\":\"https:\\\/\\\/www.laguiadepamplona.com\\\/actualidad\\\/el-ayuntamiento-oferta-dos-nuevos-talleres-gratuitos-para-que-los-mayores-de-65-anos-trabajen-su-bienestar-personal-y-mejoren-la-comunicacion-interpersonal\\\/\"},\"wordCount\":389,\"commentCount\":0,\"publisher\":{\"@id\":\"https:\\\/\\\/www.laguiadepamplona.com\\\/actualidad\\\/#organization\"},\"image\":{\"@id\":\"https:\\\/\\\/www.laguiadepamplona.com\\\/actualidad\\\/el-ayuntamiento-oferta-dos-nuevos-talleres-gratuitos-para-que-los-mayores-de-65-anos-trabajen-su-bienestar-personal-y-mejoren-la-comunicacion-interpersonal\\\/#primaryimage\"},\"thumbnailUrl\":\"https:\\\/\\\/www.laguiadepamplona.com\\\/actualidad\\\/wp-content\\\/uploads\\\/2023\\\/04\\\/cuidando.jpg\",\"articleSection\":[\"Ayto Pamplona\"],\"inLanguage\":\"es\",\"potentialAction\":[{\"@type\":\"CommentAction\",\"name\":\"Comment\",\"target\":[\"https:\\\/\\\/www.laguiadepamplona.com\\\/actualidad\\\/el-ayuntamiento-oferta-dos-nuevos-talleres-gratuitos-para-que-los-mayores-de-65-anos-trabajen-su-bienestar-personal-y-mejoren-la-comunicacion-interpersonal\\\/#respond\"]}]},{\"@type\":\"WebPage\",\"@id\":\"https:\\\/\\\/www.laguiadepamplona.com\\\/actualidad\\\/el-ayuntamiento-oferta-dos-nuevos-talleres-gratuitos-para-que-los-mayores-de-65-anos-trabajen-su-bienestar-personal-y-mejoren-la-comunicacion-interpersonal\\\/\",\"url\":\"https:\\\/\\\/www.laguiadepamplona.com\\\/actualidad\\\/el-ayuntamiento-oferta-dos-nuevos-talleres-gratuitos-para-que-los-mayores-de-65-anos-trabajen-su-bienestar-personal-y-mejoren-la-comunicacion-interpersonal\\\/\",\"name\":\"El Ayuntamiento oferta dos nuevos talleres gratuitos para que los mayores de 65 a\u00f1os trabajen su bienestar personal y mejoren la comunicaci\u00f3n interpersonal\",\"isPartOf\":{\"@id\":\"https:\\\/\\\/www.laguiadepamplona.com\\\/actualidad\\\/#website\"},\"primaryImageOfPage\":{\"@id\":\"https:\\\/\\\/www.laguiadepamplona.com\\\/actualidad\\\/el-ayuntamiento-oferta-dos-nuevos-talleres-gratuitos-para-que-los-mayores-de-65-anos-trabajen-su-bienestar-personal-y-mejoren-la-comunicacion-interpersonal\\\/#primaryimage\"},\"image\":{\"@id\":\"https:\\\/\\\/www.laguiadepamplona.com\\\/actualidad\\\/el-ayuntamiento-oferta-dos-nuevos-talleres-gratuitos-para-que-los-mayores-de-65-anos-trabajen-su-bienestar-personal-y-mejoren-la-comunicacion-interpersonal\\\/#primaryimage\"},\"thumbnailUrl\":\"https:\\\/\\\/www.laguiadepamplona.com\\\/actualidad\\\/wp-content\\\/uploads\\\/2023\\\/04\\\/cuidando.jpg\",\"datePublished\":\"2023-09-26T16:15:00+00:00\",\"description\":\"Las inscripciones se abren este mi\u00e9rcoles en el tel\u00e9fono 948 24 30 40 y las plazas se adjudican por orden de llamada\",\"breadcrumb\":{\"@id\":\"https:\\\/\\\/www.laguiadepamplona.com\\\/actualidad\\\/el-ayuntamiento-oferta-dos-nuevos-talleres-gratuitos-para-que-los-mayores-de-65-anos-trabajen-su-bienestar-personal-y-mejoren-la-comunicacion-interpersonal\\\/#breadcrumb\"},\"inLanguage\":\"es\",\"potentialAction\":[{\"@type\":\"ReadAction\",\"target\":[\"https:\\\/\\\/www.laguiadepamplona.com\\\/actualidad\\\/el-ayuntamiento-oferta-dos-nuevos-talleres-gratuitos-para-que-los-mayores-de-65-anos-trabajen-su-bienestar-personal-y-mejoren-la-comunicacion-interpersonal\\\/\"]}]},{\"@type\":\"ImageObject\",\"inLanguage\":\"es\",\"@id\":\"https:\\\/\\\/www.laguiadepamplona.com\\\/actualidad\\\/el-ayuntamiento-oferta-dos-nuevos-talleres-gratuitos-para-que-los-mayores-de-65-anos-trabajen-su-bienestar-personal-y-mejoren-la-comunicacion-interpersonal\\\/#primaryimage\",\"url\":\"https:\\\/\\\/www.laguiadepamplona.com\\\/actualidad\\\/wp-content\\\/uploads\\\/2023\\\/04\\\/cuidando.jpg\",\"contentUrl\":\"https:\\\/\\\/www.laguiadepamplona.com\\\/actualidad\\\/wp-content\\\/uploads\\\/2023\\\/04\\\/cuidando.jpg\",\"width\":538,\"height\":398},{\"@type\":\"BreadcrumbList\",\"@id\":\"https:\\\/\\\/www.laguiadepamplona.com\\\/actualidad\\\/el-ayuntamiento-oferta-dos-nuevos-talleres-gratuitos-para-que-los-mayores-de-65-anos-trabajen-su-bienestar-personal-y-mejoren-la-comunicacion-interpersonal\\\/#breadcrumb\",\"itemListElement\":[{\"@type\":\"ListItem\",\"position\":1,\"name\":\"Portada\",\"item\":\"https:\\\/\\\/www.laguiadepamplona.com\\\/actualidad\\\/\"},{\"@type\":\"ListItem\",\"position\":2,\"name\":\"El Ayuntamiento oferta dos nuevos talleres gratuitos para que los mayores de 65 a\u00f1os trabajen su bienestar personal y mejoren la comunicaci\u00f3n interpersonal\"}]},{\"@type\":\"WebSite\",\"@id\":\"https:\\\/\\\/www.laguiadepamplona.com\\\/actualidad\\\/#website\",\"url\":\"https:\\\/\\\/www.laguiadepamplona.com\\\/actualidad\\\/\",\"name\":\"La gu\u00eda de Pamplona\",\"description\":\"Noticias de Pamplona\",\"publisher\":{\"@id\":\"https:\\\/\\\/www.laguiadepamplona.com\\\/actualidad\\\/#organization\"},\"potentialAction\":[{\"@type\":\"SearchAction\",\"target\":{\"@type\":\"EntryPoint\",\"urlTemplate\":\"https:\\\/\\\/www.laguiadepamplona.com\\\/actualidad\\\/?s={search_term_string}\"},\"query-input\":{\"@type\":\"PropertyValueSpecification\",\"valueRequired\":true,\"valueName\":\"search_term_string\"}}],\"inLanguage\":\"es\"},{\"@type\":\"Organization\",\"@id\":\"https:\\\/\\\/www.laguiadepamplona.com\\\/actualidad\\\/#organization\",\"name\":\"La Gu\u00eda de Pamplona \\\/ Noticias\",\"url\":\"https:\\\/\\\/www.laguiadepamplona.com\\\/actualidad\\\/\",\"logo\":{\"@type\":\"ImageObject\",\"inLanguage\":\"es\",\"@id\":\"https:\\\/\\\/www.laguiadepamplona.com\\\/actualidad\\\/#\\\/schema\\\/logo\\\/image\\\/\",\"url\":\"https:\\\/\\\/www.laguiadepamplona.com\\\/actualidad\\\/wp-content\\\/uploads\\\/2018\\\/11\\\/logo-laguiadepamplona18-web1.png\",\"contentUrl\":\"https:\\\/\\\/www.laguiadepamplona.com\\\/actualidad\\\/wp-content\\\/uploads\\\/2018\\\/11\\\/logo-laguiadepamplona18-web1.png\",\"width\":600,\"height\":196,\"caption\":\"La Gu\u00eda de Pamplona \\\/ Noticias\"},\"image\":{\"@id\":\"https:\\\/\\\/www.laguiadepamplona.com\\\/actualidad\\\/#\\\/schema\\\/logo\\\/image\\\/\"},\"sameAs\":[\"https:\\\/\\\/www.facebook.com\\\/laguiadepamplonacom-133175176762273\\\/?ref=hl\",\"https:\\\/\\\/x.com\\\/LaGuiadPamplona\",\"https:\\\/\\\/www.instagram.com\\\/la_guia_de_pamplona\\\/\",\"https:\\\/\\\/www.youtube.com\\\/user\\\/laguiadepamplona\"]},{\"@type\":\"Person\",\"@id\":\"https:\\\/\\\/www.laguiadepamplona.com\\\/actualidad\\\/#\\\/schema\\\/person\\\/efe887376f0213d4657c93adc50b1fdb\",\"name\":\"La Gu\u00eda de Pamplona\",\"image\":{\"@type\":\"ImageObject\",\"inLanguage\":\"es\",\"@id\":\"https:\\\/\\\/secure.gravatar.com\\\/avatar\\\/b6992f131dc8d30ab0dff15446e9d346d9dbd95992de0fef795073f5ea83a81c?s=96&d=mm&r=g\",\"url\":\"https:\\\/\\\/secure.gravatar.com\\\/avatar\\\/b6992f131dc8d30ab0dff15446e9d346d9dbd95992de0fef795073f5ea83a81c?s=96&d=mm&r=g\",\"contentUrl\":\"https:\\\/\\\/secure.gravatar.com\\\/avatar\\\/b6992f131dc8d30ab0dff15446e9d346d9dbd95992de0fef795073f5ea83a81c?s=96&d=mm&r=g\",\"caption\":\"La Gu\u00eda de Pamplona\"}}]}<\/script>\n<!-- \/ Yoast SEO plugin. -->","yoast_head_json":{"title":"El Ayuntamiento oferta dos nuevos talleres gratuitos para que los mayores de 65 a\u00f1os trabajen su bienestar personal y mejoren la comunicaci\u00f3n interpersonal","description":"Las inscripciones se abren este mi\u00e9rcoles en el tel\u00e9fono 948 24 30 40 y las plazas se adjudican por orden de llamada","robots":{"index":"index","follow":"follow","max-snippet":"max-snippet:-1","max-image-preview":"max-image-preview:large","max-video-preview":"max-video-preview:-1"},"canonical":"https:\/\/www.laguiadepamplona.com\/actualidad\/el-ayuntamiento-oferta-dos-nuevos-talleres-gratuitos-para-que-los-mayores-de-65-anos-trabajen-su-bienestar-personal-y-mejoren-la-comunicacion-interpersonal\/","og_locale":"es_ES","og_type":"article","og_title":"El Ayuntamiento oferta dos nuevos talleres gratuitos para que los mayores de 65 a\u00f1os trabajen su bienestar personal y mejoren la comunicaci\u00f3n interpersonal","og_description":"Las inscripciones se abren este mi\u00e9rcoles en el tel\u00e9fono 948 24 30 40 y las plazas se adjudican por orden de llamada","og_url":"https:\/\/www.laguiadepamplona.com\/actualidad\/el-ayuntamiento-oferta-dos-nuevos-talleres-gratuitos-para-que-los-mayores-de-65-anos-trabajen-su-bienestar-personal-y-mejoren-la-comunicacion-interpersonal\/","og_site_name":"La Gu\u00eda de Pamplona","article_publisher":"https:\/\/www.facebook.com\/laguiadepamplonacom-133175176762273\/?ref=hl","article_published_time":"2023-09-26T16:15:00+00:00","og_image":[{"width":538,"height":398,"url":"https:\/\/www.laguiadepamplona.com\/actualidad\/wp-content\/uploads\/2023\/04\/cuidando.jpg","type":"image\/jpeg"}],"author":"La Gu\u00eda de Pamplona","twitter_card":"summary_large_image","twitter_creator":"@LaGuiadPamplona","twitter_site":"@LaGuiadPamplona","twitter_misc":{"Escrito por":"La Gu\u00eda de Pamplona","Tiempo de lectura":"2 minutos"},"schema":{"@context":"https:\/\/schema.org","@graph":[{"@type":"Article","@id":"https:\/\/www.laguiadepamplona.com\/actualidad\/el-ayuntamiento-oferta-dos-nuevos-talleres-gratuitos-para-que-los-mayores-de-65-anos-trabajen-su-bienestar-personal-y-mejoren-la-comunicacion-interpersonal\/#article","isPartOf":{"@id":"https:\/\/www.laguiadepamplona.com\/actualidad\/el-ayuntamiento-oferta-dos-nuevos-talleres-gratuitos-para-que-los-mayores-de-65-anos-trabajen-su-bienestar-personal-y-mejoren-la-comunicacion-interpersonal\/"},"author":{"name":"La Gu\u00eda de Pamplona","@id":"https:\/\/www.laguiadepamplona.com\/actualidad\/#\/schema\/person\/efe887376f0213d4657c93adc50b1fdb"},"headline":"El Ayuntamiento oferta dos nuevos talleres gratuitos para que los mayores de 65 a\u00f1os trabajen su bienestar personal y mejoren la comunicaci\u00f3n interpersonal","datePublished":"2023-09-26T16:15:00+00:00","mainEntityOfPage":{"@id":"https:\/\/www.laguiadepamplona.com\/actualidad\/el-ayuntamiento-oferta-dos-nuevos-talleres-gratuitos-para-que-los-mayores-de-65-anos-trabajen-su-bienestar-personal-y-mejoren-la-comunicacion-interpersonal\/"},"wordCount":389,"commentCount":0,"publisher":{"@id":"https:\/\/www.laguiadepamplona.com\/actualidad\/#organization"},"image":{"@id":"https:\/\/www.laguiadepamplona.com\/actualidad\/el-ayuntamiento-oferta-dos-nuevos-talleres-gratuitos-para-que-los-mayores-de-65-anos-trabajen-su-bienestar-personal-y-mejoren-la-comunicacion-interpersonal\/#primaryimage"},"thumbnailUrl":"https:\/\/www.laguiadepamplona.com\/actualidad\/wp-content\/uploads\/2023\/04\/cuidando.jpg","articleSection":["Ayto Pamplona"],"inLanguage":"es","potentialAction":[{"@type":"CommentAction","name":"Comment","target":["https:\/\/www.laguiadepamplona.com\/actualidad\/el-ayuntamiento-oferta-dos-nuevos-talleres-gratuitos-para-que-los-mayores-de-65-anos-trabajen-su-bienestar-personal-y-mejoren-la-comunicacion-interpersonal\/#respond"]}]},{"@type":"WebPage","@id":"https:\/\/www.laguiadepamplona.com\/actualidad\/el-ayuntamiento-oferta-dos-nuevos-talleres-gratuitos-para-que-los-mayores-de-65-anos-trabajen-su-bienestar-personal-y-mejoren-la-comunicacion-interpersonal\/","url":"https:\/\/www.laguiadepamplona.com\/actualidad\/el-ayuntamiento-oferta-dos-nuevos-talleres-gratuitos-para-que-los-mayores-de-65-anos-trabajen-su-bienestar-personal-y-mejoren-la-comunicacion-interpersonal\/","name":"El Ayuntamiento oferta dos nuevos talleres gratuitos para que los mayores de 65 a\u00f1os trabajen su bienestar personal y mejoren la comunicaci\u00f3n interpersonal","isPartOf":{"@id":"https:\/\/www.laguiadepamplona.com\/actualidad\/#website"},"primaryImageOfPage":{"@id":"https:\/\/www.laguiadepamplona.com\/actualidad\/el-ayuntamiento-oferta-dos-nuevos-talleres-gratuitos-para-que-los-mayores-de-65-anos-trabajen-su-bienestar-personal-y-mejoren-la-comunicacion-interpersonal\/#primaryimage"},"image":{"@id":"https:\/\/www.laguiadepamplona.com\/actualidad\/el-ayuntamiento-oferta-dos-nuevos-talleres-gratuitos-para-que-los-mayores-de-65-anos-trabajen-su-bienestar-personal-y-mejoren-la-comunicacion-interpersonal\/#primaryimage"},"thumbnailUrl":"https:\/\/www.laguiadepamplona.com\/actualidad\/wp-content\/uploads\/2023\/04\/cuidando.jpg","datePublished":"2023-09-26T16:15:00+00:00","description":"Las inscripciones se abren este mi\u00e9rcoles en el tel\u00e9fono 948 24 30 40 y las plazas se adjudican por orden de llamada","breadcrumb":{"@id":"https:\/\/www.laguiadepamplona.com\/actualidad\/el-ayuntamiento-oferta-dos-nuevos-talleres-gratuitos-para-que-los-mayores-de-65-anos-trabajen-su-bienestar-personal-y-mejoren-la-comunicacion-interpersonal\/#breadcrumb"},"inLanguage":"es","potentialAction":[{"@type":"ReadAction","target":["https:\/\/www.laguiadepamplona.com\/actualidad\/el-ayuntamiento-oferta-dos-nuevos-talleres-gratuitos-para-que-los-mayores-de-65-anos-trabajen-su-bienestar-personal-y-mejoren-la-comunicacion-interpersonal\/"]}]},{"@type":"ImageObject","inLanguage":"es","@id":"https:\/\/www.laguiadepamplona.com\/actualidad\/el-ayuntamiento-oferta-dos-nuevos-talleres-gratuitos-para-que-los-mayores-de-65-anos-trabajen-su-bienestar-personal-y-mejoren-la-comunicacion-interpersonal\/#primaryimage","url":"https:\/\/www.laguiadepamplona.com\/actualidad\/wp-content\/uploads\/2023\/04\/cuidando.jpg","contentUrl":"https:\/\/www.laguiadepamplona.com\/actualidad\/wp-content\/uploads\/2023\/04\/cuidando.jpg","width":538,"height":398},{"@type":"BreadcrumbList","@id":"https:\/\/www.laguiadepamplona.com\/actualidad\/el-ayuntamiento-oferta-dos-nuevos-talleres-gratuitos-para-que-los-mayores-de-65-anos-trabajen-su-bienestar-personal-y-mejoren-la-comunicacion-interpersonal\/#breadcrumb","itemListElement":[{"@type":"ListItem","position":1,"name":"Portada","item":"https:\/\/www.laguiadepamplona.com\/actualidad\/"},{"@type":"ListItem","position":2,"name":"El Ayuntamiento oferta dos nuevos talleres gratuitos para que los mayores de 65 a\u00f1os trabajen su bienestar personal y mejoren la comunicaci\u00f3n interpersonal"}]},{"@type":"WebSite","@id":"https:\/\/www.laguiadepamplona.com\/actualidad\/#website","url":"https:\/\/www.laguiadepamplona.com\/actualidad\/","name":"La gu\u00eda de Pamplona","description":"Noticias de Pamplona","publisher":{"@id":"https:\/\/www.laguiadepamplona.com\/actualidad\/#organization"},"potentialAction":[{"@type":"SearchAction","target":{"@type":"EntryPoint","urlTemplate":"https:\/\/www.laguiadepamplona.com\/actualidad\/?s={search_term_string}"},"query-input":{"@type":"PropertyValueSpecification","valueRequired":true,"valueName":"search_term_string"}}],"inLanguage":"es"},{"@type":"Organization","@id":"https:\/\/www.laguiadepamplona.com\/actualidad\/#organization","name":"La Gu\u00eda de Pamplona \/ Noticias","url":"https:\/\/www.laguiadepamplona.com\/actualidad\/","logo":{"@type":"ImageObject","inLanguage":"es","@id":"https:\/\/www.laguiadepamplona.com\/actualidad\/#\/schema\/logo\/image\/","url":"https:\/\/www.laguiadepamplona.com\/actualidad\/wp-content\/uploads\/2018\/11\/logo-laguiadepamplona18-web1.png","contentUrl":"https:\/\/www.laguiadepamplona.com\/actualidad\/wp-content\/uploads\/2018\/11\/logo-laguiadepamplona18-web1.png","width":600,"height":196,"caption":"La Gu\u00eda de Pamplona \/ Noticias"},"image":{"@id":"https:\/\/www.laguiadepamplona.com\/actualidad\/#\/schema\/logo\/image\/"},"sameAs":["https:\/\/www.facebook.com\/laguiadepamplonacom-133175176762273\/?ref=hl","https:\/\/x.com\/LaGuiadPamplona","https:\/\/www.instagram.com\/la_guia_de_pamplona\/","https:\/\/www.youtube.com\/user\/laguiadepamplona"]},{"@type":"Person","@id":"https:\/\/www.laguiadepamplona.com\/actualidad\/#\/schema\/person\/efe887376f0213d4657c93adc50b1fdb","name":"La Gu\u00eda de Pamplona","image":{"@type":"ImageObject","inLanguage":"es","@id":"https:\/\/secure.gravatar.com\/avatar\/b6992f131dc8d30ab0dff15446e9d346d9dbd95992de0fef795073f5ea83a81c?s=96&d=mm&r=g","url":"https:\/\/secure.gravatar.com\/avatar\/b6992f131dc8d30ab0dff15446e9d346d9dbd95992de0fef795073f5ea83a81c?s=96&d=mm&r=g","contentUrl":"https:\/\/secure.gravatar.com\/avatar\/b6992f131dc8d30ab0dff15446e9d346d9dbd95992de0fef795073f5ea83a81c?s=96&d=mm&r=g","caption":"La Gu\u00eda de Pamplona"}}]}},"post_mailing_queue_ids":[],"_links":{"self":[{"href":"https:\/\/www.laguiadepamplona.com\/actualidad\/wp-json\/wp\/v2\/posts\/47434","targetHints":{"allow":["GET"]}}],"collection":[{"href":"https:\/\/www.laguiadepamplona.com\/actualidad\/wp-json\/wp\/v2\/posts"}],"about":[{"href":"https:\/\/www.laguiadepamplona.com\/actualidad\/wp-json\/wp\/v2\/types\/post"}],"author":[{"embeddable":true,"href":"https:\/\/www.laguiadepamplona.com\/actualidad\/wp-json\/wp\/v2\/users\/1"}],"replies":[{"embeddable":true,"href":"https:\/\/www.laguiadepamplona.com\/actualidad\/wp-json\/wp\/v2\/comments?post=47434"}],"version-history":[{"count":1,"href":"https:\/\/www.laguiadepamplona.com\/actualidad\/wp-json\/wp\/v2\/posts\/47434\/revisions"}],"predecessor-version":[{"id":47435,"href":"https:\/\/www.laguiadepamplona.com\/actualidad\/wp-json\/wp\/v2\/posts\/47434\/revisions\/47435"}],"wp:featuredmedia":[{"embeddable":true,"href":"https:\/\/www.laguiadepamplona.com\/actualidad\/wp-json\/wp\/v2\/media\/46364"}],"wp:attachment":[{"href":"https:\/\/www.laguiadepamplona.com\/actualidad\/wp-json\/wp\/v2\/media?parent=47434"}],"wp:term":[{"taxonomy":"category","embeddable":true,"href":"https:\/\/www.laguiadepamplona.com\/actualidad\/wp-json\/wp\/v2\/categories?post=47434"},{"taxonomy":"post_tag","embeddable":true,"href":"https:\/\/www.laguiadepamplona.com\/actualidad\/wp-json\/wp\/v2\/tags?post=47434"}],"curies":[{"name":"wp","href":"https:\/\/api.w.org\/{rel}","templated":true}]}}