{"id":47429,"date":"2023-09-22T13:54:14","date_gmt":"2023-09-22T11:54:14","guid":{"rendered":"https:\/\/www.laguiadepamplona.com\/actualidad\/?p=47429"},"modified":"2023-09-22T13:54:14","modified_gmt":"2023-09-22T11:54:14","slug":"charlas-de-sensibilizacion-lgtbi-talleres-grupos-de-ayuda-mutua-y-encuentros-componen-la-oferta-de-harrotu-para-este-otono","status":"publish","type":"post","link":"https:\/\/www.laguiadepamplona.com\/actualidad\/charlas-de-sensibilizacion-lgtbi-talleres-grupos-de-ayuda-mutua-y-encuentros-componen-la-oferta-de-harrotu-para-este-otono\/","title":{"rendered":"Charlas de sensibilizaci\u00f3n LGTBI+, talleres, grupos de ayuda mutua y encuentros componen la oferta de Harrotu para este oto\u00f1o"},"content":{"rendered":"<h3>Las actividades comenzar\u00e1n el 5 de octubre y se celebrar\u00e1n en la sede de Harrotu, en la calle Gregorio, y en Civivox Condestable<\/h3>\n<p><!--more--><\/p>\n<p>El servicio de informaci\u00f3n, promoci\u00f3n de los derechos y participaci\u00f3n LGTBI del Ayuntamiento de Pamplona, Harrotu, propone para este oto\u00f1o una docena de actividades encaminadas a apoyar a las personas LGTBI y a sensibilizar a la poblaci\u00f3n sobre la diversidad sexual. Entre la programaci\u00f3n, destacan talleres, grupos de ayuda, encuentros, charlas y clubes de lectura. Las actividades, gratuitas, se celebrar\u00e1n mayoritariamente en el centro Harrotu, en la calle San Gregorio, pero tambi\u00e9n Civivox Condestable acoger\u00e1 la proyecci\u00f3n de un documental y su posterior coloquio.<\/p>\n<p>La programaci\u00f3n se articula en cinco programas, y comenzar\u00e1 con el programa de actividades socioculturales LGTBI+, en el que se crear\u00e1 un club de lectura que cada mes analiza un libro en concreto. El 5 de octubre, por ejemplo, se desmigar\u00e1 \u2018La mala costumbre\u2019, de Alana S. Portero. El 9 de noviembre, ser\u00e1 el turno de \u2018Lo que hay\u2019, de Sara Torres. Y el 14 de diciembre se analizar\u00e1 el libro \u2018La revoluci\u00f3n (a)sexual\u2019, de Celia Guti\u00e9rrez. Para participar en el club de lectura, ser\u00e1 necesario inscribirse previamente en Harrotu, donde se celebrar\u00e1n las charlas. Otra de las propuestas de este programa de actividades de sensibilizaci\u00f3n pasa por la proyecci\u00f3n del documental \u2018Monstruo\u2019, que estar\u00e1 acompa\u00f1ado de una charla de Asier Garc\u00eda. En este caso, la cita ser\u00e1 en Civivox Condestable, el 2 de noviembre.<br \/>\n<script async src=\"\/\/pagead2.googlesyndication.com\/pagead\/js\/adsbygoogle.js\"><\/script><br \/>\n<!-- Noticias La Guia de Pamplona --><br \/>\n<ins class=\"adsbygoogle\"\nstyle=\"display:block\"\ndata-ad-client=\"ca-pub-6943679897239327\"\ndata-ad-slot=\"7048180777\"\ndata-ad-format=\"auto\"><\/ins><br \/>\n<script>\n(adsbygoogle = window.adsbygoogle || []).push({});\n<\/script><\/p>\n<p>En lo que se refiere al programa de empoderamiento personal, este oto\u00f1o se retomar\u00e1 el grupo de ayuda mutua para personas LGTBI+, un lugar de encuentro donde, a trav\u00e9s de un proceso grupal se realizar\u00e1 un trabajo de introspecci\u00f3n personal para indagar en las capacidades de cada persona y potenciarlas. Se realizar\u00e1n dos sesiones, el 28 de noviembre y el 26 de diciembre, en castellano y euskera. Asimismo, se han previsto dos talleres, uno sobre la \u2018Conceptualizaci\u00f3n colectiva del no-binarismo en la sociedad actual\u2019, que tendr\u00e1 lugar el 16 de noviembre, y otro titulado \u2018Drag king\u2019, con Mykel McFIT, el 12 de diciembre. Adem\u00e1s, se propone una actividad denominada \u2018El armario de Harrotu\u2019, el 18 de noviembre, un lugar en el que romper los roles de g\u00e9nero imperantes y donde vestirse y expresarse libremente.<\/p>\n<p>A estas acciones de empoderamiento personal, se suman otras de empoderamiento colectivo. En este caso Harrotu apuesta por varios encuentros. Por un lado, el 26 de octubre se organizar\u00e1 un encuentro de personas mayores LGTBI+. Por otro, el 24 de noviembre la cita ser\u00e1 para mujeres lesbianas y bisexuales; el 30 de noviembre se ha previsto un encuentro para las personas migradas LGTBI+ y se prev\u00e9 celebrar otra reuni\u00f3n dirigida a j\u00f3venes contra la LGTBIfobia.<br \/>\n<script async src=\"\/\/pagead2.googlesyndication.com\/pagead\/js\/adsbygoogle.js\"><\/script><br \/>\n<!-- Noticias La Guia de Pamplona --><br \/>\n<ins class=\"adsbygoogle\"\nstyle=\"display:block\"\ndata-ad-client=\"ca-pub-6943679897239327\"\ndata-ad-slot=\"7048180777\"\ndata-ad-format=\"auto\"><\/ins><br \/>\n<script>\n(adsbygoogle = window.adsbygoogle || []).push({});\n<\/script><\/p>\n<p><strong>Sensibilizaci\u00f3n y voluntariado<\/strong><\/p>\n<p>Dentro del programa de sensibilizaci\u00f3n y formaci\u00f3n b\u00e1sica, el 19 de octubre se ha organizado una charla audiovisual dirigida por Juan Arteaga, experto en cine y audiovisuales y actividades LGTBI+. La charla girar\u00e1 en torno a la representaci\u00f3n trans en las pantallas.<\/p>\n<p>A todo ello se suma el programa de voluntariado, donde Harrotu cuenta con un servicio de escucha y un espacio para que las personas y los colectivos LGTBIQ+ de Pamplona se junten y conversen generando o para generar redes de trabajo conjunto.<br \/>\n<script async src=\"\/\/pagead2.googlesyndication.com\/pagead\/js\/adsbygoogle.js\"><\/script><br \/>\n<!-- Noticias La Guia de Pamplona --><br \/>\n<ins class=\"adsbygoogle\"\nstyle=\"display:block\"\ndata-ad-client=\"ca-pub-6943679897239327\"\ndata-ad-slot=\"7048180777\"\ndata-ad-format=\"auto\"><\/ins><br \/>\n<script>\n(adsbygoogle = window.adsbygoogle || []).push({});\n<\/script><\/p>\n<p>Para m\u00e1s informaci\u00f3n sobre estas actividades se puede acudir al centro Harrotu, en la calle San Gregorio 28, llamar al 948 226 326 o escribir un correo a <a href=\"mailto:lgtbi@pamplona.es\">lgtbi@pamplona.es<\/a>. El horario de atenci\u00f3n es los lunes de 17 a 20.30 horas; de martes a viernes, de 10.30-13.30 y de 17.00-20.30; y los s\u00e1bados de 11 a 14 horas. La programaci\u00f3n completa puede consultarse en la p\u00e1gina web municipal en <a href=\"https:\/\/www.pamplona.es\/temas\/igualdad-y-lgtbi\/harrotu\/programacion\" target=\"_blank\" rel=\"noopener\">castellano<\/a> y en <a href=\"https:\/\/www.pamplona.es\/eu\/gaiak\/berdintasuna-eta-lgtbi\/harrotu\/programazioa\" target=\"_blank\" rel=\"noopener\">euskera<\/a>.<\/p>\n","protected":false},"excerpt":{"rendered":"<p>Las actividades comenzar\u00e1n el 5 de octubre y se celebrar\u00e1n en la sede de Harrotu, en la calle Gregorio, y en Civivox Condestable<\/p>\n","protected":false},"author":1,"featured_media":33214,"comment_status":"open","ping_status":"closed","sticky":false,"template":"","format":"standard","meta":{"footnotes":""},"categories":[2],"tags":[],"class_list":["post-47429","post","type-post","status-publish","format-standard","has-post-thumbnail","hentry","category-ayuntamiento-pamplona"],"yoast_head":"<!-- This site is optimized with the Yoast SEO plugin v27.3 - https:\/\/yoast.com\/product\/yoast-seo-wordpress\/ -->\n<title>Charlas de sensibilizaci\u00f3n LGTBI+, talleres, grupos de ayuda mutua y encuentros componen la oferta de Harrotu para este oto\u00f1o<\/title>\n<meta name=\"description\" content=\"Las actividades comenzar\u00e1n el 5 de octubre y se celebrar\u00e1n en la sede de Harrotu, en la calle Gregorio, y en Civivox Condestable\" \/>\n<meta name=\"robots\" content=\"index, follow, max-snippet:-1, max-image-preview:large, max-video-preview:-1\" \/>\n<link rel=\"canonical\" href=\"https:\/\/www.laguiadepamplona.com\/actualidad\/charlas-de-sensibilizacion-lgtbi-talleres-grupos-de-ayuda-mutua-y-encuentros-componen-la-oferta-de-harrotu-para-este-otono\/\" \/>\n<meta property=\"og:locale\" content=\"es_ES\" \/>\n<meta property=\"og:type\" content=\"article\" \/>\n<meta property=\"og:title\" content=\"Charlas de sensibilizaci\u00f3n LGTBI+, talleres, grupos de ayuda mutua y encuentros componen la oferta de Harrotu para este oto\u00f1o\" \/>\n<meta property=\"og:description\" content=\"Las actividades comenzar\u00e1n el 5 de octubre y se celebrar\u00e1n en la sede de Harrotu, en la calle Gregorio, y en Civivox Condestable\" \/>\n<meta property=\"og:url\" content=\"https:\/\/www.laguiadepamplona.com\/actualidad\/charlas-de-sensibilizacion-lgtbi-talleres-grupos-de-ayuda-mutua-y-encuentros-componen-la-oferta-de-harrotu-para-este-otono\/\" \/>\n<meta property=\"og:site_name\" content=\"La Gu\u00eda de Pamplona\" \/>\n<meta property=\"article:publisher\" content=\"https:\/\/www.facebook.com\/laguiadepamplonacom-133175176762273\/?ref=hl\" \/>\n<meta property=\"article:published_time\" content=\"2023-09-22T11:54:14+00:00\" \/>\n<meta property=\"og:image\" content=\"https:\/\/www.laguiadepamplona.com\/actualidad\/wp-content\/uploads\/2021\/02\/LGTBI_centro_Harrotu-17.jpg\" \/>\n\t<meta property=\"og:image:width\" content=\"828\" \/>\n\t<meta property=\"og:image:height\" content=\"315\" \/>\n\t<meta property=\"og:image:type\" content=\"image\/jpeg\" \/>\n<meta name=\"author\" content=\"La Gu\u00eda de Pamplona\" \/>\n<meta name=\"twitter:card\" content=\"summary_large_image\" \/>\n<meta name=\"twitter:creator\" content=\"@LaGuiadPamplona\" \/>\n<meta name=\"twitter:site\" content=\"@LaGuiadPamplona\" \/>\n<meta name=\"twitter:label1\" content=\"Escrito por\" \/>\n\t<meta name=\"twitter:data1\" content=\"La Gu\u00eda de Pamplona\" \/>\n\t<meta name=\"twitter:label2\" content=\"Tiempo de lectura\" \/>\n\t<meta name=\"twitter:data2\" content=\"3 minutos\" \/>\n<script type=\"application\/ld+json\" class=\"yoast-schema-graph\">{\"@context\":\"https:\\\/\\\/schema.org\",\"@graph\":[{\"@type\":\"Article\",\"@id\":\"https:\\\/\\\/www.laguiadepamplona.com\\\/actualidad\\\/charlas-de-sensibilizacion-lgtbi-talleres-grupos-de-ayuda-mutua-y-encuentros-componen-la-oferta-de-harrotu-para-este-otono\\\/#article\",\"isPartOf\":{\"@id\":\"https:\\\/\\\/www.laguiadepamplona.com\\\/actualidad\\\/charlas-de-sensibilizacion-lgtbi-talleres-grupos-de-ayuda-mutua-y-encuentros-componen-la-oferta-de-harrotu-para-este-otono\\\/\"},\"author\":{\"name\":\"La Gu\u00eda de Pamplona\",\"@id\":\"https:\\\/\\\/www.laguiadepamplona.com\\\/actualidad\\\/#\\\/schema\\\/person\\\/efe887376f0213d4657c93adc50b1fdb\"},\"headline\":\"Charlas de sensibilizaci\u00f3n LGTBI+, talleres, grupos de ayuda mutua y encuentros componen la oferta de Harrotu para este oto\u00f1o\",\"datePublished\":\"2023-09-22T11:54:14+00:00\",\"mainEntityOfPage\":{\"@id\":\"https:\\\/\\\/www.laguiadepamplona.com\\\/actualidad\\\/charlas-de-sensibilizacion-lgtbi-talleres-grupos-de-ayuda-mutua-y-encuentros-componen-la-oferta-de-harrotu-para-este-otono\\\/\"},\"wordCount\":652,\"commentCount\":0,\"publisher\":{\"@id\":\"https:\\\/\\\/www.laguiadepamplona.com\\\/actualidad\\\/#organization\"},\"image\":{\"@id\":\"https:\\\/\\\/www.laguiadepamplona.com\\\/actualidad\\\/charlas-de-sensibilizacion-lgtbi-talleres-grupos-de-ayuda-mutua-y-encuentros-componen-la-oferta-de-harrotu-para-este-otono\\\/#primaryimage\"},\"thumbnailUrl\":\"https:\\\/\\\/www.laguiadepamplona.com\\\/actualidad\\\/wp-content\\\/uploads\\\/2021\\\/02\\\/LGTBI_centro_Harrotu-17.jpg\",\"articleSection\":[\"Ayto Pamplona\"],\"inLanguage\":\"es\",\"potentialAction\":[{\"@type\":\"CommentAction\",\"name\":\"Comment\",\"target\":[\"https:\\\/\\\/www.laguiadepamplona.com\\\/actualidad\\\/charlas-de-sensibilizacion-lgtbi-talleres-grupos-de-ayuda-mutua-y-encuentros-componen-la-oferta-de-harrotu-para-este-otono\\\/#respond\"]}]},{\"@type\":\"WebPage\",\"@id\":\"https:\\\/\\\/www.laguiadepamplona.com\\\/actualidad\\\/charlas-de-sensibilizacion-lgtbi-talleres-grupos-de-ayuda-mutua-y-encuentros-componen-la-oferta-de-harrotu-para-este-otono\\\/\",\"url\":\"https:\\\/\\\/www.laguiadepamplona.com\\\/actualidad\\\/charlas-de-sensibilizacion-lgtbi-talleres-grupos-de-ayuda-mutua-y-encuentros-componen-la-oferta-de-harrotu-para-este-otono\\\/\",\"name\":\"Charlas de sensibilizaci\u00f3n LGTBI+, talleres, grupos de ayuda mutua y encuentros componen la oferta de Harrotu para este oto\u00f1o\",\"isPartOf\":{\"@id\":\"https:\\\/\\\/www.laguiadepamplona.com\\\/actualidad\\\/#website\"},\"primaryImageOfPage\":{\"@id\":\"https:\\\/\\\/www.laguiadepamplona.com\\\/actualidad\\\/charlas-de-sensibilizacion-lgtbi-talleres-grupos-de-ayuda-mutua-y-encuentros-componen-la-oferta-de-harrotu-para-este-otono\\\/#primaryimage\"},\"image\":{\"@id\":\"https:\\\/\\\/www.laguiadepamplona.com\\\/actualidad\\\/charlas-de-sensibilizacion-lgtbi-talleres-grupos-de-ayuda-mutua-y-encuentros-componen-la-oferta-de-harrotu-para-este-otono\\\/#primaryimage\"},\"thumbnailUrl\":\"https:\\\/\\\/www.laguiadepamplona.com\\\/actualidad\\\/wp-content\\\/uploads\\\/2021\\\/02\\\/LGTBI_centro_Harrotu-17.jpg\",\"datePublished\":\"2023-09-22T11:54:14+00:00\",\"description\":\"Las actividades comenzar\u00e1n el 5 de octubre y se celebrar\u00e1n en la sede de Harrotu, en la calle Gregorio, y en Civivox Condestable\",\"breadcrumb\":{\"@id\":\"https:\\\/\\\/www.laguiadepamplona.com\\\/actualidad\\\/charlas-de-sensibilizacion-lgtbi-talleres-grupos-de-ayuda-mutua-y-encuentros-componen-la-oferta-de-harrotu-para-este-otono\\\/#breadcrumb\"},\"inLanguage\":\"es\",\"potentialAction\":[{\"@type\":\"ReadAction\",\"target\":[\"https:\\\/\\\/www.laguiadepamplona.com\\\/actualidad\\\/charlas-de-sensibilizacion-lgtbi-talleres-grupos-de-ayuda-mutua-y-encuentros-componen-la-oferta-de-harrotu-para-este-otono\\\/\"]}]},{\"@type\":\"ImageObject\",\"inLanguage\":\"es\",\"@id\":\"https:\\\/\\\/www.laguiadepamplona.com\\\/actualidad\\\/charlas-de-sensibilizacion-lgtbi-talleres-grupos-de-ayuda-mutua-y-encuentros-componen-la-oferta-de-harrotu-para-este-otono\\\/#primaryimage\",\"url\":\"https:\\\/\\\/www.laguiadepamplona.com\\\/actualidad\\\/wp-content\\\/uploads\\\/2021\\\/02\\\/LGTBI_centro_Harrotu-17.jpg\",\"contentUrl\":\"https:\\\/\\\/www.laguiadepamplona.com\\\/actualidad\\\/wp-content\\\/uploads\\\/2021\\\/02\\\/LGTBI_centro_Harrotu-17.jpg\",\"width\":828,\"height\":315},{\"@type\":\"BreadcrumbList\",\"@id\":\"https:\\\/\\\/www.laguiadepamplona.com\\\/actualidad\\\/charlas-de-sensibilizacion-lgtbi-talleres-grupos-de-ayuda-mutua-y-encuentros-componen-la-oferta-de-harrotu-para-este-otono\\\/#breadcrumb\",\"itemListElement\":[{\"@type\":\"ListItem\",\"position\":1,\"name\":\"Portada\",\"item\":\"https:\\\/\\\/www.laguiadepamplona.com\\\/actualidad\\\/\"},{\"@type\":\"ListItem\",\"position\":2,\"name\":\"Charlas de sensibilizaci\u00f3n LGTBI+, talleres, grupos de ayuda mutua y encuentros componen la oferta de Harrotu para este oto\u00f1o\"}]},{\"@type\":\"WebSite\",\"@id\":\"https:\\\/\\\/www.laguiadepamplona.com\\\/actualidad\\\/#website\",\"url\":\"https:\\\/\\\/www.laguiadepamplona.com\\\/actualidad\\\/\",\"name\":\"La gu\u00eda de Pamplona\",\"description\":\"Noticias de Pamplona\",\"publisher\":{\"@id\":\"https:\\\/\\\/www.laguiadepamplona.com\\\/actualidad\\\/#organization\"},\"potentialAction\":[{\"@type\":\"SearchAction\",\"target\":{\"@type\":\"EntryPoint\",\"urlTemplate\":\"https:\\\/\\\/www.laguiadepamplona.com\\\/actualidad\\\/?s={search_term_string}\"},\"query-input\":{\"@type\":\"PropertyValueSpecification\",\"valueRequired\":true,\"valueName\":\"search_term_string\"}}],\"inLanguage\":\"es\"},{\"@type\":\"Organization\",\"@id\":\"https:\\\/\\\/www.laguiadepamplona.com\\\/actualidad\\\/#organization\",\"name\":\"La Gu\u00eda de Pamplona \\\/ Noticias\",\"url\":\"https:\\\/\\\/www.laguiadepamplona.com\\\/actualidad\\\/\",\"logo\":{\"@type\":\"ImageObject\",\"inLanguage\":\"es\",\"@id\":\"https:\\\/\\\/www.laguiadepamplona.com\\\/actualidad\\\/#\\\/schema\\\/logo\\\/image\\\/\",\"url\":\"https:\\\/\\\/www.laguiadepamplona.com\\\/actualidad\\\/wp-content\\\/uploads\\\/2018\\\/11\\\/logo-laguiadepamplona18-web1.png\",\"contentUrl\":\"https:\\\/\\\/www.laguiadepamplona.com\\\/actualidad\\\/wp-content\\\/uploads\\\/2018\\\/11\\\/logo-laguiadepamplona18-web1.png\",\"width\":600,\"height\":196,\"caption\":\"La Gu\u00eda de Pamplona \\\/ Noticias\"},\"image\":{\"@id\":\"https:\\\/\\\/www.laguiadepamplona.com\\\/actualidad\\\/#\\\/schema\\\/logo\\\/image\\\/\"},\"sameAs\":[\"https:\\\/\\\/www.facebook.com\\\/laguiadepamplonacom-133175176762273\\\/?ref=hl\",\"https:\\\/\\\/x.com\\\/LaGuiadPamplona\",\"https:\\\/\\\/www.instagram.com\\\/la_guia_de_pamplona\\\/\",\"https:\\\/\\\/www.youtube.com\\\/user\\\/laguiadepamplona\"]},{\"@type\":\"Person\",\"@id\":\"https:\\\/\\\/www.laguiadepamplona.com\\\/actualidad\\\/#\\\/schema\\\/person\\\/efe887376f0213d4657c93adc50b1fdb\",\"name\":\"La Gu\u00eda de Pamplona\",\"image\":{\"@type\":\"ImageObject\",\"inLanguage\":\"es\",\"@id\":\"https:\\\/\\\/secure.gravatar.com\\\/avatar\\\/b6992f131dc8d30ab0dff15446e9d346d9dbd95992de0fef795073f5ea83a81c?s=96&d=mm&r=g\",\"url\":\"https:\\\/\\\/secure.gravatar.com\\\/avatar\\\/b6992f131dc8d30ab0dff15446e9d346d9dbd95992de0fef795073f5ea83a81c?s=96&d=mm&r=g\",\"contentUrl\":\"https:\\\/\\\/secure.gravatar.com\\\/avatar\\\/b6992f131dc8d30ab0dff15446e9d346d9dbd95992de0fef795073f5ea83a81c?s=96&d=mm&r=g\",\"caption\":\"La Gu\u00eda de Pamplona\"}}]}<\/script>\n<!-- \/ Yoast SEO plugin. -->","yoast_head_json":{"title":"Charlas de sensibilizaci\u00f3n LGTBI+, talleres, grupos de ayuda mutua y encuentros componen la oferta de Harrotu para este oto\u00f1o","description":"Las actividades comenzar\u00e1n el 5 de octubre y se celebrar\u00e1n en la sede de Harrotu, en la calle Gregorio, y en Civivox Condestable","robots":{"index":"index","follow":"follow","max-snippet":"max-snippet:-1","max-image-preview":"max-image-preview:large","max-video-preview":"max-video-preview:-1"},"canonical":"https:\/\/www.laguiadepamplona.com\/actualidad\/charlas-de-sensibilizacion-lgtbi-talleres-grupos-de-ayuda-mutua-y-encuentros-componen-la-oferta-de-harrotu-para-este-otono\/","og_locale":"es_ES","og_type":"article","og_title":"Charlas de sensibilizaci\u00f3n LGTBI+, talleres, grupos de ayuda mutua y encuentros componen la oferta de Harrotu para este oto\u00f1o","og_description":"Las actividades comenzar\u00e1n el 5 de octubre y se celebrar\u00e1n en la sede de Harrotu, en la calle Gregorio, y en Civivox Condestable","og_url":"https:\/\/www.laguiadepamplona.com\/actualidad\/charlas-de-sensibilizacion-lgtbi-talleres-grupos-de-ayuda-mutua-y-encuentros-componen-la-oferta-de-harrotu-para-este-otono\/","og_site_name":"La Gu\u00eda de Pamplona","article_publisher":"https:\/\/www.facebook.com\/laguiadepamplonacom-133175176762273\/?ref=hl","article_published_time":"2023-09-22T11:54:14+00:00","og_image":[{"width":828,"height":315,"url":"https:\/\/www.laguiadepamplona.com\/actualidad\/wp-content\/uploads\/2021\/02\/LGTBI_centro_Harrotu-17.jpg","type":"image\/jpeg"}],"author":"La Gu\u00eda de Pamplona","twitter_card":"summary_large_image","twitter_creator":"@LaGuiadPamplona","twitter_site":"@LaGuiadPamplona","twitter_misc":{"Escrito por":"La Gu\u00eda de Pamplona","Tiempo de lectura":"3 minutos"},"schema":{"@context":"https:\/\/schema.org","@graph":[{"@type":"Article","@id":"https:\/\/www.laguiadepamplona.com\/actualidad\/charlas-de-sensibilizacion-lgtbi-talleres-grupos-de-ayuda-mutua-y-encuentros-componen-la-oferta-de-harrotu-para-este-otono\/#article","isPartOf":{"@id":"https:\/\/www.laguiadepamplona.com\/actualidad\/charlas-de-sensibilizacion-lgtbi-talleres-grupos-de-ayuda-mutua-y-encuentros-componen-la-oferta-de-harrotu-para-este-otono\/"},"author":{"name":"La Gu\u00eda de Pamplona","@id":"https:\/\/www.laguiadepamplona.com\/actualidad\/#\/schema\/person\/efe887376f0213d4657c93adc50b1fdb"},"headline":"Charlas de sensibilizaci\u00f3n LGTBI+, talleres, grupos de ayuda mutua y encuentros componen la oferta de Harrotu para este oto\u00f1o","datePublished":"2023-09-22T11:54:14+00:00","mainEntityOfPage":{"@id":"https:\/\/www.laguiadepamplona.com\/actualidad\/charlas-de-sensibilizacion-lgtbi-talleres-grupos-de-ayuda-mutua-y-encuentros-componen-la-oferta-de-harrotu-para-este-otono\/"},"wordCount":652,"commentCount":0,"publisher":{"@id":"https:\/\/www.laguiadepamplona.com\/actualidad\/#organization"},"image":{"@id":"https:\/\/www.laguiadepamplona.com\/actualidad\/charlas-de-sensibilizacion-lgtbi-talleres-grupos-de-ayuda-mutua-y-encuentros-componen-la-oferta-de-harrotu-para-este-otono\/#primaryimage"},"thumbnailUrl":"https:\/\/www.laguiadepamplona.com\/actualidad\/wp-content\/uploads\/2021\/02\/LGTBI_centro_Harrotu-17.jpg","articleSection":["Ayto Pamplona"],"inLanguage":"es","potentialAction":[{"@type":"CommentAction","name":"Comment","target":["https:\/\/www.laguiadepamplona.com\/actualidad\/charlas-de-sensibilizacion-lgtbi-talleres-grupos-de-ayuda-mutua-y-encuentros-componen-la-oferta-de-harrotu-para-este-otono\/#respond"]}]},{"@type":"WebPage","@id":"https:\/\/www.laguiadepamplona.com\/actualidad\/charlas-de-sensibilizacion-lgtbi-talleres-grupos-de-ayuda-mutua-y-encuentros-componen-la-oferta-de-harrotu-para-este-otono\/","url":"https:\/\/www.laguiadepamplona.com\/actualidad\/charlas-de-sensibilizacion-lgtbi-talleres-grupos-de-ayuda-mutua-y-encuentros-componen-la-oferta-de-harrotu-para-este-otono\/","name":"Charlas de sensibilizaci\u00f3n LGTBI+, talleres, grupos de ayuda mutua y encuentros componen la oferta de Harrotu para este oto\u00f1o","isPartOf":{"@id":"https:\/\/www.laguiadepamplona.com\/actualidad\/#website"},"primaryImageOfPage":{"@id":"https:\/\/www.laguiadepamplona.com\/actualidad\/charlas-de-sensibilizacion-lgtbi-talleres-grupos-de-ayuda-mutua-y-encuentros-componen-la-oferta-de-harrotu-para-este-otono\/#primaryimage"},"image":{"@id":"https:\/\/www.laguiadepamplona.com\/actualidad\/charlas-de-sensibilizacion-lgtbi-talleres-grupos-de-ayuda-mutua-y-encuentros-componen-la-oferta-de-harrotu-para-este-otono\/#primaryimage"},"thumbnailUrl":"https:\/\/www.laguiadepamplona.com\/actualidad\/wp-content\/uploads\/2021\/02\/LGTBI_centro_Harrotu-17.jpg","datePublished":"2023-09-22T11:54:14+00:00","description":"Las actividades comenzar\u00e1n el 5 de octubre y se celebrar\u00e1n en la sede de Harrotu, en la calle Gregorio, y en Civivox Condestable","breadcrumb":{"@id":"https:\/\/www.laguiadepamplona.com\/actualidad\/charlas-de-sensibilizacion-lgtbi-talleres-grupos-de-ayuda-mutua-y-encuentros-componen-la-oferta-de-harrotu-para-este-otono\/#breadcrumb"},"inLanguage":"es","potentialAction":[{"@type":"ReadAction","target":["https:\/\/www.laguiadepamplona.com\/actualidad\/charlas-de-sensibilizacion-lgtbi-talleres-grupos-de-ayuda-mutua-y-encuentros-componen-la-oferta-de-harrotu-para-este-otono\/"]}]},{"@type":"ImageObject","inLanguage":"es","@id":"https:\/\/www.laguiadepamplona.com\/actualidad\/charlas-de-sensibilizacion-lgtbi-talleres-grupos-de-ayuda-mutua-y-encuentros-componen-la-oferta-de-harrotu-para-este-otono\/#primaryimage","url":"https:\/\/www.laguiadepamplona.com\/actualidad\/wp-content\/uploads\/2021\/02\/LGTBI_centro_Harrotu-17.jpg","contentUrl":"https:\/\/www.laguiadepamplona.com\/actualidad\/wp-content\/uploads\/2021\/02\/LGTBI_centro_Harrotu-17.jpg","width":828,"height":315},{"@type":"BreadcrumbList","@id":"https:\/\/www.laguiadepamplona.com\/actualidad\/charlas-de-sensibilizacion-lgtbi-talleres-grupos-de-ayuda-mutua-y-encuentros-componen-la-oferta-de-harrotu-para-este-otono\/#breadcrumb","itemListElement":[{"@type":"ListItem","position":1,"name":"Portada","item":"https:\/\/www.laguiadepamplona.com\/actualidad\/"},{"@type":"ListItem","position":2,"name":"Charlas de sensibilizaci\u00f3n LGTBI+, talleres, grupos de ayuda mutua y encuentros componen la oferta de Harrotu para este oto\u00f1o"}]},{"@type":"WebSite","@id":"https:\/\/www.laguiadepamplona.com\/actualidad\/#website","url":"https:\/\/www.laguiadepamplona.com\/actualidad\/","name":"La gu\u00eda de Pamplona","description":"Noticias de Pamplona","publisher":{"@id":"https:\/\/www.laguiadepamplona.com\/actualidad\/#organization"},"potentialAction":[{"@type":"SearchAction","target":{"@type":"EntryPoint","urlTemplate":"https:\/\/www.laguiadepamplona.com\/actualidad\/?s={search_term_string}"},"query-input":{"@type":"PropertyValueSpecification","valueRequired":true,"valueName":"search_term_string"}}],"inLanguage":"es"},{"@type":"Organization","@id":"https:\/\/www.laguiadepamplona.com\/actualidad\/#organization","name":"La Gu\u00eda de Pamplona \/ Noticias","url":"https:\/\/www.laguiadepamplona.com\/actualidad\/","logo":{"@type":"ImageObject","inLanguage":"es","@id":"https:\/\/www.laguiadepamplona.com\/actualidad\/#\/schema\/logo\/image\/","url":"https:\/\/www.laguiadepamplona.com\/actualidad\/wp-content\/uploads\/2018\/11\/logo-laguiadepamplona18-web1.png","contentUrl":"https:\/\/www.laguiadepamplona.com\/actualidad\/wp-content\/uploads\/2018\/11\/logo-laguiadepamplona18-web1.png","width":600,"height":196,"caption":"La Gu\u00eda de Pamplona \/ Noticias"},"image":{"@id":"https:\/\/www.laguiadepamplona.com\/actualidad\/#\/schema\/logo\/image\/"},"sameAs":["https:\/\/www.facebook.com\/laguiadepamplonacom-133175176762273\/?ref=hl","https:\/\/x.com\/LaGuiadPamplona","https:\/\/www.instagram.com\/la_guia_de_pamplona\/","https:\/\/www.youtube.com\/user\/laguiadepamplona"]},{"@type":"Person","@id":"https:\/\/www.laguiadepamplona.com\/actualidad\/#\/schema\/person\/efe887376f0213d4657c93adc50b1fdb","name":"La Gu\u00eda de Pamplona","image":{"@type":"ImageObject","inLanguage":"es","@id":"https:\/\/secure.gravatar.com\/avatar\/b6992f131dc8d30ab0dff15446e9d346d9dbd95992de0fef795073f5ea83a81c?s=96&d=mm&r=g","url":"https:\/\/secure.gravatar.com\/avatar\/b6992f131dc8d30ab0dff15446e9d346d9dbd95992de0fef795073f5ea83a81c?s=96&d=mm&r=g","contentUrl":"https:\/\/secure.gravatar.com\/avatar\/b6992f131dc8d30ab0dff15446e9d346d9dbd95992de0fef795073f5ea83a81c?s=96&d=mm&r=g","caption":"La Gu\u00eda de Pamplona"}}]}},"post_mailing_queue_ids":[],"_links":{"self":[{"href":"https:\/\/www.laguiadepamplona.com\/actualidad\/wp-json\/wp\/v2\/posts\/47429","targetHints":{"allow":["GET"]}}],"collection":[{"href":"https:\/\/www.laguiadepamplona.com\/actualidad\/wp-json\/wp\/v2\/posts"}],"about":[{"href":"https:\/\/www.laguiadepamplona.com\/actualidad\/wp-json\/wp\/v2\/types\/post"}],"author":[{"embeddable":true,"href":"https:\/\/www.laguiadepamplona.com\/actualidad\/wp-json\/wp\/v2\/users\/1"}],"replies":[{"embeddable":true,"href":"https:\/\/www.laguiadepamplona.com\/actualidad\/wp-json\/wp\/v2\/comments?post=47429"}],"version-history":[{"count":1,"href":"https:\/\/www.laguiadepamplona.com\/actualidad\/wp-json\/wp\/v2\/posts\/47429\/revisions"}],"predecessor-version":[{"id":47430,"href":"https:\/\/www.laguiadepamplona.com\/actualidad\/wp-json\/wp\/v2\/posts\/47429\/revisions\/47430"}],"wp:featuredmedia":[{"embeddable":true,"href":"https:\/\/www.laguiadepamplona.com\/actualidad\/wp-json\/wp\/v2\/media\/33214"}],"wp:attachment":[{"href":"https:\/\/www.laguiadepamplona.com\/actualidad\/wp-json\/wp\/v2\/media?parent=47429"}],"wp:term":[{"taxonomy":"category","embeddable":true,"href":"https:\/\/www.laguiadepamplona.com\/actualidad\/wp-json\/wp\/v2\/categories?post=47429"},{"taxonomy":"post_tag","embeddable":true,"href":"https:\/\/www.laguiadepamplona.com\/actualidad\/wp-json\/wp\/v2\/tags?post=47429"}],"curies":[{"name":"wp","href":"https:\/\/api.w.org\/{rel}","templated":true}]}}