{"id":47420,"date":"2023-09-22T13:44:59","date_gmt":"2023-09-22T11:44:59","guid":{"rendered":"https:\/\/www.laguiadepamplona.com\/actualidad\/?p=47420"},"modified":"2023-09-22T13:44:59","modified_gmt":"2023-09-22T11:44:59","slug":"ayuntamiento-y-mancomunidad-colaboraran-para-facilitar-el-acceso-de-los-taxis-al-casco-antiguo-y-para-reforzar-el-servicio-en-la-estacion-de-tren","status":"publish","type":"post","link":"https:\/\/www.laguiadepamplona.com\/actualidad\/ayuntamiento-y-mancomunidad-colaboraran-para-facilitar-el-acceso-de-los-taxis-al-casco-antiguo-y-para-reforzar-el-servicio-en-la-estacion-de-tren\/","title":{"rendered":"Ayuntamiento y Mancomunidad colaborar\u00e1n para facilitar el acceso de los taxis al Casco Antiguo y para reforzar el servicio en la estaci\u00f3n de tren"},"content":{"rendered":"<h3>La alcaldesa Cristina Ibarrola y el presidente de la Mancomunidad, David Campi\u00f3n, han suscrito un convenio que tendr\u00e1 una vigencia de cuatro a\u00f1os<\/h3>\n<p><!--more--><\/p>\n<p>El Ayuntamiento de Pamplona y la Mancomunidad de la Comarca de Pamplona han suscrito un convenio de colaboraci\u00f3n para facilitar el acceso de los veh\u00edculos taxi a las zonas de acceso controlado de la ciudad y para mejorar el servicio en la estaci\u00f3n de tren. La alcaldesa Cristina Ibarrola y el presidente de la Mancomunidad, David Campi\u00f3n, han rubricado el acuerdo que estar\u00e1 vigente durante los pr\u00f3ximos cuatro a\u00f1os.<\/p>\n<p>A trav\u00e9s de este convenio, el Ayuntamiento de Pamplona se compromete a mantener un canal espec\u00edfico para la gesti\u00f3n de altas y bajas de veh\u00edculos del servicio de taxi que puedan circular por las zonas de acceso controlado, que son el Casco Antiguo y algunas calles del Primer Ensanche. El Consistorio dispone de una herramienta digital, a trav\u00e9s de la Sede Electr\u00f3nica, por la que se pueden solicitar autorizaciones de acceso. Ser\u00e1 la propia Mancomunidad quien se encargue de dar de alta y de baja a los taxis al expedir la autorizaci\u00f3n para el uso del nuevo veh\u00edculo.<br \/>\n<script async src=\"\/\/pagead2.googlesyndication.com\/pagead\/js\/adsbygoogle.js\"><\/script><br \/>\n<!-- Noticias La Guia de Pamplona --><br \/>\n<ins class=\"adsbygoogle\"\nstyle=\"display:block\"\ndata-ad-client=\"ca-pub-6943679897239327\"\ndata-ad-slot=\"7048180777\"\ndata-ad-format=\"auto\"><\/ins><br \/>\n<script>\n(adsbygoogle = window.adsbygoogle || []).push({});\n<\/script><\/p>\n<p>Adem\u00e1s, el acuerdo suscrito establece las l\u00edneas b\u00e1sicas para la prestaci\u00f3n de los servicios m\u00ednimos en la parada de taxi de la estaci\u00f3n de autobuses, tras detectar que en determinados momentos se produce una falta de oferta de servicio de taxi en este punto de la ciudad, que se concentra, sobre todo, en las noches de los jueves, viernes y domingos. Para poder controlar efectivamente la prestaci\u00f3n de esos servicios m\u00ednimos, se prev\u00e9 la instalaci\u00f3n de una c\u00e1mara de lectura y registro de matr\u00edculas. El Ayuntamiento de Pamplona se har\u00e1 cargo de los costes de instalaci\u00f3n y de la integraci\u00f3n de los datos recogidos en el sistema de control del Consistorio, cuant\u00eda que ascender\u00e1 a 14.313,10 euros. No obstante, la Mancomunidad compensar\u00e1 el 100% de los gastos generados, con un m\u00e1ximo de 20.000 euros. El objetivo es que la c\u00e1mara de lectura de las matr\u00edculas y el sistema de control se instalen antes de final de a\u00f1o.<\/p>\n<p>Los datos obtenidos a trav\u00e9s de esta c\u00e1mara, referidos a los n\u00fameros de matr\u00edcula y los horarios y fechas de registro, ser\u00e1n remitidos a la Mancomunidad al menos una vez al mes. Con toda esa informaci\u00f3n, ser\u00e1 la Mancomunidad la que controlar\u00e1 el funcionamiento del servicio de taxi en la parada de tren en general y, en particular, el cumplimiento de los servicios m\u00ednimos establecidos.<br \/>\n<script async src=\"\/\/pagead2.googlesyndication.com\/pagead\/js\/adsbygoogle.js\"><\/script><br \/>\n<!-- Noticias La Guia de Pamplona --><br \/>\n<ins class=\"adsbygoogle\"\nstyle=\"display:block\"\ndata-ad-client=\"ca-pub-6943679897239327\"\ndata-ad-slot=\"7048180777\"\ndata-ad-format=\"auto\"><\/ins><br \/>\n<script>\n(adsbygoogle = window.adsbygoogle || []).push({});\n<\/script><\/p>\n<p>El convenio de colaboraci\u00f3n tendr\u00e1 una vigencia de cuatro a\u00f1os, si bien se puede acordar su pr\u00f3rroga por cuatro a\u00f1os m\u00e1s antes del vencimiento. Para la coordinaci\u00f3n de las partes implicadas, se crear\u00e1 una comisi\u00f3n de seguimiento, con un representante del Ayuntamiento y otro de la Mancomunidad, que velar\u00e1n por impulsar los trabajos necesarios para su puesta en marcha y se encargar\u00e1n de dirimir las controversias que puedan surgir en la gesti\u00f3n.<\/p>\n","protected":false},"excerpt":{"rendered":"<p>La alcaldesa Cristina Ibarrola y el presidente de la Mancomunidad, David Campi\u00f3n, han suscrito un convenio que tendr\u00e1 una vigencia de cuatro a\u00f1os<\/p>\n","protected":false},"author":1,"featured_media":47421,"comment_status":"open","ping_status":"closed","sticky":false,"template":"","format":"standard","meta":{"footnotes":""},"categories":[2],"tags":[],"class_list":["post-47420","post","type-post","status-publish","format-standard","has-post-thumbnail","hentry","category-ayuntamiento-pamplona"],"yoast_head":"<!-- This site is optimized with the Yoast SEO plugin v27.3 - https:\/\/yoast.com\/product\/yoast-seo-wordpress\/ -->\n<title>Ayuntamiento y Mancomunidad colaborar\u00e1n para facilitar el acceso de los taxis al Casco Antiguo y para reforzar el servicio en la estaci\u00f3n de tren<\/title>\n<meta name=\"description\" content=\"La alcaldesa Cristina Ibarrola y el presidente de la Mancomunidad, David Campi\u00f3n, han suscrito un convenio que tendr\u00e1 una vigencia de cuatro a\u00f1os\" \/>\n<meta name=\"robots\" content=\"index, follow, max-snippet:-1, max-image-preview:large, max-video-preview:-1\" \/>\n<link rel=\"canonical\" href=\"https:\/\/www.laguiadepamplona.com\/actualidad\/ayuntamiento-y-mancomunidad-colaboraran-para-facilitar-el-acceso-de-los-taxis-al-casco-antiguo-y-para-reforzar-el-servicio-en-la-estacion-de-tren\/\" \/>\n<meta property=\"og:locale\" content=\"es_ES\" \/>\n<meta property=\"og:type\" content=\"article\" \/>\n<meta property=\"og:title\" content=\"Ayuntamiento y Mancomunidad colaborar\u00e1n para facilitar el acceso de los taxis al Casco Antiguo y para reforzar el servicio en la estaci\u00f3n de tren\" \/>\n<meta property=\"og:description\" content=\"La alcaldesa Cristina Ibarrola y el presidente de la Mancomunidad, David Campi\u00f3n, han suscrito un convenio que tendr\u00e1 una vigencia de cuatro a\u00f1os\" \/>\n<meta property=\"og:url\" content=\"https:\/\/www.laguiadepamplona.com\/actualidad\/ayuntamiento-y-mancomunidad-colaboraran-para-facilitar-el-acceso-de-los-taxis-al-casco-antiguo-y-para-reforzar-el-servicio-en-la-estacion-de-tren\/\" \/>\n<meta property=\"og:site_name\" content=\"La Gu\u00eda de Pamplona\" \/>\n<meta property=\"article:publisher\" content=\"https:\/\/www.facebook.com\/laguiadepamplonacom-133175176762273\/?ref=hl\" \/>\n<meta property=\"article:published_time\" content=\"2023-09-22T11:44:59+00:00\" \/>\n<meta property=\"og:image\" content=\"https:\/\/www.laguiadepamplona.com\/actualidad\/wp-content\/uploads\/2023\/09\/taxis-casco-antiguo-tren.webp\" \/>\n\t<meta property=\"og:image:width\" content=\"1200\" \/>\n\t<meta property=\"og:image:height\" content=\"787\" \/>\n\t<meta property=\"og:image:type\" content=\"image\/webp\" \/>\n<meta name=\"author\" content=\"La Gu\u00eda de Pamplona\" \/>\n<meta name=\"twitter:card\" content=\"summary_large_image\" \/>\n<meta name=\"twitter:creator\" content=\"@LaGuiadPamplona\" \/>\n<meta name=\"twitter:site\" content=\"@LaGuiadPamplona\" \/>\n<meta name=\"twitter:label1\" content=\"Escrito por\" \/>\n\t<meta name=\"twitter:data1\" content=\"La Gu\u00eda de Pamplona\" \/>\n\t<meta name=\"twitter:label2\" content=\"Tiempo de lectura\" \/>\n\t<meta name=\"twitter:data2\" content=\"3 minutos\" \/>\n<script type=\"application\/ld+json\" class=\"yoast-schema-graph\">{\"@context\":\"https:\\\/\\\/schema.org\",\"@graph\":[{\"@type\":\"Article\",\"@id\":\"https:\\\/\\\/www.laguiadepamplona.com\\\/actualidad\\\/ayuntamiento-y-mancomunidad-colaboraran-para-facilitar-el-acceso-de-los-taxis-al-casco-antiguo-y-para-reforzar-el-servicio-en-la-estacion-de-tren\\\/#article\",\"isPartOf\":{\"@id\":\"https:\\\/\\\/www.laguiadepamplona.com\\\/actualidad\\\/ayuntamiento-y-mancomunidad-colaboraran-para-facilitar-el-acceso-de-los-taxis-al-casco-antiguo-y-para-reforzar-el-servicio-en-la-estacion-de-tren\\\/\"},\"author\":{\"name\":\"La Gu\u00eda de Pamplona\",\"@id\":\"https:\\\/\\\/www.laguiadepamplona.com\\\/actualidad\\\/#\\\/schema\\\/person\\\/efe887376f0213d4657c93adc50b1fdb\"},\"headline\":\"Ayuntamiento y Mancomunidad colaborar\u00e1n para facilitar el acceso de los taxis al Casco Antiguo y para reforzar el servicio en la estaci\u00f3n de tren\",\"datePublished\":\"2023-09-22T11:44:59+00:00\",\"mainEntityOfPage\":{\"@id\":\"https:\\\/\\\/www.laguiadepamplona.com\\\/actualidad\\\/ayuntamiento-y-mancomunidad-colaboraran-para-facilitar-el-acceso-de-los-taxis-al-casco-antiguo-y-para-reforzar-el-servicio-en-la-estacion-de-tren\\\/\"},\"wordCount\":558,\"commentCount\":0,\"publisher\":{\"@id\":\"https:\\\/\\\/www.laguiadepamplona.com\\\/actualidad\\\/#organization\"},\"image\":{\"@id\":\"https:\\\/\\\/www.laguiadepamplona.com\\\/actualidad\\\/ayuntamiento-y-mancomunidad-colaboraran-para-facilitar-el-acceso-de-los-taxis-al-casco-antiguo-y-para-reforzar-el-servicio-en-la-estacion-de-tren\\\/#primaryimage\"},\"thumbnailUrl\":\"https:\\\/\\\/www.laguiadepamplona.com\\\/actualidad\\\/wp-content\\\/uploads\\\/2023\\\/09\\\/taxis-casco-antiguo-tren.webp\",\"articleSection\":[\"Ayto Pamplona\"],\"inLanguage\":\"es\",\"potentialAction\":[{\"@type\":\"CommentAction\",\"name\":\"Comment\",\"target\":[\"https:\\\/\\\/www.laguiadepamplona.com\\\/actualidad\\\/ayuntamiento-y-mancomunidad-colaboraran-para-facilitar-el-acceso-de-los-taxis-al-casco-antiguo-y-para-reforzar-el-servicio-en-la-estacion-de-tren\\\/#respond\"]}]},{\"@type\":\"WebPage\",\"@id\":\"https:\\\/\\\/www.laguiadepamplona.com\\\/actualidad\\\/ayuntamiento-y-mancomunidad-colaboraran-para-facilitar-el-acceso-de-los-taxis-al-casco-antiguo-y-para-reforzar-el-servicio-en-la-estacion-de-tren\\\/\",\"url\":\"https:\\\/\\\/www.laguiadepamplona.com\\\/actualidad\\\/ayuntamiento-y-mancomunidad-colaboraran-para-facilitar-el-acceso-de-los-taxis-al-casco-antiguo-y-para-reforzar-el-servicio-en-la-estacion-de-tren\\\/\",\"name\":\"Ayuntamiento y Mancomunidad colaborar\u00e1n para facilitar el acceso de los taxis al Casco Antiguo y para reforzar el servicio en la estaci\u00f3n de tren\",\"isPartOf\":{\"@id\":\"https:\\\/\\\/www.laguiadepamplona.com\\\/actualidad\\\/#website\"},\"primaryImageOfPage\":{\"@id\":\"https:\\\/\\\/www.laguiadepamplona.com\\\/actualidad\\\/ayuntamiento-y-mancomunidad-colaboraran-para-facilitar-el-acceso-de-los-taxis-al-casco-antiguo-y-para-reforzar-el-servicio-en-la-estacion-de-tren\\\/#primaryimage\"},\"image\":{\"@id\":\"https:\\\/\\\/www.laguiadepamplona.com\\\/actualidad\\\/ayuntamiento-y-mancomunidad-colaboraran-para-facilitar-el-acceso-de-los-taxis-al-casco-antiguo-y-para-reforzar-el-servicio-en-la-estacion-de-tren\\\/#primaryimage\"},\"thumbnailUrl\":\"https:\\\/\\\/www.laguiadepamplona.com\\\/actualidad\\\/wp-content\\\/uploads\\\/2023\\\/09\\\/taxis-casco-antiguo-tren.webp\",\"datePublished\":\"2023-09-22T11:44:59+00:00\",\"description\":\"La alcaldesa Cristina Ibarrola y el presidente de la Mancomunidad, David Campi\u00f3n, han suscrito un convenio que tendr\u00e1 una vigencia de cuatro a\u00f1os\",\"breadcrumb\":{\"@id\":\"https:\\\/\\\/www.laguiadepamplona.com\\\/actualidad\\\/ayuntamiento-y-mancomunidad-colaboraran-para-facilitar-el-acceso-de-los-taxis-al-casco-antiguo-y-para-reforzar-el-servicio-en-la-estacion-de-tren\\\/#breadcrumb\"},\"inLanguage\":\"es\",\"potentialAction\":[{\"@type\":\"ReadAction\",\"target\":[\"https:\\\/\\\/www.laguiadepamplona.com\\\/actualidad\\\/ayuntamiento-y-mancomunidad-colaboraran-para-facilitar-el-acceso-de-los-taxis-al-casco-antiguo-y-para-reforzar-el-servicio-en-la-estacion-de-tren\\\/\"]}]},{\"@type\":\"ImageObject\",\"inLanguage\":\"es\",\"@id\":\"https:\\\/\\\/www.laguiadepamplona.com\\\/actualidad\\\/ayuntamiento-y-mancomunidad-colaboraran-para-facilitar-el-acceso-de-los-taxis-al-casco-antiguo-y-para-reforzar-el-servicio-en-la-estacion-de-tren\\\/#primaryimage\",\"url\":\"https:\\\/\\\/www.laguiadepamplona.com\\\/actualidad\\\/wp-content\\\/uploads\\\/2023\\\/09\\\/taxis-casco-antiguo-tren.webp\",\"contentUrl\":\"https:\\\/\\\/www.laguiadepamplona.com\\\/actualidad\\\/wp-content\\\/uploads\\\/2023\\\/09\\\/taxis-casco-antiguo-tren.webp\",\"width\":1200,\"height\":787},{\"@type\":\"BreadcrumbList\",\"@id\":\"https:\\\/\\\/www.laguiadepamplona.com\\\/actualidad\\\/ayuntamiento-y-mancomunidad-colaboraran-para-facilitar-el-acceso-de-los-taxis-al-casco-antiguo-y-para-reforzar-el-servicio-en-la-estacion-de-tren\\\/#breadcrumb\",\"itemListElement\":[{\"@type\":\"ListItem\",\"position\":1,\"name\":\"Portada\",\"item\":\"https:\\\/\\\/www.laguiadepamplona.com\\\/actualidad\\\/\"},{\"@type\":\"ListItem\",\"position\":2,\"name\":\"Ayuntamiento y Mancomunidad colaborar\u00e1n para facilitar el acceso de los taxis al Casco Antiguo y para reforzar el servicio en la estaci\u00f3n de tren\"}]},{\"@type\":\"WebSite\",\"@id\":\"https:\\\/\\\/www.laguiadepamplona.com\\\/actualidad\\\/#website\",\"url\":\"https:\\\/\\\/www.laguiadepamplona.com\\\/actualidad\\\/\",\"name\":\"La gu\u00eda de Pamplona\",\"description\":\"Noticias de Pamplona\",\"publisher\":{\"@id\":\"https:\\\/\\\/www.laguiadepamplona.com\\\/actualidad\\\/#organization\"},\"potentialAction\":[{\"@type\":\"SearchAction\",\"target\":{\"@type\":\"EntryPoint\",\"urlTemplate\":\"https:\\\/\\\/www.laguiadepamplona.com\\\/actualidad\\\/?s={search_term_string}\"},\"query-input\":{\"@type\":\"PropertyValueSpecification\",\"valueRequired\":true,\"valueName\":\"search_term_string\"}}],\"inLanguage\":\"es\"},{\"@type\":\"Organization\",\"@id\":\"https:\\\/\\\/www.laguiadepamplona.com\\\/actualidad\\\/#organization\",\"name\":\"La Gu\u00eda de Pamplona \\\/ Noticias\",\"url\":\"https:\\\/\\\/www.laguiadepamplona.com\\\/actualidad\\\/\",\"logo\":{\"@type\":\"ImageObject\",\"inLanguage\":\"es\",\"@id\":\"https:\\\/\\\/www.laguiadepamplona.com\\\/actualidad\\\/#\\\/schema\\\/logo\\\/image\\\/\",\"url\":\"https:\\\/\\\/www.laguiadepamplona.com\\\/actualidad\\\/wp-content\\\/uploads\\\/2018\\\/11\\\/logo-laguiadepamplona18-web1.png\",\"contentUrl\":\"https:\\\/\\\/www.laguiadepamplona.com\\\/actualidad\\\/wp-content\\\/uploads\\\/2018\\\/11\\\/logo-laguiadepamplona18-web1.png\",\"width\":600,\"height\":196,\"caption\":\"La Gu\u00eda de Pamplona \\\/ Noticias\"},\"image\":{\"@id\":\"https:\\\/\\\/www.laguiadepamplona.com\\\/actualidad\\\/#\\\/schema\\\/logo\\\/image\\\/\"},\"sameAs\":[\"https:\\\/\\\/www.facebook.com\\\/laguiadepamplonacom-133175176762273\\\/?ref=hl\",\"https:\\\/\\\/x.com\\\/LaGuiadPamplona\",\"https:\\\/\\\/www.instagram.com\\\/la_guia_de_pamplona\\\/\",\"https:\\\/\\\/www.youtube.com\\\/user\\\/laguiadepamplona\"]},{\"@type\":\"Person\",\"@id\":\"https:\\\/\\\/www.laguiadepamplona.com\\\/actualidad\\\/#\\\/schema\\\/person\\\/efe887376f0213d4657c93adc50b1fdb\",\"name\":\"La Gu\u00eda de Pamplona\",\"image\":{\"@type\":\"ImageObject\",\"inLanguage\":\"es\",\"@id\":\"https:\\\/\\\/secure.gravatar.com\\\/avatar\\\/b6992f131dc8d30ab0dff15446e9d346d9dbd95992de0fef795073f5ea83a81c?s=96&d=mm&r=g\",\"url\":\"https:\\\/\\\/secure.gravatar.com\\\/avatar\\\/b6992f131dc8d30ab0dff15446e9d346d9dbd95992de0fef795073f5ea83a81c?s=96&d=mm&r=g\",\"contentUrl\":\"https:\\\/\\\/secure.gravatar.com\\\/avatar\\\/b6992f131dc8d30ab0dff15446e9d346d9dbd95992de0fef795073f5ea83a81c?s=96&d=mm&r=g\",\"caption\":\"La Gu\u00eda de Pamplona\"}}]}<\/script>\n<!-- \/ Yoast SEO plugin. -->","yoast_head_json":{"title":"Ayuntamiento y Mancomunidad colaborar\u00e1n para facilitar el acceso de los taxis al Casco Antiguo y para reforzar el servicio en la estaci\u00f3n de tren","description":"La alcaldesa Cristina Ibarrola y el presidente de la Mancomunidad, David Campi\u00f3n, han suscrito un convenio que tendr\u00e1 una vigencia de cuatro a\u00f1os","robots":{"index":"index","follow":"follow","max-snippet":"max-snippet:-1","max-image-preview":"max-image-preview:large","max-video-preview":"max-video-preview:-1"},"canonical":"https:\/\/www.laguiadepamplona.com\/actualidad\/ayuntamiento-y-mancomunidad-colaboraran-para-facilitar-el-acceso-de-los-taxis-al-casco-antiguo-y-para-reforzar-el-servicio-en-la-estacion-de-tren\/","og_locale":"es_ES","og_type":"article","og_title":"Ayuntamiento y Mancomunidad colaborar\u00e1n para facilitar el acceso de los taxis al Casco Antiguo y para reforzar el servicio en la estaci\u00f3n de tren","og_description":"La alcaldesa Cristina Ibarrola y el presidente de la Mancomunidad, David Campi\u00f3n, han suscrito un convenio que tendr\u00e1 una vigencia de cuatro a\u00f1os","og_url":"https:\/\/www.laguiadepamplona.com\/actualidad\/ayuntamiento-y-mancomunidad-colaboraran-para-facilitar-el-acceso-de-los-taxis-al-casco-antiguo-y-para-reforzar-el-servicio-en-la-estacion-de-tren\/","og_site_name":"La Gu\u00eda de Pamplona","article_publisher":"https:\/\/www.facebook.com\/laguiadepamplonacom-133175176762273\/?ref=hl","article_published_time":"2023-09-22T11:44:59+00:00","og_image":[{"width":1200,"height":787,"url":"https:\/\/www.laguiadepamplona.com\/actualidad\/wp-content\/uploads\/2023\/09\/taxis-casco-antiguo-tren.webp","type":"image\/webp"}],"author":"La Gu\u00eda de Pamplona","twitter_card":"summary_large_image","twitter_creator":"@LaGuiadPamplona","twitter_site":"@LaGuiadPamplona","twitter_misc":{"Escrito por":"La Gu\u00eda de Pamplona","Tiempo de lectura":"3 minutos"},"schema":{"@context":"https:\/\/schema.org","@graph":[{"@type":"Article","@id":"https:\/\/www.laguiadepamplona.com\/actualidad\/ayuntamiento-y-mancomunidad-colaboraran-para-facilitar-el-acceso-de-los-taxis-al-casco-antiguo-y-para-reforzar-el-servicio-en-la-estacion-de-tren\/#article","isPartOf":{"@id":"https:\/\/www.laguiadepamplona.com\/actualidad\/ayuntamiento-y-mancomunidad-colaboraran-para-facilitar-el-acceso-de-los-taxis-al-casco-antiguo-y-para-reforzar-el-servicio-en-la-estacion-de-tren\/"},"author":{"name":"La Gu\u00eda de Pamplona","@id":"https:\/\/www.laguiadepamplona.com\/actualidad\/#\/schema\/person\/efe887376f0213d4657c93adc50b1fdb"},"headline":"Ayuntamiento y Mancomunidad colaborar\u00e1n para facilitar el acceso de los taxis al Casco Antiguo y para reforzar el servicio en la estaci\u00f3n de tren","datePublished":"2023-09-22T11:44:59+00:00","mainEntityOfPage":{"@id":"https:\/\/www.laguiadepamplona.com\/actualidad\/ayuntamiento-y-mancomunidad-colaboraran-para-facilitar-el-acceso-de-los-taxis-al-casco-antiguo-y-para-reforzar-el-servicio-en-la-estacion-de-tren\/"},"wordCount":558,"commentCount":0,"publisher":{"@id":"https:\/\/www.laguiadepamplona.com\/actualidad\/#organization"},"image":{"@id":"https:\/\/www.laguiadepamplona.com\/actualidad\/ayuntamiento-y-mancomunidad-colaboraran-para-facilitar-el-acceso-de-los-taxis-al-casco-antiguo-y-para-reforzar-el-servicio-en-la-estacion-de-tren\/#primaryimage"},"thumbnailUrl":"https:\/\/www.laguiadepamplona.com\/actualidad\/wp-content\/uploads\/2023\/09\/taxis-casco-antiguo-tren.webp","articleSection":["Ayto Pamplona"],"inLanguage":"es","potentialAction":[{"@type":"CommentAction","name":"Comment","target":["https:\/\/www.laguiadepamplona.com\/actualidad\/ayuntamiento-y-mancomunidad-colaboraran-para-facilitar-el-acceso-de-los-taxis-al-casco-antiguo-y-para-reforzar-el-servicio-en-la-estacion-de-tren\/#respond"]}]},{"@type":"WebPage","@id":"https:\/\/www.laguiadepamplona.com\/actualidad\/ayuntamiento-y-mancomunidad-colaboraran-para-facilitar-el-acceso-de-los-taxis-al-casco-antiguo-y-para-reforzar-el-servicio-en-la-estacion-de-tren\/","url":"https:\/\/www.laguiadepamplona.com\/actualidad\/ayuntamiento-y-mancomunidad-colaboraran-para-facilitar-el-acceso-de-los-taxis-al-casco-antiguo-y-para-reforzar-el-servicio-en-la-estacion-de-tren\/","name":"Ayuntamiento y Mancomunidad colaborar\u00e1n para facilitar el acceso de los taxis al Casco Antiguo y para reforzar el servicio en la estaci\u00f3n de tren","isPartOf":{"@id":"https:\/\/www.laguiadepamplona.com\/actualidad\/#website"},"primaryImageOfPage":{"@id":"https:\/\/www.laguiadepamplona.com\/actualidad\/ayuntamiento-y-mancomunidad-colaboraran-para-facilitar-el-acceso-de-los-taxis-al-casco-antiguo-y-para-reforzar-el-servicio-en-la-estacion-de-tren\/#primaryimage"},"image":{"@id":"https:\/\/www.laguiadepamplona.com\/actualidad\/ayuntamiento-y-mancomunidad-colaboraran-para-facilitar-el-acceso-de-los-taxis-al-casco-antiguo-y-para-reforzar-el-servicio-en-la-estacion-de-tren\/#primaryimage"},"thumbnailUrl":"https:\/\/www.laguiadepamplona.com\/actualidad\/wp-content\/uploads\/2023\/09\/taxis-casco-antiguo-tren.webp","datePublished":"2023-09-22T11:44:59+00:00","description":"La alcaldesa Cristina Ibarrola y el presidente de la Mancomunidad, David Campi\u00f3n, han suscrito un convenio que tendr\u00e1 una vigencia de cuatro a\u00f1os","breadcrumb":{"@id":"https:\/\/www.laguiadepamplona.com\/actualidad\/ayuntamiento-y-mancomunidad-colaboraran-para-facilitar-el-acceso-de-los-taxis-al-casco-antiguo-y-para-reforzar-el-servicio-en-la-estacion-de-tren\/#breadcrumb"},"inLanguage":"es","potentialAction":[{"@type":"ReadAction","target":["https:\/\/www.laguiadepamplona.com\/actualidad\/ayuntamiento-y-mancomunidad-colaboraran-para-facilitar-el-acceso-de-los-taxis-al-casco-antiguo-y-para-reforzar-el-servicio-en-la-estacion-de-tren\/"]}]},{"@type":"ImageObject","inLanguage":"es","@id":"https:\/\/www.laguiadepamplona.com\/actualidad\/ayuntamiento-y-mancomunidad-colaboraran-para-facilitar-el-acceso-de-los-taxis-al-casco-antiguo-y-para-reforzar-el-servicio-en-la-estacion-de-tren\/#primaryimage","url":"https:\/\/www.laguiadepamplona.com\/actualidad\/wp-content\/uploads\/2023\/09\/taxis-casco-antiguo-tren.webp","contentUrl":"https:\/\/www.laguiadepamplona.com\/actualidad\/wp-content\/uploads\/2023\/09\/taxis-casco-antiguo-tren.webp","width":1200,"height":787},{"@type":"BreadcrumbList","@id":"https:\/\/www.laguiadepamplona.com\/actualidad\/ayuntamiento-y-mancomunidad-colaboraran-para-facilitar-el-acceso-de-los-taxis-al-casco-antiguo-y-para-reforzar-el-servicio-en-la-estacion-de-tren\/#breadcrumb","itemListElement":[{"@type":"ListItem","position":1,"name":"Portada","item":"https:\/\/www.laguiadepamplona.com\/actualidad\/"},{"@type":"ListItem","position":2,"name":"Ayuntamiento y Mancomunidad colaborar\u00e1n para facilitar el acceso de los taxis al Casco Antiguo y para reforzar el servicio en la estaci\u00f3n de tren"}]},{"@type":"WebSite","@id":"https:\/\/www.laguiadepamplona.com\/actualidad\/#website","url":"https:\/\/www.laguiadepamplona.com\/actualidad\/","name":"La gu\u00eda de Pamplona","description":"Noticias de Pamplona","publisher":{"@id":"https:\/\/www.laguiadepamplona.com\/actualidad\/#organization"},"potentialAction":[{"@type":"SearchAction","target":{"@type":"EntryPoint","urlTemplate":"https:\/\/www.laguiadepamplona.com\/actualidad\/?s={search_term_string}"},"query-input":{"@type":"PropertyValueSpecification","valueRequired":true,"valueName":"search_term_string"}}],"inLanguage":"es"},{"@type":"Organization","@id":"https:\/\/www.laguiadepamplona.com\/actualidad\/#organization","name":"La Gu\u00eda de Pamplona \/ Noticias","url":"https:\/\/www.laguiadepamplona.com\/actualidad\/","logo":{"@type":"ImageObject","inLanguage":"es","@id":"https:\/\/www.laguiadepamplona.com\/actualidad\/#\/schema\/logo\/image\/","url":"https:\/\/www.laguiadepamplona.com\/actualidad\/wp-content\/uploads\/2018\/11\/logo-laguiadepamplona18-web1.png","contentUrl":"https:\/\/www.laguiadepamplona.com\/actualidad\/wp-content\/uploads\/2018\/11\/logo-laguiadepamplona18-web1.png","width":600,"height":196,"caption":"La Gu\u00eda de Pamplona \/ Noticias"},"image":{"@id":"https:\/\/www.laguiadepamplona.com\/actualidad\/#\/schema\/logo\/image\/"},"sameAs":["https:\/\/www.facebook.com\/laguiadepamplonacom-133175176762273\/?ref=hl","https:\/\/x.com\/LaGuiadPamplona","https:\/\/www.instagram.com\/la_guia_de_pamplona\/","https:\/\/www.youtube.com\/user\/laguiadepamplona"]},{"@type":"Person","@id":"https:\/\/www.laguiadepamplona.com\/actualidad\/#\/schema\/person\/efe887376f0213d4657c93adc50b1fdb","name":"La Gu\u00eda de Pamplona","image":{"@type":"ImageObject","inLanguage":"es","@id":"https:\/\/secure.gravatar.com\/avatar\/b6992f131dc8d30ab0dff15446e9d346d9dbd95992de0fef795073f5ea83a81c?s=96&d=mm&r=g","url":"https:\/\/secure.gravatar.com\/avatar\/b6992f131dc8d30ab0dff15446e9d346d9dbd95992de0fef795073f5ea83a81c?s=96&d=mm&r=g","contentUrl":"https:\/\/secure.gravatar.com\/avatar\/b6992f131dc8d30ab0dff15446e9d346d9dbd95992de0fef795073f5ea83a81c?s=96&d=mm&r=g","caption":"La Gu\u00eda de Pamplona"}}]}},"post_mailing_queue_ids":[],"_links":{"self":[{"href":"https:\/\/www.laguiadepamplona.com\/actualidad\/wp-json\/wp\/v2\/posts\/47420","targetHints":{"allow":["GET"]}}],"collection":[{"href":"https:\/\/www.laguiadepamplona.com\/actualidad\/wp-json\/wp\/v2\/posts"}],"about":[{"href":"https:\/\/www.laguiadepamplona.com\/actualidad\/wp-json\/wp\/v2\/types\/post"}],"author":[{"embeddable":true,"href":"https:\/\/www.laguiadepamplona.com\/actualidad\/wp-json\/wp\/v2\/users\/1"}],"replies":[{"embeddable":true,"href":"https:\/\/www.laguiadepamplona.com\/actualidad\/wp-json\/wp\/v2\/comments?post=47420"}],"version-history":[{"count":1,"href":"https:\/\/www.laguiadepamplona.com\/actualidad\/wp-json\/wp\/v2\/posts\/47420\/revisions"}],"predecessor-version":[{"id":47422,"href":"https:\/\/www.laguiadepamplona.com\/actualidad\/wp-json\/wp\/v2\/posts\/47420\/revisions\/47422"}],"wp:featuredmedia":[{"embeddable":true,"href":"https:\/\/www.laguiadepamplona.com\/actualidad\/wp-json\/wp\/v2\/media\/47421"}],"wp:attachment":[{"href":"https:\/\/www.laguiadepamplona.com\/actualidad\/wp-json\/wp\/v2\/media?parent=47420"}],"wp:term":[{"taxonomy":"category","embeddable":true,"href":"https:\/\/www.laguiadepamplona.com\/actualidad\/wp-json\/wp\/v2\/categories?post=47420"},{"taxonomy":"post_tag","embeddable":true,"href":"https:\/\/www.laguiadepamplona.com\/actualidad\/wp-json\/wp\/v2\/tags?post=47420"}],"curies":[{"name":"wp","href":"https:\/\/api.w.org\/{rel}","templated":true}]}}