{"id":47418,"date":"2023-09-22T13:42:14","date_gmt":"2023-09-22T11:42:14","guid":{"rendered":"https:\/\/www.laguiadepamplona.com\/actualidad\/?p=47418"},"modified":"2023-09-22T13:42:14","modified_gmt":"2023-09-22T11:42:14","slug":"casco-antiguo-y-txantrea-contaran-desde-octubre-con-el-servicio-de-policia-comunitaria-en-tu-civivox","status":"publish","type":"post","link":"https:\/\/www.laguiadepamplona.com\/actualidad\/casco-antiguo-y-txantrea-contaran-desde-octubre-con-el-servicio-de-policia-comunitaria-en-tu-civivox\/","title":{"rendered":"Casco Antiguo y Txantrea contar\u00e1n desde octubre con el servicio de \u2018Polic\u00eda Comunitaria en tu Civivox\u2019"},"content":{"rendered":"<h3>Este servicio de mediaci\u00f3n y proximidad est\u00e1 ya disponible en todos los barrios de la ciudad<\/h3>\n<p><!--more--><\/p>\n<p>El servicio de \u2018Polic\u00eda Comunitaria en tu Civivox\u2019 vuelve este mes de octubre con la ampliaci\u00f3n a dos nuevos barrios: Casco Antiguo y Txantrea. De esta forma, todos los barrios de la ciudad dispondr\u00e1n ya de este servicio de proximidad y mediaci\u00f3n de Polic\u00eda Municipal, que trata de resolver en persona todas las dudas y escuchar todas las sugerencias que tenga la ciudadan\u00eda de Pamplona. Las personas que quieran solicitar una cita pueden hacerlo en los propios Civivox y centros de referencia en cada zona.<\/p>\n<p>En concreto, este servicio est\u00e1 disponible en los civivox de Iturrama, Milagrosa, Mendillorri, Ensanche, San Jorge, Jus la Rocha y Condestable. A ellos se suman el Centro Intergeneracional Santa Mar\u00eda la Real y el Centro Comunitario de Txantrea. Los agentes de Polic\u00eda Municipal que atienden este servicio acuden la primera semana del mes a cada centro, con el objeto de ofrecer una atenci\u00f3n personalizada.<br \/>\n<script async src=\"\/\/pagead2.googlesyndication.com\/pagead\/js\/adsbygoogle.js\"><\/script><br \/>\n<!-- Noticias La Guia de Pamplona --><br \/>\n<ins class=\"adsbygoogle\"\nstyle=\"display:block\"\ndata-ad-client=\"ca-pub-6943679897239327\"\ndata-ad-slot=\"7048180777\"\ndata-ad-format=\"auto\"><\/ins><br \/>\n<script>\n(adsbygoogle = window.adsbygoogle || []).push({});\n<\/script><\/p>\n<p>La Polic\u00eda Comunitaria se puso en marcha de forma piloto en febrero de 2017 con la finalidad dar soluci\u00f3n a los problemas que surjan en los barrios. No obstante, tambi\u00e9n juega un papel importante como enlace entre el vecindario y el Ayuntamiento en lo que se refiere a temas de convivencia y seguridad ciudadana, ya que mantiene una relaci\u00f3n constante con vecinos y colectivos implicados en el barrio. De hecho, gracias a este programa, cada barrio cuenta con un agente de referencia, en permanente contacto con el vecindario, los comerciantes, los centros escolares y los colectivos y asociaciones de la zona.<\/p>\n<p>En esta l\u00ednea, cada agente de la Polic\u00eda Comunitaria realizar\u00e1 visitas a estos comercios, asociaciones vecinales y dem\u00e1s entidades implicadas en la vida de los barrios para conocer cu\u00e1les son sus problemas y necesidades y tratar de abordarlas. Entre sus labores estar\u00e1 mediar en conflictos vecinales, para tratar de darles soluci\u00f3n, llegar a acuerdos y evitar as\u00ed continuas denuncias cruzadas. No obstante, es preciso recordar que, para cualquier emergencia o requerimiento de servicio policial inmediato, el n\u00famero de referencia sigue siendo el 092.<br \/>\n<script async src=\"\/\/pagead2.googlesyndication.com\/pagead\/js\/adsbygoogle.js\"><\/script><br \/>\n<!-- Noticias La Guia de Pamplona --><br \/>\n<ins class=\"adsbygoogle\"\nstyle=\"display:block\"\ndata-ad-client=\"ca-pub-6943679897239327\"\ndata-ad-slot=\"7048180777\"\ndata-ad-format=\"auto\"><\/ins><br \/>\n<script>\n(adsbygoogle = window.adsbygoogle || []).push({});\n<\/script><\/p>\n<h2>\nHorarios y Ubicaciones<\/h2>\n<p>Desde octubre, los agentes de Polic\u00eda atender\u00e1n estas dudas y sugerencias <strong><u>la primera semana de cada mes<\/u><\/strong> en los siguientes lugares y d\u00edas:<\/p>\n<ul>\n<li><strong>Lunes<\/strong>\n<ul>\n<li>Civivox de Iturrama, para atender al vecindario de Iturrama. Las solicitudes de cita se realizan en el propio Civivox o el tel\u00e9fono 948 36 66 55<\/li>\n<li>Civivox Jus La Rocha, para el vecindario de Rochapea. Solicitud de cita en el propio civivox o el tel\u00e9fono 948 13 21 90<\/li>\n<\/ul>\n<\/li>\n<li><strong>Martes <\/strong>\n<ul>\n<li>Civivox Mendillorri, para atender a Mendillorri, Erripaga\u00f1a y Beloso. Solicitud de cita en el propio Civivox o el tel\u00e9fono 948 16 41 14<\/li>\n<li>Civivox Condestable, para atender al Casco Antiguo. Solicitud de cita previa en el propio Civivox o en el tel\u00e9fono 948 22 42 49<\/li>\n<\/ul>\n<\/li>\n<li><strong>Mi\u00e9rcoles<\/strong>\n<ul>\n<li>Civivox San Jorge, para atender a San Jorge y Buztintxuri. Solicitud de cita en el propio civivox o en el tel\u00e9fono 948 13 64 00<\/li>\n<li>Centro Comunitario Txantrea, para Txantrea, Orvina y Ezcaba. Solicitud de cita previa en el propio centro o en el tel\u00e9fono 948420510<\/li>\n<\/ul>\n<\/li>\n<li><strong>Jueves\u00a0\u00a0\u00a0\u00a0\u00a0\u00a0 \u00a0\u00a0<\/strong>\n<ul>\n<li>Civivox Milagrosa, para Milagrosa, Arrosad\u00eda y Azpilaga\u00f1a. Solicitud de cita en el propio Civivox o el tel\u00e9fono 948 29 28 02<\/li>\n<li>Centro Intergeneracional Santa M\u00aa La Real, para Santa M\u00aa la Real y Lezkairu. Solicitud de cita en el propio centro (calle Mutilva Baja, 19) o el tel\u00e9fono 948 42 05 10<\/li>\n<li>Civivox Ensanche, para I y II Ensanche. Solicitud de cita en el propio civivox o el tel\u00e9fono 948 23 28 88<\/li>\n<\/ul>\n<\/li>\n<\/ul>\n","protected":false},"excerpt":{"rendered":"<p>Este servicio de mediaci\u00f3n y proximidad est\u00e1 ya disponible en todos los barrios de la ciudad<\/p>\n","protected":false},"author":1,"featured_media":39130,"comment_status":"open","ping_status":"closed","sticky":false,"template":"","format":"standard","meta":{"footnotes":""},"categories":[2],"tags":[],"class_list":["post-47418","post","type-post","status-publish","format-standard","has-post-thumbnail","hentry","category-ayuntamiento-pamplona"],"yoast_head":"<!-- This site is optimized with the Yoast SEO plugin v27.3 - https:\/\/yoast.com\/product\/yoast-seo-wordpress\/ -->\n<title>Casco Antiguo y Txantrea contar\u00e1n desde octubre con el servicio de \u2018Polic\u00eda Comunitaria en tu Civivox\u2019<\/title>\n<meta name=\"description\" content=\"Este servicio de mediaci\u00f3n y proximidad est\u00e1 ya disponible en todos los barrios de la ciudad\" \/>\n<meta name=\"robots\" content=\"index, follow, max-snippet:-1, max-image-preview:large, max-video-preview:-1\" \/>\n<link rel=\"canonical\" href=\"https:\/\/www.laguiadepamplona.com\/actualidad\/casco-antiguo-y-txantrea-contaran-desde-octubre-con-el-servicio-de-policia-comunitaria-en-tu-civivox\/\" \/>\n<meta property=\"og:locale\" content=\"es_ES\" \/>\n<meta property=\"og:type\" content=\"article\" \/>\n<meta property=\"og:title\" content=\"Casco Antiguo y Txantrea contar\u00e1n desde octubre con el servicio de \u2018Polic\u00eda Comunitaria en tu Civivox\u2019\" \/>\n<meta property=\"og:description\" content=\"Este servicio de mediaci\u00f3n y proximidad est\u00e1 ya disponible en todos los barrios de la ciudad\" \/>\n<meta property=\"og:url\" content=\"https:\/\/www.laguiadepamplona.com\/actualidad\/casco-antiguo-y-txantrea-contaran-desde-octubre-con-el-servicio-de-policia-comunitaria-en-tu-civivox\/\" \/>\n<meta property=\"og:site_name\" content=\"La Gu\u00eda de Pamplona\" \/>\n<meta property=\"article:publisher\" content=\"https:\/\/www.facebook.com\/laguiadepamplonacom-133175176762273\/?ref=hl\" \/>\n<meta property=\"article:published_time\" content=\"2023-09-22T11:42:14+00:00\" \/>\n<meta property=\"og:image\" content=\"https:\/\/www.laguiadepamplona.com\/actualidad\/wp-content\/uploads\/2022\/03\/policia-comunitaria-web_1.jpg\" \/>\n\t<meta property=\"og:image:width\" content=\"1818\" \/>\n\t<meta property=\"og:image:height\" content=\"1212\" \/>\n\t<meta property=\"og:image:type\" content=\"image\/jpeg\" \/>\n<meta name=\"author\" content=\"La Gu\u00eda de Pamplona\" \/>\n<meta name=\"twitter:card\" content=\"summary_large_image\" \/>\n<meta name=\"twitter:creator\" content=\"@LaGuiadPamplona\" \/>\n<meta name=\"twitter:site\" content=\"@LaGuiadPamplona\" \/>\n<meta name=\"twitter:label1\" content=\"Escrito por\" \/>\n\t<meta name=\"twitter:data1\" content=\"La Gu\u00eda de Pamplona\" \/>\n\t<meta name=\"twitter:label2\" content=\"Tiempo de lectura\" \/>\n\t<meta name=\"twitter:data2\" content=\"3 minutos\" \/>\n<script type=\"application\/ld+json\" class=\"yoast-schema-graph\">{\"@context\":\"https:\\\/\\\/schema.org\",\"@graph\":[{\"@type\":\"Article\",\"@id\":\"https:\\\/\\\/www.laguiadepamplona.com\\\/actualidad\\\/casco-antiguo-y-txantrea-contaran-desde-octubre-con-el-servicio-de-policia-comunitaria-en-tu-civivox\\\/#article\",\"isPartOf\":{\"@id\":\"https:\\\/\\\/www.laguiadepamplona.com\\\/actualidad\\\/casco-antiguo-y-txantrea-contaran-desde-octubre-con-el-servicio-de-policia-comunitaria-en-tu-civivox\\\/\"},\"author\":{\"name\":\"La Gu\u00eda de Pamplona\",\"@id\":\"https:\\\/\\\/www.laguiadepamplona.com\\\/actualidad\\\/#\\\/schema\\\/person\\\/efe887376f0213d4657c93adc50b1fdb\"},\"headline\":\"Casco Antiguo y Txantrea contar\u00e1n desde octubre con el servicio de \u2018Polic\u00eda Comunitaria en tu Civivox\u2019\",\"datePublished\":\"2023-09-22T11:42:14+00:00\",\"mainEntityOfPage\":{\"@id\":\"https:\\\/\\\/www.laguiadepamplona.com\\\/actualidad\\\/casco-antiguo-y-txantrea-contaran-desde-octubre-con-el-servicio-de-policia-comunitaria-en-tu-civivox\\\/\"},\"wordCount\":611,\"commentCount\":0,\"publisher\":{\"@id\":\"https:\\\/\\\/www.laguiadepamplona.com\\\/actualidad\\\/#organization\"},\"image\":{\"@id\":\"https:\\\/\\\/www.laguiadepamplona.com\\\/actualidad\\\/casco-antiguo-y-txantrea-contaran-desde-octubre-con-el-servicio-de-policia-comunitaria-en-tu-civivox\\\/#primaryimage\"},\"thumbnailUrl\":\"https:\\\/\\\/www.laguiadepamplona.com\\\/actualidad\\\/wp-content\\\/uploads\\\/2022\\\/03\\\/policia-comunitaria-web_1.jpg\",\"articleSection\":[\"Ayto Pamplona\"],\"inLanguage\":\"es\",\"potentialAction\":[{\"@type\":\"CommentAction\",\"name\":\"Comment\",\"target\":[\"https:\\\/\\\/www.laguiadepamplona.com\\\/actualidad\\\/casco-antiguo-y-txantrea-contaran-desde-octubre-con-el-servicio-de-policia-comunitaria-en-tu-civivox\\\/#respond\"]}]},{\"@type\":\"WebPage\",\"@id\":\"https:\\\/\\\/www.laguiadepamplona.com\\\/actualidad\\\/casco-antiguo-y-txantrea-contaran-desde-octubre-con-el-servicio-de-policia-comunitaria-en-tu-civivox\\\/\",\"url\":\"https:\\\/\\\/www.laguiadepamplona.com\\\/actualidad\\\/casco-antiguo-y-txantrea-contaran-desde-octubre-con-el-servicio-de-policia-comunitaria-en-tu-civivox\\\/\",\"name\":\"Casco Antiguo y Txantrea contar\u00e1n desde octubre con el servicio de \u2018Polic\u00eda Comunitaria en tu Civivox\u2019\",\"isPartOf\":{\"@id\":\"https:\\\/\\\/www.laguiadepamplona.com\\\/actualidad\\\/#website\"},\"primaryImageOfPage\":{\"@id\":\"https:\\\/\\\/www.laguiadepamplona.com\\\/actualidad\\\/casco-antiguo-y-txantrea-contaran-desde-octubre-con-el-servicio-de-policia-comunitaria-en-tu-civivox\\\/#primaryimage\"},\"image\":{\"@id\":\"https:\\\/\\\/www.laguiadepamplona.com\\\/actualidad\\\/casco-antiguo-y-txantrea-contaran-desde-octubre-con-el-servicio-de-policia-comunitaria-en-tu-civivox\\\/#primaryimage\"},\"thumbnailUrl\":\"https:\\\/\\\/www.laguiadepamplona.com\\\/actualidad\\\/wp-content\\\/uploads\\\/2022\\\/03\\\/policia-comunitaria-web_1.jpg\",\"datePublished\":\"2023-09-22T11:42:14+00:00\",\"description\":\"Este servicio de mediaci\u00f3n y proximidad est\u00e1 ya disponible en todos los barrios de la ciudad\",\"breadcrumb\":{\"@id\":\"https:\\\/\\\/www.laguiadepamplona.com\\\/actualidad\\\/casco-antiguo-y-txantrea-contaran-desde-octubre-con-el-servicio-de-policia-comunitaria-en-tu-civivox\\\/#breadcrumb\"},\"inLanguage\":\"es\",\"potentialAction\":[{\"@type\":\"ReadAction\",\"target\":[\"https:\\\/\\\/www.laguiadepamplona.com\\\/actualidad\\\/casco-antiguo-y-txantrea-contaran-desde-octubre-con-el-servicio-de-policia-comunitaria-en-tu-civivox\\\/\"]}]},{\"@type\":\"ImageObject\",\"inLanguage\":\"es\",\"@id\":\"https:\\\/\\\/www.laguiadepamplona.com\\\/actualidad\\\/casco-antiguo-y-txantrea-contaran-desde-octubre-con-el-servicio-de-policia-comunitaria-en-tu-civivox\\\/#primaryimage\",\"url\":\"https:\\\/\\\/www.laguiadepamplona.com\\\/actualidad\\\/wp-content\\\/uploads\\\/2022\\\/03\\\/policia-comunitaria-web_1.jpg\",\"contentUrl\":\"https:\\\/\\\/www.laguiadepamplona.com\\\/actualidad\\\/wp-content\\\/uploads\\\/2022\\\/03\\\/policia-comunitaria-web_1.jpg\",\"width\":1818,\"height\":1212,\"caption\":\"polic\u00eda comunitaria\"},{\"@type\":\"BreadcrumbList\",\"@id\":\"https:\\\/\\\/www.laguiadepamplona.com\\\/actualidad\\\/casco-antiguo-y-txantrea-contaran-desde-octubre-con-el-servicio-de-policia-comunitaria-en-tu-civivox\\\/#breadcrumb\",\"itemListElement\":[{\"@type\":\"ListItem\",\"position\":1,\"name\":\"Portada\",\"item\":\"https:\\\/\\\/www.laguiadepamplona.com\\\/actualidad\\\/\"},{\"@type\":\"ListItem\",\"position\":2,\"name\":\"Casco Antiguo y Txantrea contar\u00e1n desde octubre con el servicio de \u2018Polic\u00eda Comunitaria en tu Civivox\u2019\"}]},{\"@type\":\"WebSite\",\"@id\":\"https:\\\/\\\/www.laguiadepamplona.com\\\/actualidad\\\/#website\",\"url\":\"https:\\\/\\\/www.laguiadepamplona.com\\\/actualidad\\\/\",\"name\":\"La gu\u00eda de Pamplona\",\"description\":\"Noticias de Pamplona\",\"publisher\":{\"@id\":\"https:\\\/\\\/www.laguiadepamplona.com\\\/actualidad\\\/#organization\"},\"potentialAction\":[{\"@type\":\"SearchAction\",\"target\":{\"@type\":\"EntryPoint\",\"urlTemplate\":\"https:\\\/\\\/www.laguiadepamplona.com\\\/actualidad\\\/?s={search_term_string}\"},\"query-input\":{\"@type\":\"PropertyValueSpecification\",\"valueRequired\":true,\"valueName\":\"search_term_string\"}}],\"inLanguage\":\"es\"},{\"@type\":\"Organization\",\"@id\":\"https:\\\/\\\/www.laguiadepamplona.com\\\/actualidad\\\/#organization\",\"name\":\"La Gu\u00eda de Pamplona \\\/ Noticias\",\"url\":\"https:\\\/\\\/www.laguiadepamplona.com\\\/actualidad\\\/\",\"logo\":{\"@type\":\"ImageObject\",\"inLanguage\":\"es\",\"@id\":\"https:\\\/\\\/www.laguiadepamplona.com\\\/actualidad\\\/#\\\/schema\\\/logo\\\/image\\\/\",\"url\":\"https:\\\/\\\/www.laguiadepamplona.com\\\/actualidad\\\/wp-content\\\/uploads\\\/2018\\\/11\\\/logo-laguiadepamplona18-web1.png\",\"contentUrl\":\"https:\\\/\\\/www.laguiadepamplona.com\\\/actualidad\\\/wp-content\\\/uploads\\\/2018\\\/11\\\/logo-laguiadepamplona18-web1.png\",\"width\":600,\"height\":196,\"caption\":\"La Gu\u00eda de Pamplona \\\/ Noticias\"},\"image\":{\"@id\":\"https:\\\/\\\/www.laguiadepamplona.com\\\/actualidad\\\/#\\\/schema\\\/logo\\\/image\\\/\"},\"sameAs\":[\"https:\\\/\\\/www.facebook.com\\\/laguiadepamplonacom-133175176762273\\\/?ref=hl\",\"https:\\\/\\\/x.com\\\/LaGuiadPamplona\",\"https:\\\/\\\/www.instagram.com\\\/la_guia_de_pamplona\\\/\",\"https:\\\/\\\/www.youtube.com\\\/user\\\/laguiadepamplona\"]},{\"@type\":\"Person\",\"@id\":\"https:\\\/\\\/www.laguiadepamplona.com\\\/actualidad\\\/#\\\/schema\\\/person\\\/efe887376f0213d4657c93adc50b1fdb\",\"name\":\"La Gu\u00eda de Pamplona\",\"image\":{\"@type\":\"ImageObject\",\"inLanguage\":\"es\",\"@id\":\"https:\\\/\\\/secure.gravatar.com\\\/avatar\\\/b6992f131dc8d30ab0dff15446e9d346d9dbd95992de0fef795073f5ea83a81c?s=96&d=mm&r=g\",\"url\":\"https:\\\/\\\/secure.gravatar.com\\\/avatar\\\/b6992f131dc8d30ab0dff15446e9d346d9dbd95992de0fef795073f5ea83a81c?s=96&d=mm&r=g\",\"contentUrl\":\"https:\\\/\\\/secure.gravatar.com\\\/avatar\\\/b6992f131dc8d30ab0dff15446e9d346d9dbd95992de0fef795073f5ea83a81c?s=96&d=mm&r=g\",\"caption\":\"La Gu\u00eda de Pamplona\"}}]}<\/script>\n<!-- \/ Yoast SEO plugin. -->","yoast_head_json":{"title":"Casco Antiguo y Txantrea contar\u00e1n desde octubre con el servicio de \u2018Polic\u00eda Comunitaria en tu Civivox\u2019","description":"Este servicio de mediaci\u00f3n y proximidad est\u00e1 ya disponible en todos los barrios de la ciudad","robots":{"index":"index","follow":"follow","max-snippet":"max-snippet:-1","max-image-preview":"max-image-preview:large","max-video-preview":"max-video-preview:-1"},"canonical":"https:\/\/www.laguiadepamplona.com\/actualidad\/casco-antiguo-y-txantrea-contaran-desde-octubre-con-el-servicio-de-policia-comunitaria-en-tu-civivox\/","og_locale":"es_ES","og_type":"article","og_title":"Casco Antiguo y Txantrea contar\u00e1n desde octubre con el servicio de \u2018Polic\u00eda Comunitaria en tu Civivox\u2019","og_description":"Este servicio de mediaci\u00f3n y proximidad est\u00e1 ya disponible en todos los barrios de la ciudad","og_url":"https:\/\/www.laguiadepamplona.com\/actualidad\/casco-antiguo-y-txantrea-contaran-desde-octubre-con-el-servicio-de-policia-comunitaria-en-tu-civivox\/","og_site_name":"La Gu\u00eda de Pamplona","article_publisher":"https:\/\/www.facebook.com\/laguiadepamplonacom-133175176762273\/?ref=hl","article_published_time":"2023-09-22T11:42:14+00:00","og_image":[{"width":1818,"height":1212,"url":"https:\/\/www.laguiadepamplona.com\/actualidad\/wp-content\/uploads\/2022\/03\/policia-comunitaria-web_1.jpg","type":"image\/jpeg"}],"author":"La Gu\u00eda de Pamplona","twitter_card":"summary_large_image","twitter_creator":"@LaGuiadPamplona","twitter_site":"@LaGuiadPamplona","twitter_misc":{"Escrito por":"La Gu\u00eda de Pamplona","Tiempo de lectura":"3 minutos"},"schema":{"@context":"https:\/\/schema.org","@graph":[{"@type":"Article","@id":"https:\/\/www.laguiadepamplona.com\/actualidad\/casco-antiguo-y-txantrea-contaran-desde-octubre-con-el-servicio-de-policia-comunitaria-en-tu-civivox\/#article","isPartOf":{"@id":"https:\/\/www.laguiadepamplona.com\/actualidad\/casco-antiguo-y-txantrea-contaran-desde-octubre-con-el-servicio-de-policia-comunitaria-en-tu-civivox\/"},"author":{"name":"La Gu\u00eda de Pamplona","@id":"https:\/\/www.laguiadepamplona.com\/actualidad\/#\/schema\/person\/efe887376f0213d4657c93adc50b1fdb"},"headline":"Casco Antiguo y Txantrea contar\u00e1n desde octubre con el servicio de \u2018Polic\u00eda Comunitaria en tu Civivox\u2019","datePublished":"2023-09-22T11:42:14+00:00","mainEntityOfPage":{"@id":"https:\/\/www.laguiadepamplona.com\/actualidad\/casco-antiguo-y-txantrea-contaran-desde-octubre-con-el-servicio-de-policia-comunitaria-en-tu-civivox\/"},"wordCount":611,"commentCount":0,"publisher":{"@id":"https:\/\/www.laguiadepamplona.com\/actualidad\/#organization"},"image":{"@id":"https:\/\/www.laguiadepamplona.com\/actualidad\/casco-antiguo-y-txantrea-contaran-desde-octubre-con-el-servicio-de-policia-comunitaria-en-tu-civivox\/#primaryimage"},"thumbnailUrl":"https:\/\/www.laguiadepamplona.com\/actualidad\/wp-content\/uploads\/2022\/03\/policia-comunitaria-web_1.jpg","articleSection":["Ayto Pamplona"],"inLanguage":"es","potentialAction":[{"@type":"CommentAction","name":"Comment","target":["https:\/\/www.laguiadepamplona.com\/actualidad\/casco-antiguo-y-txantrea-contaran-desde-octubre-con-el-servicio-de-policia-comunitaria-en-tu-civivox\/#respond"]}]},{"@type":"WebPage","@id":"https:\/\/www.laguiadepamplona.com\/actualidad\/casco-antiguo-y-txantrea-contaran-desde-octubre-con-el-servicio-de-policia-comunitaria-en-tu-civivox\/","url":"https:\/\/www.laguiadepamplona.com\/actualidad\/casco-antiguo-y-txantrea-contaran-desde-octubre-con-el-servicio-de-policia-comunitaria-en-tu-civivox\/","name":"Casco Antiguo y Txantrea contar\u00e1n desde octubre con el servicio de \u2018Polic\u00eda Comunitaria en tu Civivox\u2019","isPartOf":{"@id":"https:\/\/www.laguiadepamplona.com\/actualidad\/#website"},"primaryImageOfPage":{"@id":"https:\/\/www.laguiadepamplona.com\/actualidad\/casco-antiguo-y-txantrea-contaran-desde-octubre-con-el-servicio-de-policia-comunitaria-en-tu-civivox\/#primaryimage"},"image":{"@id":"https:\/\/www.laguiadepamplona.com\/actualidad\/casco-antiguo-y-txantrea-contaran-desde-octubre-con-el-servicio-de-policia-comunitaria-en-tu-civivox\/#primaryimage"},"thumbnailUrl":"https:\/\/www.laguiadepamplona.com\/actualidad\/wp-content\/uploads\/2022\/03\/policia-comunitaria-web_1.jpg","datePublished":"2023-09-22T11:42:14+00:00","description":"Este servicio de mediaci\u00f3n y proximidad est\u00e1 ya disponible en todos los barrios de la ciudad","breadcrumb":{"@id":"https:\/\/www.laguiadepamplona.com\/actualidad\/casco-antiguo-y-txantrea-contaran-desde-octubre-con-el-servicio-de-policia-comunitaria-en-tu-civivox\/#breadcrumb"},"inLanguage":"es","potentialAction":[{"@type":"ReadAction","target":["https:\/\/www.laguiadepamplona.com\/actualidad\/casco-antiguo-y-txantrea-contaran-desde-octubre-con-el-servicio-de-policia-comunitaria-en-tu-civivox\/"]}]},{"@type":"ImageObject","inLanguage":"es","@id":"https:\/\/www.laguiadepamplona.com\/actualidad\/casco-antiguo-y-txantrea-contaran-desde-octubre-con-el-servicio-de-policia-comunitaria-en-tu-civivox\/#primaryimage","url":"https:\/\/www.laguiadepamplona.com\/actualidad\/wp-content\/uploads\/2022\/03\/policia-comunitaria-web_1.jpg","contentUrl":"https:\/\/www.laguiadepamplona.com\/actualidad\/wp-content\/uploads\/2022\/03\/policia-comunitaria-web_1.jpg","width":1818,"height":1212,"caption":"polic\u00eda comunitaria"},{"@type":"BreadcrumbList","@id":"https:\/\/www.laguiadepamplona.com\/actualidad\/casco-antiguo-y-txantrea-contaran-desde-octubre-con-el-servicio-de-policia-comunitaria-en-tu-civivox\/#breadcrumb","itemListElement":[{"@type":"ListItem","position":1,"name":"Portada","item":"https:\/\/www.laguiadepamplona.com\/actualidad\/"},{"@type":"ListItem","position":2,"name":"Casco Antiguo y Txantrea contar\u00e1n desde octubre con el servicio de \u2018Polic\u00eda Comunitaria en tu Civivox\u2019"}]},{"@type":"WebSite","@id":"https:\/\/www.laguiadepamplona.com\/actualidad\/#website","url":"https:\/\/www.laguiadepamplona.com\/actualidad\/","name":"La gu\u00eda de Pamplona","description":"Noticias de Pamplona","publisher":{"@id":"https:\/\/www.laguiadepamplona.com\/actualidad\/#organization"},"potentialAction":[{"@type":"SearchAction","target":{"@type":"EntryPoint","urlTemplate":"https:\/\/www.laguiadepamplona.com\/actualidad\/?s={search_term_string}"},"query-input":{"@type":"PropertyValueSpecification","valueRequired":true,"valueName":"search_term_string"}}],"inLanguage":"es"},{"@type":"Organization","@id":"https:\/\/www.laguiadepamplona.com\/actualidad\/#organization","name":"La Gu\u00eda de Pamplona \/ Noticias","url":"https:\/\/www.laguiadepamplona.com\/actualidad\/","logo":{"@type":"ImageObject","inLanguage":"es","@id":"https:\/\/www.laguiadepamplona.com\/actualidad\/#\/schema\/logo\/image\/","url":"https:\/\/www.laguiadepamplona.com\/actualidad\/wp-content\/uploads\/2018\/11\/logo-laguiadepamplona18-web1.png","contentUrl":"https:\/\/www.laguiadepamplona.com\/actualidad\/wp-content\/uploads\/2018\/11\/logo-laguiadepamplona18-web1.png","width":600,"height":196,"caption":"La Gu\u00eda de Pamplona \/ Noticias"},"image":{"@id":"https:\/\/www.laguiadepamplona.com\/actualidad\/#\/schema\/logo\/image\/"},"sameAs":["https:\/\/www.facebook.com\/laguiadepamplonacom-133175176762273\/?ref=hl","https:\/\/x.com\/LaGuiadPamplona","https:\/\/www.instagram.com\/la_guia_de_pamplona\/","https:\/\/www.youtube.com\/user\/laguiadepamplona"]},{"@type":"Person","@id":"https:\/\/www.laguiadepamplona.com\/actualidad\/#\/schema\/person\/efe887376f0213d4657c93adc50b1fdb","name":"La Gu\u00eda de Pamplona","image":{"@type":"ImageObject","inLanguage":"es","@id":"https:\/\/secure.gravatar.com\/avatar\/b6992f131dc8d30ab0dff15446e9d346d9dbd95992de0fef795073f5ea83a81c?s=96&d=mm&r=g","url":"https:\/\/secure.gravatar.com\/avatar\/b6992f131dc8d30ab0dff15446e9d346d9dbd95992de0fef795073f5ea83a81c?s=96&d=mm&r=g","contentUrl":"https:\/\/secure.gravatar.com\/avatar\/b6992f131dc8d30ab0dff15446e9d346d9dbd95992de0fef795073f5ea83a81c?s=96&d=mm&r=g","caption":"La Gu\u00eda de Pamplona"}}]}},"post_mailing_queue_ids":[],"_links":{"self":[{"href":"https:\/\/www.laguiadepamplona.com\/actualidad\/wp-json\/wp\/v2\/posts\/47418","targetHints":{"allow":["GET"]}}],"collection":[{"href":"https:\/\/www.laguiadepamplona.com\/actualidad\/wp-json\/wp\/v2\/posts"}],"about":[{"href":"https:\/\/www.laguiadepamplona.com\/actualidad\/wp-json\/wp\/v2\/types\/post"}],"author":[{"embeddable":true,"href":"https:\/\/www.laguiadepamplona.com\/actualidad\/wp-json\/wp\/v2\/users\/1"}],"replies":[{"embeddable":true,"href":"https:\/\/www.laguiadepamplona.com\/actualidad\/wp-json\/wp\/v2\/comments?post=47418"}],"version-history":[{"count":1,"href":"https:\/\/www.laguiadepamplona.com\/actualidad\/wp-json\/wp\/v2\/posts\/47418\/revisions"}],"predecessor-version":[{"id":47419,"href":"https:\/\/www.laguiadepamplona.com\/actualidad\/wp-json\/wp\/v2\/posts\/47418\/revisions\/47419"}],"wp:featuredmedia":[{"embeddable":true,"href":"https:\/\/www.laguiadepamplona.com\/actualidad\/wp-json\/wp\/v2\/media\/39130"}],"wp:attachment":[{"href":"https:\/\/www.laguiadepamplona.com\/actualidad\/wp-json\/wp\/v2\/media?parent=47418"}],"wp:term":[{"taxonomy":"category","embeddable":true,"href":"https:\/\/www.laguiadepamplona.com\/actualidad\/wp-json\/wp\/v2\/categories?post=47418"},{"taxonomy":"post_tag","embeddable":true,"href":"https:\/\/www.laguiadepamplona.com\/actualidad\/wp-json\/wp\/v2\/tags?post=47418"}],"curies":[{"name":"wp","href":"https:\/\/api.w.org\/{rel}","templated":true}]}}