{"id":47409,"date":"2023-09-21T17:26:05","date_gmt":"2023-09-21T15:26:05","guid":{"rendered":"https:\/\/www.laguiadepamplona.com\/actualidad\/?p=47409"},"modified":"2023-09-21T17:26:05","modified_gmt":"2023-09-21T15:26:05","slug":"mas-de-medio-centenar-de-personas-conocen-desde-dentro-la-labor-de-policia-municipal-en-las-primeras-jornadas-de-puertas-abiertas-del-cuerpo","status":"publish","type":"post","link":"https:\/\/www.laguiadepamplona.com\/actualidad\/mas-de-medio-centenar-de-personas-conocen-desde-dentro-la-labor-de-policia-municipal-en-las-primeras-jornadas-de-puertas-abiertas-del-cuerpo\/","title":{"rendered":"M\u00e1s de medio centenar de personas conocen, desde dentro, la labor de Polic\u00eda Municipal en las primeras jornadas de puertas abiertas del cuerpo"},"content":{"rendered":"<h3>Se han organizado tres visitas guiadas a las instalaciones de Monasterio de Irache, con una veintena de participantes en cada tanda<\/h3>\n<p><!--more--><\/p>\n<p>Alrededor de sesenta personas han tenido la oportunidad de visitar las instalaciones de Polic\u00eda Municipal en las primeras jornadas abiertas que ha organizado el cuerpo, dentro de los actos previstos con motivo de la celebraci\u00f3n de su patr\u00f3n, San Miguel, el pr\u00f3ximo d\u00eda 29. A lo largo de esta ma\u00f1ana, se han celebrado tres visitas guiadas, cada una de ellas con una veintena de participantes, en las que la ciudadan\u00eda ha podido ver c\u00f3mo trabajan los agentes de Polic\u00eda Municipal y c\u00f3mo se realizan los distintos tr\u00e1mites y procesos. El Jefe de Polic\u00eda Municipal, Manuel Iribarren, ha sido el encargado de dar la bienvenida a las personas visitantes, que han podido recorrer buena parte de las instalaciones del cuerpo en la calle Monasterio de Irache.<\/p>\n<p>Las visitas han comenzado en el \u00e1rea de Seguridad Ciudadana, donde se les ha explicado el funcionamiento de los distintos mostradores, como la solicitud de tarjetas de estacionamiento para residentes o la oficina de objetos perdidos, entre otros. Tras este primer contacto, la ciudadan\u00eda que ha acudido a la jornada de puertas abiertas ha accedido a las dependencias propias de Polic\u00eda Municipal. All\u00ed han conocido la oficina de denuncias penales y la zona de atestados. Se les ha explicado tambi\u00e9n c\u00f3mo se organiza un d\u00eda habitual, haciendo un resumen de las actuaciones realizadas en el turno anterior y llevando a cabo el reparto de agentes y funciones, seg\u00fan las necesidades de cada momento.<br \/>\n<script async src=\"\/\/pagead2.googlesyndication.com\/pagead\/js\/adsbygoogle.js\"><\/script><br \/>\n<!-- Noticias La Guia de Pamplona --><br \/>\n<ins class=\"adsbygoogle\"\nstyle=\"display:block\"\ndata-ad-client=\"ca-pub-6943679897239327\"\ndata-ad-slot=\"7048180777\"\ndata-ad-format=\"auto\"><\/ins><br \/>\n<script>\n(adsbygoogle = window.adsbygoogle || []).push({});\n<\/script><\/p>\n<p>Uno de los espacios m\u00e1s llamativos de las dependencias policiales es el Centro de Coordinaci\u00f3n Operativa (CECOP), la sala de control de c\u00e1maras de la ciudad y el lugar en el que se reciben las llamadas realizadas al 092. Las personas visitantes han podido as\u00ed poner cara a los agentes que contestan las llamadas de urgencia que se reciben en este tel\u00e9fono de Polic\u00eda Municipal. El CECOP centraliza, adem\u00e1s, todas las c\u00e1maras de seguridad que se han instalado en la ciudad, tanto en v\u00edas de circulaci\u00f3n, como las que est\u00e1n ubicadas en zonas peatonales y plazas, que ofrecen im\u00e1genes en tiempo real.<\/p>\n<p>El recorrido por las instalaciones les ha llevado tambi\u00e9n a la zona de ret\u00e9n, espacio en el que se identifica a los detenidos antes de trasladarlos al calabozo. Asimismo, han podido ver la galer\u00eda de tiro, en la que los agentes practican a diario. La visita ha concluido en el garaje de las instalaciones, donde se aparcan los distintos veh\u00edculos policiales de los que dispone Polic\u00eda Municipal.<br \/>\n<script async src=\"\/\/pagead2.googlesyndication.com\/pagead\/js\/adsbygoogle.js\"><\/script><br \/>\n<!-- Noticias La Guia de Pamplona --><br \/>\n<ins class=\"adsbygoogle\"\nstyle=\"display:block\"\ndata-ad-client=\"ca-pub-6943679897239327\"\ndata-ad-slot=\"7048180777\"\ndata-ad-format=\"auto\"><\/ins><br \/>\n<script>\n(adsbygoogle = window.adsbygoogle || []).push({});\n<\/script><\/p>\n<p><strong>Un recorrido por d\u00e9cadas de Polic\u00eda Municipal<\/strong><\/p>\n<p>Estas jornadas de puertas abiertas han permitido, adem\u00e1s, hacer un repaso por toda la historia de Polic\u00eda Municipal, desde su fundaci\u00f3n en 1964. De hecho, a lo largo de todo el recorrido se han colocado una treintena de im\u00e1genes antiguas del cuerpo. Adem\u00e1s, para la ocasi\u00f3n, se ha instalado una sala de exposiciones. En ella, se han mostrado distintos uniformes y equipamientos, como cascos, esposas, armas o equipos antidisturbios, entre otros. Tambi\u00e9n se pueden ver insignias y orlas de los distintos agentes que han pasado por el cuerpo.<\/p>\n<p>Estas visitas guiadas tendr\u00e1n ma\u00f1ana, viernes, su r\u00e9plica, pero con familiares de los agentes.<\/p>\n","protected":false},"excerpt":{"rendered":"<p>Se han organizado tres visitas guiadas a las instalaciones de Monasterio de Irache, con una veintena de participantes en cada tanda<\/p>\n","protected":false},"author":1,"featured_media":47410,"comment_status":"open","ping_status":"closed","sticky":false,"template":"","format":"standard","meta":{"footnotes":""},"categories":[2],"tags":[],"class_list":["post-47409","post","type-post","status-publish","format-standard","has-post-thumbnail","hentry","category-ayuntamiento-pamplona"],"yoast_head":"<!-- This site is optimized with the Yoast SEO plugin v27.3 - https:\/\/yoast.com\/product\/yoast-seo-wordpress\/ -->\n<title>M\u00e1s de medio centenar de personas conocen, desde dentro, la labor de Polic\u00eda Municipal en las primeras jornadas de puertas abiertas del cuerpo<\/title>\n<meta name=\"description\" content=\"Se han organizado tres visitas guiadas a las instalaciones de Monasterio de Irache, con una veintena de participantes en cada tanda\" \/>\n<meta name=\"robots\" content=\"index, follow, max-snippet:-1, max-image-preview:large, max-video-preview:-1\" \/>\n<link rel=\"canonical\" href=\"https:\/\/www.laguiadepamplona.com\/actualidad\/mas-de-medio-centenar-de-personas-conocen-desde-dentro-la-labor-de-policia-municipal-en-las-primeras-jornadas-de-puertas-abiertas-del-cuerpo\/\" \/>\n<meta property=\"og:locale\" content=\"es_ES\" \/>\n<meta property=\"og:type\" content=\"article\" \/>\n<meta property=\"og:title\" content=\"M\u00e1s de medio centenar de personas conocen, desde dentro, la labor de Polic\u00eda Municipal en las primeras jornadas de puertas abiertas del cuerpo\" \/>\n<meta property=\"og:description\" content=\"Se han organizado tres visitas guiadas a las instalaciones de Monasterio de Irache, con una veintena de participantes en cada tanda\" \/>\n<meta property=\"og:url\" content=\"https:\/\/www.laguiadepamplona.com\/actualidad\/mas-de-medio-centenar-de-personas-conocen-desde-dentro-la-labor-de-policia-municipal-en-las-primeras-jornadas-de-puertas-abiertas-del-cuerpo\/\" \/>\n<meta property=\"og:site_name\" content=\"La Gu\u00eda de Pamplona\" \/>\n<meta property=\"article:publisher\" content=\"https:\/\/www.facebook.com\/laguiadepamplonacom-133175176762273\/?ref=hl\" \/>\n<meta property=\"article:published_time\" content=\"2023-09-21T15:26:05+00:00\" \/>\n<meta property=\"og:image\" content=\"https:\/\/www.laguiadepamplona.com\/actualidad\/wp-content\/uploads\/2023\/09\/plz3000.webp\" \/>\n\t<meta property=\"og:image:width\" content=\"1200\" \/>\n\t<meta property=\"og:image:height\" content=\"799\" \/>\n\t<meta property=\"og:image:type\" content=\"image\/webp\" \/>\n<meta name=\"author\" content=\"La Gu\u00eda de Pamplona\" \/>\n<meta name=\"twitter:card\" content=\"summary_large_image\" \/>\n<meta name=\"twitter:creator\" content=\"@LaGuiadPamplona\" \/>\n<meta name=\"twitter:site\" content=\"@LaGuiadPamplona\" \/>\n<meta name=\"twitter:label1\" content=\"Escrito por\" \/>\n\t<meta name=\"twitter:data1\" content=\"La Gu\u00eda de Pamplona\" \/>\n\t<meta name=\"twitter:label2\" content=\"Tiempo de lectura\" \/>\n\t<meta name=\"twitter:data2\" content=\"3 minutos\" \/>\n<script type=\"application\/ld+json\" class=\"yoast-schema-graph\">{\"@context\":\"https:\\\/\\\/schema.org\",\"@graph\":[{\"@type\":\"Article\",\"@id\":\"https:\\\/\\\/www.laguiadepamplona.com\\\/actualidad\\\/mas-de-medio-centenar-de-personas-conocen-desde-dentro-la-labor-de-policia-municipal-en-las-primeras-jornadas-de-puertas-abiertas-del-cuerpo\\\/#article\",\"isPartOf\":{\"@id\":\"https:\\\/\\\/www.laguiadepamplona.com\\\/actualidad\\\/mas-de-medio-centenar-de-personas-conocen-desde-dentro-la-labor-de-policia-municipal-en-las-primeras-jornadas-de-puertas-abiertas-del-cuerpo\\\/\"},\"author\":{\"name\":\"La Gu\u00eda de Pamplona\",\"@id\":\"https:\\\/\\\/www.laguiadepamplona.com\\\/actualidad\\\/#\\\/schema\\\/person\\\/efe887376f0213d4657c93adc50b1fdb\"},\"headline\":\"M\u00e1s de medio centenar de personas conocen, desde dentro, la labor de Polic\u00eda Municipal en las primeras jornadas de puertas abiertas del cuerpo\",\"datePublished\":\"2023-09-21T15:26:05+00:00\",\"mainEntityOfPage\":{\"@id\":\"https:\\\/\\\/www.laguiadepamplona.com\\\/actualidad\\\/mas-de-medio-centenar-de-personas-conocen-desde-dentro-la-labor-de-policia-municipal-en-las-primeras-jornadas-de-puertas-abiertas-del-cuerpo\\\/\"},\"wordCount\":605,\"commentCount\":0,\"publisher\":{\"@id\":\"https:\\\/\\\/www.laguiadepamplona.com\\\/actualidad\\\/#organization\"},\"image\":{\"@id\":\"https:\\\/\\\/www.laguiadepamplona.com\\\/actualidad\\\/mas-de-medio-centenar-de-personas-conocen-desde-dentro-la-labor-de-policia-municipal-en-las-primeras-jornadas-de-puertas-abiertas-del-cuerpo\\\/#primaryimage\"},\"thumbnailUrl\":\"https:\\\/\\\/www.laguiadepamplona.com\\\/actualidad\\\/wp-content\\\/uploads\\\/2023\\\/09\\\/plz3000.webp\",\"articleSection\":[\"Ayto Pamplona\"],\"inLanguage\":\"es\",\"potentialAction\":[{\"@type\":\"CommentAction\",\"name\":\"Comment\",\"target\":[\"https:\\\/\\\/www.laguiadepamplona.com\\\/actualidad\\\/mas-de-medio-centenar-de-personas-conocen-desde-dentro-la-labor-de-policia-municipal-en-las-primeras-jornadas-de-puertas-abiertas-del-cuerpo\\\/#respond\"]}]},{\"@type\":\"WebPage\",\"@id\":\"https:\\\/\\\/www.laguiadepamplona.com\\\/actualidad\\\/mas-de-medio-centenar-de-personas-conocen-desde-dentro-la-labor-de-policia-municipal-en-las-primeras-jornadas-de-puertas-abiertas-del-cuerpo\\\/\",\"url\":\"https:\\\/\\\/www.laguiadepamplona.com\\\/actualidad\\\/mas-de-medio-centenar-de-personas-conocen-desde-dentro-la-labor-de-policia-municipal-en-las-primeras-jornadas-de-puertas-abiertas-del-cuerpo\\\/\",\"name\":\"M\u00e1s de medio centenar de personas conocen, desde dentro, la labor de Polic\u00eda Municipal en las primeras jornadas de puertas abiertas del cuerpo\",\"isPartOf\":{\"@id\":\"https:\\\/\\\/www.laguiadepamplona.com\\\/actualidad\\\/#website\"},\"primaryImageOfPage\":{\"@id\":\"https:\\\/\\\/www.laguiadepamplona.com\\\/actualidad\\\/mas-de-medio-centenar-de-personas-conocen-desde-dentro-la-labor-de-policia-municipal-en-las-primeras-jornadas-de-puertas-abiertas-del-cuerpo\\\/#primaryimage\"},\"image\":{\"@id\":\"https:\\\/\\\/www.laguiadepamplona.com\\\/actualidad\\\/mas-de-medio-centenar-de-personas-conocen-desde-dentro-la-labor-de-policia-municipal-en-las-primeras-jornadas-de-puertas-abiertas-del-cuerpo\\\/#primaryimage\"},\"thumbnailUrl\":\"https:\\\/\\\/www.laguiadepamplona.com\\\/actualidad\\\/wp-content\\\/uploads\\\/2023\\\/09\\\/plz3000.webp\",\"datePublished\":\"2023-09-21T15:26:05+00:00\",\"description\":\"Se han organizado tres visitas guiadas a las instalaciones de Monasterio de Irache, con una veintena de participantes en cada tanda\",\"breadcrumb\":{\"@id\":\"https:\\\/\\\/www.laguiadepamplona.com\\\/actualidad\\\/mas-de-medio-centenar-de-personas-conocen-desde-dentro-la-labor-de-policia-municipal-en-las-primeras-jornadas-de-puertas-abiertas-del-cuerpo\\\/#breadcrumb\"},\"inLanguage\":\"es\",\"potentialAction\":[{\"@type\":\"ReadAction\",\"target\":[\"https:\\\/\\\/www.laguiadepamplona.com\\\/actualidad\\\/mas-de-medio-centenar-de-personas-conocen-desde-dentro-la-labor-de-policia-municipal-en-las-primeras-jornadas-de-puertas-abiertas-del-cuerpo\\\/\"]}]},{\"@type\":\"ImageObject\",\"inLanguage\":\"es\",\"@id\":\"https:\\\/\\\/www.laguiadepamplona.com\\\/actualidad\\\/mas-de-medio-centenar-de-personas-conocen-desde-dentro-la-labor-de-policia-municipal-en-las-primeras-jornadas-de-puertas-abiertas-del-cuerpo\\\/#primaryimage\",\"url\":\"https:\\\/\\\/www.laguiadepamplona.com\\\/actualidad\\\/wp-content\\\/uploads\\\/2023\\\/09\\\/plz3000.webp\",\"contentUrl\":\"https:\\\/\\\/www.laguiadepamplona.com\\\/actualidad\\\/wp-content\\\/uploads\\\/2023\\\/09\\\/plz3000.webp\",\"width\":1200,\"height\":799},{\"@type\":\"BreadcrumbList\",\"@id\":\"https:\\\/\\\/www.laguiadepamplona.com\\\/actualidad\\\/mas-de-medio-centenar-de-personas-conocen-desde-dentro-la-labor-de-policia-municipal-en-las-primeras-jornadas-de-puertas-abiertas-del-cuerpo\\\/#breadcrumb\",\"itemListElement\":[{\"@type\":\"ListItem\",\"position\":1,\"name\":\"Portada\",\"item\":\"https:\\\/\\\/www.laguiadepamplona.com\\\/actualidad\\\/\"},{\"@type\":\"ListItem\",\"position\":2,\"name\":\"M\u00e1s de medio centenar de personas conocen, desde dentro, la labor de Polic\u00eda Municipal en las primeras jornadas de puertas abiertas del cuerpo\"}]},{\"@type\":\"WebSite\",\"@id\":\"https:\\\/\\\/www.laguiadepamplona.com\\\/actualidad\\\/#website\",\"url\":\"https:\\\/\\\/www.laguiadepamplona.com\\\/actualidad\\\/\",\"name\":\"La gu\u00eda de Pamplona\",\"description\":\"Noticias de Pamplona\",\"publisher\":{\"@id\":\"https:\\\/\\\/www.laguiadepamplona.com\\\/actualidad\\\/#organization\"},\"potentialAction\":[{\"@type\":\"SearchAction\",\"target\":{\"@type\":\"EntryPoint\",\"urlTemplate\":\"https:\\\/\\\/www.laguiadepamplona.com\\\/actualidad\\\/?s={search_term_string}\"},\"query-input\":{\"@type\":\"PropertyValueSpecification\",\"valueRequired\":true,\"valueName\":\"search_term_string\"}}],\"inLanguage\":\"es\"},{\"@type\":\"Organization\",\"@id\":\"https:\\\/\\\/www.laguiadepamplona.com\\\/actualidad\\\/#organization\",\"name\":\"La Gu\u00eda de Pamplona \\\/ Noticias\",\"url\":\"https:\\\/\\\/www.laguiadepamplona.com\\\/actualidad\\\/\",\"logo\":{\"@type\":\"ImageObject\",\"inLanguage\":\"es\",\"@id\":\"https:\\\/\\\/www.laguiadepamplona.com\\\/actualidad\\\/#\\\/schema\\\/logo\\\/image\\\/\",\"url\":\"https:\\\/\\\/www.laguiadepamplona.com\\\/actualidad\\\/wp-content\\\/uploads\\\/2018\\\/11\\\/logo-laguiadepamplona18-web1.png\",\"contentUrl\":\"https:\\\/\\\/www.laguiadepamplona.com\\\/actualidad\\\/wp-content\\\/uploads\\\/2018\\\/11\\\/logo-laguiadepamplona18-web1.png\",\"width\":600,\"height\":196,\"caption\":\"La Gu\u00eda de Pamplona \\\/ Noticias\"},\"image\":{\"@id\":\"https:\\\/\\\/www.laguiadepamplona.com\\\/actualidad\\\/#\\\/schema\\\/logo\\\/image\\\/\"},\"sameAs\":[\"https:\\\/\\\/www.facebook.com\\\/laguiadepamplonacom-133175176762273\\\/?ref=hl\",\"https:\\\/\\\/x.com\\\/LaGuiadPamplona\",\"https:\\\/\\\/www.instagram.com\\\/la_guia_de_pamplona\\\/\",\"https:\\\/\\\/www.youtube.com\\\/user\\\/laguiadepamplona\"]},{\"@type\":\"Person\",\"@id\":\"https:\\\/\\\/www.laguiadepamplona.com\\\/actualidad\\\/#\\\/schema\\\/person\\\/efe887376f0213d4657c93adc50b1fdb\",\"name\":\"La Gu\u00eda de Pamplona\",\"image\":{\"@type\":\"ImageObject\",\"inLanguage\":\"es\",\"@id\":\"https:\\\/\\\/secure.gravatar.com\\\/avatar\\\/b6992f131dc8d30ab0dff15446e9d346d9dbd95992de0fef795073f5ea83a81c?s=96&d=mm&r=g\",\"url\":\"https:\\\/\\\/secure.gravatar.com\\\/avatar\\\/b6992f131dc8d30ab0dff15446e9d346d9dbd95992de0fef795073f5ea83a81c?s=96&d=mm&r=g\",\"contentUrl\":\"https:\\\/\\\/secure.gravatar.com\\\/avatar\\\/b6992f131dc8d30ab0dff15446e9d346d9dbd95992de0fef795073f5ea83a81c?s=96&d=mm&r=g\",\"caption\":\"La Gu\u00eda de Pamplona\"}}]}<\/script>\n<!-- \/ Yoast SEO plugin. -->","yoast_head_json":{"title":"M\u00e1s de medio centenar de personas conocen, desde dentro, la labor de Polic\u00eda Municipal en las primeras jornadas de puertas abiertas del cuerpo","description":"Se han organizado tres visitas guiadas a las instalaciones de Monasterio de Irache, con una veintena de participantes en cada tanda","robots":{"index":"index","follow":"follow","max-snippet":"max-snippet:-1","max-image-preview":"max-image-preview:large","max-video-preview":"max-video-preview:-1"},"canonical":"https:\/\/www.laguiadepamplona.com\/actualidad\/mas-de-medio-centenar-de-personas-conocen-desde-dentro-la-labor-de-policia-municipal-en-las-primeras-jornadas-de-puertas-abiertas-del-cuerpo\/","og_locale":"es_ES","og_type":"article","og_title":"M\u00e1s de medio centenar de personas conocen, desde dentro, la labor de Polic\u00eda Municipal en las primeras jornadas de puertas abiertas del cuerpo","og_description":"Se han organizado tres visitas guiadas a las instalaciones de Monasterio de Irache, con una veintena de participantes en cada tanda","og_url":"https:\/\/www.laguiadepamplona.com\/actualidad\/mas-de-medio-centenar-de-personas-conocen-desde-dentro-la-labor-de-policia-municipal-en-las-primeras-jornadas-de-puertas-abiertas-del-cuerpo\/","og_site_name":"La Gu\u00eda de Pamplona","article_publisher":"https:\/\/www.facebook.com\/laguiadepamplonacom-133175176762273\/?ref=hl","article_published_time":"2023-09-21T15:26:05+00:00","og_image":[{"width":1200,"height":799,"url":"https:\/\/www.laguiadepamplona.com\/actualidad\/wp-content\/uploads\/2023\/09\/plz3000.webp","type":"image\/webp"}],"author":"La Gu\u00eda de Pamplona","twitter_card":"summary_large_image","twitter_creator":"@LaGuiadPamplona","twitter_site":"@LaGuiadPamplona","twitter_misc":{"Escrito por":"La Gu\u00eda de Pamplona","Tiempo de lectura":"3 minutos"},"schema":{"@context":"https:\/\/schema.org","@graph":[{"@type":"Article","@id":"https:\/\/www.laguiadepamplona.com\/actualidad\/mas-de-medio-centenar-de-personas-conocen-desde-dentro-la-labor-de-policia-municipal-en-las-primeras-jornadas-de-puertas-abiertas-del-cuerpo\/#article","isPartOf":{"@id":"https:\/\/www.laguiadepamplona.com\/actualidad\/mas-de-medio-centenar-de-personas-conocen-desde-dentro-la-labor-de-policia-municipal-en-las-primeras-jornadas-de-puertas-abiertas-del-cuerpo\/"},"author":{"name":"La Gu\u00eda de Pamplona","@id":"https:\/\/www.laguiadepamplona.com\/actualidad\/#\/schema\/person\/efe887376f0213d4657c93adc50b1fdb"},"headline":"M\u00e1s de medio centenar de personas conocen, desde dentro, la labor de Polic\u00eda Municipal en las primeras jornadas de puertas abiertas del cuerpo","datePublished":"2023-09-21T15:26:05+00:00","mainEntityOfPage":{"@id":"https:\/\/www.laguiadepamplona.com\/actualidad\/mas-de-medio-centenar-de-personas-conocen-desde-dentro-la-labor-de-policia-municipal-en-las-primeras-jornadas-de-puertas-abiertas-del-cuerpo\/"},"wordCount":605,"commentCount":0,"publisher":{"@id":"https:\/\/www.laguiadepamplona.com\/actualidad\/#organization"},"image":{"@id":"https:\/\/www.laguiadepamplona.com\/actualidad\/mas-de-medio-centenar-de-personas-conocen-desde-dentro-la-labor-de-policia-municipal-en-las-primeras-jornadas-de-puertas-abiertas-del-cuerpo\/#primaryimage"},"thumbnailUrl":"https:\/\/www.laguiadepamplona.com\/actualidad\/wp-content\/uploads\/2023\/09\/plz3000.webp","articleSection":["Ayto Pamplona"],"inLanguage":"es","potentialAction":[{"@type":"CommentAction","name":"Comment","target":["https:\/\/www.laguiadepamplona.com\/actualidad\/mas-de-medio-centenar-de-personas-conocen-desde-dentro-la-labor-de-policia-municipal-en-las-primeras-jornadas-de-puertas-abiertas-del-cuerpo\/#respond"]}]},{"@type":"WebPage","@id":"https:\/\/www.laguiadepamplona.com\/actualidad\/mas-de-medio-centenar-de-personas-conocen-desde-dentro-la-labor-de-policia-municipal-en-las-primeras-jornadas-de-puertas-abiertas-del-cuerpo\/","url":"https:\/\/www.laguiadepamplona.com\/actualidad\/mas-de-medio-centenar-de-personas-conocen-desde-dentro-la-labor-de-policia-municipal-en-las-primeras-jornadas-de-puertas-abiertas-del-cuerpo\/","name":"M\u00e1s de medio centenar de personas conocen, desde dentro, la labor de Polic\u00eda Municipal en las primeras jornadas de puertas abiertas del cuerpo","isPartOf":{"@id":"https:\/\/www.laguiadepamplona.com\/actualidad\/#website"},"primaryImageOfPage":{"@id":"https:\/\/www.laguiadepamplona.com\/actualidad\/mas-de-medio-centenar-de-personas-conocen-desde-dentro-la-labor-de-policia-municipal-en-las-primeras-jornadas-de-puertas-abiertas-del-cuerpo\/#primaryimage"},"image":{"@id":"https:\/\/www.laguiadepamplona.com\/actualidad\/mas-de-medio-centenar-de-personas-conocen-desde-dentro-la-labor-de-policia-municipal-en-las-primeras-jornadas-de-puertas-abiertas-del-cuerpo\/#primaryimage"},"thumbnailUrl":"https:\/\/www.laguiadepamplona.com\/actualidad\/wp-content\/uploads\/2023\/09\/plz3000.webp","datePublished":"2023-09-21T15:26:05+00:00","description":"Se han organizado tres visitas guiadas a las instalaciones de Monasterio de Irache, con una veintena de participantes en cada tanda","breadcrumb":{"@id":"https:\/\/www.laguiadepamplona.com\/actualidad\/mas-de-medio-centenar-de-personas-conocen-desde-dentro-la-labor-de-policia-municipal-en-las-primeras-jornadas-de-puertas-abiertas-del-cuerpo\/#breadcrumb"},"inLanguage":"es","potentialAction":[{"@type":"ReadAction","target":["https:\/\/www.laguiadepamplona.com\/actualidad\/mas-de-medio-centenar-de-personas-conocen-desde-dentro-la-labor-de-policia-municipal-en-las-primeras-jornadas-de-puertas-abiertas-del-cuerpo\/"]}]},{"@type":"ImageObject","inLanguage":"es","@id":"https:\/\/www.laguiadepamplona.com\/actualidad\/mas-de-medio-centenar-de-personas-conocen-desde-dentro-la-labor-de-policia-municipal-en-las-primeras-jornadas-de-puertas-abiertas-del-cuerpo\/#primaryimage","url":"https:\/\/www.laguiadepamplona.com\/actualidad\/wp-content\/uploads\/2023\/09\/plz3000.webp","contentUrl":"https:\/\/www.laguiadepamplona.com\/actualidad\/wp-content\/uploads\/2023\/09\/plz3000.webp","width":1200,"height":799},{"@type":"BreadcrumbList","@id":"https:\/\/www.laguiadepamplona.com\/actualidad\/mas-de-medio-centenar-de-personas-conocen-desde-dentro-la-labor-de-policia-municipal-en-las-primeras-jornadas-de-puertas-abiertas-del-cuerpo\/#breadcrumb","itemListElement":[{"@type":"ListItem","position":1,"name":"Portada","item":"https:\/\/www.laguiadepamplona.com\/actualidad\/"},{"@type":"ListItem","position":2,"name":"M\u00e1s de medio centenar de personas conocen, desde dentro, la labor de Polic\u00eda Municipal en las primeras jornadas de puertas abiertas del cuerpo"}]},{"@type":"WebSite","@id":"https:\/\/www.laguiadepamplona.com\/actualidad\/#website","url":"https:\/\/www.laguiadepamplona.com\/actualidad\/","name":"La gu\u00eda de Pamplona","description":"Noticias de Pamplona","publisher":{"@id":"https:\/\/www.laguiadepamplona.com\/actualidad\/#organization"},"potentialAction":[{"@type":"SearchAction","target":{"@type":"EntryPoint","urlTemplate":"https:\/\/www.laguiadepamplona.com\/actualidad\/?s={search_term_string}"},"query-input":{"@type":"PropertyValueSpecification","valueRequired":true,"valueName":"search_term_string"}}],"inLanguage":"es"},{"@type":"Organization","@id":"https:\/\/www.laguiadepamplona.com\/actualidad\/#organization","name":"La Gu\u00eda de Pamplona \/ Noticias","url":"https:\/\/www.laguiadepamplona.com\/actualidad\/","logo":{"@type":"ImageObject","inLanguage":"es","@id":"https:\/\/www.laguiadepamplona.com\/actualidad\/#\/schema\/logo\/image\/","url":"https:\/\/www.laguiadepamplona.com\/actualidad\/wp-content\/uploads\/2018\/11\/logo-laguiadepamplona18-web1.png","contentUrl":"https:\/\/www.laguiadepamplona.com\/actualidad\/wp-content\/uploads\/2018\/11\/logo-laguiadepamplona18-web1.png","width":600,"height":196,"caption":"La Gu\u00eda de Pamplona \/ Noticias"},"image":{"@id":"https:\/\/www.laguiadepamplona.com\/actualidad\/#\/schema\/logo\/image\/"},"sameAs":["https:\/\/www.facebook.com\/laguiadepamplonacom-133175176762273\/?ref=hl","https:\/\/x.com\/LaGuiadPamplona","https:\/\/www.instagram.com\/la_guia_de_pamplona\/","https:\/\/www.youtube.com\/user\/laguiadepamplona"]},{"@type":"Person","@id":"https:\/\/www.laguiadepamplona.com\/actualidad\/#\/schema\/person\/efe887376f0213d4657c93adc50b1fdb","name":"La Gu\u00eda de Pamplona","image":{"@type":"ImageObject","inLanguage":"es","@id":"https:\/\/secure.gravatar.com\/avatar\/b6992f131dc8d30ab0dff15446e9d346d9dbd95992de0fef795073f5ea83a81c?s=96&d=mm&r=g","url":"https:\/\/secure.gravatar.com\/avatar\/b6992f131dc8d30ab0dff15446e9d346d9dbd95992de0fef795073f5ea83a81c?s=96&d=mm&r=g","contentUrl":"https:\/\/secure.gravatar.com\/avatar\/b6992f131dc8d30ab0dff15446e9d346d9dbd95992de0fef795073f5ea83a81c?s=96&d=mm&r=g","caption":"La Gu\u00eda de Pamplona"}}]}},"post_mailing_queue_ids":[],"_links":{"self":[{"href":"https:\/\/www.laguiadepamplona.com\/actualidad\/wp-json\/wp\/v2\/posts\/47409","targetHints":{"allow":["GET"]}}],"collection":[{"href":"https:\/\/www.laguiadepamplona.com\/actualidad\/wp-json\/wp\/v2\/posts"}],"about":[{"href":"https:\/\/www.laguiadepamplona.com\/actualidad\/wp-json\/wp\/v2\/types\/post"}],"author":[{"embeddable":true,"href":"https:\/\/www.laguiadepamplona.com\/actualidad\/wp-json\/wp\/v2\/users\/1"}],"replies":[{"embeddable":true,"href":"https:\/\/www.laguiadepamplona.com\/actualidad\/wp-json\/wp\/v2\/comments?post=47409"}],"version-history":[{"count":1,"href":"https:\/\/www.laguiadepamplona.com\/actualidad\/wp-json\/wp\/v2\/posts\/47409\/revisions"}],"predecessor-version":[{"id":47411,"href":"https:\/\/www.laguiadepamplona.com\/actualidad\/wp-json\/wp\/v2\/posts\/47409\/revisions\/47411"}],"wp:featuredmedia":[{"embeddable":true,"href":"https:\/\/www.laguiadepamplona.com\/actualidad\/wp-json\/wp\/v2\/media\/47410"}],"wp:attachment":[{"href":"https:\/\/www.laguiadepamplona.com\/actualidad\/wp-json\/wp\/v2\/media?parent=47409"}],"wp:term":[{"taxonomy":"category","embeddable":true,"href":"https:\/\/www.laguiadepamplona.com\/actualidad\/wp-json\/wp\/v2\/categories?post=47409"},{"taxonomy":"post_tag","embeddable":true,"href":"https:\/\/www.laguiadepamplona.com\/actualidad\/wp-json\/wp\/v2\/tags?post=47409"}],"curies":[{"name":"wp","href":"https:\/\/api.w.org\/{rel}","templated":true}]}}