{"id":47406,"date":"2023-09-21T17:23:54","date_gmt":"2023-09-21T15:23:54","guid":{"rendered":"https:\/\/www.laguiadepamplona.com\/actualidad\/?p=47406"},"modified":"2023-09-21T17:23:54","modified_gmt":"2023-09-21T15:23:54","slug":"un-millar-de-bicis-aparcaran-este-viernes-en-la-ciudadela-en-la-bicicletada-escolar-2023-una-actividad-que-se-enmarca-en-la-semana-de-la-movilidad","status":"publish","type":"post","link":"https:\/\/www.laguiadepamplona.com\/actualidad\/un-millar-de-bicis-aparcaran-este-viernes-en-la-ciudadela-en-la-bicicletada-escolar-2023-una-actividad-que-se-enmarca-en-la-semana-de-la-movilidad\/","title":{"rendered":"Un millar de bicis aparcar\u00e1n este viernes en la Ciudadela en la Bicicletada escolar 2023, una actividad que se enmarca en la Semana de la Movilidad"},"content":{"rendered":"<h3>Esa jornada, \u2018D\u00eda Europeo sin Coches\u2019, por la ma\u00f1ana se producir\u00e1n cortes puntuales de tr\u00e1fico en la avenida del Ej\u00e9rcito<\/h3>\n<p><!--more--><\/p>\n<p>Este <strong><u>viernes 22 de septiembre<\/u><\/strong>, <strong><u>de 10 a 12.00 horas<\/u><\/strong>, la Ciudadela acoger\u00e1 la Bicicletada escolar 2023, prevista dentro de la programaci\u00f3n municipal de la Semana de la Movilidad. La jornada coincide con la celebraci\u00f3n del \u2018D\u00eda Europeo sin Coches\u2019 una iniciativa global cuyo objetivo es concienciar sobre los problemas asociados al aumento del tr\u00e1fico motorizado y promover alternativas m\u00e1s saludables y sostenibles, como incrementar el uso de la bicicleta.<\/p>\n<p>Ma\u00f1ana, alrededor de 1.000 escolares, acompa\u00f1ados por docentes de 10 centros educativos de la ciudad, recorrer\u00e1n en bicicleta los itinerarios definidos entre cada uno de sus centros y la Ciudadela, y regresando de nuevo una vez concluido el encuentro escolar en el que se ofrecer\u00e1n diversas actividades educativas y l\u00fadicas. El alumnado, con edades comprendidas entre los 11 y los 15 a\u00f1os (de 6\u00ba a 3\u00ba de ESO), se desplazar\u00e1 en grupo acompa\u00f1ado de personas colaboradoras expertas en el manejo de la bicicleta en la ciudad y pertenecientes a las asociaciones que promueven la movilidad activa, colaborando con el Ayuntamiento, adem\u00e1s de su profesorado. La jornada contar\u00e1 con la participaci\u00f3n de la Polic\u00eda Municipal de Pamplona, que asegurar\u00e1 los recorridos entre los centros escolares y la Ciudadela, y las actividades en el recinto ser\u00e1n llevadas a cabo por profesionales. En la Bicicletada colaboran la Asociaci\u00f3n Medios Transporte Sostenible (AMTS), Mujeres en Bici.<br \/>\n<script async src=\"\/\/pagead2.googlesyndication.com\/pagead\/js\/adsbygoogle.js\"><\/script><br \/>\n<!-- Noticias La Guia de Pamplona --><br \/>\n<ins class=\"adsbygoogle\"\nstyle=\"display:block\"\ndata-ad-client=\"ca-pub-6943679897239327\"\ndata-ad-slot=\"7048180777\"\ndata-ad-format=\"auto\"><\/ins><br \/>\n<script>\n(adsbygoogle = window.adsbygoogle || []).push({});\n<\/script><\/p>\n<p>Una vez en la Ciudadela, participar\u00e1n en el conjunto de actividades que se proponen en todo el espacio interior de la fortificaci\u00f3n: circuitos de crossfit, puntos de aprendizaje para el arreglo de bicicletas, masterclasses de diferentes modalidades de baile, y, adem\u00e1s, de la mano de diversas asociaciones presentes en el recinto, los menores podr\u00e1n acceder a actividades de sensibilizaci\u00f3n en fomento de una movilidad segura.<\/p>\n<p>En el espacio destinado a las actividades, se instalar\u00e1n dos \u2018tabernas de agua\u2019 en colaboraci\u00f3n con la Mancomunidad de la Comarca de Pamplona, se ofrecer\u00e1n 1.140 vasos reutilizables municipales y se instalar\u00e1 una \u2018isla de reciclaje\u2019 para reforzar los valores de sostenibilidad ambiental tambi\u00e9n en la gesti\u00f3n de los residuos que pueden generarse durante el tiempo del almuerzo, previsto tambi\u00e9n en un espacio destinado a descansar y recuperar fuerzas tras la marcha ciclista de llegada a la Ciudadela. Todas las actividades son gratuitas y se desarrollar\u00e1n en el recinto fortificado de 10 a 12.00 horas, aunque las clases de reparaci\u00f3n de bicis y las sesiones de diferentes modalidades de baile tienen previstos contenidos espec\u00edficos en intervalos concretos. En la entrada al recinto por la avenida del Ej\u00e9rcito, a la altura del Cuerpo de Guardia, habr\u00e1 instalada una caseta para informar al profesorado participante que funcionar\u00e1, adem\u00e1s, como oficina de objetos perdidos y altavoz de avisos. Est\u00e1 prevista la delimitaci\u00f3n en el interior de la Ciudadela de aparcamientos de bicicletas, en lugares en los que no se interrumpa el tr\u00e1nsito peatonal que atraviesa el recinto de manera habitual.<\/p>\n<p>Ser\u00e1 el \u00faltimo acto de la Semana de la Movilidad que se est\u00e1 desarrollando en Pamplona desde el pasado d\u00eda 16 de septiembre bajo los lemas \u2018Combina y mu\u00e9vete\u2019 y \u2018Ahorra energ\u00eda\u2019. Estos mensajes son los elegidos este a\u00f1o por la Comisi\u00f3n Europea, organismo que impulsa estas semanas de sensibilizaci\u00f3n desde el a\u00f1o 2000. Estas actividades se enmarcan tambi\u00e9n en la Estrategia Go Green Pamplona de Transici\u00f3n Energ\u00e9tica y Cambio Clim\u00e1tico.<br \/>\n<script async src=\"\/\/pagead2.googlesyndication.com\/pagead\/js\/adsbygoogle.js\"><\/script><br \/>\n<!-- Noticias La Guia de Pamplona --><br \/>\n<ins class=\"adsbygoogle\"\nstyle=\"display:block\"\ndata-ad-client=\"ca-pub-6943679897239327\"\ndata-ad-slot=\"7048180777\"\ndata-ad-format=\"auto\"><\/ins><br \/>\n<script>\n(adsbygoogle = window.adsbygoogle || []).push({});\n<\/script><\/p>\n<p><strong>Crossfit y masterclasses<\/strong><\/p>\n<p>La Ciudadela acoger\u00e1, de 10 a 12 horas, un gran espacio con cuatro zonas diferenciadas donde practicar crossfit que estar\u00e1 atendido por profesionales. El alumnado podr\u00e1 realizar pruebas de fuerza, resistencia y potencia, mientras se divierte y adquiere conocimientos de esta pr\u00e1ctica y nociones de competitividad sana.<\/p>\n<p>Tambi\u00e9n de 10 a 12 horas, sobre un escenario, se ofrecer\u00e1n sesiones de baile, de diferentes estilos, con instructores expertos. Cada media hora se cambiar\u00e1 la modalidad propuesta y la coreograf\u00eda a ejecutar: zumba-mix, zumba-reguet\u00f3n, zumba-fiesta y una coreograf\u00eda final. La propuesta busca promover la actividad f\u00edsica como estilo de vida, trabajar la coordinaci\u00f3n, la sincron\u00eda y la expresi\u00f3n corporal y que los menores pasen un buen rato.<br \/>\n<script async src=\"\/\/pagead2.googlesyndication.com\/pagead\/js\/adsbygoogle.js\"><\/script><br \/>\n<!-- Noticias La Guia de Pamplona --><br \/>\n<ins class=\"adsbygoogle\"\nstyle=\"display:block\"\ndata-ad-client=\"ca-pub-6943679897239327\"\ndata-ad-slot=\"7048180777\"\ndata-ad-format=\"auto\"><\/ins><br \/>\n<script>\n(adsbygoogle = window.adsbygoogle || []).push({});\n<\/script><\/p>\n<p><strong>Autorreparaci\u00f3n de bicicletas: nociones b\u00e1sicas<\/strong><\/p>\n<p>De 11 a 12 horas, en intervalos de 15 minutos, una persona experta en mantenimiento y arreglo de bicicletas ofrecer\u00e1 masterclasses para ense\u00f1ar, a todos aquellos que se acerquen, a realizar una revisi\u00f3n y reparaciones b\u00e1sicas en sus bicicletas. El alumnado participante no parte de cero porque ha participado durante el curso pasado en los talleres de formaci\u00f3n para aprender a circular en bicicleta urbana de manera segura pertenecientes al programa municipal \u201cLa Bicicleta en la Escuela\u201d, donde han adquirido conocimientos relativos al mantenimiento b\u00e1sico de la bici, normativa, y ejercicios de habilidad a la hora de conducir.<\/p>\n<p>La actividad ser\u00e1 interactiva, de forma que los menores podr\u00e1n trasladar al experto las dudas que les hayan surgido para que les ayude a resolverlas. Entre las 1 y las 12 horas el p\u00fablico que acuda a esta parte podr\u00e1 sentarse en el jard\u00edn a escuchar al experto y observar sus explicaciones pr\u00e1cticas sobre ruedas (cubiertas, radios, llantas y alineamiento), transmisiones, frenos y cambios y valoraci\u00f3n del estado general del veh\u00edculo. Las bicicletas que servir\u00e1n para experimentar su chequeo y reparaciones han sido cedidas por Traperos de Ema\u00fas.<br \/>\n<script async src=\"\/\/pagead2.googlesyndication.com\/pagead\/js\/adsbygoogle.js\"><\/script><br \/>\n<!-- Noticias La Guia de Pamplona --><br \/>\n<ins class=\"adsbygoogle\"\nstyle=\"display:block\"\ndata-ad-client=\"ca-pub-6943679897239327\"\ndata-ad-slot=\"7048180777\"\ndata-ad-format=\"auto\"><\/ins><br \/>\n<script>\n(adsbygoogle = window.adsbygoogle || []).push({});\n<\/script><\/p>\n<p><strong>Alteraciones de tr\u00e1fico<\/strong><\/p>\n<p>Durante el tiempo que duran las actividades, el acceso peatonal a la Ciudadela permanecer\u00e1 abierto por lo que los usuarios de este paso podr\u00e1n hacerlo sin interferencia alguna para atravesarla y para garantizar la seguridad de los participantes, los accesos a la parte alta de las murallas estar\u00e1n cortados con vallas y se\u00f1alizaci\u00f3n, y ser\u00e1n vigilados por personal de la organizaci\u00f3n, que velar\u00e1 por el cumplimiento de la se\u00f1alizaci\u00f3n.<\/p>\n<p>La Bicicletada es una actividad no motorizada, que visualiza el uso de la bicicleta en la ciudad, y que para garantizar los desplazamientos seguros requiere el corte puntual del tr\u00e1fico motorizado en la avenida del Ej\u00e9rcito (de 9.30 a 10.30 horas y de 12 a 12.30 horas) una situaci\u00f3n de la que quedar\u00e1n exceptuados los Servicios de Emergencia y los autobuses urbanos.<\/p>\n<p>La salida de cada centro se iniciar\u00e1 a partir de las 9.30 y contar\u00e1 con la presencia de una moto de Polic\u00eda Municipal, que encabezar\u00e1 el recorrido, y que cortar\u00e1 el tr\u00e1fico en cada intersecci\u00f3n para asegurar que todo el grupo pasa sin riesgo, adem\u00e1s de una persona adulta se\u00f1alizando el paso. Lo mismo se har\u00e1 en la salida de la Ciudadela a partir de las 12.30 horas. Este dispositivo requiere la participaci\u00f3n de 22 motos de Polic\u00eda Municipal e implicar\u00e1 desv\u00edos de tr\u00e1fico e itinerario alternativos en otras Avenidas de la Ciudad.<\/p>\n<p>Para solventar problemas mec\u00e1nicos en las bicicletas del alumnado participante, CONOR BIKES, colaborador del evento, instalar\u00e1 dos puestos de reparaci\u00f3n en el itinerario: avenida. Guip\u00fazcoa junto al puente Plazaola y avenida Pio XII, esquina Vuelta del Castillo frente al CIVICAN y un tercer puesto dentro de la Ciudadela.<br \/>\n<script async src=\"\/\/pagead2.googlesyndication.com\/pagead\/js\/adsbygoogle.js\"><\/script><br \/>\n<!-- Noticias La Guia de Pamplona --><br \/>\n<ins class=\"adsbygoogle\"\nstyle=\"display:block\"\ndata-ad-client=\"ca-pub-6943679897239327\"\ndata-ad-slot=\"7048180777\"\ndata-ad-format=\"auto\"><\/ins><br \/>\n<script>\n(adsbygoogle = window.adsbygoogle || []).push({});\n<\/script><\/p>\n<p>&nbsp;<\/p>\n<h3>Centros Participantes<\/h3>\n<ul>\n<li>CPEIP Burtintxuri<\/li>\n<li>CPEIP San Juan de la cadena<\/li>\n<li>Teresianas<\/li>\n<li>Claret Larraona<\/li>\n<li>Jesuitinas<\/li>\n<li>La Compasi\u00f3n &#8211; Escolapios<\/li>\n<li>CPEIP Amaiur Ikastola<\/li>\n<li>CPEIP Hegoalde Ikastola<\/li>\n<li>IES Plaza de la cruz<\/li>\n<li>Calasanz &#8211; Escolapios<\/li>\n<\/ul>\n","protected":false},"excerpt":{"rendered":"<p>Esa jornada, \u2018D\u00eda Europeo sin Coches\u2019, por la ma\u00f1ana se producir\u00e1n cortes puntuales de tr\u00e1fico en la avenida del Ej\u00e9rcito<\/p>\n","protected":false},"author":1,"featured_media":47407,"comment_status":"open","ping_status":"closed","sticky":false,"template":"","format":"standard","meta":{"footnotes":""},"categories":[2],"tags":[],"class_list":["post-47406","post","type-post","status-publish","format-standard","has-post-thumbnail","hentry","category-ayuntamiento-pamplona"],"yoast_head":"<!-- This site is optimized with the Yoast SEO plugin v27.3 - https:\/\/yoast.com\/product\/yoast-seo-wordpress\/ -->\n<title>Un millar de bicis aparcar\u00e1n este viernes en la Ciudadela en la Bicicletada escolar 2023, una actividad que se enmarca en la Semana de la Movilidad<\/title>\n<meta name=\"description\" content=\"Esa jornada, \u2018D\u00eda Europeo sin Coches\u2019, por la ma\u00f1ana se producir\u00e1n cortes puntuales de tr\u00e1fico en la avenida del Ej\u00e9rcito\" \/>\n<meta name=\"robots\" content=\"index, follow, max-snippet:-1, max-image-preview:large, max-video-preview:-1\" \/>\n<link rel=\"canonical\" href=\"https:\/\/www.laguiadepamplona.com\/actualidad\/un-millar-de-bicis-aparcaran-este-viernes-en-la-ciudadela-en-la-bicicletada-escolar-2023-una-actividad-que-se-enmarca-en-la-semana-de-la-movilidad\/\" \/>\n<meta property=\"og:locale\" content=\"es_ES\" \/>\n<meta property=\"og:type\" content=\"article\" \/>\n<meta property=\"og:title\" content=\"Un millar de bicis aparcar\u00e1n este viernes en la Ciudadela en la Bicicletada escolar 2023, una actividad que se enmarca en la Semana de la Movilidad\" \/>\n<meta property=\"og:description\" content=\"Esa jornada, \u2018D\u00eda Europeo sin Coches\u2019, por la ma\u00f1ana se producir\u00e1n cortes puntuales de tr\u00e1fico en la avenida del Ej\u00e9rcito\" \/>\n<meta property=\"og:url\" content=\"https:\/\/www.laguiadepamplona.com\/actualidad\/un-millar-de-bicis-aparcaran-este-viernes-en-la-ciudadela-en-la-bicicletada-escolar-2023-una-actividad-que-se-enmarca-en-la-semana-de-la-movilidad\/\" \/>\n<meta property=\"og:site_name\" content=\"La Gu\u00eda de Pamplona\" \/>\n<meta property=\"article:publisher\" content=\"https:\/\/www.facebook.com\/laguiadepamplonacom-133175176762273\/?ref=hl\" \/>\n<meta property=\"article:published_time\" content=\"2023-09-21T15:23:54+00:00\" \/>\n<meta property=\"og:image\" content=\"https:\/\/www.laguiadepamplona.com\/actualidad\/wp-content\/uploads\/2023\/09\/Q5A1081bicicletada22-09-22_0.webp\" \/>\n\t<meta property=\"og:image:width\" content=\"1200\" \/>\n\t<meta property=\"og:image:height\" content=\"800\" \/>\n\t<meta property=\"og:image:type\" content=\"image\/webp\" \/>\n<meta name=\"author\" content=\"La Gu\u00eda de Pamplona\" \/>\n<meta name=\"twitter:card\" content=\"summary_large_image\" \/>\n<meta name=\"twitter:creator\" content=\"@LaGuiadPamplona\" \/>\n<meta name=\"twitter:site\" content=\"@LaGuiadPamplona\" \/>\n<meta name=\"twitter:label1\" content=\"Escrito por\" \/>\n\t<meta name=\"twitter:data1\" content=\"La Gu\u00eda de Pamplona\" \/>\n\t<meta name=\"twitter:label2\" content=\"Tiempo de lectura\" \/>\n\t<meta name=\"twitter:data2\" content=\"6 minutos\" \/>\n<script type=\"application\/ld+json\" class=\"yoast-schema-graph\">{\"@context\":\"https:\\\/\\\/schema.org\",\"@graph\":[{\"@type\":\"Article\",\"@id\":\"https:\\\/\\\/www.laguiadepamplona.com\\\/actualidad\\\/un-millar-de-bicis-aparcaran-este-viernes-en-la-ciudadela-en-la-bicicletada-escolar-2023-una-actividad-que-se-enmarca-en-la-semana-de-la-movilidad\\\/#article\",\"isPartOf\":{\"@id\":\"https:\\\/\\\/www.laguiadepamplona.com\\\/actualidad\\\/un-millar-de-bicis-aparcaran-este-viernes-en-la-ciudadela-en-la-bicicletada-escolar-2023-una-actividad-que-se-enmarca-en-la-semana-de-la-movilidad\\\/\"},\"author\":{\"name\":\"La Gu\u00eda de Pamplona\",\"@id\":\"https:\\\/\\\/www.laguiadepamplona.com\\\/actualidad\\\/#\\\/schema\\\/person\\\/efe887376f0213d4657c93adc50b1fdb\"},\"headline\":\"Un millar de bicis aparcar\u00e1n este viernes en la Ciudadela en la Bicicletada escolar 2023, una actividad que se enmarca en la Semana de la Movilidad\",\"datePublished\":\"2023-09-21T15:23:54+00:00\",\"mainEntityOfPage\":{\"@id\":\"https:\\\/\\\/www.laguiadepamplona.com\\\/actualidad\\\/un-millar-de-bicis-aparcaran-este-viernes-en-la-ciudadela-en-la-bicicletada-escolar-2023-una-actividad-que-se-enmarca-en-la-semana-de-la-movilidad\\\/\"},\"wordCount\":1279,\"commentCount\":0,\"publisher\":{\"@id\":\"https:\\\/\\\/www.laguiadepamplona.com\\\/actualidad\\\/#organization\"},\"image\":{\"@id\":\"https:\\\/\\\/www.laguiadepamplona.com\\\/actualidad\\\/un-millar-de-bicis-aparcaran-este-viernes-en-la-ciudadela-en-la-bicicletada-escolar-2023-una-actividad-que-se-enmarca-en-la-semana-de-la-movilidad\\\/#primaryimage\"},\"thumbnailUrl\":\"https:\\\/\\\/www.laguiadepamplona.com\\\/actualidad\\\/wp-content\\\/uploads\\\/2023\\\/09\\\/Q5A1081bicicletada22-09-22_0.webp\",\"articleSection\":[\"Ayto Pamplona\"],\"inLanguage\":\"es\",\"potentialAction\":[{\"@type\":\"CommentAction\",\"name\":\"Comment\",\"target\":[\"https:\\\/\\\/www.laguiadepamplona.com\\\/actualidad\\\/un-millar-de-bicis-aparcaran-este-viernes-en-la-ciudadela-en-la-bicicletada-escolar-2023-una-actividad-que-se-enmarca-en-la-semana-de-la-movilidad\\\/#respond\"]}]},{\"@type\":\"WebPage\",\"@id\":\"https:\\\/\\\/www.laguiadepamplona.com\\\/actualidad\\\/un-millar-de-bicis-aparcaran-este-viernes-en-la-ciudadela-en-la-bicicletada-escolar-2023-una-actividad-que-se-enmarca-en-la-semana-de-la-movilidad\\\/\",\"url\":\"https:\\\/\\\/www.laguiadepamplona.com\\\/actualidad\\\/un-millar-de-bicis-aparcaran-este-viernes-en-la-ciudadela-en-la-bicicletada-escolar-2023-una-actividad-que-se-enmarca-en-la-semana-de-la-movilidad\\\/\",\"name\":\"Un millar de bicis aparcar\u00e1n este viernes en la Ciudadela en la Bicicletada escolar 2023, una actividad que se enmarca en la Semana de la Movilidad\",\"isPartOf\":{\"@id\":\"https:\\\/\\\/www.laguiadepamplona.com\\\/actualidad\\\/#website\"},\"primaryImageOfPage\":{\"@id\":\"https:\\\/\\\/www.laguiadepamplona.com\\\/actualidad\\\/un-millar-de-bicis-aparcaran-este-viernes-en-la-ciudadela-en-la-bicicletada-escolar-2023-una-actividad-que-se-enmarca-en-la-semana-de-la-movilidad\\\/#primaryimage\"},\"image\":{\"@id\":\"https:\\\/\\\/www.laguiadepamplona.com\\\/actualidad\\\/un-millar-de-bicis-aparcaran-este-viernes-en-la-ciudadela-en-la-bicicletada-escolar-2023-una-actividad-que-se-enmarca-en-la-semana-de-la-movilidad\\\/#primaryimage\"},\"thumbnailUrl\":\"https:\\\/\\\/www.laguiadepamplona.com\\\/actualidad\\\/wp-content\\\/uploads\\\/2023\\\/09\\\/Q5A1081bicicletada22-09-22_0.webp\",\"datePublished\":\"2023-09-21T15:23:54+00:00\",\"description\":\"Esa jornada, \u2018D\u00eda Europeo sin Coches\u2019, por la ma\u00f1ana se producir\u00e1n cortes puntuales de tr\u00e1fico en la avenida del Ej\u00e9rcito\",\"breadcrumb\":{\"@id\":\"https:\\\/\\\/www.laguiadepamplona.com\\\/actualidad\\\/un-millar-de-bicis-aparcaran-este-viernes-en-la-ciudadela-en-la-bicicletada-escolar-2023-una-actividad-que-se-enmarca-en-la-semana-de-la-movilidad\\\/#breadcrumb\"},\"inLanguage\":\"es\",\"potentialAction\":[{\"@type\":\"ReadAction\",\"target\":[\"https:\\\/\\\/www.laguiadepamplona.com\\\/actualidad\\\/un-millar-de-bicis-aparcaran-este-viernes-en-la-ciudadela-en-la-bicicletada-escolar-2023-una-actividad-que-se-enmarca-en-la-semana-de-la-movilidad\\\/\"]}]},{\"@type\":\"ImageObject\",\"inLanguage\":\"es\",\"@id\":\"https:\\\/\\\/www.laguiadepamplona.com\\\/actualidad\\\/un-millar-de-bicis-aparcaran-este-viernes-en-la-ciudadela-en-la-bicicletada-escolar-2023-una-actividad-que-se-enmarca-en-la-semana-de-la-movilidad\\\/#primaryimage\",\"url\":\"https:\\\/\\\/www.laguiadepamplona.com\\\/actualidad\\\/wp-content\\\/uploads\\\/2023\\\/09\\\/Q5A1081bicicletada22-09-22_0.webp\",\"contentUrl\":\"https:\\\/\\\/www.laguiadepamplona.com\\\/actualidad\\\/wp-content\\\/uploads\\\/2023\\\/09\\\/Q5A1081bicicletada22-09-22_0.webp\",\"width\":1200,\"height\":800},{\"@type\":\"BreadcrumbList\",\"@id\":\"https:\\\/\\\/www.laguiadepamplona.com\\\/actualidad\\\/un-millar-de-bicis-aparcaran-este-viernes-en-la-ciudadela-en-la-bicicletada-escolar-2023-una-actividad-que-se-enmarca-en-la-semana-de-la-movilidad\\\/#breadcrumb\",\"itemListElement\":[{\"@type\":\"ListItem\",\"position\":1,\"name\":\"Portada\",\"item\":\"https:\\\/\\\/www.laguiadepamplona.com\\\/actualidad\\\/\"},{\"@type\":\"ListItem\",\"position\":2,\"name\":\"Un millar de bicis aparcar\u00e1n este viernes en la Ciudadela en la Bicicletada escolar 2023, una actividad que se enmarca en la Semana de la Movilidad\"}]},{\"@type\":\"WebSite\",\"@id\":\"https:\\\/\\\/www.laguiadepamplona.com\\\/actualidad\\\/#website\",\"url\":\"https:\\\/\\\/www.laguiadepamplona.com\\\/actualidad\\\/\",\"name\":\"La gu\u00eda de Pamplona\",\"description\":\"Noticias de Pamplona\",\"publisher\":{\"@id\":\"https:\\\/\\\/www.laguiadepamplona.com\\\/actualidad\\\/#organization\"},\"potentialAction\":[{\"@type\":\"SearchAction\",\"target\":{\"@type\":\"EntryPoint\",\"urlTemplate\":\"https:\\\/\\\/www.laguiadepamplona.com\\\/actualidad\\\/?s={search_term_string}\"},\"query-input\":{\"@type\":\"PropertyValueSpecification\",\"valueRequired\":true,\"valueName\":\"search_term_string\"}}],\"inLanguage\":\"es\"},{\"@type\":\"Organization\",\"@id\":\"https:\\\/\\\/www.laguiadepamplona.com\\\/actualidad\\\/#organization\",\"name\":\"La Gu\u00eda de Pamplona \\\/ Noticias\",\"url\":\"https:\\\/\\\/www.laguiadepamplona.com\\\/actualidad\\\/\",\"logo\":{\"@type\":\"ImageObject\",\"inLanguage\":\"es\",\"@id\":\"https:\\\/\\\/www.laguiadepamplona.com\\\/actualidad\\\/#\\\/schema\\\/logo\\\/image\\\/\",\"url\":\"https:\\\/\\\/www.laguiadepamplona.com\\\/actualidad\\\/wp-content\\\/uploads\\\/2018\\\/11\\\/logo-laguiadepamplona18-web1.png\",\"contentUrl\":\"https:\\\/\\\/www.laguiadepamplona.com\\\/actualidad\\\/wp-content\\\/uploads\\\/2018\\\/11\\\/logo-laguiadepamplona18-web1.png\",\"width\":600,\"height\":196,\"caption\":\"La Gu\u00eda de Pamplona \\\/ Noticias\"},\"image\":{\"@id\":\"https:\\\/\\\/www.laguiadepamplona.com\\\/actualidad\\\/#\\\/schema\\\/logo\\\/image\\\/\"},\"sameAs\":[\"https:\\\/\\\/www.facebook.com\\\/laguiadepamplonacom-133175176762273\\\/?ref=hl\",\"https:\\\/\\\/x.com\\\/LaGuiadPamplona\",\"https:\\\/\\\/www.instagram.com\\\/la_guia_de_pamplona\\\/\",\"https:\\\/\\\/www.youtube.com\\\/user\\\/laguiadepamplona\"]},{\"@type\":\"Person\",\"@id\":\"https:\\\/\\\/www.laguiadepamplona.com\\\/actualidad\\\/#\\\/schema\\\/person\\\/efe887376f0213d4657c93adc50b1fdb\",\"name\":\"La Gu\u00eda de Pamplona\",\"image\":{\"@type\":\"ImageObject\",\"inLanguage\":\"es\",\"@id\":\"https:\\\/\\\/secure.gravatar.com\\\/avatar\\\/b6992f131dc8d30ab0dff15446e9d346d9dbd95992de0fef795073f5ea83a81c?s=96&d=mm&r=g\",\"url\":\"https:\\\/\\\/secure.gravatar.com\\\/avatar\\\/b6992f131dc8d30ab0dff15446e9d346d9dbd95992de0fef795073f5ea83a81c?s=96&d=mm&r=g\",\"contentUrl\":\"https:\\\/\\\/secure.gravatar.com\\\/avatar\\\/b6992f131dc8d30ab0dff15446e9d346d9dbd95992de0fef795073f5ea83a81c?s=96&d=mm&r=g\",\"caption\":\"La Gu\u00eda de Pamplona\"}}]}<\/script>\n<!-- \/ Yoast SEO plugin. -->","yoast_head_json":{"title":"Un millar de bicis aparcar\u00e1n este viernes en la Ciudadela en la Bicicletada escolar 2023, una actividad que se enmarca en la Semana de la Movilidad","description":"Esa jornada, \u2018D\u00eda Europeo sin Coches\u2019, por la ma\u00f1ana se producir\u00e1n cortes puntuales de tr\u00e1fico en la avenida del Ej\u00e9rcito","robots":{"index":"index","follow":"follow","max-snippet":"max-snippet:-1","max-image-preview":"max-image-preview:large","max-video-preview":"max-video-preview:-1"},"canonical":"https:\/\/www.laguiadepamplona.com\/actualidad\/un-millar-de-bicis-aparcaran-este-viernes-en-la-ciudadela-en-la-bicicletada-escolar-2023-una-actividad-que-se-enmarca-en-la-semana-de-la-movilidad\/","og_locale":"es_ES","og_type":"article","og_title":"Un millar de bicis aparcar\u00e1n este viernes en la Ciudadela en la Bicicletada escolar 2023, una actividad que se enmarca en la Semana de la Movilidad","og_description":"Esa jornada, \u2018D\u00eda Europeo sin Coches\u2019, por la ma\u00f1ana se producir\u00e1n cortes puntuales de tr\u00e1fico en la avenida del Ej\u00e9rcito","og_url":"https:\/\/www.laguiadepamplona.com\/actualidad\/un-millar-de-bicis-aparcaran-este-viernes-en-la-ciudadela-en-la-bicicletada-escolar-2023-una-actividad-que-se-enmarca-en-la-semana-de-la-movilidad\/","og_site_name":"La Gu\u00eda de Pamplona","article_publisher":"https:\/\/www.facebook.com\/laguiadepamplonacom-133175176762273\/?ref=hl","article_published_time":"2023-09-21T15:23:54+00:00","og_image":[{"width":1200,"height":800,"url":"https:\/\/www.laguiadepamplona.com\/actualidad\/wp-content\/uploads\/2023\/09\/Q5A1081bicicletada22-09-22_0.webp","type":"image\/webp"}],"author":"La Gu\u00eda de Pamplona","twitter_card":"summary_large_image","twitter_creator":"@LaGuiadPamplona","twitter_site":"@LaGuiadPamplona","twitter_misc":{"Escrito por":"La Gu\u00eda de Pamplona","Tiempo de lectura":"6 minutos"},"schema":{"@context":"https:\/\/schema.org","@graph":[{"@type":"Article","@id":"https:\/\/www.laguiadepamplona.com\/actualidad\/un-millar-de-bicis-aparcaran-este-viernes-en-la-ciudadela-en-la-bicicletada-escolar-2023-una-actividad-que-se-enmarca-en-la-semana-de-la-movilidad\/#article","isPartOf":{"@id":"https:\/\/www.laguiadepamplona.com\/actualidad\/un-millar-de-bicis-aparcaran-este-viernes-en-la-ciudadela-en-la-bicicletada-escolar-2023-una-actividad-que-se-enmarca-en-la-semana-de-la-movilidad\/"},"author":{"name":"La Gu\u00eda de Pamplona","@id":"https:\/\/www.laguiadepamplona.com\/actualidad\/#\/schema\/person\/efe887376f0213d4657c93adc50b1fdb"},"headline":"Un millar de bicis aparcar\u00e1n este viernes en la Ciudadela en la Bicicletada escolar 2023, una actividad que se enmarca en la Semana de la Movilidad","datePublished":"2023-09-21T15:23:54+00:00","mainEntityOfPage":{"@id":"https:\/\/www.laguiadepamplona.com\/actualidad\/un-millar-de-bicis-aparcaran-este-viernes-en-la-ciudadela-en-la-bicicletada-escolar-2023-una-actividad-que-se-enmarca-en-la-semana-de-la-movilidad\/"},"wordCount":1279,"commentCount":0,"publisher":{"@id":"https:\/\/www.laguiadepamplona.com\/actualidad\/#organization"},"image":{"@id":"https:\/\/www.laguiadepamplona.com\/actualidad\/un-millar-de-bicis-aparcaran-este-viernes-en-la-ciudadela-en-la-bicicletada-escolar-2023-una-actividad-que-se-enmarca-en-la-semana-de-la-movilidad\/#primaryimage"},"thumbnailUrl":"https:\/\/www.laguiadepamplona.com\/actualidad\/wp-content\/uploads\/2023\/09\/Q5A1081bicicletada22-09-22_0.webp","articleSection":["Ayto Pamplona"],"inLanguage":"es","potentialAction":[{"@type":"CommentAction","name":"Comment","target":["https:\/\/www.laguiadepamplona.com\/actualidad\/un-millar-de-bicis-aparcaran-este-viernes-en-la-ciudadela-en-la-bicicletada-escolar-2023-una-actividad-que-se-enmarca-en-la-semana-de-la-movilidad\/#respond"]}]},{"@type":"WebPage","@id":"https:\/\/www.laguiadepamplona.com\/actualidad\/un-millar-de-bicis-aparcaran-este-viernes-en-la-ciudadela-en-la-bicicletada-escolar-2023-una-actividad-que-se-enmarca-en-la-semana-de-la-movilidad\/","url":"https:\/\/www.laguiadepamplona.com\/actualidad\/un-millar-de-bicis-aparcaran-este-viernes-en-la-ciudadela-en-la-bicicletada-escolar-2023-una-actividad-que-se-enmarca-en-la-semana-de-la-movilidad\/","name":"Un millar de bicis aparcar\u00e1n este viernes en la Ciudadela en la Bicicletada escolar 2023, una actividad que se enmarca en la Semana de la Movilidad","isPartOf":{"@id":"https:\/\/www.laguiadepamplona.com\/actualidad\/#website"},"primaryImageOfPage":{"@id":"https:\/\/www.laguiadepamplona.com\/actualidad\/un-millar-de-bicis-aparcaran-este-viernes-en-la-ciudadela-en-la-bicicletada-escolar-2023-una-actividad-que-se-enmarca-en-la-semana-de-la-movilidad\/#primaryimage"},"image":{"@id":"https:\/\/www.laguiadepamplona.com\/actualidad\/un-millar-de-bicis-aparcaran-este-viernes-en-la-ciudadela-en-la-bicicletada-escolar-2023-una-actividad-que-se-enmarca-en-la-semana-de-la-movilidad\/#primaryimage"},"thumbnailUrl":"https:\/\/www.laguiadepamplona.com\/actualidad\/wp-content\/uploads\/2023\/09\/Q5A1081bicicletada22-09-22_0.webp","datePublished":"2023-09-21T15:23:54+00:00","description":"Esa jornada, \u2018D\u00eda Europeo sin Coches\u2019, por la ma\u00f1ana se producir\u00e1n cortes puntuales de tr\u00e1fico en la avenida del Ej\u00e9rcito","breadcrumb":{"@id":"https:\/\/www.laguiadepamplona.com\/actualidad\/un-millar-de-bicis-aparcaran-este-viernes-en-la-ciudadela-en-la-bicicletada-escolar-2023-una-actividad-que-se-enmarca-en-la-semana-de-la-movilidad\/#breadcrumb"},"inLanguage":"es","potentialAction":[{"@type":"ReadAction","target":["https:\/\/www.laguiadepamplona.com\/actualidad\/un-millar-de-bicis-aparcaran-este-viernes-en-la-ciudadela-en-la-bicicletada-escolar-2023-una-actividad-que-se-enmarca-en-la-semana-de-la-movilidad\/"]}]},{"@type":"ImageObject","inLanguage":"es","@id":"https:\/\/www.laguiadepamplona.com\/actualidad\/un-millar-de-bicis-aparcaran-este-viernes-en-la-ciudadela-en-la-bicicletada-escolar-2023-una-actividad-que-se-enmarca-en-la-semana-de-la-movilidad\/#primaryimage","url":"https:\/\/www.laguiadepamplona.com\/actualidad\/wp-content\/uploads\/2023\/09\/Q5A1081bicicletada22-09-22_0.webp","contentUrl":"https:\/\/www.laguiadepamplona.com\/actualidad\/wp-content\/uploads\/2023\/09\/Q5A1081bicicletada22-09-22_0.webp","width":1200,"height":800},{"@type":"BreadcrumbList","@id":"https:\/\/www.laguiadepamplona.com\/actualidad\/un-millar-de-bicis-aparcaran-este-viernes-en-la-ciudadela-en-la-bicicletada-escolar-2023-una-actividad-que-se-enmarca-en-la-semana-de-la-movilidad\/#breadcrumb","itemListElement":[{"@type":"ListItem","position":1,"name":"Portada","item":"https:\/\/www.laguiadepamplona.com\/actualidad\/"},{"@type":"ListItem","position":2,"name":"Un millar de bicis aparcar\u00e1n este viernes en la Ciudadela en la Bicicletada escolar 2023, una actividad que se enmarca en la Semana de la Movilidad"}]},{"@type":"WebSite","@id":"https:\/\/www.laguiadepamplona.com\/actualidad\/#website","url":"https:\/\/www.laguiadepamplona.com\/actualidad\/","name":"La gu\u00eda de Pamplona","description":"Noticias de Pamplona","publisher":{"@id":"https:\/\/www.laguiadepamplona.com\/actualidad\/#organization"},"potentialAction":[{"@type":"SearchAction","target":{"@type":"EntryPoint","urlTemplate":"https:\/\/www.laguiadepamplona.com\/actualidad\/?s={search_term_string}"},"query-input":{"@type":"PropertyValueSpecification","valueRequired":true,"valueName":"search_term_string"}}],"inLanguage":"es"},{"@type":"Organization","@id":"https:\/\/www.laguiadepamplona.com\/actualidad\/#organization","name":"La Gu\u00eda de Pamplona \/ Noticias","url":"https:\/\/www.laguiadepamplona.com\/actualidad\/","logo":{"@type":"ImageObject","inLanguage":"es","@id":"https:\/\/www.laguiadepamplona.com\/actualidad\/#\/schema\/logo\/image\/","url":"https:\/\/www.laguiadepamplona.com\/actualidad\/wp-content\/uploads\/2018\/11\/logo-laguiadepamplona18-web1.png","contentUrl":"https:\/\/www.laguiadepamplona.com\/actualidad\/wp-content\/uploads\/2018\/11\/logo-laguiadepamplona18-web1.png","width":600,"height":196,"caption":"La Gu\u00eda de Pamplona \/ Noticias"},"image":{"@id":"https:\/\/www.laguiadepamplona.com\/actualidad\/#\/schema\/logo\/image\/"},"sameAs":["https:\/\/www.facebook.com\/laguiadepamplonacom-133175176762273\/?ref=hl","https:\/\/x.com\/LaGuiadPamplona","https:\/\/www.instagram.com\/la_guia_de_pamplona\/","https:\/\/www.youtube.com\/user\/laguiadepamplona"]},{"@type":"Person","@id":"https:\/\/www.laguiadepamplona.com\/actualidad\/#\/schema\/person\/efe887376f0213d4657c93adc50b1fdb","name":"La Gu\u00eda de Pamplona","image":{"@type":"ImageObject","inLanguage":"es","@id":"https:\/\/secure.gravatar.com\/avatar\/b6992f131dc8d30ab0dff15446e9d346d9dbd95992de0fef795073f5ea83a81c?s=96&d=mm&r=g","url":"https:\/\/secure.gravatar.com\/avatar\/b6992f131dc8d30ab0dff15446e9d346d9dbd95992de0fef795073f5ea83a81c?s=96&d=mm&r=g","contentUrl":"https:\/\/secure.gravatar.com\/avatar\/b6992f131dc8d30ab0dff15446e9d346d9dbd95992de0fef795073f5ea83a81c?s=96&d=mm&r=g","caption":"La Gu\u00eda de Pamplona"}}]}},"post_mailing_queue_ids":[],"_links":{"self":[{"href":"https:\/\/www.laguiadepamplona.com\/actualidad\/wp-json\/wp\/v2\/posts\/47406","targetHints":{"allow":["GET"]}}],"collection":[{"href":"https:\/\/www.laguiadepamplona.com\/actualidad\/wp-json\/wp\/v2\/posts"}],"about":[{"href":"https:\/\/www.laguiadepamplona.com\/actualidad\/wp-json\/wp\/v2\/types\/post"}],"author":[{"embeddable":true,"href":"https:\/\/www.laguiadepamplona.com\/actualidad\/wp-json\/wp\/v2\/users\/1"}],"replies":[{"embeddable":true,"href":"https:\/\/www.laguiadepamplona.com\/actualidad\/wp-json\/wp\/v2\/comments?post=47406"}],"version-history":[{"count":1,"href":"https:\/\/www.laguiadepamplona.com\/actualidad\/wp-json\/wp\/v2\/posts\/47406\/revisions"}],"predecessor-version":[{"id":47408,"href":"https:\/\/www.laguiadepamplona.com\/actualidad\/wp-json\/wp\/v2\/posts\/47406\/revisions\/47408"}],"wp:featuredmedia":[{"embeddable":true,"href":"https:\/\/www.laguiadepamplona.com\/actualidad\/wp-json\/wp\/v2\/media\/47407"}],"wp:attachment":[{"href":"https:\/\/www.laguiadepamplona.com\/actualidad\/wp-json\/wp\/v2\/media?parent=47406"}],"wp:term":[{"taxonomy":"category","embeddable":true,"href":"https:\/\/www.laguiadepamplona.com\/actualidad\/wp-json\/wp\/v2\/categories?post=47406"},{"taxonomy":"post_tag","embeddable":true,"href":"https:\/\/www.laguiadepamplona.com\/actualidad\/wp-json\/wp\/v2\/tags?post=47406"}],"curies":[{"name":"wp","href":"https:\/\/api.w.org\/{rel}","templated":true}]}}