{"id":47396,"date":"2023-09-21T17:17:09","date_gmt":"2023-09-21T15:17:09","guid":{"rendered":"https:\/\/www.laguiadepamplona.com\/actualidad\/?p=47396"},"modified":"2023-09-21T17:17:09","modified_gmt":"2023-09-21T15:17:09","slug":"el-aparcamiento-disuasorio-situado-junto-al-cpeip-cardenal-ilundain-cierra-este-domingo-durante-10-dias-para-finalizar-definitivamente-las-obras-del-parking-solar","status":"publish","type":"post","link":"https:\/\/www.laguiadepamplona.com\/actualidad\/el-aparcamiento-disuasorio-situado-junto-al-cpeip-cardenal-ilundain-cierra-este-domingo-durante-10-dias-para-finalizar-definitivamente-las-obras-del-parking-solar\/","title":{"rendered":"El aparcamiento disuasorio situado junto al CPEIP Cardenal Ilund\u00e1in cierra este domingo durante 10 d\u00edas para finalizar definitivamente las obras del parking solar"},"content":{"rendered":"<h3>Se va a terminar de colocar la cubierta fotovoltaica una vez solucionada la falta de suministros y el parking estar\u00e1 totalmente concluido el 18 de octubre<\/h3>\n<p><!--more--><\/p>\n<p>El aparcamiento disuasorio junto al CPEIP Cardenal Ilund\u00e1in cierra este domingo, hasta el mi\u00e9rcoles 4 de octubre, para terminar de colocar la cubierta fotovoltaica. Estos trabajos, que no se pudieron acometer por problemas de suministros, implican que no se pueda aparcar en la totalidad del parking por motivos de seguridad. Desde hoy se est\u00e1 informando del cierre a usuarios y vecinos y el fin de semana se colocar\u00e1 el vallado para acometer la instalaci\u00f3n. Una vez concluida la colocaci\u00f3n, entre el 5 y el 18 de octubre el parking permanecer\u00e1 abierto a la mitad de su capacidad para proceder a trabajos de cableado, bajantes, centro de transformaci\u00f3n, etc\u00e9tera.<br \/>\n<script async src=\"\/\/pagead2.googlesyndication.com\/pagead\/js\/adsbygoogle.js\"><\/script><br \/>\n<!-- Noticias La Guia de Pamplona --><br \/>\n<ins class=\"adsbygoogle\"\nstyle=\"display:block\"\ndata-ad-client=\"ca-pub-6943679897239327\"\ndata-ad-slot=\"7048180777\"\ndata-ad-format=\"auto\"><\/ins><br \/>\n<script>\n(adsbygoogle = window.adsbygoogle || []).push({});\n<\/script><\/p>\n<p>El parking solar estar\u00e1 terminado a partir del 18 de octubre y la empresa concesionaria UTE Parking Eguzki (ENERparking) comenzar\u00e1 los tr\u00e1mites para poder comercializar la energ\u00eda el\u00e9ctrica generada en el mismo; el autoconsumo colectivo est\u00e1 destinado al vecindario y los negocios ubicados en un radio de 2 km del parking solar. A partir de este momento, tambi\u00e9n el parking estar\u00e1 abierto a toda su capacidad. El aparcamiento se mantendr\u00e1 como parking disuasorio con control de accesos, con las primeras 24 horas gratuitas.<\/p>\n<p>La cubierta fotovoltaica est\u00e1 formada por una estructura met\u00e1lica, a modo de marquesina, que sustenta los 2.736 paneles solares que la conforman. Las placas fotovoltaicas instaladas suman una potencia de 1,1 mW, superando la potencia que acumulan a d\u00eda de hoy todas las instalaciones ubicadas en inmuebles municipales. Hasta ahora, la de mayor potencia era la cubierta de la estaci\u00f3n de autobuses, con algo m\u00e1s de 100 kW, es decir, diez veces menos.<br \/>\n<script async src=\"\/\/pagead2.googlesyndication.com\/pagead\/js\/adsbygoogle.js\"><\/script><br \/>\n<!-- Noticias La Guia de Pamplona --><br \/>\n<ins class=\"adsbygoogle\"\nstyle=\"display:block\"\ndata-ad-client=\"ca-pub-6943679897239327\"\ndata-ad-slot=\"7048180777\"\ndata-ad-format=\"auto\"><\/ins><br \/>\n<script>\n(adsbygoogle = window.adsbygoogle || []).push({});\n<\/script><\/p>\n<p>El aparcamiento cuenta con una superficie de 5.500 metros cuadrados en la que se han habilitado 240 plazas. De ellas, 8 son para personas con movilidad reducida y otras 16 para la recarga de veh\u00edculo el\u00e9ctrico. Estos puntos todav\u00eda no est\u00e1n activados, se ha realizado \u00fanicamente una preinstalaci\u00f3n de los postes. Se prev\u00e9 que puedan entrar en funcionamiento a finales de a\u00f1o. La altura del g\u00e1libo de la marquesina es de algo m\u00e1s de tres metros, con lo cual pueden aparcar furgonetas y veh\u00edculos industriales.<\/p>\n<p>La apuesta por generar energ\u00eda verde en este aparcamiento se alinea con la iniciativa Go Green, que es la Estrategia municipal de Transici\u00f3n Energ\u00e9tica y Cambio Clim\u00e1tico 2030, para reducir emisiones, mejorar la eficiencia energ\u00e9tica y promover fuentes de consumo renovable.<\/p>\n","protected":false},"excerpt":{"rendered":"<p>Se va a terminar de colocar la cubierta fotovoltaica una vez solucionada la falta de suministros y el parking estar\u00e1 totalmente concluido el 18 de octubre<\/p>\n","protected":false},"author":1,"featured_media":47397,"comment_status":"open","ping_status":"closed","sticky":false,"template":"","format":"standard","meta":{"footnotes":""},"categories":[2],"tags":[],"class_list":["post-47396","post","type-post","status-publish","format-standard","has-post-thumbnail","hentry","category-ayuntamiento-pamplona"],"yoast_head":"<!-- This site is optimized with the Yoast SEO plugin v27.3 - https:\/\/yoast.com\/product\/yoast-seo-wordpress\/ -->\n<title>El aparcamiento disuasorio situado junto al CPEIP Cardenal Ilund\u00e1in cierra este domingo durante 10 d\u00edas para finalizar definitivamente las obras del parking solar<\/title>\n<meta name=\"description\" content=\"Se va a terminar de colocar la cubierta fotovoltaica una vez solucionada la falta de suministros y el parking estar\u00e1 totalmente concluido el 18 de octubre\" \/>\n<meta name=\"robots\" content=\"index, follow, max-snippet:-1, max-image-preview:large, max-video-preview:-1\" \/>\n<link rel=\"canonical\" href=\"https:\/\/www.laguiadepamplona.com\/actualidad\/el-aparcamiento-disuasorio-situado-junto-al-cpeip-cardenal-ilundain-cierra-este-domingo-durante-10-dias-para-finalizar-definitivamente-las-obras-del-parking-solar\/\" \/>\n<meta property=\"og:locale\" content=\"es_ES\" \/>\n<meta property=\"og:type\" content=\"article\" \/>\n<meta property=\"og:title\" content=\"El aparcamiento disuasorio situado junto al CPEIP Cardenal Ilund\u00e1in cierra este domingo durante 10 d\u00edas para finalizar definitivamente las obras del parking solar\" \/>\n<meta property=\"og:description\" content=\"Se va a terminar de colocar la cubierta fotovoltaica una vez solucionada la falta de suministros y el parking estar\u00e1 totalmente concluido el 18 de octubre\" \/>\n<meta property=\"og:url\" content=\"https:\/\/www.laguiadepamplona.com\/actualidad\/el-aparcamiento-disuasorio-situado-junto-al-cpeip-cardenal-ilundain-cierra-este-domingo-durante-10-dias-para-finalizar-definitivamente-las-obras-del-parking-solar\/\" \/>\n<meta property=\"og:site_name\" content=\"La Gu\u00eda de Pamplona\" \/>\n<meta property=\"article:publisher\" content=\"https:\/\/www.facebook.com\/laguiadepamplonacom-133175176762273\/?ref=hl\" \/>\n<meta property=\"article:published_time\" content=\"2023-09-21T15:17:09+00:00\" \/>\n<meta property=\"og:image\" content=\"https:\/\/www.laguiadepamplona.com\/actualidad\/wp-content\/uploads\/2023\/09\/PARKING-SOLAR-CARDENAL-ILUNDAIN_NB_8421.webp\" \/>\n\t<meta property=\"og:image:width\" content=\"1200\" \/>\n\t<meta property=\"og:image:height\" content=\"800\" \/>\n\t<meta property=\"og:image:type\" content=\"image\/webp\" \/>\n<meta name=\"author\" content=\"La Gu\u00eda de Pamplona\" \/>\n<meta name=\"twitter:card\" content=\"summary_large_image\" \/>\n<meta name=\"twitter:creator\" content=\"@LaGuiadPamplona\" \/>\n<meta name=\"twitter:site\" content=\"@LaGuiadPamplona\" \/>\n<meta name=\"twitter:label1\" content=\"Escrito por\" \/>\n\t<meta name=\"twitter:data1\" content=\"La Gu\u00eda de Pamplona\" \/>\n\t<meta name=\"twitter:label2\" content=\"Tiempo de lectura\" \/>\n\t<meta name=\"twitter:data2\" content=\"2 minutos\" \/>\n<script type=\"application\/ld+json\" class=\"yoast-schema-graph\">{\"@context\":\"https:\\\/\\\/schema.org\",\"@graph\":[{\"@type\":\"Article\",\"@id\":\"https:\\\/\\\/www.laguiadepamplona.com\\\/actualidad\\\/el-aparcamiento-disuasorio-situado-junto-al-cpeip-cardenal-ilundain-cierra-este-domingo-durante-10-dias-para-finalizar-definitivamente-las-obras-del-parking-solar\\\/#article\",\"isPartOf\":{\"@id\":\"https:\\\/\\\/www.laguiadepamplona.com\\\/actualidad\\\/el-aparcamiento-disuasorio-situado-junto-al-cpeip-cardenal-ilundain-cierra-este-domingo-durante-10-dias-para-finalizar-definitivamente-las-obras-del-parking-solar\\\/\"},\"author\":{\"name\":\"La Gu\u00eda de Pamplona\",\"@id\":\"https:\\\/\\\/www.laguiadepamplona.com\\\/actualidad\\\/#\\\/schema\\\/person\\\/efe887376f0213d4657c93adc50b1fdb\"},\"headline\":\"El aparcamiento disuasorio situado junto al CPEIP Cardenal Ilund\u00e1in cierra este domingo durante 10 d\u00edas para finalizar definitivamente las obras del parking solar\",\"datePublished\":\"2023-09-21T15:17:09+00:00\",\"mainEntityOfPage\":{\"@id\":\"https:\\\/\\\/www.laguiadepamplona.com\\\/actualidad\\\/el-aparcamiento-disuasorio-situado-junto-al-cpeip-cardenal-ilundain-cierra-este-domingo-durante-10-dias-para-finalizar-definitivamente-las-obras-del-parking-solar\\\/\"},\"wordCount\":453,\"commentCount\":0,\"publisher\":{\"@id\":\"https:\\\/\\\/www.laguiadepamplona.com\\\/actualidad\\\/#organization\"},\"image\":{\"@id\":\"https:\\\/\\\/www.laguiadepamplona.com\\\/actualidad\\\/el-aparcamiento-disuasorio-situado-junto-al-cpeip-cardenal-ilundain-cierra-este-domingo-durante-10-dias-para-finalizar-definitivamente-las-obras-del-parking-solar\\\/#primaryimage\"},\"thumbnailUrl\":\"https:\\\/\\\/www.laguiadepamplona.com\\\/actualidad\\\/wp-content\\\/uploads\\\/2023\\\/09\\\/PARKING-SOLAR-CARDENAL-ILUNDAIN_NB_8421.webp\",\"articleSection\":[\"Ayto Pamplona\"],\"inLanguage\":\"es\",\"potentialAction\":[{\"@type\":\"CommentAction\",\"name\":\"Comment\",\"target\":[\"https:\\\/\\\/www.laguiadepamplona.com\\\/actualidad\\\/el-aparcamiento-disuasorio-situado-junto-al-cpeip-cardenal-ilundain-cierra-este-domingo-durante-10-dias-para-finalizar-definitivamente-las-obras-del-parking-solar\\\/#respond\"]}]},{\"@type\":\"WebPage\",\"@id\":\"https:\\\/\\\/www.laguiadepamplona.com\\\/actualidad\\\/el-aparcamiento-disuasorio-situado-junto-al-cpeip-cardenal-ilundain-cierra-este-domingo-durante-10-dias-para-finalizar-definitivamente-las-obras-del-parking-solar\\\/\",\"url\":\"https:\\\/\\\/www.laguiadepamplona.com\\\/actualidad\\\/el-aparcamiento-disuasorio-situado-junto-al-cpeip-cardenal-ilundain-cierra-este-domingo-durante-10-dias-para-finalizar-definitivamente-las-obras-del-parking-solar\\\/\",\"name\":\"El aparcamiento disuasorio situado junto al CPEIP Cardenal Ilund\u00e1in cierra este domingo durante 10 d\u00edas para finalizar definitivamente las obras del parking solar\",\"isPartOf\":{\"@id\":\"https:\\\/\\\/www.laguiadepamplona.com\\\/actualidad\\\/#website\"},\"primaryImageOfPage\":{\"@id\":\"https:\\\/\\\/www.laguiadepamplona.com\\\/actualidad\\\/el-aparcamiento-disuasorio-situado-junto-al-cpeip-cardenal-ilundain-cierra-este-domingo-durante-10-dias-para-finalizar-definitivamente-las-obras-del-parking-solar\\\/#primaryimage\"},\"image\":{\"@id\":\"https:\\\/\\\/www.laguiadepamplona.com\\\/actualidad\\\/el-aparcamiento-disuasorio-situado-junto-al-cpeip-cardenal-ilundain-cierra-este-domingo-durante-10-dias-para-finalizar-definitivamente-las-obras-del-parking-solar\\\/#primaryimage\"},\"thumbnailUrl\":\"https:\\\/\\\/www.laguiadepamplona.com\\\/actualidad\\\/wp-content\\\/uploads\\\/2023\\\/09\\\/PARKING-SOLAR-CARDENAL-ILUNDAIN_NB_8421.webp\",\"datePublished\":\"2023-09-21T15:17:09+00:00\",\"description\":\"Se va a terminar de colocar la cubierta fotovoltaica una vez solucionada la falta de suministros y el parking estar\u00e1 totalmente concluido el 18 de octubre\",\"breadcrumb\":{\"@id\":\"https:\\\/\\\/www.laguiadepamplona.com\\\/actualidad\\\/el-aparcamiento-disuasorio-situado-junto-al-cpeip-cardenal-ilundain-cierra-este-domingo-durante-10-dias-para-finalizar-definitivamente-las-obras-del-parking-solar\\\/#breadcrumb\"},\"inLanguage\":\"es\",\"potentialAction\":[{\"@type\":\"ReadAction\",\"target\":[\"https:\\\/\\\/www.laguiadepamplona.com\\\/actualidad\\\/el-aparcamiento-disuasorio-situado-junto-al-cpeip-cardenal-ilundain-cierra-este-domingo-durante-10-dias-para-finalizar-definitivamente-las-obras-del-parking-solar\\\/\"]}]},{\"@type\":\"ImageObject\",\"inLanguage\":\"es\",\"@id\":\"https:\\\/\\\/www.laguiadepamplona.com\\\/actualidad\\\/el-aparcamiento-disuasorio-situado-junto-al-cpeip-cardenal-ilundain-cierra-este-domingo-durante-10-dias-para-finalizar-definitivamente-las-obras-del-parking-solar\\\/#primaryimage\",\"url\":\"https:\\\/\\\/www.laguiadepamplona.com\\\/actualidad\\\/wp-content\\\/uploads\\\/2023\\\/09\\\/PARKING-SOLAR-CARDENAL-ILUNDAIN_NB_8421.webp\",\"contentUrl\":\"https:\\\/\\\/www.laguiadepamplona.com\\\/actualidad\\\/wp-content\\\/uploads\\\/2023\\\/09\\\/PARKING-SOLAR-CARDENAL-ILUNDAIN_NB_8421.webp\",\"width\":1200,\"height\":800,\"caption\":\"parking\"},{\"@type\":\"BreadcrumbList\",\"@id\":\"https:\\\/\\\/www.laguiadepamplona.com\\\/actualidad\\\/el-aparcamiento-disuasorio-situado-junto-al-cpeip-cardenal-ilundain-cierra-este-domingo-durante-10-dias-para-finalizar-definitivamente-las-obras-del-parking-solar\\\/#breadcrumb\",\"itemListElement\":[{\"@type\":\"ListItem\",\"position\":1,\"name\":\"Portada\",\"item\":\"https:\\\/\\\/www.laguiadepamplona.com\\\/actualidad\\\/\"},{\"@type\":\"ListItem\",\"position\":2,\"name\":\"El aparcamiento disuasorio situado junto al CPEIP Cardenal Ilund\u00e1in cierra este domingo durante 10 d\u00edas para finalizar definitivamente las obras del parking solar\"}]},{\"@type\":\"WebSite\",\"@id\":\"https:\\\/\\\/www.laguiadepamplona.com\\\/actualidad\\\/#website\",\"url\":\"https:\\\/\\\/www.laguiadepamplona.com\\\/actualidad\\\/\",\"name\":\"La gu\u00eda de Pamplona\",\"description\":\"Noticias de Pamplona\",\"publisher\":{\"@id\":\"https:\\\/\\\/www.laguiadepamplona.com\\\/actualidad\\\/#organization\"},\"potentialAction\":[{\"@type\":\"SearchAction\",\"target\":{\"@type\":\"EntryPoint\",\"urlTemplate\":\"https:\\\/\\\/www.laguiadepamplona.com\\\/actualidad\\\/?s={search_term_string}\"},\"query-input\":{\"@type\":\"PropertyValueSpecification\",\"valueRequired\":true,\"valueName\":\"search_term_string\"}}],\"inLanguage\":\"es\"},{\"@type\":\"Organization\",\"@id\":\"https:\\\/\\\/www.laguiadepamplona.com\\\/actualidad\\\/#organization\",\"name\":\"La Gu\u00eda de Pamplona \\\/ Noticias\",\"url\":\"https:\\\/\\\/www.laguiadepamplona.com\\\/actualidad\\\/\",\"logo\":{\"@type\":\"ImageObject\",\"inLanguage\":\"es\",\"@id\":\"https:\\\/\\\/www.laguiadepamplona.com\\\/actualidad\\\/#\\\/schema\\\/logo\\\/image\\\/\",\"url\":\"https:\\\/\\\/www.laguiadepamplona.com\\\/actualidad\\\/wp-content\\\/uploads\\\/2018\\\/11\\\/logo-laguiadepamplona18-web1.png\",\"contentUrl\":\"https:\\\/\\\/www.laguiadepamplona.com\\\/actualidad\\\/wp-content\\\/uploads\\\/2018\\\/11\\\/logo-laguiadepamplona18-web1.png\",\"width\":600,\"height\":196,\"caption\":\"La Gu\u00eda de Pamplona \\\/ Noticias\"},\"image\":{\"@id\":\"https:\\\/\\\/www.laguiadepamplona.com\\\/actualidad\\\/#\\\/schema\\\/logo\\\/image\\\/\"},\"sameAs\":[\"https:\\\/\\\/www.facebook.com\\\/laguiadepamplonacom-133175176762273\\\/?ref=hl\",\"https:\\\/\\\/x.com\\\/LaGuiadPamplona\",\"https:\\\/\\\/www.instagram.com\\\/la_guia_de_pamplona\\\/\",\"https:\\\/\\\/www.youtube.com\\\/user\\\/laguiadepamplona\"]},{\"@type\":\"Person\",\"@id\":\"https:\\\/\\\/www.laguiadepamplona.com\\\/actualidad\\\/#\\\/schema\\\/person\\\/efe887376f0213d4657c93adc50b1fdb\",\"name\":\"La Gu\u00eda de Pamplona\",\"image\":{\"@type\":\"ImageObject\",\"inLanguage\":\"es\",\"@id\":\"https:\\\/\\\/secure.gravatar.com\\\/avatar\\\/b6992f131dc8d30ab0dff15446e9d346d9dbd95992de0fef795073f5ea83a81c?s=96&d=mm&r=g\",\"url\":\"https:\\\/\\\/secure.gravatar.com\\\/avatar\\\/b6992f131dc8d30ab0dff15446e9d346d9dbd95992de0fef795073f5ea83a81c?s=96&d=mm&r=g\",\"contentUrl\":\"https:\\\/\\\/secure.gravatar.com\\\/avatar\\\/b6992f131dc8d30ab0dff15446e9d346d9dbd95992de0fef795073f5ea83a81c?s=96&d=mm&r=g\",\"caption\":\"La Gu\u00eda de Pamplona\"}}]}<\/script>\n<!-- \/ Yoast SEO plugin. -->","yoast_head_json":{"title":"El aparcamiento disuasorio situado junto al CPEIP Cardenal Ilund\u00e1in cierra este domingo durante 10 d\u00edas para finalizar definitivamente las obras del parking solar","description":"Se va a terminar de colocar la cubierta fotovoltaica una vez solucionada la falta de suministros y el parking estar\u00e1 totalmente concluido el 18 de octubre","robots":{"index":"index","follow":"follow","max-snippet":"max-snippet:-1","max-image-preview":"max-image-preview:large","max-video-preview":"max-video-preview:-1"},"canonical":"https:\/\/www.laguiadepamplona.com\/actualidad\/el-aparcamiento-disuasorio-situado-junto-al-cpeip-cardenal-ilundain-cierra-este-domingo-durante-10-dias-para-finalizar-definitivamente-las-obras-del-parking-solar\/","og_locale":"es_ES","og_type":"article","og_title":"El aparcamiento disuasorio situado junto al CPEIP Cardenal Ilund\u00e1in cierra este domingo durante 10 d\u00edas para finalizar definitivamente las obras del parking solar","og_description":"Se va a terminar de colocar la cubierta fotovoltaica una vez solucionada la falta de suministros y el parking estar\u00e1 totalmente concluido el 18 de octubre","og_url":"https:\/\/www.laguiadepamplona.com\/actualidad\/el-aparcamiento-disuasorio-situado-junto-al-cpeip-cardenal-ilundain-cierra-este-domingo-durante-10-dias-para-finalizar-definitivamente-las-obras-del-parking-solar\/","og_site_name":"La Gu\u00eda de Pamplona","article_publisher":"https:\/\/www.facebook.com\/laguiadepamplonacom-133175176762273\/?ref=hl","article_published_time":"2023-09-21T15:17:09+00:00","og_image":[{"width":1200,"height":800,"url":"https:\/\/www.laguiadepamplona.com\/actualidad\/wp-content\/uploads\/2023\/09\/PARKING-SOLAR-CARDENAL-ILUNDAIN_NB_8421.webp","type":"image\/webp"}],"author":"La Gu\u00eda de Pamplona","twitter_card":"summary_large_image","twitter_creator":"@LaGuiadPamplona","twitter_site":"@LaGuiadPamplona","twitter_misc":{"Escrito por":"La Gu\u00eda de Pamplona","Tiempo de lectura":"2 minutos"},"schema":{"@context":"https:\/\/schema.org","@graph":[{"@type":"Article","@id":"https:\/\/www.laguiadepamplona.com\/actualidad\/el-aparcamiento-disuasorio-situado-junto-al-cpeip-cardenal-ilundain-cierra-este-domingo-durante-10-dias-para-finalizar-definitivamente-las-obras-del-parking-solar\/#article","isPartOf":{"@id":"https:\/\/www.laguiadepamplona.com\/actualidad\/el-aparcamiento-disuasorio-situado-junto-al-cpeip-cardenal-ilundain-cierra-este-domingo-durante-10-dias-para-finalizar-definitivamente-las-obras-del-parking-solar\/"},"author":{"name":"La Gu\u00eda de Pamplona","@id":"https:\/\/www.laguiadepamplona.com\/actualidad\/#\/schema\/person\/efe887376f0213d4657c93adc50b1fdb"},"headline":"El aparcamiento disuasorio situado junto al CPEIP Cardenal Ilund\u00e1in cierra este domingo durante 10 d\u00edas para finalizar definitivamente las obras del parking solar","datePublished":"2023-09-21T15:17:09+00:00","mainEntityOfPage":{"@id":"https:\/\/www.laguiadepamplona.com\/actualidad\/el-aparcamiento-disuasorio-situado-junto-al-cpeip-cardenal-ilundain-cierra-este-domingo-durante-10-dias-para-finalizar-definitivamente-las-obras-del-parking-solar\/"},"wordCount":453,"commentCount":0,"publisher":{"@id":"https:\/\/www.laguiadepamplona.com\/actualidad\/#organization"},"image":{"@id":"https:\/\/www.laguiadepamplona.com\/actualidad\/el-aparcamiento-disuasorio-situado-junto-al-cpeip-cardenal-ilundain-cierra-este-domingo-durante-10-dias-para-finalizar-definitivamente-las-obras-del-parking-solar\/#primaryimage"},"thumbnailUrl":"https:\/\/www.laguiadepamplona.com\/actualidad\/wp-content\/uploads\/2023\/09\/PARKING-SOLAR-CARDENAL-ILUNDAIN_NB_8421.webp","articleSection":["Ayto Pamplona"],"inLanguage":"es","potentialAction":[{"@type":"CommentAction","name":"Comment","target":["https:\/\/www.laguiadepamplona.com\/actualidad\/el-aparcamiento-disuasorio-situado-junto-al-cpeip-cardenal-ilundain-cierra-este-domingo-durante-10-dias-para-finalizar-definitivamente-las-obras-del-parking-solar\/#respond"]}]},{"@type":"WebPage","@id":"https:\/\/www.laguiadepamplona.com\/actualidad\/el-aparcamiento-disuasorio-situado-junto-al-cpeip-cardenal-ilundain-cierra-este-domingo-durante-10-dias-para-finalizar-definitivamente-las-obras-del-parking-solar\/","url":"https:\/\/www.laguiadepamplona.com\/actualidad\/el-aparcamiento-disuasorio-situado-junto-al-cpeip-cardenal-ilundain-cierra-este-domingo-durante-10-dias-para-finalizar-definitivamente-las-obras-del-parking-solar\/","name":"El aparcamiento disuasorio situado junto al CPEIP Cardenal Ilund\u00e1in cierra este domingo durante 10 d\u00edas para finalizar definitivamente las obras del parking solar","isPartOf":{"@id":"https:\/\/www.laguiadepamplona.com\/actualidad\/#website"},"primaryImageOfPage":{"@id":"https:\/\/www.laguiadepamplona.com\/actualidad\/el-aparcamiento-disuasorio-situado-junto-al-cpeip-cardenal-ilundain-cierra-este-domingo-durante-10-dias-para-finalizar-definitivamente-las-obras-del-parking-solar\/#primaryimage"},"image":{"@id":"https:\/\/www.laguiadepamplona.com\/actualidad\/el-aparcamiento-disuasorio-situado-junto-al-cpeip-cardenal-ilundain-cierra-este-domingo-durante-10-dias-para-finalizar-definitivamente-las-obras-del-parking-solar\/#primaryimage"},"thumbnailUrl":"https:\/\/www.laguiadepamplona.com\/actualidad\/wp-content\/uploads\/2023\/09\/PARKING-SOLAR-CARDENAL-ILUNDAIN_NB_8421.webp","datePublished":"2023-09-21T15:17:09+00:00","description":"Se va a terminar de colocar la cubierta fotovoltaica una vez solucionada la falta de suministros y el parking estar\u00e1 totalmente concluido el 18 de octubre","breadcrumb":{"@id":"https:\/\/www.laguiadepamplona.com\/actualidad\/el-aparcamiento-disuasorio-situado-junto-al-cpeip-cardenal-ilundain-cierra-este-domingo-durante-10-dias-para-finalizar-definitivamente-las-obras-del-parking-solar\/#breadcrumb"},"inLanguage":"es","potentialAction":[{"@type":"ReadAction","target":["https:\/\/www.laguiadepamplona.com\/actualidad\/el-aparcamiento-disuasorio-situado-junto-al-cpeip-cardenal-ilundain-cierra-este-domingo-durante-10-dias-para-finalizar-definitivamente-las-obras-del-parking-solar\/"]}]},{"@type":"ImageObject","inLanguage":"es","@id":"https:\/\/www.laguiadepamplona.com\/actualidad\/el-aparcamiento-disuasorio-situado-junto-al-cpeip-cardenal-ilundain-cierra-este-domingo-durante-10-dias-para-finalizar-definitivamente-las-obras-del-parking-solar\/#primaryimage","url":"https:\/\/www.laguiadepamplona.com\/actualidad\/wp-content\/uploads\/2023\/09\/PARKING-SOLAR-CARDENAL-ILUNDAIN_NB_8421.webp","contentUrl":"https:\/\/www.laguiadepamplona.com\/actualidad\/wp-content\/uploads\/2023\/09\/PARKING-SOLAR-CARDENAL-ILUNDAIN_NB_8421.webp","width":1200,"height":800,"caption":"parking"},{"@type":"BreadcrumbList","@id":"https:\/\/www.laguiadepamplona.com\/actualidad\/el-aparcamiento-disuasorio-situado-junto-al-cpeip-cardenal-ilundain-cierra-este-domingo-durante-10-dias-para-finalizar-definitivamente-las-obras-del-parking-solar\/#breadcrumb","itemListElement":[{"@type":"ListItem","position":1,"name":"Portada","item":"https:\/\/www.laguiadepamplona.com\/actualidad\/"},{"@type":"ListItem","position":2,"name":"El aparcamiento disuasorio situado junto al CPEIP Cardenal Ilund\u00e1in cierra este domingo durante 10 d\u00edas para finalizar definitivamente las obras del parking solar"}]},{"@type":"WebSite","@id":"https:\/\/www.laguiadepamplona.com\/actualidad\/#website","url":"https:\/\/www.laguiadepamplona.com\/actualidad\/","name":"La gu\u00eda de Pamplona","description":"Noticias de Pamplona","publisher":{"@id":"https:\/\/www.laguiadepamplona.com\/actualidad\/#organization"},"potentialAction":[{"@type":"SearchAction","target":{"@type":"EntryPoint","urlTemplate":"https:\/\/www.laguiadepamplona.com\/actualidad\/?s={search_term_string}"},"query-input":{"@type":"PropertyValueSpecification","valueRequired":true,"valueName":"search_term_string"}}],"inLanguage":"es"},{"@type":"Organization","@id":"https:\/\/www.laguiadepamplona.com\/actualidad\/#organization","name":"La Gu\u00eda de Pamplona \/ Noticias","url":"https:\/\/www.laguiadepamplona.com\/actualidad\/","logo":{"@type":"ImageObject","inLanguage":"es","@id":"https:\/\/www.laguiadepamplona.com\/actualidad\/#\/schema\/logo\/image\/","url":"https:\/\/www.laguiadepamplona.com\/actualidad\/wp-content\/uploads\/2018\/11\/logo-laguiadepamplona18-web1.png","contentUrl":"https:\/\/www.laguiadepamplona.com\/actualidad\/wp-content\/uploads\/2018\/11\/logo-laguiadepamplona18-web1.png","width":600,"height":196,"caption":"La Gu\u00eda de Pamplona \/ Noticias"},"image":{"@id":"https:\/\/www.laguiadepamplona.com\/actualidad\/#\/schema\/logo\/image\/"},"sameAs":["https:\/\/www.facebook.com\/laguiadepamplonacom-133175176762273\/?ref=hl","https:\/\/x.com\/LaGuiadPamplona","https:\/\/www.instagram.com\/la_guia_de_pamplona\/","https:\/\/www.youtube.com\/user\/laguiadepamplona"]},{"@type":"Person","@id":"https:\/\/www.laguiadepamplona.com\/actualidad\/#\/schema\/person\/efe887376f0213d4657c93adc50b1fdb","name":"La Gu\u00eda de Pamplona","image":{"@type":"ImageObject","inLanguage":"es","@id":"https:\/\/secure.gravatar.com\/avatar\/b6992f131dc8d30ab0dff15446e9d346d9dbd95992de0fef795073f5ea83a81c?s=96&d=mm&r=g","url":"https:\/\/secure.gravatar.com\/avatar\/b6992f131dc8d30ab0dff15446e9d346d9dbd95992de0fef795073f5ea83a81c?s=96&d=mm&r=g","contentUrl":"https:\/\/secure.gravatar.com\/avatar\/b6992f131dc8d30ab0dff15446e9d346d9dbd95992de0fef795073f5ea83a81c?s=96&d=mm&r=g","caption":"La Gu\u00eda de Pamplona"}}]}},"post_mailing_queue_ids":[],"_links":{"self":[{"href":"https:\/\/www.laguiadepamplona.com\/actualidad\/wp-json\/wp\/v2\/posts\/47396","targetHints":{"allow":["GET"]}}],"collection":[{"href":"https:\/\/www.laguiadepamplona.com\/actualidad\/wp-json\/wp\/v2\/posts"}],"about":[{"href":"https:\/\/www.laguiadepamplona.com\/actualidad\/wp-json\/wp\/v2\/types\/post"}],"author":[{"embeddable":true,"href":"https:\/\/www.laguiadepamplona.com\/actualidad\/wp-json\/wp\/v2\/users\/1"}],"replies":[{"embeddable":true,"href":"https:\/\/www.laguiadepamplona.com\/actualidad\/wp-json\/wp\/v2\/comments?post=47396"}],"version-history":[{"count":1,"href":"https:\/\/www.laguiadepamplona.com\/actualidad\/wp-json\/wp\/v2\/posts\/47396\/revisions"}],"predecessor-version":[{"id":47398,"href":"https:\/\/www.laguiadepamplona.com\/actualidad\/wp-json\/wp\/v2\/posts\/47396\/revisions\/47398"}],"wp:featuredmedia":[{"embeddable":true,"href":"https:\/\/www.laguiadepamplona.com\/actualidad\/wp-json\/wp\/v2\/media\/47397"}],"wp:attachment":[{"href":"https:\/\/www.laguiadepamplona.com\/actualidad\/wp-json\/wp\/v2\/media?parent=47396"}],"wp:term":[{"taxonomy":"category","embeddable":true,"href":"https:\/\/www.laguiadepamplona.com\/actualidad\/wp-json\/wp\/v2\/categories?post=47396"},{"taxonomy":"post_tag","embeddable":true,"href":"https:\/\/www.laguiadepamplona.com\/actualidad\/wp-json\/wp\/v2\/tags?post=47396"}],"curies":[{"name":"wp","href":"https:\/\/api.w.org\/{rel}","templated":true}]}}