{"id":47393,"date":"2023-09-21T17:15:09","date_gmt":"2023-09-21T15:15:09","guid":{"rendered":"https:\/\/www.laguiadepamplona.com\/actualidad\/?p=47393"},"modified":"2023-09-21T17:15:09","modified_gmt":"2023-09-21T15:15:09","slug":"la-comparsa-de-gigantes-y-cabezudos-saldra-el-sabado-por-la-tarde-y-el-domingo-por-la-manana-con-motivo-de-las-fiestas-de-san-fermin-de-aldapa","status":"publish","type":"post","link":"https:\/\/www.laguiadepamplona.com\/actualidad\/la-comparsa-de-gigantes-y-cabezudos-saldra-el-sabado-por-la-tarde-y-el-domingo-por-la-manana-con-motivo-de-las-fiestas-de-san-fermin-de-aldapa\/","title":{"rendered":"La comparsa de Gigantes y Cabezudos saldr\u00e1 el s\u00e1bado por la tarde y el domingo por la ma\u00f1ana con motivo de las fiestas de San Ferm\u00edn de Aldapa"},"content":{"rendered":"<h3>La Pamplonesa actuar\u00e1 el s\u00e1bado en la Plaza Consistorial y los dantzaris municipales bailar\u00e1n tambi\u00e9n all\u00ed la danza de espadas el domingo<\/h3>\n<p><!--more--><\/p>\n<p>El Ayuntamiento de Pamplona ha programado varias actividades este fin de semana coincidiendo con las fiestas de San Ferm\u00edn de Aldapa. S\u00e1bado y domingo habr\u00e1 dianas y saldr\u00e1 tambi\u00e9n la comparsa de Gigantes y Cabezudos. La Pamplonesa actuar\u00e1 el s\u00e1bado en la Plaza Consistorial y los dantzaris bailar\u00e1n la danza de espadas el domingo, tambi\u00e9n en la Plaza Consistorial.<\/p>\n<p>Las actividades municipales se iniciar\u00e1n a las 9 horas, con dianas por el centro de la ciudad. Los gaiteros municipales recorrer\u00e1n, desde la Plaza Consistorial, la calle Nueva, el rinc\u00f3n de la Aduana, calle Mayor, Eslava, San Francisco, Ansoleaga y, de nuevo, Plaza Consistorial. Los txistularis municipales recorrer\u00e1n Calceteros, Pozoblanco, Comedias, paseo de Sarasate, San Gregorio, San Miguel, Zapater\u00eda, Pozoblanco y Plaza del Castillo.<br \/>\n<script async src=\"\/\/pagead2.googlesyndication.com\/pagead\/js\/adsbygoogle.js\"><\/script><br \/>\n<!-- Noticias La Guia de Pamplona --><br \/>\n<ins class=\"adsbygoogle\"\nstyle=\"display:block\"\ndata-ad-client=\"ca-pub-6943679897239327\"\ndata-ad-slot=\"7048180777\"\ndata-ad-format=\"auto\"><\/ins><br \/>\n<script>\n(adsbygoogle = window.adsbygoogle || []).push({});\n<\/script><\/p>\n<p>Por la tarde, a las 17 horas, la comparsa de Gigantes y Cabezudos saldr\u00e1 de nuevo a las calles de Pamplona. Recorrer\u00e1n la plaza de la Paz, Yanguas y Miranda, Garc\u00eda Xim\u00e9nez, Roncesvalles, Carlos III y Duque de Ahumada para llegar al Casco Antiguo. Atravesar\u00e1n entonces Estafeta, Tejer\u00eda, San Agust\u00edn, Javier, Dormitaler\u00eda, plaza de San Jos\u00e9, calle Red\u00edn, Caballo Blanco, Barquilleros, cuesta de Palacio, Aldapa, cuesta de Palacio, Mercado, Santo Domingo, Plaza Consistorial, San Saturnino y calle Mayor hasta recogerse en el Palacio de Ezpeleta.<\/p>\n<p>No faltar\u00e1 tampoco el concierto de La Pamplonesa, a las 19 horas, en la Plaza Consistorial. Dirigida por Jes\u00fas Garisoain, sonar\u00e1n cl\u00e1sicos como \u2018Mochol\u00ed\u2019, \u2018El asombro de Damasco\u2019, \u2018El clar\u00edn de fiestas\u2019 o \u2018La Pilindros\u2019, as\u00ed como otras composiciones que interpretar\u00e1 la banda municipal por primera vez como \u2018Obertura\u2019 de U. Iriarte y \u2018Victory\u2019 de R. Galante.<br \/>\n<script async src=\"\/\/pagead2.googlesyndication.com\/pagead\/js\/adsbygoogle.js\"><\/script><br \/>\n<!-- Noticias La Guia de Pamplona --><br \/>\n<ins class=\"adsbygoogle\"\nstyle=\"display:block\"\ndata-ad-client=\"ca-pub-6943679897239327\"\ndata-ad-slot=\"7048180777\"\ndata-ad-format=\"auto\"><\/ins><br \/>\n<script>\n(adsbygoogle = window.adsbygoogle || []).push({});\n<\/script><\/p>\n<p><strong>Domingo de dianas, dantzaris, comparsa y procesi\u00f3n<\/strong><\/p>\n<p>Al igual que el s\u00e1bado, el domingo comenzar\u00e1 tambi\u00e9n con dianas a las 9 horas por las calles del Casco Antiguo. Los txistularis y los gaiteros municipales partir\u00e1n de la Plaza Consistorial en dos recorridos para amenizar la ma\u00f1ana. Los txistularis recorrer\u00e1n la calle Nueva, el rinc\u00f3n de la Aduana, calle Mayor, Eslava, San Francisco, Ansoleaga y Plaza Consistorial. Los gaiteros, por su parte, transitar\u00e1n por Calceteros, Pozoblanco, Comedias, paseo de Sarasate, San Gregorio, San Miguel, Zapater\u00eda, Pozoblanco y Plaza del Castillo.<\/p>\n<p>A las 11 horas, la comparsa de Gigantes y Cabezudos saldr\u00e1 desde el Palacio de Ezpeleta para acercarse hasta la bas\u00edlica de San Ferm\u00edn de Aldapa y unirse a la procesi\u00f3n en honor al santo. Llegar\u00e1n hasta ese punto por calle Mayor, Eslava, San Francisco, plaza del Consejo, calle Nueva, Plaza Consistorial, Santo Domingo, Mercado, cuesta del Palacio y Dos de Mayo. A las 11.30 horas, ser\u00e1n los dantzaris los que parten desde el puente de la Rochapea (Curtidores). All\u00ed se realizar\u00e1 el ondeo de bandera, al que seguir\u00e1 un pasacalles por la cuesta de Santo Domingo hasta la bas\u00edlica.<br \/>\n<script async src=\"\/\/pagead2.googlesyndication.com\/pagead\/js\/adsbygoogle.js\"><\/script><br \/>\n<!-- Noticias La Guia de Pamplona --><br \/>\n<ins class=\"adsbygoogle\"\nstyle=\"display:block\"\ndata-ad-client=\"ca-pub-6943679897239327\"\ndata-ad-slot=\"7048180777\"\ndata-ad-format=\"auto\"><\/ins><br \/>\n<script>\n(adsbygoogle = window.adsbygoogle || []).push({});\n<\/script><\/p>\n<p>Dantzaris y comparsa, junto a La Pamplonesa, participar\u00e1n en torno a las 12 horas en la procesi\u00f3n en honor a San Ferm\u00edn de Aldapa. Recorrer\u00e1 las calles Dos de Mayo, Carmen, Aldapa, Zacat\u00edn, Ma\u00f1ueta, Curia, Navarrer\u00eda, Carmen, Dos de Mayo y vuelta a la bas\u00edlica. Al finalizar la procesi\u00f3n, los dantzaris har\u00e1n el arco a San Ferm\u00edn. La comparsa de Gigantes y Cabezudos volver\u00e1 a la estaci\u00f3n de autobuses por la calle del Carmen, Navarrer\u00eda, Curia, Compa\u00f1\u00eda, Merced, Tejer\u00eda, Estafeta, Duque de Ahumada, Carlos III, Plaza del Castillo, paseo de Sarasate, Alh\u00f3ndiga, Tudela, Conde Oliveto y plaza de la Paz.<\/p>\n<p>Por \u00faltimo, a las 13.15 horas, los dantzaris municipales bailar\u00e1n la danza de espadas en la Plaza Consistorial. Los danzantes tejer\u00e1n una parrilla de espadas alrededor del cuello del capit\u00e1n (figura conocida como \u2018degollao\u2019) y lo elevar\u00e1n a metro y medio de altura, mientras la bandera se ondea mirando al Ayuntamiento como se\u00f1al de saludo. Tras ellos, los ezpata-txikis volver\u00e1n a bailar su zortziko acompa\u00f1ados por el capit\u00e1n y agitando sus espadas en la altura.<\/p>\n","protected":false},"excerpt":{"rendered":"<p>La Pamplonesa actuar\u00e1 el s\u00e1bado en la Plaza Consistorial y los dantzaris municipales bailar\u00e1n tambi\u00e9n all\u00ed la danza de espadas el domingo<\/p>\n","protected":false},"author":1,"featured_media":14383,"comment_status":"open","ping_status":"closed","sticky":false,"template":"","format":"standard","meta":{"footnotes":""},"categories":[2],"tags":[],"class_list":["post-47393","post","type-post","status-publish","format-standard","has-post-thumbnail","hentry","category-ayuntamiento-pamplona"],"yoast_head":"<!-- This site is optimized with the Yoast SEO plugin v27.3 - https:\/\/yoast.com\/product\/yoast-seo-wordpress\/ -->\n<title>La comparsa de Gigantes y Cabezudos saldr\u00e1 el s\u00e1bado por la tarde y el domingo por la ma\u00f1ana con motivo de las fiestas de San Ferm\u00edn de Aldapa<\/title>\n<meta name=\"description\" content=\"La Pamplonesa actuar\u00e1 el s\u00e1bado en la Plaza Consistorial y los dantzaris municipales bailar\u00e1n tambi\u00e9n all\u00ed la danza de espadas el domingo\" \/>\n<meta name=\"robots\" content=\"index, follow, max-snippet:-1, max-image-preview:large, max-video-preview:-1\" \/>\n<link rel=\"canonical\" href=\"https:\/\/www.laguiadepamplona.com\/actualidad\/la-comparsa-de-gigantes-y-cabezudos-saldra-el-sabado-por-la-tarde-y-el-domingo-por-la-manana-con-motivo-de-las-fiestas-de-san-fermin-de-aldapa\/\" \/>\n<meta property=\"og:locale\" content=\"es_ES\" \/>\n<meta property=\"og:type\" content=\"article\" \/>\n<meta property=\"og:title\" content=\"La comparsa de Gigantes y Cabezudos saldr\u00e1 el s\u00e1bado por la tarde y el domingo por la ma\u00f1ana con motivo de las fiestas de San Ferm\u00edn de Aldapa\" \/>\n<meta property=\"og:description\" content=\"La Pamplonesa actuar\u00e1 el s\u00e1bado en la Plaza Consistorial y los dantzaris municipales bailar\u00e1n tambi\u00e9n all\u00ed la danza de espadas el domingo\" \/>\n<meta property=\"og:url\" content=\"https:\/\/www.laguiadepamplona.com\/actualidad\/la-comparsa-de-gigantes-y-cabezudos-saldra-el-sabado-por-la-tarde-y-el-domingo-por-la-manana-con-motivo-de-las-fiestas-de-san-fermin-de-aldapa\/\" \/>\n<meta property=\"og:site_name\" content=\"La Gu\u00eda de Pamplona\" \/>\n<meta property=\"article:publisher\" content=\"https:\/\/www.facebook.com\/laguiadepamplonacom-133175176762273\/?ref=hl\" \/>\n<meta property=\"article:published_time\" content=\"2023-09-21T15:15:09+00:00\" \/>\n<meta property=\"og:image\" content=\"https:\/\/www.laguiadepamplona.com\/actualidad\/wp-content\/uploads\/2017\/09\/gigantes-y-cabezudos.jpg\" \/>\n\t<meta property=\"og:image:width\" content=\"1000\" \/>\n\t<meta property=\"og:image:height\" content=\"667\" \/>\n\t<meta property=\"og:image:type\" content=\"image\/jpeg\" \/>\n<meta name=\"author\" content=\"La Gu\u00eda de Pamplona\" \/>\n<meta name=\"twitter:card\" content=\"summary_large_image\" \/>\n<meta name=\"twitter:creator\" content=\"@LaGuiadPamplona\" \/>\n<meta name=\"twitter:site\" content=\"@LaGuiadPamplona\" \/>\n<meta name=\"twitter:label1\" content=\"Escrito por\" \/>\n\t<meta name=\"twitter:data1\" content=\"La Gu\u00eda de Pamplona\" \/>\n\t<meta name=\"twitter:label2\" content=\"Tiempo de lectura\" \/>\n\t<meta name=\"twitter:data2\" content=\"3 minutos\" \/>\n<script type=\"application\/ld+json\" class=\"yoast-schema-graph\">{\"@context\":\"https:\\\/\\\/schema.org\",\"@graph\":[{\"@type\":\"Article\",\"@id\":\"https:\\\/\\\/www.laguiadepamplona.com\\\/actualidad\\\/la-comparsa-de-gigantes-y-cabezudos-saldra-el-sabado-por-la-tarde-y-el-domingo-por-la-manana-con-motivo-de-las-fiestas-de-san-fermin-de-aldapa\\\/#article\",\"isPartOf\":{\"@id\":\"https:\\\/\\\/www.laguiadepamplona.com\\\/actualidad\\\/la-comparsa-de-gigantes-y-cabezudos-saldra-el-sabado-por-la-tarde-y-el-domingo-por-la-manana-con-motivo-de-las-fiestas-de-san-fermin-de-aldapa\\\/\"},\"author\":{\"name\":\"La Gu\u00eda de Pamplona\",\"@id\":\"https:\\\/\\\/www.laguiadepamplona.com\\\/actualidad\\\/#\\\/schema\\\/person\\\/efe887376f0213d4657c93adc50b1fdb\"},\"headline\":\"La comparsa de Gigantes y Cabezudos saldr\u00e1 el s\u00e1bado por la tarde y el domingo por la ma\u00f1ana con motivo de las fiestas de San Ferm\u00edn de Aldapa\",\"datePublished\":\"2023-09-21T15:15:09+00:00\",\"mainEntityOfPage\":{\"@id\":\"https:\\\/\\\/www.laguiadepamplona.com\\\/actualidad\\\/la-comparsa-de-gigantes-y-cabezudos-saldra-el-sabado-por-la-tarde-y-el-domingo-por-la-manana-con-motivo-de-las-fiestas-de-san-fermin-de-aldapa\\\/\"},\"wordCount\":738,\"commentCount\":0,\"publisher\":{\"@id\":\"https:\\\/\\\/www.laguiadepamplona.com\\\/actualidad\\\/#organization\"},\"image\":{\"@id\":\"https:\\\/\\\/www.laguiadepamplona.com\\\/actualidad\\\/la-comparsa-de-gigantes-y-cabezudos-saldra-el-sabado-por-la-tarde-y-el-domingo-por-la-manana-con-motivo-de-las-fiestas-de-san-fermin-de-aldapa\\\/#primaryimage\"},\"thumbnailUrl\":\"https:\\\/\\\/www.laguiadepamplona.com\\\/actualidad\\\/wp-content\\\/uploads\\\/2017\\\/09\\\/gigantes-y-cabezudos.jpg\",\"articleSection\":[\"Ayto Pamplona\"],\"inLanguage\":\"es\",\"potentialAction\":[{\"@type\":\"CommentAction\",\"name\":\"Comment\",\"target\":[\"https:\\\/\\\/www.laguiadepamplona.com\\\/actualidad\\\/la-comparsa-de-gigantes-y-cabezudos-saldra-el-sabado-por-la-tarde-y-el-domingo-por-la-manana-con-motivo-de-las-fiestas-de-san-fermin-de-aldapa\\\/#respond\"]}]},{\"@type\":\"WebPage\",\"@id\":\"https:\\\/\\\/www.laguiadepamplona.com\\\/actualidad\\\/la-comparsa-de-gigantes-y-cabezudos-saldra-el-sabado-por-la-tarde-y-el-domingo-por-la-manana-con-motivo-de-las-fiestas-de-san-fermin-de-aldapa\\\/\",\"url\":\"https:\\\/\\\/www.laguiadepamplona.com\\\/actualidad\\\/la-comparsa-de-gigantes-y-cabezudos-saldra-el-sabado-por-la-tarde-y-el-domingo-por-la-manana-con-motivo-de-las-fiestas-de-san-fermin-de-aldapa\\\/\",\"name\":\"La comparsa de Gigantes y Cabezudos saldr\u00e1 el s\u00e1bado por la tarde y el domingo por la ma\u00f1ana con motivo de las fiestas de San Ferm\u00edn de Aldapa\",\"isPartOf\":{\"@id\":\"https:\\\/\\\/www.laguiadepamplona.com\\\/actualidad\\\/#website\"},\"primaryImageOfPage\":{\"@id\":\"https:\\\/\\\/www.laguiadepamplona.com\\\/actualidad\\\/la-comparsa-de-gigantes-y-cabezudos-saldra-el-sabado-por-la-tarde-y-el-domingo-por-la-manana-con-motivo-de-las-fiestas-de-san-fermin-de-aldapa\\\/#primaryimage\"},\"image\":{\"@id\":\"https:\\\/\\\/www.laguiadepamplona.com\\\/actualidad\\\/la-comparsa-de-gigantes-y-cabezudos-saldra-el-sabado-por-la-tarde-y-el-domingo-por-la-manana-con-motivo-de-las-fiestas-de-san-fermin-de-aldapa\\\/#primaryimage\"},\"thumbnailUrl\":\"https:\\\/\\\/www.laguiadepamplona.com\\\/actualidad\\\/wp-content\\\/uploads\\\/2017\\\/09\\\/gigantes-y-cabezudos.jpg\",\"datePublished\":\"2023-09-21T15:15:09+00:00\",\"description\":\"La Pamplonesa actuar\u00e1 el s\u00e1bado en la Plaza Consistorial y los dantzaris municipales bailar\u00e1n tambi\u00e9n all\u00ed la danza de espadas el domingo\",\"breadcrumb\":{\"@id\":\"https:\\\/\\\/www.laguiadepamplona.com\\\/actualidad\\\/la-comparsa-de-gigantes-y-cabezudos-saldra-el-sabado-por-la-tarde-y-el-domingo-por-la-manana-con-motivo-de-las-fiestas-de-san-fermin-de-aldapa\\\/#breadcrumb\"},\"inLanguage\":\"es\",\"potentialAction\":[{\"@type\":\"ReadAction\",\"target\":[\"https:\\\/\\\/www.laguiadepamplona.com\\\/actualidad\\\/la-comparsa-de-gigantes-y-cabezudos-saldra-el-sabado-por-la-tarde-y-el-domingo-por-la-manana-con-motivo-de-las-fiestas-de-san-fermin-de-aldapa\\\/\"]}]},{\"@type\":\"ImageObject\",\"inLanguage\":\"es\",\"@id\":\"https:\\\/\\\/www.laguiadepamplona.com\\\/actualidad\\\/la-comparsa-de-gigantes-y-cabezudos-saldra-el-sabado-por-la-tarde-y-el-domingo-por-la-manana-con-motivo-de-las-fiestas-de-san-fermin-de-aldapa\\\/#primaryimage\",\"url\":\"https:\\\/\\\/www.laguiadepamplona.com\\\/actualidad\\\/wp-content\\\/uploads\\\/2017\\\/09\\\/gigantes-y-cabezudos.jpg\",\"contentUrl\":\"https:\\\/\\\/www.laguiadepamplona.com\\\/actualidad\\\/wp-content\\\/uploads\\\/2017\\\/09\\\/gigantes-y-cabezudos.jpg\",\"width\":1000,\"height\":667},{\"@type\":\"BreadcrumbList\",\"@id\":\"https:\\\/\\\/www.laguiadepamplona.com\\\/actualidad\\\/la-comparsa-de-gigantes-y-cabezudos-saldra-el-sabado-por-la-tarde-y-el-domingo-por-la-manana-con-motivo-de-las-fiestas-de-san-fermin-de-aldapa\\\/#breadcrumb\",\"itemListElement\":[{\"@type\":\"ListItem\",\"position\":1,\"name\":\"Portada\",\"item\":\"https:\\\/\\\/www.laguiadepamplona.com\\\/actualidad\\\/\"},{\"@type\":\"ListItem\",\"position\":2,\"name\":\"La comparsa de Gigantes y Cabezudos saldr\u00e1 el s\u00e1bado por la tarde y el domingo por la ma\u00f1ana con motivo de las fiestas de San Ferm\u00edn de Aldapa\"}]},{\"@type\":\"WebSite\",\"@id\":\"https:\\\/\\\/www.laguiadepamplona.com\\\/actualidad\\\/#website\",\"url\":\"https:\\\/\\\/www.laguiadepamplona.com\\\/actualidad\\\/\",\"name\":\"La gu\u00eda de Pamplona\",\"description\":\"Noticias de Pamplona\",\"publisher\":{\"@id\":\"https:\\\/\\\/www.laguiadepamplona.com\\\/actualidad\\\/#organization\"},\"potentialAction\":[{\"@type\":\"SearchAction\",\"target\":{\"@type\":\"EntryPoint\",\"urlTemplate\":\"https:\\\/\\\/www.laguiadepamplona.com\\\/actualidad\\\/?s={search_term_string}\"},\"query-input\":{\"@type\":\"PropertyValueSpecification\",\"valueRequired\":true,\"valueName\":\"search_term_string\"}}],\"inLanguage\":\"es\"},{\"@type\":\"Organization\",\"@id\":\"https:\\\/\\\/www.laguiadepamplona.com\\\/actualidad\\\/#organization\",\"name\":\"La Gu\u00eda de Pamplona \\\/ Noticias\",\"url\":\"https:\\\/\\\/www.laguiadepamplona.com\\\/actualidad\\\/\",\"logo\":{\"@type\":\"ImageObject\",\"inLanguage\":\"es\",\"@id\":\"https:\\\/\\\/www.laguiadepamplona.com\\\/actualidad\\\/#\\\/schema\\\/logo\\\/image\\\/\",\"url\":\"https:\\\/\\\/www.laguiadepamplona.com\\\/actualidad\\\/wp-content\\\/uploads\\\/2018\\\/11\\\/logo-laguiadepamplona18-web1.png\",\"contentUrl\":\"https:\\\/\\\/www.laguiadepamplona.com\\\/actualidad\\\/wp-content\\\/uploads\\\/2018\\\/11\\\/logo-laguiadepamplona18-web1.png\",\"width\":600,\"height\":196,\"caption\":\"La Gu\u00eda de Pamplona \\\/ Noticias\"},\"image\":{\"@id\":\"https:\\\/\\\/www.laguiadepamplona.com\\\/actualidad\\\/#\\\/schema\\\/logo\\\/image\\\/\"},\"sameAs\":[\"https:\\\/\\\/www.facebook.com\\\/laguiadepamplonacom-133175176762273\\\/?ref=hl\",\"https:\\\/\\\/x.com\\\/LaGuiadPamplona\",\"https:\\\/\\\/www.instagram.com\\\/la_guia_de_pamplona\\\/\",\"https:\\\/\\\/www.youtube.com\\\/user\\\/laguiadepamplona\"]},{\"@type\":\"Person\",\"@id\":\"https:\\\/\\\/www.laguiadepamplona.com\\\/actualidad\\\/#\\\/schema\\\/person\\\/efe887376f0213d4657c93adc50b1fdb\",\"name\":\"La Gu\u00eda de Pamplona\",\"image\":{\"@type\":\"ImageObject\",\"inLanguage\":\"es\",\"@id\":\"https:\\\/\\\/secure.gravatar.com\\\/avatar\\\/b6992f131dc8d30ab0dff15446e9d346d9dbd95992de0fef795073f5ea83a81c?s=96&d=mm&r=g\",\"url\":\"https:\\\/\\\/secure.gravatar.com\\\/avatar\\\/b6992f131dc8d30ab0dff15446e9d346d9dbd95992de0fef795073f5ea83a81c?s=96&d=mm&r=g\",\"contentUrl\":\"https:\\\/\\\/secure.gravatar.com\\\/avatar\\\/b6992f131dc8d30ab0dff15446e9d346d9dbd95992de0fef795073f5ea83a81c?s=96&d=mm&r=g\",\"caption\":\"La Gu\u00eda de Pamplona\"}}]}<\/script>\n<!-- \/ Yoast SEO plugin. -->","yoast_head_json":{"title":"La comparsa de Gigantes y Cabezudos saldr\u00e1 el s\u00e1bado por la tarde y el domingo por la ma\u00f1ana con motivo de las fiestas de San Ferm\u00edn de Aldapa","description":"La Pamplonesa actuar\u00e1 el s\u00e1bado en la Plaza Consistorial y los dantzaris municipales bailar\u00e1n tambi\u00e9n all\u00ed la danza de espadas el domingo","robots":{"index":"index","follow":"follow","max-snippet":"max-snippet:-1","max-image-preview":"max-image-preview:large","max-video-preview":"max-video-preview:-1"},"canonical":"https:\/\/www.laguiadepamplona.com\/actualidad\/la-comparsa-de-gigantes-y-cabezudos-saldra-el-sabado-por-la-tarde-y-el-domingo-por-la-manana-con-motivo-de-las-fiestas-de-san-fermin-de-aldapa\/","og_locale":"es_ES","og_type":"article","og_title":"La comparsa de Gigantes y Cabezudos saldr\u00e1 el s\u00e1bado por la tarde y el domingo por la ma\u00f1ana con motivo de las fiestas de San Ferm\u00edn de Aldapa","og_description":"La Pamplonesa actuar\u00e1 el s\u00e1bado en la Plaza Consistorial y los dantzaris municipales bailar\u00e1n tambi\u00e9n all\u00ed la danza de espadas el domingo","og_url":"https:\/\/www.laguiadepamplona.com\/actualidad\/la-comparsa-de-gigantes-y-cabezudos-saldra-el-sabado-por-la-tarde-y-el-domingo-por-la-manana-con-motivo-de-las-fiestas-de-san-fermin-de-aldapa\/","og_site_name":"La Gu\u00eda de Pamplona","article_publisher":"https:\/\/www.facebook.com\/laguiadepamplonacom-133175176762273\/?ref=hl","article_published_time":"2023-09-21T15:15:09+00:00","og_image":[{"width":1000,"height":667,"url":"https:\/\/www.laguiadepamplona.com\/actualidad\/wp-content\/uploads\/2017\/09\/gigantes-y-cabezudos.jpg","type":"image\/jpeg"}],"author":"La Gu\u00eda de Pamplona","twitter_card":"summary_large_image","twitter_creator":"@LaGuiadPamplona","twitter_site":"@LaGuiadPamplona","twitter_misc":{"Escrito por":"La Gu\u00eda de Pamplona","Tiempo de lectura":"3 minutos"},"schema":{"@context":"https:\/\/schema.org","@graph":[{"@type":"Article","@id":"https:\/\/www.laguiadepamplona.com\/actualidad\/la-comparsa-de-gigantes-y-cabezudos-saldra-el-sabado-por-la-tarde-y-el-domingo-por-la-manana-con-motivo-de-las-fiestas-de-san-fermin-de-aldapa\/#article","isPartOf":{"@id":"https:\/\/www.laguiadepamplona.com\/actualidad\/la-comparsa-de-gigantes-y-cabezudos-saldra-el-sabado-por-la-tarde-y-el-domingo-por-la-manana-con-motivo-de-las-fiestas-de-san-fermin-de-aldapa\/"},"author":{"name":"La Gu\u00eda de Pamplona","@id":"https:\/\/www.laguiadepamplona.com\/actualidad\/#\/schema\/person\/efe887376f0213d4657c93adc50b1fdb"},"headline":"La comparsa de Gigantes y Cabezudos saldr\u00e1 el s\u00e1bado por la tarde y el domingo por la ma\u00f1ana con motivo de las fiestas de San Ferm\u00edn de Aldapa","datePublished":"2023-09-21T15:15:09+00:00","mainEntityOfPage":{"@id":"https:\/\/www.laguiadepamplona.com\/actualidad\/la-comparsa-de-gigantes-y-cabezudos-saldra-el-sabado-por-la-tarde-y-el-domingo-por-la-manana-con-motivo-de-las-fiestas-de-san-fermin-de-aldapa\/"},"wordCount":738,"commentCount":0,"publisher":{"@id":"https:\/\/www.laguiadepamplona.com\/actualidad\/#organization"},"image":{"@id":"https:\/\/www.laguiadepamplona.com\/actualidad\/la-comparsa-de-gigantes-y-cabezudos-saldra-el-sabado-por-la-tarde-y-el-domingo-por-la-manana-con-motivo-de-las-fiestas-de-san-fermin-de-aldapa\/#primaryimage"},"thumbnailUrl":"https:\/\/www.laguiadepamplona.com\/actualidad\/wp-content\/uploads\/2017\/09\/gigantes-y-cabezudos.jpg","articleSection":["Ayto Pamplona"],"inLanguage":"es","potentialAction":[{"@type":"CommentAction","name":"Comment","target":["https:\/\/www.laguiadepamplona.com\/actualidad\/la-comparsa-de-gigantes-y-cabezudos-saldra-el-sabado-por-la-tarde-y-el-domingo-por-la-manana-con-motivo-de-las-fiestas-de-san-fermin-de-aldapa\/#respond"]}]},{"@type":"WebPage","@id":"https:\/\/www.laguiadepamplona.com\/actualidad\/la-comparsa-de-gigantes-y-cabezudos-saldra-el-sabado-por-la-tarde-y-el-domingo-por-la-manana-con-motivo-de-las-fiestas-de-san-fermin-de-aldapa\/","url":"https:\/\/www.laguiadepamplona.com\/actualidad\/la-comparsa-de-gigantes-y-cabezudos-saldra-el-sabado-por-la-tarde-y-el-domingo-por-la-manana-con-motivo-de-las-fiestas-de-san-fermin-de-aldapa\/","name":"La comparsa de Gigantes y Cabezudos saldr\u00e1 el s\u00e1bado por la tarde y el domingo por la ma\u00f1ana con motivo de las fiestas de San Ferm\u00edn de Aldapa","isPartOf":{"@id":"https:\/\/www.laguiadepamplona.com\/actualidad\/#website"},"primaryImageOfPage":{"@id":"https:\/\/www.laguiadepamplona.com\/actualidad\/la-comparsa-de-gigantes-y-cabezudos-saldra-el-sabado-por-la-tarde-y-el-domingo-por-la-manana-con-motivo-de-las-fiestas-de-san-fermin-de-aldapa\/#primaryimage"},"image":{"@id":"https:\/\/www.laguiadepamplona.com\/actualidad\/la-comparsa-de-gigantes-y-cabezudos-saldra-el-sabado-por-la-tarde-y-el-domingo-por-la-manana-con-motivo-de-las-fiestas-de-san-fermin-de-aldapa\/#primaryimage"},"thumbnailUrl":"https:\/\/www.laguiadepamplona.com\/actualidad\/wp-content\/uploads\/2017\/09\/gigantes-y-cabezudos.jpg","datePublished":"2023-09-21T15:15:09+00:00","description":"La Pamplonesa actuar\u00e1 el s\u00e1bado en la Plaza Consistorial y los dantzaris municipales bailar\u00e1n tambi\u00e9n all\u00ed la danza de espadas el domingo","breadcrumb":{"@id":"https:\/\/www.laguiadepamplona.com\/actualidad\/la-comparsa-de-gigantes-y-cabezudos-saldra-el-sabado-por-la-tarde-y-el-domingo-por-la-manana-con-motivo-de-las-fiestas-de-san-fermin-de-aldapa\/#breadcrumb"},"inLanguage":"es","potentialAction":[{"@type":"ReadAction","target":["https:\/\/www.laguiadepamplona.com\/actualidad\/la-comparsa-de-gigantes-y-cabezudos-saldra-el-sabado-por-la-tarde-y-el-domingo-por-la-manana-con-motivo-de-las-fiestas-de-san-fermin-de-aldapa\/"]}]},{"@type":"ImageObject","inLanguage":"es","@id":"https:\/\/www.laguiadepamplona.com\/actualidad\/la-comparsa-de-gigantes-y-cabezudos-saldra-el-sabado-por-la-tarde-y-el-domingo-por-la-manana-con-motivo-de-las-fiestas-de-san-fermin-de-aldapa\/#primaryimage","url":"https:\/\/www.laguiadepamplona.com\/actualidad\/wp-content\/uploads\/2017\/09\/gigantes-y-cabezudos.jpg","contentUrl":"https:\/\/www.laguiadepamplona.com\/actualidad\/wp-content\/uploads\/2017\/09\/gigantes-y-cabezudos.jpg","width":1000,"height":667},{"@type":"BreadcrumbList","@id":"https:\/\/www.laguiadepamplona.com\/actualidad\/la-comparsa-de-gigantes-y-cabezudos-saldra-el-sabado-por-la-tarde-y-el-domingo-por-la-manana-con-motivo-de-las-fiestas-de-san-fermin-de-aldapa\/#breadcrumb","itemListElement":[{"@type":"ListItem","position":1,"name":"Portada","item":"https:\/\/www.laguiadepamplona.com\/actualidad\/"},{"@type":"ListItem","position":2,"name":"La comparsa de Gigantes y Cabezudos saldr\u00e1 el s\u00e1bado por la tarde y el domingo por la ma\u00f1ana con motivo de las fiestas de San Ferm\u00edn de Aldapa"}]},{"@type":"WebSite","@id":"https:\/\/www.laguiadepamplona.com\/actualidad\/#website","url":"https:\/\/www.laguiadepamplona.com\/actualidad\/","name":"La gu\u00eda de Pamplona","description":"Noticias de Pamplona","publisher":{"@id":"https:\/\/www.laguiadepamplona.com\/actualidad\/#organization"},"potentialAction":[{"@type":"SearchAction","target":{"@type":"EntryPoint","urlTemplate":"https:\/\/www.laguiadepamplona.com\/actualidad\/?s={search_term_string}"},"query-input":{"@type":"PropertyValueSpecification","valueRequired":true,"valueName":"search_term_string"}}],"inLanguage":"es"},{"@type":"Organization","@id":"https:\/\/www.laguiadepamplona.com\/actualidad\/#organization","name":"La Gu\u00eda de Pamplona \/ Noticias","url":"https:\/\/www.laguiadepamplona.com\/actualidad\/","logo":{"@type":"ImageObject","inLanguage":"es","@id":"https:\/\/www.laguiadepamplona.com\/actualidad\/#\/schema\/logo\/image\/","url":"https:\/\/www.laguiadepamplona.com\/actualidad\/wp-content\/uploads\/2018\/11\/logo-laguiadepamplona18-web1.png","contentUrl":"https:\/\/www.laguiadepamplona.com\/actualidad\/wp-content\/uploads\/2018\/11\/logo-laguiadepamplona18-web1.png","width":600,"height":196,"caption":"La Gu\u00eda de Pamplona \/ Noticias"},"image":{"@id":"https:\/\/www.laguiadepamplona.com\/actualidad\/#\/schema\/logo\/image\/"},"sameAs":["https:\/\/www.facebook.com\/laguiadepamplonacom-133175176762273\/?ref=hl","https:\/\/x.com\/LaGuiadPamplona","https:\/\/www.instagram.com\/la_guia_de_pamplona\/","https:\/\/www.youtube.com\/user\/laguiadepamplona"]},{"@type":"Person","@id":"https:\/\/www.laguiadepamplona.com\/actualidad\/#\/schema\/person\/efe887376f0213d4657c93adc50b1fdb","name":"La Gu\u00eda de Pamplona","image":{"@type":"ImageObject","inLanguage":"es","@id":"https:\/\/secure.gravatar.com\/avatar\/b6992f131dc8d30ab0dff15446e9d346d9dbd95992de0fef795073f5ea83a81c?s=96&d=mm&r=g","url":"https:\/\/secure.gravatar.com\/avatar\/b6992f131dc8d30ab0dff15446e9d346d9dbd95992de0fef795073f5ea83a81c?s=96&d=mm&r=g","contentUrl":"https:\/\/secure.gravatar.com\/avatar\/b6992f131dc8d30ab0dff15446e9d346d9dbd95992de0fef795073f5ea83a81c?s=96&d=mm&r=g","caption":"La Gu\u00eda de Pamplona"}}]}},"post_mailing_queue_ids":[],"_links":{"self":[{"href":"https:\/\/www.laguiadepamplona.com\/actualidad\/wp-json\/wp\/v2\/posts\/47393","targetHints":{"allow":["GET"]}}],"collection":[{"href":"https:\/\/www.laguiadepamplona.com\/actualidad\/wp-json\/wp\/v2\/posts"}],"about":[{"href":"https:\/\/www.laguiadepamplona.com\/actualidad\/wp-json\/wp\/v2\/types\/post"}],"author":[{"embeddable":true,"href":"https:\/\/www.laguiadepamplona.com\/actualidad\/wp-json\/wp\/v2\/users\/1"}],"replies":[{"embeddable":true,"href":"https:\/\/www.laguiadepamplona.com\/actualidad\/wp-json\/wp\/v2\/comments?post=47393"}],"version-history":[{"count":1,"href":"https:\/\/www.laguiadepamplona.com\/actualidad\/wp-json\/wp\/v2\/posts\/47393\/revisions"}],"predecessor-version":[{"id":47395,"href":"https:\/\/www.laguiadepamplona.com\/actualidad\/wp-json\/wp\/v2\/posts\/47393\/revisions\/47395"}],"wp:featuredmedia":[{"embeddable":true,"href":"https:\/\/www.laguiadepamplona.com\/actualidad\/wp-json\/wp\/v2\/media\/14383"}],"wp:attachment":[{"href":"https:\/\/www.laguiadepamplona.com\/actualidad\/wp-json\/wp\/v2\/media?parent=47393"}],"wp:term":[{"taxonomy":"category","embeddable":true,"href":"https:\/\/www.laguiadepamplona.com\/actualidad\/wp-json\/wp\/v2\/categories?post=47393"},{"taxonomy":"post_tag","embeddable":true,"href":"https:\/\/www.laguiadepamplona.com\/actualidad\/wp-json\/wp\/v2\/tags?post=47393"}],"curies":[{"name":"wp","href":"https:\/\/api.w.org\/{rel}","templated":true}]}}