{"id":47390,"date":"2023-09-15T12:35:37","date_gmt":"2023-09-15T10:35:37","guid":{"rendered":"https:\/\/www.laguiadepamplona.com\/actualidad\/?p=47390"},"modified":"2023-09-15T12:35:37","modified_gmt":"2023-09-15T10:35:37","slug":"dos-conciertos-y-una-sesion-de-narracion-oral-en-condestable-conmemoran-el-115-aniversario-de-la-muerte-del-compositor-pamplones-pablo-sarasate","status":"publish","type":"post","link":"https:\/\/www.laguiadepamplona.com\/actualidad\/dos-conciertos-y-una-sesion-de-narracion-oral-en-condestable-conmemoran-el-115-aniversario-de-la-muerte-del-compositor-pamplones-pablo-sarasate\/","title":{"rendered":"Dos conciertos y una sesi\u00f3n de narraci\u00f3n oral en Condestable conmemoran el 115 aniversario de la muerte del compositor pamplon\u00e9s Pablo Sarasate"},"content":{"rendered":"<h3>Laura Ballestrino este domingo y las hermanas Hatch protagonizan los conciertos de este domingo y del pr\u00f3ximo mi\u00e9rcoles<\/h3>\n<p><!--more--><\/p>\n<p>Un 20 de septiembre de hace 115 a\u00f1os fallec\u00eda el compositor pamplon\u00e9s Pablo Sarasate. Condestable conmemora este aniversario durante la pr\u00f3xima semana con dos conciertos para todo tipo de p\u00fablicos este domingo y el 20 de septiembre y con una sesi\u00f3n de narraci\u00f3n oral infantil el s\u00e1bado d\u00eda 23. Las tres actividades tienen la entrada libre, aunque se requiere inscripci\u00f3n previa para el cuentacuentos<\/p>\n<p>Este domingo a las 19.30 horas, comienza el ciclo \u2018El legado de Sarasate\u2019 con un concierto de la madrile\u00f1a Laura Ballestrino. Es una joven pianista y compositora espa\u00f1ola, que ha realizado giras y conciertos y ha participado en importantes festivales por toda Espa\u00f1a y en el extranjero. A su trayectoria como int\u00e9rprete cl\u00e1sico se une su faceta como compositora. Compone e interpreta m\u00fasica original para piano en estilo jazz-fusi\u00f3n, siendo una caracter\u00edstica de sus conciertos incluir composiciones propias en el programa. Este concierto se programa en colaboraci\u00f3n con AIEnRuta-Cl\u00e1sicos.<br \/>\n<script async src=\"\/\/pagead2.googlesyndication.com\/pagead\/js\/adsbygoogle.js\"><\/script><br \/>\n<!-- Noticias La Guia de Pamplona --><br \/>\n<ins class=\"adsbygoogle\"\nstyle=\"display:block\"\ndata-ad-client=\"ca-pub-6943679897239327\"\ndata-ad-slot=\"7048180777\"\ndata-ad-format=\"auto\"><\/ins><br \/>\n<script>\n(adsbygoogle = window.adsbygoogle || []).push({});\n<\/script><\/p>\n<p>Coincidiendo con el 115 aniversario de su fallecimiento, Condestable acoger\u00e1 un concierto \u2013 homenaje a Pablo Sarasate este mi\u00e9rcoles 20 de septiembre. Las hermanas Alexis y Heidi Hatch, acompa\u00f1adas al piano por Emin Kiourktchian, ofrecer\u00e1n juntas un programa musical, protagonizado por composiciones del propio Pablo Sarasate. La actuaci\u00f3n terminar\u00e1 con la obra \u2018Navarra\u2019 para dos violines. El concierto comenzar\u00e1 a las 19.30 horas, con entrada libre, hasta completar el aforo.<\/p>\n<p>Las actividades de este mes de \u2018El legado de Sarasate\u2019 concluir\u00e1n el s\u00e1bado 23 de septiembre, a las 12 horas, tambi\u00e9n en Condestable, con una sesi\u00f3n de narraci\u00f3n oral con Sergio de Andr\u00e9s. En \u2018Cuentos para ponerte los pelos de punta\u2019 se recordar\u00e1n los conciertos de Sarasate, con lo que pon\u00eda los sentimientos del p\u00fablico a flor de piel y hac\u00eda vibrar las almas a trav\u00e9s de las notas musicales que nac\u00edan en sus dedos para impactar en el coraz\u00f3n. Esta actividad est\u00e1 dirigida a p\u00fablico infantil mayor de 4 a\u00f1os. La entrada es libre, previa inscripci\u00f3n en el 010, la red Civivox o <a href=\"http:\/\/www.pamplonaescultura.es\" target=\"_blank\" rel=\"noopener\">www.pamplonaescultura.es<\/a>.<br \/>\n<script async src=\"\/\/pagead2.googlesyndication.com\/pagead\/js\/adsbygoogle.js\"><\/script><br \/>\n<!-- Noticias La Guia de Pamplona --><br \/>\n<ins class=\"adsbygoogle\"\nstyle=\"display:block\"\ndata-ad-client=\"ca-pub-6943679897239327\"\ndata-ad-slot=\"7048180777\"\ndata-ad-format=\"auto\"><\/ins><br \/>\n<script>\n(adsbygoogle = window.adsbygoogle || []).push({});\n<\/script><\/p>\n<p>&nbsp;<\/p>\n<h3>El legado de Sarasate<\/h3>\n<p><span style=\"color: #ff0000;\"><strong>CONCIERTOS<\/strong><\/span><\/p>\n<ul>\n<li>Domingo 17 de septiembre, 19.30 horas. Civivox Condestable\n<ul>\n<li><strong>Laura Ballestrino (piano solista)<\/strong><\/li>\n<li>Entrada libre hasta completar el aforo<\/li>\n<\/ul>\n<\/li>\n<li>Mi\u00e9rcoles 20 de septiembre, 19 horas. Civivox Condestable\n<ul>\n<li>Concierto \u2013 homenaje a Pablo Sarasate<\/li>\n<li><strong>Alexis Hatch (viol\u00edn), Heidi Hatch (viol\u00edn) y Emin Kiourktchian (piano)<\/strong><\/li>\n<li>Entrada libre hasta completar el aforo<\/li>\n<\/ul>\n<\/li>\n<\/ul>\n<p>&nbsp;<br \/>\n<script async src=\"\/\/pagead2.googlesyndication.com\/pagead\/js\/adsbygoogle.js\"><\/script><br \/>\n<!-- Noticias La Guia de Pamplona --><br \/>\n<ins class=\"adsbygoogle\"\nstyle=\"display:block\"\ndata-ad-client=\"ca-pub-6943679897239327\"\ndata-ad-slot=\"7048180777\"\ndata-ad-format=\"auto\"><\/ins><br \/>\n<script>\n(adsbygoogle = window.adsbygoogle || []).push({});\n<\/script><\/p>\n<p><span style=\"color: #ff0000;\"><strong>NARRACI\u00d3N ORAL<\/strong><\/span><\/p>\n<ul>\n<li>S\u00e1bado 23 de septiembre, 12 horas. Civivox Condestable<\/li>\n<li><strong>Cuentos para ponerte los pelos de punta<\/strong>. Con Sergio de Andr\u00e9s<\/li>\n<li>Entrada libre, previa inscripci\u00f3n en el 010, la red Civivox y <a href=\"http:\/\/www.pamplonaescultura.es\" target=\"_blank\" rel=\"noopener\">pamplonaescultura.es<\/a><\/li>\n<\/ul>\n","protected":false},"excerpt":{"rendered":"<p>Laura Ballestrino este domingo y las hermanas Hatch protagonizan los conciertos de este domingo y del pr\u00f3ximo mi\u00e9rcoles<\/p>\n","protected":false},"author":1,"featured_media":47391,"comment_status":"open","ping_status":"closed","sticky":false,"template":"","format":"standard","meta":{"footnotes":""},"categories":[2],"tags":[],"class_list":["post-47390","post","type-post","status-publish","format-standard","has-post-thumbnail","hentry","category-ayuntamiento-pamplona"],"yoast_head":"<!-- This site is optimized with the Yoast SEO plugin v27.3 - https:\/\/yoast.com\/product\/yoast-seo-wordpress\/ -->\n<title>Dos conciertos y una sesi\u00f3n de narraci\u00f3n oral en Condestable conmemoran el 115 aniversario de la muerte del compositor pamplon\u00e9s Pablo Sarasate<\/title>\n<meta name=\"description\" content=\"Laura Ballestrino este domingo y las hermanas Hatch protagonizan los conciertos de este domingo y del pr\u00f3ximo mi\u00e9rcoles\" \/>\n<meta name=\"robots\" content=\"index, follow, max-snippet:-1, max-image-preview:large, max-video-preview:-1\" \/>\n<link rel=\"canonical\" href=\"https:\/\/www.laguiadepamplona.com\/actualidad\/dos-conciertos-y-una-sesion-de-narracion-oral-en-condestable-conmemoran-el-115-aniversario-de-la-muerte-del-compositor-pamplones-pablo-sarasate\/\" \/>\n<meta property=\"og:locale\" content=\"es_ES\" \/>\n<meta property=\"og:type\" content=\"article\" \/>\n<meta property=\"og:title\" content=\"Dos conciertos y una sesi\u00f3n de narraci\u00f3n oral en Condestable conmemoran el 115 aniversario de la muerte del compositor pamplon\u00e9s Pablo Sarasate\" \/>\n<meta property=\"og:description\" content=\"Laura Ballestrino este domingo y las hermanas Hatch protagonizan los conciertos de este domingo y del pr\u00f3ximo mi\u00e9rcoles\" \/>\n<meta property=\"og:url\" content=\"https:\/\/www.laguiadepamplona.com\/actualidad\/dos-conciertos-y-una-sesion-de-narracion-oral-en-condestable-conmemoran-el-115-aniversario-de-la-muerte-del-compositor-pamplones-pablo-sarasate\/\" \/>\n<meta property=\"og:site_name\" content=\"La Gu\u00eda de Pamplona\" \/>\n<meta property=\"article:publisher\" content=\"https:\/\/www.facebook.com\/laguiadepamplonacom-133175176762273\/?ref=hl\" \/>\n<meta property=\"article:published_time\" content=\"2023-09-15T10:35:37+00:00\" \/>\n<meta property=\"og:image\" content=\"https:\/\/www.laguiadepamplona.com\/actualidad\/wp-content\/uploads\/2023\/09\/sarasasteee.jpg\" \/>\n\t<meta property=\"og:image:width\" content=\"870\" \/>\n\t<meta property=\"og:image:height\" content=\"480\" \/>\n\t<meta property=\"og:image:type\" content=\"image\/jpeg\" \/>\n<meta name=\"author\" content=\"La Gu\u00eda de Pamplona\" \/>\n<meta name=\"twitter:card\" content=\"summary_large_image\" \/>\n<meta name=\"twitter:creator\" content=\"@LaGuiadPamplona\" \/>\n<meta name=\"twitter:site\" content=\"@LaGuiadPamplona\" \/>\n<meta name=\"twitter:label1\" content=\"Escrito por\" \/>\n\t<meta name=\"twitter:data1\" content=\"La Gu\u00eda de Pamplona\" \/>\n\t<meta name=\"twitter:label2\" content=\"Tiempo de lectura\" \/>\n\t<meta name=\"twitter:data2\" content=\"2 minutos\" \/>\n<script type=\"application\/ld+json\" class=\"yoast-schema-graph\">{\"@context\":\"https:\\\/\\\/schema.org\",\"@graph\":[{\"@type\":\"Article\",\"@id\":\"https:\\\/\\\/www.laguiadepamplona.com\\\/actualidad\\\/dos-conciertos-y-una-sesion-de-narracion-oral-en-condestable-conmemoran-el-115-aniversario-de-la-muerte-del-compositor-pamplones-pablo-sarasate\\\/#article\",\"isPartOf\":{\"@id\":\"https:\\\/\\\/www.laguiadepamplona.com\\\/actualidad\\\/dos-conciertos-y-una-sesion-de-narracion-oral-en-condestable-conmemoran-el-115-aniversario-de-la-muerte-del-compositor-pamplones-pablo-sarasate\\\/\"},\"author\":{\"name\":\"La Gu\u00eda de Pamplona\",\"@id\":\"https:\\\/\\\/www.laguiadepamplona.com\\\/actualidad\\\/#\\\/schema\\\/person\\\/efe887376f0213d4657c93adc50b1fdb\"},\"headline\":\"Dos conciertos y una sesi\u00f3n de narraci\u00f3n oral en Condestable conmemoran el 115 aniversario de la muerte del compositor pamplon\u00e9s Pablo Sarasate\",\"datePublished\":\"2023-09-15T10:35:37+00:00\",\"mainEntityOfPage\":{\"@id\":\"https:\\\/\\\/www.laguiadepamplona.com\\\/actualidad\\\/dos-conciertos-y-una-sesion-de-narracion-oral-en-condestable-conmemoran-el-115-aniversario-de-la-muerte-del-compositor-pamplones-pablo-sarasate\\\/\"},\"wordCount\":489,\"commentCount\":0,\"publisher\":{\"@id\":\"https:\\\/\\\/www.laguiadepamplona.com\\\/actualidad\\\/#organization\"},\"image\":{\"@id\":\"https:\\\/\\\/www.laguiadepamplona.com\\\/actualidad\\\/dos-conciertos-y-una-sesion-de-narracion-oral-en-condestable-conmemoran-el-115-aniversario-de-la-muerte-del-compositor-pamplones-pablo-sarasate\\\/#primaryimage\"},\"thumbnailUrl\":\"https:\\\/\\\/www.laguiadepamplona.com\\\/actualidad\\\/wp-content\\\/uploads\\\/2023\\\/09\\\/sarasasteee.jpg\",\"articleSection\":[\"Ayto Pamplona\"],\"inLanguage\":\"es\",\"potentialAction\":[{\"@type\":\"CommentAction\",\"name\":\"Comment\",\"target\":[\"https:\\\/\\\/www.laguiadepamplona.com\\\/actualidad\\\/dos-conciertos-y-una-sesion-de-narracion-oral-en-condestable-conmemoran-el-115-aniversario-de-la-muerte-del-compositor-pamplones-pablo-sarasate\\\/#respond\"]}]},{\"@type\":\"WebPage\",\"@id\":\"https:\\\/\\\/www.laguiadepamplona.com\\\/actualidad\\\/dos-conciertos-y-una-sesion-de-narracion-oral-en-condestable-conmemoran-el-115-aniversario-de-la-muerte-del-compositor-pamplones-pablo-sarasate\\\/\",\"url\":\"https:\\\/\\\/www.laguiadepamplona.com\\\/actualidad\\\/dos-conciertos-y-una-sesion-de-narracion-oral-en-condestable-conmemoran-el-115-aniversario-de-la-muerte-del-compositor-pamplones-pablo-sarasate\\\/\",\"name\":\"Dos conciertos y una sesi\u00f3n de narraci\u00f3n oral en Condestable conmemoran el 115 aniversario de la muerte del compositor pamplon\u00e9s Pablo Sarasate\",\"isPartOf\":{\"@id\":\"https:\\\/\\\/www.laguiadepamplona.com\\\/actualidad\\\/#website\"},\"primaryImageOfPage\":{\"@id\":\"https:\\\/\\\/www.laguiadepamplona.com\\\/actualidad\\\/dos-conciertos-y-una-sesion-de-narracion-oral-en-condestable-conmemoran-el-115-aniversario-de-la-muerte-del-compositor-pamplones-pablo-sarasate\\\/#primaryimage\"},\"image\":{\"@id\":\"https:\\\/\\\/www.laguiadepamplona.com\\\/actualidad\\\/dos-conciertos-y-una-sesion-de-narracion-oral-en-condestable-conmemoran-el-115-aniversario-de-la-muerte-del-compositor-pamplones-pablo-sarasate\\\/#primaryimage\"},\"thumbnailUrl\":\"https:\\\/\\\/www.laguiadepamplona.com\\\/actualidad\\\/wp-content\\\/uploads\\\/2023\\\/09\\\/sarasasteee.jpg\",\"datePublished\":\"2023-09-15T10:35:37+00:00\",\"description\":\"Laura Ballestrino este domingo y las hermanas Hatch protagonizan los conciertos de este domingo y del pr\u00f3ximo mi\u00e9rcoles\",\"breadcrumb\":{\"@id\":\"https:\\\/\\\/www.laguiadepamplona.com\\\/actualidad\\\/dos-conciertos-y-una-sesion-de-narracion-oral-en-condestable-conmemoran-el-115-aniversario-de-la-muerte-del-compositor-pamplones-pablo-sarasate\\\/#breadcrumb\"},\"inLanguage\":\"es\",\"potentialAction\":[{\"@type\":\"ReadAction\",\"target\":[\"https:\\\/\\\/www.laguiadepamplona.com\\\/actualidad\\\/dos-conciertos-y-una-sesion-de-narracion-oral-en-condestable-conmemoran-el-115-aniversario-de-la-muerte-del-compositor-pamplones-pablo-sarasate\\\/\"]}]},{\"@type\":\"ImageObject\",\"inLanguage\":\"es\",\"@id\":\"https:\\\/\\\/www.laguiadepamplona.com\\\/actualidad\\\/dos-conciertos-y-una-sesion-de-narracion-oral-en-condestable-conmemoran-el-115-aniversario-de-la-muerte-del-compositor-pamplones-pablo-sarasate\\\/#primaryimage\",\"url\":\"https:\\\/\\\/www.laguiadepamplona.com\\\/actualidad\\\/wp-content\\\/uploads\\\/2023\\\/09\\\/sarasasteee.jpg\",\"contentUrl\":\"https:\\\/\\\/www.laguiadepamplona.com\\\/actualidad\\\/wp-content\\\/uploads\\\/2023\\\/09\\\/sarasasteee.jpg\",\"width\":870,\"height\":480},{\"@type\":\"BreadcrumbList\",\"@id\":\"https:\\\/\\\/www.laguiadepamplona.com\\\/actualidad\\\/dos-conciertos-y-una-sesion-de-narracion-oral-en-condestable-conmemoran-el-115-aniversario-de-la-muerte-del-compositor-pamplones-pablo-sarasate\\\/#breadcrumb\",\"itemListElement\":[{\"@type\":\"ListItem\",\"position\":1,\"name\":\"Portada\",\"item\":\"https:\\\/\\\/www.laguiadepamplona.com\\\/actualidad\\\/\"},{\"@type\":\"ListItem\",\"position\":2,\"name\":\"Dos conciertos y una sesi\u00f3n de narraci\u00f3n oral en Condestable conmemoran el 115 aniversario de la muerte del compositor pamplon\u00e9s Pablo Sarasate\"}]},{\"@type\":\"WebSite\",\"@id\":\"https:\\\/\\\/www.laguiadepamplona.com\\\/actualidad\\\/#website\",\"url\":\"https:\\\/\\\/www.laguiadepamplona.com\\\/actualidad\\\/\",\"name\":\"La gu\u00eda de Pamplona\",\"description\":\"Noticias de Pamplona\",\"publisher\":{\"@id\":\"https:\\\/\\\/www.laguiadepamplona.com\\\/actualidad\\\/#organization\"},\"potentialAction\":[{\"@type\":\"SearchAction\",\"target\":{\"@type\":\"EntryPoint\",\"urlTemplate\":\"https:\\\/\\\/www.laguiadepamplona.com\\\/actualidad\\\/?s={search_term_string}\"},\"query-input\":{\"@type\":\"PropertyValueSpecification\",\"valueRequired\":true,\"valueName\":\"search_term_string\"}}],\"inLanguage\":\"es\"},{\"@type\":\"Organization\",\"@id\":\"https:\\\/\\\/www.laguiadepamplona.com\\\/actualidad\\\/#organization\",\"name\":\"La Gu\u00eda de Pamplona \\\/ Noticias\",\"url\":\"https:\\\/\\\/www.laguiadepamplona.com\\\/actualidad\\\/\",\"logo\":{\"@type\":\"ImageObject\",\"inLanguage\":\"es\",\"@id\":\"https:\\\/\\\/www.laguiadepamplona.com\\\/actualidad\\\/#\\\/schema\\\/logo\\\/image\\\/\",\"url\":\"https:\\\/\\\/www.laguiadepamplona.com\\\/actualidad\\\/wp-content\\\/uploads\\\/2018\\\/11\\\/logo-laguiadepamplona18-web1.png\",\"contentUrl\":\"https:\\\/\\\/www.laguiadepamplona.com\\\/actualidad\\\/wp-content\\\/uploads\\\/2018\\\/11\\\/logo-laguiadepamplona18-web1.png\",\"width\":600,\"height\":196,\"caption\":\"La Gu\u00eda de Pamplona \\\/ Noticias\"},\"image\":{\"@id\":\"https:\\\/\\\/www.laguiadepamplona.com\\\/actualidad\\\/#\\\/schema\\\/logo\\\/image\\\/\"},\"sameAs\":[\"https:\\\/\\\/www.facebook.com\\\/laguiadepamplonacom-133175176762273\\\/?ref=hl\",\"https:\\\/\\\/x.com\\\/LaGuiadPamplona\",\"https:\\\/\\\/www.instagram.com\\\/la_guia_de_pamplona\\\/\",\"https:\\\/\\\/www.youtube.com\\\/user\\\/laguiadepamplona\"]},{\"@type\":\"Person\",\"@id\":\"https:\\\/\\\/www.laguiadepamplona.com\\\/actualidad\\\/#\\\/schema\\\/person\\\/efe887376f0213d4657c93adc50b1fdb\",\"name\":\"La Gu\u00eda de Pamplona\",\"image\":{\"@type\":\"ImageObject\",\"inLanguage\":\"es\",\"@id\":\"https:\\\/\\\/secure.gravatar.com\\\/avatar\\\/b6992f131dc8d30ab0dff15446e9d346d9dbd95992de0fef795073f5ea83a81c?s=96&d=mm&r=g\",\"url\":\"https:\\\/\\\/secure.gravatar.com\\\/avatar\\\/b6992f131dc8d30ab0dff15446e9d346d9dbd95992de0fef795073f5ea83a81c?s=96&d=mm&r=g\",\"contentUrl\":\"https:\\\/\\\/secure.gravatar.com\\\/avatar\\\/b6992f131dc8d30ab0dff15446e9d346d9dbd95992de0fef795073f5ea83a81c?s=96&d=mm&r=g\",\"caption\":\"La Gu\u00eda de Pamplona\"}}]}<\/script>\n<!-- \/ Yoast SEO plugin. -->","yoast_head_json":{"title":"Dos conciertos y una sesi\u00f3n de narraci\u00f3n oral en Condestable conmemoran el 115 aniversario de la muerte del compositor pamplon\u00e9s Pablo Sarasate","description":"Laura Ballestrino este domingo y las hermanas Hatch protagonizan los conciertos de este domingo y del pr\u00f3ximo mi\u00e9rcoles","robots":{"index":"index","follow":"follow","max-snippet":"max-snippet:-1","max-image-preview":"max-image-preview:large","max-video-preview":"max-video-preview:-1"},"canonical":"https:\/\/www.laguiadepamplona.com\/actualidad\/dos-conciertos-y-una-sesion-de-narracion-oral-en-condestable-conmemoran-el-115-aniversario-de-la-muerte-del-compositor-pamplones-pablo-sarasate\/","og_locale":"es_ES","og_type":"article","og_title":"Dos conciertos y una sesi\u00f3n de narraci\u00f3n oral en Condestable conmemoran el 115 aniversario de la muerte del compositor pamplon\u00e9s Pablo Sarasate","og_description":"Laura Ballestrino este domingo y las hermanas Hatch protagonizan los conciertos de este domingo y del pr\u00f3ximo mi\u00e9rcoles","og_url":"https:\/\/www.laguiadepamplona.com\/actualidad\/dos-conciertos-y-una-sesion-de-narracion-oral-en-condestable-conmemoran-el-115-aniversario-de-la-muerte-del-compositor-pamplones-pablo-sarasate\/","og_site_name":"La Gu\u00eda de Pamplona","article_publisher":"https:\/\/www.facebook.com\/laguiadepamplonacom-133175176762273\/?ref=hl","article_published_time":"2023-09-15T10:35:37+00:00","og_image":[{"width":870,"height":480,"url":"https:\/\/www.laguiadepamplona.com\/actualidad\/wp-content\/uploads\/2023\/09\/sarasasteee.jpg","type":"image\/jpeg"}],"author":"La Gu\u00eda de Pamplona","twitter_card":"summary_large_image","twitter_creator":"@LaGuiadPamplona","twitter_site":"@LaGuiadPamplona","twitter_misc":{"Escrito por":"La Gu\u00eda de Pamplona","Tiempo de lectura":"2 minutos"},"schema":{"@context":"https:\/\/schema.org","@graph":[{"@type":"Article","@id":"https:\/\/www.laguiadepamplona.com\/actualidad\/dos-conciertos-y-una-sesion-de-narracion-oral-en-condestable-conmemoran-el-115-aniversario-de-la-muerte-del-compositor-pamplones-pablo-sarasate\/#article","isPartOf":{"@id":"https:\/\/www.laguiadepamplona.com\/actualidad\/dos-conciertos-y-una-sesion-de-narracion-oral-en-condestable-conmemoran-el-115-aniversario-de-la-muerte-del-compositor-pamplones-pablo-sarasate\/"},"author":{"name":"La Gu\u00eda de Pamplona","@id":"https:\/\/www.laguiadepamplona.com\/actualidad\/#\/schema\/person\/efe887376f0213d4657c93adc50b1fdb"},"headline":"Dos conciertos y una sesi\u00f3n de narraci\u00f3n oral en Condestable conmemoran el 115 aniversario de la muerte del compositor pamplon\u00e9s Pablo Sarasate","datePublished":"2023-09-15T10:35:37+00:00","mainEntityOfPage":{"@id":"https:\/\/www.laguiadepamplona.com\/actualidad\/dos-conciertos-y-una-sesion-de-narracion-oral-en-condestable-conmemoran-el-115-aniversario-de-la-muerte-del-compositor-pamplones-pablo-sarasate\/"},"wordCount":489,"commentCount":0,"publisher":{"@id":"https:\/\/www.laguiadepamplona.com\/actualidad\/#organization"},"image":{"@id":"https:\/\/www.laguiadepamplona.com\/actualidad\/dos-conciertos-y-una-sesion-de-narracion-oral-en-condestable-conmemoran-el-115-aniversario-de-la-muerte-del-compositor-pamplones-pablo-sarasate\/#primaryimage"},"thumbnailUrl":"https:\/\/www.laguiadepamplona.com\/actualidad\/wp-content\/uploads\/2023\/09\/sarasasteee.jpg","articleSection":["Ayto Pamplona"],"inLanguage":"es","potentialAction":[{"@type":"CommentAction","name":"Comment","target":["https:\/\/www.laguiadepamplona.com\/actualidad\/dos-conciertos-y-una-sesion-de-narracion-oral-en-condestable-conmemoran-el-115-aniversario-de-la-muerte-del-compositor-pamplones-pablo-sarasate\/#respond"]}]},{"@type":"WebPage","@id":"https:\/\/www.laguiadepamplona.com\/actualidad\/dos-conciertos-y-una-sesion-de-narracion-oral-en-condestable-conmemoran-el-115-aniversario-de-la-muerte-del-compositor-pamplones-pablo-sarasate\/","url":"https:\/\/www.laguiadepamplona.com\/actualidad\/dos-conciertos-y-una-sesion-de-narracion-oral-en-condestable-conmemoran-el-115-aniversario-de-la-muerte-del-compositor-pamplones-pablo-sarasate\/","name":"Dos conciertos y una sesi\u00f3n de narraci\u00f3n oral en Condestable conmemoran el 115 aniversario de la muerte del compositor pamplon\u00e9s Pablo Sarasate","isPartOf":{"@id":"https:\/\/www.laguiadepamplona.com\/actualidad\/#website"},"primaryImageOfPage":{"@id":"https:\/\/www.laguiadepamplona.com\/actualidad\/dos-conciertos-y-una-sesion-de-narracion-oral-en-condestable-conmemoran-el-115-aniversario-de-la-muerte-del-compositor-pamplones-pablo-sarasate\/#primaryimage"},"image":{"@id":"https:\/\/www.laguiadepamplona.com\/actualidad\/dos-conciertos-y-una-sesion-de-narracion-oral-en-condestable-conmemoran-el-115-aniversario-de-la-muerte-del-compositor-pamplones-pablo-sarasate\/#primaryimage"},"thumbnailUrl":"https:\/\/www.laguiadepamplona.com\/actualidad\/wp-content\/uploads\/2023\/09\/sarasasteee.jpg","datePublished":"2023-09-15T10:35:37+00:00","description":"Laura Ballestrino este domingo y las hermanas Hatch protagonizan los conciertos de este domingo y del pr\u00f3ximo mi\u00e9rcoles","breadcrumb":{"@id":"https:\/\/www.laguiadepamplona.com\/actualidad\/dos-conciertos-y-una-sesion-de-narracion-oral-en-condestable-conmemoran-el-115-aniversario-de-la-muerte-del-compositor-pamplones-pablo-sarasate\/#breadcrumb"},"inLanguage":"es","potentialAction":[{"@type":"ReadAction","target":["https:\/\/www.laguiadepamplona.com\/actualidad\/dos-conciertos-y-una-sesion-de-narracion-oral-en-condestable-conmemoran-el-115-aniversario-de-la-muerte-del-compositor-pamplones-pablo-sarasate\/"]}]},{"@type":"ImageObject","inLanguage":"es","@id":"https:\/\/www.laguiadepamplona.com\/actualidad\/dos-conciertos-y-una-sesion-de-narracion-oral-en-condestable-conmemoran-el-115-aniversario-de-la-muerte-del-compositor-pamplones-pablo-sarasate\/#primaryimage","url":"https:\/\/www.laguiadepamplona.com\/actualidad\/wp-content\/uploads\/2023\/09\/sarasasteee.jpg","contentUrl":"https:\/\/www.laguiadepamplona.com\/actualidad\/wp-content\/uploads\/2023\/09\/sarasasteee.jpg","width":870,"height":480},{"@type":"BreadcrumbList","@id":"https:\/\/www.laguiadepamplona.com\/actualidad\/dos-conciertos-y-una-sesion-de-narracion-oral-en-condestable-conmemoran-el-115-aniversario-de-la-muerte-del-compositor-pamplones-pablo-sarasate\/#breadcrumb","itemListElement":[{"@type":"ListItem","position":1,"name":"Portada","item":"https:\/\/www.laguiadepamplona.com\/actualidad\/"},{"@type":"ListItem","position":2,"name":"Dos conciertos y una sesi\u00f3n de narraci\u00f3n oral en Condestable conmemoran el 115 aniversario de la muerte del compositor pamplon\u00e9s Pablo Sarasate"}]},{"@type":"WebSite","@id":"https:\/\/www.laguiadepamplona.com\/actualidad\/#website","url":"https:\/\/www.laguiadepamplona.com\/actualidad\/","name":"La gu\u00eda de Pamplona","description":"Noticias de Pamplona","publisher":{"@id":"https:\/\/www.laguiadepamplona.com\/actualidad\/#organization"},"potentialAction":[{"@type":"SearchAction","target":{"@type":"EntryPoint","urlTemplate":"https:\/\/www.laguiadepamplona.com\/actualidad\/?s={search_term_string}"},"query-input":{"@type":"PropertyValueSpecification","valueRequired":true,"valueName":"search_term_string"}}],"inLanguage":"es"},{"@type":"Organization","@id":"https:\/\/www.laguiadepamplona.com\/actualidad\/#organization","name":"La Gu\u00eda de Pamplona \/ Noticias","url":"https:\/\/www.laguiadepamplona.com\/actualidad\/","logo":{"@type":"ImageObject","inLanguage":"es","@id":"https:\/\/www.laguiadepamplona.com\/actualidad\/#\/schema\/logo\/image\/","url":"https:\/\/www.laguiadepamplona.com\/actualidad\/wp-content\/uploads\/2018\/11\/logo-laguiadepamplona18-web1.png","contentUrl":"https:\/\/www.laguiadepamplona.com\/actualidad\/wp-content\/uploads\/2018\/11\/logo-laguiadepamplona18-web1.png","width":600,"height":196,"caption":"La Gu\u00eda de Pamplona \/ Noticias"},"image":{"@id":"https:\/\/www.laguiadepamplona.com\/actualidad\/#\/schema\/logo\/image\/"},"sameAs":["https:\/\/www.facebook.com\/laguiadepamplonacom-133175176762273\/?ref=hl","https:\/\/x.com\/LaGuiadPamplona","https:\/\/www.instagram.com\/la_guia_de_pamplona\/","https:\/\/www.youtube.com\/user\/laguiadepamplona"]},{"@type":"Person","@id":"https:\/\/www.laguiadepamplona.com\/actualidad\/#\/schema\/person\/efe887376f0213d4657c93adc50b1fdb","name":"La Gu\u00eda de Pamplona","image":{"@type":"ImageObject","inLanguage":"es","@id":"https:\/\/secure.gravatar.com\/avatar\/b6992f131dc8d30ab0dff15446e9d346d9dbd95992de0fef795073f5ea83a81c?s=96&d=mm&r=g","url":"https:\/\/secure.gravatar.com\/avatar\/b6992f131dc8d30ab0dff15446e9d346d9dbd95992de0fef795073f5ea83a81c?s=96&d=mm&r=g","contentUrl":"https:\/\/secure.gravatar.com\/avatar\/b6992f131dc8d30ab0dff15446e9d346d9dbd95992de0fef795073f5ea83a81c?s=96&d=mm&r=g","caption":"La Gu\u00eda de Pamplona"}}]}},"post_mailing_queue_ids":[],"_links":{"self":[{"href":"https:\/\/www.laguiadepamplona.com\/actualidad\/wp-json\/wp\/v2\/posts\/47390","targetHints":{"allow":["GET"]}}],"collection":[{"href":"https:\/\/www.laguiadepamplona.com\/actualidad\/wp-json\/wp\/v2\/posts"}],"about":[{"href":"https:\/\/www.laguiadepamplona.com\/actualidad\/wp-json\/wp\/v2\/types\/post"}],"author":[{"embeddable":true,"href":"https:\/\/www.laguiadepamplona.com\/actualidad\/wp-json\/wp\/v2\/users\/1"}],"replies":[{"embeddable":true,"href":"https:\/\/www.laguiadepamplona.com\/actualidad\/wp-json\/wp\/v2\/comments?post=47390"}],"version-history":[{"count":1,"href":"https:\/\/www.laguiadepamplona.com\/actualidad\/wp-json\/wp\/v2\/posts\/47390\/revisions"}],"predecessor-version":[{"id":47392,"href":"https:\/\/www.laguiadepamplona.com\/actualidad\/wp-json\/wp\/v2\/posts\/47390\/revisions\/47392"}],"wp:featuredmedia":[{"embeddable":true,"href":"https:\/\/www.laguiadepamplona.com\/actualidad\/wp-json\/wp\/v2\/media\/47391"}],"wp:attachment":[{"href":"https:\/\/www.laguiadepamplona.com\/actualidad\/wp-json\/wp\/v2\/media?parent=47390"}],"wp:term":[{"taxonomy":"category","embeddable":true,"href":"https:\/\/www.laguiadepamplona.com\/actualidad\/wp-json\/wp\/v2\/categories?post=47390"},{"taxonomy":"post_tag","embeddable":true,"href":"https:\/\/www.laguiadepamplona.com\/actualidad\/wp-json\/wp\/v2\/tags?post=47390"}],"curies":[{"name":"wp","href":"https:\/\/api.w.org\/{rel}","templated":true}]}}