{"id":47388,"date":"2023-09-15T12:34:10","date_gmt":"2023-09-15T10:34:10","guid":{"rendered":"https:\/\/www.laguiadepamplona.com\/actualidad\/?p=47388"},"modified":"2023-09-15T12:34:10","modified_gmt":"2023-09-15T10:34:10","slug":"condestable-acoge-el-miercoles-unas-jornadas-sobre-el-estudio-y-el-conocimiento-de-los-derechos-culturales-organizadas-por-el-ayuntamiento-y-eusko-ikaskuntza","status":"publish","type":"post","link":"https:\/\/www.laguiadepamplona.com\/actualidad\/condestable-acoge-el-miercoles-unas-jornadas-sobre-el-estudio-y-el-conocimiento-de-los-derechos-culturales-organizadas-por-el-ayuntamiento-y-eusko-ikaskuntza\/","title":{"rendered":"Condestable acoge el mi\u00e9rcoles unas jornadas sobre el estudio y el conocimiento de los derechos culturales, organizadas por el Ayuntamiento y Eusko Ikaskuntza"},"content":{"rendered":"<h3>Ambas entidades firmaron un convenio de colaboraci\u00f3n en 2022 para organizar anualmente un evento de difusi\u00f3n cultural en Pamplona<\/h3>\n<p><!--more--><\/p>\n<p><strong>\u2018Gesti\u00f3n Cultural para la transformaci\u00f3n: en busca de nuevos pasos desde un marco de derechos culturales<\/strong>\u2019 es el t\u00edtulo de las jornadas que el Ayuntamiento de Pamplona y Eusko Ikaskuntza organizan este mi\u00e9rcoles en Condestable. El objetivo es profundizar en el estudio y contribuir al conocimiento de los derechos culturales, que se consideran fundamentales para mantener y defender la salud democr\u00e1tica. La asistencia es libre, aunque se requiere inscripci\u00f3n previa en <a href=\"http:\/\/www.eusko-ikaskuntza.eus\" target=\"_blank\" rel=\"noopener\">www.eusko-ikaskuntza.eus<\/a>.<\/p>\n<p>El Ayuntamiento de Pamplona y Eusko Ikaskuntza firmaron un convenio de colaboraci\u00f3n en 2022 con vigencia para los pr\u00f3ximo cuatro a\u00f1os. Ambas entidades se comprometieron a colaborar para potenciar el desarrollo de proyectos que generen conocimiento y propuestas de valor para la sociedad de Pamplona en particular y de Navarra en general. En virtud de este convenio, Eusko Ikaskuntza organiza anualmente un evento de difusi\u00f3n en Pamplona (jornada, seminario, simposium, ciclo de conferencias\u2026) de inter\u00e9s espec\u00edfico para la ciudad.<br \/>\n<script async src=\"\/\/pagead2.googlesyndication.com\/pagead\/js\/adsbygoogle.js\"><\/script><br \/>\n<!-- Noticias La Guia de Pamplona --><br \/>\n<ins class=\"adsbygoogle\"\nstyle=\"display:block\"\ndata-ad-client=\"ca-pub-6943679897239327\"\ndata-ad-slot=\"7048180777\"\ndata-ad-format=\"auto\"><\/ins><br \/>\n<script>\n(adsbygoogle = window.adsbygoogle || []).push({});\n<\/script><\/p>\n<p>La jornada comenzar\u00e1 a las 9.45 horas con un acto de apertura en el que participar\u00e1 el director de Cultura del Ayuntamiento de Pamplona, Rudy Goroskieta. A las 10 horas, tendr\u00e1 lugar la primera sesion acerca de la funci\u00f3n transformadora, con una charla en euskera de Be\u00f1at Gaztelurrutia. A las 10.30 horas, se celebrar\u00e1 una mesa redonda sobre qu\u00e9 es la cultura transformadora. Participar\u00e1n el gestor cultural Marcos Garc\u00eda, la educadora y programadora de arte contempor\u00e1neo Leire San Mart\u00edn y Nieves Beloki, de la Asociaci\u00f3n de Profesionales de la Gesti\u00f3n Cultural de Navarra.<\/p>\n<p>Tas un descanso a mediod\u00eda, la tercera y \u00faltima sesi\u00f3n, a las 12.30 horas, abordar\u00e1 propuestas para garantizar los derechos culturales. En una primera parte, intervendr\u00e1 Maialen Akizu y, a continuaci\u00f3n, integrantes del equipo motor del proyecto \u2018Pol\u00edticas Culturales y Derechos Culturales\u2019 realizar\u00e1n una din\u00e1mica colectiva sobre qui\u00e9nes participan. Ambas actividades se llevar\u00e1n a cabo en euskera. A las 13.50 horas, concluir\u00e1 la jornada.<br \/>\n<script async src=\"\/\/pagead2.googlesyndication.com\/pagead\/js\/adsbygoogle.js\"><\/script><br \/>\n<!-- Noticias La Guia de Pamplona --><br \/>\n<ins class=\"adsbygoogle\"\nstyle=\"display:block\"\ndata-ad-client=\"ca-pub-6943679897239327\"\ndata-ad-slot=\"7048180777\"\ndata-ad-format=\"auto\"><\/ins><br \/>\n<script>\n(adsbygoogle = window.adsbygoogle || []).push({});\n<\/script><\/p>\n<p>&nbsp;<\/p>\n<h3><strong>\u2018Gesti\u00f3n Cultural para la transformaci\u00f3n: en busca de nuevos pasos desde un marco de derechos culturales<\/strong>\u2019<\/h3>\n<p>&nbsp;<\/p>\n<ul>\n<li><strong>9.45 horas.\u00a0 <\/strong>Apertura institucional. Rudy Goroskieta, director de Cultura del Ayuntamiento de Pamplona<\/li>\n<li><strong>10.00<\/strong><strong>horas.<\/strong> Primera sesi\u00f3n:<strong>\u00a0Kulturaren funtzio eraldatzailea\u00a0<\/strong>(Funci\u00f3n transformadora de la cultura). <em>Kultur-eskubideak gure herrian txostenaren aurkezpena: aurrerantzean lantzeko proposamena batzuk<\/em>\u00a0(eu) Be\u00f1at Gaztelurrutia<\/li>\n<li><strong>10.30 horas.<\/strong> Mesa redonda:<strong>\u00a0<\/strong>\u00bfQu\u00e9 es la cultura transformadora?<strong> (Zer da kultura eraldatzailea?) (cast)\u00a0<\/strong>\n<ul>\n<li>Marcos Garc\u00eda. Gestor cultural en el \u00e1mbito de los laboratorios ciudadanos<\/li>\n<li>Leire San Mart\u00edn Goikoetxea.\u00a0Educadora y programadora en arte\u00a0contempor\u00e1neo<\/li>\n<li>Nieves Beloki. KUNA &#8211; Asociaci\u00f3n de Profesionales de la Gesti\u00f3n Cultural de Navarra<\/li>\n<li>Dinamizaci\u00f3n: Iratxe Retolaza<\/li>\n<\/ul>\n<\/li>\n<li><strong>12.00 horas. <\/strong>Descanso<\/li>\n<li><strong>12.30 horas.<\/strong>Tercera sesi\u00f3n:\u00a0<strong>Kultur eskubideak bermatzeko proposamena\u00a0<\/strong>(Propuestas para garantizar los Derechos Culturales)\n<ul>\n<li>Kultur ekitaldi bat antolatzeko protokoloaren aurkezpena\u00a0(eu). Maialen Akizu<\/li>\n<li>Reflexi\u00f3n colectiva de quienes participan- Din\u00e1mica: \u201c<em>Kultur antolakuntzan praktika onak zelan bermatu<\/em>\u201d (eu)<\/li>\n<li>Dinamizaci\u00f3n: Integrantes del equipo motor del proyecto \u2018Pol\u00edticas Culturales y Derechos Culturales\u2019<\/li>\n<\/ul>\n<\/li>\n<li><strong>13.50 horas.<\/strong>Cierre de la jornada<\/li>\n<\/ul>\n","protected":false},"excerpt":{"rendered":"<p>Ambas entidades firmaron un convenio de colaboraci\u00f3n en 2022 para organizar anualmente un evento de difusi\u00f3n cultural en Pamplona<\/p>\n","protected":false},"author":1,"featured_media":17390,"comment_status":"open","ping_status":"closed","sticky":false,"template":"","format":"standard","meta":{"footnotes":""},"categories":[2],"tags":[],"class_list":["post-47388","post","type-post","status-publish","format-standard","has-post-thumbnail","hentry","category-ayuntamiento-pamplona"],"yoast_head":"<!-- This site is optimized with the Yoast SEO plugin v27.3 - https:\/\/yoast.com\/product\/yoast-seo-wordpress\/ -->\n<title>Condestable acoge el mi\u00e9rcoles unas jornadas sobre el estudio y el conocimiento de los derechos culturales, organizadas por el Ayuntamiento y Eusko Ikaskuntza<\/title>\n<meta name=\"description\" content=\"Ambas entidades firmaron un convenio de colaboraci\u00f3n en 2022 para organizar anualmente un evento de difusi\u00f3n cultural en Pamplona\" \/>\n<meta name=\"robots\" content=\"index, follow, max-snippet:-1, max-image-preview:large, max-video-preview:-1\" \/>\n<link rel=\"canonical\" href=\"https:\/\/www.laguiadepamplona.com\/actualidad\/condestable-acoge-el-miercoles-unas-jornadas-sobre-el-estudio-y-el-conocimiento-de-los-derechos-culturales-organizadas-por-el-ayuntamiento-y-eusko-ikaskuntza\/\" \/>\n<meta property=\"og:locale\" content=\"es_ES\" \/>\n<meta property=\"og:type\" content=\"article\" \/>\n<meta property=\"og:title\" content=\"Condestable acoge el mi\u00e9rcoles unas jornadas sobre el estudio y el conocimiento de los derechos culturales, organizadas por el Ayuntamiento y Eusko Ikaskuntza\" \/>\n<meta property=\"og:description\" content=\"Ambas entidades firmaron un convenio de colaboraci\u00f3n en 2022 para organizar anualmente un evento de difusi\u00f3n cultural en Pamplona\" \/>\n<meta property=\"og:url\" content=\"https:\/\/www.laguiadepamplona.com\/actualidad\/condestable-acoge-el-miercoles-unas-jornadas-sobre-el-estudio-y-el-conocimiento-de-los-derechos-culturales-organizadas-por-el-ayuntamiento-y-eusko-ikaskuntza\/\" \/>\n<meta property=\"og:site_name\" content=\"La Gu\u00eda de Pamplona\" \/>\n<meta property=\"article:publisher\" content=\"https:\/\/www.facebook.com\/laguiadepamplonacom-133175176762273\/?ref=hl\" \/>\n<meta property=\"article:published_time\" content=\"2023-09-15T10:34:10+00:00\" \/>\n<meta property=\"og:image\" content=\"https:\/\/www.laguiadepamplona.com\/actualidad\/wp-content\/uploads\/2018\/05\/palacio-condestable.jpg\" \/>\n\t<meta property=\"og:image:width\" content=\"950\" \/>\n\t<meta property=\"og:image:height\" content=\"634\" \/>\n\t<meta property=\"og:image:type\" content=\"image\/jpeg\" \/>\n<meta name=\"author\" content=\"La Gu\u00eda de Pamplona\" \/>\n<meta name=\"twitter:card\" content=\"summary_large_image\" \/>\n<meta name=\"twitter:creator\" content=\"@LaGuiadPamplona\" \/>\n<meta name=\"twitter:site\" content=\"@LaGuiadPamplona\" \/>\n<meta name=\"twitter:label1\" content=\"Escrito por\" \/>\n\t<meta name=\"twitter:data1\" content=\"La Gu\u00eda de Pamplona\" \/>\n\t<meta name=\"twitter:label2\" content=\"Tiempo de lectura\" \/>\n\t<meta name=\"twitter:data2\" content=\"3 minutos\" \/>\n<script type=\"application\/ld+json\" class=\"yoast-schema-graph\">{\"@context\":\"https:\\\/\\\/schema.org\",\"@graph\":[{\"@type\":\"Article\",\"@id\":\"https:\\\/\\\/www.laguiadepamplona.com\\\/actualidad\\\/condestable-acoge-el-miercoles-unas-jornadas-sobre-el-estudio-y-el-conocimiento-de-los-derechos-culturales-organizadas-por-el-ayuntamiento-y-eusko-ikaskuntza\\\/#article\",\"isPartOf\":{\"@id\":\"https:\\\/\\\/www.laguiadepamplona.com\\\/actualidad\\\/condestable-acoge-el-miercoles-unas-jornadas-sobre-el-estudio-y-el-conocimiento-de-los-derechos-culturales-organizadas-por-el-ayuntamiento-y-eusko-ikaskuntza\\\/\"},\"author\":{\"name\":\"La Gu\u00eda de Pamplona\",\"@id\":\"https:\\\/\\\/www.laguiadepamplona.com\\\/actualidad\\\/#\\\/schema\\\/person\\\/efe887376f0213d4657c93adc50b1fdb\"},\"headline\":\"Condestable acoge el mi\u00e9rcoles unas jornadas sobre el estudio y el conocimiento de los derechos culturales, organizadas por el Ayuntamiento y Eusko Ikaskuntza\",\"datePublished\":\"2023-09-15T10:34:10+00:00\",\"mainEntityOfPage\":{\"@id\":\"https:\\\/\\\/www.laguiadepamplona.com\\\/actualidad\\\/condestable-acoge-el-miercoles-unas-jornadas-sobre-el-estudio-y-el-conocimiento-de-los-derechos-culturales-organizadas-por-el-ayuntamiento-y-eusko-ikaskuntza\\\/\"},\"wordCount\":549,\"commentCount\":0,\"publisher\":{\"@id\":\"https:\\\/\\\/www.laguiadepamplona.com\\\/actualidad\\\/#organization\"},\"image\":{\"@id\":\"https:\\\/\\\/www.laguiadepamplona.com\\\/actualidad\\\/condestable-acoge-el-miercoles-unas-jornadas-sobre-el-estudio-y-el-conocimiento-de-los-derechos-culturales-organizadas-por-el-ayuntamiento-y-eusko-ikaskuntza\\\/#primaryimage\"},\"thumbnailUrl\":\"https:\\\/\\\/www.laguiadepamplona.com\\\/actualidad\\\/wp-content\\\/uploads\\\/2018\\\/05\\\/palacio-condestable.jpg\",\"articleSection\":[\"Ayto Pamplona\"],\"inLanguage\":\"es\",\"potentialAction\":[{\"@type\":\"CommentAction\",\"name\":\"Comment\",\"target\":[\"https:\\\/\\\/www.laguiadepamplona.com\\\/actualidad\\\/condestable-acoge-el-miercoles-unas-jornadas-sobre-el-estudio-y-el-conocimiento-de-los-derechos-culturales-organizadas-por-el-ayuntamiento-y-eusko-ikaskuntza\\\/#respond\"]}]},{\"@type\":\"WebPage\",\"@id\":\"https:\\\/\\\/www.laguiadepamplona.com\\\/actualidad\\\/condestable-acoge-el-miercoles-unas-jornadas-sobre-el-estudio-y-el-conocimiento-de-los-derechos-culturales-organizadas-por-el-ayuntamiento-y-eusko-ikaskuntza\\\/\",\"url\":\"https:\\\/\\\/www.laguiadepamplona.com\\\/actualidad\\\/condestable-acoge-el-miercoles-unas-jornadas-sobre-el-estudio-y-el-conocimiento-de-los-derechos-culturales-organizadas-por-el-ayuntamiento-y-eusko-ikaskuntza\\\/\",\"name\":\"Condestable acoge el mi\u00e9rcoles unas jornadas sobre el estudio y el conocimiento de los derechos culturales, organizadas por el Ayuntamiento y Eusko Ikaskuntza\",\"isPartOf\":{\"@id\":\"https:\\\/\\\/www.laguiadepamplona.com\\\/actualidad\\\/#website\"},\"primaryImageOfPage\":{\"@id\":\"https:\\\/\\\/www.laguiadepamplona.com\\\/actualidad\\\/condestable-acoge-el-miercoles-unas-jornadas-sobre-el-estudio-y-el-conocimiento-de-los-derechos-culturales-organizadas-por-el-ayuntamiento-y-eusko-ikaskuntza\\\/#primaryimage\"},\"image\":{\"@id\":\"https:\\\/\\\/www.laguiadepamplona.com\\\/actualidad\\\/condestable-acoge-el-miercoles-unas-jornadas-sobre-el-estudio-y-el-conocimiento-de-los-derechos-culturales-organizadas-por-el-ayuntamiento-y-eusko-ikaskuntza\\\/#primaryimage\"},\"thumbnailUrl\":\"https:\\\/\\\/www.laguiadepamplona.com\\\/actualidad\\\/wp-content\\\/uploads\\\/2018\\\/05\\\/palacio-condestable.jpg\",\"datePublished\":\"2023-09-15T10:34:10+00:00\",\"description\":\"Ambas entidades firmaron un convenio de colaboraci\u00f3n en 2022 para organizar anualmente un evento de difusi\u00f3n cultural en Pamplona\",\"breadcrumb\":{\"@id\":\"https:\\\/\\\/www.laguiadepamplona.com\\\/actualidad\\\/condestable-acoge-el-miercoles-unas-jornadas-sobre-el-estudio-y-el-conocimiento-de-los-derechos-culturales-organizadas-por-el-ayuntamiento-y-eusko-ikaskuntza\\\/#breadcrumb\"},\"inLanguage\":\"es\",\"potentialAction\":[{\"@type\":\"ReadAction\",\"target\":[\"https:\\\/\\\/www.laguiadepamplona.com\\\/actualidad\\\/condestable-acoge-el-miercoles-unas-jornadas-sobre-el-estudio-y-el-conocimiento-de-los-derechos-culturales-organizadas-por-el-ayuntamiento-y-eusko-ikaskuntza\\\/\"]}]},{\"@type\":\"ImageObject\",\"inLanguage\":\"es\",\"@id\":\"https:\\\/\\\/www.laguiadepamplona.com\\\/actualidad\\\/condestable-acoge-el-miercoles-unas-jornadas-sobre-el-estudio-y-el-conocimiento-de-los-derechos-culturales-organizadas-por-el-ayuntamiento-y-eusko-ikaskuntza\\\/#primaryimage\",\"url\":\"https:\\\/\\\/www.laguiadepamplona.com\\\/actualidad\\\/wp-content\\\/uploads\\\/2018\\\/05\\\/palacio-condestable.jpg\",\"contentUrl\":\"https:\\\/\\\/www.laguiadepamplona.com\\\/actualidad\\\/wp-content\\\/uploads\\\/2018\\\/05\\\/palacio-condestable.jpg\",\"width\":950,\"height\":634,\"caption\":\"civivox condestable\"},{\"@type\":\"BreadcrumbList\",\"@id\":\"https:\\\/\\\/www.laguiadepamplona.com\\\/actualidad\\\/condestable-acoge-el-miercoles-unas-jornadas-sobre-el-estudio-y-el-conocimiento-de-los-derechos-culturales-organizadas-por-el-ayuntamiento-y-eusko-ikaskuntza\\\/#breadcrumb\",\"itemListElement\":[{\"@type\":\"ListItem\",\"position\":1,\"name\":\"Portada\",\"item\":\"https:\\\/\\\/www.laguiadepamplona.com\\\/actualidad\\\/\"},{\"@type\":\"ListItem\",\"position\":2,\"name\":\"Condestable acoge el mi\u00e9rcoles unas jornadas sobre el estudio y el conocimiento de los derechos culturales, organizadas por el Ayuntamiento y Eusko Ikaskuntza\"}]},{\"@type\":\"WebSite\",\"@id\":\"https:\\\/\\\/www.laguiadepamplona.com\\\/actualidad\\\/#website\",\"url\":\"https:\\\/\\\/www.laguiadepamplona.com\\\/actualidad\\\/\",\"name\":\"La gu\u00eda de Pamplona\",\"description\":\"Noticias de Pamplona\",\"publisher\":{\"@id\":\"https:\\\/\\\/www.laguiadepamplona.com\\\/actualidad\\\/#organization\"},\"potentialAction\":[{\"@type\":\"SearchAction\",\"target\":{\"@type\":\"EntryPoint\",\"urlTemplate\":\"https:\\\/\\\/www.laguiadepamplona.com\\\/actualidad\\\/?s={search_term_string}\"},\"query-input\":{\"@type\":\"PropertyValueSpecification\",\"valueRequired\":true,\"valueName\":\"search_term_string\"}}],\"inLanguage\":\"es\"},{\"@type\":\"Organization\",\"@id\":\"https:\\\/\\\/www.laguiadepamplona.com\\\/actualidad\\\/#organization\",\"name\":\"La Gu\u00eda de Pamplona \\\/ Noticias\",\"url\":\"https:\\\/\\\/www.laguiadepamplona.com\\\/actualidad\\\/\",\"logo\":{\"@type\":\"ImageObject\",\"inLanguage\":\"es\",\"@id\":\"https:\\\/\\\/www.laguiadepamplona.com\\\/actualidad\\\/#\\\/schema\\\/logo\\\/image\\\/\",\"url\":\"https:\\\/\\\/www.laguiadepamplona.com\\\/actualidad\\\/wp-content\\\/uploads\\\/2018\\\/11\\\/logo-laguiadepamplona18-web1.png\",\"contentUrl\":\"https:\\\/\\\/www.laguiadepamplona.com\\\/actualidad\\\/wp-content\\\/uploads\\\/2018\\\/11\\\/logo-laguiadepamplona18-web1.png\",\"width\":600,\"height\":196,\"caption\":\"La Gu\u00eda de Pamplona \\\/ Noticias\"},\"image\":{\"@id\":\"https:\\\/\\\/www.laguiadepamplona.com\\\/actualidad\\\/#\\\/schema\\\/logo\\\/image\\\/\"},\"sameAs\":[\"https:\\\/\\\/www.facebook.com\\\/laguiadepamplonacom-133175176762273\\\/?ref=hl\",\"https:\\\/\\\/x.com\\\/LaGuiadPamplona\",\"https:\\\/\\\/www.instagram.com\\\/la_guia_de_pamplona\\\/\",\"https:\\\/\\\/www.youtube.com\\\/user\\\/laguiadepamplona\"]},{\"@type\":\"Person\",\"@id\":\"https:\\\/\\\/www.laguiadepamplona.com\\\/actualidad\\\/#\\\/schema\\\/person\\\/efe887376f0213d4657c93adc50b1fdb\",\"name\":\"La Gu\u00eda de Pamplona\",\"image\":{\"@type\":\"ImageObject\",\"inLanguage\":\"es\",\"@id\":\"https:\\\/\\\/secure.gravatar.com\\\/avatar\\\/b6992f131dc8d30ab0dff15446e9d346d9dbd95992de0fef795073f5ea83a81c?s=96&d=mm&r=g\",\"url\":\"https:\\\/\\\/secure.gravatar.com\\\/avatar\\\/b6992f131dc8d30ab0dff15446e9d346d9dbd95992de0fef795073f5ea83a81c?s=96&d=mm&r=g\",\"contentUrl\":\"https:\\\/\\\/secure.gravatar.com\\\/avatar\\\/b6992f131dc8d30ab0dff15446e9d346d9dbd95992de0fef795073f5ea83a81c?s=96&d=mm&r=g\",\"caption\":\"La Gu\u00eda de Pamplona\"}}]}<\/script>\n<!-- \/ Yoast SEO plugin. -->","yoast_head_json":{"title":"Condestable acoge el mi\u00e9rcoles unas jornadas sobre el estudio y el conocimiento de los derechos culturales, organizadas por el Ayuntamiento y Eusko Ikaskuntza","description":"Ambas entidades firmaron un convenio de colaboraci\u00f3n en 2022 para organizar anualmente un evento de difusi\u00f3n cultural en Pamplona","robots":{"index":"index","follow":"follow","max-snippet":"max-snippet:-1","max-image-preview":"max-image-preview:large","max-video-preview":"max-video-preview:-1"},"canonical":"https:\/\/www.laguiadepamplona.com\/actualidad\/condestable-acoge-el-miercoles-unas-jornadas-sobre-el-estudio-y-el-conocimiento-de-los-derechos-culturales-organizadas-por-el-ayuntamiento-y-eusko-ikaskuntza\/","og_locale":"es_ES","og_type":"article","og_title":"Condestable acoge el mi\u00e9rcoles unas jornadas sobre el estudio y el conocimiento de los derechos culturales, organizadas por el Ayuntamiento y Eusko Ikaskuntza","og_description":"Ambas entidades firmaron un convenio de colaboraci\u00f3n en 2022 para organizar anualmente un evento de difusi\u00f3n cultural en Pamplona","og_url":"https:\/\/www.laguiadepamplona.com\/actualidad\/condestable-acoge-el-miercoles-unas-jornadas-sobre-el-estudio-y-el-conocimiento-de-los-derechos-culturales-organizadas-por-el-ayuntamiento-y-eusko-ikaskuntza\/","og_site_name":"La Gu\u00eda de Pamplona","article_publisher":"https:\/\/www.facebook.com\/laguiadepamplonacom-133175176762273\/?ref=hl","article_published_time":"2023-09-15T10:34:10+00:00","og_image":[{"width":950,"height":634,"url":"https:\/\/www.laguiadepamplona.com\/actualidad\/wp-content\/uploads\/2018\/05\/palacio-condestable.jpg","type":"image\/jpeg"}],"author":"La Gu\u00eda de Pamplona","twitter_card":"summary_large_image","twitter_creator":"@LaGuiadPamplona","twitter_site":"@LaGuiadPamplona","twitter_misc":{"Escrito por":"La Gu\u00eda de Pamplona","Tiempo de lectura":"3 minutos"},"schema":{"@context":"https:\/\/schema.org","@graph":[{"@type":"Article","@id":"https:\/\/www.laguiadepamplona.com\/actualidad\/condestable-acoge-el-miercoles-unas-jornadas-sobre-el-estudio-y-el-conocimiento-de-los-derechos-culturales-organizadas-por-el-ayuntamiento-y-eusko-ikaskuntza\/#article","isPartOf":{"@id":"https:\/\/www.laguiadepamplona.com\/actualidad\/condestable-acoge-el-miercoles-unas-jornadas-sobre-el-estudio-y-el-conocimiento-de-los-derechos-culturales-organizadas-por-el-ayuntamiento-y-eusko-ikaskuntza\/"},"author":{"name":"La Gu\u00eda de Pamplona","@id":"https:\/\/www.laguiadepamplona.com\/actualidad\/#\/schema\/person\/efe887376f0213d4657c93adc50b1fdb"},"headline":"Condestable acoge el mi\u00e9rcoles unas jornadas sobre el estudio y el conocimiento de los derechos culturales, organizadas por el Ayuntamiento y Eusko Ikaskuntza","datePublished":"2023-09-15T10:34:10+00:00","mainEntityOfPage":{"@id":"https:\/\/www.laguiadepamplona.com\/actualidad\/condestable-acoge-el-miercoles-unas-jornadas-sobre-el-estudio-y-el-conocimiento-de-los-derechos-culturales-organizadas-por-el-ayuntamiento-y-eusko-ikaskuntza\/"},"wordCount":549,"commentCount":0,"publisher":{"@id":"https:\/\/www.laguiadepamplona.com\/actualidad\/#organization"},"image":{"@id":"https:\/\/www.laguiadepamplona.com\/actualidad\/condestable-acoge-el-miercoles-unas-jornadas-sobre-el-estudio-y-el-conocimiento-de-los-derechos-culturales-organizadas-por-el-ayuntamiento-y-eusko-ikaskuntza\/#primaryimage"},"thumbnailUrl":"https:\/\/www.laguiadepamplona.com\/actualidad\/wp-content\/uploads\/2018\/05\/palacio-condestable.jpg","articleSection":["Ayto Pamplona"],"inLanguage":"es","potentialAction":[{"@type":"CommentAction","name":"Comment","target":["https:\/\/www.laguiadepamplona.com\/actualidad\/condestable-acoge-el-miercoles-unas-jornadas-sobre-el-estudio-y-el-conocimiento-de-los-derechos-culturales-organizadas-por-el-ayuntamiento-y-eusko-ikaskuntza\/#respond"]}]},{"@type":"WebPage","@id":"https:\/\/www.laguiadepamplona.com\/actualidad\/condestable-acoge-el-miercoles-unas-jornadas-sobre-el-estudio-y-el-conocimiento-de-los-derechos-culturales-organizadas-por-el-ayuntamiento-y-eusko-ikaskuntza\/","url":"https:\/\/www.laguiadepamplona.com\/actualidad\/condestable-acoge-el-miercoles-unas-jornadas-sobre-el-estudio-y-el-conocimiento-de-los-derechos-culturales-organizadas-por-el-ayuntamiento-y-eusko-ikaskuntza\/","name":"Condestable acoge el mi\u00e9rcoles unas jornadas sobre el estudio y el conocimiento de los derechos culturales, organizadas por el Ayuntamiento y Eusko Ikaskuntza","isPartOf":{"@id":"https:\/\/www.laguiadepamplona.com\/actualidad\/#website"},"primaryImageOfPage":{"@id":"https:\/\/www.laguiadepamplona.com\/actualidad\/condestable-acoge-el-miercoles-unas-jornadas-sobre-el-estudio-y-el-conocimiento-de-los-derechos-culturales-organizadas-por-el-ayuntamiento-y-eusko-ikaskuntza\/#primaryimage"},"image":{"@id":"https:\/\/www.laguiadepamplona.com\/actualidad\/condestable-acoge-el-miercoles-unas-jornadas-sobre-el-estudio-y-el-conocimiento-de-los-derechos-culturales-organizadas-por-el-ayuntamiento-y-eusko-ikaskuntza\/#primaryimage"},"thumbnailUrl":"https:\/\/www.laguiadepamplona.com\/actualidad\/wp-content\/uploads\/2018\/05\/palacio-condestable.jpg","datePublished":"2023-09-15T10:34:10+00:00","description":"Ambas entidades firmaron un convenio de colaboraci\u00f3n en 2022 para organizar anualmente un evento de difusi\u00f3n cultural en Pamplona","breadcrumb":{"@id":"https:\/\/www.laguiadepamplona.com\/actualidad\/condestable-acoge-el-miercoles-unas-jornadas-sobre-el-estudio-y-el-conocimiento-de-los-derechos-culturales-organizadas-por-el-ayuntamiento-y-eusko-ikaskuntza\/#breadcrumb"},"inLanguage":"es","potentialAction":[{"@type":"ReadAction","target":["https:\/\/www.laguiadepamplona.com\/actualidad\/condestable-acoge-el-miercoles-unas-jornadas-sobre-el-estudio-y-el-conocimiento-de-los-derechos-culturales-organizadas-por-el-ayuntamiento-y-eusko-ikaskuntza\/"]}]},{"@type":"ImageObject","inLanguage":"es","@id":"https:\/\/www.laguiadepamplona.com\/actualidad\/condestable-acoge-el-miercoles-unas-jornadas-sobre-el-estudio-y-el-conocimiento-de-los-derechos-culturales-organizadas-por-el-ayuntamiento-y-eusko-ikaskuntza\/#primaryimage","url":"https:\/\/www.laguiadepamplona.com\/actualidad\/wp-content\/uploads\/2018\/05\/palacio-condestable.jpg","contentUrl":"https:\/\/www.laguiadepamplona.com\/actualidad\/wp-content\/uploads\/2018\/05\/palacio-condestable.jpg","width":950,"height":634,"caption":"civivox condestable"},{"@type":"BreadcrumbList","@id":"https:\/\/www.laguiadepamplona.com\/actualidad\/condestable-acoge-el-miercoles-unas-jornadas-sobre-el-estudio-y-el-conocimiento-de-los-derechos-culturales-organizadas-por-el-ayuntamiento-y-eusko-ikaskuntza\/#breadcrumb","itemListElement":[{"@type":"ListItem","position":1,"name":"Portada","item":"https:\/\/www.laguiadepamplona.com\/actualidad\/"},{"@type":"ListItem","position":2,"name":"Condestable acoge el mi\u00e9rcoles unas jornadas sobre el estudio y el conocimiento de los derechos culturales, organizadas por el Ayuntamiento y Eusko Ikaskuntza"}]},{"@type":"WebSite","@id":"https:\/\/www.laguiadepamplona.com\/actualidad\/#website","url":"https:\/\/www.laguiadepamplona.com\/actualidad\/","name":"La gu\u00eda de Pamplona","description":"Noticias de Pamplona","publisher":{"@id":"https:\/\/www.laguiadepamplona.com\/actualidad\/#organization"},"potentialAction":[{"@type":"SearchAction","target":{"@type":"EntryPoint","urlTemplate":"https:\/\/www.laguiadepamplona.com\/actualidad\/?s={search_term_string}"},"query-input":{"@type":"PropertyValueSpecification","valueRequired":true,"valueName":"search_term_string"}}],"inLanguage":"es"},{"@type":"Organization","@id":"https:\/\/www.laguiadepamplona.com\/actualidad\/#organization","name":"La Gu\u00eda de Pamplona \/ Noticias","url":"https:\/\/www.laguiadepamplona.com\/actualidad\/","logo":{"@type":"ImageObject","inLanguage":"es","@id":"https:\/\/www.laguiadepamplona.com\/actualidad\/#\/schema\/logo\/image\/","url":"https:\/\/www.laguiadepamplona.com\/actualidad\/wp-content\/uploads\/2018\/11\/logo-laguiadepamplona18-web1.png","contentUrl":"https:\/\/www.laguiadepamplona.com\/actualidad\/wp-content\/uploads\/2018\/11\/logo-laguiadepamplona18-web1.png","width":600,"height":196,"caption":"La Gu\u00eda de Pamplona \/ Noticias"},"image":{"@id":"https:\/\/www.laguiadepamplona.com\/actualidad\/#\/schema\/logo\/image\/"},"sameAs":["https:\/\/www.facebook.com\/laguiadepamplonacom-133175176762273\/?ref=hl","https:\/\/x.com\/LaGuiadPamplona","https:\/\/www.instagram.com\/la_guia_de_pamplona\/","https:\/\/www.youtube.com\/user\/laguiadepamplona"]},{"@type":"Person","@id":"https:\/\/www.laguiadepamplona.com\/actualidad\/#\/schema\/person\/efe887376f0213d4657c93adc50b1fdb","name":"La Gu\u00eda de Pamplona","image":{"@type":"ImageObject","inLanguage":"es","@id":"https:\/\/secure.gravatar.com\/avatar\/b6992f131dc8d30ab0dff15446e9d346d9dbd95992de0fef795073f5ea83a81c?s=96&d=mm&r=g","url":"https:\/\/secure.gravatar.com\/avatar\/b6992f131dc8d30ab0dff15446e9d346d9dbd95992de0fef795073f5ea83a81c?s=96&d=mm&r=g","contentUrl":"https:\/\/secure.gravatar.com\/avatar\/b6992f131dc8d30ab0dff15446e9d346d9dbd95992de0fef795073f5ea83a81c?s=96&d=mm&r=g","caption":"La Gu\u00eda de Pamplona"}}]}},"post_mailing_queue_ids":[],"_links":{"self":[{"href":"https:\/\/www.laguiadepamplona.com\/actualidad\/wp-json\/wp\/v2\/posts\/47388","targetHints":{"allow":["GET"]}}],"collection":[{"href":"https:\/\/www.laguiadepamplona.com\/actualidad\/wp-json\/wp\/v2\/posts"}],"about":[{"href":"https:\/\/www.laguiadepamplona.com\/actualidad\/wp-json\/wp\/v2\/types\/post"}],"author":[{"embeddable":true,"href":"https:\/\/www.laguiadepamplona.com\/actualidad\/wp-json\/wp\/v2\/users\/1"}],"replies":[{"embeddable":true,"href":"https:\/\/www.laguiadepamplona.com\/actualidad\/wp-json\/wp\/v2\/comments?post=47388"}],"version-history":[{"count":1,"href":"https:\/\/www.laguiadepamplona.com\/actualidad\/wp-json\/wp\/v2\/posts\/47388\/revisions"}],"predecessor-version":[{"id":47389,"href":"https:\/\/www.laguiadepamplona.com\/actualidad\/wp-json\/wp\/v2\/posts\/47388\/revisions\/47389"}],"wp:featuredmedia":[{"embeddable":true,"href":"https:\/\/www.laguiadepamplona.com\/actualidad\/wp-json\/wp\/v2\/media\/17390"}],"wp:attachment":[{"href":"https:\/\/www.laguiadepamplona.com\/actualidad\/wp-json\/wp\/v2\/media?parent=47388"}],"wp:term":[{"taxonomy":"category","embeddable":true,"href":"https:\/\/www.laguiadepamplona.com\/actualidad\/wp-json\/wp\/v2\/categories?post=47388"},{"taxonomy":"post_tag","embeddable":true,"href":"https:\/\/www.laguiadepamplona.com\/actualidad\/wp-json\/wp\/v2\/tags?post=47388"}],"curies":[{"name":"wp","href":"https:\/\/api.w.org\/{rel}","templated":true}]}}