{"id":47383,"date":"2023-09-15T12:30:47","date_gmt":"2023-09-15T10:30:47","guid":{"rendered":"https:\/\/www.laguiadepamplona.com\/actualidad\/?p=47383"},"modified":"2023-09-15T12:30:47","modified_gmt":"2023-09-15T10:30:47","slug":"policia-municipal-organiza-una-jornada-de-puertas-abiertas-para-que-la-ciudadania-conozca-sus-instalaciones-y-su-actividad","status":"publish","type":"post","link":"https:\/\/www.laguiadepamplona.com\/actualidad\/policia-municipal-organiza-una-jornada-de-puertas-abiertas-para-que-la-ciudadania-conozca-sus-instalaciones-y-su-actividad\/","title":{"rendered":"Polic\u00eda Municipal organiza una jornada de puertas abiertas para que la ciudadan\u00eda conozca sus instalaciones y su actividad"},"content":{"rendered":"<h3>La jornada tendr\u00e1 lugar el pr\u00f3ximo jueves, d\u00eda 21, dentro de los actos organizados para celebrar el patr\u00f3n del cuerpo<\/h3>\n<p><!--more--><\/p>\n<p>Las instalaciones de Polic\u00eda Municipal en la calle Monasterio de Irache se abrir\u00e1n al p\u00fablico el pr\u00f3ximo jueves, d\u00eda 21, en una jornada de puertas abiertas con la que dar a conocer su actividad y su d\u00eda a d\u00eda a la ciudadan\u00eda. \u00c9sta es la primera vez que Polic\u00eda Municipal organiza unas jornadas de este tipo, en las que se podr\u00e1n visitar distintas dependencias y la evoluci\u00f3n de los uniformes a lo largo de los a\u00f1os, en una exposici\u00f3n montada para la ocasi\u00f3n. Estas acciones se inscriben dentro de los actos organizados con motivo de la celebraci\u00f3n del patr\u00f3n de la Polic\u00eda Municipal, San Miguel, el pr\u00f3ximo 29 de septiembre.<br \/>\n<script async src=\"\/\/pagead2.googlesyndication.com\/pagead\/js\/adsbygoogle.js\"><\/script><br \/>\n<!-- Noticias La Guia de Pamplona --><br \/>\n<ins class=\"adsbygoogle\"\nstyle=\"display:block\"\ndata-ad-client=\"ca-pub-6943679897239327\"\ndata-ad-slot=\"7048180777\"\ndata-ad-format=\"auto\"><\/ins><br \/>\n<script>\n(adsbygoogle = window.adsbygoogle || []).push({});\n<\/script><\/p>\n<p>En principio, se han previsto tres visitas guiadas, en horario de ma\u00f1ana (a las 11, a las 12 y a las 13 horas) Las personas interesadas en acudir deber\u00e1n solicitarlo enviando un correo electr\u00f3nico a <a href=\"mailto:rrhhpm@pamplona.es\">rrhhpm@pamplona.es<\/a>, indicando el nombre, dos apellidos y DNI y el horario de visita deseado, hasta el d\u00eda 20.<\/p>\n<p>En las visitas, de aproximadamente 45 minutos de duraci\u00f3n, se recorrer\u00e1n las instalaciones de Polic\u00eda Municipal, para conocer de primera mano el trabajo de las distintas unidades. As\u00ed, se visitar\u00e1 la oficina de denuncias y el CECOP, el centro de coordinaci\u00f3n operativa, desde donde se vigilan las distintas c\u00e1maras de la ciudad, adem\u00e1s del parque m\u00f3vil. Adem\u00e1s, se explicar\u00e1 a las personas asistentes c\u00f3mo se desarrolla un d\u00eda habitual, desde el comienzo de la jornada con un \u2018briefing\u2019, donde se explica las incidencias del d\u00eda y se realiza el reparto de funciones entre los distintos agentes.<br \/>\n<script async src=\"\/\/pagead2.googlesyndication.com\/pagead\/js\/adsbygoogle.js\"><\/script><br \/>\n<!-- Noticias La Guia de Pamplona --><br \/>\n<ins class=\"adsbygoogle\"\nstyle=\"display:block\"\ndata-ad-client=\"ca-pub-6943679897239327\"\ndata-ad-slot=\"7048180777\"\ndata-ad-format=\"auto\"><\/ins><br \/>\n<script>\n(adsbygoogle = window.adsbygoogle || []).push({});\n<\/script><\/p>\n<p>Para la ocasi\u00f3n, se habilitar\u00e1 tambi\u00e9n la sala de usos m\u00faltiples como un peque\u00f1o espacio de exposici\u00f3n, en el que se podr\u00e1n ver los distintos uniformes que ha lucido la Polic\u00eda Municipal en distintas \u00e9pocas y para las distintas unidades, y se mostrar\u00e1n diversas herramientas de trabajo.<\/p>\n<p>Esta jornada de puertas abiertas se completar\u00e1 con una jornada para familiares de los agentes, que se celebrar\u00e1 al d\u00eda siguiente, el viernes 22, y en el que se mostrar\u00e1n las mismas dependencias. Adem\u00e1s de las visitas, se llevar\u00e1n a cabo sendos campeonatos de tiro, de futbol y de frontenis, entre los distintos servicios y cuerpos policiales, que se desarrollar\u00e1n entre los d\u00edas 27 y 28 de este mes.<\/p>\n","protected":false},"excerpt":{"rendered":"<p>La jornada tendr\u00e1 lugar el pr\u00f3ximo jueves, d\u00eda 21, dentro de los actos organizados para celebrar el patr\u00f3n del cuerpo<\/p>\n","protected":false},"author":1,"featured_media":39130,"comment_status":"open","ping_status":"closed","sticky":false,"template":"","format":"standard","meta":{"footnotes":""},"categories":[2],"tags":[],"class_list":["post-47383","post","type-post","status-publish","format-standard","has-post-thumbnail","hentry","category-ayuntamiento-pamplona"],"yoast_head":"<!-- This site is optimized with the Yoast SEO plugin v27.3 - https:\/\/yoast.com\/product\/yoast-seo-wordpress\/ -->\n<title>Polic\u00eda Municipal organiza una jornada de puertas abiertas para que la ciudadan\u00eda conozca sus instalaciones y su actividad<\/title>\n<meta name=\"description\" content=\"La jornada tendr\u00e1 lugar el pr\u00f3ximo jueves, d\u00eda 21, dentro de los actos organizados para celebrar el patr\u00f3n del cuerpo\" \/>\n<meta name=\"robots\" content=\"index, follow, max-snippet:-1, max-image-preview:large, max-video-preview:-1\" \/>\n<link rel=\"canonical\" href=\"https:\/\/www.laguiadepamplona.com\/actualidad\/policia-municipal-organiza-una-jornada-de-puertas-abiertas-para-que-la-ciudadania-conozca-sus-instalaciones-y-su-actividad\/\" \/>\n<meta property=\"og:locale\" content=\"es_ES\" \/>\n<meta property=\"og:type\" content=\"article\" \/>\n<meta property=\"og:title\" content=\"Polic\u00eda Municipal organiza una jornada de puertas abiertas para que la ciudadan\u00eda conozca sus instalaciones y su actividad\" \/>\n<meta property=\"og:description\" content=\"La jornada tendr\u00e1 lugar el pr\u00f3ximo jueves, d\u00eda 21, dentro de los actos organizados para celebrar el patr\u00f3n del cuerpo\" \/>\n<meta property=\"og:url\" content=\"https:\/\/www.laguiadepamplona.com\/actualidad\/policia-municipal-organiza-una-jornada-de-puertas-abiertas-para-que-la-ciudadania-conozca-sus-instalaciones-y-su-actividad\/\" \/>\n<meta property=\"og:site_name\" content=\"La Gu\u00eda de Pamplona\" \/>\n<meta property=\"article:publisher\" content=\"https:\/\/www.facebook.com\/laguiadepamplonacom-133175176762273\/?ref=hl\" \/>\n<meta property=\"article:published_time\" content=\"2023-09-15T10:30:47+00:00\" \/>\n<meta property=\"og:image\" content=\"https:\/\/www.laguiadepamplona.com\/actualidad\/wp-content\/uploads\/2022\/03\/policia-comunitaria-web_1.jpg\" \/>\n\t<meta property=\"og:image:width\" content=\"1818\" \/>\n\t<meta property=\"og:image:height\" content=\"1212\" \/>\n\t<meta property=\"og:image:type\" content=\"image\/jpeg\" \/>\n<meta name=\"author\" content=\"La Gu\u00eda de Pamplona\" \/>\n<meta name=\"twitter:card\" content=\"summary_large_image\" \/>\n<meta name=\"twitter:creator\" content=\"@LaGuiadPamplona\" \/>\n<meta name=\"twitter:site\" content=\"@LaGuiadPamplona\" \/>\n<meta name=\"twitter:label1\" content=\"Escrito por\" \/>\n\t<meta name=\"twitter:data1\" content=\"La Gu\u00eda de Pamplona\" \/>\n\t<meta name=\"twitter:label2\" content=\"Tiempo de lectura\" \/>\n\t<meta name=\"twitter:data2\" content=\"2 minutos\" \/>\n<script type=\"application\/ld+json\" class=\"yoast-schema-graph\">{\"@context\":\"https:\\\/\\\/schema.org\",\"@graph\":[{\"@type\":\"Article\",\"@id\":\"https:\\\/\\\/www.laguiadepamplona.com\\\/actualidad\\\/policia-municipal-organiza-una-jornada-de-puertas-abiertas-para-que-la-ciudadania-conozca-sus-instalaciones-y-su-actividad\\\/#article\",\"isPartOf\":{\"@id\":\"https:\\\/\\\/www.laguiadepamplona.com\\\/actualidad\\\/policia-municipal-organiza-una-jornada-de-puertas-abiertas-para-que-la-ciudadania-conozca-sus-instalaciones-y-su-actividad\\\/\"},\"author\":{\"name\":\"La Gu\u00eda de Pamplona\",\"@id\":\"https:\\\/\\\/www.laguiadepamplona.com\\\/actualidad\\\/#\\\/schema\\\/person\\\/efe887376f0213d4657c93adc50b1fdb\"},\"headline\":\"Polic\u00eda Municipal organiza una jornada de puertas abiertas para que la ciudadan\u00eda conozca sus instalaciones y su actividad\",\"datePublished\":\"2023-09-15T10:30:47+00:00\",\"mainEntityOfPage\":{\"@id\":\"https:\\\/\\\/www.laguiadepamplona.com\\\/actualidad\\\/policia-municipal-organiza-una-jornada-de-puertas-abiertas-para-que-la-ciudadania-conozca-sus-instalaciones-y-su-actividad\\\/\"},\"wordCount\":456,\"commentCount\":0,\"publisher\":{\"@id\":\"https:\\\/\\\/www.laguiadepamplona.com\\\/actualidad\\\/#organization\"},\"image\":{\"@id\":\"https:\\\/\\\/www.laguiadepamplona.com\\\/actualidad\\\/policia-municipal-organiza-una-jornada-de-puertas-abiertas-para-que-la-ciudadania-conozca-sus-instalaciones-y-su-actividad\\\/#primaryimage\"},\"thumbnailUrl\":\"https:\\\/\\\/www.laguiadepamplona.com\\\/actualidad\\\/wp-content\\\/uploads\\\/2022\\\/03\\\/policia-comunitaria-web_1.jpg\",\"articleSection\":[\"Ayto Pamplona\"],\"inLanguage\":\"es\",\"potentialAction\":[{\"@type\":\"CommentAction\",\"name\":\"Comment\",\"target\":[\"https:\\\/\\\/www.laguiadepamplona.com\\\/actualidad\\\/policia-municipal-organiza-una-jornada-de-puertas-abiertas-para-que-la-ciudadania-conozca-sus-instalaciones-y-su-actividad\\\/#respond\"]}]},{\"@type\":\"WebPage\",\"@id\":\"https:\\\/\\\/www.laguiadepamplona.com\\\/actualidad\\\/policia-municipal-organiza-una-jornada-de-puertas-abiertas-para-que-la-ciudadania-conozca-sus-instalaciones-y-su-actividad\\\/\",\"url\":\"https:\\\/\\\/www.laguiadepamplona.com\\\/actualidad\\\/policia-municipal-organiza-una-jornada-de-puertas-abiertas-para-que-la-ciudadania-conozca-sus-instalaciones-y-su-actividad\\\/\",\"name\":\"Polic\u00eda Municipal organiza una jornada de puertas abiertas para que la ciudadan\u00eda conozca sus instalaciones y su actividad\",\"isPartOf\":{\"@id\":\"https:\\\/\\\/www.laguiadepamplona.com\\\/actualidad\\\/#website\"},\"primaryImageOfPage\":{\"@id\":\"https:\\\/\\\/www.laguiadepamplona.com\\\/actualidad\\\/policia-municipal-organiza-una-jornada-de-puertas-abiertas-para-que-la-ciudadania-conozca-sus-instalaciones-y-su-actividad\\\/#primaryimage\"},\"image\":{\"@id\":\"https:\\\/\\\/www.laguiadepamplona.com\\\/actualidad\\\/policia-municipal-organiza-una-jornada-de-puertas-abiertas-para-que-la-ciudadania-conozca-sus-instalaciones-y-su-actividad\\\/#primaryimage\"},\"thumbnailUrl\":\"https:\\\/\\\/www.laguiadepamplona.com\\\/actualidad\\\/wp-content\\\/uploads\\\/2022\\\/03\\\/policia-comunitaria-web_1.jpg\",\"datePublished\":\"2023-09-15T10:30:47+00:00\",\"description\":\"La jornada tendr\u00e1 lugar el pr\u00f3ximo jueves, d\u00eda 21, dentro de los actos organizados para celebrar el patr\u00f3n del cuerpo\",\"breadcrumb\":{\"@id\":\"https:\\\/\\\/www.laguiadepamplona.com\\\/actualidad\\\/policia-municipal-organiza-una-jornada-de-puertas-abiertas-para-que-la-ciudadania-conozca-sus-instalaciones-y-su-actividad\\\/#breadcrumb\"},\"inLanguage\":\"es\",\"potentialAction\":[{\"@type\":\"ReadAction\",\"target\":[\"https:\\\/\\\/www.laguiadepamplona.com\\\/actualidad\\\/policia-municipal-organiza-una-jornada-de-puertas-abiertas-para-que-la-ciudadania-conozca-sus-instalaciones-y-su-actividad\\\/\"]}]},{\"@type\":\"ImageObject\",\"inLanguage\":\"es\",\"@id\":\"https:\\\/\\\/www.laguiadepamplona.com\\\/actualidad\\\/policia-municipal-organiza-una-jornada-de-puertas-abiertas-para-que-la-ciudadania-conozca-sus-instalaciones-y-su-actividad\\\/#primaryimage\",\"url\":\"https:\\\/\\\/www.laguiadepamplona.com\\\/actualidad\\\/wp-content\\\/uploads\\\/2022\\\/03\\\/policia-comunitaria-web_1.jpg\",\"contentUrl\":\"https:\\\/\\\/www.laguiadepamplona.com\\\/actualidad\\\/wp-content\\\/uploads\\\/2022\\\/03\\\/policia-comunitaria-web_1.jpg\",\"width\":1818,\"height\":1212,\"caption\":\"polic\u00eda comunitaria\"},{\"@type\":\"BreadcrumbList\",\"@id\":\"https:\\\/\\\/www.laguiadepamplona.com\\\/actualidad\\\/policia-municipal-organiza-una-jornada-de-puertas-abiertas-para-que-la-ciudadania-conozca-sus-instalaciones-y-su-actividad\\\/#breadcrumb\",\"itemListElement\":[{\"@type\":\"ListItem\",\"position\":1,\"name\":\"Portada\",\"item\":\"https:\\\/\\\/www.laguiadepamplona.com\\\/actualidad\\\/\"},{\"@type\":\"ListItem\",\"position\":2,\"name\":\"Polic\u00eda Municipal organiza una jornada de puertas abiertas para que la ciudadan\u00eda conozca sus instalaciones y su actividad\"}]},{\"@type\":\"WebSite\",\"@id\":\"https:\\\/\\\/www.laguiadepamplona.com\\\/actualidad\\\/#website\",\"url\":\"https:\\\/\\\/www.laguiadepamplona.com\\\/actualidad\\\/\",\"name\":\"La gu\u00eda de Pamplona\",\"description\":\"Noticias de Pamplona\",\"publisher\":{\"@id\":\"https:\\\/\\\/www.laguiadepamplona.com\\\/actualidad\\\/#organization\"},\"potentialAction\":[{\"@type\":\"SearchAction\",\"target\":{\"@type\":\"EntryPoint\",\"urlTemplate\":\"https:\\\/\\\/www.laguiadepamplona.com\\\/actualidad\\\/?s={search_term_string}\"},\"query-input\":{\"@type\":\"PropertyValueSpecification\",\"valueRequired\":true,\"valueName\":\"search_term_string\"}}],\"inLanguage\":\"es\"},{\"@type\":\"Organization\",\"@id\":\"https:\\\/\\\/www.laguiadepamplona.com\\\/actualidad\\\/#organization\",\"name\":\"La Gu\u00eda de Pamplona \\\/ Noticias\",\"url\":\"https:\\\/\\\/www.laguiadepamplona.com\\\/actualidad\\\/\",\"logo\":{\"@type\":\"ImageObject\",\"inLanguage\":\"es\",\"@id\":\"https:\\\/\\\/www.laguiadepamplona.com\\\/actualidad\\\/#\\\/schema\\\/logo\\\/image\\\/\",\"url\":\"https:\\\/\\\/www.laguiadepamplona.com\\\/actualidad\\\/wp-content\\\/uploads\\\/2018\\\/11\\\/logo-laguiadepamplona18-web1.png\",\"contentUrl\":\"https:\\\/\\\/www.laguiadepamplona.com\\\/actualidad\\\/wp-content\\\/uploads\\\/2018\\\/11\\\/logo-laguiadepamplona18-web1.png\",\"width\":600,\"height\":196,\"caption\":\"La Gu\u00eda de Pamplona \\\/ Noticias\"},\"image\":{\"@id\":\"https:\\\/\\\/www.laguiadepamplona.com\\\/actualidad\\\/#\\\/schema\\\/logo\\\/image\\\/\"},\"sameAs\":[\"https:\\\/\\\/www.facebook.com\\\/laguiadepamplonacom-133175176762273\\\/?ref=hl\",\"https:\\\/\\\/x.com\\\/LaGuiadPamplona\",\"https:\\\/\\\/www.instagram.com\\\/la_guia_de_pamplona\\\/\",\"https:\\\/\\\/www.youtube.com\\\/user\\\/laguiadepamplona\"]},{\"@type\":\"Person\",\"@id\":\"https:\\\/\\\/www.laguiadepamplona.com\\\/actualidad\\\/#\\\/schema\\\/person\\\/efe887376f0213d4657c93adc50b1fdb\",\"name\":\"La Gu\u00eda de Pamplona\",\"image\":{\"@type\":\"ImageObject\",\"inLanguage\":\"es\",\"@id\":\"https:\\\/\\\/secure.gravatar.com\\\/avatar\\\/b6992f131dc8d30ab0dff15446e9d346d9dbd95992de0fef795073f5ea83a81c?s=96&d=mm&r=g\",\"url\":\"https:\\\/\\\/secure.gravatar.com\\\/avatar\\\/b6992f131dc8d30ab0dff15446e9d346d9dbd95992de0fef795073f5ea83a81c?s=96&d=mm&r=g\",\"contentUrl\":\"https:\\\/\\\/secure.gravatar.com\\\/avatar\\\/b6992f131dc8d30ab0dff15446e9d346d9dbd95992de0fef795073f5ea83a81c?s=96&d=mm&r=g\",\"caption\":\"La Gu\u00eda de Pamplona\"}}]}<\/script>\n<!-- \/ Yoast SEO plugin. -->","yoast_head_json":{"title":"Polic\u00eda Municipal organiza una jornada de puertas abiertas para que la ciudadan\u00eda conozca sus instalaciones y su actividad","description":"La jornada tendr\u00e1 lugar el pr\u00f3ximo jueves, d\u00eda 21, dentro de los actos organizados para celebrar el patr\u00f3n del cuerpo","robots":{"index":"index","follow":"follow","max-snippet":"max-snippet:-1","max-image-preview":"max-image-preview:large","max-video-preview":"max-video-preview:-1"},"canonical":"https:\/\/www.laguiadepamplona.com\/actualidad\/policia-municipal-organiza-una-jornada-de-puertas-abiertas-para-que-la-ciudadania-conozca-sus-instalaciones-y-su-actividad\/","og_locale":"es_ES","og_type":"article","og_title":"Polic\u00eda Municipal organiza una jornada de puertas abiertas para que la ciudadan\u00eda conozca sus instalaciones y su actividad","og_description":"La jornada tendr\u00e1 lugar el pr\u00f3ximo jueves, d\u00eda 21, dentro de los actos organizados para celebrar el patr\u00f3n del cuerpo","og_url":"https:\/\/www.laguiadepamplona.com\/actualidad\/policia-municipal-organiza-una-jornada-de-puertas-abiertas-para-que-la-ciudadania-conozca-sus-instalaciones-y-su-actividad\/","og_site_name":"La Gu\u00eda de Pamplona","article_publisher":"https:\/\/www.facebook.com\/laguiadepamplonacom-133175176762273\/?ref=hl","article_published_time":"2023-09-15T10:30:47+00:00","og_image":[{"width":1818,"height":1212,"url":"https:\/\/www.laguiadepamplona.com\/actualidad\/wp-content\/uploads\/2022\/03\/policia-comunitaria-web_1.jpg","type":"image\/jpeg"}],"author":"La Gu\u00eda de Pamplona","twitter_card":"summary_large_image","twitter_creator":"@LaGuiadPamplona","twitter_site":"@LaGuiadPamplona","twitter_misc":{"Escrito por":"La Gu\u00eda de Pamplona","Tiempo de lectura":"2 minutos"},"schema":{"@context":"https:\/\/schema.org","@graph":[{"@type":"Article","@id":"https:\/\/www.laguiadepamplona.com\/actualidad\/policia-municipal-organiza-una-jornada-de-puertas-abiertas-para-que-la-ciudadania-conozca-sus-instalaciones-y-su-actividad\/#article","isPartOf":{"@id":"https:\/\/www.laguiadepamplona.com\/actualidad\/policia-municipal-organiza-una-jornada-de-puertas-abiertas-para-que-la-ciudadania-conozca-sus-instalaciones-y-su-actividad\/"},"author":{"name":"La Gu\u00eda de Pamplona","@id":"https:\/\/www.laguiadepamplona.com\/actualidad\/#\/schema\/person\/efe887376f0213d4657c93adc50b1fdb"},"headline":"Polic\u00eda Municipal organiza una jornada de puertas abiertas para que la ciudadan\u00eda conozca sus instalaciones y su actividad","datePublished":"2023-09-15T10:30:47+00:00","mainEntityOfPage":{"@id":"https:\/\/www.laguiadepamplona.com\/actualidad\/policia-municipal-organiza-una-jornada-de-puertas-abiertas-para-que-la-ciudadania-conozca-sus-instalaciones-y-su-actividad\/"},"wordCount":456,"commentCount":0,"publisher":{"@id":"https:\/\/www.laguiadepamplona.com\/actualidad\/#organization"},"image":{"@id":"https:\/\/www.laguiadepamplona.com\/actualidad\/policia-municipal-organiza-una-jornada-de-puertas-abiertas-para-que-la-ciudadania-conozca-sus-instalaciones-y-su-actividad\/#primaryimage"},"thumbnailUrl":"https:\/\/www.laguiadepamplona.com\/actualidad\/wp-content\/uploads\/2022\/03\/policia-comunitaria-web_1.jpg","articleSection":["Ayto Pamplona"],"inLanguage":"es","potentialAction":[{"@type":"CommentAction","name":"Comment","target":["https:\/\/www.laguiadepamplona.com\/actualidad\/policia-municipal-organiza-una-jornada-de-puertas-abiertas-para-que-la-ciudadania-conozca-sus-instalaciones-y-su-actividad\/#respond"]}]},{"@type":"WebPage","@id":"https:\/\/www.laguiadepamplona.com\/actualidad\/policia-municipal-organiza-una-jornada-de-puertas-abiertas-para-que-la-ciudadania-conozca-sus-instalaciones-y-su-actividad\/","url":"https:\/\/www.laguiadepamplona.com\/actualidad\/policia-municipal-organiza-una-jornada-de-puertas-abiertas-para-que-la-ciudadania-conozca-sus-instalaciones-y-su-actividad\/","name":"Polic\u00eda Municipal organiza una jornada de puertas abiertas para que la ciudadan\u00eda conozca sus instalaciones y su actividad","isPartOf":{"@id":"https:\/\/www.laguiadepamplona.com\/actualidad\/#website"},"primaryImageOfPage":{"@id":"https:\/\/www.laguiadepamplona.com\/actualidad\/policia-municipal-organiza-una-jornada-de-puertas-abiertas-para-que-la-ciudadania-conozca-sus-instalaciones-y-su-actividad\/#primaryimage"},"image":{"@id":"https:\/\/www.laguiadepamplona.com\/actualidad\/policia-municipal-organiza-una-jornada-de-puertas-abiertas-para-que-la-ciudadania-conozca-sus-instalaciones-y-su-actividad\/#primaryimage"},"thumbnailUrl":"https:\/\/www.laguiadepamplona.com\/actualidad\/wp-content\/uploads\/2022\/03\/policia-comunitaria-web_1.jpg","datePublished":"2023-09-15T10:30:47+00:00","description":"La jornada tendr\u00e1 lugar el pr\u00f3ximo jueves, d\u00eda 21, dentro de los actos organizados para celebrar el patr\u00f3n del cuerpo","breadcrumb":{"@id":"https:\/\/www.laguiadepamplona.com\/actualidad\/policia-municipal-organiza-una-jornada-de-puertas-abiertas-para-que-la-ciudadania-conozca-sus-instalaciones-y-su-actividad\/#breadcrumb"},"inLanguage":"es","potentialAction":[{"@type":"ReadAction","target":["https:\/\/www.laguiadepamplona.com\/actualidad\/policia-municipal-organiza-una-jornada-de-puertas-abiertas-para-que-la-ciudadania-conozca-sus-instalaciones-y-su-actividad\/"]}]},{"@type":"ImageObject","inLanguage":"es","@id":"https:\/\/www.laguiadepamplona.com\/actualidad\/policia-municipal-organiza-una-jornada-de-puertas-abiertas-para-que-la-ciudadania-conozca-sus-instalaciones-y-su-actividad\/#primaryimage","url":"https:\/\/www.laguiadepamplona.com\/actualidad\/wp-content\/uploads\/2022\/03\/policia-comunitaria-web_1.jpg","contentUrl":"https:\/\/www.laguiadepamplona.com\/actualidad\/wp-content\/uploads\/2022\/03\/policia-comunitaria-web_1.jpg","width":1818,"height":1212,"caption":"polic\u00eda comunitaria"},{"@type":"BreadcrumbList","@id":"https:\/\/www.laguiadepamplona.com\/actualidad\/policia-municipal-organiza-una-jornada-de-puertas-abiertas-para-que-la-ciudadania-conozca-sus-instalaciones-y-su-actividad\/#breadcrumb","itemListElement":[{"@type":"ListItem","position":1,"name":"Portada","item":"https:\/\/www.laguiadepamplona.com\/actualidad\/"},{"@type":"ListItem","position":2,"name":"Polic\u00eda Municipal organiza una jornada de puertas abiertas para que la ciudadan\u00eda conozca sus instalaciones y su actividad"}]},{"@type":"WebSite","@id":"https:\/\/www.laguiadepamplona.com\/actualidad\/#website","url":"https:\/\/www.laguiadepamplona.com\/actualidad\/","name":"La gu\u00eda de Pamplona","description":"Noticias de Pamplona","publisher":{"@id":"https:\/\/www.laguiadepamplona.com\/actualidad\/#organization"},"potentialAction":[{"@type":"SearchAction","target":{"@type":"EntryPoint","urlTemplate":"https:\/\/www.laguiadepamplona.com\/actualidad\/?s={search_term_string}"},"query-input":{"@type":"PropertyValueSpecification","valueRequired":true,"valueName":"search_term_string"}}],"inLanguage":"es"},{"@type":"Organization","@id":"https:\/\/www.laguiadepamplona.com\/actualidad\/#organization","name":"La Gu\u00eda de Pamplona \/ Noticias","url":"https:\/\/www.laguiadepamplona.com\/actualidad\/","logo":{"@type":"ImageObject","inLanguage":"es","@id":"https:\/\/www.laguiadepamplona.com\/actualidad\/#\/schema\/logo\/image\/","url":"https:\/\/www.laguiadepamplona.com\/actualidad\/wp-content\/uploads\/2018\/11\/logo-laguiadepamplona18-web1.png","contentUrl":"https:\/\/www.laguiadepamplona.com\/actualidad\/wp-content\/uploads\/2018\/11\/logo-laguiadepamplona18-web1.png","width":600,"height":196,"caption":"La Gu\u00eda de Pamplona \/ Noticias"},"image":{"@id":"https:\/\/www.laguiadepamplona.com\/actualidad\/#\/schema\/logo\/image\/"},"sameAs":["https:\/\/www.facebook.com\/laguiadepamplonacom-133175176762273\/?ref=hl","https:\/\/x.com\/LaGuiadPamplona","https:\/\/www.instagram.com\/la_guia_de_pamplona\/","https:\/\/www.youtube.com\/user\/laguiadepamplona"]},{"@type":"Person","@id":"https:\/\/www.laguiadepamplona.com\/actualidad\/#\/schema\/person\/efe887376f0213d4657c93adc50b1fdb","name":"La Gu\u00eda de Pamplona","image":{"@type":"ImageObject","inLanguage":"es","@id":"https:\/\/secure.gravatar.com\/avatar\/b6992f131dc8d30ab0dff15446e9d346d9dbd95992de0fef795073f5ea83a81c?s=96&d=mm&r=g","url":"https:\/\/secure.gravatar.com\/avatar\/b6992f131dc8d30ab0dff15446e9d346d9dbd95992de0fef795073f5ea83a81c?s=96&d=mm&r=g","contentUrl":"https:\/\/secure.gravatar.com\/avatar\/b6992f131dc8d30ab0dff15446e9d346d9dbd95992de0fef795073f5ea83a81c?s=96&d=mm&r=g","caption":"La Gu\u00eda de Pamplona"}}]}},"post_mailing_queue_ids":[],"_links":{"self":[{"href":"https:\/\/www.laguiadepamplona.com\/actualidad\/wp-json\/wp\/v2\/posts\/47383","targetHints":{"allow":["GET"]}}],"collection":[{"href":"https:\/\/www.laguiadepamplona.com\/actualidad\/wp-json\/wp\/v2\/posts"}],"about":[{"href":"https:\/\/www.laguiadepamplona.com\/actualidad\/wp-json\/wp\/v2\/types\/post"}],"author":[{"embeddable":true,"href":"https:\/\/www.laguiadepamplona.com\/actualidad\/wp-json\/wp\/v2\/users\/1"}],"replies":[{"embeddable":true,"href":"https:\/\/www.laguiadepamplona.com\/actualidad\/wp-json\/wp\/v2\/comments?post=47383"}],"version-history":[{"count":1,"href":"https:\/\/www.laguiadepamplona.com\/actualidad\/wp-json\/wp\/v2\/posts\/47383\/revisions"}],"predecessor-version":[{"id":47384,"href":"https:\/\/www.laguiadepamplona.com\/actualidad\/wp-json\/wp\/v2\/posts\/47383\/revisions\/47384"}],"wp:featuredmedia":[{"embeddable":true,"href":"https:\/\/www.laguiadepamplona.com\/actualidad\/wp-json\/wp\/v2\/media\/39130"}],"wp:attachment":[{"href":"https:\/\/www.laguiadepamplona.com\/actualidad\/wp-json\/wp\/v2\/media?parent=47383"}],"wp:term":[{"taxonomy":"category","embeddable":true,"href":"https:\/\/www.laguiadepamplona.com\/actualidad\/wp-json\/wp\/v2\/categories?post=47383"},{"taxonomy":"post_tag","embeddable":true,"href":"https:\/\/www.laguiadepamplona.com\/actualidad\/wp-json\/wp\/v2\/tags?post=47383"}],"curies":[{"name":"wp","href":"https:\/\/api.w.org\/{rel}","templated":true}]}}