{"id":47380,"date":"2023-09-15T12:29:35","date_gmt":"2023-09-15T10:29:35","guid":{"rendered":"https:\/\/www.laguiadepamplona.com\/actualidad\/?p=47380"},"modified":"2023-09-15T12:29:35","modified_gmt":"2023-09-15T10:29:35","slug":"abierta-la-inscripcion-para-las-nuevas-actividades-de-los-jueves-y-viernes-ociosos-para-mayores-de-65-anos","status":"publish","type":"post","link":"https:\/\/www.laguiadepamplona.com\/actualidad\/abierta-la-inscripcion-para-las-nuevas-actividades-de-los-jueves-y-viernes-ociosos-para-mayores-de-65-anos\/","title":{"rendered":"Abierta la inscripci\u00f3n para las nuevas actividades de los \u2018Jueves y viernes ociosos\u2019 para mayores de 65 a\u00f1os"},"content":{"rendered":"<h3>Las actividades se desarrollar\u00e1n en octubre, en horario de 11 a 12.30<\/h3>\n<p><!--more--><\/p>\n<p>Tras el par\u00f3n estival, vuelve el programa \u2018Jueves y viernes ociosos\u2019, con actividades para mayores de 65 a\u00f1os en los distintos barrios de la ciudad. Las actividades, que tienen un coste de 2,5 euros cada una, arrancar\u00e1n en el mes de octubre, pero ya est\u00e1 abierta la inscripci\u00f3n, a trav\u00e9s del tel\u00e9fono de atenci\u00f3n ciudadana 010 (948 420 100 si se llama desde un tel\u00e9fono fijo o desde fuera de Pamplona). Las plazas se otorgar\u00e1n por orden de llamada.<br \/>\n<script async src=\"\/\/pagead2.googlesyndication.com\/pagead\/js\/adsbygoogle.js\"><\/script><br \/>\n<!-- Noticias La Guia de Pamplona --><br \/>\n<ins class=\"adsbygoogle\"\nstyle=\"display:block\"\ndata-ad-client=\"ca-pub-6943679897239327\"\ndata-ad-slot=\"7048180777\"\ndata-ad-format=\"auto\"><\/ins><br \/>\n<script>\n(adsbygoogle = window.adsbygoogle || []).push({});\n<\/script><\/p>\n<p>Las personas interesadas podr\u00e1n realizar actividades de distinta \u00edndole, los jueves y viernes de octubre en horario de ma\u00f1ana, de 11 a 12.30 horas. As\u00ed, se ha programado canto, bailes, aerobic para seniors, mindfulness, espalda sana, psicomotricidad y relajaci\u00f3n, entre otras propuestas. Tambi\u00e9n se ofrecer\u00e1 en varios centros la actividad \u2018Aprende a utilizar tu tel\u00e9fono m\u00f3vil\u2019, como una herramienta m\u00e1s para integrar a las personas de edad en una sociedad cada vez m\u00e1s tecnol\u00f3gica. Otra propuesta que se repite en varios barrios es \u2018\u00bfEjercitamos nuestra mente?\u2019, que tendr\u00e1 dos sesiones en octubre.<\/p>\n<p>Las actividades se han proyectado en el Centro Covive Oskia (San Juan), el Centro Comunitario Salesianas (Txantrea), Centro Covive Larrabide (Ensanche), Centro San Juan Bosco (Iturrama), Centro Comunitario Plazara (Casco Antiguo), el local intergeneracional San Mar\u00eda La Real y en el Centro Comunitario La Carbonilla (Rochapea).<br \/>\n<script async src=\"\/\/pagead2.googlesyndication.com\/pagead\/js\/adsbygoogle.js\"><\/script><br \/>\n<!-- Noticias La Guia de Pamplona --><br \/>\n<ins class=\"adsbygoogle\"\nstyle=\"display:block\"\ndata-ad-client=\"ca-pub-6943679897239327\"\ndata-ad-slot=\"7048180777\"\ndata-ad-format=\"auto\"><\/ins><br \/>\n<script>\n(adsbygoogle = window.adsbygoogle || []).push({});\n<\/script><\/p>\n<p>&nbsp;<\/p>\n<h3>Jueves y Viernes Ociosos. Actividades<\/h3>\n<ul>\n<li>Jueves 5\n<ul>\n<li>Aprende a usar tu voz. Centro Convive Oskia (Plaza Virgen de Oskia, sn.)<\/li>\n<li>Iniciaci\u00f3n. Centro Comunitario Salesianas. (c\/Cuenca de Pamplona, 24)<\/li>\n<\/ul>\n<\/li>\n<li>Viernes 6\n<ul>\n<li>Aprende a utilizar tu tel\u00e9fono m\u00f3vil. Centro Convive Larrabide (c\/ Goroabe, 25).<\/li>\n<li>Aerobic Senior. Centro San Juan Bosco (c\/ San Juan Bosco, 15)<\/li>\n<\/ul>\n<\/li>\n<li>Viernes 13\n<ul>\n<li>Aprende a utilizar tu tel\u00e9fono m\u00f3vil. Centro Convive Larrabide (c\/ Goroabe, 25)<\/li>\n<\/ul>\n<\/li>\n<li>Jueves 19\n<ul>\n<li>Mindulness en Movimiento. Centro Comunitario Plazara (c\/ Mayor, 31)<\/li>\n<\/ul>\n<\/li>\n<li>Viernes 20\n<ul>\n<li>Aprende a utilizar tu tel\u00e9fono m\u00f3vil. Centro Convive Larrabide (c\/ Goroabe, 25)<\/li>\n<li>Espalda sana. Local intergeneracional Santa Mar\u00eda La Real (c\/Mutilva Baja, 19)<\/li>\n<li>\u00bfEjercitamos nuestra mente? Centro Comunitario La Carbonilla (Avda. Marcelo Celayeta, 51)<\/li>\n<\/ul>\n<\/li>\n<li>Jueves 26\n<ul>\n<li>Desarrolla tus capacidades. Centro Comunitario Plazara (c\/ Mayor, 31)<\/li>\n<li>Memoria en movimiento. Centro San Juan Bosco (c\/ San Juan Bosco, 15)<\/li>\n<\/ul>\n<\/li>\n<li>Viernes 27\n<ul>\n<li>Respiraci\u00f3n y relajaci\u00f3n. Local intergeneracional Santa Mar\u00eda La Real (c\/Mutilva Baja, 19)<\/li>\n<li>\u00bfEjercitamos nuestra mente? Centro Convive Ermitaga\u00f1a (c\/ Traves\u00eda Francisco Ales\u00f3n sn).<\/li>\n<\/ul>\n<\/li>\n<\/ul>\n","protected":false},"excerpt":{"rendered":"<p>Las actividades se desarrollar\u00e1n en octubre, en horario de 11 a 12.30<\/p>\n","protected":false},"author":1,"featured_media":47381,"comment_status":"open","ping_status":"closed","sticky":false,"template":"","format":"standard","meta":{"footnotes":""},"categories":[2],"tags":[],"class_list":["post-47380","post","type-post","status-publish","format-standard","has-post-thumbnail","hentry","category-ayuntamiento-pamplona"],"yoast_head":"<!-- This site is optimized with the Yoast SEO plugin v27.3 - https:\/\/yoast.com\/product\/yoast-seo-wordpress\/ -->\n<title>Abierta la inscripci\u00f3n para las nuevas actividades de los \u2018Jueves y viernes ociosos\u2019 para mayores de 65 a\u00f1os<\/title>\n<meta name=\"description\" content=\"Las actividades se desarrollar\u00e1n en octubre, en horario de 11 a 12.30\" \/>\n<meta name=\"robots\" content=\"index, follow, max-snippet:-1, max-image-preview:large, max-video-preview:-1\" \/>\n<link rel=\"canonical\" href=\"https:\/\/www.laguiadepamplona.com\/actualidad\/abierta-la-inscripcion-para-las-nuevas-actividades-de-los-jueves-y-viernes-ociosos-para-mayores-de-65-anos\/\" \/>\n<meta property=\"og:locale\" content=\"es_ES\" \/>\n<meta property=\"og:type\" content=\"article\" \/>\n<meta property=\"og:title\" content=\"Abierta la inscripci\u00f3n para las nuevas actividades de los \u2018Jueves y viernes ociosos\u2019 para mayores de 65 a\u00f1os\" \/>\n<meta property=\"og:description\" content=\"Las actividades se desarrollar\u00e1n en octubre, en horario de 11 a 12.30\" \/>\n<meta property=\"og:url\" content=\"https:\/\/www.laguiadepamplona.com\/actualidad\/abierta-la-inscripcion-para-las-nuevas-actividades-de-los-jueves-y-viernes-ociosos-para-mayores-de-65-anos\/\" \/>\n<meta property=\"og:site_name\" content=\"La Gu\u00eda de Pamplona\" \/>\n<meta property=\"article:publisher\" content=\"https:\/\/www.facebook.com\/laguiadepamplonacom-133175176762273\/?ref=hl\" \/>\n<meta property=\"article:published_time\" content=\"2023-09-15T10:29:35+00:00\" \/>\n<meta property=\"og:image\" content=\"https:\/\/www.laguiadepamplona.com\/actualidad\/wp-content\/uploads\/2023\/09\/jueves-viernes-ociosos-mayores.webp\" \/>\n\t<meta property=\"og:image:width\" content=\"1063\" \/>\n\t<meta property=\"og:image:height\" content=\"618\" \/>\n\t<meta property=\"og:image:type\" content=\"image\/webp\" \/>\n<meta name=\"author\" content=\"La Gu\u00eda de Pamplona\" \/>\n<meta name=\"twitter:card\" content=\"summary_large_image\" \/>\n<meta name=\"twitter:creator\" content=\"@LaGuiadPamplona\" \/>\n<meta name=\"twitter:site\" content=\"@LaGuiadPamplona\" \/>\n<meta name=\"twitter:label1\" content=\"Escrito por\" \/>\n\t<meta name=\"twitter:data1\" content=\"La Gu\u00eda de Pamplona\" \/>\n\t<meta name=\"twitter:label2\" content=\"Tiempo de lectura\" \/>\n\t<meta name=\"twitter:data2\" content=\"2 minutos\" \/>\n<script type=\"application\/ld+json\" class=\"yoast-schema-graph\">{\"@context\":\"https:\\\/\\\/schema.org\",\"@graph\":[{\"@type\":\"Article\",\"@id\":\"https:\\\/\\\/www.laguiadepamplona.com\\\/actualidad\\\/abierta-la-inscripcion-para-las-nuevas-actividades-de-los-jueves-y-viernes-ociosos-para-mayores-de-65-anos\\\/#article\",\"isPartOf\":{\"@id\":\"https:\\\/\\\/www.laguiadepamplona.com\\\/actualidad\\\/abierta-la-inscripcion-para-las-nuevas-actividades-de-los-jueves-y-viernes-ociosos-para-mayores-de-65-anos\\\/\"},\"author\":{\"name\":\"La Gu\u00eda de Pamplona\",\"@id\":\"https:\\\/\\\/www.laguiadepamplona.com\\\/actualidad\\\/#\\\/schema\\\/person\\\/efe887376f0213d4657c93adc50b1fdb\"},\"headline\":\"Abierta la inscripci\u00f3n para las nuevas actividades de los \u2018Jueves y viernes ociosos\u2019 para mayores de 65 a\u00f1os\",\"datePublished\":\"2023-09-15T10:29:35+00:00\",\"mainEntityOfPage\":{\"@id\":\"https:\\\/\\\/www.laguiadepamplona.com\\\/actualidad\\\/abierta-la-inscripcion-para-las-nuevas-actividades-de-los-jueves-y-viernes-ociosos-para-mayores-de-65-anos\\\/\"},\"wordCount\":420,\"commentCount\":0,\"publisher\":{\"@id\":\"https:\\\/\\\/www.laguiadepamplona.com\\\/actualidad\\\/#organization\"},\"image\":{\"@id\":\"https:\\\/\\\/www.laguiadepamplona.com\\\/actualidad\\\/abierta-la-inscripcion-para-las-nuevas-actividades-de-los-jueves-y-viernes-ociosos-para-mayores-de-65-anos\\\/#primaryimage\"},\"thumbnailUrl\":\"https:\\\/\\\/www.laguiadepamplona.com\\\/actualidad\\\/wp-content\\\/uploads\\\/2023\\\/09\\\/jueves-viernes-ociosos-mayores.webp\",\"articleSection\":[\"Ayto Pamplona\"],\"inLanguage\":\"es\",\"potentialAction\":[{\"@type\":\"CommentAction\",\"name\":\"Comment\",\"target\":[\"https:\\\/\\\/www.laguiadepamplona.com\\\/actualidad\\\/abierta-la-inscripcion-para-las-nuevas-actividades-de-los-jueves-y-viernes-ociosos-para-mayores-de-65-anos\\\/#respond\"]}]},{\"@type\":\"WebPage\",\"@id\":\"https:\\\/\\\/www.laguiadepamplona.com\\\/actualidad\\\/abierta-la-inscripcion-para-las-nuevas-actividades-de-los-jueves-y-viernes-ociosos-para-mayores-de-65-anos\\\/\",\"url\":\"https:\\\/\\\/www.laguiadepamplona.com\\\/actualidad\\\/abierta-la-inscripcion-para-las-nuevas-actividades-de-los-jueves-y-viernes-ociosos-para-mayores-de-65-anos\\\/\",\"name\":\"Abierta la inscripci\u00f3n para las nuevas actividades de los \u2018Jueves y viernes ociosos\u2019 para mayores de 65 a\u00f1os\",\"isPartOf\":{\"@id\":\"https:\\\/\\\/www.laguiadepamplona.com\\\/actualidad\\\/#website\"},\"primaryImageOfPage\":{\"@id\":\"https:\\\/\\\/www.laguiadepamplona.com\\\/actualidad\\\/abierta-la-inscripcion-para-las-nuevas-actividades-de-los-jueves-y-viernes-ociosos-para-mayores-de-65-anos\\\/#primaryimage\"},\"image\":{\"@id\":\"https:\\\/\\\/www.laguiadepamplona.com\\\/actualidad\\\/abierta-la-inscripcion-para-las-nuevas-actividades-de-los-jueves-y-viernes-ociosos-para-mayores-de-65-anos\\\/#primaryimage\"},\"thumbnailUrl\":\"https:\\\/\\\/www.laguiadepamplona.com\\\/actualidad\\\/wp-content\\\/uploads\\\/2023\\\/09\\\/jueves-viernes-ociosos-mayores.webp\",\"datePublished\":\"2023-09-15T10:29:35+00:00\",\"description\":\"Las actividades se desarrollar\u00e1n en octubre, en horario de 11 a 12.30\",\"breadcrumb\":{\"@id\":\"https:\\\/\\\/www.laguiadepamplona.com\\\/actualidad\\\/abierta-la-inscripcion-para-las-nuevas-actividades-de-los-jueves-y-viernes-ociosos-para-mayores-de-65-anos\\\/#breadcrumb\"},\"inLanguage\":\"es\",\"potentialAction\":[{\"@type\":\"ReadAction\",\"target\":[\"https:\\\/\\\/www.laguiadepamplona.com\\\/actualidad\\\/abierta-la-inscripcion-para-las-nuevas-actividades-de-los-jueves-y-viernes-ociosos-para-mayores-de-65-anos\\\/\"]}]},{\"@type\":\"ImageObject\",\"inLanguage\":\"es\",\"@id\":\"https:\\\/\\\/www.laguiadepamplona.com\\\/actualidad\\\/abierta-la-inscripcion-para-las-nuevas-actividades-de-los-jueves-y-viernes-ociosos-para-mayores-de-65-anos\\\/#primaryimage\",\"url\":\"https:\\\/\\\/www.laguiadepamplona.com\\\/actualidad\\\/wp-content\\\/uploads\\\/2023\\\/09\\\/jueves-viernes-ociosos-mayores.webp\",\"contentUrl\":\"https:\\\/\\\/www.laguiadepamplona.com\\\/actualidad\\\/wp-content\\\/uploads\\\/2023\\\/09\\\/jueves-viernes-ociosos-mayores.webp\",\"width\":1063,\"height\":618},{\"@type\":\"BreadcrumbList\",\"@id\":\"https:\\\/\\\/www.laguiadepamplona.com\\\/actualidad\\\/abierta-la-inscripcion-para-las-nuevas-actividades-de-los-jueves-y-viernes-ociosos-para-mayores-de-65-anos\\\/#breadcrumb\",\"itemListElement\":[{\"@type\":\"ListItem\",\"position\":1,\"name\":\"Portada\",\"item\":\"https:\\\/\\\/www.laguiadepamplona.com\\\/actualidad\\\/\"},{\"@type\":\"ListItem\",\"position\":2,\"name\":\"Abierta la inscripci\u00f3n para las nuevas actividades de los \u2018Jueves y viernes ociosos\u2019 para mayores de 65 a\u00f1os\"}]},{\"@type\":\"WebSite\",\"@id\":\"https:\\\/\\\/www.laguiadepamplona.com\\\/actualidad\\\/#website\",\"url\":\"https:\\\/\\\/www.laguiadepamplona.com\\\/actualidad\\\/\",\"name\":\"La gu\u00eda de Pamplona\",\"description\":\"Noticias de Pamplona\",\"publisher\":{\"@id\":\"https:\\\/\\\/www.laguiadepamplona.com\\\/actualidad\\\/#organization\"},\"potentialAction\":[{\"@type\":\"SearchAction\",\"target\":{\"@type\":\"EntryPoint\",\"urlTemplate\":\"https:\\\/\\\/www.laguiadepamplona.com\\\/actualidad\\\/?s={search_term_string}\"},\"query-input\":{\"@type\":\"PropertyValueSpecification\",\"valueRequired\":true,\"valueName\":\"search_term_string\"}}],\"inLanguage\":\"es\"},{\"@type\":\"Organization\",\"@id\":\"https:\\\/\\\/www.laguiadepamplona.com\\\/actualidad\\\/#organization\",\"name\":\"La Gu\u00eda de Pamplona \\\/ Noticias\",\"url\":\"https:\\\/\\\/www.laguiadepamplona.com\\\/actualidad\\\/\",\"logo\":{\"@type\":\"ImageObject\",\"inLanguage\":\"es\",\"@id\":\"https:\\\/\\\/www.laguiadepamplona.com\\\/actualidad\\\/#\\\/schema\\\/logo\\\/image\\\/\",\"url\":\"https:\\\/\\\/www.laguiadepamplona.com\\\/actualidad\\\/wp-content\\\/uploads\\\/2018\\\/11\\\/logo-laguiadepamplona18-web1.png\",\"contentUrl\":\"https:\\\/\\\/www.laguiadepamplona.com\\\/actualidad\\\/wp-content\\\/uploads\\\/2018\\\/11\\\/logo-laguiadepamplona18-web1.png\",\"width\":600,\"height\":196,\"caption\":\"La Gu\u00eda de Pamplona \\\/ Noticias\"},\"image\":{\"@id\":\"https:\\\/\\\/www.laguiadepamplona.com\\\/actualidad\\\/#\\\/schema\\\/logo\\\/image\\\/\"},\"sameAs\":[\"https:\\\/\\\/www.facebook.com\\\/laguiadepamplonacom-133175176762273\\\/?ref=hl\",\"https:\\\/\\\/x.com\\\/LaGuiadPamplona\",\"https:\\\/\\\/www.instagram.com\\\/la_guia_de_pamplona\\\/\",\"https:\\\/\\\/www.youtube.com\\\/user\\\/laguiadepamplona\"]},{\"@type\":\"Person\",\"@id\":\"https:\\\/\\\/www.laguiadepamplona.com\\\/actualidad\\\/#\\\/schema\\\/person\\\/efe887376f0213d4657c93adc50b1fdb\",\"name\":\"La Gu\u00eda de Pamplona\",\"image\":{\"@type\":\"ImageObject\",\"inLanguage\":\"es\",\"@id\":\"https:\\\/\\\/secure.gravatar.com\\\/avatar\\\/b6992f131dc8d30ab0dff15446e9d346d9dbd95992de0fef795073f5ea83a81c?s=96&d=mm&r=g\",\"url\":\"https:\\\/\\\/secure.gravatar.com\\\/avatar\\\/b6992f131dc8d30ab0dff15446e9d346d9dbd95992de0fef795073f5ea83a81c?s=96&d=mm&r=g\",\"contentUrl\":\"https:\\\/\\\/secure.gravatar.com\\\/avatar\\\/b6992f131dc8d30ab0dff15446e9d346d9dbd95992de0fef795073f5ea83a81c?s=96&d=mm&r=g\",\"caption\":\"La Gu\u00eda de Pamplona\"}}]}<\/script>\n<!-- \/ Yoast SEO plugin. -->","yoast_head_json":{"title":"Abierta la inscripci\u00f3n para las nuevas actividades de los \u2018Jueves y viernes ociosos\u2019 para mayores de 65 a\u00f1os","description":"Las actividades se desarrollar\u00e1n en octubre, en horario de 11 a 12.30","robots":{"index":"index","follow":"follow","max-snippet":"max-snippet:-1","max-image-preview":"max-image-preview:large","max-video-preview":"max-video-preview:-1"},"canonical":"https:\/\/www.laguiadepamplona.com\/actualidad\/abierta-la-inscripcion-para-las-nuevas-actividades-de-los-jueves-y-viernes-ociosos-para-mayores-de-65-anos\/","og_locale":"es_ES","og_type":"article","og_title":"Abierta la inscripci\u00f3n para las nuevas actividades de los \u2018Jueves y viernes ociosos\u2019 para mayores de 65 a\u00f1os","og_description":"Las actividades se desarrollar\u00e1n en octubre, en horario de 11 a 12.30","og_url":"https:\/\/www.laguiadepamplona.com\/actualidad\/abierta-la-inscripcion-para-las-nuevas-actividades-de-los-jueves-y-viernes-ociosos-para-mayores-de-65-anos\/","og_site_name":"La Gu\u00eda de Pamplona","article_publisher":"https:\/\/www.facebook.com\/laguiadepamplonacom-133175176762273\/?ref=hl","article_published_time":"2023-09-15T10:29:35+00:00","og_image":[{"width":1063,"height":618,"url":"https:\/\/www.laguiadepamplona.com\/actualidad\/wp-content\/uploads\/2023\/09\/jueves-viernes-ociosos-mayores.webp","type":"image\/webp"}],"author":"La Gu\u00eda de Pamplona","twitter_card":"summary_large_image","twitter_creator":"@LaGuiadPamplona","twitter_site":"@LaGuiadPamplona","twitter_misc":{"Escrito por":"La Gu\u00eda de Pamplona","Tiempo de lectura":"2 minutos"},"schema":{"@context":"https:\/\/schema.org","@graph":[{"@type":"Article","@id":"https:\/\/www.laguiadepamplona.com\/actualidad\/abierta-la-inscripcion-para-las-nuevas-actividades-de-los-jueves-y-viernes-ociosos-para-mayores-de-65-anos\/#article","isPartOf":{"@id":"https:\/\/www.laguiadepamplona.com\/actualidad\/abierta-la-inscripcion-para-las-nuevas-actividades-de-los-jueves-y-viernes-ociosos-para-mayores-de-65-anos\/"},"author":{"name":"La Gu\u00eda de Pamplona","@id":"https:\/\/www.laguiadepamplona.com\/actualidad\/#\/schema\/person\/efe887376f0213d4657c93adc50b1fdb"},"headline":"Abierta la inscripci\u00f3n para las nuevas actividades de los \u2018Jueves y viernes ociosos\u2019 para mayores de 65 a\u00f1os","datePublished":"2023-09-15T10:29:35+00:00","mainEntityOfPage":{"@id":"https:\/\/www.laguiadepamplona.com\/actualidad\/abierta-la-inscripcion-para-las-nuevas-actividades-de-los-jueves-y-viernes-ociosos-para-mayores-de-65-anos\/"},"wordCount":420,"commentCount":0,"publisher":{"@id":"https:\/\/www.laguiadepamplona.com\/actualidad\/#organization"},"image":{"@id":"https:\/\/www.laguiadepamplona.com\/actualidad\/abierta-la-inscripcion-para-las-nuevas-actividades-de-los-jueves-y-viernes-ociosos-para-mayores-de-65-anos\/#primaryimage"},"thumbnailUrl":"https:\/\/www.laguiadepamplona.com\/actualidad\/wp-content\/uploads\/2023\/09\/jueves-viernes-ociosos-mayores.webp","articleSection":["Ayto Pamplona"],"inLanguage":"es","potentialAction":[{"@type":"CommentAction","name":"Comment","target":["https:\/\/www.laguiadepamplona.com\/actualidad\/abierta-la-inscripcion-para-las-nuevas-actividades-de-los-jueves-y-viernes-ociosos-para-mayores-de-65-anos\/#respond"]}]},{"@type":"WebPage","@id":"https:\/\/www.laguiadepamplona.com\/actualidad\/abierta-la-inscripcion-para-las-nuevas-actividades-de-los-jueves-y-viernes-ociosos-para-mayores-de-65-anos\/","url":"https:\/\/www.laguiadepamplona.com\/actualidad\/abierta-la-inscripcion-para-las-nuevas-actividades-de-los-jueves-y-viernes-ociosos-para-mayores-de-65-anos\/","name":"Abierta la inscripci\u00f3n para las nuevas actividades de los \u2018Jueves y viernes ociosos\u2019 para mayores de 65 a\u00f1os","isPartOf":{"@id":"https:\/\/www.laguiadepamplona.com\/actualidad\/#website"},"primaryImageOfPage":{"@id":"https:\/\/www.laguiadepamplona.com\/actualidad\/abierta-la-inscripcion-para-las-nuevas-actividades-de-los-jueves-y-viernes-ociosos-para-mayores-de-65-anos\/#primaryimage"},"image":{"@id":"https:\/\/www.laguiadepamplona.com\/actualidad\/abierta-la-inscripcion-para-las-nuevas-actividades-de-los-jueves-y-viernes-ociosos-para-mayores-de-65-anos\/#primaryimage"},"thumbnailUrl":"https:\/\/www.laguiadepamplona.com\/actualidad\/wp-content\/uploads\/2023\/09\/jueves-viernes-ociosos-mayores.webp","datePublished":"2023-09-15T10:29:35+00:00","description":"Las actividades se desarrollar\u00e1n en octubre, en horario de 11 a 12.30","breadcrumb":{"@id":"https:\/\/www.laguiadepamplona.com\/actualidad\/abierta-la-inscripcion-para-las-nuevas-actividades-de-los-jueves-y-viernes-ociosos-para-mayores-de-65-anos\/#breadcrumb"},"inLanguage":"es","potentialAction":[{"@type":"ReadAction","target":["https:\/\/www.laguiadepamplona.com\/actualidad\/abierta-la-inscripcion-para-las-nuevas-actividades-de-los-jueves-y-viernes-ociosos-para-mayores-de-65-anos\/"]}]},{"@type":"ImageObject","inLanguage":"es","@id":"https:\/\/www.laguiadepamplona.com\/actualidad\/abierta-la-inscripcion-para-las-nuevas-actividades-de-los-jueves-y-viernes-ociosos-para-mayores-de-65-anos\/#primaryimage","url":"https:\/\/www.laguiadepamplona.com\/actualidad\/wp-content\/uploads\/2023\/09\/jueves-viernes-ociosos-mayores.webp","contentUrl":"https:\/\/www.laguiadepamplona.com\/actualidad\/wp-content\/uploads\/2023\/09\/jueves-viernes-ociosos-mayores.webp","width":1063,"height":618},{"@type":"BreadcrumbList","@id":"https:\/\/www.laguiadepamplona.com\/actualidad\/abierta-la-inscripcion-para-las-nuevas-actividades-de-los-jueves-y-viernes-ociosos-para-mayores-de-65-anos\/#breadcrumb","itemListElement":[{"@type":"ListItem","position":1,"name":"Portada","item":"https:\/\/www.laguiadepamplona.com\/actualidad\/"},{"@type":"ListItem","position":2,"name":"Abierta la inscripci\u00f3n para las nuevas actividades de los \u2018Jueves y viernes ociosos\u2019 para mayores de 65 a\u00f1os"}]},{"@type":"WebSite","@id":"https:\/\/www.laguiadepamplona.com\/actualidad\/#website","url":"https:\/\/www.laguiadepamplona.com\/actualidad\/","name":"La gu\u00eda de Pamplona","description":"Noticias de Pamplona","publisher":{"@id":"https:\/\/www.laguiadepamplona.com\/actualidad\/#organization"},"potentialAction":[{"@type":"SearchAction","target":{"@type":"EntryPoint","urlTemplate":"https:\/\/www.laguiadepamplona.com\/actualidad\/?s={search_term_string}"},"query-input":{"@type":"PropertyValueSpecification","valueRequired":true,"valueName":"search_term_string"}}],"inLanguage":"es"},{"@type":"Organization","@id":"https:\/\/www.laguiadepamplona.com\/actualidad\/#organization","name":"La Gu\u00eda de Pamplona \/ Noticias","url":"https:\/\/www.laguiadepamplona.com\/actualidad\/","logo":{"@type":"ImageObject","inLanguage":"es","@id":"https:\/\/www.laguiadepamplona.com\/actualidad\/#\/schema\/logo\/image\/","url":"https:\/\/www.laguiadepamplona.com\/actualidad\/wp-content\/uploads\/2018\/11\/logo-laguiadepamplona18-web1.png","contentUrl":"https:\/\/www.laguiadepamplona.com\/actualidad\/wp-content\/uploads\/2018\/11\/logo-laguiadepamplona18-web1.png","width":600,"height":196,"caption":"La Gu\u00eda de Pamplona \/ Noticias"},"image":{"@id":"https:\/\/www.laguiadepamplona.com\/actualidad\/#\/schema\/logo\/image\/"},"sameAs":["https:\/\/www.facebook.com\/laguiadepamplonacom-133175176762273\/?ref=hl","https:\/\/x.com\/LaGuiadPamplona","https:\/\/www.instagram.com\/la_guia_de_pamplona\/","https:\/\/www.youtube.com\/user\/laguiadepamplona"]},{"@type":"Person","@id":"https:\/\/www.laguiadepamplona.com\/actualidad\/#\/schema\/person\/efe887376f0213d4657c93adc50b1fdb","name":"La Gu\u00eda de Pamplona","image":{"@type":"ImageObject","inLanguage":"es","@id":"https:\/\/secure.gravatar.com\/avatar\/b6992f131dc8d30ab0dff15446e9d346d9dbd95992de0fef795073f5ea83a81c?s=96&d=mm&r=g","url":"https:\/\/secure.gravatar.com\/avatar\/b6992f131dc8d30ab0dff15446e9d346d9dbd95992de0fef795073f5ea83a81c?s=96&d=mm&r=g","contentUrl":"https:\/\/secure.gravatar.com\/avatar\/b6992f131dc8d30ab0dff15446e9d346d9dbd95992de0fef795073f5ea83a81c?s=96&d=mm&r=g","caption":"La Gu\u00eda de Pamplona"}}]}},"post_mailing_queue_ids":[],"_links":{"self":[{"href":"https:\/\/www.laguiadepamplona.com\/actualidad\/wp-json\/wp\/v2\/posts\/47380","targetHints":{"allow":["GET"]}}],"collection":[{"href":"https:\/\/www.laguiadepamplona.com\/actualidad\/wp-json\/wp\/v2\/posts"}],"about":[{"href":"https:\/\/www.laguiadepamplona.com\/actualidad\/wp-json\/wp\/v2\/types\/post"}],"author":[{"embeddable":true,"href":"https:\/\/www.laguiadepamplona.com\/actualidad\/wp-json\/wp\/v2\/users\/1"}],"replies":[{"embeddable":true,"href":"https:\/\/www.laguiadepamplona.com\/actualidad\/wp-json\/wp\/v2\/comments?post=47380"}],"version-history":[{"count":1,"href":"https:\/\/www.laguiadepamplona.com\/actualidad\/wp-json\/wp\/v2\/posts\/47380\/revisions"}],"predecessor-version":[{"id":47382,"href":"https:\/\/www.laguiadepamplona.com\/actualidad\/wp-json\/wp\/v2\/posts\/47380\/revisions\/47382"}],"wp:featuredmedia":[{"embeddable":true,"href":"https:\/\/www.laguiadepamplona.com\/actualidad\/wp-json\/wp\/v2\/media\/47381"}],"wp:attachment":[{"href":"https:\/\/www.laguiadepamplona.com\/actualidad\/wp-json\/wp\/v2\/media?parent=47380"}],"wp:term":[{"taxonomy":"category","embeddable":true,"href":"https:\/\/www.laguiadepamplona.com\/actualidad\/wp-json\/wp\/v2\/categories?post=47380"},{"taxonomy":"post_tag","embeddable":true,"href":"https:\/\/www.laguiadepamplona.com\/actualidad\/wp-json\/wp\/v2\/tags?post=47380"}],"curies":[{"name":"wp","href":"https:\/\/api.w.org\/{rel}","templated":true}]}}