{"id":47374,"date":"2023-09-14T12:23:40","date_gmt":"2023-09-14T10:23:40","guid":{"rendered":"https:\/\/www.laguiadepamplona.com\/actualidad\/?p=47374"},"modified":"2023-09-15T12:24:29","modified_gmt":"2023-09-15T10:24:29","slug":"una-jornada-abordara-este-lunes-las-medidas-adoptadas-para-minimizar-el-riesgo-de-inundaciones-en-pamplona","status":"publish","type":"post","link":"https:\/\/www.laguiadepamplona.com\/actualidad\/una-jornada-abordara-este-lunes-las-medidas-adoptadas-para-minimizar-el-riesgo-de-inundaciones-en-pamplona\/","title":{"rendered":"Una jornada abordar\u00e1 este lunes las medidas adoptadas para minimizar el riesgo de inundaciones en Pamplona"},"content":{"rendered":"<h3>La charla, para la que se requiere inscripci\u00f3n previa, se celebrar\u00e1 en Civivox Condestable<\/h3>\n<p><!--more--><\/p>\n<p>Civivox Condestable acoger\u00e1 este lunes, a las seis de la tarde, una jornada organizada por la Confederaci\u00f3n Hidrogr\u00e1fica del Ebro (CHE) y el Ayuntamiento de Pamplona para dar a conocer las medidas adoptadas por ambas entidades con el objetivo de reducir y minimizar el riesgo de inundaciones en la ciudad. La charla, que dar\u00e1 comienzo a las 18 horas, est\u00e1 abierta al conjunto de la ciudadan\u00eda, si bien es necesario realizar inscripci\u00f3n previa a trav\u00e9s de <a href=\"https:\/\/docs.google.com\/forms\/d\/e\/1FAIpQLSfHjVmcAIUGkH9GLE3jVp0lcqFVVhGbLcLsqFi0whaatDp09g\/viewform\">este enlace<\/a>.<br \/>\n<script async src=\"\/\/pagead2.googlesyndication.com\/pagead\/js\/adsbygoogle.js\"><\/script><br \/>\n<!-- Noticias La Guia de Pamplona --><br \/>\n<ins class=\"adsbygoogle\"\nstyle=\"display:block\"\ndata-ad-client=\"ca-pub-6943679897239327\"\ndata-ad-slot=\"7048180777\"\ndata-ad-format=\"auto\"><\/ins><br \/>\n<script>\n(adsbygoogle = window.adsbygoogle || []).push({});\n<\/script><\/p>\n<p>El encuentro servir\u00e1 para presentar el Plan de Gesti\u00f3n de Riesgo de Inundaci\u00f3n del Ebro (PGRI) e informar sobre qu\u00e9 es y qu\u00e9 supone dicho plan, qu\u00e9 medidas se prev\u00e9n y c\u00f3mo puede la ciudadan\u00eda implicarse en la gesti\u00f3n del riesgo de inundaci\u00f3n. As\u00ed, el PGRI del Ebro es un documento de referencia para todas las Administraciones y para la sociedad en general que tiene como objetivo disminuir el efecto negativo de las inundaciones fomentando la autoprotecci\u00f3n y la coordinaci\u00f3n. El documento recoge medidas por un importe de m\u00e1s de 300 millones de euros, que se ejecutar\u00e1n hasta 2027.<\/p>\n<p>De hecho, el Plan de Gesti\u00f3n del Riesgo de Inundaci\u00f3n apuesta por la prevenci\u00f3n, la protecci\u00f3n, la preparaci\u00f3n y la recuperaci\u00f3n como herramientas fundamentales para minorar los da\u00f1os de inundaci\u00f3n, no solo materiales sino tambi\u00e9n personales, y resalta la importancia de lograr la implicaci\u00f3n de todas las partes para evitarlos. Para Navarra, este plan contempla 36 medidas espec\u00edficas, muchas de ellas fruto de colaboraci\u00f3n cooperaci\u00f3n interadministrativa. Se trata de medidas de mejora de la capacidad predictiva, de medidas de fomento de la autoprotecci\u00f3n e incremento del conocimiento y de medidas para minimizar el riesgo de inundaci\u00f3n a trav\u00e9s de la restauraci\u00f3n fluvial.<br \/>\n<script async src=\"\/\/pagead2.googlesyndication.com\/pagead\/js\/adsbygoogle.js\"><\/script><br \/>\n<!-- Noticias La Guia de Pamplona --><br \/>\n<ins class=\"adsbygoogle\"\nstyle=\"display:block\"\ndata-ad-client=\"ca-pub-6943679897239327\"\ndata-ad-slot=\"7048180777\"\ndata-ad-format=\"auto\"><\/ins><br \/>\n<script>\n(adsbygoogle = window.adsbygoogle || []).push({});\n<\/script><\/p>\n<p>Entre las actuaciones previstas destacan medidas encaminadas a incrementar la percepci\u00f3n del riesgo de inundaci\u00f3n entre la ciudadan\u00eda, pero tambi\u00e9n la mejora de la coordinaci\u00f3n entre administraciones y de la capacidad predictiva ante situaciones de crecida e inundaciones.<\/p>\n<p>Otras medidas de prevenci\u00f3n pasan por mejorar la ordenaci\u00f3n del territorio, disminuyendo la exposici\u00f3n en zonas inundables, y reducir la vulnerabilidad de los elementos ubicados en estas zonas. Pamplona, de hecho, ha dise\u00f1ado en los \u00faltimos a\u00f1os un bosque de crecida en Aranzadi y est\u00e1 trabajando en mejorar los drenajes del entorno del parque fluvial, de la mano del proyecto RUNA 2025, entre otras actuaciones.<\/p>\n","protected":false},"excerpt":{"rendered":"<p>La charla, para la que se requiere inscripci\u00f3n previa, se celebrar\u00e1 en Civivox Condestable<\/p>\n","protected":false},"author":1,"featured_media":47375,"comment_status":"open","ping_status":"closed","sticky":false,"template":"","format":"standard","meta":{"footnotes":""},"categories":[2],"tags":[],"class_list":["post-47374","post","type-post","status-publish","format-standard","has-post-thumbnail","hentry","category-ayuntamiento-pamplona"],"yoast_head":"<!-- This site is optimized with the Yoast SEO plugin v27.3 - https:\/\/yoast.com\/product\/yoast-seo-wordpress\/ -->\n<title>Una jornada abordar\u00e1 este lunes las medidas adoptadas para minimizar el riesgo de inundaciones en Pamplona<\/title>\n<meta name=\"description\" content=\"La charla, para la que se requiere inscripci\u00f3n previa, se celebrar\u00e1 en Civivox Condestable\" \/>\n<meta name=\"robots\" content=\"index, follow, max-snippet:-1, max-image-preview:large, max-video-preview:-1\" \/>\n<link rel=\"canonical\" href=\"https:\/\/www.laguiadepamplona.com\/actualidad\/una-jornada-abordara-este-lunes-las-medidas-adoptadas-para-minimizar-el-riesgo-de-inundaciones-en-pamplona\/\" \/>\n<meta property=\"og:locale\" content=\"es_ES\" \/>\n<meta property=\"og:type\" content=\"article\" \/>\n<meta property=\"og:title\" content=\"Una jornada abordar\u00e1 este lunes las medidas adoptadas para minimizar el riesgo de inundaciones en Pamplona\" \/>\n<meta property=\"og:description\" content=\"La charla, para la que se requiere inscripci\u00f3n previa, se celebrar\u00e1 en Civivox Condestable\" \/>\n<meta property=\"og:url\" content=\"https:\/\/www.laguiadepamplona.com\/actualidad\/una-jornada-abordara-este-lunes-las-medidas-adoptadas-para-minimizar-el-riesgo-de-inundaciones-en-pamplona\/\" \/>\n<meta property=\"og:site_name\" content=\"La Gu\u00eda de Pamplona\" \/>\n<meta property=\"article:publisher\" content=\"https:\/\/www.facebook.com\/laguiadepamplonacom-133175176762273\/?ref=hl\" \/>\n<meta property=\"article:published_time\" content=\"2023-09-14T10:23:40+00:00\" \/>\n<meta property=\"article:modified_time\" content=\"2023-09-15T10:24:29+00:00\" \/>\n<meta property=\"og:image\" content=\"https:\/\/www.laguiadepamplona.com\/actualidad\/wp-content\/uploads\/2023\/09\/20230918_jornada_PGRI_Pamplona_apaisada.webp\" \/>\n\t<meta property=\"og:image:width\" content=\"1200\" \/>\n\t<meta property=\"og:image:height\" content=\"675\" \/>\n\t<meta property=\"og:image:type\" content=\"image\/webp\" \/>\n<meta name=\"author\" content=\"La Gu\u00eda de Pamplona\" \/>\n<meta name=\"twitter:card\" content=\"summary_large_image\" \/>\n<meta name=\"twitter:creator\" content=\"@LaGuiadPamplona\" \/>\n<meta name=\"twitter:site\" content=\"@LaGuiadPamplona\" \/>\n<meta name=\"twitter:label1\" content=\"Escrito por\" \/>\n\t<meta name=\"twitter:data1\" content=\"La Gu\u00eda de Pamplona\" \/>\n\t<meta name=\"twitter:label2\" content=\"Tiempo de lectura\" \/>\n\t<meta name=\"twitter:data2\" content=\"2 minutos\" \/>\n<script type=\"application\/ld+json\" class=\"yoast-schema-graph\">{\"@context\":\"https:\\\/\\\/schema.org\",\"@graph\":[{\"@type\":\"Article\",\"@id\":\"https:\\\/\\\/www.laguiadepamplona.com\\\/actualidad\\\/una-jornada-abordara-este-lunes-las-medidas-adoptadas-para-minimizar-el-riesgo-de-inundaciones-en-pamplona\\\/#article\",\"isPartOf\":{\"@id\":\"https:\\\/\\\/www.laguiadepamplona.com\\\/actualidad\\\/una-jornada-abordara-este-lunes-las-medidas-adoptadas-para-minimizar-el-riesgo-de-inundaciones-en-pamplona\\\/\"},\"author\":{\"name\":\"La Gu\u00eda de Pamplona\",\"@id\":\"https:\\\/\\\/www.laguiadepamplona.com\\\/actualidad\\\/#\\\/schema\\\/person\\\/efe887376f0213d4657c93adc50b1fdb\"},\"headline\":\"Una jornada abordar\u00e1 este lunes las medidas adoptadas para minimizar el riesgo de inundaciones en Pamplona\",\"datePublished\":\"2023-09-14T10:23:40+00:00\",\"dateModified\":\"2023-09-15T10:24:29+00:00\",\"mainEntityOfPage\":{\"@id\":\"https:\\\/\\\/www.laguiadepamplona.com\\\/actualidad\\\/una-jornada-abordara-este-lunes-las-medidas-adoptadas-para-minimizar-el-riesgo-de-inundaciones-en-pamplona\\\/\"},\"wordCount\":451,\"commentCount\":0,\"publisher\":{\"@id\":\"https:\\\/\\\/www.laguiadepamplona.com\\\/actualidad\\\/#organization\"},\"image\":{\"@id\":\"https:\\\/\\\/www.laguiadepamplona.com\\\/actualidad\\\/una-jornada-abordara-este-lunes-las-medidas-adoptadas-para-minimizar-el-riesgo-de-inundaciones-en-pamplona\\\/#primaryimage\"},\"thumbnailUrl\":\"https:\\\/\\\/www.laguiadepamplona.com\\\/actualidad\\\/wp-content\\\/uploads\\\/2023\\\/09\\\/20230918_jornada_PGRI_Pamplona_apaisada.webp\",\"articleSection\":[\"Ayto Pamplona\"],\"inLanguage\":\"es\",\"potentialAction\":[{\"@type\":\"CommentAction\",\"name\":\"Comment\",\"target\":[\"https:\\\/\\\/www.laguiadepamplona.com\\\/actualidad\\\/una-jornada-abordara-este-lunes-las-medidas-adoptadas-para-minimizar-el-riesgo-de-inundaciones-en-pamplona\\\/#respond\"]}]},{\"@type\":\"WebPage\",\"@id\":\"https:\\\/\\\/www.laguiadepamplona.com\\\/actualidad\\\/una-jornada-abordara-este-lunes-las-medidas-adoptadas-para-minimizar-el-riesgo-de-inundaciones-en-pamplona\\\/\",\"url\":\"https:\\\/\\\/www.laguiadepamplona.com\\\/actualidad\\\/una-jornada-abordara-este-lunes-las-medidas-adoptadas-para-minimizar-el-riesgo-de-inundaciones-en-pamplona\\\/\",\"name\":\"Una jornada abordar\u00e1 este lunes las medidas adoptadas para minimizar el riesgo de inundaciones en Pamplona\",\"isPartOf\":{\"@id\":\"https:\\\/\\\/www.laguiadepamplona.com\\\/actualidad\\\/#website\"},\"primaryImageOfPage\":{\"@id\":\"https:\\\/\\\/www.laguiadepamplona.com\\\/actualidad\\\/una-jornada-abordara-este-lunes-las-medidas-adoptadas-para-minimizar-el-riesgo-de-inundaciones-en-pamplona\\\/#primaryimage\"},\"image\":{\"@id\":\"https:\\\/\\\/www.laguiadepamplona.com\\\/actualidad\\\/una-jornada-abordara-este-lunes-las-medidas-adoptadas-para-minimizar-el-riesgo-de-inundaciones-en-pamplona\\\/#primaryimage\"},\"thumbnailUrl\":\"https:\\\/\\\/www.laguiadepamplona.com\\\/actualidad\\\/wp-content\\\/uploads\\\/2023\\\/09\\\/20230918_jornada_PGRI_Pamplona_apaisada.webp\",\"datePublished\":\"2023-09-14T10:23:40+00:00\",\"dateModified\":\"2023-09-15T10:24:29+00:00\",\"description\":\"La charla, para la que se requiere inscripci\u00f3n previa, se celebrar\u00e1 en Civivox Condestable\",\"breadcrumb\":{\"@id\":\"https:\\\/\\\/www.laguiadepamplona.com\\\/actualidad\\\/una-jornada-abordara-este-lunes-las-medidas-adoptadas-para-minimizar-el-riesgo-de-inundaciones-en-pamplona\\\/#breadcrumb\"},\"inLanguage\":\"es\",\"potentialAction\":[{\"@type\":\"ReadAction\",\"target\":[\"https:\\\/\\\/www.laguiadepamplona.com\\\/actualidad\\\/una-jornada-abordara-este-lunes-las-medidas-adoptadas-para-minimizar-el-riesgo-de-inundaciones-en-pamplona\\\/\"]}]},{\"@type\":\"ImageObject\",\"inLanguage\":\"es\",\"@id\":\"https:\\\/\\\/www.laguiadepamplona.com\\\/actualidad\\\/una-jornada-abordara-este-lunes-las-medidas-adoptadas-para-minimizar-el-riesgo-de-inundaciones-en-pamplona\\\/#primaryimage\",\"url\":\"https:\\\/\\\/www.laguiadepamplona.com\\\/actualidad\\\/wp-content\\\/uploads\\\/2023\\\/09\\\/20230918_jornada_PGRI_Pamplona_apaisada.webp\",\"contentUrl\":\"https:\\\/\\\/www.laguiadepamplona.com\\\/actualidad\\\/wp-content\\\/uploads\\\/2023\\\/09\\\/20230918_jornada_PGRI_Pamplona_apaisada.webp\",\"width\":1200,\"height\":675},{\"@type\":\"BreadcrumbList\",\"@id\":\"https:\\\/\\\/www.laguiadepamplona.com\\\/actualidad\\\/una-jornada-abordara-este-lunes-las-medidas-adoptadas-para-minimizar-el-riesgo-de-inundaciones-en-pamplona\\\/#breadcrumb\",\"itemListElement\":[{\"@type\":\"ListItem\",\"position\":1,\"name\":\"Portada\",\"item\":\"https:\\\/\\\/www.laguiadepamplona.com\\\/actualidad\\\/\"},{\"@type\":\"ListItem\",\"position\":2,\"name\":\"Una jornada abordar\u00e1 este lunes las medidas adoptadas para minimizar el riesgo de inundaciones en Pamplona\"}]},{\"@type\":\"WebSite\",\"@id\":\"https:\\\/\\\/www.laguiadepamplona.com\\\/actualidad\\\/#website\",\"url\":\"https:\\\/\\\/www.laguiadepamplona.com\\\/actualidad\\\/\",\"name\":\"La gu\u00eda de Pamplona\",\"description\":\"Noticias de Pamplona\",\"publisher\":{\"@id\":\"https:\\\/\\\/www.laguiadepamplona.com\\\/actualidad\\\/#organization\"},\"potentialAction\":[{\"@type\":\"SearchAction\",\"target\":{\"@type\":\"EntryPoint\",\"urlTemplate\":\"https:\\\/\\\/www.laguiadepamplona.com\\\/actualidad\\\/?s={search_term_string}\"},\"query-input\":{\"@type\":\"PropertyValueSpecification\",\"valueRequired\":true,\"valueName\":\"search_term_string\"}}],\"inLanguage\":\"es\"},{\"@type\":\"Organization\",\"@id\":\"https:\\\/\\\/www.laguiadepamplona.com\\\/actualidad\\\/#organization\",\"name\":\"La Gu\u00eda de Pamplona \\\/ Noticias\",\"url\":\"https:\\\/\\\/www.laguiadepamplona.com\\\/actualidad\\\/\",\"logo\":{\"@type\":\"ImageObject\",\"inLanguage\":\"es\",\"@id\":\"https:\\\/\\\/www.laguiadepamplona.com\\\/actualidad\\\/#\\\/schema\\\/logo\\\/image\\\/\",\"url\":\"https:\\\/\\\/www.laguiadepamplona.com\\\/actualidad\\\/wp-content\\\/uploads\\\/2018\\\/11\\\/logo-laguiadepamplona18-web1.png\",\"contentUrl\":\"https:\\\/\\\/www.laguiadepamplona.com\\\/actualidad\\\/wp-content\\\/uploads\\\/2018\\\/11\\\/logo-laguiadepamplona18-web1.png\",\"width\":600,\"height\":196,\"caption\":\"La Gu\u00eda de Pamplona \\\/ Noticias\"},\"image\":{\"@id\":\"https:\\\/\\\/www.laguiadepamplona.com\\\/actualidad\\\/#\\\/schema\\\/logo\\\/image\\\/\"},\"sameAs\":[\"https:\\\/\\\/www.facebook.com\\\/laguiadepamplonacom-133175176762273\\\/?ref=hl\",\"https:\\\/\\\/x.com\\\/LaGuiadPamplona\",\"https:\\\/\\\/www.instagram.com\\\/la_guia_de_pamplona\\\/\",\"https:\\\/\\\/www.youtube.com\\\/user\\\/laguiadepamplona\"]},{\"@type\":\"Person\",\"@id\":\"https:\\\/\\\/www.laguiadepamplona.com\\\/actualidad\\\/#\\\/schema\\\/person\\\/efe887376f0213d4657c93adc50b1fdb\",\"name\":\"La Gu\u00eda de Pamplona\",\"image\":{\"@type\":\"ImageObject\",\"inLanguage\":\"es\",\"@id\":\"https:\\\/\\\/secure.gravatar.com\\\/avatar\\\/b6992f131dc8d30ab0dff15446e9d346d9dbd95992de0fef795073f5ea83a81c?s=96&d=mm&r=g\",\"url\":\"https:\\\/\\\/secure.gravatar.com\\\/avatar\\\/b6992f131dc8d30ab0dff15446e9d346d9dbd95992de0fef795073f5ea83a81c?s=96&d=mm&r=g\",\"contentUrl\":\"https:\\\/\\\/secure.gravatar.com\\\/avatar\\\/b6992f131dc8d30ab0dff15446e9d346d9dbd95992de0fef795073f5ea83a81c?s=96&d=mm&r=g\",\"caption\":\"La Gu\u00eda de Pamplona\"}}]}<\/script>\n<!-- \/ Yoast SEO plugin. -->","yoast_head_json":{"title":"Una jornada abordar\u00e1 este lunes las medidas adoptadas para minimizar el riesgo de inundaciones en Pamplona","description":"La charla, para la que se requiere inscripci\u00f3n previa, se celebrar\u00e1 en Civivox Condestable","robots":{"index":"index","follow":"follow","max-snippet":"max-snippet:-1","max-image-preview":"max-image-preview:large","max-video-preview":"max-video-preview:-1"},"canonical":"https:\/\/www.laguiadepamplona.com\/actualidad\/una-jornada-abordara-este-lunes-las-medidas-adoptadas-para-minimizar-el-riesgo-de-inundaciones-en-pamplona\/","og_locale":"es_ES","og_type":"article","og_title":"Una jornada abordar\u00e1 este lunes las medidas adoptadas para minimizar el riesgo de inundaciones en Pamplona","og_description":"La charla, para la que se requiere inscripci\u00f3n previa, se celebrar\u00e1 en Civivox Condestable","og_url":"https:\/\/www.laguiadepamplona.com\/actualidad\/una-jornada-abordara-este-lunes-las-medidas-adoptadas-para-minimizar-el-riesgo-de-inundaciones-en-pamplona\/","og_site_name":"La Gu\u00eda de Pamplona","article_publisher":"https:\/\/www.facebook.com\/laguiadepamplonacom-133175176762273\/?ref=hl","article_published_time":"2023-09-14T10:23:40+00:00","article_modified_time":"2023-09-15T10:24:29+00:00","og_image":[{"width":1200,"height":675,"url":"https:\/\/www.laguiadepamplona.com\/actualidad\/wp-content\/uploads\/2023\/09\/20230918_jornada_PGRI_Pamplona_apaisada.webp","type":"image\/webp"}],"author":"La Gu\u00eda de Pamplona","twitter_card":"summary_large_image","twitter_creator":"@LaGuiadPamplona","twitter_site":"@LaGuiadPamplona","twitter_misc":{"Escrito por":"La Gu\u00eda de Pamplona","Tiempo de lectura":"2 minutos"},"schema":{"@context":"https:\/\/schema.org","@graph":[{"@type":"Article","@id":"https:\/\/www.laguiadepamplona.com\/actualidad\/una-jornada-abordara-este-lunes-las-medidas-adoptadas-para-minimizar-el-riesgo-de-inundaciones-en-pamplona\/#article","isPartOf":{"@id":"https:\/\/www.laguiadepamplona.com\/actualidad\/una-jornada-abordara-este-lunes-las-medidas-adoptadas-para-minimizar-el-riesgo-de-inundaciones-en-pamplona\/"},"author":{"name":"La Gu\u00eda de Pamplona","@id":"https:\/\/www.laguiadepamplona.com\/actualidad\/#\/schema\/person\/efe887376f0213d4657c93adc50b1fdb"},"headline":"Una jornada abordar\u00e1 este lunes las medidas adoptadas para minimizar el riesgo de inundaciones en Pamplona","datePublished":"2023-09-14T10:23:40+00:00","dateModified":"2023-09-15T10:24:29+00:00","mainEntityOfPage":{"@id":"https:\/\/www.laguiadepamplona.com\/actualidad\/una-jornada-abordara-este-lunes-las-medidas-adoptadas-para-minimizar-el-riesgo-de-inundaciones-en-pamplona\/"},"wordCount":451,"commentCount":0,"publisher":{"@id":"https:\/\/www.laguiadepamplona.com\/actualidad\/#organization"},"image":{"@id":"https:\/\/www.laguiadepamplona.com\/actualidad\/una-jornada-abordara-este-lunes-las-medidas-adoptadas-para-minimizar-el-riesgo-de-inundaciones-en-pamplona\/#primaryimage"},"thumbnailUrl":"https:\/\/www.laguiadepamplona.com\/actualidad\/wp-content\/uploads\/2023\/09\/20230918_jornada_PGRI_Pamplona_apaisada.webp","articleSection":["Ayto Pamplona"],"inLanguage":"es","potentialAction":[{"@type":"CommentAction","name":"Comment","target":["https:\/\/www.laguiadepamplona.com\/actualidad\/una-jornada-abordara-este-lunes-las-medidas-adoptadas-para-minimizar-el-riesgo-de-inundaciones-en-pamplona\/#respond"]}]},{"@type":"WebPage","@id":"https:\/\/www.laguiadepamplona.com\/actualidad\/una-jornada-abordara-este-lunes-las-medidas-adoptadas-para-minimizar-el-riesgo-de-inundaciones-en-pamplona\/","url":"https:\/\/www.laguiadepamplona.com\/actualidad\/una-jornada-abordara-este-lunes-las-medidas-adoptadas-para-minimizar-el-riesgo-de-inundaciones-en-pamplona\/","name":"Una jornada abordar\u00e1 este lunes las medidas adoptadas para minimizar el riesgo de inundaciones en Pamplona","isPartOf":{"@id":"https:\/\/www.laguiadepamplona.com\/actualidad\/#website"},"primaryImageOfPage":{"@id":"https:\/\/www.laguiadepamplona.com\/actualidad\/una-jornada-abordara-este-lunes-las-medidas-adoptadas-para-minimizar-el-riesgo-de-inundaciones-en-pamplona\/#primaryimage"},"image":{"@id":"https:\/\/www.laguiadepamplona.com\/actualidad\/una-jornada-abordara-este-lunes-las-medidas-adoptadas-para-minimizar-el-riesgo-de-inundaciones-en-pamplona\/#primaryimage"},"thumbnailUrl":"https:\/\/www.laguiadepamplona.com\/actualidad\/wp-content\/uploads\/2023\/09\/20230918_jornada_PGRI_Pamplona_apaisada.webp","datePublished":"2023-09-14T10:23:40+00:00","dateModified":"2023-09-15T10:24:29+00:00","description":"La charla, para la que se requiere inscripci\u00f3n previa, se celebrar\u00e1 en Civivox Condestable","breadcrumb":{"@id":"https:\/\/www.laguiadepamplona.com\/actualidad\/una-jornada-abordara-este-lunes-las-medidas-adoptadas-para-minimizar-el-riesgo-de-inundaciones-en-pamplona\/#breadcrumb"},"inLanguage":"es","potentialAction":[{"@type":"ReadAction","target":["https:\/\/www.laguiadepamplona.com\/actualidad\/una-jornada-abordara-este-lunes-las-medidas-adoptadas-para-minimizar-el-riesgo-de-inundaciones-en-pamplona\/"]}]},{"@type":"ImageObject","inLanguage":"es","@id":"https:\/\/www.laguiadepamplona.com\/actualidad\/una-jornada-abordara-este-lunes-las-medidas-adoptadas-para-minimizar-el-riesgo-de-inundaciones-en-pamplona\/#primaryimage","url":"https:\/\/www.laguiadepamplona.com\/actualidad\/wp-content\/uploads\/2023\/09\/20230918_jornada_PGRI_Pamplona_apaisada.webp","contentUrl":"https:\/\/www.laguiadepamplona.com\/actualidad\/wp-content\/uploads\/2023\/09\/20230918_jornada_PGRI_Pamplona_apaisada.webp","width":1200,"height":675},{"@type":"BreadcrumbList","@id":"https:\/\/www.laguiadepamplona.com\/actualidad\/una-jornada-abordara-este-lunes-las-medidas-adoptadas-para-minimizar-el-riesgo-de-inundaciones-en-pamplona\/#breadcrumb","itemListElement":[{"@type":"ListItem","position":1,"name":"Portada","item":"https:\/\/www.laguiadepamplona.com\/actualidad\/"},{"@type":"ListItem","position":2,"name":"Una jornada abordar\u00e1 este lunes las medidas adoptadas para minimizar el riesgo de inundaciones en Pamplona"}]},{"@type":"WebSite","@id":"https:\/\/www.laguiadepamplona.com\/actualidad\/#website","url":"https:\/\/www.laguiadepamplona.com\/actualidad\/","name":"La gu\u00eda de Pamplona","description":"Noticias de Pamplona","publisher":{"@id":"https:\/\/www.laguiadepamplona.com\/actualidad\/#organization"},"potentialAction":[{"@type":"SearchAction","target":{"@type":"EntryPoint","urlTemplate":"https:\/\/www.laguiadepamplona.com\/actualidad\/?s={search_term_string}"},"query-input":{"@type":"PropertyValueSpecification","valueRequired":true,"valueName":"search_term_string"}}],"inLanguage":"es"},{"@type":"Organization","@id":"https:\/\/www.laguiadepamplona.com\/actualidad\/#organization","name":"La Gu\u00eda de Pamplona \/ Noticias","url":"https:\/\/www.laguiadepamplona.com\/actualidad\/","logo":{"@type":"ImageObject","inLanguage":"es","@id":"https:\/\/www.laguiadepamplona.com\/actualidad\/#\/schema\/logo\/image\/","url":"https:\/\/www.laguiadepamplona.com\/actualidad\/wp-content\/uploads\/2018\/11\/logo-laguiadepamplona18-web1.png","contentUrl":"https:\/\/www.laguiadepamplona.com\/actualidad\/wp-content\/uploads\/2018\/11\/logo-laguiadepamplona18-web1.png","width":600,"height":196,"caption":"La Gu\u00eda de Pamplona \/ Noticias"},"image":{"@id":"https:\/\/www.laguiadepamplona.com\/actualidad\/#\/schema\/logo\/image\/"},"sameAs":["https:\/\/www.facebook.com\/laguiadepamplonacom-133175176762273\/?ref=hl","https:\/\/x.com\/LaGuiadPamplona","https:\/\/www.instagram.com\/la_guia_de_pamplona\/","https:\/\/www.youtube.com\/user\/laguiadepamplona"]},{"@type":"Person","@id":"https:\/\/www.laguiadepamplona.com\/actualidad\/#\/schema\/person\/efe887376f0213d4657c93adc50b1fdb","name":"La Gu\u00eda de Pamplona","image":{"@type":"ImageObject","inLanguage":"es","@id":"https:\/\/secure.gravatar.com\/avatar\/b6992f131dc8d30ab0dff15446e9d346d9dbd95992de0fef795073f5ea83a81c?s=96&d=mm&r=g","url":"https:\/\/secure.gravatar.com\/avatar\/b6992f131dc8d30ab0dff15446e9d346d9dbd95992de0fef795073f5ea83a81c?s=96&d=mm&r=g","contentUrl":"https:\/\/secure.gravatar.com\/avatar\/b6992f131dc8d30ab0dff15446e9d346d9dbd95992de0fef795073f5ea83a81c?s=96&d=mm&r=g","caption":"La Gu\u00eda de Pamplona"}}]}},"post_mailing_queue_ids":[],"_links":{"self":[{"href":"https:\/\/www.laguiadepamplona.com\/actualidad\/wp-json\/wp\/v2\/posts\/47374","targetHints":{"allow":["GET"]}}],"collection":[{"href":"https:\/\/www.laguiadepamplona.com\/actualidad\/wp-json\/wp\/v2\/posts"}],"about":[{"href":"https:\/\/www.laguiadepamplona.com\/actualidad\/wp-json\/wp\/v2\/types\/post"}],"author":[{"embeddable":true,"href":"https:\/\/www.laguiadepamplona.com\/actualidad\/wp-json\/wp\/v2\/users\/1"}],"replies":[{"embeddable":true,"href":"https:\/\/www.laguiadepamplona.com\/actualidad\/wp-json\/wp\/v2\/comments?post=47374"}],"version-history":[{"count":1,"href":"https:\/\/www.laguiadepamplona.com\/actualidad\/wp-json\/wp\/v2\/posts\/47374\/revisions"}],"predecessor-version":[{"id":47376,"href":"https:\/\/www.laguiadepamplona.com\/actualidad\/wp-json\/wp\/v2\/posts\/47374\/revisions\/47376"}],"wp:featuredmedia":[{"embeddable":true,"href":"https:\/\/www.laguiadepamplona.com\/actualidad\/wp-json\/wp\/v2\/media\/47375"}],"wp:attachment":[{"href":"https:\/\/www.laguiadepamplona.com\/actualidad\/wp-json\/wp\/v2\/media?parent=47374"}],"wp:term":[{"taxonomy":"category","embeddable":true,"href":"https:\/\/www.laguiadepamplona.com\/actualidad\/wp-json\/wp\/v2\/categories?post=47374"},{"taxonomy":"post_tag","embeddable":true,"href":"https:\/\/www.laguiadepamplona.com\/actualidad\/wp-json\/wp\/v2\/tags?post=47374"}],"curies":[{"name":"wp","href":"https:\/\/api.w.org\/{rel}","templated":true}]}}