{"id":47368,"date":"2023-09-14T12:18:53","date_gmt":"2023-09-14T10:18:53","guid":{"rendered":"https:\/\/www.laguiadepamplona.com\/actualidad\/?p=47368"},"modified":"2023-09-15T12:20:16","modified_gmt":"2023-09-15T10:20:16","slug":"ayuntamiento-y-ateneo-navarro-proponen-este-mes-dos-paseos-guiados-en-euskera-por-la-ciudad-para-descubrir-las-murallas-y-la-ciudadela","status":"publish","type":"post","link":"https:\/\/www.laguiadepamplona.com\/actualidad\/ayuntamiento-y-ateneo-navarro-proponen-este-mes-dos-paseos-guiados-en-euskera-por-la-ciudad-para-descubrir-las-murallas-y-la-ciudadela\/","title":{"rendered":"Ayuntamiento y Ateneo Navarro proponen este mes dos paseos guiados en euskera por la ciudad para descubrir las murallas y la Ciudadela"},"content":{"rendered":"<h3>Las visitas ser\u00e1n los martes a las 17.30 horas, son gratuitas y se requiere inscripci\u00f3n previa en el correo electr\u00f3nico <a href=\"mailto:ateneo@ateneonavarro.es\">ateneo@ateneonavarro.es<\/a><\/h3>\n<p><!--more--><\/p>\n<p>Dos paseos guiados en euskera los dos pr\u00f3ximos martes de este mes de septiembre son la propuesta que lanzan el Ayuntamiento de Pamplona y el Ateneo Navarro para descubrir el patrimonio fortificado de la ciudad. Ser\u00e1n visitas guiadas gratuitas, que comenzar\u00e1n a las 17.30 horas, y que recorrer\u00e1n las murallas de la ciudad y el entorno de la Ciudadela. La inscripci\u00f3n est\u00e1 abierta en el correo electr\u00f3nico <a href=\"mailto:ateneo@ateneonavarro.es\">ateneo@ateneonavarro.es<\/a>.<\/p>\n<p>La primera visita, este martes, llevar\u00e1 a las personas asistentes a conocer las murallas que se derribaron para continuar con el desarrollo de la ciudad. <strong>Partiendo del parque de la Media Luna, se rodear\u00e1 la Plaza de Toros por el lado del paseo de Hemingway se recorrer\u00e1n las avenidas de Carlos III y San Ignacio. La visita finalizar\u00e1 en el p\u00f3rtico de la Ciudadela, situado en la avenida del Ej\u00e9rcito. A lo largo del recorrido, se podr\u00e1n ver varios restos de las murallas de Pamplona que han sido derribadas.<\/strong><br \/>\n<script async src=\"\/\/pagead2.googlesyndication.com\/pagead\/js\/adsbygoogle.js\"><\/script><br \/>\n<!-- Noticias La Guia de Pamplona --><br \/>\n<ins class=\"adsbygoogle\"\nstyle=\"display:block\"\ndata-ad-client=\"ca-pub-6943679897239327\"\ndata-ad-slot=\"7048180777\"\ndata-ad-format=\"auto\"><\/ins><br \/>\n<script>\n(adsbygoogle = window.adsbygoogle || []).push({});\n<\/script><\/p>\n<p><strong>El martes 26 de septiembre la visita seguir\u00e1 la senda de las fortificaciones de Pamplona y se centrar\u00e1 en la Ciudadela. Desde el cuerpo de guardia, se realizar\u00e1 un recorrido por las murallas <\/strong>que rodean la Ciudadela para conocer c\u00f3mo y para qu\u00e9 se construyeron y c\u00f3mo se encuentran en la actualidad.<\/p>\n<p>Las visitas estar\u00e1n guiadas por Xabier Mangado. Nacido en la calle Zapater\u00eda, se gradu\u00f3 en Ciencias Biol\u00f3gicas en la Universidad de Navarra y ha sido profesor de f\u00edsica y qu\u00edmica en varios institutos de Pamplona. Perteneci\u00f3 al grupo de dantzaris del Ayuntamiento de Pamplona y a la comparsa de Gigantes y Cabezudos. Actualmente, pertenece al grupo de Campaneros de la Catedral de Pamplona.<\/p>\n<p>Ha participado en diversos libros colectivos y traducido otros. El a\u00f1o pasado public\u00f3 el libro \u2018Plaza de Toros de Pamplona. 100 a\u00f1os a sol y sombra\u2019. Colabora en la revista Axular y en las emisoras Euskalerria Irratia y Lapurdi Irratia. Imparte clases de euskera a personas jubiladas en Civivox Condestable y en Plazara y tambi\u00e9n conferencias en el ciclo \u2018Conociendo el Ensanche\u2019 en Civivox Ensanche.<br \/>\n<script async src=\"\/\/pagead2.googlesyndication.com\/pagead\/js\/adsbygoogle.js\"><\/script><br \/>\n<!-- Noticias La Guia de Pamplona --><br \/>\n<ins class=\"adsbygoogle\"\nstyle=\"display:block\"\ndata-ad-client=\"ca-pub-6943679897239327\"\ndata-ad-slot=\"7048180777\"\ndata-ad-format=\"auto\"><\/ins><br \/>\n<script>\n(adsbygoogle = window.adsbygoogle || []).push({});\n<\/script><\/p>\n<p>&nbsp;<\/p>\n<h3>Paseos guiados en euskera por la ciudad<\/h3>\n<ul>\n<li><strong>Martes 19 de septiembre, 17.30 horas<\/strong>\n<ul>\n<li><strong>LAS MURALLAS QUE DERRIBARON <\/strong><\/li>\n<li>Salida: esquina del Parque de la Media Luna, hacia la Plaza de Toros, mirando al fort\u00edn de San Bartolom\u00e9<\/li>\n<li>Inscripci\u00f3n: <a href=\"mailto:ateneo@ateneonavarro.es\">ateneo@ateneonavarro.es<\/a>. Visita guiada por Xabier Mangado<\/li>\n<\/ul>\n<\/li>\n<li><strong>Martes 26 de septiembre, 17.30 horas<\/strong>\n<ul>\n<li><strong>CIUDADELA<\/strong><\/li>\n<li>Salida: p\u00f3rtico de la Ciudadela de la avenida del Ej\u00e9rcito<\/li>\n<li>Inscripci\u00f3n: <a href=\"mailto:ateneo@ateneonavarro.es\">ateneo@ateneonavarro.es<\/a>. Visita guiada por Xabier Mangado<\/li>\n<\/ul>\n<\/li>\n<\/ul>\n","protected":false},"excerpt":{"rendered":"<p>Las visitas ser\u00e1n los martes a las 17.30 horas, son gratuitas y se requiere inscripci\u00f3n previa en el correo electr\u00f3nico ateneo@ateneonavarro.es<\/p>\n","protected":false},"author":1,"featured_media":47369,"comment_status":"open","ping_status":"closed","sticky":false,"template":"","format":"standard","meta":{"footnotes":""},"categories":[2],"tags":[],"class_list":["post-47368","post","type-post","status-publish","format-standard","has-post-thumbnail","hentry","category-ayuntamiento-pamplona"],"yoast_head":"<!-- This site is optimized with the Yoast SEO plugin v27.3 - https:\/\/yoast.com\/product\/yoast-seo-wordpress\/ -->\n<title>Ayuntamiento y Ateneo Navarro proponen este mes dos paseos guiados en euskera por la ciudad para descubrir las murallas y la Ciudadela<\/title>\n<meta name=\"description\" content=\"Las visitas ser\u00e1n los martes a las 17.30 horas, son gratuitas y se requiere inscripci\u00f3n previa en el correo electr\u00f3nico ateneo@ateneonavarro.es\u00a0\" \/>\n<meta name=\"robots\" content=\"index, follow, max-snippet:-1, max-image-preview:large, max-video-preview:-1\" \/>\n<link rel=\"canonical\" href=\"https:\/\/www.laguiadepamplona.com\/actualidad\/ayuntamiento-y-ateneo-navarro-proponen-este-mes-dos-paseos-guiados-en-euskera-por-la-ciudad-para-descubrir-las-murallas-y-la-ciudadela\/\" \/>\n<meta property=\"og:locale\" content=\"es_ES\" \/>\n<meta property=\"og:type\" content=\"article\" \/>\n<meta property=\"og:title\" content=\"Ayuntamiento y Ateneo Navarro proponen este mes dos paseos guiados en euskera por la ciudad para descubrir las murallas y la Ciudadela\" \/>\n<meta property=\"og:description\" content=\"Las visitas ser\u00e1n los martes a las 17.30 horas, son gratuitas y se requiere inscripci\u00f3n previa en el correo electr\u00f3nico ateneo@ateneonavarro.es\u00a0\" \/>\n<meta property=\"og:url\" content=\"https:\/\/www.laguiadepamplona.com\/actualidad\/ayuntamiento-y-ateneo-navarro-proponen-este-mes-dos-paseos-guiados-en-euskera-por-la-ciudad-para-descubrir-las-murallas-y-la-ciudadela\/\" \/>\n<meta property=\"og:site_name\" content=\"La Gu\u00eda de Pamplona\" \/>\n<meta property=\"article:publisher\" content=\"https:\/\/www.facebook.com\/laguiadepamplonacom-133175176762273\/?ref=hl\" \/>\n<meta property=\"article:published_time\" content=\"2023-09-14T10:18:53+00:00\" \/>\n<meta property=\"article:modified_time\" content=\"2023-09-15T10:20:16+00:00\" \/>\n<meta property=\"og:image\" content=\"https:\/\/www.laguiadepamplona.com\/actualidad\/wp-content\/uploads\/2023\/09\/Murallas_portalapea2.webp\" \/>\n\t<meta property=\"og:image:width\" content=\"870\" \/>\n\t<meta property=\"og:image:height\" content=\"480\" \/>\n\t<meta property=\"og:image:type\" content=\"image\/webp\" \/>\n<meta name=\"author\" content=\"La Gu\u00eda de Pamplona\" \/>\n<meta name=\"twitter:card\" content=\"summary_large_image\" \/>\n<meta name=\"twitter:creator\" content=\"@LaGuiadPamplona\" \/>\n<meta name=\"twitter:site\" content=\"@LaGuiadPamplona\" \/>\n<meta name=\"twitter:label1\" content=\"Escrito por\" \/>\n\t<meta name=\"twitter:data1\" content=\"La Gu\u00eda de Pamplona\" \/>\n\t<meta name=\"twitter:label2\" content=\"Tiempo de lectura\" \/>\n\t<meta name=\"twitter:data2\" content=\"2 minutos\" \/>\n<script type=\"application\/ld+json\" class=\"yoast-schema-graph\">{\"@context\":\"https:\\\/\\\/schema.org\",\"@graph\":[{\"@type\":\"Article\",\"@id\":\"https:\\\/\\\/www.laguiadepamplona.com\\\/actualidad\\\/ayuntamiento-y-ateneo-navarro-proponen-este-mes-dos-paseos-guiados-en-euskera-por-la-ciudad-para-descubrir-las-murallas-y-la-ciudadela\\\/#article\",\"isPartOf\":{\"@id\":\"https:\\\/\\\/www.laguiadepamplona.com\\\/actualidad\\\/ayuntamiento-y-ateneo-navarro-proponen-este-mes-dos-paseos-guiados-en-euskera-por-la-ciudad-para-descubrir-las-murallas-y-la-ciudadela\\\/\"},\"author\":{\"name\":\"La Gu\u00eda de Pamplona\",\"@id\":\"https:\\\/\\\/www.laguiadepamplona.com\\\/actualidad\\\/#\\\/schema\\\/person\\\/efe887376f0213d4657c93adc50b1fdb\"},\"headline\":\"Ayuntamiento y Ateneo Navarro proponen este mes dos paseos guiados en euskera por la ciudad para descubrir las murallas y la Ciudadela\",\"datePublished\":\"2023-09-14T10:18:53+00:00\",\"dateModified\":\"2023-09-15T10:20:16+00:00\",\"mainEntityOfPage\":{\"@id\":\"https:\\\/\\\/www.laguiadepamplona.com\\\/actualidad\\\/ayuntamiento-y-ateneo-navarro-proponen-este-mes-dos-paseos-guiados-en-euskera-por-la-ciudad-para-descubrir-las-murallas-y-la-ciudadela\\\/\"},\"wordCount\":476,\"commentCount\":0,\"publisher\":{\"@id\":\"https:\\\/\\\/www.laguiadepamplona.com\\\/actualidad\\\/#organization\"},\"image\":{\"@id\":\"https:\\\/\\\/www.laguiadepamplona.com\\\/actualidad\\\/ayuntamiento-y-ateneo-navarro-proponen-este-mes-dos-paseos-guiados-en-euskera-por-la-ciudad-para-descubrir-las-murallas-y-la-ciudadela\\\/#primaryimage\"},\"thumbnailUrl\":\"https:\\\/\\\/www.laguiadepamplona.com\\\/actualidad\\\/wp-content\\\/uploads\\\/2023\\\/09\\\/Murallas_portalapea2.webp\",\"articleSection\":[\"Ayto Pamplona\"],\"inLanguage\":\"es\",\"potentialAction\":[{\"@type\":\"CommentAction\",\"name\":\"Comment\",\"target\":[\"https:\\\/\\\/www.laguiadepamplona.com\\\/actualidad\\\/ayuntamiento-y-ateneo-navarro-proponen-este-mes-dos-paseos-guiados-en-euskera-por-la-ciudad-para-descubrir-las-murallas-y-la-ciudadela\\\/#respond\"]}]},{\"@type\":\"WebPage\",\"@id\":\"https:\\\/\\\/www.laguiadepamplona.com\\\/actualidad\\\/ayuntamiento-y-ateneo-navarro-proponen-este-mes-dos-paseos-guiados-en-euskera-por-la-ciudad-para-descubrir-las-murallas-y-la-ciudadela\\\/\",\"url\":\"https:\\\/\\\/www.laguiadepamplona.com\\\/actualidad\\\/ayuntamiento-y-ateneo-navarro-proponen-este-mes-dos-paseos-guiados-en-euskera-por-la-ciudad-para-descubrir-las-murallas-y-la-ciudadela\\\/\",\"name\":\"Ayuntamiento y Ateneo Navarro proponen este mes dos paseos guiados en euskera por la ciudad para descubrir las murallas y la Ciudadela\",\"isPartOf\":{\"@id\":\"https:\\\/\\\/www.laguiadepamplona.com\\\/actualidad\\\/#website\"},\"primaryImageOfPage\":{\"@id\":\"https:\\\/\\\/www.laguiadepamplona.com\\\/actualidad\\\/ayuntamiento-y-ateneo-navarro-proponen-este-mes-dos-paseos-guiados-en-euskera-por-la-ciudad-para-descubrir-las-murallas-y-la-ciudadela\\\/#primaryimage\"},\"image\":{\"@id\":\"https:\\\/\\\/www.laguiadepamplona.com\\\/actualidad\\\/ayuntamiento-y-ateneo-navarro-proponen-este-mes-dos-paseos-guiados-en-euskera-por-la-ciudad-para-descubrir-las-murallas-y-la-ciudadela\\\/#primaryimage\"},\"thumbnailUrl\":\"https:\\\/\\\/www.laguiadepamplona.com\\\/actualidad\\\/wp-content\\\/uploads\\\/2023\\\/09\\\/Murallas_portalapea2.webp\",\"datePublished\":\"2023-09-14T10:18:53+00:00\",\"dateModified\":\"2023-09-15T10:20:16+00:00\",\"description\":\"Las visitas ser\u00e1n los martes a las 17.30 horas, son gratuitas y se requiere inscripci\u00f3n previa en el correo electr\u00f3nico ateneo@ateneonavarro.es\u00a0\",\"breadcrumb\":{\"@id\":\"https:\\\/\\\/www.laguiadepamplona.com\\\/actualidad\\\/ayuntamiento-y-ateneo-navarro-proponen-este-mes-dos-paseos-guiados-en-euskera-por-la-ciudad-para-descubrir-las-murallas-y-la-ciudadela\\\/#breadcrumb\"},\"inLanguage\":\"es\",\"potentialAction\":[{\"@type\":\"ReadAction\",\"target\":[\"https:\\\/\\\/www.laguiadepamplona.com\\\/actualidad\\\/ayuntamiento-y-ateneo-navarro-proponen-este-mes-dos-paseos-guiados-en-euskera-por-la-ciudad-para-descubrir-las-murallas-y-la-ciudadela\\\/\"]}]},{\"@type\":\"ImageObject\",\"inLanguage\":\"es\",\"@id\":\"https:\\\/\\\/www.laguiadepamplona.com\\\/actualidad\\\/ayuntamiento-y-ateneo-navarro-proponen-este-mes-dos-paseos-guiados-en-euskera-por-la-ciudad-para-descubrir-las-murallas-y-la-ciudadela\\\/#primaryimage\",\"url\":\"https:\\\/\\\/www.laguiadepamplona.com\\\/actualidad\\\/wp-content\\\/uploads\\\/2023\\\/09\\\/Murallas_portalapea2.webp\",\"contentUrl\":\"https:\\\/\\\/www.laguiadepamplona.com\\\/actualidad\\\/wp-content\\\/uploads\\\/2023\\\/09\\\/Murallas_portalapea2.webp\",\"width\":870,\"height\":480},{\"@type\":\"BreadcrumbList\",\"@id\":\"https:\\\/\\\/www.laguiadepamplona.com\\\/actualidad\\\/ayuntamiento-y-ateneo-navarro-proponen-este-mes-dos-paseos-guiados-en-euskera-por-la-ciudad-para-descubrir-las-murallas-y-la-ciudadela\\\/#breadcrumb\",\"itemListElement\":[{\"@type\":\"ListItem\",\"position\":1,\"name\":\"Portada\",\"item\":\"https:\\\/\\\/www.laguiadepamplona.com\\\/actualidad\\\/\"},{\"@type\":\"ListItem\",\"position\":2,\"name\":\"Ayuntamiento y Ateneo Navarro proponen este mes dos paseos guiados en euskera por la ciudad para descubrir las murallas y la Ciudadela\"}]},{\"@type\":\"WebSite\",\"@id\":\"https:\\\/\\\/www.laguiadepamplona.com\\\/actualidad\\\/#website\",\"url\":\"https:\\\/\\\/www.laguiadepamplona.com\\\/actualidad\\\/\",\"name\":\"La gu\u00eda de Pamplona\",\"description\":\"Noticias de Pamplona\",\"publisher\":{\"@id\":\"https:\\\/\\\/www.laguiadepamplona.com\\\/actualidad\\\/#organization\"},\"potentialAction\":[{\"@type\":\"SearchAction\",\"target\":{\"@type\":\"EntryPoint\",\"urlTemplate\":\"https:\\\/\\\/www.laguiadepamplona.com\\\/actualidad\\\/?s={search_term_string}\"},\"query-input\":{\"@type\":\"PropertyValueSpecification\",\"valueRequired\":true,\"valueName\":\"search_term_string\"}}],\"inLanguage\":\"es\"},{\"@type\":\"Organization\",\"@id\":\"https:\\\/\\\/www.laguiadepamplona.com\\\/actualidad\\\/#organization\",\"name\":\"La Gu\u00eda de Pamplona \\\/ Noticias\",\"url\":\"https:\\\/\\\/www.laguiadepamplona.com\\\/actualidad\\\/\",\"logo\":{\"@type\":\"ImageObject\",\"inLanguage\":\"es\",\"@id\":\"https:\\\/\\\/www.laguiadepamplona.com\\\/actualidad\\\/#\\\/schema\\\/logo\\\/image\\\/\",\"url\":\"https:\\\/\\\/www.laguiadepamplona.com\\\/actualidad\\\/wp-content\\\/uploads\\\/2018\\\/11\\\/logo-laguiadepamplona18-web1.png\",\"contentUrl\":\"https:\\\/\\\/www.laguiadepamplona.com\\\/actualidad\\\/wp-content\\\/uploads\\\/2018\\\/11\\\/logo-laguiadepamplona18-web1.png\",\"width\":600,\"height\":196,\"caption\":\"La Gu\u00eda de Pamplona \\\/ Noticias\"},\"image\":{\"@id\":\"https:\\\/\\\/www.laguiadepamplona.com\\\/actualidad\\\/#\\\/schema\\\/logo\\\/image\\\/\"},\"sameAs\":[\"https:\\\/\\\/www.facebook.com\\\/laguiadepamplonacom-133175176762273\\\/?ref=hl\",\"https:\\\/\\\/x.com\\\/LaGuiadPamplona\",\"https:\\\/\\\/www.instagram.com\\\/la_guia_de_pamplona\\\/\",\"https:\\\/\\\/www.youtube.com\\\/user\\\/laguiadepamplona\"]},{\"@type\":\"Person\",\"@id\":\"https:\\\/\\\/www.laguiadepamplona.com\\\/actualidad\\\/#\\\/schema\\\/person\\\/efe887376f0213d4657c93adc50b1fdb\",\"name\":\"La Gu\u00eda de Pamplona\",\"image\":{\"@type\":\"ImageObject\",\"inLanguage\":\"es\",\"@id\":\"https:\\\/\\\/secure.gravatar.com\\\/avatar\\\/b6992f131dc8d30ab0dff15446e9d346d9dbd95992de0fef795073f5ea83a81c?s=96&d=mm&r=g\",\"url\":\"https:\\\/\\\/secure.gravatar.com\\\/avatar\\\/b6992f131dc8d30ab0dff15446e9d346d9dbd95992de0fef795073f5ea83a81c?s=96&d=mm&r=g\",\"contentUrl\":\"https:\\\/\\\/secure.gravatar.com\\\/avatar\\\/b6992f131dc8d30ab0dff15446e9d346d9dbd95992de0fef795073f5ea83a81c?s=96&d=mm&r=g\",\"caption\":\"La Gu\u00eda de Pamplona\"}}]}<\/script>\n<!-- \/ Yoast SEO plugin. -->","yoast_head_json":{"title":"Ayuntamiento y Ateneo Navarro proponen este mes dos paseos guiados en euskera por la ciudad para descubrir las murallas y la Ciudadela","description":"Las visitas ser\u00e1n los martes a las 17.30 horas, son gratuitas y se requiere inscripci\u00f3n previa en el correo electr\u00f3nico ateneo@ateneonavarro.es\u00a0","robots":{"index":"index","follow":"follow","max-snippet":"max-snippet:-1","max-image-preview":"max-image-preview:large","max-video-preview":"max-video-preview:-1"},"canonical":"https:\/\/www.laguiadepamplona.com\/actualidad\/ayuntamiento-y-ateneo-navarro-proponen-este-mes-dos-paseos-guiados-en-euskera-por-la-ciudad-para-descubrir-las-murallas-y-la-ciudadela\/","og_locale":"es_ES","og_type":"article","og_title":"Ayuntamiento y Ateneo Navarro proponen este mes dos paseos guiados en euskera por la ciudad para descubrir las murallas y la Ciudadela","og_description":"Las visitas ser\u00e1n los martes a las 17.30 horas, son gratuitas y se requiere inscripci\u00f3n previa en el correo electr\u00f3nico ateneo@ateneonavarro.es\u00a0","og_url":"https:\/\/www.laguiadepamplona.com\/actualidad\/ayuntamiento-y-ateneo-navarro-proponen-este-mes-dos-paseos-guiados-en-euskera-por-la-ciudad-para-descubrir-las-murallas-y-la-ciudadela\/","og_site_name":"La Gu\u00eda de Pamplona","article_publisher":"https:\/\/www.facebook.com\/laguiadepamplonacom-133175176762273\/?ref=hl","article_published_time":"2023-09-14T10:18:53+00:00","article_modified_time":"2023-09-15T10:20:16+00:00","og_image":[{"width":870,"height":480,"url":"https:\/\/www.laguiadepamplona.com\/actualidad\/wp-content\/uploads\/2023\/09\/Murallas_portalapea2.webp","type":"image\/webp"}],"author":"La Gu\u00eda de Pamplona","twitter_card":"summary_large_image","twitter_creator":"@LaGuiadPamplona","twitter_site":"@LaGuiadPamplona","twitter_misc":{"Escrito por":"La Gu\u00eda de Pamplona","Tiempo de lectura":"2 minutos"},"schema":{"@context":"https:\/\/schema.org","@graph":[{"@type":"Article","@id":"https:\/\/www.laguiadepamplona.com\/actualidad\/ayuntamiento-y-ateneo-navarro-proponen-este-mes-dos-paseos-guiados-en-euskera-por-la-ciudad-para-descubrir-las-murallas-y-la-ciudadela\/#article","isPartOf":{"@id":"https:\/\/www.laguiadepamplona.com\/actualidad\/ayuntamiento-y-ateneo-navarro-proponen-este-mes-dos-paseos-guiados-en-euskera-por-la-ciudad-para-descubrir-las-murallas-y-la-ciudadela\/"},"author":{"name":"La Gu\u00eda de Pamplona","@id":"https:\/\/www.laguiadepamplona.com\/actualidad\/#\/schema\/person\/efe887376f0213d4657c93adc50b1fdb"},"headline":"Ayuntamiento y Ateneo Navarro proponen este mes dos paseos guiados en euskera por la ciudad para descubrir las murallas y la Ciudadela","datePublished":"2023-09-14T10:18:53+00:00","dateModified":"2023-09-15T10:20:16+00:00","mainEntityOfPage":{"@id":"https:\/\/www.laguiadepamplona.com\/actualidad\/ayuntamiento-y-ateneo-navarro-proponen-este-mes-dos-paseos-guiados-en-euskera-por-la-ciudad-para-descubrir-las-murallas-y-la-ciudadela\/"},"wordCount":476,"commentCount":0,"publisher":{"@id":"https:\/\/www.laguiadepamplona.com\/actualidad\/#organization"},"image":{"@id":"https:\/\/www.laguiadepamplona.com\/actualidad\/ayuntamiento-y-ateneo-navarro-proponen-este-mes-dos-paseos-guiados-en-euskera-por-la-ciudad-para-descubrir-las-murallas-y-la-ciudadela\/#primaryimage"},"thumbnailUrl":"https:\/\/www.laguiadepamplona.com\/actualidad\/wp-content\/uploads\/2023\/09\/Murallas_portalapea2.webp","articleSection":["Ayto Pamplona"],"inLanguage":"es","potentialAction":[{"@type":"CommentAction","name":"Comment","target":["https:\/\/www.laguiadepamplona.com\/actualidad\/ayuntamiento-y-ateneo-navarro-proponen-este-mes-dos-paseos-guiados-en-euskera-por-la-ciudad-para-descubrir-las-murallas-y-la-ciudadela\/#respond"]}]},{"@type":"WebPage","@id":"https:\/\/www.laguiadepamplona.com\/actualidad\/ayuntamiento-y-ateneo-navarro-proponen-este-mes-dos-paseos-guiados-en-euskera-por-la-ciudad-para-descubrir-las-murallas-y-la-ciudadela\/","url":"https:\/\/www.laguiadepamplona.com\/actualidad\/ayuntamiento-y-ateneo-navarro-proponen-este-mes-dos-paseos-guiados-en-euskera-por-la-ciudad-para-descubrir-las-murallas-y-la-ciudadela\/","name":"Ayuntamiento y Ateneo Navarro proponen este mes dos paseos guiados en euskera por la ciudad para descubrir las murallas y la Ciudadela","isPartOf":{"@id":"https:\/\/www.laguiadepamplona.com\/actualidad\/#website"},"primaryImageOfPage":{"@id":"https:\/\/www.laguiadepamplona.com\/actualidad\/ayuntamiento-y-ateneo-navarro-proponen-este-mes-dos-paseos-guiados-en-euskera-por-la-ciudad-para-descubrir-las-murallas-y-la-ciudadela\/#primaryimage"},"image":{"@id":"https:\/\/www.laguiadepamplona.com\/actualidad\/ayuntamiento-y-ateneo-navarro-proponen-este-mes-dos-paseos-guiados-en-euskera-por-la-ciudad-para-descubrir-las-murallas-y-la-ciudadela\/#primaryimage"},"thumbnailUrl":"https:\/\/www.laguiadepamplona.com\/actualidad\/wp-content\/uploads\/2023\/09\/Murallas_portalapea2.webp","datePublished":"2023-09-14T10:18:53+00:00","dateModified":"2023-09-15T10:20:16+00:00","description":"Las visitas ser\u00e1n los martes a las 17.30 horas, son gratuitas y se requiere inscripci\u00f3n previa en el correo electr\u00f3nico ateneo@ateneonavarro.es\u00a0","breadcrumb":{"@id":"https:\/\/www.laguiadepamplona.com\/actualidad\/ayuntamiento-y-ateneo-navarro-proponen-este-mes-dos-paseos-guiados-en-euskera-por-la-ciudad-para-descubrir-las-murallas-y-la-ciudadela\/#breadcrumb"},"inLanguage":"es","potentialAction":[{"@type":"ReadAction","target":["https:\/\/www.laguiadepamplona.com\/actualidad\/ayuntamiento-y-ateneo-navarro-proponen-este-mes-dos-paseos-guiados-en-euskera-por-la-ciudad-para-descubrir-las-murallas-y-la-ciudadela\/"]}]},{"@type":"ImageObject","inLanguage":"es","@id":"https:\/\/www.laguiadepamplona.com\/actualidad\/ayuntamiento-y-ateneo-navarro-proponen-este-mes-dos-paseos-guiados-en-euskera-por-la-ciudad-para-descubrir-las-murallas-y-la-ciudadela\/#primaryimage","url":"https:\/\/www.laguiadepamplona.com\/actualidad\/wp-content\/uploads\/2023\/09\/Murallas_portalapea2.webp","contentUrl":"https:\/\/www.laguiadepamplona.com\/actualidad\/wp-content\/uploads\/2023\/09\/Murallas_portalapea2.webp","width":870,"height":480},{"@type":"BreadcrumbList","@id":"https:\/\/www.laguiadepamplona.com\/actualidad\/ayuntamiento-y-ateneo-navarro-proponen-este-mes-dos-paseos-guiados-en-euskera-por-la-ciudad-para-descubrir-las-murallas-y-la-ciudadela\/#breadcrumb","itemListElement":[{"@type":"ListItem","position":1,"name":"Portada","item":"https:\/\/www.laguiadepamplona.com\/actualidad\/"},{"@type":"ListItem","position":2,"name":"Ayuntamiento y Ateneo Navarro proponen este mes dos paseos guiados en euskera por la ciudad para descubrir las murallas y la Ciudadela"}]},{"@type":"WebSite","@id":"https:\/\/www.laguiadepamplona.com\/actualidad\/#website","url":"https:\/\/www.laguiadepamplona.com\/actualidad\/","name":"La gu\u00eda de Pamplona","description":"Noticias de Pamplona","publisher":{"@id":"https:\/\/www.laguiadepamplona.com\/actualidad\/#organization"},"potentialAction":[{"@type":"SearchAction","target":{"@type":"EntryPoint","urlTemplate":"https:\/\/www.laguiadepamplona.com\/actualidad\/?s={search_term_string}"},"query-input":{"@type":"PropertyValueSpecification","valueRequired":true,"valueName":"search_term_string"}}],"inLanguage":"es"},{"@type":"Organization","@id":"https:\/\/www.laguiadepamplona.com\/actualidad\/#organization","name":"La Gu\u00eda de Pamplona \/ Noticias","url":"https:\/\/www.laguiadepamplona.com\/actualidad\/","logo":{"@type":"ImageObject","inLanguage":"es","@id":"https:\/\/www.laguiadepamplona.com\/actualidad\/#\/schema\/logo\/image\/","url":"https:\/\/www.laguiadepamplona.com\/actualidad\/wp-content\/uploads\/2018\/11\/logo-laguiadepamplona18-web1.png","contentUrl":"https:\/\/www.laguiadepamplona.com\/actualidad\/wp-content\/uploads\/2018\/11\/logo-laguiadepamplona18-web1.png","width":600,"height":196,"caption":"La Gu\u00eda de Pamplona \/ Noticias"},"image":{"@id":"https:\/\/www.laguiadepamplona.com\/actualidad\/#\/schema\/logo\/image\/"},"sameAs":["https:\/\/www.facebook.com\/laguiadepamplonacom-133175176762273\/?ref=hl","https:\/\/x.com\/LaGuiadPamplona","https:\/\/www.instagram.com\/la_guia_de_pamplona\/","https:\/\/www.youtube.com\/user\/laguiadepamplona"]},{"@type":"Person","@id":"https:\/\/www.laguiadepamplona.com\/actualidad\/#\/schema\/person\/efe887376f0213d4657c93adc50b1fdb","name":"La Gu\u00eda de Pamplona","image":{"@type":"ImageObject","inLanguage":"es","@id":"https:\/\/secure.gravatar.com\/avatar\/b6992f131dc8d30ab0dff15446e9d346d9dbd95992de0fef795073f5ea83a81c?s=96&d=mm&r=g","url":"https:\/\/secure.gravatar.com\/avatar\/b6992f131dc8d30ab0dff15446e9d346d9dbd95992de0fef795073f5ea83a81c?s=96&d=mm&r=g","contentUrl":"https:\/\/secure.gravatar.com\/avatar\/b6992f131dc8d30ab0dff15446e9d346d9dbd95992de0fef795073f5ea83a81c?s=96&d=mm&r=g","caption":"La Gu\u00eda de Pamplona"}}]}},"post_mailing_queue_ids":[],"_links":{"self":[{"href":"https:\/\/www.laguiadepamplona.com\/actualidad\/wp-json\/wp\/v2\/posts\/47368","targetHints":{"allow":["GET"]}}],"collection":[{"href":"https:\/\/www.laguiadepamplona.com\/actualidad\/wp-json\/wp\/v2\/posts"}],"about":[{"href":"https:\/\/www.laguiadepamplona.com\/actualidad\/wp-json\/wp\/v2\/types\/post"}],"author":[{"embeddable":true,"href":"https:\/\/www.laguiadepamplona.com\/actualidad\/wp-json\/wp\/v2\/users\/1"}],"replies":[{"embeddable":true,"href":"https:\/\/www.laguiadepamplona.com\/actualidad\/wp-json\/wp\/v2\/comments?post=47368"}],"version-history":[{"count":1,"href":"https:\/\/www.laguiadepamplona.com\/actualidad\/wp-json\/wp\/v2\/posts\/47368\/revisions"}],"predecessor-version":[{"id":47370,"href":"https:\/\/www.laguiadepamplona.com\/actualidad\/wp-json\/wp\/v2\/posts\/47368\/revisions\/47370"}],"wp:featuredmedia":[{"embeddable":true,"href":"https:\/\/www.laguiadepamplona.com\/actualidad\/wp-json\/wp\/v2\/media\/47369"}],"wp:attachment":[{"href":"https:\/\/www.laguiadepamplona.com\/actualidad\/wp-json\/wp\/v2\/media?parent=47368"}],"wp:term":[{"taxonomy":"category","embeddable":true,"href":"https:\/\/www.laguiadepamplona.com\/actualidad\/wp-json\/wp\/v2\/categories?post=47368"},{"taxonomy":"post_tag","embeddable":true,"href":"https:\/\/www.laguiadepamplona.com\/actualidad\/wp-json\/wp\/v2\/tags?post=47368"}],"curies":[{"name":"wp","href":"https:\/\/api.w.org\/{rel}","templated":true}]}}