{"id":47365,"date":"2023-09-14T12:18:27","date_gmt":"2023-09-14T10:18:27","guid":{"rendered":"https:\/\/www.laguiadepamplona.com\/actualidad\/?p=47365"},"modified":"2023-09-15T12:18:43","modified_gmt":"2023-09-15T10:18:43","slug":"el-ayuntamiento-de-pamplona-propone-para-este-ultimo-trimestre-del-ano-17-cursos-de-formacion-en-participacion-dirigidos-a-asociaciones-y-ciudadania-en-general","status":"publish","type":"post","link":"https:\/\/www.laguiadepamplona.com\/actualidad\/el-ayuntamiento-de-pamplona-propone-para-este-ultimo-trimestre-del-ano-17-cursos-de-formacion-en-participacion-dirigidos-a-asociaciones-y-ciudadania-en-general\/","title":{"rendered":"El Ayuntamiento de Pamplona propone para este \u00faltimo trimestre del a\u00f1o 17 cursos de formaci\u00f3n en participaci\u00f3n dirigidos a asociaciones y ciudadan\u00eda en general"},"content":{"rendered":"<h3>Son cursos gratuitos para los que se abre la preinscripci\u00f3n este 15 de septiembre, a trav\u00e9s de un formulario online en <a href=\"https:\/\/participa.pamplona.es\/\" target=\"_blank\" rel=\"noopener\">participa.pamplona.es<\/a><\/h3>\n<p><!--more--><\/p>\n<p>Diecisiete cursos gratuitos componen la oferta del Ayuntamiento de Pamplona en formaci\u00f3n para la participaci\u00f3n que se impartir\u00e1 en el \u00faltimo trimestre del a\u00f1o, entre los meses de octubre y diciembre. El plazo de preinscripci\u00f3n comienza este viernes 15 de septiembre, a trav\u00e9s de un formulario online en la web municipal <a href=\"https:\/\/participa.pamplona.es\/\" target=\"_blank\" rel=\"noopener\">participa.pamplona.es<\/a>. Los cursos est\u00e1n dirigidos a personas mayores de 18 a\u00f1os, tanto ciudadan\u00eda en general como asociaciones o entidades.<\/p>\n<p>Los cursos se desarrollar\u00e1n de forma presencial, principalmente en la sede de Zentro Espacio Colaborativo en el Palacio del Condestable, aunque tambi\u00e9n se impartir\u00e1 formaci\u00f3n en otras dependencias municipales como la Casa de la Juventud o la sala de Descalzos 56. La preinscripci\u00f3n, con car\u00e1cter general, se abre este viernes 15 de septiembre y se cierra ocho d\u00edas antes del inicio de cada curso. Finalizado el plazo de preinscripci\u00f3n online, se comunicar\u00e1 a todas las personas su admisi\u00f3n o no a la formaci\u00f3n. Las personas admitidas tendr\u00e1n que confirmar su inscripci\u00f3n definitiva.<\/p>\n<p>En caso de existir en alg\u00fan curso m\u00e1s solicitudes que plazas ofertadas, se seleccionar\u00e1 al alumnado seg\u00fan criterios espec\u00edficos para cada curso y se dar\u00e1 prioridad a personas empadronadas y residentes en Pamplona. Se requiere un 85% de la asistencia al curso para obtener el correspondiente certificado.<br \/>\n<script async src=\"\/\/pagead2.googlesyndication.com\/pagead\/js\/adsbygoogle.js\"><\/script><br \/>\n<!-- Noticias La Guia de Pamplona --><br \/>\n<ins class=\"adsbygoogle\"\nstyle=\"display:block\"\ndata-ad-client=\"ca-pub-6943679897239327\"\ndata-ad-slot=\"7048180777\"\ndata-ad-format=\"auto\"><\/ins><br \/>\n<script>\n(adsbygoogle = window.adsbygoogle || []).push({});\n<\/script><\/p>\n<p><strong>Cuatro \u00e1reas formativas<\/strong><\/p>\n<p>La formaci\u00f3n se divide en cuatro \u00e1reas: ciudadan\u00eda activa y habilidades para participar, asociacionismo, relaciones ciudadanas y comunitarias, y metodolog\u00edas y herramientas de participaci\u00f3n ciudadana. En la primera de ellas, se ofrecen tres tipos de cursos, seg\u00fan se trate de apostar por las habilidades sociales, las habilidades tecnol\u00f3gicas o el envejecimiento activo. En habilidades sociales se imparten cuatro cursos sobre tem\u00e1ticas como el arte de la escucha, la comunicaci\u00f3n eficaz, t\u00e9cnicas para hablar en p\u00fablico o la salud relacional y convivencia en paz. En habilidades tecnol\u00f3gicas, hay formaci\u00f3n en Canva y en competencias digitales para personas mayores. El envejecimiento activo se oferta con un curso de derechos de la edad adulta y otro de econom\u00eda dom\u00e9stica.<\/p>\n<p>En el apartado de asociacionismo, se imparte formaci\u00f3n para la gesti\u00f3n b\u00e1sica de asociaciones y sobre c\u00f3mo relacionarte de forma telem\u00e1tica con la administraci\u00f3n municipal a trav\u00e9s de la sede electr\u00f3nica. Las relaciones ciudadanas y comunitarias se centran en la inclusi\u00f3n y la interculturalidad, con cinco cursos sobre promoci\u00f3n de la convivencia, claves culturales de la sociedad navarra, claves culturales para la mediaci\u00f3n intercultural, mentor\u00eda social y servicios del Gobierno de Navarra en materia de migraciones. En el \u00e1rea de metodolog\u00edas y herramientas de participaci\u00f3n ciudadana, se ofertan un curso b\u00e1sico de facilitaci\u00f3n de grupos y un curso de teatro como herramientas de intervenci\u00f3n social y empoderamiento.<br \/>\n<script async src=\"\/\/pagead2.googlesyndication.com\/pagead\/js\/adsbygoogle.js\"><\/script><br \/>\n<!-- Noticias La Guia de Pamplona --><br \/>\n<ins class=\"adsbygoogle\"\nstyle=\"display:block\"\ndata-ad-client=\"ca-pub-6943679897239327\"\ndata-ad-slot=\"7048180777\"\ndata-ad-format=\"auto\"><\/ins><br \/>\n<script>\n(adsbygoogle = window.adsbygoogle || []).push({});\n<\/script><\/p>\n<p><strong>Bolsa de formaci\u00f3n<\/strong><\/p>\n<p>El Ayuntamiento de Pamplona ha puesto en marcha una bolsa de formadores y formadoras y de propuesta de formaci\u00f3n para que profesionales o empresas que tengan inter\u00e9s en impartir actividades puedan hacerlo. Se facilitar\u00e1 el contacto de formadores o formadoras con asociaciones, seg\u00fan las necesidades.<\/p>\n<p>El procedimiento para formar parte de esa bolsa de personas formadores pasa por el env\u00edo al correo electr\u00f3nico <a href=\"mailto:formacion.participacion@pamplona.es\">formacion.participacion@pamplona.es<\/a> de la correspondiente propuesta que debe incluir una carta de presentaci\u00f3n, ficha del formador o formadora, ficha de la propuesta formativa concreta y curr\u00edculum vitae.<br \/>\n<script async src=\"\/\/pagead2.googlesyndication.com\/pagead\/js\/adsbygoogle.js\"><\/script><br \/>\n<!-- Noticias La Guia de Pamplona --><br \/>\n<ins class=\"adsbygoogle\"\nstyle=\"display:block\"\ndata-ad-client=\"ca-pub-6943679897239327\"\ndata-ad-slot=\"7048180777\"\ndata-ad-format=\"auto\"><\/ins><br \/>\n<script>\n(adsbygoogle = window.adsbygoogle || []).push({});\n<\/script><\/p>\n<p>&nbsp;<\/p>\n<h3>Cursos de formaci\u00f3n en participaci\u00f3n. Zentro Espacio Colaborativo<\/h3>\n<p><span style=\"color: #ff0000;\"><strong>CIUDADAN\u00cdA ACTIVA: HABILIDADES PARA PARTICIPAR<\/strong><\/span><\/p>\n<ul>\n<li><strong> Habilidades sociales<\/strong><\/li>\n<li>1. El arte de la escucha<\/li>\n<li>2. Comunicaci\u00f3n eficaz<\/li>\n<li>3. T\u00e9cnicas para hablar en p\u00fablico: no tengas miedo a contarlo<\/li>\n<li>4. Relaciones seguras\/relaciones inseguras: salud relacional y convivencia en paz<\/li>\n<\/ul>\n<p>&nbsp;<\/p>\n<ul>\n<li><strong> Habilidades tecnol\u00f3gicas<\/strong><\/li>\n<li>1. Canva, conceptos de dise\u00f1o y otros recursos gratuitos para crear tus posters, im\u00e1genes y v\u00eddeos sin conocimientos previos<\/li>\n<li>2. Tecnolog\u00eda para personas mayores: que no te paren las m\u00e1quinas<\/li>\n<\/ul>\n<p>&nbsp;<\/p>\n<ul>\n<li><strong> Envejecimiento activo<\/strong><\/li>\n<li>1. Derechos de la edad adulta: conoce tus derechos y c\u00f3mo ejercerlos<\/li>\n<li>2. Econom\u00eda dom\u00e9stica para personas mayores<\/li>\n<\/ul>\n<p><strong>\u00a0<\/strong><\/p>\n<p><strong>ASOCIACIONISMO<\/strong><\/p>\n<ul>\n<li><strong> Gesti\u00f3n de asociaciones<\/strong><\/li>\n<li>1. Tu asociaci\u00f3n y la sede electr\u00f3nica: aprende a gestionarla<\/li>\n<li>2. Gesti\u00f3n b\u00e1sica de asociaciones<\/li>\n<\/ul>\n<p>&nbsp;<\/p>\n<p><span style=\"color: #ff0000;\"><strong>REDES CIUDADANAS Y COMUNITARIAS<\/strong><\/span><\/p>\n<ul>\n<li><strong> Inclusi\u00f3n social e interculturalidad<\/strong><\/li>\n<li>1. Promoci\u00f3n de la convivencia: herramientas y estrategias para intervenciones mediadoras<\/li>\n<li>2. Claves culturales de la sociedad navarra para la mediaci\u00f3n intercultural<\/li>\n<li>3. Claves culturales para la mediaci\u00f3n intercultural<\/li>\n<li>4. Mentor\u00eda social: acompa\u00f1amiento informal<\/li>\n<li>5. Servicios de gobierno de navarra en materia de migraciones<\/li>\n<\/ul>\n<p>&nbsp;<\/p>\n<p><span style=\"color: #ff0000;\"><strong>METODOLOG\u00cdAS Y HERRAMIENTAS DE PARTICIPACI\u00d3N CIUDADANA<\/strong><\/span><\/p>\n<ul>\n<li><strong> Metodolog\u00edas y herramientas para la participaci\u00f3n<\/strong><\/li>\n<li>1. Curso b\u00e1sico de facilitaci\u00f3n de grupos (m\u00f3dulos 1-4)<\/li>\n<li>2. El teatro como herramienta de intervenci\u00f3n social y empoderamiento<\/li>\n<\/ul>\n","protected":false},"excerpt":{"rendered":"<p>Son cursos gratuitos para los que se abre la preinscripci\u00f3n este 15 de septiembre, a trav\u00e9s de un formulario online en participa.pamplona.es<\/p>\n","protected":false},"author":1,"featured_media":47366,"comment_status":"open","ping_status":"closed","sticky":false,"template":"","format":"standard","meta":{"footnotes":""},"categories":[2],"tags":[],"class_list":["post-47365","post","type-post","status-publish","format-standard","has-post-thumbnail","hentry","category-ayuntamiento-pamplona"],"yoast_head":"<!-- This site is optimized with the Yoast SEO plugin v27.3 - https:\/\/yoast.com\/product\/yoast-seo-wordpress\/ -->\n<title>El Ayuntamiento de Pamplona propone para este \u00faltimo trimestre del a\u00f1o 17 cursos de formaci\u00f3n en participaci\u00f3n dirigidos a asociaciones y ciudadan\u00eda en general<\/title>\n<meta name=\"description\" content=\"Son cursos gratuitos para los que se abre la preinscripci\u00f3n este 15 de septiembre, a trav\u00e9s de un formulario online en participa.pamplona.es\" \/>\n<meta name=\"robots\" content=\"index, follow, max-snippet:-1, max-image-preview:large, max-video-preview:-1\" \/>\n<link rel=\"canonical\" href=\"https:\/\/www.laguiadepamplona.com\/actualidad\/el-ayuntamiento-de-pamplona-propone-para-este-ultimo-trimestre-del-ano-17-cursos-de-formacion-en-participacion-dirigidos-a-asociaciones-y-ciudadania-en-general\/\" \/>\n<meta property=\"og:locale\" content=\"es_ES\" \/>\n<meta property=\"og:type\" content=\"article\" \/>\n<meta property=\"og:title\" content=\"El Ayuntamiento de Pamplona propone para este \u00faltimo trimestre del a\u00f1o 17 cursos de formaci\u00f3n en participaci\u00f3n dirigidos a asociaciones y ciudadan\u00eda en general\" \/>\n<meta property=\"og:description\" content=\"Son cursos gratuitos para los que se abre la preinscripci\u00f3n este 15 de septiembre, a trav\u00e9s de un formulario online en participa.pamplona.es\" \/>\n<meta property=\"og:url\" content=\"https:\/\/www.laguiadepamplona.com\/actualidad\/el-ayuntamiento-de-pamplona-propone-para-este-ultimo-trimestre-del-ano-17-cursos-de-formacion-en-participacion-dirigidos-a-asociaciones-y-ciudadania-en-general\/\" \/>\n<meta property=\"og:site_name\" content=\"La Gu\u00eda de Pamplona\" \/>\n<meta property=\"article:publisher\" content=\"https:\/\/www.facebook.com\/laguiadepamplonacom-133175176762273\/?ref=hl\" \/>\n<meta property=\"article:published_time\" content=\"2023-09-14T10:18:27+00:00\" \/>\n<meta property=\"article:modified_time\" content=\"2023-09-15T10:18:43+00:00\" \/>\n<meta property=\"og:image\" content=\"https:\/\/www.laguiadepamplona.com\/actualidad\/wp-content\/uploads\/2023\/09\/cursos-participacion.webp\" \/>\n\t<meta property=\"og:image:width\" content=\"1200\" \/>\n\t<meta property=\"og:image:height\" content=\"793\" \/>\n\t<meta property=\"og:image:type\" content=\"image\/webp\" \/>\n<meta name=\"author\" content=\"La Gu\u00eda de Pamplona\" \/>\n<meta name=\"twitter:card\" content=\"summary_large_image\" \/>\n<meta name=\"twitter:creator\" content=\"@LaGuiadPamplona\" \/>\n<meta name=\"twitter:site\" content=\"@LaGuiadPamplona\" \/>\n<meta name=\"twitter:label1\" content=\"Escrito por\" \/>\n\t<meta name=\"twitter:data1\" content=\"La Gu\u00eda de Pamplona\" \/>\n\t<meta name=\"twitter:label2\" content=\"Tiempo de lectura\" \/>\n\t<meta name=\"twitter:data2\" content=\"4 minutos\" \/>\n<script type=\"application\/ld+json\" class=\"yoast-schema-graph\">{\"@context\":\"https:\\\/\\\/schema.org\",\"@graph\":[{\"@type\":\"Article\",\"@id\":\"https:\\\/\\\/www.laguiadepamplona.com\\\/actualidad\\\/el-ayuntamiento-de-pamplona-propone-para-este-ultimo-trimestre-del-ano-17-cursos-de-formacion-en-participacion-dirigidos-a-asociaciones-y-ciudadania-en-general\\\/#article\",\"isPartOf\":{\"@id\":\"https:\\\/\\\/www.laguiadepamplona.com\\\/actualidad\\\/el-ayuntamiento-de-pamplona-propone-para-este-ultimo-trimestre-del-ano-17-cursos-de-formacion-en-participacion-dirigidos-a-asociaciones-y-ciudadania-en-general\\\/\"},\"author\":{\"name\":\"La Gu\u00eda de Pamplona\",\"@id\":\"https:\\\/\\\/www.laguiadepamplona.com\\\/actualidad\\\/#\\\/schema\\\/person\\\/efe887376f0213d4657c93adc50b1fdb\"},\"headline\":\"El Ayuntamiento de Pamplona propone para este \u00faltimo trimestre del a\u00f1o 17 cursos de formaci\u00f3n en participaci\u00f3n dirigidos a asociaciones y ciudadan\u00eda en general\",\"datePublished\":\"2023-09-14T10:18:27+00:00\",\"dateModified\":\"2023-09-15T10:18:43+00:00\",\"mainEntityOfPage\":{\"@id\":\"https:\\\/\\\/www.laguiadepamplona.com\\\/actualidad\\\/el-ayuntamiento-de-pamplona-propone-para-este-ultimo-trimestre-del-ano-17-cursos-de-formacion-en-participacion-dirigidos-a-asociaciones-y-ciudadania-en-general\\\/\"},\"wordCount\":863,\"commentCount\":0,\"publisher\":{\"@id\":\"https:\\\/\\\/www.laguiadepamplona.com\\\/actualidad\\\/#organization\"},\"image\":{\"@id\":\"https:\\\/\\\/www.laguiadepamplona.com\\\/actualidad\\\/el-ayuntamiento-de-pamplona-propone-para-este-ultimo-trimestre-del-ano-17-cursos-de-formacion-en-participacion-dirigidos-a-asociaciones-y-ciudadania-en-general\\\/#primaryimage\"},\"thumbnailUrl\":\"https:\\\/\\\/www.laguiadepamplona.com\\\/actualidad\\\/wp-content\\\/uploads\\\/2023\\\/09\\\/cursos-participacion.webp\",\"articleSection\":[\"Ayto Pamplona\"],\"inLanguage\":\"es\",\"potentialAction\":[{\"@type\":\"CommentAction\",\"name\":\"Comment\",\"target\":[\"https:\\\/\\\/www.laguiadepamplona.com\\\/actualidad\\\/el-ayuntamiento-de-pamplona-propone-para-este-ultimo-trimestre-del-ano-17-cursos-de-formacion-en-participacion-dirigidos-a-asociaciones-y-ciudadania-en-general\\\/#respond\"]}]},{\"@type\":\"WebPage\",\"@id\":\"https:\\\/\\\/www.laguiadepamplona.com\\\/actualidad\\\/el-ayuntamiento-de-pamplona-propone-para-este-ultimo-trimestre-del-ano-17-cursos-de-formacion-en-participacion-dirigidos-a-asociaciones-y-ciudadania-en-general\\\/\",\"url\":\"https:\\\/\\\/www.laguiadepamplona.com\\\/actualidad\\\/el-ayuntamiento-de-pamplona-propone-para-este-ultimo-trimestre-del-ano-17-cursos-de-formacion-en-participacion-dirigidos-a-asociaciones-y-ciudadania-en-general\\\/\",\"name\":\"El Ayuntamiento de Pamplona propone para este \u00faltimo trimestre del a\u00f1o 17 cursos de formaci\u00f3n en participaci\u00f3n dirigidos a asociaciones y ciudadan\u00eda en general\",\"isPartOf\":{\"@id\":\"https:\\\/\\\/www.laguiadepamplona.com\\\/actualidad\\\/#website\"},\"primaryImageOfPage\":{\"@id\":\"https:\\\/\\\/www.laguiadepamplona.com\\\/actualidad\\\/el-ayuntamiento-de-pamplona-propone-para-este-ultimo-trimestre-del-ano-17-cursos-de-formacion-en-participacion-dirigidos-a-asociaciones-y-ciudadania-en-general\\\/#primaryimage\"},\"image\":{\"@id\":\"https:\\\/\\\/www.laguiadepamplona.com\\\/actualidad\\\/el-ayuntamiento-de-pamplona-propone-para-este-ultimo-trimestre-del-ano-17-cursos-de-formacion-en-participacion-dirigidos-a-asociaciones-y-ciudadania-en-general\\\/#primaryimage\"},\"thumbnailUrl\":\"https:\\\/\\\/www.laguiadepamplona.com\\\/actualidad\\\/wp-content\\\/uploads\\\/2023\\\/09\\\/cursos-participacion.webp\",\"datePublished\":\"2023-09-14T10:18:27+00:00\",\"dateModified\":\"2023-09-15T10:18:43+00:00\",\"description\":\"Son cursos gratuitos para los que se abre la preinscripci\u00f3n este 15 de septiembre, a trav\u00e9s de un formulario online en participa.pamplona.es\",\"breadcrumb\":{\"@id\":\"https:\\\/\\\/www.laguiadepamplona.com\\\/actualidad\\\/el-ayuntamiento-de-pamplona-propone-para-este-ultimo-trimestre-del-ano-17-cursos-de-formacion-en-participacion-dirigidos-a-asociaciones-y-ciudadania-en-general\\\/#breadcrumb\"},\"inLanguage\":\"es\",\"potentialAction\":[{\"@type\":\"ReadAction\",\"target\":[\"https:\\\/\\\/www.laguiadepamplona.com\\\/actualidad\\\/el-ayuntamiento-de-pamplona-propone-para-este-ultimo-trimestre-del-ano-17-cursos-de-formacion-en-participacion-dirigidos-a-asociaciones-y-ciudadania-en-general\\\/\"]}]},{\"@type\":\"ImageObject\",\"inLanguage\":\"es\",\"@id\":\"https:\\\/\\\/www.laguiadepamplona.com\\\/actualidad\\\/el-ayuntamiento-de-pamplona-propone-para-este-ultimo-trimestre-del-ano-17-cursos-de-formacion-en-participacion-dirigidos-a-asociaciones-y-ciudadania-en-general\\\/#primaryimage\",\"url\":\"https:\\\/\\\/www.laguiadepamplona.com\\\/actualidad\\\/wp-content\\\/uploads\\\/2023\\\/09\\\/cursos-participacion.webp\",\"contentUrl\":\"https:\\\/\\\/www.laguiadepamplona.com\\\/actualidad\\\/wp-content\\\/uploads\\\/2023\\\/09\\\/cursos-participacion.webp\",\"width\":1200,\"height\":793},{\"@type\":\"BreadcrumbList\",\"@id\":\"https:\\\/\\\/www.laguiadepamplona.com\\\/actualidad\\\/el-ayuntamiento-de-pamplona-propone-para-este-ultimo-trimestre-del-ano-17-cursos-de-formacion-en-participacion-dirigidos-a-asociaciones-y-ciudadania-en-general\\\/#breadcrumb\",\"itemListElement\":[{\"@type\":\"ListItem\",\"position\":1,\"name\":\"Portada\",\"item\":\"https:\\\/\\\/www.laguiadepamplona.com\\\/actualidad\\\/\"},{\"@type\":\"ListItem\",\"position\":2,\"name\":\"El Ayuntamiento de Pamplona propone para este \u00faltimo trimestre del a\u00f1o 17 cursos de formaci\u00f3n en participaci\u00f3n dirigidos a asociaciones y ciudadan\u00eda en general\"}]},{\"@type\":\"WebSite\",\"@id\":\"https:\\\/\\\/www.laguiadepamplona.com\\\/actualidad\\\/#website\",\"url\":\"https:\\\/\\\/www.laguiadepamplona.com\\\/actualidad\\\/\",\"name\":\"La gu\u00eda de Pamplona\",\"description\":\"Noticias de Pamplona\",\"publisher\":{\"@id\":\"https:\\\/\\\/www.laguiadepamplona.com\\\/actualidad\\\/#organization\"},\"potentialAction\":[{\"@type\":\"SearchAction\",\"target\":{\"@type\":\"EntryPoint\",\"urlTemplate\":\"https:\\\/\\\/www.laguiadepamplona.com\\\/actualidad\\\/?s={search_term_string}\"},\"query-input\":{\"@type\":\"PropertyValueSpecification\",\"valueRequired\":true,\"valueName\":\"search_term_string\"}}],\"inLanguage\":\"es\"},{\"@type\":\"Organization\",\"@id\":\"https:\\\/\\\/www.laguiadepamplona.com\\\/actualidad\\\/#organization\",\"name\":\"La Gu\u00eda de Pamplona \\\/ Noticias\",\"url\":\"https:\\\/\\\/www.laguiadepamplona.com\\\/actualidad\\\/\",\"logo\":{\"@type\":\"ImageObject\",\"inLanguage\":\"es\",\"@id\":\"https:\\\/\\\/www.laguiadepamplona.com\\\/actualidad\\\/#\\\/schema\\\/logo\\\/image\\\/\",\"url\":\"https:\\\/\\\/www.laguiadepamplona.com\\\/actualidad\\\/wp-content\\\/uploads\\\/2018\\\/11\\\/logo-laguiadepamplona18-web1.png\",\"contentUrl\":\"https:\\\/\\\/www.laguiadepamplona.com\\\/actualidad\\\/wp-content\\\/uploads\\\/2018\\\/11\\\/logo-laguiadepamplona18-web1.png\",\"width\":600,\"height\":196,\"caption\":\"La Gu\u00eda de Pamplona \\\/ Noticias\"},\"image\":{\"@id\":\"https:\\\/\\\/www.laguiadepamplona.com\\\/actualidad\\\/#\\\/schema\\\/logo\\\/image\\\/\"},\"sameAs\":[\"https:\\\/\\\/www.facebook.com\\\/laguiadepamplonacom-133175176762273\\\/?ref=hl\",\"https:\\\/\\\/x.com\\\/LaGuiadPamplona\",\"https:\\\/\\\/www.instagram.com\\\/la_guia_de_pamplona\\\/\",\"https:\\\/\\\/www.youtube.com\\\/user\\\/laguiadepamplona\"]},{\"@type\":\"Person\",\"@id\":\"https:\\\/\\\/www.laguiadepamplona.com\\\/actualidad\\\/#\\\/schema\\\/person\\\/efe887376f0213d4657c93adc50b1fdb\",\"name\":\"La Gu\u00eda de Pamplona\",\"image\":{\"@type\":\"ImageObject\",\"inLanguage\":\"es\",\"@id\":\"https:\\\/\\\/secure.gravatar.com\\\/avatar\\\/b6992f131dc8d30ab0dff15446e9d346d9dbd95992de0fef795073f5ea83a81c?s=96&d=mm&r=g\",\"url\":\"https:\\\/\\\/secure.gravatar.com\\\/avatar\\\/b6992f131dc8d30ab0dff15446e9d346d9dbd95992de0fef795073f5ea83a81c?s=96&d=mm&r=g\",\"contentUrl\":\"https:\\\/\\\/secure.gravatar.com\\\/avatar\\\/b6992f131dc8d30ab0dff15446e9d346d9dbd95992de0fef795073f5ea83a81c?s=96&d=mm&r=g\",\"caption\":\"La Gu\u00eda de Pamplona\"}}]}<\/script>\n<!-- \/ Yoast SEO plugin. -->","yoast_head_json":{"title":"El Ayuntamiento de Pamplona propone para este \u00faltimo trimestre del a\u00f1o 17 cursos de formaci\u00f3n en participaci\u00f3n dirigidos a asociaciones y ciudadan\u00eda en general","description":"Son cursos gratuitos para los que se abre la preinscripci\u00f3n este 15 de septiembre, a trav\u00e9s de un formulario online en participa.pamplona.es","robots":{"index":"index","follow":"follow","max-snippet":"max-snippet:-1","max-image-preview":"max-image-preview:large","max-video-preview":"max-video-preview:-1"},"canonical":"https:\/\/www.laguiadepamplona.com\/actualidad\/el-ayuntamiento-de-pamplona-propone-para-este-ultimo-trimestre-del-ano-17-cursos-de-formacion-en-participacion-dirigidos-a-asociaciones-y-ciudadania-en-general\/","og_locale":"es_ES","og_type":"article","og_title":"El Ayuntamiento de Pamplona propone para este \u00faltimo trimestre del a\u00f1o 17 cursos de formaci\u00f3n en participaci\u00f3n dirigidos a asociaciones y ciudadan\u00eda en general","og_description":"Son cursos gratuitos para los que se abre la preinscripci\u00f3n este 15 de septiembre, a trav\u00e9s de un formulario online en participa.pamplona.es","og_url":"https:\/\/www.laguiadepamplona.com\/actualidad\/el-ayuntamiento-de-pamplona-propone-para-este-ultimo-trimestre-del-ano-17-cursos-de-formacion-en-participacion-dirigidos-a-asociaciones-y-ciudadania-en-general\/","og_site_name":"La Gu\u00eda de Pamplona","article_publisher":"https:\/\/www.facebook.com\/laguiadepamplonacom-133175176762273\/?ref=hl","article_published_time":"2023-09-14T10:18:27+00:00","article_modified_time":"2023-09-15T10:18:43+00:00","og_image":[{"width":1200,"height":793,"url":"https:\/\/www.laguiadepamplona.com\/actualidad\/wp-content\/uploads\/2023\/09\/cursos-participacion.webp","type":"image\/webp"}],"author":"La Gu\u00eda de Pamplona","twitter_card":"summary_large_image","twitter_creator":"@LaGuiadPamplona","twitter_site":"@LaGuiadPamplona","twitter_misc":{"Escrito por":"La Gu\u00eda de Pamplona","Tiempo de lectura":"4 minutos"},"schema":{"@context":"https:\/\/schema.org","@graph":[{"@type":"Article","@id":"https:\/\/www.laguiadepamplona.com\/actualidad\/el-ayuntamiento-de-pamplona-propone-para-este-ultimo-trimestre-del-ano-17-cursos-de-formacion-en-participacion-dirigidos-a-asociaciones-y-ciudadania-en-general\/#article","isPartOf":{"@id":"https:\/\/www.laguiadepamplona.com\/actualidad\/el-ayuntamiento-de-pamplona-propone-para-este-ultimo-trimestre-del-ano-17-cursos-de-formacion-en-participacion-dirigidos-a-asociaciones-y-ciudadania-en-general\/"},"author":{"name":"La Gu\u00eda de Pamplona","@id":"https:\/\/www.laguiadepamplona.com\/actualidad\/#\/schema\/person\/efe887376f0213d4657c93adc50b1fdb"},"headline":"El Ayuntamiento de Pamplona propone para este \u00faltimo trimestre del a\u00f1o 17 cursos de formaci\u00f3n en participaci\u00f3n dirigidos a asociaciones y ciudadan\u00eda en general","datePublished":"2023-09-14T10:18:27+00:00","dateModified":"2023-09-15T10:18:43+00:00","mainEntityOfPage":{"@id":"https:\/\/www.laguiadepamplona.com\/actualidad\/el-ayuntamiento-de-pamplona-propone-para-este-ultimo-trimestre-del-ano-17-cursos-de-formacion-en-participacion-dirigidos-a-asociaciones-y-ciudadania-en-general\/"},"wordCount":863,"commentCount":0,"publisher":{"@id":"https:\/\/www.laguiadepamplona.com\/actualidad\/#organization"},"image":{"@id":"https:\/\/www.laguiadepamplona.com\/actualidad\/el-ayuntamiento-de-pamplona-propone-para-este-ultimo-trimestre-del-ano-17-cursos-de-formacion-en-participacion-dirigidos-a-asociaciones-y-ciudadania-en-general\/#primaryimage"},"thumbnailUrl":"https:\/\/www.laguiadepamplona.com\/actualidad\/wp-content\/uploads\/2023\/09\/cursos-participacion.webp","articleSection":["Ayto Pamplona"],"inLanguage":"es","potentialAction":[{"@type":"CommentAction","name":"Comment","target":["https:\/\/www.laguiadepamplona.com\/actualidad\/el-ayuntamiento-de-pamplona-propone-para-este-ultimo-trimestre-del-ano-17-cursos-de-formacion-en-participacion-dirigidos-a-asociaciones-y-ciudadania-en-general\/#respond"]}]},{"@type":"WebPage","@id":"https:\/\/www.laguiadepamplona.com\/actualidad\/el-ayuntamiento-de-pamplona-propone-para-este-ultimo-trimestre-del-ano-17-cursos-de-formacion-en-participacion-dirigidos-a-asociaciones-y-ciudadania-en-general\/","url":"https:\/\/www.laguiadepamplona.com\/actualidad\/el-ayuntamiento-de-pamplona-propone-para-este-ultimo-trimestre-del-ano-17-cursos-de-formacion-en-participacion-dirigidos-a-asociaciones-y-ciudadania-en-general\/","name":"El Ayuntamiento de Pamplona propone para este \u00faltimo trimestre del a\u00f1o 17 cursos de formaci\u00f3n en participaci\u00f3n dirigidos a asociaciones y ciudadan\u00eda en general","isPartOf":{"@id":"https:\/\/www.laguiadepamplona.com\/actualidad\/#website"},"primaryImageOfPage":{"@id":"https:\/\/www.laguiadepamplona.com\/actualidad\/el-ayuntamiento-de-pamplona-propone-para-este-ultimo-trimestre-del-ano-17-cursos-de-formacion-en-participacion-dirigidos-a-asociaciones-y-ciudadania-en-general\/#primaryimage"},"image":{"@id":"https:\/\/www.laguiadepamplona.com\/actualidad\/el-ayuntamiento-de-pamplona-propone-para-este-ultimo-trimestre-del-ano-17-cursos-de-formacion-en-participacion-dirigidos-a-asociaciones-y-ciudadania-en-general\/#primaryimage"},"thumbnailUrl":"https:\/\/www.laguiadepamplona.com\/actualidad\/wp-content\/uploads\/2023\/09\/cursos-participacion.webp","datePublished":"2023-09-14T10:18:27+00:00","dateModified":"2023-09-15T10:18:43+00:00","description":"Son cursos gratuitos para los que se abre la preinscripci\u00f3n este 15 de septiembre, a trav\u00e9s de un formulario online en participa.pamplona.es","breadcrumb":{"@id":"https:\/\/www.laguiadepamplona.com\/actualidad\/el-ayuntamiento-de-pamplona-propone-para-este-ultimo-trimestre-del-ano-17-cursos-de-formacion-en-participacion-dirigidos-a-asociaciones-y-ciudadania-en-general\/#breadcrumb"},"inLanguage":"es","potentialAction":[{"@type":"ReadAction","target":["https:\/\/www.laguiadepamplona.com\/actualidad\/el-ayuntamiento-de-pamplona-propone-para-este-ultimo-trimestre-del-ano-17-cursos-de-formacion-en-participacion-dirigidos-a-asociaciones-y-ciudadania-en-general\/"]}]},{"@type":"ImageObject","inLanguage":"es","@id":"https:\/\/www.laguiadepamplona.com\/actualidad\/el-ayuntamiento-de-pamplona-propone-para-este-ultimo-trimestre-del-ano-17-cursos-de-formacion-en-participacion-dirigidos-a-asociaciones-y-ciudadania-en-general\/#primaryimage","url":"https:\/\/www.laguiadepamplona.com\/actualidad\/wp-content\/uploads\/2023\/09\/cursos-participacion.webp","contentUrl":"https:\/\/www.laguiadepamplona.com\/actualidad\/wp-content\/uploads\/2023\/09\/cursos-participacion.webp","width":1200,"height":793},{"@type":"BreadcrumbList","@id":"https:\/\/www.laguiadepamplona.com\/actualidad\/el-ayuntamiento-de-pamplona-propone-para-este-ultimo-trimestre-del-ano-17-cursos-de-formacion-en-participacion-dirigidos-a-asociaciones-y-ciudadania-en-general\/#breadcrumb","itemListElement":[{"@type":"ListItem","position":1,"name":"Portada","item":"https:\/\/www.laguiadepamplona.com\/actualidad\/"},{"@type":"ListItem","position":2,"name":"El Ayuntamiento de Pamplona propone para este \u00faltimo trimestre del a\u00f1o 17 cursos de formaci\u00f3n en participaci\u00f3n dirigidos a asociaciones y ciudadan\u00eda en general"}]},{"@type":"WebSite","@id":"https:\/\/www.laguiadepamplona.com\/actualidad\/#website","url":"https:\/\/www.laguiadepamplona.com\/actualidad\/","name":"La gu\u00eda de Pamplona","description":"Noticias de Pamplona","publisher":{"@id":"https:\/\/www.laguiadepamplona.com\/actualidad\/#organization"},"potentialAction":[{"@type":"SearchAction","target":{"@type":"EntryPoint","urlTemplate":"https:\/\/www.laguiadepamplona.com\/actualidad\/?s={search_term_string}"},"query-input":{"@type":"PropertyValueSpecification","valueRequired":true,"valueName":"search_term_string"}}],"inLanguage":"es"},{"@type":"Organization","@id":"https:\/\/www.laguiadepamplona.com\/actualidad\/#organization","name":"La Gu\u00eda de Pamplona \/ Noticias","url":"https:\/\/www.laguiadepamplona.com\/actualidad\/","logo":{"@type":"ImageObject","inLanguage":"es","@id":"https:\/\/www.laguiadepamplona.com\/actualidad\/#\/schema\/logo\/image\/","url":"https:\/\/www.laguiadepamplona.com\/actualidad\/wp-content\/uploads\/2018\/11\/logo-laguiadepamplona18-web1.png","contentUrl":"https:\/\/www.laguiadepamplona.com\/actualidad\/wp-content\/uploads\/2018\/11\/logo-laguiadepamplona18-web1.png","width":600,"height":196,"caption":"La Gu\u00eda de Pamplona \/ Noticias"},"image":{"@id":"https:\/\/www.laguiadepamplona.com\/actualidad\/#\/schema\/logo\/image\/"},"sameAs":["https:\/\/www.facebook.com\/laguiadepamplonacom-133175176762273\/?ref=hl","https:\/\/x.com\/LaGuiadPamplona","https:\/\/www.instagram.com\/la_guia_de_pamplona\/","https:\/\/www.youtube.com\/user\/laguiadepamplona"]},{"@type":"Person","@id":"https:\/\/www.laguiadepamplona.com\/actualidad\/#\/schema\/person\/efe887376f0213d4657c93adc50b1fdb","name":"La Gu\u00eda de Pamplona","image":{"@type":"ImageObject","inLanguage":"es","@id":"https:\/\/secure.gravatar.com\/avatar\/b6992f131dc8d30ab0dff15446e9d346d9dbd95992de0fef795073f5ea83a81c?s=96&d=mm&r=g","url":"https:\/\/secure.gravatar.com\/avatar\/b6992f131dc8d30ab0dff15446e9d346d9dbd95992de0fef795073f5ea83a81c?s=96&d=mm&r=g","contentUrl":"https:\/\/secure.gravatar.com\/avatar\/b6992f131dc8d30ab0dff15446e9d346d9dbd95992de0fef795073f5ea83a81c?s=96&d=mm&r=g","caption":"La Gu\u00eda de Pamplona"}}]}},"post_mailing_queue_ids":[],"_links":{"self":[{"href":"https:\/\/www.laguiadepamplona.com\/actualidad\/wp-json\/wp\/v2\/posts\/47365","targetHints":{"allow":["GET"]}}],"collection":[{"href":"https:\/\/www.laguiadepamplona.com\/actualidad\/wp-json\/wp\/v2\/posts"}],"about":[{"href":"https:\/\/www.laguiadepamplona.com\/actualidad\/wp-json\/wp\/v2\/types\/post"}],"author":[{"embeddable":true,"href":"https:\/\/www.laguiadepamplona.com\/actualidad\/wp-json\/wp\/v2\/users\/1"}],"replies":[{"embeddable":true,"href":"https:\/\/www.laguiadepamplona.com\/actualidad\/wp-json\/wp\/v2\/comments?post=47365"}],"version-history":[{"count":1,"href":"https:\/\/www.laguiadepamplona.com\/actualidad\/wp-json\/wp\/v2\/posts\/47365\/revisions"}],"predecessor-version":[{"id":47367,"href":"https:\/\/www.laguiadepamplona.com\/actualidad\/wp-json\/wp\/v2\/posts\/47365\/revisions\/47367"}],"wp:featuredmedia":[{"embeddable":true,"href":"https:\/\/www.laguiadepamplona.com\/actualidad\/wp-json\/wp\/v2\/media\/47366"}],"wp:attachment":[{"href":"https:\/\/www.laguiadepamplona.com\/actualidad\/wp-json\/wp\/v2\/media?parent=47365"}],"wp:term":[{"taxonomy":"category","embeddable":true,"href":"https:\/\/www.laguiadepamplona.com\/actualidad\/wp-json\/wp\/v2\/categories?post=47365"},{"taxonomy":"post_tag","embeddable":true,"href":"https:\/\/www.laguiadepamplona.com\/actualidad\/wp-json\/wp\/v2\/tags?post=47365"}],"curies":[{"name":"wp","href":"https:\/\/api.w.org\/{rel}","templated":true}]}}