{"id":47347,"date":"2023-09-13T20:04:02","date_gmt":"2023-09-13T18:04:02","guid":{"rendered":"https:\/\/www.laguiadepamplona.com\/actualidad\/?p=47347"},"modified":"2023-09-13T20:04:02","modified_gmt":"2023-09-13T18:04:02","slug":"el-barrio-de-rochapea-propone-de-jueves-a-sabado-una-decena-de-actividades-para-callejear-y-conocer-tanto-la-historia-y-evolucion-como-la-labor-del-tejido-asociativo","status":"publish","type":"post","link":"https:\/\/www.laguiadepamplona.com\/actualidad\/el-barrio-de-rochapea-propone-de-jueves-a-sabado-una-decena-de-actividades-para-callejear-y-conocer-tanto-la-historia-y-evolucion-como-la-labor-del-tejido-asociativo\/","title":{"rendered":"El barrio de Rochapea propone de jueves a s\u00e1bado una decena de actividades para callejear y conocer tanto la historia y evoluci\u00f3n como la labor del tejido asociativo"},"content":{"rendered":"<h3>Todas las actividades son gratuitas, est\u00e1n abierta a la participaci\u00f3n y tiene la entrada libre, hasta completar el aforo<\/h3>\n<p><!--more--><\/p>\n<p>Civivox Jus la Rocha abre sus puertas y sale a la calle para dar a conocer el potencial de las diferentes entidades que realizan su actividad en el centro a lo largo del a\u00f1o. Bajo el t\u00edtulo de \u2018Callejeando por la Rocha\u2019, el Ayuntamiento de Pamplona, a trav\u00e9s de la red Civivox, y con la colaboraci\u00f3n del tejido asociativo del barrio, proponen tres jornadas participativas que pretenden crear barrio a la vez que se da a conocer al resto de la poblaci\u00f3n el trabajo que realizan. Todas las actividades son gratuitas y con entrada libre<\/p>\n<p>Dos talleres y una muestra de labores de ayer y de hoy inician este jueves las actividades programadas en Civivox Jus la Rocha. A las 17 horas, el Centro Cultural Isl\u00e1mico Al Habib y Navarra Al Kitab impartir\u00e1n un taller de escritura y caligraf\u00eda \u00e1rabe y, a las 17.30 horas, taller de estampaci\u00f3n titulado \u2018Al otro lado del r\u00edo\u2019, en el que se dibujar\u00e1n y crear\u00e1n para ilustrar c\u00f3mo se quiere que sea el barrio en el futuro. De la mano de Araitz Urbeltz, se realizar\u00e1 una imagen estampada para un mural colaborativo, que se expondr\u00e1 en la semana cultural del barrio. Ambos talleres son gratuitos, con entrada libre hasta completar aforo.<br \/>\n<script async src=\"\/\/pagead2.googlesyndication.com\/pagead\/js\/adsbygoogle.js\"><\/script><br \/>\n<!-- Noticias La Guia de Pamplona --><br \/>\n<ins class=\"adsbygoogle\"\nstyle=\"display:block\"\ndata-ad-client=\"ca-pub-6943679897239327\"\ndata-ad-slot=\"7048180777\"\ndata-ad-format=\"auto\"><\/ins><br \/>\n<script>\n(adsbygoogle = window.adsbygoogle || []).push({});\n<\/script><\/p>\n<p>La asociaci\u00f3n Encajeras de Pamplona, la asociaci\u00f3n Patchwork de Navarra y la asociaci\u00f3n Mar saldr\u00e1n de sus aulas para mostrar el p\u00fablico c\u00f3mo trabajan haciendo encajes de bolillos, vainicas y otras t\u00e9cnicas de costura a mano, que se mantienen en el tiempo gracias a la dedicaci\u00f3n de diferentes asociaciones que contin\u00faan realizando este tipo de labores. A partir de las 17 horas, con entrada libre.<\/p>\n<p>El viernes comenzar\u00e1 con la visita del Museo Etnogr\u00e1fico del Reino de Pamplona (Arteta). Civivox Jus la Rocha acoger\u00e1 algunas piezas del museo que invitan a la reflexi\u00f3n para descubrir historias pasadas. A partir de las 11 horas, tendr\u00e1 lugar este taller intergeneracional, con entrada libre. Ya por la tarde, muestra de trabajos y demostraci\u00f3n de actividad artesanal, con una exhibici\u00f3n de trabajos realizados durante el a\u00f1o en Civivox Jus la Rocha por las personas usuarias de la asociac\u00f3n ANASAPS. Se realizar\u00e1 una actividad artesanal en la que podr\u00e1n participar todas las personas que se acerquen a conocer la asociaci\u00f3n, a partir de las 17 horas.<br \/>\n<script async src=\"\/\/pagead2.googlesyndication.com\/pagead\/js\/adsbygoogle.js\"><\/script><br \/>\n<!-- Noticias La Guia de Pamplona --><br \/>\n<ins class=\"adsbygoogle\"\nstyle=\"display:block\"\ndata-ad-client=\"ca-pub-6943679897239327\"\ndata-ad-slot=\"7048180777\"\ndata-ad-format=\"auto\"><\/ins><br \/>\n<script>\n(adsbygoogle = window.adsbygoogle || []).push({});\n<\/script><\/p>\n<p><strong>Visita \u2018industrial\u2019 al barrio, exhibiciones y m\u00fasica<\/strong><\/p>\n<p>A las 18 horas, se realizar\u00e1 una visita teatralizada al patrimonio industrial de la Rochapea, fundamental en la memoria hist\u00f3rica y el desarrollo del barrio. A trav\u00e9s de este recorrido acompa\u00f1ado por Araitz Urbeltz, Hab\u00eda Teatro y el Aula de Teatro de Jus la Rocha, se podr\u00e1 conocer qu\u00e9 industrias hubo y cu\u00e1les han sido reconvertidas con nuevos usos. El punto de encuentro se ubica en Civivox Jus la Rocha.<\/p>\n<p>La jornada concluir\u00e1 con dos exhibiciones en el paseo Anelier. A las 19.30 horas, habr\u00e1 una exhibici\u00f3n de handbike, modalidad de ciclismo adaptado en la que se pedalea con las manos. Con la asociaci\u00f3n Ibili. A las 20 horas, turno para la exhibici\u00f3n y escenificaci\u00f3n de un duelo de esgrima, con la Asociaci\u00f3n Navarra de Esgrima Hist\u00f3rica Corvus. En caso de condiciones climatol\u00f3gicas adversas, se trasladar\u00e1 al interior de Civivox Jus la Rocha.<br \/>\n<script async src=\"\/\/pagead2.googlesyndication.com\/pagead\/js\/adsbygoogle.js\"><\/script><br \/>\n<!-- Noticias La Guia de Pamplona --><br \/>\n<ins class=\"adsbygoogle\"\nstyle=\"display:block\"\ndata-ad-client=\"ca-pub-6943679897239327\"\ndata-ad-slot=\"7048180777\"\ndata-ad-format=\"auto\"><\/ins><br \/>\n<script>\n(adsbygoogle = window.adsbygoogle || []).push({});\n<\/script><\/p>\n<p>El s\u00e1bado por la ma\u00f1ana concluir\u00e1n las actividades previstas con un concierto, a las 12 horas en el parque de los Enamorados. Diferentes agrupaciones que ensayan en Civivox Jus la Rocha ofrecen un concierto variado en g\u00e9neros y nacionalidad. Actuar\u00e1n, entre otras, la rondalla Yoar, Tirititr\u00e1n, Peru Arte, Santiago Ap\u00f3stol y la rondalla Jus la Rocha.<\/p>\n<p>Desde este jueves y hasta el 16 de octubre, Civivox Jus la Rocha acoger\u00e1 una exposici\u00f3n de fotograf\u00edas antiguas del barrio de la Rochapea. En ellas, se puede conocer c\u00f3mo era el barro y c\u00f3mo ha ido evolucionando con el paso del tiempo hasta convertirse en una de las zonas con m\u00e1s poblaci\u00f3n de Pamplona.<\/p>\n","protected":false},"excerpt":{"rendered":"<p>Todas las actividades son gratuitas, est\u00e1n abierta a la participaci\u00f3n y tiene la entrada libre, hasta completar el aforo<\/p>\n","protected":false},"author":1,"featured_media":47348,"comment_status":"open","ping_status":"closed","sticky":false,"template":"","format":"standard","meta":{"footnotes":""},"categories":[2],"tags":[],"class_list":["post-47347","post","type-post","status-publish","format-standard","has-post-thumbnail","hentry","category-ayuntamiento-pamplona"],"yoast_head":"<!-- This site is optimized with the Yoast SEO plugin v27.3 - https:\/\/yoast.com\/product\/yoast-seo-wordpress\/ -->\n<title>El barrio de Rochapea propone de jueves a s\u00e1bado una decena de actividades para callejear y conocer tanto la historia y evoluci\u00f3n como la labor del tejido asociativo<\/title>\n<meta name=\"description\" content=\"Todas las actividades son gratuitas, est\u00e1n abierta a la participaci\u00f3n y tiene la entrada libre, hasta completar el aforo\" \/>\n<meta name=\"robots\" content=\"index, follow, max-snippet:-1, max-image-preview:large, max-video-preview:-1\" \/>\n<link rel=\"canonical\" href=\"https:\/\/www.laguiadepamplona.com\/actualidad\/el-barrio-de-rochapea-propone-de-jueves-a-sabado-una-decena-de-actividades-para-callejear-y-conocer-tanto-la-historia-y-evolucion-como-la-labor-del-tejido-asociativo\/\" \/>\n<meta property=\"og:locale\" content=\"es_ES\" \/>\n<meta property=\"og:type\" content=\"article\" \/>\n<meta property=\"og:title\" content=\"El barrio de Rochapea propone de jueves a s\u00e1bado una decena de actividades para callejear y conocer tanto la historia y evoluci\u00f3n como la labor del tejido asociativo\" \/>\n<meta property=\"og:description\" content=\"Todas las actividades son gratuitas, est\u00e1n abierta a la participaci\u00f3n y tiene la entrada libre, hasta completar el aforo\" \/>\n<meta property=\"og:url\" content=\"https:\/\/www.laguiadepamplona.com\/actualidad\/el-barrio-de-rochapea-propone-de-jueves-a-sabado-una-decena-de-actividades-para-callejear-y-conocer-tanto-la-historia-y-evolucion-como-la-labor-del-tejido-asociativo\/\" \/>\n<meta property=\"og:site_name\" content=\"La Gu\u00eda de Pamplona\" \/>\n<meta property=\"article:publisher\" content=\"https:\/\/www.facebook.com\/laguiadepamplonacom-133175176762273\/?ref=hl\" \/>\n<meta property=\"article:published_time\" content=\"2023-09-13T18:04:02+00:00\" \/>\n<meta property=\"og:image\" content=\"https:\/\/www.laguiadepamplona.com\/actualidad\/wp-content\/uploads\/2023\/09\/callejeando-por-la-Rocha.jpg\" \/>\n\t<meta property=\"og:image:width\" content=\"870\" \/>\n\t<meta property=\"og:image:height\" content=\"480\" \/>\n\t<meta property=\"og:image:type\" content=\"image\/jpeg\" \/>\n<meta name=\"author\" content=\"La Gu\u00eda de Pamplona\" \/>\n<meta name=\"twitter:card\" content=\"summary_large_image\" \/>\n<meta name=\"twitter:creator\" content=\"@LaGuiadPamplona\" \/>\n<meta name=\"twitter:site\" content=\"@LaGuiadPamplona\" \/>\n<meta name=\"twitter:label1\" content=\"Escrito por\" \/>\n\t<meta name=\"twitter:data1\" content=\"La Gu\u00eda de Pamplona\" \/>\n\t<meta name=\"twitter:label2\" content=\"Tiempo de lectura\" \/>\n\t<meta name=\"twitter:data2\" content=\"4 minutos\" \/>\n<script type=\"application\/ld+json\" class=\"yoast-schema-graph\">{\"@context\":\"https:\\\/\\\/schema.org\",\"@graph\":[{\"@type\":\"Article\",\"@id\":\"https:\\\/\\\/www.laguiadepamplona.com\\\/actualidad\\\/el-barrio-de-rochapea-propone-de-jueves-a-sabado-una-decena-de-actividades-para-callejear-y-conocer-tanto-la-historia-y-evolucion-como-la-labor-del-tejido-asociativo\\\/#article\",\"isPartOf\":{\"@id\":\"https:\\\/\\\/www.laguiadepamplona.com\\\/actualidad\\\/el-barrio-de-rochapea-propone-de-jueves-a-sabado-una-decena-de-actividades-para-callejear-y-conocer-tanto-la-historia-y-evolucion-como-la-labor-del-tejido-asociativo\\\/\"},\"author\":{\"name\":\"La Gu\u00eda de Pamplona\",\"@id\":\"https:\\\/\\\/www.laguiadepamplona.com\\\/actualidad\\\/#\\\/schema\\\/person\\\/efe887376f0213d4657c93adc50b1fdb\"},\"headline\":\"El barrio de Rochapea propone de jueves a s\u00e1bado una decena de actividades para callejear y conocer tanto la historia y evoluci\u00f3n como la labor del tejido asociativo\",\"datePublished\":\"2023-09-13T18:04:02+00:00\",\"mainEntityOfPage\":{\"@id\":\"https:\\\/\\\/www.laguiadepamplona.com\\\/actualidad\\\/el-barrio-de-rochapea-propone-de-jueves-a-sabado-una-decena-de-actividades-para-callejear-y-conocer-tanto-la-historia-y-evolucion-como-la-labor-del-tejido-asociativo\\\/\"},\"wordCount\":736,\"commentCount\":0,\"publisher\":{\"@id\":\"https:\\\/\\\/www.laguiadepamplona.com\\\/actualidad\\\/#organization\"},\"image\":{\"@id\":\"https:\\\/\\\/www.laguiadepamplona.com\\\/actualidad\\\/el-barrio-de-rochapea-propone-de-jueves-a-sabado-una-decena-de-actividades-para-callejear-y-conocer-tanto-la-historia-y-evolucion-como-la-labor-del-tejido-asociativo\\\/#primaryimage\"},\"thumbnailUrl\":\"https:\\\/\\\/www.laguiadepamplona.com\\\/actualidad\\\/wp-content\\\/uploads\\\/2023\\\/09\\\/callejeando-por-la-Rocha.jpg\",\"articleSection\":[\"Ayto Pamplona\"],\"inLanguage\":\"es\",\"potentialAction\":[{\"@type\":\"CommentAction\",\"name\":\"Comment\",\"target\":[\"https:\\\/\\\/www.laguiadepamplona.com\\\/actualidad\\\/el-barrio-de-rochapea-propone-de-jueves-a-sabado-una-decena-de-actividades-para-callejear-y-conocer-tanto-la-historia-y-evolucion-como-la-labor-del-tejido-asociativo\\\/#respond\"]}]},{\"@type\":\"WebPage\",\"@id\":\"https:\\\/\\\/www.laguiadepamplona.com\\\/actualidad\\\/el-barrio-de-rochapea-propone-de-jueves-a-sabado-una-decena-de-actividades-para-callejear-y-conocer-tanto-la-historia-y-evolucion-como-la-labor-del-tejido-asociativo\\\/\",\"url\":\"https:\\\/\\\/www.laguiadepamplona.com\\\/actualidad\\\/el-barrio-de-rochapea-propone-de-jueves-a-sabado-una-decena-de-actividades-para-callejear-y-conocer-tanto-la-historia-y-evolucion-como-la-labor-del-tejido-asociativo\\\/\",\"name\":\"El barrio de Rochapea propone de jueves a s\u00e1bado una decena de actividades para callejear y conocer tanto la historia y evoluci\u00f3n como la labor del tejido asociativo\",\"isPartOf\":{\"@id\":\"https:\\\/\\\/www.laguiadepamplona.com\\\/actualidad\\\/#website\"},\"primaryImageOfPage\":{\"@id\":\"https:\\\/\\\/www.laguiadepamplona.com\\\/actualidad\\\/el-barrio-de-rochapea-propone-de-jueves-a-sabado-una-decena-de-actividades-para-callejear-y-conocer-tanto-la-historia-y-evolucion-como-la-labor-del-tejido-asociativo\\\/#primaryimage\"},\"image\":{\"@id\":\"https:\\\/\\\/www.laguiadepamplona.com\\\/actualidad\\\/el-barrio-de-rochapea-propone-de-jueves-a-sabado-una-decena-de-actividades-para-callejear-y-conocer-tanto-la-historia-y-evolucion-como-la-labor-del-tejido-asociativo\\\/#primaryimage\"},\"thumbnailUrl\":\"https:\\\/\\\/www.laguiadepamplona.com\\\/actualidad\\\/wp-content\\\/uploads\\\/2023\\\/09\\\/callejeando-por-la-Rocha.jpg\",\"datePublished\":\"2023-09-13T18:04:02+00:00\",\"description\":\"Todas las actividades son gratuitas, est\u00e1n abierta a la participaci\u00f3n y tiene la entrada libre, hasta completar el aforo\",\"breadcrumb\":{\"@id\":\"https:\\\/\\\/www.laguiadepamplona.com\\\/actualidad\\\/el-barrio-de-rochapea-propone-de-jueves-a-sabado-una-decena-de-actividades-para-callejear-y-conocer-tanto-la-historia-y-evolucion-como-la-labor-del-tejido-asociativo\\\/#breadcrumb\"},\"inLanguage\":\"es\",\"potentialAction\":[{\"@type\":\"ReadAction\",\"target\":[\"https:\\\/\\\/www.laguiadepamplona.com\\\/actualidad\\\/el-barrio-de-rochapea-propone-de-jueves-a-sabado-una-decena-de-actividades-para-callejear-y-conocer-tanto-la-historia-y-evolucion-como-la-labor-del-tejido-asociativo\\\/\"]}]},{\"@type\":\"ImageObject\",\"inLanguage\":\"es\",\"@id\":\"https:\\\/\\\/www.laguiadepamplona.com\\\/actualidad\\\/el-barrio-de-rochapea-propone-de-jueves-a-sabado-una-decena-de-actividades-para-callejear-y-conocer-tanto-la-historia-y-evolucion-como-la-labor-del-tejido-asociativo\\\/#primaryimage\",\"url\":\"https:\\\/\\\/www.laguiadepamplona.com\\\/actualidad\\\/wp-content\\\/uploads\\\/2023\\\/09\\\/callejeando-por-la-Rocha.jpg\",\"contentUrl\":\"https:\\\/\\\/www.laguiadepamplona.com\\\/actualidad\\\/wp-content\\\/uploads\\\/2023\\\/09\\\/callejeando-por-la-Rocha.jpg\",\"width\":870,\"height\":480},{\"@type\":\"BreadcrumbList\",\"@id\":\"https:\\\/\\\/www.laguiadepamplona.com\\\/actualidad\\\/el-barrio-de-rochapea-propone-de-jueves-a-sabado-una-decena-de-actividades-para-callejear-y-conocer-tanto-la-historia-y-evolucion-como-la-labor-del-tejido-asociativo\\\/#breadcrumb\",\"itemListElement\":[{\"@type\":\"ListItem\",\"position\":1,\"name\":\"Portada\",\"item\":\"https:\\\/\\\/www.laguiadepamplona.com\\\/actualidad\\\/\"},{\"@type\":\"ListItem\",\"position\":2,\"name\":\"El barrio de Rochapea propone de jueves a s\u00e1bado una decena de actividades para callejear y conocer tanto la historia y evoluci\u00f3n como la labor del tejido asociativo\"}]},{\"@type\":\"WebSite\",\"@id\":\"https:\\\/\\\/www.laguiadepamplona.com\\\/actualidad\\\/#website\",\"url\":\"https:\\\/\\\/www.laguiadepamplona.com\\\/actualidad\\\/\",\"name\":\"La gu\u00eda de Pamplona\",\"description\":\"Noticias de Pamplona\",\"publisher\":{\"@id\":\"https:\\\/\\\/www.laguiadepamplona.com\\\/actualidad\\\/#organization\"},\"potentialAction\":[{\"@type\":\"SearchAction\",\"target\":{\"@type\":\"EntryPoint\",\"urlTemplate\":\"https:\\\/\\\/www.laguiadepamplona.com\\\/actualidad\\\/?s={search_term_string}\"},\"query-input\":{\"@type\":\"PropertyValueSpecification\",\"valueRequired\":true,\"valueName\":\"search_term_string\"}}],\"inLanguage\":\"es\"},{\"@type\":\"Organization\",\"@id\":\"https:\\\/\\\/www.laguiadepamplona.com\\\/actualidad\\\/#organization\",\"name\":\"La Gu\u00eda de Pamplona \\\/ Noticias\",\"url\":\"https:\\\/\\\/www.laguiadepamplona.com\\\/actualidad\\\/\",\"logo\":{\"@type\":\"ImageObject\",\"inLanguage\":\"es\",\"@id\":\"https:\\\/\\\/www.laguiadepamplona.com\\\/actualidad\\\/#\\\/schema\\\/logo\\\/image\\\/\",\"url\":\"https:\\\/\\\/www.laguiadepamplona.com\\\/actualidad\\\/wp-content\\\/uploads\\\/2018\\\/11\\\/logo-laguiadepamplona18-web1.png\",\"contentUrl\":\"https:\\\/\\\/www.laguiadepamplona.com\\\/actualidad\\\/wp-content\\\/uploads\\\/2018\\\/11\\\/logo-laguiadepamplona18-web1.png\",\"width\":600,\"height\":196,\"caption\":\"La Gu\u00eda de Pamplona \\\/ Noticias\"},\"image\":{\"@id\":\"https:\\\/\\\/www.laguiadepamplona.com\\\/actualidad\\\/#\\\/schema\\\/logo\\\/image\\\/\"},\"sameAs\":[\"https:\\\/\\\/www.facebook.com\\\/laguiadepamplonacom-133175176762273\\\/?ref=hl\",\"https:\\\/\\\/x.com\\\/LaGuiadPamplona\",\"https:\\\/\\\/www.instagram.com\\\/la_guia_de_pamplona\\\/\",\"https:\\\/\\\/www.youtube.com\\\/user\\\/laguiadepamplona\"]},{\"@type\":\"Person\",\"@id\":\"https:\\\/\\\/www.laguiadepamplona.com\\\/actualidad\\\/#\\\/schema\\\/person\\\/efe887376f0213d4657c93adc50b1fdb\",\"name\":\"La Gu\u00eda de Pamplona\",\"image\":{\"@type\":\"ImageObject\",\"inLanguage\":\"es\",\"@id\":\"https:\\\/\\\/secure.gravatar.com\\\/avatar\\\/b6992f131dc8d30ab0dff15446e9d346d9dbd95992de0fef795073f5ea83a81c?s=96&d=mm&r=g\",\"url\":\"https:\\\/\\\/secure.gravatar.com\\\/avatar\\\/b6992f131dc8d30ab0dff15446e9d346d9dbd95992de0fef795073f5ea83a81c?s=96&d=mm&r=g\",\"contentUrl\":\"https:\\\/\\\/secure.gravatar.com\\\/avatar\\\/b6992f131dc8d30ab0dff15446e9d346d9dbd95992de0fef795073f5ea83a81c?s=96&d=mm&r=g\",\"caption\":\"La Gu\u00eda de Pamplona\"}}]}<\/script>\n<!-- \/ Yoast SEO plugin. -->","yoast_head_json":{"title":"El barrio de Rochapea propone de jueves a s\u00e1bado una decena de actividades para callejear y conocer tanto la historia y evoluci\u00f3n como la labor del tejido asociativo","description":"Todas las actividades son gratuitas, est\u00e1n abierta a la participaci\u00f3n y tiene la entrada libre, hasta completar el aforo","robots":{"index":"index","follow":"follow","max-snippet":"max-snippet:-1","max-image-preview":"max-image-preview:large","max-video-preview":"max-video-preview:-1"},"canonical":"https:\/\/www.laguiadepamplona.com\/actualidad\/el-barrio-de-rochapea-propone-de-jueves-a-sabado-una-decena-de-actividades-para-callejear-y-conocer-tanto-la-historia-y-evolucion-como-la-labor-del-tejido-asociativo\/","og_locale":"es_ES","og_type":"article","og_title":"El barrio de Rochapea propone de jueves a s\u00e1bado una decena de actividades para callejear y conocer tanto la historia y evoluci\u00f3n como la labor del tejido asociativo","og_description":"Todas las actividades son gratuitas, est\u00e1n abierta a la participaci\u00f3n y tiene la entrada libre, hasta completar el aforo","og_url":"https:\/\/www.laguiadepamplona.com\/actualidad\/el-barrio-de-rochapea-propone-de-jueves-a-sabado-una-decena-de-actividades-para-callejear-y-conocer-tanto-la-historia-y-evolucion-como-la-labor-del-tejido-asociativo\/","og_site_name":"La Gu\u00eda de Pamplona","article_publisher":"https:\/\/www.facebook.com\/laguiadepamplonacom-133175176762273\/?ref=hl","article_published_time":"2023-09-13T18:04:02+00:00","og_image":[{"width":870,"height":480,"url":"https:\/\/www.laguiadepamplona.com\/actualidad\/wp-content\/uploads\/2023\/09\/callejeando-por-la-Rocha.jpg","type":"image\/jpeg"}],"author":"La Gu\u00eda de Pamplona","twitter_card":"summary_large_image","twitter_creator":"@LaGuiadPamplona","twitter_site":"@LaGuiadPamplona","twitter_misc":{"Escrito por":"La Gu\u00eda de Pamplona","Tiempo de lectura":"4 minutos"},"schema":{"@context":"https:\/\/schema.org","@graph":[{"@type":"Article","@id":"https:\/\/www.laguiadepamplona.com\/actualidad\/el-barrio-de-rochapea-propone-de-jueves-a-sabado-una-decena-de-actividades-para-callejear-y-conocer-tanto-la-historia-y-evolucion-como-la-labor-del-tejido-asociativo\/#article","isPartOf":{"@id":"https:\/\/www.laguiadepamplona.com\/actualidad\/el-barrio-de-rochapea-propone-de-jueves-a-sabado-una-decena-de-actividades-para-callejear-y-conocer-tanto-la-historia-y-evolucion-como-la-labor-del-tejido-asociativo\/"},"author":{"name":"La Gu\u00eda de Pamplona","@id":"https:\/\/www.laguiadepamplona.com\/actualidad\/#\/schema\/person\/efe887376f0213d4657c93adc50b1fdb"},"headline":"El barrio de Rochapea propone de jueves a s\u00e1bado una decena de actividades para callejear y conocer tanto la historia y evoluci\u00f3n como la labor del tejido asociativo","datePublished":"2023-09-13T18:04:02+00:00","mainEntityOfPage":{"@id":"https:\/\/www.laguiadepamplona.com\/actualidad\/el-barrio-de-rochapea-propone-de-jueves-a-sabado-una-decena-de-actividades-para-callejear-y-conocer-tanto-la-historia-y-evolucion-como-la-labor-del-tejido-asociativo\/"},"wordCount":736,"commentCount":0,"publisher":{"@id":"https:\/\/www.laguiadepamplona.com\/actualidad\/#organization"},"image":{"@id":"https:\/\/www.laguiadepamplona.com\/actualidad\/el-barrio-de-rochapea-propone-de-jueves-a-sabado-una-decena-de-actividades-para-callejear-y-conocer-tanto-la-historia-y-evolucion-como-la-labor-del-tejido-asociativo\/#primaryimage"},"thumbnailUrl":"https:\/\/www.laguiadepamplona.com\/actualidad\/wp-content\/uploads\/2023\/09\/callejeando-por-la-Rocha.jpg","articleSection":["Ayto Pamplona"],"inLanguage":"es","potentialAction":[{"@type":"CommentAction","name":"Comment","target":["https:\/\/www.laguiadepamplona.com\/actualidad\/el-barrio-de-rochapea-propone-de-jueves-a-sabado-una-decena-de-actividades-para-callejear-y-conocer-tanto-la-historia-y-evolucion-como-la-labor-del-tejido-asociativo\/#respond"]}]},{"@type":"WebPage","@id":"https:\/\/www.laguiadepamplona.com\/actualidad\/el-barrio-de-rochapea-propone-de-jueves-a-sabado-una-decena-de-actividades-para-callejear-y-conocer-tanto-la-historia-y-evolucion-como-la-labor-del-tejido-asociativo\/","url":"https:\/\/www.laguiadepamplona.com\/actualidad\/el-barrio-de-rochapea-propone-de-jueves-a-sabado-una-decena-de-actividades-para-callejear-y-conocer-tanto-la-historia-y-evolucion-como-la-labor-del-tejido-asociativo\/","name":"El barrio de Rochapea propone de jueves a s\u00e1bado una decena de actividades para callejear y conocer tanto la historia y evoluci\u00f3n como la labor del tejido asociativo","isPartOf":{"@id":"https:\/\/www.laguiadepamplona.com\/actualidad\/#website"},"primaryImageOfPage":{"@id":"https:\/\/www.laguiadepamplona.com\/actualidad\/el-barrio-de-rochapea-propone-de-jueves-a-sabado-una-decena-de-actividades-para-callejear-y-conocer-tanto-la-historia-y-evolucion-como-la-labor-del-tejido-asociativo\/#primaryimage"},"image":{"@id":"https:\/\/www.laguiadepamplona.com\/actualidad\/el-barrio-de-rochapea-propone-de-jueves-a-sabado-una-decena-de-actividades-para-callejear-y-conocer-tanto-la-historia-y-evolucion-como-la-labor-del-tejido-asociativo\/#primaryimage"},"thumbnailUrl":"https:\/\/www.laguiadepamplona.com\/actualidad\/wp-content\/uploads\/2023\/09\/callejeando-por-la-Rocha.jpg","datePublished":"2023-09-13T18:04:02+00:00","description":"Todas las actividades son gratuitas, est\u00e1n abierta a la participaci\u00f3n y tiene la entrada libre, hasta completar el aforo","breadcrumb":{"@id":"https:\/\/www.laguiadepamplona.com\/actualidad\/el-barrio-de-rochapea-propone-de-jueves-a-sabado-una-decena-de-actividades-para-callejear-y-conocer-tanto-la-historia-y-evolucion-como-la-labor-del-tejido-asociativo\/#breadcrumb"},"inLanguage":"es","potentialAction":[{"@type":"ReadAction","target":["https:\/\/www.laguiadepamplona.com\/actualidad\/el-barrio-de-rochapea-propone-de-jueves-a-sabado-una-decena-de-actividades-para-callejear-y-conocer-tanto-la-historia-y-evolucion-como-la-labor-del-tejido-asociativo\/"]}]},{"@type":"ImageObject","inLanguage":"es","@id":"https:\/\/www.laguiadepamplona.com\/actualidad\/el-barrio-de-rochapea-propone-de-jueves-a-sabado-una-decena-de-actividades-para-callejear-y-conocer-tanto-la-historia-y-evolucion-como-la-labor-del-tejido-asociativo\/#primaryimage","url":"https:\/\/www.laguiadepamplona.com\/actualidad\/wp-content\/uploads\/2023\/09\/callejeando-por-la-Rocha.jpg","contentUrl":"https:\/\/www.laguiadepamplona.com\/actualidad\/wp-content\/uploads\/2023\/09\/callejeando-por-la-Rocha.jpg","width":870,"height":480},{"@type":"BreadcrumbList","@id":"https:\/\/www.laguiadepamplona.com\/actualidad\/el-barrio-de-rochapea-propone-de-jueves-a-sabado-una-decena-de-actividades-para-callejear-y-conocer-tanto-la-historia-y-evolucion-como-la-labor-del-tejido-asociativo\/#breadcrumb","itemListElement":[{"@type":"ListItem","position":1,"name":"Portada","item":"https:\/\/www.laguiadepamplona.com\/actualidad\/"},{"@type":"ListItem","position":2,"name":"El barrio de Rochapea propone de jueves a s\u00e1bado una decena de actividades para callejear y conocer tanto la historia y evoluci\u00f3n como la labor del tejido asociativo"}]},{"@type":"WebSite","@id":"https:\/\/www.laguiadepamplona.com\/actualidad\/#website","url":"https:\/\/www.laguiadepamplona.com\/actualidad\/","name":"La gu\u00eda de Pamplona","description":"Noticias de Pamplona","publisher":{"@id":"https:\/\/www.laguiadepamplona.com\/actualidad\/#organization"},"potentialAction":[{"@type":"SearchAction","target":{"@type":"EntryPoint","urlTemplate":"https:\/\/www.laguiadepamplona.com\/actualidad\/?s={search_term_string}"},"query-input":{"@type":"PropertyValueSpecification","valueRequired":true,"valueName":"search_term_string"}}],"inLanguage":"es"},{"@type":"Organization","@id":"https:\/\/www.laguiadepamplona.com\/actualidad\/#organization","name":"La Gu\u00eda de Pamplona \/ Noticias","url":"https:\/\/www.laguiadepamplona.com\/actualidad\/","logo":{"@type":"ImageObject","inLanguage":"es","@id":"https:\/\/www.laguiadepamplona.com\/actualidad\/#\/schema\/logo\/image\/","url":"https:\/\/www.laguiadepamplona.com\/actualidad\/wp-content\/uploads\/2018\/11\/logo-laguiadepamplona18-web1.png","contentUrl":"https:\/\/www.laguiadepamplona.com\/actualidad\/wp-content\/uploads\/2018\/11\/logo-laguiadepamplona18-web1.png","width":600,"height":196,"caption":"La Gu\u00eda de Pamplona \/ Noticias"},"image":{"@id":"https:\/\/www.laguiadepamplona.com\/actualidad\/#\/schema\/logo\/image\/"},"sameAs":["https:\/\/www.facebook.com\/laguiadepamplonacom-133175176762273\/?ref=hl","https:\/\/x.com\/LaGuiadPamplona","https:\/\/www.instagram.com\/la_guia_de_pamplona\/","https:\/\/www.youtube.com\/user\/laguiadepamplona"]},{"@type":"Person","@id":"https:\/\/www.laguiadepamplona.com\/actualidad\/#\/schema\/person\/efe887376f0213d4657c93adc50b1fdb","name":"La Gu\u00eda de Pamplona","image":{"@type":"ImageObject","inLanguage":"es","@id":"https:\/\/secure.gravatar.com\/avatar\/b6992f131dc8d30ab0dff15446e9d346d9dbd95992de0fef795073f5ea83a81c?s=96&d=mm&r=g","url":"https:\/\/secure.gravatar.com\/avatar\/b6992f131dc8d30ab0dff15446e9d346d9dbd95992de0fef795073f5ea83a81c?s=96&d=mm&r=g","contentUrl":"https:\/\/secure.gravatar.com\/avatar\/b6992f131dc8d30ab0dff15446e9d346d9dbd95992de0fef795073f5ea83a81c?s=96&d=mm&r=g","caption":"La Gu\u00eda de Pamplona"}}]}},"post_mailing_queue_ids":[],"_links":{"self":[{"href":"https:\/\/www.laguiadepamplona.com\/actualidad\/wp-json\/wp\/v2\/posts\/47347","targetHints":{"allow":["GET"]}}],"collection":[{"href":"https:\/\/www.laguiadepamplona.com\/actualidad\/wp-json\/wp\/v2\/posts"}],"about":[{"href":"https:\/\/www.laguiadepamplona.com\/actualidad\/wp-json\/wp\/v2\/types\/post"}],"author":[{"embeddable":true,"href":"https:\/\/www.laguiadepamplona.com\/actualidad\/wp-json\/wp\/v2\/users\/1"}],"replies":[{"embeddable":true,"href":"https:\/\/www.laguiadepamplona.com\/actualidad\/wp-json\/wp\/v2\/comments?post=47347"}],"version-history":[{"count":1,"href":"https:\/\/www.laguiadepamplona.com\/actualidad\/wp-json\/wp\/v2\/posts\/47347\/revisions"}],"predecessor-version":[{"id":47349,"href":"https:\/\/www.laguiadepamplona.com\/actualidad\/wp-json\/wp\/v2\/posts\/47347\/revisions\/47349"}],"wp:featuredmedia":[{"embeddable":true,"href":"https:\/\/www.laguiadepamplona.com\/actualidad\/wp-json\/wp\/v2\/media\/47348"}],"wp:attachment":[{"href":"https:\/\/www.laguiadepamplona.com\/actualidad\/wp-json\/wp\/v2\/media?parent=47347"}],"wp:term":[{"taxonomy":"category","embeddable":true,"href":"https:\/\/www.laguiadepamplona.com\/actualidad\/wp-json\/wp\/v2\/categories?post=47347"},{"taxonomy":"post_tag","embeddable":true,"href":"https:\/\/www.laguiadepamplona.com\/actualidad\/wp-json\/wp\/v2\/tags?post=47347"}],"curies":[{"name":"wp","href":"https:\/\/api.w.org\/{rel}","templated":true}]}}