{"id":47344,"date":"2023-09-13T20:02:39","date_gmt":"2023-09-13T18:02:39","guid":{"rendered":"https:\/\/www.laguiadepamplona.com\/actualidad\/?p=47344"},"modified":"2023-09-13T20:02:39","modified_gmt":"2023-09-13T18:02:39","slug":"vermuteando-propone-actuaciones-musicales-en-diferentes-barrios-para-amenizar-los-mediodias-de-sabado-y-domingo-del-16-de-septiembre-al-8-de-octubre","status":"publish","type":"post","link":"https:\/\/www.laguiadepamplona.com\/actualidad\/vermuteando-propone-actuaciones-musicales-en-diferentes-barrios-para-amenizar-los-mediodias-de-sabado-y-domingo-del-16-de-septiembre-al-8-de-octubre\/","title":{"rendered":"Vermuteando propone actuaciones musicales en diferentes barrios para amenizar los mediod\u00edas de s\u00e1bado y domingo, del 16 de septiembre al 8 de octubre"},"content":{"rendered":"<h3>Cada fin de semana, este nuevo ciclo llegar\u00e1 a dos barrios, en doble sesi\u00f3n, con actuaciones musicales al aire libre a las 12.15 y a las 13.30 horas<\/h3>\n<p><!--more--><\/p>\n<p>El Ayuntamiento de Pamplona a\u00fana m\u00fasica y hosteler\u00eda en un nuevo programa cultural, Vermuteando, que se desarrollar\u00e1 los s\u00e1bados y domingo, entre el 16 de septiembre y el 8 de octubre. Como su propio nombre indica, se trata de amenizar con m\u00fasica rincones y plazas de diferentes barrios en los que la ciudadan\u00eda se concentra a la hora del tradicional verm\u00fa, entre las 12.15 y las 14.30 horas.<\/p>\n<p>Vermuteando toma el relevo en la agenda cultural de la programaci\u00f3n del 600 aniversario del Privilegio de la Uni\u00f3n y propone durante cuatro fines de semana actividad musical al aire libre mientras se disfruta del aperitivo. Este nuevo programa municipal llegar\u00e1 en esta primera edici\u00f3n a seis barrios de la ciudad, San Juan, Rochapea, II Ensanche, Buztintxuri, Milagrosa e Iturrama. Cada fin de semana el ciclo se desarrollar\u00e1 en dos barrios diferentes y en doble sesi\u00f3n, a las 12.15 y a las 13.30 horas.<br \/>\n<script async src=\"\/\/pagead2.googlesyndication.com\/pagead\/js\/adsbygoogle.js\"><\/script><br \/>\n<!-- Noticias La Guia de Pamplona --><br \/>\n<ins class=\"adsbygoogle\"\nstyle=\"display:block\"\ndata-ad-client=\"ca-pub-6943679897239327\"\ndata-ad-slot=\"7048180777\"\ndata-ad-format=\"auto\"><\/ins><br \/>\n<script>\n(adsbygoogle = window.adsbygoogle || []).push({});\n<\/script><\/p>\n<p>En la programaci\u00f3n prevista participan grupos musicales de diferentes estilos, que van desde el pop rock al folk, con grupos como Musas y Fusas, Proud Marys, Gussy, Maider Lecumberri, Adriana Olmedo Ra\u00fal Vital o los DJ Go &amp; Go. Asimismo, la m\u00fasica local tendr\u00e1 su espacio a trav\u00e9s de diferentes fanfarres o grupos de m\u00fasica popular, como los Gaiteros de San Juan, el grupo de txistularis de Joaqu\u00edn Maya, las fanfarres Lau Haize y Zuperri, Oskia Txistu Taldea, el grupo Willy Folk y el coro Viva la m\u00fasica.<\/p>\n<p>La Pamplonesa tambi\u00e9n estar\u00e1 presente en el ciclo con un concierto en la plaza F\u00e9lix Huarte de Iturrama el 7 de octubre, a las 12.15 horas. Con esa actuaci\u00f3n, la banda municipal inicia un nuevo ciclo de conciertos. Habitualmente, suele celebrarlos en el Teatro Gayarre, pero como contin\u00faa cerrado por sus obras de mejora, ese estreno de temporada se llevar\u00e1 a cabo al aire libre.<br \/>\n<script async src=\"\/\/pagead2.googlesyndication.com\/pagead\/js\/adsbygoogle.js\"><\/script><br \/>\n<!-- Noticias La Guia de Pamplona --><br \/>\n<ins class=\"adsbygoogle\"\nstyle=\"display:block\"\ndata-ad-client=\"ca-pub-6943679897239327\"\ndata-ad-slot=\"7048180777\"\ndata-ad-format=\"auto\"><\/ins><br \/>\n<script>\n(adsbygoogle = window.adsbygoogle || []).push({});\n<\/script><\/p>\n<p>&nbsp;<\/p>\n<h3>Vermuteando. Del 16 de septiembre al 8 de octubre<\/h3>\n<p><span style=\"color: #ff0000;\"><strong>SEPTIEMBRE<\/strong><\/span><\/p>\n<ul>\n<li><strong>S\u00e1bado 16 de septiembre. Barrio de San Juan.<\/strong> Plaza Yamaguchi\n<ul>\n<li>12:15 horas: Musas y Fusas (familiar)<\/li>\n<li>13:30 horas: Gaiteros Escuela San Juan<\/li>\n<\/ul>\n<\/li>\n<\/ul>\n<p>&nbsp;<\/p>\n<ul>\n<li><strong>Domingo 17 de septiembre. Barrio de Rochapea.<\/strong> Paseo Anelier\n<ul>\n<li>12:15 horas: Joaqu\u00edn Mayako Txistulariak<\/li>\n<li>13:30 horas: Proud Marys<\/li>\n<\/ul>\n<\/li>\n<\/ul>\n<p>&nbsp;<\/p>\n<ul>\n<li><strong>S\u00e1bado 23 de septiembre. Barrio II Ensanche.<\/strong> Avenida Carlos III, cruce calle San Ferm\u00edn\n<ul>\n<li>12:15 horas: Oskia Txistu Taldea<\/li>\n<li>13:30 horas: Gussy<\/li>\n<\/ul>\n<\/li>\n<\/ul>\n<p>&nbsp;<\/p>\n<ul>\n<li><strong>Domingo 24 de septiembre. Barrio de San Juan.<\/strong> Plaza Monasterio de Azuelo\n<ul>\n<li>12:15 horas: Lau Haize Fanfarrea<\/li>\n<li>13:30 horas: Maialen Lecumberri<\/li>\n<\/ul>\n<\/li>\n<\/ul>\n<p>&nbsp;<\/p>\n<ul>\n<li><strong>S\u00e1bado 30 de septiembre. Barrio de Rochapea.<\/strong> Paseo Anelier 12:15: Willy Folk\n<ul>\n<li>13:30 horas: Adriana Olmedo<\/li>\n<\/ul>\n<\/li>\n<\/ul>\n<p>&nbsp;<br \/>\n<script async src=\"\/\/pagead2.googlesyndication.com\/pagead\/js\/adsbygoogle.js\"><\/script><br \/>\n<!-- Noticias La Guia de Pamplona --><br \/>\n<ins class=\"adsbygoogle\"\nstyle=\"display:block\"\ndata-ad-client=\"ca-pub-6943679897239327\"\ndata-ad-slot=\"7048180777\"\ndata-ad-format=\"auto\"><\/ins><br \/>\n<script>\n(adsbygoogle = window.adsbygoogle || []).push({});\n<\/script><\/p>\n<p><span style=\"color: #ff0000;\"><strong>OCTUBRE<\/strong><\/span><\/p>\n<ul>\n<li><strong>Domingo 1 de octubre. Barrio Buztintxuri.<\/strong> Plaza de los gigantes\n<ul>\n<li>12:15 horas: Musas y Fusas (familiar. Euskera)<\/li>\n<li>13:30 horas: Fanfarre Zuperri<\/li>\n<\/ul>\n<\/li>\n<li><strong>Domingo 1 de octubre. Barrio Milagrosa<\/strong>\n<ul>\n<li>12:15 horas: Charanga Ziripot (Pasacalles)<\/li>\n<\/ul>\n<\/li>\n<\/ul>\n<p>&nbsp;<\/p>\n<ul>\n<li><strong>S\u00e1bado 7 de octubre. Barrio Iturrama.<\/strong> Plaza F\u00e9lix Huarte\n<ul>\n<li>12:15 horas: La Pamplonesa<\/li>\n<\/ul>\n<\/li>\n<li><strong>S\u00e1bado 7 de octubre. Boulevard Iturrama<\/strong>\n<ul>\n<li>13:30 horas: Ra\u00fal Vital<\/li>\n<\/ul>\n<\/li>\n<li><strong>S\u00e1bado 7 de octubre. Barrio Milagrosa\u00a0\u00a0\u00a0\u00a0\u00a0\u00a0\u00a0\u00a0\u00a0\u00a0 <\/strong>\n<ul>\n<li>12:15 horas: Gaiteros Lezkairu (Pasacalles)<\/li>\n<\/ul>\n<\/li>\n<\/ul>\n<p>&nbsp;<\/p>\n<ul>\n<li><strong>Domingo 8 de octubre. Barrio II Ensanche.<\/strong> Avenida Carlos III (junto al monumento del Encierro)\n<ul>\n<li>12:15 horas: Coro Viva la m\u00fasica<\/li>\n<li>13:30 horas: DJ\u2019s Go &amp; Go<\/li>\n<\/ul>\n<\/li>\n<\/ul>\n","protected":false},"excerpt":{"rendered":"<p>Cada fin de semana, este nuevo ciclo llegar\u00e1 a dos barrios, en doble sesi\u00f3n, con actuaciones musicales al aire libre a las 12.15 y a las 13.30 horas<\/p>\n","protected":false},"author":1,"featured_media":47345,"comment_status":"open","ping_status":"closed","sticky":false,"template":"","format":"standard","meta":{"footnotes":""},"categories":[2],"tags":[],"class_list":["post-47344","post","type-post","status-publish","format-standard","has-post-thumbnail","hentry","category-ayuntamiento-pamplona"],"yoast_head":"<!-- This site is optimized with the Yoast SEO plugin v27.3 - https:\/\/yoast.com\/product\/yoast-seo-wordpress\/ -->\n<title>Vermuteando propone actuaciones musicales en diferentes barrios para amenizar los mediod\u00edas de s\u00e1bado y domingo, del 16 de septiembre al 8 de octubre<\/title>\n<meta name=\"description\" content=\"Cada fin de semana, este nuevo ciclo llegar\u00e1 a dos barrios, en doble sesi\u00f3n, con actuaciones musicales al aire libre a las 12.15 y a las 13.30 horas\" \/>\n<meta name=\"robots\" content=\"index, follow, max-snippet:-1, max-image-preview:large, max-video-preview:-1\" \/>\n<link rel=\"canonical\" href=\"https:\/\/www.laguiadepamplona.com\/actualidad\/vermuteando-propone-actuaciones-musicales-en-diferentes-barrios-para-amenizar-los-mediodias-de-sabado-y-domingo-del-16-de-septiembre-al-8-de-octubre\/\" \/>\n<meta property=\"og:locale\" content=\"es_ES\" \/>\n<meta property=\"og:type\" content=\"article\" \/>\n<meta property=\"og:title\" content=\"Vermuteando propone actuaciones musicales en diferentes barrios para amenizar los mediod\u00edas de s\u00e1bado y domingo, del 16 de septiembre al 8 de octubre\" \/>\n<meta property=\"og:description\" content=\"Cada fin de semana, este nuevo ciclo llegar\u00e1 a dos barrios, en doble sesi\u00f3n, con actuaciones musicales al aire libre a las 12.15 y a las 13.30 horas\" \/>\n<meta property=\"og:url\" content=\"https:\/\/www.laguiadepamplona.com\/actualidad\/vermuteando-propone-actuaciones-musicales-en-diferentes-barrios-para-amenizar-los-mediodias-de-sabado-y-domingo-del-16-de-septiembre-al-8-de-octubre\/\" \/>\n<meta property=\"og:site_name\" content=\"La Gu\u00eda de Pamplona\" \/>\n<meta property=\"article:publisher\" content=\"https:\/\/www.facebook.com\/laguiadepamplonacom-133175176762273\/?ref=hl\" \/>\n<meta property=\"article:published_time\" content=\"2023-09-13T18:02:39+00:00\" \/>\n<meta property=\"og:image\" content=\"https:\/\/www.laguiadepamplona.com\/actualidad\/wp-content\/uploads\/2023\/09\/Vermuteando_23-870x480-1.jpg\" \/>\n\t<meta property=\"og:image:width\" content=\"870\" \/>\n\t<meta property=\"og:image:height\" content=\"480\" \/>\n\t<meta property=\"og:image:type\" content=\"image\/jpeg\" \/>\n<meta name=\"author\" content=\"La Gu\u00eda de Pamplona\" \/>\n<meta name=\"twitter:card\" content=\"summary_large_image\" \/>\n<meta name=\"twitter:creator\" content=\"@LaGuiadPamplona\" \/>\n<meta name=\"twitter:site\" content=\"@LaGuiadPamplona\" \/>\n<meta name=\"twitter:label1\" content=\"Escrito por\" \/>\n\t<meta name=\"twitter:data1\" content=\"La Gu\u00eda de Pamplona\" \/>\n\t<meta name=\"twitter:label2\" content=\"Tiempo de lectura\" \/>\n\t<meta name=\"twitter:data2\" content=\"3 minutos\" \/>\n<script type=\"application\/ld+json\" class=\"yoast-schema-graph\">{\"@context\":\"https:\\\/\\\/schema.org\",\"@graph\":[{\"@type\":\"Article\",\"@id\":\"https:\\\/\\\/www.laguiadepamplona.com\\\/actualidad\\\/vermuteando-propone-actuaciones-musicales-en-diferentes-barrios-para-amenizar-los-mediodias-de-sabado-y-domingo-del-16-de-septiembre-al-8-de-octubre\\\/#article\",\"isPartOf\":{\"@id\":\"https:\\\/\\\/www.laguiadepamplona.com\\\/actualidad\\\/vermuteando-propone-actuaciones-musicales-en-diferentes-barrios-para-amenizar-los-mediodias-de-sabado-y-domingo-del-16-de-septiembre-al-8-de-octubre\\\/\"},\"author\":{\"name\":\"La Gu\u00eda de Pamplona\",\"@id\":\"https:\\\/\\\/www.laguiadepamplona.com\\\/actualidad\\\/#\\\/schema\\\/person\\\/efe887376f0213d4657c93adc50b1fdb\"},\"headline\":\"Vermuteando propone actuaciones musicales en diferentes barrios para amenizar los mediod\u00edas de s\u00e1bado y domingo, del 16 de septiembre al 8 de octubre\",\"datePublished\":\"2023-09-13T18:02:39+00:00\",\"mainEntityOfPage\":{\"@id\":\"https:\\\/\\\/www.laguiadepamplona.com\\\/actualidad\\\/vermuteando-propone-actuaciones-musicales-en-diferentes-barrios-para-amenizar-los-mediodias-de-sabado-y-domingo-del-16-de-septiembre-al-8-de-octubre\\\/\"},\"wordCount\":559,\"commentCount\":0,\"publisher\":{\"@id\":\"https:\\\/\\\/www.laguiadepamplona.com\\\/actualidad\\\/#organization\"},\"image\":{\"@id\":\"https:\\\/\\\/www.laguiadepamplona.com\\\/actualidad\\\/vermuteando-propone-actuaciones-musicales-en-diferentes-barrios-para-amenizar-los-mediodias-de-sabado-y-domingo-del-16-de-septiembre-al-8-de-octubre\\\/#primaryimage\"},\"thumbnailUrl\":\"https:\\\/\\\/www.laguiadepamplona.com\\\/actualidad\\\/wp-content\\\/uploads\\\/2023\\\/09\\\/Vermuteando_23-870x480-1.jpg\",\"articleSection\":[\"Ayto Pamplona\"],\"inLanguage\":\"es\",\"potentialAction\":[{\"@type\":\"CommentAction\",\"name\":\"Comment\",\"target\":[\"https:\\\/\\\/www.laguiadepamplona.com\\\/actualidad\\\/vermuteando-propone-actuaciones-musicales-en-diferentes-barrios-para-amenizar-los-mediodias-de-sabado-y-domingo-del-16-de-septiembre-al-8-de-octubre\\\/#respond\"]}]},{\"@type\":\"WebPage\",\"@id\":\"https:\\\/\\\/www.laguiadepamplona.com\\\/actualidad\\\/vermuteando-propone-actuaciones-musicales-en-diferentes-barrios-para-amenizar-los-mediodias-de-sabado-y-domingo-del-16-de-septiembre-al-8-de-octubre\\\/\",\"url\":\"https:\\\/\\\/www.laguiadepamplona.com\\\/actualidad\\\/vermuteando-propone-actuaciones-musicales-en-diferentes-barrios-para-amenizar-los-mediodias-de-sabado-y-domingo-del-16-de-septiembre-al-8-de-octubre\\\/\",\"name\":\"Vermuteando propone actuaciones musicales en diferentes barrios para amenizar los mediod\u00edas de s\u00e1bado y domingo, del 16 de septiembre al 8 de octubre\",\"isPartOf\":{\"@id\":\"https:\\\/\\\/www.laguiadepamplona.com\\\/actualidad\\\/#website\"},\"primaryImageOfPage\":{\"@id\":\"https:\\\/\\\/www.laguiadepamplona.com\\\/actualidad\\\/vermuteando-propone-actuaciones-musicales-en-diferentes-barrios-para-amenizar-los-mediodias-de-sabado-y-domingo-del-16-de-septiembre-al-8-de-octubre\\\/#primaryimage\"},\"image\":{\"@id\":\"https:\\\/\\\/www.laguiadepamplona.com\\\/actualidad\\\/vermuteando-propone-actuaciones-musicales-en-diferentes-barrios-para-amenizar-los-mediodias-de-sabado-y-domingo-del-16-de-septiembre-al-8-de-octubre\\\/#primaryimage\"},\"thumbnailUrl\":\"https:\\\/\\\/www.laguiadepamplona.com\\\/actualidad\\\/wp-content\\\/uploads\\\/2023\\\/09\\\/Vermuteando_23-870x480-1.jpg\",\"datePublished\":\"2023-09-13T18:02:39+00:00\",\"description\":\"Cada fin de semana, este nuevo ciclo llegar\u00e1 a dos barrios, en doble sesi\u00f3n, con actuaciones musicales al aire libre a las 12.15 y a las 13.30 horas\",\"breadcrumb\":{\"@id\":\"https:\\\/\\\/www.laguiadepamplona.com\\\/actualidad\\\/vermuteando-propone-actuaciones-musicales-en-diferentes-barrios-para-amenizar-los-mediodias-de-sabado-y-domingo-del-16-de-septiembre-al-8-de-octubre\\\/#breadcrumb\"},\"inLanguage\":\"es\",\"potentialAction\":[{\"@type\":\"ReadAction\",\"target\":[\"https:\\\/\\\/www.laguiadepamplona.com\\\/actualidad\\\/vermuteando-propone-actuaciones-musicales-en-diferentes-barrios-para-amenizar-los-mediodias-de-sabado-y-domingo-del-16-de-septiembre-al-8-de-octubre\\\/\"]}]},{\"@type\":\"ImageObject\",\"inLanguage\":\"es\",\"@id\":\"https:\\\/\\\/www.laguiadepamplona.com\\\/actualidad\\\/vermuteando-propone-actuaciones-musicales-en-diferentes-barrios-para-amenizar-los-mediodias-de-sabado-y-domingo-del-16-de-septiembre-al-8-de-octubre\\\/#primaryimage\",\"url\":\"https:\\\/\\\/www.laguiadepamplona.com\\\/actualidad\\\/wp-content\\\/uploads\\\/2023\\\/09\\\/Vermuteando_23-870x480-1.jpg\",\"contentUrl\":\"https:\\\/\\\/www.laguiadepamplona.com\\\/actualidad\\\/wp-content\\\/uploads\\\/2023\\\/09\\\/Vermuteando_23-870x480-1.jpg\",\"width\":870,\"height\":480},{\"@type\":\"BreadcrumbList\",\"@id\":\"https:\\\/\\\/www.laguiadepamplona.com\\\/actualidad\\\/vermuteando-propone-actuaciones-musicales-en-diferentes-barrios-para-amenizar-los-mediodias-de-sabado-y-domingo-del-16-de-septiembre-al-8-de-octubre\\\/#breadcrumb\",\"itemListElement\":[{\"@type\":\"ListItem\",\"position\":1,\"name\":\"Portada\",\"item\":\"https:\\\/\\\/www.laguiadepamplona.com\\\/actualidad\\\/\"},{\"@type\":\"ListItem\",\"position\":2,\"name\":\"Vermuteando propone actuaciones musicales en diferentes barrios para amenizar los mediod\u00edas de s\u00e1bado y domingo, del 16 de septiembre al 8 de octubre\"}]},{\"@type\":\"WebSite\",\"@id\":\"https:\\\/\\\/www.laguiadepamplona.com\\\/actualidad\\\/#website\",\"url\":\"https:\\\/\\\/www.laguiadepamplona.com\\\/actualidad\\\/\",\"name\":\"La gu\u00eda de Pamplona\",\"description\":\"Noticias de Pamplona\",\"publisher\":{\"@id\":\"https:\\\/\\\/www.laguiadepamplona.com\\\/actualidad\\\/#organization\"},\"potentialAction\":[{\"@type\":\"SearchAction\",\"target\":{\"@type\":\"EntryPoint\",\"urlTemplate\":\"https:\\\/\\\/www.laguiadepamplona.com\\\/actualidad\\\/?s={search_term_string}\"},\"query-input\":{\"@type\":\"PropertyValueSpecification\",\"valueRequired\":true,\"valueName\":\"search_term_string\"}}],\"inLanguage\":\"es\"},{\"@type\":\"Organization\",\"@id\":\"https:\\\/\\\/www.laguiadepamplona.com\\\/actualidad\\\/#organization\",\"name\":\"La Gu\u00eda de Pamplona \\\/ Noticias\",\"url\":\"https:\\\/\\\/www.laguiadepamplona.com\\\/actualidad\\\/\",\"logo\":{\"@type\":\"ImageObject\",\"inLanguage\":\"es\",\"@id\":\"https:\\\/\\\/www.laguiadepamplona.com\\\/actualidad\\\/#\\\/schema\\\/logo\\\/image\\\/\",\"url\":\"https:\\\/\\\/www.laguiadepamplona.com\\\/actualidad\\\/wp-content\\\/uploads\\\/2018\\\/11\\\/logo-laguiadepamplona18-web1.png\",\"contentUrl\":\"https:\\\/\\\/www.laguiadepamplona.com\\\/actualidad\\\/wp-content\\\/uploads\\\/2018\\\/11\\\/logo-laguiadepamplona18-web1.png\",\"width\":600,\"height\":196,\"caption\":\"La Gu\u00eda de Pamplona \\\/ Noticias\"},\"image\":{\"@id\":\"https:\\\/\\\/www.laguiadepamplona.com\\\/actualidad\\\/#\\\/schema\\\/logo\\\/image\\\/\"},\"sameAs\":[\"https:\\\/\\\/www.facebook.com\\\/laguiadepamplonacom-133175176762273\\\/?ref=hl\",\"https:\\\/\\\/x.com\\\/LaGuiadPamplona\",\"https:\\\/\\\/www.instagram.com\\\/la_guia_de_pamplona\\\/\",\"https:\\\/\\\/www.youtube.com\\\/user\\\/laguiadepamplona\"]},{\"@type\":\"Person\",\"@id\":\"https:\\\/\\\/www.laguiadepamplona.com\\\/actualidad\\\/#\\\/schema\\\/person\\\/efe887376f0213d4657c93adc50b1fdb\",\"name\":\"La Gu\u00eda de Pamplona\",\"image\":{\"@type\":\"ImageObject\",\"inLanguage\":\"es\",\"@id\":\"https:\\\/\\\/secure.gravatar.com\\\/avatar\\\/b6992f131dc8d30ab0dff15446e9d346d9dbd95992de0fef795073f5ea83a81c?s=96&d=mm&r=g\",\"url\":\"https:\\\/\\\/secure.gravatar.com\\\/avatar\\\/b6992f131dc8d30ab0dff15446e9d346d9dbd95992de0fef795073f5ea83a81c?s=96&d=mm&r=g\",\"contentUrl\":\"https:\\\/\\\/secure.gravatar.com\\\/avatar\\\/b6992f131dc8d30ab0dff15446e9d346d9dbd95992de0fef795073f5ea83a81c?s=96&d=mm&r=g\",\"caption\":\"La Gu\u00eda de Pamplona\"}}]}<\/script>\n<!-- \/ Yoast SEO plugin. -->","yoast_head_json":{"title":"Vermuteando propone actuaciones musicales en diferentes barrios para amenizar los mediod\u00edas de s\u00e1bado y domingo, del 16 de septiembre al 8 de octubre","description":"Cada fin de semana, este nuevo ciclo llegar\u00e1 a dos barrios, en doble sesi\u00f3n, con actuaciones musicales al aire libre a las 12.15 y a las 13.30 horas","robots":{"index":"index","follow":"follow","max-snippet":"max-snippet:-1","max-image-preview":"max-image-preview:large","max-video-preview":"max-video-preview:-1"},"canonical":"https:\/\/www.laguiadepamplona.com\/actualidad\/vermuteando-propone-actuaciones-musicales-en-diferentes-barrios-para-amenizar-los-mediodias-de-sabado-y-domingo-del-16-de-septiembre-al-8-de-octubre\/","og_locale":"es_ES","og_type":"article","og_title":"Vermuteando propone actuaciones musicales en diferentes barrios para amenizar los mediod\u00edas de s\u00e1bado y domingo, del 16 de septiembre al 8 de octubre","og_description":"Cada fin de semana, este nuevo ciclo llegar\u00e1 a dos barrios, en doble sesi\u00f3n, con actuaciones musicales al aire libre a las 12.15 y a las 13.30 horas","og_url":"https:\/\/www.laguiadepamplona.com\/actualidad\/vermuteando-propone-actuaciones-musicales-en-diferentes-barrios-para-amenizar-los-mediodias-de-sabado-y-domingo-del-16-de-septiembre-al-8-de-octubre\/","og_site_name":"La Gu\u00eda de Pamplona","article_publisher":"https:\/\/www.facebook.com\/laguiadepamplonacom-133175176762273\/?ref=hl","article_published_time":"2023-09-13T18:02:39+00:00","og_image":[{"width":870,"height":480,"url":"https:\/\/www.laguiadepamplona.com\/actualidad\/wp-content\/uploads\/2023\/09\/Vermuteando_23-870x480-1.jpg","type":"image\/jpeg"}],"author":"La Gu\u00eda de Pamplona","twitter_card":"summary_large_image","twitter_creator":"@LaGuiadPamplona","twitter_site":"@LaGuiadPamplona","twitter_misc":{"Escrito por":"La Gu\u00eda de Pamplona","Tiempo de lectura":"3 minutos"},"schema":{"@context":"https:\/\/schema.org","@graph":[{"@type":"Article","@id":"https:\/\/www.laguiadepamplona.com\/actualidad\/vermuteando-propone-actuaciones-musicales-en-diferentes-barrios-para-amenizar-los-mediodias-de-sabado-y-domingo-del-16-de-septiembre-al-8-de-octubre\/#article","isPartOf":{"@id":"https:\/\/www.laguiadepamplona.com\/actualidad\/vermuteando-propone-actuaciones-musicales-en-diferentes-barrios-para-amenizar-los-mediodias-de-sabado-y-domingo-del-16-de-septiembre-al-8-de-octubre\/"},"author":{"name":"La Gu\u00eda de Pamplona","@id":"https:\/\/www.laguiadepamplona.com\/actualidad\/#\/schema\/person\/efe887376f0213d4657c93adc50b1fdb"},"headline":"Vermuteando propone actuaciones musicales en diferentes barrios para amenizar los mediod\u00edas de s\u00e1bado y domingo, del 16 de septiembre al 8 de octubre","datePublished":"2023-09-13T18:02:39+00:00","mainEntityOfPage":{"@id":"https:\/\/www.laguiadepamplona.com\/actualidad\/vermuteando-propone-actuaciones-musicales-en-diferentes-barrios-para-amenizar-los-mediodias-de-sabado-y-domingo-del-16-de-septiembre-al-8-de-octubre\/"},"wordCount":559,"commentCount":0,"publisher":{"@id":"https:\/\/www.laguiadepamplona.com\/actualidad\/#organization"},"image":{"@id":"https:\/\/www.laguiadepamplona.com\/actualidad\/vermuteando-propone-actuaciones-musicales-en-diferentes-barrios-para-amenizar-los-mediodias-de-sabado-y-domingo-del-16-de-septiembre-al-8-de-octubre\/#primaryimage"},"thumbnailUrl":"https:\/\/www.laguiadepamplona.com\/actualidad\/wp-content\/uploads\/2023\/09\/Vermuteando_23-870x480-1.jpg","articleSection":["Ayto Pamplona"],"inLanguage":"es","potentialAction":[{"@type":"CommentAction","name":"Comment","target":["https:\/\/www.laguiadepamplona.com\/actualidad\/vermuteando-propone-actuaciones-musicales-en-diferentes-barrios-para-amenizar-los-mediodias-de-sabado-y-domingo-del-16-de-septiembre-al-8-de-octubre\/#respond"]}]},{"@type":"WebPage","@id":"https:\/\/www.laguiadepamplona.com\/actualidad\/vermuteando-propone-actuaciones-musicales-en-diferentes-barrios-para-amenizar-los-mediodias-de-sabado-y-domingo-del-16-de-septiembre-al-8-de-octubre\/","url":"https:\/\/www.laguiadepamplona.com\/actualidad\/vermuteando-propone-actuaciones-musicales-en-diferentes-barrios-para-amenizar-los-mediodias-de-sabado-y-domingo-del-16-de-septiembre-al-8-de-octubre\/","name":"Vermuteando propone actuaciones musicales en diferentes barrios para amenizar los mediod\u00edas de s\u00e1bado y domingo, del 16 de septiembre al 8 de octubre","isPartOf":{"@id":"https:\/\/www.laguiadepamplona.com\/actualidad\/#website"},"primaryImageOfPage":{"@id":"https:\/\/www.laguiadepamplona.com\/actualidad\/vermuteando-propone-actuaciones-musicales-en-diferentes-barrios-para-amenizar-los-mediodias-de-sabado-y-domingo-del-16-de-septiembre-al-8-de-octubre\/#primaryimage"},"image":{"@id":"https:\/\/www.laguiadepamplona.com\/actualidad\/vermuteando-propone-actuaciones-musicales-en-diferentes-barrios-para-amenizar-los-mediodias-de-sabado-y-domingo-del-16-de-septiembre-al-8-de-octubre\/#primaryimage"},"thumbnailUrl":"https:\/\/www.laguiadepamplona.com\/actualidad\/wp-content\/uploads\/2023\/09\/Vermuteando_23-870x480-1.jpg","datePublished":"2023-09-13T18:02:39+00:00","description":"Cada fin de semana, este nuevo ciclo llegar\u00e1 a dos barrios, en doble sesi\u00f3n, con actuaciones musicales al aire libre a las 12.15 y a las 13.30 horas","breadcrumb":{"@id":"https:\/\/www.laguiadepamplona.com\/actualidad\/vermuteando-propone-actuaciones-musicales-en-diferentes-barrios-para-amenizar-los-mediodias-de-sabado-y-domingo-del-16-de-septiembre-al-8-de-octubre\/#breadcrumb"},"inLanguage":"es","potentialAction":[{"@type":"ReadAction","target":["https:\/\/www.laguiadepamplona.com\/actualidad\/vermuteando-propone-actuaciones-musicales-en-diferentes-barrios-para-amenizar-los-mediodias-de-sabado-y-domingo-del-16-de-septiembre-al-8-de-octubre\/"]}]},{"@type":"ImageObject","inLanguage":"es","@id":"https:\/\/www.laguiadepamplona.com\/actualidad\/vermuteando-propone-actuaciones-musicales-en-diferentes-barrios-para-amenizar-los-mediodias-de-sabado-y-domingo-del-16-de-septiembre-al-8-de-octubre\/#primaryimage","url":"https:\/\/www.laguiadepamplona.com\/actualidad\/wp-content\/uploads\/2023\/09\/Vermuteando_23-870x480-1.jpg","contentUrl":"https:\/\/www.laguiadepamplona.com\/actualidad\/wp-content\/uploads\/2023\/09\/Vermuteando_23-870x480-1.jpg","width":870,"height":480},{"@type":"BreadcrumbList","@id":"https:\/\/www.laguiadepamplona.com\/actualidad\/vermuteando-propone-actuaciones-musicales-en-diferentes-barrios-para-amenizar-los-mediodias-de-sabado-y-domingo-del-16-de-septiembre-al-8-de-octubre\/#breadcrumb","itemListElement":[{"@type":"ListItem","position":1,"name":"Portada","item":"https:\/\/www.laguiadepamplona.com\/actualidad\/"},{"@type":"ListItem","position":2,"name":"Vermuteando propone actuaciones musicales en diferentes barrios para amenizar los mediod\u00edas de s\u00e1bado y domingo, del 16 de septiembre al 8 de octubre"}]},{"@type":"WebSite","@id":"https:\/\/www.laguiadepamplona.com\/actualidad\/#website","url":"https:\/\/www.laguiadepamplona.com\/actualidad\/","name":"La gu\u00eda de Pamplona","description":"Noticias de Pamplona","publisher":{"@id":"https:\/\/www.laguiadepamplona.com\/actualidad\/#organization"},"potentialAction":[{"@type":"SearchAction","target":{"@type":"EntryPoint","urlTemplate":"https:\/\/www.laguiadepamplona.com\/actualidad\/?s={search_term_string}"},"query-input":{"@type":"PropertyValueSpecification","valueRequired":true,"valueName":"search_term_string"}}],"inLanguage":"es"},{"@type":"Organization","@id":"https:\/\/www.laguiadepamplona.com\/actualidad\/#organization","name":"La Gu\u00eda de Pamplona \/ Noticias","url":"https:\/\/www.laguiadepamplona.com\/actualidad\/","logo":{"@type":"ImageObject","inLanguage":"es","@id":"https:\/\/www.laguiadepamplona.com\/actualidad\/#\/schema\/logo\/image\/","url":"https:\/\/www.laguiadepamplona.com\/actualidad\/wp-content\/uploads\/2018\/11\/logo-laguiadepamplona18-web1.png","contentUrl":"https:\/\/www.laguiadepamplona.com\/actualidad\/wp-content\/uploads\/2018\/11\/logo-laguiadepamplona18-web1.png","width":600,"height":196,"caption":"La Gu\u00eda de Pamplona \/ Noticias"},"image":{"@id":"https:\/\/www.laguiadepamplona.com\/actualidad\/#\/schema\/logo\/image\/"},"sameAs":["https:\/\/www.facebook.com\/laguiadepamplonacom-133175176762273\/?ref=hl","https:\/\/x.com\/LaGuiadPamplona","https:\/\/www.instagram.com\/la_guia_de_pamplona\/","https:\/\/www.youtube.com\/user\/laguiadepamplona"]},{"@type":"Person","@id":"https:\/\/www.laguiadepamplona.com\/actualidad\/#\/schema\/person\/efe887376f0213d4657c93adc50b1fdb","name":"La Gu\u00eda de Pamplona","image":{"@type":"ImageObject","inLanguage":"es","@id":"https:\/\/secure.gravatar.com\/avatar\/b6992f131dc8d30ab0dff15446e9d346d9dbd95992de0fef795073f5ea83a81c?s=96&d=mm&r=g","url":"https:\/\/secure.gravatar.com\/avatar\/b6992f131dc8d30ab0dff15446e9d346d9dbd95992de0fef795073f5ea83a81c?s=96&d=mm&r=g","contentUrl":"https:\/\/secure.gravatar.com\/avatar\/b6992f131dc8d30ab0dff15446e9d346d9dbd95992de0fef795073f5ea83a81c?s=96&d=mm&r=g","caption":"La Gu\u00eda de Pamplona"}}]}},"post_mailing_queue_ids":[],"_links":{"self":[{"href":"https:\/\/www.laguiadepamplona.com\/actualidad\/wp-json\/wp\/v2\/posts\/47344","targetHints":{"allow":["GET"]}}],"collection":[{"href":"https:\/\/www.laguiadepamplona.com\/actualidad\/wp-json\/wp\/v2\/posts"}],"about":[{"href":"https:\/\/www.laguiadepamplona.com\/actualidad\/wp-json\/wp\/v2\/types\/post"}],"author":[{"embeddable":true,"href":"https:\/\/www.laguiadepamplona.com\/actualidad\/wp-json\/wp\/v2\/users\/1"}],"replies":[{"embeddable":true,"href":"https:\/\/www.laguiadepamplona.com\/actualidad\/wp-json\/wp\/v2\/comments?post=47344"}],"version-history":[{"count":1,"href":"https:\/\/www.laguiadepamplona.com\/actualidad\/wp-json\/wp\/v2\/posts\/47344\/revisions"}],"predecessor-version":[{"id":47346,"href":"https:\/\/www.laguiadepamplona.com\/actualidad\/wp-json\/wp\/v2\/posts\/47344\/revisions\/47346"}],"wp:featuredmedia":[{"embeddable":true,"href":"https:\/\/www.laguiadepamplona.com\/actualidad\/wp-json\/wp\/v2\/media\/47345"}],"wp:attachment":[{"href":"https:\/\/www.laguiadepamplona.com\/actualidad\/wp-json\/wp\/v2\/media?parent=47344"}],"wp:term":[{"taxonomy":"category","embeddable":true,"href":"https:\/\/www.laguiadepamplona.com\/actualidad\/wp-json\/wp\/v2\/categories?post=47344"},{"taxonomy":"post_tag","embeddable":true,"href":"https:\/\/www.laguiadepamplona.com\/actualidad\/wp-json\/wp\/v2\/tags?post=47344"}],"curies":[{"name":"wp","href":"https:\/\/api.w.org\/{rel}","templated":true}]}}