{"id":47338,"date":"2023-09-12T18:38:30","date_gmt":"2023-09-12T16:38:30","guid":{"rendered":"https:\/\/www.laguiadepamplona.com\/actualidad\/?p=47338"},"modified":"2023-09-12T18:38:30","modified_gmt":"2023-09-12T16:38:30","slug":"pamplona-pondra-en-marcha-este-ano-el-protocolo-de-prevencion-de-la-violencia-sexista-en-espacios-festivos-de-ocio-nocturno","status":"publish","type":"post","link":"https:\/\/www.laguiadepamplona.com\/actualidad\/pamplona-pondra-en-marcha-este-ano-el-protocolo-de-prevencion-de-la-violencia-sexista-en-espacios-festivos-de-ocio-nocturno\/","title":{"rendered":"Pamplona pondr\u00e1 en marcha este a\u00f1o el protocolo de prevenci\u00f3n de la violencia sexista en espacios festivos de ocio nocturno"},"content":{"rendered":"<h3>El concejal de Educaci\u00f3n, Igualdad y Diversidad Cultural, Carlos Salvador, ha comparecido esta ma\u00f1ana en la Comisi\u00f3n de Asuntos Ciudadanos<\/h3>\n<p><!--more--><\/p>\n<p>El Ayuntamiento de Pamplona tiene previsto poner en marcha en los pr\u00f3ximos meses el protocolo de prevenci\u00f3n y actuaci\u00f3n ante la violencia sexista en espacios festivos de ocio nocturno privado. En su comparecencia del inicio de legislatura ante la Comisi\u00f3n de Asuntos Ciudadanos, el concejal de Educaci\u00f3n, Igualdad y Diversidad Cultural, Carlos Salvador, ha destacado que \u00e9ste ser\u00e1 uno de los compromisos de su \u00e1rea, dentro de las actuaciones dirigidas a garantizar la igualdad de la poblaci\u00f3n.<\/p>\n<p>El objetivo es que los establecimientos hosteleros, bares y salas de fiesta se adhieran a este protocolo para actuar de forma conjunta y aplicar una pol\u00edtica de tolerancia cero ante agresiones sexistas en sus locales. Se trata, en definitiva, de establecer unas pautas de actuaci\u00f3n comunes y compartidas ante posibles casos de agresi\u00f3n, que faciliten una respuesta eficiente y eviten todo tipo de revictimizaci\u00f3n. Esta medida ir\u00e1 acompa\u00f1ada de campa\u00f1as de sensibilizaci\u00f3n para erradicar la violencia sexista en \u00e9ste y en todos los \u00e1mbitos de la vida y lograr la igualdad real entre hombres y mujeres. Asimismo, mantendr\u00e1 una serie de actuaciones para visibilizar el papel de las mujeres, como el certamen fotogr\u00e1fico \u2018Pamplona en femenino\u2019.<br \/>\n<script async src=\"\/\/pagead2.googlesyndication.com\/pagead\/js\/adsbygoogle.js\"><\/script><br \/>\n<!-- Noticias La Guia de Pamplona --><br \/>\n<ins class=\"adsbygoogle\"\nstyle=\"display:block\"\ndata-ad-client=\"ca-pub-6943679897239327\"\ndata-ad-slot=\"7048180777\"\ndata-ad-format=\"auto\"><\/ins><br \/>\n<script>\n(adsbygoogle = window.adsbygoogle || []).push({});\n<\/script><\/p>\n<p>Salvador ha incidido en su comparecencia en la apuesta por valores como el respeto, la tolerancia, la libertad y la solidaridad, \u201ctodos ellos transversales y compartidos por las \u00e1reas de Educaci\u00f3n, Igualdad y Diversidad Cultural\u201d. En este sentido, ha recordado el papel fundamental que juega la educaci\u00f3n en la transmisi\u00f3n de todos estos valores y en el reconocimiento que logr\u00f3 Pamplona como \u2018Ciudad educadora\u2019, que compromete al Ayuntamiento a educar y transformar la ciudad en un espacio de respeto y de diversidad.<\/p>\n<p>El Ayuntamiento de Pamplona lleva a cabo esa labor educadora a trav\u00e9s de 63 programas distintos y asumidos por distintas \u00e1reas, que abarcan \u00e1mbitos como la educaci\u00f3n vial, la inserci\u00f3n laboral, el medio ambiente, la participaci\u00f3n o la salud, entre otros. El Consistorio ha anunciado que seguir\u00e1 potenciando iniciativas como \u2018Conozcamos Pamplona\u2019, que ofrece un complemento formativo a escolares de Primaria sobre la historia y el patrimonio de la ciudad; el programa \u2018Vamos a leer\u2019, las rutas literarias, las visitas guiadas para conocer la Comparsa de Gigantes y Cabezudos de Pamplona, los proyectos de Aprendizaje y Servicio o los programas para mejorar la competencia cient\u00edfica.<\/p>\n<p>De hecho, la labor municipal en materia educativa se centra, en buena medida, en el fomento del conocimiento a trav\u00e9s de programas y actividades educativas dirigidas al conjunto de la ciudadan\u00eda. Adem\u00e1s, el Ayuntamiento tambi\u00e9n es el responsable de la promoci\u00f3n de la ense\u00f1anza musical, a trav\u00e9s de la Escuela Especial de M\u00fasica Joaqu\u00edn Maya, y de la ense\u00f1anza art\u00edstica, con la Escuela Municipal de Artes y Oficios Catalina de Osc\u00e1riz. A todo ello se suma la responsabilidad municipal en mantenimiento y conservaci\u00f3n de colegios p\u00fablicos y otros centros educativos.<br \/>\n<script async src=\"\/\/pagead2.googlesyndication.com\/pagead\/js\/adsbygoogle.js\"><\/script><br \/>\n<!-- Noticias La Guia de Pamplona --><br \/>\n<ins class=\"adsbygoogle\"\nstyle=\"display:block\"\ndata-ad-client=\"ca-pub-6943679897239327\"\ndata-ad-slot=\"7048180777\"\ndata-ad-format=\"auto\"><\/ins><br \/>\n<script>\n(adsbygoogle = window.adsbygoogle || []).push({});\n<\/script><\/p>\n<p><strong>Las escuelas infantiles, gratuitas<\/strong><\/p>\n<p>Tambi\u00e9n son responsabilidad del Ayuntamiento las competencias en escuelas infantiles, que ejerce a trav\u00e9s del Organismo Aut\u00f3nomo de Escuelas Infantiles Municipales. \u00c9ste es responsable de una red de doce escuelas, si bien en este curso escolar la escuela Donibane permanece cerrada por obras. El concejal de Educaci\u00f3n, Igualdad y Diversidad Cultural ha destacado que el Consistorio mantendr\u00e1 la gratuidad de las escuelas infantiles, una iniciativa que puso en marcha en el curso 2021\/2022.<\/p>\n<p>En l\u00ednea con la apuesta de mejora continua, el Ayuntamiento trabajar\u00e1 para impulsar y establecer un plan para la obtenci\u00f3n de un sello de calidad para las escuelas infantiles, que reconozca el trabajo de cada escuela y su plantilla para alcanzar est\u00e1ndares de calidad y compromiso educativo cada vez mayores.<\/p>\n<p>Adem\u00e1s, se est\u00e1 barajando la posibilidad de cambiar la ubicaci\u00f3n del Organismo Aut\u00f3nomo de Escuelas Infantiles, que actualmente tiene sus oficinas en la avenida Conde Oliveto, a una nueva ubicaci\u00f3n m\u00e1s accesible para facilitar que las familias puedan acudir a \u00e9l.<br \/>\n<script async src=\"\/\/pagead2.googlesyndication.com\/pagead\/js\/adsbygoogle.js\"><\/script><br \/>\n<!-- Noticias La Guia de Pamplona --><br \/>\n<ins class=\"adsbygoogle\"\nstyle=\"display:block\"\ndata-ad-client=\"ca-pub-6943679897239327\"\ndata-ad-slot=\"7048180777\"\ndata-ad-format=\"auto\"><\/ins><br \/>\n<script>\n(adsbygoogle = window.adsbygoogle || []).push({});\n<\/script><\/p>\n<p><strong>M\u00e1s desarrollo de Plan de Diversidad Cultural y Ciudadan\u00eda Inclusiva<\/strong><\/p>\n<p>En materia de diversidad cultura, el Ayuntamiento tiene previsto ahondar en el I Plan de Diversidad Cultural y Ciudadan\u00eda Inclusiva, que se promovi\u00f3 ya en la legislatura pasada, con el objetivo de establecer una estrategia de ciudad para avanzar hacia una convivencia en donde se compartan normas y valores. El objetivo ahora es desarrollar e impulsar las m\u00e1s de 150 acciones concretas que se recogen en este plan.<\/p>\n<p>Como complemento a este plan, el Ayuntamiento tiene previsto seguir impulsando acciones visibilizaci\u00f3n de la diversidad cultural y dotar de un espacio f\u00edsico de encuentro a los colectivos y asociaciones de diversidad.<\/p>\n","protected":false},"excerpt":{"rendered":"<p>El concejal de Educaci\u00f3n, Igualdad y Diversidad Cultural, Carlos Salvador, ha comparecido esta ma\u00f1ana en la Comisi\u00f3n de Asuntos Ciudadanos<\/p>\n","protected":false},"author":1,"featured_media":47339,"comment_status":"open","ping_status":"closed","sticky":false,"template":"","format":"standard","meta":{"footnotes":""},"categories":[2],"tags":[],"class_list":["post-47338","post","type-post","status-publish","format-standard","has-post-thumbnail","hentry","category-ayuntamiento-pamplona"],"yoast_head":"<!-- This site is optimized with the Yoast SEO plugin v27.3 - https:\/\/yoast.com\/product\/yoast-seo-wordpress\/ -->\n<title>Pamplona pondr\u00e1 en marcha este a\u00f1o el protocolo de prevenci\u00f3n de la violencia sexista en espacios festivos de ocio nocturno<\/title>\n<meta name=\"description\" content=\"El concejal de Educaci\u00f3n, Igualdad y Diversidad Cultural, Carlos Salvador, ha comparecido esta ma\u00f1ana en la Comisi\u00f3n de Asuntos Ciudadanos\" \/>\n<meta name=\"robots\" content=\"index, follow, max-snippet:-1, max-image-preview:large, max-video-preview:-1\" \/>\n<link rel=\"canonical\" href=\"https:\/\/www.laguiadepamplona.com\/actualidad\/pamplona-pondra-en-marcha-este-ano-el-protocolo-de-prevencion-de-la-violencia-sexista-en-espacios-festivos-de-ocio-nocturno\/\" \/>\n<meta property=\"og:locale\" content=\"es_ES\" \/>\n<meta property=\"og:type\" content=\"article\" \/>\n<meta property=\"og:title\" content=\"Pamplona pondr\u00e1 en marcha este a\u00f1o el protocolo de prevenci\u00f3n de la violencia sexista en espacios festivos de ocio nocturno\" \/>\n<meta property=\"og:description\" content=\"El concejal de Educaci\u00f3n, Igualdad y Diversidad Cultural, Carlos Salvador, ha comparecido esta ma\u00f1ana en la Comisi\u00f3n de Asuntos Ciudadanos\" \/>\n<meta property=\"og:url\" content=\"https:\/\/www.laguiadepamplona.com\/actualidad\/pamplona-pondra-en-marcha-este-ano-el-protocolo-de-prevencion-de-la-violencia-sexista-en-espacios-festivos-de-ocio-nocturno\/\" \/>\n<meta property=\"og:site_name\" content=\"La Gu\u00eda de Pamplona\" \/>\n<meta property=\"article:publisher\" content=\"https:\/\/www.facebook.com\/laguiadepamplonacom-133175176762273\/?ref=hl\" \/>\n<meta property=\"article:published_time\" content=\"2023-09-12T16:38:30+00:00\" \/>\n<meta property=\"og:image\" content=\"https:\/\/www.laguiadepamplona.com\/actualidad\/wp-content\/uploads\/2023\/09\/abuso_malos-tratos_no-es-no_mujeres_WEB.webp\" \/>\n\t<meta property=\"og:image:width\" content=\"1200\" \/>\n\t<meta property=\"og:image:height\" content=\"800\" \/>\n\t<meta property=\"og:image:type\" content=\"image\/webp\" \/>\n<meta name=\"author\" content=\"La Gu\u00eda de Pamplona\" \/>\n<meta name=\"twitter:card\" content=\"summary_large_image\" \/>\n<meta name=\"twitter:creator\" content=\"@LaGuiadPamplona\" \/>\n<meta name=\"twitter:site\" content=\"@LaGuiadPamplona\" \/>\n<meta name=\"twitter:label1\" content=\"Escrito por\" \/>\n\t<meta name=\"twitter:data1\" content=\"La Gu\u00eda de Pamplona\" \/>\n\t<meta name=\"twitter:label2\" content=\"Tiempo de lectura\" \/>\n\t<meta name=\"twitter:data2\" content=\"4 minutos\" \/>\n<script type=\"application\/ld+json\" class=\"yoast-schema-graph\">{\"@context\":\"https:\\\/\\\/schema.org\",\"@graph\":[{\"@type\":\"Article\",\"@id\":\"https:\\\/\\\/www.laguiadepamplona.com\\\/actualidad\\\/pamplona-pondra-en-marcha-este-ano-el-protocolo-de-prevencion-de-la-violencia-sexista-en-espacios-festivos-de-ocio-nocturno\\\/#article\",\"isPartOf\":{\"@id\":\"https:\\\/\\\/www.laguiadepamplona.com\\\/actualidad\\\/pamplona-pondra-en-marcha-este-ano-el-protocolo-de-prevencion-de-la-violencia-sexista-en-espacios-festivos-de-ocio-nocturno\\\/\"},\"author\":{\"name\":\"La Gu\u00eda de Pamplona\",\"@id\":\"https:\\\/\\\/www.laguiadepamplona.com\\\/actualidad\\\/#\\\/schema\\\/person\\\/efe887376f0213d4657c93adc50b1fdb\"},\"headline\":\"Pamplona pondr\u00e1 en marcha este a\u00f1o el protocolo de prevenci\u00f3n de la violencia sexista en espacios festivos de ocio nocturno\",\"datePublished\":\"2023-09-12T16:38:30+00:00\",\"mainEntityOfPage\":{\"@id\":\"https:\\\/\\\/www.laguiadepamplona.com\\\/actualidad\\\/pamplona-pondra-en-marcha-este-ano-el-protocolo-de-prevencion-de-la-violencia-sexista-en-espacios-festivos-de-ocio-nocturno\\\/\"},\"wordCount\":844,\"commentCount\":0,\"publisher\":{\"@id\":\"https:\\\/\\\/www.laguiadepamplona.com\\\/actualidad\\\/#organization\"},\"image\":{\"@id\":\"https:\\\/\\\/www.laguiadepamplona.com\\\/actualidad\\\/pamplona-pondra-en-marcha-este-ano-el-protocolo-de-prevencion-de-la-violencia-sexista-en-espacios-festivos-de-ocio-nocturno\\\/#primaryimage\"},\"thumbnailUrl\":\"https:\\\/\\\/www.laguiadepamplona.com\\\/actualidad\\\/wp-content\\\/uploads\\\/2023\\\/09\\\/abuso_malos-tratos_no-es-no_mujeres_WEB.webp\",\"articleSection\":[\"Ayto Pamplona\"],\"inLanguage\":\"es\",\"potentialAction\":[{\"@type\":\"CommentAction\",\"name\":\"Comment\",\"target\":[\"https:\\\/\\\/www.laguiadepamplona.com\\\/actualidad\\\/pamplona-pondra-en-marcha-este-ano-el-protocolo-de-prevencion-de-la-violencia-sexista-en-espacios-festivos-de-ocio-nocturno\\\/#respond\"]}]},{\"@type\":\"WebPage\",\"@id\":\"https:\\\/\\\/www.laguiadepamplona.com\\\/actualidad\\\/pamplona-pondra-en-marcha-este-ano-el-protocolo-de-prevencion-de-la-violencia-sexista-en-espacios-festivos-de-ocio-nocturno\\\/\",\"url\":\"https:\\\/\\\/www.laguiadepamplona.com\\\/actualidad\\\/pamplona-pondra-en-marcha-este-ano-el-protocolo-de-prevencion-de-la-violencia-sexista-en-espacios-festivos-de-ocio-nocturno\\\/\",\"name\":\"Pamplona pondr\u00e1 en marcha este a\u00f1o el protocolo de prevenci\u00f3n de la violencia sexista en espacios festivos de ocio nocturno\",\"isPartOf\":{\"@id\":\"https:\\\/\\\/www.laguiadepamplona.com\\\/actualidad\\\/#website\"},\"primaryImageOfPage\":{\"@id\":\"https:\\\/\\\/www.laguiadepamplona.com\\\/actualidad\\\/pamplona-pondra-en-marcha-este-ano-el-protocolo-de-prevencion-de-la-violencia-sexista-en-espacios-festivos-de-ocio-nocturno\\\/#primaryimage\"},\"image\":{\"@id\":\"https:\\\/\\\/www.laguiadepamplona.com\\\/actualidad\\\/pamplona-pondra-en-marcha-este-ano-el-protocolo-de-prevencion-de-la-violencia-sexista-en-espacios-festivos-de-ocio-nocturno\\\/#primaryimage\"},\"thumbnailUrl\":\"https:\\\/\\\/www.laguiadepamplona.com\\\/actualidad\\\/wp-content\\\/uploads\\\/2023\\\/09\\\/abuso_malos-tratos_no-es-no_mujeres_WEB.webp\",\"datePublished\":\"2023-09-12T16:38:30+00:00\",\"description\":\"El concejal de Educaci\u00f3n, Igualdad y Diversidad Cultural, Carlos Salvador, ha comparecido esta ma\u00f1ana en la Comisi\u00f3n de Asuntos Ciudadanos\",\"breadcrumb\":{\"@id\":\"https:\\\/\\\/www.laguiadepamplona.com\\\/actualidad\\\/pamplona-pondra-en-marcha-este-ano-el-protocolo-de-prevencion-de-la-violencia-sexista-en-espacios-festivos-de-ocio-nocturno\\\/#breadcrumb\"},\"inLanguage\":\"es\",\"potentialAction\":[{\"@type\":\"ReadAction\",\"target\":[\"https:\\\/\\\/www.laguiadepamplona.com\\\/actualidad\\\/pamplona-pondra-en-marcha-este-ano-el-protocolo-de-prevencion-de-la-violencia-sexista-en-espacios-festivos-de-ocio-nocturno\\\/\"]}]},{\"@type\":\"ImageObject\",\"inLanguage\":\"es\",\"@id\":\"https:\\\/\\\/www.laguiadepamplona.com\\\/actualidad\\\/pamplona-pondra-en-marcha-este-ano-el-protocolo-de-prevencion-de-la-violencia-sexista-en-espacios-festivos-de-ocio-nocturno\\\/#primaryimage\",\"url\":\"https:\\\/\\\/www.laguiadepamplona.com\\\/actualidad\\\/wp-content\\\/uploads\\\/2023\\\/09\\\/abuso_malos-tratos_no-es-no_mujeres_WEB.webp\",\"contentUrl\":\"https:\\\/\\\/www.laguiadepamplona.com\\\/actualidad\\\/wp-content\\\/uploads\\\/2023\\\/09\\\/abuso_malos-tratos_no-es-no_mujeres_WEB.webp\",\"width\":1200,\"height\":800,\"caption\":\"abusos, malos tratos\"},{\"@type\":\"BreadcrumbList\",\"@id\":\"https:\\\/\\\/www.laguiadepamplona.com\\\/actualidad\\\/pamplona-pondra-en-marcha-este-ano-el-protocolo-de-prevencion-de-la-violencia-sexista-en-espacios-festivos-de-ocio-nocturno\\\/#breadcrumb\",\"itemListElement\":[{\"@type\":\"ListItem\",\"position\":1,\"name\":\"Portada\",\"item\":\"https:\\\/\\\/www.laguiadepamplona.com\\\/actualidad\\\/\"},{\"@type\":\"ListItem\",\"position\":2,\"name\":\"Pamplona pondr\u00e1 en marcha este a\u00f1o el protocolo de prevenci\u00f3n de la violencia sexista en espacios festivos de ocio nocturno\"}]},{\"@type\":\"WebSite\",\"@id\":\"https:\\\/\\\/www.laguiadepamplona.com\\\/actualidad\\\/#website\",\"url\":\"https:\\\/\\\/www.laguiadepamplona.com\\\/actualidad\\\/\",\"name\":\"La gu\u00eda de Pamplona\",\"description\":\"Noticias de Pamplona\",\"publisher\":{\"@id\":\"https:\\\/\\\/www.laguiadepamplona.com\\\/actualidad\\\/#organization\"},\"potentialAction\":[{\"@type\":\"SearchAction\",\"target\":{\"@type\":\"EntryPoint\",\"urlTemplate\":\"https:\\\/\\\/www.laguiadepamplona.com\\\/actualidad\\\/?s={search_term_string}\"},\"query-input\":{\"@type\":\"PropertyValueSpecification\",\"valueRequired\":true,\"valueName\":\"search_term_string\"}}],\"inLanguage\":\"es\"},{\"@type\":\"Organization\",\"@id\":\"https:\\\/\\\/www.laguiadepamplona.com\\\/actualidad\\\/#organization\",\"name\":\"La Gu\u00eda de Pamplona \\\/ Noticias\",\"url\":\"https:\\\/\\\/www.laguiadepamplona.com\\\/actualidad\\\/\",\"logo\":{\"@type\":\"ImageObject\",\"inLanguage\":\"es\",\"@id\":\"https:\\\/\\\/www.laguiadepamplona.com\\\/actualidad\\\/#\\\/schema\\\/logo\\\/image\\\/\",\"url\":\"https:\\\/\\\/www.laguiadepamplona.com\\\/actualidad\\\/wp-content\\\/uploads\\\/2018\\\/11\\\/logo-laguiadepamplona18-web1.png\",\"contentUrl\":\"https:\\\/\\\/www.laguiadepamplona.com\\\/actualidad\\\/wp-content\\\/uploads\\\/2018\\\/11\\\/logo-laguiadepamplona18-web1.png\",\"width\":600,\"height\":196,\"caption\":\"La Gu\u00eda de Pamplona \\\/ Noticias\"},\"image\":{\"@id\":\"https:\\\/\\\/www.laguiadepamplona.com\\\/actualidad\\\/#\\\/schema\\\/logo\\\/image\\\/\"},\"sameAs\":[\"https:\\\/\\\/www.facebook.com\\\/laguiadepamplonacom-133175176762273\\\/?ref=hl\",\"https:\\\/\\\/x.com\\\/LaGuiadPamplona\",\"https:\\\/\\\/www.instagram.com\\\/la_guia_de_pamplona\\\/\",\"https:\\\/\\\/www.youtube.com\\\/user\\\/laguiadepamplona\"]},{\"@type\":\"Person\",\"@id\":\"https:\\\/\\\/www.laguiadepamplona.com\\\/actualidad\\\/#\\\/schema\\\/person\\\/efe887376f0213d4657c93adc50b1fdb\",\"name\":\"La Gu\u00eda de Pamplona\",\"image\":{\"@type\":\"ImageObject\",\"inLanguage\":\"es\",\"@id\":\"https:\\\/\\\/secure.gravatar.com\\\/avatar\\\/b6992f131dc8d30ab0dff15446e9d346d9dbd95992de0fef795073f5ea83a81c?s=96&d=mm&r=g\",\"url\":\"https:\\\/\\\/secure.gravatar.com\\\/avatar\\\/b6992f131dc8d30ab0dff15446e9d346d9dbd95992de0fef795073f5ea83a81c?s=96&d=mm&r=g\",\"contentUrl\":\"https:\\\/\\\/secure.gravatar.com\\\/avatar\\\/b6992f131dc8d30ab0dff15446e9d346d9dbd95992de0fef795073f5ea83a81c?s=96&d=mm&r=g\",\"caption\":\"La Gu\u00eda de Pamplona\"}}]}<\/script>\n<!-- \/ Yoast SEO plugin. -->","yoast_head_json":{"title":"Pamplona pondr\u00e1 en marcha este a\u00f1o el protocolo de prevenci\u00f3n de la violencia sexista en espacios festivos de ocio nocturno","description":"El concejal de Educaci\u00f3n, Igualdad y Diversidad Cultural, Carlos Salvador, ha comparecido esta ma\u00f1ana en la Comisi\u00f3n de Asuntos Ciudadanos","robots":{"index":"index","follow":"follow","max-snippet":"max-snippet:-1","max-image-preview":"max-image-preview:large","max-video-preview":"max-video-preview:-1"},"canonical":"https:\/\/www.laguiadepamplona.com\/actualidad\/pamplona-pondra-en-marcha-este-ano-el-protocolo-de-prevencion-de-la-violencia-sexista-en-espacios-festivos-de-ocio-nocturno\/","og_locale":"es_ES","og_type":"article","og_title":"Pamplona pondr\u00e1 en marcha este a\u00f1o el protocolo de prevenci\u00f3n de la violencia sexista en espacios festivos de ocio nocturno","og_description":"El concejal de Educaci\u00f3n, Igualdad y Diversidad Cultural, Carlos Salvador, ha comparecido esta ma\u00f1ana en la Comisi\u00f3n de Asuntos Ciudadanos","og_url":"https:\/\/www.laguiadepamplona.com\/actualidad\/pamplona-pondra-en-marcha-este-ano-el-protocolo-de-prevencion-de-la-violencia-sexista-en-espacios-festivos-de-ocio-nocturno\/","og_site_name":"La Gu\u00eda de Pamplona","article_publisher":"https:\/\/www.facebook.com\/laguiadepamplonacom-133175176762273\/?ref=hl","article_published_time":"2023-09-12T16:38:30+00:00","og_image":[{"width":1200,"height":800,"url":"https:\/\/www.laguiadepamplona.com\/actualidad\/wp-content\/uploads\/2023\/09\/abuso_malos-tratos_no-es-no_mujeres_WEB.webp","type":"image\/webp"}],"author":"La Gu\u00eda de Pamplona","twitter_card":"summary_large_image","twitter_creator":"@LaGuiadPamplona","twitter_site":"@LaGuiadPamplona","twitter_misc":{"Escrito por":"La Gu\u00eda de Pamplona","Tiempo de lectura":"4 minutos"},"schema":{"@context":"https:\/\/schema.org","@graph":[{"@type":"Article","@id":"https:\/\/www.laguiadepamplona.com\/actualidad\/pamplona-pondra-en-marcha-este-ano-el-protocolo-de-prevencion-de-la-violencia-sexista-en-espacios-festivos-de-ocio-nocturno\/#article","isPartOf":{"@id":"https:\/\/www.laguiadepamplona.com\/actualidad\/pamplona-pondra-en-marcha-este-ano-el-protocolo-de-prevencion-de-la-violencia-sexista-en-espacios-festivos-de-ocio-nocturno\/"},"author":{"name":"La Gu\u00eda de Pamplona","@id":"https:\/\/www.laguiadepamplona.com\/actualidad\/#\/schema\/person\/efe887376f0213d4657c93adc50b1fdb"},"headline":"Pamplona pondr\u00e1 en marcha este a\u00f1o el protocolo de prevenci\u00f3n de la violencia sexista en espacios festivos de ocio nocturno","datePublished":"2023-09-12T16:38:30+00:00","mainEntityOfPage":{"@id":"https:\/\/www.laguiadepamplona.com\/actualidad\/pamplona-pondra-en-marcha-este-ano-el-protocolo-de-prevencion-de-la-violencia-sexista-en-espacios-festivos-de-ocio-nocturno\/"},"wordCount":844,"commentCount":0,"publisher":{"@id":"https:\/\/www.laguiadepamplona.com\/actualidad\/#organization"},"image":{"@id":"https:\/\/www.laguiadepamplona.com\/actualidad\/pamplona-pondra-en-marcha-este-ano-el-protocolo-de-prevencion-de-la-violencia-sexista-en-espacios-festivos-de-ocio-nocturno\/#primaryimage"},"thumbnailUrl":"https:\/\/www.laguiadepamplona.com\/actualidad\/wp-content\/uploads\/2023\/09\/abuso_malos-tratos_no-es-no_mujeres_WEB.webp","articleSection":["Ayto Pamplona"],"inLanguage":"es","potentialAction":[{"@type":"CommentAction","name":"Comment","target":["https:\/\/www.laguiadepamplona.com\/actualidad\/pamplona-pondra-en-marcha-este-ano-el-protocolo-de-prevencion-de-la-violencia-sexista-en-espacios-festivos-de-ocio-nocturno\/#respond"]}]},{"@type":"WebPage","@id":"https:\/\/www.laguiadepamplona.com\/actualidad\/pamplona-pondra-en-marcha-este-ano-el-protocolo-de-prevencion-de-la-violencia-sexista-en-espacios-festivos-de-ocio-nocturno\/","url":"https:\/\/www.laguiadepamplona.com\/actualidad\/pamplona-pondra-en-marcha-este-ano-el-protocolo-de-prevencion-de-la-violencia-sexista-en-espacios-festivos-de-ocio-nocturno\/","name":"Pamplona pondr\u00e1 en marcha este a\u00f1o el protocolo de prevenci\u00f3n de la violencia sexista en espacios festivos de ocio nocturno","isPartOf":{"@id":"https:\/\/www.laguiadepamplona.com\/actualidad\/#website"},"primaryImageOfPage":{"@id":"https:\/\/www.laguiadepamplona.com\/actualidad\/pamplona-pondra-en-marcha-este-ano-el-protocolo-de-prevencion-de-la-violencia-sexista-en-espacios-festivos-de-ocio-nocturno\/#primaryimage"},"image":{"@id":"https:\/\/www.laguiadepamplona.com\/actualidad\/pamplona-pondra-en-marcha-este-ano-el-protocolo-de-prevencion-de-la-violencia-sexista-en-espacios-festivos-de-ocio-nocturno\/#primaryimage"},"thumbnailUrl":"https:\/\/www.laguiadepamplona.com\/actualidad\/wp-content\/uploads\/2023\/09\/abuso_malos-tratos_no-es-no_mujeres_WEB.webp","datePublished":"2023-09-12T16:38:30+00:00","description":"El concejal de Educaci\u00f3n, Igualdad y Diversidad Cultural, Carlos Salvador, ha comparecido esta ma\u00f1ana en la Comisi\u00f3n de Asuntos Ciudadanos","breadcrumb":{"@id":"https:\/\/www.laguiadepamplona.com\/actualidad\/pamplona-pondra-en-marcha-este-ano-el-protocolo-de-prevencion-de-la-violencia-sexista-en-espacios-festivos-de-ocio-nocturno\/#breadcrumb"},"inLanguage":"es","potentialAction":[{"@type":"ReadAction","target":["https:\/\/www.laguiadepamplona.com\/actualidad\/pamplona-pondra-en-marcha-este-ano-el-protocolo-de-prevencion-de-la-violencia-sexista-en-espacios-festivos-de-ocio-nocturno\/"]}]},{"@type":"ImageObject","inLanguage":"es","@id":"https:\/\/www.laguiadepamplona.com\/actualidad\/pamplona-pondra-en-marcha-este-ano-el-protocolo-de-prevencion-de-la-violencia-sexista-en-espacios-festivos-de-ocio-nocturno\/#primaryimage","url":"https:\/\/www.laguiadepamplona.com\/actualidad\/wp-content\/uploads\/2023\/09\/abuso_malos-tratos_no-es-no_mujeres_WEB.webp","contentUrl":"https:\/\/www.laguiadepamplona.com\/actualidad\/wp-content\/uploads\/2023\/09\/abuso_malos-tratos_no-es-no_mujeres_WEB.webp","width":1200,"height":800,"caption":"abusos, malos tratos"},{"@type":"BreadcrumbList","@id":"https:\/\/www.laguiadepamplona.com\/actualidad\/pamplona-pondra-en-marcha-este-ano-el-protocolo-de-prevencion-de-la-violencia-sexista-en-espacios-festivos-de-ocio-nocturno\/#breadcrumb","itemListElement":[{"@type":"ListItem","position":1,"name":"Portada","item":"https:\/\/www.laguiadepamplona.com\/actualidad\/"},{"@type":"ListItem","position":2,"name":"Pamplona pondr\u00e1 en marcha este a\u00f1o el protocolo de prevenci\u00f3n de la violencia sexista en espacios festivos de ocio nocturno"}]},{"@type":"WebSite","@id":"https:\/\/www.laguiadepamplona.com\/actualidad\/#website","url":"https:\/\/www.laguiadepamplona.com\/actualidad\/","name":"La gu\u00eda de Pamplona","description":"Noticias de Pamplona","publisher":{"@id":"https:\/\/www.laguiadepamplona.com\/actualidad\/#organization"},"potentialAction":[{"@type":"SearchAction","target":{"@type":"EntryPoint","urlTemplate":"https:\/\/www.laguiadepamplona.com\/actualidad\/?s={search_term_string}"},"query-input":{"@type":"PropertyValueSpecification","valueRequired":true,"valueName":"search_term_string"}}],"inLanguage":"es"},{"@type":"Organization","@id":"https:\/\/www.laguiadepamplona.com\/actualidad\/#organization","name":"La Gu\u00eda de Pamplona \/ Noticias","url":"https:\/\/www.laguiadepamplona.com\/actualidad\/","logo":{"@type":"ImageObject","inLanguage":"es","@id":"https:\/\/www.laguiadepamplona.com\/actualidad\/#\/schema\/logo\/image\/","url":"https:\/\/www.laguiadepamplona.com\/actualidad\/wp-content\/uploads\/2018\/11\/logo-laguiadepamplona18-web1.png","contentUrl":"https:\/\/www.laguiadepamplona.com\/actualidad\/wp-content\/uploads\/2018\/11\/logo-laguiadepamplona18-web1.png","width":600,"height":196,"caption":"La Gu\u00eda de Pamplona \/ Noticias"},"image":{"@id":"https:\/\/www.laguiadepamplona.com\/actualidad\/#\/schema\/logo\/image\/"},"sameAs":["https:\/\/www.facebook.com\/laguiadepamplonacom-133175176762273\/?ref=hl","https:\/\/x.com\/LaGuiadPamplona","https:\/\/www.instagram.com\/la_guia_de_pamplona\/","https:\/\/www.youtube.com\/user\/laguiadepamplona"]},{"@type":"Person","@id":"https:\/\/www.laguiadepamplona.com\/actualidad\/#\/schema\/person\/efe887376f0213d4657c93adc50b1fdb","name":"La Gu\u00eda de Pamplona","image":{"@type":"ImageObject","inLanguage":"es","@id":"https:\/\/secure.gravatar.com\/avatar\/b6992f131dc8d30ab0dff15446e9d346d9dbd95992de0fef795073f5ea83a81c?s=96&d=mm&r=g","url":"https:\/\/secure.gravatar.com\/avatar\/b6992f131dc8d30ab0dff15446e9d346d9dbd95992de0fef795073f5ea83a81c?s=96&d=mm&r=g","contentUrl":"https:\/\/secure.gravatar.com\/avatar\/b6992f131dc8d30ab0dff15446e9d346d9dbd95992de0fef795073f5ea83a81c?s=96&d=mm&r=g","caption":"La Gu\u00eda de Pamplona"}}]}},"post_mailing_queue_ids":[],"_links":{"self":[{"href":"https:\/\/www.laguiadepamplona.com\/actualidad\/wp-json\/wp\/v2\/posts\/47338","targetHints":{"allow":["GET"]}}],"collection":[{"href":"https:\/\/www.laguiadepamplona.com\/actualidad\/wp-json\/wp\/v2\/posts"}],"about":[{"href":"https:\/\/www.laguiadepamplona.com\/actualidad\/wp-json\/wp\/v2\/types\/post"}],"author":[{"embeddable":true,"href":"https:\/\/www.laguiadepamplona.com\/actualidad\/wp-json\/wp\/v2\/users\/1"}],"replies":[{"embeddable":true,"href":"https:\/\/www.laguiadepamplona.com\/actualidad\/wp-json\/wp\/v2\/comments?post=47338"}],"version-history":[{"count":1,"href":"https:\/\/www.laguiadepamplona.com\/actualidad\/wp-json\/wp\/v2\/posts\/47338\/revisions"}],"predecessor-version":[{"id":47340,"href":"https:\/\/www.laguiadepamplona.com\/actualidad\/wp-json\/wp\/v2\/posts\/47338\/revisions\/47340"}],"wp:featuredmedia":[{"embeddable":true,"href":"https:\/\/www.laguiadepamplona.com\/actualidad\/wp-json\/wp\/v2\/media\/47339"}],"wp:attachment":[{"href":"https:\/\/www.laguiadepamplona.com\/actualidad\/wp-json\/wp\/v2\/media?parent=47338"}],"wp:term":[{"taxonomy":"category","embeddable":true,"href":"https:\/\/www.laguiadepamplona.com\/actualidad\/wp-json\/wp\/v2\/categories?post=47338"},{"taxonomy":"post_tag","embeddable":true,"href":"https:\/\/www.laguiadepamplona.com\/actualidad\/wp-json\/wp\/v2\/tags?post=47338"}],"curies":[{"name":"wp","href":"https:\/\/api.w.org\/{rel}","templated":true}]}}