{"id":47335,"date":"2023-09-12T18:36:26","date_gmt":"2023-09-12T16:36:26","guid":{"rendered":"https:\/\/www.laguiadepamplona.com\/actualidad\/?p=47335"},"modified":"2023-09-12T18:36:26","modified_gmt":"2023-09-12T16:36:26","slug":"pamplona-mejorara-la-ventilacion-del-fronton-labrit-con-una-inversion-de-mas-de-138-300-euros","status":"publish","type":"post","link":"https:\/\/www.laguiadepamplona.com\/actualidad\/pamplona-mejorara-la-ventilacion-del-fronton-labrit-con-una-inversion-de-mas-de-138-300-euros\/","title":{"rendered":"Pamplona mejorar\u00e1 la ventilaci\u00f3n del front\u00f3n Labrit con una inversi\u00f3n de m\u00e1s de 138.300 euros"},"content":{"rendered":"<h3>Se abrir\u00e1n aireadores en la cubierta del front\u00f3n, que es de chapa y material transl\u00facido sin aislamiento, ante las altas temperaturas que alcanza<\/h3>\n<p><!--more--><\/p>\n<p>El front\u00f3n Labrit contar\u00e1 en breve con unos aireadores en la cubierta que servir\u00e1n para mejorar la ventilaci\u00f3n de esta instalaci\u00f3n municipal. La Junta de Gobierno Local ha aprobado adjudicar por 138.346,56 euros las obras que permitir\u00e1n controlar en mejor medida las temperaturas que alcanza el front\u00f3n, sobre todo, en los meses estivales en la zona de gradas y en la cancha. La inversi\u00f3n cuenta con financiaci\u00f3n europea de los fondos Next Generation EU, a trav\u00e9s del Plan de Recuperaci\u00f3n, Transformaci\u00f3n y Resilencia del Gobierno de Espa\u00f1a.<br \/>\n<script async src=\"\/\/pagead2.googlesyndication.com\/pagead\/js\/adsbygoogle.js\"><\/script><br \/>\n<!-- Noticias La Guia de Pamplona --><br \/>\n<ins class=\"adsbygoogle\"\nstyle=\"display:block\"\ndata-ad-client=\"ca-pub-6943679897239327\"\ndata-ad-slot=\"7048180777\"\ndata-ad-format=\"auto\"><\/ins><br \/>\n<script>\n(adsbygoogle = window.adsbygoogle || []).push({});\n<\/script><\/p>\n<p>Los trabajos, que ser\u00e1n realizados por Fachadas Singulares Uxama, S.L., se concentrar\u00e1n principalmente en la cubierta, que es de chapa y material transl\u00facido sin aislamiento, pero tambi\u00e9n afectar\u00e1n a la puerta principal y parte de la fachada. As\u00ed, se crear\u00e1n salidas de aire por la cubierta, con ocho aireadores, y se habilitar\u00e1 la entrada por aberturas en la fachada. Adem\u00e1s, se sustituir\u00e1n las ventas existentes por otras que permitan el accionamiento autom\u00e1tico y que est\u00e9n conectadas al sistema de control del edificio. Asimismo, el contrato prev\u00e9 tambi\u00e9n la reforma de la puerta principal del front\u00f3n para permitir su apertura autom\u00e1tica.<\/p>\n<p>Las actuaciones se completar\u00e1n con la incorporaci\u00f3n de un pasillo enrejillado en el falso techo bajo la cubierta, para permitir labores de mantenimiento. El pasillo deber\u00e1 tener alrededor de 35 metros de longitud y 1 metro de ancho aproximadamente, que permita acceder a los nuevos aireadores y que adem\u00e1s facilite el paso del aire de ventilaci\u00f3n desde la zona de gradas y cancha hacia los aireadores situados en cubierta. En todas estas obras, se prestar\u00e1 especial atenci\u00f3n a los trabajos para evitar goteras y filtraciones de agua en las aberturas que se vayan a realizar en la cubierta.<\/p>\n<h3>\u00daltima remodelaci\u00f3n en 2001<\/h3>\n<p>El front\u00f3n Labrit fue construido en 1952. El edificio cuenta con tres plantas sobre rasante y un semis\u00f3tano. Las grades, en tres niveles, permiten albergar un aforo de 950 personas. Su \u00faltima remodelaci\u00f3n se produjo en el a\u00f1o 2001, donde se mejor\u00f3 su accesibilidad, se construy\u00f3 un edificio anexo para vestuarios y se dot\u00f3 de calefacci\u00f3n a la zona de oficinas en la fachada principal.<\/p>\n","protected":false},"excerpt":{"rendered":"<p>Se abrir\u00e1n aireadores en la cubierta del front\u00f3n, que es de chapa y material transl\u00facido sin aislamiento, ante las altas temperaturas que alcanza<\/p>\n","protected":false},"author":1,"featured_media":47336,"comment_status":"open","ping_status":"closed","sticky":false,"template":"","format":"standard","meta":{"footnotes":""},"categories":[2],"tags":[],"class_list":["post-47335","post","type-post","status-publish","format-standard","has-post-thumbnail","hentry","category-ayuntamiento-pamplona"],"yoast_head":"<!-- This site is optimized with the Yoast SEO plugin v27.3 - https:\/\/yoast.com\/product\/yoast-seo-wordpress\/ -->\n<title>Pamplona mejorar\u00e1 la ventilaci\u00f3n del front\u00f3n Labrit con una inversi\u00f3n de m\u00e1s de 138.300 euros<\/title>\n<meta name=\"description\" content=\"Se abrir\u00e1n aireadores en la cubierta del front\u00f3n, que es de chapa y material transl\u00facido sin aislamiento, ante las altas temperaturas que alcanza\u00a0\" \/>\n<meta name=\"robots\" content=\"index, follow, max-snippet:-1, max-image-preview:large, max-video-preview:-1\" \/>\n<link rel=\"canonical\" href=\"https:\/\/www.laguiadepamplona.com\/actualidad\/pamplona-mejorara-la-ventilacion-del-fronton-labrit-con-una-inversion-de-mas-de-138-300-euros\/\" \/>\n<meta property=\"og:locale\" content=\"es_ES\" \/>\n<meta property=\"og:type\" content=\"article\" \/>\n<meta property=\"og:title\" content=\"Pamplona mejorar\u00e1 la ventilaci\u00f3n del front\u00f3n Labrit con una inversi\u00f3n de m\u00e1s de 138.300 euros\" \/>\n<meta property=\"og:description\" content=\"Se abrir\u00e1n aireadores en la cubierta del front\u00f3n, que es de chapa y material transl\u00facido sin aislamiento, ante las altas temperaturas que alcanza\u00a0\" \/>\n<meta property=\"og:url\" content=\"https:\/\/www.laguiadepamplona.com\/actualidad\/pamplona-mejorara-la-ventilacion-del-fronton-labrit-con-una-inversion-de-mas-de-138-300-euros\/\" \/>\n<meta property=\"og:site_name\" content=\"La Gu\u00eda de Pamplona\" \/>\n<meta property=\"article:publisher\" content=\"https:\/\/www.facebook.com\/laguiadepamplonacom-133175176762273\/?ref=hl\" \/>\n<meta property=\"article:published_time\" content=\"2023-09-12T16:36:26+00:00\" \/>\n<meta property=\"og:image\" content=\"https:\/\/www.laguiadepamplona.com\/actualidad\/wp-content\/uploads\/2023\/09\/fronton_labrit_3.webp\" \/>\n\t<meta property=\"og:image:width\" content=\"1200\" \/>\n\t<meta property=\"og:image:height\" content=\"786\" \/>\n\t<meta property=\"og:image:type\" content=\"image\/webp\" \/>\n<meta name=\"author\" content=\"La Gu\u00eda de Pamplona\" \/>\n<meta name=\"twitter:card\" content=\"summary_large_image\" \/>\n<meta name=\"twitter:creator\" content=\"@LaGuiadPamplona\" \/>\n<meta name=\"twitter:site\" content=\"@LaGuiadPamplona\" \/>\n<meta name=\"twitter:label1\" content=\"Escrito por\" \/>\n\t<meta name=\"twitter:data1\" content=\"La Gu\u00eda de Pamplona\" \/>\n\t<meta name=\"twitter:label2\" content=\"Tiempo de lectura\" \/>\n\t<meta name=\"twitter:data2\" content=\"2 minutos\" \/>\n<script type=\"application\/ld+json\" class=\"yoast-schema-graph\">{\"@context\":\"https:\\\/\\\/schema.org\",\"@graph\":[{\"@type\":\"Article\",\"@id\":\"https:\\\/\\\/www.laguiadepamplona.com\\\/actualidad\\\/pamplona-mejorara-la-ventilacion-del-fronton-labrit-con-una-inversion-de-mas-de-138-300-euros\\\/#article\",\"isPartOf\":{\"@id\":\"https:\\\/\\\/www.laguiadepamplona.com\\\/actualidad\\\/pamplona-mejorara-la-ventilacion-del-fronton-labrit-con-una-inversion-de-mas-de-138-300-euros\\\/\"},\"author\":{\"name\":\"La Gu\u00eda de Pamplona\",\"@id\":\"https:\\\/\\\/www.laguiadepamplona.com\\\/actualidad\\\/#\\\/schema\\\/person\\\/efe887376f0213d4657c93adc50b1fdb\"},\"headline\":\"Pamplona mejorar\u00e1 la ventilaci\u00f3n del front\u00f3n Labrit con una inversi\u00f3n de m\u00e1s de 138.300 euros\",\"datePublished\":\"2023-09-12T16:36:26+00:00\",\"mainEntityOfPage\":{\"@id\":\"https:\\\/\\\/www.laguiadepamplona.com\\\/actualidad\\\/pamplona-mejorara-la-ventilacion-del-fronton-labrit-con-una-inversion-de-mas-de-138-300-euros\\\/\"},\"wordCount\":428,\"commentCount\":0,\"publisher\":{\"@id\":\"https:\\\/\\\/www.laguiadepamplona.com\\\/actualidad\\\/#organization\"},\"image\":{\"@id\":\"https:\\\/\\\/www.laguiadepamplona.com\\\/actualidad\\\/pamplona-mejorara-la-ventilacion-del-fronton-labrit-con-una-inversion-de-mas-de-138-300-euros\\\/#primaryimage\"},\"thumbnailUrl\":\"https:\\\/\\\/www.laguiadepamplona.com\\\/actualidad\\\/wp-content\\\/uploads\\\/2023\\\/09\\\/fronton_labrit_3.webp\",\"articleSection\":[\"Ayto Pamplona\"],\"inLanguage\":\"es\",\"potentialAction\":[{\"@type\":\"CommentAction\",\"name\":\"Comment\",\"target\":[\"https:\\\/\\\/www.laguiadepamplona.com\\\/actualidad\\\/pamplona-mejorara-la-ventilacion-del-fronton-labrit-con-una-inversion-de-mas-de-138-300-euros\\\/#respond\"]}]},{\"@type\":\"WebPage\",\"@id\":\"https:\\\/\\\/www.laguiadepamplona.com\\\/actualidad\\\/pamplona-mejorara-la-ventilacion-del-fronton-labrit-con-una-inversion-de-mas-de-138-300-euros\\\/\",\"url\":\"https:\\\/\\\/www.laguiadepamplona.com\\\/actualidad\\\/pamplona-mejorara-la-ventilacion-del-fronton-labrit-con-una-inversion-de-mas-de-138-300-euros\\\/\",\"name\":\"Pamplona mejorar\u00e1 la ventilaci\u00f3n del front\u00f3n Labrit con una inversi\u00f3n de m\u00e1s de 138.300 euros\",\"isPartOf\":{\"@id\":\"https:\\\/\\\/www.laguiadepamplona.com\\\/actualidad\\\/#website\"},\"primaryImageOfPage\":{\"@id\":\"https:\\\/\\\/www.laguiadepamplona.com\\\/actualidad\\\/pamplona-mejorara-la-ventilacion-del-fronton-labrit-con-una-inversion-de-mas-de-138-300-euros\\\/#primaryimage\"},\"image\":{\"@id\":\"https:\\\/\\\/www.laguiadepamplona.com\\\/actualidad\\\/pamplona-mejorara-la-ventilacion-del-fronton-labrit-con-una-inversion-de-mas-de-138-300-euros\\\/#primaryimage\"},\"thumbnailUrl\":\"https:\\\/\\\/www.laguiadepamplona.com\\\/actualidad\\\/wp-content\\\/uploads\\\/2023\\\/09\\\/fronton_labrit_3.webp\",\"datePublished\":\"2023-09-12T16:36:26+00:00\",\"description\":\"Se abrir\u00e1n aireadores en la cubierta del front\u00f3n, que es de chapa y material transl\u00facido sin aislamiento, ante las altas temperaturas que alcanza\u00a0\",\"breadcrumb\":{\"@id\":\"https:\\\/\\\/www.laguiadepamplona.com\\\/actualidad\\\/pamplona-mejorara-la-ventilacion-del-fronton-labrit-con-una-inversion-de-mas-de-138-300-euros\\\/#breadcrumb\"},\"inLanguage\":\"es\",\"potentialAction\":[{\"@type\":\"ReadAction\",\"target\":[\"https:\\\/\\\/www.laguiadepamplona.com\\\/actualidad\\\/pamplona-mejorara-la-ventilacion-del-fronton-labrit-con-una-inversion-de-mas-de-138-300-euros\\\/\"]}]},{\"@type\":\"ImageObject\",\"inLanguage\":\"es\",\"@id\":\"https:\\\/\\\/www.laguiadepamplona.com\\\/actualidad\\\/pamplona-mejorara-la-ventilacion-del-fronton-labrit-con-una-inversion-de-mas-de-138-300-euros\\\/#primaryimage\",\"url\":\"https:\\\/\\\/www.laguiadepamplona.com\\\/actualidad\\\/wp-content\\\/uploads\\\/2023\\\/09\\\/fronton_labrit_3.webp\",\"contentUrl\":\"https:\\\/\\\/www.laguiadepamplona.com\\\/actualidad\\\/wp-content\\\/uploads\\\/2023\\\/09\\\/fronton_labrit_3.webp\",\"width\":1200,\"height\":786,\"caption\":\"front\u00f3n labrit\"},{\"@type\":\"BreadcrumbList\",\"@id\":\"https:\\\/\\\/www.laguiadepamplona.com\\\/actualidad\\\/pamplona-mejorara-la-ventilacion-del-fronton-labrit-con-una-inversion-de-mas-de-138-300-euros\\\/#breadcrumb\",\"itemListElement\":[{\"@type\":\"ListItem\",\"position\":1,\"name\":\"Portada\",\"item\":\"https:\\\/\\\/www.laguiadepamplona.com\\\/actualidad\\\/\"},{\"@type\":\"ListItem\",\"position\":2,\"name\":\"Pamplona mejorar\u00e1 la ventilaci\u00f3n del front\u00f3n Labrit con una inversi\u00f3n de m\u00e1s de 138.300 euros\"}]},{\"@type\":\"WebSite\",\"@id\":\"https:\\\/\\\/www.laguiadepamplona.com\\\/actualidad\\\/#website\",\"url\":\"https:\\\/\\\/www.laguiadepamplona.com\\\/actualidad\\\/\",\"name\":\"La gu\u00eda de Pamplona\",\"description\":\"Noticias de Pamplona\",\"publisher\":{\"@id\":\"https:\\\/\\\/www.laguiadepamplona.com\\\/actualidad\\\/#organization\"},\"potentialAction\":[{\"@type\":\"SearchAction\",\"target\":{\"@type\":\"EntryPoint\",\"urlTemplate\":\"https:\\\/\\\/www.laguiadepamplona.com\\\/actualidad\\\/?s={search_term_string}\"},\"query-input\":{\"@type\":\"PropertyValueSpecification\",\"valueRequired\":true,\"valueName\":\"search_term_string\"}}],\"inLanguage\":\"es\"},{\"@type\":\"Organization\",\"@id\":\"https:\\\/\\\/www.laguiadepamplona.com\\\/actualidad\\\/#organization\",\"name\":\"La Gu\u00eda de Pamplona \\\/ Noticias\",\"url\":\"https:\\\/\\\/www.laguiadepamplona.com\\\/actualidad\\\/\",\"logo\":{\"@type\":\"ImageObject\",\"inLanguage\":\"es\",\"@id\":\"https:\\\/\\\/www.laguiadepamplona.com\\\/actualidad\\\/#\\\/schema\\\/logo\\\/image\\\/\",\"url\":\"https:\\\/\\\/www.laguiadepamplona.com\\\/actualidad\\\/wp-content\\\/uploads\\\/2018\\\/11\\\/logo-laguiadepamplona18-web1.png\",\"contentUrl\":\"https:\\\/\\\/www.laguiadepamplona.com\\\/actualidad\\\/wp-content\\\/uploads\\\/2018\\\/11\\\/logo-laguiadepamplona18-web1.png\",\"width\":600,\"height\":196,\"caption\":\"La Gu\u00eda de Pamplona \\\/ Noticias\"},\"image\":{\"@id\":\"https:\\\/\\\/www.laguiadepamplona.com\\\/actualidad\\\/#\\\/schema\\\/logo\\\/image\\\/\"},\"sameAs\":[\"https:\\\/\\\/www.facebook.com\\\/laguiadepamplonacom-133175176762273\\\/?ref=hl\",\"https:\\\/\\\/x.com\\\/LaGuiadPamplona\",\"https:\\\/\\\/www.instagram.com\\\/la_guia_de_pamplona\\\/\",\"https:\\\/\\\/www.youtube.com\\\/user\\\/laguiadepamplona\"]},{\"@type\":\"Person\",\"@id\":\"https:\\\/\\\/www.laguiadepamplona.com\\\/actualidad\\\/#\\\/schema\\\/person\\\/efe887376f0213d4657c93adc50b1fdb\",\"name\":\"La Gu\u00eda de Pamplona\",\"image\":{\"@type\":\"ImageObject\",\"inLanguage\":\"es\",\"@id\":\"https:\\\/\\\/secure.gravatar.com\\\/avatar\\\/b6992f131dc8d30ab0dff15446e9d346d9dbd95992de0fef795073f5ea83a81c?s=96&d=mm&r=g\",\"url\":\"https:\\\/\\\/secure.gravatar.com\\\/avatar\\\/b6992f131dc8d30ab0dff15446e9d346d9dbd95992de0fef795073f5ea83a81c?s=96&d=mm&r=g\",\"contentUrl\":\"https:\\\/\\\/secure.gravatar.com\\\/avatar\\\/b6992f131dc8d30ab0dff15446e9d346d9dbd95992de0fef795073f5ea83a81c?s=96&d=mm&r=g\",\"caption\":\"La Gu\u00eda de Pamplona\"}}]}<\/script>\n<!-- \/ Yoast SEO plugin. -->","yoast_head_json":{"title":"Pamplona mejorar\u00e1 la ventilaci\u00f3n del front\u00f3n Labrit con una inversi\u00f3n de m\u00e1s de 138.300 euros","description":"Se abrir\u00e1n aireadores en la cubierta del front\u00f3n, que es de chapa y material transl\u00facido sin aislamiento, ante las altas temperaturas que alcanza\u00a0","robots":{"index":"index","follow":"follow","max-snippet":"max-snippet:-1","max-image-preview":"max-image-preview:large","max-video-preview":"max-video-preview:-1"},"canonical":"https:\/\/www.laguiadepamplona.com\/actualidad\/pamplona-mejorara-la-ventilacion-del-fronton-labrit-con-una-inversion-de-mas-de-138-300-euros\/","og_locale":"es_ES","og_type":"article","og_title":"Pamplona mejorar\u00e1 la ventilaci\u00f3n del front\u00f3n Labrit con una inversi\u00f3n de m\u00e1s de 138.300 euros","og_description":"Se abrir\u00e1n aireadores en la cubierta del front\u00f3n, que es de chapa y material transl\u00facido sin aislamiento, ante las altas temperaturas que alcanza\u00a0","og_url":"https:\/\/www.laguiadepamplona.com\/actualidad\/pamplona-mejorara-la-ventilacion-del-fronton-labrit-con-una-inversion-de-mas-de-138-300-euros\/","og_site_name":"La Gu\u00eda de Pamplona","article_publisher":"https:\/\/www.facebook.com\/laguiadepamplonacom-133175176762273\/?ref=hl","article_published_time":"2023-09-12T16:36:26+00:00","og_image":[{"width":1200,"height":786,"url":"https:\/\/www.laguiadepamplona.com\/actualidad\/wp-content\/uploads\/2023\/09\/fronton_labrit_3.webp","type":"image\/webp"}],"author":"La Gu\u00eda de Pamplona","twitter_card":"summary_large_image","twitter_creator":"@LaGuiadPamplona","twitter_site":"@LaGuiadPamplona","twitter_misc":{"Escrito por":"La Gu\u00eda de Pamplona","Tiempo de lectura":"2 minutos"},"schema":{"@context":"https:\/\/schema.org","@graph":[{"@type":"Article","@id":"https:\/\/www.laguiadepamplona.com\/actualidad\/pamplona-mejorara-la-ventilacion-del-fronton-labrit-con-una-inversion-de-mas-de-138-300-euros\/#article","isPartOf":{"@id":"https:\/\/www.laguiadepamplona.com\/actualidad\/pamplona-mejorara-la-ventilacion-del-fronton-labrit-con-una-inversion-de-mas-de-138-300-euros\/"},"author":{"name":"La Gu\u00eda de Pamplona","@id":"https:\/\/www.laguiadepamplona.com\/actualidad\/#\/schema\/person\/efe887376f0213d4657c93adc50b1fdb"},"headline":"Pamplona mejorar\u00e1 la ventilaci\u00f3n del front\u00f3n Labrit con una inversi\u00f3n de m\u00e1s de 138.300 euros","datePublished":"2023-09-12T16:36:26+00:00","mainEntityOfPage":{"@id":"https:\/\/www.laguiadepamplona.com\/actualidad\/pamplona-mejorara-la-ventilacion-del-fronton-labrit-con-una-inversion-de-mas-de-138-300-euros\/"},"wordCount":428,"commentCount":0,"publisher":{"@id":"https:\/\/www.laguiadepamplona.com\/actualidad\/#organization"},"image":{"@id":"https:\/\/www.laguiadepamplona.com\/actualidad\/pamplona-mejorara-la-ventilacion-del-fronton-labrit-con-una-inversion-de-mas-de-138-300-euros\/#primaryimage"},"thumbnailUrl":"https:\/\/www.laguiadepamplona.com\/actualidad\/wp-content\/uploads\/2023\/09\/fronton_labrit_3.webp","articleSection":["Ayto Pamplona"],"inLanguage":"es","potentialAction":[{"@type":"CommentAction","name":"Comment","target":["https:\/\/www.laguiadepamplona.com\/actualidad\/pamplona-mejorara-la-ventilacion-del-fronton-labrit-con-una-inversion-de-mas-de-138-300-euros\/#respond"]}]},{"@type":"WebPage","@id":"https:\/\/www.laguiadepamplona.com\/actualidad\/pamplona-mejorara-la-ventilacion-del-fronton-labrit-con-una-inversion-de-mas-de-138-300-euros\/","url":"https:\/\/www.laguiadepamplona.com\/actualidad\/pamplona-mejorara-la-ventilacion-del-fronton-labrit-con-una-inversion-de-mas-de-138-300-euros\/","name":"Pamplona mejorar\u00e1 la ventilaci\u00f3n del front\u00f3n Labrit con una inversi\u00f3n de m\u00e1s de 138.300 euros","isPartOf":{"@id":"https:\/\/www.laguiadepamplona.com\/actualidad\/#website"},"primaryImageOfPage":{"@id":"https:\/\/www.laguiadepamplona.com\/actualidad\/pamplona-mejorara-la-ventilacion-del-fronton-labrit-con-una-inversion-de-mas-de-138-300-euros\/#primaryimage"},"image":{"@id":"https:\/\/www.laguiadepamplona.com\/actualidad\/pamplona-mejorara-la-ventilacion-del-fronton-labrit-con-una-inversion-de-mas-de-138-300-euros\/#primaryimage"},"thumbnailUrl":"https:\/\/www.laguiadepamplona.com\/actualidad\/wp-content\/uploads\/2023\/09\/fronton_labrit_3.webp","datePublished":"2023-09-12T16:36:26+00:00","description":"Se abrir\u00e1n aireadores en la cubierta del front\u00f3n, que es de chapa y material transl\u00facido sin aislamiento, ante las altas temperaturas que alcanza\u00a0","breadcrumb":{"@id":"https:\/\/www.laguiadepamplona.com\/actualidad\/pamplona-mejorara-la-ventilacion-del-fronton-labrit-con-una-inversion-de-mas-de-138-300-euros\/#breadcrumb"},"inLanguage":"es","potentialAction":[{"@type":"ReadAction","target":["https:\/\/www.laguiadepamplona.com\/actualidad\/pamplona-mejorara-la-ventilacion-del-fronton-labrit-con-una-inversion-de-mas-de-138-300-euros\/"]}]},{"@type":"ImageObject","inLanguage":"es","@id":"https:\/\/www.laguiadepamplona.com\/actualidad\/pamplona-mejorara-la-ventilacion-del-fronton-labrit-con-una-inversion-de-mas-de-138-300-euros\/#primaryimage","url":"https:\/\/www.laguiadepamplona.com\/actualidad\/wp-content\/uploads\/2023\/09\/fronton_labrit_3.webp","contentUrl":"https:\/\/www.laguiadepamplona.com\/actualidad\/wp-content\/uploads\/2023\/09\/fronton_labrit_3.webp","width":1200,"height":786,"caption":"front\u00f3n labrit"},{"@type":"BreadcrumbList","@id":"https:\/\/www.laguiadepamplona.com\/actualidad\/pamplona-mejorara-la-ventilacion-del-fronton-labrit-con-una-inversion-de-mas-de-138-300-euros\/#breadcrumb","itemListElement":[{"@type":"ListItem","position":1,"name":"Portada","item":"https:\/\/www.laguiadepamplona.com\/actualidad\/"},{"@type":"ListItem","position":2,"name":"Pamplona mejorar\u00e1 la ventilaci\u00f3n del front\u00f3n Labrit con una inversi\u00f3n de m\u00e1s de 138.300 euros"}]},{"@type":"WebSite","@id":"https:\/\/www.laguiadepamplona.com\/actualidad\/#website","url":"https:\/\/www.laguiadepamplona.com\/actualidad\/","name":"La gu\u00eda de Pamplona","description":"Noticias de Pamplona","publisher":{"@id":"https:\/\/www.laguiadepamplona.com\/actualidad\/#organization"},"potentialAction":[{"@type":"SearchAction","target":{"@type":"EntryPoint","urlTemplate":"https:\/\/www.laguiadepamplona.com\/actualidad\/?s={search_term_string}"},"query-input":{"@type":"PropertyValueSpecification","valueRequired":true,"valueName":"search_term_string"}}],"inLanguage":"es"},{"@type":"Organization","@id":"https:\/\/www.laguiadepamplona.com\/actualidad\/#organization","name":"La Gu\u00eda de Pamplona \/ Noticias","url":"https:\/\/www.laguiadepamplona.com\/actualidad\/","logo":{"@type":"ImageObject","inLanguage":"es","@id":"https:\/\/www.laguiadepamplona.com\/actualidad\/#\/schema\/logo\/image\/","url":"https:\/\/www.laguiadepamplona.com\/actualidad\/wp-content\/uploads\/2018\/11\/logo-laguiadepamplona18-web1.png","contentUrl":"https:\/\/www.laguiadepamplona.com\/actualidad\/wp-content\/uploads\/2018\/11\/logo-laguiadepamplona18-web1.png","width":600,"height":196,"caption":"La Gu\u00eda de Pamplona \/ Noticias"},"image":{"@id":"https:\/\/www.laguiadepamplona.com\/actualidad\/#\/schema\/logo\/image\/"},"sameAs":["https:\/\/www.facebook.com\/laguiadepamplonacom-133175176762273\/?ref=hl","https:\/\/x.com\/LaGuiadPamplona","https:\/\/www.instagram.com\/la_guia_de_pamplona\/","https:\/\/www.youtube.com\/user\/laguiadepamplona"]},{"@type":"Person","@id":"https:\/\/www.laguiadepamplona.com\/actualidad\/#\/schema\/person\/efe887376f0213d4657c93adc50b1fdb","name":"La Gu\u00eda de Pamplona","image":{"@type":"ImageObject","inLanguage":"es","@id":"https:\/\/secure.gravatar.com\/avatar\/b6992f131dc8d30ab0dff15446e9d346d9dbd95992de0fef795073f5ea83a81c?s=96&d=mm&r=g","url":"https:\/\/secure.gravatar.com\/avatar\/b6992f131dc8d30ab0dff15446e9d346d9dbd95992de0fef795073f5ea83a81c?s=96&d=mm&r=g","contentUrl":"https:\/\/secure.gravatar.com\/avatar\/b6992f131dc8d30ab0dff15446e9d346d9dbd95992de0fef795073f5ea83a81c?s=96&d=mm&r=g","caption":"La Gu\u00eda de Pamplona"}}]}},"post_mailing_queue_ids":[],"_links":{"self":[{"href":"https:\/\/www.laguiadepamplona.com\/actualidad\/wp-json\/wp\/v2\/posts\/47335","targetHints":{"allow":["GET"]}}],"collection":[{"href":"https:\/\/www.laguiadepamplona.com\/actualidad\/wp-json\/wp\/v2\/posts"}],"about":[{"href":"https:\/\/www.laguiadepamplona.com\/actualidad\/wp-json\/wp\/v2\/types\/post"}],"author":[{"embeddable":true,"href":"https:\/\/www.laguiadepamplona.com\/actualidad\/wp-json\/wp\/v2\/users\/1"}],"replies":[{"embeddable":true,"href":"https:\/\/www.laguiadepamplona.com\/actualidad\/wp-json\/wp\/v2\/comments?post=47335"}],"version-history":[{"count":1,"href":"https:\/\/www.laguiadepamplona.com\/actualidad\/wp-json\/wp\/v2\/posts\/47335\/revisions"}],"predecessor-version":[{"id":47337,"href":"https:\/\/www.laguiadepamplona.com\/actualidad\/wp-json\/wp\/v2\/posts\/47335\/revisions\/47337"}],"wp:featuredmedia":[{"embeddable":true,"href":"https:\/\/www.laguiadepamplona.com\/actualidad\/wp-json\/wp\/v2\/media\/47336"}],"wp:attachment":[{"href":"https:\/\/www.laguiadepamplona.com\/actualidad\/wp-json\/wp\/v2\/media?parent=47335"}],"wp:term":[{"taxonomy":"category","embeddable":true,"href":"https:\/\/www.laguiadepamplona.com\/actualidad\/wp-json\/wp\/v2\/categories?post=47335"},{"taxonomy":"post_tag","embeddable":true,"href":"https:\/\/www.laguiadepamplona.com\/actualidad\/wp-json\/wp\/v2\/tags?post=47335"}],"curies":[{"name":"wp","href":"https:\/\/api.w.org\/{rel}","templated":true}]}}