{"id":47332,"date":"2023-09-12T18:33:46","date_gmt":"2023-09-12T16:33:46","guid":{"rendered":"https:\/\/www.laguiadepamplona.com\/actualidad\/?p=47332"},"modified":"2023-09-12T18:33:46","modified_gmt":"2023-09-12T16:33:46","slug":"pamplona-trabaja-en-un-plan-de-seguridad-y-convivencia-con-actuaciones-multisectoriales-que-garanticen-que-sea-una-ciudad-segura-libre-y-en-paz","status":"publish","type":"post","link":"https:\/\/www.laguiadepamplona.com\/actualidad\/pamplona-trabaja-en-un-plan-de-seguridad-y-convivencia-con-actuaciones-multisectoriales-que-garanticen-que-sea-una-ciudad-segura-libre-y-en-paz\/","title":{"rendered":"Pamplona trabaja en un Plan de Seguridad y Convivencia, con actuaciones multisectoriales, que garanticen que sea una ciudad segura, libre y en paz"},"content":{"rendered":"<h3>Se apuesta por tramitar una ordenanza de utilizaci\u00f3n del espacio p\u00fablico y por digitalizar tr\u00e1mites relacionados con el \u00e1rea de Seguridad Ciudadana<\/h3>\n<p><!--more--><\/p>\n<p>Un nuevo Plan de Seguridad y Convivencia, un Observatorio de Seguridad para analizar las denuncias, un Plan de Seguridad Vial con el objetivo de cero v\u00edctimas de accidentes de tr\u00e1fico en la ciudad o la tramitaci\u00f3n de una ordenanza de utilizaci\u00f3n del espacio p\u00fablico son algunas de las l\u00edneas de trabajo del \u00e1rea de Seguridad Ciudadana para esta legislatura que ha expuesto el concejal delegado de Seguridad Ciudadana, Javier Labairu, esta ma\u00f1ana en la Comisi\u00f3n de Presidencia.<\/p>\n<p>El objetivo pasa por garantizar que Pamplona siga siendo una ciudad segura, libre y en paz. Para ello, se ha apelado al trabajo planificado, al seguimiento continuo y al mayor di\u00e1logo y consenso posible en temas relevantes, con tres ejes de trabajo fundamentales: la seguridad ciudadana, la seguridad vial y la modernizaci\u00f3n de la administraci\u00f3n. El primer eje se centra en la seguridad ciudadana. Se est\u00e1 redactando un Plan de Seguridad y Convivencia, que contar\u00e1 con actuaciones claras y multisectoriales. Su objetivo principal es obtener una Polic\u00eda Municipal cercana a la ciudadan\u00eda, especializada y que trabaje en planes m\u00e1s amplios en colaboraci\u00f3n con otras \u00e1reas municipales y otras administraciones. Se recogen dos tipos de actuaciones, las propias de seguridad ciudadana y la actualizaci\u00f3n del Plan Director de Polic\u00eda Municipal.<br \/>\n<script async src=\"\/\/pagead2.googlesyndication.com\/pagead\/js\/adsbygoogle.js\"><\/script><br \/>\n<!-- Noticias La Guia de Pamplona --><br \/>\n<ins class=\"adsbygoogle\"\nstyle=\"display:block\"\ndata-ad-client=\"ca-pub-6943679897239327\"\ndata-ad-slot=\"7048180777\"\ndata-ad-format=\"auto\"><\/ins><br \/>\n<script>\n(adsbygoogle = window.adsbygoogle || []).push({});\n<\/script><\/p>\n<p>Se crear\u00e1 Observatorio de Seguridad donde se analicen todas las denuncias e incidentes acontecidos en Pamplona de forma regular y se planifiquen soluciones inmediatas y medidas preventivas a situaciones de violencia o delincuencia que se produzcan en Pamplona. Tambi\u00e9n se crear\u00e1 una Mesa de Coordinaci\u00f3n Policial, con representaci\u00f3n de todos los cuerpos policiales de la ciudad. Otras medidas pasan por la instalaci\u00f3n de c\u00e1maras de seguridad, medidas urban\u00edsticas de saneamiento de espacios degradados o la realizaci\u00f3n de un Pacto C\u00edvico y la creaci\u00f3n de una oficina municipal de convivencia. Pamplona seguir\u00e1 apostando por la participaci\u00f3n de la sociedad en la seguridad a trav\u00e9s de la polic\u00eda comunitaria y concejal\u00edas de barrio.<\/p>\n<p>Respecto a la actualizaci\u00f3n del Plan Director de la Polic\u00eda Municipal, se va a reorganizar el cuerpo local, adapt\u00e1ndolo a las actuales demandas de seguridad de la ciudadan\u00eda de Pamplona. Se cuantificar\u00e1n las necesidades reales de persona, con la inclusi\u00f3n de cronogramas de convocatorias de plazas, se planificar\u00e1 la formaci\u00f3n, se establecer\u00e1 un plan de acercamiento a la ciudadan\u00eda y se incluir\u00e1n las inversiones necesarias en las dependencias de la Polic\u00eda Municipal. El objetivo principal ser\u00e1 estabilizar el presupuesto m\u00ednimo anual. Adem\u00e1s, junto al resto de cuerpos de polic\u00eda locales, se deber\u00e1 redactar el Reglamento de Polic\u00edas Locales, contemplado en la Ley de Polic\u00edas de Navarra.<br \/>\n<script async src=\"\/\/pagead2.googlesyndication.com\/pagead\/js\/adsbygoogle.js\"><\/script><br \/>\n<!-- Noticias La Guia de Pamplona --><br \/>\n<ins class=\"adsbygoogle\"\nstyle=\"display:block\"\ndata-ad-client=\"ca-pub-6943679897239327\"\ndata-ad-slot=\"7048180777\"\ndata-ad-format=\"auto\"><\/ins><br \/>\n<script>\n(adsbygoogle = window.adsbygoogle || []).push({});\n<\/script><\/p>\n<p><strong>Medidas f\u00edsicas y pasivas para aumentar la seguridad vial<\/strong><\/p>\n<p>En cuanto a la seguridad vial, el trabajo se encamina a la visi\u00f3n cero de v\u00edctimas por accidentes de tr\u00e1fico. Ser\u00e1 un trabajo planificado mediante la realizaci\u00f3n de un plan de Seguridad Vial, que prestar\u00e1 especial atenci\u00f3n a los nuevos accidentes que est\u00e1n surgiendo con motivo del incremento en el uso de la bicicleta y los VMP.<\/p>\n<p>El plan implementar\u00e1 medidas f\u00edsicas y pasivas. En las medidas f\u00edsicas y estudios, se extender\u00e1 la figura de los entornos escolares seguros a otros entornos como los centros de salud y el resto de edificios p\u00fablicos; se generar\u00e1n corredores peatonales seguros que nos unan todos los barrios con el centro de la ciudad, se ampliar\u00e1 los aparcamientos disuasorios; se explorar\u00e1 la posibilidad de ubicar aparcamientos en altura en lugares concretos de la ciudad; se realizar\u00e1 un estudio de aceras m\u00ednimas, con las consiguientes soluciones para la ciudad; y se continuar\u00e1n con las medidas de calmado de tr\u00e1fico.<\/p>\n<p>Las medidas pasivas incluyen la implantaci\u00f3n de un centro de gesti\u00f3n integral de tr\u00e1fico, en el que se incluyan adem\u00e1s de todos sistemas actuales (sem\u00e1foros, c\u00e1maras, espiras, radares, aforadores, \u2026), los aparcamientos disuasorios, resto de aparcamientos, zona regulada y todos los sistemas que emanen de la puesta en marcha de la zona de bajas emisiones y de las zonas de acceso controlado. Se modificar\u00e1 la Ordenanza de Movilidad para adecuar la circulaci\u00f3n de los VMP a la normativa de tr\u00e1fico, se extender\u00e1 la formaci\u00f3n en educaci\u00f3n vial a todos los colectivos y se realizar\u00e1n nuevas campa\u00f1as de prevenci\u00f3n de accidentes.<br \/>\n<script async src=\"\/\/pagead2.googlesyndication.com\/pagead\/js\/adsbygoogle.js\"><\/script><br \/>\n<!-- Noticias La Guia de Pamplona --><br \/>\n<ins class=\"adsbygoogle\"\nstyle=\"display:block\"\ndata-ad-client=\"ca-pub-6943679897239327\"\ndata-ad-slot=\"7048180777\"\ndata-ad-format=\"auto\"><\/ins><br \/>\n<script>\n(adsbygoogle = window.adsbygoogle || []).push({});\n<\/script><\/p>\n<p><strong>Modernizaci\u00f3n y digitalizaci\u00f3n de los procedimientos<\/strong><\/p>\n<p>En la actualidad hay m\u00e1s de 20 procedimientos, de los que se puede hacer una gesti\u00f3n m\u00e1s innovadora aprovechando las nuevas tecnolog\u00edas. Se trata de tr\u00e1mites como las reservas de espacio, baja de veh\u00edculos abandonados, tramitaci\u00f3n de tarjetas de discapacidad, expedientes sancionadores, objetos perdidos, autorizaciones de veh\u00edculos especiales\u2026<\/p>\n<p>Se prev\u00e9, adem\u00e1s, comenzar la tramitaci\u00f3n de una ordenanza de utilizaci\u00f3n del espacio p\u00fablico, que sustituya a la resoluci\u00f3n de 2005 que rige en la actualidad, y revisar la ordenanza de terrazas. En este aspecto, se apuesta por la georreferenciaci\u00f3n en la web municipal de las terrazas de hosteler\u00eda para que cualquier persona pueda consultar sus caracter\u00edsticas, mesas autorizadas y ocupaci\u00f3n de v\u00eda p\u00fablica.<\/p>\n<p>El \u00e1rea quiere implantar innovaciones tecnol\u00f3gicas para el tr\u00e1fico inteligente, que recoja todo tipo de informaci\u00f3n e incidencias. Se proponen crear una aplicaci\u00f3n m\u00f3vil con las plazas libres de aparcamiento, tanto en disuasorios como en subterr\u00e1neos y v\u00eda p\u00fablica, y un sistema de informaci\u00f3n para plazas de carga y descarga y para plazas destinadas a personas con movilidad reducida. Se incluir\u00e1, tambi\u00e9n, la posibilidad de pago con tarjeta en los parqu\u00edmetros.<\/p>\n","protected":false},"excerpt":{"rendered":"<p>Se apuesta por tramitar una ordenanza de utilizaci\u00f3n del espacio p\u00fablico y por digitalizar tr\u00e1mites relacionados con el \u00e1rea de Seguridad Ciudadana<\/p>\n","protected":false},"author":1,"featured_media":47333,"comment_status":"open","ping_status":"closed","sticky":false,"template":"","format":"standard","meta":{"footnotes":""},"categories":[2],"tags":[],"class_list":["post-47332","post","type-post","status-publish","format-standard","has-post-thumbnail","hentry","category-ayuntamiento-pamplona"],"yoast_head":"<!-- This site is optimized with the Yoast SEO plugin v27.3 - https:\/\/yoast.com\/product\/yoast-seo-wordpress\/ -->\n<title>Pamplona trabaja en un Plan de Seguridad y Convivencia, con actuaciones multisectoriales, que garanticen que sea una ciudad segura, libre y en paz<\/title>\n<meta name=\"description\" content=\"Se apuesta por tramitar una ordenanza de utilizaci\u00f3n del espacio p\u00fablico y por digitalizar tr\u00e1mites relacionados con el \u00e1rea de Seguridad Ciudadana\" \/>\n<meta name=\"robots\" content=\"index, follow, max-snippet:-1, max-image-preview:large, max-video-preview:-1\" \/>\n<link rel=\"canonical\" href=\"https:\/\/www.laguiadepamplona.com\/actualidad\/pamplona-trabaja-en-un-plan-de-seguridad-y-convivencia-con-actuaciones-multisectoriales-que-garanticen-que-sea-una-ciudad-segura-libre-y-en-paz\/\" \/>\n<meta property=\"og:locale\" content=\"es_ES\" \/>\n<meta property=\"og:type\" content=\"article\" \/>\n<meta property=\"og:title\" content=\"Pamplona trabaja en un Plan de Seguridad y Convivencia, con actuaciones multisectoriales, que garanticen que sea una ciudad segura, libre y en paz\" \/>\n<meta property=\"og:description\" content=\"Se apuesta por tramitar una ordenanza de utilizaci\u00f3n del espacio p\u00fablico y por digitalizar tr\u00e1mites relacionados con el \u00e1rea de Seguridad Ciudadana\" \/>\n<meta property=\"og:url\" content=\"https:\/\/www.laguiadepamplona.com\/actualidad\/pamplona-trabaja-en-un-plan-de-seguridad-y-convivencia-con-actuaciones-multisectoriales-que-garanticen-que-sea-una-ciudad-segura-libre-y-en-paz\/\" \/>\n<meta property=\"og:site_name\" content=\"La Gu\u00eda de Pamplona\" \/>\n<meta property=\"article:publisher\" content=\"https:\/\/www.facebook.com\/laguiadepamplonacom-133175176762273\/?ref=hl\" \/>\n<meta property=\"article:published_time\" content=\"2023-09-12T16:33:46+00:00\" \/>\n<meta property=\"og:image\" content=\"https:\/\/www.laguiadepamplona.com\/actualidad\/wp-content\/uploads\/2023\/09\/bicicleta-policia-municipal-patrullaje-bicipoli.webp\" \/>\n\t<meta property=\"og:image:width\" content=\"986\" \/>\n\t<meta property=\"og:image:height\" content=\"658\" \/>\n\t<meta property=\"og:image:type\" content=\"image\/webp\" \/>\n<meta name=\"author\" content=\"La Gu\u00eda de Pamplona\" \/>\n<meta name=\"twitter:card\" content=\"summary_large_image\" \/>\n<meta name=\"twitter:creator\" content=\"@LaGuiadPamplona\" \/>\n<meta name=\"twitter:site\" content=\"@LaGuiadPamplona\" \/>\n<meta name=\"twitter:label1\" content=\"Escrito por\" \/>\n\t<meta name=\"twitter:data1\" content=\"La Gu\u00eda de Pamplona\" \/>\n\t<meta name=\"twitter:label2\" content=\"Tiempo de lectura\" \/>\n\t<meta name=\"twitter:data2\" content=\"5 minutos\" \/>\n<script type=\"application\/ld+json\" class=\"yoast-schema-graph\">{\"@context\":\"https:\\\/\\\/schema.org\",\"@graph\":[{\"@type\":\"Article\",\"@id\":\"https:\\\/\\\/www.laguiadepamplona.com\\\/actualidad\\\/pamplona-trabaja-en-un-plan-de-seguridad-y-convivencia-con-actuaciones-multisectoriales-que-garanticen-que-sea-una-ciudad-segura-libre-y-en-paz\\\/#article\",\"isPartOf\":{\"@id\":\"https:\\\/\\\/www.laguiadepamplona.com\\\/actualidad\\\/pamplona-trabaja-en-un-plan-de-seguridad-y-convivencia-con-actuaciones-multisectoriales-que-garanticen-que-sea-una-ciudad-segura-libre-y-en-paz\\\/\"},\"author\":{\"name\":\"La Gu\u00eda de Pamplona\",\"@id\":\"https:\\\/\\\/www.laguiadepamplona.com\\\/actualidad\\\/#\\\/schema\\\/person\\\/efe887376f0213d4657c93adc50b1fdb\"},\"headline\":\"Pamplona trabaja en un Plan de Seguridad y Convivencia, con actuaciones multisectoriales, que garanticen que sea una ciudad segura, libre y en paz\",\"datePublished\":\"2023-09-12T16:33:46+00:00\",\"mainEntityOfPage\":{\"@id\":\"https:\\\/\\\/www.laguiadepamplona.com\\\/actualidad\\\/pamplona-trabaja-en-un-plan-de-seguridad-y-convivencia-con-actuaciones-multisectoriales-que-garanticen-que-sea-una-ciudad-segura-libre-y-en-paz\\\/\"},\"wordCount\":1024,\"commentCount\":0,\"publisher\":{\"@id\":\"https:\\\/\\\/www.laguiadepamplona.com\\\/actualidad\\\/#organization\"},\"image\":{\"@id\":\"https:\\\/\\\/www.laguiadepamplona.com\\\/actualidad\\\/pamplona-trabaja-en-un-plan-de-seguridad-y-convivencia-con-actuaciones-multisectoriales-que-garanticen-que-sea-una-ciudad-segura-libre-y-en-paz\\\/#primaryimage\"},\"thumbnailUrl\":\"https:\\\/\\\/www.laguiadepamplona.com\\\/actualidad\\\/wp-content\\\/uploads\\\/2023\\\/09\\\/bicicleta-policia-municipal-patrullaje-bicipoli.webp\",\"articleSection\":[\"Ayto Pamplona\"],\"inLanguage\":\"es\",\"potentialAction\":[{\"@type\":\"CommentAction\",\"name\":\"Comment\",\"target\":[\"https:\\\/\\\/www.laguiadepamplona.com\\\/actualidad\\\/pamplona-trabaja-en-un-plan-de-seguridad-y-convivencia-con-actuaciones-multisectoriales-que-garanticen-que-sea-una-ciudad-segura-libre-y-en-paz\\\/#respond\"]}]},{\"@type\":\"WebPage\",\"@id\":\"https:\\\/\\\/www.laguiadepamplona.com\\\/actualidad\\\/pamplona-trabaja-en-un-plan-de-seguridad-y-convivencia-con-actuaciones-multisectoriales-que-garanticen-que-sea-una-ciudad-segura-libre-y-en-paz\\\/\",\"url\":\"https:\\\/\\\/www.laguiadepamplona.com\\\/actualidad\\\/pamplona-trabaja-en-un-plan-de-seguridad-y-convivencia-con-actuaciones-multisectoriales-que-garanticen-que-sea-una-ciudad-segura-libre-y-en-paz\\\/\",\"name\":\"Pamplona trabaja en un Plan de Seguridad y Convivencia, con actuaciones multisectoriales, que garanticen que sea una ciudad segura, libre y en paz\",\"isPartOf\":{\"@id\":\"https:\\\/\\\/www.laguiadepamplona.com\\\/actualidad\\\/#website\"},\"primaryImageOfPage\":{\"@id\":\"https:\\\/\\\/www.laguiadepamplona.com\\\/actualidad\\\/pamplona-trabaja-en-un-plan-de-seguridad-y-convivencia-con-actuaciones-multisectoriales-que-garanticen-que-sea-una-ciudad-segura-libre-y-en-paz\\\/#primaryimage\"},\"image\":{\"@id\":\"https:\\\/\\\/www.laguiadepamplona.com\\\/actualidad\\\/pamplona-trabaja-en-un-plan-de-seguridad-y-convivencia-con-actuaciones-multisectoriales-que-garanticen-que-sea-una-ciudad-segura-libre-y-en-paz\\\/#primaryimage\"},\"thumbnailUrl\":\"https:\\\/\\\/www.laguiadepamplona.com\\\/actualidad\\\/wp-content\\\/uploads\\\/2023\\\/09\\\/bicicleta-policia-municipal-patrullaje-bicipoli.webp\",\"datePublished\":\"2023-09-12T16:33:46+00:00\",\"description\":\"Se apuesta por tramitar una ordenanza de utilizaci\u00f3n del espacio p\u00fablico y por digitalizar tr\u00e1mites relacionados con el \u00e1rea de Seguridad Ciudadana\",\"breadcrumb\":{\"@id\":\"https:\\\/\\\/www.laguiadepamplona.com\\\/actualidad\\\/pamplona-trabaja-en-un-plan-de-seguridad-y-convivencia-con-actuaciones-multisectoriales-que-garanticen-que-sea-una-ciudad-segura-libre-y-en-paz\\\/#breadcrumb\"},\"inLanguage\":\"es\",\"potentialAction\":[{\"@type\":\"ReadAction\",\"target\":[\"https:\\\/\\\/www.laguiadepamplona.com\\\/actualidad\\\/pamplona-trabaja-en-un-plan-de-seguridad-y-convivencia-con-actuaciones-multisectoriales-que-garanticen-que-sea-una-ciudad-segura-libre-y-en-paz\\\/\"]}]},{\"@type\":\"ImageObject\",\"inLanguage\":\"es\",\"@id\":\"https:\\\/\\\/www.laguiadepamplona.com\\\/actualidad\\\/pamplona-trabaja-en-un-plan-de-seguridad-y-convivencia-con-actuaciones-multisectoriales-que-garanticen-que-sea-una-ciudad-segura-libre-y-en-paz\\\/#primaryimage\",\"url\":\"https:\\\/\\\/www.laguiadepamplona.com\\\/actualidad\\\/wp-content\\\/uploads\\\/2023\\\/09\\\/bicicleta-policia-municipal-patrullaje-bicipoli.webp\",\"contentUrl\":\"https:\\\/\\\/www.laguiadepamplona.com\\\/actualidad\\\/wp-content\\\/uploads\\\/2023\\\/09\\\/bicicleta-policia-municipal-patrullaje-bicipoli.webp\",\"width\":986,\"height\":658,\"caption\":\"bicicleta polic\u00eda municipal\"},{\"@type\":\"BreadcrumbList\",\"@id\":\"https:\\\/\\\/www.laguiadepamplona.com\\\/actualidad\\\/pamplona-trabaja-en-un-plan-de-seguridad-y-convivencia-con-actuaciones-multisectoriales-que-garanticen-que-sea-una-ciudad-segura-libre-y-en-paz\\\/#breadcrumb\",\"itemListElement\":[{\"@type\":\"ListItem\",\"position\":1,\"name\":\"Portada\",\"item\":\"https:\\\/\\\/www.laguiadepamplona.com\\\/actualidad\\\/\"},{\"@type\":\"ListItem\",\"position\":2,\"name\":\"Pamplona trabaja en un Plan de Seguridad y Convivencia, con actuaciones multisectoriales, que garanticen que sea una ciudad segura, libre y en paz\"}]},{\"@type\":\"WebSite\",\"@id\":\"https:\\\/\\\/www.laguiadepamplona.com\\\/actualidad\\\/#website\",\"url\":\"https:\\\/\\\/www.laguiadepamplona.com\\\/actualidad\\\/\",\"name\":\"La gu\u00eda de Pamplona\",\"description\":\"Noticias de Pamplona\",\"publisher\":{\"@id\":\"https:\\\/\\\/www.laguiadepamplona.com\\\/actualidad\\\/#organization\"},\"potentialAction\":[{\"@type\":\"SearchAction\",\"target\":{\"@type\":\"EntryPoint\",\"urlTemplate\":\"https:\\\/\\\/www.laguiadepamplona.com\\\/actualidad\\\/?s={search_term_string}\"},\"query-input\":{\"@type\":\"PropertyValueSpecification\",\"valueRequired\":true,\"valueName\":\"search_term_string\"}}],\"inLanguage\":\"es\"},{\"@type\":\"Organization\",\"@id\":\"https:\\\/\\\/www.laguiadepamplona.com\\\/actualidad\\\/#organization\",\"name\":\"La Gu\u00eda de Pamplona \\\/ Noticias\",\"url\":\"https:\\\/\\\/www.laguiadepamplona.com\\\/actualidad\\\/\",\"logo\":{\"@type\":\"ImageObject\",\"inLanguage\":\"es\",\"@id\":\"https:\\\/\\\/www.laguiadepamplona.com\\\/actualidad\\\/#\\\/schema\\\/logo\\\/image\\\/\",\"url\":\"https:\\\/\\\/www.laguiadepamplona.com\\\/actualidad\\\/wp-content\\\/uploads\\\/2018\\\/11\\\/logo-laguiadepamplona18-web1.png\",\"contentUrl\":\"https:\\\/\\\/www.laguiadepamplona.com\\\/actualidad\\\/wp-content\\\/uploads\\\/2018\\\/11\\\/logo-laguiadepamplona18-web1.png\",\"width\":600,\"height\":196,\"caption\":\"La Gu\u00eda de Pamplona \\\/ Noticias\"},\"image\":{\"@id\":\"https:\\\/\\\/www.laguiadepamplona.com\\\/actualidad\\\/#\\\/schema\\\/logo\\\/image\\\/\"},\"sameAs\":[\"https:\\\/\\\/www.facebook.com\\\/laguiadepamplonacom-133175176762273\\\/?ref=hl\",\"https:\\\/\\\/x.com\\\/LaGuiadPamplona\",\"https:\\\/\\\/www.instagram.com\\\/la_guia_de_pamplona\\\/\",\"https:\\\/\\\/www.youtube.com\\\/user\\\/laguiadepamplona\"]},{\"@type\":\"Person\",\"@id\":\"https:\\\/\\\/www.laguiadepamplona.com\\\/actualidad\\\/#\\\/schema\\\/person\\\/efe887376f0213d4657c93adc50b1fdb\",\"name\":\"La Gu\u00eda de Pamplona\",\"image\":{\"@type\":\"ImageObject\",\"inLanguage\":\"es\",\"@id\":\"https:\\\/\\\/secure.gravatar.com\\\/avatar\\\/b6992f131dc8d30ab0dff15446e9d346d9dbd95992de0fef795073f5ea83a81c?s=96&d=mm&r=g\",\"url\":\"https:\\\/\\\/secure.gravatar.com\\\/avatar\\\/b6992f131dc8d30ab0dff15446e9d346d9dbd95992de0fef795073f5ea83a81c?s=96&d=mm&r=g\",\"contentUrl\":\"https:\\\/\\\/secure.gravatar.com\\\/avatar\\\/b6992f131dc8d30ab0dff15446e9d346d9dbd95992de0fef795073f5ea83a81c?s=96&d=mm&r=g\",\"caption\":\"La Gu\u00eda de Pamplona\"}}]}<\/script>\n<!-- \/ Yoast SEO plugin. -->","yoast_head_json":{"title":"Pamplona trabaja en un Plan de Seguridad y Convivencia, con actuaciones multisectoriales, que garanticen que sea una ciudad segura, libre y en paz","description":"Se apuesta por tramitar una ordenanza de utilizaci\u00f3n del espacio p\u00fablico y por digitalizar tr\u00e1mites relacionados con el \u00e1rea de Seguridad Ciudadana","robots":{"index":"index","follow":"follow","max-snippet":"max-snippet:-1","max-image-preview":"max-image-preview:large","max-video-preview":"max-video-preview:-1"},"canonical":"https:\/\/www.laguiadepamplona.com\/actualidad\/pamplona-trabaja-en-un-plan-de-seguridad-y-convivencia-con-actuaciones-multisectoriales-que-garanticen-que-sea-una-ciudad-segura-libre-y-en-paz\/","og_locale":"es_ES","og_type":"article","og_title":"Pamplona trabaja en un Plan de Seguridad y Convivencia, con actuaciones multisectoriales, que garanticen que sea una ciudad segura, libre y en paz","og_description":"Se apuesta por tramitar una ordenanza de utilizaci\u00f3n del espacio p\u00fablico y por digitalizar tr\u00e1mites relacionados con el \u00e1rea de Seguridad Ciudadana","og_url":"https:\/\/www.laguiadepamplona.com\/actualidad\/pamplona-trabaja-en-un-plan-de-seguridad-y-convivencia-con-actuaciones-multisectoriales-que-garanticen-que-sea-una-ciudad-segura-libre-y-en-paz\/","og_site_name":"La Gu\u00eda de Pamplona","article_publisher":"https:\/\/www.facebook.com\/laguiadepamplonacom-133175176762273\/?ref=hl","article_published_time":"2023-09-12T16:33:46+00:00","og_image":[{"width":986,"height":658,"url":"https:\/\/www.laguiadepamplona.com\/actualidad\/wp-content\/uploads\/2023\/09\/bicicleta-policia-municipal-patrullaje-bicipoli.webp","type":"image\/webp"}],"author":"La Gu\u00eda de Pamplona","twitter_card":"summary_large_image","twitter_creator":"@LaGuiadPamplona","twitter_site":"@LaGuiadPamplona","twitter_misc":{"Escrito por":"La Gu\u00eda de Pamplona","Tiempo de lectura":"5 minutos"},"schema":{"@context":"https:\/\/schema.org","@graph":[{"@type":"Article","@id":"https:\/\/www.laguiadepamplona.com\/actualidad\/pamplona-trabaja-en-un-plan-de-seguridad-y-convivencia-con-actuaciones-multisectoriales-que-garanticen-que-sea-una-ciudad-segura-libre-y-en-paz\/#article","isPartOf":{"@id":"https:\/\/www.laguiadepamplona.com\/actualidad\/pamplona-trabaja-en-un-plan-de-seguridad-y-convivencia-con-actuaciones-multisectoriales-que-garanticen-que-sea-una-ciudad-segura-libre-y-en-paz\/"},"author":{"name":"La Gu\u00eda de Pamplona","@id":"https:\/\/www.laguiadepamplona.com\/actualidad\/#\/schema\/person\/efe887376f0213d4657c93adc50b1fdb"},"headline":"Pamplona trabaja en un Plan de Seguridad y Convivencia, con actuaciones multisectoriales, que garanticen que sea una ciudad segura, libre y en paz","datePublished":"2023-09-12T16:33:46+00:00","mainEntityOfPage":{"@id":"https:\/\/www.laguiadepamplona.com\/actualidad\/pamplona-trabaja-en-un-plan-de-seguridad-y-convivencia-con-actuaciones-multisectoriales-que-garanticen-que-sea-una-ciudad-segura-libre-y-en-paz\/"},"wordCount":1024,"commentCount":0,"publisher":{"@id":"https:\/\/www.laguiadepamplona.com\/actualidad\/#organization"},"image":{"@id":"https:\/\/www.laguiadepamplona.com\/actualidad\/pamplona-trabaja-en-un-plan-de-seguridad-y-convivencia-con-actuaciones-multisectoriales-que-garanticen-que-sea-una-ciudad-segura-libre-y-en-paz\/#primaryimage"},"thumbnailUrl":"https:\/\/www.laguiadepamplona.com\/actualidad\/wp-content\/uploads\/2023\/09\/bicicleta-policia-municipal-patrullaje-bicipoli.webp","articleSection":["Ayto Pamplona"],"inLanguage":"es","potentialAction":[{"@type":"CommentAction","name":"Comment","target":["https:\/\/www.laguiadepamplona.com\/actualidad\/pamplona-trabaja-en-un-plan-de-seguridad-y-convivencia-con-actuaciones-multisectoriales-que-garanticen-que-sea-una-ciudad-segura-libre-y-en-paz\/#respond"]}]},{"@type":"WebPage","@id":"https:\/\/www.laguiadepamplona.com\/actualidad\/pamplona-trabaja-en-un-plan-de-seguridad-y-convivencia-con-actuaciones-multisectoriales-que-garanticen-que-sea-una-ciudad-segura-libre-y-en-paz\/","url":"https:\/\/www.laguiadepamplona.com\/actualidad\/pamplona-trabaja-en-un-plan-de-seguridad-y-convivencia-con-actuaciones-multisectoriales-que-garanticen-que-sea-una-ciudad-segura-libre-y-en-paz\/","name":"Pamplona trabaja en un Plan de Seguridad y Convivencia, con actuaciones multisectoriales, que garanticen que sea una ciudad segura, libre y en paz","isPartOf":{"@id":"https:\/\/www.laguiadepamplona.com\/actualidad\/#website"},"primaryImageOfPage":{"@id":"https:\/\/www.laguiadepamplona.com\/actualidad\/pamplona-trabaja-en-un-plan-de-seguridad-y-convivencia-con-actuaciones-multisectoriales-que-garanticen-que-sea-una-ciudad-segura-libre-y-en-paz\/#primaryimage"},"image":{"@id":"https:\/\/www.laguiadepamplona.com\/actualidad\/pamplona-trabaja-en-un-plan-de-seguridad-y-convivencia-con-actuaciones-multisectoriales-que-garanticen-que-sea-una-ciudad-segura-libre-y-en-paz\/#primaryimage"},"thumbnailUrl":"https:\/\/www.laguiadepamplona.com\/actualidad\/wp-content\/uploads\/2023\/09\/bicicleta-policia-municipal-patrullaje-bicipoli.webp","datePublished":"2023-09-12T16:33:46+00:00","description":"Se apuesta por tramitar una ordenanza de utilizaci\u00f3n del espacio p\u00fablico y por digitalizar tr\u00e1mites relacionados con el \u00e1rea de Seguridad Ciudadana","breadcrumb":{"@id":"https:\/\/www.laguiadepamplona.com\/actualidad\/pamplona-trabaja-en-un-plan-de-seguridad-y-convivencia-con-actuaciones-multisectoriales-que-garanticen-que-sea-una-ciudad-segura-libre-y-en-paz\/#breadcrumb"},"inLanguage":"es","potentialAction":[{"@type":"ReadAction","target":["https:\/\/www.laguiadepamplona.com\/actualidad\/pamplona-trabaja-en-un-plan-de-seguridad-y-convivencia-con-actuaciones-multisectoriales-que-garanticen-que-sea-una-ciudad-segura-libre-y-en-paz\/"]}]},{"@type":"ImageObject","inLanguage":"es","@id":"https:\/\/www.laguiadepamplona.com\/actualidad\/pamplona-trabaja-en-un-plan-de-seguridad-y-convivencia-con-actuaciones-multisectoriales-que-garanticen-que-sea-una-ciudad-segura-libre-y-en-paz\/#primaryimage","url":"https:\/\/www.laguiadepamplona.com\/actualidad\/wp-content\/uploads\/2023\/09\/bicicleta-policia-municipal-patrullaje-bicipoli.webp","contentUrl":"https:\/\/www.laguiadepamplona.com\/actualidad\/wp-content\/uploads\/2023\/09\/bicicleta-policia-municipal-patrullaje-bicipoli.webp","width":986,"height":658,"caption":"bicicleta polic\u00eda municipal"},{"@type":"BreadcrumbList","@id":"https:\/\/www.laguiadepamplona.com\/actualidad\/pamplona-trabaja-en-un-plan-de-seguridad-y-convivencia-con-actuaciones-multisectoriales-que-garanticen-que-sea-una-ciudad-segura-libre-y-en-paz\/#breadcrumb","itemListElement":[{"@type":"ListItem","position":1,"name":"Portada","item":"https:\/\/www.laguiadepamplona.com\/actualidad\/"},{"@type":"ListItem","position":2,"name":"Pamplona trabaja en un Plan de Seguridad y Convivencia, con actuaciones multisectoriales, que garanticen que sea una ciudad segura, libre y en paz"}]},{"@type":"WebSite","@id":"https:\/\/www.laguiadepamplona.com\/actualidad\/#website","url":"https:\/\/www.laguiadepamplona.com\/actualidad\/","name":"La gu\u00eda de Pamplona","description":"Noticias de Pamplona","publisher":{"@id":"https:\/\/www.laguiadepamplona.com\/actualidad\/#organization"},"potentialAction":[{"@type":"SearchAction","target":{"@type":"EntryPoint","urlTemplate":"https:\/\/www.laguiadepamplona.com\/actualidad\/?s={search_term_string}"},"query-input":{"@type":"PropertyValueSpecification","valueRequired":true,"valueName":"search_term_string"}}],"inLanguage":"es"},{"@type":"Organization","@id":"https:\/\/www.laguiadepamplona.com\/actualidad\/#organization","name":"La Gu\u00eda de Pamplona \/ Noticias","url":"https:\/\/www.laguiadepamplona.com\/actualidad\/","logo":{"@type":"ImageObject","inLanguage":"es","@id":"https:\/\/www.laguiadepamplona.com\/actualidad\/#\/schema\/logo\/image\/","url":"https:\/\/www.laguiadepamplona.com\/actualidad\/wp-content\/uploads\/2018\/11\/logo-laguiadepamplona18-web1.png","contentUrl":"https:\/\/www.laguiadepamplona.com\/actualidad\/wp-content\/uploads\/2018\/11\/logo-laguiadepamplona18-web1.png","width":600,"height":196,"caption":"La Gu\u00eda de Pamplona \/ Noticias"},"image":{"@id":"https:\/\/www.laguiadepamplona.com\/actualidad\/#\/schema\/logo\/image\/"},"sameAs":["https:\/\/www.facebook.com\/laguiadepamplonacom-133175176762273\/?ref=hl","https:\/\/x.com\/LaGuiadPamplona","https:\/\/www.instagram.com\/la_guia_de_pamplona\/","https:\/\/www.youtube.com\/user\/laguiadepamplona"]},{"@type":"Person","@id":"https:\/\/www.laguiadepamplona.com\/actualidad\/#\/schema\/person\/efe887376f0213d4657c93adc50b1fdb","name":"La Gu\u00eda de Pamplona","image":{"@type":"ImageObject","inLanguage":"es","@id":"https:\/\/secure.gravatar.com\/avatar\/b6992f131dc8d30ab0dff15446e9d346d9dbd95992de0fef795073f5ea83a81c?s=96&d=mm&r=g","url":"https:\/\/secure.gravatar.com\/avatar\/b6992f131dc8d30ab0dff15446e9d346d9dbd95992de0fef795073f5ea83a81c?s=96&d=mm&r=g","contentUrl":"https:\/\/secure.gravatar.com\/avatar\/b6992f131dc8d30ab0dff15446e9d346d9dbd95992de0fef795073f5ea83a81c?s=96&d=mm&r=g","caption":"La Gu\u00eda de Pamplona"}}]}},"post_mailing_queue_ids":[],"_links":{"self":[{"href":"https:\/\/www.laguiadepamplona.com\/actualidad\/wp-json\/wp\/v2\/posts\/47332","targetHints":{"allow":["GET"]}}],"collection":[{"href":"https:\/\/www.laguiadepamplona.com\/actualidad\/wp-json\/wp\/v2\/posts"}],"about":[{"href":"https:\/\/www.laguiadepamplona.com\/actualidad\/wp-json\/wp\/v2\/types\/post"}],"author":[{"embeddable":true,"href":"https:\/\/www.laguiadepamplona.com\/actualidad\/wp-json\/wp\/v2\/users\/1"}],"replies":[{"embeddable":true,"href":"https:\/\/www.laguiadepamplona.com\/actualidad\/wp-json\/wp\/v2\/comments?post=47332"}],"version-history":[{"count":1,"href":"https:\/\/www.laguiadepamplona.com\/actualidad\/wp-json\/wp\/v2\/posts\/47332\/revisions"}],"predecessor-version":[{"id":47334,"href":"https:\/\/www.laguiadepamplona.com\/actualidad\/wp-json\/wp\/v2\/posts\/47332\/revisions\/47334"}],"wp:featuredmedia":[{"embeddable":true,"href":"https:\/\/www.laguiadepamplona.com\/actualidad\/wp-json\/wp\/v2\/media\/47333"}],"wp:attachment":[{"href":"https:\/\/www.laguiadepamplona.com\/actualidad\/wp-json\/wp\/v2\/media?parent=47332"}],"wp:term":[{"taxonomy":"category","embeddable":true,"href":"https:\/\/www.laguiadepamplona.com\/actualidad\/wp-json\/wp\/v2\/categories?post=47332"},{"taxonomy":"post_tag","embeddable":true,"href":"https:\/\/www.laguiadepamplona.com\/actualidad\/wp-json\/wp\/v2\/tags?post=47332"}],"curies":[{"name":"wp","href":"https:\/\/api.w.org\/{rel}","templated":true}]}}