{"id":47329,"date":"2023-09-12T18:30:41","date_gmt":"2023-09-12T16:30:41","guid":{"rendered":"https:\/\/www.laguiadepamplona.com\/actualidad\/?p=47329"},"modified":"2023-09-12T18:30:41","modified_gmt":"2023-09-12T16:30:41","slug":"la-alcaldesa-de-pamplona-felicita-a-jose-santiago-martin-gomez-tras-ser-nombrado-nuevo-general-de-brigada-de-la-guardia-civil","status":"publish","type":"post","link":"https:\/\/www.laguiadepamplona.com\/actualidad\/la-alcaldesa-de-pamplona-felicita-a-jose-santiago-martin-gomez-tras-ser-nombrado-nuevo-general-de-brigada-de-la-guardia-civil\/","title":{"rendered":"La alcaldesa de Pamplona felicita a Jos\u00e9 Santiago Mart\u00edn G\u00f3mez, tras ser nombrado nuevo general de brigada de la Guardia Civil"},"content":{"rendered":"<h3>Desde marzo de 2018, Mart\u00edn G\u00f3mez ha sido jefe de la 9\u00aa Zona de la Guardia Civil de Navarra<\/h3>\n<p><!--more--><\/p>\n<p>La alcaldesa de Pamplona, Cristina Ibarrola, se ha reunido en su despacho de la Casa Consistorial con el nuevo general de brigada de la Guardia Civil, Jos\u00e9 Santiago Mart\u00edn G\u00f3mez, hasta ahora jefe de de la 9\u00aa Zona de la Guardia Civil en Navarra. La semana pasada la alcaldesa ya mantuvo un encuentro con su sustituto, el teniente coronel Jos\u00e9 Miguel Barbero Hern\u00e1ndez, que asumir\u00e1 el mando con car\u00e1cter interino.<br \/>\n<script async src=\"\/\/pagead2.googlesyndication.com\/pagead\/js\/adsbygoogle.js\"><\/script><br \/>\n<!-- Noticias La Guia de Pamplona --><br \/>\n<ins class=\"adsbygoogle\"\nstyle=\"display:block\"\ndata-ad-client=\"ca-pub-6943679897239327\"\ndata-ad-slot=\"7048180777\"\ndata-ad-format=\"auto\"><\/ins><br \/>\n<script>\n(adsbygoogle = window.adsbygoogle || []).push({});\n<\/script><\/p>\n<p>A finales del mes de agosto, el ministro del Interior, previa deliberaci\u00f3n del Consejo de Ministros, ha designado al coronel\u00a0Jos\u00e9 Santiago Mart\u00edn G\u00f3mez\u00a0como\u00a0nuevo general de brigada\u00a0de la Guardia Civil. En marzo de 2018 tom\u00f3 posesi\u00f3n como jefe de la 9\u00aa Zona de la Guardia Civil de Navarra, cargo que ha desempe\u00f1ado hasta su reciente nombramiento como general de brigada de la Benem\u00e9rita.<\/p>\n<p>Entre otras condecoraciones civiles y militares, tanto nacionales como internacionales, ha recibido la\u00a0Cruz de Plata al M\u00e9rito de la Guardia Civil, la Cruz del M\u00e9rito Militar, y de la Real y Militar Orden de San Hermenegildo; la Cruz con distintivo Blanco de la Orden del M\u00e9rito del Cuerpo de la Guardia Civil; la Cruz al M\u00e9rito Policial, y las medallas de la OTAN y de las Naciones Unidas.<\/p>\n","protected":false},"excerpt":{"rendered":"<p>Desde marzo de 2018, Mart\u00edn G\u00f3mez ha sido jefe de la 9\u00aa Zona de la Guardia Civil de Navarra<\/p>\n","protected":false},"author":1,"featured_media":47330,"comment_status":"open","ping_status":"closed","sticky":false,"template":"","format":"standard","meta":{"footnotes":""},"categories":[2],"tags":[],"class_list":["post-47329","post","type-post","status-publish","format-standard","has-post-thumbnail","hentry","category-ayuntamiento-pamplona"],"yoast_head":"<!-- This site is optimized with the Yoast SEO plugin v27.3 - https:\/\/yoast.com\/product\/yoast-seo-wordpress\/ -->\n<title>La alcaldesa de Pamplona felicita a Jos\u00e9 Santiago Mart\u00edn G\u00f3mez, tras ser nombrado nuevo general de brigada de la Guardia Civil<\/title>\n<meta name=\"description\" content=\"Desde marzo de 2018, Mart\u00edn G\u00f3mez ha sido jefe de la 9\u00aa Zona de la Guardia Civil de Navarra\" \/>\n<meta name=\"robots\" content=\"index, follow, max-snippet:-1, max-image-preview:large, max-video-preview:-1\" \/>\n<link rel=\"canonical\" href=\"https:\/\/www.laguiadepamplona.com\/actualidad\/la-alcaldesa-de-pamplona-felicita-a-jose-santiago-martin-gomez-tras-ser-nombrado-nuevo-general-de-brigada-de-la-guardia-civil\/\" \/>\n<meta property=\"og:locale\" content=\"es_ES\" \/>\n<meta property=\"og:type\" content=\"article\" \/>\n<meta property=\"og:title\" content=\"La alcaldesa de Pamplona felicita a Jos\u00e9 Santiago Mart\u00edn G\u00f3mez, tras ser nombrado nuevo general de brigada de la Guardia Civil\" \/>\n<meta property=\"og:description\" content=\"Desde marzo de 2018, Mart\u00edn G\u00f3mez ha sido jefe de la 9\u00aa Zona de la Guardia Civil de Navarra\" \/>\n<meta property=\"og:url\" content=\"https:\/\/www.laguiadepamplona.com\/actualidad\/la-alcaldesa-de-pamplona-felicita-a-jose-santiago-martin-gomez-tras-ser-nombrado-nuevo-general-de-brigada-de-la-guardia-civil\/\" \/>\n<meta property=\"og:site_name\" content=\"La Gu\u00eda de Pamplona\" \/>\n<meta property=\"article:publisher\" content=\"https:\/\/www.facebook.com\/laguiadepamplonacom-133175176762273\/?ref=hl\" \/>\n<meta property=\"article:published_time\" content=\"2023-09-12T16:30:41+00:00\" \/>\n<meta property=\"og:image\" content=\"https:\/\/www.laguiadepamplona.com\/actualidad\/wp-content\/uploads\/2023\/09\/despedidacoronelguardiacivile5a7148_0.webp\" \/>\n\t<meta property=\"og:image:width\" content=\"1200\" \/>\n\t<meta property=\"og:image:height\" content=\"800\" \/>\n\t<meta property=\"og:image:type\" content=\"image\/webp\" \/>\n<meta name=\"author\" content=\"La Gu\u00eda de Pamplona\" \/>\n<meta name=\"twitter:card\" content=\"summary_large_image\" \/>\n<meta name=\"twitter:creator\" content=\"@LaGuiadPamplona\" \/>\n<meta name=\"twitter:site\" content=\"@LaGuiadPamplona\" \/>\n<meta name=\"twitter:label1\" content=\"Escrito por\" \/>\n\t<meta name=\"twitter:data1\" content=\"La Gu\u00eda de Pamplona\" \/>\n\t<meta name=\"twitter:label2\" content=\"Tiempo de lectura\" \/>\n\t<meta name=\"twitter:data2\" content=\"2 minutos\" \/>\n<script type=\"application\/ld+json\" class=\"yoast-schema-graph\">{\"@context\":\"https:\\\/\\\/schema.org\",\"@graph\":[{\"@type\":\"Article\",\"@id\":\"https:\\\/\\\/www.laguiadepamplona.com\\\/actualidad\\\/la-alcaldesa-de-pamplona-felicita-a-jose-santiago-martin-gomez-tras-ser-nombrado-nuevo-general-de-brigada-de-la-guardia-civil\\\/#article\",\"isPartOf\":{\"@id\":\"https:\\\/\\\/www.laguiadepamplona.com\\\/actualidad\\\/la-alcaldesa-de-pamplona-felicita-a-jose-santiago-martin-gomez-tras-ser-nombrado-nuevo-general-de-brigada-de-la-guardia-civil\\\/\"},\"author\":{\"name\":\"La Gu\u00eda de Pamplona\",\"@id\":\"https:\\\/\\\/www.laguiadepamplona.com\\\/actualidad\\\/#\\\/schema\\\/person\\\/efe887376f0213d4657c93adc50b1fdb\"},\"headline\":\"La alcaldesa de Pamplona felicita a Jos\u00e9 Santiago Mart\u00edn G\u00f3mez, tras ser nombrado nuevo general de brigada de la Guardia Civil\",\"datePublished\":\"2023-09-12T16:30:41+00:00\",\"mainEntityOfPage\":{\"@id\":\"https:\\\/\\\/www.laguiadepamplona.com\\\/actualidad\\\/la-alcaldesa-de-pamplona-felicita-a-jose-santiago-martin-gomez-tras-ser-nombrado-nuevo-general-de-brigada-de-la-guardia-civil\\\/\"},\"wordCount\":258,\"commentCount\":0,\"publisher\":{\"@id\":\"https:\\\/\\\/www.laguiadepamplona.com\\\/actualidad\\\/#organization\"},\"image\":{\"@id\":\"https:\\\/\\\/www.laguiadepamplona.com\\\/actualidad\\\/la-alcaldesa-de-pamplona-felicita-a-jose-santiago-martin-gomez-tras-ser-nombrado-nuevo-general-de-brigada-de-la-guardia-civil\\\/#primaryimage\"},\"thumbnailUrl\":\"https:\\\/\\\/www.laguiadepamplona.com\\\/actualidad\\\/wp-content\\\/uploads\\\/2023\\\/09\\\/despedidacoronelguardiacivile5a7148_0.webp\",\"articleSection\":[\"Ayto Pamplona\"],\"inLanguage\":\"es\",\"potentialAction\":[{\"@type\":\"CommentAction\",\"name\":\"Comment\",\"target\":[\"https:\\\/\\\/www.laguiadepamplona.com\\\/actualidad\\\/la-alcaldesa-de-pamplona-felicita-a-jose-santiago-martin-gomez-tras-ser-nombrado-nuevo-general-de-brigada-de-la-guardia-civil\\\/#respond\"]}]},{\"@type\":\"WebPage\",\"@id\":\"https:\\\/\\\/www.laguiadepamplona.com\\\/actualidad\\\/la-alcaldesa-de-pamplona-felicita-a-jose-santiago-martin-gomez-tras-ser-nombrado-nuevo-general-de-brigada-de-la-guardia-civil\\\/\",\"url\":\"https:\\\/\\\/www.laguiadepamplona.com\\\/actualidad\\\/la-alcaldesa-de-pamplona-felicita-a-jose-santiago-martin-gomez-tras-ser-nombrado-nuevo-general-de-brigada-de-la-guardia-civil\\\/\",\"name\":\"La alcaldesa de Pamplona felicita a Jos\u00e9 Santiago Mart\u00edn G\u00f3mez, tras ser nombrado nuevo general de brigada de la Guardia Civil\",\"isPartOf\":{\"@id\":\"https:\\\/\\\/www.laguiadepamplona.com\\\/actualidad\\\/#website\"},\"primaryImageOfPage\":{\"@id\":\"https:\\\/\\\/www.laguiadepamplona.com\\\/actualidad\\\/la-alcaldesa-de-pamplona-felicita-a-jose-santiago-martin-gomez-tras-ser-nombrado-nuevo-general-de-brigada-de-la-guardia-civil\\\/#primaryimage\"},\"image\":{\"@id\":\"https:\\\/\\\/www.laguiadepamplona.com\\\/actualidad\\\/la-alcaldesa-de-pamplona-felicita-a-jose-santiago-martin-gomez-tras-ser-nombrado-nuevo-general-de-brigada-de-la-guardia-civil\\\/#primaryimage\"},\"thumbnailUrl\":\"https:\\\/\\\/www.laguiadepamplona.com\\\/actualidad\\\/wp-content\\\/uploads\\\/2023\\\/09\\\/despedidacoronelguardiacivile5a7148_0.webp\",\"datePublished\":\"2023-09-12T16:30:41+00:00\",\"description\":\"Desde marzo de 2018, Mart\u00edn G\u00f3mez ha sido jefe de la 9\u00aa Zona de la Guardia Civil de Navarra\",\"breadcrumb\":{\"@id\":\"https:\\\/\\\/www.laguiadepamplona.com\\\/actualidad\\\/la-alcaldesa-de-pamplona-felicita-a-jose-santiago-martin-gomez-tras-ser-nombrado-nuevo-general-de-brigada-de-la-guardia-civil\\\/#breadcrumb\"},\"inLanguage\":\"es\",\"potentialAction\":[{\"@type\":\"ReadAction\",\"target\":[\"https:\\\/\\\/www.laguiadepamplona.com\\\/actualidad\\\/la-alcaldesa-de-pamplona-felicita-a-jose-santiago-martin-gomez-tras-ser-nombrado-nuevo-general-de-brigada-de-la-guardia-civil\\\/\"]}]},{\"@type\":\"ImageObject\",\"inLanguage\":\"es\",\"@id\":\"https:\\\/\\\/www.laguiadepamplona.com\\\/actualidad\\\/la-alcaldesa-de-pamplona-felicita-a-jose-santiago-martin-gomez-tras-ser-nombrado-nuevo-general-de-brigada-de-la-guardia-civil\\\/#primaryimage\",\"url\":\"https:\\\/\\\/www.laguiadepamplona.com\\\/actualidad\\\/wp-content\\\/uploads\\\/2023\\\/09\\\/despedidacoronelguardiacivile5a7148_0.webp\",\"contentUrl\":\"https:\\\/\\\/www.laguiadepamplona.com\\\/actualidad\\\/wp-content\\\/uploads\\\/2023\\\/09\\\/despedidacoronelguardiacivile5a7148_0.webp\",\"width\":1200,\"height\":800,\"caption\":\"coronel guardia civil\"},{\"@type\":\"BreadcrumbList\",\"@id\":\"https:\\\/\\\/www.laguiadepamplona.com\\\/actualidad\\\/la-alcaldesa-de-pamplona-felicita-a-jose-santiago-martin-gomez-tras-ser-nombrado-nuevo-general-de-brigada-de-la-guardia-civil\\\/#breadcrumb\",\"itemListElement\":[{\"@type\":\"ListItem\",\"position\":1,\"name\":\"Portada\",\"item\":\"https:\\\/\\\/www.laguiadepamplona.com\\\/actualidad\\\/\"},{\"@type\":\"ListItem\",\"position\":2,\"name\":\"La alcaldesa de Pamplona felicita a Jos\u00e9 Santiago Mart\u00edn G\u00f3mez, tras ser nombrado nuevo general de brigada de la Guardia Civil\"}]},{\"@type\":\"WebSite\",\"@id\":\"https:\\\/\\\/www.laguiadepamplona.com\\\/actualidad\\\/#website\",\"url\":\"https:\\\/\\\/www.laguiadepamplona.com\\\/actualidad\\\/\",\"name\":\"La gu\u00eda de Pamplona\",\"description\":\"Noticias de Pamplona\",\"publisher\":{\"@id\":\"https:\\\/\\\/www.laguiadepamplona.com\\\/actualidad\\\/#organization\"},\"potentialAction\":[{\"@type\":\"SearchAction\",\"target\":{\"@type\":\"EntryPoint\",\"urlTemplate\":\"https:\\\/\\\/www.laguiadepamplona.com\\\/actualidad\\\/?s={search_term_string}\"},\"query-input\":{\"@type\":\"PropertyValueSpecification\",\"valueRequired\":true,\"valueName\":\"search_term_string\"}}],\"inLanguage\":\"es\"},{\"@type\":\"Organization\",\"@id\":\"https:\\\/\\\/www.laguiadepamplona.com\\\/actualidad\\\/#organization\",\"name\":\"La Gu\u00eda de Pamplona \\\/ Noticias\",\"url\":\"https:\\\/\\\/www.laguiadepamplona.com\\\/actualidad\\\/\",\"logo\":{\"@type\":\"ImageObject\",\"inLanguage\":\"es\",\"@id\":\"https:\\\/\\\/www.laguiadepamplona.com\\\/actualidad\\\/#\\\/schema\\\/logo\\\/image\\\/\",\"url\":\"https:\\\/\\\/www.laguiadepamplona.com\\\/actualidad\\\/wp-content\\\/uploads\\\/2018\\\/11\\\/logo-laguiadepamplona18-web1.png\",\"contentUrl\":\"https:\\\/\\\/www.laguiadepamplona.com\\\/actualidad\\\/wp-content\\\/uploads\\\/2018\\\/11\\\/logo-laguiadepamplona18-web1.png\",\"width\":600,\"height\":196,\"caption\":\"La Gu\u00eda de Pamplona \\\/ Noticias\"},\"image\":{\"@id\":\"https:\\\/\\\/www.laguiadepamplona.com\\\/actualidad\\\/#\\\/schema\\\/logo\\\/image\\\/\"},\"sameAs\":[\"https:\\\/\\\/www.facebook.com\\\/laguiadepamplonacom-133175176762273\\\/?ref=hl\",\"https:\\\/\\\/x.com\\\/LaGuiadPamplona\",\"https:\\\/\\\/www.instagram.com\\\/la_guia_de_pamplona\\\/\",\"https:\\\/\\\/www.youtube.com\\\/user\\\/laguiadepamplona\"]},{\"@type\":\"Person\",\"@id\":\"https:\\\/\\\/www.laguiadepamplona.com\\\/actualidad\\\/#\\\/schema\\\/person\\\/efe887376f0213d4657c93adc50b1fdb\",\"name\":\"La Gu\u00eda de Pamplona\",\"image\":{\"@type\":\"ImageObject\",\"inLanguage\":\"es\",\"@id\":\"https:\\\/\\\/secure.gravatar.com\\\/avatar\\\/b6992f131dc8d30ab0dff15446e9d346d9dbd95992de0fef795073f5ea83a81c?s=96&d=mm&r=g\",\"url\":\"https:\\\/\\\/secure.gravatar.com\\\/avatar\\\/b6992f131dc8d30ab0dff15446e9d346d9dbd95992de0fef795073f5ea83a81c?s=96&d=mm&r=g\",\"contentUrl\":\"https:\\\/\\\/secure.gravatar.com\\\/avatar\\\/b6992f131dc8d30ab0dff15446e9d346d9dbd95992de0fef795073f5ea83a81c?s=96&d=mm&r=g\",\"caption\":\"La Gu\u00eda de Pamplona\"}}]}<\/script>\n<!-- \/ Yoast SEO plugin. -->","yoast_head_json":{"title":"La alcaldesa de Pamplona felicita a Jos\u00e9 Santiago Mart\u00edn G\u00f3mez, tras ser nombrado nuevo general de brigada de la Guardia Civil","description":"Desde marzo de 2018, Mart\u00edn G\u00f3mez ha sido jefe de la 9\u00aa Zona de la Guardia Civil de Navarra","robots":{"index":"index","follow":"follow","max-snippet":"max-snippet:-1","max-image-preview":"max-image-preview:large","max-video-preview":"max-video-preview:-1"},"canonical":"https:\/\/www.laguiadepamplona.com\/actualidad\/la-alcaldesa-de-pamplona-felicita-a-jose-santiago-martin-gomez-tras-ser-nombrado-nuevo-general-de-brigada-de-la-guardia-civil\/","og_locale":"es_ES","og_type":"article","og_title":"La alcaldesa de Pamplona felicita a Jos\u00e9 Santiago Mart\u00edn G\u00f3mez, tras ser nombrado nuevo general de brigada de la Guardia Civil","og_description":"Desde marzo de 2018, Mart\u00edn G\u00f3mez ha sido jefe de la 9\u00aa Zona de la Guardia Civil de Navarra","og_url":"https:\/\/www.laguiadepamplona.com\/actualidad\/la-alcaldesa-de-pamplona-felicita-a-jose-santiago-martin-gomez-tras-ser-nombrado-nuevo-general-de-brigada-de-la-guardia-civil\/","og_site_name":"La Gu\u00eda de Pamplona","article_publisher":"https:\/\/www.facebook.com\/laguiadepamplonacom-133175176762273\/?ref=hl","article_published_time":"2023-09-12T16:30:41+00:00","og_image":[{"width":1200,"height":800,"url":"https:\/\/www.laguiadepamplona.com\/actualidad\/wp-content\/uploads\/2023\/09\/despedidacoronelguardiacivile5a7148_0.webp","type":"image\/webp"}],"author":"La Gu\u00eda de Pamplona","twitter_card":"summary_large_image","twitter_creator":"@LaGuiadPamplona","twitter_site":"@LaGuiadPamplona","twitter_misc":{"Escrito por":"La Gu\u00eda de Pamplona","Tiempo de lectura":"2 minutos"},"schema":{"@context":"https:\/\/schema.org","@graph":[{"@type":"Article","@id":"https:\/\/www.laguiadepamplona.com\/actualidad\/la-alcaldesa-de-pamplona-felicita-a-jose-santiago-martin-gomez-tras-ser-nombrado-nuevo-general-de-brigada-de-la-guardia-civil\/#article","isPartOf":{"@id":"https:\/\/www.laguiadepamplona.com\/actualidad\/la-alcaldesa-de-pamplona-felicita-a-jose-santiago-martin-gomez-tras-ser-nombrado-nuevo-general-de-brigada-de-la-guardia-civil\/"},"author":{"name":"La Gu\u00eda de Pamplona","@id":"https:\/\/www.laguiadepamplona.com\/actualidad\/#\/schema\/person\/efe887376f0213d4657c93adc50b1fdb"},"headline":"La alcaldesa de Pamplona felicita a Jos\u00e9 Santiago Mart\u00edn G\u00f3mez, tras ser nombrado nuevo general de brigada de la Guardia Civil","datePublished":"2023-09-12T16:30:41+00:00","mainEntityOfPage":{"@id":"https:\/\/www.laguiadepamplona.com\/actualidad\/la-alcaldesa-de-pamplona-felicita-a-jose-santiago-martin-gomez-tras-ser-nombrado-nuevo-general-de-brigada-de-la-guardia-civil\/"},"wordCount":258,"commentCount":0,"publisher":{"@id":"https:\/\/www.laguiadepamplona.com\/actualidad\/#organization"},"image":{"@id":"https:\/\/www.laguiadepamplona.com\/actualidad\/la-alcaldesa-de-pamplona-felicita-a-jose-santiago-martin-gomez-tras-ser-nombrado-nuevo-general-de-brigada-de-la-guardia-civil\/#primaryimage"},"thumbnailUrl":"https:\/\/www.laguiadepamplona.com\/actualidad\/wp-content\/uploads\/2023\/09\/despedidacoronelguardiacivile5a7148_0.webp","articleSection":["Ayto Pamplona"],"inLanguage":"es","potentialAction":[{"@type":"CommentAction","name":"Comment","target":["https:\/\/www.laguiadepamplona.com\/actualidad\/la-alcaldesa-de-pamplona-felicita-a-jose-santiago-martin-gomez-tras-ser-nombrado-nuevo-general-de-brigada-de-la-guardia-civil\/#respond"]}]},{"@type":"WebPage","@id":"https:\/\/www.laguiadepamplona.com\/actualidad\/la-alcaldesa-de-pamplona-felicita-a-jose-santiago-martin-gomez-tras-ser-nombrado-nuevo-general-de-brigada-de-la-guardia-civil\/","url":"https:\/\/www.laguiadepamplona.com\/actualidad\/la-alcaldesa-de-pamplona-felicita-a-jose-santiago-martin-gomez-tras-ser-nombrado-nuevo-general-de-brigada-de-la-guardia-civil\/","name":"La alcaldesa de Pamplona felicita a Jos\u00e9 Santiago Mart\u00edn G\u00f3mez, tras ser nombrado nuevo general de brigada de la Guardia Civil","isPartOf":{"@id":"https:\/\/www.laguiadepamplona.com\/actualidad\/#website"},"primaryImageOfPage":{"@id":"https:\/\/www.laguiadepamplona.com\/actualidad\/la-alcaldesa-de-pamplona-felicita-a-jose-santiago-martin-gomez-tras-ser-nombrado-nuevo-general-de-brigada-de-la-guardia-civil\/#primaryimage"},"image":{"@id":"https:\/\/www.laguiadepamplona.com\/actualidad\/la-alcaldesa-de-pamplona-felicita-a-jose-santiago-martin-gomez-tras-ser-nombrado-nuevo-general-de-brigada-de-la-guardia-civil\/#primaryimage"},"thumbnailUrl":"https:\/\/www.laguiadepamplona.com\/actualidad\/wp-content\/uploads\/2023\/09\/despedidacoronelguardiacivile5a7148_0.webp","datePublished":"2023-09-12T16:30:41+00:00","description":"Desde marzo de 2018, Mart\u00edn G\u00f3mez ha sido jefe de la 9\u00aa Zona de la Guardia Civil de Navarra","breadcrumb":{"@id":"https:\/\/www.laguiadepamplona.com\/actualidad\/la-alcaldesa-de-pamplona-felicita-a-jose-santiago-martin-gomez-tras-ser-nombrado-nuevo-general-de-brigada-de-la-guardia-civil\/#breadcrumb"},"inLanguage":"es","potentialAction":[{"@type":"ReadAction","target":["https:\/\/www.laguiadepamplona.com\/actualidad\/la-alcaldesa-de-pamplona-felicita-a-jose-santiago-martin-gomez-tras-ser-nombrado-nuevo-general-de-brigada-de-la-guardia-civil\/"]}]},{"@type":"ImageObject","inLanguage":"es","@id":"https:\/\/www.laguiadepamplona.com\/actualidad\/la-alcaldesa-de-pamplona-felicita-a-jose-santiago-martin-gomez-tras-ser-nombrado-nuevo-general-de-brigada-de-la-guardia-civil\/#primaryimage","url":"https:\/\/www.laguiadepamplona.com\/actualidad\/wp-content\/uploads\/2023\/09\/despedidacoronelguardiacivile5a7148_0.webp","contentUrl":"https:\/\/www.laguiadepamplona.com\/actualidad\/wp-content\/uploads\/2023\/09\/despedidacoronelguardiacivile5a7148_0.webp","width":1200,"height":800,"caption":"coronel guardia civil"},{"@type":"BreadcrumbList","@id":"https:\/\/www.laguiadepamplona.com\/actualidad\/la-alcaldesa-de-pamplona-felicita-a-jose-santiago-martin-gomez-tras-ser-nombrado-nuevo-general-de-brigada-de-la-guardia-civil\/#breadcrumb","itemListElement":[{"@type":"ListItem","position":1,"name":"Portada","item":"https:\/\/www.laguiadepamplona.com\/actualidad\/"},{"@type":"ListItem","position":2,"name":"La alcaldesa de Pamplona felicita a Jos\u00e9 Santiago Mart\u00edn G\u00f3mez, tras ser nombrado nuevo general de brigada de la Guardia Civil"}]},{"@type":"WebSite","@id":"https:\/\/www.laguiadepamplona.com\/actualidad\/#website","url":"https:\/\/www.laguiadepamplona.com\/actualidad\/","name":"La gu\u00eda de Pamplona","description":"Noticias de Pamplona","publisher":{"@id":"https:\/\/www.laguiadepamplona.com\/actualidad\/#organization"},"potentialAction":[{"@type":"SearchAction","target":{"@type":"EntryPoint","urlTemplate":"https:\/\/www.laguiadepamplona.com\/actualidad\/?s={search_term_string}"},"query-input":{"@type":"PropertyValueSpecification","valueRequired":true,"valueName":"search_term_string"}}],"inLanguage":"es"},{"@type":"Organization","@id":"https:\/\/www.laguiadepamplona.com\/actualidad\/#organization","name":"La Gu\u00eda de Pamplona \/ Noticias","url":"https:\/\/www.laguiadepamplona.com\/actualidad\/","logo":{"@type":"ImageObject","inLanguage":"es","@id":"https:\/\/www.laguiadepamplona.com\/actualidad\/#\/schema\/logo\/image\/","url":"https:\/\/www.laguiadepamplona.com\/actualidad\/wp-content\/uploads\/2018\/11\/logo-laguiadepamplona18-web1.png","contentUrl":"https:\/\/www.laguiadepamplona.com\/actualidad\/wp-content\/uploads\/2018\/11\/logo-laguiadepamplona18-web1.png","width":600,"height":196,"caption":"La Gu\u00eda de Pamplona \/ Noticias"},"image":{"@id":"https:\/\/www.laguiadepamplona.com\/actualidad\/#\/schema\/logo\/image\/"},"sameAs":["https:\/\/www.facebook.com\/laguiadepamplonacom-133175176762273\/?ref=hl","https:\/\/x.com\/LaGuiadPamplona","https:\/\/www.instagram.com\/la_guia_de_pamplona\/","https:\/\/www.youtube.com\/user\/laguiadepamplona"]},{"@type":"Person","@id":"https:\/\/www.laguiadepamplona.com\/actualidad\/#\/schema\/person\/efe887376f0213d4657c93adc50b1fdb","name":"La Gu\u00eda de Pamplona","image":{"@type":"ImageObject","inLanguage":"es","@id":"https:\/\/secure.gravatar.com\/avatar\/b6992f131dc8d30ab0dff15446e9d346d9dbd95992de0fef795073f5ea83a81c?s=96&d=mm&r=g","url":"https:\/\/secure.gravatar.com\/avatar\/b6992f131dc8d30ab0dff15446e9d346d9dbd95992de0fef795073f5ea83a81c?s=96&d=mm&r=g","contentUrl":"https:\/\/secure.gravatar.com\/avatar\/b6992f131dc8d30ab0dff15446e9d346d9dbd95992de0fef795073f5ea83a81c?s=96&d=mm&r=g","caption":"La Gu\u00eda de Pamplona"}}]}},"post_mailing_queue_ids":[],"_links":{"self":[{"href":"https:\/\/www.laguiadepamplona.com\/actualidad\/wp-json\/wp\/v2\/posts\/47329","targetHints":{"allow":["GET"]}}],"collection":[{"href":"https:\/\/www.laguiadepamplona.com\/actualidad\/wp-json\/wp\/v2\/posts"}],"about":[{"href":"https:\/\/www.laguiadepamplona.com\/actualidad\/wp-json\/wp\/v2\/types\/post"}],"author":[{"embeddable":true,"href":"https:\/\/www.laguiadepamplona.com\/actualidad\/wp-json\/wp\/v2\/users\/1"}],"replies":[{"embeddable":true,"href":"https:\/\/www.laguiadepamplona.com\/actualidad\/wp-json\/wp\/v2\/comments?post=47329"}],"version-history":[{"count":1,"href":"https:\/\/www.laguiadepamplona.com\/actualidad\/wp-json\/wp\/v2\/posts\/47329\/revisions"}],"predecessor-version":[{"id":47331,"href":"https:\/\/www.laguiadepamplona.com\/actualidad\/wp-json\/wp\/v2\/posts\/47329\/revisions\/47331"}],"wp:featuredmedia":[{"embeddable":true,"href":"https:\/\/www.laguiadepamplona.com\/actualidad\/wp-json\/wp\/v2\/media\/47330"}],"wp:attachment":[{"href":"https:\/\/www.laguiadepamplona.com\/actualidad\/wp-json\/wp\/v2\/media?parent=47329"}],"wp:term":[{"taxonomy":"category","embeddable":true,"href":"https:\/\/www.laguiadepamplona.com\/actualidad\/wp-json\/wp\/v2\/categories?post=47329"},{"taxonomy":"post_tag","embeddable":true,"href":"https:\/\/www.laguiadepamplona.com\/actualidad\/wp-json\/wp\/v2\/tags?post=47329"}],"curies":[{"name":"wp","href":"https:\/\/api.w.org\/{rel}","templated":true}]}}