{"id":47326,"date":"2023-09-12T18:27:31","date_gmt":"2023-09-12T16:27:31","guid":{"rendered":"https:\/\/www.laguiadepamplona.com\/actualidad\/?p=47326"},"modified":"2023-09-12T18:27:31","modified_gmt":"2023-09-12T16:27:31","slug":"el-ayuntamiento-propone-dos-talleres-gratuitos-en-los-meses-de-octubre-y-noviembre-para-que-las-personas-mayores-de-65-anos-superen-la-brecha-digital","status":"publish","type":"post","link":"https:\/\/www.laguiadepamplona.com\/actualidad\/el-ayuntamiento-propone-dos-talleres-gratuitos-en-los-meses-de-octubre-y-noviembre-para-que-las-personas-mayores-de-65-anos-superen-la-brecha-digital\/","title":{"rendered":"El Ayuntamiento propone dos talleres gratuitos en los meses de octubre y noviembre para que las personas mayores de 65 a\u00f1os superen la brecha digital"},"content":{"rendered":"<h3>Las inscripciones se realizan del 13 al 27 de septiembre en el tel\u00e9fono 010 \u2013 948 420 100 y las plazas se adjudican por sorteo<\/h3>\n<p><!--more--><\/p>\n<p>El Ayuntamiento de Pamplona ofrece una nueva edici\u00f3n de los talleres gratuitos destinados a personas mayores de 65 a\u00f1os para combatir la brecha digital. Los talleres son \u2018S\u00e1cale todo el partido a tu tel\u00e9fono m\u00f3vil o tablet\u2019 y \u2018Gestiones b\u00e1sicas con las administraciones\u2019. Ambos tendr\u00e1n lugar por la ma\u00f1ana, entre las 11 y las 12.30, en los meses de octubre y noviembre, en el centro comunitario Carbonilla, en la avenida de Marcelo Celayeta 51.<\/p>\n<p>Las inscripciones, con prioridad para personas empadronadas en Pamplona, se realizan en el tel\u00e9fono 010 \u2013 948 420 100. El plazo de inscripci\u00f3n est\u00e1 abierto entre el 13 y el 27 de septiembre y las plazas se adjudican por sorteo. Las personas agraciadas recibir\u00e1n una notificaci\u00f3n a trav\u00e9s de un mensaje SMS. Los talleres constan de doce sesiones de hora y media cada uno.<br \/>\n<script async src=\"\/\/pagead2.googlesyndication.com\/pagead\/js\/adsbygoogle.js\"><\/script><br \/>\n<!-- Noticias La Guia de Pamplona --><br \/>\n<ins class=\"adsbygoogle\"\nstyle=\"display:block\"\ndata-ad-client=\"ca-pub-6943679897239327\"\ndata-ad-slot=\"7048180777\"\ndata-ad-format=\"auto\"><\/ins><br \/>\n<script>\n(adsbygoogle = window.adsbygoogle || []).push({});\n<\/script><\/p>\n<p>\u2018S\u00e1cale todo el partido a tu tel\u00e9fono m\u00f3vil o tablet\u2019 se celebra los lunes y mi\u00e9rcoles, con nueve sesiones en el mes de octubre y tres en noviembre. Este taller se centra en los conceptos b\u00e1sicos en torno a los tel\u00e9fonos inteligentes y la utilizaci\u00f3n de aplicaciones y redes sociales. Incluye tambi\u00e9n la navegaci\u00f3n por Internet y el uso del correo electr\u00f3nico, as\u00ed como las videollamadas y videconferencias, las compras y los pagos seguros utilizando el tel\u00e9fono.<\/p>\n<p>\u2018Gestiones b\u00e1sicas con las administraciones\u2019 muestra a las personas mayores c\u00f3mo acceder a la Carpeta Ciudadana, la Carpeta de Salud y el Certificado Digital. Podr\u00e1n acceder a la Administraci\u00f3n electr\u00f3nica para realizar tr\u00e1mites, como solicitar cita previa o certificados, y consultar programas culturales, de ocio y tiempo libre ofrecidos por las distintas administraciones p\u00fablicas. Este taller tiene lugar los martes y jueves, con ocho sesiones en octubre y cuatro en noviembre.<\/p>\n<p>Los talleres se enmarcan en la estrategia \u2018Pamplona te cuida\u2019, que agrupa toda la oferta de actividades, servicios, herramientas de participaci\u00f3n y prestaciones municipales dirigidas a mayores de 65 a\u00f1os. El programa tiene por objetivo fomentar el envejecimiento activo y saludable, promover la autonom\u00eda y garantizar una atenci\u00f3n de calidad para lograr una mayor calidad de vida de las personas mayores. Los talleres cuentan adem\u00e1s con subvenci\u00f3n del Gobierno de Navarra.<\/p>\n<p><script async src=\"\/\/pagead2.googlesyndication.com\/pagead\/js\/adsbygoogle.js\"><\/script><br \/>\n<!-- Noticias La Guia de Pamplona --><br \/>\n<ins class=\"adsbygoogle\"\nstyle=\"display:block\"\ndata-ad-client=\"ca-pub-6943679897239327\"\ndata-ad-slot=\"7048180777\"\ndata-ad-format=\"auto\"><\/ins><br \/>\n<script>\n(adsbygoogle = window.adsbygoogle || []).push({});\n<\/script><\/p>\n<p>&nbsp;<\/p>\n<h3>Rompiendo la Brecha Digital<\/h3>\n<ul>\n<li>Dos talleres gratuitos para mayores de 65 a\u00f1os\n<ul>\n<li>Lugar: Centro comunitario Carbonilla (Avenida Marcelo Celayeta 51)<\/li>\n<li>Horario: 11.00 \u2013 12.30 horas<\/li>\n<li>Inscripciones: del 13 al 27 de septiembre llamando al 010 \u2013 948 420 100<\/li>\n<li>Las plazas se adjudican por sorteo<\/li>\n<\/ul>\n<\/li>\n<li>S\u00e1cale todo el partido a tu tel\u00e9fono m\u00f3vil o tablet (lunes y mi\u00e9rcoles)\n<ul>\n<li>Octubre: 2, 4, 9, 11, 16, 18, 23, 25 y 30<\/li>\n<li>Noviembre: 6, 8 y 13<\/li>\n<\/ul>\n<\/li>\n<li>Gestiones b\u00e1sicas con las administraciones (martes y jueves)\n<ul>\n<li>Octubre: 3, 5, 10, 17, 19, 24, 26 y 31<\/li>\n<li>Noviembre: 2, 7, 9 y 14<\/li>\n<\/ul>\n<\/li>\n<\/ul>\n","protected":false},"excerpt":{"rendered":"<p>Las inscripciones se realizan del 13 al 27 de septiembre en el tel\u00e9fono 010 \u2013 948 420 100 y las plazas se adjudican por sorteo<\/p>\n","protected":false},"author":1,"featured_media":47327,"comment_status":"open","ping_status":"closed","sticky":false,"template":"","format":"standard","meta":{"footnotes":""},"categories":[2],"tags":[],"class_list":["post-47326","post","type-post","status-publish","format-standard","has-post-thumbnail","hentry","category-ayuntamiento-pamplona"],"yoast_head":"<!-- This site is optimized with the Yoast SEO plugin v27.3 - https:\/\/yoast.com\/product\/yoast-seo-wordpress\/ -->\n<title>El Ayuntamiento propone dos talleres gratuitos en los meses de octubre y noviembre para que las personas mayores de 65 a\u00f1os superen la brecha digital<\/title>\n<meta name=\"description\" content=\"Las inscripciones se realizan del 13 al 27 de septiembre en el tel\u00e9fono 010 \u2013 948 420 100 y las plazas se adjudican por sorteo\" \/>\n<meta name=\"robots\" content=\"index, follow, max-snippet:-1, max-image-preview:large, max-video-preview:-1\" \/>\n<link rel=\"canonical\" href=\"https:\/\/www.laguiadepamplona.com\/actualidad\/el-ayuntamiento-propone-dos-talleres-gratuitos-en-los-meses-de-octubre-y-noviembre-para-que-las-personas-mayores-de-65-anos-superen-la-brecha-digital\/\" \/>\n<meta property=\"og:locale\" content=\"es_ES\" \/>\n<meta property=\"og:type\" content=\"article\" \/>\n<meta property=\"og:title\" content=\"El Ayuntamiento propone dos talleres gratuitos en los meses de octubre y noviembre para que las personas mayores de 65 a\u00f1os superen la brecha digital\" \/>\n<meta property=\"og:description\" content=\"Las inscripciones se realizan del 13 al 27 de septiembre en el tel\u00e9fono 010 \u2013 948 420 100 y las plazas se adjudican por sorteo\" \/>\n<meta property=\"og:url\" content=\"https:\/\/www.laguiadepamplona.com\/actualidad\/el-ayuntamiento-propone-dos-talleres-gratuitos-en-los-meses-de-octubre-y-noviembre-para-que-las-personas-mayores-de-65-anos-superen-la-brecha-digital\/\" \/>\n<meta property=\"og:site_name\" content=\"La Gu\u00eda de Pamplona\" \/>\n<meta property=\"article:publisher\" content=\"https:\/\/www.facebook.com\/laguiadepamplonacom-133175176762273\/?ref=hl\" \/>\n<meta property=\"article:published_time\" content=\"2023-09-12T16:27:31+00:00\" \/>\n<meta property=\"og:image\" content=\"https:\/\/www.laguiadepamplona.com\/actualidad\/wp-content\/uploads\/2023\/09\/CARTELES-BRECHA-DIGITAL-OCTUBRE_2023.webp\" \/>\n\t<meta property=\"og:image:width\" content=\"713\" \/>\n\t<meta property=\"og:image:height\" content=\"1200\" \/>\n\t<meta property=\"og:image:type\" content=\"image\/webp\" \/>\n<meta name=\"author\" content=\"La Gu\u00eda de Pamplona\" \/>\n<meta name=\"twitter:card\" content=\"summary_large_image\" \/>\n<meta name=\"twitter:creator\" content=\"@LaGuiadPamplona\" \/>\n<meta name=\"twitter:site\" content=\"@LaGuiadPamplona\" \/>\n<meta name=\"twitter:label1\" content=\"Escrito por\" \/>\n\t<meta name=\"twitter:data1\" content=\"La Gu\u00eda de Pamplona\" \/>\n\t<meta name=\"twitter:label2\" content=\"Tiempo de lectura\" \/>\n\t<meta name=\"twitter:data2\" content=\"3 minutos\" \/>\n<script type=\"application\/ld+json\" class=\"yoast-schema-graph\">{\"@context\":\"https:\\\/\\\/schema.org\",\"@graph\":[{\"@type\":\"Article\",\"@id\":\"https:\\\/\\\/www.laguiadepamplona.com\\\/actualidad\\\/el-ayuntamiento-propone-dos-talleres-gratuitos-en-los-meses-de-octubre-y-noviembre-para-que-las-personas-mayores-de-65-anos-superen-la-brecha-digital\\\/#article\",\"isPartOf\":{\"@id\":\"https:\\\/\\\/www.laguiadepamplona.com\\\/actualidad\\\/el-ayuntamiento-propone-dos-talleres-gratuitos-en-los-meses-de-octubre-y-noviembre-para-que-las-personas-mayores-de-65-anos-superen-la-brecha-digital\\\/\"},\"author\":{\"name\":\"La Gu\u00eda de Pamplona\",\"@id\":\"https:\\\/\\\/www.laguiadepamplona.com\\\/actualidad\\\/#\\\/schema\\\/person\\\/efe887376f0213d4657c93adc50b1fdb\"},\"headline\":\"El Ayuntamiento propone dos talleres gratuitos en los meses de octubre y noviembre para que las personas mayores de 65 a\u00f1os superen la brecha digital\",\"datePublished\":\"2023-09-12T16:27:31+00:00\",\"mainEntityOfPage\":{\"@id\":\"https:\\\/\\\/www.laguiadepamplona.com\\\/actualidad\\\/el-ayuntamiento-propone-dos-talleres-gratuitos-en-los-meses-de-octubre-y-noviembre-para-que-las-personas-mayores-de-65-anos-superen-la-brecha-digital\\\/\"},\"wordCount\":495,\"commentCount\":0,\"publisher\":{\"@id\":\"https:\\\/\\\/www.laguiadepamplona.com\\\/actualidad\\\/#organization\"},\"image\":{\"@id\":\"https:\\\/\\\/www.laguiadepamplona.com\\\/actualidad\\\/el-ayuntamiento-propone-dos-talleres-gratuitos-en-los-meses-de-octubre-y-noviembre-para-que-las-personas-mayores-de-65-anos-superen-la-brecha-digital\\\/#primaryimage\"},\"thumbnailUrl\":\"https:\\\/\\\/www.laguiadepamplona.com\\\/actualidad\\\/wp-content\\\/uploads\\\/2023\\\/09\\\/CARTELES-BRECHA-DIGITAL-OCTUBRE_2023.webp\",\"articleSection\":[\"Ayto Pamplona\"],\"inLanguage\":\"es\",\"potentialAction\":[{\"@type\":\"CommentAction\",\"name\":\"Comment\",\"target\":[\"https:\\\/\\\/www.laguiadepamplona.com\\\/actualidad\\\/el-ayuntamiento-propone-dos-talleres-gratuitos-en-los-meses-de-octubre-y-noviembre-para-que-las-personas-mayores-de-65-anos-superen-la-brecha-digital\\\/#respond\"]}]},{\"@type\":\"WebPage\",\"@id\":\"https:\\\/\\\/www.laguiadepamplona.com\\\/actualidad\\\/el-ayuntamiento-propone-dos-talleres-gratuitos-en-los-meses-de-octubre-y-noviembre-para-que-las-personas-mayores-de-65-anos-superen-la-brecha-digital\\\/\",\"url\":\"https:\\\/\\\/www.laguiadepamplona.com\\\/actualidad\\\/el-ayuntamiento-propone-dos-talleres-gratuitos-en-los-meses-de-octubre-y-noviembre-para-que-las-personas-mayores-de-65-anos-superen-la-brecha-digital\\\/\",\"name\":\"El Ayuntamiento propone dos talleres gratuitos en los meses de octubre y noviembre para que las personas mayores de 65 a\u00f1os superen la brecha digital\",\"isPartOf\":{\"@id\":\"https:\\\/\\\/www.laguiadepamplona.com\\\/actualidad\\\/#website\"},\"primaryImageOfPage\":{\"@id\":\"https:\\\/\\\/www.laguiadepamplona.com\\\/actualidad\\\/el-ayuntamiento-propone-dos-talleres-gratuitos-en-los-meses-de-octubre-y-noviembre-para-que-las-personas-mayores-de-65-anos-superen-la-brecha-digital\\\/#primaryimage\"},\"image\":{\"@id\":\"https:\\\/\\\/www.laguiadepamplona.com\\\/actualidad\\\/el-ayuntamiento-propone-dos-talleres-gratuitos-en-los-meses-de-octubre-y-noviembre-para-que-las-personas-mayores-de-65-anos-superen-la-brecha-digital\\\/#primaryimage\"},\"thumbnailUrl\":\"https:\\\/\\\/www.laguiadepamplona.com\\\/actualidad\\\/wp-content\\\/uploads\\\/2023\\\/09\\\/CARTELES-BRECHA-DIGITAL-OCTUBRE_2023.webp\",\"datePublished\":\"2023-09-12T16:27:31+00:00\",\"description\":\"Las inscripciones se realizan del 13 al 27 de septiembre en el tel\u00e9fono 010 \u2013 948 420 100 y las plazas se adjudican por sorteo\",\"breadcrumb\":{\"@id\":\"https:\\\/\\\/www.laguiadepamplona.com\\\/actualidad\\\/el-ayuntamiento-propone-dos-talleres-gratuitos-en-los-meses-de-octubre-y-noviembre-para-que-las-personas-mayores-de-65-anos-superen-la-brecha-digital\\\/#breadcrumb\"},\"inLanguage\":\"es\",\"potentialAction\":[{\"@type\":\"ReadAction\",\"target\":[\"https:\\\/\\\/www.laguiadepamplona.com\\\/actualidad\\\/el-ayuntamiento-propone-dos-talleres-gratuitos-en-los-meses-de-octubre-y-noviembre-para-que-las-personas-mayores-de-65-anos-superen-la-brecha-digital\\\/\"]}]},{\"@type\":\"ImageObject\",\"inLanguage\":\"es\",\"@id\":\"https:\\\/\\\/www.laguiadepamplona.com\\\/actualidad\\\/el-ayuntamiento-propone-dos-talleres-gratuitos-en-los-meses-de-octubre-y-noviembre-para-que-las-personas-mayores-de-65-anos-superen-la-brecha-digital\\\/#primaryimage\",\"url\":\"https:\\\/\\\/www.laguiadepamplona.com\\\/actualidad\\\/wp-content\\\/uploads\\\/2023\\\/09\\\/CARTELES-BRECHA-DIGITAL-OCTUBRE_2023.webp\",\"contentUrl\":\"https:\\\/\\\/www.laguiadepamplona.com\\\/actualidad\\\/wp-content\\\/uploads\\\/2023\\\/09\\\/CARTELES-BRECHA-DIGITAL-OCTUBRE_2023.webp\",\"width\":713,\"height\":1200},{\"@type\":\"BreadcrumbList\",\"@id\":\"https:\\\/\\\/www.laguiadepamplona.com\\\/actualidad\\\/el-ayuntamiento-propone-dos-talleres-gratuitos-en-los-meses-de-octubre-y-noviembre-para-que-las-personas-mayores-de-65-anos-superen-la-brecha-digital\\\/#breadcrumb\",\"itemListElement\":[{\"@type\":\"ListItem\",\"position\":1,\"name\":\"Portada\",\"item\":\"https:\\\/\\\/www.laguiadepamplona.com\\\/actualidad\\\/\"},{\"@type\":\"ListItem\",\"position\":2,\"name\":\"El Ayuntamiento propone dos talleres gratuitos en los meses de octubre y noviembre para que las personas mayores de 65 a\u00f1os superen la brecha digital\"}]},{\"@type\":\"WebSite\",\"@id\":\"https:\\\/\\\/www.laguiadepamplona.com\\\/actualidad\\\/#website\",\"url\":\"https:\\\/\\\/www.laguiadepamplona.com\\\/actualidad\\\/\",\"name\":\"La gu\u00eda de Pamplona\",\"description\":\"Noticias de Pamplona\",\"publisher\":{\"@id\":\"https:\\\/\\\/www.laguiadepamplona.com\\\/actualidad\\\/#organization\"},\"potentialAction\":[{\"@type\":\"SearchAction\",\"target\":{\"@type\":\"EntryPoint\",\"urlTemplate\":\"https:\\\/\\\/www.laguiadepamplona.com\\\/actualidad\\\/?s={search_term_string}\"},\"query-input\":{\"@type\":\"PropertyValueSpecification\",\"valueRequired\":true,\"valueName\":\"search_term_string\"}}],\"inLanguage\":\"es\"},{\"@type\":\"Organization\",\"@id\":\"https:\\\/\\\/www.laguiadepamplona.com\\\/actualidad\\\/#organization\",\"name\":\"La Gu\u00eda de Pamplona \\\/ Noticias\",\"url\":\"https:\\\/\\\/www.laguiadepamplona.com\\\/actualidad\\\/\",\"logo\":{\"@type\":\"ImageObject\",\"inLanguage\":\"es\",\"@id\":\"https:\\\/\\\/www.laguiadepamplona.com\\\/actualidad\\\/#\\\/schema\\\/logo\\\/image\\\/\",\"url\":\"https:\\\/\\\/www.laguiadepamplona.com\\\/actualidad\\\/wp-content\\\/uploads\\\/2018\\\/11\\\/logo-laguiadepamplona18-web1.png\",\"contentUrl\":\"https:\\\/\\\/www.laguiadepamplona.com\\\/actualidad\\\/wp-content\\\/uploads\\\/2018\\\/11\\\/logo-laguiadepamplona18-web1.png\",\"width\":600,\"height\":196,\"caption\":\"La Gu\u00eda de Pamplona \\\/ Noticias\"},\"image\":{\"@id\":\"https:\\\/\\\/www.laguiadepamplona.com\\\/actualidad\\\/#\\\/schema\\\/logo\\\/image\\\/\"},\"sameAs\":[\"https:\\\/\\\/www.facebook.com\\\/laguiadepamplonacom-133175176762273\\\/?ref=hl\",\"https:\\\/\\\/x.com\\\/LaGuiadPamplona\",\"https:\\\/\\\/www.instagram.com\\\/la_guia_de_pamplona\\\/\",\"https:\\\/\\\/www.youtube.com\\\/user\\\/laguiadepamplona\"]},{\"@type\":\"Person\",\"@id\":\"https:\\\/\\\/www.laguiadepamplona.com\\\/actualidad\\\/#\\\/schema\\\/person\\\/efe887376f0213d4657c93adc50b1fdb\",\"name\":\"La Gu\u00eda de Pamplona\",\"image\":{\"@type\":\"ImageObject\",\"inLanguage\":\"es\",\"@id\":\"https:\\\/\\\/secure.gravatar.com\\\/avatar\\\/b6992f131dc8d30ab0dff15446e9d346d9dbd95992de0fef795073f5ea83a81c?s=96&d=mm&r=g\",\"url\":\"https:\\\/\\\/secure.gravatar.com\\\/avatar\\\/b6992f131dc8d30ab0dff15446e9d346d9dbd95992de0fef795073f5ea83a81c?s=96&d=mm&r=g\",\"contentUrl\":\"https:\\\/\\\/secure.gravatar.com\\\/avatar\\\/b6992f131dc8d30ab0dff15446e9d346d9dbd95992de0fef795073f5ea83a81c?s=96&d=mm&r=g\",\"caption\":\"La Gu\u00eda de Pamplona\"}}]}<\/script>\n<!-- \/ Yoast SEO plugin. -->","yoast_head_json":{"title":"El Ayuntamiento propone dos talleres gratuitos en los meses de octubre y noviembre para que las personas mayores de 65 a\u00f1os superen la brecha digital","description":"Las inscripciones se realizan del 13 al 27 de septiembre en el tel\u00e9fono 010 \u2013 948 420 100 y las plazas se adjudican por sorteo","robots":{"index":"index","follow":"follow","max-snippet":"max-snippet:-1","max-image-preview":"max-image-preview:large","max-video-preview":"max-video-preview:-1"},"canonical":"https:\/\/www.laguiadepamplona.com\/actualidad\/el-ayuntamiento-propone-dos-talleres-gratuitos-en-los-meses-de-octubre-y-noviembre-para-que-las-personas-mayores-de-65-anos-superen-la-brecha-digital\/","og_locale":"es_ES","og_type":"article","og_title":"El Ayuntamiento propone dos talleres gratuitos en los meses de octubre y noviembre para que las personas mayores de 65 a\u00f1os superen la brecha digital","og_description":"Las inscripciones se realizan del 13 al 27 de septiembre en el tel\u00e9fono 010 \u2013 948 420 100 y las plazas se adjudican por sorteo","og_url":"https:\/\/www.laguiadepamplona.com\/actualidad\/el-ayuntamiento-propone-dos-talleres-gratuitos-en-los-meses-de-octubre-y-noviembre-para-que-las-personas-mayores-de-65-anos-superen-la-brecha-digital\/","og_site_name":"La Gu\u00eda de Pamplona","article_publisher":"https:\/\/www.facebook.com\/laguiadepamplonacom-133175176762273\/?ref=hl","article_published_time":"2023-09-12T16:27:31+00:00","og_image":[{"width":713,"height":1200,"url":"https:\/\/www.laguiadepamplona.com\/actualidad\/wp-content\/uploads\/2023\/09\/CARTELES-BRECHA-DIGITAL-OCTUBRE_2023.webp","type":"image\/webp"}],"author":"La Gu\u00eda de Pamplona","twitter_card":"summary_large_image","twitter_creator":"@LaGuiadPamplona","twitter_site":"@LaGuiadPamplona","twitter_misc":{"Escrito por":"La Gu\u00eda de Pamplona","Tiempo de lectura":"3 minutos"},"schema":{"@context":"https:\/\/schema.org","@graph":[{"@type":"Article","@id":"https:\/\/www.laguiadepamplona.com\/actualidad\/el-ayuntamiento-propone-dos-talleres-gratuitos-en-los-meses-de-octubre-y-noviembre-para-que-las-personas-mayores-de-65-anos-superen-la-brecha-digital\/#article","isPartOf":{"@id":"https:\/\/www.laguiadepamplona.com\/actualidad\/el-ayuntamiento-propone-dos-talleres-gratuitos-en-los-meses-de-octubre-y-noviembre-para-que-las-personas-mayores-de-65-anos-superen-la-brecha-digital\/"},"author":{"name":"La Gu\u00eda de Pamplona","@id":"https:\/\/www.laguiadepamplona.com\/actualidad\/#\/schema\/person\/efe887376f0213d4657c93adc50b1fdb"},"headline":"El Ayuntamiento propone dos talleres gratuitos en los meses de octubre y noviembre para que las personas mayores de 65 a\u00f1os superen la brecha digital","datePublished":"2023-09-12T16:27:31+00:00","mainEntityOfPage":{"@id":"https:\/\/www.laguiadepamplona.com\/actualidad\/el-ayuntamiento-propone-dos-talleres-gratuitos-en-los-meses-de-octubre-y-noviembre-para-que-las-personas-mayores-de-65-anos-superen-la-brecha-digital\/"},"wordCount":495,"commentCount":0,"publisher":{"@id":"https:\/\/www.laguiadepamplona.com\/actualidad\/#organization"},"image":{"@id":"https:\/\/www.laguiadepamplona.com\/actualidad\/el-ayuntamiento-propone-dos-talleres-gratuitos-en-los-meses-de-octubre-y-noviembre-para-que-las-personas-mayores-de-65-anos-superen-la-brecha-digital\/#primaryimage"},"thumbnailUrl":"https:\/\/www.laguiadepamplona.com\/actualidad\/wp-content\/uploads\/2023\/09\/CARTELES-BRECHA-DIGITAL-OCTUBRE_2023.webp","articleSection":["Ayto Pamplona"],"inLanguage":"es","potentialAction":[{"@type":"CommentAction","name":"Comment","target":["https:\/\/www.laguiadepamplona.com\/actualidad\/el-ayuntamiento-propone-dos-talleres-gratuitos-en-los-meses-de-octubre-y-noviembre-para-que-las-personas-mayores-de-65-anos-superen-la-brecha-digital\/#respond"]}]},{"@type":"WebPage","@id":"https:\/\/www.laguiadepamplona.com\/actualidad\/el-ayuntamiento-propone-dos-talleres-gratuitos-en-los-meses-de-octubre-y-noviembre-para-que-las-personas-mayores-de-65-anos-superen-la-brecha-digital\/","url":"https:\/\/www.laguiadepamplona.com\/actualidad\/el-ayuntamiento-propone-dos-talleres-gratuitos-en-los-meses-de-octubre-y-noviembre-para-que-las-personas-mayores-de-65-anos-superen-la-brecha-digital\/","name":"El Ayuntamiento propone dos talleres gratuitos en los meses de octubre y noviembre para que las personas mayores de 65 a\u00f1os superen la brecha digital","isPartOf":{"@id":"https:\/\/www.laguiadepamplona.com\/actualidad\/#website"},"primaryImageOfPage":{"@id":"https:\/\/www.laguiadepamplona.com\/actualidad\/el-ayuntamiento-propone-dos-talleres-gratuitos-en-los-meses-de-octubre-y-noviembre-para-que-las-personas-mayores-de-65-anos-superen-la-brecha-digital\/#primaryimage"},"image":{"@id":"https:\/\/www.laguiadepamplona.com\/actualidad\/el-ayuntamiento-propone-dos-talleres-gratuitos-en-los-meses-de-octubre-y-noviembre-para-que-las-personas-mayores-de-65-anos-superen-la-brecha-digital\/#primaryimage"},"thumbnailUrl":"https:\/\/www.laguiadepamplona.com\/actualidad\/wp-content\/uploads\/2023\/09\/CARTELES-BRECHA-DIGITAL-OCTUBRE_2023.webp","datePublished":"2023-09-12T16:27:31+00:00","description":"Las inscripciones se realizan del 13 al 27 de septiembre en el tel\u00e9fono 010 \u2013 948 420 100 y las plazas se adjudican por sorteo","breadcrumb":{"@id":"https:\/\/www.laguiadepamplona.com\/actualidad\/el-ayuntamiento-propone-dos-talleres-gratuitos-en-los-meses-de-octubre-y-noviembre-para-que-las-personas-mayores-de-65-anos-superen-la-brecha-digital\/#breadcrumb"},"inLanguage":"es","potentialAction":[{"@type":"ReadAction","target":["https:\/\/www.laguiadepamplona.com\/actualidad\/el-ayuntamiento-propone-dos-talleres-gratuitos-en-los-meses-de-octubre-y-noviembre-para-que-las-personas-mayores-de-65-anos-superen-la-brecha-digital\/"]}]},{"@type":"ImageObject","inLanguage":"es","@id":"https:\/\/www.laguiadepamplona.com\/actualidad\/el-ayuntamiento-propone-dos-talleres-gratuitos-en-los-meses-de-octubre-y-noviembre-para-que-las-personas-mayores-de-65-anos-superen-la-brecha-digital\/#primaryimage","url":"https:\/\/www.laguiadepamplona.com\/actualidad\/wp-content\/uploads\/2023\/09\/CARTELES-BRECHA-DIGITAL-OCTUBRE_2023.webp","contentUrl":"https:\/\/www.laguiadepamplona.com\/actualidad\/wp-content\/uploads\/2023\/09\/CARTELES-BRECHA-DIGITAL-OCTUBRE_2023.webp","width":713,"height":1200},{"@type":"BreadcrumbList","@id":"https:\/\/www.laguiadepamplona.com\/actualidad\/el-ayuntamiento-propone-dos-talleres-gratuitos-en-los-meses-de-octubre-y-noviembre-para-que-las-personas-mayores-de-65-anos-superen-la-brecha-digital\/#breadcrumb","itemListElement":[{"@type":"ListItem","position":1,"name":"Portada","item":"https:\/\/www.laguiadepamplona.com\/actualidad\/"},{"@type":"ListItem","position":2,"name":"El Ayuntamiento propone dos talleres gratuitos en los meses de octubre y noviembre para que las personas mayores de 65 a\u00f1os superen la brecha digital"}]},{"@type":"WebSite","@id":"https:\/\/www.laguiadepamplona.com\/actualidad\/#website","url":"https:\/\/www.laguiadepamplona.com\/actualidad\/","name":"La gu\u00eda de Pamplona","description":"Noticias de Pamplona","publisher":{"@id":"https:\/\/www.laguiadepamplona.com\/actualidad\/#organization"},"potentialAction":[{"@type":"SearchAction","target":{"@type":"EntryPoint","urlTemplate":"https:\/\/www.laguiadepamplona.com\/actualidad\/?s={search_term_string}"},"query-input":{"@type":"PropertyValueSpecification","valueRequired":true,"valueName":"search_term_string"}}],"inLanguage":"es"},{"@type":"Organization","@id":"https:\/\/www.laguiadepamplona.com\/actualidad\/#organization","name":"La Gu\u00eda de Pamplona \/ Noticias","url":"https:\/\/www.laguiadepamplona.com\/actualidad\/","logo":{"@type":"ImageObject","inLanguage":"es","@id":"https:\/\/www.laguiadepamplona.com\/actualidad\/#\/schema\/logo\/image\/","url":"https:\/\/www.laguiadepamplona.com\/actualidad\/wp-content\/uploads\/2018\/11\/logo-laguiadepamplona18-web1.png","contentUrl":"https:\/\/www.laguiadepamplona.com\/actualidad\/wp-content\/uploads\/2018\/11\/logo-laguiadepamplona18-web1.png","width":600,"height":196,"caption":"La Gu\u00eda de Pamplona \/ Noticias"},"image":{"@id":"https:\/\/www.laguiadepamplona.com\/actualidad\/#\/schema\/logo\/image\/"},"sameAs":["https:\/\/www.facebook.com\/laguiadepamplonacom-133175176762273\/?ref=hl","https:\/\/x.com\/LaGuiadPamplona","https:\/\/www.instagram.com\/la_guia_de_pamplona\/","https:\/\/www.youtube.com\/user\/laguiadepamplona"]},{"@type":"Person","@id":"https:\/\/www.laguiadepamplona.com\/actualidad\/#\/schema\/person\/efe887376f0213d4657c93adc50b1fdb","name":"La Gu\u00eda de Pamplona","image":{"@type":"ImageObject","inLanguage":"es","@id":"https:\/\/secure.gravatar.com\/avatar\/b6992f131dc8d30ab0dff15446e9d346d9dbd95992de0fef795073f5ea83a81c?s=96&d=mm&r=g","url":"https:\/\/secure.gravatar.com\/avatar\/b6992f131dc8d30ab0dff15446e9d346d9dbd95992de0fef795073f5ea83a81c?s=96&d=mm&r=g","contentUrl":"https:\/\/secure.gravatar.com\/avatar\/b6992f131dc8d30ab0dff15446e9d346d9dbd95992de0fef795073f5ea83a81c?s=96&d=mm&r=g","caption":"La Gu\u00eda de Pamplona"}}]}},"post_mailing_queue_ids":[],"_links":{"self":[{"href":"https:\/\/www.laguiadepamplona.com\/actualidad\/wp-json\/wp\/v2\/posts\/47326","targetHints":{"allow":["GET"]}}],"collection":[{"href":"https:\/\/www.laguiadepamplona.com\/actualidad\/wp-json\/wp\/v2\/posts"}],"about":[{"href":"https:\/\/www.laguiadepamplona.com\/actualidad\/wp-json\/wp\/v2\/types\/post"}],"author":[{"embeddable":true,"href":"https:\/\/www.laguiadepamplona.com\/actualidad\/wp-json\/wp\/v2\/users\/1"}],"replies":[{"embeddable":true,"href":"https:\/\/www.laguiadepamplona.com\/actualidad\/wp-json\/wp\/v2\/comments?post=47326"}],"version-history":[{"count":1,"href":"https:\/\/www.laguiadepamplona.com\/actualidad\/wp-json\/wp\/v2\/posts\/47326\/revisions"}],"predecessor-version":[{"id":47328,"href":"https:\/\/www.laguiadepamplona.com\/actualidad\/wp-json\/wp\/v2\/posts\/47326\/revisions\/47328"}],"wp:featuredmedia":[{"embeddable":true,"href":"https:\/\/www.laguiadepamplona.com\/actualidad\/wp-json\/wp\/v2\/media\/47327"}],"wp:attachment":[{"href":"https:\/\/www.laguiadepamplona.com\/actualidad\/wp-json\/wp\/v2\/media?parent=47326"}],"wp:term":[{"taxonomy":"category","embeddable":true,"href":"https:\/\/www.laguiadepamplona.com\/actualidad\/wp-json\/wp\/v2\/categories?post=47326"},{"taxonomy":"post_tag","embeddable":true,"href":"https:\/\/www.laguiadepamplona.com\/actualidad\/wp-json\/wp\/v2\/tags?post=47326"}],"curies":[{"name":"wp","href":"https:\/\/api.w.org\/{rel}","templated":true}]}}