{"id":47324,"date":"2023-09-12T18:22:53","date_gmt":"2023-09-12T16:22:53","guid":{"rendered":"https:\/\/www.laguiadepamplona.com\/actualidad\/?p=47324"},"modified":"2023-09-12T18:22:53","modified_gmt":"2023-09-12T16:22:53","slug":"la-escuela-de-musica-joaquin-maya-comienza-el-curso-escolar-con-un-millar-de-alumnos-y-abre-la-inscripcion-para-agrupaciones-vocales-e-instrumentales-a-no-matriculados","status":"publish","type":"post","link":"https:\/\/www.laguiadepamplona.com\/actualidad\/la-escuela-de-musica-joaquin-maya-comienza-el-curso-escolar-con-un-millar-de-alumnos-y-abre-la-inscripcion-para-agrupaciones-vocales-e-instrumentales-a-no-matriculados\/","title":{"rendered":"La Escuela de M\u00fasica Joaqu\u00edn Maya comienza el curso escolar con un millar de alumnos y abre la inscripci\u00f3n para agrupaciones vocales e instrumentales a no matriculados"},"content":{"rendered":"<h3>Las personas interesadas pueden preinscribirse hasta el d\u00eda 22, a trav\u00e9s de la p\u00e1gina web <a href=\"http:\/\/www.pamplona.es\/escuelademusica\" target=\"_blank\" rel=\"noopener\">www.pamplona.es\/escuelademusica<\/a><\/h3>\n<p><!--more--><\/p>\n<p>El inicio del curso ha llegado ya a la Escuela Especial de M\u00fasica Joaqu\u00edn Maya. Este a\u00f1o, un millar de alumnos de todas las edades est\u00e1n matriculados para comenzar o seguir su formaci\u00f3n en alguno de los 22 instrumentos que ofrece la escuela, estudios que se complementan con asignaturas como Lenguaje Musical, Coro y Armon\u00eda. El alumnado nuevo este curso supera los 150, de todas las edades, a partir de los siete a\u00f1os. Aunque las clases comenzar\u00e1n el pr\u00f3ximo viernes, d\u00eda 15, el centro ofrece estos primeros d\u00edas de septiembre muestras y rondas de instrumentos, para que estos nuevos alumnos puedan elegir aquel que m\u00e1s les guste, y diversas actividades como primer contacto con la escuela.<\/p>\n<p>Adem\u00e1s, aquellas personas que est\u00e9n interesadas en ampliar su formaci\u00f3n musical y no se hayan inscrito en la Escuela de M\u00fasica a\u00fan pueden hacerlo, sum\u00e1ndose a las alguna de las 31 agrupaciones instrumentales y vocales con las que cuenta el centro. El plazo para inscribirse se extender\u00e1 hasta el 22 de septiembre y la lista de personas admitidas se har\u00e1 p\u00fablica el 4 de octubre a partir de las 15 horas. La matriculaci\u00f3n se podr\u00e1 hacer <em>on line<\/em> en <a href=\"http:\/\/www.pamplona.es\/escuelademusica\" target=\"_blank\" rel=\"noopener\">www.pamplona.es\/escuelademusica<\/a> los d\u00edas 10 y 11 de octubre. Las personas interesadas optar\u00e1n a las plazas que queden libres despu\u00e9s de que se adjudiquen plazas en esas formaciones al alumnado matriculado este curso. Entre las m\u00e1s de treinta agrupaciones ofertadas, hay piano, banda, combo, acordeones, ensemble de trombones, saxofones y grupos de txistus, sin olvidar la orquesta y el Maya Vocal Ensemble.<br \/>\n<script async src=\"\/\/pagead2.googlesyndication.com\/pagead\/js\/adsbygoogle.js\"><\/script><br \/>\n<!-- Noticias La Guia de Pamplona --><br \/>\n<ins class=\"adsbygoogle\"\nstyle=\"display:block\"\ndata-ad-client=\"ca-pub-6943679897239327\"\ndata-ad-slot=\"7048180777\"\ndata-ad-format=\"auto\"><\/ins><br \/>\n<script>\n(adsbygoogle = window.adsbygoogle || []).push({});\n<\/script><\/p>\n<p>La inscripci\u00f3n para estas actividades complementarias de la Escuela debe realizarse a trav\u00e9s de la <a href=\"https:\/\/sedeelectronica.pamplona.es\/detallegenerico.aspx?tram=280&amp;sec=1&amp;tipo_asignatura=AM\" target=\"_blank\" rel=\"noopener\">Sede Electr\u00f3nica<\/a>. La tarifa anual para quienes participen este curso en las agrupaciones ser\u00e1 de 84,15 euros, con independencia del n\u00famero de agrupaciones en las que se participe. No obstante, se pueden solicitar reducciones de precio en funci\u00f3n de la renta y las circunstancias familiares. As\u00ed, hay reducciones para familias numerosas o monoparentales, personas que presenten discapacidad reconocida de un 33% o superior y personas que se encuentran en acogimiento familiar. Estos casos supondr\u00e1n un descuento del 50% del importe. Hay tambi\u00e9n previstas otras reducciones del 90% y exenci\u00f3n de pago en diversos supuestos.<\/p>\n<p>En el caso de reducciones, las que est\u00e1n vinculadas a ser familia numerosa, familia monoparental y\/o minusval\u00edas no requieren entrega de documentaci\u00f3n porque la comprobaci\u00f3n de datos se har\u00e1 de oficio. Para el resto de deducciones es necesario remitir el documento al mail <a href=\"mailto:escuelamusica@pamplona.es\">escuelamusica@pamplona.es<\/a> a partir de la publicaci\u00f3n de la lista de admisi\u00f3n, hasta el 6 de octubre. El pago se realizar\u00e1 en el momento de matriculaci\u00f3n, bien <em>on line<\/em> o bien por domiciliaci\u00f3n bancaria.<br \/>\n<script async src=\"\/\/pagead2.googlesyndication.com\/pagead\/js\/adsbygoogle.js\"><\/script><br \/>\n<!-- Noticias La Guia de Pamplona --><br \/>\n<ins class=\"adsbygoogle\"\nstyle=\"display:block\"\ndata-ad-client=\"ca-pub-6943679897239327\"\ndata-ad-slot=\"7048180777\"\ndata-ad-format=\"auto\"><\/ins><br \/>\n<script>\n(adsbygoogle = window.adsbygoogle || []).push({});\n<\/script><\/p>\n<p>&nbsp;<\/p>\n<h3>Agrupaciones instrumentales y vocales Escuela de M\u00fasica Joaqu\u00edn Maya<\/h3>\n<ul>\n<li>Plazo de preinscripci\u00f3n: hasta el 22 de septiembre (on line)<\/li>\n<li>Publicaci\u00f3n de listas de admitidos: 4 de octubre<\/li>\n<li>Matriculaci\u00f3n: 10 y 11 de octubre (on line)<\/li>\n<\/ul>\n","protected":false},"excerpt":{"rendered":"<p>Las personas interesadas pueden preinscribirse hasta el d\u00eda 22, a trav\u00e9s de la p\u00e1gina web www.pamplona.es\/escuelademusica<\/p>\n","protected":false},"author":1,"featured_media":42723,"comment_status":"open","ping_status":"closed","sticky":false,"template":"","format":"standard","meta":{"footnotes":""},"categories":[2],"tags":[],"class_list":["post-47324","post","type-post","status-publish","format-standard","has-post-thumbnail","hentry","category-ayuntamiento-pamplona"],"yoast_head":"<!-- This site is optimized with the Yoast SEO plugin v27.3 - https:\/\/yoast.com\/product\/yoast-seo-wordpress\/ -->\n<title>La Escuela de M\u00fasica Joaqu\u00edn Maya comienza el curso escolar con un millar de alumnos y abre la inscripci\u00f3n para agrupaciones vocales e instrumentales a no matriculados<\/title>\n<meta name=\"robots\" content=\"index, follow, max-snippet:-1, max-image-preview:large, max-video-preview:-1\" \/>\n<link rel=\"canonical\" href=\"https:\/\/www.laguiadepamplona.com\/actualidad\/la-escuela-de-musica-joaquin-maya-comienza-el-curso-escolar-con-un-millar-de-alumnos-y-abre-la-inscripcion-para-agrupaciones-vocales-e-instrumentales-a-no-matriculados\/\" \/>\n<meta property=\"og:locale\" content=\"es_ES\" \/>\n<meta property=\"og:type\" content=\"article\" \/>\n<meta property=\"og:title\" content=\"La Escuela de M\u00fasica Joaqu\u00edn Maya comienza el curso escolar con un millar de alumnos y abre la inscripci\u00f3n para agrupaciones vocales e instrumentales a no matriculados\" \/>\n<meta property=\"og:description\" content=\"Las personas interesadas pueden preinscribirse hasta el d\u00eda 22, a trav\u00e9s de la p\u00e1gina web www.pamplona.es\/escuelademusica\" \/>\n<meta property=\"og:url\" content=\"https:\/\/www.laguiadepamplona.com\/actualidad\/la-escuela-de-musica-joaquin-maya-comienza-el-curso-escolar-con-un-millar-de-alumnos-y-abre-la-inscripcion-para-agrupaciones-vocales-e-instrumentales-a-no-matriculados\/\" \/>\n<meta property=\"og:site_name\" content=\"La Gu\u00eda de Pamplona\" \/>\n<meta property=\"article:publisher\" content=\"https:\/\/www.facebook.com\/laguiadepamplonacom-133175176762273\/?ref=hl\" \/>\n<meta property=\"article:published_time\" content=\"2023-09-12T16:22:53+00:00\" \/>\n<meta property=\"og:image\" content=\"https:\/\/www.laguiadepamplona.com\/actualidad\/wp-content\/uploads\/2023\/01\/contrabajo-escuela-musica-joaquin-maya.webp\" \/>\n\t<meta property=\"og:image:width\" content=\"1920\" \/>\n\t<meta property=\"og:image:height\" content=\"1280\" \/>\n\t<meta property=\"og:image:type\" content=\"image\/webp\" \/>\n<meta name=\"author\" content=\"La Gu\u00eda de Pamplona\" \/>\n<meta name=\"twitter:card\" content=\"summary_large_image\" \/>\n<meta name=\"twitter:creator\" content=\"@LaGuiadPamplona\" \/>\n<meta name=\"twitter:site\" content=\"@LaGuiadPamplona\" \/>\n<meta name=\"twitter:label1\" content=\"Escrito por\" \/>\n\t<meta name=\"twitter:data1\" content=\"La Gu\u00eda de Pamplona\" \/>\n\t<meta name=\"twitter:label2\" content=\"Tiempo de lectura\" \/>\n\t<meta name=\"twitter:data2\" content=\"3 minutos\" \/>\n<script type=\"application\/ld+json\" class=\"yoast-schema-graph\">{\"@context\":\"https:\\\/\\\/schema.org\",\"@graph\":[{\"@type\":\"Article\",\"@id\":\"https:\\\/\\\/www.laguiadepamplona.com\\\/actualidad\\\/la-escuela-de-musica-joaquin-maya-comienza-el-curso-escolar-con-un-millar-de-alumnos-y-abre-la-inscripcion-para-agrupaciones-vocales-e-instrumentales-a-no-matriculados\\\/#article\",\"isPartOf\":{\"@id\":\"https:\\\/\\\/www.laguiadepamplona.com\\\/actualidad\\\/la-escuela-de-musica-joaquin-maya-comienza-el-curso-escolar-con-un-millar-de-alumnos-y-abre-la-inscripcion-para-agrupaciones-vocales-e-instrumentales-a-no-matriculados\\\/\"},\"author\":{\"name\":\"La Gu\u00eda de Pamplona\",\"@id\":\"https:\\\/\\\/www.laguiadepamplona.com\\\/actualidad\\\/#\\\/schema\\\/person\\\/efe887376f0213d4657c93adc50b1fdb\"},\"headline\":\"La Escuela de M\u00fasica Joaqu\u00edn Maya comienza el curso escolar con un millar de alumnos y abre la inscripci\u00f3n para agrupaciones vocales e instrumentales a no matriculados\",\"datePublished\":\"2023-09-12T16:22:53+00:00\",\"mainEntityOfPage\":{\"@id\":\"https:\\\/\\\/www.laguiadepamplona.com\\\/actualidad\\\/la-escuela-de-musica-joaquin-maya-comienza-el-curso-escolar-con-un-millar-de-alumnos-y-abre-la-inscripcion-para-agrupaciones-vocales-e-instrumentales-a-no-matriculados\\\/\"},\"wordCount\":561,\"commentCount\":0,\"publisher\":{\"@id\":\"https:\\\/\\\/www.laguiadepamplona.com\\\/actualidad\\\/#organization\"},\"image\":{\"@id\":\"https:\\\/\\\/www.laguiadepamplona.com\\\/actualidad\\\/la-escuela-de-musica-joaquin-maya-comienza-el-curso-escolar-con-un-millar-de-alumnos-y-abre-la-inscripcion-para-agrupaciones-vocales-e-instrumentales-a-no-matriculados\\\/#primaryimage\"},\"thumbnailUrl\":\"https:\\\/\\\/www.laguiadepamplona.com\\\/actualidad\\\/wp-content\\\/uploads\\\/2023\\\/01\\\/contrabajo-escuela-musica-joaquin-maya.webp\",\"articleSection\":[\"Ayto Pamplona\"],\"inLanguage\":\"es\",\"potentialAction\":[{\"@type\":\"CommentAction\",\"name\":\"Comment\",\"target\":[\"https:\\\/\\\/www.laguiadepamplona.com\\\/actualidad\\\/la-escuela-de-musica-joaquin-maya-comienza-el-curso-escolar-con-un-millar-de-alumnos-y-abre-la-inscripcion-para-agrupaciones-vocales-e-instrumentales-a-no-matriculados\\\/#respond\"]}]},{\"@type\":\"WebPage\",\"@id\":\"https:\\\/\\\/www.laguiadepamplona.com\\\/actualidad\\\/la-escuela-de-musica-joaquin-maya-comienza-el-curso-escolar-con-un-millar-de-alumnos-y-abre-la-inscripcion-para-agrupaciones-vocales-e-instrumentales-a-no-matriculados\\\/\",\"url\":\"https:\\\/\\\/www.laguiadepamplona.com\\\/actualidad\\\/la-escuela-de-musica-joaquin-maya-comienza-el-curso-escolar-con-un-millar-de-alumnos-y-abre-la-inscripcion-para-agrupaciones-vocales-e-instrumentales-a-no-matriculados\\\/\",\"name\":\"La Escuela de M\u00fasica Joaqu\u00edn Maya comienza el curso escolar con un millar de alumnos y abre la inscripci\u00f3n para agrupaciones vocales e instrumentales a no matriculados\",\"isPartOf\":{\"@id\":\"https:\\\/\\\/www.laguiadepamplona.com\\\/actualidad\\\/#website\"},\"primaryImageOfPage\":{\"@id\":\"https:\\\/\\\/www.laguiadepamplona.com\\\/actualidad\\\/la-escuela-de-musica-joaquin-maya-comienza-el-curso-escolar-con-un-millar-de-alumnos-y-abre-la-inscripcion-para-agrupaciones-vocales-e-instrumentales-a-no-matriculados\\\/#primaryimage\"},\"image\":{\"@id\":\"https:\\\/\\\/www.laguiadepamplona.com\\\/actualidad\\\/la-escuela-de-musica-joaquin-maya-comienza-el-curso-escolar-con-un-millar-de-alumnos-y-abre-la-inscripcion-para-agrupaciones-vocales-e-instrumentales-a-no-matriculados\\\/#primaryimage\"},\"thumbnailUrl\":\"https:\\\/\\\/www.laguiadepamplona.com\\\/actualidad\\\/wp-content\\\/uploads\\\/2023\\\/01\\\/contrabajo-escuela-musica-joaquin-maya.webp\",\"datePublished\":\"2023-09-12T16:22:53+00:00\",\"breadcrumb\":{\"@id\":\"https:\\\/\\\/www.laguiadepamplona.com\\\/actualidad\\\/la-escuela-de-musica-joaquin-maya-comienza-el-curso-escolar-con-un-millar-de-alumnos-y-abre-la-inscripcion-para-agrupaciones-vocales-e-instrumentales-a-no-matriculados\\\/#breadcrumb\"},\"inLanguage\":\"es\",\"potentialAction\":[{\"@type\":\"ReadAction\",\"target\":[\"https:\\\/\\\/www.laguiadepamplona.com\\\/actualidad\\\/la-escuela-de-musica-joaquin-maya-comienza-el-curso-escolar-con-un-millar-de-alumnos-y-abre-la-inscripcion-para-agrupaciones-vocales-e-instrumentales-a-no-matriculados\\\/\"]}]},{\"@type\":\"ImageObject\",\"inLanguage\":\"es\",\"@id\":\"https:\\\/\\\/www.laguiadepamplona.com\\\/actualidad\\\/la-escuela-de-musica-joaquin-maya-comienza-el-curso-escolar-con-un-millar-de-alumnos-y-abre-la-inscripcion-para-agrupaciones-vocales-e-instrumentales-a-no-matriculados\\\/#primaryimage\",\"url\":\"https:\\\/\\\/www.laguiadepamplona.com\\\/actualidad\\\/wp-content\\\/uploads\\\/2023\\\/01\\\/contrabajo-escuela-musica-joaquin-maya.webp\",\"contentUrl\":\"https:\\\/\\\/www.laguiadepamplona.com\\\/actualidad\\\/wp-content\\\/uploads\\\/2023\\\/01\\\/contrabajo-escuela-musica-joaquin-maya.webp\",\"width\":1920,\"height\":1280,\"caption\":\"escuela m\u00fasica joaquin maya\"},{\"@type\":\"BreadcrumbList\",\"@id\":\"https:\\\/\\\/www.laguiadepamplona.com\\\/actualidad\\\/la-escuela-de-musica-joaquin-maya-comienza-el-curso-escolar-con-un-millar-de-alumnos-y-abre-la-inscripcion-para-agrupaciones-vocales-e-instrumentales-a-no-matriculados\\\/#breadcrumb\",\"itemListElement\":[{\"@type\":\"ListItem\",\"position\":1,\"name\":\"Portada\",\"item\":\"https:\\\/\\\/www.laguiadepamplona.com\\\/actualidad\\\/\"},{\"@type\":\"ListItem\",\"position\":2,\"name\":\"La Escuela de M\u00fasica Joaqu\u00edn Maya comienza el curso escolar con un millar de alumnos y abre la inscripci\u00f3n para agrupaciones vocales e instrumentales a no matriculados\"}]},{\"@type\":\"WebSite\",\"@id\":\"https:\\\/\\\/www.laguiadepamplona.com\\\/actualidad\\\/#website\",\"url\":\"https:\\\/\\\/www.laguiadepamplona.com\\\/actualidad\\\/\",\"name\":\"La gu\u00eda de Pamplona\",\"description\":\"Noticias de Pamplona\",\"publisher\":{\"@id\":\"https:\\\/\\\/www.laguiadepamplona.com\\\/actualidad\\\/#organization\"},\"potentialAction\":[{\"@type\":\"SearchAction\",\"target\":{\"@type\":\"EntryPoint\",\"urlTemplate\":\"https:\\\/\\\/www.laguiadepamplona.com\\\/actualidad\\\/?s={search_term_string}\"},\"query-input\":{\"@type\":\"PropertyValueSpecification\",\"valueRequired\":true,\"valueName\":\"search_term_string\"}}],\"inLanguage\":\"es\"},{\"@type\":\"Organization\",\"@id\":\"https:\\\/\\\/www.laguiadepamplona.com\\\/actualidad\\\/#organization\",\"name\":\"La Gu\u00eda de Pamplona \\\/ Noticias\",\"url\":\"https:\\\/\\\/www.laguiadepamplona.com\\\/actualidad\\\/\",\"logo\":{\"@type\":\"ImageObject\",\"inLanguage\":\"es\",\"@id\":\"https:\\\/\\\/www.laguiadepamplona.com\\\/actualidad\\\/#\\\/schema\\\/logo\\\/image\\\/\",\"url\":\"https:\\\/\\\/www.laguiadepamplona.com\\\/actualidad\\\/wp-content\\\/uploads\\\/2018\\\/11\\\/logo-laguiadepamplona18-web1.png\",\"contentUrl\":\"https:\\\/\\\/www.laguiadepamplona.com\\\/actualidad\\\/wp-content\\\/uploads\\\/2018\\\/11\\\/logo-laguiadepamplona18-web1.png\",\"width\":600,\"height\":196,\"caption\":\"La Gu\u00eda de Pamplona \\\/ Noticias\"},\"image\":{\"@id\":\"https:\\\/\\\/www.laguiadepamplona.com\\\/actualidad\\\/#\\\/schema\\\/logo\\\/image\\\/\"},\"sameAs\":[\"https:\\\/\\\/www.facebook.com\\\/laguiadepamplonacom-133175176762273\\\/?ref=hl\",\"https:\\\/\\\/x.com\\\/LaGuiadPamplona\",\"https:\\\/\\\/www.instagram.com\\\/la_guia_de_pamplona\\\/\",\"https:\\\/\\\/www.youtube.com\\\/user\\\/laguiadepamplona\"]},{\"@type\":\"Person\",\"@id\":\"https:\\\/\\\/www.laguiadepamplona.com\\\/actualidad\\\/#\\\/schema\\\/person\\\/efe887376f0213d4657c93adc50b1fdb\",\"name\":\"La Gu\u00eda de Pamplona\",\"image\":{\"@type\":\"ImageObject\",\"inLanguage\":\"es\",\"@id\":\"https:\\\/\\\/secure.gravatar.com\\\/avatar\\\/b6992f131dc8d30ab0dff15446e9d346d9dbd95992de0fef795073f5ea83a81c?s=96&d=mm&r=g\",\"url\":\"https:\\\/\\\/secure.gravatar.com\\\/avatar\\\/b6992f131dc8d30ab0dff15446e9d346d9dbd95992de0fef795073f5ea83a81c?s=96&d=mm&r=g\",\"contentUrl\":\"https:\\\/\\\/secure.gravatar.com\\\/avatar\\\/b6992f131dc8d30ab0dff15446e9d346d9dbd95992de0fef795073f5ea83a81c?s=96&d=mm&r=g\",\"caption\":\"La Gu\u00eda de Pamplona\"}}]}<\/script>\n<!-- \/ Yoast SEO plugin. -->","yoast_head_json":{"title":"La Escuela de M\u00fasica Joaqu\u00edn Maya comienza el curso escolar con un millar de alumnos y abre la inscripci\u00f3n para agrupaciones vocales e instrumentales a no matriculados","robots":{"index":"index","follow":"follow","max-snippet":"max-snippet:-1","max-image-preview":"max-image-preview:large","max-video-preview":"max-video-preview:-1"},"canonical":"https:\/\/www.laguiadepamplona.com\/actualidad\/la-escuela-de-musica-joaquin-maya-comienza-el-curso-escolar-con-un-millar-de-alumnos-y-abre-la-inscripcion-para-agrupaciones-vocales-e-instrumentales-a-no-matriculados\/","og_locale":"es_ES","og_type":"article","og_title":"La Escuela de M\u00fasica Joaqu\u00edn Maya comienza el curso escolar con un millar de alumnos y abre la inscripci\u00f3n para agrupaciones vocales e instrumentales a no matriculados","og_description":"Las personas interesadas pueden preinscribirse hasta el d\u00eda 22, a trav\u00e9s de la p\u00e1gina web www.pamplona.es\/escuelademusica","og_url":"https:\/\/www.laguiadepamplona.com\/actualidad\/la-escuela-de-musica-joaquin-maya-comienza-el-curso-escolar-con-un-millar-de-alumnos-y-abre-la-inscripcion-para-agrupaciones-vocales-e-instrumentales-a-no-matriculados\/","og_site_name":"La Gu\u00eda de Pamplona","article_publisher":"https:\/\/www.facebook.com\/laguiadepamplonacom-133175176762273\/?ref=hl","article_published_time":"2023-09-12T16:22:53+00:00","og_image":[{"width":1920,"height":1280,"url":"https:\/\/www.laguiadepamplona.com\/actualidad\/wp-content\/uploads\/2023\/01\/contrabajo-escuela-musica-joaquin-maya.webp","type":"image\/webp"}],"author":"La Gu\u00eda de Pamplona","twitter_card":"summary_large_image","twitter_creator":"@LaGuiadPamplona","twitter_site":"@LaGuiadPamplona","twitter_misc":{"Escrito por":"La Gu\u00eda de Pamplona","Tiempo de lectura":"3 minutos"},"schema":{"@context":"https:\/\/schema.org","@graph":[{"@type":"Article","@id":"https:\/\/www.laguiadepamplona.com\/actualidad\/la-escuela-de-musica-joaquin-maya-comienza-el-curso-escolar-con-un-millar-de-alumnos-y-abre-la-inscripcion-para-agrupaciones-vocales-e-instrumentales-a-no-matriculados\/#article","isPartOf":{"@id":"https:\/\/www.laguiadepamplona.com\/actualidad\/la-escuela-de-musica-joaquin-maya-comienza-el-curso-escolar-con-un-millar-de-alumnos-y-abre-la-inscripcion-para-agrupaciones-vocales-e-instrumentales-a-no-matriculados\/"},"author":{"name":"La Gu\u00eda de Pamplona","@id":"https:\/\/www.laguiadepamplona.com\/actualidad\/#\/schema\/person\/efe887376f0213d4657c93adc50b1fdb"},"headline":"La Escuela de M\u00fasica Joaqu\u00edn Maya comienza el curso escolar con un millar de alumnos y abre la inscripci\u00f3n para agrupaciones vocales e instrumentales a no matriculados","datePublished":"2023-09-12T16:22:53+00:00","mainEntityOfPage":{"@id":"https:\/\/www.laguiadepamplona.com\/actualidad\/la-escuela-de-musica-joaquin-maya-comienza-el-curso-escolar-con-un-millar-de-alumnos-y-abre-la-inscripcion-para-agrupaciones-vocales-e-instrumentales-a-no-matriculados\/"},"wordCount":561,"commentCount":0,"publisher":{"@id":"https:\/\/www.laguiadepamplona.com\/actualidad\/#organization"},"image":{"@id":"https:\/\/www.laguiadepamplona.com\/actualidad\/la-escuela-de-musica-joaquin-maya-comienza-el-curso-escolar-con-un-millar-de-alumnos-y-abre-la-inscripcion-para-agrupaciones-vocales-e-instrumentales-a-no-matriculados\/#primaryimage"},"thumbnailUrl":"https:\/\/www.laguiadepamplona.com\/actualidad\/wp-content\/uploads\/2023\/01\/contrabajo-escuela-musica-joaquin-maya.webp","articleSection":["Ayto Pamplona"],"inLanguage":"es","potentialAction":[{"@type":"CommentAction","name":"Comment","target":["https:\/\/www.laguiadepamplona.com\/actualidad\/la-escuela-de-musica-joaquin-maya-comienza-el-curso-escolar-con-un-millar-de-alumnos-y-abre-la-inscripcion-para-agrupaciones-vocales-e-instrumentales-a-no-matriculados\/#respond"]}]},{"@type":"WebPage","@id":"https:\/\/www.laguiadepamplona.com\/actualidad\/la-escuela-de-musica-joaquin-maya-comienza-el-curso-escolar-con-un-millar-de-alumnos-y-abre-la-inscripcion-para-agrupaciones-vocales-e-instrumentales-a-no-matriculados\/","url":"https:\/\/www.laguiadepamplona.com\/actualidad\/la-escuela-de-musica-joaquin-maya-comienza-el-curso-escolar-con-un-millar-de-alumnos-y-abre-la-inscripcion-para-agrupaciones-vocales-e-instrumentales-a-no-matriculados\/","name":"La Escuela de M\u00fasica Joaqu\u00edn Maya comienza el curso escolar con un millar de alumnos y abre la inscripci\u00f3n para agrupaciones vocales e instrumentales a no matriculados","isPartOf":{"@id":"https:\/\/www.laguiadepamplona.com\/actualidad\/#website"},"primaryImageOfPage":{"@id":"https:\/\/www.laguiadepamplona.com\/actualidad\/la-escuela-de-musica-joaquin-maya-comienza-el-curso-escolar-con-un-millar-de-alumnos-y-abre-la-inscripcion-para-agrupaciones-vocales-e-instrumentales-a-no-matriculados\/#primaryimage"},"image":{"@id":"https:\/\/www.laguiadepamplona.com\/actualidad\/la-escuela-de-musica-joaquin-maya-comienza-el-curso-escolar-con-un-millar-de-alumnos-y-abre-la-inscripcion-para-agrupaciones-vocales-e-instrumentales-a-no-matriculados\/#primaryimage"},"thumbnailUrl":"https:\/\/www.laguiadepamplona.com\/actualidad\/wp-content\/uploads\/2023\/01\/contrabajo-escuela-musica-joaquin-maya.webp","datePublished":"2023-09-12T16:22:53+00:00","breadcrumb":{"@id":"https:\/\/www.laguiadepamplona.com\/actualidad\/la-escuela-de-musica-joaquin-maya-comienza-el-curso-escolar-con-un-millar-de-alumnos-y-abre-la-inscripcion-para-agrupaciones-vocales-e-instrumentales-a-no-matriculados\/#breadcrumb"},"inLanguage":"es","potentialAction":[{"@type":"ReadAction","target":["https:\/\/www.laguiadepamplona.com\/actualidad\/la-escuela-de-musica-joaquin-maya-comienza-el-curso-escolar-con-un-millar-de-alumnos-y-abre-la-inscripcion-para-agrupaciones-vocales-e-instrumentales-a-no-matriculados\/"]}]},{"@type":"ImageObject","inLanguage":"es","@id":"https:\/\/www.laguiadepamplona.com\/actualidad\/la-escuela-de-musica-joaquin-maya-comienza-el-curso-escolar-con-un-millar-de-alumnos-y-abre-la-inscripcion-para-agrupaciones-vocales-e-instrumentales-a-no-matriculados\/#primaryimage","url":"https:\/\/www.laguiadepamplona.com\/actualidad\/wp-content\/uploads\/2023\/01\/contrabajo-escuela-musica-joaquin-maya.webp","contentUrl":"https:\/\/www.laguiadepamplona.com\/actualidad\/wp-content\/uploads\/2023\/01\/contrabajo-escuela-musica-joaquin-maya.webp","width":1920,"height":1280,"caption":"escuela m\u00fasica joaquin maya"},{"@type":"BreadcrumbList","@id":"https:\/\/www.laguiadepamplona.com\/actualidad\/la-escuela-de-musica-joaquin-maya-comienza-el-curso-escolar-con-un-millar-de-alumnos-y-abre-la-inscripcion-para-agrupaciones-vocales-e-instrumentales-a-no-matriculados\/#breadcrumb","itemListElement":[{"@type":"ListItem","position":1,"name":"Portada","item":"https:\/\/www.laguiadepamplona.com\/actualidad\/"},{"@type":"ListItem","position":2,"name":"La Escuela de M\u00fasica Joaqu\u00edn Maya comienza el curso escolar con un millar de alumnos y abre la inscripci\u00f3n para agrupaciones vocales e instrumentales a no matriculados"}]},{"@type":"WebSite","@id":"https:\/\/www.laguiadepamplona.com\/actualidad\/#website","url":"https:\/\/www.laguiadepamplona.com\/actualidad\/","name":"La gu\u00eda de Pamplona","description":"Noticias de Pamplona","publisher":{"@id":"https:\/\/www.laguiadepamplona.com\/actualidad\/#organization"},"potentialAction":[{"@type":"SearchAction","target":{"@type":"EntryPoint","urlTemplate":"https:\/\/www.laguiadepamplona.com\/actualidad\/?s={search_term_string}"},"query-input":{"@type":"PropertyValueSpecification","valueRequired":true,"valueName":"search_term_string"}}],"inLanguage":"es"},{"@type":"Organization","@id":"https:\/\/www.laguiadepamplona.com\/actualidad\/#organization","name":"La Gu\u00eda de Pamplona \/ Noticias","url":"https:\/\/www.laguiadepamplona.com\/actualidad\/","logo":{"@type":"ImageObject","inLanguage":"es","@id":"https:\/\/www.laguiadepamplona.com\/actualidad\/#\/schema\/logo\/image\/","url":"https:\/\/www.laguiadepamplona.com\/actualidad\/wp-content\/uploads\/2018\/11\/logo-laguiadepamplona18-web1.png","contentUrl":"https:\/\/www.laguiadepamplona.com\/actualidad\/wp-content\/uploads\/2018\/11\/logo-laguiadepamplona18-web1.png","width":600,"height":196,"caption":"La Gu\u00eda de Pamplona \/ Noticias"},"image":{"@id":"https:\/\/www.laguiadepamplona.com\/actualidad\/#\/schema\/logo\/image\/"},"sameAs":["https:\/\/www.facebook.com\/laguiadepamplonacom-133175176762273\/?ref=hl","https:\/\/x.com\/LaGuiadPamplona","https:\/\/www.instagram.com\/la_guia_de_pamplona\/","https:\/\/www.youtube.com\/user\/laguiadepamplona"]},{"@type":"Person","@id":"https:\/\/www.laguiadepamplona.com\/actualidad\/#\/schema\/person\/efe887376f0213d4657c93adc50b1fdb","name":"La Gu\u00eda de Pamplona","image":{"@type":"ImageObject","inLanguage":"es","@id":"https:\/\/secure.gravatar.com\/avatar\/b6992f131dc8d30ab0dff15446e9d346d9dbd95992de0fef795073f5ea83a81c?s=96&d=mm&r=g","url":"https:\/\/secure.gravatar.com\/avatar\/b6992f131dc8d30ab0dff15446e9d346d9dbd95992de0fef795073f5ea83a81c?s=96&d=mm&r=g","contentUrl":"https:\/\/secure.gravatar.com\/avatar\/b6992f131dc8d30ab0dff15446e9d346d9dbd95992de0fef795073f5ea83a81c?s=96&d=mm&r=g","caption":"La Gu\u00eda de Pamplona"}}]}},"post_mailing_queue_ids":[],"_links":{"self":[{"href":"https:\/\/www.laguiadepamplona.com\/actualidad\/wp-json\/wp\/v2\/posts\/47324","targetHints":{"allow":["GET"]}}],"collection":[{"href":"https:\/\/www.laguiadepamplona.com\/actualidad\/wp-json\/wp\/v2\/posts"}],"about":[{"href":"https:\/\/www.laguiadepamplona.com\/actualidad\/wp-json\/wp\/v2\/types\/post"}],"author":[{"embeddable":true,"href":"https:\/\/www.laguiadepamplona.com\/actualidad\/wp-json\/wp\/v2\/users\/1"}],"replies":[{"embeddable":true,"href":"https:\/\/www.laguiadepamplona.com\/actualidad\/wp-json\/wp\/v2\/comments?post=47324"}],"version-history":[{"count":1,"href":"https:\/\/www.laguiadepamplona.com\/actualidad\/wp-json\/wp\/v2\/posts\/47324\/revisions"}],"predecessor-version":[{"id":47325,"href":"https:\/\/www.laguiadepamplona.com\/actualidad\/wp-json\/wp\/v2\/posts\/47324\/revisions\/47325"}],"wp:featuredmedia":[{"embeddable":true,"href":"https:\/\/www.laguiadepamplona.com\/actualidad\/wp-json\/wp\/v2\/media\/42723"}],"wp:attachment":[{"href":"https:\/\/www.laguiadepamplona.com\/actualidad\/wp-json\/wp\/v2\/media?parent=47324"}],"wp:term":[{"taxonomy":"category","embeddable":true,"href":"https:\/\/www.laguiadepamplona.com\/actualidad\/wp-json\/wp\/v2\/categories?post=47324"},{"taxonomy":"post_tag","embeddable":true,"href":"https:\/\/www.laguiadepamplona.com\/actualidad\/wp-json\/wp\/v2\/tags?post=47324"}],"curies":[{"name":"wp","href":"https:\/\/api.w.org\/{rel}","templated":true}]}}