{"id":47319,"date":"2023-08-22T18:35:29","date_gmt":"2023-08-22T16:35:29","guid":{"rendered":"https:\/\/www.laguiadepamplona.com\/actualidad\/?p=47319"},"modified":"2023-08-22T18:35:29","modified_gmt":"2023-08-22T16:35:29","slug":"la-alcaldesa-cristina-ibarrola-participa-este-miercoles-en-la-apertura-de-la-quinta-edicion-de-los-cursos-europeos-de-verano-cev-que-se-celebra-en-pamplona","status":"publish","type":"post","link":"https:\/\/www.laguiadepamplona.com\/actualidad\/la-alcaldesa-cristina-ibarrola-participa-este-miercoles-en-la-apertura-de-la-quinta-edicion-de-los-cursos-europeos-de-verano-cev-que-se-celebra-en-pamplona\/","title":{"rendered":"La alcaldesa Cristina Ibarrola participa este mi\u00e9rcoles en la apertura de la quinta edici\u00f3n de los Cursos Europeos de Verano (CEV) que se celebra en Pamplona"},"content":{"rendered":"<h3>Con el t\u00edtulo \u2018Un nuevo liderazgo para Europa\u2019, el programa fomenta la reflexi\u00f3n y el intercambio de ideas sobre los retos de la Uni\u00f3n Europea<\/h3>\n<p><!--more--><\/p>\n<p>La alcaldesa de Pamplona, Cristina Ibarrola, participa <strong><u>este mi\u00e9rcoles a las diez de la ma\u00f1ana<\/u><\/strong> en la apertura de la quinta edici\u00f3n de los Cursos Europeos de Verano (CEV), en el Colegio de M\u00e9dicos. Con el t\u00edtulo \u2018Un nuevo liderazgo para Europa\u2019, los cursos abordan desde este mi\u00e9rcoles y hasta el viernes temas de relevancia relacionados con la Uni\u00f3n Europea, incluida la presidencia espa\u00f1ola del Consejo de la Uni\u00f3n Europea, las elecciones europeas de 2024 o la actual situaci\u00f3n geopol\u00edtica.<\/p>\n<p>Los cursos cuentan con una treintena de ponentes expertos y est\u00e1n organizados por Fundaci\u00f3n Diario de Navarra y Equipo Europa, asociaci\u00f3n de j\u00f3venes europe\u00edstas de Espa\u00f1a, con el objetivo de ofrecer informaci\u00f3n y crear debate sobre cuestiones de actualidad que afectan al conjunto de la Uni\u00f3n Europea. El comisario de la presente edici\u00f3n es Pablo Zalba, socio Responsable de Regulaci\u00f3n y Public Policy en Deloitte, exvicepresidente de la Comisi\u00f3n de Asuntos Econ\u00f3micos del Parlamento Europeo y expresidente del Instituto de Cr\u00e9dito Oficial.<\/p>\n<p>La quinta edici\u00f3n de los cursos cuenta con el apoyo del Grupo 9 de universidades p\u00fablicas espa\u00f1olas y el Parlamento Europeo, y el patrocinio de \u2018Hablamos de Europa\u2019, iniciativa del Ministerio de Asuntos Exteriores, Uni\u00f3n Europea y Cooperaci\u00f3n del Gobierno de Espa\u00f1a, el Ayuntamiento de Pamplona y Caja Rural de Navarra. Tambi\u00e9n colaboran la Confederaci\u00f3n Empresarial de Navarra y la C\u00e1mara de Comercio de Navarra.<br \/>\n<script async src=\"\/\/pagead2.googlesyndication.com\/pagead\/js\/adsbygoogle.js\"><\/script><br \/>\n<!-- Noticias La Guia de Pamplona --><br \/>\n<ins class=\"adsbygoogle\"\nstyle=\"display:block\"\ndata-ad-client=\"ca-pub-6943679897239327\"\ndata-ad-slot=\"7048180777\"\ndata-ad-format=\"auto\"><\/ins><br \/>\n<script>\n(adsbygoogle = window.adsbygoogle || []).push({});\n<\/script><\/p>\n<p><strong>Tres jornadas<\/strong><\/p>\n<p>Los Cursos Europeos de Verano que se inauguran este mi\u00e9rcoles incluyen la entrega del primer premio internacional Navarra Puerta de Europa a t\u00edtulo p\u00f3stumo a Josep Piqu\u00e9, exministro de Exteriores recientemente fallecido, as\u00ed como un debate sobre \u2018Defensa europea y geopol\u00edtica\u2019. El jueves se abre con la \u2018Ponencia sobre liderazgo en Europa\u2019, a cargo de Joaqu\u00edn Almunia, exvicepresidente de la Comisi\u00f3n Europea. A continuaci\u00f3n, se abordan los \u2018Retos econ\u00f3micos en la presidencia espa\u00f1ola del Consejo de la Uni\u00f3n Europea\u2019, \u2018El sector de la automoci\u00f3n ante el reto de la electrificaci\u00f3n\u2019 y \u2018El turismo ante el reto de la sostenibilidad\u2019, este \u00faltimo con la participaci\u00f3n de Clara Garc\u00eda Vali\u00f1o, concejala de Promoci\u00f3n Tur\u00edstica y Comercial del Ayuntamiento de Pamplona. Por \u00faltimo, el viernes se cierra la programaci\u00f3n con el debate en torno a las elecciones europeas de 2024, se abordan los \u2018Retos de pol\u00edtica monetaria: inflaci\u00f3n y euro digital\u2019, y de las universidades europeas. La entrega de diplomas pone fin a la edici\u00f3n de este a\u00f1o.<\/p>\n<p>Adem\u00e1s del programa matutino, <strong><u>este mi\u00e9rcoles a las cinco de la tarde <\/u><\/strong>la alcaldesa Cristina Ibarrola recibir\u00e1 en el Sal\u00f3n de Recepciones de la Casa Consistorial a los participantes en los cursos, que acuden posteriormente a una propuesta de sostenibilidad medioambiental de Equipo Europa para la presidencia espa\u00f1ola del Consejo de la Uni\u00f3n Europea, a las 18 horas en el Palacio del Condestable. El jueves por la tarde, a la misma hora, el Castillo de Javier alberga la Terraza Europa, patrocinada por el Instituto Navarro de la Juventud, en la que se tratar\u00e1 la precariedad juvenil.<\/p>\n<p>Toda la informaci\u00f3n sobre los V Cursos Europeos de Verano se puede consultar en la p\u00e1gina web <a href=\"https:\/\/cursoseuropeosdeverano.com\/\" target=\"_blank\" rel=\"noopener\">cursoseuropeosdeverano.com<\/a>.<br \/>\n<script async src=\"\/\/pagead2.googlesyndication.com\/pagead\/js\/adsbygoogle.js\"><\/script><br \/>\n<!-- Noticias La Guia de Pamplona --><br \/>\n<ins class=\"adsbygoogle\"\nstyle=\"display:block\"\ndata-ad-client=\"ca-pub-6943679897239327\"\ndata-ad-slot=\"7048180777\"\ndata-ad-format=\"auto\"><\/ins><br \/>\n<script>\n(adsbygoogle = window.adsbygoogle || []).push({});\n<\/script><\/p>\n<p>&nbsp;<\/p>\n<h3>V Cursos Europeos de Verano: \u2018Un Nuevo Liderazgo para Europa\u2019<\/h3>\n<h3>PROGRAMA<\/h3>\n<ul>\n<li>Las actividades matutinas son en el Colegio de M\u00e9dicos de Navarra (avenida de la Baja Navarra, 47)<\/li>\n<\/ul>\n<p>&nbsp;<\/p>\n<p><span style=\"color: #ff0000;\"><strong>MI\u00c9RCOLES 23 DE AGOSTO<\/strong><\/span><\/p>\n<ul>\n<li><strong>10:00: Inauguraci\u00f3n con presencia de Cristina Ibarrola, alcaldesa de Pamplona<\/strong>; Miguel \u00c1ngel Riezu, director Diario de Navarra; Pablo Zalba, comisario de los Cursos Europeos de Verano; Ignacio Ter\u00e9s, presidente de Caja Rural de Navarra; y Salvador Rueda, director General de Integraci\u00f3n y Coordinaci\u00f3n del Ministerio de Asuntos Exteriores<\/li>\n<li>10:30: Entrega del primer premio internacional \u2018Navarra Puerta de Europa\u2019, a t\u00edtulo p\u00f3stumo, a Josep Piqu\u00e9, exministro de Exteriores fallecido recientemente<\/li>\n<li>12:00: Defensa europea y geopol\u00edtica. Participan Anthony Gardner, vicepresidente segundo del Consejo de Iberdrola, antiguo embajador de EEUU ante la UE; Ana Palacio, exministra de Asuntos Exteriores, profesora visitante en Georgetown University; Frans van Daele, ministro de estado de B\u00e9lgica; Inmaculada Rodr\u00edguez Pi\u00f1ero, eurodiputada del Grupo de la Alianza Progresista de Socialistas y Dem\u00f3cratas. Modera: Pablo Zalba y David Lane, socio de Equipo Europa y asistente de investigaci\u00f3n en EsadeGeo<\/li>\n<li><strong>17:00: Ayuntamiento de Pamplona. Recepci\u00f3n de la alcaldesa Cristina Ibarrola a los participantes en los cursos de verano<\/strong><\/li>\n<li>18:00: Palacio del Condestable. Actividad Equipo Europa presidencia espa\u00f1ola. Entrada libre hasta completar aforo<\/li>\n<\/ul>\n<p>&nbsp;<br \/>\n<script async src=\"\/\/pagead2.googlesyndication.com\/pagead\/js\/adsbygoogle.js\"><\/script><br \/>\n<!-- Noticias La Guia de Pamplona --><br \/>\n<ins class=\"adsbygoogle\"\nstyle=\"display:block\"\ndata-ad-client=\"ca-pub-6943679897239327\"\ndata-ad-slot=\"7048180777\"\ndata-ad-format=\"auto\"><\/ins><br \/>\n<script>\n(adsbygoogle = window.adsbygoogle || []).push({});\n<\/script><\/p>\n<p><span style=\"color: #ff0000;\"><strong>JUEVES 24 DE AGOSTO<\/strong><\/span><\/p>\n<ul>\n<li>10:00: Ponencia sobre liderazgo en Europa. Joaqu\u00edn Almunia, exvicepresidente de la Comisi\u00f3n Europea.<\/li>\n<li>10:30: Retos econ\u00f3micos en la presidencia espa\u00f1ola del Consejo de la Uni\u00f3n Europea. Participan Pablo Zalba, comisario CEV; Joaqu\u00edn Almunia, exvicepresidente de la Comisi\u00f3n Europea; y Lucas Gonz\u00e1lez Ojeda, director en funciones de la Representaci\u00f3n de la Comisi\u00f3n Europea en Espa\u00f1a. Modera: Gonzalo Mart\u00edn, presidente de Equipo Europa.<\/li>\n<li>12:00: El sector de la automoci\u00f3n ante el reto de la electrificaci\u00f3n. Participan Edvard Ko\u017eu\u0161n\u00edk, viceministro de Industria de la Rep\u00fablica Checa; Roberto Lanaspa, presidente del cluster de automoci\u00f3n de ACAN; Mikel Irujo, consejero de Industria, Transici\u00f3n Ecol\u00f3gica y Digital Empresarial del Gobierno de Navarra. Modera: Carlos Fern\u00e1ndez Valdivielso secretario General de la Confederaci\u00f3n Empresarial de Navarra<\/li>\n<li>12:45: El turismo ante el reto de la sostenibilidad. Participan Clara Garc\u00eda Vali\u00f1o, concejala de Promoci\u00f3n Tur\u00edstica y Comercial; Javier Taberna, presidente de la C\u00e1mara de Comercio de Navarra; y Jos\u00e9 Valle Mart\u00ednez presidente de la C\u00e1mara de Comercio de Lanzarote y La Graciosa. Modera: Saioa Rol\u00e1n, coordinadora revista \u2018Conocer Navarra\u2019<\/li>\n<li>18:00: Castillo de Javier. Terraza Europa. Precariedad juvenil. Entrada libre hasta completar aforo<\/li>\n<\/ul>\n<p>&nbsp;<br \/>\n<script async src=\"\/\/pagead2.googlesyndication.com\/pagead\/js\/adsbygoogle.js\"><\/script><br \/>\n<!-- Noticias La Guia de Pamplona --><br \/>\n<ins class=\"adsbygoogle\"\nstyle=\"display:block\"\ndata-ad-client=\"ca-pub-6943679897239327\"\ndata-ad-slot=\"7048180777\"\ndata-ad-format=\"auto\"><\/ins><br \/>\n<script>\n(adsbygoogle = window.adsbygoogle || []).push({});\n<\/script><\/p>\n<p><span style=\"color: #ff0000;\"><strong>VIERNES 25 DE AGOSTO<\/strong><\/span><\/p>\n<ul>\n<li>10:00: Las elecciones europeas de 2024. Participan Adriana Maldonado, eurodiputada del PSOE; Eva Poptcheva, diputada al Parlamento Europeo; Rosa Mar\u00eda D\u00edaz Fern\u00e1ndez, directora general de Sigmados; y Rosa Estar\u00e1s, eurodiputada de PPE. Modera: Pablo Allende, Equipo Europa<\/li>\n<li>10:45: Retos de pol\u00edtica monetaria: inflaci\u00f3n y euro digital. Participan Margarita Delgado, subgobernadora del Banco de Espa\u00f1a; Burkhard Balz, miembro del Comit\u00e9 Ejecutivo del BundesBank; y \u00c1ngel Nigorra, director general de Bizum Espa\u00f1a. Modera: Pablo Zalba, comisario de los Cursos Europeos de Verano. Conclusiones: Miguel Garc\u00eda de Eulate, director \u00e1rea Tesorer\u00eda y Mercado de Capitales en Caja Rural de Navarra.<\/li>\n<li>12:00: Conferencia \u00c1ngel Pazos, rector de la Universidad de Cantabria y presidente rotatorio de Grupo 9<\/li>\n<li>12:20: Universidades Europeas. Participan Ram\u00f3n Gonzalo, rector de la UPNA; \u00c1ngel Pazos, rector de la Universidad de Cantabria; y Secundino Fern\u00e1ndez, vicerrector de Ordenaci\u00f3n Acad\u00e9mica de la la Universidad de Navarra. Modera: Edurne Garde, Equipo Europa<\/li>\n<li>13:30: Clausura y entrega de diplomas. Javier Larequi, vicepresidente de Equipo Europa Espa\u00f1a; Pablo Zalba, comisario de los Cursos Europeos de Verano; Luis Colina, presidente del Consejo de Administraci\u00f3n del Grupo La Informaci\u00f3n; y Juan Cruz Cigudosa, consejero de Universidad, Innovaci\u00f3n y Transformaci\u00f3n Digital del Gobierno de Navarra.<\/li>\n<\/ul>\n","protected":false},"excerpt":{"rendered":"<p>Con el t\u00edtulo \u2018Un nuevo liderazgo para Europa\u2019, el programa fomenta la reflexi\u00f3n y el intercambio de ideas sobre los retos de la Uni\u00f3n Europea<\/p>\n","protected":false},"author":1,"featured_media":47320,"comment_status":"open","ping_status":"closed","sticky":false,"template":"","format":"standard","meta":{"footnotes":""},"categories":[2],"tags":[],"class_list":["post-47319","post","type-post","status-publish","format-standard","has-post-thumbnail","hentry","category-ayuntamiento-pamplona"],"yoast_head":"<!-- This site is optimized with the Yoast SEO plugin v27.3 - https:\/\/yoast.com\/product\/yoast-seo-wordpress\/ -->\n<title>La alcaldesa Cristina Ibarrola participa este mi\u00e9rcoles en la apertura de la quinta edici\u00f3n de los Cursos Europeos de Verano (CEV) que se celebra en Pamplona<\/title>\n<meta name=\"description\" content=\"Con el t\u00edtulo \u2018Un nuevo liderazgo para Europa\u2019, el programa fomenta la reflexi\u00f3n y el intercambio de ideas sobre los retos de la Uni\u00f3n Europea\" \/>\n<meta name=\"robots\" content=\"index, follow, max-snippet:-1, max-image-preview:large, max-video-preview:-1\" \/>\n<link rel=\"canonical\" href=\"https:\/\/www.laguiadepamplona.com\/actualidad\/la-alcaldesa-cristina-ibarrola-participa-este-miercoles-en-la-apertura-de-la-quinta-edicion-de-los-cursos-europeos-de-verano-cev-que-se-celebra-en-pamplona\/\" \/>\n<meta property=\"og:locale\" content=\"es_ES\" \/>\n<meta property=\"og:type\" content=\"article\" \/>\n<meta property=\"og:title\" content=\"La alcaldesa Cristina Ibarrola participa este mi\u00e9rcoles en la apertura de la quinta edici\u00f3n de los Cursos Europeos de Verano (CEV) que se celebra en Pamplona\" \/>\n<meta property=\"og:description\" content=\"Con el t\u00edtulo \u2018Un nuevo liderazgo para Europa\u2019, el programa fomenta la reflexi\u00f3n y el intercambio de ideas sobre los retos de la Uni\u00f3n Europea\" \/>\n<meta property=\"og:url\" content=\"https:\/\/www.laguiadepamplona.com\/actualidad\/la-alcaldesa-cristina-ibarrola-participa-este-miercoles-en-la-apertura-de-la-quinta-edicion-de-los-cursos-europeos-de-verano-cev-que-se-celebra-en-pamplona\/\" \/>\n<meta property=\"og:site_name\" content=\"La Gu\u00eda de Pamplona\" \/>\n<meta property=\"article:publisher\" content=\"https:\/\/www.facebook.com\/laguiadepamplonacom-133175176762273\/?ref=hl\" \/>\n<meta property=\"article:published_time\" content=\"2023-08-22T16:35:29+00:00\" \/>\n<meta property=\"og:image\" content=\"https:\/\/www.laguiadepamplona.com\/actualidad\/wp-content\/uploads\/2023\/08\/cursos-europeos-verano-1024x371-1.webp\" \/>\n\t<meta property=\"og:image:width\" content=\"1024\" \/>\n\t<meta property=\"og:image:height\" content=\"371\" \/>\n\t<meta property=\"og:image:type\" content=\"image\/webp\" \/>\n<meta name=\"author\" content=\"La Gu\u00eda de Pamplona\" \/>\n<meta name=\"twitter:card\" content=\"summary_large_image\" \/>\n<meta name=\"twitter:creator\" content=\"@LaGuiadPamplona\" \/>\n<meta name=\"twitter:site\" content=\"@LaGuiadPamplona\" \/>\n<meta name=\"twitter:label1\" content=\"Escrito por\" \/>\n\t<meta name=\"twitter:data1\" content=\"La Gu\u00eda de Pamplona\" \/>\n\t<meta name=\"twitter:label2\" content=\"Tiempo de lectura\" \/>\n\t<meta name=\"twitter:data2\" content=\"6 minutos\" \/>\n<script type=\"application\/ld+json\" class=\"yoast-schema-graph\">{\"@context\":\"https:\\\/\\\/schema.org\",\"@graph\":[{\"@type\":\"Article\",\"@id\":\"https:\\\/\\\/www.laguiadepamplona.com\\\/actualidad\\\/la-alcaldesa-cristina-ibarrola-participa-este-miercoles-en-la-apertura-de-la-quinta-edicion-de-los-cursos-europeos-de-verano-cev-que-se-celebra-en-pamplona\\\/#article\",\"isPartOf\":{\"@id\":\"https:\\\/\\\/www.laguiadepamplona.com\\\/actualidad\\\/la-alcaldesa-cristina-ibarrola-participa-este-miercoles-en-la-apertura-de-la-quinta-edicion-de-los-cursos-europeos-de-verano-cev-que-se-celebra-en-pamplona\\\/\"},\"author\":{\"name\":\"La Gu\u00eda de Pamplona\",\"@id\":\"https:\\\/\\\/www.laguiadepamplona.com\\\/actualidad\\\/#\\\/schema\\\/person\\\/efe887376f0213d4657c93adc50b1fdb\"},\"headline\":\"La alcaldesa Cristina Ibarrola participa este mi\u00e9rcoles en la apertura de la quinta edici\u00f3n de los Cursos Europeos de Verano (CEV) que se celebra en Pamplona\",\"datePublished\":\"2023-08-22T16:35:29+00:00\",\"mainEntityOfPage\":{\"@id\":\"https:\\\/\\\/www.laguiadepamplona.com\\\/actualidad\\\/la-alcaldesa-cristina-ibarrola-participa-este-miercoles-en-la-apertura-de-la-quinta-edicion-de-los-cursos-europeos-de-verano-cev-que-se-celebra-en-pamplona\\\/\"},\"wordCount\":1262,\"commentCount\":0,\"publisher\":{\"@id\":\"https:\\\/\\\/www.laguiadepamplona.com\\\/actualidad\\\/#organization\"},\"image\":{\"@id\":\"https:\\\/\\\/www.laguiadepamplona.com\\\/actualidad\\\/la-alcaldesa-cristina-ibarrola-participa-este-miercoles-en-la-apertura-de-la-quinta-edicion-de-los-cursos-europeos-de-verano-cev-que-se-celebra-en-pamplona\\\/#primaryimage\"},\"thumbnailUrl\":\"https:\\\/\\\/www.laguiadepamplona.com\\\/actualidad\\\/wp-content\\\/uploads\\\/2023\\\/08\\\/cursos-europeos-verano-1024x371-1.webp\",\"articleSection\":[\"Ayto Pamplona\"],\"inLanguage\":\"es\",\"potentialAction\":[{\"@type\":\"CommentAction\",\"name\":\"Comment\",\"target\":[\"https:\\\/\\\/www.laguiadepamplona.com\\\/actualidad\\\/la-alcaldesa-cristina-ibarrola-participa-este-miercoles-en-la-apertura-de-la-quinta-edicion-de-los-cursos-europeos-de-verano-cev-que-se-celebra-en-pamplona\\\/#respond\"]}]},{\"@type\":\"WebPage\",\"@id\":\"https:\\\/\\\/www.laguiadepamplona.com\\\/actualidad\\\/la-alcaldesa-cristina-ibarrola-participa-este-miercoles-en-la-apertura-de-la-quinta-edicion-de-los-cursos-europeos-de-verano-cev-que-se-celebra-en-pamplona\\\/\",\"url\":\"https:\\\/\\\/www.laguiadepamplona.com\\\/actualidad\\\/la-alcaldesa-cristina-ibarrola-participa-este-miercoles-en-la-apertura-de-la-quinta-edicion-de-los-cursos-europeos-de-verano-cev-que-se-celebra-en-pamplona\\\/\",\"name\":\"La alcaldesa Cristina Ibarrola participa este mi\u00e9rcoles en la apertura de la quinta edici\u00f3n de los Cursos Europeos de Verano (CEV) que se celebra en Pamplona\",\"isPartOf\":{\"@id\":\"https:\\\/\\\/www.laguiadepamplona.com\\\/actualidad\\\/#website\"},\"primaryImageOfPage\":{\"@id\":\"https:\\\/\\\/www.laguiadepamplona.com\\\/actualidad\\\/la-alcaldesa-cristina-ibarrola-participa-este-miercoles-en-la-apertura-de-la-quinta-edicion-de-los-cursos-europeos-de-verano-cev-que-se-celebra-en-pamplona\\\/#primaryimage\"},\"image\":{\"@id\":\"https:\\\/\\\/www.laguiadepamplona.com\\\/actualidad\\\/la-alcaldesa-cristina-ibarrola-participa-este-miercoles-en-la-apertura-de-la-quinta-edicion-de-los-cursos-europeos-de-verano-cev-que-se-celebra-en-pamplona\\\/#primaryimage\"},\"thumbnailUrl\":\"https:\\\/\\\/www.laguiadepamplona.com\\\/actualidad\\\/wp-content\\\/uploads\\\/2023\\\/08\\\/cursos-europeos-verano-1024x371-1.webp\",\"datePublished\":\"2023-08-22T16:35:29+00:00\",\"description\":\"Con el t\u00edtulo \u2018Un nuevo liderazgo para Europa\u2019, el programa fomenta la reflexi\u00f3n y el intercambio de ideas sobre los retos de la Uni\u00f3n Europea\",\"breadcrumb\":{\"@id\":\"https:\\\/\\\/www.laguiadepamplona.com\\\/actualidad\\\/la-alcaldesa-cristina-ibarrola-participa-este-miercoles-en-la-apertura-de-la-quinta-edicion-de-los-cursos-europeos-de-verano-cev-que-se-celebra-en-pamplona\\\/#breadcrumb\"},\"inLanguage\":\"es\",\"potentialAction\":[{\"@type\":\"ReadAction\",\"target\":[\"https:\\\/\\\/www.laguiadepamplona.com\\\/actualidad\\\/la-alcaldesa-cristina-ibarrola-participa-este-miercoles-en-la-apertura-de-la-quinta-edicion-de-los-cursos-europeos-de-verano-cev-que-se-celebra-en-pamplona\\\/\"]}]},{\"@type\":\"ImageObject\",\"inLanguage\":\"es\",\"@id\":\"https:\\\/\\\/www.laguiadepamplona.com\\\/actualidad\\\/la-alcaldesa-cristina-ibarrola-participa-este-miercoles-en-la-apertura-de-la-quinta-edicion-de-los-cursos-europeos-de-verano-cev-que-se-celebra-en-pamplona\\\/#primaryimage\",\"url\":\"https:\\\/\\\/www.laguiadepamplona.com\\\/actualidad\\\/wp-content\\\/uploads\\\/2023\\\/08\\\/cursos-europeos-verano-1024x371-1.webp\",\"contentUrl\":\"https:\\\/\\\/www.laguiadepamplona.com\\\/actualidad\\\/wp-content\\\/uploads\\\/2023\\\/08\\\/cursos-europeos-verano-1024x371-1.webp\",\"width\":1024,\"height\":371,\"caption\":\"cursos europeos\"},{\"@type\":\"BreadcrumbList\",\"@id\":\"https:\\\/\\\/www.laguiadepamplona.com\\\/actualidad\\\/la-alcaldesa-cristina-ibarrola-participa-este-miercoles-en-la-apertura-de-la-quinta-edicion-de-los-cursos-europeos-de-verano-cev-que-se-celebra-en-pamplona\\\/#breadcrumb\",\"itemListElement\":[{\"@type\":\"ListItem\",\"position\":1,\"name\":\"Portada\",\"item\":\"https:\\\/\\\/www.laguiadepamplona.com\\\/actualidad\\\/\"},{\"@type\":\"ListItem\",\"position\":2,\"name\":\"La alcaldesa Cristina Ibarrola participa este mi\u00e9rcoles en la apertura de la quinta edici\u00f3n de los Cursos Europeos de Verano (CEV) que se celebra en Pamplona\"}]},{\"@type\":\"WebSite\",\"@id\":\"https:\\\/\\\/www.laguiadepamplona.com\\\/actualidad\\\/#website\",\"url\":\"https:\\\/\\\/www.laguiadepamplona.com\\\/actualidad\\\/\",\"name\":\"La gu\u00eda de Pamplona\",\"description\":\"Noticias de Pamplona\",\"publisher\":{\"@id\":\"https:\\\/\\\/www.laguiadepamplona.com\\\/actualidad\\\/#organization\"},\"potentialAction\":[{\"@type\":\"SearchAction\",\"target\":{\"@type\":\"EntryPoint\",\"urlTemplate\":\"https:\\\/\\\/www.laguiadepamplona.com\\\/actualidad\\\/?s={search_term_string}\"},\"query-input\":{\"@type\":\"PropertyValueSpecification\",\"valueRequired\":true,\"valueName\":\"search_term_string\"}}],\"inLanguage\":\"es\"},{\"@type\":\"Organization\",\"@id\":\"https:\\\/\\\/www.laguiadepamplona.com\\\/actualidad\\\/#organization\",\"name\":\"La Gu\u00eda de Pamplona \\\/ Noticias\",\"url\":\"https:\\\/\\\/www.laguiadepamplona.com\\\/actualidad\\\/\",\"logo\":{\"@type\":\"ImageObject\",\"inLanguage\":\"es\",\"@id\":\"https:\\\/\\\/www.laguiadepamplona.com\\\/actualidad\\\/#\\\/schema\\\/logo\\\/image\\\/\",\"url\":\"https:\\\/\\\/www.laguiadepamplona.com\\\/actualidad\\\/wp-content\\\/uploads\\\/2018\\\/11\\\/logo-laguiadepamplona18-web1.png\",\"contentUrl\":\"https:\\\/\\\/www.laguiadepamplona.com\\\/actualidad\\\/wp-content\\\/uploads\\\/2018\\\/11\\\/logo-laguiadepamplona18-web1.png\",\"width\":600,\"height\":196,\"caption\":\"La Gu\u00eda de Pamplona \\\/ Noticias\"},\"image\":{\"@id\":\"https:\\\/\\\/www.laguiadepamplona.com\\\/actualidad\\\/#\\\/schema\\\/logo\\\/image\\\/\"},\"sameAs\":[\"https:\\\/\\\/www.facebook.com\\\/laguiadepamplonacom-133175176762273\\\/?ref=hl\",\"https:\\\/\\\/x.com\\\/LaGuiadPamplona\",\"https:\\\/\\\/www.instagram.com\\\/la_guia_de_pamplona\\\/\",\"https:\\\/\\\/www.youtube.com\\\/user\\\/laguiadepamplona\"]},{\"@type\":\"Person\",\"@id\":\"https:\\\/\\\/www.laguiadepamplona.com\\\/actualidad\\\/#\\\/schema\\\/person\\\/efe887376f0213d4657c93adc50b1fdb\",\"name\":\"La Gu\u00eda de Pamplona\",\"image\":{\"@type\":\"ImageObject\",\"inLanguage\":\"es\",\"@id\":\"https:\\\/\\\/secure.gravatar.com\\\/avatar\\\/b6992f131dc8d30ab0dff15446e9d346d9dbd95992de0fef795073f5ea83a81c?s=96&d=mm&r=g\",\"url\":\"https:\\\/\\\/secure.gravatar.com\\\/avatar\\\/b6992f131dc8d30ab0dff15446e9d346d9dbd95992de0fef795073f5ea83a81c?s=96&d=mm&r=g\",\"contentUrl\":\"https:\\\/\\\/secure.gravatar.com\\\/avatar\\\/b6992f131dc8d30ab0dff15446e9d346d9dbd95992de0fef795073f5ea83a81c?s=96&d=mm&r=g\",\"caption\":\"La Gu\u00eda de Pamplona\"}}]}<\/script>\n<!-- \/ Yoast SEO plugin. -->","yoast_head_json":{"title":"La alcaldesa Cristina Ibarrola participa este mi\u00e9rcoles en la apertura de la quinta edici\u00f3n de los Cursos Europeos de Verano (CEV) que se celebra en Pamplona","description":"Con el t\u00edtulo \u2018Un nuevo liderazgo para Europa\u2019, el programa fomenta la reflexi\u00f3n y el intercambio de ideas sobre los retos de la Uni\u00f3n Europea","robots":{"index":"index","follow":"follow","max-snippet":"max-snippet:-1","max-image-preview":"max-image-preview:large","max-video-preview":"max-video-preview:-1"},"canonical":"https:\/\/www.laguiadepamplona.com\/actualidad\/la-alcaldesa-cristina-ibarrola-participa-este-miercoles-en-la-apertura-de-la-quinta-edicion-de-los-cursos-europeos-de-verano-cev-que-se-celebra-en-pamplona\/","og_locale":"es_ES","og_type":"article","og_title":"La alcaldesa Cristina Ibarrola participa este mi\u00e9rcoles en la apertura de la quinta edici\u00f3n de los Cursos Europeos de Verano (CEV) que se celebra en Pamplona","og_description":"Con el t\u00edtulo \u2018Un nuevo liderazgo para Europa\u2019, el programa fomenta la reflexi\u00f3n y el intercambio de ideas sobre los retos de la Uni\u00f3n Europea","og_url":"https:\/\/www.laguiadepamplona.com\/actualidad\/la-alcaldesa-cristina-ibarrola-participa-este-miercoles-en-la-apertura-de-la-quinta-edicion-de-los-cursos-europeos-de-verano-cev-que-se-celebra-en-pamplona\/","og_site_name":"La Gu\u00eda de Pamplona","article_publisher":"https:\/\/www.facebook.com\/laguiadepamplonacom-133175176762273\/?ref=hl","article_published_time":"2023-08-22T16:35:29+00:00","og_image":[{"width":1024,"height":371,"url":"https:\/\/www.laguiadepamplona.com\/actualidad\/wp-content\/uploads\/2023\/08\/cursos-europeos-verano-1024x371-1.webp","type":"image\/webp"}],"author":"La Gu\u00eda de Pamplona","twitter_card":"summary_large_image","twitter_creator":"@LaGuiadPamplona","twitter_site":"@LaGuiadPamplona","twitter_misc":{"Escrito por":"La Gu\u00eda de Pamplona","Tiempo de lectura":"6 minutos"},"schema":{"@context":"https:\/\/schema.org","@graph":[{"@type":"Article","@id":"https:\/\/www.laguiadepamplona.com\/actualidad\/la-alcaldesa-cristina-ibarrola-participa-este-miercoles-en-la-apertura-de-la-quinta-edicion-de-los-cursos-europeos-de-verano-cev-que-se-celebra-en-pamplona\/#article","isPartOf":{"@id":"https:\/\/www.laguiadepamplona.com\/actualidad\/la-alcaldesa-cristina-ibarrola-participa-este-miercoles-en-la-apertura-de-la-quinta-edicion-de-los-cursos-europeos-de-verano-cev-que-se-celebra-en-pamplona\/"},"author":{"name":"La Gu\u00eda de Pamplona","@id":"https:\/\/www.laguiadepamplona.com\/actualidad\/#\/schema\/person\/efe887376f0213d4657c93adc50b1fdb"},"headline":"La alcaldesa Cristina Ibarrola participa este mi\u00e9rcoles en la apertura de la quinta edici\u00f3n de los Cursos Europeos de Verano (CEV) que se celebra en Pamplona","datePublished":"2023-08-22T16:35:29+00:00","mainEntityOfPage":{"@id":"https:\/\/www.laguiadepamplona.com\/actualidad\/la-alcaldesa-cristina-ibarrola-participa-este-miercoles-en-la-apertura-de-la-quinta-edicion-de-los-cursos-europeos-de-verano-cev-que-se-celebra-en-pamplona\/"},"wordCount":1262,"commentCount":0,"publisher":{"@id":"https:\/\/www.laguiadepamplona.com\/actualidad\/#organization"},"image":{"@id":"https:\/\/www.laguiadepamplona.com\/actualidad\/la-alcaldesa-cristina-ibarrola-participa-este-miercoles-en-la-apertura-de-la-quinta-edicion-de-los-cursos-europeos-de-verano-cev-que-se-celebra-en-pamplona\/#primaryimage"},"thumbnailUrl":"https:\/\/www.laguiadepamplona.com\/actualidad\/wp-content\/uploads\/2023\/08\/cursos-europeos-verano-1024x371-1.webp","articleSection":["Ayto Pamplona"],"inLanguage":"es","potentialAction":[{"@type":"CommentAction","name":"Comment","target":["https:\/\/www.laguiadepamplona.com\/actualidad\/la-alcaldesa-cristina-ibarrola-participa-este-miercoles-en-la-apertura-de-la-quinta-edicion-de-los-cursos-europeos-de-verano-cev-que-se-celebra-en-pamplona\/#respond"]}]},{"@type":"WebPage","@id":"https:\/\/www.laguiadepamplona.com\/actualidad\/la-alcaldesa-cristina-ibarrola-participa-este-miercoles-en-la-apertura-de-la-quinta-edicion-de-los-cursos-europeos-de-verano-cev-que-se-celebra-en-pamplona\/","url":"https:\/\/www.laguiadepamplona.com\/actualidad\/la-alcaldesa-cristina-ibarrola-participa-este-miercoles-en-la-apertura-de-la-quinta-edicion-de-los-cursos-europeos-de-verano-cev-que-se-celebra-en-pamplona\/","name":"La alcaldesa Cristina Ibarrola participa este mi\u00e9rcoles en la apertura de la quinta edici\u00f3n de los Cursos Europeos de Verano (CEV) que se celebra en Pamplona","isPartOf":{"@id":"https:\/\/www.laguiadepamplona.com\/actualidad\/#website"},"primaryImageOfPage":{"@id":"https:\/\/www.laguiadepamplona.com\/actualidad\/la-alcaldesa-cristina-ibarrola-participa-este-miercoles-en-la-apertura-de-la-quinta-edicion-de-los-cursos-europeos-de-verano-cev-que-se-celebra-en-pamplona\/#primaryimage"},"image":{"@id":"https:\/\/www.laguiadepamplona.com\/actualidad\/la-alcaldesa-cristina-ibarrola-participa-este-miercoles-en-la-apertura-de-la-quinta-edicion-de-los-cursos-europeos-de-verano-cev-que-se-celebra-en-pamplona\/#primaryimage"},"thumbnailUrl":"https:\/\/www.laguiadepamplona.com\/actualidad\/wp-content\/uploads\/2023\/08\/cursos-europeos-verano-1024x371-1.webp","datePublished":"2023-08-22T16:35:29+00:00","description":"Con el t\u00edtulo \u2018Un nuevo liderazgo para Europa\u2019, el programa fomenta la reflexi\u00f3n y el intercambio de ideas sobre los retos de la Uni\u00f3n Europea","breadcrumb":{"@id":"https:\/\/www.laguiadepamplona.com\/actualidad\/la-alcaldesa-cristina-ibarrola-participa-este-miercoles-en-la-apertura-de-la-quinta-edicion-de-los-cursos-europeos-de-verano-cev-que-se-celebra-en-pamplona\/#breadcrumb"},"inLanguage":"es","potentialAction":[{"@type":"ReadAction","target":["https:\/\/www.laguiadepamplona.com\/actualidad\/la-alcaldesa-cristina-ibarrola-participa-este-miercoles-en-la-apertura-de-la-quinta-edicion-de-los-cursos-europeos-de-verano-cev-que-se-celebra-en-pamplona\/"]}]},{"@type":"ImageObject","inLanguage":"es","@id":"https:\/\/www.laguiadepamplona.com\/actualidad\/la-alcaldesa-cristina-ibarrola-participa-este-miercoles-en-la-apertura-de-la-quinta-edicion-de-los-cursos-europeos-de-verano-cev-que-se-celebra-en-pamplona\/#primaryimage","url":"https:\/\/www.laguiadepamplona.com\/actualidad\/wp-content\/uploads\/2023\/08\/cursos-europeos-verano-1024x371-1.webp","contentUrl":"https:\/\/www.laguiadepamplona.com\/actualidad\/wp-content\/uploads\/2023\/08\/cursos-europeos-verano-1024x371-1.webp","width":1024,"height":371,"caption":"cursos europeos"},{"@type":"BreadcrumbList","@id":"https:\/\/www.laguiadepamplona.com\/actualidad\/la-alcaldesa-cristina-ibarrola-participa-este-miercoles-en-la-apertura-de-la-quinta-edicion-de-los-cursos-europeos-de-verano-cev-que-se-celebra-en-pamplona\/#breadcrumb","itemListElement":[{"@type":"ListItem","position":1,"name":"Portada","item":"https:\/\/www.laguiadepamplona.com\/actualidad\/"},{"@type":"ListItem","position":2,"name":"La alcaldesa Cristina Ibarrola participa este mi\u00e9rcoles en la apertura de la quinta edici\u00f3n de los Cursos Europeos de Verano (CEV) que se celebra en Pamplona"}]},{"@type":"WebSite","@id":"https:\/\/www.laguiadepamplona.com\/actualidad\/#website","url":"https:\/\/www.laguiadepamplona.com\/actualidad\/","name":"La gu\u00eda de Pamplona","description":"Noticias de Pamplona","publisher":{"@id":"https:\/\/www.laguiadepamplona.com\/actualidad\/#organization"},"potentialAction":[{"@type":"SearchAction","target":{"@type":"EntryPoint","urlTemplate":"https:\/\/www.laguiadepamplona.com\/actualidad\/?s={search_term_string}"},"query-input":{"@type":"PropertyValueSpecification","valueRequired":true,"valueName":"search_term_string"}}],"inLanguage":"es"},{"@type":"Organization","@id":"https:\/\/www.laguiadepamplona.com\/actualidad\/#organization","name":"La Gu\u00eda de Pamplona \/ Noticias","url":"https:\/\/www.laguiadepamplona.com\/actualidad\/","logo":{"@type":"ImageObject","inLanguage":"es","@id":"https:\/\/www.laguiadepamplona.com\/actualidad\/#\/schema\/logo\/image\/","url":"https:\/\/www.laguiadepamplona.com\/actualidad\/wp-content\/uploads\/2018\/11\/logo-laguiadepamplona18-web1.png","contentUrl":"https:\/\/www.laguiadepamplona.com\/actualidad\/wp-content\/uploads\/2018\/11\/logo-laguiadepamplona18-web1.png","width":600,"height":196,"caption":"La Gu\u00eda de Pamplona \/ Noticias"},"image":{"@id":"https:\/\/www.laguiadepamplona.com\/actualidad\/#\/schema\/logo\/image\/"},"sameAs":["https:\/\/www.facebook.com\/laguiadepamplonacom-133175176762273\/?ref=hl","https:\/\/x.com\/LaGuiadPamplona","https:\/\/www.instagram.com\/la_guia_de_pamplona\/","https:\/\/www.youtube.com\/user\/laguiadepamplona"]},{"@type":"Person","@id":"https:\/\/www.laguiadepamplona.com\/actualidad\/#\/schema\/person\/efe887376f0213d4657c93adc50b1fdb","name":"La Gu\u00eda de Pamplona","image":{"@type":"ImageObject","inLanguage":"es","@id":"https:\/\/secure.gravatar.com\/avatar\/b6992f131dc8d30ab0dff15446e9d346d9dbd95992de0fef795073f5ea83a81c?s=96&d=mm&r=g","url":"https:\/\/secure.gravatar.com\/avatar\/b6992f131dc8d30ab0dff15446e9d346d9dbd95992de0fef795073f5ea83a81c?s=96&d=mm&r=g","contentUrl":"https:\/\/secure.gravatar.com\/avatar\/b6992f131dc8d30ab0dff15446e9d346d9dbd95992de0fef795073f5ea83a81c?s=96&d=mm&r=g","caption":"La Gu\u00eda de Pamplona"}}]}},"post_mailing_queue_ids":[],"_links":{"self":[{"href":"https:\/\/www.laguiadepamplona.com\/actualidad\/wp-json\/wp\/v2\/posts\/47319","targetHints":{"allow":["GET"]}}],"collection":[{"href":"https:\/\/www.laguiadepamplona.com\/actualidad\/wp-json\/wp\/v2\/posts"}],"about":[{"href":"https:\/\/www.laguiadepamplona.com\/actualidad\/wp-json\/wp\/v2\/types\/post"}],"author":[{"embeddable":true,"href":"https:\/\/www.laguiadepamplona.com\/actualidad\/wp-json\/wp\/v2\/users\/1"}],"replies":[{"embeddable":true,"href":"https:\/\/www.laguiadepamplona.com\/actualidad\/wp-json\/wp\/v2\/comments?post=47319"}],"version-history":[{"count":1,"href":"https:\/\/www.laguiadepamplona.com\/actualidad\/wp-json\/wp\/v2\/posts\/47319\/revisions"}],"predecessor-version":[{"id":47321,"href":"https:\/\/www.laguiadepamplona.com\/actualidad\/wp-json\/wp\/v2\/posts\/47319\/revisions\/47321"}],"wp:featuredmedia":[{"embeddable":true,"href":"https:\/\/www.laguiadepamplona.com\/actualidad\/wp-json\/wp\/v2\/media\/47320"}],"wp:attachment":[{"href":"https:\/\/www.laguiadepamplona.com\/actualidad\/wp-json\/wp\/v2\/media?parent=47319"}],"wp:term":[{"taxonomy":"category","embeddable":true,"href":"https:\/\/www.laguiadepamplona.com\/actualidad\/wp-json\/wp\/v2\/categories?post=47319"},{"taxonomy":"post_tag","embeddable":true,"href":"https:\/\/www.laguiadepamplona.com\/actualidad\/wp-json\/wp\/v2\/tags?post=47319"}],"curies":[{"name":"wp","href":"https:\/\/api.w.org\/{rel}","templated":true}]}}