{"id":47316,"date":"2023-08-22T18:26:16","date_gmt":"2023-08-22T16:26:16","guid":{"rendered":"https:\/\/www.laguiadepamplona.com\/actualidad\/?p=47316"},"modified":"2023-08-22T18:26:16","modified_gmt":"2023-08-22T16:26:16","slug":"la-convocatoria-de-subvenciones-al-deporte-oficial-aficionado-repartira-entre-las-entidades-deportivas-pamplonesas-150-000-euros","status":"publish","type":"post","link":"https:\/\/www.laguiadepamplona.com\/actualidad\/la-convocatoria-de-subvenciones-al-deporte-oficial-aficionado-repartira-entre-las-entidades-deportivas-pamplonesas-150-000-euros\/","title":{"rendered":"La convocatoria de subvenciones al deporte oficial aficionado repartir\u00e1 entre las entidades deportivas pamplonesas 150.000 euros"},"content":{"rendered":"<h3>El Ayuntamiento de Pamplona convoca estas ayudas para apoyar la actividad formativa federada que se hace con menores desde los 6 a\u00f1os de edad<\/h3>\n<p><!--more--><\/p>\n<p>El 21 de septiembre finaliza el plazo para presentar las solicitudes a la convocatoria de subvenciones, en r\u00e9gimen de concurrencia competitiva, para el deporte oficial aficionado, desde los 6 a\u00f1os en adelante, durante la temporada 2022 \u2013 2023. La convocatoria est\u00e1 dotada con 150.000 euros y busca apoyar la actividad formativa y promocional de aquellas entidades deportivas pamplonesas que promueven la pr\u00e1ctica de deportes oficiales.<\/p>\n<p>Se entiende como \u2018deporte oficial aficionado\u2019 al conjunto de entidades y deportistas que las integran cuando tengan algunas de las caracter\u00edsticas siguientes como ser deportistas federados desde los 6 a\u00f1os (a\u00f1o 2016 o anteriores), que mayoritariamente compiten de forma regular, pero no necesariamente, en competiciones deportivas en el marco de un club deportivo oficial; deportistas federados que participan en los Campeonatos\/Copas\/Supercopas de Espa\u00f1a de duraci\u00f3n inferior a tres d\u00edas, desde el a\u00f1o 2010 hasta la categor\u00eda senior; o equipos que participan en competiciones deportivas oficiales de fase de ascenso\/descenso, fase sector, o promoci\u00f3n de categor\u00eda en un deporte en categor\u00eda senior.<\/p>\n<p>Asimismo, se incluyen deportistas federados desde el a\u00f1o 2004 hasta el \u00faltimo a\u00f1o de categor\u00eda senior que participan en ligas deportivas regulares de \u00e1mbito estatal, y categor\u00eda senior, no reconocidas como profesionales por el Consejo Superior de Deportes, que sean organizadas por las correspondientes Federaciones Deportivas desde la 2\u00aa divisi\u00f3n senior de un deporte hasta otras divisiones inferiores; o que participan en otras competiciones deportivas oficiales de \u00e1mbito estatal, interauton\u00f3mico (no estatal), navarras o locales, que no formen parte de ninguna liga.<br \/>\n<script async src=\"\/\/pagead2.googlesyndication.com\/pagead\/js\/adsbygoogle.js\"><\/script><br \/>\n<!-- Noticias La Guia de Pamplona --><br \/>\n<ins class=\"adsbygoogle\"\nstyle=\"display:block\"\ndata-ad-client=\"ca-pub-6943679897239327\"\ndata-ad-slot=\"7048180777\"\ndata-ad-format=\"auto\"><\/ins><br \/>\n<script>\n(adsbygoogle = window.adsbygoogle || []).push({});\n<\/script><\/p>\n<p><strong>Progresi\u00f3n en el deporte<\/strong><\/p>\n<p>La actividad subvencionable se deber\u00e1 desarrollar en la temporada deportiva 2022 \u2013 2023, durante el periodo comprendido entre el 1 de septiembre de 2022 y hasta el 31 de agosto de 2023. Excepcionalmente pueden incluirse aquellas competiciones no incluidas en ese periodo siempre que, perteneciendo a dicha temporada, sus gastos se hayan pagado con anterioridad a la finalizaci\u00f3n del periodo de justificaci\u00f3n determinado en la convocatoria. Queda excluida la admisi\u00f3n de las Federaciones Deportivas de Navarra, si no \u00fanicamente la de las entidades pamplonesas que participan en sus actividades federadas.<\/p>\n<p>Con car\u00e1cter general, la pr\u00e1ctica deportiva federada permite conseguir una progresi\u00f3n al deporte de \u00e9lite a las personas con un rendimiento deportivo m\u00e1s destacado; mantener durante un cierto tiempo limitado a personas con intereses o motivaciones en la competici\u00f3n deportiva; y una relativa mayor cantidad de ejercicio semanal moderado e intenso por persona respecto al que se obtiene en la pr\u00e1ctica deportiva recreativa por libre.<\/p>\n<p>Las solicitudes deber\u00e1n presentarse telem\u00e1ticamente, a trav\u00e9s del tr\u00e1mite \u2018<a href=\"https:\/\/sedeelectronica.pamplona.es\/FichaTramite.aspx?id=229967TA&amp;idioma=1\" target=\"_blank\" rel=\"noopener\">Solicitud electr\u00f3nica de subvenciones para personas jur\u00eddicas<\/a>\u2019, que se puede encontrar en la Sede Electr\u00f3nica del Ayuntamiento de Pamplona. Toda la informaci\u00f3n sobre la convocatoria se puede consultar en la web municipal, <a href=\"http:\/\/www.pamplona.es\" target=\"_blank\" rel=\"noopener\">www.pamplona.es<\/a>, y en el <a href=\"https:\/\/bon.navarra.es\/es\/anuncio\/-\/texto\/2023\/169\/37\" target=\"_blank\" rel=\"noopener\">Bolet\u00edn Oficial de Navarra n\u00famero 169<\/a> de 17 de agosto de 2023.<br \/>\n<script async src=\"\/\/pagead2.googlesyndication.com\/pagead\/js\/adsbygoogle.js\"><\/script><br \/>\n<!-- Noticias La Guia de Pamplona --><br \/>\n<ins class=\"adsbygoogle\"\nstyle=\"display:block\"\ndata-ad-client=\"ca-pub-6943679897239327\"\ndata-ad-slot=\"7048180777\"\ndata-ad-format=\"auto\"><\/ins><br \/>\n<script>\n(adsbygoogle = window.adsbygoogle || []).push({});\n<\/script><\/p>\n<p><strong>Requisitos y gastos subvencionables<\/strong><\/p>\n<p>Pueden presentarse a esta convocatoria entidades que est\u00e9n legalmente constituidas e inscritas en el registro correspondiente a la fecha de finalizaci\u00f3n del plazo de presentaci\u00f3n de solicitudes, tener domicilio social y fiscal en Pamplona y no tener \u00e1nimo de lucro. Las entidades solicitantes deber\u00e1n tener en sus estatutos, entre sus objetivos, la realizaci\u00f3n de actividades deportivas relacionadas con el objeto de esta convocatoria. Por \u00faltimo, no deben haber sido sancionadas durante la temporada 2022-2023, con car\u00e1cter firme en v\u00eda administrativa, por infracciones tipificadas como \u2018muy graves\u2019 en normas como la Ley 19\/2007, de 11 de julio, contra la violencia, el racismo, la xenofobia y la intolerancia en el deporte, la Ley Foral 15\/2001, de 5 de julio, del Deporte de Navarra y la Ley Foral 2\/1989, de 13 de marzo, reguladora de Espect\u00e1culos P\u00fablicos y Actividades Recreativas.<\/p>\n<p>Se considerar\u00e1n subvencionables, los gastos en uso de instalaciones deportivas; diferentes conceptos de la participaci\u00f3n en Campeonatos\/Copas\/Supercopas de Espa\u00f1a desde participantes del a\u00f1o 2010 hasta la categor\u00eda senior inclusive y para las fases de ascenso\/descenso, fases sector, o promoci\u00f3n de categor\u00eda en un deporte oficial y \u00fanicamente en la categor\u00eda senior; y acciones sobre igualdad previstas en la convocatoria.<\/p>\n","protected":false},"excerpt":{"rendered":"<p>El Ayuntamiento de Pamplona convoca estas ayudas para apoyar la actividad formativa federada que se hace con menores desde los 6 a\u00f1os de edad<\/p>\n","protected":false},"author":1,"featured_media":47317,"comment_status":"open","ping_status":"closed","sticky":false,"template":"","format":"standard","meta":{"footnotes":""},"categories":[2],"tags":[],"class_list":["post-47316","post","type-post","status-publish","format-standard","has-post-thumbnail","hentry","category-ayuntamiento-pamplona"],"yoast_head":"<!-- This site is optimized with the Yoast SEO plugin v27.3 - https:\/\/yoast.com\/product\/yoast-seo-wordpress\/ -->\n<title>La convocatoria de subvenciones al deporte oficial aficionado repartir\u00e1 entre las entidades deportivas pamplonesas 150.000 euros<\/title>\n<meta name=\"description\" content=\"El Ayuntamiento de Pamplona convoca estas ayudas para apoyar la actividad formativa federada que se hace con menores desde los 6 a\u00f1os de edad\" \/>\n<meta name=\"robots\" content=\"index, follow, max-snippet:-1, max-image-preview:large, max-video-preview:-1\" \/>\n<link rel=\"canonical\" href=\"https:\/\/www.laguiadepamplona.com\/actualidad\/la-convocatoria-de-subvenciones-al-deporte-oficial-aficionado-repartira-entre-las-entidades-deportivas-pamplonesas-150-000-euros\/\" \/>\n<meta property=\"og:locale\" content=\"es_ES\" \/>\n<meta property=\"og:type\" content=\"article\" \/>\n<meta property=\"og:title\" content=\"La convocatoria de subvenciones al deporte oficial aficionado repartir\u00e1 entre las entidades deportivas pamplonesas 150.000 euros\" \/>\n<meta property=\"og:description\" content=\"El Ayuntamiento de Pamplona convoca estas ayudas para apoyar la actividad formativa federada que se hace con menores desde los 6 a\u00f1os de edad\" \/>\n<meta property=\"og:url\" content=\"https:\/\/www.laguiadepamplona.com\/actualidad\/la-convocatoria-de-subvenciones-al-deporte-oficial-aficionado-repartira-entre-las-entidades-deportivas-pamplonesas-150-000-euros\/\" \/>\n<meta property=\"og:site_name\" content=\"La Gu\u00eda de Pamplona\" \/>\n<meta property=\"article:publisher\" content=\"https:\/\/www.facebook.com\/laguiadepamplonacom-133175176762273\/?ref=hl\" \/>\n<meta property=\"article:published_time\" content=\"2023-08-22T16:26:16+00:00\" \/>\n<meta property=\"og:image\" content=\"https:\/\/www.laguiadepamplona.com\/actualidad\/wp-content\/uploads\/2023\/08\/baloncesto.webp\" \/>\n\t<meta property=\"og:image:width\" content=\"1600\" \/>\n\t<meta property=\"og:image:height\" content=\"1063\" \/>\n\t<meta property=\"og:image:type\" content=\"image\/webp\" \/>\n<meta name=\"author\" content=\"La Gu\u00eda de Pamplona\" \/>\n<meta name=\"twitter:card\" content=\"summary_large_image\" \/>\n<meta name=\"twitter:creator\" content=\"@LaGuiadPamplona\" \/>\n<meta name=\"twitter:site\" content=\"@LaGuiadPamplona\" \/>\n<meta name=\"twitter:label1\" content=\"Escrito por\" \/>\n\t<meta name=\"twitter:data1\" content=\"La Gu\u00eda de Pamplona\" \/>\n\t<meta name=\"twitter:label2\" content=\"Tiempo de lectura\" \/>\n\t<meta name=\"twitter:data2\" content=\"4 minutos\" \/>\n<script type=\"application\/ld+json\" class=\"yoast-schema-graph\">{\"@context\":\"https:\\\/\\\/schema.org\",\"@graph\":[{\"@type\":\"Article\",\"@id\":\"https:\\\/\\\/www.laguiadepamplona.com\\\/actualidad\\\/la-convocatoria-de-subvenciones-al-deporte-oficial-aficionado-repartira-entre-las-entidades-deportivas-pamplonesas-150-000-euros\\\/#article\",\"isPartOf\":{\"@id\":\"https:\\\/\\\/www.laguiadepamplona.com\\\/actualidad\\\/la-convocatoria-de-subvenciones-al-deporte-oficial-aficionado-repartira-entre-las-entidades-deportivas-pamplonesas-150-000-euros\\\/\"},\"author\":{\"name\":\"La Gu\u00eda de Pamplona\",\"@id\":\"https:\\\/\\\/www.laguiadepamplona.com\\\/actualidad\\\/#\\\/schema\\\/person\\\/efe887376f0213d4657c93adc50b1fdb\"},\"headline\":\"La convocatoria de subvenciones al deporte oficial aficionado repartir\u00e1 entre las entidades deportivas pamplonesas 150.000 euros\",\"datePublished\":\"2023-08-22T16:26:16+00:00\",\"mainEntityOfPage\":{\"@id\":\"https:\\\/\\\/www.laguiadepamplona.com\\\/actualidad\\\/la-convocatoria-de-subvenciones-al-deporte-oficial-aficionado-repartira-entre-las-entidades-deportivas-pamplonesas-150-000-euros\\\/\"},\"wordCount\":740,\"commentCount\":0,\"publisher\":{\"@id\":\"https:\\\/\\\/www.laguiadepamplona.com\\\/actualidad\\\/#organization\"},\"image\":{\"@id\":\"https:\\\/\\\/www.laguiadepamplona.com\\\/actualidad\\\/la-convocatoria-de-subvenciones-al-deporte-oficial-aficionado-repartira-entre-las-entidades-deportivas-pamplonesas-150-000-euros\\\/#primaryimage\"},\"thumbnailUrl\":\"https:\\\/\\\/www.laguiadepamplona.com\\\/actualidad\\\/wp-content\\\/uploads\\\/2023\\\/08\\\/baloncesto.webp\",\"articleSection\":[\"Ayto Pamplona\"],\"inLanguage\":\"es\",\"potentialAction\":[{\"@type\":\"CommentAction\",\"name\":\"Comment\",\"target\":[\"https:\\\/\\\/www.laguiadepamplona.com\\\/actualidad\\\/la-convocatoria-de-subvenciones-al-deporte-oficial-aficionado-repartira-entre-las-entidades-deportivas-pamplonesas-150-000-euros\\\/#respond\"]}]},{\"@type\":\"WebPage\",\"@id\":\"https:\\\/\\\/www.laguiadepamplona.com\\\/actualidad\\\/la-convocatoria-de-subvenciones-al-deporte-oficial-aficionado-repartira-entre-las-entidades-deportivas-pamplonesas-150-000-euros\\\/\",\"url\":\"https:\\\/\\\/www.laguiadepamplona.com\\\/actualidad\\\/la-convocatoria-de-subvenciones-al-deporte-oficial-aficionado-repartira-entre-las-entidades-deportivas-pamplonesas-150-000-euros\\\/\",\"name\":\"La convocatoria de subvenciones al deporte oficial aficionado repartir\u00e1 entre las entidades deportivas pamplonesas 150.000 euros\",\"isPartOf\":{\"@id\":\"https:\\\/\\\/www.laguiadepamplona.com\\\/actualidad\\\/#website\"},\"primaryImageOfPage\":{\"@id\":\"https:\\\/\\\/www.laguiadepamplona.com\\\/actualidad\\\/la-convocatoria-de-subvenciones-al-deporte-oficial-aficionado-repartira-entre-las-entidades-deportivas-pamplonesas-150-000-euros\\\/#primaryimage\"},\"image\":{\"@id\":\"https:\\\/\\\/www.laguiadepamplona.com\\\/actualidad\\\/la-convocatoria-de-subvenciones-al-deporte-oficial-aficionado-repartira-entre-las-entidades-deportivas-pamplonesas-150-000-euros\\\/#primaryimage\"},\"thumbnailUrl\":\"https:\\\/\\\/www.laguiadepamplona.com\\\/actualidad\\\/wp-content\\\/uploads\\\/2023\\\/08\\\/baloncesto.webp\",\"datePublished\":\"2023-08-22T16:26:16+00:00\",\"description\":\"El Ayuntamiento de Pamplona convoca estas ayudas para apoyar la actividad formativa federada que se hace con menores desde los 6 a\u00f1os de edad\",\"breadcrumb\":{\"@id\":\"https:\\\/\\\/www.laguiadepamplona.com\\\/actualidad\\\/la-convocatoria-de-subvenciones-al-deporte-oficial-aficionado-repartira-entre-las-entidades-deportivas-pamplonesas-150-000-euros\\\/#breadcrumb\"},\"inLanguage\":\"es\",\"potentialAction\":[{\"@type\":\"ReadAction\",\"target\":[\"https:\\\/\\\/www.laguiadepamplona.com\\\/actualidad\\\/la-convocatoria-de-subvenciones-al-deporte-oficial-aficionado-repartira-entre-las-entidades-deportivas-pamplonesas-150-000-euros\\\/\"]}]},{\"@type\":\"ImageObject\",\"inLanguage\":\"es\",\"@id\":\"https:\\\/\\\/www.laguiadepamplona.com\\\/actualidad\\\/la-convocatoria-de-subvenciones-al-deporte-oficial-aficionado-repartira-entre-las-entidades-deportivas-pamplonesas-150-000-euros\\\/#primaryimage\",\"url\":\"https:\\\/\\\/www.laguiadepamplona.com\\\/actualidad\\\/wp-content\\\/uploads\\\/2023\\\/08\\\/baloncesto.webp\",\"contentUrl\":\"https:\\\/\\\/www.laguiadepamplona.com\\\/actualidad\\\/wp-content\\\/uploads\\\/2023\\\/08\\\/baloncesto.webp\",\"width\":1600,\"height\":1063,\"caption\":\"baloncesto\"},{\"@type\":\"BreadcrumbList\",\"@id\":\"https:\\\/\\\/www.laguiadepamplona.com\\\/actualidad\\\/la-convocatoria-de-subvenciones-al-deporte-oficial-aficionado-repartira-entre-las-entidades-deportivas-pamplonesas-150-000-euros\\\/#breadcrumb\",\"itemListElement\":[{\"@type\":\"ListItem\",\"position\":1,\"name\":\"Portada\",\"item\":\"https:\\\/\\\/www.laguiadepamplona.com\\\/actualidad\\\/\"},{\"@type\":\"ListItem\",\"position\":2,\"name\":\"La convocatoria de subvenciones al deporte oficial aficionado repartir\u00e1 entre las entidades deportivas pamplonesas 150.000 euros\"}]},{\"@type\":\"WebSite\",\"@id\":\"https:\\\/\\\/www.laguiadepamplona.com\\\/actualidad\\\/#website\",\"url\":\"https:\\\/\\\/www.laguiadepamplona.com\\\/actualidad\\\/\",\"name\":\"La gu\u00eda de Pamplona\",\"description\":\"Noticias de Pamplona\",\"publisher\":{\"@id\":\"https:\\\/\\\/www.laguiadepamplona.com\\\/actualidad\\\/#organization\"},\"potentialAction\":[{\"@type\":\"SearchAction\",\"target\":{\"@type\":\"EntryPoint\",\"urlTemplate\":\"https:\\\/\\\/www.laguiadepamplona.com\\\/actualidad\\\/?s={search_term_string}\"},\"query-input\":{\"@type\":\"PropertyValueSpecification\",\"valueRequired\":true,\"valueName\":\"search_term_string\"}}],\"inLanguage\":\"es\"},{\"@type\":\"Organization\",\"@id\":\"https:\\\/\\\/www.laguiadepamplona.com\\\/actualidad\\\/#organization\",\"name\":\"La Gu\u00eda de Pamplona \\\/ Noticias\",\"url\":\"https:\\\/\\\/www.laguiadepamplona.com\\\/actualidad\\\/\",\"logo\":{\"@type\":\"ImageObject\",\"inLanguage\":\"es\",\"@id\":\"https:\\\/\\\/www.laguiadepamplona.com\\\/actualidad\\\/#\\\/schema\\\/logo\\\/image\\\/\",\"url\":\"https:\\\/\\\/www.laguiadepamplona.com\\\/actualidad\\\/wp-content\\\/uploads\\\/2018\\\/11\\\/logo-laguiadepamplona18-web1.png\",\"contentUrl\":\"https:\\\/\\\/www.laguiadepamplona.com\\\/actualidad\\\/wp-content\\\/uploads\\\/2018\\\/11\\\/logo-laguiadepamplona18-web1.png\",\"width\":600,\"height\":196,\"caption\":\"La Gu\u00eda de Pamplona \\\/ Noticias\"},\"image\":{\"@id\":\"https:\\\/\\\/www.laguiadepamplona.com\\\/actualidad\\\/#\\\/schema\\\/logo\\\/image\\\/\"},\"sameAs\":[\"https:\\\/\\\/www.facebook.com\\\/laguiadepamplonacom-133175176762273\\\/?ref=hl\",\"https:\\\/\\\/x.com\\\/LaGuiadPamplona\",\"https:\\\/\\\/www.instagram.com\\\/la_guia_de_pamplona\\\/\",\"https:\\\/\\\/www.youtube.com\\\/user\\\/laguiadepamplona\"]},{\"@type\":\"Person\",\"@id\":\"https:\\\/\\\/www.laguiadepamplona.com\\\/actualidad\\\/#\\\/schema\\\/person\\\/efe887376f0213d4657c93adc50b1fdb\",\"name\":\"La Gu\u00eda de Pamplona\",\"image\":{\"@type\":\"ImageObject\",\"inLanguage\":\"es\",\"@id\":\"https:\\\/\\\/secure.gravatar.com\\\/avatar\\\/b6992f131dc8d30ab0dff15446e9d346d9dbd95992de0fef795073f5ea83a81c?s=96&d=mm&r=g\",\"url\":\"https:\\\/\\\/secure.gravatar.com\\\/avatar\\\/b6992f131dc8d30ab0dff15446e9d346d9dbd95992de0fef795073f5ea83a81c?s=96&d=mm&r=g\",\"contentUrl\":\"https:\\\/\\\/secure.gravatar.com\\\/avatar\\\/b6992f131dc8d30ab0dff15446e9d346d9dbd95992de0fef795073f5ea83a81c?s=96&d=mm&r=g\",\"caption\":\"La Gu\u00eda de Pamplona\"}}]}<\/script>\n<!-- \/ Yoast SEO plugin. -->","yoast_head_json":{"title":"La convocatoria de subvenciones al deporte oficial aficionado repartir\u00e1 entre las entidades deportivas pamplonesas 150.000 euros","description":"El Ayuntamiento de Pamplona convoca estas ayudas para apoyar la actividad formativa federada que se hace con menores desde los 6 a\u00f1os de edad","robots":{"index":"index","follow":"follow","max-snippet":"max-snippet:-1","max-image-preview":"max-image-preview:large","max-video-preview":"max-video-preview:-1"},"canonical":"https:\/\/www.laguiadepamplona.com\/actualidad\/la-convocatoria-de-subvenciones-al-deporte-oficial-aficionado-repartira-entre-las-entidades-deportivas-pamplonesas-150-000-euros\/","og_locale":"es_ES","og_type":"article","og_title":"La convocatoria de subvenciones al deporte oficial aficionado repartir\u00e1 entre las entidades deportivas pamplonesas 150.000 euros","og_description":"El Ayuntamiento de Pamplona convoca estas ayudas para apoyar la actividad formativa federada que se hace con menores desde los 6 a\u00f1os de edad","og_url":"https:\/\/www.laguiadepamplona.com\/actualidad\/la-convocatoria-de-subvenciones-al-deporte-oficial-aficionado-repartira-entre-las-entidades-deportivas-pamplonesas-150-000-euros\/","og_site_name":"La Gu\u00eda de Pamplona","article_publisher":"https:\/\/www.facebook.com\/laguiadepamplonacom-133175176762273\/?ref=hl","article_published_time":"2023-08-22T16:26:16+00:00","og_image":[{"width":1600,"height":1063,"url":"https:\/\/www.laguiadepamplona.com\/actualidad\/wp-content\/uploads\/2023\/08\/baloncesto.webp","type":"image\/webp"}],"author":"La Gu\u00eda de Pamplona","twitter_card":"summary_large_image","twitter_creator":"@LaGuiadPamplona","twitter_site":"@LaGuiadPamplona","twitter_misc":{"Escrito por":"La Gu\u00eda de Pamplona","Tiempo de lectura":"4 minutos"},"schema":{"@context":"https:\/\/schema.org","@graph":[{"@type":"Article","@id":"https:\/\/www.laguiadepamplona.com\/actualidad\/la-convocatoria-de-subvenciones-al-deporte-oficial-aficionado-repartira-entre-las-entidades-deportivas-pamplonesas-150-000-euros\/#article","isPartOf":{"@id":"https:\/\/www.laguiadepamplona.com\/actualidad\/la-convocatoria-de-subvenciones-al-deporte-oficial-aficionado-repartira-entre-las-entidades-deportivas-pamplonesas-150-000-euros\/"},"author":{"name":"La Gu\u00eda de Pamplona","@id":"https:\/\/www.laguiadepamplona.com\/actualidad\/#\/schema\/person\/efe887376f0213d4657c93adc50b1fdb"},"headline":"La convocatoria de subvenciones al deporte oficial aficionado repartir\u00e1 entre las entidades deportivas pamplonesas 150.000 euros","datePublished":"2023-08-22T16:26:16+00:00","mainEntityOfPage":{"@id":"https:\/\/www.laguiadepamplona.com\/actualidad\/la-convocatoria-de-subvenciones-al-deporte-oficial-aficionado-repartira-entre-las-entidades-deportivas-pamplonesas-150-000-euros\/"},"wordCount":740,"commentCount":0,"publisher":{"@id":"https:\/\/www.laguiadepamplona.com\/actualidad\/#organization"},"image":{"@id":"https:\/\/www.laguiadepamplona.com\/actualidad\/la-convocatoria-de-subvenciones-al-deporte-oficial-aficionado-repartira-entre-las-entidades-deportivas-pamplonesas-150-000-euros\/#primaryimage"},"thumbnailUrl":"https:\/\/www.laguiadepamplona.com\/actualidad\/wp-content\/uploads\/2023\/08\/baloncesto.webp","articleSection":["Ayto Pamplona"],"inLanguage":"es","potentialAction":[{"@type":"CommentAction","name":"Comment","target":["https:\/\/www.laguiadepamplona.com\/actualidad\/la-convocatoria-de-subvenciones-al-deporte-oficial-aficionado-repartira-entre-las-entidades-deportivas-pamplonesas-150-000-euros\/#respond"]}]},{"@type":"WebPage","@id":"https:\/\/www.laguiadepamplona.com\/actualidad\/la-convocatoria-de-subvenciones-al-deporte-oficial-aficionado-repartira-entre-las-entidades-deportivas-pamplonesas-150-000-euros\/","url":"https:\/\/www.laguiadepamplona.com\/actualidad\/la-convocatoria-de-subvenciones-al-deporte-oficial-aficionado-repartira-entre-las-entidades-deportivas-pamplonesas-150-000-euros\/","name":"La convocatoria de subvenciones al deporte oficial aficionado repartir\u00e1 entre las entidades deportivas pamplonesas 150.000 euros","isPartOf":{"@id":"https:\/\/www.laguiadepamplona.com\/actualidad\/#website"},"primaryImageOfPage":{"@id":"https:\/\/www.laguiadepamplona.com\/actualidad\/la-convocatoria-de-subvenciones-al-deporte-oficial-aficionado-repartira-entre-las-entidades-deportivas-pamplonesas-150-000-euros\/#primaryimage"},"image":{"@id":"https:\/\/www.laguiadepamplona.com\/actualidad\/la-convocatoria-de-subvenciones-al-deporte-oficial-aficionado-repartira-entre-las-entidades-deportivas-pamplonesas-150-000-euros\/#primaryimage"},"thumbnailUrl":"https:\/\/www.laguiadepamplona.com\/actualidad\/wp-content\/uploads\/2023\/08\/baloncesto.webp","datePublished":"2023-08-22T16:26:16+00:00","description":"El Ayuntamiento de Pamplona convoca estas ayudas para apoyar la actividad formativa federada que se hace con menores desde los 6 a\u00f1os de edad","breadcrumb":{"@id":"https:\/\/www.laguiadepamplona.com\/actualidad\/la-convocatoria-de-subvenciones-al-deporte-oficial-aficionado-repartira-entre-las-entidades-deportivas-pamplonesas-150-000-euros\/#breadcrumb"},"inLanguage":"es","potentialAction":[{"@type":"ReadAction","target":["https:\/\/www.laguiadepamplona.com\/actualidad\/la-convocatoria-de-subvenciones-al-deporte-oficial-aficionado-repartira-entre-las-entidades-deportivas-pamplonesas-150-000-euros\/"]}]},{"@type":"ImageObject","inLanguage":"es","@id":"https:\/\/www.laguiadepamplona.com\/actualidad\/la-convocatoria-de-subvenciones-al-deporte-oficial-aficionado-repartira-entre-las-entidades-deportivas-pamplonesas-150-000-euros\/#primaryimage","url":"https:\/\/www.laguiadepamplona.com\/actualidad\/wp-content\/uploads\/2023\/08\/baloncesto.webp","contentUrl":"https:\/\/www.laguiadepamplona.com\/actualidad\/wp-content\/uploads\/2023\/08\/baloncesto.webp","width":1600,"height":1063,"caption":"baloncesto"},{"@type":"BreadcrumbList","@id":"https:\/\/www.laguiadepamplona.com\/actualidad\/la-convocatoria-de-subvenciones-al-deporte-oficial-aficionado-repartira-entre-las-entidades-deportivas-pamplonesas-150-000-euros\/#breadcrumb","itemListElement":[{"@type":"ListItem","position":1,"name":"Portada","item":"https:\/\/www.laguiadepamplona.com\/actualidad\/"},{"@type":"ListItem","position":2,"name":"La convocatoria de subvenciones al deporte oficial aficionado repartir\u00e1 entre las entidades deportivas pamplonesas 150.000 euros"}]},{"@type":"WebSite","@id":"https:\/\/www.laguiadepamplona.com\/actualidad\/#website","url":"https:\/\/www.laguiadepamplona.com\/actualidad\/","name":"La gu\u00eda de Pamplona","description":"Noticias de Pamplona","publisher":{"@id":"https:\/\/www.laguiadepamplona.com\/actualidad\/#organization"},"potentialAction":[{"@type":"SearchAction","target":{"@type":"EntryPoint","urlTemplate":"https:\/\/www.laguiadepamplona.com\/actualidad\/?s={search_term_string}"},"query-input":{"@type":"PropertyValueSpecification","valueRequired":true,"valueName":"search_term_string"}}],"inLanguage":"es"},{"@type":"Organization","@id":"https:\/\/www.laguiadepamplona.com\/actualidad\/#organization","name":"La Gu\u00eda de Pamplona \/ Noticias","url":"https:\/\/www.laguiadepamplona.com\/actualidad\/","logo":{"@type":"ImageObject","inLanguage":"es","@id":"https:\/\/www.laguiadepamplona.com\/actualidad\/#\/schema\/logo\/image\/","url":"https:\/\/www.laguiadepamplona.com\/actualidad\/wp-content\/uploads\/2018\/11\/logo-laguiadepamplona18-web1.png","contentUrl":"https:\/\/www.laguiadepamplona.com\/actualidad\/wp-content\/uploads\/2018\/11\/logo-laguiadepamplona18-web1.png","width":600,"height":196,"caption":"La Gu\u00eda de Pamplona \/ Noticias"},"image":{"@id":"https:\/\/www.laguiadepamplona.com\/actualidad\/#\/schema\/logo\/image\/"},"sameAs":["https:\/\/www.facebook.com\/laguiadepamplonacom-133175176762273\/?ref=hl","https:\/\/x.com\/LaGuiadPamplona","https:\/\/www.instagram.com\/la_guia_de_pamplona\/","https:\/\/www.youtube.com\/user\/laguiadepamplona"]},{"@type":"Person","@id":"https:\/\/www.laguiadepamplona.com\/actualidad\/#\/schema\/person\/efe887376f0213d4657c93adc50b1fdb","name":"La Gu\u00eda de Pamplona","image":{"@type":"ImageObject","inLanguage":"es","@id":"https:\/\/secure.gravatar.com\/avatar\/b6992f131dc8d30ab0dff15446e9d346d9dbd95992de0fef795073f5ea83a81c?s=96&d=mm&r=g","url":"https:\/\/secure.gravatar.com\/avatar\/b6992f131dc8d30ab0dff15446e9d346d9dbd95992de0fef795073f5ea83a81c?s=96&d=mm&r=g","contentUrl":"https:\/\/secure.gravatar.com\/avatar\/b6992f131dc8d30ab0dff15446e9d346d9dbd95992de0fef795073f5ea83a81c?s=96&d=mm&r=g","caption":"La Gu\u00eda de Pamplona"}}]}},"post_mailing_queue_ids":[],"_links":{"self":[{"href":"https:\/\/www.laguiadepamplona.com\/actualidad\/wp-json\/wp\/v2\/posts\/47316","targetHints":{"allow":["GET"]}}],"collection":[{"href":"https:\/\/www.laguiadepamplona.com\/actualidad\/wp-json\/wp\/v2\/posts"}],"about":[{"href":"https:\/\/www.laguiadepamplona.com\/actualidad\/wp-json\/wp\/v2\/types\/post"}],"author":[{"embeddable":true,"href":"https:\/\/www.laguiadepamplona.com\/actualidad\/wp-json\/wp\/v2\/users\/1"}],"replies":[{"embeddable":true,"href":"https:\/\/www.laguiadepamplona.com\/actualidad\/wp-json\/wp\/v2\/comments?post=47316"}],"version-history":[{"count":1,"href":"https:\/\/www.laguiadepamplona.com\/actualidad\/wp-json\/wp\/v2\/posts\/47316\/revisions"}],"predecessor-version":[{"id":47318,"href":"https:\/\/www.laguiadepamplona.com\/actualidad\/wp-json\/wp\/v2\/posts\/47316\/revisions\/47318"}],"wp:featuredmedia":[{"embeddable":true,"href":"https:\/\/www.laguiadepamplona.com\/actualidad\/wp-json\/wp\/v2\/media\/47317"}],"wp:attachment":[{"href":"https:\/\/www.laguiadepamplona.com\/actualidad\/wp-json\/wp\/v2\/media?parent=47316"}],"wp:term":[{"taxonomy":"category","embeddable":true,"href":"https:\/\/www.laguiadepamplona.com\/actualidad\/wp-json\/wp\/v2\/categories?post=47316"},{"taxonomy":"post_tag","embeddable":true,"href":"https:\/\/www.laguiadepamplona.com\/actualidad\/wp-json\/wp\/v2\/tags?post=47316"}],"curies":[{"name":"wp","href":"https:\/\/api.w.org\/{rel}","templated":true}]}}