{"id":47313,"date":"2023-08-22T13:06:22","date_gmt":"2023-08-22T11:06:22","guid":{"rendered":"https:\/\/www.laguiadepamplona.com\/actualidad\/?p=47313"},"modified":"2023-08-22T13:06:22","modified_gmt":"2023-08-22T11:06:22","slug":"el-ayuntamiento-recibe-a-la-organizacion-de-la-decima-edicion-de-flamenco-on-fire-con-un-programa-de-actividades-y-conciertos-en-pamplona-del-22-al-27-de-agosto","status":"publish","type":"post","link":"https:\/\/www.laguiadepamplona.com\/actualidad\/el-ayuntamiento-recibe-a-la-organizacion-de-la-decima-edicion-de-flamenco-on-fire-con-un-programa-de-actividades-y-conciertos-en-pamplona-del-22-al-27-de-agosto\/","title":{"rendered":"El Ayuntamiento recibe a la organizaci\u00f3n de la d\u00e9cima edici\u00f3n de Flamenco On Fire, con un programa de actividades y conciertos en Pamplona del 22 al 27 de agosto"},"content":{"rendered":"<h3>El jueves a mediod\u00eda comienza el ciclo de conciertos gratuitos desde el balc\u00f3n de la Casa Consistorial que se suceder\u00e1n hasta el domingo<\/h3>\n<p><!--more--><\/p>\n<p>La \u00faltima semana de agosto es sin\u00f3nimo de flamenco en Pamplona. Del 22 al 27, se han programado m\u00e1s de una veintena de actividades y conciertos en la ciudad dentro de la d\u00e9cima edici\u00f3n del Flamenco On Fire. Miembros de la organizaci\u00f3n del festival han sido recibidos esta ma\u00f1ana en la Casa Consistorial por la alcaldesa de Pamplona, Cristina Ibarrola, y concejales y concejalas de la Corporaci\u00f3n municipal.<\/p>\n<p>En concreto, han asistido a la recepci\u00f3n el director del festival Arturo Fern\u00e1ndez, artistas flamencos como Melchor Ortega o Alfredo Lagos, as\u00ed como representantes de Casa Sabicas. La alcaldesa les ha entregado, en recuerdo de esta recepci\u00f3n y del d\u00e9cimo aniversario del festival, un sello del Privilegio de la Uni\u00f3n, que conmemora tambi\u00e9n este a\u00f1o la efem\u00e9ride de su 600 aniversario.<\/p>\n<p>Flamenco On Fire naci\u00f3 en 2014 con el prop\u00f3sito de difundir las diferentes est\u00e9ticas del flamenco y dar a conocer la figura del guitarrista pamplon\u00e9s Agust\u00edn Castell\u00f3n Campos \u2018Sabicas\u2019, uno de los referentes de este arte. La d\u00e9cima edici\u00f3n del festival est\u00e1 dedicada precisamente a la guitarra, al concepto de \u2018alzap\u00faa\u2019, t\u00e9cnica del toque flamenco que emplea el pulgar para golpear las cuerdas.<br \/>\n<script async src=\"\/\/pagead2.googlesyndication.com\/pagead\/js\/adsbygoogle.js\"><\/script><br \/>\n<!-- Noticias La Guia de Pamplona --><br \/>\n<ins class=\"adsbygoogle\"\nstyle=\"display:block\"\ndata-ad-client=\"ca-pub-6943679897239327\"\ndata-ad-slot=\"7048180777\"\ndata-ad-format=\"auto\"><\/ins><br \/>\n<script>\n(adsbygoogle = window.adsbygoogle || []).push({});\n<\/script><\/p>\n<p><strong>Flamenco en el balc\u00f3n de la Casa Consistorial<\/strong><\/p>\n<p>Un a\u00f1o m\u00e1s, el Ayuntamiento de Pamplona se convertir\u00e1 en escenario de diferentes actuaciones los mediod\u00edas de jueves a domingo. Al balc\u00f3n central de la primera planta de la Casa Consistorial volver\u00e1n a salir primeras figuras del flamenco, que se arrancar\u00e1n ante el o\u00eddo atento de un p\u00fablico que levanta la mirada desde la Plaza Consistorial. El jueves 24 de agosto actuar\u00e1n <strong>Antonio Reyes y Nono Reyes en la guitarra, el viernes 25 Vicente Soto Sordera y Vicente Santiago a la guitarra, el s\u00e1bado 26 Tomatito\u00a0<\/strong>y, para cerrar el ciclo, el domingo 27 de agosto<strong>\u00a0Luis El Zambo y el guitarrista Miguel Salado<\/strong>.<\/p>\n<p>Flamenco on Fire se completa con otros ciclos como el de Grandes Conciertos en Baluarte que contar\u00e1 con la presencia de artistas como Tomatito, Eva Yerbabuena o Estrella Morente; el Escenario Siglo XXI en Zentral con Sole\u00e1 Morente, La Plazuela o Tomasito; el Ciclo Nocturno con actuaciones en el jard\u00edn del Palacio de Navarra o en el Hotel Tres Reyes; los habituales conciertos en balcones como los del Hotel La Perla, la calle Ma\u00f1ueta y el palacio de Ezpeleta; o el estreno como sede de la capilla de San Ferm\u00edn. Toda la informaci\u00f3n se puede consultar en la web <a href=\"https:\/\/www.flamencoonfire.org\/\" target=\"_blank\" rel=\"noopener\">https:\/\/www.flamencoonfire.org\/<\/a>.<br \/>\n<script async src=\"\/\/pagead2.googlesyndication.com\/pagead\/js\/adsbygoogle.js\"><\/script><br \/>\n<!-- Noticias La Guia de Pamplona --><br \/>\n<ins class=\"adsbygoogle\"\nstyle=\"display:block\"\ndata-ad-client=\"ca-pub-6943679897239327\"\ndata-ad-slot=\"7048180777\"\ndata-ad-format=\"auto\"><\/ins><br \/>\n<script>\n(adsbygoogle = window.adsbygoogle || []).push({});\n<\/script><\/p>\n<p>&nbsp;<\/p>\n<h3>Flamenco on Fire. Balc\u00f3n del Ayuntamiento de Pamplona, del 24 al 27 de agosto<\/h3>\n<ul>\n<li><strong>Jueves 24 de agosto, 12 horas. Antonio Reyes y Nono Reyes<\/strong>\n<ul>\n<li><strong>Antonio Reyes\u00a0<\/strong>debut\u00f3 en Jerez siendo un ni\u00f1o. Lo hizo con Sordera en ese mismo escenario. Desde entonces, ha iniciado una conquista por pe\u00f1as y festivales con un eco meloso y profundo, sin prisas, expresando seg\u00fan Chiclana un regusto caracolero que se encuentra, a su vez, con el eco de Camar\u00f3n, Juanito Villar, La Marelu, Pansequito, de su propia familia, y, c\u00f3mo no, el suyo propio. Giraldillo al Cante en la Bienal de Flamenco de Sevilla de 2014, ha publicado los discos&#8217;Viento Sur&#8217;, &#8216;Directo en el C\u00edrculo Flamenco de Madrid&#8217;, junto a Diego del Morao, y &#8216;Que suene el cante&#8217;.<\/li>\n<li>Ha sabido, asimismo, transmitir su compromiso por la cultura a su descendencia, pues quien le acompa\u00f1a a la guitarra es su hijo,\u00a0<strong>Nono Reyes<\/strong>, el joven que en la \u00faltima edici\u00f3n de Flamenco On Fire fue requerido por el maestro Juanito Villar para su actuaci\u00f3n.<\/li>\n<\/ul>\n<\/li>\n<\/ul>\n<p>&nbsp;<\/p>\n<ul>\n<li><strong>Viernes 25 de agosto, 12 horas. Vicente Soto \u2018Sordera\u2019 y Vicente Santiago<\/strong>\n<ul>\n<li><strong>Vicente Soto &#8216;Sordera&#8217;\u00a0<\/strong>es una referencia del cante desde mediados del siglo pasado en adelante. Uno de los m\u00e1ximos exponentes de una familia de amplio abolengo de Jerez de la Frontera. En su obra han influido diferentes artistas, desde el propio Manolo Caracol, con quien trabaj\u00f3 en el tablao Los Canasteros, hasta su padre, Manuel Soto Sordera, as\u00ed como sus primos y hermanos, muchos de ellos artistas, y los dinteles hist\u00f3ricos que palpitan por su sangre: El Ni\u00f1o Gloria y Paco La Luz. Ha adaptado la poes\u00eda de autor a sus propios esquemas: Pessoa, Antonio Machado, Jos\u00e9 Hierro&#8230; Ha grabado tr\u00edpticos que trazan hilos conductores sobre la geograf\u00eda flamenca y, sobre todo, ha ganado el calor de la afici\u00f3n despu\u00e9s de una trayectoria que supera los cincuenta a\u00f1os. Los discos &#8216;Pessoa flamenco&#8217;, &#8216;El ritmo de la sangre&#8217; y &#8216;Verea del camino&#8217; son muestras de ello.<\/li>\n<li>Le acompa\u00f1a en el balc\u00f3n del ayuntamiento de Pamplona\u00a0<strong>Vicente Santiago<\/strong>, un joven guitarrista que recibe directamente el aroma de la casa de los Morao. Conocedor de los entresijos del cante, ha actuado en escenarios hist\u00f3ricos como el Lope de Vega de Sevilla y el Villamarta de Jerez junto a figuras como el Sordera o Jes\u00fas M\u00e9ndez.<\/li>\n<\/ul>\n<\/li>\n<\/ul>\n<p>&nbsp;<\/p>\n<ul>\n<li><strong>S\u00e1bado 26 de agosto, 12 horas. Tomatito<\/strong>\n<ul>\n<li>Cuando <strong>Tomatito<\/strong>, sobrino del Ni\u00f1o Miguel, admirador de Paco de Luc\u00eda, Sabicas y otras caudalosas fuentes, arranc\u00f3 su trayectoria como acompa\u00f1ante de Camar\u00f3n, era solo un ni\u00f1o. La guitarra que suena en &#8216;La leyenda del tiempo&#8217;, sin embargo, es la de aquel joven contemplando un mundo nuevo. Como concertista, ha logrado c\u00falmenes desde sus tempranos &#8216;Barrio Negro&#8217; y &#8216;Guitarra gitana&#8217;. Ha interpretado y grabado el &#8216;Concierto de Aranjuez&#8217;, y junto al pianista Michel Camilo ha trazado lazos entre la m\u00fasica cl\u00e1sica y el flamenco en proyectos como &#8216;Spain&#8217;, &#8216;Spain again&#8217; y &#8216;Spain forever&#8217;. Medalla de Oro al M\u00e9rito en las Bellas Artes en 2016, Tomatito es un imprescindible de la guitarra flamenca contempor\u00e1nea desde que en ella pos\u00f3 los dedos que ahora se sube al balc\u00f3n de la casa consistorial de Pamplona<\/li>\n<\/ul>\n<\/li>\n<\/ul>\n<p>&nbsp;<\/p>\n<ul>\n<li><strong>Domingo 27 de agosto, 12 horas. Luis el Zambo y Miguel Salado<\/strong>\n<ul>\n<li><strong>Luis El Zambo<\/strong>es una figura de la cercan\u00eda. Uno de los \u00faltimos grandes bastiones del cante jerezano que en palos como la buler\u00eda y la buler\u00eda por sole\u00e1 ha creado todo un lugar de expresi\u00f3n: aquel que aparece como arranque de la pel\u00edcula &#8216;Flamenco&#8217;, de Carlos Saura. Miguel Poveda, siendo entonces un joven, fue a su casa para aprender de primera mano ese aire tan caracter\u00edstico en el comp\u00e1s del tres por cuatro. Gitano, del barrio de Santiago y de la familia de los Zambo, vinculados a la venta del pescado, lleva a\u00f1os triunfando por todo el territorio nacional, en Europa e incluso Estados Unidos, donde su primitivismo tambi\u00e9n ha causado sensaci\u00f3n. Bebi\u00f3 de La Piri\u00f1aca, T\u00edo Borrico y Terremoto, y hoy parece una fuente de sonidos at\u00e1vicos en peligro de extinci\u00f3n.<\/li>\n<li>Al acompa\u00f1amiento tiene a su lado a <strong>Miguel Salado<\/strong>, de estilo cl\u00e1sico y expresivo, puramente jerezano, sin excesos, y perteneciente a una generaci\u00f3n m\u00e1s joven. Como guitarrista, ha sido requerido por El Torta, Chocolate, Pansequito, Jos\u00e9 Merc\u00e9 o Manuel Moneo, adem\u00e1s de Luis El Zambo.<\/li>\n<\/ul>\n<\/li>\n<\/ul>\n","protected":false},"excerpt":{"rendered":"<p>El jueves a mediod\u00eda comienza el ciclo de conciertos gratuitos desde el balc\u00f3n de la Casa Consistorial que se suceder\u00e1n hasta el domingo<\/p>\n","protected":false},"author":1,"featured_media":47314,"comment_status":"open","ping_status":"closed","sticky":false,"template":"","format":"standard","meta":{"footnotes":""},"categories":[2],"tags":[],"class_list":["post-47313","post","type-post","status-publish","format-standard","has-post-thumbnail","hentry","category-ayuntamiento-pamplona"],"yoast_head":"<!-- This site is optimized with the Yoast SEO plugin v27.3 - https:\/\/yoast.com\/product\/yoast-seo-wordpress\/ -->\n<title>El Ayuntamiento recibe a la organizaci\u00f3n de la d\u00e9cima edici\u00f3n de Flamenco On Fire, con un programa de actividades y conciertos en Pamplona del 22 al 27 de agosto<\/title>\n<meta name=\"description\" content=\"El jueves a mediod\u00eda comienza el ciclo de conciertos gratuitos desde el balc\u00f3n de la Casa Consistorial que se suceder\u00e1n hasta el domingo\" \/>\n<meta name=\"robots\" content=\"index, follow, max-snippet:-1, max-image-preview:large, max-video-preview:-1\" \/>\n<link rel=\"canonical\" href=\"https:\/\/www.laguiadepamplona.com\/actualidad\/el-ayuntamiento-recibe-a-la-organizacion-de-la-decima-edicion-de-flamenco-on-fire-con-un-programa-de-actividades-y-conciertos-en-pamplona-del-22-al-27-de-agosto\/\" \/>\n<meta property=\"og:locale\" content=\"es_ES\" \/>\n<meta property=\"og:type\" content=\"article\" \/>\n<meta property=\"og:title\" content=\"El Ayuntamiento recibe a la organizaci\u00f3n de la d\u00e9cima edici\u00f3n de Flamenco On Fire, con un programa de actividades y conciertos en Pamplona del 22 al 27 de agosto\" \/>\n<meta property=\"og:description\" content=\"El jueves a mediod\u00eda comienza el ciclo de conciertos gratuitos desde el balc\u00f3n de la Casa Consistorial que se suceder\u00e1n hasta el domingo\" \/>\n<meta property=\"og:url\" content=\"https:\/\/www.laguiadepamplona.com\/actualidad\/el-ayuntamiento-recibe-a-la-organizacion-de-la-decima-edicion-de-flamenco-on-fire-con-un-programa-de-actividades-y-conciertos-en-pamplona-del-22-al-27-de-agosto\/\" \/>\n<meta property=\"og:site_name\" content=\"La Gu\u00eda de Pamplona\" \/>\n<meta property=\"article:publisher\" content=\"https:\/\/www.facebook.com\/laguiadepamplonacom-133175176762273\/?ref=hl\" \/>\n<meta property=\"article:published_time\" content=\"2023-08-22T11:06:22+00:00\" \/>\n<meta property=\"og:image\" content=\"https:\/\/www.laguiadepamplona.com\/actualidad\/wp-content\/uploads\/2023\/08\/20230822flamencoonfireq5a0175_0.webp\" \/>\n\t<meta property=\"og:image:width\" content=\"1600\" \/>\n\t<meta property=\"og:image:height\" content=\"1067\" \/>\n\t<meta property=\"og:image:type\" content=\"image\/webp\" \/>\n<meta name=\"author\" content=\"La Gu\u00eda de Pamplona\" \/>\n<meta name=\"twitter:card\" content=\"summary_large_image\" \/>\n<meta name=\"twitter:creator\" content=\"@LaGuiadPamplona\" \/>\n<meta name=\"twitter:site\" content=\"@LaGuiadPamplona\" \/>\n<meta name=\"twitter:label1\" content=\"Escrito por\" \/>\n\t<meta name=\"twitter:data1\" content=\"La Gu\u00eda de Pamplona\" \/>\n\t<meta name=\"twitter:label2\" content=\"Tiempo de lectura\" \/>\n\t<meta name=\"twitter:data2\" content=\"6 minutos\" \/>\n<script type=\"application\/ld+json\" class=\"yoast-schema-graph\">{\"@context\":\"https:\\\/\\\/schema.org\",\"@graph\":[{\"@type\":\"Article\",\"@id\":\"https:\\\/\\\/www.laguiadepamplona.com\\\/actualidad\\\/el-ayuntamiento-recibe-a-la-organizacion-de-la-decima-edicion-de-flamenco-on-fire-con-un-programa-de-actividades-y-conciertos-en-pamplona-del-22-al-27-de-agosto\\\/#article\",\"isPartOf\":{\"@id\":\"https:\\\/\\\/www.laguiadepamplona.com\\\/actualidad\\\/el-ayuntamiento-recibe-a-la-organizacion-de-la-decima-edicion-de-flamenco-on-fire-con-un-programa-de-actividades-y-conciertos-en-pamplona-del-22-al-27-de-agosto\\\/\"},\"author\":{\"name\":\"La Gu\u00eda de Pamplona\",\"@id\":\"https:\\\/\\\/www.laguiadepamplona.com\\\/actualidad\\\/#\\\/schema\\\/person\\\/efe887376f0213d4657c93adc50b1fdb\"},\"headline\":\"El Ayuntamiento recibe a la organizaci\u00f3n de la d\u00e9cima edici\u00f3n de Flamenco On Fire, con un programa de actividades y conciertos en Pamplona del 22 al 27 de agosto\",\"datePublished\":\"2023-08-22T11:06:22+00:00\",\"mainEntityOfPage\":{\"@id\":\"https:\\\/\\\/www.laguiadepamplona.com\\\/actualidad\\\/el-ayuntamiento-recibe-a-la-organizacion-de-la-decima-edicion-de-flamenco-on-fire-con-un-programa-de-actividades-y-conciertos-en-pamplona-del-22-al-27-de-agosto\\\/\"},\"wordCount\":1254,\"commentCount\":0,\"publisher\":{\"@id\":\"https:\\\/\\\/www.laguiadepamplona.com\\\/actualidad\\\/#organization\"},\"image\":{\"@id\":\"https:\\\/\\\/www.laguiadepamplona.com\\\/actualidad\\\/el-ayuntamiento-recibe-a-la-organizacion-de-la-decima-edicion-de-flamenco-on-fire-con-un-programa-de-actividades-y-conciertos-en-pamplona-del-22-al-27-de-agosto\\\/#primaryimage\"},\"thumbnailUrl\":\"https:\\\/\\\/www.laguiadepamplona.com\\\/actualidad\\\/wp-content\\\/uploads\\\/2023\\\/08\\\/20230822flamencoonfireq5a0175_0.webp\",\"articleSection\":[\"Ayto Pamplona\"],\"inLanguage\":\"es\",\"potentialAction\":[{\"@type\":\"CommentAction\",\"name\":\"Comment\",\"target\":[\"https:\\\/\\\/www.laguiadepamplona.com\\\/actualidad\\\/el-ayuntamiento-recibe-a-la-organizacion-de-la-decima-edicion-de-flamenco-on-fire-con-un-programa-de-actividades-y-conciertos-en-pamplona-del-22-al-27-de-agosto\\\/#respond\"]}]},{\"@type\":\"WebPage\",\"@id\":\"https:\\\/\\\/www.laguiadepamplona.com\\\/actualidad\\\/el-ayuntamiento-recibe-a-la-organizacion-de-la-decima-edicion-de-flamenco-on-fire-con-un-programa-de-actividades-y-conciertos-en-pamplona-del-22-al-27-de-agosto\\\/\",\"url\":\"https:\\\/\\\/www.laguiadepamplona.com\\\/actualidad\\\/el-ayuntamiento-recibe-a-la-organizacion-de-la-decima-edicion-de-flamenco-on-fire-con-un-programa-de-actividades-y-conciertos-en-pamplona-del-22-al-27-de-agosto\\\/\",\"name\":\"El Ayuntamiento recibe a la organizaci\u00f3n de la d\u00e9cima edici\u00f3n de Flamenco On Fire, con un programa de actividades y conciertos en Pamplona del 22 al 27 de agosto\",\"isPartOf\":{\"@id\":\"https:\\\/\\\/www.laguiadepamplona.com\\\/actualidad\\\/#website\"},\"primaryImageOfPage\":{\"@id\":\"https:\\\/\\\/www.laguiadepamplona.com\\\/actualidad\\\/el-ayuntamiento-recibe-a-la-organizacion-de-la-decima-edicion-de-flamenco-on-fire-con-un-programa-de-actividades-y-conciertos-en-pamplona-del-22-al-27-de-agosto\\\/#primaryimage\"},\"image\":{\"@id\":\"https:\\\/\\\/www.laguiadepamplona.com\\\/actualidad\\\/el-ayuntamiento-recibe-a-la-organizacion-de-la-decima-edicion-de-flamenco-on-fire-con-un-programa-de-actividades-y-conciertos-en-pamplona-del-22-al-27-de-agosto\\\/#primaryimage\"},\"thumbnailUrl\":\"https:\\\/\\\/www.laguiadepamplona.com\\\/actualidad\\\/wp-content\\\/uploads\\\/2023\\\/08\\\/20230822flamencoonfireq5a0175_0.webp\",\"datePublished\":\"2023-08-22T11:06:22+00:00\",\"description\":\"El jueves a mediod\u00eda comienza el ciclo de conciertos gratuitos desde el balc\u00f3n de la Casa Consistorial que se suceder\u00e1n hasta el domingo\",\"breadcrumb\":{\"@id\":\"https:\\\/\\\/www.laguiadepamplona.com\\\/actualidad\\\/el-ayuntamiento-recibe-a-la-organizacion-de-la-decima-edicion-de-flamenco-on-fire-con-un-programa-de-actividades-y-conciertos-en-pamplona-del-22-al-27-de-agosto\\\/#breadcrumb\"},\"inLanguage\":\"es\",\"potentialAction\":[{\"@type\":\"ReadAction\",\"target\":[\"https:\\\/\\\/www.laguiadepamplona.com\\\/actualidad\\\/el-ayuntamiento-recibe-a-la-organizacion-de-la-decima-edicion-de-flamenco-on-fire-con-un-programa-de-actividades-y-conciertos-en-pamplona-del-22-al-27-de-agosto\\\/\"]}]},{\"@type\":\"ImageObject\",\"inLanguage\":\"es\",\"@id\":\"https:\\\/\\\/www.laguiadepamplona.com\\\/actualidad\\\/el-ayuntamiento-recibe-a-la-organizacion-de-la-decima-edicion-de-flamenco-on-fire-con-un-programa-de-actividades-y-conciertos-en-pamplona-del-22-al-27-de-agosto\\\/#primaryimage\",\"url\":\"https:\\\/\\\/www.laguiadepamplona.com\\\/actualidad\\\/wp-content\\\/uploads\\\/2023\\\/08\\\/20230822flamencoonfireq5a0175_0.webp\",\"contentUrl\":\"https:\\\/\\\/www.laguiadepamplona.com\\\/actualidad\\\/wp-content\\\/uploads\\\/2023\\\/08\\\/20230822flamencoonfireq5a0175_0.webp\",\"width\":1600,\"height\":1067,\"caption\":\"flamenco\"},{\"@type\":\"BreadcrumbList\",\"@id\":\"https:\\\/\\\/www.laguiadepamplona.com\\\/actualidad\\\/el-ayuntamiento-recibe-a-la-organizacion-de-la-decima-edicion-de-flamenco-on-fire-con-un-programa-de-actividades-y-conciertos-en-pamplona-del-22-al-27-de-agosto\\\/#breadcrumb\",\"itemListElement\":[{\"@type\":\"ListItem\",\"position\":1,\"name\":\"Portada\",\"item\":\"https:\\\/\\\/www.laguiadepamplona.com\\\/actualidad\\\/\"},{\"@type\":\"ListItem\",\"position\":2,\"name\":\"El Ayuntamiento recibe a la organizaci\u00f3n de la d\u00e9cima edici\u00f3n de Flamenco On Fire, con un programa de actividades y conciertos en Pamplona del 22 al 27 de agosto\"}]},{\"@type\":\"WebSite\",\"@id\":\"https:\\\/\\\/www.laguiadepamplona.com\\\/actualidad\\\/#website\",\"url\":\"https:\\\/\\\/www.laguiadepamplona.com\\\/actualidad\\\/\",\"name\":\"La gu\u00eda de Pamplona\",\"description\":\"Noticias de Pamplona\",\"publisher\":{\"@id\":\"https:\\\/\\\/www.laguiadepamplona.com\\\/actualidad\\\/#organization\"},\"potentialAction\":[{\"@type\":\"SearchAction\",\"target\":{\"@type\":\"EntryPoint\",\"urlTemplate\":\"https:\\\/\\\/www.laguiadepamplona.com\\\/actualidad\\\/?s={search_term_string}\"},\"query-input\":{\"@type\":\"PropertyValueSpecification\",\"valueRequired\":true,\"valueName\":\"search_term_string\"}}],\"inLanguage\":\"es\"},{\"@type\":\"Organization\",\"@id\":\"https:\\\/\\\/www.laguiadepamplona.com\\\/actualidad\\\/#organization\",\"name\":\"La Gu\u00eda de Pamplona \\\/ Noticias\",\"url\":\"https:\\\/\\\/www.laguiadepamplona.com\\\/actualidad\\\/\",\"logo\":{\"@type\":\"ImageObject\",\"inLanguage\":\"es\",\"@id\":\"https:\\\/\\\/www.laguiadepamplona.com\\\/actualidad\\\/#\\\/schema\\\/logo\\\/image\\\/\",\"url\":\"https:\\\/\\\/www.laguiadepamplona.com\\\/actualidad\\\/wp-content\\\/uploads\\\/2018\\\/11\\\/logo-laguiadepamplona18-web1.png\",\"contentUrl\":\"https:\\\/\\\/www.laguiadepamplona.com\\\/actualidad\\\/wp-content\\\/uploads\\\/2018\\\/11\\\/logo-laguiadepamplona18-web1.png\",\"width\":600,\"height\":196,\"caption\":\"La Gu\u00eda de Pamplona \\\/ Noticias\"},\"image\":{\"@id\":\"https:\\\/\\\/www.laguiadepamplona.com\\\/actualidad\\\/#\\\/schema\\\/logo\\\/image\\\/\"},\"sameAs\":[\"https:\\\/\\\/www.facebook.com\\\/laguiadepamplonacom-133175176762273\\\/?ref=hl\",\"https:\\\/\\\/x.com\\\/LaGuiadPamplona\",\"https:\\\/\\\/www.instagram.com\\\/la_guia_de_pamplona\\\/\",\"https:\\\/\\\/www.youtube.com\\\/user\\\/laguiadepamplona\"]},{\"@type\":\"Person\",\"@id\":\"https:\\\/\\\/www.laguiadepamplona.com\\\/actualidad\\\/#\\\/schema\\\/person\\\/efe887376f0213d4657c93adc50b1fdb\",\"name\":\"La Gu\u00eda de Pamplona\",\"image\":{\"@type\":\"ImageObject\",\"inLanguage\":\"es\",\"@id\":\"https:\\\/\\\/secure.gravatar.com\\\/avatar\\\/b6992f131dc8d30ab0dff15446e9d346d9dbd95992de0fef795073f5ea83a81c?s=96&d=mm&r=g\",\"url\":\"https:\\\/\\\/secure.gravatar.com\\\/avatar\\\/b6992f131dc8d30ab0dff15446e9d346d9dbd95992de0fef795073f5ea83a81c?s=96&d=mm&r=g\",\"contentUrl\":\"https:\\\/\\\/secure.gravatar.com\\\/avatar\\\/b6992f131dc8d30ab0dff15446e9d346d9dbd95992de0fef795073f5ea83a81c?s=96&d=mm&r=g\",\"caption\":\"La Gu\u00eda de Pamplona\"}}]}<\/script>\n<!-- \/ Yoast SEO plugin. -->","yoast_head_json":{"title":"El Ayuntamiento recibe a la organizaci\u00f3n de la d\u00e9cima edici\u00f3n de Flamenco On Fire, con un programa de actividades y conciertos en Pamplona del 22 al 27 de agosto","description":"El jueves a mediod\u00eda comienza el ciclo de conciertos gratuitos desde el balc\u00f3n de la Casa Consistorial que se suceder\u00e1n hasta el domingo","robots":{"index":"index","follow":"follow","max-snippet":"max-snippet:-1","max-image-preview":"max-image-preview:large","max-video-preview":"max-video-preview:-1"},"canonical":"https:\/\/www.laguiadepamplona.com\/actualidad\/el-ayuntamiento-recibe-a-la-organizacion-de-la-decima-edicion-de-flamenco-on-fire-con-un-programa-de-actividades-y-conciertos-en-pamplona-del-22-al-27-de-agosto\/","og_locale":"es_ES","og_type":"article","og_title":"El Ayuntamiento recibe a la organizaci\u00f3n de la d\u00e9cima edici\u00f3n de Flamenco On Fire, con un programa de actividades y conciertos en Pamplona del 22 al 27 de agosto","og_description":"El jueves a mediod\u00eda comienza el ciclo de conciertos gratuitos desde el balc\u00f3n de la Casa Consistorial que se suceder\u00e1n hasta el domingo","og_url":"https:\/\/www.laguiadepamplona.com\/actualidad\/el-ayuntamiento-recibe-a-la-organizacion-de-la-decima-edicion-de-flamenco-on-fire-con-un-programa-de-actividades-y-conciertos-en-pamplona-del-22-al-27-de-agosto\/","og_site_name":"La Gu\u00eda de Pamplona","article_publisher":"https:\/\/www.facebook.com\/laguiadepamplonacom-133175176762273\/?ref=hl","article_published_time":"2023-08-22T11:06:22+00:00","og_image":[{"width":1600,"height":1067,"url":"https:\/\/www.laguiadepamplona.com\/actualidad\/wp-content\/uploads\/2023\/08\/20230822flamencoonfireq5a0175_0.webp","type":"image\/webp"}],"author":"La Gu\u00eda de Pamplona","twitter_card":"summary_large_image","twitter_creator":"@LaGuiadPamplona","twitter_site":"@LaGuiadPamplona","twitter_misc":{"Escrito por":"La Gu\u00eda de Pamplona","Tiempo de lectura":"6 minutos"},"schema":{"@context":"https:\/\/schema.org","@graph":[{"@type":"Article","@id":"https:\/\/www.laguiadepamplona.com\/actualidad\/el-ayuntamiento-recibe-a-la-organizacion-de-la-decima-edicion-de-flamenco-on-fire-con-un-programa-de-actividades-y-conciertos-en-pamplona-del-22-al-27-de-agosto\/#article","isPartOf":{"@id":"https:\/\/www.laguiadepamplona.com\/actualidad\/el-ayuntamiento-recibe-a-la-organizacion-de-la-decima-edicion-de-flamenco-on-fire-con-un-programa-de-actividades-y-conciertos-en-pamplona-del-22-al-27-de-agosto\/"},"author":{"name":"La Gu\u00eda de Pamplona","@id":"https:\/\/www.laguiadepamplona.com\/actualidad\/#\/schema\/person\/efe887376f0213d4657c93adc50b1fdb"},"headline":"El Ayuntamiento recibe a la organizaci\u00f3n de la d\u00e9cima edici\u00f3n de Flamenco On Fire, con un programa de actividades y conciertos en Pamplona del 22 al 27 de agosto","datePublished":"2023-08-22T11:06:22+00:00","mainEntityOfPage":{"@id":"https:\/\/www.laguiadepamplona.com\/actualidad\/el-ayuntamiento-recibe-a-la-organizacion-de-la-decima-edicion-de-flamenco-on-fire-con-un-programa-de-actividades-y-conciertos-en-pamplona-del-22-al-27-de-agosto\/"},"wordCount":1254,"commentCount":0,"publisher":{"@id":"https:\/\/www.laguiadepamplona.com\/actualidad\/#organization"},"image":{"@id":"https:\/\/www.laguiadepamplona.com\/actualidad\/el-ayuntamiento-recibe-a-la-organizacion-de-la-decima-edicion-de-flamenco-on-fire-con-un-programa-de-actividades-y-conciertos-en-pamplona-del-22-al-27-de-agosto\/#primaryimage"},"thumbnailUrl":"https:\/\/www.laguiadepamplona.com\/actualidad\/wp-content\/uploads\/2023\/08\/20230822flamencoonfireq5a0175_0.webp","articleSection":["Ayto Pamplona"],"inLanguage":"es","potentialAction":[{"@type":"CommentAction","name":"Comment","target":["https:\/\/www.laguiadepamplona.com\/actualidad\/el-ayuntamiento-recibe-a-la-organizacion-de-la-decima-edicion-de-flamenco-on-fire-con-un-programa-de-actividades-y-conciertos-en-pamplona-del-22-al-27-de-agosto\/#respond"]}]},{"@type":"WebPage","@id":"https:\/\/www.laguiadepamplona.com\/actualidad\/el-ayuntamiento-recibe-a-la-organizacion-de-la-decima-edicion-de-flamenco-on-fire-con-un-programa-de-actividades-y-conciertos-en-pamplona-del-22-al-27-de-agosto\/","url":"https:\/\/www.laguiadepamplona.com\/actualidad\/el-ayuntamiento-recibe-a-la-organizacion-de-la-decima-edicion-de-flamenco-on-fire-con-un-programa-de-actividades-y-conciertos-en-pamplona-del-22-al-27-de-agosto\/","name":"El Ayuntamiento recibe a la organizaci\u00f3n de la d\u00e9cima edici\u00f3n de Flamenco On Fire, con un programa de actividades y conciertos en Pamplona del 22 al 27 de agosto","isPartOf":{"@id":"https:\/\/www.laguiadepamplona.com\/actualidad\/#website"},"primaryImageOfPage":{"@id":"https:\/\/www.laguiadepamplona.com\/actualidad\/el-ayuntamiento-recibe-a-la-organizacion-de-la-decima-edicion-de-flamenco-on-fire-con-un-programa-de-actividades-y-conciertos-en-pamplona-del-22-al-27-de-agosto\/#primaryimage"},"image":{"@id":"https:\/\/www.laguiadepamplona.com\/actualidad\/el-ayuntamiento-recibe-a-la-organizacion-de-la-decima-edicion-de-flamenco-on-fire-con-un-programa-de-actividades-y-conciertos-en-pamplona-del-22-al-27-de-agosto\/#primaryimage"},"thumbnailUrl":"https:\/\/www.laguiadepamplona.com\/actualidad\/wp-content\/uploads\/2023\/08\/20230822flamencoonfireq5a0175_0.webp","datePublished":"2023-08-22T11:06:22+00:00","description":"El jueves a mediod\u00eda comienza el ciclo de conciertos gratuitos desde el balc\u00f3n de la Casa Consistorial que se suceder\u00e1n hasta el domingo","breadcrumb":{"@id":"https:\/\/www.laguiadepamplona.com\/actualidad\/el-ayuntamiento-recibe-a-la-organizacion-de-la-decima-edicion-de-flamenco-on-fire-con-un-programa-de-actividades-y-conciertos-en-pamplona-del-22-al-27-de-agosto\/#breadcrumb"},"inLanguage":"es","potentialAction":[{"@type":"ReadAction","target":["https:\/\/www.laguiadepamplona.com\/actualidad\/el-ayuntamiento-recibe-a-la-organizacion-de-la-decima-edicion-de-flamenco-on-fire-con-un-programa-de-actividades-y-conciertos-en-pamplona-del-22-al-27-de-agosto\/"]}]},{"@type":"ImageObject","inLanguage":"es","@id":"https:\/\/www.laguiadepamplona.com\/actualidad\/el-ayuntamiento-recibe-a-la-organizacion-de-la-decima-edicion-de-flamenco-on-fire-con-un-programa-de-actividades-y-conciertos-en-pamplona-del-22-al-27-de-agosto\/#primaryimage","url":"https:\/\/www.laguiadepamplona.com\/actualidad\/wp-content\/uploads\/2023\/08\/20230822flamencoonfireq5a0175_0.webp","contentUrl":"https:\/\/www.laguiadepamplona.com\/actualidad\/wp-content\/uploads\/2023\/08\/20230822flamencoonfireq5a0175_0.webp","width":1600,"height":1067,"caption":"flamenco"},{"@type":"BreadcrumbList","@id":"https:\/\/www.laguiadepamplona.com\/actualidad\/el-ayuntamiento-recibe-a-la-organizacion-de-la-decima-edicion-de-flamenco-on-fire-con-un-programa-de-actividades-y-conciertos-en-pamplona-del-22-al-27-de-agosto\/#breadcrumb","itemListElement":[{"@type":"ListItem","position":1,"name":"Portada","item":"https:\/\/www.laguiadepamplona.com\/actualidad\/"},{"@type":"ListItem","position":2,"name":"El Ayuntamiento recibe a la organizaci\u00f3n de la d\u00e9cima edici\u00f3n de Flamenco On Fire, con un programa de actividades y conciertos en Pamplona del 22 al 27 de agosto"}]},{"@type":"WebSite","@id":"https:\/\/www.laguiadepamplona.com\/actualidad\/#website","url":"https:\/\/www.laguiadepamplona.com\/actualidad\/","name":"La gu\u00eda de Pamplona","description":"Noticias de Pamplona","publisher":{"@id":"https:\/\/www.laguiadepamplona.com\/actualidad\/#organization"},"potentialAction":[{"@type":"SearchAction","target":{"@type":"EntryPoint","urlTemplate":"https:\/\/www.laguiadepamplona.com\/actualidad\/?s={search_term_string}"},"query-input":{"@type":"PropertyValueSpecification","valueRequired":true,"valueName":"search_term_string"}}],"inLanguage":"es"},{"@type":"Organization","@id":"https:\/\/www.laguiadepamplona.com\/actualidad\/#organization","name":"La Gu\u00eda de Pamplona \/ Noticias","url":"https:\/\/www.laguiadepamplona.com\/actualidad\/","logo":{"@type":"ImageObject","inLanguage":"es","@id":"https:\/\/www.laguiadepamplona.com\/actualidad\/#\/schema\/logo\/image\/","url":"https:\/\/www.laguiadepamplona.com\/actualidad\/wp-content\/uploads\/2018\/11\/logo-laguiadepamplona18-web1.png","contentUrl":"https:\/\/www.laguiadepamplona.com\/actualidad\/wp-content\/uploads\/2018\/11\/logo-laguiadepamplona18-web1.png","width":600,"height":196,"caption":"La Gu\u00eda de Pamplona \/ Noticias"},"image":{"@id":"https:\/\/www.laguiadepamplona.com\/actualidad\/#\/schema\/logo\/image\/"},"sameAs":["https:\/\/www.facebook.com\/laguiadepamplonacom-133175176762273\/?ref=hl","https:\/\/x.com\/LaGuiadPamplona","https:\/\/www.instagram.com\/la_guia_de_pamplona\/","https:\/\/www.youtube.com\/user\/laguiadepamplona"]},{"@type":"Person","@id":"https:\/\/www.laguiadepamplona.com\/actualidad\/#\/schema\/person\/efe887376f0213d4657c93adc50b1fdb","name":"La Gu\u00eda de Pamplona","image":{"@type":"ImageObject","inLanguage":"es","@id":"https:\/\/secure.gravatar.com\/avatar\/b6992f131dc8d30ab0dff15446e9d346d9dbd95992de0fef795073f5ea83a81c?s=96&d=mm&r=g","url":"https:\/\/secure.gravatar.com\/avatar\/b6992f131dc8d30ab0dff15446e9d346d9dbd95992de0fef795073f5ea83a81c?s=96&d=mm&r=g","contentUrl":"https:\/\/secure.gravatar.com\/avatar\/b6992f131dc8d30ab0dff15446e9d346d9dbd95992de0fef795073f5ea83a81c?s=96&d=mm&r=g","caption":"La Gu\u00eda de Pamplona"}}]}},"post_mailing_queue_ids":[],"_links":{"self":[{"href":"https:\/\/www.laguiadepamplona.com\/actualidad\/wp-json\/wp\/v2\/posts\/47313","targetHints":{"allow":["GET"]}}],"collection":[{"href":"https:\/\/www.laguiadepamplona.com\/actualidad\/wp-json\/wp\/v2\/posts"}],"about":[{"href":"https:\/\/www.laguiadepamplona.com\/actualidad\/wp-json\/wp\/v2\/types\/post"}],"author":[{"embeddable":true,"href":"https:\/\/www.laguiadepamplona.com\/actualidad\/wp-json\/wp\/v2\/users\/1"}],"replies":[{"embeddable":true,"href":"https:\/\/www.laguiadepamplona.com\/actualidad\/wp-json\/wp\/v2\/comments?post=47313"}],"version-history":[{"count":1,"href":"https:\/\/www.laguiadepamplona.com\/actualidad\/wp-json\/wp\/v2\/posts\/47313\/revisions"}],"predecessor-version":[{"id":47315,"href":"https:\/\/www.laguiadepamplona.com\/actualidad\/wp-json\/wp\/v2\/posts\/47313\/revisions\/47315"}],"wp:featuredmedia":[{"embeddable":true,"href":"https:\/\/www.laguiadepamplona.com\/actualidad\/wp-json\/wp\/v2\/media\/47314"}],"wp:attachment":[{"href":"https:\/\/www.laguiadepamplona.com\/actualidad\/wp-json\/wp\/v2\/media?parent=47313"}],"wp:term":[{"taxonomy":"category","embeddable":true,"href":"https:\/\/www.laguiadepamplona.com\/actualidad\/wp-json\/wp\/v2\/categories?post=47313"},{"taxonomy":"post_tag","embeddable":true,"href":"https:\/\/www.laguiadepamplona.com\/actualidad\/wp-json\/wp\/v2\/tags?post=47313"}],"curies":[{"name":"wp","href":"https:\/\/api.w.org\/{rel}","templated":true}]}}