{"id":47310,"date":"2023-08-22T13:02:43","date_gmt":"2023-08-22T11:02:43","guid":{"rendered":"https:\/\/www.laguiadepamplona.com\/actualidad\/?p=47310"},"modified":"2023-08-22T13:02:43","modified_gmt":"2023-08-22T11:02:43","slug":"check-out-de-la-compania-adrian-conde-cierra-este-martes-las-tardes-de-programacion-familiar-en-el-palacio-de-ezpeleta","status":"publish","type":"post","link":"https:\/\/www.laguiadepamplona.com\/actualidad\/check-out-de-la-compania-adrian-conde-cierra-este-martes-las-tardes-de-programacion-familiar-en-el-palacio-de-ezpeleta\/","title":{"rendered":"\u2018Check-Out\u2019 de la compa\u00f1\u00eda Adri\u00e1n Conde cierra este martes las tardes de programaci\u00f3n familiar en el palacio de Ezpeleta"},"content":{"rendered":"<h3>La actuaci\u00f3n comenzar\u00e1 a las 19.30 horas, con entrada libre hasta completar el aforo<\/h3>\n<p><!--more--><\/p>\n<p>Tres semanas despu\u00e9s de comenzar, all\u00e1 por el 1 de agosto, se cierran este martes las tardes de programaci\u00f3n veraniega familiar en el palacio de Ezpeleta. El espect\u00e1culo de artes de calle \u2018Check-Out\u2019, de la compa\u00f1\u00eda asturiana Adri\u00e1n Conde, pondr\u00e1 el punto y final a la veintena de actividades organizadas por el Ayuntamiento de Pamplona en este espacio del centro de la ciudad. La sesi\u00f3n comenzar\u00e1 a las 19.30 horas. La entrada, como para todas las actividades que han tenido lugar en el patio del palacio de Ezpeleta, es libre, hasta completar el aforo.<br \/>\n<script async src=\"\/\/pagead2.googlesyndication.com\/pagead\/js\/adsbygoogle.js\"><\/script><br \/>\n<!-- Noticias La Guia de Pamplona --><br \/>\n<ins class=\"adsbygoogle\"\nstyle=\"display:block\"\ndata-ad-client=\"ca-pub-6943679897239327\"\ndata-ad-slot=\"7048180777\"\ndata-ad-format=\"auto\"><\/ins><br \/>\n<script>\n(adsbygoogle = window.adsbygoogle || []).push({});\n<\/script><\/p>\n<p>Jornada tras jornada, Eugenio trabaja entre maletas, trasportando la vida de otras personas sin tener apenas tiempo para pensar en la suya, con a\u00f1oranza de poder pasar m\u00e1s tiempo con su esposa e hijos. La obra discurre en el vest\u00edbulo de un hotel antiguo entre el humor, la magia, el equ\u00edvoco y la ternura. Una comedia visual que transporta al p\u00fablico al cine mudo, plagada de sorpresa y simbolismo, donde se invita a refl\u00adexionar sobre el ritmo fren\u00e9tico en el que vivimos y las prioridades de nuestra propia vida. Un espect\u00e1culo que combina el humor, participaci\u00f3n del p\u00fablico y, por supuesto, la particular forma de hacer magia de Adri\u00e1n Conde<\/p>\n<p>Nacido en Buenos Aires (Argentina), Adri\u00e1n Conde reside en Gij\u00f3n desde 2003. Ilusionista, productor, director de sus propios espect\u00e1culos y director art\u00edstico de diferentes festivales de clown y magia, cuenta con una trayectoria profesional de m\u00e1s de dos d\u00e9cadas. En 2006 fund\u00f3 su propia compa\u00f1\u00eda. Ha dirigido y producido espect\u00e1culos, que se han presentados en m\u00e1s de 23 pa\u00edses y que han recibido multitud de premios.<br \/>\n<script async src=\"\/\/pagead2.googlesyndication.com\/pagead\/js\/adsbygoogle.js\"><\/script><br \/>\n<!-- Noticias La Guia de Pamplona --><br \/>\n<ins class=\"adsbygoogle\"\nstyle=\"display:block\"\ndata-ad-client=\"ca-pub-6943679897239327\"\ndata-ad-slot=\"7048180777\"\ndata-ad-format=\"auto\"><\/ins><br \/>\n<script>\n(adsbygoogle = window.adsbygoogle || []).push({});\n<\/script><\/p>\n<p>&nbsp;<\/p>\n<h3>Agosto en el palacio de Ezpeleta<\/h3>\n<ul>\n<li>Martes 22 de agosto, 19.30 horas\n<ul>\n<li><strong>Check-Out.<\/strong>ADRI\u00c1N CONDE. Artes de calle. Castellano.<\/li>\n<\/ul>\n<\/li>\n<\/ul>\n","protected":false},"excerpt":{"rendered":"<p>La actuaci\u00f3n comenzar\u00e1 a las 19.30 horas, con entrada libre hasta completar el aforo<\/p>\n","protected":false},"author":1,"featured_media":47311,"comment_status":"open","ping_status":"closed","sticky":false,"template":"","format":"standard","meta":{"footnotes":""},"categories":[2],"tags":[],"class_list":["post-47310","post","type-post","status-publish","format-standard","has-post-thumbnail","hentry","category-ayuntamiento-pamplona"],"yoast_head":"<!-- This site is optimized with the Yoast SEO plugin v27.3 - https:\/\/yoast.com\/product\/yoast-seo-wordpress\/ -->\n<title>\u2018Check-Out\u2019 de la compa\u00f1\u00eda Adri\u00e1n Conde cierra este martes las tardes de programaci\u00f3n familiar en el palacio de Ezpeleta<\/title>\n<meta name=\"description\" content=\"La actuaci\u00f3n comenzar\u00e1 a las 19.30 horas, con entrada libre hasta completar el aforo\" \/>\n<meta name=\"robots\" content=\"index, follow, max-snippet:-1, max-image-preview:large, max-video-preview:-1\" \/>\n<link rel=\"canonical\" href=\"https:\/\/www.laguiadepamplona.com\/actualidad\/check-out-de-la-compania-adrian-conde-cierra-este-martes-las-tardes-de-programacion-familiar-en-el-palacio-de-ezpeleta\/\" \/>\n<meta property=\"og:locale\" content=\"es_ES\" \/>\n<meta property=\"og:type\" content=\"article\" \/>\n<meta property=\"og:title\" content=\"\u2018Check-Out\u2019 de la compa\u00f1\u00eda Adri\u00e1n Conde cierra este martes las tardes de programaci\u00f3n familiar en el palacio de Ezpeleta\" \/>\n<meta property=\"og:description\" content=\"La actuaci\u00f3n comenzar\u00e1 a las 19.30 horas, con entrada libre hasta completar el aforo\" \/>\n<meta property=\"og:url\" content=\"https:\/\/www.laguiadepamplona.com\/actualidad\/check-out-de-la-compania-adrian-conde-cierra-este-martes-las-tardes-de-programacion-familiar-en-el-palacio-de-ezpeleta\/\" \/>\n<meta property=\"og:site_name\" content=\"La Gu\u00eda de Pamplona\" \/>\n<meta property=\"article:publisher\" content=\"https:\/\/www.facebook.com\/laguiadepamplonacom-133175176762273\/?ref=hl\" \/>\n<meta property=\"article:published_time\" content=\"2023-08-22T11:02:43+00:00\" \/>\n<meta property=\"og:image\" content=\"https:\/\/www.laguiadepamplona.com\/actualidad\/wp-content\/uploads\/2023\/08\/CHECK-OUT.webp\" \/>\n\t<meta property=\"og:image:width\" content=\"1052\" \/>\n\t<meta property=\"og:image:height\" content=\"1200\" \/>\n\t<meta property=\"og:image:type\" content=\"image\/webp\" \/>\n<meta name=\"author\" content=\"La Gu\u00eda de Pamplona\" \/>\n<meta name=\"twitter:card\" content=\"summary_large_image\" \/>\n<meta name=\"twitter:creator\" content=\"@LaGuiadPamplona\" \/>\n<meta name=\"twitter:site\" content=\"@LaGuiadPamplona\" \/>\n<meta name=\"twitter:label1\" content=\"Escrito por\" \/>\n\t<meta name=\"twitter:data1\" content=\"La Gu\u00eda de Pamplona\" \/>\n\t<meta name=\"twitter:label2\" content=\"Tiempo de lectura\" \/>\n\t<meta name=\"twitter:data2\" content=\"2 minutos\" \/>\n<script type=\"application\/ld+json\" class=\"yoast-schema-graph\">{\"@context\":\"https:\\\/\\\/schema.org\",\"@graph\":[{\"@type\":\"Article\",\"@id\":\"https:\\\/\\\/www.laguiadepamplona.com\\\/actualidad\\\/check-out-de-la-compania-adrian-conde-cierra-este-martes-las-tardes-de-programacion-familiar-en-el-palacio-de-ezpeleta\\\/#article\",\"isPartOf\":{\"@id\":\"https:\\\/\\\/www.laguiadepamplona.com\\\/actualidad\\\/check-out-de-la-compania-adrian-conde-cierra-este-martes-las-tardes-de-programacion-familiar-en-el-palacio-de-ezpeleta\\\/\"},\"author\":{\"name\":\"La Gu\u00eda de Pamplona\",\"@id\":\"https:\\\/\\\/www.laguiadepamplona.com\\\/actualidad\\\/#\\\/schema\\\/person\\\/efe887376f0213d4657c93adc50b1fdb\"},\"headline\":\"\u2018Check-Out\u2019 de la compa\u00f1\u00eda Adri\u00e1n Conde cierra este martes las tardes de programaci\u00f3n familiar en el palacio de Ezpeleta\",\"datePublished\":\"2023-08-22T11:02:43+00:00\",\"mainEntityOfPage\":{\"@id\":\"https:\\\/\\\/www.laguiadepamplona.com\\\/actualidad\\\/check-out-de-la-compania-adrian-conde-cierra-este-martes-las-tardes-de-programacion-familiar-en-el-palacio-de-ezpeleta\\\/\"},\"wordCount\":347,\"commentCount\":0,\"publisher\":{\"@id\":\"https:\\\/\\\/www.laguiadepamplona.com\\\/actualidad\\\/#organization\"},\"image\":{\"@id\":\"https:\\\/\\\/www.laguiadepamplona.com\\\/actualidad\\\/check-out-de-la-compania-adrian-conde-cierra-este-martes-las-tardes-de-programacion-familiar-en-el-palacio-de-ezpeleta\\\/#primaryimage\"},\"thumbnailUrl\":\"https:\\\/\\\/www.laguiadepamplona.com\\\/actualidad\\\/wp-content\\\/uploads\\\/2023\\\/08\\\/CHECK-OUT.webp\",\"articleSection\":[\"Ayto Pamplona\"],\"inLanguage\":\"es\",\"potentialAction\":[{\"@type\":\"CommentAction\",\"name\":\"Comment\",\"target\":[\"https:\\\/\\\/www.laguiadepamplona.com\\\/actualidad\\\/check-out-de-la-compania-adrian-conde-cierra-este-martes-las-tardes-de-programacion-familiar-en-el-palacio-de-ezpeleta\\\/#respond\"]}]},{\"@type\":\"WebPage\",\"@id\":\"https:\\\/\\\/www.laguiadepamplona.com\\\/actualidad\\\/check-out-de-la-compania-adrian-conde-cierra-este-martes-las-tardes-de-programacion-familiar-en-el-palacio-de-ezpeleta\\\/\",\"url\":\"https:\\\/\\\/www.laguiadepamplona.com\\\/actualidad\\\/check-out-de-la-compania-adrian-conde-cierra-este-martes-las-tardes-de-programacion-familiar-en-el-palacio-de-ezpeleta\\\/\",\"name\":\"\u2018Check-Out\u2019 de la compa\u00f1\u00eda Adri\u00e1n Conde cierra este martes las tardes de programaci\u00f3n familiar en el palacio de Ezpeleta\",\"isPartOf\":{\"@id\":\"https:\\\/\\\/www.laguiadepamplona.com\\\/actualidad\\\/#website\"},\"primaryImageOfPage\":{\"@id\":\"https:\\\/\\\/www.laguiadepamplona.com\\\/actualidad\\\/check-out-de-la-compania-adrian-conde-cierra-este-martes-las-tardes-de-programacion-familiar-en-el-palacio-de-ezpeleta\\\/#primaryimage\"},\"image\":{\"@id\":\"https:\\\/\\\/www.laguiadepamplona.com\\\/actualidad\\\/check-out-de-la-compania-adrian-conde-cierra-este-martes-las-tardes-de-programacion-familiar-en-el-palacio-de-ezpeleta\\\/#primaryimage\"},\"thumbnailUrl\":\"https:\\\/\\\/www.laguiadepamplona.com\\\/actualidad\\\/wp-content\\\/uploads\\\/2023\\\/08\\\/CHECK-OUT.webp\",\"datePublished\":\"2023-08-22T11:02:43+00:00\",\"description\":\"La actuaci\u00f3n comenzar\u00e1 a las 19.30 horas, con entrada libre hasta completar el aforo\",\"breadcrumb\":{\"@id\":\"https:\\\/\\\/www.laguiadepamplona.com\\\/actualidad\\\/check-out-de-la-compania-adrian-conde-cierra-este-martes-las-tardes-de-programacion-familiar-en-el-palacio-de-ezpeleta\\\/#breadcrumb\"},\"inLanguage\":\"es\",\"potentialAction\":[{\"@type\":\"ReadAction\",\"target\":[\"https:\\\/\\\/www.laguiadepamplona.com\\\/actualidad\\\/check-out-de-la-compania-adrian-conde-cierra-este-martes-las-tardes-de-programacion-familiar-en-el-palacio-de-ezpeleta\\\/\"]}]},{\"@type\":\"ImageObject\",\"inLanguage\":\"es\",\"@id\":\"https:\\\/\\\/www.laguiadepamplona.com\\\/actualidad\\\/check-out-de-la-compania-adrian-conde-cierra-este-martes-las-tardes-de-programacion-familiar-en-el-palacio-de-ezpeleta\\\/#primaryimage\",\"url\":\"https:\\\/\\\/www.laguiadepamplona.com\\\/actualidad\\\/wp-content\\\/uploads\\\/2023\\\/08\\\/CHECK-OUT.webp\",\"contentUrl\":\"https:\\\/\\\/www.laguiadepamplona.com\\\/actualidad\\\/wp-content\\\/uploads\\\/2023\\\/08\\\/CHECK-OUT.webp\",\"width\":1052,\"height\":1200,\"caption\":\"check-out\"},{\"@type\":\"BreadcrumbList\",\"@id\":\"https:\\\/\\\/www.laguiadepamplona.com\\\/actualidad\\\/check-out-de-la-compania-adrian-conde-cierra-este-martes-las-tardes-de-programacion-familiar-en-el-palacio-de-ezpeleta\\\/#breadcrumb\",\"itemListElement\":[{\"@type\":\"ListItem\",\"position\":1,\"name\":\"Portada\",\"item\":\"https:\\\/\\\/www.laguiadepamplona.com\\\/actualidad\\\/\"},{\"@type\":\"ListItem\",\"position\":2,\"name\":\"\u2018Check-Out\u2019 de la compa\u00f1\u00eda Adri\u00e1n Conde cierra este martes las tardes de programaci\u00f3n familiar en el palacio de Ezpeleta\"}]},{\"@type\":\"WebSite\",\"@id\":\"https:\\\/\\\/www.laguiadepamplona.com\\\/actualidad\\\/#website\",\"url\":\"https:\\\/\\\/www.laguiadepamplona.com\\\/actualidad\\\/\",\"name\":\"La gu\u00eda de Pamplona\",\"description\":\"Noticias de Pamplona\",\"publisher\":{\"@id\":\"https:\\\/\\\/www.laguiadepamplona.com\\\/actualidad\\\/#organization\"},\"potentialAction\":[{\"@type\":\"SearchAction\",\"target\":{\"@type\":\"EntryPoint\",\"urlTemplate\":\"https:\\\/\\\/www.laguiadepamplona.com\\\/actualidad\\\/?s={search_term_string}\"},\"query-input\":{\"@type\":\"PropertyValueSpecification\",\"valueRequired\":true,\"valueName\":\"search_term_string\"}}],\"inLanguage\":\"es\"},{\"@type\":\"Organization\",\"@id\":\"https:\\\/\\\/www.laguiadepamplona.com\\\/actualidad\\\/#organization\",\"name\":\"La Gu\u00eda de Pamplona \\\/ Noticias\",\"url\":\"https:\\\/\\\/www.laguiadepamplona.com\\\/actualidad\\\/\",\"logo\":{\"@type\":\"ImageObject\",\"inLanguage\":\"es\",\"@id\":\"https:\\\/\\\/www.laguiadepamplona.com\\\/actualidad\\\/#\\\/schema\\\/logo\\\/image\\\/\",\"url\":\"https:\\\/\\\/www.laguiadepamplona.com\\\/actualidad\\\/wp-content\\\/uploads\\\/2018\\\/11\\\/logo-laguiadepamplona18-web1.png\",\"contentUrl\":\"https:\\\/\\\/www.laguiadepamplona.com\\\/actualidad\\\/wp-content\\\/uploads\\\/2018\\\/11\\\/logo-laguiadepamplona18-web1.png\",\"width\":600,\"height\":196,\"caption\":\"La Gu\u00eda de Pamplona \\\/ Noticias\"},\"image\":{\"@id\":\"https:\\\/\\\/www.laguiadepamplona.com\\\/actualidad\\\/#\\\/schema\\\/logo\\\/image\\\/\"},\"sameAs\":[\"https:\\\/\\\/www.facebook.com\\\/laguiadepamplonacom-133175176762273\\\/?ref=hl\",\"https:\\\/\\\/x.com\\\/LaGuiadPamplona\",\"https:\\\/\\\/www.instagram.com\\\/la_guia_de_pamplona\\\/\",\"https:\\\/\\\/www.youtube.com\\\/user\\\/laguiadepamplona\"]},{\"@type\":\"Person\",\"@id\":\"https:\\\/\\\/www.laguiadepamplona.com\\\/actualidad\\\/#\\\/schema\\\/person\\\/efe887376f0213d4657c93adc50b1fdb\",\"name\":\"La Gu\u00eda de Pamplona\",\"image\":{\"@type\":\"ImageObject\",\"inLanguage\":\"es\",\"@id\":\"https:\\\/\\\/secure.gravatar.com\\\/avatar\\\/b6992f131dc8d30ab0dff15446e9d346d9dbd95992de0fef795073f5ea83a81c?s=96&d=mm&r=g\",\"url\":\"https:\\\/\\\/secure.gravatar.com\\\/avatar\\\/b6992f131dc8d30ab0dff15446e9d346d9dbd95992de0fef795073f5ea83a81c?s=96&d=mm&r=g\",\"contentUrl\":\"https:\\\/\\\/secure.gravatar.com\\\/avatar\\\/b6992f131dc8d30ab0dff15446e9d346d9dbd95992de0fef795073f5ea83a81c?s=96&d=mm&r=g\",\"caption\":\"La Gu\u00eda de Pamplona\"}}]}<\/script>\n<!-- \/ Yoast SEO plugin. -->","yoast_head_json":{"title":"\u2018Check-Out\u2019 de la compa\u00f1\u00eda Adri\u00e1n Conde cierra este martes las tardes de programaci\u00f3n familiar en el palacio de Ezpeleta","description":"La actuaci\u00f3n comenzar\u00e1 a las 19.30 horas, con entrada libre hasta completar el aforo","robots":{"index":"index","follow":"follow","max-snippet":"max-snippet:-1","max-image-preview":"max-image-preview:large","max-video-preview":"max-video-preview:-1"},"canonical":"https:\/\/www.laguiadepamplona.com\/actualidad\/check-out-de-la-compania-adrian-conde-cierra-este-martes-las-tardes-de-programacion-familiar-en-el-palacio-de-ezpeleta\/","og_locale":"es_ES","og_type":"article","og_title":"\u2018Check-Out\u2019 de la compa\u00f1\u00eda Adri\u00e1n Conde cierra este martes las tardes de programaci\u00f3n familiar en el palacio de Ezpeleta","og_description":"La actuaci\u00f3n comenzar\u00e1 a las 19.30 horas, con entrada libre hasta completar el aforo","og_url":"https:\/\/www.laguiadepamplona.com\/actualidad\/check-out-de-la-compania-adrian-conde-cierra-este-martes-las-tardes-de-programacion-familiar-en-el-palacio-de-ezpeleta\/","og_site_name":"La Gu\u00eda de Pamplona","article_publisher":"https:\/\/www.facebook.com\/laguiadepamplonacom-133175176762273\/?ref=hl","article_published_time":"2023-08-22T11:02:43+00:00","og_image":[{"width":1052,"height":1200,"url":"https:\/\/www.laguiadepamplona.com\/actualidad\/wp-content\/uploads\/2023\/08\/CHECK-OUT.webp","type":"image\/webp"}],"author":"La Gu\u00eda de Pamplona","twitter_card":"summary_large_image","twitter_creator":"@LaGuiadPamplona","twitter_site":"@LaGuiadPamplona","twitter_misc":{"Escrito por":"La Gu\u00eda de Pamplona","Tiempo de lectura":"2 minutos"},"schema":{"@context":"https:\/\/schema.org","@graph":[{"@type":"Article","@id":"https:\/\/www.laguiadepamplona.com\/actualidad\/check-out-de-la-compania-adrian-conde-cierra-este-martes-las-tardes-de-programacion-familiar-en-el-palacio-de-ezpeleta\/#article","isPartOf":{"@id":"https:\/\/www.laguiadepamplona.com\/actualidad\/check-out-de-la-compania-adrian-conde-cierra-este-martes-las-tardes-de-programacion-familiar-en-el-palacio-de-ezpeleta\/"},"author":{"name":"La Gu\u00eda de Pamplona","@id":"https:\/\/www.laguiadepamplona.com\/actualidad\/#\/schema\/person\/efe887376f0213d4657c93adc50b1fdb"},"headline":"\u2018Check-Out\u2019 de la compa\u00f1\u00eda Adri\u00e1n Conde cierra este martes las tardes de programaci\u00f3n familiar en el palacio de Ezpeleta","datePublished":"2023-08-22T11:02:43+00:00","mainEntityOfPage":{"@id":"https:\/\/www.laguiadepamplona.com\/actualidad\/check-out-de-la-compania-adrian-conde-cierra-este-martes-las-tardes-de-programacion-familiar-en-el-palacio-de-ezpeleta\/"},"wordCount":347,"commentCount":0,"publisher":{"@id":"https:\/\/www.laguiadepamplona.com\/actualidad\/#organization"},"image":{"@id":"https:\/\/www.laguiadepamplona.com\/actualidad\/check-out-de-la-compania-adrian-conde-cierra-este-martes-las-tardes-de-programacion-familiar-en-el-palacio-de-ezpeleta\/#primaryimage"},"thumbnailUrl":"https:\/\/www.laguiadepamplona.com\/actualidad\/wp-content\/uploads\/2023\/08\/CHECK-OUT.webp","articleSection":["Ayto Pamplona"],"inLanguage":"es","potentialAction":[{"@type":"CommentAction","name":"Comment","target":["https:\/\/www.laguiadepamplona.com\/actualidad\/check-out-de-la-compania-adrian-conde-cierra-este-martes-las-tardes-de-programacion-familiar-en-el-palacio-de-ezpeleta\/#respond"]}]},{"@type":"WebPage","@id":"https:\/\/www.laguiadepamplona.com\/actualidad\/check-out-de-la-compania-adrian-conde-cierra-este-martes-las-tardes-de-programacion-familiar-en-el-palacio-de-ezpeleta\/","url":"https:\/\/www.laguiadepamplona.com\/actualidad\/check-out-de-la-compania-adrian-conde-cierra-este-martes-las-tardes-de-programacion-familiar-en-el-palacio-de-ezpeleta\/","name":"\u2018Check-Out\u2019 de la compa\u00f1\u00eda Adri\u00e1n Conde cierra este martes las tardes de programaci\u00f3n familiar en el palacio de Ezpeleta","isPartOf":{"@id":"https:\/\/www.laguiadepamplona.com\/actualidad\/#website"},"primaryImageOfPage":{"@id":"https:\/\/www.laguiadepamplona.com\/actualidad\/check-out-de-la-compania-adrian-conde-cierra-este-martes-las-tardes-de-programacion-familiar-en-el-palacio-de-ezpeleta\/#primaryimage"},"image":{"@id":"https:\/\/www.laguiadepamplona.com\/actualidad\/check-out-de-la-compania-adrian-conde-cierra-este-martes-las-tardes-de-programacion-familiar-en-el-palacio-de-ezpeleta\/#primaryimage"},"thumbnailUrl":"https:\/\/www.laguiadepamplona.com\/actualidad\/wp-content\/uploads\/2023\/08\/CHECK-OUT.webp","datePublished":"2023-08-22T11:02:43+00:00","description":"La actuaci\u00f3n comenzar\u00e1 a las 19.30 horas, con entrada libre hasta completar el aforo","breadcrumb":{"@id":"https:\/\/www.laguiadepamplona.com\/actualidad\/check-out-de-la-compania-adrian-conde-cierra-este-martes-las-tardes-de-programacion-familiar-en-el-palacio-de-ezpeleta\/#breadcrumb"},"inLanguage":"es","potentialAction":[{"@type":"ReadAction","target":["https:\/\/www.laguiadepamplona.com\/actualidad\/check-out-de-la-compania-adrian-conde-cierra-este-martes-las-tardes-de-programacion-familiar-en-el-palacio-de-ezpeleta\/"]}]},{"@type":"ImageObject","inLanguage":"es","@id":"https:\/\/www.laguiadepamplona.com\/actualidad\/check-out-de-la-compania-adrian-conde-cierra-este-martes-las-tardes-de-programacion-familiar-en-el-palacio-de-ezpeleta\/#primaryimage","url":"https:\/\/www.laguiadepamplona.com\/actualidad\/wp-content\/uploads\/2023\/08\/CHECK-OUT.webp","contentUrl":"https:\/\/www.laguiadepamplona.com\/actualidad\/wp-content\/uploads\/2023\/08\/CHECK-OUT.webp","width":1052,"height":1200,"caption":"check-out"},{"@type":"BreadcrumbList","@id":"https:\/\/www.laguiadepamplona.com\/actualidad\/check-out-de-la-compania-adrian-conde-cierra-este-martes-las-tardes-de-programacion-familiar-en-el-palacio-de-ezpeleta\/#breadcrumb","itemListElement":[{"@type":"ListItem","position":1,"name":"Portada","item":"https:\/\/www.laguiadepamplona.com\/actualidad\/"},{"@type":"ListItem","position":2,"name":"\u2018Check-Out\u2019 de la compa\u00f1\u00eda Adri\u00e1n Conde cierra este martes las tardes de programaci\u00f3n familiar en el palacio de Ezpeleta"}]},{"@type":"WebSite","@id":"https:\/\/www.laguiadepamplona.com\/actualidad\/#website","url":"https:\/\/www.laguiadepamplona.com\/actualidad\/","name":"La gu\u00eda de Pamplona","description":"Noticias de Pamplona","publisher":{"@id":"https:\/\/www.laguiadepamplona.com\/actualidad\/#organization"},"potentialAction":[{"@type":"SearchAction","target":{"@type":"EntryPoint","urlTemplate":"https:\/\/www.laguiadepamplona.com\/actualidad\/?s={search_term_string}"},"query-input":{"@type":"PropertyValueSpecification","valueRequired":true,"valueName":"search_term_string"}}],"inLanguage":"es"},{"@type":"Organization","@id":"https:\/\/www.laguiadepamplona.com\/actualidad\/#organization","name":"La Gu\u00eda de Pamplona \/ Noticias","url":"https:\/\/www.laguiadepamplona.com\/actualidad\/","logo":{"@type":"ImageObject","inLanguage":"es","@id":"https:\/\/www.laguiadepamplona.com\/actualidad\/#\/schema\/logo\/image\/","url":"https:\/\/www.laguiadepamplona.com\/actualidad\/wp-content\/uploads\/2018\/11\/logo-laguiadepamplona18-web1.png","contentUrl":"https:\/\/www.laguiadepamplona.com\/actualidad\/wp-content\/uploads\/2018\/11\/logo-laguiadepamplona18-web1.png","width":600,"height":196,"caption":"La Gu\u00eda de Pamplona \/ Noticias"},"image":{"@id":"https:\/\/www.laguiadepamplona.com\/actualidad\/#\/schema\/logo\/image\/"},"sameAs":["https:\/\/www.facebook.com\/laguiadepamplonacom-133175176762273\/?ref=hl","https:\/\/x.com\/LaGuiadPamplona","https:\/\/www.instagram.com\/la_guia_de_pamplona\/","https:\/\/www.youtube.com\/user\/laguiadepamplona"]},{"@type":"Person","@id":"https:\/\/www.laguiadepamplona.com\/actualidad\/#\/schema\/person\/efe887376f0213d4657c93adc50b1fdb","name":"La Gu\u00eda de Pamplona","image":{"@type":"ImageObject","inLanguage":"es","@id":"https:\/\/secure.gravatar.com\/avatar\/b6992f131dc8d30ab0dff15446e9d346d9dbd95992de0fef795073f5ea83a81c?s=96&d=mm&r=g","url":"https:\/\/secure.gravatar.com\/avatar\/b6992f131dc8d30ab0dff15446e9d346d9dbd95992de0fef795073f5ea83a81c?s=96&d=mm&r=g","contentUrl":"https:\/\/secure.gravatar.com\/avatar\/b6992f131dc8d30ab0dff15446e9d346d9dbd95992de0fef795073f5ea83a81c?s=96&d=mm&r=g","caption":"La Gu\u00eda de Pamplona"}}]}},"post_mailing_queue_ids":[],"_links":{"self":[{"href":"https:\/\/www.laguiadepamplona.com\/actualidad\/wp-json\/wp\/v2\/posts\/47310","targetHints":{"allow":["GET"]}}],"collection":[{"href":"https:\/\/www.laguiadepamplona.com\/actualidad\/wp-json\/wp\/v2\/posts"}],"about":[{"href":"https:\/\/www.laguiadepamplona.com\/actualidad\/wp-json\/wp\/v2\/types\/post"}],"author":[{"embeddable":true,"href":"https:\/\/www.laguiadepamplona.com\/actualidad\/wp-json\/wp\/v2\/users\/1"}],"replies":[{"embeddable":true,"href":"https:\/\/www.laguiadepamplona.com\/actualidad\/wp-json\/wp\/v2\/comments?post=47310"}],"version-history":[{"count":1,"href":"https:\/\/www.laguiadepamplona.com\/actualidad\/wp-json\/wp\/v2\/posts\/47310\/revisions"}],"predecessor-version":[{"id":47312,"href":"https:\/\/www.laguiadepamplona.com\/actualidad\/wp-json\/wp\/v2\/posts\/47310\/revisions\/47312"}],"wp:featuredmedia":[{"embeddable":true,"href":"https:\/\/www.laguiadepamplona.com\/actualidad\/wp-json\/wp\/v2\/media\/47311"}],"wp:attachment":[{"href":"https:\/\/www.laguiadepamplona.com\/actualidad\/wp-json\/wp\/v2\/media?parent=47310"}],"wp:term":[{"taxonomy":"category","embeddable":true,"href":"https:\/\/www.laguiadepamplona.com\/actualidad\/wp-json\/wp\/v2\/categories?post=47310"},{"taxonomy":"post_tag","embeddable":true,"href":"https:\/\/www.laguiadepamplona.com\/actualidad\/wp-json\/wp\/v2\/tags?post=47310"}],"curies":[{"name":"wp","href":"https:\/\/api.w.org\/{rel}","templated":true}]}}