{"id":47300,"date":"2023-08-11T17:29:58","date_gmt":"2023-08-11T15:29:58","guid":{"rendered":"https:\/\/www.laguiadepamplona.com\/actualidad\/?p=47300"},"modified":"2023-08-11T17:29:58","modified_gmt":"2023-08-11T15:29:58","slug":"como-cantar-versiones-innovando-o-la-tribu-obenbe-la-propuesta-para-el-lunes-del-concierto-en-la-plaza-de-san-jose","status":"publish","type":"post","link":"https:\/\/www.laguiadepamplona.com\/actualidad\/como-cantar-versiones-innovando-o-la-tribu-obenbe-la-propuesta-para-el-lunes-del-concierto-en-la-plaza-de-san-jose\/","title":{"rendered":"Como cantar versiones innovando o La tribu Obenbe, la propuesta para el lunes del concierto en la plaza de San Jos\u00e9"},"content":{"rendered":"<h3>Ser\u00e1 el segundo espect\u00e1culo del ciclo municipal \u2018Versionando\u2019 y tendr\u00e1 lugar a las 20 horas con entrada libre<\/h3>\n<p><!--more--><\/p>\n<p>Este pr\u00f3ximo lunes 14 de agosto continua el ciclo de conciertos de versiones de temas de siempre, que tiene lugar en la plaza de San Jos\u00e9 los lunes de agosto a las 20 horas. En este caso la propuesta la red Civivox para el Ayuntamiento de Pamplona es la actuaci\u00f3n de \u2018La Tribu Obembe\u2019, parafraseando a Les Luthiers \u201cLa primera banda de m\u00fasica de color en la que todos sus componentes&#8230; son blancos\u201d.<br \/>\n<script async src=\"\/\/pagead2.googlesyndication.com\/pagead\/js\/adsbygoogle.js\"><\/script><br \/>\n<!-- Noticias La Guia de Pamplona --><br \/>\n<ins class=\"adsbygoogle\"\nstyle=\"display:block\"\ndata-ad-client=\"ca-pub-6943679897239327\"\ndata-ad-slot=\"7048180777\"\ndata-ad-format=\"auto\"><\/ins><br \/>\n<script>\n(adsbygoogle = window.adsbygoogle || []).push({});\n<\/script><\/p>\n<p>A medio camino entre las versiones y una Jam, el guion del espect\u00e1culo se basa en la mezcla de grandes temas de los de los 80, de los 90&#8230;. Siguiendo el tema de los c\u00f3micos argentinos que da nombre a la banda, el guion del espect\u00e1culo se basa en la confusi\u00f3n. Incapaces de reproducir fielmente los sonidos de varias cintas de casette llegadas a\u00f1os atr\u00e1s desde occidente a la aldea, los integrantes de la banda descargar\u00e1n una variada muestra de sus m\u00e1s ins\u00f3litas versiones musicales mezclando temas que pueden parecer antag\u00f3nicos o a cantar la letra de una canci\u00f3n con la m\u00fasica de otra. Reconocen que cantan canciones de otros artistas, pero, a partir de ellas, crean algo diferente y novedoso, aportando el humor inteligente como sello personal para conseguir resultados antag\u00f3nicos respecto a los originales. Como reza la f\u00f3rmula m\u00e1gica de Yogurtu \u00a1Singu\u00ed ngtumi!, o lo que es lo mismo, \u2018Singing to me\u2019, bienvenidos al desconcierto.<\/p>\n<p>El de \u2018La tribu Obembe\u2019 ser\u00e1 el segundo concierto de los cuatro que componen el ciclo municipal. Los siguientes se desarrollar\u00e1n los d\u00edas 21 y 28 de agosto, con las bandasTopangas y The Black List Sould Band, respectivamente. Desde 2011 esta cita estival con la m\u00fasica permite que los grupos participantes presenten sus versiones de canciones de otros artistas en conciertos aptos para todos los p\u00fablicos y con entrada libre.<br \/>\n<script async src=\"\/\/pagead2.googlesyndication.com\/pagead\/js\/adsbygoogle.js\"><\/script><br \/>\n<!-- Noticias La Guia de Pamplona --><br \/>\n<ins class=\"adsbygoogle\"\nstyle=\"display:block\"\ndata-ad-client=\"ca-pub-6943679897239327\"\ndata-ad-slot=\"7048180777\"\ndata-ad-format=\"auto\"><\/ins><br \/>\n<script>\n(adsbygoogle = window.adsbygoogle || []).push({});\n<\/script><\/p>\n<p>&nbsp;<\/p>\n<h3>Versionando. Plaza de San Jos\u00e9. 20 horas. Entrada libre<\/h3>\n<p><strong>Lunes 14 de agosto<\/strong><\/p>\n<ul>\n<li>La tribu Obembe<\/li>\n<\/ul>\n<p><strong>Lunes 20 de agosto<\/strong><\/p>\n<ul>\n<li>Topangas<\/li>\n<\/ul>\n","protected":false},"excerpt":{"rendered":"<p>Ser\u00e1 el segundo espect\u00e1culo del ciclo municipal \u2018Versionando\u2019 y tendr\u00e1 lugar a las 20 horas con entrada libre<\/p>\n","protected":false},"author":1,"featured_media":47301,"comment_status":"open","ping_status":"closed","sticky":false,"template":"","format":"standard","meta":{"footnotes":""},"categories":[2],"tags":[],"class_list":["post-47300","post","type-post","status-publish","format-standard","has-post-thumbnail","hentry","category-ayuntamiento-pamplona"],"yoast_head":"<!-- This site is optimized with the Yoast SEO plugin v27.3 - https:\/\/yoast.com\/product\/yoast-seo-wordpress\/ -->\n<title>Como cantar versiones innovando o La tribu Obenbe, la propuesta para el lunes del concierto en la plaza de San Jos\u00e9<\/title>\n<meta name=\"description\" content=\"Ser\u00e1 el segundo espect\u00e1culo del ciclo municipal \u2018Versionando\u2019 y tendr\u00e1 lugar a las 20 horas con entrada libre\" \/>\n<meta name=\"robots\" content=\"index, follow, max-snippet:-1, max-image-preview:large, max-video-preview:-1\" \/>\n<link rel=\"canonical\" href=\"https:\/\/www.laguiadepamplona.com\/actualidad\/como-cantar-versiones-innovando-o-la-tribu-obenbe-la-propuesta-para-el-lunes-del-concierto-en-la-plaza-de-san-jose\/\" \/>\n<meta property=\"og:locale\" content=\"es_ES\" \/>\n<meta property=\"og:type\" content=\"article\" \/>\n<meta property=\"og:title\" content=\"Como cantar versiones innovando o La tribu Obenbe, la propuesta para el lunes del concierto en la plaza de San Jos\u00e9\" \/>\n<meta property=\"og:description\" content=\"Ser\u00e1 el segundo espect\u00e1culo del ciclo municipal \u2018Versionando\u2019 y tendr\u00e1 lugar a las 20 horas con entrada libre\" \/>\n<meta property=\"og:url\" content=\"https:\/\/www.laguiadepamplona.com\/actualidad\/como-cantar-versiones-innovando-o-la-tribu-obenbe-la-propuesta-para-el-lunes-del-concierto-en-la-plaza-de-san-jose\/\" \/>\n<meta property=\"og:site_name\" content=\"La Gu\u00eda de Pamplona\" \/>\n<meta property=\"article:publisher\" content=\"https:\/\/www.facebook.com\/laguiadepamplonacom-133175176762273\/?ref=hl\" \/>\n<meta property=\"article:published_time\" content=\"2023-08-11T15:29:58+00:00\" \/>\n<meta property=\"og:image\" content=\"https:\/\/www.laguiadepamplona.com\/actualidad\/wp-content\/uploads\/2023\/08\/versionando-plaza-san-jose-1320x729-1.webp\" \/>\n\t<meta property=\"og:image:width\" content=\"1320\" \/>\n\t<meta property=\"og:image:height\" content=\"729\" \/>\n\t<meta property=\"og:image:type\" content=\"image\/webp\" \/>\n<meta name=\"author\" content=\"La Gu\u00eda de Pamplona\" \/>\n<meta name=\"twitter:card\" content=\"summary_large_image\" \/>\n<meta name=\"twitter:creator\" content=\"@LaGuiadPamplona\" \/>\n<meta name=\"twitter:site\" content=\"@LaGuiadPamplona\" \/>\n<meta name=\"twitter:label1\" content=\"Escrito por\" \/>\n\t<meta name=\"twitter:data1\" content=\"La Gu\u00eda de Pamplona\" \/>\n\t<meta name=\"twitter:label2\" content=\"Tiempo de lectura\" \/>\n\t<meta name=\"twitter:data2\" content=\"2 minutos\" \/>\n<script type=\"application\/ld+json\" class=\"yoast-schema-graph\">{\"@context\":\"https:\\\/\\\/schema.org\",\"@graph\":[{\"@type\":\"Article\",\"@id\":\"https:\\\/\\\/www.laguiadepamplona.com\\\/actualidad\\\/como-cantar-versiones-innovando-o-la-tribu-obenbe-la-propuesta-para-el-lunes-del-concierto-en-la-plaza-de-san-jose\\\/#article\",\"isPartOf\":{\"@id\":\"https:\\\/\\\/www.laguiadepamplona.com\\\/actualidad\\\/como-cantar-versiones-innovando-o-la-tribu-obenbe-la-propuesta-para-el-lunes-del-concierto-en-la-plaza-de-san-jose\\\/\"},\"author\":{\"name\":\"La Gu\u00eda de Pamplona\",\"@id\":\"https:\\\/\\\/www.laguiadepamplona.com\\\/actualidad\\\/#\\\/schema\\\/person\\\/efe887376f0213d4657c93adc50b1fdb\"},\"headline\":\"Como cantar versiones innovando o La tribu Obenbe, la propuesta para el lunes del concierto en la plaza de San Jos\u00e9\",\"datePublished\":\"2023-08-11T15:29:58+00:00\",\"mainEntityOfPage\":{\"@id\":\"https:\\\/\\\/www.laguiadepamplona.com\\\/actualidad\\\/como-cantar-versiones-innovando-o-la-tribu-obenbe-la-propuesta-para-el-lunes-del-concierto-en-la-plaza-de-san-jose\\\/\"},\"wordCount\":373,\"commentCount\":0,\"publisher\":{\"@id\":\"https:\\\/\\\/www.laguiadepamplona.com\\\/actualidad\\\/#organization\"},\"image\":{\"@id\":\"https:\\\/\\\/www.laguiadepamplona.com\\\/actualidad\\\/como-cantar-versiones-innovando-o-la-tribu-obenbe-la-propuesta-para-el-lunes-del-concierto-en-la-plaza-de-san-jose\\\/#primaryimage\"},\"thumbnailUrl\":\"https:\\\/\\\/www.laguiadepamplona.com\\\/actualidad\\\/wp-content\\\/uploads\\\/2023\\\/08\\\/versionando-plaza-san-jose-1320x729-1.webp\",\"articleSection\":[\"Ayto Pamplona\"],\"inLanguage\":\"es\",\"potentialAction\":[{\"@type\":\"CommentAction\",\"name\":\"Comment\",\"target\":[\"https:\\\/\\\/www.laguiadepamplona.com\\\/actualidad\\\/como-cantar-versiones-innovando-o-la-tribu-obenbe-la-propuesta-para-el-lunes-del-concierto-en-la-plaza-de-san-jose\\\/#respond\"]}]},{\"@type\":\"WebPage\",\"@id\":\"https:\\\/\\\/www.laguiadepamplona.com\\\/actualidad\\\/como-cantar-versiones-innovando-o-la-tribu-obenbe-la-propuesta-para-el-lunes-del-concierto-en-la-plaza-de-san-jose\\\/\",\"url\":\"https:\\\/\\\/www.laguiadepamplona.com\\\/actualidad\\\/como-cantar-versiones-innovando-o-la-tribu-obenbe-la-propuesta-para-el-lunes-del-concierto-en-la-plaza-de-san-jose\\\/\",\"name\":\"Como cantar versiones innovando o La tribu Obenbe, la propuesta para el lunes del concierto en la plaza de San Jos\u00e9\",\"isPartOf\":{\"@id\":\"https:\\\/\\\/www.laguiadepamplona.com\\\/actualidad\\\/#website\"},\"primaryImageOfPage\":{\"@id\":\"https:\\\/\\\/www.laguiadepamplona.com\\\/actualidad\\\/como-cantar-versiones-innovando-o-la-tribu-obenbe-la-propuesta-para-el-lunes-del-concierto-en-la-plaza-de-san-jose\\\/#primaryimage\"},\"image\":{\"@id\":\"https:\\\/\\\/www.laguiadepamplona.com\\\/actualidad\\\/como-cantar-versiones-innovando-o-la-tribu-obenbe-la-propuesta-para-el-lunes-del-concierto-en-la-plaza-de-san-jose\\\/#primaryimage\"},\"thumbnailUrl\":\"https:\\\/\\\/www.laguiadepamplona.com\\\/actualidad\\\/wp-content\\\/uploads\\\/2023\\\/08\\\/versionando-plaza-san-jose-1320x729-1.webp\",\"datePublished\":\"2023-08-11T15:29:58+00:00\",\"description\":\"Ser\u00e1 el segundo espect\u00e1culo del ciclo municipal \u2018Versionando\u2019 y tendr\u00e1 lugar a las 20 horas con entrada libre\",\"breadcrumb\":{\"@id\":\"https:\\\/\\\/www.laguiadepamplona.com\\\/actualidad\\\/como-cantar-versiones-innovando-o-la-tribu-obenbe-la-propuesta-para-el-lunes-del-concierto-en-la-plaza-de-san-jose\\\/#breadcrumb\"},\"inLanguage\":\"es\",\"potentialAction\":[{\"@type\":\"ReadAction\",\"target\":[\"https:\\\/\\\/www.laguiadepamplona.com\\\/actualidad\\\/como-cantar-versiones-innovando-o-la-tribu-obenbe-la-propuesta-para-el-lunes-del-concierto-en-la-plaza-de-san-jose\\\/\"]}]},{\"@type\":\"ImageObject\",\"inLanguage\":\"es\",\"@id\":\"https:\\\/\\\/www.laguiadepamplona.com\\\/actualidad\\\/como-cantar-versiones-innovando-o-la-tribu-obenbe-la-propuesta-para-el-lunes-del-concierto-en-la-plaza-de-san-jose\\\/#primaryimage\",\"url\":\"https:\\\/\\\/www.laguiadepamplona.com\\\/actualidad\\\/wp-content\\\/uploads\\\/2023\\\/08\\\/versionando-plaza-san-jose-1320x729-1.webp\",\"contentUrl\":\"https:\\\/\\\/www.laguiadepamplona.com\\\/actualidad\\\/wp-content\\\/uploads\\\/2023\\\/08\\\/versionando-plaza-san-jose-1320x729-1.webp\",\"width\":1320,\"height\":729},{\"@type\":\"BreadcrumbList\",\"@id\":\"https:\\\/\\\/www.laguiadepamplona.com\\\/actualidad\\\/como-cantar-versiones-innovando-o-la-tribu-obenbe-la-propuesta-para-el-lunes-del-concierto-en-la-plaza-de-san-jose\\\/#breadcrumb\",\"itemListElement\":[{\"@type\":\"ListItem\",\"position\":1,\"name\":\"Portada\",\"item\":\"https:\\\/\\\/www.laguiadepamplona.com\\\/actualidad\\\/\"},{\"@type\":\"ListItem\",\"position\":2,\"name\":\"Como cantar versiones innovando o La tribu Obenbe, la propuesta para el lunes del concierto en la plaza de San Jos\u00e9\"}]},{\"@type\":\"WebSite\",\"@id\":\"https:\\\/\\\/www.laguiadepamplona.com\\\/actualidad\\\/#website\",\"url\":\"https:\\\/\\\/www.laguiadepamplona.com\\\/actualidad\\\/\",\"name\":\"La gu\u00eda de Pamplona\",\"description\":\"Noticias de Pamplona\",\"publisher\":{\"@id\":\"https:\\\/\\\/www.laguiadepamplona.com\\\/actualidad\\\/#organization\"},\"potentialAction\":[{\"@type\":\"SearchAction\",\"target\":{\"@type\":\"EntryPoint\",\"urlTemplate\":\"https:\\\/\\\/www.laguiadepamplona.com\\\/actualidad\\\/?s={search_term_string}\"},\"query-input\":{\"@type\":\"PropertyValueSpecification\",\"valueRequired\":true,\"valueName\":\"search_term_string\"}}],\"inLanguage\":\"es\"},{\"@type\":\"Organization\",\"@id\":\"https:\\\/\\\/www.laguiadepamplona.com\\\/actualidad\\\/#organization\",\"name\":\"La Gu\u00eda de Pamplona \\\/ Noticias\",\"url\":\"https:\\\/\\\/www.laguiadepamplona.com\\\/actualidad\\\/\",\"logo\":{\"@type\":\"ImageObject\",\"inLanguage\":\"es\",\"@id\":\"https:\\\/\\\/www.laguiadepamplona.com\\\/actualidad\\\/#\\\/schema\\\/logo\\\/image\\\/\",\"url\":\"https:\\\/\\\/www.laguiadepamplona.com\\\/actualidad\\\/wp-content\\\/uploads\\\/2018\\\/11\\\/logo-laguiadepamplona18-web1.png\",\"contentUrl\":\"https:\\\/\\\/www.laguiadepamplona.com\\\/actualidad\\\/wp-content\\\/uploads\\\/2018\\\/11\\\/logo-laguiadepamplona18-web1.png\",\"width\":600,\"height\":196,\"caption\":\"La Gu\u00eda de Pamplona \\\/ Noticias\"},\"image\":{\"@id\":\"https:\\\/\\\/www.laguiadepamplona.com\\\/actualidad\\\/#\\\/schema\\\/logo\\\/image\\\/\"},\"sameAs\":[\"https:\\\/\\\/www.facebook.com\\\/laguiadepamplonacom-133175176762273\\\/?ref=hl\",\"https:\\\/\\\/x.com\\\/LaGuiadPamplona\",\"https:\\\/\\\/www.instagram.com\\\/la_guia_de_pamplona\\\/\",\"https:\\\/\\\/www.youtube.com\\\/user\\\/laguiadepamplona\"]},{\"@type\":\"Person\",\"@id\":\"https:\\\/\\\/www.laguiadepamplona.com\\\/actualidad\\\/#\\\/schema\\\/person\\\/efe887376f0213d4657c93adc50b1fdb\",\"name\":\"La Gu\u00eda de Pamplona\",\"image\":{\"@type\":\"ImageObject\",\"inLanguage\":\"es\",\"@id\":\"https:\\\/\\\/secure.gravatar.com\\\/avatar\\\/b6992f131dc8d30ab0dff15446e9d346d9dbd95992de0fef795073f5ea83a81c?s=96&d=mm&r=g\",\"url\":\"https:\\\/\\\/secure.gravatar.com\\\/avatar\\\/b6992f131dc8d30ab0dff15446e9d346d9dbd95992de0fef795073f5ea83a81c?s=96&d=mm&r=g\",\"contentUrl\":\"https:\\\/\\\/secure.gravatar.com\\\/avatar\\\/b6992f131dc8d30ab0dff15446e9d346d9dbd95992de0fef795073f5ea83a81c?s=96&d=mm&r=g\",\"caption\":\"La Gu\u00eda de Pamplona\"}}]}<\/script>\n<!-- \/ Yoast SEO plugin. -->","yoast_head_json":{"title":"Como cantar versiones innovando o La tribu Obenbe, la propuesta para el lunes del concierto en la plaza de San Jos\u00e9","description":"Ser\u00e1 el segundo espect\u00e1culo del ciclo municipal \u2018Versionando\u2019 y tendr\u00e1 lugar a las 20 horas con entrada libre","robots":{"index":"index","follow":"follow","max-snippet":"max-snippet:-1","max-image-preview":"max-image-preview:large","max-video-preview":"max-video-preview:-1"},"canonical":"https:\/\/www.laguiadepamplona.com\/actualidad\/como-cantar-versiones-innovando-o-la-tribu-obenbe-la-propuesta-para-el-lunes-del-concierto-en-la-plaza-de-san-jose\/","og_locale":"es_ES","og_type":"article","og_title":"Como cantar versiones innovando o La tribu Obenbe, la propuesta para el lunes del concierto en la plaza de San Jos\u00e9","og_description":"Ser\u00e1 el segundo espect\u00e1culo del ciclo municipal \u2018Versionando\u2019 y tendr\u00e1 lugar a las 20 horas con entrada libre","og_url":"https:\/\/www.laguiadepamplona.com\/actualidad\/como-cantar-versiones-innovando-o-la-tribu-obenbe-la-propuesta-para-el-lunes-del-concierto-en-la-plaza-de-san-jose\/","og_site_name":"La Gu\u00eda de Pamplona","article_publisher":"https:\/\/www.facebook.com\/laguiadepamplonacom-133175176762273\/?ref=hl","article_published_time":"2023-08-11T15:29:58+00:00","og_image":[{"width":1320,"height":729,"url":"https:\/\/www.laguiadepamplona.com\/actualidad\/wp-content\/uploads\/2023\/08\/versionando-plaza-san-jose-1320x729-1.webp","type":"image\/webp"}],"author":"La Gu\u00eda de Pamplona","twitter_card":"summary_large_image","twitter_creator":"@LaGuiadPamplona","twitter_site":"@LaGuiadPamplona","twitter_misc":{"Escrito por":"La Gu\u00eda de Pamplona","Tiempo de lectura":"2 minutos"},"schema":{"@context":"https:\/\/schema.org","@graph":[{"@type":"Article","@id":"https:\/\/www.laguiadepamplona.com\/actualidad\/como-cantar-versiones-innovando-o-la-tribu-obenbe-la-propuesta-para-el-lunes-del-concierto-en-la-plaza-de-san-jose\/#article","isPartOf":{"@id":"https:\/\/www.laguiadepamplona.com\/actualidad\/como-cantar-versiones-innovando-o-la-tribu-obenbe-la-propuesta-para-el-lunes-del-concierto-en-la-plaza-de-san-jose\/"},"author":{"name":"La Gu\u00eda de Pamplona","@id":"https:\/\/www.laguiadepamplona.com\/actualidad\/#\/schema\/person\/efe887376f0213d4657c93adc50b1fdb"},"headline":"Como cantar versiones innovando o La tribu Obenbe, la propuesta para el lunes del concierto en la plaza de San Jos\u00e9","datePublished":"2023-08-11T15:29:58+00:00","mainEntityOfPage":{"@id":"https:\/\/www.laguiadepamplona.com\/actualidad\/como-cantar-versiones-innovando-o-la-tribu-obenbe-la-propuesta-para-el-lunes-del-concierto-en-la-plaza-de-san-jose\/"},"wordCount":373,"commentCount":0,"publisher":{"@id":"https:\/\/www.laguiadepamplona.com\/actualidad\/#organization"},"image":{"@id":"https:\/\/www.laguiadepamplona.com\/actualidad\/como-cantar-versiones-innovando-o-la-tribu-obenbe-la-propuesta-para-el-lunes-del-concierto-en-la-plaza-de-san-jose\/#primaryimage"},"thumbnailUrl":"https:\/\/www.laguiadepamplona.com\/actualidad\/wp-content\/uploads\/2023\/08\/versionando-plaza-san-jose-1320x729-1.webp","articleSection":["Ayto Pamplona"],"inLanguage":"es","potentialAction":[{"@type":"CommentAction","name":"Comment","target":["https:\/\/www.laguiadepamplona.com\/actualidad\/como-cantar-versiones-innovando-o-la-tribu-obenbe-la-propuesta-para-el-lunes-del-concierto-en-la-plaza-de-san-jose\/#respond"]}]},{"@type":"WebPage","@id":"https:\/\/www.laguiadepamplona.com\/actualidad\/como-cantar-versiones-innovando-o-la-tribu-obenbe-la-propuesta-para-el-lunes-del-concierto-en-la-plaza-de-san-jose\/","url":"https:\/\/www.laguiadepamplona.com\/actualidad\/como-cantar-versiones-innovando-o-la-tribu-obenbe-la-propuesta-para-el-lunes-del-concierto-en-la-plaza-de-san-jose\/","name":"Como cantar versiones innovando o La tribu Obenbe, la propuesta para el lunes del concierto en la plaza de San Jos\u00e9","isPartOf":{"@id":"https:\/\/www.laguiadepamplona.com\/actualidad\/#website"},"primaryImageOfPage":{"@id":"https:\/\/www.laguiadepamplona.com\/actualidad\/como-cantar-versiones-innovando-o-la-tribu-obenbe-la-propuesta-para-el-lunes-del-concierto-en-la-plaza-de-san-jose\/#primaryimage"},"image":{"@id":"https:\/\/www.laguiadepamplona.com\/actualidad\/como-cantar-versiones-innovando-o-la-tribu-obenbe-la-propuesta-para-el-lunes-del-concierto-en-la-plaza-de-san-jose\/#primaryimage"},"thumbnailUrl":"https:\/\/www.laguiadepamplona.com\/actualidad\/wp-content\/uploads\/2023\/08\/versionando-plaza-san-jose-1320x729-1.webp","datePublished":"2023-08-11T15:29:58+00:00","description":"Ser\u00e1 el segundo espect\u00e1culo del ciclo municipal \u2018Versionando\u2019 y tendr\u00e1 lugar a las 20 horas con entrada libre","breadcrumb":{"@id":"https:\/\/www.laguiadepamplona.com\/actualidad\/como-cantar-versiones-innovando-o-la-tribu-obenbe-la-propuesta-para-el-lunes-del-concierto-en-la-plaza-de-san-jose\/#breadcrumb"},"inLanguage":"es","potentialAction":[{"@type":"ReadAction","target":["https:\/\/www.laguiadepamplona.com\/actualidad\/como-cantar-versiones-innovando-o-la-tribu-obenbe-la-propuesta-para-el-lunes-del-concierto-en-la-plaza-de-san-jose\/"]}]},{"@type":"ImageObject","inLanguage":"es","@id":"https:\/\/www.laguiadepamplona.com\/actualidad\/como-cantar-versiones-innovando-o-la-tribu-obenbe-la-propuesta-para-el-lunes-del-concierto-en-la-plaza-de-san-jose\/#primaryimage","url":"https:\/\/www.laguiadepamplona.com\/actualidad\/wp-content\/uploads\/2023\/08\/versionando-plaza-san-jose-1320x729-1.webp","contentUrl":"https:\/\/www.laguiadepamplona.com\/actualidad\/wp-content\/uploads\/2023\/08\/versionando-plaza-san-jose-1320x729-1.webp","width":1320,"height":729},{"@type":"BreadcrumbList","@id":"https:\/\/www.laguiadepamplona.com\/actualidad\/como-cantar-versiones-innovando-o-la-tribu-obenbe-la-propuesta-para-el-lunes-del-concierto-en-la-plaza-de-san-jose\/#breadcrumb","itemListElement":[{"@type":"ListItem","position":1,"name":"Portada","item":"https:\/\/www.laguiadepamplona.com\/actualidad\/"},{"@type":"ListItem","position":2,"name":"Como cantar versiones innovando o La tribu Obenbe, la propuesta para el lunes del concierto en la plaza de San Jos\u00e9"}]},{"@type":"WebSite","@id":"https:\/\/www.laguiadepamplona.com\/actualidad\/#website","url":"https:\/\/www.laguiadepamplona.com\/actualidad\/","name":"La gu\u00eda de Pamplona","description":"Noticias de Pamplona","publisher":{"@id":"https:\/\/www.laguiadepamplona.com\/actualidad\/#organization"},"potentialAction":[{"@type":"SearchAction","target":{"@type":"EntryPoint","urlTemplate":"https:\/\/www.laguiadepamplona.com\/actualidad\/?s={search_term_string}"},"query-input":{"@type":"PropertyValueSpecification","valueRequired":true,"valueName":"search_term_string"}}],"inLanguage":"es"},{"@type":"Organization","@id":"https:\/\/www.laguiadepamplona.com\/actualidad\/#organization","name":"La Gu\u00eda de Pamplona \/ Noticias","url":"https:\/\/www.laguiadepamplona.com\/actualidad\/","logo":{"@type":"ImageObject","inLanguage":"es","@id":"https:\/\/www.laguiadepamplona.com\/actualidad\/#\/schema\/logo\/image\/","url":"https:\/\/www.laguiadepamplona.com\/actualidad\/wp-content\/uploads\/2018\/11\/logo-laguiadepamplona18-web1.png","contentUrl":"https:\/\/www.laguiadepamplona.com\/actualidad\/wp-content\/uploads\/2018\/11\/logo-laguiadepamplona18-web1.png","width":600,"height":196,"caption":"La Gu\u00eda de Pamplona \/ Noticias"},"image":{"@id":"https:\/\/www.laguiadepamplona.com\/actualidad\/#\/schema\/logo\/image\/"},"sameAs":["https:\/\/www.facebook.com\/laguiadepamplonacom-133175176762273\/?ref=hl","https:\/\/x.com\/LaGuiadPamplona","https:\/\/www.instagram.com\/la_guia_de_pamplona\/","https:\/\/www.youtube.com\/user\/laguiadepamplona"]},{"@type":"Person","@id":"https:\/\/www.laguiadepamplona.com\/actualidad\/#\/schema\/person\/efe887376f0213d4657c93adc50b1fdb","name":"La Gu\u00eda de Pamplona","image":{"@type":"ImageObject","inLanguage":"es","@id":"https:\/\/secure.gravatar.com\/avatar\/b6992f131dc8d30ab0dff15446e9d346d9dbd95992de0fef795073f5ea83a81c?s=96&d=mm&r=g","url":"https:\/\/secure.gravatar.com\/avatar\/b6992f131dc8d30ab0dff15446e9d346d9dbd95992de0fef795073f5ea83a81c?s=96&d=mm&r=g","contentUrl":"https:\/\/secure.gravatar.com\/avatar\/b6992f131dc8d30ab0dff15446e9d346d9dbd95992de0fef795073f5ea83a81c?s=96&d=mm&r=g","caption":"La Gu\u00eda de Pamplona"}}]}},"post_mailing_queue_ids":[],"_links":{"self":[{"href":"https:\/\/www.laguiadepamplona.com\/actualidad\/wp-json\/wp\/v2\/posts\/47300","targetHints":{"allow":["GET"]}}],"collection":[{"href":"https:\/\/www.laguiadepamplona.com\/actualidad\/wp-json\/wp\/v2\/posts"}],"about":[{"href":"https:\/\/www.laguiadepamplona.com\/actualidad\/wp-json\/wp\/v2\/types\/post"}],"author":[{"embeddable":true,"href":"https:\/\/www.laguiadepamplona.com\/actualidad\/wp-json\/wp\/v2\/users\/1"}],"replies":[{"embeddable":true,"href":"https:\/\/www.laguiadepamplona.com\/actualidad\/wp-json\/wp\/v2\/comments?post=47300"}],"version-history":[{"count":1,"href":"https:\/\/www.laguiadepamplona.com\/actualidad\/wp-json\/wp\/v2\/posts\/47300\/revisions"}],"predecessor-version":[{"id":47302,"href":"https:\/\/www.laguiadepamplona.com\/actualidad\/wp-json\/wp\/v2\/posts\/47300\/revisions\/47302"}],"wp:featuredmedia":[{"embeddable":true,"href":"https:\/\/www.laguiadepamplona.com\/actualidad\/wp-json\/wp\/v2\/media\/47301"}],"wp:attachment":[{"href":"https:\/\/www.laguiadepamplona.com\/actualidad\/wp-json\/wp\/v2\/media?parent=47300"}],"wp:term":[{"taxonomy":"category","embeddable":true,"href":"https:\/\/www.laguiadepamplona.com\/actualidad\/wp-json\/wp\/v2\/categories?post=47300"},{"taxonomy":"post_tag","embeddable":true,"href":"https:\/\/www.laguiadepamplona.com\/actualidad\/wp-json\/wp\/v2\/tags?post=47300"}],"curies":[{"name":"wp","href":"https:\/\/api.w.org\/{rel}","templated":true}]}}