{"id":47298,"date":"2023-08-11T17:27:41","date_gmt":"2023-08-11T15:27:41","guid":{"rendered":"https:\/\/www.laguiadepamplona.com\/actualidad\/?p=47298"},"modified":"2023-08-11T17:27:41","modified_gmt":"2023-08-11T15:27:41","slug":"la-semana-que-viene-comenzara-con-cine-de-animacion-una-cinta-norteamericana-y-una-peruana-marcan-el-ecuador-de-noches-de-cine","status":"publish","type":"post","link":"https:\/\/www.laguiadepamplona.com\/actualidad\/la-semana-que-viene-comenzara-con-cine-de-animacion-una-cinta-norteamericana-y-una-peruana-marcan-el-ecuador-de-noches-de-cine\/","title":{"rendered":"La semana que viene comenzar\u00e1 con cine de animaci\u00f3n: una cinta norteamericana y una peruana marcan el ecuador de \u2018Noches de Cine\u2019"},"content":{"rendered":"<h3>Una banda criminal formada por animales y la aventura de una ni\u00f1a amaz\u00f3nica (en euskera) propuestas para Buztintxuri y San Jorge<\/h3>\n<p><!--more--><\/p>\n<p>Buztintxuri y San Jorge se convertir\u00e1n en salas de cine las noches los pr\u00f3ximos 14 y 16 de agosto con las proyecciones previstas en el programa municipal de actividades de verano \u2018Noches de cine\u2019. A las 22 horas, en el paseo de Buztintxuri y en la plaza Doctor Gortari se proyectar\u00e1n \u2018Los tipos malos\u2019 (2022, EEUU, 100\u2019) y la pel\u00edcula en euskera \u2018Ainbo. Amazoniako gerlaria\u2019 (2021, Per\u00fa, 84\u2019).<br \/>\n<script async src=\"\/\/pagead2.googlesyndication.com\/pagead\/js\/adsbygoogle.js\"><\/script><br \/>\n<!-- Noticias La Guia de Pamplona --><br \/>\n<ins class=\"adsbygoogle\"\nstyle=\"display:block\"\ndata-ad-client=\"ca-pub-6943679897239327\"\ndata-ad-slot=\"7048180777\"\ndata-ad-format=\"auto\"><\/ins><br \/>\n<script>\n(adsbygoogle = window.adsbygoogle || []).push({});\n<\/script><\/p>\n<p>El lunes 14 se marca el ecuador de este ciclo en Buztintxuri espacio al que llegar\u00e1n el Sr. Lobo, el Sr. Serpiente, el Sr. Pira\u00f1a, el Sr. Tibur\u00f3n y la Sra. Tar\u00e1ntula, los protagonistas de una cinta de animaci\u00f3n para todos los p\u00fablicos basada en la serie infantil de libros del mismo nombre escritos por Aaron Blabe. Producida por Dreamworks Animation. Una banda criminal formada por animales carteristas, reventadores de cajas fuertes, expertos en disfraces y hackers est\u00e1 dispuesta a embarcarse en su empresa m\u00e1s complicada: portarse bien.<\/p>\n<p>Tras el descanso del 15 de agosto festivo, la noche del 16 de agosto, llega la propuesta \u2018Ainbo. La guerrera del Amazonas\u2019, un filme peruano de animaci\u00f3n coproducido con entidades de Estados Unidos y Holanda (Pa\u00edses Bajos). Ainbo es una ni\u00f1a arquera que vive en la Amazon\u00eda. Tras perder a su madre y pelearse con los adultos de su aldea, decide emprender un viaje con dos animales, un armadillo y un tapir, para salvar a su pueblo. La cinta obtuvo el premio a Mejor Pel\u00edcula de Animaci\u00f3n en la novena edici\u00f3n de los Premios Platino de Cine Iberoamericano. La pel\u00edcula se proyectar\u00e1 en euskera.<br \/>\n<script async src=\"\/\/pagead2.googlesyndication.com\/pagead\/js\/adsbygoogle.js\"><\/script><br \/>\n<!-- Noticias La Guia de Pamplona --><br \/>\n<ins class=\"adsbygoogle\"\nstyle=\"display:block\"\ndata-ad-client=\"ca-pub-6943679897239327\"\ndata-ad-slot=\"7048180777\"\ndata-ad-format=\"auto\"><\/ins><br \/>\n<script>\n(adsbygoogle = window.adsbygoogle || []).push({});\n<\/script><\/p>\n<p>&nbsp;<\/p>\n<h3><strong>Noches de cine 2023<\/strong><\/h3>\n<p><strong>Lunes 14 de agosto<\/strong><\/p>\n<ul>\n<li>Los tipos malos (2022, EEUU, 100\u2019)<\/li>\n<li>Paseo Buztintxuri<\/li>\n<\/ul>\n<p><strong>Mi\u00e9rcoles 16 de agosto<\/strong><\/p>\n<ul>\n<li>Amazoniako gerlaria. En euskera (2021, Per\u00fa, 84\u2019)<\/li>\n<li>Plaza Dr. Gortari<\/li>\n<\/ul>\n","protected":false},"excerpt":{"rendered":"<p>Una banda criminal formada por animales y la aventura de una ni\u00f1a amaz\u00f3nica (en euskera) propuestas para Buztintxuri y San Jorge<\/p>\n","protected":false},"author":1,"featured_media":41383,"comment_status":"open","ping_status":"closed","sticky":false,"template":"","format":"standard","meta":{"footnotes":""},"categories":[2],"tags":[],"class_list":["post-47298","post","type-post","status-publish","format-standard","has-post-thumbnail","hentry","category-ayuntamiento-pamplona"],"yoast_head":"<!-- This site is optimized with the Yoast SEO plugin v27.3 - https:\/\/yoast.com\/product\/yoast-seo-wordpress\/ -->\n<title>La semana que viene comenzar\u00e1 con cine de animaci\u00f3n: una cinta norteamericana y una peruana marcan el ecuador de \u2018Noches de Cine\u2019<\/title>\n<meta name=\"description\" content=\"Una banda criminal formada por animales y la aventura de una ni\u00f1a amaz\u00f3nica (en euskera) propuestas para Buztintxuri y San Jorge\" \/>\n<meta name=\"robots\" content=\"index, follow, max-snippet:-1, max-image-preview:large, max-video-preview:-1\" \/>\n<link rel=\"canonical\" href=\"https:\/\/www.laguiadepamplona.com\/actualidad\/la-semana-que-viene-comenzara-con-cine-de-animacion-una-cinta-norteamericana-y-una-peruana-marcan-el-ecuador-de-noches-de-cine\/\" \/>\n<meta property=\"og:locale\" content=\"es_ES\" \/>\n<meta property=\"og:type\" content=\"article\" \/>\n<meta property=\"og:title\" content=\"La semana que viene comenzar\u00e1 con cine de animaci\u00f3n: una cinta norteamericana y una peruana marcan el ecuador de \u2018Noches de Cine\u2019\" \/>\n<meta property=\"og:description\" content=\"Una banda criminal formada por animales y la aventura de una ni\u00f1a amaz\u00f3nica (en euskera) propuestas para Buztintxuri y San Jorge\" \/>\n<meta property=\"og:url\" content=\"https:\/\/www.laguiadepamplona.com\/actualidad\/la-semana-que-viene-comenzara-con-cine-de-animacion-una-cinta-norteamericana-y-una-peruana-marcan-el-ecuador-de-noches-de-cine\/\" \/>\n<meta property=\"og:site_name\" content=\"La Gu\u00eda de Pamplona\" \/>\n<meta property=\"article:publisher\" content=\"https:\/\/www.facebook.com\/laguiadepamplonacom-133175176762273\/?ref=hl\" \/>\n<meta property=\"article:published_time\" content=\"2023-08-11T15:27:41+00:00\" \/>\n<meta property=\"og:image\" content=\"https:\/\/www.laguiadepamplona.com\/actualidad\/wp-content\/uploads\/2022\/08\/Q5A8510nochescine22-08-18.webp\" \/>\n\t<meta property=\"og:image:width\" content=\"1920\" \/>\n\t<meta property=\"og:image:height\" content=\"1281\" \/>\n\t<meta property=\"og:image:type\" content=\"image\/webp\" \/>\n<meta name=\"author\" content=\"La Gu\u00eda de Pamplona\" \/>\n<meta name=\"twitter:card\" content=\"summary_large_image\" \/>\n<meta name=\"twitter:creator\" content=\"@LaGuiadPamplona\" \/>\n<meta name=\"twitter:site\" content=\"@LaGuiadPamplona\" \/>\n<meta name=\"twitter:label1\" content=\"Escrito por\" \/>\n\t<meta name=\"twitter:data1\" content=\"La Gu\u00eda de Pamplona\" \/>\n\t<meta name=\"twitter:label2\" content=\"Tiempo de lectura\" \/>\n\t<meta name=\"twitter:data2\" content=\"2 minutos\" \/>\n<script type=\"application\/ld+json\" class=\"yoast-schema-graph\">{\"@context\":\"https:\\\/\\\/schema.org\",\"@graph\":[{\"@type\":\"Article\",\"@id\":\"https:\\\/\\\/www.laguiadepamplona.com\\\/actualidad\\\/la-semana-que-viene-comenzara-con-cine-de-animacion-una-cinta-norteamericana-y-una-peruana-marcan-el-ecuador-de-noches-de-cine\\\/#article\",\"isPartOf\":{\"@id\":\"https:\\\/\\\/www.laguiadepamplona.com\\\/actualidad\\\/la-semana-que-viene-comenzara-con-cine-de-animacion-una-cinta-norteamericana-y-una-peruana-marcan-el-ecuador-de-noches-de-cine\\\/\"},\"author\":{\"name\":\"La Gu\u00eda de Pamplona\",\"@id\":\"https:\\\/\\\/www.laguiadepamplona.com\\\/actualidad\\\/#\\\/schema\\\/person\\\/efe887376f0213d4657c93adc50b1fdb\"},\"headline\":\"La semana que viene comenzar\u00e1 con cine de animaci\u00f3n: una cinta norteamericana y una peruana marcan el ecuador de \u2018Noches de Cine\u2019\",\"datePublished\":\"2023-08-11T15:27:41+00:00\",\"mainEntityOfPage\":{\"@id\":\"https:\\\/\\\/www.laguiadepamplona.com\\\/actualidad\\\/la-semana-que-viene-comenzara-con-cine-de-animacion-una-cinta-norteamericana-y-una-peruana-marcan-el-ecuador-de-noches-de-cine\\\/\"},\"wordCount\":340,\"commentCount\":0,\"publisher\":{\"@id\":\"https:\\\/\\\/www.laguiadepamplona.com\\\/actualidad\\\/#organization\"},\"image\":{\"@id\":\"https:\\\/\\\/www.laguiadepamplona.com\\\/actualidad\\\/la-semana-que-viene-comenzara-con-cine-de-animacion-una-cinta-norteamericana-y-una-peruana-marcan-el-ecuador-de-noches-de-cine\\\/#primaryimage\"},\"thumbnailUrl\":\"https:\\\/\\\/www.laguiadepamplona.com\\\/actualidad\\\/wp-content\\\/uploads\\\/2022\\\/08\\\/Q5A8510nochescine22-08-18.webp\",\"articleSection\":[\"Ayto Pamplona\"],\"inLanguage\":\"es\",\"potentialAction\":[{\"@type\":\"CommentAction\",\"name\":\"Comment\",\"target\":[\"https:\\\/\\\/www.laguiadepamplona.com\\\/actualidad\\\/la-semana-que-viene-comenzara-con-cine-de-animacion-una-cinta-norteamericana-y-una-peruana-marcan-el-ecuador-de-noches-de-cine\\\/#respond\"]}]},{\"@type\":\"WebPage\",\"@id\":\"https:\\\/\\\/www.laguiadepamplona.com\\\/actualidad\\\/la-semana-que-viene-comenzara-con-cine-de-animacion-una-cinta-norteamericana-y-una-peruana-marcan-el-ecuador-de-noches-de-cine\\\/\",\"url\":\"https:\\\/\\\/www.laguiadepamplona.com\\\/actualidad\\\/la-semana-que-viene-comenzara-con-cine-de-animacion-una-cinta-norteamericana-y-una-peruana-marcan-el-ecuador-de-noches-de-cine\\\/\",\"name\":\"La semana que viene comenzar\u00e1 con cine de animaci\u00f3n: una cinta norteamericana y una peruana marcan el ecuador de \u2018Noches de Cine\u2019\",\"isPartOf\":{\"@id\":\"https:\\\/\\\/www.laguiadepamplona.com\\\/actualidad\\\/#website\"},\"primaryImageOfPage\":{\"@id\":\"https:\\\/\\\/www.laguiadepamplona.com\\\/actualidad\\\/la-semana-que-viene-comenzara-con-cine-de-animacion-una-cinta-norteamericana-y-una-peruana-marcan-el-ecuador-de-noches-de-cine\\\/#primaryimage\"},\"image\":{\"@id\":\"https:\\\/\\\/www.laguiadepamplona.com\\\/actualidad\\\/la-semana-que-viene-comenzara-con-cine-de-animacion-una-cinta-norteamericana-y-una-peruana-marcan-el-ecuador-de-noches-de-cine\\\/#primaryimage\"},\"thumbnailUrl\":\"https:\\\/\\\/www.laguiadepamplona.com\\\/actualidad\\\/wp-content\\\/uploads\\\/2022\\\/08\\\/Q5A8510nochescine22-08-18.webp\",\"datePublished\":\"2023-08-11T15:27:41+00:00\",\"description\":\"Una banda criminal formada por animales y la aventura de una ni\u00f1a amaz\u00f3nica (en euskera) propuestas para Buztintxuri y San Jorge\",\"breadcrumb\":{\"@id\":\"https:\\\/\\\/www.laguiadepamplona.com\\\/actualidad\\\/la-semana-que-viene-comenzara-con-cine-de-animacion-una-cinta-norteamericana-y-una-peruana-marcan-el-ecuador-de-noches-de-cine\\\/#breadcrumb\"},\"inLanguage\":\"es\",\"potentialAction\":[{\"@type\":\"ReadAction\",\"target\":[\"https:\\\/\\\/www.laguiadepamplona.com\\\/actualidad\\\/la-semana-que-viene-comenzara-con-cine-de-animacion-una-cinta-norteamericana-y-una-peruana-marcan-el-ecuador-de-noches-de-cine\\\/\"]}]},{\"@type\":\"ImageObject\",\"inLanguage\":\"es\",\"@id\":\"https:\\\/\\\/www.laguiadepamplona.com\\\/actualidad\\\/la-semana-que-viene-comenzara-con-cine-de-animacion-una-cinta-norteamericana-y-una-peruana-marcan-el-ecuador-de-noches-de-cine\\\/#primaryimage\",\"url\":\"https:\\\/\\\/www.laguiadepamplona.com\\\/actualidad\\\/wp-content\\\/uploads\\\/2022\\\/08\\\/Q5A8510nochescine22-08-18.webp\",\"contentUrl\":\"https:\\\/\\\/www.laguiadepamplona.com\\\/actualidad\\\/wp-content\\\/uploads\\\/2022\\\/08\\\/Q5A8510nochescine22-08-18.webp\",\"width\":1920,\"height\":1281},{\"@type\":\"BreadcrumbList\",\"@id\":\"https:\\\/\\\/www.laguiadepamplona.com\\\/actualidad\\\/la-semana-que-viene-comenzara-con-cine-de-animacion-una-cinta-norteamericana-y-una-peruana-marcan-el-ecuador-de-noches-de-cine\\\/#breadcrumb\",\"itemListElement\":[{\"@type\":\"ListItem\",\"position\":1,\"name\":\"Portada\",\"item\":\"https:\\\/\\\/www.laguiadepamplona.com\\\/actualidad\\\/\"},{\"@type\":\"ListItem\",\"position\":2,\"name\":\"La semana que viene comenzar\u00e1 con cine de animaci\u00f3n: una cinta norteamericana y una peruana marcan el ecuador de \u2018Noches de Cine\u2019\"}]},{\"@type\":\"WebSite\",\"@id\":\"https:\\\/\\\/www.laguiadepamplona.com\\\/actualidad\\\/#website\",\"url\":\"https:\\\/\\\/www.laguiadepamplona.com\\\/actualidad\\\/\",\"name\":\"La gu\u00eda de Pamplona\",\"description\":\"Noticias de Pamplona\",\"publisher\":{\"@id\":\"https:\\\/\\\/www.laguiadepamplona.com\\\/actualidad\\\/#organization\"},\"potentialAction\":[{\"@type\":\"SearchAction\",\"target\":{\"@type\":\"EntryPoint\",\"urlTemplate\":\"https:\\\/\\\/www.laguiadepamplona.com\\\/actualidad\\\/?s={search_term_string}\"},\"query-input\":{\"@type\":\"PropertyValueSpecification\",\"valueRequired\":true,\"valueName\":\"search_term_string\"}}],\"inLanguage\":\"es\"},{\"@type\":\"Organization\",\"@id\":\"https:\\\/\\\/www.laguiadepamplona.com\\\/actualidad\\\/#organization\",\"name\":\"La Gu\u00eda de Pamplona \\\/ Noticias\",\"url\":\"https:\\\/\\\/www.laguiadepamplona.com\\\/actualidad\\\/\",\"logo\":{\"@type\":\"ImageObject\",\"inLanguage\":\"es\",\"@id\":\"https:\\\/\\\/www.laguiadepamplona.com\\\/actualidad\\\/#\\\/schema\\\/logo\\\/image\\\/\",\"url\":\"https:\\\/\\\/www.laguiadepamplona.com\\\/actualidad\\\/wp-content\\\/uploads\\\/2018\\\/11\\\/logo-laguiadepamplona18-web1.png\",\"contentUrl\":\"https:\\\/\\\/www.laguiadepamplona.com\\\/actualidad\\\/wp-content\\\/uploads\\\/2018\\\/11\\\/logo-laguiadepamplona18-web1.png\",\"width\":600,\"height\":196,\"caption\":\"La Gu\u00eda de Pamplona \\\/ Noticias\"},\"image\":{\"@id\":\"https:\\\/\\\/www.laguiadepamplona.com\\\/actualidad\\\/#\\\/schema\\\/logo\\\/image\\\/\"},\"sameAs\":[\"https:\\\/\\\/www.facebook.com\\\/laguiadepamplonacom-133175176762273\\\/?ref=hl\",\"https:\\\/\\\/x.com\\\/LaGuiadPamplona\",\"https:\\\/\\\/www.instagram.com\\\/la_guia_de_pamplona\\\/\",\"https:\\\/\\\/www.youtube.com\\\/user\\\/laguiadepamplona\"]},{\"@type\":\"Person\",\"@id\":\"https:\\\/\\\/www.laguiadepamplona.com\\\/actualidad\\\/#\\\/schema\\\/person\\\/efe887376f0213d4657c93adc50b1fdb\",\"name\":\"La Gu\u00eda de Pamplona\",\"image\":{\"@type\":\"ImageObject\",\"inLanguage\":\"es\",\"@id\":\"https:\\\/\\\/secure.gravatar.com\\\/avatar\\\/b6992f131dc8d30ab0dff15446e9d346d9dbd95992de0fef795073f5ea83a81c?s=96&d=mm&r=g\",\"url\":\"https:\\\/\\\/secure.gravatar.com\\\/avatar\\\/b6992f131dc8d30ab0dff15446e9d346d9dbd95992de0fef795073f5ea83a81c?s=96&d=mm&r=g\",\"contentUrl\":\"https:\\\/\\\/secure.gravatar.com\\\/avatar\\\/b6992f131dc8d30ab0dff15446e9d346d9dbd95992de0fef795073f5ea83a81c?s=96&d=mm&r=g\",\"caption\":\"La Gu\u00eda de Pamplona\"}}]}<\/script>\n<!-- \/ Yoast SEO plugin. -->","yoast_head_json":{"title":"La semana que viene comenzar\u00e1 con cine de animaci\u00f3n: una cinta norteamericana y una peruana marcan el ecuador de \u2018Noches de Cine\u2019","description":"Una banda criminal formada por animales y la aventura de una ni\u00f1a amaz\u00f3nica (en euskera) propuestas para Buztintxuri y San Jorge","robots":{"index":"index","follow":"follow","max-snippet":"max-snippet:-1","max-image-preview":"max-image-preview:large","max-video-preview":"max-video-preview:-1"},"canonical":"https:\/\/www.laguiadepamplona.com\/actualidad\/la-semana-que-viene-comenzara-con-cine-de-animacion-una-cinta-norteamericana-y-una-peruana-marcan-el-ecuador-de-noches-de-cine\/","og_locale":"es_ES","og_type":"article","og_title":"La semana que viene comenzar\u00e1 con cine de animaci\u00f3n: una cinta norteamericana y una peruana marcan el ecuador de \u2018Noches de Cine\u2019","og_description":"Una banda criminal formada por animales y la aventura de una ni\u00f1a amaz\u00f3nica (en euskera) propuestas para Buztintxuri y San Jorge","og_url":"https:\/\/www.laguiadepamplona.com\/actualidad\/la-semana-que-viene-comenzara-con-cine-de-animacion-una-cinta-norteamericana-y-una-peruana-marcan-el-ecuador-de-noches-de-cine\/","og_site_name":"La Gu\u00eda de Pamplona","article_publisher":"https:\/\/www.facebook.com\/laguiadepamplonacom-133175176762273\/?ref=hl","article_published_time":"2023-08-11T15:27:41+00:00","og_image":[{"width":1920,"height":1281,"url":"https:\/\/www.laguiadepamplona.com\/actualidad\/wp-content\/uploads\/2022\/08\/Q5A8510nochescine22-08-18.webp","type":"image\/webp"}],"author":"La Gu\u00eda de Pamplona","twitter_card":"summary_large_image","twitter_creator":"@LaGuiadPamplona","twitter_site":"@LaGuiadPamplona","twitter_misc":{"Escrito por":"La Gu\u00eda de Pamplona","Tiempo de lectura":"2 minutos"},"schema":{"@context":"https:\/\/schema.org","@graph":[{"@type":"Article","@id":"https:\/\/www.laguiadepamplona.com\/actualidad\/la-semana-que-viene-comenzara-con-cine-de-animacion-una-cinta-norteamericana-y-una-peruana-marcan-el-ecuador-de-noches-de-cine\/#article","isPartOf":{"@id":"https:\/\/www.laguiadepamplona.com\/actualidad\/la-semana-que-viene-comenzara-con-cine-de-animacion-una-cinta-norteamericana-y-una-peruana-marcan-el-ecuador-de-noches-de-cine\/"},"author":{"name":"La Gu\u00eda de Pamplona","@id":"https:\/\/www.laguiadepamplona.com\/actualidad\/#\/schema\/person\/efe887376f0213d4657c93adc50b1fdb"},"headline":"La semana que viene comenzar\u00e1 con cine de animaci\u00f3n: una cinta norteamericana y una peruana marcan el ecuador de \u2018Noches de Cine\u2019","datePublished":"2023-08-11T15:27:41+00:00","mainEntityOfPage":{"@id":"https:\/\/www.laguiadepamplona.com\/actualidad\/la-semana-que-viene-comenzara-con-cine-de-animacion-una-cinta-norteamericana-y-una-peruana-marcan-el-ecuador-de-noches-de-cine\/"},"wordCount":340,"commentCount":0,"publisher":{"@id":"https:\/\/www.laguiadepamplona.com\/actualidad\/#organization"},"image":{"@id":"https:\/\/www.laguiadepamplona.com\/actualidad\/la-semana-que-viene-comenzara-con-cine-de-animacion-una-cinta-norteamericana-y-una-peruana-marcan-el-ecuador-de-noches-de-cine\/#primaryimage"},"thumbnailUrl":"https:\/\/www.laguiadepamplona.com\/actualidad\/wp-content\/uploads\/2022\/08\/Q5A8510nochescine22-08-18.webp","articleSection":["Ayto Pamplona"],"inLanguage":"es","potentialAction":[{"@type":"CommentAction","name":"Comment","target":["https:\/\/www.laguiadepamplona.com\/actualidad\/la-semana-que-viene-comenzara-con-cine-de-animacion-una-cinta-norteamericana-y-una-peruana-marcan-el-ecuador-de-noches-de-cine\/#respond"]}]},{"@type":"WebPage","@id":"https:\/\/www.laguiadepamplona.com\/actualidad\/la-semana-que-viene-comenzara-con-cine-de-animacion-una-cinta-norteamericana-y-una-peruana-marcan-el-ecuador-de-noches-de-cine\/","url":"https:\/\/www.laguiadepamplona.com\/actualidad\/la-semana-que-viene-comenzara-con-cine-de-animacion-una-cinta-norteamericana-y-una-peruana-marcan-el-ecuador-de-noches-de-cine\/","name":"La semana que viene comenzar\u00e1 con cine de animaci\u00f3n: una cinta norteamericana y una peruana marcan el ecuador de \u2018Noches de Cine\u2019","isPartOf":{"@id":"https:\/\/www.laguiadepamplona.com\/actualidad\/#website"},"primaryImageOfPage":{"@id":"https:\/\/www.laguiadepamplona.com\/actualidad\/la-semana-que-viene-comenzara-con-cine-de-animacion-una-cinta-norteamericana-y-una-peruana-marcan-el-ecuador-de-noches-de-cine\/#primaryimage"},"image":{"@id":"https:\/\/www.laguiadepamplona.com\/actualidad\/la-semana-que-viene-comenzara-con-cine-de-animacion-una-cinta-norteamericana-y-una-peruana-marcan-el-ecuador-de-noches-de-cine\/#primaryimage"},"thumbnailUrl":"https:\/\/www.laguiadepamplona.com\/actualidad\/wp-content\/uploads\/2022\/08\/Q5A8510nochescine22-08-18.webp","datePublished":"2023-08-11T15:27:41+00:00","description":"Una banda criminal formada por animales y la aventura de una ni\u00f1a amaz\u00f3nica (en euskera) propuestas para Buztintxuri y San Jorge","breadcrumb":{"@id":"https:\/\/www.laguiadepamplona.com\/actualidad\/la-semana-que-viene-comenzara-con-cine-de-animacion-una-cinta-norteamericana-y-una-peruana-marcan-el-ecuador-de-noches-de-cine\/#breadcrumb"},"inLanguage":"es","potentialAction":[{"@type":"ReadAction","target":["https:\/\/www.laguiadepamplona.com\/actualidad\/la-semana-que-viene-comenzara-con-cine-de-animacion-una-cinta-norteamericana-y-una-peruana-marcan-el-ecuador-de-noches-de-cine\/"]}]},{"@type":"ImageObject","inLanguage":"es","@id":"https:\/\/www.laguiadepamplona.com\/actualidad\/la-semana-que-viene-comenzara-con-cine-de-animacion-una-cinta-norteamericana-y-una-peruana-marcan-el-ecuador-de-noches-de-cine\/#primaryimage","url":"https:\/\/www.laguiadepamplona.com\/actualidad\/wp-content\/uploads\/2022\/08\/Q5A8510nochescine22-08-18.webp","contentUrl":"https:\/\/www.laguiadepamplona.com\/actualidad\/wp-content\/uploads\/2022\/08\/Q5A8510nochescine22-08-18.webp","width":1920,"height":1281},{"@type":"BreadcrumbList","@id":"https:\/\/www.laguiadepamplona.com\/actualidad\/la-semana-que-viene-comenzara-con-cine-de-animacion-una-cinta-norteamericana-y-una-peruana-marcan-el-ecuador-de-noches-de-cine\/#breadcrumb","itemListElement":[{"@type":"ListItem","position":1,"name":"Portada","item":"https:\/\/www.laguiadepamplona.com\/actualidad\/"},{"@type":"ListItem","position":2,"name":"La semana que viene comenzar\u00e1 con cine de animaci\u00f3n: una cinta norteamericana y una peruana marcan el ecuador de \u2018Noches de Cine\u2019"}]},{"@type":"WebSite","@id":"https:\/\/www.laguiadepamplona.com\/actualidad\/#website","url":"https:\/\/www.laguiadepamplona.com\/actualidad\/","name":"La gu\u00eda de Pamplona","description":"Noticias de Pamplona","publisher":{"@id":"https:\/\/www.laguiadepamplona.com\/actualidad\/#organization"},"potentialAction":[{"@type":"SearchAction","target":{"@type":"EntryPoint","urlTemplate":"https:\/\/www.laguiadepamplona.com\/actualidad\/?s={search_term_string}"},"query-input":{"@type":"PropertyValueSpecification","valueRequired":true,"valueName":"search_term_string"}}],"inLanguage":"es"},{"@type":"Organization","@id":"https:\/\/www.laguiadepamplona.com\/actualidad\/#organization","name":"La Gu\u00eda de Pamplona \/ Noticias","url":"https:\/\/www.laguiadepamplona.com\/actualidad\/","logo":{"@type":"ImageObject","inLanguage":"es","@id":"https:\/\/www.laguiadepamplona.com\/actualidad\/#\/schema\/logo\/image\/","url":"https:\/\/www.laguiadepamplona.com\/actualidad\/wp-content\/uploads\/2018\/11\/logo-laguiadepamplona18-web1.png","contentUrl":"https:\/\/www.laguiadepamplona.com\/actualidad\/wp-content\/uploads\/2018\/11\/logo-laguiadepamplona18-web1.png","width":600,"height":196,"caption":"La Gu\u00eda de Pamplona \/ Noticias"},"image":{"@id":"https:\/\/www.laguiadepamplona.com\/actualidad\/#\/schema\/logo\/image\/"},"sameAs":["https:\/\/www.facebook.com\/laguiadepamplonacom-133175176762273\/?ref=hl","https:\/\/x.com\/LaGuiadPamplona","https:\/\/www.instagram.com\/la_guia_de_pamplona\/","https:\/\/www.youtube.com\/user\/laguiadepamplona"]},{"@type":"Person","@id":"https:\/\/www.laguiadepamplona.com\/actualidad\/#\/schema\/person\/efe887376f0213d4657c93adc50b1fdb","name":"La Gu\u00eda de Pamplona","image":{"@type":"ImageObject","inLanguage":"es","@id":"https:\/\/secure.gravatar.com\/avatar\/b6992f131dc8d30ab0dff15446e9d346d9dbd95992de0fef795073f5ea83a81c?s=96&d=mm&r=g","url":"https:\/\/secure.gravatar.com\/avatar\/b6992f131dc8d30ab0dff15446e9d346d9dbd95992de0fef795073f5ea83a81c?s=96&d=mm&r=g","contentUrl":"https:\/\/secure.gravatar.com\/avatar\/b6992f131dc8d30ab0dff15446e9d346d9dbd95992de0fef795073f5ea83a81c?s=96&d=mm&r=g","caption":"La Gu\u00eda de Pamplona"}}]}},"post_mailing_queue_ids":[],"_links":{"self":[{"href":"https:\/\/www.laguiadepamplona.com\/actualidad\/wp-json\/wp\/v2\/posts\/47298","targetHints":{"allow":["GET"]}}],"collection":[{"href":"https:\/\/www.laguiadepamplona.com\/actualidad\/wp-json\/wp\/v2\/posts"}],"about":[{"href":"https:\/\/www.laguiadepamplona.com\/actualidad\/wp-json\/wp\/v2\/types\/post"}],"author":[{"embeddable":true,"href":"https:\/\/www.laguiadepamplona.com\/actualidad\/wp-json\/wp\/v2\/users\/1"}],"replies":[{"embeddable":true,"href":"https:\/\/www.laguiadepamplona.com\/actualidad\/wp-json\/wp\/v2\/comments?post=47298"}],"version-history":[{"count":1,"href":"https:\/\/www.laguiadepamplona.com\/actualidad\/wp-json\/wp\/v2\/posts\/47298\/revisions"}],"predecessor-version":[{"id":47299,"href":"https:\/\/www.laguiadepamplona.com\/actualidad\/wp-json\/wp\/v2\/posts\/47298\/revisions\/47299"}],"wp:featuredmedia":[{"embeddable":true,"href":"https:\/\/www.laguiadepamplona.com\/actualidad\/wp-json\/wp\/v2\/media\/41383"}],"wp:attachment":[{"href":"https:\/\/www.laguiadepamplona.com\/actualidad\/wp-json\/wp\/v2\/media?parent=47298"}],"wp:term":[{"taxonomy":"category","embeddable":true,"href":"https:\/\/www.laguiadepamplona.com\/actualidad\/wp-json\/wp\/v2\/categories?post=47298"},{"taxonomy":"post_tag","embeddable":true,"href":"https:\/\/www.laguiadepamplona.com\/actualidad\/wp-json\/wp\/v2\/tags?post=47298"}],"curies":[{"name":"wp","href":"https:\/\/api.w.org\/{rel}","templated":true}]}}