{"id":47296,"date":"2023-08-11T17:26:06","date_gmt":"2023-08-11T15:26:06","guid":{"rendered":"https:\/\/www.laguiadepamplona.com\/actualidad\/?p=47296"},"modified":"2023-08-11T17:26:06","modified_gmt":"2023-08-11T15:26:06","slug":"las-escuelas-infantiles-del-ayuntamiento-de-pamplona-inician-el-curso-el-proximo-16-de-agosto-con-954-ninos-y-ninas-de-0-a-3-anos","status":"publish","type":"post","link":"https:\/\/www.laguiadepamplona.com\/actualidad\/las-escuelas-infantiles-del-ayuntamiento-de-pamplona-inician-el-curso-el-proximo-16-de-agosto-con-954-ninos-y-ninas-de-0-a-3-anos\/","title":{"rendered":"Las Escuelas Infantiles del Ayuntamiento de Pamplona inician el curso el pr\u00f3ximo 16 de agosto con 954 ni\u00f1os y ni\u00f1as de 0 a 3 a\u00f1os"},"content":{"rendered":"<h3>506 menores entrar\u00e1n por primera vez en un aula de uno de los 11 centros de la red que est\u00e1n en funcionamiento este curso<\/h3>\n<p><!--more--><\/p>\n<p>El nuevo curso en la red de Escuelas Infantiles del Ayuntamiento de Pamplona comienza la pr\u00f3xima semana. El 16 de agosto abrir\u00e1n sus puertas 11 de los 12 centros que componen la red municipal ya que en el curso 2023-2024, dentro de las obras de adecuaci\u00f3n y remodelaci\u00f3n emprendidas en el conjunto de centros, estar\u00e1n cerradas las instalaciones de la Escuela Infantil Donibane (barrios de San Juan, 102 plazas), ya que en ella se acometer\u00e1 una reforma integral, como ya se hizo el curso pasado con las de Mendebaldea.<br \/>\n<script async src=\"\/\/pagead2.googlesyndication.com\/pagead\/js\/adsbygoogle.js\"><\/script><br \/>\n<!-- Noticias La Guia de Pamplona --><br \/>\n<ins class=\"adsbygoogle\"\nstyle=\"display:block\"\ndata-ad-client=\"ca-pub-6943679897239327\"\ndata-ad-slot=\"7048180777\"\ndata-ad-format=\"auto\"><\/ins><br \/>\n<script>\n(adsbygoogle = window.adsbygoogle || []).push({});\n<\/script><\/p>\n<p>Escuelas Infantiles de Pamplona disponen para el pr\u00f3ximo curso 2023 \u2013 2024 de un total de 967 plazas de las que en estos momentos est\u00e1 ocupadas 954. Para nuevo alumnado en el proceso de matriculaci\u00f3n se ofertaban 519 plazas. De ellas 113 de perfil de castellano, 72 de euskera, 267 de castellano con ingl\u00e9s (que son solicitada por 8 de cada 10 familias demandantes) y 67 en euskera con ingl\u00e9s. En porcentajes, en nueva matricula se ofrec\u00eda un 51,5% de castellano con ingl\u00e9s, un 21,8% de castellano; un 13,8% de euskera y un 12,9% de euskera con ingl\u00e9s. En estasfechas se han cubierto la pr\u00e1ctica totalidad (506 plazas) del total de las ofertadas. Las vacantes -no ocupadas- son: 5 plazas de media jornada en Goiz Eder; 3 plazas de media jornada en Jose Mar\u00eda Huarte y 5 plazas en Izartegi; De esas 13 plazas no ocupadas 9 son en euskera y 4 de castellano con ingl\u00e9s.<\/p>\n<p>De nuevo, las familias que tienen a sus hijas e hijos en las Escuelas Infantiles Municipales no deber\u00e1n pagar por la escolaridad, las plazas son gratuitas para ellas ya que se costean con cargo a los presupuestos municipales. Si deber\u00e1n abonar servicios complementarios como es el comedor. Desde hace a\u00f1os ese servicio, el de alimentaci\u00f3n, est\u00e1 siendo uno de los \u00e1mbitos de trabajo del Organismo Aut\u00f3nomo Escuelas Infantiles de Pamplona, de forma que en las cocinas de cada escuela se elaboran men\u00fas saludables, con criterios de seguridad, sanidad y proximidad en la producci\u00f3n de los alimentos y siempre bajo la supervisi\u00f3n de la nutricionista de la red.<\/p>\n<p>La plantilla de este curso ser\u00e1 aproximadamente de 265 profesionales, entre personal educador y del \u00e1mbito de la Psicolog\u00eda, enfermera, trabajadoras sociales, talleristas, personal auxiliar de limpieza, equipos de cocina, nutrici\u00f3n, direcciones y personal de oficinas. El curso 2023-2024 terminar\u00e1 el 28 de junio de 2024.<br \/>\n<script async src=\"\/\/pagead2.googlesyndication.com\/pagead\/js\/adsbygoogle.js\"><\/script><br \/>\n<!-- Noticias La Guia de Pamplona --><br \/>\n<ins class=\"adsbygoogle\"\nstyle=\"display:block\"\ndata-ad-client=\"ca-pub-6943679897239327\"\ndata-ad-slot=\"7048180777\"\ndata-ad-format=\"auto\"><\/ins><br \/>\n<script>\n(adsbygoogle = window.adsbygoogle || []).push({});\n<\/script><\/p>\n<p>&nbsp;<\/p>\n<h3>Escuelas Infantiles del Ayuntamiento de Pamplona Curso 2023 &#8211; 2024<\/h3>\n<p>&nbsp;<\/p>\n<table width=\"0\">\n<tbody>\n<tr>\n<td rowspan=\"2\" width=\"208\"><strong>Escuela Infantil Municipal<\/strong><\/td>\n<td rowspan=\"2\" width=\"154\"><strong>N\u00famero plazas jornada completa<\/strong><\/td>\n<td rowspan=\"2\" width=\"154\"><strong>N\u00famero de plazas media jornada<\/strong><\/td>\n<td width=\"0\"><\/td>\n<\/tr>\n<tr>\n<td width=\"0\"><\/td>\n<\/tr>\n<tr>\n<td width=\"208\">Haurtzaro<\/td>\n<td width=\"154\">82<\/td>\n<td width=\"154\">&#8211;<\/td>\n<td width=\"0\"><\/td>\n<\/tr>\n<tr>\n<td width=\"208\">Mendebaldea<\/td>\n<td width=\"154\">82<\/td>\n<td width=\"154\">&#8211;<\/td>\n<td width=\"0\"><\/td>\n<\/tr>\n<tr>\n<td width=\"208\">Mendillorri<\/td>\n<td width=\"154\">102<\/td>\n<td width=\"154\">&#8211;<\/td>\n<td width=\"0\"><\/td>\n<\/tr>\n<tr>\n<td width=\"208\">Fuerte del Pr\u00edncipe-Printzearen Harresi<\/td>\n<td width=\"154\">102<\/td>\n<td width=\"154\">&#8211;<\/td>\n<td width=\"0\"><\/td>\n<\/tr>\n<tr>\n<td width=\"208\">Donibane<\/td>\n<td width=\"154\">cerrada<\/td>\n<td width=\"154\">&#8211;<\/td>\n<td width=\"0\"><\/td>\n<\/tr>\n<tr>\n<td width=\"208\">Izartegi<\/td>\n<td width=\"154\">82<\/td>\n<td width=\"154\">&#8211;<\/td>\n<td width=\"0\"><\/td>\n<\/tr>\n<tr>\n<td width=\"208\">Goiz Eder<\/td>\n<td width=\"154\">64<\/td>\n<td width=\"154\">32<\/td>\n<td width=\"0\"><\/td>\n<\/tr>\n<tr>\n<td width=\"208\">Hello Azpilaga\u00f1a<\/td>\n<td width=\"154\">82<\/td>\n<td width=\"154\">41<\/td>\n<td width=\"0\"><\/td>\n<\/tr>\n<tr>\n<td width=\"208\">Hello Buztintxuri<\/td>\n<td width=\"154\">86<\/td>\n<td width=\"154\">&#8211;<\/td>\n<td width=\"0\"><\/td>\n<\/tr>\n<tr>\n<td width=\"208\">Hello Egunsenti<\/td>\n<td width=\"154\">58<\/td>\n<td width=\"154\">&#8211;<\/td>\n<td width=\"0\"><\/td>\n<\/tr>\n<tr>\n<td width=\"208\">Jose Maria Huarte<\/td>\n<td width=\"154\">&#8211;<\/td>\n<td width=\"154\">44<\/td>\n<td width=\"0\"><\/td>\n<\/tr>\n<tr>\n<td width=\"208\">Lezkairu<\/td>\n<td width=\"154\">110<\/td>\n<td width=\"154\">&nbsp;<\/td>\n<td width=\"0\"><\/td>\n<\/tr>\n<tr>\n<td width=\"208\"><strong>TOTAL por modalidades<\/strong><\/td>\n<td width=\"154\"><strong>850<\/strong><\/td>\n<td width=\"154\"><strong>117<\/strong><\/td>\n<td width=\"0\"><\/td>\n<\/tr>\n<tr>\n<td width=\"208\"><strong>TOTAL DE PLAZAS<\/strong><\/td>\n<td colspan=\"2\" width=\"307\"><strong>967<\/strong><\/td>\n<td width=\"0\"><\/td>\n<\/tr>\n<\/tbody>\n<\/table>\n<p>&nbsp;<\/p>\n<table width=\"625\">\n<tbody>\n<tr>\n<td><strong>EEII<\/strong><\/td>\n<td><strong>Oferta<\/strong><\/td>\n<td width=\"82\"><strong>Matr\u00edcula<\/strong><\/td>\n<td width=\"128\"><strong>Alumnado<\/strong><\/p>\n<p><strong>Antiguo<\/strong><\/td>\n<td><strong>Alumnado nuevo<\/strong><\/td>\n<td>Plazas Libres<\/td>\n<\/tr>\n<tr>\n<td>EI DONIBANE<\/td>\n<td>0<\/td>\n<td width=\"82\">0<\/td>\n<td width=\"128\">&nbsp;<\/td>\n<td>&nbsp;<\/td>\n<td>&nbsp;<\/td>\n<\/tr>\n<tr>\n<td>EI GOIZ EDER<\/td>\n<td>96<\/td>\n<td width=\"82\">91<\/td>\n<td width=\"128\">65<\/td>\n<td>26<\/td>\n<td>5<\/td>\n<\/tr>\n<tr>\n<td>EI HAURTZARO<\/td>\n<td>82<\/td>\n<td width=\"82\">82<\/td>\n<td width=\"128\">38<\/td>\n<td>44<\/td>\n<td>&nbsp;<\/td>\n<\/tr>\n<tr>\n<td>EI HELLO AZPILAGA\u00d1A<\/td>\n<td>123<\/td>\n<td width=\"82\">123<\/td>\n<td width=\"128\">59<\/td>\n<td>64<\/td>\n<td>&nbsp;<\/td>\n<\/tr>\n<tr>\n<td>EI HELLO BUZTINTXURI<\/td>\n<td>86<\/td>\n<td width=\"82\">86<\/td>\n<td width=\"128\">37<\/td>\n<td>49<\/td>\n<td>&nbsp;<\/td>\n<\/tr>\n<tr>\n<td>EI HELLO<\/p>\n<p>EGUNSENTI<\/td>\n<td>58<\/td>\n<td width=\"82\">58<\/td>\n<td width=\"128\">29<\/td>\n<td>29<\/td>\n<td>&nbsp;<\/td>\n<\/tr>\n<tr>\n<td>EI IZARTEGI<\/td>\n<td>82<\/td>\n<td width=\"82\">77<\/td>\n<td width=\"128\">35<\/td>\n<td>42<\/td>\n<td>5<\/td>\n<\/tr>\n<tr>\n<td>EI LEZKAIRU<\/td>\n<td>110<\/td>\n<td width=\"82\">110<\/td>\n<td width=\"128\">44<\/td>\n<td>66<\/td>\n<td>&nbsp;<\/td>\n<\/tr>\n<tr>\n<td>EI MENDEBALDEA<\/td>\n<td>82<\/td>\n<td width=\"82\">82<\/td>\n<td width=\"128\">64<\/td>\n<td>18<\/td>\n<td>&nbsp;<\/td>\n<\/tr>\n<tr>\n<td>EI MENDILLORRI<\/td>\n<td>102<\/td>\n<td width=\"82\">102<\/td>\n<td width=\"128\">51<\/td>\n<td>51<\/td>\n<td>&nbsp;<\/td>\n<\/tr>\n<tr>\n<td>EI PRINTZEAREN HARRESI<\/td>\n<td>102<\/td>\n<td width=\"82\">102<\/td>\n<td width=\"128\">45<\/td>\n<td>57<\/td>\n<td>&nbsp;<\/td>\n<\/tr>\n<tr>\n<td>EI JOSE M\u00aa HUARTE<\/td>\n<td>44<\/td>\n<td width=\"82\">41<\/td>\n<td width=\"128\">11<\/td>\n<td>30<\/td>\n<td>3<\/td>\n<\/tr>\n<tr>\n<td><strong>TOTAL<\/strong><\/td>\n<td><strong>967<\/strong><\/td>\n<td width=\"82\"><strong>954<\/strong><\/td>\n<td width=\"128\"><strong>478<\/strong><\/td>\n<td><strong>476<\/strong><\/td>\n<td><strong>13<\/strong><\/td>\n<\/tr>\n<\/tbody>\n<\/table>\n","protected":false},"excerpt":{"rendered":"<p>506 menores entrar\u00e1n por primera vez en un aula de uno de los 11 centros de la red que est\u00e1n en funcionamiento este curso<\/p>\n","protected":false},"author":1,"featured_media":38900,"comment_status":"open","ping_status":"closed","sticky":false,"template":"","format":"standard","meta":{"footnotes":""},"categories":[2],"tags":[],"class_list":["post-47296","post","type-post","status-publish","format-standard","has-post-thumbnail","hentry","category-ayuntamiento-pamplona"],"yoast_head":"<!-- This site is optimized with the Yoast SEO plugin v27.3 - https:\/\/yoast.com\/product\/yoast-seo-wordpress\/ -->\n<title>Las Escuelas Infantiles del Ayuntamiento de Pamplona inician el curso el pr\u00f3ximo 16 de agosto con 954 ni\u00f1os y ni\u00f1as de 0 a 3 a\u00f1os<\/title>\n<meta name=\"description\" content=\"506 menores entrar\u00e1n por primera vez en un aula de uno de los 11 centros de la red que est\u00e1n en funcionamiento este curso\" \/>\n<meta name=\"robots\" content=\"index, follow, max-snippet:-1, max-image-preview:large, max-video-preview:-1\" \/>\n<link rel=\"canonical\" href=\"https:\/\/www.laguiadepamplona.com\/actualidad\/las-escuelas-infantiles-del-ayuntamiento-de-pamplona-inician-el-curso-el-proximo-16-de-agosto-con-954-ninos-y-ninas-de-0-a-3-anos\/\" \/>\n<meta property=\"og:locale\" content=\"es_ES\" \/>\n<meta property=\"og:type\" content=\"article\" \/>\n<meta property=\"og:title\" content=\"Las Escuelas Infantiles del Ayuntamiento de Pamplona inician el curso el pr\u00f3ximo 16 de agosto con 954 ni\u00f1os y ni\u00f1as de 0 a 3 a\u00f1os\" \/>\n<meta property=\"og:description\" content=\"506 menores entrar\u00e1n por primera vez en un aula de uno de los 11 centros de la red que est\u00e1n en funcionamiento este curso\" \/>\n<meta property=\"og:url\" content=\"https:\/\/www.laguiadepamplona.com\/actualidad\/las-escuelas-infantiles-del-ayuntamiento-de-pamplona-inician-el-curso-el-proximo-16-de-agosto-con-954-ninos-y-ninas-de-0-a-3-anos\/\" \/>\n<meta property=\"og:site_name\" content=\"La Gu\u00eda de Pamplona\" \/>\n<meta property=\"article:publisher\" content=\"https:\/\/www.facebook.com\/laguiadepamplonacom-133175176762273\/?ref=hl\" \/>\n<meta property=\"article:published_time\" content=\"2023-08-11T15:26:06+00:00\" \/>\n<meta property=\"og:image\" content=\"https:\/\/www.laguiadepamplona.com\/actualidad\/wp-content\/uploads\/2022\/02\/escuela-infantil-municipal-medillorri-ee5a2220.jpg\" \/>\n\t<meta property=\"og:image:width\" content=\"1920\" \/>\n\t<meta property=\"og:image:height\" content=\"1280\" \/>\n\t<meta property=\"og:image:type\" content=\"image\/jpeg\" \/>\n<meta name=\"author\" content=\"La Gu\u00eda de Pamplona\" \/>\n<meta name=\"twitter:card\" content=\"summary_large_image\" \/>\n<meta name=\"twitter:creator\" content=\"@LaGuiadPamplona\" \/>\n<meta name=\"twitter:site\" content=\"@LaGuiadPamplona\" \/>\n<meta name=\"twitter:label1\" content=\"Escrito por\" \/>\n\t<meta name=\"twitter:data1\" content=\"La Gu\u00eda de Pamplona\" \/>\n\t<meta name=\"twitter:label2\" content=\"Tiempo de lectura\" \/>\n\t<meta name=\"twitter:data2\" content=\"3 minutos\" \/>\n<script type=\"application\/ld+json\" class=\"yoast-schema-graph\">{\"@context\":\"https:\\\/\\\/schema.org\",\"@graph\":[{\"@type\":\"Article\",\"@id\":\"https:\\\/\\\/www.laguiadepamplona.com\\\/actualidad\\\/las-escuelas-infantiles-del-ayuntamiento-de-pamplona-inician-el-curso-el-proximo-16-de-agosto-con-954-ninos-y-ninas-de-0-a-3-anos\\\/#article\",\"isPartOf\":{\"@id\":\"https:\\\/\\\/www.laguiadepamplona.com\\\/actualidad\\\/las-escuelas-infantiles-del-ayuntamiento-de-pamplona-inician-el-curso-el-proximo-16-de-agosto-con-954-ninos-y-ninas-de-0-a-3-anos\\\/\"},\"author\":{\"name\":\"La Gu\u00eda de Pamplona\",\"@id\":\"https:\\\/\\\/www.laguiadepamplona.com\\\/actualidad\\\/#\\\/schema\\\/person\\\/efe887376f0213d4657c93adc50b1fdb\"},\"headline\":\"Las Escuelas Infantiles del Ayuntamiento de Pamplona inician el curso el pr\u00f3ximo 16 de agosto con 954 ni\u00f1os y ni\u00f1as de 0 a 3 a\u00f1os\",\"datePublished\":\"2023-08-11T15:26:06+00:00\",\"mainEntityOfPage\":{\"@id\":\"https:\\\/\\\/www.laguiadepamplona.com\\\/actualidad\\\/las-escuelas-infantiles-del-ayuntamiento-de-pamplona-inician-el-curso-el-proximo-16-de-agosto-con-954-ninos-y-ninas-de-0-a-3-anos\\\/\"},\"wordCount\":561,\"commentCount\":0,\"publisher\":{\"@id\":\"https:\\\/\\\/www.laguiadepamplona.com\\\/actualidad\\\/#organization\"},\"image\":{\"@id\":\"https:\\\/\\\/www.laguiadepamplona.com\\\/actualidad\\\/las-escuelas-infantiles-del-ayuntamiento-de-pamplona-inician-el-curso-el-proximo-16-de-agosto-con-954-ninos-y-ninas-de-0-a-3-anos\\\/#primaryimage\"},\"thumbnailUrl\":\"https:\\\/\\\/www.laguiadepamplona.com\\\/actualidad\\\/wp-content\\\/uploads\\\/2022\\\/02\\\/escuela-infantil-municipal-medillorri-ee5a2220.jpg\",\"articleSection\":[\"Ayto Pamplona\"],\"inLanguage\":\"es\",\"potentialAction\":[{\"@type\":\"CommentAction\",\"name\":\"Comment\",\"target\":[\"https:\\\/\\\/www.laguiadepamplona.com\\\/actualidad\\\/las-escuelas-infantiles-del-ayuntamiento-de-pamplona-inician-el-curso-el-proximo-16-de-agosto-con-954-ninos-y-ninas-de-0-a-3-anos\\\/#respond\"]}]},{\"@type\":\"WebPage\",\"@id\":\"https:\\\/\\\/www.laguiadepamplona.com\\\/actualidad\\\/las-escuelas-infantiles-del-ayuntamiento-de-pamplona-inician-el-curso-el-proximo-16-de-agosto-con-954-ninos-y-ninas-de-0-a-3-anos\\\/\",\"url\":\"https:\\\/\\\/www.laguiadepamplona.com\\\/actualidad\\\/las-escuelas-infantiles-del-ayuntamiento-de-pamplona-inician-el-curso-el-proximo-16-de-agosto-con-954-ninos-y-ninas-de-0-a-3-anos\\\/\",\"name\":\"Las Escuelas Infantiles del Ayuntamiento de Pamplona inician el curso el pr\u00f3ximo 16 de agosto con 954 ni\u00f1os y ni\u00f1as de 0 a 3 a\u00f1os\",\"isPartOf\":{\"@id\":\"https:\\\/\\\/www.laguiadepamplona.com\\\/actualidad\\\/#website\"},\"primaryImageOfPage\":{\"@id\":\"https:\\\/\\\/www.laguiadepamplona.com\\\/actualidad\\\/las-escuelas-infantiles-del-ayuntamiento-de-pamplona-inician-el-curso-el-proximo-16-de-agosto-con-954-ninos-y-ninas-de-0-a-3-anos\\\/#primaryimage\"},\"image\":{\"@id\":\"https:\\\/\\\/www.laguiadepamplona.com\\\/actualidad\\\/las-escuelas-infantiles-del-ayuntamiento-de-pamplona-inician-el-curso-el-proximo-16-de-agosto-con-954-ninos-y-ninas-de-0-a-3-anos\\\/#primaryimage\"},\"thumbnailUrl\":\"https:\\\/\\\/www.laguiadepamplona.com\\\/actualidad\\\/wp-content\\\/uploads\\\/2022\\\/02\\\/escuela-infantil-municipal-medillorri-ee5a2220.jpg\",\"datePublished\":\"2023-08-11T15:26:06+00:00\",\"description\":\"506 menores entrar\u00e1n por primera vez en un aula de uno de los 11 centros de la red que est\u00e1n en funcionamiento este curso\",\"breadcrumb\":{\"@id\":\"https:\\\/\\\/www.laguiadepamplona.com\\\/actualidad\\\/las-escuelas-infantiles-del-ayuntamiento-de-pamplona-inician-el-curso-el-proximo-16-de-agosto-con-954-ninos-y-ninas-de-0-a-3-anos\\\/#breadcrumb\"},\"inLanguage\":\"es\",\"potentialAction\":[{\"@type\":\"ReadAction\",\"target\":[\"https:\\\/\\\/www.laguiadepamplona.com\\\/actualidad\\\/las-escuelas-infantiles-del-ayuntamiento-de-pamplona-inician-el-curso-el-proximo-16-de-agosto-con-954-ninos-y-ninas-de-0-a-3-anos\\\/\"]}]},{\"@type\":\"ImageObject\",\"inLanguage\":\"es\",\"@id\":\"https:\\\/\\\/www.laguiadepamplona.com\\\/actualidad\\\/las-escuelas-infantiles-del-ayuntamiento-de-pamplona-inician-el-curso-el-proximo-16-de-agosto-con-954-ninos-y-ninas-de-0-a-3-anos\\\/#primaryimage\",\"url\":\"https:\\\/\\\/www.laguiadepamplona.com\\\/actualidad\\\/wp-content\\\/uploads\\\/2022\\\/02\\\/escuela-infantil-municipal-medillorri-ee5a2220.jpg\",\"contentUrl\":\"https:\\\/\\\/www.laguiadepamplona.com\\\/actualidad\\\/wp-content\\\/uploads\\\/2022\\\/02\\\/escuela-infantil-municipal-medillorri-ee5a2220.jpg\",\"width\":1920,\"height\":1280},{\"@type\":\"BreadcrumbList\",\"@id\":\"https:\\\/\\\/www.laguiadepamplona.com\\\/actualidad\\\/las-escuelas-infantiles-del-ayuntamiento-de-pamplona-inician-el-curso-el-proximo-16-de-agosto-con-954-ninos-y-ninas-de-0-a-3-anos\\\/#breadcrumb\",\"itemListElement\":[{\"@type\":\"ListItem\",\"position\":1,\"name\":\"Portada\",\"item\":\"https:\\\/\\\/www.laguiadepamplona.com\\\/actualidad\\\/\"},{\"@type\":\"ListItem\",\"position\":2,\"name\":\"Las Escuelas Infantiles del Ayuntamiento de Pamplona inician el curso el pr\u00f3ximo 16 de agosto con 954 ni\u00f1os y ni\u00f1as de 0 a 3 a\u00f1os\"}]},{\"@type\":\"WebSite\",\"@id\":\"https:\\\/\\\/www.laguiadepamplona.com\\\/actualidad\\\/#website\",\"url\":\"https:\\\/\\\/www.laguiadepamplona.com\\\/actualidad\\\/\",\"name\":\"La gu\u00eda de Pamplona\",\"description\":\"Noticias de Pamplona\",\"publisher\":{\"@id\":\"https:\\\/\\\/www.laguiadepamplona.com\\\/actualidad\\\/#organization\"},\"potentialAction\":[{\"@type\":\"SearchAction\",\"target\":{\"@type\":\"EntryPoint\",\"urlTemplate\":\"https:\\\/\\\/www.laguiadepamplona.com\\\/actualidad\\\/?s={search_term_string}\"},\"query-input\":{\"@type\":\"PropertyValueSpecification\",\"valueRequired\":true,\"valueName\":\"search_term_string\"}}],\"inLanguage\":\"es\"},{\"@type\":\"Organization\",\"@id\":\"https:\\\/\\\/www.laguiadepamplona.com\\\/actualidad\\\/#organization\",\"name\":\"La Gu\u00eda de Pamplona \\\/ Noticias\",\"url\":\"https:\\\/\\\/www.laguiadepamplona.com\\\/actualidad\\\/\",\"logo\":{\"@type\":\"ImageObject\",\"inLanguage\":\"es\",\"@id\":\"https:\\\/\\\/www.laguiadepamplona.com\\\/actualidad\\\/#\\\/schema\\\/logo\\\/image\\\/\",\"url\":\"https:\\\/\\\/www.laguiadepamplona.com\\\/actualidad\\\/wp-content\\\/uploads\\\/2018\\\/11\\\/logo-laguiadepamplona18-web1.png\",\"contentUrl\":\"https:\\\/\\\/www.laguiadepamplona.com\\\/actualidad\\\/wp-content\\\/uploads\\\/2018\\\/11\\\/logo-laguiadepamplona18-web1.png\",\"width\":600,\"height\":196,\"caption\":\"La Gu\u00eda de Pamplona \\\/ Noticias\"},\"image\":{\"@id\":\"https:\\\/\\\/www.laguiadepamplona.com\\\/actualidad\\\/#\\\/schema\\\/logo\\\/image\\\/\"},\"sameAs\":[\"https:\\\/\\\/www.facebook.com\\\/laguiadepamplonacom-133175176762273\\\/?ref=hl\",\"https:\\\/\\\/x.com\\\/LaGuiadPamplona\",\"https:\\\/\\\/www.instagram.com\\\/la_guia_de_pamplona\\\/\",\"https:\\\/\\\/www.youtube.com\\\/user\\\/laguiadepamplona\"]},{\"@type\":\"Person\",\"@id\":\"https:\\\/\\\/www.laguiadepamplona.com\\\/actualidad\\\/#\\\/schema\\\/person\\\/efe887376f0213d4657c93adc50b1fdb\",\"name\":\"La Gu\u00eda de Pamplona\",\"image\":{\"@type\":\"ImageObject\",\"inLanguage\":\"es\",\"@id\":\"https:\\\/\\\/secure.gravatar.com\\\/avatar\\\/b6992f131dc8d30ab0dff15446e9d346d9dbd95992de0fef795073f5ea83a81c?s=96&d=mm&r=g\",\"url\":\"https:\\\/\\\/secure.gravatar.com\\\/avatar\\\/b6992f131dc8d30ab0dff15446e9d346d9dbd95992de0fef795073f5ea83a81c?s=96&d=mm&r=g\",\"contentUrl\":\"https:\\\/\\\/secure.gravatar.com\\\/avatar\\\/b6992f131dc8d30ab0dff15446e9d346d9dbd95992de0fef795073f5ea83a81c?s=96&d=mm&r=g\",\"caption\":\"La Gu\u00eda de Pamplona\"}}]}<\/script>\n<!-- \/ Yoast SEO plugin. -->","yoast_head_json":{"title":"Las Escuelas Infantiles del Ayuntamiento de Pamplona inician el curso el pr\u00f3ximo 16 de agosto con 954 ni\u00f1os y ni\u00f1as de 0 a 3 a\u00f1os","description":"506 menores entrar\u00e1n por primera vez en un aula de uno de los 11 centros de la red que est\u00e1n en funcionamiento este curso","robots":{"index":"index","follow":"follow","max-snippet":"max-snippet:-1","max-image-preview":"max-image-preview:large","max-video-preview":"max-video-preview:-1"},"canonical":"https:\/\/www.laguiadepamplona.com\/actualidad\/las-escuelas-infantiles-del-ayuntamiento-de-pamplona-inician-el-curso-el-proximo-16-de-agosto-con-954-ninos-y-ninas-de-0-a-3-anos\/","og_locale":"es_ES","og_type":"article","og_title":"Las Escuelas Infantiles del Ayuntamiento de Pamplona inician el curso el pr\u00f3ximo 16 de agosto con 954 ni\u00f1os y ni\u00f1as de 0 a 3 a\u00f1os","og_description":"506 menores entrar\u00e1n por primera vez en un aula de uno de los 11 centros de la red que est\u00e1n en funcionamiento este curso","og_url":"https:\/\/www.laguiadepamplona.com\/actualidad\/las-escuelas-infantiles-del-ayuntamiento-de-pamplona-inician-el-curso-el-proximo-16-de-agosto-con-954-ninos-y-ninas-de-0-a-3-anos\/","og_site_name":"La Gu\u00eda de Pamplona","article_publisher":"https:\/\/www.facebook.com\/laguiadepamplonacom-133175176762273\/?ref=hl","article_published_time":"2023-08-11T15:26:06+00:00","og_image":[{"width":1920,"height":1280,"url":"https:\/\/www.laguiadepamplona.com\/actualidad\/wp-content\/uploads\/2022\/02\/escuela-infantil-municipal-medillorri-ee5a2220.jpg","type":"image\/jpeg"}],"author":"La Gu\u00eda de Pamplona","twitter_card":"summary_large_image","twitter_creator":"@LaGuiadPamplona","twitter_site":"@LaGuiadPamplona","twitter_misc":{"Escrito por":"La Gu\u00eda de Pamplona","Tiempo de lectura":"3 minutos"},"schema":{"@context":"https:\/\/schema.org","@graph":[{"@type":"Article","@id":"https:\/\/www.laguiadepamplona.com\/actualidad\/las-escuelas-infantiles-del-ayuntamiento-de-pamplona-inician-el-curso-el-proximo-16-de-agosto-con-954-ninos-y-ninas-de-0-a-3-anos\/#article","isPartOf":{"@id":"https:\/\/www.laguiadepamplona.com\/actualidad\/las-escuelas-infantiles-del-ayuntamiento-de-pamplona-inician-el-curso-el-proximo-16-de-agosto-con-954-ninos-y-ninas-de-0-a-3-anos\/"},"author":{"name":"La Gu\u00eda de Pamplona","@id":"https:\/\/www.laguiadepamplona.com\/actualidad\/#\/schema\/person\/efe887376f0213d4657c93adc50b1fdb"},"headline":"Las Escuelas Infantiles del Ayuntamiento de Pamplona inician el curso el pr\u00f3ximo 16 de agosto con 954 ni\u00f1os y ni\u00f1as de 0 a 3 a\u00f1os","datePublished":"2023-08-11T15:26:06+00:00","mainEntityOfPage":{"@id":"https:\/\/www.laguiadepamplona.com\/actualidad\/las-escuelas-infantiles-del-ayuntamiento-de-pamplona-inician-el-curso-el-proximo-16-de-agosto-con-954-ninos-y-ninas-de-0-a-3-anos\/"},"wordCount":561,"commentCount":0,"publisher":{"@id":"https:\/\/www.laguiadepamplona.com\/actualidad\/#organization"},"image":{"@id":"https:\/\/www.laguiadepamplona.com\/actualidad\/las-escuelas-infantiles-del-ayuntamiento-de-pamplona-inician-el-curso-el-proximo-16-de-agosto-con-954-ninos-y-ninas-de-0-a-3-anos\/#primaryimage"},"thumbnailUrl":"https:\/\/www.laguiadepamplona.com\/actualidad\/wp-content\/uploads\/2022\/02\/escuela-infantil-municipal-medillorri-ee5a2220.jpg","articleSection":["Ayto Pamplona"],"inLanguage":"es","potentialAction":[{"@type":"CommentAction","name":"Comment","target":["https:\/\/www.laguiadepamplona.com\/actualidad\/las-escuelas-infantiles-del-ayuntamiento-de-pamplona-inician-el-curso-el-proximo-16-de-agosto-con-954-ninos-y-ninas-de-0-a-3-anos\/#respond"]}]},{"@type":"WebPage","@id":"https:\/\/www.laguiadepamplona.com\/actualidad\/las-escuelas-infantiles-del-ayuntamiento-de-pamplona-inician-el-curso-el-proximo-16-de-agosto-con-954-ninos-y-ninas-de-0-a-3-anos\/","url":"https:\/\/www.laguiadepamplona.com\/actualidad\/las-escuelas-infantiles-del-ayuntamiento-de-pamplona-inician-el-curso-el-proximo-16-de-agosto-con-954-ninos-y-ninas-de-0-a-3-anos\/","name":"Las Escuelas Infantiles del Ayuntamiento de Pamplona inician el curso el pr\u00f3ximo 16 de agosto con 954 ni\u00f1os y ni\u00f1as de 0 a 3 a\u00f1os","isPartOf":{"@id":"https:\/\/www.laguiadepamplona.com\/actualidad\/#website"},"primaryImageOfPage":{"@id":"https:\/\/www.laguiadepamplona.com\/actualidad\/las-escuelas-infantiles-del-ayuntamiento-de-pamplona-inician-el-curso-el-proximo-16-de-agosto-con-954-ninos-y-ninas-de-0-a-3-anos\/#primaryimage"},"image":{"@id":"https:\/\/www.laguiadepamplona.com\/actualidad\/las-escuelas-infantiles-del-ayuntamiento-de-pamplona-inician-el-curso-el-proximo-16-de-agosto-con-954-ninos-y-ninas-de-0-a-3-anos\/#primaryimage"},"thumbnailUrl":"https:\/\/www.laguiadepamplona.com\/actualidad\/wp-content\/uploads\/2022\/02\/escuela-infantil-municipal-medillorri-ee5a2220.jpg","datePublished":"2023-08-11T15:26:06+00:00","description":"506 menores entrar\u00e1n por primera vez en un aula de uno de los 11 centros de la red que est\u00e1n en funcionamiento este curso","breadcrumb":{"@id":"https:\/\/www.laguiadepamplona.com\/actualidad\/las-escuelas-infantiles-del-ayuntamiento-de-pamplona-inician-el-curso-el-proximo-16-de-agosto-con-954-ninos-y-ninas-de-0-a-3-anos\/#breadcrumb"},"inLanguage":"es","potentialAction":[{"@type":"ReadAction","target":["https:\/\/www.laguiadepamplona.com\/actualidad\/las-escuelas-infantiles-del-ayuntamiento-de-pamplona-inician-el-curso-el-proximo-16-de-agosto-con-954-ninos-y-ninas-de-0-a-3-anos\/"]}]},{"@type":"ImageObject","inLanguage":"es","@id":"https:\/\/www.laguiadepamplona.com\/actualidad\/las-escuelas-infantiles-del-ayuntamiento-de-pamplona-inician-el-curso-el-proximo-16-de-agosto-con-954-ninos-y-ninas-de-0-a-3-anos\/#primaryimage","url":"https:\/\/www.laguiadepamplona.com\/actualidad\/wp-content\/uploads\/2022\/02\/escuela-infantil-municipal-medillorri-ee5a2220.jpg","contentUrl":"https:\/\/www.laguiadepamplona.com\/actualidad\/wp-content\/uploads\/2022\/02\/escuela-infantil-municipal-medillorri-ee5a2220.jpg","width":1920,"height":1280},{"@type":"BreadcrumbList","@id":"https:\/\/www.laguiadepamplona.com\/actualidad\/las-escuelas-infantiles-del-ayuntamiento-de-pamplona-inician-el-curso-el-proximo-16-de-agosto-con-954-ninos-y-ninas-de-0-a-3-anos\/#breadcrumb","itemListElement":[{"@type":"ListItem","position":1,"name":"Portada","item":"https:\/\/www.laguiadepamplona.com\/actualidad\/"},{"@type":"ListItem","position":2,"name":"Las Escuelas Infantiles del Ayuntamiento de Pamplona inician el curso el pr\u00f3ximo 16 de agosto con 954 ni\u00f1os y ni\u00f1as de 0 a 3 a\u00f1os"}]},{"@type":"WebSite","@id":"https:\/\/www.laguiadepamplona.com\/actualidad\/#website","url":"https:\/\/www.laguiadepamplona.com\/actualidad\/","name":"La gu\u00eda de Pamplona","description":"Noticias de Pamplona","publisher":{"@id":"https:\/\/www.laguiadepamplona.com\/actualidad\/#organization"},"potentialAction":[{"@type":"SearchAction","target":{"@type":"EntryPoint","urlTemplate":"https:\/\/www.laguiadepamplona.com\/actualidad\/?s={search_term_string}"},"query-input":{"@type":"PropertyValueSpecification","valueRequired":true,"valueName":"search_term_string"}}],"inLanguage":"es"},{"@type":"Organization","@id":"https:\/\/www.laguiadepamplona.com\/actualidad\/#organization","name":"La Gu\u00eda de Pamplona \/ Noticias","url":"https:\/\/www.laguiadepamplona.com\/actualidad\/","logo":{"@type":"ImageObject","inLanguage":"es","@id":"https:\/\/www.laguiadepamplona.com\/actualidad\/#\/schema\/logo\/image\/","url":"https:\/\/www.laguiadepamplona.com\/actualidad\/wp-content\/uploads\/2018\/11\/logo-laguiadepamplona18-web1.png","contentUrl":"https:\/\/www.laguiadepamplona.com\/actualidad\/wp-content\/uploads\/2018\/11\/logo-laguiadepamplona18-web1.png","width":600,"height":196,"caption":"La Gu\u00eda de Pamplona \/ Noticias"},"image":{"@id":"https:\/\/www.laguiadepamplona.com\/actualidad\/#\/schema\/logo\/image\/"},"sameAs":["https:\/\/www.facebook.com\/laguiadepamplonacom-133175176762273\/?ref=hl","https:\/\/x.com\/LaGuiadPamplona","https:\/\/www.instagram.com\/la_guia_de_pamplona\/","https:\/\/www.youtube.com\/user\/laguiadepamplona"]},{"@type":"Person","@id":"https:\/\/www.laguiadepamplona.com\/actualidad\/#\/schema\/person\/efe887376f0213d4657c93adc50b1fdb","name":"La Gu\u00eda de Pamplona","image":{"@type":"ImageObject","inLanguage":"es","@id":"https:\/\/secure.gravatar.com\/avatar\/b6992f131dc8d30ab0dff15446e9d346d9dbd95992de0fef795073f5ea83a81c?s=96&d=mm&r=g","url":"https:\/\/secure.gravatar.com\/avatar\/b6992f131dc8d30ab0dff15446e9d346d9dbd95992de0fef795073f5ea83a81c?s=96&d=mm&r=g","contentUrl":"https:\/\/secure.gravatar.com\/avatar\/b6992f131dc8d30ab0dff15446e9d346d9dbd95992de0fef795073f5ea83a81c?s=96&d=mm&r=g","caption":"La Gu\u00eda de Pamplona"}}]}},"post_mailing_queue_ids":[],"_links":{"self":[{"href":"https:\/\/www.laguiadepamplona.com\/actualidad\/wp-json\/wp\/v2\/posts\/47296","targetHints":{"allow":["GET"]}}],"collection":[{"href":"https:\/\/www.laguiadepamplona.com\/actualidad\/wp-json\/wp\/v2\/posts"}],"about":[{"href":"https:\/\/www.laguiadepamplona.com\/actualidad\/wp-json\/wp\/v2\/types\/post"}],"author":[{"embeddable":true,"href":"https:\/\/www.laguiadepamplona.com\/actualidad\/wp-json\/wp\/v2\/users\/1"}],"replies":[{"embeddable":true,"href":"https:\/\/www.laguiadepamplona.com\/actualidad\/wp-json\/wp\/v2\/comments?post=47296"}],"version-history":[{"count":1,"href":"https:\/\/www.laguiadepamplona.com\/actualidad\/wp-json\/wp\/v2\/posts\/47296\/revisions"}],"predecessor-version":[{"id":47297,"href":"https:\/\/www.laguiadepamplona.com\/actualidad\/wp-json\/wp\/v2\/posts\/47296\/revisions\/47297"}],"wp:featuredmedia":[{"embeddable":true,"href":"https:\/\/www.laguiadepamplona.com\/actualidad\/wp-json\/wp\/v2\/media\/38900"}],"wp:attachment":[{"href":"https:\/\/www.laguiadepamplona.com\/actualidad\/wp-json\/wp\/v2\/media?parent=47296"}],"wp:term":[{"taxonomy":"category","embeddable":true,"href":"https:\/\/www.laguiadepamplona.com\/actualidad\/wp-json\/wp\/v2\/categories?post=47296"},{"taxonomy":"post_tag","embeddable":true,"href":"https:\/\/www.laguiadepamplona.com\/actualidad\/wp-json\/wp\/v2\/tags?post=47296"}],"curies":[{"name":"wp","href":"https:\/\/api.w.org\/{rel}","templated":true}]}}