{"id":47293,"date":"2023-08-11T17:23:52","date_gmt":"2023-08-11T15:23:52","guid":{"rendered":"https:\/\/www.laguiadepamplona.com\/actualidad\/?p=47293"},"modified":"2023-08-11T17:23:52","modified_gmt":"2023-08-11T15:23:52","slug":"danza-contemporanea-desde-cataluna-canarias-grecia-y-gipuzkoa-manana-sabado-en-el-festival-de-las-murallas","status":"publish","type":"post","link":"https:\/\/www.laguiadepamplona.com\/actualidad\/danza-contemporanea-desde-cataluna-canarias-grecia-y-gipuzkoa-manana-sabado-en-el-festival-de-las-murallas\/","title":{"rendered":"Danza contempor\u00e1nea desde Catalu\u00f1a, Canarias, Grecia y Gipuzkoa, ma\u00f1ana s\u00e1bado en el Festival de las Murallas"},"content":{"rendered":"<h3>Los pases del festival tendr\u00e1n lugar a partir de las 20 horas en el Rinc\u00f3n del Caballo Blanco y a las 22 horas en el Jito Alai<\/h3>\n<p><!--more--><\/p>\n<p>Ma\u00f1ana s\u00e1bado 12 de agosto tendr\u00e1 lugar la segunda sesi\u00f3n doble del ciclo de danza contempor\u00e1nea \u2018Danzad, Danzad, Malditos\u2019 un festival de danza y nuevos lenguajes relacionados con el movimiento, en espacios no convencionales; este a\u00f1o a la sesi\u00f3n gratuita de las 20 horas en el Rinc\u00f3n del Caballo Blanco se suma una cita m\u00e1s nocturna con \u2018Malditos Night\u2019 en el Jito Alai. Estos espect\u00e1culos, cuya mediaci\u00f3n est\u00e1 realizada por un grupo de parkour, forman parte del Festival de las Murallas del Ayuntamiento de Pamplona.<\/p>\n<p>La primera propuesta de ma\u00f1ana est\u00e1 integrada por espect\u00e1culos breves de tres formaciones: las nacionales Los Informalls (Barcelona) y Javier Arozena (Canarias), adem\u00e1s de la proveniente de Grecia Danae y Dyonisios. Las coreograf\u00edas responden a los t\u00edtulos \u2018Eso\u2019 \u2018Schwanengesang\u2019 y \u2018F\u00e1risa\u2019, respectivamente.<br \/>\n<script async src=\"\/\/pagead2.googlesyndication.com\/pagead\/js\/adsbygoogle.js\"><\/script><br \/>\n<!-- Noticias La Guia de Pamplona --><br \/>\n<ins class=\"adsbygoogle\"\nstyle=\"display:block\"\ndata-ad-client=\"ca-pub-6943679897239327\"\ndata-ad-slot=\"7048180777\"\ndata-ad-format=\"auto\"><\/ins><br \/>\n<script>\n(adsbygoogle = window.adsbygoogle || []).push({});\n<\/script><\/p>\n<p>Los Informalls es una compan\u0303i\u0301a de artes esc\u00e9nicas que funciona como plataforma para la creacio\u0301n arti\u0301stica en todos sus \u00e1mbitos y quiere representar un estilo de vida basado en el movimiento, el humor y la agitacio\u0301n social. \u201cEso\u201d es una pieza de teatro fi\u0301sico de corta duracio\u0301n donde el protagonista recibe una visita inesperada de un personaje ilusorio, un visitante invisible, que vive a trave\u0301s del sonido.<\/p>\n<p>El canario Javier Arozena es diplomado en Danza Contempor\u00e1nea por el Institut del Teatre de Barcelona, interprete, creador y docente. Su propuesta \u2018Schwanengesang\u2019 quiere evocar el canto sublime hacia la trascendencia, el tr\u00e1nsito entre estados. De lo ritual, a lo esot\u00e9rico y a lo sagrado.<br \/>\n<script async src=\"\/\/pagead2.googlesyndication.com\/pagead\/js\/adsbygoogle.js\"><\/script><br \/>\n<!-- Noticias La Guia de Pamplona --><br \/>\n<ins class=\"adsbygoogle\"\nstyle=\"display:block\"\ndata-ad-client=\"ca-pub-6943679897239327\"\ndata-ad-slot=\"7048180777\"\ndata-ad-format=\"auto\"><\/ins><br \/>\n<script>\n(adsbygoogle = window.adsbygoogle || []).push({});\n<\/script><\/p>\n<p>Finalmente, y como representaci\u00f3n en esta sesi\u00f3n de la parte internacional de esta cita cultural con la danza contempor\u00e1nea, la compa\u00f1\u00eda Danae y Dyonisios, integrada por los j\u00f3venes bailarines griegos, Danae Dimitriadi y Dionysios Alamanos, formados en la Escuela Nacional de Danza de su pa\u00eds, presentar\u00e1 \u2018F\u00e1risa\u2019. La compa\u00f1\u00eda ha actuado en Europa, Asia, Am\u00e9rica Central, incluyendo teatros y festivales, recibiendo m\u00e1s de ocho premios internacionales como Scapino Ballet Rotterdam, Fundaci\u00f3n Onassis o el Teatro de Rotterdam. \u2018Farisa\u2019 est\u00e1 programada en octubre en las Islas Canarias, desde donde partir\u00e1 hacia Cagliari, Italia.<\/p>\n<p>A las 22 horas, llegar\u00e1 el turno de \u2018Malditos Night\u2019 en el Jito Alai. La propuesta es la actuaci\u00f3n del DJ Oskar Estanga. Hasta las 23.15 horas, momento en que ser\u00e1 sustituido por un DJ Local. Este pase del festival busca invitar a las personas asistentes a tomar parte activa del espect\u00e1culo y abrir un espacio para el baile compartido y la m\u00fasica electr\u00f3nica. En este caso Oskar Estanga (Gaintza, 1978) es diplomado en Magisterio musical, trabaja en el \u00e1mbito de la m\u00fasica y el ocio y confiesa ser un apasionado del movimiento como v\u00eda para la escucha emocional, trabaj\u00e1ndolo a todos los niveles posibles a trav\u00e9s de sus proyectos m\u00e1s representativos: Danza Contact y Ecstatic Dance.<br \/>\n<script async src=\"\/\/pagead2.googlesyndication.com\/pagead\/js\/adsbygoogle.js\"><\/script><br \/>\n<!-- Noticias La Guia de Pamplona --><br \/>\n<ins class=\"adsbygoogle\"\nstyle=\"display:block\"\ndata-ad-client=\"ca-pub-6943679897239327\"\ndata-ad-slot=\"7048180777\"\ndata-ad-format=\"auto\"><\/ins><br \/>\n<script>\n(adsbygoogle = window.adsbygoogle || []).push({});\n<\/script><\/p>\n<p>&nbsp;<\/p>\n<h3><strong>Danzad, danzad malditos<\/strong><\/h3>\n<p>Caballo Blanco &#8211; Ronda Barbazana. S\u00e1bados. 20 horas<\/p>\n<ul>\n<li>S\u00e1bado 12 de agosto: \u2018Eso\u2019, Los Informalls (Barcelona); \u2018Schwanengesang\u2019, Javier Arozena (Canarias); y \u2018F\u00e1risa\u2019, Danae y Dyonisios (Grecia)<\/li>\n<li>S\u00e1bado 19 de agosto: \u2018Simbiosis\u2019, Cristina Hall (Granada); \u2018Il Rossignuolo\u2019, Margherita de Pieri (Italia); y \u2018Simposio\u2019, Compa\u00f1\u00eda Bellanda Ets (Italia)<\/li>\n<li>La Compa\u00f1\u00eda Backflip, de Parkour, acompa\u00f1ar\u00e1 al p\u00fablico, cada d\u00eda, de una actuaci\u00f3n a otra.<\/li>\n<\/ul>\n<p><strong>Malditos Night<\/strong><\/p>\n<p>Jito Alai. S\u00e1bados. 22.00 horas. M\u00fasica y danza electr\u00f3nica<\/p>\n<ul>\n<li>S\u00e1bado 12 de agosto: 22.00: Oskar Estanga. Dj Set; 23.15: Damned. Dj Residente<\/li>\n<li>S\u00e1bado 19 de agosto: 22.00: Pablo. Live; 23.15: Damned. Dj Residente<\/li>\n<\/ul>\n","protected":false},"excerpt":{"rendered":"<p>Los pases del festival tendr\u00e1n lugar a partir de las 20 horas en el Rinc\u00f3n del Caballo Blanco y a las 22 horas en el Jito Alai<\/p>\n","protected":false},"author":1,"featured_media":47294,"comment_status":"open","ping_status":"closed","sticky":false,"template":"","format":"standard","meta":{"footnotes":""},"categories":[2],"tags":[],"class_list":["post-47293","post","type-post","status-publish","format-standard","has-post-thumbnail","hentry","category-ayuntamiento-pamplona"],"yoast_head":"<!-- This site is optimized with the Yoast SEO plugin v27.3 - https:\/\/yoast.com\/product\/yoast-seo-wordpress\/ -->\n<title>Danza contempor\u00e1nea desde Catalu\u00f1a, Canarias, Grecia y Gipuzkoa, ma\u00f1ana s\u00e1bado en el Festival de las Murallas<\/title>\n<meta name=\"description\" content=\"Los pases del festival tendr\u00e1n lugar a partir de las 20 horas en el Rinc\u00f3n del Caballo Blanco y a las 22 horas en el Jito Alai\" \/>\n<meta name=\"robots\" content=\"index, follow, max-snippet:-1, max-image-preview:large, max-video-preview:-1\" \/>\n<link rel=\"canonical\" href=\"https:\/\/www.laguiadepamplona.com\/actualidad\/danza-contemporanea-desde-cataluna-canarias-grecia-y-gipuzkoa-manana-sabado-en-el-festival-de-las-murallas\/\" \/>\n<meta property=\"og:locale\" content=\"es_ES\" \/>\n<meta property=\"og:type\" content=\"article\" \/>\n<meta property=\"og:title\" content=\"Danza contempor\u00e1nea desde Catalu\u00f1a, Canarias, Grecia y Gipuzkoa, ma\u00f1ana s\u00e1bado en el Festival de las Murallas\" \/>\n<meta property=\"og:description\" content=\"Los pases del festival tendr\u00e1n lugar a partir de las 20 horas en el Rinc\u00f3n del Caballo Blanco y a las 22 horas en el Jito Alai\" \/>\n<meta property=\"og:url\" content=\"https:\/\/www.laguiadepamplona.com\/actualidad\/danza-contemporanea-desde-cataluna-canarias-grecia-y-gipuzkoa-manana-sabado-en-el-festival-de-las-murallas\/\" \/>\n<meta property=\"og:site_name\" content=\"La Gu\u00eda de Pamplona\" \/>\n<meta property=\"article:publisher\" content=\"https:\/\/www.facebook.com\/laguiadepamplonacom-133175176762273\/?ref=hl\" \/>\n<meta property=\"article:published_time\" content=\"2023-08-11T15:23:52+00:00\" \/>\n<meta property=\"og:image\" content=\"https:\/\/www.laguiadepamplona.com\/actualidad\/wp-content\/uploads\/2023\/08\/danzazmalditos1nb5595.webp\" \/>\n\t<meta property=\"og:image:width\" content=\"1200\" \/>\n\t<meta property=\"og:image:height\" content=\"800\" \/>\n\t<meta property=\"og:image:type\" content=\"image\/webp\" \/>\n<meta name=\"author\" content=\"La Gu\u00eda de Pamplona\" \/>\n<meta name=\"twitter:card\" content=\"summary_large_image\" \/>\n<meta name=\"twitter:creator\" content=\"@LaGuiadPamplona\" \/>\n<meta name=\"twitter:site\" content=\"@LaGuiadPamplona\" \/>\n<meta name=\"twitter:label1\" content=\"Escrito por\" \/>\n\t<meta name=\"twitter:data1\" content=\"La Gu\u00eda de Pamplona\" \/>\n\t<meta name=\"twitter:label2\" content=\"Tiempo de lectura\" \/>\n\t<meta name=\"twitter:data2\" content=\"3 minutos\" \/>\n<script type=\"application\/ld+json\" class=\"yoast-schema-graph\">{\"@context\":\"https:\\\/\\\/schema.org\",\"@graph\":[{\"@type\":\"Article\",\"@id\":\"https:\\\/\\\/www.laguiadepamplona.com\\\/actualidad\\\/danza-contemporanea-desde-cataluna-canarias-grecia-y-gipuzkoa-manana-sabado-en-el-festival-de-las-murallas\\\/#article\",\"isPartOf\":{\"@id\":\"https:\\\/\\\/www.laguiadepamplona.com\\\/actualidad\\\/danza-contemporanea-desde-cataluna-canarias-grecia-y-gipuzkoa-manana-sabado-en-el-festival-de-las-murallas\\\/\"},\"author\":{\"name\":\"La Gu\u00eda de Pamplona\",\"@id\":\"https:\\\/\\\/www.laguiadepamplona.com\\\/actualidad\\\/#\\\/schema\\\/person\\\/efe887376f0213d4657c93adc50b1fdb\"},\"headline\":\"Danza contempor\u00e1nea desde Catalu\u00f1a, Canarias, Grecia y Gipuzkoa, ma\u00f1ana s\u00e1bado en el Festival de las Murallas\",\"datePublished\":\"2023-08-11T15:23:52+00:00\",\"mainEntityOfPage\":{\"@id\":\"https:\\\/\\\/www.laguiadepamplona.com\\\/actualidad\\\/danza-contemporanea-desde-cataluna-canarias-grecia-y-gipuzkoa-manana-sabado-en-el-festival-de-las-murallas\\\/\"},\"wordCount\":643,\"commentCount\":0,\"publisher\":{\"@id\":\"https:\\\/\\\/www.laguiadepamplona.com\\\/actualidad\\\/#organization\"},\"image\":{\"@id\":\"https:\\\/\\\/www.laguiadepamplona.com\\\/actualidad\\\/danza-contemporanea-desde-cataluna-canarias-grecia-y-gipuzkoa-manana-sabado-en-el-festival-de-las-murallas\\\/#primaryimage\"},\"thumbnailUrl\":\"https:\\\/\\\/www.laguiadepamplona.com\\\/actualidad\\\/wp-content\\\/uploads\\\/2023\\\/08\\\/danzazmalditos1nb5595.webp\",\"articleSection\":[\"Ayto Pamplona\"],\"inLanguage\":\"es\",\"potentialAction\":[{\"@type\":\"CommentAction\",\"name\":\"Comment\",\"target\":[\"https:\\\/\\\/www.laguiadepamplona.com\\\/actualidad\\\/danza-contemporanea-desde-cataluna-canarias-grecia-y-gipuzkoa-manana-sabado-en-el-festival-de-las-murallas\\\/#respond\"]}]},{\"@type\":\"WebPage\",\"@id\":\"https:\\\/\\\/www.laguiadepamplona.com\\\/actualidad\\\/danza-contemporanea-desde-cataluna-canarias-grecia-y-gipuzkoa-manana-sabado-en-el-festival-de-las-murallas\\\/\",\"url\":\"https:\\\/\\\/www.laguiadepamplona.com\\\/actualidad\\\/danza-contemporanea-desde-cataluna-canarias-grecia-y-gipuzkoa-manana-sabado-en-el-festival-de-las-murallas\\\/\",\"name\":\"Danza contempor\u00e1nea desde Catalu\u00f1a, Canarias, Grecia y Gipuzkoa, ma\u00f1ana s\u00e1bado en el Festival de las Murallas\",\"isPartOf\":{\"@id\":\"https:\\\/\\\/www.laguiadepamplona.com\\\/actualidad\\\/#website\"},\"primaryImageOfPage\":{\"@id\":\"https:\\\/\\\/www.laguiadepamplona.com\\\/actualidad\\\/danza-contemporanea-desde-cataluna-canarias-grecia-y-gipuzkoa-manana-sabado-en-el-festival-de-las-murallas\\\/#primaryimage\"},\"image\":{\"@id\":\"https:\\\/\\\/www.laguiadepamplona.com\\\/actualidad\\\/danza-contemporanea-desde-cataluna-canarias-grecia-y-gipuzkoa-manana-sabado-en-el-festival-de-las-murallas\\\/#primaryimage\"},\"thumbnailUrl\":\"https:\\\/\\\/www.laguiadepamplona.com\\\/actualidad\\\/wp-content\\\/uploads\\\/2023\\\/08\\\/danzazmalditos1nb5595.webp\",\"datePublished\":\"2023-08-11T15:23:52+00:00\",\"description\":\"Los pases del festival tendr\u00e1n lugar a partir de las 20 horas en el Rinc\u00f3n del Caballo Blanco y a las 22 horas en el Jito Alai\",\"breadcrumb\":{\"@id\":\"https:\\\/\\\/www.laguiadepamplona.com\\\/actualidad\\\/danza-contemporanea-desde-cataluna-canarias-grecia-y-gipuzkoa-manana-sabado-en-el-festival-de-las-murallas\\\/#breadcrumb\"},\"inLanguage\":\"es\",\"potentialAction\":[{\"@type\":\"ReadAction\",\"target\":[\"https:\\\/\\\/www.laguiadepamplona.com\\\/actualidad\\\/danza-contemporanea-desde-cataluna-canarias-grecia-y-gipuzkoa-manana-sabado-en-el-festival-de-las-murallas\\\/\"]}]},{\"@type\":\"ImageObject\",\"inLanguage\":\"es\",\"@id\":\"https:\\\/\\\/www.laguiadepamplona.com\\\/actualidad\\\/danza-contemporanea-desde-cataluna-canarias-grecia-y-gipuzkoa-manana-sabado-en-el-festival-de-las-murallas\\\/#primaryimage\",\"url\":\"https:\\\/\\\/www.laguiadepamplona.com\\\/actualidad\\\/wp-content\\\/uploads\\\/2023\\\/08\\\/danzazmalditos1nb5595.webp\",\"contentUrl\":\"https:\\\/\\\/www.laguiadepamplona.com\\\/actualidad\\\/wp-content\\\/uploads\\\/2023\\\/08\\\/danzazmalditos1nb5595.webp\",\"width\":1200,\"height\":800},{\"@type\":\"BreadcrumbList\",\"@id\":\"https:\\\/\\\/www.laguiadepamplona.com\\\/actualidad\\\/danza-contemporanea-desde-cataluna-canarias-grecia-y-gipuzkoa-manana-sabado-en-el-festival-de-las-murallas\\\/#breadcrumb\",\"itemListElement\":[{\"@type\":\"ListItem\",\"position\":1,\"name\":\"Portada\",\"item\":\"https:\\\/\\\/www.laguiadepamplona.com\\\/actualidad\\\/\"},{\"@type\":\"ListItem\",\"position\":2,\"name\":\"Danza contempor\u00e1nea desde Catalu\u00f1a, Canarias, Grecia y Gipuzkoa, ma\u00f1ana s\u00e1bado en el Festival de las Murallas\"}]},{\"@type\":\"WebSite\",\"@id\":\"https:\\\/\\\/www.laguiadepamplona.com\\\/actualidad\\\/#website\",\"url\":\"https:\\\/\\\/www.laguiadepamplona.com\\\/actualidad\\\/\",\"name\":\"La gu\u00eda de Pamplona\",\"description\":\"Noticias de Pamplona\",\"publisher\":{\"@id\":\"https:\\\/\\\/www.laguiadepamplona.com\\\/actualidad\\\/#organization\"},\"potentialAction\":[{\"@type\":\"SearchAction\",\"target\":{\"@type\":\"EntryPoint\",\"urlTemplate\":\"https:\\\/\\\/www.laguiadepamplona.com\\\/actualidad\\\/?s={search_term_string}\"},\"query-input\":{\"@type\":\"PropertyValueSpecification\",\"valueRequired\":true,\"valueName\":\"search_term_string\"}}],\"inLanguage\":\"es\"},{\"@type\":\"Organization\",\"@id\":\"https:\\\/\\\/www.laguiadepamplona.com\\\/actualidad\\\/#organization\",\"name\":\"La Gu\u00eda de Pamplona \\\/ Noticias\",\"url\":\"https:\\\/\\\/www.laguiadepamplona.com\\\/actualidad\\\/\",\"logo\":{\"@type\":\"ImageObject\",\"inLanguage\":\"es\",\"@id\":\"https:\\\/\\\/www.laguiadepamplona.com\\\/actualidad\\\/#\\\/schema\\\/logo\\\/image\\\/\",\"url\":\"https:\\\/\\\/www.laguiadepamplona.com\\\/actualidad\\\/wp-content\\\/uploads\\\/2018\\\/11\\\/logo-laguiadepamplona18-web1.png\",\"contentUrl\":\"https:\\\/\\\/www.laguiadepamplona.com\\\/actualidad\\\/wp-content\\\/uploads\\\/2018\\\/11\\\/logo-laguiadepamplona18-web1.png\",\"width\":600,\"height\":196,\"caption\":\"La Gu\u00eda de Pamplona \\\/ Noticias\"},\"image\":{\"@id\":\"https:\\\/\\\/www.laguiadepamplona.com\\\/actualidad\\\/#\\\/schema\\\/logo\\\/image\\\/\"},\"sameAs\":[\"https:\\\/\\\/www.facebook.com\\\/laguiadepamplonacom-133175176762273\\\/?ref=hl\",\"https:\\\/\\\/x.com\\\/LaGuiadPamplona\",\"https:\\\/\\\/www.instagram.com\\\/la_guia_de_pamplona\\\/\",\"https:\\\/\\\/www.youtube.com\\\/user\\\/laguiadepamplona\"]},{\"@type\":\"Person\",\"@id\":\"https:\\\/\\\/www.laguiadepamplona.com\\\/actualidad\\\/#\\\/schema\\\/person\\\/efe887376f0213d4657c93adc50b1fdb\",\"name\":\"La Gu\u00eda de Pamplona\",\"image\":{\"@type\":\"ImageObject\",\"inLanguage\":\"es\",\"@id\":\"https:\\\/\\\/secure.gravatar.com\\\/avatar\\\/b6992f131dc8d30ab0dff15446e9d346d9dbd95992de0fef795073f5ea83a81c?s=96&d=mm&r=g\",\"url\":\"https:\\\/\\\/secure.gravatar.com\\\/avatar\\\/b6992f131dc8d30ab0dff15446e9d346d9dbd95992de0fef795073f5ea83a81c?s=96&d=mm&r=g\",\"contentUrl\":\"https:\\\/\\\/secure.gravatar.com\\\/avatar\\\/b6992f131dc8d30ab0dff15446e9d346d9dbd95992de0fef795073f5ea83a81c?s=96&d=mm&r=g\",\"caption\":\"La Gu\u00eda de Pamplona\"}}]}<\/script>\n<!-- \/ Yoast SEO plugin. -->","yoast_head_json":{"title":"Danza contempor\u00e1nea desde Catalu\u00f1a, Canarias, Grecia y Gipuzkoa, ma\u00f1ana s\u00e1bado en el Festival de las Murallas","description":"Los pases del festival tendr\u00e1n lugar a partir de las 20 horas en el Rinc\u00f3n del Caballo Blanco y a las 22 horas en el Jito Alai","robots":{"index":"index","follow":"follow","max-snippet":"max-snippet:-1","max-image-preview":"max-image-preview:large","max-video-preview":"max-video-preview:-1"},"canonical":"https:\/\/www.laguiadepamplona.com\/actualidad\/danza-contemporanea-desde-cataluna-canarias-grecia-y-gipuzkoa-manana-sabado-en-el-festival-de-las-murallas\/","og_locale":"es_ES","og_type":"article","og_title":"Danza contempor\u00e1nea desde Catalu\u00f1a, Canarias, Grecia y Gipuzkoa, ma\u00f1ana s\u00e1bado en el Festival de las Murallas","og_description":"Los pases del festival tendr\u00e1n lugar a partir de las 20 horas en el Rinc\u00f3n del Caballo Blanco y a las 22 horas en el Jito Alai","og_url":"https:\/\/www.laguiadepamplona.com\/actualidad\/danza-contemporanea-desde-cataluna-canarias-grecia-y-gipuzkoa-manana-sabado-en-el-festival-de-las-murallas\/","og_site_name":"La Gu\u00eda de Pamplona","article_publisher":"https:\/\/www.facebook.com\/laguiadepamplonacom-133175176762273\/?ref=hl","article_published_time":"2023-08-11T15:23:52+00:00","og_image":[{"width":1200,"height":800,"url":"https:\/\/www.laguiadepamplona.com\/actualidad\/wp-content\/uploads\/2023\/08\/danzazmalditos1nb5595.webp","type":"image\/webp"}],"author":"La Gu\u00eda de Pamplona","twitter_card":"summary_large_image","twitter_creator":"@LaGuiadPamplona","twitter_site":"@LaGuiadPamplona","twitter_misc":{"Escrito por":"La Gu\u00eda de Pamplona","Tiempo de lectura":"3 minutos"},"schema":{"@context":"https:\/\/schema.org","@graph":[{"@type":"Article","@id":"https:\/\/www.laguiadepamplona.com\/actualidad\/danza-contemporanea-desde-cataluna-canarias-grecia-y-gipuzkoa-manana-sabado-en-el-festival-de-las-murallas\/#article","isPartOf":{"@id":"https:\/\/www.laguiadepamplona.com\/actualidad\/danza-contemporanea-desde-cataluna-canarias-grecia-y-gipuzkoa-manana-sabado-en-el-festival-de-las-murallas\/"},"author":{"name":"La Gu\u00eda de Pamplona","@id":"https:\/\/www.laguiadepamplona.com\/actualidad\/#\/schema\/person\/efe887376f0213d4657c93adc50b1fdb"},"headline":"Danza contempor\u00e1nea desde Catalu\u00f1a, Canarias, Grecia y Gipuzkoa, ma\u00f1ana s\u00e1bado en el Festival de las Murallas","datePublished":"2023-08-11T15:23:52+00:00","mainEntityOfPage":{"@id":"https:\/\/www.laguiadepamplona.com\/actualidad\/danza-contemporanea-desde-cataluna-canarias-grecia-y-gipuzkoa-manana-sabado-en-el-festival-de-las-murallas\/"},"wordCount":643,"commentCount":0,"publisher":{"@id":"https:\/\/www.laguiadepamplona.com\/actualidad\/#organization"},"image":{"@id":"https:\/\/www.laguiadepamplona.com\/actualidad\/danza-contemporanea-desde-cataluna-canarias-grecia-y-gipuzkoa-manana-sabado-en-el-festival-de-las-murallas\/#primaryimage"},"thumbnailUrl":"https:\/\/www.laguiadepamplona.com\/actualidad\/wp-content\/uploads\/2023\/08\/danzazmalditos1nb5595.webp","articleSection":["Ayto Pamplona"],"inLanguage":"es","potentialAction":[{"@type":"CommentAction","name":"Comment","target":["https:\/\/www.laguiadepamplona.com\/actualidad\/danza-contemporanea-desde-cataluna-canarias-grecia-y-gipuzkoa-manana-sabado-en-el-festival-de-las-murallas\/#respond"]}]},{"@type":"WebPage","@id":"https:\/\/www.laguiadepamplona.com\/actualidad\/danza-contemporanea-desde-cataluna-canarias-grecia-y-gipuzkoa-manana-sabado-en-el-festival-de-las-murallas\/","url":"https:\/\/www.laguiadepamplona.com\/actualidad\/danza-contemporanea-desde-cataluna-canarias-grecia-y-gipuzkoa-manana-sabado-en-el-festival-de-las-murallas\/","name":"Danza contempor\u00e1nea desde Catalu\u00f1a, Canarias, Grecia y Gipuzkoa, ma\u00f1ana s\u00e1bado en el Festival de las Murallas","isPartOf":{"@id":"https:\/\/www.laguiadepamplona.com\/actualidad\/#website"},"primaryImageOfPage":{"@id":"https:\/\/www.laguiadepamplona.com\/actualidad\/danza-contemporanea-desde-cataluna-canarias-grecia-y-gipuzkoa-manana-sabado-en-el-festival-de-las-murallas\/#primaryimage"},"image":{"@id":"https:\/\/www.laguiadepamplona.com\/actualidad\/danza-contemporanea-desde-cataluna-canarias-grecia-y-gipuzkoa-manana-sabado-en-el-festival-de-las-murallas\/#primaryimage"},"thumbnailUrl":"https:\/\/www.laguiadepamplona.com\/actualidad\/wp-content\/uploads\/2023\/08\/danzazmalditos1nb5595.webp","datePublished":"2023-08-11T15:23:52+00:00","description":"Los pases del festival tendr\u00e1n lugar a partir de las 20 horas en el Rinc\u00f3n del Caballo Blanco y a las 22 horas en el Jito Alai","breadcrumb":{"@id":"https:\/\/www.laguiadepamplona.com\/actualidad\/danza-contemporanea-desde-cataluna-canarias-grecia-y-gipuzkoa-manana-sabado-en-el-festival-de-las-murallas\/#breadcrumb"},"inLanguage":"es","potentialAction":[{"@type":"ReadAction","target":["https:\/\/www.laguiadepamplona.com\/actualidad\/danza-contemporanea-desde-cataluna-canarias-grecia-y-gipuzkoa-manana-sabado-en-el-festival-de-las-murallas\/"]}]},{"@type":"ImageObject","inLanguage":"es","@id":"https:\/\/www.laguiadepamplona.com\/actualidad\/danza-contemporanea-desde-cataluna-canarias-grecia-y-gipuzkoa-manana-sabado-en-el-festival-de-las-murallas\/#primaryimage","url":"https:\/\/www.laguiadepamplona.com\/actualidad\/wp-content\/uploads\/2023\/08\/danzazmalditos1nb5595.webp","contentUrl":"https:\/\/www.laguiadepamplona.com\/actualidad\/wp-content\/uploads\/2023\/08\/danzazmalditos1nb5595.webp","width":1200,"height":800},{"@type":"BreadcrumbList","@id":"https:\/\/www.laguiadepamplona.com\/actualidad\/danza-contemporanea-desde-cataluna-canarias-grecia-y-gipuzkoa-manana-sabado-en-el-festival-de-las-murallas\/#breadcrumb","itemListElement":[{"@type":"ListItem","position":1,"name":"Portada","item":"https:\/\/www.laguiadepamplona.com\/actualidad\/"},{"@type":"ListItem","position":2,"name":"Danza contempor\u00e1nea desde Catalu\u00f1a, Canarias, Grecia y Gipuzkoa, ma\u00f1ana s\u00e1bado en el Festival de las Murallas"}]},{"@type":"WebSite","@id":"https:\/\/www.laguiadepamplona.com\/actualidad\/#website","url":"https:\/\/www.laguiadepamplona.com\/actualidad\/","name":"La gu\u00eda de Pamplona","description":"Noticias de Pamplona","publisher":{"@id":"https:\/\/www.laguiadepamplona.com\/actualidad\/#organization"},"potentialAction":[{"@type":"SearchAction","target":{"@type":"EntryPoint","urlTemplate":"https:\/\/www.laguiadepamplona.com\/actualidad\/?s={search_term_string}"},"query-input":{"@type":"PropertyValueSpecification","valueRequired":true,"valueName":"search_term_string"}}],"inLanguage":"es"},{"@type":"Organization","@id":"https:\/\/www.laguiadepamplona.com\/actualidad\/#organization","name":"La Gu\u00eda de Pamplona \/ Noticias","url":"https:\/\/www.laguiadepamplona.com\/actualidad\/","logo":{"@type":"ImageObject","inLanguage":"es","@id":"https:\/\/www.laguiadepamplona.com\/actualidad\/#\/schema\/logo\/image\/","url":"https:\/\/www.laguiadepamplona.com\/actualidad\/wp-content\/uploads\/2018\/11\/logo-laguiadepamplona18-web1.png","contentUrl":"https:\/\/www.laguiadepamplona.com\/actualidad\/wp-content\/uploads\/2018\/11\/logo-laguiadepamplona18-web1.png","width":600,"height":196,"caption":"La Gu\u00eda de Pamplona \/ Noticias"},"image":{"@id":"https:\/\/www.laguiadepamplona.com\/actualidad\/#\/schema\/logo\/image\/"},"sameAs":["https:\/\/www.facebook.com\/laguiadepamplonacom-133175176762273\/?ref=hl","https:\/\/x.com\/LaGuiadPamplona","https:\/\/www.instagram.com\/la_guia_de_pamplona\/","https:\/\/www.youtube.com\/user\/laguiadepamplona"]},{"@type":"Person","@id":"https:\/\/www.laguiadepamplona.com\/actualidad\/#\/schema\/person\/efe887376f0213d4657c93adc50b1fdb","name":"La Gu\u00eda de Pamplona","image":{"@type":"ImageObject","inLanguage":"es","@id":"https:\/\/secure.gravatar.com\/avatar\/b6992f131dc8d30ab0dff15446e9d346d9dbd95992de0fef795073f5ea83a81c?s=96&d=mm&r=g","url":"https:\/\/secure.gravatar.com\/avatar\/b6992f131dc8d30ab0dff15446e9d346d9dbd95992de0fef795073f5ea83a81c?s=96&d=mm&r=g","contentUrl":"https:\/\/secure.gravatar.com\/avatar\/b6992f131dc8d30ab0dff15446e9d346d9dbd95992de0fef795073f5ea83a81c?s=96&d=mm&r=g","caption":"La Gu\u00eda de Pamplona"}}]}},"post_mailing_queue_ids":[],"_links":{"self":[{"href":"https:\/\/www.laguiadepamplona.com\/actualidad\/wp-json\/wp\/v2\/posts\/47293","targetHints":{"allow":["GET"]}}],"collection":[{"href":"https:\/\/www.laguiadepamplona.com\/actualidad\/wp-json\/wp\/v2\/posts"}],"about":[{"href":"https:\/\/www.laguiadepamplona.com\/actualidad\/wp-json\/wp\/v2\/types\/post"}],"author":[{"embeddable":true,"href":"https:\/\/www.laguiadepamplona.com\/actualidad\/wp-json\/wp\/v2\/users\/1"}],"replies":[{"embeddable":true,"href":"https:\/\/www.laguiadepamplona.com\/actualidad\/wp-json\/wp\/v2\/comments?post=47293"}],"version-history":[{"count":1,"href":"https:\/\/www.laguiadepamplona.com\/actualidad\/wp-json\/wp\/v2\/posts\/47293\/revisions"}],"predecessor-version":[{"id":47295,"href":"https:\/\/www.laguiadepamplona.com\/actualidad\/wp-json\/wp\/v2\/posts\/47293\/revisions\/47295"}],"wp:featuredmedia":[{"embeddable":true,"href":"https:\/\/www.laguiadepamplona.com\/actualidad\/wp-json\/wp\/v2\/media\/47294"}],"wp:attachment":[{"href":"https:\/\/www.laguiadepamplona.com\/actualidad\/wp-json\/wp\/v2\/media?parent=47293"}],"wp:term":[{"taxonomy":"category","embeddable":true,"href":"https:\/\/www.laguiadepamplona.com\/actualidad\/wp-json\/wp\/v2\/categories?post=47293"},{"taxonomy":"post_tag","embeddable":true,"href":"https:\/\/www.laguiadepamplona.com\/actualidad\/wp-json\/wp\/v2\/tags?post=47293"}],"curies":[{"name":"wp","href":"https:\/\/api.w.org\/{rel}","templated":true}]}}