{"id":47290,"date":"2023-08-11T17:20:57","date_gmt":"2023-08-11T15:20:57","guid":{"rendered":"https:\/\/www.laguiadepamplona.com\/actualidad\/?p=47290"},"modified":"2023-08-11T17:20:57","modified_gmt":"2023-08-11T15:20:57","slug":"rap-expresion-corporal-interiorismo-y-dantzas-cuatro-nuevas-propuestas-de-la-casa-de-la-juventud-dentro-del-programa-municipal-cada-dia-un-plan","status":"publish","type":"post","link":"https:\/\/www.laguiadepamplona.com\/actualidad\/rap-expresion-corporal-interiorismo-y-dantzas-cuatro-nuevas-propuestas-de-la-casa-de-la-juventud-dentro-del-programa-municipal-cada-dia-un-plan\/","title":{"rendered":"Rap, expresi\u00f3n corporal, interiorismo y dantzas, cuatro nuevas propuestas de la Casa de la Juventud dentro del programa municipal Cada d\u00eda un plan"},"content":{"rendered":"<h3>La pr\u00f3xima semana continua el programa juvenil de ocio gratuito cuyas actividades se desarrollan de 19 a 20.30 horas<\/h3>\n<p><!--more--><\/p>\n<p>Cuatro tardes con planes en la Casa de la Juventud para la semana que viene. Las propuestas son un taller de Rap, otro de expresi\u00f3n corporal, manualidades para hacer l\u00e1mparas de papel con flores y plantas y dantzas, sesiones que se desarrollar\u00e1n los d\u00edas 14, 16, 17 y 18 de agosto, respectivamente, siempre de 19 a 20.30 horas. El martes 15, festivo, la Casa de la Juventud permanecer\u00e1 cerrada.<\/p>\n<p>Continua el programa \u2018Cada d\u00eda un plan\u2019 del Ayuntamiento de Pamplona que comenz\u00f3 la segunda quincena de julio y que ofrece hasta 32 actividades gratuitas diferentes para las tardes de los d\u00edas laborables del verano. Orientadas para personas de 14 a 30 a\u00f1os, responden a muy diversos tipos de intereses.<br \/>\n<script async src=\"\/\/pagead2.googlesyndication.com\/pagead\/js\/adsbygoogle.js\"><\/script><br \/>\n<!-- Noticias La Guia de Pamplona --><br \/>\n<ins class=\"adsbygoogle\"\nstyle=\"display:block\"\ndata-ad-client=\"ca-pub-6943679897239327\"\ndata-ad-slot=\"7048180777\"\ndata-ad-format=\"auto\"><\/ins><br \/>\n<script>\n(adsbygoogle = window.adsbygoogle || []).push({});\n<\/script><\/p>\n<p><strong>Expresi\u00f3n verbal, musical, corporal\u2026<\/strong><\/p>\n<p>Esta pr\u00f3xima semana se desarrollar\u00e1n cuatro propuestas. Por un lado, el lunes 14 de agosto tendr\u00e1 luagar el taller \u2018Escribe rimas al ritmo del Rap\u2019, impartido por Andrea Gastaminza, poeta, novelista en ciernes y rapera. En \u00e9l se trabajar\u00e1 el proceso de creaci\u00f3n escrita de una canci\u00f3n de rap: c\u00f3mo se estructuran las rimas, el vocabulario que se utiliza en este estilo musical etc., y se intentar\u00e1 crear una canci\u00f3n entre todas las personas participantes. Este taller es complementario del que tendr\u00e1 lugar el 21 de agosto en el que se rapear\u00e1 con acompa\u00f1amiento musical. Con este contenido se busca fomentar la escritura y el pensamiento cr\u00edtico. La finalidad, adem\u00e1s de divertirse, es que la juventud que acuda a estos dos talleres se empodere a trav\u00e9s de la palabra.<\/p>\n<p>Tras el par\u00f3n del martes 15, festivo, el mi\u00e9rcoles 16 la Casa acoger\u00e1 un taller de \u2018Expresi\u00f3n corporal\u2019. En este taller se ense\u00f1ar\u00e1 a utilizar el cuerpo como canal de comunicaci\u00f3n mediante diversos juegos teatrales, desarrollando la imaginaci\u00f3n y favoreciendo la adquisici\u00f3n de t\u00e9cnicas corporales como la flexibilidad, la desinhibici\u00f3n, etc. La sesi\u00f3n ser\u00e1 impartida por Est\u00edbaliz Balda, una profesional que compagina la actuaci\u00f3n con la ense\u00f1anza, con amplia experiencia en el mundo de la interpretaci\u00f3n.<br \/>\n<script async src=\"\/\/pagead2.googlesyndication.com\/pagead\/js\/adsbygoogle.js\"><\/script><br \/>\n<!-- Noticias La Guia de Pamplona --><br \/>\n<ins class=\"adsbygoogle\"\nstyle=\"display:block\"\ndata-ad-client=\"ca-pub-6943679897239327\"\ndata-ad-slot=\"7048180777\"\ndata-ad-format=\"auto\"><\/ins><br \/>\n<script>\n(adsbygoogle = window.adsbygoogle || []).push({});\n<\/script><\/p>\n<p><strong>Artesan\u00eda natural y danzas tradicionales<\/strong><\/p>\n<p>El jueves 17 de agosto la asignatura ser\u00e1 \u2019Interiorismo\u2019, ya que decorar la casa (o la habitaci\u00f3n) con un toque natural y rom\u00e1ntico, es la propuesta del taller de \u2018L\u00e1mparas de papel con flores y plantas\u2019. En esta masterclass las personas asistentes aprender\u00e1n una t\u00e9cnica sencilla pero hermosa para llevar la naturaleza hasta el entorno personal. La sesi\u00f3n ser\u00e1 impartida por Garazi Valluerca<em>,<\/em> Graduada en Arte por la Universidad del Pa\u00eds Vasco. Valluerca dotar\u00e1 al alumnado de distintas herramientas y t\u00e9cnicas para crear dise\u00f1os originales utilizando distintos materiales naturales, fomentando as\u00ed el respeto por el medio ambiente.<\/p>\n<p>Y de cara al final de la semana, el viernes 18 de agosto se impartir\u00e1n danzas tradicionales en la propuesta \u2018Dantzak\u2019 dirigida a la juventud euskalduna. Las danzas son una parte muy importante de la cultura navarra y fundamental de su folklore. De la mano de Josune Castellot, bailarina con una amplia experiencia en diversas disciplinas de danza, entre ellas las Danzas tradicionales, las personas participantes aprender\u00e1n danzas b\u00e1sicas como Zazpi jauzi, zortziko, polka, etc.., que se pueden bailar en fiestas populares.<br \/>\n<script async src=\"\/\/pagead2.googlesyndication.com\/pagead\/js\/adsbygoogle.js\"><\/script><br \/>\n<!-- Noticias La Guia de Pamplona --><br \/>\n<ins class=\"adsbygoogle\"\nstyle=\"display:block\"\ndata-ad-client=\"ca-pub-6943679897239327\"\ndata-ad-slot=\"7048180777\"\ndata-ad-format=\"auto\"><\/ins><br \/>\n<script>\n(adsbygoogle = window.adsbygoogle || []).push({});\n<\/script><\/p>\n<p>&nbsp;<\/p>\n<h3><strong>Cada d\u00eda un plan del 14 al 18 de agosto<\/strong><\/h3>\n<p><strong>Lunes 14 de agosto<\/strong><\/p>\n<ul>\n<li>\u2018Escribe rimas al ritmo del Rap\u2019<\/li>\n<li>Imparte: Andrea Gastaminza, poeta, novelista y rapera<\/li>\n<\/ul>\n<p><strong>Mi\u00e9rcoles 16 de agosto<\/strong><\/p>\n<ul>\n<li>\u2018Expresi\u00f3n corporal\u2019<\/li>\n<li>Imparte: Est\u00edbaliz Balda, experimentada tanto en la actuaci\u00f3n, como en la ense\u00f1anza t\u00e9cnica<\/li>\n<\/ul>\n<p><strong>Jueves 17 de agosto<\/strong><\/p>\n<ul>\n<li>\u2018L\u00e1mparas de papel con flores y plantas\u2019<\/li>\n<li>Imparte: Garazi Valluerca, graduada en Arte por la Universidad del Pa\u00eds Vasco<\/li>\n<\/ul>\n<p><strong>Viernes 18 de agosto<\/strong><\/p>\n<ul>\n<li>\u2018Dantzak\u2019<\/li>\n<li>Imparte: Josune Castellot, bailarina con una amplia experiencia<\/li>\n<\/ul>\n","protected":false},"excerpt":{"rendered":"<p>La pr\u00f3xima semana continua el programa juvenil de ocio gratuito cuyas actividades se desarrollan de 19 a 20.30 horas<\/p>\n","protected":false},"author":1,"featured_media":47291,"comment_status":"open","ping_status":"closed","sticky":false,"template":"","format":"standard","meta":{"footnotes":""},"categories":[2],"tags":[],"class_list":["post-47290","post","type-post","status-publish","format-standard","has-post-thumbnail","hentry","category-ayuntamiento-pamplona"],"yoast_head":"<!-- This site is optimized with the Yoast SEO plugin v27.3 - https:\/\/yoast.com\/product\/yoast-seo-wordpress\/ -->\n<title>Rap, expresi\u00f3n corporal, interiorismo y dantzas, cuatro nuevas propuestas de la Casa de la Juventud dentro del programa municipal Cada d\u00eda un plan<\/title>\n<meta name=\"description\" content=\"La pr\u00f3xima semana continua el programa juvenil de ocio gratuito cuyas actividades se desarrollan de 19 a 20.30 horas\" \/>\n<meta name=\"robots\" content=\"index, follow, max-snippet:-1, max-image-preview:large, max-video-preview:-1\" \/>\n<link rel=\"canonical\" href=\"https:\/\/www.laguiadepamplona.com\/actualidad\/rap-expresion-corporal-interiorismo-y-dantzas-cuatro-nuevas-propuestas-de-la-casa-de-la-juventud-dentro-del-programa-municipal-cada-dia-un-plan\/\" \/>\n<meta property=\"og:locale\" content=\"es_ES\" \/>\n<meta property=\"og:type\" content=\"article\" \/>\n<meta property=\"og:title\" content=\"Rap, expresi\u00f3n corporal, interiorismo y dantzas, cuatro nuevas propuestas de la Casa de la Juventud dentro del programa municipal Cada d\u00eda un plan\" \/>\n<meta property=\"og:description\" content=\"La pr\u00f3xima semana continua el programa juvenil de ocio gratuito cuyas actividades se desarrollan de 19 a 20.30 horas\" \/>\n<meta property=\"og:url\" content=\"https:\/\/www.laguiadepamplona.com\/actualidad\/rap-expresion-corporal-interiorismo-y-dantzas-cuatro-nuevas-propuestas-de-la-casa-de-la-juventud-dentro-del-programa-municipal-cada-dia-un-plan\/\" \/>\n<meta property=\"og:site_name\" content=\"La Gu\u00eda de Pamplona\" \/>\n<meta property=\"article:publisher\" content=\"https:\/\/www.facebook.com\/laguiadepamplonacom-133175176762273\/?ref=hl\" \/>\n<meta property=\"article:published_time\" content=\"2023-08-11T15:20:57+00:00\" \/>\n<meta property=\"og:image\" content=\"https:\/\/www.laguiadepamplona.com\/actualidad\/wp-content\/uploads\/2023\/08\/casa-juventud.webp\" \/>\n\t<meta property=\"og:image:width\" content=\"1200\" \/>\n\t<meta property=\"og:image:height\" content=\"619\" \/>\n\t<meta property=\"og:image:type\" content=\"image\/webp\" \/>\n<meta name=\"author\" content=\"La Gu\u00eda de Pamplona\" \/>\n<meta name=\"twitter:card\" content=\"summary_large_image\" \/>\n<meta name=\"twitter:creator\" content=\"@LaGuiadPamplona\" \/>\n<meta name=\"twitter:site\" content=\"@LaGuiadPamplona\" \/>\n<meta name=\"twitter:label1\" content=\"Escrito por\" \/>\n\t<meta name=\"twitter:data1\" content=\"La Gu\u00eda de Pamplona\" \/>\n\t<meta name=\"twitter:label2\" content=\"Tiempo de lectura\" \/>\n\t<meta name=\"twitter:data2\" content=\"3 minutos\" \/>\n<script type=\"application\/ld+json\" class=\"yoast-schema-graph\">{\"@context\":\"https:\\\/\\\/schema.org\",\"@graph\":[{\"@type\":\"Article\",\"@id\":\"https:\\\/\\\/www.laguiadepamplona.com\\\/actualidad\\\/rap-expresion-corporal-interiorismo-y-dantzas-cuatro-nuevas-propuestas-de-la-casa-de-la-juventud-dentro-del-programa-municipal-cada-dia-un-plan\\\/#article\",\"isPartOf\":{\"@id\":\"https:\\\/\\\/www.laguiadepamplona.com\\\/actualidad\\\/rap-expresion-corporal-interiorismo-y-dantzas-cuatro-nuevas-propuestas-de-la-casa-de-la-juventud-dentro-del-programa-municipal-cada-dia-un-plan\\\/\"},\"author\":{\"name\":\"La Gu\u00eda de Pamplona\",\"@id\":\"https:\\\/\\\/www.laguiadepamplona.com\\\/actualidad\\\/#\\\/schema\\\/person\\\/efe887376f0213d4657c93adc50b1fdb\"},\"headline\":\"Rap, expresi\u00f3n corporal, interiorismo y dantzas, cuatro nuevas propuestas de la Casa de la Juventud dentro del programa municipal Cada d\u00eda un plan\",\"datePublished\":\"2023-08-11T15:20:57+00:00\",\"mainEntityOfPage\":{\"@id\":\"https:\\\/\\\/www.laguiadepamplona.com\\\/actualidad\\\/rap-expresion-corporal-interiorismo-y-dantzas-cuatro-nuevas-propuestas-de-la-casa-de-la-juventud-dentro-del-programa-municipal-cada-dia-un-plan\\\/\"},\"wordCount\":670,\"commentCount\":0,\"publisher\":{\"@id\":\"https:\\\/\\\/www.laguiadepamplona.com\\\/actualidad\\\/#organization\"},\"image\":{\"@id\":\"https:\\\/\\\/www.laguiadepamplona.com\\\/actualidad\\\/rap-expresion-corporal-interiorismo-y-dantzas-cuatro-nuevas-propuestas-de-la-casa-de-la-juventud-dentro-del-programa-municipal-cada-dia-un-plan\\\/#primaryimage\"},\"thumbnailUrl\":\"https:\\\/\\\/www.laguiadepamplona.com\\\/actualidad\\\/wp-content\\\/uploads\\\/2023\\\/08\\\/casa-juventud.webp\",\"articleSection\":[\"Ayto Pamplona\"],\"inLanguage\":\"es\",\"potentialAction\":[{\"@type\":\"CommentAction\",\"name\":\"Comment\",\"target\":[\"https:\\\/\\\/www.laguiadepamplona.com\\\/actualidad\\\/rap-expresion-corporal-interiorismo-y-dantzas-cuatro-nuevas-propuestas-de-la-casa-de-la-juventud-dentro-del-programa-municipal-cada-dia-un-plan\\\/#respond\"]}]},{\"@type\":\"WebPage\",\"@id\":\"https:\\\/\\\/www.laguiadepamplona.com\\\/actualidad\\\/rap-expresion-corporal-interiorismo-y-dantzas-cuatro-nuevas-propuestas-de-la-casa-de-la-juventud-dentro-del-programa-municipal-cada-dia-un-plan\\\/\",\"url\":\"https:\\\/\\\/www.laguiadepamplona.com\\\/actualidad\\\/rap-expresion-corporal-interiorismo-y-dantzas-cuatro-nuevas-propuestas-de-la-casa-de-la-juventud-dentro-del-programa-municipal-cada-dia-un-plan\\\/\",\"name\":\"Rap, expresi\u00f3n corporal, interiorismo y dantzas, cuatro nuevas propuestas de la Casa de la Juventud dentro del programa municipal Cada d\u00eda un plan\",\"isPartOf\":{\"@id\":\"https:\\\/\\\/www.laguiadepamplona.com\\\/actualidad\\\/#website\"},\"primaryImageOfPage\":{\"@id\":\"https:\\\/\\\/www.laguiadepamplona.com\\\/actualidad\\\/rap-expresion-corporal-interiorismo-y-dantzas-cuatro-nuevas-propuestas-de-la-casa-de-la-juventud-dentro-del-programa-municipal-cada-dia-un-plan\\\/#primaryimage\"},\"image\":{\"@id\":\"https:\\\/\\\/www.laguiadepamplona.com\\\/actualidad\\\/rap-expresion-corporal-interiorismo-y-dantzas-cuatro-nuevas-propuestas-de-la-casa-de-la-juventud-dentro-del-programa-municipal-cada-dia-un-plan\\\/#primaryimage\"},\"thumbnailUrl\":\"https:\\\/\\\/www.laguiadepamplona.com\\\/actualidad\\\/wp-content\\\/uploads\\\/2023\\\/08\\\/casa-juventud.webp\",\"datePublished\":\"2023-08-11T15:20:57+00:00\",\"description\":\"La pr\u00f3xima semana continua el programa juvenil de ocio gratuito cuyas actividades se desarrollan de 19 a 20.30 horas\",\"breadcrumb\":{\"@id\":\"https:\\\/\\\/www.laguiadepamplona.com\\\/actualidad\\\/rap-expresion-corporal-interiorismo-y-dantzas-cuatro-nuevas-propuestas-de-la-casa-de-la-juventud-dentro-del-programa-municipal-cada-dia-un-plan\\\/#breadcrumb\"},\"inLanguage\":\"es\",\"potentialAction\":[{\"@type\":\"ReadAction\",\"target\":[\"https:\\\/\\\/www.laguiadepamplona.com\\\/actualidad\\\/rap-expresion-corporal-interiorismo-y-dantzas-cuatro-nuevas-propuestas-de-la-casa-de-la-juventud-dentro-del-programa-municipal-cada-dia-un-plan\\\/\"]}]},{\"@type\":\"ImageObject\",\"inLanguage\":\"es\",\"@id\":\"https:\\\/\\\/www.laguiadepamplona.com\\\/actualidad\\\/rap-expresion-corporal-interiorismo-y-dantzas-cuatro-nuevas-propuestas-de-la-casa-de-la-juventud-dentro-del-programa-municipal-cada-dia-un-plan\\\/#primaryimage\",\"url\":\"https:\\\/\\\/www.laguiadepamplona.com\\\/actualidad\\\/wp-content\\\/uploads\\\/2023\\\/08\\\/casa-juventud.webp\",\"contentUrl\":\"https:\\\/\\\/www.laguiadepamplona.com\\\/actualidad\\\/wp-content\\\/uploads\\\/2023\\\/08\\\/casa-juventud.webp\",\"width\":1200,\"height\":619},{\"@type\":\"BreadcrumbList\",\"@id\":\"https:\\\/\\\/www.laguiadepamplona.com\\\/actualidad\\\/rap-expresion-corporal-interiorismo-y-dantzas-cuatro-nuevas-propuestas-de-la-casa-de-la-juventud-dentro-del-programa-municipal-cada-dia-un-plan\\\/#breadcrumb\",\"itemListElement\":[{\"@type\":\"ListItem\",\"position\":1,\"name\":\"Portada\",\"item\":\"https:\\\/\\\/www.laguiadepamplona.com\\\/actualidad\\\/\"},{\"@type\":\"ListItem\",\"position\":2,\"name\":\"Rap, expresi\u00f3n corporal, interiorismo y dantzas, cuatro nuevas propuestas de la Casa de la Juventud dentro del programa municipal Cada d\u00eda un plan\"}]},{\"@type\":\"WebSite\",\"@id\":\"https:\\\/\\\/www.laguiadepamplona.com\\\/actualidad\\\/#website\",\"url\":\"https:\\\/\\\/www.laguiadepamplona.com\\\/actualidad\\\/\",\"name\":\"La gu\u00eda de Pamplona\",\"description\":\"Noticias de Pamplona\",\"publisher\":{\"@id\":\"https:\\\/\\\/www.laguiadepamplona.com\\\/actualidad\\\/#organization\"},\"potentialAction\":[{\"@type\":\"SearchAction\",\"target\":{\"@type\":\"EntryPoint\",\"urlTemplate\":\"https:\\\/\\\/www.laguiadepamplona.com\\\/actualidad\\\/?s={search_term_string}\"},\"query-input\":{\"@type\":\"PropertyValueSpecification\",\"valueRequired\":true,\"valueName\":\"search_term_string\"}}],\"inLanguage\":\"es\"},{\"@type\":\"Organization\",\"@id\":\"https:\\\/\\\/www.laguiadepamplona.com\\\/actualidad\\\/#organization\",\"name\":\"La Gu\u00eda de Pamplona \\\/ Noticias\",\"url\":\"https:\\\/\\\/www.laguiadepamplona.com\\\/actualidad\\\/\",\"logo\":{\"@type\":\"ImageObject\",\"inLanguage\":\"es\",\"@id\":\"https:\\\/\\\/www.laguiadepamplona.com\\\/actualidad\\\/#\\\/schema\\\/logo\\\/image\\\/\",\"url\":\"https:\\\/\\\/www.laguiadepamplona.com\\\/actualidad\\\/wp-content\\\/uploads\\\/2018\\\/11\\\/logo-laguiadepamplona18-web1.png\",\"contentUrl\":\"https:\\\/\\\/www.laguiadepamplona.com\\\/actualidad\\\/wp-content\\\/uploads\\\/2018\\\/11\\\/logo-laguiadepamplona18-web1.png\",\"width\":600,\"height\":196,\"caption\":\"La Gu\u00eda de Pamplona \\\/ Noticias\"},\"image\":{\"@id\":\"https:\\\/\\\/www.laguiadepamplona.com\\\/actualidad\\\/#\\\/schema\\\/logo\\\/image\\\/\"},\"sameAs\":[\"https:\\\/\\\/www.facebook.com\\\/laguiadepamplonacom-133175176762273\\\/?ref=hl\",\"https:\\\/\\\/x.com\\\/LaGuiadPamplona\",\"https:\\\/\\\/www.instagram.com\\\/la_guia_de_pamplona\\\/\",\"https:\\\/\\\/www.youtube.com\\\/user\\\/laguiadepamplona\"]},{\"@type\":\"Person\",\"@id\":\"https:\\\/\\\/www.laguiadepamplona.com\\\/actualidad\\\/#\\\/schema\\\/person\\\/efe887376f0213d4657c93adc50b1fdb\",\"name\":\"La Gu\u00eda de Pamplona\",\"image\":{\"@type\":\"ImageObject\",\"inLanguage\":\"es\",\"@id\":\"https:\\\/\\\/secure.gravatar.com\\\/avatar\\\/b6992f131dc8d30ab0dff15446e9d346d9dbd95992de0fef795073f5ea83a81c?s=96&d=mm&r=g\",\"url\":\"https:\\\/\\\/secure.gravatar.com\\\/avatar\\\/b6992f131dc8d30ab0dff15446e9d346d9dbd95992de0fef795073f5ea83a81c?s=96&d=mm&r=g\",\"contentUrl\":\"https:\\\/\\\/secure.gravatar.com\\\/avatar\\\/b6992f131dc8d30ab0dff15446e9d346d9dbd95992de0fef795073f5ea83a81c?s=96&d=mm&r=g\",\"caption\":\"La Gu\u00eda de Pamplona\"}}]}<\/script>\n<!-- \/ Yoast SEO plugin. -->","yoast_head_json":{"title":"Rap, expresi\u00f3n corporal, interiorismo y dantzas, cuatro nuevas propuestas de la Casa de la Juventud dentro del programa municipal Cada d\u00eda un plan","description":"La pr\u00f3xima semana continua el programa juvenil de ocio gratuito cuyas actividades se desarrollan de 19 a 20.30 horas","robots":{"index":"index","follow":"follow","max-snippet":"max-snippet:-1","max-image-preview":"max-image-preview:large","max-video-preview":"max-video-preview:-1"},"canonical":"https:\/\/www.laguiadepamplona.com\/actualidad\/rap-expresion-corporal-interiorismo-y-dantzas-cuatro-nuevas-propuestas-de-la-casa-de-la-juventud-dentro-del-programa-municipal-cada-dia-un-plan\/","og_locale":"es_ES","og_type":"article","og_title":"Rap, expresi\u00f3n corporal, interiorismo y dantzas, cuatro nuevas propuestas de la Casa de la Juventud dentro del programa municipal Cada d\u00eda un plan","og_description":"La pr\u00f3xima semana continua el programa juvenil de ocio gratuito cuyas actividades se desarrollan de 19 a 20.30 horas","og_url":"https:\/\/www.laguiadepamplona.com\/actualidad\/rap-expresion-corporal-interiorismo-y-dantzas-cuatro-nuevas-propuestas-de-la-casa-de-la-juventud-dentro-del-programa-municipal-cada-dia-un-plan\/","og_site_name":"La Gu\u00eda de Pamplona","article_publisher":"https:\/\/www.facebook.com\/laguiadepamplonacom-133175176762273\/?ref=hl","article_published_time":"2023-08-11T15:20:57+00:00","og_image":[{"width":1200,"height":619,"url":"https:\/\/www.laguiadepamplona.com\/actualidad\/wp-content\/uploads\/2023\/08\/casa-juventud.webp","type":"image\/webp"}],"author":"La Gu\u00eda de Pamplona","twitter_card":"summary_large_image","twitter_creator":"@LaGuiadPamplona","twitter_site":"@LaGuiadPamplona","twitter_misc":{"Escrito por":"La Gu\u00eda de Pamplona","Tiempo de lectura":"3 minutos"},"schema":{"@context":"https:\/\/schema.org","@graph":[{"@type":"Article","@id":"https:\/\/www.laguiadepamplona.com\/actualidad\/rap-expresion-corporal-interiorismo-y-dantzas-cuatro-nuevas-propuestas-de-la-casa-de-la-juventud-dentro-del-programa-municipal-cada-dia-un-plan\/#article","isPartOf":{"@id":"https:\/\/www.laguiadepamplona.com\/actualidad\/rap-expresion-corporal-interiorismo-y-dantzas-cuatro-nuevas-propuestas-de-la-casa-de-la-juventud-dentro-del-programa-municipal-cada-dia-un-plan\/"},"author":{"name":"La Gu\u00eda de Pamplona","@id":"https:\/\/www.laguiadepamplona.com\/actualidad\/#\/schema\/person\/efe887376f0213d4657c93adc50b1fdb"},"headline":"Rap, expresi\u00f3n corporal, interiorismo y dantzas, cuatro nuevas propuestas de la Casa de la Juventud dentro del programa municipal Cada d\u00eda un plan","datePublished":"2023-08-11T15:20:57+00:00","mainEntityOfPage":{"@id":"https:\/\/www.laguiadepamplona.com\/actualidad\/rap-expresion-corporal-interiorismo-y-dantzas-cuatro-nuevas-propuestas-de-la-casa-de-la-juventud-dentro-del-programa-municipal-cada-dia-un-plan\/"},"wordCount":670,"commentCount":0,"publisher":{"@id":"https:\/\/www.laguiadepamplona.com\/actualidad\/#organization"},"image":{"@id":"https:\/\/www.laguiadepamplona.com\/actualidad\/rap-expresion-corporal-interiorismo-y-dantzas-cuatro-nuevas-propuestas-de-la-casa-de-la-juventud-dentro-del-programa-municipal-cada-dia-un-plan\/#primaryimage"},"thumbnailUrl":"https:\/\/www.laguiadepamplona.com\/actualidad\/wp-content\/uploads\/2023\/08\/casa-juventud.webp","articleSection":["Ayto Pamplona"],"inLanguage":"es","potentialAction":[{"@type":"CommentAction","name":"Comment","target":["https:\/\/www.laguiadepamplona.com\/actualidad\/rap-expresion-corporal-interiorismo-y-dantzas-cuatro-nuevas-propuestas-de-la-casa-de-la-juventud-dentro-del-programa-municipal-cada-dia-un-plan\/#respond"]}]},{"@type":"WebPage","@id":"https:\/\/www.laguiadepamplona.com\/actualidad\/rap-expresion-corporal-interiorismo-y-dantzas-cuatro-nuevas-propuestas-de-la-casa-de-la-juventud-dentro-del-programa-municipal-cada-dia-un-plan\/","url":"https:\/\/www.laguiadepamplona.com\/actualidad\/rap-expresion-corporal-interiorismo-y-dantzas-cuatro-nuevas-propuestas-de-la-casa-de-la-juventud-dentro-del-programa-municipal-cada-dia-un-plan\/","name":"Rap, expresi\u00f3n corporal, interiorismo y dantzas, cuatro nuevas propuestas de la Casa de la Juventud dentro del programa municipal Cada d\u00eda un plan","isPartOf":{"@id":"https:\/\/www.laguiadepamplona.com\/actualidad\/#website"},"primaryImageOfPage":{"@id":"https:\/\/www.laguiadepamplona.com\/actualidad\/rap-expresion-corporal-interiorismo-y-dantzas-cuatro-nuevas-propuestas-de-la-casa-de-la-juventud-dentro-del-programa-municipal-cada-dia-un-plan\/#primaryimage"},"image":{"@id":"https:\/\/www.laguiadepamplona.com\/actualidad\/rap-expresion-corporal-interiorismo-y-dantzas-cuatro-nuevas-propuestas-de-la-casa-de-la-juventud-dentro-del-programa-municipal-cada-dia-un-plan\/#primaryimage"},"thumbnailUrl":"https:\/\/www.laguiadepamplona.com\/actualidad\/wp-content\/uploads\/2023\/08\/casa-juventud.webp","datePublished":"2023-08-11T15:20:57+00:00","description":"La pr\u00f3xima semana continua el programa juvenil de ocio gratuito cuyas actividades se desarrollan de 19 a 20.30 horas","breadcrumb":{"@id":"https:\/\/www.laguiadepamplona.com\/actualidad\/rap-expresion-corporal-interiorismo-y-dantzas-cuatro-nuevas-propuestas-de-la-casa-de-la-juventud-dentro-del-programa-municipal-cada-dia-un-plan\/#breadcrumb"},"inLanguage":"es","potentialAction":[{"@type":"ReadAction","target":["https:\/\/www.laguiadepamplona.com\/actualidad\/rap-expresion-corporal-interiorismo-y-dantzas-cuatro-nuevas-propuestas-de-la-casa-de-la-juventud-dentro-del-programa-municipal-cada-dia-un-plan\/"]}]},{"@type":"ImageObject","inLanguage":"es","@id":"https:\/\/www.laguiadepamplona.com\/actualidad\/rap-expresion-corporal-interiorismo-y-dantzas-cuatro-nuevas-propuestas-de-la-casa-de-la-juventud-dentro-del-programa-municipal-cada-dia-un-plan\/#primaryimage","url":"https:\/\/www.laguiadepamplona.com\/actualidad\/wp-content\/uploads\/2023\/08\/casa-juventud.webp","contentUrl":"https:\/\/www.laguiadepamplona.com\/actualidad\/wp-content\/uploads\/2023\/08\/casa-juventud.webp","width":1200,"height":619},{"@type":"BreadcrumbList","@id":"https:\/\/www.laguiadepamplona.com\/actualidad\/rap-expresion-corporal-interiorismo-y-dantzas-cuatro-nuevas-propuestas-de-la-casa-de-la-juventud-dentro-del-programa-municipal-cada-dia-un-plan\/#breadcrumb","itemListElement":[{"@type":"ListItem","position":1,"name":"Portada","item":"https:\/\/www.laguiadepamplona.com\/actualidad\/"},{"@type":"ListItem","position":2,"name":"Rap, expresi\u00f3n corporal, interiorismo y dantzas, cuatro nuevas propuestas de la Casa de la Juventud dentro del programa municipal Cada d\u00eda un plan"}]},{"@type":"WebSite","@id":"https:\/\/www.laguiadepamplona.com\/actualidad\/#website","url":"https:\/\/www.laguiadepamplona.com\/actualidad\/","name":"La gu\u00eda de Pamplona","description":"Noticias de Pamplona","publisher":{"@id":"https:\/\/www.laguiadepamplona.com\/actualidad\/#organization"},"potentialAction":[{"@type":"SearchAction","target":{"@type":"EntryPoint","urlTemplate":"https:\/\/www.laguiadepamplona.com\/actualidad\/?s={search_term_string}"},"query-input":{"@type":"PropertyValueSpecification","valueRequired":true,"valueName":"search_term_string"}}],"inLanguage":"es"},{"@type":"Organization","@id":"https:\/\/www.laguiadepamplona.com\/actualidad\/#organization","name":"La Gu\u00eda de Pamplona \/ Noticias","url":"https:\/\/www.laguiadepamplona.com\/actualidad\/","logo":{"@type":"ImageObject","inLanguage":"es","@id":"https:\/\/www.laguiadepamplona.com\/actualidad\/#\/schema\/logo\/image\/","url":"https:\/\/www.laguiadepamplona.com\/actualidad\/wp-content\/uploads\/2018\/11\/logo-laguiadepamplona18-web1.png","contentUrl":"https:\/\/www.laguiadepamplona.com\/actualidad\/wp-content\/uploads\/2018\/11\/logo-laguiadepamplona18-web1.png","width":600,"height":196,"caption":"La Gu\u00eda de Pamplona \/ Noticias"},"image":{"@id":"https:\/\/www.laguiadepamplona.com\/actualidad\/#\/schema\/logo\/image\/"},"sameAs":["https:\/\/www.facebook.com\/laguiadepamplonacom-133175176762273\/?ref=hl","https:\/\/x.com\/LaGuiadPamplona","https:\/\/www.instagram.com\/la_guia_de_pamplona\/","https:\/\/www.youtube.com\/user\/laguiadepamplona"]},{"@type":"Person","@id":"https:\/\/www.laguiadepamplona.com\/actualidad\/#\/schema\/person\/efe887376f0213d4657c93adc50b1fdb","name":"La Gu\u00eda de Pamplona","image":{"@type":"ImageObject","inLanguage":"es","@id":"https:\/\/secure.gravatar.com\/avatar\/b6992f131dc8d30ab0dff15446e9d346d9dbd95992de0fef795073f5ea83a81c?s=96&d=mm&r=g","url":"https:\/\/secure.gravatar.com\/avatar\/b6992f131dc8d30ab0dff15446e9d346d9dbd95992de0fef795073f5ea83a81c?s=96&d=mm&r=g","contentUrl":"https:\/\/secure.gravatar.com\/avatar\/b6992f131dc8d30ab0dff15446e9d346d9dbd95992de0fef795073f5ea83a81c?s=96&d=mm&r=g","caption":"La Gu\u00eda de Pamplona"}}]}},"post_mailing_queue_ids":[],"_links":{"self":[{"href":"https:\/\/www.laguiadepamplona.com\/actualidad\/wp-json\/wp\/v2\/posts\/47290","targetHints":{"allow":["GET"]}}],"collection":[{"href":"https:\/\/www.laguiadepamplona.com\/actualidad\/wp-json\/wp\/v2\/posts"}],"about":[{"href":"https:\/\/www.laguiadepamplona.com\/actualidad\/wp-json\/wp\/v2\/types\/post"}],"author":[{"embeddable":true,"href":"https:\/\/www.laguiadepamplona.com\/actualidad\/wp-json\/wp\/v2\/users\/1"}],"replies":[{"embeddable":true,"href":"https:\/\/www.laguiadepamplona.com\/actualidad\/wp-json\/wp\/v2\/comments?post=47290"}],"version-history":[{"count":1,"href":"https:\/\/www.laguiadepamplona.com\/actualidad\/wp-json\/wp\/v2\/posts\/47290\/revisions"}],"predecessor-version":[{"id":47292,"href":"https:\/\/www.laguiadepamplona.com\/actualidad\/wp-json\/wp\/v2\/posts\/47290\/revisions\/47292"}],"wp:featuredmedia":[{"embeddable":true,"href":"https:\/\/www.laguiadepamplona.com\/actualidad\/wp-json\/wp\/v2\/media\/47291"}],"wp:attachment":[{"href":"https:\/\/www.laguiadepamplona.com\/actualidad\/wp-json\/wp\/v2\/media?parent=47290"}],"wp:term":[{"taxonomy":"category","embeddable":true,"href":"https:\/\/www.laguiadepamplona.com\/actualidad\/wp-json\/wp\/v2\/categories?post=47290"},{"taxonomy":"post_tag","embeddable":true,"href":"https:\/\/www.laguiadepamplona.com\/actualidad\/wp-json\/wp\/v2\/tags?post=47290"}],"curies":[{"name":"wp","href":"https:\/\/api.w.org\/{rel}","templated":true}]}}