{"id":47287,"date":"2023-08-11T17:18:22","date_gmt":"2023-08-11T15:18:22","guid":{"rendered":"https:\/\/www.laguiadepamplona.com\/actualidad\/?p=47287"},"modified":"2023-08-11T17:18:22","modified_gmt":"2023-08-11T15:18:22","slug":"la-musica-une-a-jovenes-interpretes-ucranianos-y-navarros-para-recaudar-fondos-a-traves-de-tres-conciertos-solidarios-en-pamplona-y-tudela","status":"publish","type":"post","link":"https:\/\/www.laguiadepamplona.com\/actualidad\/la-musica-une-a-jovenes-interpretes-ucranianos-y-navarros-para-recaudar-fondos-a-traves-de-tres-conciertos-solidarios-en-pamplona-y-tudela\/","title":{"rendered":"La m\u00fasica une a j\u00f3venes int\u00e9rpretes ucranianos y navarros para recaudar fondos a trav\u00e9s de tres conciertos solidarios, en Pamplona y Tudela"},"content":{"rendered":"<h3>Siete estudiantes de 12 a 16 a\u00f1os del Liceo Musical de Le\u00f3polis y cuatro profesores viajan a Navarra desde Ucrania la pr\u00f3xima semana<\/h3>\n<p><!--more--><\/p>\n<p>Una delegaci\u00f3n de m\u00fasicos ucranianos, formada por siete j\u00f3venes int\u00e9rpretes del Liceo Musical Nacional Solomia Khrushelnytska de Le\u00f3polis y cuatro profesores, visitan Navarra la pr\u00f3xima semana para ofrecer tres conciertos solidarios, en Pamplona y Tudela. Los fondos recaudados se destinan \u00edntegramente al centro educativo y permitir\u00e1n aliviar las consecuencias de la invasi\u00f3n rusa de Ucrania, iniciada en febrero del a\u00f1o pasado.<\/p>\n<p>Los conciertos se han presentado esta ma\u00f1ana en el Ayuntamiento de Pamplona, con presencia de la teniente de alcalde y concejala delegada de Hacienda y Gesti\u00f3n de Personas, Mar\u00eda Ech\u00e1varri; la presidenta de Asvona, cofundadores del Cluster SOS Ucrania, Elena Acaz; y la representante de Alas de Ucrania, Natalia Dzyudz. En la presentaci\u00f3n, se ha mostrado el mensaje grabado por el director del Liceo Musical Nacional Solomia Khrushelnytska de Le\u00f3polis, Zakopets Lev, para agradecer la difusi\u00f3n de esta actividad solidaria.<\/p>\n<p>Los m\u00fasicos procedentes de Ucrania, de entre 12 y 16 a\u00f1os, viajan a Pamplona desde el liceo de Le\u00f3polis, situado al norte del pa\u00eds. Este centro para virtuosos de la m\u00fasica acoge en la actualidad a cientos de ni\u00f1os y ni\u00f1as desplazados por la guerra. Adem\u00e1s de los conciertos, participan en diversas actividades en Navarra, para conocer su cultura y convivir con personas refugiadas que viven en la comunidad. Junto a los m\u00fasicos viajan cuatro profesores que desarrollan su labor profesional en Alemania.<\/p>\n<p>El Ayuntamiento de Pamplona colabora con el Cluster SOS Ucrania, entidad que agrupa a medio centenar de entidades, instituciones, empresas, cuerpos de seguridad y asociaciones que ayudan al pa\u00eds desde Navarra. El Ayuntamiento ha participado en env\u00edos de ayuda humanitaria, material y econ\u00f3mica, y en diversas actividades organizadas en Pamplona. Adem\u00e1s, provee ayudas para cubrir necesidades de las personas de Ucrania refugiadas en Navarra.<br \/>\n<script async src=\"\/\/pagead2.googlesyndication.com\/pagead\/js\/adsbygoogle.js\"><\/script><br \/>\n<!-- Noticias La Guia de Pamplona --><br \/>\n<ins class=\"adsbygoogle\"\nstyle=\"display:block\"\ndata-ad-client=\"ca-pub-6943679897239327\"\ndata-ad-slot=\"7048180777\"\ndata-ad-format=\"auto\"><\/ins><br \/>\n<script>\n(adsbygoogle = window.adsbygoogle || []).push({});\n<\/script><\/p>\n<p><strong>Tres conciertos diferentes<\/strong><\/p>\n<p>Los tres conciertos de los j\u00f3venes int\u00e9rpretes, adem\u00e1s de su fin solidario, van a permitir estrechar lazos con otras culturas y entidades. El primero de los conciertos se celebra el lunes 21, a las 19.30, en el refectorio de la Catedral de Santa Mar\u00eda de Pamplona. El programa incluye la actuaci\u00f3n de los j\u00f3venes int\u00e9rpretes del Liceo Musical Nacional Solomia Khrushelnytska de Le\u00f3polis y cuenta con la colaboraci\u00f3n de Andoni Romero, cantaor de flamenco, y con Casa Sabicas, con los artistas Jolis Mu\u00f1oz, Rafael Borja y Rico Mu\u00f1oz. Estos artistas participan esta misma semana en la d\u00e9cima edici\u00f3n del Festival Flamenco On Fire.<\/p>\n<p>La segunda cita es el martes 22, tambi\u00e9n a las 19.30, en la Ciudad de la M\u00fasica de Pamplona, en Mendebaldea. Los j\u00f3venes int\u00e9rpretes de Le\u00f3polis ofrecer\u00e1n una selecci\u00f3n de su repertorio, acompa\u00f1ados al piano, junto a una representaci\u00f3n de m\u00fasicos navarros integrada por la Joven Orquesta de Pamplona; Javier Erro; Sergio Eslava y el cuarteto Kuarist de Saxo; Maria Romaniv ni\u00f1a refugiada en Navarra; y la Asociaci\u00f3n de Txistularis de Navarra.<\/p>\n<p>El tercer concierto tendr\u00e1 lugar el jueves 24, a las 19.45 horas, en la iglesia del Carmen de Tudela. En esta ocasi\u00f3n, los int\u00e9rpretes ucranianos contar\u00e1n con la colaboraci\u00f3n del Coro Gaztambide de Tudela como artista invitado. Los tres conciertos permiten a los j\u00f3venes int\u00e9rpretes una experiencia diferente, lejos de la guerra, que reivindica la m\u00fasica y el arte en general como nexo de uni\u00f3n y entendimiento entre culturas.<\/p>\n<p>Las entradas para los tres conciertos se pueden adquirir en la web <a href=\"https:\/\/alasdeucrania.es\/\" target=\"_blank\" rel=\"noopener\">https:\/\/alasdeucrania.es\/<\/a> y en establecimientos colaboradores que se indican en la propia web. Se ha fijado un precio de 15 euros por concierto y todos los beneficios ser\u00e1n destinados \u00edntegramente para ayudar al alumnado residente en el liceo musical en Ucrania. Para las personas que no puedan acudir pero quieran colaborar, hay disponible una fila cero. As\u00ed mismo, M\u00e9dicos sin Fronteras dona varias guitarras espa\u00f1olas, que se subastar\u00e1n en los conciertos junto a instrumentos musicales tra\u00eddos desde Ucrania.<br \/>\n<script async src=\"\/\/pagead2.googlesyndication.com\/pagead\/js\/adsbygoogle.js\"><\/script><br \/>\n<!-- Noticias La Guia de Pamplona --><br \/>\n<ins class=\"adsbygoogle\"\nstyle=\"display:block\"\ndata-ad-client=\"ca-pub-6943679897239327\"\ndata-ad-slot=\"7048180777\"\ndata-ad-format=\"auto\"><\/ins><br \/>\n<script>\n(adsbygoogle = window.adsbygoogle || []).push({});\n<\/script><\/p>\n<p><strong>Programa de visitas y excursiones<\/strong><\/p>\n<p>Los j\u00f3venes int\u00e9rpretes van a disfrutar de una semana diferente en Navarra, alejados de la realidad de la guerra. Su programa de actividades incluye una visita a Roncal, donde conocer\u00e1n la figura del tenor Juli\u00e1n Gayarre y desgustar\u00e1n queso local, as\u00ed como al Castillo de Javier. Tambi\u00e9n hay previstas salidas a Olite, el parque de Senda Viva y una firma conservera. En Pamplona ser\u00e1n recibidos por Ayuntamiento de Pamplona y Gobierno de Navarra. En estas actividades participan los estudiantes del liceo acompa\u00f1adas por personas refugiadas que viven en Navarra, junto a int\u00e9rpretes que facilitan la comunicaci\u00f3n.<br \/>\n<script async src=\"\/\/pagead2.googlesyndication.com\/pagead\/js\/adsbygoogle.js\"><\/script><br \/>\n<!-- Noticias La Guia de Pamplona --><br \/>\n<ins class=\"adsbygoogle\"\nstyle=\"display:block\"\ndata-ad-client=\"ca-pub-6943679897239327\"\ndata-ad-slot=\"7048180777\"\ndata-ad-format=\"auto\"><\/ins><br \/>\n<script>\n(adsbygoogle = window.adsbygoogle || []).push({});\n<\/script><\/p>\n<p>&nbsp;<\/p>\n<h3>Conciertos Solidarios por Ucrania. Pamplona y Tudela<\/h3>\n<p><strong>LOS CONCIERTOS<\/strong><\/p>\n<ul>\n<li>Lunes 21 de agosto. 19.30 horas. Refectorio de la Catedral de Santa Mar\u00eda\n<ul>\n<li>Int\u00e9rpretes del Liceo Musical Nacional Solomia Khrushelnytska de Le\u00f3polis<\/li>\n<li>Artistas invitados: Andoni Romero, cantaor de flamenco, y los artistas de Casa Sabicas Jolis Mu\u00f1oz, Rafael Borja y Rico Mu\u00f1oz<\/li>\n<\/ul>\n<\/li>\n<li>Martes 22 de agosto. 19.30. Ciudad de la M\u00fasica (calle Antonio P\u00e9rez Goyena 1)\n<ul>\n<li>Int\u00e9rpretes del Liceo Musical Nacional Solomia Khrushelnytska de Le\u00f3polis<\/li>\n<li>Artistas invitados: Orquesta Joven de Pamplona, Javier Erro, Sergio Eslava y el cuarteto Kuarist de Saxo, Maria Romaniv (ni\u00f1a refugiada en Navarra) y la Asociaci\u00f3n de Txistularis de Navarra<\/li>\n<\/ul>\n<\/li>\n<li>Jueves 24 de agosto. 19.45. Iglesia del Carmen de Tudela\n<ul>\n<li>Int\u00e9rpretes del Liceo Musical Nacional Solomia Khrushelnytska de Le\u00f3polis<\/li>\n<li>Artistas invitados: Coro Gaztambide de Tudela<\/li>\n<\/ul>\n<\/li>\n<\/ul>\n<p><strong>ENTRADAS<\/strong><\/p>\n<ul>\n<li>Las entradas para los conciertos, por un importe de 15 euros, se pueden adquirir en la web <a href=\"https:\/\/alasdeucrania.es\/\" target=\"_blank\" rel=\"noopener\">https:\/\/alasdeucrania.es\/<\/a> y en <a href=\"https:\/\/clustersosucrania.es\" target=\"_blank\" rel=\"noopener\">https:\/\/clustersosucrania.es<\/a>, adem\u00e1s de en establecimientos colaboradores.\n<ul>\n<li>Hay disponible una fila cero para las personas que quieran hacer aportaciones<\/li>\n<li>El importe recaudado se env\u00eda \u00edntegramente al Liceo de Le\u00f3polis<\/li>\n<\/ul>\n<\/li>\n<\/ul>\n","protected":false},"excerpt":{"rendered":"<p>Siete estudiantes de 12 a 16 a\u00f1os del Liceo Musical de Le\u00f3polis y cuatro profesores viajan a Navarra desde Ucrania la pr\u00f3xima semana<\/p>\n","protected":false},"author":1,"featured_media":47288,"comment_status":"open","ping_status":"closed","sticky":false,"template":"","format":"standard","meta":{"footnotes":""},"categories":[2],"tags":[],"class_list":["post-47287","post","type-post","status-publish","format-standard","has-post-thumbnail","hentry","category-ayuntamiento-pamplona"],"yoast_head":"<!-- This site is optimized with the Yoast SEO plugin v27.3 - https:\/\/yoast.com\/product\/yoast-seo-wordpress\/ -->\n<title>La m\u00fasica une a j\u00f3venes int\u00e9rpretes ucranianos y navarros para recaudar fondos a trav\u00e9s de tres conciertos solidarios, en Pamplona y Tudela<\/title>\n<meta name=\"robots\" content=\"index, follow, max-snippet:-1, max-image-preview:large, max-video-preview:-1\" \/>\n<link rel=\"canonical\" href=\"https:\/\/www.laguiadepamplona.com\/actualidad\/la-musica-une-a-jovenes-interpretes-ucranianos-y-navarros-para-recaudar-fondos-a-traves-de-tres-conciertos-solidarios-en-pamplona-y-tudela\/\" \/>\n<meta property=\"og:locale\" content=\"es_ES\" \/>\n<meta property=\"og:type\" content=\"article\" \/>\n<meta property=\"og:title\" content=\"La m\u00fasica une a j\u00f3venes int\u00e9rpretes ucranianos y navarros para recaudar fondos a trav\u00e9s de tres conciertos solidarios, en Pamplona y Tudela\" \/>\n<meta property=\"og:description\" content=\"Siete estudiantes de 12 a 16 a\u00f1os del Liceo Musical de Le\u00f3polis y cuatro profesores viajan a Navarra desde Ucrania la pr\u00f3xima semana\" \/>\n<meta property=\"og:url\" content=\"https:\/\/www.laguiadepamplona.com\/actualidad\/la-musica-une-a-jovenes-interpretes-ucranianos-y-navarros-para-recaudar-fondos-a-traves-de-tres-conciertos-solidarios-en-pamplona-y-tudela\/\" \/>\n<meta property=\"og:site_name\" content=\"La Gu\u00eda de Pamplona\" \/>\n<meta property=\"article:publisher\" content=\"https:\/\/www.facebook.com\/laguiadepamplonacom-133175176762273\/?ref=hl\" \/>\n<meta property=\"article:published_time\" content=\"2023-08-11T15:18:22+00:00\" \/>\n<meta property=\"og:image\" content=\"https:\/\/www.laguiadepamplona.com\/actualidad\/wp-content\/uploads\/2023\/08\/01_CARTEL_GENERAL_CONCIERTO_SOLIDARIO_ALAS_DE_UCRANIA.webp\" \/>\n\t<meta property=\"og:image:width\" content=\"792\" \/>\n\t<meta property=\"og:image:height\" content=\"1200\" \/>\n\t<meta property=\"og:image:type\" content=\"image\/webp\" \/>\n<meta name=\"author\" content=\"La Gu\u00eda de Pamplona\" \/>\n<meta name=\"twitter:card\" content=\"summary_large_image\" \/>\n<meta name=\"twitter:creator\" content=\"@LaGuiadPamplona\" \/>\n<meta name=\"twitter:site\" content=\"@LaGuiadPamplona\" \/>\n<meta name=\"twitter:label1\" content=\"Escrito por\" \/>\n\t<meta name=\"twitter:data1\" content=\"La Gu\u00eda de Pamplona\" \/>\n\t<meta name=\"twitter:label2\" content=\"Tiempo de lectura\" \/>\n\t<meta name=\"twitter:data2\" content=\"5 minutos\" \/>\n<script type=\"application\/ld+json\" class=\"yoast-schema-graph\">{\"@context\":\"https:\\\/\\\/schema.org\",\"@graph\":[{\"@type\":\"Article\",\"@id\":\"https:\\\/\\\/www.laguiadepamplona.com\\\/actualidad\\\/la-musica-une-a-jovenes-interpretes-ucranianos-y-navarros-para-recaudar-fondos-a-traves-de-tres-conciertos-solidarios-en-pamplona-y-tudela\\\/#article\",\"isPartOf\":{\"@id\":\"https:\\\/\\\/www.laguiadepamplona.com\\\/actualidad\\\/la-musica-une-a-jovenes-interpretes-ucranianos-y-navarros-para-recaudar-fondos-a-traves-de-tres-conciertos-solidarios-en-pamplona-y-tudela\\\/\"},\"author\":{\"name\":\"La Gu\u00eda de Pamplona\",\"@id\":\"https:\\\/\\\/www.laguiadepamplona.com\\\/actualidad\\\/#\\\/schema\\\/person\\\/efe887376f0213d4657c93adc50b1fdb\"},\"headline\":\"La m\u00fasica une a j\u00f3venes int\u00e9rpretes ucranianos y navarros para recaudar fondos a trav\u00e9s de tres conciertos solidarios, en Pamplona y Tudela\",\"datePublished\":\"2023-08-11T15:18:22+00:00\",\"mainEntityOfPage\":{\"@id\":\"https:\\\/\\\/www.laguiadepamplona.com\\\/actualidad\\\/la-musica-une-a-jovenes-interpretes-ucranianos-y-navarros-para-recaudar-fondos-a-traves-de-tres-conciertos-solidarios-en-pamplona-y-tudela\\\/\"},\"wordCount\":1035,\"commentCount\":0,\"publisher\":{\"@id\":\"https:\\\/\\\/www.laguiadepamplona.com\\\/actualidad\\\/#organization\"},\"image\":{\"@id\":\"https:\\\/\\\/www.laguiadepamplona.com\\\/actualidad\\\/la-musica-une-a-jovenes-interpretes-ucranianos-y-navarros-para-recaudar-fondos-a-traves-de-tres-conciertos-solidarios-en-pamplona-y-tudela\\\/#primaryimage\"},\"thumbnailUrl\":\"https:\\\/\\\/www.laguiadepamplona.com\\\/actualidad\\\/wp-content\\\/uploads\\\/2023\\\/08\\\/01_CARTEL_GENERAL_CONCIERTO_SOLIDARIO_ALAS_DE_UCRANIA.webp\",\"articleSection\":[\"Ayto Pamplona\"],\"inLanguage\":\"es\",\"potentialAction\":[{\"@type\":\"CommentAction\",\"name\":\"Comment\",\"target\":[\"https:\\\/\\\/www.laguiadepamplona.com\\\/actualidad\\\/la-musica-une-a-jovenes-interpretes-ucranianos-y-navarros-para-recaudar-fondos-a-traves-de-tres-conciertos-solidarios-en-pamplona-y-tudela\\\/#respond\"]}]},{\"@type\":\"WebPage\",\"@id\":\"https:\\\/\\\/www.laguiadepamplona.com\\\/actualidad\\\/la-musica-une-a-jovenes-interpretes-ucranianos-y-navarros-para-recaudar-fondos-a-traves-de-tres-conciertos-solidarios-en-pamplona-y-tudela\\\/\",\"url\":\"https:\\\/\\\/www.laguiadepamplona.com\\\/actualidad\\\/la-musica-une-a-jovenes-interpretes-ucranianos-y-navarros-para-recaudar-fondos-a-traves-de-tres-conciertos-solidarios-en-pamplona-y-tudela\\\/\",\"name\":\"La m\u00fasica une a j\u00f3venes int\u00e9rpretes ucranianos y navarros para recaudar fondos a trav\u00e9s de tres conciertos solidarios, en Pamplona y Tudela\",\"isPartOf\":{\"@id\":\"https:\\\/\\\/www.laguiadepamplona.com\\\/actualidad\\\/#website\"},\"primaryImageOfPage\":{\"@id\":\"https:\\\/\\\/www.laguiadepamplona.com\\\/actualidad\\\/la-musica-une-a-jovenes-interpretes-ucranianos-y-navarros-para-recaudar-fondos-a-traves-de-tres-conciertos-solidarios-en-pamplona-y-tudela\\\/#primaryimage\"},\"image\":{\"@id\":\"https:\\\/\\\/www.laguiadepamplona.com\\\/actualidad\\\/la-musica-une-a-jovenes-interpretes-ucranianos-y-navarros-para-recaudar-fondos-a-traves-de-tres-conciertos-solidarios-en-pamplona-y-tudela\\\/#primaryimage\"},\"thumbnailUrl\":\"https:\\\/\\\/www.laguiadepamplona.com\\\/actualidad\\\/wp-content\\\/uploads\\\/2023\\\/08\\\/01_CARTEL_GENERAL_CONCIERTO_SOLIDARIO_ALAS_DE_UCRANIA.webp\",\"datePublished\":\"2023-08-11T15:18:22+00:00\",\"breadcrumb\":{\"@id\":\"https:\\\/\\\/www.laguiadepamplona.com\\\/actualidad\\\/la-musica-une-a-jovenes-interpretes-ucranianos-y-navarros-para-recaudar-fondos-a-traves-de-tres-conciertos-solidarios-en-pamplona-y-tudela\\\/#breadcrumb\"},\"inLanguage\":\"es\",\"potentialAction\":[{\"@type\":\"ReadAction\",\"target\":[\"https:\\\/\\\/www.laguiadepamplona.com\\\/actualidad\\\/la-musica-une-a-jovenes-interpretes-ucranianos-y-navarros-para-recaudar-fondos-a-traves-de-tres-conciertos-solidarios-en-pamplona-y-tudela\\\/\"]}]},{\"@type\":\"ImageObject\",\"inLanguage\":\"es\",\"@id\":\"https:\\\/\\\/www.laguiadepamplona.com\\\/actualidad\\\/la-musica-une-a-jovenes-interpretes-ucranianos-y-navarros-para-recaudar-fondos-a-traves-de-tres-conciertos-solidarios-en-pamplona-y-tudela\\\/#primaryimage\",\"url\":\"https:\\\/\\\/www.laguiadepamplona.com\\\/actualidad\\\/wp-content\\\/uploads\\\/2023\\\/08\\\/01_CARTEL_GENERAL_CONCIERTO_SOLIDARIO_ALAS_DE_UCRANIA.webp\",\"contentUrl\":\"https:\\\/\\\/www.laguiadepamplona.com\\\/actualidad\\\/wp-content\\\/uploads\\\/2023\\\/08\\\/01_CARTEL_GENERAL_CONCIERTO_SOLIDARIO_ALAS_DE_UCRANIA.webp\",\"width\":792,\"height\":1200},{\"@type\":\"BreadcrumbList\",\"@id\":\"https:\\\/\\\/www.laguiadepamplona.com\\\/actualidad\\\/la-musica-une-a-jovenes-interpretes-ucranianos-y-navarros-para-recaudar-fondos-a-traves-de-tres-conciertos-solidarios-en-pamplona-y-tudela\\\/#breadcrumb\",\"itemListElement\":[{\"@type\":\"ListItem\",\"position\":1,\"name\":\"Portada\",\"item\":\"https:\\\/\\\/www.laguiadepamplona.com\\\/actualidad\\\/\"},{\"@type\":\"ListItem\",\"position\":2,\"name\":\"La m\u00fasica une a j\u00f3venes int\u00e9rpretes ucranianos y navarros para recaudar fondos a trav\u00e9s de tres conciertos solidarios, en Pamplona y Tudela\"}]},{\"@type\":\"WebSite\",\"@id\":\"https:\\\/\\\/www.laguiadepamplona.com\\\/actualidad\\\/#website\",\"url\":\"https:\\\/\\\/www.laguiadepamplona.com\\\/actualidad\\\/\",\"name\":\"La gu\u00eda de Pamplona\",\"description\":\"Noticias de Pamplona\",\"publisher\":{\"@id\":\"https:\\\/\\\/www.laguiadepamplona.com\\\/actualidad\\\/#organization\"},\"potentialAction\":[{\"@type\":\"SearchAction\",\"target\":{\"@type\":\"EntryPoint\",\"urlTemplate\":\"https:\\\/\\\/www.laguiadepamplona.com\\\/actualidad\\\/?s={search_term_string}\"},\"query-input\":{\"@type\":\"PropertyValueSpecification\",\"valueRequired\":true,\"valueName\":\"search_term_string\"}}],\"inLanguage\":\"es\"},{\"@type\":\"Organization\",\"@id\":\"https:\\\/\\\/www.laguiadepamplona.com\\\/actualidad\\\/#organization\",\"name\":\"La Gu\u00eda de Pamplona \\\/ Noticias\",\"url\":\"https:\\\/\\\/www.laguiadepamplona.com\\\/actualidad\\\/\",\"logo\":{\"@type\":\"ImageObject\",\"inLanguage\":\"es\",\"@id\":\"https:\\\/\\\/www.laguiadepamplona.com\\\/actualidad\\\/#\\\/schema\\\/logo\\\/image\\\/\",\"url\":\"https:\\\/\\\/www.laguiadepamplona.com\\\/actualidad\\\/wp-content\\\/uploads\\\/2018\\\/11\\\/logo-laguiadepamplona18-web1.png\",\"contentUrl\":\"https:\\\/\\\/www.laguiadepamplona.com\\\/actualidad\\\/wp-content\\\/uploads\\\/2018\\\/11\\\/logo-laguiadepamplona18-web1.png\",\"width\":600,\"height\":196,\"caption\":\"La Gu\u00eda de Pamplona \\\/ Noticias\"},\"image\":{\"@id\":\"https:\\\/\\\/www.laguiadepamplona.com\\\/actualidad\\\/#\\\/schema\\\/logo\\\/image\\\/\"},\"sameAs\":[\"https:\\\/\\\/www.facebook.com\\\/laguiadepamplonacom-133175176762273\\\/?ref=hl\",\"https:\\\/\\\/x.com\\\/LaGuiadPamplona\",\"https:\\\/\\\/www.instagram.com\\\/la_guia_de_pamplona\\\/\",\"https:\\\/\\\/www.youtube.com\\\/user\\\/laguiadepamplona\"]},{\"@type\":\"Person\",\"@id\":\"https:\\\/\\\/www.laguiadepamplona.com\\\/actualidad\\\/#\\\/schema\\\/person\\\/efe887376f0213d4657c93adc50b1fdb\",\"name\":\"La Gu\u00eda de Pamplona\",\"image\":{\"@type\":\"ImageObject\",\"inLanguage\":\"es\",\"@id\":\"https:\\\/\\\/secure.gravatar.com\\\/avatar\\\/b6992f131dc8d30ab0dff15446e9d346d9dbd95992de0fef795073f5ea83a81c?s=96&d=mm&r=g\",\"url\":\"https:\\\/\\\/secure.gravatar.com\\\/avatar\\\/b6992f131dc8d30ab0dff15446e9d346d9dbd95992de0fef795073f5ea83a81c?s=96&d=mm&r=g\",\"contentUrl\":\"https:\\\/\\\/secure.gravatar.com\\\/avatar\\\/b6992f131dc8d30ab0dff15446e9d346d9dbd95992de0fef795073f5ea83a81c?s=96&d=mm&r=g\",\"caption\":\"La Gu\u00eda de Pamplona\"}}]}<\/script>\n<!-- \/ Yoast SEO plugin. -->","yoast_head_json":{"title":"La m\u00fasica une a j\u00f3venes int\u00e9rpretes ucranianos y navarros para recaudar fondos a trav\u00e9s de tres conciertos solidarios, en Pamplona y Tudela","robots":{"index":"index","follow":"follow","max-snippet":"max-snippet:-1","max-image-preview":"max-image-preview:large","max-video-preview":"max-video-preview:-1"},"canonical":"https:\/\/www.laguiadepamplona.com\/actualidad\/la-musica-une-a-jovenes-interpretes-ucranianos-y-navarros-para-recaudar-fondos-a-traves-de-tres-conciertos-solidarios-en-pamplona-y-tudela\/","og_locale":"es_ES","og_type":"article","og_title":"La m\u00fasica une a j\u00f3venes int\u00e9rpretes ucranianos y navarros para recaudar fondos a trav\u00e9s de tres conciertos solidarios, en Pamplona y Tudela","og_description":"Siete estudiantes de 12 a 16 a\u00f1os del Liceo Musical de Le\u00f3polis y cuatro profesores viajan a Navarra desde Ucrania la pr\u00f3xima semana","og_url":"https:\/\/www.laguiadepamplona.com\/actualidad\/la-musica-une-a-jovenes-interpretes-ucranianos-y-navarros-para-recaudar-fondos-a-traves-de-tres-conciertos-solidarios-en-pamplona-y-tudela\/","og_site_name":"La Gu\u00eda de Pamplona","article_publisher":"https:\/\/www.facebook.com\/laguiadepamplonacom-133175176762273\/?ref=hl","article_published_time":"2023-08-11T15:18:22+00:00","og_image":[{"width":792,"height":1200,"url":"https:\/\/www.laguiadepamplona.com\/actualidad\/wp-content\/uploads\/2023\/08\/01_CARTEL_GENERAL_CONCIERTO_SOLIDARIO_ALAS_DE_UCRANIA.webp","type":"image\/webp"}],"author":"La Gu\u00eda de Pamplona","twitter_card":"summary_large_image","twitter_creator":"@LaGuiadPamplona","twitter_site":"@LaGuiadPamplona","twitter_misc":{"Escrito por":"La Gu\u00eda de Pamplona","Tiempo de lectura":"5 minutos"},"schema":{"@context":"https:\/\/schema.org","@graph":[{"@type":"Article","@id":"https:\/\/www.laguiadepamplona.com\/actualidad\/la-musica-une-a-jovenes-interpretes-ucranianos-y-navarros-para-recaudar-fondos-a-traves-de-tres-conciertos-solidarios-en-pamplona-y-tudela\/#article","isPartOf":{"@id":"https:\/\/www.laguiadepamplona.com\/actualidad\/la-musica-une-a-jovenes-interpretes-ucranianos-y-navarros-para-recaudar-fondos-a-traves-de-tres-conciertos-solidarios-en-pamplona-y-tudela\/"},"author":{"name":"La Gu\u00eda de Pamplona","@id":"https:\/\/www.laguiadepamplona.com\/actualidad\/#\/schema\/person\/efe887376f0213d4657c93adc50b1fdb"},"headline":"La m\u00fasica une a j\u00f3venes int\u00e9rpretes ucranianos y navarros para recaudar fondos a trav\u00e9s de tres conciertos solidarios, en Pamplona y Tudela","datePublished":"2023-08-11T15:18:22+00:00","mainEntityOfPage":{"@id":"https:\/\/www.laguiadepamplona.com\/actualidad\/la-musica-une-a-jovenes-interpretes-ucranianos-y-navarros-para-recaudar-fondos-a-traves-de-tres-conciertos-solidarios-en-pamplona-y-tudela\/"},"wordCount":1035,"commentCount":0,"publisher":{"@id":"https:\/\/www.laguiadepamplona.com\/actualidad\/#organization"},"image":{"@id":"https:\/\/www.laguiadepamplona.com\/actualidad\/la-musica-une-a-jovenes-interpretes-ucranianos-y-navarros-para-recaudar-fondos-a-traves-de-tres-conciertos-solidarios-en-pamplona-y-tudela\/#primaryimage"},"thumbnailUrl":"https:\/\/www.laguiadepamplona.com\/actualidad\/wp-content\/uploads\/2023\/08\/01_CARTEL_GENERAL_CONCIERTO_SOLIDARIO_ALAS_DE_UCRANIA.webp","articleSection":["Ayto Pamplona"],"inLanguage":"es","potentialAction":[{"@type":"CommentAction","name":"Comment","target":["https:\/\/www.laguiadepamplona.com\/actualidad\/la-musica-une-a-jovenes-interpretes-ucranianos-y-navarros-para-recaudar-fondos-a-traves-de-tres-conciertos-solidarios-en-pamplona-y-tudela\/#respond"]}]},{"@type":"WebPage","@id":"https:\/\/www.laguiadepamplona.com\/actualidad\/la-musica-une-a-jovenes-interpretes-ucranianos-y-navarros-para-recaudar-fondos-a-traves-de-tres-conciertos-solidarios-en-pamplona-y-tudela\/","url":"https:\/\/www.laguiadepamplona.com\/actualidad\/la-musica-une-a-jovenes-interpretes-ucranianos-y-navarros-para-recaudar-fondos-a-traves-de-tres-conciertos-solidarios-en-pamplona-y-tudela\/","name":"La m\u00fasica une a j\u00f3venes int\u00e9rpretes ucranianos y navarros para recaudar fondos a trav\u00e9s de tres conciertos solidarios, en Pamplona y Tudela","isPartOf":{"@id":"https:\/\/www.laguiadepamplona.com\/actualidad\/#website"},"primaryImageOfPage":{"@id":"https:\/\/www.laguiadepamplona.com\/actualidad\/la-musica-une-a-jovenes-interpretes-ucranianos-y-navarros-para-recaudar-fondos-a-traves-de-tres-conciertos-solidarios-en-pamplona-y-tudela\/#primaryimage"},"image":{"@id":"https:\/\/www.laguiadepamplona.com\/actualidad\/la-musica-une-a-jovenes-interpretes-ucranianos-y-navarros-para-recaudar-fondos-a-traves-de-tres-conciertos-solidarios-en-pamplona-y-tudela\/#primaryimage"},"thumbnailUrl":"https:\/\/www.laguiadepamplona.com\/actualidad\/wp-content\/uploads\/2023\/08\/01_CARTEL_GENERAL_CONCIERTO_SOLIDARIO_ALAS_DE_UCRANIA.webp","datePublished":"2023-08-11T15:18:22+00:00","breadcrumb":{"@id":"https:\/\/www.laguiadepamplona.com\/actualidad\/la-musica-une-a-jovenes-interpretes-ucranianos-y-navarros-para-recaudar-fondos-a-traves-de-tres-conciertos-solidarios-en-pamplona-y-tudela\/#breadcrumb"},"inLanguage":"es","potentialAction":[{"@type":"ReadAction","target":["https:\/\/www.laguiadepamplona.com\/actualidad\/la-musica-une-a-jovenes-interpretes-ucranianos-y-navarros-para-recaudar-fondos-a-traves-de-tres-conciertos-solidarios-en-pamplona-y-tudela\/"]}]},{"@type":"ImageObject","inLanguage":"es","@id":"https:\/\/www.laguiadepamplona.com\/actualidad\/la-musica-une-a-jovenes-interpretes-ucranianos-y-navarros-para-recaudar-fondos-a-traves-de-tres-conciertos-solidarios-en-pamplona-y-tudela\/#primaryimage","url":"https:\/\/www.laguiadepamplona.com\/actualidad\/wp-content\/uploads\/2023\/08\/01_CARTEL_GENERAL_CONCIERTO_SOLIDARIO_ALAS_DE_UCRANIA.webp","contentUrl":"https:\/\/www.laguiadepamplona.com\/actualidad\/wp-content\/uploads\/2023\/08\/01_CARTEL_GENERAL_CONCIERTO_SOLIDARIO_ALAS_DE_UCRANIA.webp","width":792,"height":1200},{"@type":"BreadcrumbList","@id":"https:\/\/www.laguiadepamplona.com\/actualidad\/la-musica-une-a-jovenes-interpretes-ucranianos-y-navarros-para-recaudar-fondos-a-traves-de-tres-conciertos-solidarios-en-pamplona-y-tudela\/#breadcrumb","itemListElement":[{"@type":"ListItem","position":1,"name":"Portada","item":"https:\/\/www.laguiadepamplona.com\/actualidad\/"},{"@type":"ListItem","position":2,"name":"La m\u00fasica une a j\u00f3venes int\u00e9rpretes ucranianos y navarros para recaudar fondos a trav\u00e9s de tres conciertos solidarios, en Pamplona y Tudela"}]},{"@type":"WebSite","@id":"https:\/\/www.laguiadepamplona.com\/actualidad\/#website","url":"https:\/\/www.laguiadepamplona.com\/actualidad\/","name":"La gu\u00eda de Pamplona","description":"Noticias de Pamplona","publisher":{"@id":"https:\/\/www.laguiadepamplona.com\/actualidad\/#organization"},"potentialAction":[{"@type":"SearchAction","target":{"@type":"EntryPoint","urlTemplate":"https:\/\/www.laguiadepamplona.com\/actualidad\/?s={search_term_string}"},"query-input":{"@type":"PropertyValueSpecification","valueRequired":true,"valueName":"search_term_string"}}],"inLanguage":"es"},{"@type":"Organization","@id":"https:\/\/www.laguiadepamplona.com\/actualidad\/#organization","name":"La Gu\u00eda de Pamplona \/ Noticias","url":"https:\/\/www.laguiadepamplona.com\/actualidad\/","logo":{"@type":"ImageObject","inLanguage":"es","@id":"https:\/\/www.laguiadepamplona.com\/actualidad\/#\/schema\/logo\/image\/","url":"https:\/\/www.laguiadepamplona.com\/actualidad\/wp-content\/uploads\/2018\/11\/logo-laguiadepamplona18-web1.png","contentUrl":"https:\/\/www.laguiadepamplona.com\/actualidad\/wp-content\/uploads\/2018\/11\/logo-laguiadepamplona18-web1.png","width":600,"height":196,"caption":"La Gu\u00eda de Pamplona \/ Noticias"},"image":{"@id":"https:\/\/www.laguiadepamplona.com\/actualidad\/#\/schema\/logo\/image\/"},"sameAs":["https:\/\/www.facebook.com\/laguiadepamplonacom-133175176762273\/?ref=hl","https:\/\/x.com\/LaGuiadPamplona","https:\/\/www.instagram.com\/la_guia_de_pamplona\/","https:\/\/www.youtube.com\/user\/laguiadepamplona"]},{"@type":"Person","@id":"https:\/\/www.laguiadepamplona.com\/actualidad\/#\/schema\/person\/efe887376f0213d4657c93adc50b1fdb","name":"La Gu\u00eda de Pamplona","image":{"@type":"ImageObject","inLanguage":"es","@id":"https:\/\/secure.gravatar.com\/avatar\/b6992f131dc8d30ab0dff15446e9d346d9dbd95992de0fef795073f5ea83a81c?s=96&d=mm&r=g","url":"https:\/\/secure.gravatar.com\/avatar\/b6992f131dc8d30ab0dff15446e9d346d9dbd95992de0fef795073f5ea83a81c?s=96&d=mm&r=g","contentUrl":"https:\/\/secure.gravatar.com\/avatar\/b6992f131dc8d30ab0dff15446e9d346d9dbd95992de0fef795073f5ea83a81c?s=96&d=mm&r=g","caption":"La Gu\u00eda de Pamplona"}}]}},"post_mailing_queue_ids":[],"_links":{"self":[{"href":"https:\/\/www.laguiadepamplona.com\/actualidad\/wp-json\/wp\/v2\/posts\/47287","targetHints":{"allow":["GET"]}}],"collection":[{"href":"https:\/\/www.laguiadepamplona.com\/actualidad\/wp-json\/wp\/v2\/posts"}],"about":[{"href":"https:\/\/www.laguiadepamplona.com\/actualidad\/wp-json\/wp\/v2\/types\/post"}],"author":[{"embeddable":true,"href":"https:\/\/www.laguiadepamplona.com\/actualidad\/wp-json\/wp\/v2\/users\/1"}],"replies":[{"embeddable":true,"href":"https:\/\/www.laguiadepamplona.com\/actualidad\/wp-json\/wp\/v2\/comments?post=47287"}],"version-history":[{"count":1,"href":"https:\/\/www.laguiadepamplona.com\/actualidad\/wp-json\/wp\/v2\/posts\/47287\/revisions"}],"predecessor-version":[{"id":47289,"href":"https:\/\/www.laguiadepamplona.com\/actualidad\/wp-json\/wp\/v2\/posts\/47287\/revisions\/47289"}],"wp:featuredmedia":[{"embeddable":true,"href":"https:\/\/www.laguiadepamplona.com\/actualidad\/wp-json\/wp\/v2\/media\/47288"}],"wp:attachment":[{"href":"https:\/\/www.laguiadepamplona.com\/actualidad\/wp-json\/wp\/v2\/media?parent=47287"}],"wp:term":[{"taxonomy":"category","embeddable":true,"href":"https:\/\/www.laguiadepamplona.com\/actualidad\/wp-json\/wp\/v2\/categories?post=47287"},{"taxonomy":"post_tag","embeddable":true,"href":"https:\/\/www.laguiadepamplona.com\/actualidad\/wp-json\/wp\/v2\/tags?post=47287"}],"curies":[{"name":"wp","href":"https:\/\/api.w.org\/{rel}","templated":true}]}}