{"id":47284,"date":"2023-08-10T20:04:32","date_gmt":"2023-08-10T18:04:32","guid":{"rendered":"https:\/\/www.laguiadepamplona.com\/actualidad\/?p=47284"},"modified":"2023-08-10T20:04:32","modified_gmt":"2023-08-10T18:04:32","slug":"el-parque-de-la-media-luna-acoge-este-viernes-el-concierto-de-lilo-dentro-del-ciclo-enklaves","status":"publish","type":"post","link":"https:\/\/www.laguiadepamplona.com\/actualidad\/el-parque-de-la-media-luna-acoge-este-viernes-el-concierto-de-lilo-dentro-del-ciclo-enklaves\/","title":{"rendered":"El parque de la Media Luna acoge este viernes el concierto de Lilo, dentro del ciclo Enklaves"},"content":{"rendered":"<h3>M\u00fasica pop, rock e indie, a partir de las 20 horas, junto a la estatua de Pablo Sarasate, con entrada libre<\/h3>\n<p><!--more--><\/p>\n<p>Segundo concierto del ciclo Enklaves este viernes junto a la estatua de Pablo Sarasate en el parque de la Media Luna. La banda Lilo presenta su m\u00fasica en una actuaci\u00f3n que comenzar\u00e1 a las 20 horas, con entrada libre. Enklaves naci\u00f3 en 2021 para acercar a la ciudadan\u00eda, en espacios destacados de Pamplona al aire libre, grupos emergentes del panorama musical local, nacional e internaciones.<\/p>\n<p><strong>Lilo se form\u00f3 en la Comarca de Pamplona en 2020 para poner m\u00fasica a las canciones de Mar\u00eda Mateo, su vocalista y guitarra. <\/strong>De estilo pop, rock e indie, las letras de las canciones son en su mayor\u00eda en euskera y tratan temas diversos. Con ellas el p\u00fablico puede sumergirse en un ambiente intimista y tranquilo o bailar con ritmos m\u00e1s movidos. El quinteto lo conforman, adem\u00e1s de Mar\u00eda Mateo, Nekane Ibero (guitarra y bajo), Pello Iturria (bater\u00eda), Julen Hoyuelos (guitarra) y Oihane Gulina Velasco (piano).<\/p>\n<p>El ciclo Enklaves comenz\u00f3 el pasado viernes con el rap y el soul de 3Head en el solar del antiguo parque de bomberos. En esta tercera edici\u00f3n, los conciertos se centralizan en un solo espacio, el parque de la Media Luna, aunque en distintas localizaciones. La semana que viene actuar\u00e1 Fyra junto al estanque central del parque y el viernes 25 la banda Zinez en los exteriores del fort\u00edn de San Bartolom\u00e9.<\/p>\n<h3>Ciclo Enklaves<\/h3>\n<ul>\n<li>Lugar: en distintos enclaves del parque de la Media Luna<\/li>\n<li>Horario: a las 20 horas. Todos los p\u00fablicos. Entrada libre<\/li>\n<li>Programaci\u00f3n:\n<ul>\n<li>Viernes 11 de agosto. \u2018Lilo\u2019. Junto a la estatua de Pablo Sarasate.<\/li>\n<li>Viernes 18 de agosto. \u2018Fyra\u2019 Junto al estanque central.<\/li>\n<li>Viernes 25 de agosto. \u2018Zinez\u2019. En los exteriores del fort\u00edn de San Bartolom\u00e9.<\/li>\n<\/ul>\n<\/li>\n<\/ul>\n","protected":false},"excerpt":{"rendered":"<p>M\u00fasica pop, rock e indie, a partir de las 20 horas, junto a la estatua de Pablo Sarasate, con entrada libre<\/p>\n","protected":false},"author":1,"featured_media":47285,"comment_status":"open","ping_status":"closed","sticky":false,"template":"","format":"standard","meta":{"footnotes":""},"categories":[2],"tags":[],"class_list":["post-47284","post","type-post","status-publish","format-standard","has-post-thumbnail","hentry","category-ayuntamiento-pamplona"],"yoast_head":"<!-- This site is optimized with the Yoast SEO plugin v27.3 - https:\/\/yoast.com\/product\/yoast-seo-wordpress\/ -->\n<title>El parque de la Media Luna acoge este viernes el concierto de Lilo, dentro del ciclo Enklaves<\/title>\n<meta name=\"description\" content=\"M\u00fasica pop, rock e indie, a partir de las 20 horas, junto a la estatua de Pablo Sarasate, con entrada libre\" \/>\n<meta name=\"robots\" content=\"index, follow, max-snippet:-1, max-image-preview:large, max-video-preview:-1\" \/>\n<link rel=\"canonical\" href=\"https:\/\/www.laguiadepamplona.com\/actualidad\/el-parque-de-la-media-luna-acoge-este-viernes-el-concierto-de-lilo-dentro-del-ciclo-enklaves\/\" \/>\n<meta property=\"og:locale\" content=\"es_ES\" \/>\n<meta property=\"og:type\" content=\"article\" \/>\n<meta property=\"og:title\" content=\"El parque de la Media Luna acoge este viernes el concierto de Lilo, dentro del ciclo Enklaves\" \/>\n<meta property=\"og:description\" content=\"M\u00fasica pop, rock e indie, a partir de las 20 horas, junto a la estatua de Pablo Sarasate, con entrada libre\" \/>\n<meta property=\"og:url\" content=\"https:\/\/www.laguiadepamplona.com\/actualidad\/el-parque-de-la-media-luna-acoge-este-viernes-el-concierto-de-lilo-dentro-del-ciclo-enklaves\/\" \/>\n<meta property=\"og:site_name\" content=\"La Gu\u00eda de Pamplona\" \/>\n<meta property=\"article:publisher\" content=\"https:\/\/www.facebook.com\/laguiadepamplonacom-133175176762273\/?ref=hl\" \/>\n<meta property=\"article:published_time\" content=\"2023-08-10T18:04:32+00:00\" \/>\n<meta property=\"og:image\" content=\"https:\/\/www.laguiadepamplona.com\/actualidad\/wp-content\/uploads\/2023\/08\/Lilo-01.webp\" \/>\n\t<meta property=\"og:image:width\" content=\"1200\" \/>\n\t<meta property=\"og:image:height\" content=\"1052\" \/>\n\t<meta property=\"og:image:type\" content=\"image\/webp\" \/>\n<meta name=\"author\" content=\"La Gu\u00eda de Pamplona\" \/>\n<meta name=\"twitter:card\" content=\"summary_large_image\" \/>\n<meta name=\"twitter:creator\" content=\"@LaGuiadPamplona\" \/>\n<meta name=\"twitter:site\" content=\"@LaGuiadPamplona\" \/>\n<meta name=\"twitter:label1\" content=\"Escrito por\" \/>\n\t<meta name=\"twitter:data1\" content=\"La Gu\u00eda de Pamplona\" \/>\n\t<meta name=\"twitter:label2\" content=\"Tiempo de lectura\" \/>\n\t<meta name=\"twitter:data2\" content=\"2 minutos\" \/>\n<script type=\"application\/ld+json\" class=\"yoast-schema-graph\">{\"@context\":\"https:\\\/\\\/schema.org\",\"@graph\":[{\"@type\":\"Article\",\"@id\":\"https:\\\/\\\/www.laguiadepamplona.com\\\/actualidad\\\/el-parque-de-la-media-luna-acoge-este-viernes-el-concierto-de-lilo-dentro-del-ciclo-enklaves\\\/#article\",\"isPartOf\":{\"@id\":\"https:\\\/\\\/www.laguiadepamplona.com\\\/actualidad\\\/el-parque-de-la-media-luna-acoge-este-viernes-el-concierto-de-lilo-dentro-del-ciclo-enklaves\\\/\"},\"author\":{\"name\":\"La Gu\u00eda de Pamplona\",\"@id\":\"https:\\\/\\\/www.laguiadepamplona.com\\\/actualidad\\\/#\\\/schema\\\/person\\\/efe887376f0213d4657c93adc50b1fdb\"},\"headline\":\"El parque de la Media Luna acoge este viernes el concierto de Lilo, dentro del ciclo Enklaves\",\"datePublished\":\"2023-08-10T18:04:32+00:00\",\"mainEntityOfPage\":{\"@id\":\"https:\\\/\\\/www.laguiadepamplona.com\\\/actualidad\\\/el-parque-de-la-media-luna-acoge-este-viernes-el-concierto-de-lilo-dentro-del-ciclo-enklaves\\\/\"},\"wordCount\":326,\"commentCount\":0,\"publisher\":{\"@id\":\"https:\\\/\\\/www.laguiadepamplona.com\\\/actualidad\\\/#organization\"},\"image\":{\"@id\":\"https:\\\/\\\/www.laguiadepamplona.com\\\/actualidad\\\/el-parque-de-la-media-luna-acoge-este-viernes-el-concierto-de-lilo-dentro-del-ciclo-enklaves\\\/#primaryimage\"},\"thumbnailUrl\":\"https:\\\/\\\/www.laguiadepamplona.com\\\/actualidad\\\/wp-content\\\/uploads\\\/2023\\\/08\\\/Lilo-01.webp\",\"articleSection\":[\"Ayto Pamplona\"],\"inLanguage\":\"es\",\"potentialAction\":[{\"@type\":\"CommentAction\",\"name\":\"Comment\",\"target\":[\"https:\\\/\\\/www.laguiadepamplona.com\\\/actualidad\\\/el-parque-de-la-media-luna-acoge-este-viernes-el-concierto-de-lilo-dentro-del-ciclo-enklaves\\\/#respond\"]}]},{\"@type\":\"WebPage\",\"@id\":\"https:\\\/\\\/www.laguiadepamplona.com\\\/actualidad\\\/el-parque-de-la-media-luna-acoge-este-viernes-el-concierto-de-lilo-dentro-del-ciclo-enklaves\\\/\",\"url\":\"https:\\\/\\\/www.laguiadepamplona.com\\\/actualidad\\\/el-parque-de-la-media-luna-acoge-este-viernes-el-concierto-de-lilo-dentro-del-ciclo-enklaves\\\/\",\"name\":\"El parque de la Media Luna acoge este viernes el concierto de Lilo, dentro del ciclo Enklaves\",\"isPartOf\":{\"@id\":\"https:\\\/\\\/www.laguiadepamplona.com\\\/actualidad\\\/#website\"},\"primaryImageOfPage\":{\"@id\":\"https:\\\/\\\/www.laguiadepamplona.com\\\/actualidad\\\/el-parque-de-la-media-luna-acoge-este-viernes-el-concierto-de-lilo-dentro-del-ciclo-enklaves\\\/#primaryimage\"},\"image\":{\"@id\":\"https:\\\/\\\/www.laguiadepamplona.com\\\/actualidad\\\/el-parque-de-la-media-luna-acoge-este-viernes-el-concierto-de-lilo-dentro-del-ciclo-enklaves\\\/#primaryimage\"},\"thumbnailUrl\":\"https:\\\/\\\/www.laguiadepamplona.com\\\/actualidad\\\/wp-content\\\/uploads\\\/2023\\\/08\\\/Lilo-01.webp\",\"datePublished\":\"2023-08-10T18:04:32+00:00\",\"description\":\"M\u00fasica pop, rock e indie, a partir de las 20 horas, junto a la estatua de Pablo Sarasate, con entrada libre\",\"breadcrumb\":{\"@id\":\"https:\\\/\\\/www.laguiadepamplona.com\\\/actualidad\\\/el-parque-de-la-media-luna-acoge-este-viernes-el-concierto-de-lilo-dentro-del-ciclo-enklaves\\\/#breadcrumb\"},\"inLanguage\":\"es\",\"potentialAction\":[{\"@type\":\"ReadAction\",\"target\":[\"https:\\\/\\\/www.laguiadepamplona.com\\\/actualidad\\\/el-parque-de-la-media-luna-acoge-este-viernes-el-concierto-de-lilo-dentro-del-ciclo-enklaves\\\/\"]}]},{\"@type\":\"ImageObject\",\"inLanguage\":\"es\",\"@id\":\"https:\\\/\\\/www.laguiadepamplona.com\\\/actualidad\\\/el-parque-de-la-media-luna-acoge-este-viernes-el-concierto-de-lilo-dentro-del-ciclo-enklaves\\\/#primaryimage\",\"url\":\"https:\\\/\\\/www.laguiadepamplona.com\\\/actualidad\\\/wp-content\\\/uploads\\\/2023\\\/08\\\/Lilo-01.webp\",\"contentUrl\":\"https:\\\/\\\/www.laguiadepamplona.com\\\/actualidad\\\/wp-content\\\/uploads\\\/2023\\\/08\\\/Lilo-01.webp\",\"width\":1200,\"height\":1052,\"caption\":\"lilo\"},{\"@type\":\"BreadcrumbList\",\"@id\":\"https:\\\/\\\/www.laguiadepamplona.com\\\/actualidad\\\/el-parque-de-la-media-luna-acoge-este-viernes-el-concierto-de-lilo-dentro-del-ciclo-enklaves\\\/#breadcrumb\",\"itemListElement\":[{\"@type\":\"ListItem\",\"position\":1,\"name\":\"Portada\",\"item\":\"https:\\\/\\\/www.laguiadepamplona.com\\\/actualidad\\\/\"},{\"@type\":\"ListItem\",\"position\":2,\"name\":\"El parque de la Media Luna acoge este viernes el concierto de Lilo, dentro del ciclo Enklaves\"}]},{\"@type\":\"WebSite\",\"@id\":\"https:\\\/\\\/www.laguiadepamplona.com\\\/actualidad\\\/#website\",\"url\":\"https:\\\/\\\/www.laguiadepamplona.com\\\/actualidad\\\/\",\"name\":\"La gu\u00eda de Pamplona\",\"description\":\"Noticias de Pamplona\",\"publisher\":{\"@id\":\"https:\\\/\\\/www.laguiadepamplona.com\\\/actualidad\\\/#organization\"},\"potentialAction\":[{\"@type\":\"SearchAction\",\"target\":{\"@type\":\"EntryPoint\",\"urlTemplate\":\"https:\\\/\\\/www.laguiadepamplona.com\\\/actualidad\\\/?s={search_term_string}\"},\"query-input\":{\"@type\":\"PropertyValueSpecification\",\"valueRequired\":true,\"valueName\":\"search_term_string\"}}],\"inLanguage\":\"es\"},{\"@type\":\"Organization\",\"@id\":\"https:\\\/\\\/www.laguiadepamplona.com\\\/actualidad\\\/#organization\",\"name\":\"La Gu\u00eda de Pamplona \\\/ Noticias\",\"url\":\"https:\\\/\\\/www.laguiadepamplona.com\\\/actualidad\\\/\",\"logo\":{\"@type\":\"ImageObject\",\"inLanguage\":\"es\",\"@id\":\"https:\\\/\\\/www.laguiadepamplona.com\\\/actualidad\\\/#\\\/schema\\\/logo\\\/image\\\/\",\"url\":\"https:\\\/\\\/www.laguiadepamplona.com\\\/actualidad\\\/wp-content\\\/uploads\\\/2018\\\/11\\\/logo-laguiadepamplona18-web1.png\",\"contentUrl\":\"https:\\\/\\\/www.laguiadepamplona.com\\\/actualidad\\\/wp-content\\\/uploads\\\/2018\\\/11\\\/logo-laguiadepamplona18-web1.png\",\"width\":600,\"height\":196,\"caption\":\"La Gu\u00eda de Pamplona \\\/ Noticias\"},\"image\":{\"@id\":\"https:\\\/\\\/www.laguiadepamplona.com\\\/actualidad\\\/#\\\/schema\\\/logo\\\/image\\\/\"},\"sameAs\":[\"https:\\\/\\\/www.facebook.com\\\/laguiadepamplonacom-133175176762273\\\/?ref=hl\",\"https:\\\/\\\/x.com\\\/LaGuiadPamplona\",\"https:\\\/\\\/www.instagram.com\\\/la_guia_de_pamplona\\\/\",\"https:\\\/\\\/www.youtube.com\\\/user\\\/laguiadepamplona\"]},{\"@type\":\"Person\",\"@id\":\"https:\\\/\\\/www.laguiadepamplona.com\\\/actualidad\\\/#\\\/schema\\\/person\\\/efe887376f0213d4657c93adc50b1fdb\",\"name\":\"La Gu\u00eda de Pamplona\",\"image\":{\"@type\":\"ImageObject\",\"inLanguage\":\"es\",\"@id\":\"https:\\\/\\\/secure.gravatar.com\\\/avatar\\\/b6992f131dc8d30ab0dff15446e9d346d9dbd95992de0fef795073f5ea83a81c?s=96&d=mm&r=g\",\"url\":\"https:\\\/\\\/secure.gravatar.com\\\/avatar\\\/b6992f131dc8d30ab0dff15446e9d346d9dbd95992de0fef795073f5ea83a81c?s=96&d=mm&r=g\",\"contentUrl\":\"https:\\\/\\\/secure.gravatar.com\\\/avatar\\\/b6992f131dc8d30ab0dff15446e9d346d9dbd95992de0fef795073f5ea83a81c?s=96&d=mm&r=g\",\"caption\":\"La Gu\u00eda de Pamplona\"}}]}<\/script>\n<!-- \/ Yoast SEO plugin. -->","yoast_head_json":{"title":"El parque de la Media Luna acoge este viernes el concierto de Lilo, dentro del ciclo Enklaves","description":"M\u00fasica pop, rock e indie, a partir de las 20 horas, junto a la estatua de Pablo Sarasate, con entrada libre","robots":{"index":"index","follow":"follow","max-snippet":"max-snippet:-1","max-image-preview":"max-image-preview:large","max-video-preview":"max-video-preview:-1"},"canonical":"https:\/\/www.laguiadepamplona.com\/actualidad\/el-parque-de-la-media-luna-acoge-este-viernes-el-concierto-de-lilo-dentro-del-ciclo-enklaves\/","og_locale":"es_ES","og_type":"article","og_title":"El parque de la Media Luna acoge este viernes el concierto de Lilo, dentro del ciclo Enklaves","og_description":"M\u00fasica pop, rock e indie, a partir de las 20 horas, junto a la estatua de Pablo Sarasate, con entrada libre","og_url":"https:\/\/www.laguiadepamplona.com\/actualidad\/el-parque-de-la-media-luna-acoge-este-viernes-el-concierto-de-lilo-dentro-del-ciclo-enklaves\/","og_site_name":"La Gu\u00eda de Pamplona","article_publisher":"https:\/\/www.facebook.com\/laguiadepamplonacom-133175176762273\/?ref=hl","article_published_time":"2023-08-10T18:04:32+00:00","og_image":[{"width":1200,"height":1052,"url":"https:\/\/www.laguiadepamplona.com\/actualidad\/wp-content\/uploads\/2023\/08\/Lilo-01.webp","type":"image\/webp"}],"author":"La Gu\u00eda de Pamplona","twitter_card":"summary_large_image","twitter_creator":"@LaGuiadPamplona","twitter_site":"@LaGuiadPamplona","twitter_misc":{"Escrito por":"La Gu\u00eda de Pamplona","Tiempo de lectura":"2 minutos"},"schema":{"@context":"https:\/\/schema.org","@graph":[{"@type":"Article","@id":"https:\/\/www.laguiadepamplona.com\/actualidad\/el-parque-de-la-media-luna-acoge-este-viernes-el-concierto-de-lilo-dentro-del-ciclo-enklaves\/#article","isPartOf":{"@id":"https:\/\/www.laguiadepamplona.com\/actualidad\/el-parque-de-la-media-luna-acoge-este-viernes-el-concierto-de-lilo-dentro-del-ciclo-enklaves\/"},"author":{"name":"La Gu\u00eda de Pamplona","@id":"https:\/\/www.laguiadepamplona.com\/actualidad\/#\/schema\/person\/efe887376f0213d4657c93adc50b1fdb"},"headline":"El parque de la Media Luna acoge este viernes el concierto de Lilo, dentro del ciclo Enklaves","datePublished":"2023-08-10T18:04:32+00:00","mainEntityOfPage":{"@id":"https:\/\/www.laguiadepamplona.com\/actualidad\/el-parque-de-la-media-luna-acoge-este-viernes-el-concierto-de-lilo-dentro-del-ciclo-enklaves\/"},"wordCount":326,"commentCount":0,"publisher":{"@id":"https:\/\/www.laguiadepamplona.com\/actualidad\/#organization"},"image":{"@id":"https:\/\/www.laguiadepamplona.com\/actualidad\/el-parque-de-la-media-luna-acoge-este-viernes-el-concierto-de-lilo-dentro-del-ciclo-enklaves\/#primaryimage"},"thumbnailUrl":"https:\/\/www.laguiadepamplona.com\/actualidad\/wp-content\/uploads\/2023\/08\/Lilo-01.webp","articleSection":["Ayto Pamplona"],"inLanguage":"es","potentialAction":[{"@type":"CommentAction","name":"Comment","target":["https:\/\/www.laguiadepamplona.com\/actualidad\/el-parque-de-la-media-luna-acoge-este-viernes-el-concierto-de-lilo-dentro-del-ciclo-enklaves\/#respond"]}]},{"@type":"WebPage","@id":"https:\/\/www.laguiadepamplona.com\/actualidad\/el-parque-de-la-media-luna-acoge-este-viernes-el-concierto-de-lilo-dentro-del-ciclo-enklaves\/","url":"https:\/\/www.laguiadepamplona.com\/actualidad\/el-parque-de-la-media-luna-acoge-este-viernes-el-concierto-de-lilo-dentro-del-ciclo-enklaves\/","name":"El parque de la Media Luna acoge este viernes el concierto de Lilo, dentro del ciclo Enklaves","isPartOf":{"@id":"https:\/\/www.laguiadepamplona.com\/actualidad\/#website"},"primaryImageOfPage":{"@id":"https:\/\/www.laguiadepamplona.com\/actualidad\/el-parque-de-la-media-luna-acoge-este-viernes-el-concierto-de-lilo-dentro-del-ciclo-enklaves\/#primaryimage"},"image":{"@id":"https:\/\/www.laguiadepamplona.com\/actualidad\/el-parque-de-la-media-luna-acoge-este-viernes-el-concierto-de-lilo-dentro-del-ciclo-enklaves\/#primaryimage"},"thumbnailUrl":"https:\/\/www.laguiadepamplona.com\/actualidad\/wp-content\/uploads\/2023\/08\/Lilo-01.webp","datePublished":"2023-08-10T18:04:32+00:00","description":"M\u00fasica pop, rock e indie, a partir de las 20 horas, junto a la estatua de Pablo Sarasate, con entrada libre","breadcrumb":{"@id":"https:\/\/www.laguiadepamplona.com\/actualidad\/el-parque-de-la-media-luna-acoge-este-viernes-el-concierto-de-lilo-dentro-del-ciclo-enklaves\/#breadcrumb"},"inLanguage":"es","potentialAction":[{"@type":"ReadAction","target":["https:\/\/www.laguiadepamplona.com\/actualidad\/el-parque-de-la-media-luna-acoge-este-viernes-el-concierto-de-lilo-dentro-del-ciclo-enklaves\/"]}]},{"@type":"ImageObject","inLanguage":"es","@id":"https:\/\/www.laguiadepamplona.com\/actualidad\/el-parque-de-la-media-luna-acoge-este-viernes-el-concierto-de-lilo-dentro-del-ciclo-enklaves\/#primaryimage","url":"https:\/\/www.laguiadepamplona.com\/actualidad\/wp-content\/uploads\/2023\/08\/Lilo-01.webp","contentUrl":"https:\/\/www.laguiadepamplona.com\/actualidad\/wp-content\/uploads\/2023\/08\/Lilo-01.webp","width":1200,"height":1052,"caption":"lilo"},{"@type":"BreadcrumbList","@id":"https:\/\/www.laguiadepamplona.com\/actualidad\/el-parque-de-la-media-luna-acoge-este-viernes-el-concierto-de-lilo-dentro-del-ciclo-enklaves\/#breadcrumb","itemListElement":[{"@type":"ListItem","position":1,"name":"Portada","item":"https:\/\/www.laguiadepamplona.com\/actualidad\/"},{"@type":"ListItem","position":2,"name":"El parque de la Media Luna acoge este viernes el concierto de Lilo, dentro del ciclo Enklaves"}]},{"@type":"WebSite","@id":"https:\/\/www.laguiadepamplona.com\/actualidad\/#website","url":"https:\/\/www.laguiadepamplona.com\/actualidad\/","name":"La gu\u00eda de Pamplona","description":"Noticias de Pamplona","publisher":{"@id":"https:\/\/www.laguiadepamplona.com\/actualidad\/#organization"},"potentialAction":[{"@type":"SearchAction","target":{"@type":"EntryPoint","urlTemplate":"https:\/\/www.laguiadepamplona.com\/actualidad\/?s={search_term_string}"},"query-input":{"@type":"PropertyValueSpecification","valueRequired":true,"valueName":"search_term_string"}}],"inLanguage":"es"},{"@type":"Organization","@id":"https:\/\/www.laguiadepamplona.com\/actualidad\/#organization","name":"La Gu\u00eda de Pamplona \/ Noticias","url":"https:\/\/www.laguiadepamplona.com\/actualidad\/","logo":{"@type":"ImageObject","inLanguage":"es","@id":"https:\/\/www.laguiadepamplona.com\/actualidad\/#\/schema\/logo\/image\/","url":"https:\/\/www.laguiadepamplona.com\/actualidad\/wp-content\/uploads\/2018\/11\/logo-laguiadepamplona18-web1.png","contentUrl":"https:\/\/www.laguiadepamplona.com\/actualidad\/wp-content\/uploads\/2018\/11\/logo-laguiadepamplona18-web1.png","width":600,"height":196,"caption":"La Gu\u00eda de Pamplona \/ Noticias"},"image":{"@id":"https:\/\/www.laguiadepamplona.com\/actualidad\/#\/schema\/logo\/image\/"},"sameAs":["https:\/\/www.facebook.com\/laguiadepamplonacom-133175176762273\/?ref=hl","https:\/\/x.com\/LaGuiadPamplona","https:\/\/www.instagram.com\/la_guia_de_pamplona\/","https:\/\/www.youtube.com\/user\/laguiadepamplona"]},{"@type":"Person","@id":"https:\/\/www.laguiadepamplona.com\/actualidad\/#\/schema\/person\/efe887376f0213d4657c93adc50b1fdb","name":"La Gu\u00eda de Pamplona","image":{"@type":"ImageObject","inLanguage":"es","@id":"https:\/\/secure.gravatar.com\/avatar\/b6992f131dc8d30ab0dff15446e9d346d9dbd95992de0fef795073f5ea83a81c?s=96&d=mm&r=g","url":"https:\/\/secure.gravatar.com\/avatar\/b6992f131dc8d30ab0dff15446e9d346d9dbd95992de0fef795073f5ea83a81c?s=96&d=mm&r=g","contentUrl":"https:\/\/secure.gravatar.com\/avatar\/b6992f131dc8d30ab0dff15446e9d346d9dbd95992de0fef795073f5ea83a81c?s=96&d=mm&r=g","caption":"La Gu\u00eda de Pamplona"}}]}},"post_mailing_queue_ids":[],"_links":{"self":[{"href":"https:\/\/www.laguiadepamplona.com\/actualidad\/wp-json\/wp\/v2\/posts\/47284","targetHints":{"allow":["GET"]}}],"collection":[{"href":"https:\/\/www.laguiadepamplona.com\/actualidad\/wp-json\/wp\/v2\/posts"}],"about":[{"href":"https:\/\/www.laguiadepamplona.com\/actualidad\/wp-json\/wp\/v2\/types\/post"}],"author":[{"embeddable":true,"href":"https:\/\/www.laguiadepamplona.com\/actualidad\/wp-json\/wp\/v2\/users\/1"}],"replies":[{"embeddable":true,"href":"https:\/\/www.laguiadepamplona.com\/actualidad\/wp-json\/wp\/v2\/comments?post=47284"}],"version-history":[{"count":1,"href":"https:\/\/www.laguiadepamplona.com\/actualidad\/wp-json\/wp\/v2\/posts\/47284\/revisions"}],"predecessor-version":[{"id":47286,"href":"https:\/\/www.laguiadepamplona.com\/actualidad\/wp-json\/wp\/v2\/posts\/47284\/revisions\/47286"}],"wp:featuredmedia":[{"embeddable":true,"href":"https:\/\/www.laguiadepamplona.com\/actualidad\/wp-json\/wp\/v2\/media\/47285"}],"wp:attachment":[{"href":"https:\/\/www.laguiadepamplona.com\/actualidad\/wp-json\/wp\/v2\/media?parent=47284"}],"wp:term":[{"taxonomy":"category","embeddable":true,"href":"https:\/\/www.laguiadepamplona.com\/actualidad\/wp-json\/wp\/v2\/categories?post=47284"},{"taxonomy":"post_tag","embeddable":true,"href":"https:\/\/www.laguiadepamplona.com\/actualidad\/wp-json\/wp\/v2\/tags?post=47284"}],"curies":[{"name":"wp","href":"https:\/\/api.w.org\/{rel}","templated":true}]}}