{"id":47281,"date":"2023-08-10T20:02:48","date_gmt":"2023-08-10T18:02:48","guid":{"rendered":"https:\/\/www.laguiadepamplona.com\/actualidad\/?p=47281"},"modified":"2023-08-10T20:02:48","modified_gmt":"2023-08-10T18:02:48","slug":"tres-artistas-del-ambito-circense-ponen-manana-en-escena-kobr3-en-la-plaza-de-la-virgen-de-la-o-un-espectaculo-de-calle-nominado-a-los-premios-max-de-este-ano","status":"publish","type":"post","link":"https:\/\/www.laguiadepamplona.com\/actualidad\/tres-artistas-del-ambito-circense-ponen-manana-en-escena-kobr3-en-la-plaza-de-la-virgen-de-la-o-un-espectaculo-de-calle-nominado-a-los-premios-max-de-este-ano\/","title":{"rendered":"Tres artistas del \u00e1mbito circense ponen ma\u00f1ana en escena \u2018Kobr3\u2019 en la plaza de la Virgen de la O, un espect\u00e1culo de calle nominado a los Premios Max de este a\u00f1o"},"content":{"rendered":"<h3>La direcci\u00f3n est\u00e1 a cargo de Jorge Silvestre &#8216;Silver&#8217;, antiguo integrante del Circo del Sol y director art\u00edstico de la compa\u00f1\u00eda Nueveuno<\/h3>\n<p><!--more--><\/p>\n<p>Este viernes a las 20 horas la plaza de la Virgen de la O acoger\u00e1 la segunda sesi\u00f3n del ciclo de actividades de arte, tecnolog\u00eda y energ\u00edas renovables \u2018Atardecer Pamplona\u2019, uno de los espacios familiares de la programaci\u00f3n municipal de verano, dentro del Festival de las Murallas. La obra ser\u00e1 \u2018Kobr3&#8242; un montaje dirigido por Jorge Silvestre &#8216;Silver&#8217;, ex Circo del Sol y director art\u00edstico de la compa\u00f1\u00eda Nueveuno.<\/p>\n<p>Tres artistas interact\u00faan sobre una base de malabares sincronizados y coreograf\u00edas en una propuesta de 50 minutos en la que la m\u00fasica y el movimiento juegan un papel fundamental, y en la que hay tambi\u00e9n presencia de rueda cyr y bola contact.<\/p>\n<p>El espect\u00e1culo de circo contempor\u00e1neo estrenado en 2021 gira y hace girar a los espectadores en torno al cobre, un metal que vive a la sombra del oro. Sobre el escenario, tres artistas combinan t\u00e9cnicas de malabares y manipulaci\u00f3n de objetos. Esta puesta en escena ha sido exhibida en ferias de artes esc\u00e9nicas y destacados festivales de Espa\u00f1a, Francia y Portugal y, este mismo a\u00f1o, ha sido candidato a los Premios Max como Mejor Espect\u00e1culo de Calle.<\/p>\n<p>\u2018Atardecer Pamplona\u2019 es un programa del Ayuntamiento de Pamplona en colaboraci\u00f3n con el colectivo Concienciarte.<\/p>\n<p><strong>Una compa\u00f1\u00eda y tres artistas<\/strong><\/p>\n<p>\u2018Kobr3&#8242; es un montaje de Zirkozaurre, un espacio de artes circenses ubicado en Bilbao en el que se trabaja por profesionalizar el sector. Como compa\u00f1\u00eda, lleva casi 10 a\u00f1os apostando por romper las barreras interdisciplinares y desarrollar proyectos que exploren nuevas formas de dramaturgia y de puesta en escena. La idea es partir del movimiento para construir puentes de relaci\u00f3n entre las artes vivas en la b\u00fasqueda de nuevos lenguajes y otras formas de contar.<\/p>\n<p>En este caso, los artistas son Gorka Pereira, Pablo C\u00e1ceres e Imanol Suso. El primero comienza en el circo en los 90 en los encuentros de malabaristas de diferentes ciudades y se forma en escuela de circo La Arena de Buenos Aires. Cuando regresa en el a\u00f1o 2005 monta la compa\u00f1\u00eda Debote Enbote junto a Luciano Mezzoteroy, ya en 2012, da inicio a Zirkozaurre, centro de artes circenses, que actualmente preside y coordina.<\/p>\n<p>El madrile\u00f1o Pablo C\u00e1ceres inicia su formaci\u00f3n circense en 2006 en Universidad Popular de Castuera (Badajoz) que contin\u00faa en la Escuela de Circo Carampa de Madrid y la Scuola di Cirko Vertigo de Tur\u00edn (Italia). Tras su paso por Italia, a finales de 2017 se muda a Bilbao y contin\u00faa su formaci\u00f3n en el laboratorio de investigaci\u00f3n malabar impartido por Jorge Silvestre en el programa Haztegia de Zirkozaurre.<\/p>\n<p>Finalmente, Imanol Suso (Bilbao, 1997) es un artista que ya con 12 a\u00f1os decidi\u00f3 presentarse y gan\u00f3 el concurso para nuevos talentos &#8216;Harrapazank&#8217;. A partir de ah\u00ed comenz\u00f3 sus estudios de Bachillerato de Artes Esc\u00e9nicas, se fogue\u00f3 en la animaci\u00f3n sociocultural y ha estado a\u00f1os en la escuela de Zirkozaurre, una formaci\u00f3n que conjuga con otra disciplina: la danza.<\/p>\n<h3>Atardecer Pamplona<\/h3>\n<p>Plaza Virgen de la O. Viernes. 20 horas. Libre participaci\u00f3n<\/p>\n<ul>\n<li>Viernes 11 de agosto: \u2018Kobr3\u2019. Zirkozaurre. Circo<\/li>\n<li>Viernes 18 de agosto: \u2018LUTITEKA, Biblioteca de instrumentos musicales experimentales\u2019. Tunipanea<\/li>\n<\/ul>\n","protected":false},"excerpt":{"rendered":"<p>La direcci\u00f3n est\u00e1 a cargo de Jorge Silvestre &#8216;Silver&#8217;, antiguo integrante del Circo del Sol y director art\u00edstico de la compa\u00f1\u00eda Nueveuno<\/p>\n","protected":false},"author":1,"featured_media":47282,"comment_status":"open","ping_status":"closed","sticky":false,"template":"","format":"standard","meta":{"footnotes":""},"categories":[2],"tags":[],"class_list":["post-47281","post","type-post","status-publish","format-standard","has-post-thumbnail","hentry","category-ayuntamiento-pamplona"],"yoast_head":"<!-- This site is optimized with the Yoast SEO plugin v27.3 - https:\/\/yoast.com\/product\/yoast-seo-wordpress\/ -->\n<title>Tres artistas del \u00e1mbito circense ponen ma\u00f1ana en escena \u2018Kobr3\u2019 en la plaza de la Virgen de la O, un espect\u00e1culo de calle nominado a los Premios Max de este a\u00f1o<\/title>\n<meta name=\"description\" content=\"La direcci\u00f3n est\u00e1 a cargo de Jorge Silvestre &#039;Silver&#039;, antiguo integrante del Circo del Sol y director art\u00edstico de la compa\u00f1\u00eda Nueveuno\" \/>\n<meta name=\"robots\" content=\"index, follow, max-snippet:-1, max-image-preview:large, max-video-preview:-1\" \/>\n<link rel=\"canonical\" href=\"https:\/\/www.laguiadepamplona.com\/actualidad\/tres-artistas-del-ambito-circense-ponen-manana-en-escena-kobr3-en-la-plaza-de-la-virgen-de-la-o-un-espectaculo-de-calle-nominado-a-los-premios-max-de-este-ano\/\" \/>\n<meta property=\"og:locale\" content=\"es_ES\" \/>\n<meta property=\"og:type\" content=\"article\" \/>\n<meta property=\"og:title\" content=\"Tres artistas del \u00e1mbito circense ponen ma\u00f1ana en escena \u2018Kobr3\u2019 en la plaza de la Virgen de la O, un espect\u00e1culo de calle nominado a los Premios Max de este a\u00f1o\" \/>\n<meta property=\"og:description\" content=\"La direcci\u00f3n est\u00e1 a cargo de Jorge Silvestre &#039;Silver&#039;, antiguo integrante del Circo del Sol y director art\u00edstico de la compa\u00f1\u00eda Nueveuno\" \/>\n<meta property=\"og:url\" content=\"https:\/\/www.laguiadepamplona.com\/actualidad\/tres-artistas-del-ambito-circense-ponen-manana-en-escena-kobr3-en-la-plaza-de-la-virgen-de-la-o-un-espectaculo-de-calle-nominado-a-los-premios-max-de-este-ano\/\" \/>\n<meta property=\"og:site_name\" content=\"La Gu\u00eda de Pamplona\" \/>\n<meta property=\"article:publisher\" content=\"https:\/\/www.facebook.com\/laguiadepamplonacom-133175176762273\/?ref=hl\" \/>\n<meta property=\"article:published_time\" content=\"2023-08-10T18:02:48+00:00\" \/>\n<meta property=\"og:image\" content=\"https:\/\/www.laguiadepamplona.com\/actualidad\/wp-content\/uploads\/2023\/08\/atardecer_1.webp\" \/>\n\t<meta property=\"og:image:width\" content=\"1200\" \/>\n\t<meta property=\"og:image:height\" content=\"800\" \/>\n\t<meta property=\"og:image:type\" content=\"image\/webp\" \/>\n<meta name=\"author\" content=\"La Gu\u00eda de Pamplona\" \/>\n<meta name=\"twitter:card\" content=\"summary_large_image\" \/>\n<meta name=\"twitter:creator\" content=\"@LaGuiadPamplona\" \/>\n<meta name=\"twitter:site\" content=\"@LaGuiadPamplona\" \/>\n<meta name=\"twitter:label1\" content=\"Escrito por\" \/>\n\t<meta name=\"twitter:data1\" content=\"La Gu\u00eda de Pamplona\" \/>\n\t<meta name=\"twitter:label2\" content=\"Tiempo de lectura\" \/>\n\t<meta name=\"twitter:data2\" content=\"3 minutos\" \/>\n<script type=\"application\/ld+json\" class=\"yoast-schema-graph\">{\"@context\":\"https:\\\/\\\/schema.org\",\"@graph\":[{\"@type\":\"Article\",\"@id\":\"https:\\\/\\\/www.laguiadepamplona.com\\\/actualidad\\\/tres-artistas-del-ambito-circense-ponen-manana-en-escena-kobr3-en-la-plaza-de-la-virgen-de-la-o-un-espectaculo-de-calle-nominado-a-los-premios-max-de-este-ano\\\/#article\",\"isPartOf\":{\"@id\":\"https:\\\/\\\/www.laguiadepamplona.com\\\/actualidad\\\/tres-artistas-del-ambito-circense-ponen-manana-en-escena-kobr3-en-la-plaza-de-la-virgen-de-la-o-un-espectaculo-de-calle-nominado-a-los-premios-max-de-este-ano\\\/\"},\"author\":{\"name\":\"La Gu\u00eda de Pamplona\",\"@id\":\"https:\\\/\\\/www.laguiadepamplona.com\\\/actualidad\\\/#\\\/schema\\\/person\\\/efe887376f0213d4657c93adc50b1fdb\"},\"headline\":\"Tres artistas del \u00e1mbito circense ponen ma\u00f1ana en escena \u2018Kobr3\u2019 en la plaza de la Virgen de la O, un espect\u00e1culo de calle nominado a los Premios Max de este a\u00f1o\",\"datePublished\":\"2023-08-10T18:02:48+00:00\",\"mainEntityOfPage\":{\"@id\":\"https:\\\/\\\/www.laguiadepamplona.com\\\/actualidad\\\/tres-artistas-del-ambito-circense-ponen-manana-en-escena-kobr3-en-la-plaza-de-la-virgen-de-la-o-un-espectaculo-de-calle-nominado-a-los-premios-max-de-este-ano\\\/\"},\"wordCount\":599,\"commentCount\":0,\"publisher\":{\"@id\":\"https:\\\/\\\/www.laguiadepamplona.com\\\/actualidad\\\/#organization\"},\"image\":{\"@id\":\"https:\\\/\\\/www.laguiadepamplona.com\\\/actualidad\\\/tres-artistas-del-ambito-circense-ponen-manana-en-escena-kobr3-en-la-plaza-de-la-virgen-de-la-o-un-espectaculo-de-calle-nominado-a-los-premios-max-de-este-ano\\\/#primaryimage\"},\"thumbnailUrl\":\"https:\\\/\\\/www.laguiadepamplona.com\\\/actualidad\\\/wp-content\\\/uploads\\\/2023\\\/08\\\/atardecer_1.webp\",\"articleSection\":[\"Ayto Pamplona\"],\"inLanguage\":\"es\",\"potentialAction\":[{\"@type\":\"CommentAction\",\"name\":\"Comment\",\"target\":[\"https:\\\/\\\/www.laguiadepamplona.com\\\/actualidad\\\/tres-artistas-del-ambito-circense-ponen-manana-en-escena-kobr3-en-la-plaza-de-la-virgen-de-la-o-un-espectaculo-de-calle-nominado-a-los-premios-max-de-este-ano\\\/#respond\"]}]},{\"@type\":\"WebPage\",\"@id\":\"https:\\\/\\\/www.laguiadepamplona.com\\\/actualidad\\\/tres-artistas-del-ambito-circense-ponen-manana-en-escena-kobr3-en-la-plaza-de-la-virgen-de-la-o-un-espectaculo-de-calle-nominado-a-los-premios-max-de-este-ano\\\/\",\"url\":\"https:\\\/\\\/www.laguiadepamplona.com\\\/actualidad\\\/tres-artistas-del-ambito-circense-ponen-manana-en-escena-kobr3-en-la-plaza-de-la-virgen-de-la-o-un-espectaculo-de-calle-nominado-a-los-premios-max-de-este-ano\\\/\",\"name\":\"Tres artistas del \u00e1mbito circense ponen ma\u00f1ana en escena \u2018Kobr3\u2019 en la plaza de la Virgen de la O, un espect\u00e1culo de calle nominado a los Premios Max de este a\u00f1o\",\"isPartOf\":{\"@id\":\"https:\\\/\\\/www.laguiadepamplona.com\\\/actualidad\\\/#website\"},\"primaryImageOfPage\":{\"@id\":\"https:\\\/\\\/www.laguiadepamplona.com\\\/actualidad\\\/tres-artistas-del-ambito-circense-ponen-manana-en-escena-kobr3-en-la-plaza-de-la-virgen-de-la-o-un-espectaculo-de-calle-nominado-a-los-premios-max-de-este-ano\\\/#primaryimage\"},\"image\":{\"@id\":\"https:\\\/\\\/www.laguiadepamplona.com\\\/actualidad\\\/tres-artistas-del-ambito-circense-ponen-manana-en-escena-kobr3-en-la-plaza-de-la-virgen-de-la-o-un-espectaculo-de-calle-nominado-a-los-premios-max-de-este-ano\\\/#primaryimage\"},\"thumbnailUrl\":\"https:\\\/\\\/www.laguiadepamplona.com\\\/actualidad\\\/wp-content\\\/uploads\\\/2023\\\/08\\\/atardecer_1.webp\",\"datePublished\":\"2023-08-10T18:02:48+00:00\",\"description\":\"La direcci\u00f3n est\u00e1 a cargo de Jorge Silvestre 'Silver', antiguo integrante del Circo del Sol y director art\u00edstico de la compa\u00f1\u00eda Nueveuno\",\"breadcrumb\":{\"@id\":\"https:\\\/\\\/www.laguiadepamplona.com\\\/actualidad\\\/tres-artistas-del-ambito-circense-ponen-manana-en-escena-kobr3-en-la-plaza-de-la-virgen-de-la-o-un-espectaculo-de-calle-nominado-a-los-premios-max-de-este-ano\\\/#breadcrumb\"},\"inLanguage\":\"es\",\"potentialAction\":[{\"@type\":\"ReadAction\",\"target\":[\"https:\\\/\\\/www.laguiadepamplona.com\\\/actualidad\\\/tres-artistas-del-ambito-circense-ponen-manana-en-escena-kobr3-en-la-plaza-de-la-virgen-de-la-o-un-espectaculo-de-calle-nominado-a-los-premios-max-de-este-ano\\\/\"]}]},{\"@type\":\"ImageObject\",\"inLanguage\":\"es\",\"@id\":\"https:\\\/\\\/www.laguiadepamplona.com\\\/actualidad\\\/tres-artistas-del-ambito-circense-ponen-manana-en-escena-kobr3-en-la-plaza-de-la-virgen-de-la-o-un-espectaculo-de-calle-nominado-a-los-premios-max-de-este-ano\\\/#primaryimage\",\"url\":\"https:\\\/\\\/www.laguiadepamplona.com\\\/actualidad\\\/wp-content\\\/uploads\\\/2023\\\/08\\\/atardecer_1.webp\",\"contentUrl\":\"https:\\\/\\\/www.laguiadepamplona.com\\\/actualidad\\\/wp-content\\\/uploads\\\/2023\\\/08\\\/atardecer_1.webp\",\"width\":1200,\"height\":800},{\"@type\":\"BreadcrumbList\",\"@id\":\"https:\\\/\\\/www.laguiadepamplona.com\\\/actualidad\\\/tres-artistas-del-ambito-circense-ponen-manana-en-escena-kobr3-en-la-plaza-de-la-virgen-de-la-o-un-espectaculo-de-calle-nominado-a-los-premios-max-de-este-ano\\\/#breadcrumb\",\"itemListElement\":[{\"@type\":\"ListItem\",\"position\":1,\"name\":\"Portada\",\"item\":\"https:\\\/\\\/www.laguiadepamplona.com\\\/actualidad\\\/\"},{\"@type\":\"ListItem\",\"position\":2,\"name\":\"Tres artistas del \u00e1mbito circense ponen ma\u00f1ana en escena \u2018Kobr3\u2019 en la plaza de la Virgen de la O, un espect\u00e1culo de calle nominado a los Premios Max de este a\u00f1o\"}]},{\"@type\":\"WebSite\",\"@id\":\"https:\\\/\\\/www.laguiadepamplona.com\\\/actualidad\\\/#website\",\"url\":\"https:\\\/\\\/www.laguiadepamplona.com\\\/actualidad\\\/\",\"name\":\"La gu\u00eda de Pamplona\",\"description\":\"Noticias de Pamplona\",\"publisher\":{\"@id\":\"https:\\\/\\\/www.laguiadepamplona.com\\\/actualidad\\\/#organization\"},\"potentialAction\":[{\"@type\":\"SearchAction\",\"target\":{\"@type\":\"EntryPoint\",\"urlTemplate\":\"https:\\\/\\\/www.laguiadepamplona.com\\\/actualidad\\\/?s={search_term_string}\"},\"query-input\":{\"@type\":\"PropertyValueSpecification\",\"valueRequired\":true,\"valueName\":\"search_term_string\"}}],\"inLanguage\":\"es\"},{\"@type\":\"Organization\",\"@id\":\"https:\\\/\\\/www.laguiadepamplona.com\\\/actualidad\\\/#organization\",\"name\":\"La Gu\u00eda de Pamplona \\\/ Noticias\",\"url\":\"https:\\\/\\\/www.laguiadepamplona.com\\\/actualidad\\\/\",\"logo\":{\"@type\":\"ImageObject\",\"inLanguage\":\"es\",\"@id\":\"https:\\\/\\\/www.laguiadepamplona.com\\\/actualidad\\\/#\\\/schema\\\/logo\\\/image\\\/\",\"url\":\"https:\\\/\\\/www.laguiadepamplona.com\\\/actualidad\\\/wp-content\\\/uploads\\\/2018\\\/11\\\/logo-laguiadepamplona18-web1.png\",\"contentUrl\":\"https:\\\/\\\/www.laguiadepamplona.com\\\/actualidad\\\/wp-content\\\/uploads\\\/2018\\\/11\\\/logo-laguiadepamplona18-web1.png\",\"width\":600,\"height\":196,\"caption\":\"La Gu\u00eda de Pamplona \\\/ Noticias\"},\"image\":{\"@id\":\"https:\\\/\\\/www.laguiadepamplona.com\\\/actualidad\\\/#\\\/schema\\\/logo\\\/image\\\/\"},\"sameAs\":[\"https:\\\/\\\/www.facebook.com\\\/laguiadepamplonacom-133175176762273\\\/?ref=hl\",\"https:\\\/\\\/x.com\\\/LaGuiadPamplona\",\"https:\\\/\\\/www.instagram.com\\\/la_guia_de_pamplona\\\/\",\"https:\\\/\\\/www.youtube.com\\\/user\\\/laguiadepamplona\"]},{\"@type\":\"Person\",\"@id\":\"https:\\\/\\\/www.laguiadepamplona.com\\\/actualidad\\\/#\\\/schema\\\/person\\\/efe887376f0213d4657c93adc50b1fdb\",\"name\":\"La Gu\u00eda de Pamplona\",\"image\":{\"@type\":\"ImageObject\",\"inLanguage\":\"es\",\"@id\":\"https:\\\/\\\/secure.gravatar.com\\\/avatar\\\/b6992f131dc8d30ab0dff15446e9d346d9dbd95992de0fef795073f5ea83a81c?s=96&d=mm&r=g\",\"url\":\"https:\\\/\\\/secure.gravatar.com\\\/avatar\\\/b6992f131dc8d30ab0dff15446e9d346d9dbd95992de0fef795073f5ea83a81c?s=96&d=mm&r=g\",\"contentUrl\":\"https:\\\/\\\/secure.gravatar.com\\\/avatar\\\/b6992f131dc8d30ab0dff15446e9d346d9dbd95992de0fef795073f5ea83a81c?s=96&d=mm&r=g\",\"caption\":\"La Gu\u00eda de Pamplona\"}}]}<\/script>\n<!-- \/ Yoast SEO plugin. -->","yoast_head_json":{"title":"Tres artistas del \u00e1mbito circense ponen ma\u00f1ana en escena \u2018Kobr3\u2019 en la plaza de la Virgen de la O, un espect\u00e1culo de calle nominado a los Premios Max de este a\u00f1o","description":"La direcci\u00f3n est\u00e1 a cargo de Jorge Silvestre 'Silver', antiguo integrante del Circo del Sol y director art\u00edstico de la compa\u00f1\u00eda Nueveuno","robots":{"index":"index","follow":"follow","max-snippet":"max-snippet:-1","max-image-preview":"max-image-preview:large","max-video-preview":"max-video-preview:-1"},"canonical":"https:\/\/www.laguiadepamplona.com\/actualidad\/tres-artistas-del-ambito-circense-ponen-manana-en-escena-kobr3-en-la-plaza-de-la-virgen-de-la-o-un-espectaculo-de-calle-nominado-a-los-premios-max-de-este-ano\/","og_locale":"es_ES","og_type":"article","og_title":"Tres artistas del \u00e1mbito circense ponen ma\u00f1ana en escena \u2018Kobr3\u2019 en la plaza de la Virgen de la O, un espect\u00e1culo de calle nominado a los Premios Max de este a\u00f1o","og_description":"La direcci\u00f3n est\u00e1 a cargo de Jorge Silvestre 'Silver', antiguo integrante del Circo del Sol y director art\u00edstico de la compa\u00f1\u00eda Nueveuno","og_url":"https:\/\/www.laguiadepamplona.com\/actualidad\/tres-artistas-del-ambito-circense-ponen-manana-en-escena-kobr3-en-la-plaza-de-la-virgen-de-la-o-un-espectaculo-de-calle-nominado-a-los-premios-max-de-este-ano\/","og_site_name":"La Gu\u00eda de Pamplona","article_publisher":"https:\/\/www.facebook.com\/laguiadepamplonacom-133175176762273\/?ref=hl","article_published_time":"2023-08-10T18:02:48+00:00","og_image":[{"width":1200,"height":800,"url":"https:\/\/www.laguiadepamplona.com\/actualidad\/wp-content\/uploads\/2023\/08\/atardecer_1.webp","type":"image\/webp"}],"author":"La Gu\u00eda de Pamplona","twitter_card":"summary_large_image","twitter_creator":"@LaGuiadPamplona","twitter_site":"@LaGuiadPamplona","twitter_misc":{"Escrito por":"La Gu\u00eda de Pamplona","Tiempo de lectura":"3 minutos"},"schema":{"@context":"https:\/\/schema.org","@graph":[{"@type":"Article","@id":"https:\/\/www.laguiadepamplona.com\/actualidad\/tres-artistas-del-ambito-circense-ponen-manana-en-escena-kobr3-en-la-plaza-de-la-virgen-de-la-o-un-espectaculo-de-calle-nominado-a-los-premios-max-de-este-ano\/#article","isPartOf":{"@id":"https:\/\/www.laguiadepamplona.com\/actualidad\/tres-artistas-del-ambito-circense-ponen-manana-en-escena-kobr3-en-la-plaza-de-la-virgen-de-la-o-un-espectaculo-de-calle-nominado-a-los-premios-max-de-este-ano\/"},"author":{"name":"La Gu\u00eda de Pamplona","@id":"https:\/\/www.laguiadepamplona.com\/actualidad\/#\/schema\/person\/efe887376f0213d4657c93adc50b1fdb"},"headline":"Tres artistas del \u00e1mbito circense ponen ma\u00f1ana en escena \u2018Kobr3\u2019 en la plaza de la Virgen de la O, un espect\u00e1culo de calle nominado a los Premios Max de este a\u00f1o","datePublished":"2023-08-10T18:02:48+00:00","mainEntityOfPage":{"@id":"https:\/\/www.laguiadepamplona.com\/actualidad\/tres-artistas-del-ambito-circense-ponen-manana-en-escena-kobr3-en-la-plaza-de-la-virgen-de-la-o-un-espectaculo-de-calle-nominado-a-los-premios-max-de-este-ano\/"},"wordCount":599,"commentCount":0,"publisher":{"@id":"https:\/\/www.laguiadepamplona.com\/actualidad\/#organization"},"image":{"@id":"https:\/\/www.laguiadepamplona.com\/actualidad\/tres-artistas-del-ambito-circense-ponen-manana-en-escena-kobr3-en-la-plaza-de-la-virgen-de-la-o-un-espectaculo-de-calle-nominado-a-los-premios-max-de-este-ano\/#primaryimage"},"thumbnailUrl":"https:\/\/www.laguiadepamplona.com\/actualidad\/wp-content\/uploads\/2023\/08\/atardecer_1.webp","articleSection":["Ayto Pamplona"],"inLanguage":"es","potentialAction":[{"@type":"CommentAction","name":"Comment","target":["https:\/\/www.laguiadepamplona.com\/actualidad\/tres-artistas-del-ambito-circense-ponen-manana-en-escena-kobr3-en-la-plaza-de-la-virgen-de-la-o-un-espectaculo-de-calle-nominado-a-los-premios-max-de-este-ano\/#respond"]}]},{"@type":"WebPage","@id":"https:\/\/www.laguiadepamplona.com\/actualidad\/tres-artistas-del-ambito-circense-ponen-manana-en-escena-kobr3-en-la-plaza-de-la-virgen-de-la-o-un-espectaculo-de-calle-nominado-a-los-premios-max-de-este-ano\/","url":"https:\/\/www.laguiadepamplona.com\/actualidad\/tres-artistas-del-ambito-circense-ponen-manana-en-escena-kobr3-en-la-plaza-de-la-virgen-de-la-o-un-espectaculo-de-calle-nominado-a-los-premios-max-de-este-ano\/","name":"Tres artistas del \u00e1mbito circense ponen ma\u00f1ana en escena \u2018Kobr3\u2019 en la plaza de la Virgen de la O, un espect\u00e1culo de calle nominado a los Premios Max de este a\u00f1o","isPartOf":{"@id":"https:\/\/www.laguiadepamplona.com\/actualidad\/#website"},"primaryImageOfPage":{"@id":"https:\/\/www.laguiadepamplona.com\/actualidad\/tres-artistas-del-ambito-circense-ponen-manana-en-escena-kobr3-en-la-plaza-de-la-virgen-de-la-o-un-espectaculo-de-calle-nominado-a-los-premios-max-de-este-ano\/#primaryimage"},"image":{"@id":"https:\/\/www.laguiadepamplona.com\/actualidad\/tres-artistas-del-ambito-circense-ponen-manana-en-escena-kobr3-en-la-plaza-de-la-virgen-de-la-o-un-espectaculo-de-calle-nominado-a-los-premios-max-de-este-ano\/#primaryimage"},"thumbnailUrl":"https:\/\/www.laguiadepamplona.com\/actualidad\/wp-content\/uploads\/2023\/08\/atardecer_1.webp","datePublished":"2023-08-10T18:02:48+00:00","description":"La direcci\u00f3n est\u00e1 a cargo de Jorge Silvestre 'Silver', antiguo integrante del Circo del Sol y director art\u00edstico de la compa\u00f1\u00eda Nueveuno","breadcrumb":{"@id":"https:\/\/www.laguiadepamplona.com\/actualidad\/tres-artistas-del-ambito-circense-ponen-manana-en-escena-kobr3-en-la-plaza-de-la-virgen-de-la-o-un-espectaculo-de-calle-nominado-a-los-premios-max-de-este-ano\/#breadcrumb"},"inLanguage":"es","potentialAction":[{"@type":"ReadAction","target":["https:\/\/www.laguiadepamplona.com\/actualidad\/tres-artistas-del-ambito-circense-ponen-manana-en-escena-kobr3-en-la-plaza-de-la-virgen-de-la-o-un-espectaculo-de-calle-nominado-a-los-premios-max-de-este-ano\/"]}]},{"@type":"ImageObject","inLanguage":"es","@id":"https:\/\/www.laguiadepamplona.com\/actualidad\/tres-artistas-del-ambito-circense-ponen-manana-en-escena-kobr3-en-la-plaza-de-la-virgen-de-la-o-un-espectaculo-de-calle-nominado-a-los-premios-max-de-este-ano\/#primaryimage","url":"https:\/\/www.laguiadepamplona.com\/actualidad\/wp-content\/uploads\/2023\/08\/atardecer_1.webp","contentUrl":"https:\/\/www.laguiadepamplona.com\/actualidad\/wp-content\/uploads\/2023\/08\/atardecer_1.webp","width":1200,"height":800},{"@type":"BreadcrumbList","@id":"https:\/\/www.laguiadepamplona.com\/actualidad\/tres-artistas-del-ambito-circense-ponen-manana-en-escena-kobr3-en-la-plaza-de-la-virgen-de-la-o-un-espectaculo-de-calle-nominado-a-los-premios-max-de-este-ano\/#breadcrumb","itemListElement":[{"@type":"ListItem","position":1,"name":"Portada","item":"https:\/\/www.laguiadepamplona.com\/actualidad\/"},{"@type":"ListItem","position":2,"name":"Tres artistas del \u00e1mbito circense ponen ma\u00f1ana en escena \u2018Kobr3\u2019 en la plaza de la Virgen de la O, un espect\u00e1culo de calle nominado a los Premios Max de este a\u00f1o"}]},{"@type":"WebSite","@id":"https:\/\/www.laguiadepamplona.com\/actualidad\/#website","url":"https:\/\/www.laguiadepamplona.com\/actualidad\/","name":"La gu\u00eda de Pamplona","description":"Noticias de Pamplona","publisher":{"@id":"https:\/\/www.laguiadepamplona.com\/actualidad\/#organization"},"potentialAction":[{"@type":"SearchAction","target":{"@type":"EntryPoint","urlTemplate":"https:\/\/www.laguiadepamplona.com\/actualidad\/?s={search_term_string}"},"query-input":{"@type":"PropertyValueSpecification","valueRequired":true,"valueName":"search_term_string"}}],"inLanguage":"es"},{"@type":"Organization","@id":"https:\/\/www.laguiadepamplona.com\/actualidad\/#organization","name":"La Gu\u00eda de Pamplona \/ Noticias","url":"https:\/\/www.laguiadepamplona.com\/actualidad\/","logo":{"@type":"ImageObject","inLanguage":"es","@id":"https:\/\/www.laguiadepamplona.com\/actualidad\/#\/schema\/logo\/image\/","url":"https:\/\/www.laguiadepamplona.com\/actualidad\/wp-content\/uploads\/2018\/11\/logo-laguiadepamplona18-web1.png","contentUrl":"https:\/\/www.laguiadepamplona.com\/actualidad\/wp-content\/uploads\/2018\/11\/logo-laguiadepamplona18-web1.png","width":600,"height":196,"caption":"La Gu\u00eda de Pamplona \/ Noticias"},"image":{"@id":"https:\/\/www.laguiadepamplona.com\/actualidad\/#\/schema\/logo\/image\/"},"sameAs":["https:\/\/www.facebook.com\/laguiadepamplonacom-133175176762273\/?ref=hl","https:\/\/x.com\/LaGuiadPamplona","https:\/\/www.instagram.com\/la_guia_de_pamplona\/","https:\/\/www.youtube.com\/user\/laguiadepamplona"]},{"@type":"Person","@id":"https:\/\/www.laguiadepamplona.com\/actualidad\/#\/schema\/person\/efe887376f0213d4657c93adc50b1fdb","name":"La Gu\u00eda de Pamplona","image":{"@type":"ImageObject","inLanguage":"es","@id":"https:\/\/secure.gravatar.com\/avatar\/b6992f131dc8d30ab0dff15446e9d346d9dbd95992de0fef795073f5ea83a81c?s=96&d=mm&r=g","url":"https:\/\/secure.gravatar.com\/avatar\/b6992f131dc8d30ab0dff15446e9d346d9dbd95992de0fef795073f5ea83a81c?s=96&d=mm&r=g","contentUrl":"https:\/\/secure.gravatar.com\/avatar\/b6992f131dc8d30ab0dff15446e9d346d9dbd95992de0fef795073f5ea83a81c?s=96&d=mm&r=g","caption":"La Gu\u00eda de Pamplona"}}]}},"post_mailing_queue_ids":[],"_links":{"self":[{"href":"https:\/\/www.laguiadepamplona.com\/actualidad\/wp-json\/wp\/v2\/posts\/47281","targetHints":{"allow":["GET"]}}],"collection":[{"href":"https:\/\/www.laguiadepamplona.com\/actualidad\/wp-json\/wp\/v2\/posts"}],"about":[{"href":"https:\/\/www.laguiadepamplona.com\/actualidad\/wp-json\/wp\/v2\/types\/post"}],"author":[{"embeddable":true,"href":"https:\/\/www.laguiadepamplona.com\/actualidad\/wp-json\/wp\/v2\/users\/1"}],"replies":[{"embeddable":true,"href":"https:\/\/www.laguiadepamplona.com\/actualidad\/wp-json\/wp\/v2\/comments?post=47281"}],"version-history":[{"count":1,"href":"https:\/\/www.laguiadepamplona.com\/actualidad\/wp-json\/wp\/v2\/posts\/47281\/revisions"}],"predecessor-version":[{"id":47283,"href":"https:\/\/www.laguiadepamplona.com\/actualidad\/wp-json\/wp\/v2\/posts\/47281\/revisions\/47283"}],"wp:featuredmedia":[{"embeddable":true,"href":"https:\/\/www.laguiadepamplona.com\/actualidad\/wp-json\/wp\/v2\/media\/47282"}],"wp:attachment":[{"href":"https:\/\/www.laguiadepamplona.com\/actualidad\/wp-json\/wp\/v2\/media?parent=47281"}],"wp:term":[{"taxonomy":"category","embeddable":true,"href":"https:\/\/www.laguiadepamplona.com\/actualidad\/wp-json\/wp\/v2\/categories?post=47281"},{"taxonomy":"post_tag","embeddable":true,"href":"https:\/\/www.laguiadepamplona.com\/actualidad\/wp-json\/wp\/v2\/tags?post=47281"}],"curies":[{"name":"wp","href":"https:\/\/api.w.org\/{rel}","templated":true}]}}