{"id":47275,"date":"2023-08-10T19:55:21","date_gmt":"2023-08-10T17:55:21","guid":{"rendered":"https:\/\/www.laguiadepamplona.com\/actualidad\/?p=47275"},"modified":"2023-08-10T19:55:21","modified_gmt":"2023-08-10T17:55:21","slug":"el-ayuntamiento-de-pamplona-continuara-ofertando-el-programa-educativo-conozcamos-pamplona-hasta-junio-de-2024","status":"publish","type":"post","link":"https:\/\/www.laguiadepamplona.com\/actualidad\/el-ayuntamiento-de-pamplona-continuara-ofertando-el-programa-educativo-conozcamos-pamplona-hasta-junio-de-2024\/","title":{"rendered":"El Ayuntamiento de Pamplona continuar\u00e1 ofertando el programa educativo \u2018Conozcamos Pamplona\u2019 hasta junio de 2024"},"content":{"rendered":"<h3>La Junta de Gobierno Local ha aprobado la primera pr\u00f3rroga del programa, en el que este curso han participado 45 centros y 2.363 escolares<\/h3>\n<p><!--more--><\/p>\n<p>El programa educativo municipal \u2018Conozcamos Pamplona\u2019 seguir\u00e1 ofert\u00e1ndose un a\u00f1o m\u00e1s a los escolares de Primaria de la ciudad. As\u00ed lo ha acordado la Junta de Gobierno Local del Ayuntamiento, que ha aprobado una primera pr\u00f3rroga del contrato, que se suscribi\u00f3 con la empresa OUIPLAY SL en agosto de 2022. De esta forma, el programa permanecer\u00e1 activo, de momento, hasta el 30 de junio de 2024.<\/p>\n<p>Dirigido a alumnado de 5\u00ba de Primaria, preferentemente, aunque tambi\u00e9n se abre a otros niveles educativos, esta iniciativa ofrece un conocimiento de la ciudad y su historia a trav\u00e9s de diferentes materiales did\u00e1cticos y visitas guiadas al Casco Antiguo. El Consistorio pone este contenido a a disposici\u00f3n de todos los centros educativos de Educaci\u00f3n Infantil y Primaria, y ellos se adhieren voluntariamente. A trav\u00e9s de una forma l\u00fadica y din\u00e1mica, el programa permite ahondar en los contenidos que se establecen como obligatorios en el Decreto Foral del Curr\u00edculum de Educaci\u00f3n Primaria 174\/2014, de 5 de septiembre.<\/p>\n<p>En este primer a\u00f1o de contrato, un total de 45 centros han solicitado participar en el programa y 2.363 alumnos han recorrido las calles del Casco Antiguo de la ciudad en las visitas organizadas para conocer in situ la historia de la ciudad, su patrimonio art\u00edstico, sus tradiciones y sus costumbres.<\/p>\n<p>Para el desarrollo de la actividad, el Ayuntamiento de Pamplona ha confeccionado una unidad did\u00e1ctica a modo de juego, que el alumnado trabaja en el centro escolar. Ese material lo conforman un libro base, un \u00e1lbum, cromos y el contenido de trabajo de la p\u00e1gina web habilitada para \u2018Conozcamos Pamplona\u2019. Despu\u00e9s de trabajar toda esa informaci\u00f3n es cuando se realizan las visitas por la ciudad, que se pueden solicitar en castellano, euskera, franc\u00e9s o ingl\u00e9s. Los centros interesados en participar este pr\u00f3ximo curso deben dirigir su solicitud a <a href=\"http:\/\/reservascp.es\/\" target=\"_blank\" rel=\"noopener\">http:\/\/reservascp.es\/<\/a>.<\/p>\n<p>La pr\u00f3rroga del contrato se ha realizado por el mismo importe de licitaci\u00f3n, que fueron 32.690,05 euros.\u00a0 \u00c9sta es la primera pr\u00f3rroga de cuatro posibles, hasta junio de 2027 como m\u00e1ximo.<\/p>\n","protected":false},"excerpt":{"rendered":"<p>La Junta de Gobierno Local ha aprobado la primera pr\u00f3rroga del programa, en el que este curso han participado 45 centros y 2.363 escolares<\/p>\n","protected":false},"author":1,"featured_media":47276,"comment_status":"open","ping_status":"closed","sticky":false,"template":"","format":"standard","meta":{"footnotes":""},"categories":[2],"tags":[],"class_list":["post-47275","post","type-post","status-publish","format-standard","has-post-thumbnail","hentry","category-ayuntamiento-pamplona"],"yoast_head":"<!-- This site is optimized with the Yoast SEO plugin v27.3 - https:\/\/yoast.com\/product\/yoast-seo-wordpress\/ -->\n<title>El Ayuntamiento de Pamplona continuar\u00e1 ofertando el programa educativo \u2018Conozcamos Pamplona\u2019 hasta junio de 2024<\/title>\n<meta name=\"description\" content=\"La Junta de Gobierno Local ha aprobado la primera pr\u00f3rroga del programa, en el que este curso han participado 45 centros y 2.363 escolares\" \/>\n<meta name=\"robots\" content=\"index, follow, max-snippet:-1, max-image-preview:large, max-video-preview:-1\" \/>\n<link rel=\"canonical\" href=\"https:\/\/www.laguiadepamplona.com\/actualidad\/el-ayuntamiento-de-pamplona-continuara-ofertando-el-programa-educativo-conozcamos-pamplona-hasta-junio-de-2024\/\" \/>\n<meta property=\"og:locale\" content=\"es_ES\" \/>\n<meta property=\"og:type\" content=\"article\" \/>\n<meta property=\"og:title\" content=\"El Ayuntamiento de Pamplona continuar\u00e1 ofertando el programa educativo \u2018Conozcamos Pamplona\u2019 hasta junio de 2024\" \/>\n<meta property=\"og:description\" content=\"La Junta de Gobierno Local ha aprobado la primera pr\u00f3rroga del programa, en el que este curso han participado 45 centros y 2.363 escolares\" \/>\n<meta property=\"og:url\" content=\"https:\/\/www.laguiadepamplona.com\/actualidad\/el-ayuntamiento-de-pamplona-continuara-ofertando-el-programa-educativo-conozcamos-pamplona-hasta-junio-de-2024\/\" \/>\n<meta property=\"og:site_name\" content=\"La Gu\u00eda de Pamplona\" \/>\n<meta property=\"article:publisher\" content=\"https:\/\/www.facebook.com\/laguiadepamplonacom-133175176762273\/?ref=hl\" \/>\n<meta property=\"article:published_time\" content=\"2023-08-10T17:55:21+00:00\" \/>\n<meta property=\"og:image\" content=\"https:\/\/www.laguiadepamplona.com\/actualidad\/wp-content\/uploads\/2023\/08\/visitas_ninos_guiadas_verano.webp\" \/>\n\t<meta property=\"og:image:width\" content=\"1200\" \/>\n\t<meta property=\"og:image:height\" content=\"1036\" \/>\n\t<meta property=\"og:image:type\" content=\"image\/webp\" \/>\n<meta name=\"author\" content=\"La Gu\u00eda de Pamplona\" \/>\n<meta name=\"twitter:card\" content=\"summary_large_image\" \/>\n<meta name=\"twitter:creator\" content=\"@LaGuiadPamplona\" \/>\n<meta name=\"twitter:site\" content=\"@LaGuiadPamplona\" \/>\n<meta name=\"twitter:label1\" content=\"Escrito por\" \/>\n\t<meta name=\"twitter:data1\" content=\"La Gu\u00eda de Pamplona\" \/>\n\t<meta name=\"twitter:label2\" content=\"Tiempo de lectura\" \/>\n\t<meta name=\"twitter:data2\" content=\"2 minutos\" \/>\n<script type=\"application\/ld+json\" class=\"yoast-schema-graph\">{\"@context\":\"https:\\\/\\\/schema.org\",\"@graph\":[{\"@type\":\"Article\",\"@id\":\"https:\\\/\\\/www.laguiadepamplona.com\\\/actualidad\\\/el-ayuntamiento-de-pamplona-continuara-ofertando-el-programa-educativo-conozcamos-pamplona-hasta-junio-de-2024\\\/#article\",\"isPartOf\":{\"@id\":\"https:\\\/\\\/www.laguiadepamplona.com\\\/actualidad\\\/el-ayuntamiento-de-pamplona-continuara-ofertando-el-programa-educativo-conozcamos-pamplona-hasta-junio-de-2024\\\/\"},\"author\":{\"name\":\"La Gu\u00eda de Pamplona\",\"@id\":\"https:\\\/\\\/www.laguiadepamplona.com\\\/actualidad\\\/#\\\/schema\\\/person\\\/efe887376f0213d4657c93adc50b1fdb\"},\"headline\":\"El Ayuntamiento de Pamplona continuar\u00e1 ofertando el programa educativo \u2018Conozcamos Pamplona\u2019 hasta junio de 2024\",\"datePublished\":\"2023-08-10T17:55:21+00:00\",\"mainEntityOfPage\":{\"@id\":\"https:\\\/\\\/www.laguiadepamplona.com\\\/actualidad\\\/el-ayuntamiento-de-pamplona-continuara-ofertando-el-programa-educativo-conozcamos-pamplona-hasta-junio-de-2024\\\/\"},\"wordCount\":389,\"commentCount\":0,\"publisher\":{\"@id\":\"https:\\\/\\\/www.laguiadepamplona.com\\\/actualidad\\\/#organization\"},\"image\":{\"@id\":\"https:\\\/\\\/www.laguiadepamplona.com\\\/actualidad\\\/el-ayuntamiento-de-pamplona-continuara-ofertando-el-programa-educativo-conozcamos-pamplona-hasta-junio-de-2024\\\/#primaryimage\"},\"thumbnailUrl\":\"https:\\\/\\\/www.laguiadepamplona.com\\\/actualidad\\\/wp-content\\\/uploads\\\/2023\\\/08\\\/visitas_ninos_guiadas_verano.webp\",\"articleSection\":[\"Ayto Pamplona\"],\"inLanguage\":\"es\",\"potentialAction\":[{\"@type\":\"CommentAction\",\"name\":\"Comment\",\"target\":[\"https:\\\/\\\/www.laguiadepamplona.com\\\/actualidad\\\/el-ayuntamiento-de-pamplona-continuara-ofertando-el-programa-educativo-conozcamos-pamplona-hasta-junio-de-2024\\\/#respond\"]}]},{\"@type\":\"WebPage\",\"@id\":\"https:\\\/\\\/www.laguiadepamplona.com\\\/actualidad\\\/el-ayuntamiento-de-pamplona-continuara-ofertando-el-programa-educativo-conozcamos-pamplona-hasta-junio-de-2024\\\/\",\"url\":\"https:\\\/\\\/www.laguiadepamplona.com\\\/actualidad\\\/el-ayuntamiento-de-pamplona-continuara-ofertando-el-programa-educativo-conozcamos-pamplona-hasta-junio-de-2024\\\/\",\"name\":\"El Ayuntamiento de Pamplona continuar\u00e1 ofertando el programa educativo \u2018Conozcamos Pamplona\u2019 hasta junio de 2024\",\"isPartOf\":{\"@id\":\"https:\\\/\\\/www.laguiadepamplona.com\\\/actualidad\\\/#website\"},\"primaryImageOfPage\":{\"@id\":\"https:\\\/\\\/www.laguiadepamplona.com\\\/actualidad\\\/el-ayuntamiento-de-pamplona-continuara-ofertando-el-programa-educativo-conozcamos-pamplona-hasta-junio-de-2024\\\/#primaryimage\"},\"image\":{\"@id\":\"https:\\\/\\\/www.laguiadepamplona.com\\\/actualidad\\\/el-ayuntamiento-de-pamplona-continuara-ofertando-el-programa-educativo-conozcamos-pamplona-hasta-junio-de-2024\\\/#primaryimage\"},\"thumbnailUrl\":\"https:\\\/\\\/www.laguiadepamplona.com\\\/actualidad\\\/wp-content\\\/uploads\\\/2023\\\/08\\\/visitas_ninos_guiadas_verano.webp\",\"datePublished\":\"2023-08-10T17:55:21+00:00\",\"description\":\"La Junta de Gobierno Local ha aprobado la primera pr\u00f3rroga del programa, en el que este curso han participado 45 centros y 2.363 escolares\",\"breadcrumb\":{\"@id\":\"https:\\\/\\\/www.laguiadepamplona.com\\\/actualidad\\\/el-ayuntamiento-de-pamplona-continuara-ofertando-el-programa-educativo-conozcamos-pamplona-hasta-junio-de-2024\\\/#breadcrumb\"},\"inLanguage\":\"es\",\"potentialAction\":[{\"@type\":\"ReadAction\",\"target\":[\"https:\\\/\\\/www.laguiadepamplona.com\\\/actualidad\\\/el-ayuntamiento-de-pamplona-continuara-ofertando-el-programa-educativo-conozcamos-pamplona-hasta-junio-de-2024\\\/\"]}]},{\"@type\":\"ImageObject\",\"inLanguage\":\"es\",\"@id\":\"https:\\\/\\\/www.laguiadepamplona.com\\\/actualidad\\\/el-ayuntamiento-de-pamplona-continuara-ofertando-el-programa-educativo-conozcamos-pamplona-hasta-junio-de-2024\\\/#primaryimage\",\"url\":\"https:\\\/\\\/www.laguiadepamplona.com\\\/actualidad\\\/wp-content\\\/uploads\\\/2023\\\/08\\\/visitas_ninos_guiadas_verano.webp\",\"contentUrl\":\"https:\\\/\\\/www.laguiadepamplona.com\\\/actualidad\\\/wp-content\\\/uploads\\\/2023\\\/08\\\/visitas_ninos_guiadas_verano.webp\",\"width\":1200,\"height\":1036},{\"@type\":\"BreadcrumbList\",\"@id\":\"https:\\\/\\\/www.laguiadepamplona.com\\\/actualidad\\\/el-ayuntamiento-de-pamplona-continuara-ofertando-el-programa-educativo-conozcamos-pamplona-hasta-junio-de-2024\\\/#breadcrumb\",\"itemListElement\":[{\"@type\":\"ListItem\",\"position\":1,\"name\":\"Portada\",\"item\":\"https:\\\/\\\/www.laguiadepamplona.com\\\/actualidad\\\/\"},{\"@type\":\"ListItem\",\"position\":2,\"name\":\"El Ayuntamiento de Pamplona continuar\u00e1 ofertando el programa educativo \u2018Conozcamos Pamplona\u2019 hasta junio de 2024\"}]},{\"@type\":\"WebSite\",\"@id\":\"https:\\\/\\\/www.laguiadepamplona.com\\\/actualidad\\\/#website\",\"url\":\"https:\\\/\\\/www.laguiadepamplona.com\\\/actualidad\\\/\",\"name\":\"La gu\u00eda de Pamplona\",\"description\":\"Noticias de Pamplona\",\"publisher\":{\"@id\":\"https:\\\/\\\/www.laguiadepamplona.com\\\/actualidad\\\/#organization\"},\"potentialAction\":[{\"@type\":\"SearchAction\",\"target\":{\"@type\":\"EntryPoint\",\"urlTemplate\":\"https:\\\/\\\/www.laguiadepamplona.com\\\/actualidad\\\/?s={search_term_string}\"},\"query-input\":{\"@type\":\"PropertyValueSpecification\",\"valueRequired\":true,\"valueName\":\"search_term_string\"}}],\"inLanguage\":\"es\"},{\"@type\":\"Organization\",\"@id\":\"https:\\\/\\\/www.laguiadepamplona.com\\\/actualidad\\\/#organization\",\"name\":\"La Gu\u00eda de Pamplona \\\/ Noticias\",\"url\":\"https:\\\/\\\/www.laguiadepamplona.com\\\/actualidad\\\/\",\"logo\":{\"@type\":\"ImageObject\",\"inLanguage\":\"es\",\"@id\":\"https:\\\/\\\/www.laguiadepamplona.com\\\/actualidad\\\/#\\\/schema\\\/logo\\\/image\\\/\",\"url\":\"https:\\\/\\\/www.laguiadepamplona.com\\\/actualidad\\\/wp-content\\\/uploads\\\/2018\\\/11\\\/logo-laguiadepamplona18-web1.png\",\"contentUrl\":\"https:\\\/\\\/www.laguiadepamplona.com\\\/actualidad\\\/wp-content\\\/uploads\\\/2018\\\/11\\\/logo-laguiadepamplona18-web1.png\",\"width\":600,\"height\":196,\"caption\":\"La Gu\u00eda de Pamplona \\\/ Noticias\"},\"image\":{\"@id\":\"https:\\\/\\\/www.laguiadepamplona.com\\\/actualidad\\\/#\\\/schema\\\/logo\\\/image\\\/\"},\"sameAs\":[\"https:\\\/\\\/www.facebook.com\\\/laguiadepamplonacom-133175176762273\\\/?ref=hl\",\"https:\\\/\\\/x.com\\\/LaGuiadPamplona\",\"https:\\\/\\\/www.instagram.com\\\/la_guia_de_pamplona\\\/\",\"https:\\\/\\\/www.youtube.com\\\/user\\\/laguiadepamplona\"]},{\"@type\":\"Person\",\"@id\":\"https:\\\/\\\/www.laguiadepamplona.com\\\/actualidad\\\/#\\\/schema\\\/person\\\/efe887376f0213d4657c93adc50b1fdb\",\"name\":\"La Gu\u00eda de Pamplona\",\"image\":{\"@type\":\"ImageObject\",\"inLanguage\":\"es\",\"@id\":\"https:\\\/\\\/secure.gravatar.com\\\/avatar\\\/b6992f131dc8d30ab0dff15446e9d346d9dbd95992de0fef795073f5ea83a81c?s=96&d=mm&r=g\",\"url\":\"https:\\\/\\\/secure.gravatar.com\\\/avatar\\\/b6992f131dc8d30ab0dff15446e9d346d9dbd95992de0fef795073f5ea83a81c?s=96&d=mm&r=g\",\"contentUrl\":\"https:\\\/\\\/secure.gravatar.com\\\/avatar\\\/b6992f131dc8d30ab0dff15446e9d346d9dbd95992de0fef795073f5ea83a81c?s=96&d=mm&r=g\",\"caption\":\"La Gu\u00eda de Pamplona\"}}]}<\/script>\n<!-- \/ Yoast SEO plugin. -->","yoast_head_json":{"title":"El Ayuntamiento de Pamplona continuar\u00e1 ofertando el programa educativo \u2018Conozcamos Pamplona\u2019 hasta junio de 2024","description":"La Junta de Gobierno Local ha aprobado la primera pr\u00f3rroga del programa, en el que este curso han participado 45 centros y 2.363 escolares","robots":{"index":"index","follow":"follow","max-snippet":"max-snippet:-1","max-image-preview":"max-image-preview:large","max-video-preview":"max-video-preview:-1"},"canonical":"https:\/\/www.laguiadepamplona.com\/actualidad\/el-ayuntamiento-de-pamplona-continuara-ofertando-el-programa-educativo-conozcamos-pamplona-hasta-junio-de-2024\/","og_locale":"es_ES","og_type":"article","og_title":"El Ayuntamiento de Pamplona continuar\u00e1 ofertando el programa educativo \u2018Conozcamos Pamplona\u2019 hasta junio de 2024","og_description":"La Junta de Gobierno Local ha aprobado la primera pr\u00f3rroga del programa, en el que este curso han participado 45 centros y 2.363 escolares","og_url":"https:\/\/www.laguiadepamplona.com\/actualidad\/el-ayuntamiento-de-pamplona-continuara-ofertando-el-programa-educativo-conozcamos-pamplona-hasta-junio-de-2024\/","og_site_name":"La Gu\u00eda de Pamplona","article_publisher":"https:\/\/www.facebook.com\/laguiadepamplonacom-133175176762273\/?ref=hl","article_published_time":"2023-08-10T17:55:21+00:00","og_image":[{"width":1200,"height":1036,"url":"https:\/\/www.laguiadepamplona.com\/actualidad\/wp-content\/uploads\/2023\/08\/visitas_ninos_guiadas_verano.webp","type":"image\/webp"}],"author":"La Gu\u00eda de Pamplona","twitter_card":"summary_large_image","twitter_creator":"@LaGuiadPamplona","twitter_site":"@LaGuiadPamplona","twitter_misc":{"Escrito por":"La Gu\u00eda de Pamplona","Tiempo de lectura":"2 minutos"},"schema":{"@context":"https:\/\/schema.org","@graph":[{"@type":"Article","@id":"https:\/\/www.laguiadepamplona.com\/actualidad\/el-ayuntamiento-de-pamplona-continuara-ofertando-el-programa-educativo-conozcamos-pamplona-hasta-junio-de-2024\/#article","isPartOf":{"@id":"https:\/\/www.laguiadepamplona.com\/actualidad\/el-ayuntamiento-de-pamplona-continuara-ofertando-el-programa-educativo-conozcamos-pamplona-hasta-junio-de-2024\/"},"author":{"name":"La Gu\u00eda de Pamplona","@id":"https:\/\/www.laguiadepamplona.com\/actualidad\/#\/schema\/person\/efe887376f0213d4657c93adc50b1fdb"},"headline":"El Ayuntamiento de Pamplona continuar\u00e1 ofertando el programa educativo \u2018Conozcamos Pamplona\u2019 hasta junio de 2024","datePublished":"2023-08-10T17:55:21+00:00","mainEntityOfPage":{"@id":"https:\/\/www.laguiadepamplona.com\/actualidad\/el-ayuntamiento-de-pamplona-continuara-ofertando-el-programa-educativo-conozcamos-pamplona-hasta-junio-de-2024\/"},"wordCount":389,"commentCount":0,"publisher":{"@id":"https:\/\/www.laguiadepamplona.com\/actualidad\/#organization"},"image":{"@id":"https:\/\/www.laguiadepamplona.com\/actualidad\/el-ayuntamiento-de-pamplona-continuara-ofertando-el-programa-educativo-conozcamos-pamplona-hasta-junio-de-2024\/#primaryimage"},"thumbnailUrl":"https:\/\/www.laguiadepamplona.com\/actualidad\/wp-content\/uploads\/2023\/08\/visitas_ninos_guiadas_verano.webp","articleSection":["Ayto Pamplona"],"inLanguage":"es","potentialAction":[{"@type":"CommentAction","name":"Comment","target":["https:\/\/www.laguiadepamplona.com\/actualidad\/el-ayuntamiento-de-pamplona-continuara-ofertando-el-programa-educativo-conozcamos-pamplona-hasta-junio-de-2024\/#respond"]}]},{"@type":"WebPage","@id":"https:\/\/www.laguiadepamplona.com\/actualidad\/el-ayuntamiento-de-pamplona-continuara-ofertando-el-programa-educativo-conozcamos-pamplona-hasta-junio-de-2024\/","url":"https:\/\/www.laguiadepamplona.com\/actualidad\/el-ayuntamiento-de-pamplona-continuara-ofertando-el-programa-educativo-conozcamos-pamplona-hasta-junio-de-2024\/","name":"El Ayuntamiento de Pamplona continuar\u00e1 ofertando el programa educativo \u2018Conozcamos Pamplona\u2019 hasta junio de 2024","isPartOf":{"@id":"https:\/\/www.laguiadepamplona.com\/actualidad\/#website"},"primaryImageOfPage":{"@id":"https:\/\/www.laguiadepamplona.com\/actualidad\/el-ayuntamiento-de-pamplona-continuara-ofertando-el-programa-educativo-conozcamos-pamplona-hasta-junio-de-2024\/#primaryimage"},"image":{"@id":"https:\/\/www.laguiadepamplona.com\/actualidad\/el-ayuntamiento-de-pamplona-continuara-ofertando-el-programa-educativo-conozcamos-pamplona-hasta-junio-de-2024\/#primaryimage"},"thumbnailUrl":"https:\/\/www.laguiadepamplona.com\/actualidad\/wp-content\/uploads\/2023\/08\/visitas_ninos_guiadas_verano.webp","datePublished":"2023-08-10T17:55:21+00:00","description":"La Junta de Gobierno Local ha aprobado la primera pr\u00f3rroga del programa, en el que este curso han participado 45 centros y 2.363 escolares","breadcrumb":{"@id":"https:\/\/www.laguiadepamplona.com\/actualidad\/el-ayuntamiento-de-pamplona-continuara-ofertando-el-programa-educativo-conozcamos-pamplona-hasta-junio-de-2024\/#breadcrumb"},"inLanguage":"es","potentialAction":[{"@type":"ReadAction","target":["https:\/\/www.laguiadepamplona.com\/actualidad\/el-ayuntamiento-de-pamplona-continuara-ofertando-el-programa-educativo-conozcamos-pamplona-hasta-junio-de-2024\/"]}]},{"@type":"ImageObject","inLanguage":"es","@id":"https:\/\/www.laguiadepamplona.com\/actualidad\/el-ayuntamiento-de-pamplona-continuara-ofertando-el-programa-educativo-conozcamos-pamplona-hasta-junio-de-2024\/#primaryimage","url":"https:\/\/www.laguiadepamplona.com\/actualidad\/wp-content\/uploads\/2023\/08\/visitas_ninos_guiadas_verano.webp","contentUrl":"https:\/\/www.laguiadepamplona.com\/actualidad\/wp-content\/uploads\/2023\/08\/visitas_ninos_guiadas_verano.webp","width":1200,"height":1036},{"@type":"BreadcrumbList","@id":"https:\/\/www.laguiadepamplona.com\/actualidad\/el-ayuntamiento-de-pamplona-continuara-ofertando-el-programa-educativo-conozcamos-pamplona-hasta-junio-de-2024\/#breadcrumb","itemListElement":[{"@type":"ListItem","position":1,"name":"Portada","item":"https:\/\/www.laguiadepamplona.com\/actualidad\/"},{"@type":"ListItem","position":2,"name":"El Ayuntamiento de Pamplona continuar\u00e1 ofertando el programa educativo \u2018Conozcamos Pamplona\u2019 hasta junio de 2024"}]},{"@type":"WebSite","@id":"https:\/\/www.laguiadepamplona.com\/actualidad\/#website","url":"https:\/\/www.laguiadepamplona.com\/actualidad\/","name":"La gu\u00eda de Pamplona","description":"Noticias de Pamplona","publisher":{"@id":"https:\/\/www.laguiadepamplona.com\/actualidad\/#organization"},"potentialAction":[{"@type":"SearchAction","target":{"@type":"EntryPoint","urlTemplate":"https:\/\/www.laguiadepamplona.com\/actualidad\/?s={search_term_string}"},"query-input":{"@type":"PropertyValueSpecification","valueRequired":true,"valueName":"search_term_string"}}],"inLanguage":"es"},{"@type":"Organization","@id":"https:\/\/www.laguiadepamplona.com\/actualidad\/#organization","name":"La Gu\u00eda de Pamplona \/ Noticias","url":"https:\/\/www.laguiadepamplona.com\/actualidad\/","logo":{"@type":"ImageObject","inLanguage":"es","@id":"https:\/\/www.laguiadepamplona.com\/actualidad\/#\/schema\/logo\/image\/","url":"https:\/\/www.laguiadepamplona.com\/actualidad\/wp-content\/uploads\/2018\/11\/logo-laguiadepamplona18-web1.png","contentUrl":"https:\/\/www.laguiadepamplona.com\/actualidad\/wp-content\/uploads\/2018\/11\/logo-laguiadepamplona18-web1.png","width":600,"height":196,"caption":"La Gu\u00eda de Pamplona \/ Noticias"},"image":{"@id":"https:\/\/www.laguiadepamplona.com\/actualidad\/#\/schema\/logo\/image\/"},"sameAs":["https:\/\/www.facebook.com\/laguiadepamplonacom-133175176762273\/?ref=hl","https:\/\/x.com\/LaGuiadPamplona","https:\/\/www.instagram.com\/la_guia_de_pamplona\/","https:\/\/www.youtube.com\/user\/laguiadepamplona"]},{"@type":"Person","@id":"https:\/\/www.laguiadepamplona.com\/actualidad\/#\/schema\/person\/efe887376f0213d4657c93adc50b1fdb","name":"La Gu\u00eda de Pamplona","image":{"@type":"ImageObject","inLanguage":"es","@id":"https:\/\/secure.gravatar.com\/avatar\/b6992f131dc8d30ab0dff15446e9d346d9dbd95992de0fef795073f5ea83a81c?s=96&d=mm&r=g","url":"https:\/\/secure.gravatar.com\/avatar\/b6992f131dc8d30ab0dff15446e9d346d9dbd95992de0fef795073f5ea83a81c?s=96&d=mm&r=g","contentUrl":"https:\/\/secure.gravatar.com\/avatar\/b6992f131dc8d30ab0dff15446e9d346d9dbd95992de0fef795073f5ea83a81c?s=96&d=mm&r=g","caption":"La Gu\u00eda de Pamplona"}}]}},"post_mailing_queue_ids":[],"_links":{"self":[{"href":"https:\/\/www.laguiadepamplona.com\/actualidad\/wp-json\/wp\/v2\/posts\/47275","targetHints":{"allow":["GET"]}}],"collection":[{"href":"https:\/\/www.laguiadepamplona.com\/actualidad\/wp-json\/wp\/v2\/posts"}],"about":[{"href":"https:\/\/www.laguiadepamplona.com\/actualidad\/wp-json\/wp\/v2\/types\/post"}],"author":[{"embeddable":true,"href":"https:\/\/www.laguiadepamplona.com\/actualidad\/wp-json\/wp\/v2\/users\/1"}],"replies":[{"embeddable":true,"href":"https:\/\/www.laguiadepamplona.com\/actualidad\/wp-json\/wp\/v2\/comments?post=47275"}],"version-history":[{"count":1,"href":"https:\/\/www.laguiadepamplona.com\/actualidad\/wp-json\/wp\/v2\/posts\/47275\/revisions"}],"predecessor-version":[{"id":47277,"href":"https:\/\/www.laguiadepamplona.com\/actualidad\/wp-json\/wp\/v2\/posts\/47275\/revisions\/47277"}],"wp:featuredmedia":[{"embeddable":true,"href":"https:\/\/www.laguiadepamplona.com\/actualidad\/wp-json\/wp\/v2\/media\/47276"}],"wp:attachment":[{"href":"https:\/\/www.laguiadepamplona.com\/actualidad\/wp-json\/wp\/v2\/media?parent=47275"}],"wp:term":[{"taxonomy":"category","embeddable":true,"href":"https:\/\/www.laguiadepamplona.com\/actualidad\/wp-json\/wp\/v2\/categories?post=47275"},{"taxonomy":"post_tag","embeddable":true,"href":"https:\/\/www.laguiadepamplona.com\/actualidad\/wp-json\/wp\/v2\/tags?post=47275"}],"curies":[{"name":"wp","href":"https:\/\/api.w.org\/{rel}","templated":true}]}}