{"id":47270,"date":"2023-08-09T12:32:04","date_gmt":"2023-08-09T10:32:04","guid":{"rendered":"https:\/\/www.laguiadepamplona.com\/actualidad\/?p=47270"},"modified":"2023-08-09T12:32:04","modified_gmt":"2023-08-09T10:32:04","slug":"pamplona-contara-con-un-nuevo-plan-estrategico-de-turismo-para-el-primer-trimestre-del-ano-que-viene","status":"publish","type":"post","link":"https:\/\/www.laguiadepamplona.com\/actualidad\/pamplona-contara-con-un-nuevo-plan-estrategico-de-turismo-para-el-primer-trimestre-del-ano-que-viene\/","title":{"rendered":"Pamplona contar\u00e1 con un nuevo Plan Estrat\u00e9gico de Turismo para el primer trimestre del a\u00f1o que viene"},"content":{"rendered":"<h3>La Junta de Gobierno aprob\u00f3 la semana pasada la adjudicaci\u00f3n del contrato para su elaboraci\u00f3n, financiado con fondos europeos Next Generation EU<\/h3>\n<p><!--more--><\/p>\n<p>La Junta de Gobierno Local del Ayuntamiento de Pamplona ha aprobado la adjudicaci\u00f3n de un contrato de servicios para la elaboraci\u00f3n del Plan Estrat\u00e9gico de Turismo 2023-2029. El documento deber\u00e1 redactarse en un plazo de cinco meses, por lo que estar\u00eda concluido para el primer trimestre del a\u00f1o que viene. Este trabajo se enmarca en el proyecto PSTD Pamplona SF365, que cuenta con financiaci\u00f3n europea a trav\u00e9s del Plan de Recuperaci\u00f3n, Transformaci\u00f3n y Resiliencia (PRTR) y los fondos Next Generation EU.<\/p>\n<p>El Plan Estrat\u00e9gico de Turismo proporcionar\u00e1 una herramienta de planificaci\u00f3n realista y alcanzable consensuada por los agentes p\u00fablicos, sociales y sector tur\u00edstico, adaptada al nuevo contexto tur\u00edstico, a las exigencias del DTI (Destino Tur\u00edstico Inteligente) y a la Agenda Urbana de Pamplona, as\u00ed como a las pol\u00edticas transversales de la ciudad, que garantice el trabajo conjunto para alcanzar los objetivos previstos. La elaboraci\u00f3n del plan se llevar\u00e1 a cabo en tres fases: plan de participaci\u00f3n y comunicaci\u00f3n, actualizaci\u00f3n del diagn\u00f3stico y definici\u00f3n de la Estrategia Tur\u00edstica 2023-2029.<\/p>\n<p>El plan de participaci\u00f3n y comunicaci\u00f3n definir\u00e1 la metodolog\u00eda de trabajo que asegure la coordinaci\u00f3n durante el proceso entre Ayuntamiento de Pamplona, Gobierno de Navarra y otras administraciones de rango superior (MICOTUR, Segittur y FEM), Comarca de Pamplona, redes en las que participa Pamplona (Asociaci\u00f3n de Municipios del Camino de Santiago, Saborea Espa\u00f1a, Red de Ciudades Inteligente, Red de Destinos Tur\u00edsticos Inteligentes, Spain Convention Bureau, Asociaci\u00f3n Navarra de Municipios del Camino de la Vera Cruz), agentes sectoriales y ciudadan\u00eda.<\/p>\n<p>En una segunda fase, la de diagn\u00f3stico de la oferta, se determinar\u00e1n aspectos de la demanda, los competidores, las tendencias de mercado, los actores relevantes, las infraestructuras y los productos tur\u00edsticos. El trabajo consistir\u00e1 en la actualizaci\u00f3n del diagn\u00f3stico realizado en el marco del Plan Estrat\u00e9gico de Turismo 2017-2019 de Pamplona y en el an\u00e1lisis espec\u00edfico de la situaci\u00f3n actual del turismo, con el enfoque transversal del DTI basado en cinco ejes: gobernanza, innovaci\u00f3n, tecnolog\u00eda, sostenibilidad y accesibilidad.<\/p>\n<p>La \u00faltima fase se centra en la definici\u00f3n de una estrategia tur\u00edstica en la que se deber\u00e1 incidir y responder a los aspectos exigibles en el nuevo escenario. Deber\u00e1 contener, como m\u00ednimo, la definici\u00f3n de la misi\u00f3n, visi\u00f3n y objetivos desde una visi\u00f3n de planificaci\u00f3n y gesti\u00f3n inteligente; la descripci\u00f3n de los tipos de programas o estrategias consensuadas que producen los resultados deseados; el desarrollo de medidas espec\u00edficas, medibles, alcanzables, relevantes y de duraci\u00f3n determinada alineadas a la estrategia DTI; el modelo de gesti\u00f3n, las necesidades en recursos humanos y econ\u00f3micos que favorezcan una gesti\u00f3n m\u00e1s eficiente de los recursos para la consecuci\u00f3n de los objetivos del plan; y un sistema de evaluaci\u00f3n, gesti\u00f3n del riesgo y propuesta de acciones correctoras del nuevo plan.<\/p>\n<p><strong>Planes de Sostenibilidad Tur\u00edstica en Destino<\/strong><\/p>\n<p>El Ayuntamiento de Pamplona aprob\u00f3 hace seis a\u00f1os el Plan Estrat\u00e9gico de Turismo de Iru\u00f1a-Pamplona 2017-2019, fruto del resultado de un trabajo colectivo entre instituciones, asociaciones, empresas, agentes sociales y profesionales diversos pertenecientes al sector tur\u00edstico que participaron en su proceso de elaboraci\u00f3n a partir de reuniones, entrevistas y mesas sectoriales de trabajo. El nuevo escenario surgido de la COVID-19, la transformaci\u00f3n de los destinos tur\u00edsticos hacia la sostenibilidad, la inclusi\u00f3n de Pamplona en la red DTI o los proyectos estrat\u00e9gicos recogidos en la Agenda Urbana de Pamplona son aspectos que deben abordarse en el nuevo plan.<\/p>\n<p>Ahora, a trav\u00e9s del Plan de Recuperaci\u00f3n, Transformaci\u00f3n y Resiliencia (PRTR) del Gobierno de Espa\u00f1a se apuesta por una l\u00ednea de inversi\u00f3n para la transformaci\u00f3n del modelo tur\u00edstico hacia la sostenibilidad, que incluye un Programa de Planes de Sostenibilidad Tur\u00edstica en Destinos. El objetivo que se persigue es implementar actuaciones de impulso de la sostenibilidad tur\u00edstica, Planes de Sostenibilidad Tur\u00edstica en Destinos en su triple vertiente: medioambiental, socioecon\u00f3mica y territorial que beneficien a los destinos tur\u00edsticos, a los agentes sociales y a los operadores privados del sector.<\/p>\n<p>Pamplona recibi\u00f3 una ayuda de 5.492.500 euros para el despliegue y desarrollo del Plan de Sostenibilidad Tur\u00edstica en Destino \u2018Pamplona SF365\u2019, a lo largo de tres a\u00f1os. Pamplona SF365 presenta 13 actuaciones vertebradas en cuatro ejes tem\u00e1ticos dedicados a la transici\u00f3n verde y sostenible, la mejora de la eficiencia energ\u00e9tica, la transici\u00f3n digital y la competitividad. Este contrato adjudicado forma parte de la l\u00ednea de actuaci\u00f3n 8. Gobernanza inteligente, que se corresponde con el tercer eje dedicado a la Transici\u00f3n Digital, y proporciona una herramienta de planificaci\u00f3n tur\u00edstica conforme al nuevo contexto tur\u00edstico para el trabajo conjunto del sector en el logro de los mismos objetivos. Toda la informaci\u00f3n se puede consultar en la web municipal, <a href=\"https:\/\/www.pamplona.es\/turismo\/turismosostenible\" target=\"_blank\" rel=\"noopener\">https:\/\/www.pamplona.es\/turismo\/turismosostenible<\/a>.<\/p>\n","protected":false},"excerpt":{"rendered":"<p>La Junta de Gobierno aprob\u00f3 la semana pasada la adjudicaci\u00f3n del contrato para su elaboraci\u00f3n, financiado con fondos europeos Next Generation EU<\/p>\n","protected":false},"author":1,"featured_media":41391,"comment_status":"open","ping_status":"closed","sticky":false,"template":"","format":"standard","meta":{"footnotes":""},"categories":[2],"tags":[],"class_list":["post-47270","post","type-post","status-publish","format-standard","has-post-thumbnail","hentry","category-ayuntamiento-pamplona"],"yoast_head":"<!-- This site is optimized with the Yoast SEO plugin v27.3 - https:\/\/yoast.com\/product\/yoast-seo-wordpress\/ -->\n<title>Pamplona contar\u00e1 con un nuevo Plan Estrat\u00e9gico de Turismo para el primer trimestre del a\u00f1o que viene<\/title>\n<meta name=\"description\" content=\"La Junta de Gobierno aprob\u00f3 la semana pasada la adjudicaci\u00f3n del contrato para su elaboraci\u00f3n, financiado con fondos europeos Next Generation EU\" \/>\n<meta name=\"robots\" content=\"index, follow, max-snippet:-1, max-image-preview:large, max-video-preview:-1\" \/>\n<link rel=\"canonical\" href=\"https:\/\/www.laguiadepamplona.com\/actualidad\/pamplona-contara-con-un-nuevo-plan-estrategico-de-turismo-para-el-primer-trimestre-del-ano-que-viene\/\" \/>\n<meta property=\"og:locale\" content=\"es_ES\" \/>\n<meta property=\"og:type\" content=\"article\" \/>\n<meta property=\"og:title\" content=\"Pamplona contar\u00e1 con un nuevo Plan Estrat\u00e9gico de Turismo para el primer trimestre del a\u00f1o que viene\" \/>\n<meta property=\"og:description\" content=\"La Junta de Gobierno aprob\u00f3 la semana pasada la adjudicaci\u00f3n del contrato para su elaboraci\u00f3n, financiado con fondos europeos Next Generation EU\" \/>\n<meta property=\"og:url\" content=\"https:\/\/www.laguiadepamplona.com\/actualidad\/pamplona-contara-con-un-nuevo-plan-estrategico-de-turismo-para-el-primer-trimestre-del-ano-que-viene\/\" \/>\n<meta property=\"og:site_name\" content=\"La Gu\u00eda de Pamplona\" \/>\n<meta property=\"article:publisher\" content=\"https:\/\/www.facebook.com\/laguiadepamplonacom-133175176762273\/?ref=hl\" \/>\n<meta property=\"article:published_time\" content=\"2023-08-09T10:32:04+00:00\" \/>\n<meta property=\"og:image\" content=\"https:\/\/www.laguiadepamplona.com\/actualidad\/wp-content\/uploads\/2022\/08\/reloj_ayuntamiento.webp\" \/>\n\t<meta property=\"og:image:width\" content=\"1920\" \/>\n\t<meta property=\"og:image:height\" content=\"1245\" \/>\n\t<meta property=\"og:image:type\" content=\"image\/webp\" \/>\n<meta name=\"author\" content=\"La Gu\u00eda de Pamplona\" \/>\n<meta name=\"twitter:card\" content=\"summary_large_image\" \/>\n<meta name=\"twitter:creator\" content=\"@LaGuiadPamplona\" \/>\n<meta name=\"twitter:site\" content=\"@LaGuiadPamplona\" \/>\n<meta name=\"twitter:label1\" content=\"Escrito por\" \/>\n\t<meta name=\"twitter:data1\" content=\"La Gu\u00eda de Pamplona\" \/>\n\t<meta name=\"twitter:label2\" content=\"Tiempo de lectura\" \/>\n\t<meta name=\"twitter:data2\" content=\"4 minutos\" \/>\n<script type=\"application\/ld+json\" class=\"yoast-schema-graph\">{\"@context\":\"https:\\\/\\\/schema.org\",\"@graph\":[{\"@type\":\"Article\",\"@id\":\"https:\\\/\\\/www.laguiadepamplona.com\\\/actualidad\\\/pamplona-contara-con-un-nuevo-plan-estrategico-de-turismo-para-el-primer-trimestre-del-ano-que-viene\\\/#article\",\"isPartOf\":{\"@id\":\"https:\\\/\\\/www.laguiadepamplona.com\\\/actualidad\\\/pamplona-contara-con-un-nuevo-plan-estrategico-de-turismo-para-el-primer-trimestre-del-ano-que-viene\\\/\"},\"author\":{\"name\":\"La Gu\u00eda de Pamplona\",\"@id\":\"https:\\\/\\\/www.laguiadepamplona.com\\\/actualidad\\\/#\\\/schema\\\/person\\\/efe887376f0213d4657c93adc50b1fdb\"},\"headline\":\"Pamplona contar\u00e1 con un nuevo Plan Estrat\u00e9gico de Turismo para el primer trimestre del a\u00f1o que viene\",\"datePublished\":\"2023-08-09T10:32:04+00:00\",\"mainEntityOfPage\":{\"@id\":\"https:\\\/\\\/www.laguiadepamplona.com\\\/actualidad\\\/pamplona-contara-con-un-nuevo-plan-estrategico-de-turismo-para-el-primer-trimestre-del-ano-que-viene\\\/\"},\"wordCount\":899,\"commentCount\":0,\"publisher\":{\"@id\":\"https:\\\/\\\/www.laguiadepamplona.com\\\/actualidad\\\/#organization\"},\"image\":{\"@id\":\"https:\\\/\\\/www.laguiadepamplona.com\\\/actualidad\\\/pamplona-contara-con-un-nuevo-plan-estrategico-de-turismo-para-el-primer-trimestre-del-ano-que-viene\\\/#primaryimage\"},\"thumbnailUrl\":\"https:\\\/\\\/www.laguiadepamplona.com\\\/actualidad\\\/wp-content\\\/uploads\\\/2022\\\/08\\\/reloj_ayuntamiento.webp\",\"articleSection\":[\"Ayto Pamplona\"],\"inLanguage\":\"es\",\"potentialAction\":[{\"@type\":\"CommentAction\",\"name\":\"Comment\",\"target\":[\"https:\\\/\\\/www.laguiadepamplona.com\\\/actualidad\\\/pamplona-contara-con-un-nuevo-plan-estrategico-de-turismo-para-el-primer-trimestre-del-ano-que-viene\\\/#respond\"]}]},{\"@type\":\"WebPage\",\"@id\":\"https:\\\/\\\/www.laguiadepamplona.com\\\/actualidad\\\/pamplona-contara-con-un-nuevo-plan-estrategico-de-turismo-para-el-primer-trimestre-del-ano-que-viene\\\/\",\"url\":\"https:\\\/\\\/www.laguiadepamplona.com\\\/actualidad\\\/pamplona-contara-con-un-nuevo-plan-estrategico-de-turismo-para-el-primer-trimestre-del-ano-que-viene\\\/\",\"name\":\"Pamplona contar\u00e1 con un nuevo Plan Estrat\u00e9gico de Turismo para el primer trimestre del a\u00f1o que viene\",\"isPartOf\":{\"@id\":\"https:\\\/\\\/www.laguiadepamplona.com\\\/actualidad\\\/#website\"},\"primaryImageOfPage\":{\"@id\":\"https:\\\/\\\/www.laguiadepamplona.com\\\/actualidad\\\/pamplona-contara-con-un-nuevo-plan-estrategico-de-turismo-para-el-primer-trimestre-del-ano-que-viene\\\/#primaryimage\"},\"image\":{\"@id\":\"https:\\\/\\\/www.laguiadepamplona.com\\\/actualidad\\\/pamplona-contara-con-un-nuevo-plan-estrategico-de-turismo-para-el-primer-trimestre-del-ano-que-viene\\\/#primaryimage\"},\"thumbnailUrl\":\"https:\\\/\\\/www.laguiadepamplona.com\\\/actualidad\\\/wp-content\\\/uploads\\\/2022\\\/08\\\/reloj_ayuntamiento.webp\",\"datePublished\":\"2023-08-09T10:32:04+00:00\",\"description\":\"La Junta de Gobierno aprob\u00f3 la semana pasada la adjudicaci\u00f3n del contrato para su elaboraci\u00f3n, financiado con fondos europeos Next Generation EU\",\"breadcrumb\":{\"@id\":\"https:\\\/\\\/www.laguiadepamplona.com\\\/actualidad\\\/pamplona-contara-con-un-nuevo-plan-estrategico-de-turismo-para-el-primer-trimestre-del-ano-que-viene\\\/#breadcrumb\"},\"inLanguage\":\"es\",\"potentialAction\":[{\"@type\":\"ReadAction\",\"target\":[\"https:\\\/\\\/www.laguiadepamplona.com\\\/actualidad\\\/pamplona-contara-con-un-nuevo-plan-estrategico-de-turismo-para-el-primer-trimestre-del-ano-que-viene\\\/\"]}]},{\"@type\":\"ImageObject\",\"inLanguage\":\"es\",\"@id\":\"https:\\\/\\\/www.laguiadepamplona.com\\\/actualidad\\\/pamplona-contara-con-un-nuevo-plan-estrategico-de-turismo-para-el-primer-trimestre-del-ano-que-viene\\\/#primaryimage\",\"url\":\"https:\\\/\\\/www.laguiadepamplona.com\\\/actualidad\\\/wp-content\\\/uploads\\\/2022\\\/08\\\/reloj_ayuntamiento.webp\",\"contentUrl\":\"https:\\\/\\\/www.laguiadepamplona.com\\\/actualidad\\\/wp-content\\\/uploads\\\/2022\\\/08\\\/reloj_ayuntamiento.webp\",\"width\":1920,\"height\":1245,\"caption\":\"ayuntamiento\"},{\"@type\":\"BreadcrumbList\",\"@id\":\"https:\\\/\\\/www.laguiadepamplona.com\\\/actualidad\\\/pamplona-contara-con-un-nuevo-plan-estrategico-de-turismo-para-el-primer-trimestre-del-ano-que-viene\\\/#breadcrumb\",\"itemListElement\":[{\"@type\":\"ListItem\",\"position\":1,\"name\":\"Portada\",\"item\":\"https:\\\/\\\/www.laguiadepamplona.com\\\/actualidad\\\/\"},{\"@type\":\"ListItem\",\"position\":2,\"name\":\"Pamplona contar\u00e1 con un nuevo Plan Estrat\u00e9gico de Turismo para el primer trimestre del a\u00f1o que viene\"}]},{\"@type\":\"WebSite\",\"@id\":\"https:\\\/\\\/www.laguiadepamplona.com\\\/actualidad\\\/#website\",\"url\":\"https:\\\/\\\/www.laguiadepamplona.com\\\/actualidad\\\/\",\"name\":\"La gu\u00eda de Pamplona\",\"description\":\"Noticias de Pamplona\",\"publisher\":{\"@id\":\"https:\\\/\\\/www.laguiadepamplona.com\\\/actualidad\\\/#organization\"},\"potentialAction\":[{\"@type\":\"SearchAction\",\"target\":{\"@type\":\"EntryPoint\",\"urlTemplate\":\"https:\\\/\\\/www.laguiadepamplona.com\\\/actualidad\\\/?s={search_term_string}\"},\"query-input\":{\"@type\":\"PropertyValueSpecification\",\"valueRequired\":true,\"valueName\":\"search_term_string\"}}],\"inLanguage\":\"es\"},{\"@type\":\"Organization\",\"@id\":\"https:\\\/\\\/www.laguiadepamplona.com\\\/actualidad\\\/#organization\",\"name\":\"La Gu\u00eda de Pamplona \\\/ Noticias\",\"url\":\"https:\\\/\\\/www.laguiadepamplona.com\\\/actualidad\\\/\",\"logo\":{\"@type\":\"ImageObject\",\"inLanguage\":\"es\",\"@id\":\"https:\\\/\\\/www.laguiadepamplona.com\\\/actualidad\\\/#\\\/schema\\\/logo\\\/image\\\/\",\"url\":\"https:\\\/\\\/www.laguiadepamplona.com\\\/actualidad\\\/wp-content\\\/uploads\\\/2018\\\/11\\\/logo-laguiadepamplona18-web1.png\",\"contentUrl\":\"https:\\\/\\\/www.laguiadepamplona.com\\\/actualidad\\\/wp-content\\\/uploads\\\/2018\\\/11\\\/logo-laguiadepamplona18-web1.png\",\"width\":600,\"height\":196,\"caption\":\"La Gu\u00eda de Pamplona \\\/ Noticias\"},\"image\":{\"@id\":\"https:\\\/\\\/www.laguiadepamplona.com\\\/actualidad\\\/#\\\/schema\\\/logo\\\/image\\\/\"},\"sameAs\":[\"https:\\\/\\\/www.facebook.com\\\/laguiadepamplonacom-133175176762273\\\/?ref=hl\",\"https:\\\/\\\/x.com\\\/LaGuiadPamplona\",\"https:\\\/\\\/www.instagram.com\\\/la_guia_de_pamplona\\\/\",\"https:\\\/\\\/www.youtube.com\\\/user\\\/laguiadepamplona\"]},{\"@type\":\"Person\",\"@id\":\"https:\\\/\\\/www.laguiadepamplona.com\\\/actualidad\\\/#\\\/schema\\\/person\\\/efe887376f0213d4657c93adc50b1fdb\",\"name\":\"La Gu\u00eda de Pamplona\",\"image\":{\"@type\":\"ImageObject\",\"inLanguage\":\"es\",\"@id\":\"https:\\\/\\\/secure.gravatar.com\\\/avatar\\\/b6992f131dc8d30ab0dff15446e9d346d9dbd95992de0fef795073f5ea83a81c?s=96&d=mm&r=g\",\"url\":\"https:\\\/\\\/secure.gravatar.com\\\/avatar\\\/b6992f131dc8d30ab0dff15446e9d346d9dbd95992de0fef795073f5ea83a81c?s=96&d=mm&r=g\",\"contentUrl\":\"https:\\\/\\\/secure.gravatar.com\\\/avatar\\\/b6992f131dc8d30ab0dff15446e9d346d9dbd95992de0fef795073f5ea83a81c?s=96&d=mm&r=g\",\"caption\":\"La Gu\u00eda de Pamplona\"}}]}<\/script>\n<!-- \/ Yoast SEO plugin. -->","yoast_head_json":{"title":"Pamplona contar\u00e1 con un nuevo Plan Estrat\u00e9gico de Turismo para el primer trimestre del a\u00f1o que viene","description":"La Junta de Gobierno aprob\u00f3 la semana pasada la adjudicaci\u00f3n del contrato para su elaboraci\u00f3n, financiado con fondos europeos Next Generation EU","robots":{"index":"index","follow":"follow","max-snippet":"max-snippet:-1","max-image-preview":"max-image-preview:large","max-video-preview":"max-video-preview:-1"},"canonical":"https:\/\/www.laguiadepamplona.com\/actualidad\/pamplona-contara-con-un-nuevo-plan-estrategico-de-turismo-para-el-primer-trimestre-del-ano-que-viene\/","og_locale":"es_ES","og_type":"article","og_title":"Pamplona contar\u00e1 con un nuevo Plan Estrat\u00e9gico de Turismo para el primer trimestre del a\u00f1o que viene","og_description":"La Junta de Gobierno aprob\u00f3 la semana pasada la adjudicaci\u00f3n del contrato para su elaboraci\u00f3n, financiado con fondos europeos Next Generation EU","og_url":"https:\/\/www.laguiadepamplona.com\/actualidad\/pamplona-contara-con-un-nuevo-plan-estrategico-de-turismo-para-el-primer-trimestre-del-ano-que-viene\/","og_site_name":"La Gu\u00eda de Pamplona","article_publisher":"https:\/\/www.facebook.com\/laguiadepamplonacom-133175176762273\/?ref=hl","article_published_time":"2023-08-09T10:32:04+00:00","og_image":[{"width":1920,"height":1245,"url":"https:\/\/www.laguiadepamplona.com\/actualidad\/wp-content\/uploads\/2022\/08\/reloj_ayuntamiento.webp","type":"image\/webp"}],"author":"La Gu\u00eda de Pamplona","twitter_card":"summary_large_image","twitter_creator":"@LaGuiadPamplona","twitter_site":"@LaGuiadPamplona","twitter_misc":{"Escrito por":"La Gu\u00eda de Pamplona","Tiempo de lectura":"4 minutos"},"schema":{"@context":"https:\/\/schema.org","@graph":[{"@type":"Article","@id":"https:\/\/www.laguiadepamplona.com\/actualidad\/pamplona-contara-con-un-nuevo-plan-estrategico-de-turismo-para-el-primer-trimestre-del-ano-que-viene\/#article","isPartOf":{"@id":"https:\/\/www.laguiadepamplona.com\/actualidad\/pamplona-contara-con-un-nuevo-plan-estrategico-de-turismo-para-el-primer-trimestre-del-ano-que-viene\/"},"author":{"name":"La Gu\u00eda de Pamplona","@id":"https:\/\/www.laguiadepamplona.com\/actualidad\/#\/schema\/person\/efe887376f0213d4657c93adc50b1fdb"},"headline":"Pamplona contar\u00e1 con un nuevo Plan Estrat\u00e9gico de Turismo para el primer trimestre del a\u00f1o que viene","datePublished":"2023-08-09T10:32:04+00:00","mainEntityOfPage":{"@id":"https:\/\/www.laguiadepamplona.com\/actualidad\/pamplona-contara-con-un-nuevo-plan-estrategico-de-turismo-para-el-primer-trimestre-del-ano-que-viene\/"},"wordCount":899,"commentCount":0,"publisher":{"@id":"https:\/\/www.laguiadepamplona.com\/actualidad\/#organization"},"image":{"@id":"https:\/\/www.laguiadepamplona.com\/actualidad\/pamplona-contara-con-un-nuevo-plan-estrategico-de-turismo-para-el-primer-trimestre-del-ano-que-viene\/#primaryimage"},"thumbnailUrl":"https:\/\/www.laguiadepamplona.com\/actualidad\/wp-content\/uploads\/2022\/08\/reloj_ayuntamiento.webp","articleSection":["Ayto Pamplona"],"inLanguage":"es","potentialAction":[{"@type":"CommentAction","name":"Comment","target":["https:\/\/www.laguiadepamplona.com\/actualidad\/pamplona-contara-con-un-nuevo-plan-estrategico-de-turismo-para-el-primer-trimestre-del-ano-que-viene\/#respond"]}]},{"@type":"WebPage","@id":"https:\/\/www.laguiadepamplona.com\/actualidad\/pamplona-contara-con-un-nuevo-plan-estrategico-de-turismo-para-el-primer-trimestre-del-ano-que-viene\/","url":"https:\/\/www.laguiadepamplona.com\/actualidad\/pamplona-contara-con-un-nuevo-plan-estrategico-de-turismo-para-el-primer-trimestre-del-ano-que-viene\/","name":"Pamplona contar\u00e1 con un nuevo Plan Estrat\u00e9gico de Turismo para el primer trimestre del a\u00f1o que viene","isPartOf":{"@id":"https:\/\/www.laguiadepamplona.com\/actualidad\/#website"},"primaryImageOfPage":{"@id":"https:\/\/www.laguiadepamplona.com\/actualidad\/pamplona-contara-con-un-nuevo-plan-estrategico-de-turismo-para-el-primer-trimestre-del-ano-que-viene\/#primaryimage"},"image":{"@id":"https:\/\/www.laguiadepamplona.com\/actualidad\/pamplona-contara-con-un-nuevo-plan-estrategico-de-turismo-para-el-primer-trimestre-del-ano-que-viene\/#primaryimage"},"thumbnailUrl":"https:\/\/www.laguiadepamplona.com\/actualidad\/wp-content\/uploads\/2022\/08\/reloj_ayuntamiento.webp","datePublished":"2023-08-09T10:32:04+00:00","description":"La Junta de Gobierno aprob\u00f3 la semana pasada la adjudicaci\u00f3n del contrato para su elaboraci\u00f3n, financiado con fondos europeos Next Generation EU","breadcrumb":{"@id":"https:\/\/www.laguiadepamplona.com\/actualidad\/pamplona-contara-con-un-nuevo-plan-estrategico-de-turismo-para-el-primer-trimestre-del-ano-que-viene\/#breadcrumb"},"inLanguage":"es","potentialAction":[{"@type":"ReadAction","target":["https:\/\/www.laguiadepamplona.com\/actualidad\/pamplona-contara-con-un-nuevo-plan-estrategico-de-turismo-para-el-primer-trimestre-del-ano-que-viene\/"]}]},{"@type":"ImageObject","inLanguage":"es","@id":"https:\/\/www.laguiadepamplona.com\/actualidad\/pamplona-contara-con-un-nuevo-plan-estrategico-de-turismo-para-el-primer-trimestre-del-ano-que-viene\/#primaryimage","url":"https:\/\/www.laguiadepamplona.com\/actualidad\/wp-content\/uploads\/2022\/08\/reloj_ayuntamiento.webp","contentUrl":"https:\/\/www.laguiadepamplona.com\/actualidad\/wp-content\/uploads\/2022\/08\/reloj_ayuntamiento.webp","width":1920,"height":1245,"caption":"ayuntamiento"},{"@type":"BreadcrumbList","@id":"https:\/\/www.laguiadepamplona.com\/actualidad\/pamplona-contara-con-un-nuevo-plan-estrategico-de-turismo-para-el-primer-trimestre-del-ano-que-viene\/#breadcrumb","itemListElement":[{"@type":"ListItem","position":1,"name":"Portada","item":"https:\/\/www.laguiadepamplona.com\/actualidad\/"},{"@type":"ListItem","position":2,"name":"Pamplona contar\u00e1 con un nuevo Plan Estrat\u00e9gico de Turismo para el primer trimestre del a\u00f1o que viene"}]},{"@type":"WebSite","@id":"https:\/\/www.laguiadepamplona.com\/actualidad\/#website","url":"https:\/\/www.laguiadepamplona.com\/actualidad\/","name":"La gu\u00eda de Pamplona","description":"Noticias de Pamplona","publisher":{"@id":"https:\/\/www.laguiadepamplona.com\/actualidad\/#organization"},"potentialAction":[{"@type":"SearchAction","target":{"@type":"EntryPoint","urlTemplate":"https:\/\/www.laguiadepamplona.com\/actualidad\/?s={search_term_string}"},"query-input":{"@type":"PropertyValueSpecification","valueRequired":true,"valueName":"search_term_string"}}],"inLanguage":"es"},{"@type":"Organization","@id":"https:\/\/www.laguiadepamplona.com\/actualidad\/#organization","name":"La Gu\u00eda de Pamplona \/ Noticias","url":"https:\/\/www.laguiadepamplona.com\/actualidad\/","logo":{"@type":"ImageObject","inLanguage":"es","@id":"https:\/\/www.laguiadepamplona.com\/actualidad\/#\/schema\/logo\/image\/","url":"https:\/\/www.laguiadepamplona.com\/actualidad\/wp-content\/uploads\/2018\/11\/logo-laguiadepamplona18-web1.png","contentUrl":"https:\/\/www.laguiadepamplona.com\/actualidad\/wp-content\/uploads\/2018\/11\/logo-laguiadepamplona18-web1.png","width":600,"height":196,"caption":"La Gu\u00eda de Pamplona \/ Noticias"},"image":{"@id":"https:\/\/www.laguiadepamplona.com\/actualidad\/#\/schema\/logo\/image\/"},"sameAs":["https:\/\/www.facebook.com\/laguiadepamplonacom-133175176762273\/?ref=hl","https:\/\/x.com\/LaGuiadPamplona","https:\/\/www.instagram.com\/la_guia_de_pamplona\/","https:\/\/www.youtube.com\/user\/laguiadepamplona"]},{"@type":"Person","@id":"https:\/\/www.laguiadepamplona.com\/actualidad\/#\/schema\/person\/efe887376f0213d4657c93adc50b1fdb","name":"La Gu\u00eda de Pamplona","image":{"@type":"ImageObject","inLanguage":"es","@id":"https:\/\/secure.gravatar.com\/avatar\/b6992f131dc8d30ab0dff15446e9d346d9dbd95992de0fef795073f5ea83a81c?s=96&d=mm&r=g","url":"https:\/\/secure.gravatar.com\/avatar\/b6992f131dc8d30ab0dff15446e9d346d9dbd95992de0fef795073f5ea83a81c?s=96&d=mm&r=g","contentUrl":"https:\/\/secure.gravatar.com\/avatar\/b6992f131dc8d30ab0dff15446e9d346d9dbd95992de0fef795073f5ea83a81c?s=96&d=mm&r=g","caption":"La Gu\u00eda de Pamplona"}}]}},"post_mailing_queue_ids":[],"_links":{"self":[{"href":"https:\/\/www.laguiadepamplona.com\/actualidad\/wp-json\/wp\/v2\/posts\/47270","targetHints":{"allow":["GET"]}}],"collection":[{"href":"https:\/\/www.laguiadepamplona.com\/actualidad\/wp-json\/wp\/v2\/posts"}],"about":[{"href":"https:\/\/www.laguiadepamplona.com\/actualidad\/wp-json\/wp\/v2\/types\/post"}],"author":[{"embeddable":true,"href":"https:\/\/www.laguiadepamplona.com\/actualidad\/wp-json\/wp\/v2\/users\/1"}],"replies":[{"embeddable":true,"href":"https:\/\/www.laguiadepamplona.com\/actualidad\/wp-json\/wp\/v2\/comments?post=47270"}],"version-history":[{"count":1,"href":"https:\/\/www.laguiadepamplona.com\/actualidad\/wp-json\/wp\/v2\/posts\/47270\/revisions"}],"predecessor-version":[{"id":47271,"href":"https:\/\/www.laguiadepamplona.com\/actualidad\/wp-json\/wp\/v2\/posts\/47270\/revisions\/47271"}],"wp:featuredmedia":[{"embeddable":true,"href":"https:\/\/www.laguiadepamplona.com\/actualidad\/wp-json\/wp\/v2\/media\/41391"}],"wp:attachment":[{"href":"https:\/\/www.laguiadepamplona.com\/actualidad\/wp-json\/wp\/v2\/media?parent=47270"}],"wp:term":[{"taxonomy":"category","embeddable":true,"href":"https:\/\/www.laguiadepamplona.com\/actualidad\/wp-json\/wp\/v2\/categories?post=47270"},{"taxonomy":"post_tag","embeddable":true,"href":"https:\/\/www.laguiadepamplona.com\/actualidad\/wp-json\/wp\/v2\/tags?post=47270"}],"curies":[{"name":"wp","href":"https:\/\/api.w.org\/{rel}","templated":true}]}}