{"id":47268,"date":"2023-08-09T12:30:47","date_gmt":"2023-08-09T10:30:47","guid":{"rendered":"https:\/\/www.laguiadepamplona.com\/actualidad\/?p=47268"},"modified":"2023-08-09T12:30:47","modified_gmt":"2023-08-09T10:30:47","slug":"dos-supernoches-de-cine-para-acabar-la-semana-superestrellas-del-baloncesto-y-supervillanos-con-space-jam-nuevas-leyendas-y-minions-el-origen-de-gru","status":"publish","type":"post","link":"https:\/\/www.laguiadepamplona.com\/actualidad\/dos-supernoches-de-cine-para-acabar-la-semana-superestrellas-del-baloncesto-y-supervillanos-con-space-jam-nuevas-leyendas-y-minions-el-origen-de-gru\/","title":{"rendered":"Dos supernoches de cine para acabar la semana: superestrellas del baloncesto y supervillanos con \u2018Space Jam: nuevas leyendas\u2019 y \u2018Minions, el origen de Gru\u2019"},"content":{"rendered":"<h3>Las sesiones ser\u00e1n en el parque del Lago de Mendillorri y en la plaza Maravillas Lamberto de Lezkairu, respectivamente<\/h3>\n<p><!--more--><\/p>\n<p>Contin\u00faan las noches de cine. Tras la proyecci\u00f3n esta noche de \u2018Coda, los sonidos del silencio\u2019 (2021, EEUU, 111\u2019) en Yamaguchi, ma\u00f1ana jueves el parque del Lago de Mendillorri acoger\u00e1 a las 22 horas la proyecci\u00f3n en euskera de \u2018Space Jam: nuevas leyendas\u2019 (2021, EEUU, 120\u2019). La pel\u00edcula es un filme familiar de animaci\u00f3n sobre la superestrella de la NBA, LeBron James, en la que ell deportista decide unirse a Bugs Bunny y al resto de los Looney Tunes. La pel\u00edcula es la esperada secuela de la cinta del mismo nombre estrenada en 1996.<\/p>\n<p>Y el viernes, las butacas se pondr\u00e1n en la plaza Maravillas Lamberto de Lezkairu, de nuevo con una secuela de cine de animaci\u00f3n para p\u00fablico familiar. \u2018Minions, el origen de Gru\u2019 (2022, EEUU, 86\u2019) cuenta la historia de este supervillano que siempre va acompa\u00f1ado por sus ca\u00f3ticos seguidores amarillos. El argumento se desarrolla en los a\u00f1os 70 y Gru en un barrio residencial. El jovencito Gru es fan incondicional de un famoso supergrupo de villanos, &#8216;Los salvajes 6&#8217;, y quiere hacer m\u00e9ritos para formar parte de ese equipo. Gru idea un plan para demostrarles que es lo suficientemente malvado. Ser\u00e1 un buen momento para montar su primera guarida, experimentar con sus primeras armas y llevar a cabo sus primeras misiones.<\/p>\n<h3>Noches de cine 2023<\/h3>\n<ul>\n<li>Jueves 10 de agosto. Parque del Lago. Mendillorri\n<ul>\n<li>\u2018Space Jam. Aro Berria\u2019. En euskera (2021, EEUU, 120\u2019)<\/li>\n<\/ul>\n<\/li>\n<li>Viernes 11 de agosto. Plaza Maravillas Lamberto. Lezkairu\n<ul>\n<li>\u2018Minions, el origen de Gru\u2019. (2022, EEUU, 86\u2019)<\/li>\n<\/ul>\n<\/li>\n<\/ul>\n","protected":false},"excerpt":{"rendered":"<p>Las sesiones ser\u00e1n en el parque del Lago de Mendillorri y en la plaza Maravillas Lamberto de Lezkairu, respectivamente<\/p>\n","protected":false},"author":1,"featured_media":23391,"comment_status":"open","ping_status":"closed","sticky":false,"template":"","format":"standard","meta":{"footnotes":""},"categories":[2],"tags":[],"class_list":["post-47268","post","type-post","status-publish","format-standard","has-post-thumbnail","hentry","category-ayuntamiento-pamplona"],"yoast_head":"<!-- This site is optimized with the Yoast SEO plugin v27.3 - https:\/\/yoast.com\/product\/yoast-seo-wordpress\/ -->\n<title>Dos supernoches de cine para acabar la semana: superestrellas del baloncesto y supervillanos con \u2018Space Jam: nuevas leyendas\u2019 y \u2018Minions, el origen de Gru\u2019<\/title>\n<meta name=\"description\" content=\"Las sesiones ser\u00e1n en el parque del Lago de Mendillorri y en la plaza Maravillas Lamberto de Lezkairu, respectivamente\" \/>\n<meta name=\"robots\" content=\"index, follow, max-snippet:-1, max-image-preview:large, max-video-preview:-1\" \/>\n<link rel=\"canonical\" href=\"https:\/\/www.laguiadepamplona.com\/actualidad\/dos-supernoches-de-cine-para-acabar-la-semana-superestrellas-del-baloncesto-y-supervillanos-con-space-jam-nuevas-leyendas-y-minions-el-origen-de-gru\/\" \/>\n<meta property=\"og:locale\" content=\"es_ES\" \/>\n<meta property=\"og:type\" content=\"article\" \/>\n<meta property=\"og:title\" content=\"Dos supernoches de cine para acabar la semana: superestrellas del baloncesto y supervillanos con \u2018Space Jam: nuevas leyendas\u2019 y \u2018Minions, el origen de Gru\u2019\" \/>\n<meta property=\"og:description\" content=\"Las sesiones ser\u00e1n en el parque del Lago de Mendillorri y en la plaza Maravillas Lamberto de Lezkairu, respectivamente\" \/>\n<meta property=\"og:url\" content=\"https:\/\/www.laguiadepamplona.com\/actualidad\/dos-supernoches-de-cine-para-acabar-la-semana-superestrellas-del-baloncesto-y-supervillanos-con-space-jam-nuevas-leyendas-y-minions-el-origen-de-gru\/\" \/>\n<meta property=\"og:site_name\" content=\"La Gu\u00eda de Pamplona\" \/>\n<meta property=\"article:publisher\" content=\"https:\/\/www.facebook.com\/laguiadepamplonacom-133175176762273\/?ref=hl\" \/>\n<meta property=\"article:published_time\" content=\"2023-08-09T10:30:47+00:00\" \/>\n<meta property=\"og:image\" content=\"https:\/\/www.laguiadepamplona.com\/actualidad\/wp-content\/uploads\/2019\/07\/noches-de-cine.jpg\" \/>\n\t<meta property=\"og:image:width\" content=\"1800\" \/>\n\t<meta property=\"og:image:height\" content=\"1035\" \/>\n\t<meta property=\"og:image:type\" content=\"image\/jpeg\" \/>\n<meta name=\"author\" content=\"La Gu\u00eda de Pamplona\" \/>\n<meta name=\"twitter:card\" content=\"summary_large_image\" \/>\n<meta name=\"twitter:creator\" content=\"@LaGuiadPamplona\" \/>\n<meta name=\"twitter:site\" content=\"@LaGuiadPamplona\" \/>\n<meta name=\"twitter:label1\" content=\"Escrito por\" \/>\n\t<meta name=\"twitter:data1\" content=\"La Gu\u00eda de Pamplona\" \/>\n\t<meta name=\"twitter:label2\" content=\"Tiempo de lectura\" \/>\n\t<meta name=\"twitter:data2\" content=\"2 minutos\" \/>\n<script type=\"application\/ld+json\" class=\"yoast-schema-graph\">{\"@context\":\"https:\\\/\\\/schema.org\",\"@graph\":[{\"@type\":\"Article\",\"@id\":\"https:\\\/\\\/www.laguiadepamplona.com\\\/actualidad\\\/dos-supernoches-de-cine-para-acabar-la-semana-superestrellas-del-baloncesto-y-supervillanos-con-space-jam-nuevas-leyendas-y-minions-el-origen-de-gru\\\/#article\",\"isPartOf\":{\"@id\":\"https:\\\/\\\/www.laguiadepamplona.com\\\/actualidad\\\/dos-supernoches-de-cine-para-acabar-la-semana-superestrellas-del-baloncesto-y-supervillanos-con-space-jam-nuevas-leyendas-y-minions-el-origen-de-gru\\\/\"},\"author\":{\"name\":\"La Gu\u00eda de Pamplona\",\"@id\":\"https:\\\/\\\/www.laguiadepamplona.com\\\/actualidad\\\/#\\\/schema\\\/person\\\/efe887376f0213d4657c93adc50b1fdb\"},\"headline\":\"Dos supernoches de cine para acabar la semana: superestrellas del baloncesto y supervillanos con \u2018Space Jam: nuevas leyendas\u2019 y \u2018Minions, el origen de Gru\u2019\",\"datePublished\":\"2023-08-09T10:30:47+00:00\",\"mainEntityOfPage\":{\"@id\":\"https:\\\/\\\/www.laguiadepamplona.com\\\/actualidad\\\/dos-supernoches-de-cine-para-acabar-la-semana-superestrellas-del-baloncesto-y-supervillanos-con-space-jam-nuevas-leyendas-y-minions-el-origen-de-gru\\\/\"},\"wordCount\":292,\"commentCount\":0,\"publisher\":{\"@id\":\"https:\\\/\\\/www.laguiadepamplona.com\\\/actualidad\\\/#organization\"},\"image\":{\"@id\":\"https:\\\/\\\/www.laguiadepamplona.com\\\/actualidad\\\/dos-supernoches-de-cine-para-acabar-la-semana-superestrellas-del-baloncesto-y-supervillanos-con-space-jam-nuevas-leyendas-y-minions-el-origen-de-gru\\\/#primaryimage\"},\"thumbnailUrl\":\"https:\\\/\\\/www.laguiadepamplona.com\\\/actualidad\\\/wp-content\\\/uploads\\\/2019\\\/07\\\/noches-de-cine.jpg\",\"articleSection\":[\"Ayto Pamplona\"],\"inLanguage\":\"es\",\"potentialAction\":[{\"@type\":\"CommentAction\",\"name\":\"Comment\",\"target\":[\"https:\\\/\\\/www.laguiadepamplona.com\\\/actualidad\\\/dos-supernoches-de-cine-para-acabar-la-semana-superestrellas-del-baloncesto-y-supervillanos-con-space-jam-nuevas-leyendas-y-minions-el-origen-de-gru\\\/#respond\"]}]},{\"@type\":\"WebPage\",\"@id\":\"https:\\\/\\\/www.laguiadepamplona.com\\\/actualidad\\\/dos-supernoches-de-cine-para-acabar-la-semana-superestrellas-del-baloncesto-y-supervillanos-con-space-jam-nuevas-leyendas-y-minions-el-origen-de-gru\\\/\",\"url\":\"https:\\\/\\\/www.laguiadepamplona.com\\\/actualidad\\\/dos-supernoches-de-cine-para-acabar-la-semana-superestrellas-del-baloncesto-y-supervillanos-con-space-jam-nuevas-leyendas-y-minions-el-origen-de-gru\\\/\",\"name\":\"Dos supernoches de cine para acabar la semana: superestrellas del baloncesto y supervillanos con \u2018Space Jam: nuevas leyendas\u2019 y \u2018Minions, el origen de Gru\u2019\",\"isPartOf\":{\"@id\":\"https:\\\/\\\/www.laguiadepamplona.com\\\/actualidad\\\/#website\"},\"primaryImageOfPage\":{\"@id\":\"https:\\\/\\\/www.laguiadepamplona.com\\\/actualidad\\\/dos-supernoches-de-cine-para-acabar-la-semana-superestrellas-del-baloncesto-y-supervillanos-con-space-jam-nuevas-leyendas-y-minions-el-origen-de-gru\\\/#primaryimage\"},\"image\":{\"@id\":\"https:\\\/\\\/www.laguiadepamplona.com\\\/actualidad\\\/dos-supernoches-de-cine-para-acabar-la-semana-superestrellas-del-baloncesto-y-supervillanos-con-space-jam-nuevas-leyendas-y-minions-el-origen-de-gru\\\/#primaryimage\"},\"thumbnailUrl\":\"https:\\\/\\\/www.laguiadepamplona.com\\\/actualidad\\\/wp-content\\\/uploads\\\/2019\\\/07\\\/noches-de-cine.jpg\",\"datePublished\":\"2023-08-09T10:30:47+00:00\",\"description\":\"Las sesiones ser\u00e1n en el parque del Lago de Mendillorri y en la plaza Maravillas Lamberto de Lezkairu, respectivamente\",\"breadcrumb\":{\"@id\":\"https:\\\/\\\/www.laguiadepamplona.com\\\/actualidad\\\/dos-supernoches-de-cine-para-acabar-la-semana-superestrellas-del-baloncesto-y-supervillanos-con-space-jam-nuevas-leyendas-y-minions-el-origen-de-gru\\\/#breadcrumb\"},\"inLanguage\":\"es\",\"potentialAction\":[{\"@type\":\"ReadAction\",\"target\":[\"https:\\\/\\\/www.laguiadepamplona.com\\\/actualidad\\\/dos-supernoches-de-cine-para-acabar-la-semana-superestrellas-del-baloncesto-y-supervillanos-con-space-jam-nuevas-leyendas-y-minions-el-origen-de-gru\\\/\"]}]},{\"@type\":\"ImageObject\",\"inLanguage\":\"es\",\"@id\":\"https:\\\/\\\/www.laguiadepamplona.com\\\/actualidad\\\/dos-supernoches-de-cine-para-acabar-la-semana-superestrellas-del-baloncesto-y-supervillanos-con-space-jam-nuevas-leyendas-y-minions-el-origen-de-gru\\\/#primaryimage\",\"url\":\"https:\\\/\\\/www.laguiadepamplona.com\\\/actualidad\\\/wp-content\\\/uploads\\\/2019\\\/07\\\/noches-de-cine.jpg\",\"contentUrl\":\"https:\\\/\\\/www.laguiadepamplona.com\\\/actualidad\\\/wp-content\\\/uploads\\\/2019\\\/07\\\/noches-de-cine.jpg\",\"width\":1800,\"height\":1035,\"caption\":\"noches de cine\"},{\"@type\":\"BreadcrumbList\",\"@id\":\"https:\\\/\\\/www.laguiadepamplona.com\\\/actualidad\\\/dos-supernoches-de-cine-para-acabar-la-semana-superestrellas-del-baloncesto-y-supervillanos-con-space-jam-nuevas-leyendas-y-minions-el-origen-de-gru\\\/#breadcrumb\",\"itemListElement\":[{\"@type\":\"ListItem\",\"position\":1,\"name\":\"Portada\",\"item\":\"https:\\\/\\\/www.laguiadepamplona.com\\\/actualidad\\\/\"},{\"@type\":\"ListItem\",\"position\":2,\"name\":\"Dos supernoches de cine para acabar la semana: superestrellas del baloncesto y supervillanos con \u2018Space Jam: nuevas leyendas\u2019 y \u2018Minions, el origen de Gru\u2019\"}]},{\"@type\":\"WebSite\",\"@id\":\"https:\\\/\\\/www.laguiadepamplona.com\\\/actualidad\\\/#website\",\"url\":\"https:\\\/\\\/www.laguiadepamplona.com\\\/actualidad\\\/\",\"name\":\"La gu\u00eda de Pamplona\",\"description\":\"Noticias de Pamplona\",\"publisher\":{\"@id\":\"https:\\\/\\\/www.laguiadepamplona.com\\\/actualidad\\\/#organization\"},\"potentialAction\":[{\"@type\":\"SearchAction\",\"target\":{\"@type\":\"EntryPoint\",\"urlTemplate\":\"https:\\\/\\\/www.laguiadepamplona.com\\\/actualidad\\\/?s={search_term_string}\"},\"query-input\":{\"@type\":\"PropertyValueSpecification\",\"valueRequired\":true,\"valueName\":\"search_term_string\"}}],\"inLanguage\":\"es\"},{\"@type\":\"Organization\",\"@id\":\"https:\\\/\\\/www.laguiadepamplona.com\\\/actualidad\\\/#organization\",\"name\":\"La Gu\u00eda de Pamplona \\\/ Noticias\",\"url\":\"https:\\\/\\\/www.laguiadepamplona.com\\\/actualidad\\\/\",\"logo\":{\"@type\":\"ImageObject\",\"inLanguage\":\"es\",\"@id\":\"https:\\\/\\\/www.laguiadepamplona.com\\\/actualidad\\\/#\\\/schema\\\/logo\\\/image\\\/\",\"url\":\"https:\\\/\\\/www.laguiadepamplona.com\\\/actualidad\\\/wp-content\\\/uploads\\\/2018\\\/11\\\/logo-laguiadepamplona18-web1.png\",\"contentUrl\":\"https:\\\/\\\/www.laguiadepamplona.com\\\/actualidad\\\/wp-content\\\/uploads\\\/2018\\\/11\\\/logo-laguiadepamplona18-web1.png\",\"width\":600,\"height\":196,\"caption\":\"La Gu\u00eda de Pamplona \\\/ Noticias\"},\"image\":{\"@id\":\"https:\\\/\\\/www.laguiadepamplona.com\\\/actualidad\\\/#\\\/schema\\\/logo\\\/image\\\/\"},\"sameAs\":[\"https:\\\/\\\/www.facebook.com\\\/laguiadepamplonacom-133175176762273\\\/?ref=hl\",\"https:\\\/\\\/x.com\\\/LaGuiadPamplona\",\"https:\\\/\\\/www.instagram.com\\\/la_guia_de_pamplona\\\/\",\"https:\\\/\\\/www.youtube.com\\\/user\\\/laguiadepamplona\"]},{\"@type\":\"Person\",\"@id\":\"https:\\\/\\\/www.laguiadepamplona.com\\\/actualidad\\\/#\\\/schema\\\/person\\\/efe887376f0213d4657c93adc50b1fdb\",\"name\":\"La Gu\u00eda de Pamplona\",\"image\":{\"@type\":\"ImageObject\",\"inLanguage\":\"es\",\"@id\":\"https:\\\/\\\/secure.gravatar.com\\\/avatar\\\/b6992f131dc8d30ab0dff15446e9d346d9dbd95992de0fef795073f5ea83a81c?s=96&d=mm&r=g\",\"url\":\"https:\\\/\\\/secure.gravatar.com\\\/avatar\\\/b6992f131dc8d30ab0dff15446e9d346d9dbd95992de0fef795073f5ea83a81c?s=96&d=mm&r=g\",\"contentUrl\":\"https:\\\/\\\/secure.gravatar.com\\\/avatar\\\/b6992f131dc8d30ab0dff15446e9d346d9dbd95992de0fef795073f5ea83a81c?s=96&d=mm&r=g\",\"caption\":\"La Gu\u00eda de Pamplona\"}}]}<\/script>\n<!-- \/ Yoast SEO plugin. -->","yoast_head_json":{"title":"Dos supernoches de cine para acabar la semana: superestrellas del baloncesto y supervillanos con \u2018Space Jam: nuevas leyendas\u2019 y \u2018Minions, el origen de Gru\u2019","description":"Las sesiones ser\u00e1n en el parque del Lago de Mendillorri y en la plaza Maravillas Lamberto de Lezkairu, respectivamente","robots":{"index":"index","follow":"follow","max-snippet":"max-snippet:-1","max-image-preview":"max-image-preview:large","max-video-preview":"max-video-preview:-1"},"canonical":"https:\/\/www.laguiadepamplona.com\/actualidad\/dos-supernoches-de-cine-para-acabar-la-semana-superestrellas-del-baloncesto-y-supervillanos-con-space-jam-nuevas-leyendas-y-minions-el-origen-de-gru\/","og_locale":"es_ES","og_type":"article","og_title":"Dos supernoches de cine para acabar la semana: superestrellas del baloncesto y supervillanos con \u2018Space Jam: nuevas leyendas\u2019 y \u2018Minions, el origen de Gru\u2019","og_description":"Las sesiones ser\u00e1n en el parque del Lago de Mendillorri y en la plaza Maravillas Lamberto de Lezkairu, respectivamente","og_url":"https:\/\/www.laguiadepamplona.com\/actualidad\/dos-supernoches-de-cine-para-acabar-la-semana-superestrellas-del-baloncesto-y-supervillanos-con-space-jam-nuevas-leyendas-y-minions-el-origen-de-gru\/","og_site_name":"La Gu\u00eda de Pamplona","article_publisher":"https:\/\/www.facebook.com\/laguiadepamplonacom-133175176762273\/?ref=hl","article_published_time":"2023-08-09T10:30:47+00:00","og_image":[{"width":1800,"height":1035,"url":"https:\/\/www.laguiadepamplona.com\/actualidad\/wp-content\/uploads\/2019\/07\/noches-de-cine.jpg","type":"image\/jpeg"}],"author":"La Gu\u00eda de Pamplona","twitter_card":"summary_large_image","twitter_creator":"@LaGuiadPamplona","twitter_site":"@LaGuiadPamplona","twitter_misc":{"Escrito por":"La Gu\u00eda de Pamplona","Tiempo de lectura":"2 minutos"},"schema":{"@context":"https:\/\/schema.org","@graph":[{"@type":"Article","@id":"https:\/\/www.laguiadepamplona.com\/actualidad\/dos-supernoches-de-cine-para-acabar-la-semana-superestrellas-del-baloncesto-y-supervillanos-con-space-jam-nuevas-leyendas-y-minions-el-origen-de-gru\/#article","isPartOf":{"@id":"https:\/\/www.laguiadepamplona.com\/actualidad\/dos-supernoches-de-cine-para-acabar-la-semana-superestrellas-del-baloncesto-y-supervillanos-con-space-jam-nuevas-leyendas-y-minions-el-origen-de-gru\/"},"author":{"name":"La Gu\u00eda de Pamplona","@id":"https:\/\/www.laguiadepamplona.com\/actualidad\/#\/schema\/person\/efe887376f0213d4657c93adc50b1fdb"},"headline":"Dos supernoches de cine para acabar la semana: superestrellas del baloncesto y supervillanos con \u2018Space Jam: nuevas leyendas\u2019 y \u2018Minions, el origen de Gru\u2019","datePublished":"2023-08-09T10:30:47+00:00","mainEntityOfPage":{"@id":"https:\/\/www.laguiadepamplona.com\/actualidad\/dos-supernoches-de-cine-para-acabar-la-semana-superestrellas-del-baloncesto-y-supervillanos-con-space-jam-nuevas-leyendas-y-minions-el-origen-de-gru\/"},"wordCount":292,"commentCount":0,"publisher":{"@id":"https:\/\/www.laguiadepamplona.com\/actualidad\/#organization"},"image":{"@id":"https:\/\/www.laguiadepamplona.com\/actualidad\/dos-supernoches-de-cine-para-acabar-la-semana-superestrellas-del-baloncesto-y-supervillanos-con-space-jam-nuevas-leyendas-y-minions-el-origen-de-gru\/#primaryimage"},"thumbnailUrl":"https:\/\/www.laguiadepamplona.com\/actualidad\/wp-content\/uploads\/2019\/07\/noches-de-cine.jpg","articleSection":["Ayto Pamplona"],"inLanguage":"es","potentialAction":[{"@type":"CommentAction","name":"Comment","target":["https:\/\/www.laguiadepamplona.com\/actualidad\/dos-supernoches-de-cine-para-acabar-la-semana-superestrellas-del-baloncesto-y-supervillanos-con-space-jam-nuevas-leyendas-y-minions-el-origen-de-gru\/#respond"]}]},{"@type":"WebPage","@id":"https:\/\/www.laguiadepamplona.com\/actualidad\/dos-supernoches-de-cine-para-acabar-la-semana-superestrellas-del-baloncesto-y-supervillanos-con-space-jam-nuevas-leyendas-y-minions-el-origen-de-gru\/","url":"https:\/\/www.laguiadepamplona.com\/actualidad\/dos-supernoches-de-cine-para-acabar-la-semana-superestrellas-del-baloncesto-y-supervillanos-con-space-jam-nuevas-leyendas-y-minions-el-origen-de-gru\/","name":"Dos supernoches de cine para acabar la semana: superestrellas del baloncesto y supervillanos con \u2018Space Jam: nuevas leyendas\u2019 y \u2018Minions, el origen de Gru\u2019","isPartOf":{"@id":"https:\/\/www.laguiadepamplona.com\/actualidad\/#website"},"primaryImageOfPage":{"@id":"https:\/\/www.laguiadepamplona.com\/actualidad\/dos-supernoches-de-cine-para-acabar-la-semana-superestrellas-del-baloncesto-y-supervillanos-con-space-jam-nuevas-leyendas-y-minions-el-origen-de-gru\/#primaryimage"},"image":{"@id":"https:\/\/www.laguiadepamplona.com\/actualidad\/dos-supernoches-de-cine-para-acabar-la-semana-superestrellas-del-baloncesto-y-supervillanos-con-space-jam-nuevas-leyendas-y-minions-el-origen-de-gru\/#primaryimage"},"thumbnailUrl":"https:\/\/www.laguiadepamplona.com\/actualidad\/wp-content\/uploads\/2019\/07\/noches-de-cine.jpg","datePublished":"2023-08-09T10:30:47+00:00","description":"Las sesiones ser\u00e1n en el parque del Lago de Mendillorri y en la plaza Maravillas Lamberto de Lezkairu, respectivamente","breadcrumb":{"@id":"https:\/\/www.laguiadepamplona.com\/actualidad\/dos-supernoches-de-cine-para-acabar-la-semana-superestrellas-del-baloncesto-y-supervillanos-con-space-jam-nuevas-leyendas-y-minions-el-origen-de-gru\/#breadcrumb"},"inLanguage":"es","potentialAction":[{"@type":"ReadAction","target":["https:\/\/www.laguiadepamplona.com\/actualidad\/dos-supernoches-de-cine-para-acabar-la-semana-superestrellas-del-baloncesto-y-supervillanos-con-space-jam-nuevas-leyendas-y-minions-el-origen-de-gru\/"]}]},{"@type":"ImageObject","inLanguage":"es","@id":"https:\/\/www.laguiadepamplona.com\/actualidad\/dos-supernoches-de-cine-para-acabar-la-semana-superestrellas-del-baloncesto-y-supervillanos-con-space-jam-nuevas-leyendas-y-minions-el-origen-de-gru\/#primaryimage","url":"https:\/\/www.laguiadepamplona.com\/actualidad\/wp-content\/uploads\/2019\/07\/noches-de-cine.jpg","contentUrl":"https:\/\/www.laguiadepamplona.com\/actualidad\/wp-content\/uploads\/2019\/07\/noches-de-cine.jpg","width":1800,"height":1035,"caption":"noches de cine"},{"@type":"BreadcrumbList","@id":"https:\/\/www.laguiadepamplona.com\/actualidad\/dos-supernoches-de-cine-para-acabar-la-semana-superestrellas-del-baloncesto-y-supervillanos-con-space-jam-nuevas-leyendas-y-minions-el-origen-de-gru\/#breadcrumb","itemListElement":[{"@type":"ListItem","position":1,"name":"Portada","item":"https:\/\/www.laguiadepamplona.com\/actualidad\/"},{"@type":"ListItem","position":2,"name":"Dos supernoches de cine para acabar la semana: superestrellas del baloncesto y supervillanos con \u2018Space Jam: nuevas leyendas\u2019 y \u2018Minions, el origen de Gru\u2019"}]},{"@type":"WebSite","@id":"https:\/\/www.laguiadepamplona.com\/actualidad\/#website","url":"https:\/\/www.laguiadepamplona.com\/actualidad\/","name":"La gu\u00eda de Pamplona","description":"Noticias de Pamplona","publisher":{"@id":"https:\/\/www.laguiadepamplona.com\/actualidad\/#organization"},"potentialAction":[{"@type":"SearchAction","target":{"@type":"EntryPoint","urlTemplate":"https:\/\/www.laguiadepamplona.com\/actualidad\/?s={search_term_string}"},"query-input":{"@type":"PropertyValueSpecification","valueRequired":true,"valueName":"search_term_string"}}],"inLanguage":"es"},{"@type":"Organization","@id":"https:\/\/www.laguiadepamplona.com\/actualidad\/#organization","name":"La Gu\u00eda de Pamplona \/ Noticias","url":"https:\/\/www.laguiadepamplona.com\/actualidad\/","logo":{"@type":"ImageObject","inLanguage":"es","@id":"https:\/\/www.laguiadepamplona.com\/actualidad\/#\/schema\/logo\/image\/","url":"https:\/\/www.laguiadepamplona.com\/actualidad\/wp-content\/uploads\/2018\/11\/logo-laguiadepamplona18-web1.png","contentUrl":"https:\/\/www.laguiadepamplona.com\/actualidad\/wp-content\/uploads\/2018\/11\/logo-laguiadepamplona18-web1.png","width":600,"height":196,"caption":"La Gu\u00eda de Pamplona \/ Noticias"},"image":{"@id":"https:\/\/www.laguiadepamplona.com\/actualidad\/#\/schema\/logo\/image\/"},"sameAs":["https:\/\/www.facebook.com\/laguiadepamplonacom-133175176762273\/?ref=hl","https:\/\/x.com\/LaGuiadPamplona","https:\/\/www.instagram.com\/la_guia_de_pamplona\/","https:\/\/www.youtube.com\/user\/laguiadepamplona"]},{"@type":"Person","@id":"https:\/\/www.laguiadepamplona.com\/actualidad\/#\/schema\/person\/efe887376f0213d4657c93adc50b1fdb","name":"La Gu\u00eda de Pamplona","image":{"@type":"ImageObject","inLanguage":"es","@id":"https:\/\/secure.gravatar.com\/avatar\/b6992f131dc8d30ab0dff15446e9d346d9dbd95992de0fef795073f5ea83a81c?s=96&d=mm&r=g","url":"https:\/\/secure.gravatar.com\/avatar\/b6992f131dc8d30ab0dff15446e9d346d9dbd95992de0fef795073f5ea83a81c?s=96&d=mm&r=g","contentUrl":"https:\/\/secure.gravatar.com\/avatar\/b6992f131dc8d30ab0dff15446e9d346d9dbd95992de0fef795073f5ea83a81c?s=96&d=mm&r=g","caption":"La Gu\u00eda de Pamplona"}}]}},"post_mailing_queue_ids":[],"_links":{"self":[{"href":"https:\/\/www.laguiadepamplona.com\/actualidad\/wp-json\/wp\/v2\/posts\/47268","targetHints":{"allow":["GET"]}}],"collection":[{"href":"https:\/\/www.laguiadepamplona.com\/actualidad\/wp-json\/wp\/v2\/posts"}],"about":[{"href":"https:\/\/www.laguiadepamplona.com\/actualidad\/wp-json\/wp\/v2\/types\/post"}],"author":[{"embeddable":true,"href":"https:\/\/www.laguiadepamplona.com\/actualidad\/wp-json\/wp\/v2\/users\/1"}],"replies":[{"embeddable":true,"href":"https:\/\/www.laguiadepamplona.com\/actualidad\/wp-json\/wp\/v2\/comments?post=47268"}],"version-history":[{"count":1,"href":"https:\/\/www.laguiadepamplona.com\/actualidad\/wp-json\/wp\/v2\/posts\/47268\/revisions"}],"predecessor-version":[{"id":47269,"href":"https:\/\/www.laguiadepamplona.com\/actualidad\/wp-json\/wp\/v2\/posts\/47268\/revisions\/47269"}],"wp:featuredmedia":[{"embeddable":true,"href":"https:\/\/www.laguiadepamplona.com\/actualidad\/wp-json\/wp\/v2\/media\/23391"}],"wp:attachment":[{"href":"https:\/\/www.laguiadepamplona.com\/actualidad\/wp-json\/wp\/v2\/media?parent=47268"}],"wp:term":[{"taxonomy":"category","embeddable":true,"href":"https:\/\/www.laguiadepamplona.com\/actualidad\/wp-json\/wp\/v2\/categories?post=47268"},{"taxonomy":"post_tag","embeddable":true,"href":"https:\/\/www.laguiadepamplona.com\/actualidad\/wp-json\/wp\/v2\/tags?post=47268"}],"curies":[{"name":"wp","href":"https:\/\/api.w.org\/{rel}","templated":true}]}}