{"id":47263,"date":"2023-08-08T12:26:13","date_gmt":"2023-08-08T10:26:13","guid":{"rendered":"https:\/\/www.laguiadepamplona.com\/actualidad\/?p=47263"},"modified":"2023-08-09T12:27:53","modified_gmt":"2023-08-09T10:27:53","slug":"el-ayuntamiento-de-pamplona-desde-las-redes-sociales-y-la-web-municipal-ofrece-consejos-generales-para-la-ciudadania-ante-la-ola-de-calor","status":"publish","type":"post","link":"https:\/\/www.laguiadepamplona.com\/actualidad\/el-ayuntamiento-de-pamplona-desde-las-redes-sociales-y-la-web-municipal-ofrece-consejos-generales-para-la-ciudadania-ante-la-ola-de-calor\/","title":{"rendered":"El Ayuntamiento de Pamplona desde las redes sociales y la web municipal ofrece consejos generales para la ciudadan\u00eda ante la ola de calor"},"content":{"rendered":"<h3>La previsi\u00f3n del Ministerio de Sanidad es que ma\u00f1ana Pamplona llegue a los 41,1 grados cent\u00edgrados, con toda la Comunidad Foral en alerta roja<\/h3>\n<p><!--more--><\/p>\n<p>Hasta el pr\u00f3ximo jueves 10 de agosto Espa\u00f1a estar\u00e1 bajo una \u2018Ola de calor\u2019, un fen\u00f3meno meteorol\u00f3gico que se produce cuando, durante al menos dos d\u00edas, la temperatura sobrepasa los 36\u00baC y no baja de los 18\u00baC; el nivel de riesgo de esas altas temperaturas aumenta conforme m\u00e1s d\u00edas dure la situaci\u00f3n. Y eso es lo que est\u00e1 previsto en Pamplona para los pr\u00f3ximos d\u00edas por la presencia de una masa de aire muy c\u00e1lida y seca. Seg\u00fan la Agencia Espa\u00f1ola de Meteorolog\u00eda (AEMET) \u00abesta subida ser\u00e1 especialmente significativa en la mitad norte\u00bb por lo que la Comunidad foral est\u00e1 en alerta roja. La previsi\u00f3n del <a href=\"https:\/\/www.sanidad.gob.es\/excesoTemperaturas2023\/consultar.do?metodo=cargarProvincia&amp;id=15&amp;idProv=31\" target=\"_blank\" rel=\"noopener\">Ministerio de Sanidad<\/a> es que ma\u00f1ana Pamplona llegue a los 41,1 grados de temperatura m\u00e1xima, el jueves a los 31,2 y el viernes a los 34,4.<\/p>\n<p>El Ayuntamiento de Pamplona, en el marco del \u201cPlan Nacional de Actuaciones Preventivas de los Efectos del Exceso de Temperaturas sobre la salud\u201d en coordinaci\u00f3n con el Instituto de Salud P\u00fablica y Laboral de Navarra, quiere ofrecer a la ciudadan\u00eda consejos ante la subida de temperaturas. As\u00ed, desde la <a href=\"https:\/\/www.pamplona.es\/temas\/medio-ambiente-y-salud\/punto-de-informacion-sanitaria\/ola-de-calor\" target=\"_blank\" rel=\"noopener\">p\u00e1gina web municipal<\/a> y los perfiles del Consistorio en las redes sociales se est\u00e1 ofreciendo informaci\u00f3n pr\u00e1ctica a la ciudadan\u00eda sobre medidas de precauci\u00f3n que se pueden adoptar en estos casos.<\/p>\n<p>Desde los servicios de salud municipales se recuerda que el calor sostenido afecta especialmente a menores de 5 a\u00f1os, ancianos y embarazadas, as\u00ed como a personas con enfermedades cr\u00f3nicas. Por ello, en el caso de mayores que viven solos, se recomienda a familiares, amistades o vecinos mantener contacto frecuente con ellos de forma preventiva. En todo caso y para cualquier ciudadano, lo indicado ante s\u00edntomas no usuales, como calambres musculares, fiebre, mareo o alteraci\u00f3n del estado de consciencia es avisar al 112 o a un servicio sanitario.<\/p>\n<p><strong>Consejos frente las altas temperaturas<\/strong><\/p>\n<p>En general, a partir de 30 grados de temperatura se recomienda no realizar actividad f\u00edsica al aire libre en las horas de m\u00e1s calor (de 12 a 16 horas) y, en caso de hacerlo, llevar ropa clara y holgada, sombrero, gafas de sol y crema solar de al menos factor 15, adem\u00e1s de una botella de agua. Hay que destacar que Pamplona tiene una amplia red de \u2018fuentes de boca\u2019 que se gestionan y controlan desde los servicios municipales.<\/p>\n<p>En la misma l\u00ednea se aconseja mantener las ventanas cerradas cuando la temperatura de la calle sea mayor que la del interior de la vivienda y abrirlas por la noche para refrescar los espacio, adem\u00e1s de cerrar persianas y cortinas en las fachadas expuestas a sol y descansar en la habitaci\u00f3n m\u00e1s fresca de la casa. Se sugiere tambi\u00e9n tomar duchas frecuentes o humedecer el cuerpo varias veces al d\u00eda, utilizar ventiladores y sistemas de refrigeraci\u00f3n, beber m\u00e1s de un litro y medio de agua al d\u00eda, comer lo habitual en peque\u00f1as cantidades y no beber alcohol.<\/p>\n","protected":false},"excerpt":{"rendered":"<p>La previsi\u00f3n del Ministerio de Sanidad es que ma\u00f1ana Pamplona llegue a los 41,1 grados cent\u00edgrados, con toda la Comunidad Foral en alerta roja<\/p>\n","protected":false},"author":1,"featured_media":47264,"comment_status":"open","ping_status":"closed","sticky":false,"template":"","format":"standard","meta":{"footnotes":""},"categories":[2],"tags":[],"class_list":["post-47263","post","type-post","status-publish","format-standard","has-post-thumbnail","hentry","category-ayuntamiento-pamplona"],"yoast_head":"<!-- This site is optimized with the Yoast SEO plugin v27.3 - https:\/\/yoast.com\/product\/yoast-seo-wordpress\/ -->\n<title>El Ayuntamiento de Pamplona desde las redes sociales y la web municipal ofrece consejos generales para la ciudadan\u00eda ante la ola de calor<\/title>\n<meta name=\"description\" content=\"La previsi\u00f3n del Ministerio de Sanidad es que ma\u00f1ana Pamplona llegue a los 41,1 grados cent\u00edgrados, con toda la Comunidad Foral en alerta roja\" \/>\n<meta name=\"robots\" content=\"index, follow, max-snippet:-1, max-image-preview:large, max-video-preview:-1\" \/>\n<link rel=\"canonical\" href=\"https:\/\/www.laguiadepamplona.com\/actualidad\/el-ayuntamiento-de-pamplona-desde-las-redes-sociales-y-la-web-municipal-ofrece-consejos-generales-para-la-ciudadania-ante-la-ola-de-calor\/\" \/>\n<meta property=\"og:locale\" content=\"es_ES\" \/>\n<meta property=\"og:type\" content=\"article\" \/>\n<meta property=\"og:title\" content=\"El Ayuntamiento de Pamplona desde las redes sociales y la web municipal ofrece consejos generales para la ciudadan\u00eda ante la ola de calor\" \/>\n<meta property=\"og:description\" content=\"La previsi\u00f3n del Ministerio de Sanidad es que ma\u00f1ana Pamplona llegue a los 41,1 grados cent\u00edgrados, con toda la Comunidad Foral en alerta roja\" \/>\n<meta property=\"og:url\" content=\"https:\/\/www.laguiadepamplona.com\/actualidad\/el-ayuntamiento-de-pamplona-desde-las-redes-sociales-y-la-web-municipal-ofrece-consejos-generales-para-la-ciudadania-ante-la-ola-de-calor\/\" \/>\n<meta property=\"og:site_name\" content=\"La Gu\u00eda de Pamplona\" \/>\n<meta property=\"article:publisher\" content=\"https:\/\/www.facebook.com\/laguiadepamplonacom-133175176762273\/?ref=hl\" \/>\n<meta property=\"article:published_time\" content=\"2023-08-08T10:26:13+00:00\" \/>\n<meta property=\"article:modified_time\" content=\"2023-08-09T10:27:53+00:00\" \/>\n<meta property=\"og:image\" content=\"https:\/\/www.laguiadepamplona.com\/actualidad\/wp-content\/uploads\/2023\/08\/ola-de-calor_verano_sol_temperatura_01_0.webp\" \/>\n\t<meta property=\"og:image:width\" content=\"1200\" \/>\n\t<meta property=\"og:image:height\" content=\"800\" \/>\n\t<meta property=\"og:image:type\" content=\"image\/webp\" \/>\n<meta name=\"author\" content=\"La Gu\u00eda de Pamplona\" \/>\n<meta name=\"twitter:card\" content=\"summary_large_image\" \/>\n<meta name=\"twitter:creator\" content=\"@LaGuiadPamplona\" \/>\n<meta name=\"twitter:site\" content=\"@LaGuiadPamplona\" \/>\n<meta name=\"twitter:label1\" content=\"Escrito por\" \/>\n\t<meta name=\"twitter:data1\" content=\"La Gu\u00eda de Pamplona\" \/>\n\t<meta name=\"twitter:label2\" content=\"Tiempo de lectura\" \/>\n\t<meta name=\"twitter:data2\" content=\"3 minutos\" \/>\n<script type=\"application\/ld+json\" class=\"yoast-schema-graph\">{\"@context\":\"https:\\\/\\\/schema.org\",\"@graph\":[{\"@type\":\"Article\",\"@id\":\"https:\\\/\\\/www.laguiadepamplona.com\\\/actualidad\\\/el-ayuntamiento-de-pamplona-desde-las-redes-sociales-y-la-web-municipal-ofrece-consejos-generales-para-la-ciudadania-ante-la-ola-de-calor\\\/#article\",\"isPartOf\":{\"@id\":\"https:\\\/\\\/www.laguiadepamplona.com\\\/actualidad\\\/el-ayuntamiento-de-pamplona-desde-las-redes-sociales-y-la-web-municipal-ofrece-consejos-generales-para-la-ciudadania-ante-la-ola-de-calor\\\/\"},\"author\":{\"name\":\"La Gu\u00eda de Pamplona\",\"@id\":\"https:\\\/\\\/www.laguiadepamplona.com\\\/actualidad\\\/#\\\/schema\\\/person\\\/efe887376f0213d4657c93adc50b1fdb\"},\"headline\":\"El Ayuntamiento de Pamplona desde las redes sociales y la web municipal ofrece consejos generales para la ciudadan\u00eda ante la ola de calor\",\"datePublished\":\"2023-08-08T10:26:13+00:00\",\"dateModified\":\"2023-08-09T10:27:53+00:00\",\"mainEntityOfPage\":{\"@id\":\"https:\\\/\\\/www.laguiadepamplona.com\\\/actualidad\\\/el-ayuntamiento-de-pamplona-desde-las-redes-sociales-y-la-web-municipal-ofrece-consejos-generales-para-la-ciudadania-ante-la-ola-de-calor\\\/\"},\"wordCount\":562,\"commentCount\":0,\"publisher\":{\"@id\":\"https:\\\/\\\/www.laguiadepamplona.com\\\/actualidad\\\/#organization\"},\"image\":{\"@id\":\"https:\\\/\\\/www.laguiadepamplona.com\\\/actualidad\\\/el-ayuntamiento-de-pamplona-desde-las-redes-sociales-y-la-web-municipal-ofrece-consejos-generales-para-la-ciudadania-ante-la-ola-de-calor\\\/#primaryimage\"},\"thumbnailUrl\":\"https:\\\/\\\/www.laguiadepamplona.com\\\/actualidad\\\/wp-content\\\/uploads\\\/2023\\\/08\\\/ola-de-calor_verano_sol_temperatura_01_0.webp\",\"articleSection\":[\"Ayto Pamplona\"],\"inLanguage\":\"es\",\"potentialAction\":[{\"@type\":\"CommentAction\",\"name\":\"Comment\",\"target\":[\"https:\\\/\\\/www.laguiadepamplona.com\\\/actualidad\\\/el-ayuntamiento-de-pamplona-desde-las-redes-sociales-y-la-web-municipal-ofrece-consejos-generales-para-la-ciudadania-ante-la-ola-de-calor\\\/#respond\"]}]},{\"@type\":\"WebPage\",\"@id\":\"https:\\\/\\\/www.laguiadepamplona.com\\\/actualidad\\\/el-ayuntamiento-de-pamplona-desde-las-redes-sociales-y-la-web-municipal-ofrece-consejos-generales-para-la-ciudadania-ante-la-ola-de-calor\\\/\",\"url\":\"https:\\\/\\\/www.laguiadepamplona.com\\\/actualidad\\\/el-ayuntamiento-de-pamplona-desde-las-redes-sociales-y-la-web-municipal-ofrece-consejos-generales-para-la-ciudadania-ante-la-ola-de-calor\\\/\",\"name\":\"El Ayuntamiento de Pamplona desde las redes sociales y la web municipal ofrece consejos generales para la ciudadan\u00eda ante la ola de calor\",\"isPartOf\":{\"@id\":\"https:\\\/\\\/www.laguiadepamplona.com\\\/actualidad\\\/#website\"},\"primaryImageOfPage\":{\"@id\":\"https:\\\/\\\/www.laguiadepamplona.com\\\/actualidad\\\/el-ayuntamiento-de-pamplona-desde-las-redes-sociales-y-la-web-municipal-ofrece-consejos-generales-para-la-ciudadania-ante-la-ola-de-calor\\\/#primaryimage\"},\"image\":{\"@id\":\"https:\\\/\\\/www.laguiadepamplona.com\\\/actualidad\\\/el-ayuntamiento-de-pamplona-desde-las-redes-sociales-y-la-web-municipal-ofrece-consejos-generales-para-la-ciudadania-ante-la-ola-de-calor\\\/#primaryimage\"},\"thumbnailUrl\":\"https:\\\/\\\/www.laguiadepamplona.com\\\/actualidad\\\/wp-content\\\/uploads\\\/2023\\\/08\\\/ola-de-calor_verano_sol_temperatura_01_0.webp\",\"datePublished\":\"2023-08-08T10:26:13+00:00\",\"dateModified\":\"2023-08-09T10:27:53+00:00\",\"description\":\"La previsi\u00f3n del Ministerio de Sanidad es que ma\u00f1ana Pamplona llegue a los 41,1 grados cent\u00edgrados, con toda la Comunidad Foral en alerta roja\",\"breadcrumb\":{\"@id\":\"https:\\\/\\\/www.laguiadepamplona.com\\\/actualidad\\\/el-ayuntamiento-de-pamplona-desde-las-redes-sociales-y-la-web-municipal-ofrece-consejos-generales-para-la-ciudadania-ante-la-ola-de-calor\\\/#breadcrumb\"},\"inLanguage\":\"es\",\"potentialAction\":[{\"@type\":\"ReadAction\",\"target\":[\"https:\\\/\\\/www.laguiadepamplona.com\\\/actualidad\\\/el-ayuntamiento-de-pamplona-desde-las-redes-sociales-y-la-web-municipal-ofrece-consejos-generales-para-la-ciudadania-ante-la-ola-de-calor\\\/\"]}]},{\"@type\":\"ImageObject\",\"inLanguage\":\"es\",\"@id\":\"https:\\\/\\\/www.laguiadepamplona.com\\\/actualidad\\\/el-ayuntamiento-de-pamplona-desde-las-redes-sociales-y-la-web-municipal-ofrece-consejos-generales-para-la-ciudadania-ante-la-ola-de-calor\\\/#primaryimage\",\"url\":\"https:\\\/\\\/www.laguiadepamplona.com\\\/actualidad\\\/wp-content\\\/uploads\\\/2023\\\/08\\\/ola-de-calor_verano_sol_temperatura_01_0.webp\",\"contentUrl\":\"https:\\\/\\\/www.laguiadepamplona.com\\\/actualidad\\\/wp-content\\\/uploads\\\/2023\\\/08\\\/ola-de-calor_verano_sol_temperatura_01_0.webp\",\"width\":1200,\"height\":800,\"caption\":\"ola calor\"},{\"@type\":\"BreadcrumbList\",\"@id\":\"https:\\\/\\\/www.laguiadepamplona.com\\\/actualidad\\\/el-ayuntamiento-de-pamplona-desde-las-redes-sociales-y-la-web-municipal-ofrece-consejos-generales-para-la-ciudadania-ante-la-ola-de-calor\\\/#breadcrumb\",\"itemListElement\":[{\"@type\":\"ListItem\",\"position\":1,\"name\":\"Portada\",\"item\":\"https:\\\/\\\/www.laguiadepamplona.com\\\/actualidad\\\/\"},{\"@type\":\"ListItem\",\"position\":2,\"name\":\"El Ayuntamiento de Pamplona desde las redes sociales y la web municipal ofrece consejos generales para la ciudadan\u00eda ante la ola de calor\"}]},{\"@type\":\"WebSite\",\"@id\":\"https:\\\/\\\/www.laguiadepamplona.com\\\/actualidad\\\/#website\",\"url\":\"https:\\\/\\\/www.laguiadepamplona.com\\\/actualidad\\\/\",\"name\":\"La gu\u00eda de Pamplona\",\"description\":\"Noticias de Pamplona\",\"publisher\":{\"@id\":\"https:\\\/\\\/www.laguiadepamplona.com\\\/actualidad\\\/#organization\"},\"potentialAction\":[{\"@type\":\"SearchAction\",\"target\":{\"@type\":\"EntryPoint\",\"urlTemplate\":\"https:\\\/\\\/www.laguiadepamplona.com\\\/actualidad\\\/?s={search_term_string}\"},\"query-input\":{\"@type\":\"PropertyValueSpecification\",\"valueRequired\":true,\"valueName\":\"search_term_string\"}}],\"inLanguage\":\"es\"},{\"@type\":\"Organization\",\"@id\":\"https:\\\/\\\/www.laguiadepamplona.com\\\/actualidad\\\/#organization\",\"name\":\"La Gu\u00eda de Pamplona \\\/ Noticias\",\"url\":\"https:\\\/\\\/www.laguiadepamplona.com\\\/actualidad\\\/\",\"logo\":{\"@type\":\"ImageObject\",\"inLanguage\":\"es\",\"@id\":\"https:\\\/\\\/www.laguiadepamplona.com\\\/actualidad\\\/#\\\/schema\\\/logo\\\/image\\\/\",\"url\":\"https:\\\/\\\/www.laguiadepamplona.com\\\/actualidad\\\/wp-content\\\/uploads\\\/2018\\\/11\\\/logo-laguiadepamplona18-web1.png\",\"contentUrl\":\"https:\\\/\\\/www.laguiadepamplona.com\\\/actualidad\\\/wp-content\\\/uploads\\\/2018\\\/11\\\/logo-laguiadepamplona18-web1.png\",\"width\":600,\"height\":196,\"caption\":\"La Gu\u00eda de Pamplona \\\/ Noticias\"},\"image\":{\"@id\":\"https:\\\/\\\/www.laguiadepamplona.com\\\/actualidad\\\/#\\\/schema\\\/logo\\\/image\\\/\"},\"sameAs\":[\"https:\\\/\\\/www.facebook.com\\\/laguiadepamplonacom-133175176762273\\\/?ref=hl\",\"https:\\\/\\\/x.com\\\/LaGuiadPamplona\",\"https:\\\/\\\/www.instagram.com\\\/la_guia_de_pamplona\\\/\",\"https:\\\/\\\/www.youtube.com\\\/user\\\/laguiadepamplona\"]},{\"@type\":\"Person\",\"@id\":\"https:\\\/\\\/www.laguiadepamplona.com\\\/actualidad\\\/#\\\/schema\\\/person\\\/efe887376f0213d4657c93adc50b1fdb\",\"name\":\"La Gu\u00eda de Pamplona\",\"image\":{\"@type\":\"ImageObject\",\"inLanguage\":\"es\",\"@id\":\"https:\\\/\\\/secure.gravatar.com\\\/avatar\\\/b6992f131dc8d30ab0dff15446e9d346d9dbd95992de0fef795073f5ea83a81c?s=96&d=mm&r=g\",\"url\":\"https:\\\/\\\/secure.gravatar.com\\\/avatar\\\/b6992f131dc8d30ab0dff15446e9d346d9dbd95992de0fef795073f5ea83a81c?s=96&d=mm&r=g\",\"contentUrl\":\"https:\\\/\\\/secure.gravatar.com\\\/avatar\\\/b6992f131dc8d30ab0dff15446e9d346d9dbd95992de0fef795073f5ea83a81c?s=96&d=mm&r=g\",\"caption\":\"La Gu\u00eda de Pamplona\"}}]}<\/script>\n<!-- \/ Yoast SEO plugin. -->","yoast_head_json":{"title":"El Ayuntamiento de Pamplona desde las redes sociales y la web municipal ofrece consejos generales para la ciudadan\u00eda ante la ola de calor","description":"La previsi\u00f3n del Ministerio de Sanidad es que ma\u00f1ana Pamplona llegue a los 41,1 grados cent\u00edgrados, con toda la Comunidad Foral en alerta roja","robots":{"index":"index","follow":"follow","max-snippet":"max-snippet:-1","max-image-preview":"max-image-preview:large","max-video-preview":"max-video-preview:-1"},"canonical":"https:\/\/www.laguiadepamplona.com\/actualidad\/el-ayuntamiento-de-pamplona-desde-las-redes-sociales-y-la-web-municipal-ofrece-consejos-generales-para-la-ciudadania-ante-la-ola-de-calor\/","og_locale":"es_ES","og_type":"article","og_title":"El Ayuntamiento de Pamplona desde las redes sociales y la web municipal ofrece consejos generales para la ciudadan\u00eda ante la ola de calor","og_description":"La previsi\u00f3n del Ministerio de Sanidad es que ma\u00f1ana Pamplona llegue a los 41,1 grados cent\u00edgrados, con toda la Comunidad Foral en alerta roja","og_url":"https:\/\/www.laguiadepamplona.com\/actualidad\/el-ayuntamiento-de-pamplona-desde-las-redes-sociales-y-la-web-municipal-ofrece-consejos-generales-para-la-ciudadania-ante-la-ola-de-calor\/","og_site_name":"La Gu\u00eda de Pamplona","article_publisher":"https:\/\/www.facebook.com\/laguiadepamplonacom-133175176762273\/?ref=hl","article_published_time":"2023-08-08T10:26:13+00:00","article_modified_time":"2023-08-09T10:27:53+00:00","og_image":[{"width":1200,"height":800,"url":"https:\/\/www.laguiadepamplona.com\/actualidad\/wp-content\/uploads\/2023\/08\/ola-de-calor_verano_sol_temperatura_01_0.webp","type":"image\/webp"}],"author":"La Gu\u00eda de Pamplona","twitter_card":"summary_large_image","twitter_creator":"@LaGuiadPamplona","twitter_site":"@LaGuiadPamplona","twitter_misc":{"Escrito por":"La Gu\u00eda de Pamplona","Tiempo de lectura":"3 minutos"},"schema":{"@context":"https:\/\/schema.org","@graph":[{"@type":"Article","@id":"https:\/\/www.laguiadepamplona.com\/actualidad\/el-ayuntamiento-de-pamplona-desde-las-redes-sociales-y-la-web-municipal-ofrece-consejos-generales-para-la-ciudadania-ante-la-ola-de-calor\/#article","isPartOf":{"@id":"https:\/\/www.laguiadepamplona.com\/actualidad\/el-ayuntamiento-de-pamplona-desde-las-redes-sociales-y-la-web-municipal-ofrece-consejos-generales-para-la-ciudadania-ante-la-ola-de-calor\/"},"author":{"name":"La Gu\u00eda de Pamplona","@id":"https:\/\/www.laguiadepamplona.com\/actualidad\/#\/schema\/person\/efe887376f0213d4657c93adc50b1fdb"},"headline":"El Ayuntamiento de Pamplona desde las redes sociales y la web municipal ofrece consejos generales para la ciudadan\u00eda ante la ola de calor","datePublished":"2023-08-08T10:26:13+00:00","dateModified":"2023-08-09T10:27:53+00:00","mainEntityOfPage":{"@id":"https:\/\/www.laguiadepamplona.com\/actualidad\/el-ayuntamiento-de-pamplona-desde-las-redes-sociales-y-la-web-municipal-ofrece-consejos-generales-para-la-ciudadania-ante-la-ola-de-calor\/"},"wordCount":562,"commentCount":0,"publisher":{"@id":"https:\/\/www.laguiadepamplona.com\/actualidad\/#organization"},"image":{"@id":"https:\/\/www.laguiadepamplona.com\/actualidad\/el-ayuntamiento-de-pamplona-desde-las-redes-sociales-y-la-web-municipal-ofrece-consejos-generales-para-la-ciudadania-ante-la-ola-de-calor\/#primaryimage"},"thumbnailUrl":"https:\/\/www.laguiadepamplona.com\/actualidad\/wp-content\/uploads\/2023\/08\/ola-de-calor_verano_sol_temperatura_01_0.webp","articleSection":["Ayto Pamplona"],"inLanguage":"es","potentialAction":[{"@type":"CommentAction","name":"Comment","target":["https:\/\/www.laguiadepamplona.com\/actualidad\/el-ayuntamiento-de-pamplona-desde-las-redes-sociales-y-la-web-municipal-ofrece-consejos-generales-para-la-ciudadania-ante-la-ola-de-calor\/#respond"]}]},{"@type":"WebPage","@id":"https:\/\/www.laguiadepamplona.com\/actualidad\/el-ayuntamiento-de-pamplona-desde-las-redes-sociales-y-la-web-municipal-ofrece-consejos-generales-para-la-ciudadania-ante-la-ola-de-calor\/","url":"https:\/\/www.laguiadepamplona.com\/actualidad\/el-ayuntamiento-de-pamplona-desde-las-redes-sociales-y-la-web-municipal-ofrece-consejos-generales-para-la-ciudadania-ante-la-ola-de-calor\/","name":"El Ayuntamiento de Pamplona desde las redes sociales y la web municipal ofrece consejos generales para la ciudadan\u00eda ante la ola de calor","isPartOf":{"@id":"https:\/\/www.laguiadepamplona.com\/actualidad\/#website"},"primaryImageOfPage":{"@id":"https:\/\/www.laguiadepamplona.com\/actualidad\/el-ayuntamiento-de-pamplona-desde-las-redes-sociales-y-la-web-municipal-ofrece-consejos-generales-para-la-ciudadania-ante-la-ola-de-calor\/#primaryimage"},"image":{"@id":"https:\/\/www.laguiadepamplona.com\/actualidad\/el-ayuntamiento-de-pamplona-desde-las-redes-sociales-y-la-web-municipal-ofrece-consejos-generales-para-la-ciudadania-ante-la-ola-de-calor\/#primaryimage"},"thumbnailUrl":"https:\/\/www.laguiadepamplona.com\/actualidad\/wp-content\/uploads\/2023\/08\/ola-de-calor_verano_sol_temperatura_01_0.webp","datePublished":"2023-08-08T10:26:13+00:00","dateModified":"2023-08-09T10:27:53+00:00","description":"La previsi\u00f3n del Ministerio de Sanidad es que ma\u00f1ana Pamplona llegue a los 41,1 grados cent\u00edgrados, con toda la Comunidad Foral en alerta roja","breadcrumb":{"@id":"https:\/\/www.laguiadepamplona.com\/actualidad\/el-ayuntamiento-de-pamplona-desde-las-redes-sociales-y-la-web-municipal-ofrece-consejos-generales-para-la-ciudadania-ante-la-ola-de-calor\/#breadcrumb"},"inLanguage":"es","potentialAction":[{"@type":"ReadAction","target":["https:\/\/www.laguiadepamplona.com\/actualidad\/el-ayuntamiento-de-pamplona-desde-las-redes-sociales-y-la-web-municipal-ofrece-consejos-generales-para-la-ciudadania-ante-la-ola-de-calor\/"]}]},{"@type":"ImageObject","inLanguage":"es","@id":"https:\/\/www.laguiadepamplona.com\/actualidad\/el-ayuntamiento-de-pamplona-desde-las-redes-sociales-y-la-web-municipal-ofrece-consejos-generales-para-la-ciudadania-ante-la-ola-de-calor\/#primaryimage","url":"https:\/\/www.laguiadepamplona.com\/actualidad\/wp-content\/uploads\/2023\/08\/ola-de-calor_verano_sol_temperatura_01_0.webp","contentUrl":"https:\/\/www.laguiadepamplona.com\/actualidad\/wp-content\/uploads\/2023\/08\/ola-de-calor_verano_sol_temperatura_01_0.webp","width":1200,"height":800,"caption":"ola calor"},{"@type":"BreadcrumbList","@id":"https:\/\/www.laguiadepamplona.com\/actualidad\/el-ayuntamiento-de-pamplona-desde-las-redes-sociales-y-la-web-municipal-ofrece-consejos-generales-para-la-ciudadania-ante-la-ola-de-calor\/#breadcrumb","itemListElement":[{"@type":"ListItem","position":1,"name":"Portada","item":"https:\/\/www.laguiadepamplona.com\/actualidad\/"},{"@type":"ListItem","position":2,"name":"El Ayuntamiento de Pamplona desde las redes sociales y la web municipal ofrece consejos generales para la ciudadan\u00eda ante la ola de calor"}]},{"@type":"WebSite","@id":"https:\/\/www.laguiadepamplona.com\/actualidad\/#website","url":"https:\/\/www.laguiadepamplona.com\/actualidad\/","name":"La gu\u00eda de Pamplona","description":"Noticias de Pamplona","publisher":{"@id":"https:\/\/www.laguiadepamplona.com\/actualidad\/#organization"},"potentialAction":[{"@type":"SearchAction","target":{"@type":"EntryPoint","urlTemplate":"https:\/\/www.laguiadepamplona.com\/actualidad\/?s={search_term_string}"},"query-input":{"@type":"PropertyValueSpecification","valueRequired":true,"valueName":"search_term_string"}}],"inLanguage":"es"},{"@type":"Organization","@id":"https:\/\/www.laguiadepamplona.com\/actualidad\/#organization","name":"La Gu\u00eda de Pamplona \/ Noticias","url":"https:\/\/www.laguiadepamplona.com\/actualidad\/","logo":{"@type":"ImageObject","inLanguage":"es","@id":"https:\/\/www.laguiadepamplona.com\/actualidad\/#\/schema\/logo\/image\/","url":"https:\/\/www.laguiadepamplona.com\/actualidad\/wp-content\/uploads\/2018\/11\/logo-laguiadepamplona18-web1.png","contentUrl":"https:\/\/www.laguiadepamplona.com\/actualidad\/wp-content\/uploads\/2018\/11\/logo-laguiadepamplona18-web1.png","width":600,"height":196,"caption":"La Gu\u00eda de Pamplona \/ Noticias"},"image":{"@id":"https:\/\/www.laguiadepamplona.com\/actualidad\/#\/schema\/logo\/image\/"},"sameAs":["https:\/\/www.facebook.com\/laguiadepamplonacom-133175176762273\/?ref=hl","https:\/\/x.com\/LaGuiadPamplona","https:\/\/www.instagram.com\/la_guia_de_pamplona\/","https:\/\/www.youtube.com\/user\/laguiadepamplona"]},{"@type":"Person","@id":"https:\/\/www.laguiadepamplona.com\/actualidad\/#\/schema\/person\/efe887376f0213d4657c93adc50b1fdb","name":"La Gu\u00eda de Pamplona","image":{"@type":"ImageObject","inLanguage":"es","@id":"https:\/\/secure.gravatar.com\/avatar\/b6992f131dc8d30ab0dff15446e9d346d9dbd95992de0fef795073f5ea83a81c?s=96&d=mm&r=g","url":"https:\/\/secure.gravatar.com\/avatar\/b6992f131dc8d30ab0dff15446e9d346d9dbd95992de0fef795073f5ea83a81c?s=96&d=mm&r=g","contentUrl":"https:\/\/secure.gravatar.com\/avatar\/b6992f131dc8d30ab0dff15446e9d346d9dbd95992de0fef795073f5ea83a81c?s=96&d=mm&r=g","caption":"La Gu\u00eda de Pamplona"}}]}},"post_mailing_queue_ids":[],"_links":{"self":[{"href":"https:\/\/www.laguiadepamplona.com\/actualidad\/wp-json\/wp\/v2\/posts\/47263","targetHints":{"allow":["GET"]}}],"collection":[{"href":"https:\/\/www.laguiadepamplona.com\/actualidad\/wp-json\/wp\/v2\/posts"}],"about":[{"href":"https:\/\/www.laguiadepamplona.com\/actualidad\/wp-json\/wp\/v2\/types\/post"}],"author":[{"embeddable":true,"href":"https:\/\/www.laguiadepamplona.com\/actualidad\/wp-json\/wp\/v2\/users\/1"}],"replies":[{"embeddable":true,"href":"https:\/\/www.laguiadepamplona.com\/actualidad\/wp-json\/wp\/v2\/comments?post=47263"}],"version-history":[{"count":1,"href":"https:\/\/www.laguiadepamplona.com\/actualidad\/wp-json\/wp\/v2\/posts\/47263\/revisions"}],"predecessor-version":[{"id":47265,"href":"https:\/\/www.laguiadepamplona.com\/actualidad\/wp-json\/wp\/v2\/posts\/47263\/revisions\/47265"}],"wp:featuredmedia":[{"embeddable":true,"href":"https:\/\/www.laguiadepamplona.com\/actualidad\/wp-json\/wp\/v2\/media\/47264"}],"wp:attachment":[{"href":"https:\/\/www.laguiadepamplona.com\/actualidad\/wp-json\/wp\/v2\/media?parent=47263"}],"wp:term":[{"taxonomy":"category","embeddable":true,"href":"https:\/\/www.laguiadepamplona.com\/actualidad\/wp-json\/wp\/v2\/categories?post=47263"},{"taxonomy":"post_tag","embeddable":true,"href":"https:\/\/www.laguiadepamplona.com\/actualidad\/wp-json\/wp\/v2\/tags?post=47263"}],"curies":[{"name":"wp","href":"https:\/\/api.w.org\/{rel}","templated":true}]}}