{"id":47260,"date":"2023-08-08T12:24:10","date_gmt":"2023-08-08T10:24:10","guid":{"rendered":"https:\/\/www.laguiadepamplona.com\/actualidad\/?p=47260"},"modified":"2023-08-09T12:25:44","modified_gmt":"2023-08-09T10:25:44","slug":"adjudicado-el-contrato-de-asistencia-tecnica-para-la-elaboracion-ejecucion-y-desarrollo-del-programa-de-sensibilizacion-y-concienciacion-pamplona-2030","status":"publish","type":"post","link":"https:\/\/www.laguiadepamplona.com\/actualidad\/adjudicado-el-contrato-de-asistencia-tecnica-para-la-elaboracion-ejecucion-y-desarrollo-del-programa-de-sensibilizacion-y-concienciacion-pamplona-2030\/","title":{"rendered":"Adjudicado el contrato de asistencia t\u00e9cnica para la elaboraci\u00f3n, ejecuci\u00f3n y desarrollo del Programa de Sensibilizaci\u00f3n y Concienciaci\u00f3n Pamplona 2030"},"content":{"rendered":"<h3>El programa incluye eventos deportivos, encuentros, exposiciones, visitas guiadas y materiales did\u00e1cticos destinados a ciudadan\u00eda y agentes locales<\/h3>\n<p><!--more--><\/p>\n<p>La Junta de Gobierno Local ha aprobado la adjudicaci\u00f3n del contrato de asistencia t\u00e9cnica para la elaboraci\u00f3n, ejecuci\u00f3n y desarrollo del Programa de Sensibilizaci\u00f3n y Concienciaci\u00f3n Pamplona 2030. Este contrato tiene por objetivo fomentar la sensibilizaci\u00f3n y concienciaci\u00f3n de la ciudadan\u00eda y agentes locales en torno a la Agenda 2030 y sus Objetivos de Desarrollo Sostenible. La contrataci\u00f3n se adjudica a la licitadora Intro Comunicaci\u00f3n SL, por un importe de 90.000 euros (IVA excluido), lo que genera un gasto de 108.900 euros (IVA incluido) y un remanente de 27.126,39 euros respecto al presupuesto inicial, que era de 136.026,39 euros.<\/p>\n<p>El contrato incluye tambi\u00e9n los objetivos y proyectos de la Agenda Urbana Pamplona 2030, que es la herramienta local que desarrolla los programas de la Agenda 2030. Entre las actividades del Programa de Sensibilizaci\u00f3n y Concienciaci\u00f3n Pamplona 2030 se encuentran eventos deportivos, campa\u00f1as publicitarias en distintos formatos y soportes, encuentros presenciales, estudios espec\u00edficos sobre el conocimiento del programa, visitas guiadas, exposiciones y materiales did\u00e1cticos.<\/p>\n<p>Estas actividades dirigidas a la ciudadan\u00eda, que reciben subvenci\u00f3n del Ministerio de Derechos Sociales y Agenda 2030 del Gobierno de Espa\u00f1a, a trav\u00e9s de la Convocatoria para la concesi\u00f3n de subvenciones destinadas a acciones para el impulso de la Agenda 2030 en las Entidades Locales, deben estar concluidas a finales de noviembre de este a\u00f1o. El pliego establece un plazo de ejecuci\u00f3n desde la fecha de comunicaci\u00f3n de la adjudicaci\u00f3n hasta el 30 de noviembre y no se contemplan pr\u00f3rrogas.<\/p>\n<p>El programa de Sensibilizaci\u00f3n y Concienciaci\u00f3n Pamplona 2030 forma parte de la Agenda Urbana Pamplona 2030, aprobada por unanimidad en el Pleno Municipal del 15 de abril de 2021. Se trata de una estrategia de ciudad alineada con la Agenda Urbana Europea y Espa\u00f1ola, y con los Objetivos de Desarrollo Sostenible (ODS) de la Agenda 2030 de Naciones Unidas. Las principales l\u00edneas estrat\u00e9gicas del programa se orientan a la b\u00fasqueda de consensos, la implicaci\u00f3n de la ciudadan\u00eda y los agentes, la definici\u00f3n de un modelo de ciudad, la facilitaci\u00f3n de la correcta ejecuci\u00f3n de los proyectos, la generaci\u00f3n de nuevas propuestas y el logro de una comunicaci\u00f3n coherente con los valores de la Agenda 2030 y los ODS.<\/p>\n","protected":false},"excerpt":{"rendered":"<p>El programa incluye eventos deportivos, encuentros, exposiciones, visitas guiadas y materiales did\u00e1cticos destinados a ciudadan\u00eda y agentes locales<\/p>\n","protected":false},"author":1,"featured_media":47261,"comment_status":"open","ping_status":"closed","sticky":false,"template":"","format":"standard","meta":{"footnotes":""},"categories":[2],"tags":[],"class_list":["post-47260","post","type-post","status-publish","format-standard","has-post-thumbnail","hentry","category-ayuntamiento-pamplona"],"yoast_head":"<!-- This site is optimized with the Yoast SEO plugin v27.3 - https:\/\/yoast.com\/product\/yoast-seo-wordpress\/ -->\n<title>Adjudicado el contrato de asistencia t\u00e9cnica para la elaboraci\u00f3n, ejecuci\u00f3n y desarrollo del Programa de Sensibilizaci\u00f3n y Concienciaci\u00f3n Pamplona 2030<\/title>\n<meta name=\"description\" content=\"El programa incluye eventos deportivos, encuentros, exposiciones, visitas guiadas y materiales did\u00e1cticos destinados a ciudadan\u00eda y agentes locales\" \/>\n<meta name=\"robots\" content=\"index, follow, max-snippet:-1, max-image-preview:large, max-video-preview:-1\" \/>\n<link rel=\"canonical\" href=\"https:\/\/www.laguiadepamplona.com\/actualidad\/adjudicado-el-contrato-de-asistencia-tecnica-para-la-elaboracion-ejecucion-y-desarrollo-del-programa-de-sensibilizacion-y-concienciacion-pamplona-2030\/\" \/>\n<meta property=\"og:locale\" content=\"es_ES\" \/>\n<meta property=\"og:type\" content=\"article\" \/>\n<meta property=\"og:title\" content=\"Adjudicado el contrato de asistencia t\u00e9cnica para la elaboraci\u00f3n, ejecuci\u00f3n y desarrollo del Programa de Sensibilizaci\u00f3n y Concienciaci\u00f3n Pamplona 2030\" \/>\n<meta property=\"og:description\" content=\"El programa incluye eventos deportivos, encuentros, exposiciones, visitas guiadas y materiales did\u00e1cticos destinados a ciudadan\u00eda y agentes locales\" \/>\n<meta property=\"og:url\" content=\"https:\/\/www.laguiadepamplona.com\/actualidad\/adjudicado-el-contrato-de-asistencia-tecnica-para-la-elaboracion-ejecucion-y-desarrollo-del-programa-de-sensibilizacion-y-concienciacion-pamplona-2030\/\" \/>\n<meta property=\"og:site_name\" content=\"La Gu\u00eda de Pamplona\" \/>\n<meta property=\"article:publisher\" content=\"https:\/\/www.facebook.com\/laguiadepamplonacom-133175176762273\/?ref=hl\" \/>\n<meta property=\"article:published_time\" content=\"2023-08-08T10:24:10+00:00\" \/>\n<meta property=\"article:modified_time\" content=\"2023-08-09T10:25:44+00:00\" \/>\n<meta property=\"og:image\" content=\"https:\/\/www.laguiadepamplona.com\/actualidad\/wp-content\/uploads\/2023\/08\/plaza_castillo_fachadas_edificios.webp\" \/>\n\t<meta property=\"og:image:width\" content=\"1600\" \/>\n\t<meta property=\"og:image:height\" content=\"1067\" \/>\n\t<meta property=\"og:image:type\" content=\"image\/webp\" \/>\n<meta name=\"author\" content=\"La Gu\u00eda de Pamplona\" \/>\n<meta name=\"twitter:card\" content=\"summary_large_image\" \/>\n<meta name=\"twitter:creator\" content=\"@LaGuiadPamplona\" \/>\n<meta name=\"twitter:site\" content=\"@LaGuiadPamplona\" \/>\n<meta name=\"twitter:label1\" content=\"Escrito por\" \/>\n\t<meta name=\"twitter:data1\" content=\"La Gu\u00eda de Pamplona\" \/>\n\t<meta name=\"twitter:label2\" content=\"Tiempo de lectura\" \/>\n\t<meta name=\"twitter:data2\" content=\"2 minutos\" \/>\n<script type=\"application\/ld+json\" class=\"yoast-schema-graph\">{\"@context\":\"https:\\\/\\\/schema.org\",\"@graph\":[{\"@type\":\"Article\",\"@id\":\"https:\\\/\\\/www.laguiadepamplona.com\\\/actualidad\\\/adjudicado-el-contrato-de-asistencia-tecnica-para-la-elaboracion-ejecucion-y-desarrollo-del-programa-de-sensibilizacion-y-concienciacion-pamplona-2030\\\/#article\",\"isPartOf\":{\"@id\":\"https:\\\/\\\/www.laguiadepamplona.com\\\/actualidad\\\/adjudicado-el-contrato-de-asistencia-tecnica-para-la-elaboracion-ejecucion-y-desarrollo-del-programa-de-sensibilizacion-y-concienciacion-pamplona-2030\\\/\"},\"author\":{\"name\":\"La Gu\u00eda de Pamplona\",\"@id\":\"https:\\\/\\\/www.laguiadepamplona.com\\\/actualidad\\\/#\\\/schema\\\/person\\\/efe887376f0213d4657c93adc50b1fdb\"},\"headline\":\"Adjudicado el contrato de asistencia t\u00e9cnica para la elaboraci\u00f3n, ejecuci\u00f3n y desarrollo del Programa de Sensibilizaci\u00f3n y Concienciaci\u00f3n Pamplona 2030\",\"datePublished\":\"2023-08-08T10:24:10+00:00\",\"dateModified\":\"2023-08-09T10:25:44+00:00\",\"mainEntityOfPage\":{\"@id\":\"https:\\\/\\\/www.laguiadepamplona.com\\\/actualidad\\\/adjudicado-el-contrato-de-asistencia-tecnica-para-la-elaboracion-ejecucion-y-desarrollo-del-programa-de-sensibilizacion-y-concienciacion-pamplona-2030\\\/\"},\"wordCount\":427,\"commentCount\":0,\"publisher\":{\"@id\":\"https:\\\/\\\/www.laguiadepamplona.com\\\/actualidad\\\/#organization\"},\"image\":{\"@id\":\"https:\\\/\\\/www.laguiadepamplona.com\\\/actualidad\\\/adjudicado-el-contrato-de-asistencia-tecnica-para-la-elaboracion-ejecucion-y-desarrollo-del-programa-de-sensibilizacion-y-concienciacion-pamplona-2030\\\/#primaryimage\"},\"thumbnailUrl\":\"https:\\\/\\\/www.laguiadepamplona.com\\\/actualidad\\\/wp-content\\\/uploads\\\/2023\\\/08\\\/plaza_castillo_fachadas_edificios.webp\",\"articleSection\":[\"Ayto Pamplona\"],\"inLanguage\":\"es\",\"potentialAction\":[{\"@type\":\"CommentAction\",\"name\":\"Comment\",\"target\":[\"https:\\\/\\\/www.laguiadepamplona.com\\\/actualidad\\\/adjudicado-el-contrato-de-asistencia-tecnica-para-la-elaboracion-ejecucion-y-desarrollo-del-programa-de-sensibilizacion-y-concienciacion-pamplona-2030\\\/#respond\"]}]},{\"@type\":\"WebPage\",\"@id\":\"https:\\\/\\\/www.laguiadepamplona.com\\\/actualidad\\\/adjudicado-el-contrato-de-asistencia-tecnica-para-la-elaboracion-ejecucion-y-desarrollo-del-programa-de-sensibilizacion-y-concienciacion-pamplona-2030\\\/\",\"url\":\"https:\\\/\\\/www.laguiadepamplona.com\\\/actualidad\\\/adjudicado-el-contrato-de-asistencia-tecnica-para-la-elaboracion-ejecucion-y-desarrollo-del-programa-de-sensibilizacion-y-concienciacion-pamplona-2030\\\/\",\"name\":\"Adjudicado el contrato de asistencia t\u00e9cnica para la elaboraci\u00f3n, ejecuci\u00f3n y desarrollo del Programa de Sensibilizaci\u00f3n y Concienciaci\u00f3n Pamplona 2030\",\"isPartOf\":{\"@id\":\"https:\\\/\\\/www.laguiadepamplona.com\\\/actualidad\\\/#website\"},\"primaryImageOfPage\":{\"@id\":\"https:\\\/\\\/www.laguiadepamplona.com\\\/actualidad\\\/adjudicado-el-contrato-de-asistencia-tecnica-para-la-elaboracion-ejecucion-y-desarrollo-del-programa-de-sensibilizacion-y-concienciacion-pamplona-2030\\\/#primaryimage\"},\"image\":{\"@id\":\"https:\\\/\\\/www.laguiadepamplona.com\\\/actualidad\\\/adjudicado-el-contrato-de-asistencia-tecnica-para-la-elaboracion-ejecucion-y-desarrollo-del-programa-de-sensibilizacion-y-concienciacion-pamplona-2030\\\/#primaryimage\"},\"thumbnailUrl\":\"https:\\\/\\\/www.laguiadepamplona.com\\\/actualidad\\\/wp-content\\\/uploads\\\/2023\\\/08\\\/plaza_castillo_fachadas_edificios.webp\",\"datePublished\":\"2023-08-08T10:24:10+00:00\",\"dateModified\":\"2023-08-09T10:25:44+00:00\",\"description\":\"El programa incluye eventos deportivos, encuentros, exposiciones, visitas guiadas y materiales did\u00e1cticos destinados a ciudadan\u00eda y agentes locales\",\"breadcrumb\":{\"@id\":\"https:\\\/\\\/www.laguiadepamplona.com\\\/actualidad\\\/adjudicado-el-contrato-de-asistencia-tecnica-para-la-elaboracion-ejecucion-y-desarrollo-del-programa-de-sensibilizacion-y-concienciacion-pamplona-2030\\\/#breadcrumb\"},\"inLanguage\":\"es\",\"potentialAction\":[{\"@type\":\"ReadAction\",\"target\":[\"https:\\\/\\\/www.laguiadepamplona.com\\\/actualidad\\\/adjudicado-el-contrato-de-asistencia-tecnica-para-la-elaboracion-ejecucion-y-desarrollo-del-programa-de-sensibilizacion-y-concienciacion-pamplona-2030\\\/\"]}]},{\"@type\":\"ImageObject\",\"inLanguage\":\"es\",\"@id\":\"https:\\\/\\\/www.laguiadepamplona.com\\\/actualidad\\\/adjudicado-el-contrato-de-asistencia-tecnica-para-la-elaboracion-ejecucion-y-desarrollo-del-programa-de-sensibilizacion-y-concienciacion-pamplona-2030\\\/#primaryimage\",\"url\":\"https:\\\/\\\/www.laguiadepamplona.com\\\/actualidad\\\/wp-content\\\/uploads\\\/2023\\\/08\\\/plaza_castillo_fachadas_edificios.webp\",\"contentUrl\":\"https:\\\/\\\/www.laguiadepamplona.com\\\/actualidad\\\/wp-content\\\/uploads\\\/2023\\\/08\\\/plaza_castillo_fachadas_edificios.webp\",\"width\":1600,\"height\":1067,\"caption\":\"plaza castillo\"},{\"@type\":\"BreadcrumbList\",\"@id\":\"https:\\\/\\\/www.laguiadepamplona.com\\\/actualidad\\\/adjudicado-el-contrato-de-asistencia-tecnica-para-la-elaboracion-ejecucion-y-desarrollo-del-programa-de-sensibilizacion-y-concienciacion-pamplona-2030\\\/#breadcrumb\",\"itemListElement\":[{\"@type\":\"ListItem\",\"position\":1,\"name\":\"Portada\",\"item\":\"https:\\\/\\\/www.laguiadepamplona.com\\\/actualidad\\\/\"},{\"@type\":\"ListItem\",\"position\":2,\"name\":\"Adjudicado el contrato de asistencia t\u00e9cnica para la elaboraci\u00f3n, ejecuci\u00f3n y desarrollo del Programa de Sensibilizaci\u00f3n y Concienciaci\u00f3n Pamplona 2030\"}]},{\"@type\":\"WebSite\",\"@id\":\"https:\\\/\\\/www.laguiadepamplona.com\\\/actualidad\\\/#website\",\"url\":\"https:\\\/\\\/www.laguiadepamplona.com\\\/actualidad\\\/\",\"name\":\"La gu\u00eda de Pamplona\",\"description\":\"Noticias de Pamplona\",\"publisher\":{\"@id\":\"https:\\\/\\\/www.laguiadepamplona.com\\\/actualidad\\\/#organization\"},\"potentialAction\":[{\"@type\":\"SearchAction\",\"target\":{\"@type\":\"EntryPoint\",\"urlTemplate\":\"https:\\\/\\\/www.laguiadepamplona.com\\\/actualidad\\\/?s={search_term_string}\"},\"query-input\":{\"@type\":\"PropertyValueSpecification\",\"valueRequired\":true,\"valueName\":\"search_term_string\"}}],\"inLanguage\":\"es\"},{\"@type\":\"Organization\",\"@id\":\"https:\\\/\\\/www.laguiadepamplona.com\\\/actualidad\\\/#organization\",\"name\":\"La Gu\u00eda de Pamplona \\\/ Noticias\",\"url\":\"https:\\\/\\\/www.laguiadepamplona.com\\\/actualidad\\\/\",\"logo\":{\"@type\":\"ImageObject\",\"inLanguage\":\"es\",\"@id\":\"https:\\\/\\\/www.laguiadepamplona.com\\\/actualidad\\\/#\\\/schema\\\/logo\\\/image\\\/\",\"url\":\"https:\\\/\\\/www.laguiadepamplona.com\\\/actualidad\\\/wp-content\\\/uploads\\\/2018\\\/11\\\/logo-laguiadepamplona18-web1.png\",\"contentUrl\":\"https:\\\/\\\/www.laguiadepamplona.com\\\/actualidad\\\/wp-content\\\/uploads\\\/2018\\\/11\\\/logo-laguiadepamplona18-web1.png\",\"width\":600,\"height\":196,\"caption\":\"La Gu\u00eda de Pamplona \\\/ Noticias\"},\"image\":{\"@id\":\"https:\\\/\\\/www.laguiadepamplona.com\\\/actualidad\\\/#\\\/schema\\\/logo\\\/image\\\/\"},\"sameAs\":[\"https:\\\/\\\/www.facebook.com\\\/laguiadepamplonacom-133175176762273\\\/?ref=hl\",\"https:\\\/\\\/x.com\\\/LaGuiadPamplona\",\"https:\\\/\\\/www.instagram.com\\\/la_guia_de_pamplona\\\/\",\"https:\\\/\\\/www.youtube.com\\\/user\\\/laguiadepamplona\"]},{\"@type\":\"Person\",\"@id\":\"https:\\\/\\\/www.laguiadepamplona.com\\\/actualidad\\\/#\\\/schema\\\/person\\\/efe887376f0213d4657c93adc50b1fdb\",\"name\":\"La Gu\u00eda de Pamplona\",\"image\":{\"@type\":\"ImageObject\",\"inLanguage\":\"es\",\"@id\":\"https:\\\/\\\/secure.gravatar.com\\\/avatar\\\/b6992f131dc8d30ab0dff15446e9d346d9dbd95992de0fef795073f5ea83a81c?s=96&d=mm&r=g\",\"url\":\"https:\\\/\\\/secure.gravatar.com\\\/avatar\\\/b6992f131dc8d30ab0dff15446e9d346d9dbd95992de0fef795073f5ea83a81c?s=96&d=mm&r=g\",\"contentUrl\":\"https:\\\/\\\/secure.gravatar.com\\\/avatar\\\/b6992f131dc8d30ab0dff15446e9d346d9dbd95992de0fef795073f5ea83a81c?s=96&d=mm&r=g\",\"caption\":\"La Gu\u00eda de Pamplona\"}}]}<\/script>\n<!-- \/ Yoast SEO plugin. -->","yoast_head_json":{"title":"Adjudicado el contrato de asistencia t\u00e9cnica para la elaboraci\u00f3n, ejecuci\u00f3n y desarrollo del Programa de Sensibilizaci\u00f3n y Concienciaci\u00f3n Pamplona 2030","description":"El programa incluye eventos deportivos, encuentros, exposiciones, visitas guiadas y materiales did\u00e1cticos destinados a ciudadan\u00eda y agentes locales","robots":{"index":"index","follow":"follow","max-snippet":"max-snippet:-1","max-image-preview":"max-image-preview:large","max-video-preview":"max-video-preview:-1"},"canonical":"https:\/\/www.laguiadepamplona.com\/actualidad\/adjudicado-el-contrato-de-asistencia-tecnica-para-la-elaboracion-ejecucion-y-desarrollo-del-programa-de-sensibilizacion-y-concienciacion-pamplona-2030\/","og_locale":"es_ES","og_type":"article","og_title":"Adjudicado el contrato de asistencia t\u00e9cnica para la elaboraci\u00f3n, ejecuci\u00f3n y desarrollo del Programa de Sensibilizaci\u00f3n y Concienciaci\u00f3n Pamplona 2030","og_description":"El programa incluye eventos deportivos, encuentros, exposiciones, visitas guiadas y materiales did\u00e1cticos destinados a ciudadan\u00eda y agentes locales","og_url":"https:\/\/www.laguiadepamplona.com\/actualidad\/adjudicado-el-contrato-de-asistencia-tecnica-para-la-elaboracion-ejecucion-y-desarrollo-del-programa-de-sensibilizacion-y-concienciacion-pamplona-2030\/","og_site_name":"La Gu\u00eda de Pamplona","article_publisher":"https:\/\/www.facebook.com\/laguiadepamplonacom-133175176762273\/?ref=hl","article_published_time":"2023-08-08T10:24:10+00:00","article_modified_time":"2023-08-09T10:25:44+00:00","og_image":[{"width":1600,"height":1067,"url":"https:\/\/www.laguiadepamplona.com\/actualidad\/wp-content\/uploads\/2023\/08\/plaza_castillo_fachadas_edificios.webp","type":"image\/webp"}],"author":"La Gu\u00eda de Pamplona","twitter_card":"summary_large_image","twitter_creator":"@LaGuiadPamplona","twitter_site":"@LaGuiadPamplona","twitter_misc":{"Escrito por":"La Gu\u00eda de Pamplona","Tiempo de lectura":"2 minutos"},"schema":{"@context":"https:\/\/schema.org","@graph":[{"@type":"Article","@id":"https:\/\/www.laguiadepamplona.com\/actualidad\/adjudicado-el-contrato-de-asistencia-tecnica-para-la-elaboracion-ejecucion-y-desarrollo-del-programa-de-sensibilizacion-y-concienciacion-pamplona-2030\/#article","isPartOf":{"@id":"https:\/\/www.laguiadepamplona.com\/actualidad\/adjudicado-el-contrato-de-asistencia-tecnica-para-la-elaboracion-ejecucion-y-desarrollo-del-programa-de-sensibilizacion-y-concienciacion-pamplona-2030\/"},"author":{"name":"La Gu\u00eda de Pamplona","@id":"https:\/\/www.laguiadepamplona.com\/actualidad\/#\/schema\/person\/efe887376f0213d4657c93adc50b1fdb"},"headline":"Adjudicado el contrato de asistencia t\u00e9cnica para la elaboraci\u00f3n, ejecuci\u00f3n y desarrollo del Programa de Sensibilizaci\u00f3n y Concienciaci\u00f3n Pamplona 2030","datePublished":"2023-08-08T10:24:10+00:00","dateModified":"2023-08-09T10:25:44+00:00","mainEntityOfPage":{"@id":"https:\/\/www.laguiadepamplona.com\/actualidad\/adjudicado-el-contrato-de-asistencia-tecnica-para-la-elaboracion-ejecucion-y-desarrollo-del-programa-de-sensibilizacion-y-concienciacion-pamplona-2030\/"},"wordCount":427,"commentCount":0,"publisher":{"@id":"https:\/\/www.laguiadepamplona.com\/actualidad\/#organization"},"image":{"@id":"https:\/\/www.laguiadepamplona.com\/actualidad\/adjudicado-el-contrato-de-asistencia-tecnica-para-la-elaboracion-ejecucion-y-desarrollo-del-programa-de-sensibilizacion-y-concienciacion-pamplona-2030\/#primaryimage"},"thumbnailUrl":"https:\/\/www.laguiadepamplona.com\/actualidad\/wp-content\/uploads\/2023\/08\/plaza_castillo_fachadas_edificios.webp","articleSection":["Ayto Pamplona"],"inLanguage":"es","potentialAction":[{"@type":"CommentAction","name":"Comment","target":["https:\/\/www.laguiadepamplona.com\/actualidad\/adjudicado-el-contrato-de-asistencia-tecnica-para-la-elaboracion-ejecucion-y-desarrollo-del-programa-de-sensibilizacion-y-concienciacion-pamplona-2030\/#respond"]}]},{"@type":"WebPage","@id":"https:\/\/www.laguiadepamplona.com\/actualidad\/adjudicado-el-contrato-de-asistencia-tecnica-para-la-elaboracion-ejecucion-y-desarrollo-del-programa-de-sensibilizacion-y-concienciacion-pamplona-2030\/","url":"https:\/\/www.laguiadepamplona.com\/actualidad\/adjudicado-el-contrato-de-asistencia-tecnica-para-la-elaboracion-ejecucion-y-desarrollo-del-programa-de-sensibilizacion-y-concienciacion-pamplona-2030\/","name":"Adjudicado el contrato de asistencia t\u00e9cnica para la elaboraci\u00f3n, ejecuci\u00f3n y desarrollo del Programa de Sensibilizaci\u00f3n y Concienciaci\u00f3n Pamplona 2030","isPartOf":{"@id":"https:\/\/www.laguiadepamplona.com\/actualidad\/#website"},"primaryImageOfPage":{"@id":"https:\/\/www.laguiadepamplona.com\/actualidad\/adjudicado-el-contrato-de-asistencia-tecnica-para-la-elaboracion-ejecucion-y-desarrollo-del-programa-de-sensibilizacion-y-concienciacion-pamplona-2030\/#primaryimage"},"image":{"@id":"https:\/\/www.laguiadepamplona.com\/actualidad\/adjudicado-el-contrato-de-asistencia-tecnica-para-la-elaboracion-ejecucion-y-desarrollo-del-programa-de-sensibilizacion-y-concienciacion-pamplona-2030\/#primaryimage"},"thumbnailUrl":"https:\/\/www.laguiadepamplona.com\/actualidad\/wp-content\/uploads\/2023\/08\/plaza_castillo_fachadas_edificios.webp","datePublished":"2023-08-08T10:24:10+00:00","dateModified":"2023-08-09T10:25:44+00:00","description":"El programa incluye eventos deportivos, encuentros, exposiciones, visitas guiadas y materiales did\u00e1cticos destinados a ciudadan\u00eda y agentes locales","breadcrumb":{"@id":"https:\/\/www.laguiadepamplona.com\/actualidad\/adjudicado-el-contrato-de-asistencia-tecnica-para-la-elaboracion-ejecucion-y-desarrollo-del-programa-de-sensibilizacion-y-concienciacion-pamplona-2030\/#breadcrumb"},"inLanguage":"es","potentialAction":[{"@type":"ReadAction","target":["https:\/\/www.laguiadepamplona.com\/actualidad\/adjudicado-el-contrato-de-asistencia-tecnica-para-la-elaboracion-ejecucion-y-desarrollo-del-programa-de-sensibilizacion-y-concienciacion-pamplona-2030\/"]}]},{"@type":"ImageObject","inLanguage":"es","@id":"https:\/\/www.laguiadepamplona.com\/actualidad\/adjudicado-el-contrato-de-asistencia-tecnica-para-la-elaboracion-ejecucion-y-desarrollo-del-programa-de-sensibilizacion-y-concienciacion-pamplona-2030\/#primaryimage","url":"https:\/\/www.laguiadepamplona.com\/actualidad\/wp-content\/uploads\/2023\/08\/plaza_castillo_fachadas_edificios.webp","contentUrl":"https:\/\/www.laguiadepamplona.com\/actualidad\/wp-content\/uploads\/2023\/08\/plaza_castillo_fachadas_edificios.webp","width":1600,"height":1067,"caption":"plaza castillo"},{"@type":"BreadcrumbList","@id":"https:\/\/www.laguiadepamplona.com\/actualidad\/adjudicado-el-contrato-de-asistencia-tecnica-para-la-elaboracion-ejecucion-y-desarrollo-del-programa-de-sensibilizacion-y-concienciacion-pamplona-2030\/#breadcrumb","itemListElement":[{"@type":"ListItem","position":1,"name":"Portada","item":"https:\/\/www.laguiadepamplona.com\/actualidad\/"},{"@type":"ListItem","position":2,"name":"Adjudicado el contrato de asistencia t\u00e9cnica para la elaboraci\u00f3n, ejecuci\u00f3n y desarrollo del Programa de Sensibilizaci\u00f3n y Concienciaci\u00f3n Pamplona 2030"}]},{"@type":"WebSite","@id":"https:\/\/www.laguiadepamplona.com\/actualidad\/#website","url":"https:\/\/www.laguiadepamplona.com\/actualidad\/","name":"La gu\u00eda de Pamplona","description":"Noticias de Pamplona","publisher":{"@id":"https:\/\/www.laguiadepamplona.com\/actualidad\/#organization"},"potentialAction":[{"@type":"SearchAction","target":{"@type":"EntryPoint","urlTemplate":"https:\/\/www.laguiadepamplona.com\/actualidad\/?s={search_term_string}"},"query-input":{"@type":"PropertyValueSpecification","valueRequired":true,"valueName":"search_term_string"}}],"inLanguage":"es"},{"@type":"Organization","@id":"https:\/\/www.laguiadepamplona.com\/actualidad\/#organization","name":"La Gu\u00eda de Pamplona \/ Noticias","url":"https:\/\/www.laguiadepamplona.com\/actualidad\/","logo":{"@type":"ImageObject","inLanguage":"es","@id":"https:\/\/www.laguiadepamplona.com\/actualidad\/#\/schema\/logo\/image\/","url":"https:\/\/www.laguiadepamplona.com\/actualidad\/wp-content\/uploads\/2018\/11\/logo-laguiadepamplona18-web1.png","contentUrl":"https:\/\/www.laguiadepamplona.com\/actualidad\/wp-content\/uploads\/2018\/11\/logo-laguiadepamplona18-web1.png","width":600,"height":196,"caption":"La Gu\u00eda de Pamplona \/ Noticias"},"image":{"@id":"https:\/\/www.laguiadepamplona.com\/actualidad\/#\/schema\/logo\/image\/"},"sameAs":["https:\/\/www.facebook.com\/laguiadepamplonacom-133175176762273\/?ref=hl","https:\/\/x.com\/LaGuiadPamplona","https:\/\/www.instagram.com\/la_guia_de_pamplona\/","https:\/\/www.youtube.com\/user\/laguiadepamplona"]},{"@type":"Person","@id":"https:\/\/www.laguiadepamplona.com\/actualidad\/#\/schema\/person\/efe887376f0213d4657c93adc50b1fdb","name":"La Gu\u00eda de Pamplona","image":{"@type":"ImageObject","inLanguage":"es","@id":"https:\/\/secure.gravatar.com\/avatar\/b6992f131dc8d30ab0dff15446e9d346d9dbd95992de0fef795073f5ea83a81c?s=96&d=mm&r=g","url":"https:\/\/secure.gravatar.com\/avatar\/b6992f131dc8d30ab0dff15446e9d346d9dbd95992de0fef795073f5ea83a81c?s=96&d=mm&r=g","contentUrl":"https:\/\/secure.gravatar.com\/avatar\/b6992f131dc8d30ab0dff15446e9d346d9dbd95992de0fef795073f5ea83a81c?s=96&d=mm&r=g","caption":"La Gu\u00eda de Pamplona"}}]}},"post_mailing_queue_ids":[],"_links":{"self":[{"href":"https:\/\/www.laguiadepamplona.com\/actualidad\/wp-json\/wp\/v2\/posts\/47260","targetHints":{"allow":["GET"]}}],"collection":[{"href":"https:\/\/www.laguiadepamplona.com\/actualidad\/wp-json\/wp\/v2\/posts"}],"about":[{"href":"https:\/\/www.laguiadepamplona.com\/actualidad\/wp-json\/wp\/v2\/types\/post"}],"author":[{"embeddable":true,"href":"https:\/\/www.laguiadepamplona.com\/actualidad\/wp-json\/wp\/v2\/users\/1"}],"replies":[{"embeddable":true,"href":"https:\/\/www.laguiadepamplona.com\/actualidad\/wp-json\/wp\/v2\/comments?post=47260"}],"version-history":[{"count":1,"href":"https:\/\/www.laguiadepamplona.com\/actualidad\/wp-json\/wp\/v2\/posts\/47260\/revisions"}],"predecessor-version":[{"id":47262,"href":"https:\/\/www.laguiadepamplona.com\/actualidad\/wp-json\/wp\/v2\/posts\/47260\/revisions\/47262"}],"wp:featuredmedia":[{"embeddable":true,"href":"https:\/\/www.laguiadepamplona.com\/actualidad\/wp-json\/wp\/v2\/media\/47261"}],"wp:attachment":[{"href":"https:\/\/www.laguiadepamplona.com\/actualidad\/wp-json\/wp\/v2\/media?parent=47260"}],"wp:term":[{"taxonomy":"category","embeddable":true,"href":"https:\/\/www.laguiadepamplona.com\/actualidad\/wp-json\/wp\/v2\/categories?post=47260"},{"taxonomy":"post_tag","embeddable":true,"href":"https:\/\/www.laguiadepamplona.com\/actualidad\/wp-json\/wp\/v2\/tags?post=47260"}],"curies":[{"name":"wp","href":"https:\/\/api.w.org\/{rel}","templated":true}]}}