{"id":47252,"date":"2023-08-08T12:19:08","date_gmt":"2023-08-08T10:19:08","guid":{"rendered":"https:\/\/www.laguiadepamplona.com\/actualidad\/?p=47252"},"modified":"2023-08-09T12:20:57","modified_gmt":"2023-08-09T10:20:57","slug":"el-barrio-de-rochapea-contara-con-una-plaza-publica-con-arbolado-jardines-y-gran-fuente-ornamental-frente-al-edificio-matesa-iwer","status":"publish","type":"post","link":"https:\/\/www.laguiadepamplona.com\/actualidad\/el-barrio-de-rochapea-contara-con-una-plaza-publica-con-arbolado-jardines-y-gran-fuente-ornamental-frente-al-edificio-matesa-iwer\/","title":{"rendered":"El barrio de Rochapea contar\u00e1 con una plaza p\u00fablica con arbolado, jardines y gran fuente ornamental frente al edificio Matesa-IWER"},"content":{"rendered":"<h3>La Junta de Gobierno ha aprobado inicialmente el proyecto de urbanizaci\u00f3n, que conllevar\u00e1 el derribo de tres naves que se levantan en ese espacio<\/h3>\n<p><!--more--><\/p>\n<p>El barrio de Rochapea contar\u00e1 con una nueva plaza p\u00fablica, donde predominar\u00e1 la zona verde ajardinada y arbolada, junto a la fachada del edificio Matesa-IWER. La Junta de Gobierno Local ha aprobado de forma inicial el proyecto de urbanizaci\u00f3n de este espacio, que actualmente ocupan cuatro naves industriales anexas al emblem\u00e1tico edificio de la antigua f\u00e1brica de telas. El acuerdo incluye, por ello, el derribo total de tres de estas naves, y parcial de la cuarta, para ganar espacio para la ciudadan\u00eda. De hecho, el redise\u00f1o de este espacio responde a las demandas del vecindario, tras un proceso de participaci\u00f3n abierto por el Ayuntamiento. Adem\u00e1s, la actuaci\u00f3n incluye la adecuaci\u00f3n de la acera de la calle Artica, que actualmente no re\u00fane las medidas necesarias para garantizar un correcto tr\u00e1nsito peatonal.<\/p>\n<p>Este nuevo espacio p\u00fablico, que ocupar\u00e1 6.375 metros cuadrados entre las calles Marcelo Celayeta, Cruz de Barcacio y Artica, contar\u00e1, adem\u00e1s de la zona arbolada y ajardinada, con un espacio de estancia, con mobiliario urbano, y una zona de juegos cubierta con una p\u00e9rgola. El espacio infantil se dotar\u00e1 de suelo amortiguado y varios juegos con las correspondientes medidas de seguridad. Tambi\u00e9n se ha dise\u00f1ado una fuente ornamental compuesta por varios chorros incrustados en el pavimento. Con objeto de reducir el consumo de agua, la fuente se proyecta para funcionar en circuito cerrado. De esta forma, una vez puesta en funcionamiento, no necesitar\u00e1 m\u00e1s agua que aquella para reponer la que se haya perdido o evaporado. La fuente se ubica en el \u00e1rea de estancia, entre las dos alas principales del edificio de Iwer, en un cuadrado de 11,40 metros de ancho. La fuente ornamental contar\u00e1 con diez surtidores verticales, que enviar\u00e1n el agua a dos metros de altura. Adem\u00e1s, podr\u00e1n realizar de manera independiente movimientos de aparici\u00f3n, desaparici\u00f3n, intermitencias, alternancias y proyectarse a tres alturas distintas.<\/p>\n<p>Todo este nuevo dise\u00f1o es fruto de varias sesiones participativas, en las que la ciudadan\u00eda del barrio propuso alternativas para este espacio. De hecho, en el proyecto inicial, que databa de 2002, se preve\u00eda una plaza completamente pavimentada. Aprovechando el proyecto oPEN Lab, que prev\u00e9 convertir el barrio en un distrito verde de energ\u00eda positiva e incluye la rehabilitaci\u00f3n del edificio IWER, el Ayuntamiento de Pamplona, la Universidad del Pa\u00eds Vasco UPV\/EHU y AH Asociados (socios del proyecto oPEN Lab junto con el Centro Nacional de Energ\u00edas Renovables-CENER y Obensa), impulsaron esa consulta ciudadana y ese espacio de di\u00e1logo para redise\u00f1ar el espacio.<\/p>\n<p>El nuevo proyecto, ahora aprobado de forma inicial, ha sido elaborado por AH Asociados y su construcci\u00f3n tendr\u00e1 un coste total de 3.199.484,14 (IVA excluido). Las obras ser\u00e1n realizadas por Obras Especiales Edificaci\u00f3n e Infraestructuras (Obenasa), por encargo de los propietarios de los terrenos. El Ayuntamiento de Pamplona es el encargado de aprobar el dise\u00f1o y supervisar las obras de este espacio p\u00fablico.<\/p>\n<p>Los trabajos incluyen, adem\u00e1s, la reurbanizaci\u00f3n de la acera de la calle Artica, que linda con los terrenos de Matesa-IWER, y que en la actualidad apenas tiene 50 cent\u00edmetros de ancho. El proyecto prev\u00e9 un redise\u00f1o de esta zona, trasladando la acera a la parte m\u00e1s pr\u00f3xima al edificio, al otro lado del cierre perimetral de la parcela. En principio, se prev\u00e9 conservar la zona ajardinada y tambi\u00e9n los pilares de ladrillo de ese muro, no as\u00ed el cierre de mamposter\u00eda entre ellos, de forma que se ofrezca una mayor permeabilidad al tr\u00e1nsito peatonal. La acera actual, que no cumple con los anchos m\u00ednimos para ser accesible, se convertir\u00e1 en una zona ajardinada. Adem\u00e1s, se realizar\u00e1n nuevos pasos de peatones en la calle.<\/p>\n<p>El proyecto supone en conjunto la actuaci\u00f3n sobre una superficie total de aproximadamente 13.300 metros cuadrados, incluyendo la zona de la plaza p\u00fablica y del paseo peatonal de la calle Artica. Antes de su aprobaci\u00f3n definitiva, se someter\u00e1 a informaci\u00f3n p\u00fablica durante un plazo de 20 d\u00edas contados a partir de su publicaci\u00f3n en el Bolet\u00edn Oficial de Navarra.<\/p>\n","protected":false},"excerpt":{"rendered":"<p>La Junta de Gobierno ha aprobado inicialmente el proyecto de urbanizaci\u00f3n, que conllevar\u00e1 el derribo de tres naves que se levantan en ese espacio<\/p>\n","protected":false},"author":1,"featured_media":47253,"comment_status":"open","ping_status":"closed","sticky":false,"template":"","format":"standard","meta":{"footnotes":""},"categories":[2],"tags":[],"class_list":["post-47252","post","type-post","status-publish","format-standard","has-post-thumbnail","hentry","category-ayuntamiento-pamplona"],"yoast_head":"<!-- This site is optimized with the Yoast SEO plugin v27.3 - https:\/\/yoast.com\/product\/yoast-seo-wordpress\/ -->\n<title>El barrio de Rochapea contar\u00e1 con una plaza p\u00fablica con arbolado, jardines y gran fuente ornamental frente al edificio Matesa-IWER<\/title>\n<meta name=\"description\" content=\"La Junta de Gobierno ha aprobado inicialmente el proyecto de urbanizaci\u00f3n, que conllevar\u00e1 el derribo de tres naves que se levantan en ese espacio\" \/>\n<meta name=\"robots\" content=\"index, follow, max-snippet:-1, max-image-preview:large, max-video-preview:-1\" \/>\n<link rel=\"canonical\" href=\"https:\/\/www.laguiadepamplona.com\/actualidad\/el-barrio-de-rochapea-contara-con-una-plaza-publica-con-arbolado-jardines-y-gran-fuente-ornamental-frente-al-edificio-matesa-iwer\/\" \/>\n<meta property=\"og:locale\" content=\"es_ES\" \/>\n<meta property=\"og:type\" content=\"article\" \/>\n<meta property=\"og:title\" content=\"El barrio de Rochapea contar\u00e1 con una plaza p\u00fablica con arbolado, jardines y gran fuente ornamental frente al edificio Matesa-IWER\" \/>\n<meta property=\"og:description\" content=\"La Junta de Gobierno ha aprobado inicialmente el proyecto de urbanizaci\u00f3n, que conllevar\u00e1 el derribo de tres naves que se levantan en ese espacio\" \/>\n<meta property=\"og:url\" content=\"https:\/\/www.laguiadepamplona.com\/actualidad\/el-barrio-de-rochapea-contara-con-una-plaza-publica-con-arbolado-jardines-y-gran-fuente-ornamental-frente-al-edificio-matesa-iwer\/\" \/>\n<meta property=\"og:site_name\" content=\"La Gu\u00eda de Pamplona\" \/>\n<meta property=\"article:publisher\" content=\"https:\/\/www.facebook.com\/laguiadepamplonacom-133175176762273\/?ref=hl\" \/>\n<meta property=\"article:published_time\" content=\"2023-08-08T10:19:08+00:00\" \/>\n<meta property=\"article:modified_time\" content=\"2023-08-09T10:20:57+00:00\" \/>\n<meta property=\"og:image\" content=\"https:\/\/www.laguiadepamplona.com\/actualidad\/wp-content\/uploads\/2023\/08\/plazaiwer4_0.jpg\" \/>\n\t<meta property=\"og:image:width\" content=\"1024\" \/>\n\t<meta property=\"og:image:height\" content=\"576\" \/>\n\t<meta property=\"og:image:type\" content=\"image\/jpeg\" \/>\n<meta name=\"author\" content=\"La Gu\u00eda de Pamplona\" \/>\n<meta name=\"twitter:card\" content=\"summary_large_image\" \/>\n<meta name=\"twitter:creator\" content=\"@LaGuiadPamplona\" \/>\n<meta name=\"twitter:site\" content=\"@LaGuiadPamplona\" \/>\n<meta name=\"twitter:label1\" content=\"Escrito por\" \/>\n\t<meta name=\"twitter:data1\" content=\"La Gu\u00eda de Pamplona\" \/>\n\t<meta name=\"twitter:label2\" content=\"Tiempo de lectura\" \/>\n\t<meta name=\"twitter:data2\" content=\"4 minutos\" \/>\n<script type=\"application\/ld+json\" class=\"yoast-schema-graph\">{\"@context\":\"https:\\\/\\\/schema.org\",\"@graph\":[{\"@type\":\"Article\",\"@id\":\"https:\\\/\\\/www.laguiadepamplona.com\\\/actualidad\\\/el-barrio-de-rochapea-contara-con-una-plaza-publica-con-arbolado-jardines-y-gran-fuente-ornamental-frente-al-edificio-matesa-iwer\\\/#article\",\"isPartOf\":{\"@id\":\"https:\\\/\\\/www.laguiadepamplona.com\\\/actualidad\\\/el-barrio-de-rochapea-contara-con-una-plaza-publica-con-arbolado-jardines-y-gran-fuente-ornamental-frente-al-edificio-matesa-iwer\\\/\"},\"author\":{\"name\":\"La Gu\u00eda de Pamplona\",\"@id\":\"https:\\\/\\\/www.laguiadepamplona.com\\\/actualidad\\\/#\\\/schema\\\/person\\\/efe887376f0213d4657c93adc50b1fdb\"},\"headline\":\"El barrio de Rochapea contar\u00e1 con una plaza p\u00fablica con arbolado, jardines y gran fuente ornamental frente al edificio Matesa-IWER\",\"datePublished\":\"2023-08-08T10:19:08+00:00\",\"dateModified\":\"2023-08-09T10:20:57+00:00\",\"mainEntityOfPage\":{\"@id\":\"https:\\\/\\\/www.laguiadepamplona.com\\\/actualidad\\\/el-barrio-de-rochapea-contara-con-una-plaza-publica-con-arbolado-jardines-y-gran-fuente-ornamental-frente-al-edificio-matesa-iwer\\\/\"},\"wordCount\":752,\"commentCount\":0,\"publisher\":{\"@id\":\"https:\\\/\\\/www.laguiadepamplona.com\\\/actualidad\\\/#organization\"},\"image\":{\"@id\":\"https:\\\/\\\/www.laguiadepamplona.com\\\/actualidad\\\/el-barrio-de-rochapea-contara-con-una-plaza-publica-con-arbolado-jardines-y-gran-fuente-ornamental-frente-al-edificio-matesa-iwer\\\/#primaryimage\"},\"thumbnailUrl\":\"https:\\\/\\\/www.laguiadepamplona.com\\\/actualidad\\\/wp-content\\\/uploads\\\/2023\\\/08\\\/plazaiwer4_0.jpg\",\"articleSection\":[\"Ayto Pamplona\"],\"inLanguage\":\"es\",\"potentialAction\":[{\"@type\":\"CommentAction\",\"name\":\"Comment\",\"target\":[\"https:\\\/\\\/www.laguiadepamplona.com\\\/actualidad\\\/el-barrio-de-rochapea-contara-con-una-plaza-publica-con-arbolado-jardines-y-gran-fuente-ornamental-frente-al-edificio-matesa-iwer\\\/#respond\"]}]},{\"@type\":\"WebPage\",\"@id\":\"https:\\\/\\\/www.laguiadepamplona.com\\\/actualidad\\\/el-barrio-de-rochapea-contara-con-una-plaza-publica-con-arbolado-jardines-y-gran-fuente-ornamental-frente-al-edificio-matesa-iwer\\\/\",\"url\":\"https:\\\/\\\/www.laguiadepamplona.com\\\/actualidad\\\/el-barrio-de-rochapea-contara-con-una-plaza-publica-con-arbolado-jardines-y-gran-fuente-ornamental-frente-al-edificio-matesa-iwer\\\/\",\"name\":\"El barrio de Rochapea contar\u00e1 con una plaza p\u00fablica con arbolado, jardines y gran fuente ornamental frente al edificio Matesa-IWER\",\"isPartOf\":{\"@id\":\"https:\\\/\\\/www.laguiadepamplona.com\\\/actualidad\\\/#website\"},\"primaryImageOfPage\":{\"@id\":\"https:\\\/\\\/www.laguiadepamplona.com\\\/actualidad\\\/el-barrio-de-rochapea-contara-con-una-plaza-publica-con-arbolado-jardines-y-gran-fuente-ornamental-frente-al-edificio-matesa-iwer\\\/#primaryimage\"},\"image\":{\"@id\":\"https:\\\/\\\/www.laguiadepamplona.com\\\/actualidad\\\/el-barrio-de-rochapea-contara-con-una-plaza-publica-con-arbolado-jardines-y-gran-fuente-ornamental-frente-al-edificio-matesa-iwer\\\/#primaryimage\"},\"thumbnailUrl\":\"https:\\\/\\\/www.laguiadepamplona.com\\\/actualidad\\\/wp-content\\\/uploads\\\/2023\\\/08\\\/plazaiwer4_0.jpg\",\"datePublished\":\"2023-08-08T10:19:08+00:00\",\"dateModified\":\"2023-08-09T10:20:57+00:00\",\"description\":\"La Junta de Gobierno ha aprobado inicialmente el proyecto de urbanizaci\u00f3n, que conllevar\u00e1 el derribo de tres naves que se levantan en ese espacio\",\"breadcrumb\":{\"@id\":\"https:\\\/\\\/www.laguiadepamplona.com\\\/actualidad\\\/el-barrio-de-rochapea-contara-con-una-plaza-publica-con-arbolado-jardines-y-gran-fuente-ornamental-frente-al-edificio-matesa-iwer\\\/#breadcrumb\"},\"inLanguage\":\"es\",\"potentialAction\":[{\"@type\":\"ReadAction\",\"target\":[\"https:\\\/\\\/www.laguiadepamplona.com\\\/actualidad\\\/el-barrio-de-rochapea-contara-con-una-plaza-publica-con-arbolado-jardines-y-gran-fuente-ornamental-frente-al-edificio-matesa-iwer\\\/\"]}]},{\"@type\":\"ImageObject\",\"inLanguage\":\"es\",\"@id\":\"https:\\\/\\\/www.laguiadepamplona.com\\\/actualidad\\\/el-barrio-de-rochapea-contara-con-una-plaza-publica-con-arbolado-jardines-y-gran-fuente-ornamental-frente-al-edificio-matesa-iwer\\\/#primaryimage\",\"url\":\"https:\\\/\\\/www.laguiadepamplona.com\\\/actualidad\\\/wp-content\\\/uploads\\\/2023\\\/08\\\/plazaiwer4_0.jpg\",\"contentUrl\":\"https:\\\/\\\/www.laguiadepamplona.com\\\/actualidad\\\/wp-content\\\/uploads\\\/2023\\\/08\\\/plazaiwer4_0.jpg\",\"width\":1024,\"height\":576,\"caption\":\"plaza iwer\"},{\"@type\":\"BreadcrumbList\",\"@id\":\"https:\\\/\\\/www.laguiadepamplona.com\\\/actualidad\\\/el-barrio-de-rochapea-contara-con-una-plaza-publica-con-arbolado-jardines-y-gran-fuente-ornamental-frente-al-edificio-matesa-iwer\\\/#breadcrumb\",\"itemListElement\":[{\"@type\":\"ListItem\",\"position\":1,\"name\":\"Portada\",\"item\":\"https:\\\/\\\/www.laguiadepamplona.com\\\/actualidad\\\/\"},{\"@type\":\"ListItem\",\"position\":2,\"name\":\"El barrio de Rochapea contar\u00e1 con una plaza p\u00fablica con arbolado, jardines y gran fuente ornamental frente al edificio Matesa-IWER\"}]},{\"@type\":\"WebSite\",\"@id\":\"https:\\\/\\\/www.laguiadepamplona.com\\\/actualidad\\\/#website\",\"url\":\"https:\\\/\\\/www.laguiadepamplona.com\\\/actualidad\\\/\",\"name\":\"La gu\u00eda de Pamplona\",\"description\":\"Noticias de Pamplona\",\"publisher\":{\"@id\":\"https:\\\/\\\/www.laguiadepamplona.com\\\/actualidad\\\/#organization\"},\"potentialAction\":[{\"@type\":\"SearchAction\",\"target\":{\"@type\":\"EntryPoint\",\"urlTemplate\":\"https:\\\/\\\/www.laguiadepamplona.com\\\/actualidad\\\/?s={search_term_string}\"},\"query-input\":{\"@type\":\"PropertyValueSpecification\",\"valueRequired\":true,\"valueName\":\"search_term_string\"}}],\"inLanguage\":\"es\"},{\"@type\":\"Organization\",\"@id\":\"https:\\\/\\\/www.laguiadepamplona.com\\\/actualidad\\\/#organization\",\"name\":\"La Gu\u00eda de Pamplona \\\/ Noticias\",\"url\":\"https:\\\/\\\/www.laguiadepamplona.com\\\/actualidad\\\/\",\"logo\":{\"@type\":\"ImageObject\",\"inLanguage\":\"es\",\"@id\":\"https:\\\/\\\/www.laguiadepamplona.com\\\/actualidad\\\/#\\\/schema\\\/logo\\\/image\\\/\",\"url\":\"https:\\\/\\\/www.laguiadepamplona.com\\\/actualidad\\\/wp-content\\\/uploads\\\/2018\\\/11\\\/logo-laguiadepamplona18-web1.png\",\"contentUrl\":\"https:\\\/\\\/www.laguiadepamplona.com\\\/actualidad\\\/wp-content\\\/uploads\\\/2018\\\/11\\\/logo-laguiadepamplona18-web1.png\",\"width\":600,\"height\":196,\"caption\":\"La Gu\u00eda de Pamplona \\\/ Noticias\"},\"image\":{\"@id\":\"https:\\\/\\\/www.laguiadepamplona.com\\\/actualidad\\\/#\\\/schema\\\/logo\\\/image\\\/\"},\"sameAs\":[\"https:\\\/\\\/www.facebook.com\\\/laguiadepamplonacom-133175176762273\\\/?ref=hl\",\"https:\\\/\\\/x.com\\\/LaGuiadPamplona\",\"https:\\\/\\\/www.instagram.com\\\/la_guia_de_pamplona\\\/\",\"https:\\\/\\\/www.youtube.com\\\/user\\\/laguiadepamplona\"]},{\"@type\":\"Person\",\"@id\":\"https:\\\/\\\/www.laguiadepamplona.com\\\/actualidad\\\/#\\\/schema\\\/person\\\/efe887376f0213d4657c93adc50b1fdb\",\"name\":\"La Gu\u00eda de Pamplona\",\"image\":{\"@type\":\"ImageObject\",\"inLanguage\":\"es\",\"@id\":\"https:\\\/\\\/secure.gravatar.com\\\/avatar\\\/b6992f131dc8d30ab0dff15446e9d346d9dbd95992de0fef795073f5ea83a81c?s=96&d=mm&r=g\",\"url\":\"https:\\\/\\\/secure.gravatar.com\\\/avatar\\\/b6992f131dc8d30ab0dff15446e9d346d9dbd95992de0fef795073f5ea83a81c?s=96&d=mm&r=g\",\"contentUrl\":\"https:\\\/\\\/secure.gravatar.com\\\/avatar\\\/b6992f131dc8d30ab0dff15446e9d346d9dbd95992de0fef795073f5ea83a81c?s=96&d=mm&r=g\",\"caption\":\"La Gu\u00eda de Pamplona\"}}]}<\/script>\n<!-- \/ Yoast SEO plugin. -->","yoast_head_json":{"title":"El barrio de Rochapea contar\u00e1 con una plaza p\u00fablica con arbolado, jardines y gran fuente ornamental frente al edificio Matesa-IWER","description":"La Junta de Gobierno ha aprobado inicialmente el proyecto de urbanizaci\u00f3n, que conllevar\u00e1 el derribo de tres naves que se levantan en ese espacio","robots":{"index":"index","follow":"follow","max-snippet":"max-snippet:-1","max-image-preview":"max-image-preview:large","max-video-preview":"max-video-preview:-1"},"canonical":"https:\/\/www.laguiadepamplona.com\/actualidad\/el-barrio-de-rochapea-contara-con-una-plaza-publica-con-arbolado-jardines-y-gran-fuente-ornamental-frente-al-edificio-matesa-iwer\/","og_locale":"es_ES","og_type":"article","og_title":"El barrio de Rochapea contar\u00e1 con una plaza p\u00fablica con arbolado, jardines y gran fuente ornamental frente al edificio Matesa-IWER","og_description":"La Junta de Gobierno ha aprobado inicialmente el proyecto de urbanizaci\u00f3n, que conllevar\u00e1 el derribo de tres naves que se levantan en ese espacio","og_url":"https:\/\/www.laguiadepamplona.com\/actualidad\/el-barrio-de-rochapea-contara-con-una-plaza-publica-con-arbolado-jardines-y-gran-fuente-ornamental-frente-al-edificio-matesa-iwer\/","og_site_name":"La Gu\u00eda de Pamplona","article_publisher":"https:\/\/www.facebook.com\/laguiadepamplonacom-133175176762273\/?ref=hl","article_published_time":"2023-08-08T10:19:08+00:00","article_modified_time":"2023-08-09T10:20:57+00:00","og_image":[{"width":1024,"height":576,"url":"https:\/\/www.laguiadepamplona.com\/actualidad\/wp-content\/uploads\/2023\/08\/plazaiwer4_0.jpg","type":"image\/jpeg"}],"author":"La Gu\u00eda de Pamplona","twitter_card":"summary_large_image","twitter_creator":"@LaGuiadPamplona","twitter_site":"@LaGuiadPamplona","twitter_misc":{"Escrito por":"La Gu\u00eda de Pamplona","Tiempo de lectura":"4 minutos"},"schema":{"@context":"https:\/\/schema.org","@graph":[{"@type":"Article","@id":"https:\/\/www.laguiadepamplona.com\/actualidad\/el-barrio-de-rochapea-contara-con-una-plaza-publica-con-arbolado-jardines-y-gran-fuente-ornamental-frente-al-edificio-matesa-iwer\/#article","isPartOf":{"@id":"https:\/\/www.laguiadepamplona.com\/actualidad\/el-barrio-de-rochapea-contara-con-una-plaza-publica-con-arbolado-jardines-y-gran-fuente-ornamental-frente-al-edificio-matesa-iwer\/"},"author":{"name":"La Gu\u00eda de Pamplona","@id":"https:\/\/www.laguiadepamplona.com\/actualidad\/#\/schema\/person\/efe887376f0213d4657c93adc50b1fdb"},"headline":"El barrio de Rochapea contar\u00e1 con una plaza p\u00fablica con arbolado, jardines y gran fuente ornamental frente al edificio Matesa-IWER","datePublished":"2023-08-08T10:19:08+00:00","dateModified":"2023-08-09T10:20:57+00:00","mainEntityOfPage":{"@id":"https:\/\/www.laguiadepamplona.com\/actualidad\/el-barrio-de-rochapea-contara-con-una-plaza-publica-con-arbolado-jardines-y-gran-fuente-ornamental-frente-al-edificio-matesa-iwer\/"},"wordCount":752,"commentCount":0,"publisher":{"@id":"https:\/\/www.laguiadepamplona.com\/actualidad\/#organization"},"image":{"@id":"https:\/\/www.laguiadepamplona.com\/actualidad\/el-barrio-de-rochapea-contara-con-una-plaza-publica-con-arbolado-jardines-y-gran-fuente-ornamental-frente-al-edificio-matesa-iwer\/#primaryimage"},"thumbnailUrl":"https:\/\/www.laguiadepamplona.com\/actualidad\/wp-content\/uploads\/2023\/08\/plazaiwer4_0.jpg","articleSection":["Ayto Pamplona"],"inLanguage":"es","potentialAction":[{"@type":"CommentAction","name":"Comment","target":["https:\/\/www.laguiadepamplona.com\/actualidad\/el-barrio-de-rochapea-contara-con-una-plaza-publica-con-arbolado-jardines-y-gran-fuente-ornamental-frente-al-edificio-matesa-iwer\/#respond"]}]},{"@type":"WebPage","@id":"https:\/\/www.laguiadepamplona.com\/actualidad\/el-barrio-de-rochapea-contara-con-una-plaza-publica-con-arbolado-jardines-y-gran-fuente-ornamental-frente-al-edificio-matesa-iwer\/","url":"https:\/\/www.laguiadepamplona.com\/actualidad\/el-barrio-de-rochapea-contara-con-una-plaza-publica-con-arbolado-jardines-y-gran-fuente-ornamental-frente-al-edificio-matesa-iwer\/","name":"El barrio de Rochapea contar\u00e1 con una plaza p\u00fablica con arbolado, jardines y gran fuente ornamental frente al edificio Matesa-IWER","isPartOf":{"@id":"https:\/\/www.laguiadepamplona.com\/actualidad\/#website"},"primaryImageOfPage":{"@id":"https:\/\/www.laguiadepamplona.com\/actualidad\/el-barrio-de-rochapea-contara-con-una-plaza-publica-con-arbolado-jardines-y-gran-fuente-ornamental-frente-al-edificio-matesa-iwer\/#primaryimage"},"image":{"@id":"https:\/\/www.laguiadepamplona.com\/actualidad\/el-barrio-de-rochapea-contara-con-una-plaza-publica-con-arbolado-jardines-y-gran-fuente-ornamental-frente-al-edificio-matesa-iwer\/#primaryimage"},"thumbnailUrl":"https:\/\/www.laguiadepamplona.com\/actualidad\/wp-content\/uploads\/2023\/08\/plazaiwer4_0.jpg","datePublished":"2023-08-08T10:19:08+00:00","dateModified":"2023-08-09T10:20:57+00:00","description":"La Junta de Gobierno ha aprobado inicialmente el proyecto de urbanizaci\u00f3n, que conllevar\u00e1 el derribo de tres naves que se levantan en ese espacio","breadcrumb":{"@id":"https:\/\/www.laguiadepamplona.com\/actualidad\/el-barrio-de-rochapea-contara-con-una-plaza-publica-con-arbolado-jardines-y-gran-fuente-ornamental-frente-al-edificio-matesa-iwer\/#breadcrumb"},"inLanguage":"es","potentialAction":[{"@type":"ReadAction","target":["https:\/\/www.laguiadepamplona.com\/actualidad\/el-barrio-de-rochapea-contara-con-una-plaza-publica-con-arbolado-jardines-y-gran-fuente-ornamental-frente-al-edificio-matesa-iwer\/"]}]},{"@type":"ImageObject","inLanguage":"es","@id":"https:\/\/www.laguiadepamplona.com\/actualidad\/el-barrio-de-rochapea-contara-con-una-plaza-publica-con-arbolado-jardines-y-gran-fuente-ornamental-frente-al-edificio-matesa-iwer\/#primaryimage","url":"https:\/\/www.laguiadepamplona.com\/actualidad\/wp-content\/uploads\/2023\/08\/plazaiwer4_0.jpg","contentUrl":"https:\/\/www.laguiadepamplona.com\/actualidad\/wp-content\/uploads\/2023\/08\/plazaiwer4_0.jpg","width":1024,"height":576,"caption":"plaza iwer"},{"@type":"BreadcrumbList","@id":"https:\/\/www.laguiadepamplona.com\/actualidad\/el-barrio-de-rochapea-contara-con-una-plaza-publica-con-arbolado-jardines-y-gran-fuente-ornamental-frente-al-edificio-matesa-iwer\/#breadcrumb","itemListElement":[{"@type":"ListItem","position":1,"name":"Portada","item":"https:\/\/www.laguiadepamplona.com\/actualidad\/"},{"@type":"ListItem","position":2,"name":"El barrio de Rochapea contar\u00e1 con una plaza p\u00fablica con arbolado, jardines y gran fuente ornamental frente al edificio Matesa-IWER"}]},{"@type":"WebSite","@id":"https:\/\/www.laguiadepamplona.com\/actualidad\/#website","url":"https:\/\/www.laguiadepamplona.com\/actualidad\/","name":"La gu\u00eda de Pamplona","description":"Noticias de Pamplona","publisher":{"@id":"https:\/\/www.laguiadepamplona.com\/actualidad\/#organization"},"potentialAction":[{"@type":"SearchAction","target":{"@type":"EntryPoint","urlTemplate":"https:\/\/www.laguiadepamplona.com\/actualidad\/?s={search_term_string}"},"query-input":{"@type":"PropertyValueSpecification","valueRequired":true,"valueName":"search_term_string"}}],"inLanguage":"es"},{"@type":"Organization","@id":"https:\/\/www.laguiadepamplona.com\/actualidad\/#organization","name":"La Gu\u00eda de Pamplona \/ Noticias","url":"https:\/\/www.laguiadepamplona.com\/actualidad\/","logo":{"@type":"ImageObject","inLanguage":"es","@id":"https:\/\/www.laguiadepamplona.com\/actualidad\/#\/schema\/logo\/image\/","url":"https:\/\/www.laguiadepamplona.com\/actualidad\/wp-content\/uploads\/2018\/11\/logo-laguiadepamplona18-web1.png","contentUrl":"https:\/\/www.laguiadepamplona.com\/actualidad\/wp-content\/uploads\/2018\/11\/logo-laguiadepamplona18-web1.png","width":600,"height":196,"caption":"La Gu\u00eda de Pamplona \/ Noticias"},"image":{"@id":"https:\/\/www.laguiadepamplona.com\/actualidad\/#\/schema\/logo\/image\/"},"sameAs":["https:\/\/www.facebook.com\/laguiadepamplonacom-133175176762273\/?ref=hl","https:\/\/x.com\/LaGuiadPamplona","https:\/\/www.instagram.com\/la_guia_de_pamplona\/","https:\/\/www.youtube.com\/user\/laguiadepamplona"]},{"@type":"Person","@id":"https:\/\/www.laguiadepamplona.com\/actualidad\/#\/schema\/person\/efe887376f0213d4657c93adc50b1fdb","name":"La Gu\u00eda de Pamplona","image":{"@type":"ImageObject","inLanguage":"es","@id":"https:\/\/secure.gravatar.com\/avatar\/b6992f131dc8d30ab0dff15446e9d346d9dbd95992de0fef795073f5ea83a81c?s=96&d=mm&r=g","url":"https:\/\/secure.gravatar.com\/avatar\/b6992f131dc8d30ab0dff15446e9d346d9dbd95992de0fef795073f5ea83a81c?s=96&d=mm&r=g","contentUrl":"https:\/\/secure.gravatar.com\/avatar\/b6992f131dc8d30ab0dff15446e9d346d9dbd95992de0fef795073f5ea83a81c?s=96&d=mm&r=g","caption":"La Gu\u00eda de Pamplona"}}]}},"post_mailing_queue_ids":[],"_links":{"self":[{"href":"https:\/\/www.laguiadepamplona.com\/actualidad\/wp-json\/wp\/v2\/posts\/47252","targetHints":{"allow":["GET"]}}],"collection":[{"href":"https:\/\/www.laguiadepamplona.com\/actualidad\/wp-json\/wp\/v2\/posts"}],"about":[{"href":"https:\/\/www.laguiadepamplona.com\/actualidad\/wp-json\/wp\/v2\/types\/post"}],"author":[{"embeddable":true,"href":"https:\/\/www.laguiadepamplona.com\/actualidad\/wp-json\/wp\/v2\/users\/1"}],"replies":[{"embeddable":true,"href":"https:\/\/www.laguiadepamplona.com\/actualidad\/wp-json\/wp\/v2\/comments?post=47252"}],"version-history":[{"count":1,"href":"https:\/\/www.laguiadepamplona.com\/actualidad\/wp-json\/wp\/v2\/posts\/47252\/revisions"}],"predecessor-version":[{"id":47254,"href":"https:\/\/www.laguiadepamplona.com\/actualidad\/wp-json\/wp\/v2\/posts\/47252\/revisions\/47254"}],"wp:featuredmedia":[{"embeddable":true,"href":"https:\/\/www.laguiadepamplona.com\/actualidad\/wp-json\/wp\/v2\/media\/47253"}],"wp:attachment":[{"href":"https:\/\/www.laguiadepamplona.com\/actualidad\/wp-json\/wp\/v2\/media?parent=47252"}],"wp:term":[{"taxonomy":"category","embeddable":true,"href":"https:\/\/www.laguiadepamplona.com\/actualidad\/wp-json\/wp\/v2\/categories?post=47252"},{"taxonomy":"post_tag","embeddable":true,"href":"https:\/\/www.laguiadepamplona.com\/actualidad\/wp-json\/wp\/v2\/tags?post=47252"}],"curies":[{"name":"wp","href":"https:\/\/api.w.org\/{rel}","templated":true}]}}