{"id":47249,"date":"2023-08-07T19:14:10","date_gmt":"2023-08-07T17:14:10","guid":{"rendered":"https:\/\/www.laguiadepamplona.com\/actualidad\/?p=47249"},"modified":"2023-08-07T19:14:10","modified_gmt":"2023-08-07T17:14:10","slug":"las-personas-menores-de-31-anos-pueden-solicitar-desde-este-lunes-su-abono-anual-para-el-servicio-de-bicicletas-electricas-compartidas-a-mitad-de-precio","status":"publish","type":"post","link":"https:\/\/www.laguiadepamplona.com\/actualidad\/las-personas-menores-de-31-anos-pueden-solicitar-desde-este-lunes-su-abono-anual-para-el-servicio-de-bicicletas-electricas-compartidas-a-mitad-de-precio\/","title":{"rendered":"Las personas menores de 31 a\u00f1os pueden solicitar desde este lunes su abono anual para el servicio de bicicletas el\u00e9ctricas compartidas a mitad de precio"},"content":{"rendered":"<h3>El abono anual de 35 euros cuesta 17,5 euros para las personas nacidas desde 1993 en adelante, un precio competitivo respecto a otras ciudades<\/h3>\n<p><!--more--><\/p>\n<p>Las personas j\u00f3venes nacidas en 1993 o posteriormente pueden solicitar desde este lunes su abono anual para el servicio de bicicletas el\u00e9ctricas compartidas a mitad de precio. El Ayuntamiento de Pamplona subvenciona la mitad del coste, de forma que el abono anual, ya rebajado de 40 a 35 euros, cuesta 17,5 a la poblaci\u00f3n juvenil. El objetivo de este abono a mitad de precio es incentivar el uso de la bicicleta en los desplazamientos cotidianos para contribuir a una ciudad m\u00e1s sostenible.<\/p>\n<p>Para solicitar este abono, disponible desde hoy durante todo el a\u00f1o, hay que obtener un c\u00f3digo promocional para la aplicaci\u00f3n que se solicita presentando el DNI f\u00edsico en la Oficina de Atenci\u00f3n a las personas usuarias de Ride On Pamplona (avenida de Galicia 1), en horario de 10 a 14 horas.<\/p>\n<p>Este precio se aplica a nuevas adquisiciones, pero los usuarios que compraron su plan anual a partir del 8 de mayo, pueden solicitar un reembolso de 5 euros en su monedero para gastar en viajes. Quienes contasen con un abono en vigor con anterioridad al 8 de mayo, podr\u00e1n beneficiarse de la reducci\u00f3n tras la renovaci\u00f3n del abono. Para m\u00e1s informaci\u00f3n, se puede consultar la <a href=\"https:\/\/rideonpamplona.com\/\" target=\"_blank\" rel=\"noopener\">web de Ride On<\/a>, llamar al tel\u00e9fono 848 670 016 o escribir al correo electr\u00f3nico <a href=\"mailto:support@rideonpamplona.com\">support@rideonpamplona.com<\/a>.<\/p>\n<p><strong>Tarifas competitivas<\/strong><\/p>\n<p>El coste del servicio de bicicletas con la tarifa reducida para personas j\u00f3venes ofrece ventajas respecto a otras ciudades. As\u00ed, por ejemplo, una persona que acudiera en bicicleta el\u00e9ctrica a la universidad durante los nueve meses del curso acad\u00e9mico, abonar\u00eda un importe inferior al de Madrid, Valladolid o Barcelona y similar al de San Sebasti\u00e1n: de media, gastar\u00eda 10,45 euros al mes, con dos trayectos diarios de 20 minutos de lunes a viernes. En Pamplona, a diferencia de otras ciudades, se puede acceder al servicio sin adquirir un abono, con unas tarifas diferentes, y en este caso el mismo supuesto supondr\u00eda una media de 33 euros al mes.<\/p>\n<p><strong>Un servicio en crecimiento<\/strong><\/p>\n<p>El servicio de bicicletas el\u00e9ctricas tiene registrados en la actualidad m\u00e1s de 54.000 usuarios y usuarias, que han recorrido casi dos millones de kil\u00f3metros en los 815.585 viajes realizados. Este servicio se alinea con GoGreen Pamplona, la Estrategia de Transici\u00f3n Energ\u00e9tica y Cambio Clim\u00e1tico2030 que tiene por objetivo reducir las emisiones y mejorar la eficiencia energ\u00e9tica, para convertir Pamplona en una ciudad m\u00e1s verde y sostenible. Las bicicletas de alquiler, junto a los casi 14 kil\u00f3metros de carril bici y las 2.500 plazas que se ofrecen en 9 aparcamientos disuasorios, contribuyen a esa movilidad sostenible, con una menor utilizaci\u00f3n del veh\u00edculo particular en el n\u00facleo urbano.<\/p>\n<p>Adem\u00e1s de las nuevas tarifas, el servicio de bicicletas se reforzar\u00e1 el a\u00f1o pr\u00f3ximo a trav\u00e9s del Plan de Recuperaci\u00f3n, Transformaci\u00f3n y Resiliencia (PRTR) del Gobierno de Espa\u00f1a, que ofrece financiaci\u00f3n europea con los fondos Next Generation EU. Las bases de carga pasar\u00e1n de 42 a 62, distribuidas por toda la ciudad, y el n\u00famero de bicicletas disponible se incrementar\u00e1 de las 400 actuales a 640, con una inversi\u00f3n total de 1.396.354,80 euros, que recibe una ayuda de 1.038.611,01 euros del Programa de ayudas a municipios para la implantaci\u00f3n de zonas de bajas emisiones y la transformaci\u00f3n digital y sostenible del transporte urbano, en el marco del PRTR.<\/p>\n<p>&nbsp;<\/p>\n<h3>Las Tarifas<\/h3>\n<p><strong>TARIFAS PARA MENORES DE 31 A\u00d1OS<\/strong><\/p>\n<ul>\n<li>El Ayuntamiento de Pamplona financia el 50% del abono a los menores de 31 a\u00f1os (17,5\u20ac)\n<ul>\n<li>Estos abonos se obtienen en las oficinas de Ride On, presentando el DNI<\/li>\n<li>Lugar: Avenida de Galicia 1. Horario: de 10 a 14, de lunes a viernes<\/li>\n<li>M\u00e1s informaci\u00f3n en la <a href=\"https:\/\/rideonpamplona.com\/\" target=\"_blank\" rel=\"noopener\">p\u00e1gina web<\/a> de Ride On, el tel\u00e9fono 848 670 016 y el correo electr\u00f3nico <a href=\"mailto:support@rideonpamplona.com\">support@rideonpamplona.com<\/a><\/li>\n<\/ul>\n<\/li>\n<\/ul>\n<p>&nbsp;<\/p>\n<p><strong>TARIFAS PARA ABONADOS<\/strong><\/p>\n<ul>\n<li>Precio de abono anual: 35 euros (baja de 40 euros a 35)<\/li>\n<li>Tarifa de desbloqueo: 0,30 euros (baja de 0,50 a 0,30)<\/li>\n<li>El resto de tarifas se mantienen sin cambios:\n<ul>\n<li>Precio del abono mensual: 15 euros<\/li>\n<li>Tarifa de 0 a 20 minutos: 0 euros<\/li>\n<li>Tarifa de 21 a 30 minutos: 2,5 c\u00e9ntimos de euro el minuto<\/li>\n<li>Tarifa de 31 a 60 minutos: 3 c\u00e9ntimos de euro el minuto<\/li>\n<li>Tarifa por encima de 60 minutos: 8 c\u00e9ntimos de euro el minuto<\/li>\n<\/ul>\n<\/li>\n<\/ul>\n<p>&nbsp;<\/p>\n<p><strong>TARIFAS PARA USUARIOS OCASIONALES<\/strong><\/p>\n<ul>\n<li>Tarifa de desbloqueo: 1,10 euros (sube de 0,70 euros a 1,10)<\/li>\n<li>El resto de tarifas se mantienen sin cambios:\n<ul>\n<li>Tarifa de 0 a 20 minutos: 0 euros<\/li>\n<li>Tarifa de 21 a 30 minutos: 4 c\u00e9ntimos de euro el minuto<\/li>\n<li>Tarifa de 31 a 60 minutos: 6 c\u00e9ntimos de euro el minuto<\/li>\n<li>Tarifa por encima de 60 minutos: 10 c\u00e9ntimos de euro el minuto<\/li>\n<\/ul>\n<\/li>\n<\/ul>\n","protected":false},"excerpt":{"rendered":"<p>El abono anual de 35 euros cuesta 17,5 euros para las personas nacidas desde 1993 en adelante, un precio competitivo respecto a otras ciudades<\/p>\n","protected":false},"author":1,"featured_media":47250,"comment_status":"open","ping_status":"closed","sticky":false,"template":"","format":"standard","meta":{"footnotes":""},"categories":[2],"tags":[],"class_list":["post-47249","post","type-post","status-publish","format-standard","has-post-thumbnail","hentry","category-ayuntamiento-pamplona"],"yoast_head":"<!-- This site is optimized with the Yoast SEO plugin v27.3 - https:\/\/yoast.com\/product\/yoast-seo-wordpress\/ -->\n<title>Las personas menores de 31 a\u00f1os pueden solicitar desde este lunes su abono anual para el servicio de bicicletas el\u00e9ctricas compartidas a mitad de precio<\/title>\n<meta name=\"description\" content=\"El abono anual de 35 euros cuesta 17,5 euros para las personas nacidas desde 1993 en adelante, un precio competitivo respecto a otras ciudades\" \/>\n<meta name=\"robots\" content=\"index, follow, max-snippet:-1, max-image-preview:large, max-video-preview:-1\" \/>\n<link rel=\"canonical\" href=\"https:\/\/www.laguiadepamplona.com\/actualidad\/las-personas-menores-de-31-anos-pueden-solicitar-desde-este-lunes-su-abono-anual-para-el-servicio-de-bicicletas-electricas-compartidas-a-mitad-de-precio\/\" \/>\n<meta property=\"og:locale\" content=\"es_ES\" \/>\n<meta property=\"og:type\" content=\"article\" \/>\n<meta property=\"og:title\" content=\"Las personas menores de 31 a\u00f1os pueden solicitar desde este lunes su abono anual para el servicio de bicicletas el\u00e9ctricas compartidas a mitad de precio\" \/>\n<meta property=\"og:description\" content=\"El abono anual de 35 euros cuesta 17,5 euros para las personas nacidas desde 1993 en adelante, un precio competitivo respecto a otras ciudades\" \/>\n<meta property=\"og:url\" content=\"https:\/\/www.laguiadepamplona.com\/actualidad\/las-personas-menores-de-31-anos-pueden-solicitar-desde-este-lunes-su-abono-anual-para-el-servicio-de-bicicletas-electricas-compartidas-a-mitad-de-precio\/\" \/>\n<meta property=\"og:site_name\" content=\"La Gu\u00eda de Pamplona\" \/>\n<meta property=\"article:publisher\" content=\"https:\/\/www.facebook.com\/laguiadepamplonacom-133175176762273\/?ref=hl\" \/>\n<meta property=\"article:published_time\" content=\"2023-08-07T17:14:10+00:00\" \/>\n<meta property=\"og:image\" content=\"https:\/\/www.laguiadepamplona.com\/actualidad\/wp-content\/uploads\/2023\/08\/descuento-bicis.webp\" \/>\n\t<meta property=\"og:image:width\" content=\"1200\" \/>\n\t<meta property=\"og:image:height\" content=\"675\" \/>\n\t<meta property=\"og:image:type\" content=\"image\/webp\" \/>\n<meta name=\"author\" content=\"La Gu\u00eda de Pamplona\" \/>\n<meta name=\"twitter:card\" content=\"summary_large_image\" \/>\n<meta name=\"twitter:creator\" content=\"@LaGuiadPamplona\" \/>\n<meta name=\"twitter:site\" content=\"@LaGuiadPamplona\" \/>\n<meta name=\"twitter:label1\" content=\"Escrito por\" \/>\n\t<meta name=\"twitter:data1\" content=\"La Gu\u00eda de Pamplona\" \/>\n\t<meta name=\"twitter:label2\" content=\"Tiempo de lectura\" \/>\n\t<meta name=\"twitter:data2\" content=\"4 minutos\" \/>\n<script type=\"application\/ld+json\" class=\"yoast-schema-graph\">{\"@context\":\"https:\\\/\\\/schema.org\",\"@graph\":[{\"@type\":\"Article\",\"@id\":\"https:\\\/\\\/www.laguiadepamplona.com\\\/actualidad\\\/las-personas-menores-de-31-anos-pueden-solicitar-desde-este-lunes-su-abono-anual-para-el-servicio-de-bicicletas-electricas-compartidas-a-mitad-de-precio\\\/#article\",\"isPartOf\":{\"@id\":\"https:\\\/\\\/www.laguiadepamplona.com\\\/actualidad\\\/las-personas-menores-de-31-anos-pueden-solicitar-desde-este-lunes-su-abono-anual-para-el-servicio-de-bicicletas-electricas-compartidas-a-mitad-de-precio\\\/\"},\"author\":{\"name\":\"La Gu\u00eda de Pamplona\",\"@id\":\"https:\\\/\\\/www.laguiadepamplona.com\\\/actualidad\\\/#\\\/schema\\\/person\\\/efe887376f0213d4657c93adc50b1fdb\"},\"headline\":\"Las personas menores de 31 a\u00f1os pueden solicitar desde este lunes su abono anual para el servicio de bicicletas el\u00e9ctricas compartidas a mitad de precio\",\"datePublished\":\"2023-08-07T17:14:10+00:00\",\"mainEntityOfPage\":{\"@id\":\"https:\\\/\\\/www.laguiadepamplona.com\\\/actualidad\\\/las-personas-menores-de-31-anos-pueden-solicitar-desde-este-lunes-su-abono-anual-para-el-servicio-de-bicicletas-electricas-compartidas-a-mitad-de-precio\\\/\"},\"wordCount\":808,\"commentCount\":0,\"publisher\":{\"@id\":\"https:\\\/\\\/www.laguiadepamplona.com\\\/actualidad\\\/#organization\"},\"image\":{\"@id\":\"https:\\\/\\\/www.laguiadepamplona.com\\\/actualidad\\\/las-personas-menores-de-31-anos-pueden-solicitar-desde-este-lunes-su-abono-anual-para-el-servicio-de-bicicletas-electricas-compartidas-a-mitad-de-precio\\\/#primaryimage\"},\"thumbnailUrl\":\"https:\\\/\\\/www.laguiadepamplona.com\\\/actualidad\\\/wp-content\\\/uploads\\\/2023\\\/08\\\/descuento-bicis.webp\",\"articleSection\":[\"Ayto Pamplona\"],\"inLanguage\":\"es\",\"potentialAction\":[{\"@type\":\"CommentAction\",\"name\":\"Comment\",\"target\":[\"https:\\\/\\\/www.laguiadepamplona.com\\\/actualidad\\\/las-personas-menores-de-31-anos-pueden-solicitar-desde-este-lunes-su-abono-anual-para-el-servicio-de-bicicletas-electricas-compartidas-a-mitad-de-precio\\\/#respond\"]}]},{\"@type\":\"WebPage\",\"@id\":\"https:\\\/\\\/www.laguiadepamplona.com\\\/actualidad\\\/las-personas-menores-de-31-anos-pueden-solicitar-desde-este-lunes-su-abono-anual-para-el-servicio-de-bicicletas-electricas-compartidas-a-mitad-de-precio\\\/\",\"url\":\"https:\\\/\\\/www.laguiadepamplona.com\\\/actualidad\\\/las-personas-menores-de-31-anos-pueden-solicitar-desde-este-lunes-su-abono-anual-para-el-servicio-de-bicicletas-electricas-compartidas-a-mitad-de-precio\\\/\",\"name\":\"Las personas menores de 31 a\u00f1os pueden solicitar desde este lunes su abono anual para el servicio de bicicletas el\u00e9ctricas compartidas a mitad de precio\",\"isPartOf\":{\"@id\":\"https:\\\/\\\/www.laguiadepamplona.com\\\/actualidad\\\/#website\"},\"primaryImageOfPage\":{\"@id\":\"https:\\\/\\\/www.laguiadepamplona.com\\\/actualidad\\\/las-personas-menores-de-31-anos-pueden-solicitar-desde-este-lunes-su-abono-anual-para-el-servicio-de-bicicletas-electricas-compartidas-a-mitad-de-precio\\\/#primaryimage\"},\"image\":{\"@id\":\"https:\\\/\\\/www.laguiadepamplona.com\\\/actualidad\\\/las-personas-menores-de-31-anos-pueden-solicitar-desde-este-lunes-su-abono-anual-para-el-servicio-de-bicicletas-electricas-compartidas-a-mitad-de-precio\\\/#primaryimage\"},\"thumbnailUrl\":\"https:\\\/\\\/www.laguiadepamplona.com\\\/actualidad\\\/wp-content\\\/uploads\\\/2023\\\/08\\\/descuento-bicis.webp\",\"datePublished\":\"2023-08-07T17:14:10+00:00\",\"description\":\"El abono anual de 35 euros cuesta 17,5 euros para las personas nacidas desde 1993 en adelante, un precio competitivo respecto a otras ciudades\",\"breadcrumb\":{\"@id\":\"https:\\\/\\\/www.laguiadepamplona.com\\\/actualidad\\\/las-personas-menores-de-31-anos-pueden-solicitar-desde-este-lunes-su-abono-anual-para-el-servicio-de-bicicletas-electricas-compartidas-a-mitad-de-precio\\\/#breadcrumb\"},\"inLanguage\":\"es\",\"potentialAction\":[{\"@type\":\"ReadAction\",\"target\":[\"https:\\\/\\\/www.laguiadepamplona.com\\\/actualidad\\\/las-personas-menores-de-31-anos-pueden-solicitar-desde-este-lunes-su-abono-anual-para-el-servicio-de-bicicletas-electricas-compartidas-a-mitad-de-precio\\\/\"]}]},{\"@type\":\"ImageObject\",\"inLanguage\":\"es\",\"@id\":\"https:\\\/\\\/www.laguiadepamplona.com\\\/actualidad\\\/las-personas-menores-de-31-anos-pueden-solicitar-desde-este-lunes-su-abono-anual-para-el-servicio-de-bicicletas-electricas-compartidas-a-mitad-de-precio\\\/#primaryimage\",\"url\":\"https:\\\/\\\/www.laguiadepamplona.com\\\/actualidad\\\/wp-content\\\/uploads\\\/2023\\\/08\\\/descuento-bicis.webp\",\"contentUrl\":\"https:\\\/\\\/www.laguiadepamplona.com\\\/actualidad\\\/wp-content\\\/uploads\\\/2023\\\/08\\\/descuento-bicis.webp\",\"width\":1200,\"height\":675},{\"@type\":\"BreadcrumbList\",\"@id\":\"https:\\\/\\\/www.laguiadepamplona.com\\\/actualidad\\\/las-personas-menores-de-31-anos-pueden-solicitar-desde-este-lunes-su-abono-anual-para-el-servicio-de-bicicletas-electricas-compartidas-a-mitad-de-precio\\\/#breadcrumb\",\"itemListElement\":[{\"@type\":\"ListItem\",\"position\":1,\"name\":\"Portada\",\"item\":\"https:\\\/\\\/www.laguiadepamplona.com\\\/actualidad\\\/\"},{\"@type\":\"ListItem\",\"position\":2,\"name\":\"Las personas menores de 31 a\u00f1os pueden solicitar desde este lunes su abono anual para el servicio de bicicletas el\u00e9ctricas compartidas a mitad de precio\"}]},{\"@type\":\"WebSite\",\"@id\":\"https:\\\/\\\/www.laguiadepamplona.com\\\/actualidad\\\/#website\",\"url\":\"https:\\\/\\\/www.laguiadepamplona.com\\\/actualidad\\\/\",\"name\":\"La gu\u00eda de Pamplona\",\"description\":\"Noticias de Pamplona\",\"publisher\":{\"@id\":\"https:\\\/\\\/www.laguiadepamplona.com\\\/actualidad\\\/#organization\"},\"potentialAction\":[{\"@type\":\"SearchAction\",\"target\":{\"@type\":\"EntryPoint\",\"urlTemplate\":\"https:\\\/\\\/www.laguiadepamplona.com\\\/actualidad\\\/?s={search_term_string}\"},\"query-input\":{\"@type\":\"PropertyValueSpecification\",\"valueRequired\":true,\"valueName\":\"search_term_string\"}}],\"inLanguage\":\"es\"},{\"@type\":\"Organization\",\"@id\":\"https:\\\/\\\/www.laguiadepamplona.com\\\/actualidad\\\/#organization\",\"name\":\"La Gu\u00eda de Pamplona \\\/ Noticias\",\"url\":\"https:\\\/\\\/www.laguiadepamplona.com\\\/actualidad\\\/\",\"logo\":{\"@type\":\"ImageObject\",\"inLanguage\":\"es\",\"@id\":\"https:\\\/\\\/www.laguiadepamplona.com\\\/actualidad\\\/#\\\/schema\\\/logo\\\/image\\\/\",\"url\":\"https:\\\/\\\/www.laguiadepamplona.com\\\/actualidad\\\/wp-content\\\/uploads\\\/2018\\\/11\\\/logo-laguiadepamplona18-web1.png\",\"contentUrl\":\"https:\\\/\\\/www.laguiadepamplona.com\\\/actualidad\\\/wp-content\\\/uploads\\\/2018\\\/11\\\/logo-laguiadepamplona18-web1.png\",\"width\":600,\"height\":196,\"caption\":\"La Gu\u00eda de Pamplona \\\/ Noticias\"},\"image\":{\"@id\":\"https:\\\/\\\/www.laguiadepamplona.com\\\/actualidad\\\/#\\\/schema\\\/logo\\\/image\\\/\"},\"sameAs\":[\"https:\\\/\\\/www.facebook.com\\\/laguiadepamplonacom-133175176762273\\\/?ref=hl\",\"https:\\\/\\\/x.com\\\/LaGuiadPamplona\",\"https:\\\/\\\/www.instagram.com\\\/la_guia_de_pamplona\\\/\",\"https:\\\/\\\/www.youtube.com\\\/user\\\/laguiadepamplona\"]},{\"@type\":\"Person\",\"@id\":\"https:\\\/\\\/www.laguiadepamplona.com\\\/actualidad\\\/#\\\/schema\\\/person\\\/efe887376f0213d4657c93adc50b1fdb\",\"name\":\"La Gu\u00eda de Pamplona\",\"image\":{\"@type\":\"ImageObject\",\"inLanguage\":\"es\",\"@id\":\"https:\\\/\\\/secure.gravatar.com\\\/avatar\\\/b6992f131dc8d30ab0dff15446e9d346d9dbd95992de0fef795073f5ea83a81c?s=96&d=mm&r=g\",\"url\":\"https:\\\/\\\/secure.gravatar.com\\\/avatar\\\/b6992f131dc8d30ab0dff15446e9d346d9dbd95992de0fef795073f5ea83a81c?s=96&d=mm&r=g\",\"contentUrl\":\"https:\\\/\\\/secure.gravatar.com\\\/avatar\\\/b6992f131dc8d30ab0dff15446e9d346d9dbd95992de0fef795073f5ea83a81c?s=96&d=mm&r=g\",\"caption\":\"La Gu\u00eda de Pamplona\"}}]}<\/script>\n<!-- \/ Yoast SEO plugin. -->","yoast_head_json":{"title":"Las personas menores de 31 a\u00f1os pueden solicitar desde este lunes su abono anual para el servicio de bicicletas el\u00e9ctricas compartidas a mitad de precio","description":"El abono anual de 35 euros cuesta 17,5 euros para las personas nacidas desde 1993 en adelante, un precio competitivo respecto a otras ciudades","robots":{"index":"index","follow":"follow","max-snippet":"max-snippet:-1","max-image-preview":"max-image-preview:large","max-video-preview":"max-video-preview:-1"},"canonical":"https:\/\/www.laguiadepamplona.com\/actualidad\/las-personas-menores-de-31-anos-pueden-solicitar-desde-este-lunes-su-abono-anual-para-el-servicio-de-bicicletas-electricas-compartidas-a-mitad-de-precio\/","og_locale":"es_ES","og_type":"article","og_title":"Las personas menores de 31 a\u00f1os pueden solicitar desde este lunes su abono anual para el servicio de bicicletas el\u00e9ctricas compartidas a mitad de precio","og_description":"El abono anual de 35 euros cuesta 17,5 euros para las personas nacidas desde 1993 en adelante, un precio competitivo respecto a otras ciudades","og_url":"https:\/\/www.laguiadepamplona.com\/actualidad\/las-personas-menores-de-31-anos-pueden-solicitar-desde-este-lunes-su-abono-anual-para-el-servicio-de-bicicletas-electricas-compartidas-a-mitad-de-precio\/","og_site_name":"La Gu\u00eda de Pamplona","article_publisher":"https:\/\/www.facebook.com\/laguiadepamplonacom-133175176762273\/?ref=hl","article_published_time":"2023-08-07T17:14:10+00:00","og_image":[{"width":1200,"height":675,"url":"https:\/\/www.laguiadepamplona.com\/actualidad\/wp-content\/uploads\/2023\/08\/descuento-bicis.webp","type":"image\/webp"}],"author":"La Gu\u00eda de Pamplona","twitter_card":"summary_large_image","twitter_creator":"@LaGuiadPamplona","twitter_site":"@LaGuiadPamplona","twitter_misc":{"Escrito por":"La Gu\u00eda de Pamplona","Tiempo de lectura":"4 minutos"},"schema":{"@context":"https:\/\/schema.org","@graph":[{"@type":"Article","@id":"https:\/\/www.laguiadepamplona.com\/actualidad\/las-personas-menores-de-31-anos-pueden-solicitar-desde-este-lunes-su-abono-anual-para-el-servicio-de-bicicletas-electricas-compartidas-a-mitad-de-precio\/#article","isPartOf":{"@id":"https:\/\/www.laguiadepamplona.com\/actualidad\/las-personas-menores-de-31-anos-pueden-solicitar-desde-este-lunes-su-abono-anual-para-el-servicio-de-bicicletas-electricas-compartidas-a-mitad-de-precio\/"},"author":{"name":"La Gu\u00eda de Pamplona","@id":"https:\/\/www.laguiadepamplona.com\/actualidad\/#\/schema\/person\/efe887376f0213d4657c93adc50b1fdb"},"headline":"Las personas menores de 31 a\u00f1os pueden solicitar desde este lunes su abono anual para el servicio de bicicletas el\u00e9ctricas compartidas a mitad de precio","datePublished":"2023-08-07T17:14:10+00:00","mainEntityOfPage":{"@id":"https:\/\/www.laguiadepamplona.com\/actualidad\/las-personas-menores-de-31-anos-pueden-solicitar-desde-este-lunes-su-abono-anual-para-el-servicio-de-bicicletas-electricas-compartidas-a-mitad-de-precio\/"},"wordCount":808,"commentCount":0,"publisher":{"@id":"https:\/\/www.laguiadepamplona.com\/actualidad\/#organization"},"image":{"@id":"https:\/\/www.laguiadepamplona.com\/actualidad\/las-personas-menores-de-31-anos-pueden-solicitar-desde-este-lunes-su-abono-anual-para-el-servicio-de-bicicletas-electricas-compartidas-a-mitad-de-precio\/#primaryimage"},"thumbnailUrl":"https:\/\/www.laguiadepamplona.com\/actualidad\/wp-content\/uploads\/2023\/08\/descuento-bicis.webp","articleSection":["Ayto Pamplona"],"inLanguage":"es","potentialAction":[{"@type":"CommentAction","name":"Comment","target":["https:\/\/www.laguiadepamplona.com\/actualidad\/las-personas-menores-de-31-anos-pueden-solicitar-desde-este-lunes-su-abono-anual-para-el-servicio-de-bicicletas-electricas-compartidas-a-mitad-de-precio\/#respond"]}]},{"@type":"WebPage","@id":"https:\/\/www.laguiadepamplona.com\/actualidad\/las-personas-menores-de-31-anos-pueden-solicitar-desde-este-lunes-su-abono-anual-para-el-servicio-de-bicicletas-electricas-compartidas-a-mitad-de-precio\/","url":"https:\/\/www.laguiadepamplona.com\/actualidad\/las-personas-menores-de-31-anos-pueden-solicitar-desde-este-lunes-su-abono-anual-para-el-servicio-de-bicicletas-electricas-compartidas-a-mitad-de-precio\/","name":"Las personas menores de 31 a\u00f1os pueden solicitar desde este lunes su abono anual para el servicio de bicicletas el\u00e9ctricas compartidas a mitad de precio","isPartOf":{"@id":"https:\/\/www.laguiadepamplona.com\/actualidad\/#website"},"primaryImageOfPage":{"@id":"https:\/\/www.laguiadepamplona.com\/actualidad\/las-personas-menores-de-31-anos-pueden-solicitar-desde-este-lunes-su-abono-anual-para-el-servicio-de-bicicletas-electricas-compartidas-a-mitad-de-precio\/#primaryimage"},"image":{"@id":"https:\/\/www.laguiadepamplona.com\/actualidad\/las-personas-menores-de-31-anos-pueden-solicitar-desde-este-lunes-su-abono-anual-para-el-servicio-de-bicicletas-electricas-compartidas-a-mitad-de-precio\/#primaryimage"},"thumbnailUrl":"https:\/\/www.laguiadepamplona.com\/actualidad\/wp-content\/uploads\/2023\/08\/descuento-bicis.webp","datePublished":"2023-08-07T17:14:10+00:00","description":"El abono anual de 35 euros cuesta 17,5 euros para las personas nacidas desde 1993 en adelante, un precio competitivo respecto a otras ciudades","breadcrumb":{"@id":"https:\/\/www.laguiadepamplona.com\/actualidad\/las-personas-menores-de-31-anos-pueden-solicitar-desde-este-lunes-su-abono-anual-para-el-servicio-de-bicicletas-electricas-compartidas-a-mitad-de-precio\/#breadcrumb"},"inLanguage":"es","potentialAction":[{"@type":"ReadAction","target":["https:\/\/www.laguiadepamplona.com\/actualidad\/las-personas-menores-de-31-anos-pueden-solicitar-desde-este-lunes-su-abono-anual-para-el-servicio-de-bicicletas-electricas-compartidas-a-mitad-de-precio\/"]}]},{"@type":"ImageObject","inLanguage":"es","@id":"https:\/\/www.laguiadepamplona.com\/actualidad\/las-personas-menores-de-31-anos-pueden-solicitar-desde-este-lunes-su-abono-anual-para-el-servicio-de-bicicletas-electricas-compartidas-a-mitad-de-precio\/#primaryimage","url":"https:\/\/www.laguiadepamplona.com\/actualidad\/wp-content\/uploads\/2023\/08\/descuento-bicis.webp","contentUrl":"https:\/\/www.laguiadepamplona.com\/actualidad\/wp-content\/uploads\/2023\/08\/descuento-bicis.webp","width":1200,"height":675},{"@type":"BreadcrumbList","@id":"https:\/\/www.laguiadepamplona.com\/actualidad\/las-personas-menores-de-31-anos-pueden-solicitar-desde-este-lunes-su-abono-anual-para-el-servicio-de-bicicletas-electricas-compartidas-a-mitad-de-precio\/#breadcrumb","itemListElement":[{"@type":"ListItem","position":1,"name":"Portada","item":"https:\/\/www.laguiadepamplona.com\/actualidad\/"},{"@type":"ListItem","position":2,"name":"Las personas menores de 31 a\u00f1os pueden solicitar desde este lunes su abono anual para el servicio de bicicletas el\u00e9ctricas compartidas a mitad de precio"}]},{"@type":"WebSite","@id":"https:\/\/www.laguiadepamplona.com\/actualidad\/#website","url":"https:\/\/www.laguiadepamplona.com\/actualidad\/","name":"La gu\u00eda de Pamplona","description":"Noticias de Pamplona","publisher":{"@id":"https:\/\/www.laguiadepamplona.com\/actualidad\/#organization"},"potentialAction":[{"@type":"SearchAction","target":{"@type":"EntryPoint","urlTemplate":"https:\/\/www.laguiadepamplona.com\/actualidad\/?s={search_term_string}"},"query-input":{"@type":"PropertyValueSpecification","valueRequired":true,"valueName":"search_term_string"}}],"inLanguage":"es"},{"@type":"Organization","@id":"https:\/\/www.laguiadepamplona.com\/actualidad\/#organization","name":"La Gu\u00eda de Pamplona \/ Noticias","url":"https:\/\/www.laguiadepamplona.com\/actualidad\/","logo":{"@type":"ImageObject","inLanguage":"es","@id":"https:\/\/www.laguiadepamplona.com\/actualidad\/#\/schema\/logo\/image\/","url":"https:\/\/www.laguiadepamplona.com\/actualidad\/wp-content\/uploads\/2018\/11\/logo-laguiadepamplona18-web1.png","contentUrl":"https:\/\/www.laguiadepamplona.com\/actualidad\/wp-content\/uploads\/2018\/11\/logo-laguiadepamplona18-web1.png","width":600,"height":196,"caption":"La Gu\u00eda de Pamplona \/ Noticias"},"image":{"@id":"https:\/\/www.laguiadepamplona.com\/actualidad\/#\/schema\/logo\/image\/"},"sameAs":["https:\/\/www.facebook.com\/laguiadepamplonacom-133175176762273\/?ref=hl","https:\/\/x.com\/LaGuiadPamplona","https:\/\/www.instagram.com\/la_guia_de_pamplona\/","https:\/\/www.youtube.com\/user\/laguiadepamplona"]},{"@type":"Person","@id":"https:\/\/www.laguiadepamplona.com\/actualidad\/#\/schema\/person\/efe887376f0213d4657c93adc50b1fdb","name":"La Gu\u00eda de Pamplona","image":{"@type":"ImageObject","inLanguage":"es","@id":"https:\/\/secure.gravatar.com\/avatar\/b6992f131dc8d30ab0dff15446e9d346d9dbd95992de0fef795073f5ea83a81c?s=96&d=mm&r=g","url":"https:\/\/secure.gravatar.com\/avatar\/b6992f131dc8d30ab0dff15446e9d346d9dbd95992de0fef795073f5ea83a81c?s=96&d=mm&r=g","contentUrl":"https:\/\/secure.gravatar.com\/avatar\/b6992f131dc8d30ab0dff15446e9d346d9dbd95992de0fef795073f5ea83a81c?s=96&d=mm&r=g","caption":"La Gu\u00eda de Pamplona"}}]}},"post_mailing_queue_ids":[],"_links":{"self":[{"href":"https:\/\/www.laguiadepamplona.com\/actualidad\/wp-json\/wp\/v2\/posts\/47249","targetHints":{"allow":["GET"]}}],"collection":[{"href":"https:\/\/www.laguiadepamplona.com\/actualidad\/wp-json\/wp\/v2\/posts"}],"about":[{"href":"https:\/\/www.laguiadepamplona.com\/actualidad\/wp-json\/wp\/v2\/types\/post"}],"author":[{"embeddable":true,"href":"https:\/\/www.laguiadepamplona.com\/actualidad\/wp-json\/wp\/v2\/users\/1"}],"replies":[{"embeddable":true,"href":"https:\/\/www.laguiadepamplona.com\/actualidad\/wp-json\/wp\/v2\/comments?post=47249"}],"version-history":[{"count":1,"href":"https:\/\/www.laguiadepamplona.com\/actualidad\/wp-json\/wp\/v2\/posts\/47249\/revisions"}],"predecessor-version":[{"id":47251,"href":"https:\/\/www.laguiadepamplona.com\/actualidad\/wp-json\/wp\/v2\/posts\/47249\/revisions\/47251"}],"wp:featuredmedia":[{"embeddable":true,"href":"https:\/\/www.laguiadepamplona.com\/actualidad\/wp-json\/wp\/v2\/media\/47250"}],"wp:attachment":[{"href":"https:\/\/www.laguiadepamplona.com\/actualidad\/wp-json\/wp\/v2\/media?parent=47249"}],"wp:term":[{"taxonomy":"category","embeddable":true,"href":"https:\/\/www.laguiadepamplona.com\/actualidad\/wp-json\/wp\/v2\/categories?post=47249"},{"taxonomy":"post_tag","embeddable":true,"href":"https:\/\/www.laguiadepamplona.com\/actualidad\/wp-json\/wp\/v2\/tags?post=47249"}],"curies":[{"name":"wp","href":"https:\/\/api.w.org\/{rel}","templated":true}]}}