{"id":47244,"date":"2023-08-07T19:07:23","date_gmt":"2023-08-07T17:07:23","guid":{"rendered":"https:\/\/www.laguiadepamplona.com\/actualidad\/?p=47244"},"modified":"2023-08-07T19:07:23","modified_gmt":"2023-08-07T17:07:23","slug":"hoy-se-abre-el-plazo-para-inscribirse-en-la-semana-del-tenis-de-mesa-de-la-casa-de-la-juventud-que-se-celebra-del-21-al-25-de-agosto","status":"publish","type":"post","link":"https:\/\/www.laguiadepamplona.com\/actualidad\/hoy-se-abre-el-plazo-para-inscribirse-en-la-semana-del-tenis-de-mesa-de-la-casa-de-la-juventud-que-se-celebra-del-21-al-25-de-agosto\/","title":{"rendered":"Hoy se abre el plazo para inscribirse en la Semana del tenis de mesa de la Casa de la Juventud, que se celebra del 21 al 25 de agosto"},"content":{"rendered":"<h3>El programa se dirige a j\u00f3venes de 14 a 30 a\u00f1os e incluye talleres de aprendizaje de dos niveles, exhibici\u00f3n de profesionales y un campeonato<\/h3>\n<p><!--more--><\/p>\n<p>La Casa de la Juventud del Ayuntamiento de Pamplona abre, este lunes 7 de agosto, el plazo para las inscripciones gratuitas en la Semana de tenis de mesa, una cita celebra su cuarta edici\u00f3n. El programa va a constar de dos partes que se desarrollar\u00e1n del 21 al 25 de agosto: De lunes a mi\u00e9rcoles se desarrollar\u00e1n las clases y durante las dos \u00faltimas sesiones, jueves y viernes, se realizar\u00e1 un peque\u00f1o campeonato entre las personas participantes. La propuesta est\u00e1 dirigida a j\u00f3venes de 14 a 30 a\u00f1os.<\/p>\n<p>En las clases se trabajar\u00e1 todo lo que abarca este deporte: t\u00e9cnicas para recoger la raqueta, diferentes modalidades de sacar, movimientos b\u00e1sicos, movimientos de piernas y posici\u00f3n corporal, reflejos, golpeos, t\u00e1cticas a seguir en el juego etc. Para adaptar las clases al nivel de juego las personas inscritas, se van a ofertar dos horarios: de 18 a 19 horas las sesiones estar\u00e1n dirigidas a personas que no tengan conocimientos o estos sean muy b\u00e1sicos; la segunda tanda, de 19 a 20 horas, las sesiones estar\u00e1n dirigidas a personas que tengan un nivel m\u00e1s avanzado. En todo caso los dos grupos realizar\u00e1n las mismas actividades, a\u00f1adiendo un punto de dificultad para el grupo m\u00e1s avanzado.<\/p>\n<p>A lo largo de las jornadas se va a insistir en el aprendizaje de las reglas de competici\u00f3n ya que jueves y viernes ser\u00e1n d\u00edas de torneo. La competici\u00f3n culminar\u00e1 con tres personas premiadas en cada categor\u00eda. Los galardones ser\u00e1n tarjetas &#8211; regalo valoradas en 60, 40 y 20 euros, respectivamente. Como cierre, el \u00faltimo d\u00eda se realizar\u00e1 una exhibici\u00f3n que correr\u00e1 a cargo de dos jugadores profesionales.<\/p>\n<p>Las actividades ser\u00e1n impartidas por Tina Kupinic (Croacia, 1992), jugadora profesional de tenis de mesa, con una trayectoria de m\u00e1s de 20 a\u00f1os. De 1999 hasta 2007 fue jugadora en la S\u00faper Liga Croata con \u201cSTK PULA\u201d y entre 2004 y 2011, form\u00f3 parte del equipo nacional de tenis de mesa de Croacia. En la actualidad es jugadora en divisi\u00f3n de honor espa\u00f1ola, con el equipo de Torrelavega. En su palmar\u00e9s Kupinic fue Top 12 en la Categor\u00eda Junior Croata, dos veces campeona de Croacia en modo individual (2004 y 2006), dos veces campeona de Croacia en dobles, en esos mismos a\u00f1os y Campeona del torneo internacional \u201cZAGIPING\u201d (2007).<\/p>\n<p>La Semana del tenis de mesa ofrece hasta 30 plazas (15 por categor\u00eda), un 33% m\u00e1s que el pasado a\u00f1o. Las inscripciones podr\u00e1n hacerse del 7 al 18 de agosto presencialmente o a trav\u00e9s del tel\u00e9fono de la Casa de la Juventud 948 233 512.<\/p>\n<h3>Semana Tenis de Mesa<\/h3>\n<ul>\n<li>Fechas: del 21 al 25 de agosto.<\/li>\n<li>Horarios:<\/li>\n<\/ul>\n<p>Iniciaci\u00f3n: de 18 a 19 horas<\/p>\n<p>Perfeccionamiento: de 19 a 20 horas<\/p>\n<ul>\n<li>Profesora: Tina Kupinic<\/li>\n<li>Plazas: 15 por grupo<\/li>\n<li>Inscripciones: del 7 al 18 de agosto<\/li>\n<\/ul>\n<p>Campeonatos participantes + exhibici\u00f3n profesionales: 25 de agosto<\/p>\n<ul>\n<li>Premios campeonato: 60 \u20ac, 40 \u20ac y 20 \u20ac respectivamente en ambos grupos<\/li>\n<\/ul>\n","protected":false},"excerpt":{"rendered":"<p>El programa se dirige a j\u00f3venes de 14 a 30 a\u00f1os e incluye talleres de aprendizaje de dos niveles, exhibici\u00f3n de profesionales y un campeonato<\/p>\n","protected":false},"author":1,"featured_media":42742,"comment_status":"open","ping_status":"closed","sticky":false,"template":"","format":"standard","meta":{"footnotes":""},"categories":[2],"tags":[],"class_list":["post-47244","post","type-post","status-publish","format-standard","has-post-thumbnail","hentry","category-ayuntamiento-pamplona"],"yoast_head":"<!-- This site is optimized with the Yoast SEO plugin v27.3 - https:\/\/yoast.com\/product\/yoast-seo-wordpress\/ -->\n<title>Hoy se abre el plazo para inscribirse en la Semana del tenis de mesa de la Casa de la Juventud, que se celebra del 21 al 25 de agosto<\/title>\n<meta name=\"description\" content=\"El programa se dirige a j\u00f3venes de 14 a 30 a\u00f1os e incluye talleres de aprendizaje de dos niveles, exhibici\u00f3n de profesionales y un campeonato\" \/>\n<meta name=\"robots\" content=\"index, follow, max-snippet:-1, max-image-preview:large, max-video-preview:-1\" \/>\n<link rel=\"canonical\" href=\"https:\/\/www.laguiadepamplona.com\/actualidad\/hoy-se-abre-el-plazo-para-inscribirse-en-la-semana-del-tenis-de-mesa-de-la-casa-de-la-juventud-que-se-celebra-del-21-al-25-de-agosto\/\" \/>\n<meta property=\"og:locale\" content=\"es_ES\" \/>\n<meta property=\"og:type\" content=\"article\" \/>\n<meta property=\"og:title\" content=\"Hoy se abre el plazo para inscribirse en la Semana del tenis de mesa de la Casa de la Juventud, que se celebra del 21 al 25 de agosto\" \/>\n<meta property=\"og:description\" content=\"El programa se dirige a j\u00f3venes de 14 a 30 a\u00f1os e incluye talleres de aprendizaje de dos niveles, exhibici\u00f3n de profesionales y un campeonato\" \/>\n<meta property=\"og:url\" content=\"https:\/\/www.laguiadepamplona.com\/actualidad\/hoy-se-abre-el-plazo-para-inscribirse-en-la-semana-del-tenis-de-mesa-de-la-casa-de-la-juventud-que-se-celebra-del-21-al-25-de-agosto\/\" \/>\n<meta property=\"og:site_name\" content=\"La Gu\u00eda de Pamplona\" \/>\n<meta property=\"article:publisher\" content=\"https:\/\/www.facebook.com\/laguiadepamplonacom-133175176762273\/?ref=hl\" \/>\n<meta property=\"article:published_time\" content=\"2023-08-07T17:07:23+00:00\" \/>\n<meta property=\"og:image\" content=\"https:\/\/www.laguiadepamplona.com\/actualidad\/wp-content\/uploads\/2023\/02\/casa-de-la-juventud-pamplona.webp\" \/>\n\t<meta property=\"og:image:width\" content=\"1920\" \/>\n\t<meta property=\"og:image:height\" content=\"1280\" \/>\n\t<meta property=\"og:image:type\" content=\"image\/webp\" \/>\n<meta name=\"author\" content=\"La Gu\u00eda de Pamplona\" \/>\n<meta name=\"twitter:card\" content=\"summary_large_image\" \/>\n<meta name=\"twitter:creator\" content=\"@LaGuiadPamplona\" \/>\n<meta name=\"twitter:site\" content=\"@LaGuiadPamplona\" \/>\n<meta name=\"twitter:label1\" content=\"Escrito por\" \/>\n\t<meta name=\"twitter:data1\" content=\"La Gu\u00eda de Pamplona\" \/>\n\t<meta name=\"twitter:label2\" content=\"Tiempo de lectura\" \/>\n\t<meta name=\"twitter:data2\" content=\"3 minutos\" \/>\n<script type=\"application\/ld+json\" class=\"yoast-schema-graph\">{\"@context\":\"https:\\\/\\\/schema.org\",\"@graph\":[{\"@type\":\"Article\",\"@id\":\"https:\\\/\\\/www.laguiadepamplona.com\\\/actualidad\\\/hoy-se-abre-el-plazo-para-inscribirse-en-la-semana-del-tenis-de-mesa-de-la-casa-de-la-juventud-que-se-celebra-del-21-al-25-de-agosto\\\/#article\",\"isPartOf\":{\"@id\":\"https:\\\/\\\/www.laguiadepamplona.com\\\/actualidad\\\/hoy-se-abre-el-plazo-para-inscribirse-en-la-semana-del-tenis-de-mesa-de-la-casa-de-la-juventud-que-se-celebra-del-21-al-25-de-agosto\\\/\"},\"author\":{\"name\":\"La Gu\u00eda de Pamplona\",\"@id\":\"https:\\\/\\\/www.laguiadepamplona.com\\\/actualidad\\\/#\\\/schema\\\/person\\\/efe887376f0213d4657c93adc50b1fdb\"},\"headline\":\"Hoy se abre el plazo para inscribirse en la Semana del tenis de mesa de la Casa de la Juventud, que se celebra del 21 al 25 de agosto\",\"datePublished\":\"2023-08-07T17:07:23+00:00\",\"mainEntityOfPage\":{\"@id\":\"https:\\\/\\\/www.laguiadepamplona.com\\\/actualidad\\\/hoy-se-abre-el-plazo-para-inscribirse-en-la-semana-del-tenis-de-mesa-de-la-casa-de-la-juventud-que-se-celebra-del-21-al-25-de-agosto\\\/\"},\"wordCount\":532,\"commentCount\":0,\"publisher\":{\"@id\":\"https:\\\/\\\/www.laguiadepamplona.com\\\/actualidad\\\/#organization\"},\"image\":{\"@id\":\"https:\\\/\\\/www.laguiadepamplona.com\\\/actualidad\\\/hoy-se-abre-el-plazo-para-inscribirse-en-la-semana-del-tenis-de-mesa-de-la-casa-de-la-juventud-que-se-celebra-del-21-al-25-de-agosto\\\/#primaryimage\"},\"thumbnailUrl\":\"https:\\\/\\\/www.laguiadepamplona.com\\\/actualidad\\\/wp-content\\\/uploads\\\/2023\\\/02\\\/casa-de-la-juventud-pamplona.webp\",\"articleSection\":[\"Ayto Pamplona\"],\"inLanguage\":\"es\",\"potentialAction\":[{\"@type\":\"CommentAction\",\"name\":\"Comment\",\"target\":[\"https:\\\/\\\/www.laguiadepamplona.com\\\/actualidad\\\/hoy-se-abre-el-plazo-para-inscribirse-en-la-semana-del-tenis-de-mesa-de-la-casa-de-la-juventud-que-se-celebra-del-21-al-25-de-agosto\\\/#respond\"]}]},{\"@type\":\"WebPage\",\"@id\":\"https:\\\/\\\/www.laguiadepamplona.com\\\/actualidad\\\/hoy-se-abre-el-plazo-para-inscribirse-en-la-semana-del-tenis-de-mesa-de-la-casa-de-la-juventud-que-se-celebra-del-21-al-25-de-agosto\\\/\",\"url\":\"https:\\\/\\\/www.laguiadepamplona.com\\\/actualidad\\\/hoy-se-abre-el-plazo-para-inscribirse-en-la-semana-del-tenis-de-mesa-de-la-casa-de-la-juventud-que-se-celebra-del-21-al-25-de-agosto\\\/\",\"name\":\"Hoy se abre el plazo para inscribirse en la Semana del tenis de mesa de la Casa de la Juventud, que se celebra del 21 al 25 de agosto\",\"isPartOf\":{\"@id\":\"https:\\\/\\\/www.laguiadepamplona.com\\\/actualidad\\\/#website\"},\"primaryImageOfPage\":{\"@id\":\"https:\\\/\\\/www.laguiadepamplona.com\\\/actualidad\\\/hoy-se-abre-el-plazo-para-inscribirse-en-la-semana-del-tenis-de-mesa-de-la-casa-de-la-juventud-que-se-celebra-del-21-al-25-de-agosto\\\/#primaryimage\"},\"image\":{\"@id\":\"https:\\\/\\\/www.laguiadepamplona.com\\\/actualidad\\\/hoy-se-abre-el-plazo-para-inscribirse-en-la-semana-del-tenis-de-mesa-de-la-casa-de-la-juventud-que-se-celebra-del-21-al-25-de-agosto\\\/#primaryimage\"},\"thumbnailUrl\":\"https:\\\/\\\/www.laguiadepamplona.com\\\/actualidad\\\/wp-content\\\/uploads\\\/2023\\\/02\\\/casa-de-la-juventud-pamplona.webp\",\"datePublished\":\"2023-08-07T17:07:23+00:00\",\"description\":\"El programa se dirige a j\u00f3venes de 14 a 30 a\u00f1os e incluye talleres de aprendizaje de dos niveles, exhibici\u00f3n de profesionales y un campeonato\",\"breadcrumb\":{\"@id\":\"https:\\\/\\\/www.laguiadepamplona.com\\\/actualidad\\\/hoy-se-abre-el-plazo-para-inscribirse-en-la-semana-del-tenis-de-mesa-de-la-casa-de-la-juventud-que-se-celebra-del-21-al-25-de-agosto\\\/#breadcrumb\"},\"inLanguage\":\"es\",\"potentialAction\":[{\"@type\":\"ReadAction\",\"target\":[\"https:\\\/\\\/www.laguiadepamplona.com\\\/actualidad\\\/hoy-se-abre-el-plazo-para-inscribirse-en-la-semana-del-tenis-de-mesa-de-la-casa-de-la-juventud-que-se-celebra-del-21-al-25-de-agosto\\\/\"]}]},{\"@type\":\"ImageObject\",\"inLanguage\":\"es\",\"@id\":\"https:\\\/\\\/www.laguiadepamplona.com\\\/actualidad\\\/hoy-se-abre-el-plazo-para-inscribirse-en-la-semana-del-tenis-de-mesa-de-la-casa-de-la-juventud-que-se-celebra-del-21-al-25-de-agosto\\\/#primaryimage\",\"url\":\"https:\\\/\\\/www.laguiadepamplona.com\\\/actualidad\\\/wp-content\\\/uploads\\\/2023\\\/02\\\/casa-de-la-juventud-pamplona.webp\",\"contentUrl\":\"https:\\\/\\\/www.laguiadepamplona.com\\\/actualidad\\\/wp-content\\\/uploads\\\/2023\\\/02\\\/casa-de-la-juventud-pamplona.webp\",\"width\":1920,\"height\":1280,\"caption\":\"casa de la juventud\"},{\"@type\":\"BreadcrumbList\",\"@id\":\"https:\\\/\\\/www.laguiadepamplona.com\\\/actualidad\\\/hoy-se-abre-el-plazo-para-inscribirse-en-la-semana-del-tenis-de-mesa-de-la-casa-de-la-juventud-que-se-celebra-del-21-al-25-de-agosto\\\/#breadcrumb\",\"itemListElement\":[{\"@type\":\"ListItem\",\"position\":1,\"name\":\"Portada\",\"item\":\"https:\\\/\\\/www.laguiadepamplona.com\\\/actualidad\\\/\"},{\"@type\":\"ListItem\",\"position\":2,\"name\":\"Hoy se abre el plazo para inscribirse en la Semana del tenis de mesa de la Casa de la Juventud, que se celebra del 21 al 25 de agosto\"}]},{\"@type\":\"WebSite\",\"@id\":\"https:\\\/\\\/www.laguiadepamplona.com\\\/actualidad\\\/#website\",\"url\":\"https:\\\/\\\/www.laguiadepamplona.com\\\/actualidad\\\/\",\"name\":\"La gu\u00eda de Pamplona\",\"description\":\"Noticias de Pamplona\",\"publisher\":{\"@id\":\"https:\\\/\\\/www.laguiadepamplona.com\\\/actualidad\\\/#organization\"},\"potentialAction\":[{\"@type\":\"SearchAction\",\"target\":{\"@type\":\"EntryPoint\",\"urlTemplate\":\"https:\\\/\\\/www.laguiadepamplona.com\\\/actualidad\\\/?s={search_term_string}\"},\"query-input\":{\"@type\":\"PropertyValueSpecification\",\"valueRequired\":true,\"valueName\":\"search_term_string\"}}],\"inLanguage\":\"es\"},{\"@type\":\"Organization\",\"@id\":\"https:\\\/\\\/www.laguiadepamplona.com\\\/actualidad\\\/#organization\",\"name\":\"La Gu\u00eda de Pamplona \\\/ Noticias\",\"url\":\"https:\\\/\\\/www.laguiadepamplona.com\\\/actualidad\\\/\",\"logo\":{\"@type\":\"ImageObject\",\"inLanguage\":\"es\",\"@id\":\"https:\\\/\\\/www.laguiadepamplona.com\\\/actualidad\\\/#\\\/schema\\\/logo\\\/image\\\/\",\"url\":\"https:\\\/\\\/www.laguiadepamplona.com\\\/actualidad\\\/wp-content\\\/uploads\\\/2018\\\/11\\\/logo-laguiadepamplona18-web1.png\",\"contentUrl\":\"https:\\\/\\\/www.laguiadepamplona.com\\\/actualidad\\\/wp-content\\\/uploads\\\/2018\\\/11\\\/logo-laguiadepamplona18-web1.png\",\"width\":600,\"height\":196,\"caption\":\"La Gu\u00eda de Pamplona \\\/ Noticias\"},\"image\":{\"@id\":\"https:\\\/\\\/www.laguiadepamplona.com\\\/actualidad\\\/#\\\/schema\\\/logo\\\/image\\\/\"},\"sameAs\":[\"https:\\\/\\\/www.facebook.com\\\/laguiadepamplonacom-133175176762273\\\/?ref=hl\",\"https:\\\/\\\/x.com\\\/LaGuiadPamplona\",\"https:\\\/\\\/www.instagram.com\\\/la_guia_de_pamplona\\\/\",\"https:\\\/\\\/www.youtube.com\\\/user\\\/laguiadepamplona\"]},{\"@type\":\"Person\",\"@id\":\"https:\\\/\\\/www.laguiadepamplona.com\\\/actualidad\\\/#\\\/schema\\\/person\\\/efe887376f0213d4657c93adc50b1fdb\",\"name\":\"La Gu\u00eda de Pamplona\",\"image\":{\"@type\":\"ImageObject\",\"inLanguage\":\"es\",\"@id\":\"https:\\\/\\\/secure.gravatar.com\\\/avatar\\\/b6992f131dc8d30ab0dff15446e9d346d9dbd95992de0fef795073f5ea83a81c?s=96&d=mm&r=g\",\"url\":\"https:\\\/\\\/secure.gravatar.com\\\/avatar\\\/b6992f131dc8d30ab0dff15446e9d346d9dbd95992de0fef795073f5ea83a81c?s=96&d=mm&r=g\",\"contentUrl\":\"https:\\\/\\\/secure.gravatar.com\\\/avatar\\\/b6992f131dc8d30ab0dff15446e9d346d9dbd95992de0fef795073f5ea83a81c?s=96&d=mm&r=g\",\"caption\":\"La Gu\u00eda de Pamplona\"}}]}<\/script>\n<!-- \/ Yoast SEO plugin. -->","yoast_head_json":{"title":"Hoy se abre el plazo para inscribirse en la Semana del tenis de mesa de la Casa de la Juventud, que se celebra del 21 al 25 de agosto","description":"El programa se dirige a j\u00f3venes de 14 a 30 a\u00f1os e incluye talleres de aprendizaje de dos niveles, exhibici\u00f3n de profesionales y un campeonato","robots":{"index":"index","follow":"follow","max-snippet":"max-snippet:-1","max-image-preview":"max-image-preview:large","max-video-preview":"max-video-preview:-1"},"canonical":"https:\/\/www.laguiadepamplona.com\/actualidad\/hoy-se-abre-el-plazo-para-inscribirse-en-la-semana-del-tenis-de-mesa-de-la-casa-de-la-juventud-que-se-celebra-del-21-al-25-de-agosto\/","og_locale":"es_ES","og_type":"article","og_title":"Hoy se abre el plazo para inscribirse en la Semana del tenis de mesa de la Casa de la Juventud, que se celebra del 21 al 25 de agosto","og_description":"El programa se dirige a j\u00f3venes de 14 a 30 a\u00f1os e incluye talleres de aprendizaje de dos niveles, exhibici\u00f3n de profesionales y un campeonato","og_url":"https:\/\/www.laguiadepamplona.com\/actualidad\/hoy-se-abre-el-plazo-para-inscribirse-en-la-semana-del-tenis-de-mesa-de-la-casa-de-la-juventud-que-se-celebra-del-21-al-25-de-agosto\/","og_site_name":"La Gu\u00eda de Pamplona","article_publisher":"https:\/\/www.facebook.com\/laguiadepamplonacom-133175176762273\/?ref=hl","article_published_time":"2023-08-07T17:07:23+00:00","og_image":[{"width":1920,"height":1280,"url":"https:\/\/www.laguiadepamplona.com\/actualidad\/wp-content\/uploads\/2023\/02\/casa-de-la-juventud-pamplona.webp","type":"image\/webp"}],"author":"La Gu\u00eda de Pamplona","twitter_card":"summary_large_image","twitter_creator":"@LaGuiadPamplona","twitter_site":"@LaGuiadPamplona","twitter_misc":{"Escrito por":"La Gu\u00eda de Pamplona","Tiempo de lectura":"3 minutos"},"schema":{"@context":"https:\/\/schema.org","@graph":[{"@type":"Article","@id":"https:\/\/www.laguiadepamplona.com\/actualidad\/hoy-se-abre-el-plazo-para-inscribirse-en-la-semana-del-tenis-de-mesa-de-la-casa-de-la-juventud-que-se-celebra-del-21-al-25-de-agosto\/#article","isPartOf":{"@id":"https:\/\/www.laguiadepamplona.com\/actualidad\/hoy-se-abre-el-plazo-para-inscribirse-en-la-semana-del-tenis-de-mesa-de-la-casa-de-la-juventud-que-se-celebra-del-21-al-25-de-agosto\/"},"author":{"name":"La Gu\u00eda de Pamplona","@id":"https:\/\/www.laguiadepamplona.com\/actualidad\/#\/schema\/person\/efe887376f0213d4657c93adc50b1fdb"},"headline":"Hoy se abre el plazo para inscribirse en la Semana del tenis de mesa de la Casa de la Juventud, que se celebra del 21 al 25 de agosto","datePublished":"2023-08-07T17:07:23+00:00","mainEntityOfPage":{"@id":"https:\/\/www.laguiadepamplona.com\/actualidad\/hoy-se-abre-el-plazo-para-inscribirse-en-la-semana-del-tenis-de-mesa-de-la-casa-de-la-juventud-que-se-celebra-del-21-al-25-de-agosto\/"},"wordCount":532,"commentCount":0,"publisher":{"@id":"https:\/\/www.laguiadepamplona.com\/actualidad\/#organization"},"image":{"@id":"https:\/\/www.laguiadepamplona.com\/actualidad\/hoy-se-abre-el-plazo-para-inscribirse-en-la-semana-del-tenis-de-mesa-de-la-casa-de-la-juventud-que-se-celebra-del-21-al-25-de-agosto\/#primaryimage"},"thumbnailUrl":"https:\/\/www.laguiadepamplona.com\/actualidad\/wp-content\/uploads\/2023\/02\/casa-de-la-juventud-pamplona.webp","articleSection":["Ayto Pamplona"],"inLanguage":"es","potentialAction":[{"@type":"CommentAction","name":"Comment","target":["https:\/\/www.laguiadepamplona.com\/actualidad\/hoy-se-abre-el-plazo-para-inscribirse-en-la-semana-del-tenis-de-mesa-de-la-casa-de-la-juventud-que-se-celebra-del-21-al-25-de-agosto\/#respond"]}]},{"@type":"WebPage","@id":"https:\/\/www.laguiadepamplona.com\/actualidad\/hoy-se-abre-el-plazo-para-inscribirse-en-la-semana-del-tenis-de-mesa-de-la-casa-de-la-juventud-que-se-celebra-del-21-al-25-de-agosto\/","url":"https:\/\/www.laguiadepamplona.com\/actualidad\/hoy-se-abre-el-plazo-para-inscribirse-en-la-semana-del-tenis-de-mesa-de-la-casa-de-la-juventud-que-se-celebra-del-21-al-25-de-agosto\/","name":"Hoy se abre el plazo para inscribirse en la Semana del tenis de mesa de la Casa de la Juventud, que se celebra del 21 al 25 de agosto","isPartOf":{"@id":"https:\/\/www.laguiadepamplona.com\/actualidad\/#website"},"primaryImageOfPage":{"@id":"https:\/\/www.laguiadepamplona.com\/actualidad\/hoy-se-abre-el-plazo-para-inscribirse-en-la-semana-del-tenis-de-mesa-de-la-casa-de-la-juventud-que-se-celebra-del-21-al-25-de-agosto\/#primaryimage"},"image":{"@id":"https:\/\/www.laguiadepamplona.com\/actualidad\/hoy-se-abre-el-plazo-para-inscribirse-en-la-semana-del-tenis-de-mesa-de-la-casa-de-la-juventud-que-se-celebra-del-21-al-25-de-agosto\/#primaryimage"},"thumbnailUrl":"https:\/\/www.laguiadepamplona.com\/actualidad\/wp-content\/uploads\/2023\/02\/casa-de-la-juventud-pamplona.webp","datePublished":"2023-08-07T17:07:23+00:00","description":"El programa se dirige a j\u00f3venes de 14 a 30 a\u00f1os e incluye talleres de aprendizaje de dos niveles, exhibici\u00f3n de profesionales y un campeonato","breadcrumb":{"@id":"https:\/\/www.laguiadepamplona.com\/actualidad\/hoy-se-abre-el-plazo-para-inscribirse-en-la-semana-del-tenis-de-mesa-de-la-casa-de-la-juventud-que-se-celebra-del-21-al-25-de-agosto\/#breadcrumb"},"inLanguage":"es","potentialAction":[{"@type":"ReadAction","target":["https:\/\/www.laguiadepamplona.com\/actualidad\/hoy-se-abre-el-plazo-para-inscribirse-en-la-semana-del-tenis-de-mesa-de-la-casa-de-la-juventud-que-se-celebra-del-21-al-25-de-agosto\/"]}]},{"@type":"ImageObject","inLanguage":"es","@id":"https:\/\/www.laguiadepamplona.com\/actualidad\/hoy-se-abre-el-plazo-para-inscribirse-en-la-semana-del-tenis-de-mesa-de-la-casa-de-la-juventud-que-se-celebra-del-21-al-25-de-agosto\/#primaryimage","url":"https:\/\/www.laguiadepamplona.com\/actualidad\/wp-content\/uploads\/2023\/02\/casa-de-la-juventud-pamplona.webp","contentUrl":"https:\/\/www.laguiadepamplona.com\/actualidad\/wp-content\/uploads\/2023\/02\/casa-de-la-juventud-pamplona.webp","width":1920,"height":1280,"caption":"casa de la juventud"},{"@type":"BreadcrumbList","@id":"https:\/\/www.laguiadepamplona.com\/actualidad\/hoy-se-abre-el-plazo-para-inscribirse-en-la-semana-del-tenis-de-mesa-de-la-casa-de-la-juventud-que-se-celebra-del-21-al-25-de-agosto\/#breadcrumb","itemListElement":[{"@type":"ListItem","position":1,"name":"Portada","item":"https:\/\/www.laguiadepamplona.com\/actualidad\/"},{"@type":"ListItem","position":2,"name":"Hoy se abre el plazo para inscribirse en la Semana del tenis de mesa de la Casa de la Juventud, que se celebra del 21 al 25 de agosto"}]},{"@type":"WebSite","@id":"https:\/\/www.laguiadepamplona.com\/actualidad\/#website","url":"https:\/\/www.laguiadepamplona.com\/actualidad\/","name":"La gu\u00eda de Pamplona","description":"Noticias de Pamplona","publisher":{"@id":"https:\/\/www.laguiadepamplona.com\/actualidad\/#organization"},"potentialAction":[{"@type":"SearchAction","target":{"@type":"EntryPoint","urlTemplate":"https:\/\/www.laguiadepamplona.com\/actualidad\/?s={search_term_string}"},"query-input":{"@type":"PropertyValueSpecification","valueRequired":true,"valueName":"search_term_string"}}],"inLanguage":"es"},{"@type":"Organization","@id":"https:\/\/www.laguiadepamplona.com\/actualidad\/#organization","name":"La Gu\u00eda de Pamplona \/ Noticias","url":"https:\/\/www.laguiadepamplona.com\/actualidad\/","logo":{"@type":"ImageObject","inLanguage":"es","@id":"https:\/\/www.laguiadepamplona.com\/actualidad\/#\/schema\/logo\/image\/","url":"https:\/\/www.laguiadepamplona.com\/actualidad\/wp-content\/uploads\/2018\/11\/logo-laguiadepamplona18-web1.png","contentUrl":"https:\/\/www.laguiadepamplona.com\/actualidad\/wp-content\/uploads\/2018\/11\/logo-laguiadepamplona18-web1.png","width":600,"height":196,"caption":"La Gu\u00eda de Pamplona \/ Noticias"},"image":{"@id":"https:\/\/www.laguiadepamplona.com\/actualidad\/#\/schema\/logo\/image\/"},"sameAs":["https:\/\/www.facebook.com\/laguiadepamplonacom-133175176762273\/?ref=hl","https:\/\/x.com\/LaGuiadPamplona","https:\/\/www.instagram.com\/la_guia_de_pamplona\/","https:\/\/www.youtube.com\/user\/laguiadepamplona"]},{"@type":"Person","@id":"https:\/\/www.laguiadepamplona.com\/actualidad\/#\/schema\/person\/efe887376f0213d4657c93adc50b1fdb","name":"La Gu\u00eda de Pamplona","image":{"@type":"ImageObject","inLanguage":"es","@id":"https:\/\/secure.gravatar.com\/avatar\/b6992f131dc8d30ab0dff15446e9d346d9dbd95992de0fef795073f5ea83a81c?s=96&d=mm&r=g","url":"https:\/\/secure.gravatar.com\/avatar\/b6992f131dc8d30ab0dff15446e9d346d9dbd95992de0fef795073f5ea83a81c?s=96&d=mm&r=g","contentUrl":"https:\/\/secure.gravatar.com\/avatar\/b6992f131dc8d30ab0dff15446e9d346d9dbd95992de0fef795073f5ea83a81c?s=96&d=mm&r=g","caption":"La Gu\u00eda de Pamplona"}}]}},"post_mailing_queue_ids":[],"_links":{"self":[{"href":"https:\/\/www.laguiadepamplona.com\/actualidad\/wp-json\/wp\/v2\/posts\/47244","targetHints":{"allow":["GET"]}}],"collection":[{"href":"https:\/\/www.laguiadepamplona.com\/actualidad\/wp-json\/wp\/v2\/posts"}],"about":[{"href":"https:\/\/www.laguiadepamplona.com\/actualidad\/wp-json\/wp\/v2\/types\/post"}],"author":[{"embeddable":true,"href":"https:\/\/www.laguiadepamplona.com\/actualidad\/wp-json\/wp\/v2\/users\/1"}],"replies":[{"embeddable":true,"href":"https:\/\/www.laguiadepamplona.com\/actualidad\/wp-json\/wp\/v2\/comments?post=47244"}],"version-history":[{"count":1,"href":"https:\/\/www.laguiadepamplona.com\/actualidad\/wp-json\/wp\/v2\/posts\/47244\/revisions"}],"predecessor-version":[{"id":47245,"href":"https:\/\/www.laguiadepamplona.com\/actualidad\/wp-json\/wp\/v2\/posts\/47244\/revisions\/47245"}],"wp:featuredmedia":[{"embeddable":true,"href":"https:\/\/www.laguiadepamplona.com\/actualidad\/wp-json\/wp\/v2\/media\/42742"}],"wp:attachment":[{"href":"https:\/\/www.laguiadepamplona.com\/actualidad\/wp-json\/wp\/v2\/media?parent=47244"}],"wp:term":[{"taxonomy":"category","embeddable":true,"href":"https:\/\/www.laguiadepamplona.com\/actualidad\/wp-json\/wp\/v2\/categories?post=47244"},{"taxonomy":"post_tag","embeddable":true,"href":"https:\/\/www.laguiadepamplona.com\/actualidad\/wp-json\/wp\/v2\/tags?post=47244"}],"curies":[{"name":"wp","href":"https:\/\/api.w.org\/{rel}","templated":true}]}}