{"id":47241,"date":"2023-08-07T19:05:47","date_gmt":"2023-08-07T17:05:47","guid":{"rendered":"https:\/\/www.laguiadepamplona.com\/actualidad\/?p=47241"},"modified":"2023-08-07T19:05:47","modified_gmt":"2023-08-07T17:05:47","slug":"la-compania-capicua-recoge-este-martes-el-guante-de-los-espectaculos-circenses-y-acrobaticos-de-la-ciudadela-dentro-del-festival-cinco-puntas","status":"publish","type":"post","link":"https:\/\/www.laguiadepamplona.com\/actualidad\/la-compania-capicua-recoge-este-martes-el-guante-de-los-espectaculos-circenses-y-acrobaticos-de-la-ciudadela-dentro-del-festival-cinco-puntas\/","title":{"rendered":"La compa\u00f1\u00eda Capic\u00faa recoge este martes el guante de los espect\u00e1culos circenses y acrob\u00e1ticos de la Ciudadela, dentro del festival Cinco Puntas"},"content":{"rendered":"<h3>En esta segunda semana de actuaciones participar\u00e1n tambi\u00e9n Producciones Kinser y la compa\u00f1\u00eda Demod\u00e9 Quartet.<\/h3>\n<p><!--more--><\/p>\n<p>Circo, acrobacias, danza, humor, m\u00fasica y teatro vuelven con fuerza esta semana dentro del festival Cinco Puntas del Ayuntamiento de Pamplona, con tres nuevas propuestas, que la ciudadan\u00eda podr\u00e1 disfrutar el martes, mi\u00e9rcoles y jueves, a partir de las 20 horas, en la Ciudadela de Pamplona. Abrir\u00e1 la semana la compa\u00f1\u00eda Capic\u00faa, con su espect\u00e1culo N\u00fashu, y le seguir\u00e1n, el mi\u00e9rcoles, Producciones Kinser y, el jueves, Demod\u00e9 Quartet. Todas las actuaciones son gratuitas y tienen entrada libre hasta completar aforo.<\/p>\n<p>Ser\u00e1 la compa\u00f1\u00eda de circo catalano-aragonesa Capic\u00faa quien abra la semana este martes, con una propuesta que a\u00fana costura y acrobacias. Fundada en 2009, en esta ocasi\u00f3n trae a Pamplona su espect\u00e1culo \u2018N\u00fashu\u2019, palabra china que se traduce como \u201cescritura para las mujeres\u201d, \u00fanico sistema de escritura en el mundo creado por mujeres y utilizado exclusivamente entre ellas como un lenguaje secreto. En el espect\u00e1culo, de 50 minutos de duraci\u00f3n, cinco mujeres realizan acrobacias con diversos materiales como una cuerda doble, una escalera a\u00e9rea o un m\u00e1stil, todo ello ambientado en una f\u00e1brica de costura y con las prendas vaqueras como elemento clave. Con esta actuaci\u00f3n, Capic\u00faa busca lanzar un mensaje social sobre la sobreproducci\u00f3n de ropa y el consumo.<\/p>\n<p>El mi\u00e9rcoles ser\u00e1 el turno de Producciones Kinser, que traer\u00e1 a Pamplona su obra \u2018Pasen y vean\u2019, un espect\u00e1culo de circo de 80 minutos, con payasos, equilibristas y acr\u00f3batas, que podr\u00e1 disfrutarse al aire libre en el enclave hist\u00f3rico de la Ciudadela. Ganadora del Premio Marcelino Orb\u00e9s a Mejor Espect\u00e1culo de Circo Aragon\u00e9s 2021, esta obra aglutina la figura del payaso cl\u00e1sico, entra\u00f1able y aut\u00e9ntico, con otras disciplinas como la pantomima, los malabares, el teatro gestual, la interacci\u00f3n con objetos y el uso de instrumentos musicales, y pretende atraer sobre todo a p\u00fablico familiar.<\/p>\n<p>Por \u00faltimo, el jueves la Ciudadela acoger\u00e1 el espect\u00e1culo \u20184 sobre ruedas\u2019, de la compa\u00f1\u00eda Demod\u00e9 Quartet. El t\u00edtulo, de hecho, refleja lo que ser\u00e1 la propuesta cultural de ese d\u00eda: cuatro artistas y humoristas sobre un cuatriciclo, que convierten la calle en un escenario improvisado y en una experiencia \u00fanica. Se trata, en definitiva, de una propuesta de m\u00fasica y humor en vivo abierto a todo tipo de p\u00fablico. El espect\u00e1culo se estren\u00f3 el pasado verano en Umore Azoka, la Feria de Artistas Callejeros del Humor de Leioa.<\/p>\n<p>&nbsp;<\/p>\n<h3>Festival Cinco Puntas. Actuaciones<\/h3>\n<ul>\n<li>Horario: a las 20 horas<\/li>\n<li>Lugar: Ciudadela<\/li>\n<li>Todos los p\u00fablicos<\/li>\n<li>Entrada libre hasta completar aforo<\/li>\n<li>Actuaciones\n<ul>\n<li>Martes 8 agosto. Compa\u00f1\u00eda Capic\u00faa. Espect\u00e1culo \u2018N\u00fashu\u2019.<\/li>\n<li>Mi\u00e9rcoles 9 agosto. Producciones Kinser. Espect\u00e1culo \u2018Pasen y vean\u2019.<\/li>\n<li>Jueves 10 de agosto. Compa\u00f1\u00eda Demod\u00e9 Quartet. Espect\u00e1culo \u20184 sobre ruedas\u2019.<\/li>\n<\/ul>\n<\/li>\n<\/ul>\n","protected":false},"excerpt":{"rendered":"<p>En esta segunda semana de actuaciones participar\u00e1n tambi\u00e9n Producciones Kinser y la compa\u00f1\u00eda Demod\u00e9 Quartet.<\/p>\n","protected":false},"author":1,"featured_media":47242,"comment_status":"open","ping_status":"closed","sticky":false,"template":"","format":"standard","meta":{"footnotes":""},"categories":[2],"tags":[],"class_list":["post-47241","post","type-post","status-publish","format-standard","has-post-thumbnail","hentry","category-ayuntamiento-pamplona"],"yoast_head":"<!-- This site is optimized with the Yoast SEO plugin v27.3 - https:\/\/yoast.com\/product\/yoast-seo-wordpress\/ -->\n<title>La compa\u00f1\u00eda Capic\u00faa recoge este martes el guante de los espect\u00e1culos circenses y acrob\u00e1ticos de la Ciudadela, dentro del festival Cinco Puntas<\/title>\n<meta name=\"description\" content=\"En esta segunda semana de actuaciones participar\u00e1n tambi\u00e9n Producciones Kinser y la compa\u00f1\u00eda Demod\u00e9 Quartet.\" \/>\n<meta name=\"robots\" content=\"index, follow, max-snippet:-1, max-image-preview:large, max-video-preview:-1\" \/>\n<link rel=\"canonical\" href=\"https:\/\/www.laguiadepamplona.com\/actualidad\/la-compania-capicua-recoge-este-martes-el-guante-de-los-espectaculos-circenses-y-acrobaticos-de-la-ciudadela-dentro-del-festival-cinco-puntas\/\" \/>\n<meta property=\"og:locale\" content=\"es_ES\" \/>\n<meta property=\"og:type\" content=\"article\" \/>\n<meta property=\"og:title\" content=\"La compa\u00f1\u00eda Capic\u00faa recoge este martes el guante de los espect\u00e1culos circenses y acrob\u00e1ticos de la Ciudadela, dentro del festival Cinco Puntas\" \/>\n<meta property=\"og:description\" content=\"En esta segunda semana de actuaciones participar\u00e1n tambi\u00e9n Producciones Kinser y la compa\u00f1\u00eda Demod\u00e9 Quartet.\" \/>\n<meta property=\"og:url\" content=\"https:\/\/www.laguiadepamplona.com\/actualidad\/la-compania-capicua-recoge-este-martes-el-guante-de-los-espectaculos-circenses-y-acrobaticos-de-la-ciudadela-dentro-del-festival-cinco-puntas\/\" \/>\n<meta property=\"og:site_name\" content=\"La Gu\u00eda de Pamplona\" \/>\n<meta property=\"article:publisher\" content=\"https:\/\/www.facebook.com\/laguiadepamplonacom-133175176762273\/?ref=hl\" \/>\n<meta property=\"article:published_time\" content=\"2023-08-07T17:05:47+00:00\" \/>\n<meta property=\"og:image\" content=\"https:\/\/www.laguiadepamplona.com\/actualidad\/wp-content\/uploads\/2023\/08\/img379.webp\" \/>\n\t<meta property=\"og:image:width\" content=\"849\" \/>\n\t<meta property=\"og:image:height\" content=\"1200\" \/>\n\t<meta property=\"og:image:type\" content=\"image\/webp\" \/>\n<meta name=\"author\" content=\"La Gu\u00eda de Pamplona\" \/>\n<meta name=\"twitter:card\" content=\"summary_large_image\" \/>\n<meta name=\"twitter:creator\" content=\"@LaGuiadPamplona\" \/>\n<meta name=\"twitter:site\" content=\"@LaGuiadPamplona\" \/>\n<meta name=\"twitter:label1\" content=\"Escrito por\" \/>\n\t<meta name=\"twitter:data1\" content=\"La Gu\u00eda de Pamplona\" \/>\n\t<meta name=\"twitter:label2\" content=\"Tiempo de lectura\" \/>\n\t<meta name=\"twitter:data2\" content=\"3 minutos\" \/>\n<script type=\"application\/ld+json\" class=\"yoast-schema-graph\">{\"@context\":\"https:\\\/\\\/schema.org\",\"@graph\":[{\"@type\":\"Article\",\"@id\":\"https:\\\/\\\/www.laguiadepamplona.com\\\/actualidad\\\/la-compania-capicua-recoge-este-martes-el-guante-de-los-espectaculos-circenses-y-acrobaticos-de-la-ciudadela-dentro-del-festival-cinco-puntas\\\/#article\",\"isPartOf\":{\"@id\":\"https:\\\/\\\/www.laguiadepamplona.com\\\/actualidad\\\/la-compania-capicua-recoge-este-martes-el-guante-de-los-espectaculos-circenses-y-acrobaticos-de-la-ciudadela-dentro-del-festival-cinco-puntas\\\/\"},\"author\":{\"name\":\"La Gu\u00eda de Pamplona\",\"@id\":\"https:\\\/\\\/www.laguiadepamplona.com\\\/actualidad\\\/#\\\/schema\\\/person\\\/efe887376f0213d4657c93adc50b1fdb\"},\"headline\":\"La compa\u00f1\u00eda Capic\u00faa recoge este martes el guante de los espect\u00e1culos circenses y acrob\u00e1ticos de la Ciudadela, dentro del festival Cinco Puntas\",\"datePublished\":\"2023-08-07T17:05:47+00:00\",\"mainEntityOfPage\":{\"@id\":\"https:\\\/\\\/www.laguiadepamplona.com\\\/actualidad\\\/la-compania-capicua-recoge-este-martes-el-guante-de-los-espectaculos-circenses-y-acrobaticos-de-la-ciudadela-dentro-del-festival-cinco-puntas\\\/\"},\"wordCount\":515,\"commentCount\":0,\"publisher\":{\"@id\":\"https:\\\/\\\/www.laguiadepamplona.com\\\/actualidad\\\/#organization\"},\"image\":{\"@id\":\"https:\\\/\\\/www.laguiadepamplona.com\\\/actualidad\\\/la-compania-capicua-recoge-este-martes-el-guante-de-los-espectaculos-circenses-y-acrobaticos-de-la-ciudadela-dentro-del-festival-cinco-puntas\\\/#primaryimage\"},\"thumbnailUrl\":\"https:\\\/\\\/www.laguiadepamplona.com\\\/actualidad\\\/wp-content\\\/uploads\\\/2023\\\/08\\\/img379.webp\",\"articleSection\":[\"Ayto Pamplona\"],\"inLanguage\":\"es\",\"potentialAction\":[{\"@type\":\"CommentAction\",\"name\":\"Comment\",\"target\":[\"https:\\\/\\\/www.laguiadepamplona.com\\\/actualidad\\\/la-compania-capicua-recoge-este-martes-el-guante-de-los-espectaculos-circenses-y-acrobaticos-de-la-ciudadela-dentro-del-festival-cinco-puntas\\\/#respond\"]}]},{\"@type\":\"WebPage\",\"@id\":\"https:\\\/\\\/www.laguiadepamplona.com\\\/actualidad\\\/la-compania-capicua-recoge-este-martes-el-guante-de-los-espectaculos-circenses-y-acrobaticos-de-la-ciudadela-dentro-del-festival-cinco-puntas\\\/\",\"url\":\"https:\\\/\\\/www.laguiadepamplona.com\\\/actualidad\\\/la-compania-capicua-recoge-este-martes-el-guante-de-los-espectaculos-circenses-y-acrobaticos-de-la-ciudadela-dentro-del-festival-cinco-puntas\\\/\",\"name\":\"La compa\u00f1\u00eda Capic\u00faa recoge este martes el guante de los espect\u00e1culos circenses y acrob\u00e1ticos de la Ciudadela, dentro del festival Cinco Puntas\",\"isPartOf\":{\"@id\":\"https:\\\/\\\/www.laguiadepamplona.com\\\/actualidad\\\/#website\"},\"primaryImageOfPage\":{\"@id\":\"https:\\\/\\\/www.laguiadepamplona.com\\\/actualidad\\\/la-compania-capicua-recoge-este-martes-el-guante-de-los-espectaculos-circenses-y-acrobaticos-de-la-ciudadela-dentro-del-festival-cinco-puntas\\\/#primaryimage\"},\"image\":{\"@id\":\"https:\\\/\\\/www.laguiadepamplona.com\\\/actualidad\\\/la-compania-capicua-recoge-este-martes-el-guante-de-los-espectaculos-circenses-y-acrobaticos-de-la-ciudadela-dentro-del-festival-cinco-puntas\\\/#primaryimage\"},\"thumbnailUrl\":\"https:\\\/\\\/www.laguiadepamplona.com\\\/actualidad\\\/wp-content\\\/uploads\\\/2023\\\/08\\\/img379.webp\",\"datePublished\":\"2023-08-07T17:05:47+00:00\",\"description\":\"En esta segunda semana de actuaciones participar\u00e1n tambi\u00e9n Producciones Kinser y la compa\u00f1\u00eda Demod\u00e9 Quartet.\",\"breadcrumb\":{\"@id\":\"https:\\\/\\\/www.laguiadepamplona.com\\\/actualidad\\\/la-compania-capicua-recoge-este-martes-el-guante-de-los-espectaculos-circenses-y-acrobaticos-de-la-ciudadela-dentro-del-festival-cinco-puntas\\\/#breadcrumb\"},\"inLanguage\":\"es\",\"potentialAction\":[{\"@type\":\"ReadAction\",\"target\":[\"https:\\\/\\\/www.laguiadepamplona.com\\\/actualidad\\\/la-compania-capicua-recoge-este-martes-el-guante-de-los-espectaculos-circenses-y-acrobaticos-de-la-ciudadela-dentro-del-festival-cinco-puntas\\\/\"]}]},{\"@type\":\"ImageObject\",\"inLanguage\":\"es\",\"@id\":\"https:\\\/\\\/www.laguiadepamplona.com\\\/actualidad\\\/la-compania-capicua-recoge-este-martes-el-guante-de-los-espectaculos-circenses-y-acrobaticos-de-la-ciudadela-dentro-del-festival-cinco-puntas\\\/#primaryimage\",\"url\":\"https:\\\/\\\/www.laguiadepamplona.com\\\/actualidad\\\/wp-content\\\/uploads\\\/2023\\\/08\\\/img379.webp\",\"contentUrl\":\"https:\\\/\\\/www.laguiadepamplona.com\\\/actualidad\\\/wp-content\\\/uploads\\\/2023\\\/08\\\/img379.webp\",\"width\":849,\"height\":1200},{\"@type\":\"BreadcrumbList\",\"@id\":\"https:\\\/\\\/www.laguiadepamplona.com\\\/actualidad\\\/la-compania-capicua-recoge-este-martes-el-guante-de-los-espectaculos-circenses-y-acrobaticos-de-la-ciudadela-dentro-del-festival-cinco-puntas\\\/#breadcrumb\",\"itemListElement\":[{\"@type\":\"ListItem\",\"position\":1,\"name\":\"Portada\",\"item\":\"https:\\\/\\\/www.laguiadepamplona.com\\\/actualidad\\\/\"},{\"@type\":\"ListItem\",\"position\":2,\"name\":\"La compa\u00f1\u00eda Capic\u00faa recoge este martes el guante de los espect\u00e1culos circenses y acrob\u00e1ticos de la Ciudadela, dentro del festival Cinco Puntas\"}]},{\"@type\":\"WebSite\",\"@id\":\"https:\\\/\\\/www.laguiadepamplona.com\\\/actualidad\\\/#website\",\"url\":\"https:\\\/\\\/www.laguiadepamplona.com\\\/actualidad\\\/\",\"name\":\"La gu\u00eda de Pamplona\",\"description\":\"Noticias de Pamplona\",\"publisher\":{\"@id\":\"https:\\\/\\\/www.laguiadepamplona.com\\\/actualidad\\\/#organization\"},\"potentialAction\":[{\"@type\":\"SearchAction\",\"target\":{\"@type\":\"EntryPoint\",\"urlTemplate\":\"https:\\\/\\\/www.laguiadepamplona.com\\\/actualidad\\\/?s={search_term_string}\"},\"query-input\":{\"@type\":\"PropertyValueSpecification\",\"valueRequired\":true,\"valueName\":\"search_term_string\"}}],\"inLanguage\":\"es\"},{\"@type\":\"Organization\",\"@id\":\"https:\\\/\\\/www.laguiadepamplona.com\\\/actualidad\\\/#organization\",\"name\":\"La Gu\u00eda de Pamplona \\\/ Noticias\",\"url\":\"https:\\\/\\\/www.laguiadepamplona.com\\\/actualidad\\\/\",\"logo\":{\"@type\":\"ImageObject\",\"inLanguage\":\"es\",\"@id\":\"https:\\\/\\\/www.laguiadepamplona.com\\\/actualidad\\\/#\\\/schema\\\/logo\\\/image\\\/\",\"url\":\"https:\\\/\\\/www.laguiadepamplona.com\\\/actualidad\\\/wp-content\\\/uploads\\\/2018\\\/11\\\/logo-laguiadepamplona18-web1.png\",\"contentUrl\":\"https:\\\/\\\/www.laguiadepamplona.com\\\/actualidad\\\/wp-content\\\/uploads\\\/2018\\\/11\\\/logo-laguiadepamplona18-web1.png\",\"width\":600,\"height\":196,\"caption\":\"La Gu\u00eda de Pamplona \\\/ Noticias\"},\"image\":{\"@id\":\"https:\\\/\\\/www.laguiadepamplona.com\\\/actualidad\\\/#\\\/schema\\\/logo\\\/image\\\/\"},\"sameAs\":[\"https:\\\/\\\/www.facebook.com\\\/laguiadepamplonacom-133175176762273\\\/?ref=hl\",\"https:\\\/\\\/x.com\\\/LaGuiadPamplona\",\"https:\\\/\\\/www.instagram.com\\\/la_guia_de_pamplona\\\/\",\"https:\\\/\\\/www.youtube.com\\\/user\\\/laguiadepamplona\"]},{\"@type\":\"Person\",\"@id\":\"https:\\\/\\\/www.laguiadepamplona.com\\\/actualidad\\\/#\\\/schema\\\/person\\\/efe887376f0213d4657c93adc50b1fdb\",\"name\":\"La Gu\u00eda de Pamplona\",\"image\":{\"@type\":\"ImageObject\",\"inLanguage\":\"es\",\"@id\":\"https:\\\/\\\/secure.gravatar.com\\\/avatar\\\/b6992f131dc8d30ab0dff15446e9d346d9dbd95992de0fef795073f5ea83a81c?s=96&d=mm&r=g\",\"url\":\"https:\\\/\\\/secure.gravatar.com\\\/avatar\\\/b6992f131dc8d30ab0dff15446e9d346d9dbd95992de0fef795073f5ea83a81c?s=96&d=mm&r=g\",\"contentUrl\":\"https:\\\/\\\/secure.gravatar.com\\\/avatar\\\/b6992f131dc8d30ab0dff15446e9d346d9dbd95992de0fef795073f5ea83a81c?s=96&d=mm&r=g\",\"caption\":\"La Gu\u00eda de Pamplona\"}}]}<\/script>\n<!-- \/ Yoast SEO plugin. -->","yoast_head_json":{"title":"La compa\u00f1\u00eda Capic\u00faa recoge este martes el guante de los espect\u00e1culos circenses y acrob\u00e1ticos de la Ciudadela, dentro del festival Cinco Puntas","description":"En esta segunda semana de actuaciones participar\u00e1n tambi\u00e9n Producciones Kinser y la compa\u00f1\u00eda Demod\u00e9 Quartet.","robots":{"index":"index","follow":"follow","max-snippet":"max-snippet:-1","max-image-preview":"max-image-preview:large","max-video-preview":"max-video-preview:-1"},"canonical":"https:\/\/www.laguiadepamplona.com\/actualidad\/la-compania-capicua-recoge-este-martes-el-guante-de-los-espectaculos-circenses-y-acrobaticos-de-la-ciudadela-dentro-del-festival-cinco-puntas\/","og_locale":"es_ES","og_type":"article","og_title":"La compa\u00f1\u00eda Capic\u00faa recoge este martes el guante de los espect\u00e1culos circenses y acrob\u00e1ticos de la Ciudadela, dentro del festival Cinco Puntas","og_description":"En esta segunda semana de actuaciones participar\u00e1n tambi\u00e9n Producciones Kinser y la compa\u00f1\u00eda Demod\u00e9 Quartet.","og_url":"https:\/\/www.laguiadepamplona.com\/actualidad\/la-compania-capicua-recoge-este-martes-el-guante-de-los-espectaculos-circenses-y-acrobaticos-de-la-ciudadela-dentro-del-festival-cinco-puntas\/","og_site_name":"La Gu\u00eda de Pamplona","article_publisher":"https:\/\/www.facebook.com\/laguiadepamplonacom-133175176762273\/?ref=hl","article_published_time":"2023-08-07T17:05:47+00:00","og_image":[{"width":849,"height":1200,"url":"https:\/\/www.laguiadepamplona.com\/actualidad\/wp-content\/uploads\/2023\/08\/img379.webp","type":"image\/webp"}],"author":"La Gu\u00eda de Pamplona","twitter_card":"summary_large_image","twitter_creator":"@LaGuiadPamplona","twitter_site":"@LaGuiadPamplona","twitter_misc":{"Escrito por":"La Gu\u00eda de Pamplona","Tiempo de lectura":"3 minutos"},"schema":{"@context":"https:\/\/schema.org","@graph":[{"@type":"Article","@id":"https:\/\/www.laguiadepamplona.com\/actualidad\/la-compania-capicua-recoge-este-martes-el-guante-de-los-espectaculos-circenses-y-acrobaticos-de-la-ciudadela-dentro-del-festival-cinco-puntas\/#article","isPartOf":{"@id":"https:\/\/www.laguiadepamplona.com\/actualidad\/la-compania-capicua-recoge-este-martes-el-guante-de-los-espectaculos-circenses-y-acrobaticos-de-la-ciudadela-dentro-del-festival-cinco-puntas\/"},"author":{"name":"La Gu\u00eda de Pamplona","@id":"https:\/\/www.laguiadepamplona.com\/actualidad\/#\/schema\/person\/efe887376f0213d4657c93adc50b1fdb"},"headline":"La compa\u00f1\u00eda Capic\u00faa recoge este martes el guante de los espect\u00e1culos circenses y acrob\u00e1ticos de la Ciudadela, dentro del festival Cinco Puntas","datePublished":"2023-08-07T17:05:47+00:00","mainEntityOfPage":{"@id":"https:\/\/www.laguiadepamplona.com\/actualidad\/la-compania-capicua-recoge-este-martes-el-guante-de-los-espectaculos-circenses-y-acrobaticos-de-la-ciudadela-dentro-del-festival-cinco-puntas\/"},"wordCount":515,"commentCount":0,"publisher":{"@id":"https:\/\/www.laguiadepamplona.com\/actualidad\/#organization"},"image":{"@id":"https:\/\/www.laguiadepamplona.com\/actualidad\/la-compania-capicua-recoge-este-martes-el-guante-de-los-espectaculos-circenses-y-acrobaticos-de-la-ciudadela-dentro-del-festival-cinco-puntas\/#primaryimage"},"thumbnailUrl":"https:\/\/www.laguiadepamplona.com\/actualidad\/wp-content\/uploads\/2023\/08\/img379.webp","articleSection":["Ayto Pamplona"],"inLanguage":"es","potentialAction":[{"@type":"CommentAction","name":"Comment","target":["https:\/\/www.laguiadepamplona.com\/actualidad\/la-compania-capicua-recoge-este-martes-el-guante-de-los-espectaculos-circenses-y-acrobaticos-de-la-ciudadela-dentro-del-festival-cinco-puntas\/#respond"]}]},{"@type":"WebPage","@id":"https:\/\/www.laguiadepamplona.com\/actualidad\/la-compania-capicua-recoge-este-martes-el-guante-de-los-espectaculos-circenses-y-acrobaticos-de-la-ciudadela-dentro-del-festival-cinco-puntas\/","url":"https:\/\/www.laguiadepamplona.com\/actualidad\/la-compania-capicua-recoge-este-martes-el-guante-de-los-espectaculos-circenses-y-acrobaticos-de-la-ciudadela-dentro-del-festival-cinco-puntas\/","name":"La compa\u00f1\u00eda Capic\u00faa recoge este martes el guante de los espect\u00e1culos circenses y acrob\u00e1ticos de la Ciudadela, dentro del festival Cinco Puntas","isPartOf":{"@id":"https:\/\/www.laguiadepamplona.com\/actualidad\/#website"},"primaryImageOfPage":{"@id":"https:\/\/www.laguiadepamplona.com\/actualidad\/la-compania-capicua-recoge-este-martes-el-guante-de-los-espectaculos-circenses-y-acrobaticos-de-la-ciudadela-dentro-del-festival-cinco-puntas\/#primaryimage"},"image":{"@id":"https:\/\/www.laguiadepamplona.com\/actualidad\/la-compania-capicua-recoge-este-martes-el-guante-de-los-espectaculos-circenses-y-acrobaticos-de-la-ciudadela-dentro-del-festival-cinco-puntas\/#primaryimage"},"thumbnailUrl":"https:\/\/www.laguiadepamplona.com\/actualidad\/wp-content\/uploads\/2023\/08\/img379.webp","datePublished":"2023-08-07T17:05:47+00:00","description":"En esta segunda semana de actuaciones participar\u00e1n tambi\u00e9n Producciones Kinser y la compa\u00f1\u00eda Demod\u00e9 Quartet.","breadcrumb":{"@id":"https:\/\/www.laguiadepamplona.com\/actualidad\/la-compania-capicua-recoge-este-martes-el-guante-de-los-espectaculos-circenses-y-acrobaticos-de-la-ciudadela-dentro-del-festival-cinco-puntas\/#breadcrumb"},"inLanguage":"es","potentialAction":[{"@type":"ReadAction","target":["https:\/\/www.laguiadepamplona.com\/actualidad\/la-compania-capicua-recoge-este-martes-el-guante-de-los-espectaculos-circenses-y-acrobaticos-de-la-ciudadela-dentro-del-festival-cinco-puntas\/"]}]},{"@type":"ImageObject","inLanguage":"es","@id":"https:\/\/www.laguiadepamplona.com\/actualidad\/la-compania-capicua-recoge-este-martes-el-guante-de-los-espectaculos-circenses-y-acrobaticos-de-la-ciudadela-dentro-del-festival-cinco-puntas\/#primaryimage","url":"https:\/\/www.laguiadepamplona.com\/actualidad\/wp-content\/uploads\/2023\/08\/img379.webp","contentUrl":"https:\/\/www.laguiadepamplona.com\/actualidad\/wp-content\/uploads\/2023\/08\/img379.webp","width":849,"height":1200},{"@type":"BreadcrumbList","@id":"https:\/\/www.laguiadepamplona.com\/actualidad\/la-compania-capicua-recoge-este-martes-el-guante-de-los-espectaculos-circenses-y-acrobaticos-de-la-ciudadela-dentro-del-festival-cinco-puntas\/#breadcrumb","itemListElement":[{"@type":"ListItem","position":1,"name":"Portada","item":"https:\/\/www.laguiadepamplona.com\/actualidad\/"},{"@type":"ListItem","position":2,"name":"La compa\u00f1\u00eda Capic\u00faa recoge este martes el guante de los espect\u00e1culos circenses y acrob\u00e1ticos de la Ciudadela, dentro del festival Cinco Puntas"}]},{"@type":"WebSite","@id":"https:\/\/www.laguiadepamplona.com\/actualidad\/#website","url":"https:\/\/www.laguiadepamplona.com\/actualidad\/","name":"La gu\u00eda de Pamplona","description":"Noticias de Pamplona","publisher":{"@id":"https:\/\/www.laguiadepamplona.com\/actualidad\/#organization"},"potentialAction":[{"@type":"SearchAction","target":{"@type":"EntryPoint","urlTemplate":"https:\/\/www.laguiadepamplona.com\/actualidad\/?s={search_term_string}"},"query-input":{"@type":"PropertyValueSpecification","valueRequired":true,"valueName":"search_term_string"}}],"inLanguage":"es"},{"@type":"Organization","@id":"https:\/\/www.laguiadepamplona.com\/actualidad\/#organization","name":"La Gu\u00eda de Pamplona \/ Noticias","url":"https:\/\/www.laguiadepamplona.com\/actualidad\/","logo":{"@type":"ImageObject","inLanguage":"es","@id":"https:\/\/www.laguiadepamplona.com\/actualidad\/#\/schema\/logo\/image\/","url":"https:\/\/www.laguiadepamplona.com\/actualidad\/wp-content\/uploads\/2018\/11\/logo-laguiadepamplona18-web1.png","contentUrl":"https:\/\/www.laguiadepamplona.com\/actualidad\/wp-content\/uploads\/2018\/11\/logo-laguiadepamplona18-web1.png","width":600,"height":196,"caption":"La Gu\u00eda de Pamplona \/ Noticias"},"image":{"@id":"https:\/\/www.laguiadepamplona.com\/actualidad\/#\/schema\/logo\/image\/"},"sameAs":["https:\/\/www.facebook.com\/laguiadepamplonacom-133175176762273\/?ref=hl","https:\/\/x.com\/LaGuiadPamplona","https:\/\/www.instagram.com\/la_guia_de_pamplona\/","https:\/\/www.youtube.com\/user\/laguiadepamplona"]},{"@type":"Person","@id":"https:\/\/www.laguiadepamplona.com\/actualidad\/#\/schema\/person\/efe887376f0213d4657c93adc50b1fdb","name":"La Gu\u00eda de Pamplona","image":{"@type":"ImageObject","inLanguage":"es","@id":"https:\/\/secure.gravatar.com\/avatar\/b6992f131dc8d30ab0dff15446e9d346d9dbd95992de0fef795073f5ea83a81c?s=96&d=mm&r=g","url":"https:\/\/secure.gravatar.com\/avatar\/b6992f131dc8d30ab0dff15446e9d346d9dbd95992de0fef795073f5ea83a81c?s=96&d=mm&r=g","contentUrl":"https:\/\/secure.gravatar.com\/avatar\/b6992f131dc8d30ab0dff15446e9d346d9dbd95992de0fef795073f5ea83a81c?s=96&d=mm&r=g","caption":"La Gu\u00eda de Pamplona"}}]}},"post_mailing_queue_ids":[],"_links":{"self":[{"href":"https:\/\/www.laguiadepamplona.com\/actualidad\/wp-json\/wp\/v2\/posts\/47241","targetHints":{"allow":["GET"]}}],"collection":[{"href":"https:\/\/www.laguiadepamplona.com\/actualidad\/wp-json\/wp\/v2\/posts"}],"about":[{"href":"https:\/\/www.laguiadepamplona.com\/actualidad\/wp-json\/wp\/v2\/types\/post"}],"author":[{"embeddable":true,"href":"https:\/\/www.laguiadepamplona.com\/actualidad\/wp-json\/wp\/v2\/users\/1"}],"replies":[{"embeddable":true,"href":"https:\/\/www.laguiadepamplona.com\/actualidad\/wp-json\/wp\/v2\/comments?post=47241"}],"version-history":[{"count":1,"href":"https:\/\/www.laguiadepamplona.com\/actualidad\/wp-json\/wp\/v2\/posts\/47241\/revisions"}],"predecessor-version":[{"id":47243,"href":"https:\/\/www.laguiadepamplona.com\/actualidad\/wp-json\/wp\/v2\/posts\/47241\/revisions\/47243"}],"wp:featuredmedia":[{"embeddable":true,"href":"https:\/\/www.laguiadepamplona.com\/actualidad\/wp-json\/wp\/v2\/media\/47242"}],"wp:attachment":[{"href":"https:\/\/www.laguiadepamplona.com\/actualidad\/wp-json\/wp\/v2\/media?parent=47241"}],"wp:term":[{"taxonomy":"category","embeddable":true,"href":"https:\/\/www.laguiadepamplona.com\/actualidad\/wp-json\/wp\/v2\/categories?post=47241"},{"taxonomy":"post_tag","embeddable":true,"href":"https:\/\/www.laguiadepamplona.com\/actualidad\/wp-json\/wp\/v2\/tags?post=47241"}],"curies":[{"name":"wp","href":"https:\/\/api.w.org\/{rel}","templated":true}]}}