{"id":4724,"date":"2015-02-11T13:29:09","date_gmt":"2015-02-11T11:29:09","guid":{"rendered":"http:\/\/laguiadepamplona.com\/actualidad\/?p=4724"},"modified":"2015-02-11T13:29:09","modified_gmt":"2015-02-11T11:29:09","slug":"ireala-teatro-presenta-manana-en-el-escenario-de-civivox-iturrama-la-obra-veranillo-de-un-minuto-segunda-propuesta-del-ciclo-teatreves","status":"publish","type":"post","link":"https:\/\/www.laguiadepamplona.com\/actualidad\/ireala-teatro-presenta-manana-en-el-escenario-de-civivox-iturrama-la-obra-veranillo-de-un-minuto-segunda-propuesta-del-ciclo-teatreves\/","title":{"rendered":"Ireala Teatro presenta ma\u00f1ana en el escenario de Civivox Iturrama la obra \u2018Veranillo de un minuto\u2019, segunda propuesta del ciclo \u2018Teatreves\u2019"},"content":{"rendered":"<h4>El espect\u00e1culo comenzar\u00e1 a las siete y media de la tarde y las entradas pueden adquirirse en el propio centro o en <a href=\"http:\/\/www.pamplona.es\/\" target=\"_blank\">www.pamplona.es<\/a> por 6 euros<\/h4>\n<p><a href=\"http:\/\/laguiadepamplona.com\/actualidad\/wp-content\/uploads\/2015\/02\/Veranillo_de_un_minuto__en_el_Artespacio_Plot_Point.jpg\"><img loading=\"lazy\" decoding=\"async\" class=\"alignleft size-medium wp-image-4725\" src=\"http:\/\/laguiadepamplona.com\/actualidad\/wp-content\/uploads\/2015\/02\/Veranillo_de_un_minuto__en_el_Artespacio_Plot_Point-300x137.jpg\" alt=\"Veranillo_de_un_minuto__en_el_Artespacio_Plot_Point\" width=\"300\" height=\"137\" \/><\/a>Civivox Iturrama acoge ma\u00f1ana jueves el espect\u00e1culo \u2018Veranillo de un minuto\u2019, que correr\u00e1 a cargo de la compa\u00f1\u00eda Ireala Teatro. Se trata de la segunda propuesta del ciclo \u2018Teatreves. Tardes de teatro\u2019, un espacio abierto al teatro profesional navarro que organiza anualmente el Ayuntamiento de Pamplona. La funci\u00f3n podr\u00e1 verse a partir de las siete y media de la tarde y las entradas pueden adquirirse directamente en el centro municipal o en <a href=\"http:\/\/www.pamplona.es\/\" target=\"_blank\">www.pamplona.es<\/a> al precio de 6 euros.<\/p>\n<p>El argumento gira en torno a tres adolescentes, Mar\u00eda, Sof\u00eda y Eli, que realizan un trabajo escolar por encargo de su profesor de literatura consistente en auto-escribirse una carta imagin\u00e1ndose qu\u00e9 es de su vida dentro de diez a\u00f1os. Sin mucho entusiasmo, escriben las misivas y se las entregan en sobres cerrados. Una vez transcurrido ese tiempo, el maestro les env\u00eda las cartas por correo a su domicilio. La obra hace a partir de ah\u00ed una reflexi\u00f3n sobre el poder de las palabras y de los silencios.<\/p>\n<p>Ireala Teatro es una compa\u00f1\u00eda creada por Leyre Abad\u00eda, actriz desde los 13 a\u00f1os. \u2018Veranillo de un minuto\u2019 es su primera obra escrita, que estren\u00f3 en 2013 en Madrid. Licenciada en Interpretaci\u00f3n Textual por la Real Escuela Superior de Arte Dram\u00e1tico de Madrid, Leyre Abad\u00eda ampli\u00f3 su formaci\u00f3n en la Escuela de Teatro de Buenos Aires y en la Escuela Navarra de Teatro. Ha recibido clases de profesionales del teatro como Charo Amador, Ra\u00fal Serrano, Nuria Alcorta, Vicente Fuentes, Marta Schinca, Jos\u00e9 Carlos Plaza, Jos\u00e9 Sanch\u00eds Sinisterra, Eric de Bont, Fabio Mangolini o Pablo Messiez, entre otros.<\/p>\n<p>El ciclo \u2018Teatreves\u2019 continuar\u00e1 el pr\u00f3ximo jueves d\u00eda 19 con \u2018La entrevista\u2019, protagonizada por el grupo El Bucle, para finalizar el jueves 26 con \u2018Idiotas contemplando la nieve\u2019, obra que interpretar\u00e1 la compa\u00f1\u00eda de la Escuela Navarra de Teatro (ENT\/NAE). Ambas representaciones se celebrar\u00e1n tambi\u00e9n en Civivox Iturrama a las siete y media de la tarde con entradas a un precio de 6 euros.<\/p>\n<p><strong>Ciclo \u2018Teatreves. Tardes de teatro\u2019<\/strong><\/p>\n<p><strong>Civivox Iturrama. Entradas: 6 euros (en civivox y en <a href=\"http:\/\/www.pamplona.es\/\" target=\"_blank\">www.pamplona.es<\/a>)<\/strong><\/p>\n<p>&nbsp;<\/p>\n<ul>\n<li><strong>\u2018Veranillo de un minuto\u2019. Ireala Teatro<\/strong>\n<ul>\n<li>Jueves 12 de febrero. 19.30 horas<\/li>\n<\/ul>\n<\/li>\n<li><strong>\u2018La entrevista\u2019. El bucle<\/strong>\n<ul>\n<li>Jueves 19 de febrero. 19.30 horas<\/li>\n<\/ul>\n<\/li>\n<li><strong>\u2018Idiotas contemplando la nieve\u2019. ENT \/ NAE<\/strong>\n<ul>\n<li>Jueves 26 de febrero. 19.30 horas<\/li>\n<\/ul>\n<\/li>\n<\/ul>\n<p>&nbsp;<\/p>\n<p>&nbsp;<\/p>\n","protected":false},"excerpt":{"rendered":"<p>El espect\u00e1culo comenzar\u00e1 a las siete y media de la tarde y las entradas pueden adquirirse en el propio centro o en www.pamplona.es por 6 euros Civivox Iturrama acoge ma\u00f1ana&#8230;<\/p>\n","protected":false},"author":1,"featured_media":4725,"comment_status":"closed","ping_status":"open","sticky":false,"template":"","format":"standard","meta":{"footnotes":""},"categories":[2],"tags":[5,6,509,2171,64,4201,8,9,4202,4203],"class_list":["post-4724","post","type-post","status-publish","format-standard","has-post-thumbnail","hentry","category-ayuntamiento-pamplona","tag-actualidad","tag-ayto-pamplona","tag-ayuntamiento-de-pamplona","tag-ciclo","tag-civivox-iturrama","tag-ireala-teatro","tag-noticias","tag-pamplona","tag-teatreves","tag-veranillo-de-un-minuto"],"yoast_head":"<!-- This site is optimized with the Yoast SEO plugin v27.5 - https:\/\/yoast.com\/product\/yoast-seo-wordpress\/ -->\n<title>Ireala Teatro presenta ma\u00f1ana en el escenario de Civivox Iturrama la obra \u2018Veranillo de un minuto\u2019, segunda propuesta del ciclo \u2018Teatreves\u2019<\/title>\n<meta name=\"robots\" content=\"index, follow, max-snippet:-1, max-image-preview:large, max-video-preview:-1\" \/>\n<link rel=\"canonical\" href=\"https:\/\/www.laguiadepamplona.com\/actualidad\/ireala-teatro-presenta-manana-en-el-escenario-de-civivox-iturrama-la-obra-veranillo-de-un-minuto-segunda-propuesta-del-ciclo-teatreves\/\" \/>\n<meta property=\"og:locale\" content=\"es_ES\" \/>\n<meta property=\"og:type\" content=\"article\" \/>\n<meta property=\"og:title\" content=\"Ireala Teatro presenta ma\u00f1ana en el escenario de Civivox Iturrama la obra \u2018Veranillo de un minuto\u2019, segunda propuesta del ciclo \u2018Teatreves\u2019\" \/>\n<meta property=\"og:description\" content=\"El espect\u00e1culo comenzar\u00e1 a las siete y media de la tarde y las entradas pueden adquirirse en el propio centro o en www.pamplona.es por 6 euros Civivox Iturrama acoge ma\u00f1ana...\" \/>\n<meta property=\"og:url\" content=\"https:\/\/www.laguiadepamplona.com\/actualidad\/ireala-teatro-presenta-manana-en-el-escenario-de-civivox-iturrama-la-obra-veranillo-de-un-minuto-segunda-propuesta-del-ciclo-teatreves\/\" \/>\n<meta property=\"og:site_name\" content=\"La Gu\u00eda de Pamplona\" \/>\n<meta property=\"article:publisher\" content=\"https:\/\/www.facebook.com\/laguiadepamplonacom-133175176762273\/?ref=hl\" \/>\n<meta property=\"article:published_time\" content=\"2015-02-11T11:29:09+00:00\" \/>\n<meta name=\"author\" content=\"La Gu\u00eda de Pamplona\" \/>\n<meta name=\"twitter:card\" content=\"summary_large_image\" \/>\n<meta name=\"twitter:creator\" content=\"@LaGuiadPamplona\" \/>\n<meta name=\"twitter:site\" content=\"@LaGuiadPamplona\" \/>\n<meta name=\"twitter:label1\" content=\"Escrito por\" \/>\n\t<meta name=\"twitter:data1\" content=\"La Gu\u00eda de Pamplona\" \/>\n\t<meta name=\"twitter:label2\" content=\"Tiempo de lectura\" \/>\n\t<meta name=\"twitter:data2\" content=\"2 minutos\" \/>\n<script type=\"application\/ld+json\" class=\"yoast-schema-graph\">{\"@context\":\"https:\\\/\\\/schema.org\",\"@graph\":[{\"@type\":\"Article\",\"@id\":\"https:\\\/\\\/www.laguiadepamplona.com\\\/actualidad\\\/ireala-teatro-presenta-manana-en-el-escenario-de-civivox-iturrama-la-obra-veranillo-de-un-minuto-segunda-propuesta-del-ciclo-teatreves\\\/#article\",\"isPartOf\":{\"@id\":\"https:\\\/\\\/www.laguiadepamplona.com\\\/actualidad\\\/ireala-teatro-presenta-manana-en-el-escenario-de-civivox-iturrama-la-obra-veranillo-de-un-minuto-segunda-propuesta-del-ciclo-teatreves\\\/\"},\"author\":{\"name\":\"La Gu\u00eda de Pamplona\",\"@id\":\"https:\\\/\\\/www.laguiadepamplona.com\\\/actualidad\\\/#\\\/schema\\\/person\\\/efe887376f0213d4657c93adc50b1fdb\"},\"headline\":\"Ireala Teatro presenta ma\u00f1ana en el escenario de Civivox Iturrama la obra \u2018Veranillo de un minuto\u2019, segunda propuesta del ciclo \u2018Teatreves\u2019\",\"datePublished\":\"2015-02-11T11:29:09+00:00\",\"mainEntityOfPage\":{\"@id\":\"https:\\\/\\\/www.laguiadepamplona.com\\\/actualidad\\\/ireala-teatro-presenta-manana-en-el-escenario-de-civivox-iturrama-la-obra-veranillo-de-un-minuto-segunda-propuesta-del-ciclo-teatreves\\\/\"},\"wordCount\":444,\"publisher\":{\"@id\":\"https:\\\/\\\/www.laguiadepamplona.com\\\/actualidad\\\/#organization\"},\"image\":{\"@id\":\"https:\\\/\\\/www.laguiadepamplona.com\\\/actualidad\\\/ireala-teatro-presenta-manana-en-el-escenario-de-civivox-iturrama-la-obra-veranillo-de-un-minuto-segunda-propuesta-del-ciclo-teatreves\\\/#primaryimage\"},\"thumbnailUrl\":\"\",\"keywords\":[\"actualidad\",\"ayto pamplona\",\"Ayuntamiento de Pamplona\",\"ciclo\",\"civivox iturrama\",\"ireala teatro\",\"noticias\",\"pamplona\",\"Teatreves\",\"Veranillo de un minuto\"],\"articleSection\":[\"Ayto Pamplona\"],\"inLanguage\":\"es\"},{\"@type\":\"WebPage\",\"@id\":\"https:\\\/\\\/www.laguiadepamplona.com\\\/actualidad\\\/ireala-teatro-presenta-manana-en-el-escenario-de-civivox-iturrama-la-obra-veranillo-de-un-minuto-segunda-propuesta-del-ciclo-teatreves\\\/\",\"url\":\"https:\\\/\\\/www.laguiadepamplona.com\\\/actualidad\\\/ireala-teatro-presenta-manana-en-el-escenario-de-civivox-iturrama-la-obra-veranillo-de-un-minuto-segunda-propuesta-del-ciclo-teatreves\\\/\",\"name\":\"Ireala Teatro presenta ma\u00f1ana en el escenario de Civivox Iturrama la obra \u2018Veranillo de un minuto\u2019, segunda propuesta del ciclo \u2018Teatreves\u2019\",\"isPartOf\":{\"@id\":\"https:\\\/\\\/www.laguiadepamplona.com\\\/actualidad\\\/#website\"},\"primaryImageOfPage\":{\"@id\":\"https:\\\/\\\/www.laguiadepamplona.com\\\/actualidad\\\/ireala-teatro-presenta-manana-en-el-escenario-de-civivox-iturrama-la-obra-veranillo-de-un-minuto-segunda-propuesta-del-ciclo-teatreves\\\/#primaryimage\"},\"image\":{\"@id\":\"https:\\\/\\\/www.laguiadepamplona.com\\\/actualidad\\\/ireala-teatro-presenta-manana-en-el-escenario-de-civivox-iturrama-la-obra-veranillo-de-un-minuto-segunda-propuesta-del-ciclo-teatreves\\\/#primaryimage\"},\"thumbnailUrl\":\"\",\"datePublished\":\"2015-02-11T11:29:09+00:00\",\"breadcrumb\":{\"@id\":\"https:\\\/\\\/www.laguiadepamplona.com\\\/actualidad\\\/ireala-teatro-presenta-manana-en-el-escenario-de-civivox-iturrama-la-obra-veranillo-de-un-minuto-segunda-propuesta-del-ciclo-teatreves\\\/#breadcrumb\"},\"inLanguage\":\"es\",\"potentialAction\":[{\"@type\":\"ReadAction\",\"target\":[\"https:\\\/\\\/www.laguiadepamplona.com\\\/actualidad\\\/ireala-teatro-presenta-manana-en-el-escenario-de-civivox-iturrama-la-obra-veranillo-de-un-minuto-segunda-propuesta-del-ciclo-teatreves\\\/\"]}]},{\"@type\":\"ImageObject\",\"inLanguage\":\"es\",\"@id\":\"https:\\\/\\\/www.laguiadepamplona.com\\\/actualidad\\\/ireala-teatro-presenta-manana-en-el-escenario-de-civivox-iturrama-la-obra-veranillo-de-un-minuto-segunda-propuesta-del-ciclo-teatreves\\\/#primaryimage\",\"url\":\"\",\"contentUrl\":\"\"},{\"@type\":\"BreadcrumbList\",\"@id\":\"https:\\\/\\\/www.laguiadepamplona.com\\\/actualidad\\\/ireala-teatro-presenta-manana-en-el-escenario-de-civivox-iturrama-la-obra-veranillo-de-un-minuto-segunda-propuesta-del-ciclo-teatreves\\\/#breadcrumb\",\"itemListElement\":[{\"@type\":\"ListItem\",\"position\":1,\"name\":\"Portada\",\"item\":\"https:\\\/\\\/www.laguiadepamplona.com\\\/actualidad\\\/\"},{\"@type\":\"ListItem\",\"position\":2,\"name\":\"Ireala Teatro presenta ma\u00f1ana en el escenario de Civivox Iturrama la obra \u2018Veranillo de un minuto\u2019, segunda propuesta del ciclo \u2018Teatreves\u2019\"}]},{\"@type\":\"WebSite\",\"@id\":\"https:\\\/\\\/www.laguiadepamplona.com\\\/actualidad\\\/#website\",\"url\":\"https:\\\/\\\/www.laguiadepamplona.com\\\/actualidad\\\/\",\"name\":\"La gu\u00eda de Pamplona\",\"description\":\"Noticias de Pamplona\",\"publisher\":{\"@id\":\"https:\\\/\\\/www.laguiadepamplona.com\\\/actualidad\\\/#organization\"},\"potentialAction\":[{\"@type\":\"SearchAction\",\"target\":{\"@type\":\"EntryPoint\",\"urlTemplate\":\"https:\\\/\\\/www.laguiadepamplona.com\\\/actualidad\\\/?s={search_term_string}\"},\"query-input\":{\"@type\":\"PropertyValueSpecification\",\"valueRequired\":true,\"valueName\":\"search_term_string\"}}],\"inLanguage\":\"es\"},{\"@type\":\"Organization\",\"@id\":\"https:\\\/\\\/www.laguiadepamplona.com\\\/actualidad\\\/#organization\",\"name\":\"La Gu\u00eda de Pamplona \\\/ Noticias\",\"url\":\"https:\\\/\\\/www.laguiadepamplona.com\\\/actualidad\\\/\",\"logo\":{\"@type\":\"ImageObject\",\"inLanguage\":\"es\",\"@id\":\"https:\\\/\\\/www.laguiadepamplona.com\\\/actualidad\\\/#\\\/schema\\\/logo\\\/image\\\/\",\"url\":\"https:\\\/\\\/www.laguiadepamplona.com\\\/actualidad\\\/wp-content\\\/uploads\\\/2018\\\/11\\\/logo-laguiadepamplona18-web1.png\",\"contentUrl\":\"https:\\\/\\\/www.laguiadepamplona.com\\\/actualidad\\\/wp-content\\\/uploads\\\/2018\\\/11\\\/logo-laguiadepamplona18-web1.png\",\"width\":600,\"height\":196,\"caption\":\"La Gu\u00eda de Pamplona \\\/ Noticias\"},\"image\":{\"@id\":\"https:\\\/\\\/www.laguiadepamplona.com\\\/actualidad\\\/#\\\/schema\\\/logo\\\/image\\\/\"},\"sameAs\":[\"https:\\\/\\\/www.facebook.com\\\/laguiadepamplonacom-133175176762273\\\/?ref=hl\",\"https:\\\/\\\/x.com\\\/LaGuiadPamplona\",\"https:\\\/\\\/www.instagram.com\\\/la_guia_de_pamplona\\\/\",\"https:\\\/\\\/www.youtube.com\\\/user\\\/laguiadepamplona\"]},{\"@type\":\"Person\",\"@id\":\"https:\\\/\\\/www.laguiadepamplona.com\\\/actualidad\\\/#\\\/schema\\\/person\\\/efe887376f0213d4657c93adc50b1fdb\",\"name\":\"La Gu\u00eda de Pamplona\",\"image\":{\"@type\":\"ImageObject\",\"inLanguage\":\"es\",\"@id\":\"https:\\\/\\\/secure.gravatar.com\\\/avatar\\\/b6992f131dc8d30ab0dff15446e9d346d9dbd95992de0fef795073f5ea83a81c?s=96&d=mm&r=g\",\"url\":\"https:\\\/\\\/secure.gravatar.com\\\/avatar\\\/b6992f131dc8d30ab0dff15446e9d346d9dbd95992de0fef795073f5ea83a81c?s=96&d=mm&r=g\",\"contentUrl\":\"https:\\\/\\\/secure.gravatar.com\\\/avatar\\\/b6992f131dc8d30ab0dff15446e9d346d9dbd95992de0fef795073f5ea83a81c?s=96&d=mm&r=g\",\"caption\":\"La Gu\u00eda de Pamplona\"}}]}<\/script>\n<!-- \/ Yoast SEO plugin. -->","yoast_head_json":{"title":"Ireala Teatro presenta ma\u00f1ana en el escenario de Civivox Iturrama la obra \u2018Veranillo de un minuto\u2019, segunda propuesta del ciclo \u2018Teatreves\u2019","robots":{"index":"index","follow":"follow","max-snippet":"max-snippet:-1","max-image-preview":"max-image-preview:large","max-video-preview":"max-video-preview:-1"},"canonical":"https:\/\/www.laguiadepamplona.com\/actualidad\/ireala-teatro-presenta-manana-en-el-escenario-de-civivox-iturrama-la-obra-veranillo-de-un-minuto-segunda-propuesta-del-ciclo-teatreves\/","og_locale":"es_ES","og_type":"article","og_title":"Ireala Teatro presenta ma\u00f1ana en el escenario de Civivox Iturrama la obra \u2018Veranillo de un minuto\u2019, segunda propuesta del ciclo \u2018Teatreves\u2019","og_description":"El espect\u00e1culo comenzar\u00e1 a las siete y media de la tarde y las entradas pueden adquirirse en el propio centro o en www.pamplona.es por 6 euros Civivox Iturrama acoge ma\u00f1ana...","og_url":"https:\/\/www.laguiadepamplona.com\/actualidad\/ireala-teatro-presenta-manana-en-el-escenario-de-civivox-iturrama-la-obra-veranillo-de-un-minuto-segunda-propuesta-del-ciclo-teatreves\/","og_site_name":"La Gu\u00eda de Pamplona","article_publisher":"https:\/\/www.facebook.com\/laguiadepamplonacom-133175176762273\/?ref=hl","article_published_time":"2015-02-11T11:29:09+00:00","author":"La Gu\u00eda de Pamplona","twitter_card":"summary_large_image","twitter_creator":"@LaGuiadPamplona","twitter_site":"@LaGuiadPamplona","twitter_misc":{"Escrito por":"La Gu\u00eda de Pamplona","Tiempo de lectura":"2 minutos"},"schema":{"@context":"https:\/\/schema.org","@graph":[{"@type":"Article","@id":"https:\/\/www.laguiadepamplona.com\/actualidad\/ireala-teatro-presenta-manana-en-el-escenario-de-civivox-iturrama-la-obra-veranillo-de-un-minuto-segunda-propuesta-del-ciclo-teatreves\/#article","isPartOf":{"@id":"https:\/\/www.laguiadepamplona.com\/actualidad\/ireala-teatro-presenta-manana-en-el-escenario-de-civivox-iturrama-la-obra-veranillo-de-un-minuto-segunda-propuesta-del-ciclo-teatreves\/"},"author":{"name":"La Gu\u00eda de Pamplona","@id":"https:\/\/www.laguiadepamplona.com\/actualidad\/#\/schema\/person\/efe887376f0213d4657c93adc50b1fdb"},"headline":"Ireala Teatro presenta ma\u00f1ana en el escenario de Civivox Iturrama la obra \u2018Veranillo de un minuto\u2019, segunda propuesta del ciclo \u2018Teatreves\u2019","datePublished":"2015-02-11T11:29:09+00:00","mainEntityOfPage":{"@id":"https:\/\/www.laguiadepamplona.com\/actualidad\/ireala-teatro-presenta-manana-en-el-escenario-de-civivox-iturrama-la-obra-veranillo-de-un-minuto-segunda-propuesta-del-ciclo-teatreves\/"},"wordCount":444,"publisher":{"@id":"https:\/\/www.laguiadepamplona.com\/actualidad\/#organization"},"image":{"@id":"https:\/\/www.laguiadepamplona.com\/actualidad\/ireala-teatro-presenta-manana-en-el-escenario-de-civivox-iturrama-la-obra-veranillo-de-un-minuto-segunda-propuesta-del-ciclo-teatreves\/#primaryimage"},"thumbnailUrl":"","keywords":["actualidad","ayto pamplona","Ayuntamiento de Pamplona","ciclo","civivox iturrama","ireala teatro","noticias","pamplona","Teatreves","Veranillo de un minuto"],"articleSection":["Ayto Pamplona"],"inLanguage":"es"},{"@type":"WebPage","@id":"https:\/\/www.laguiadepamplona.com\/actualidad\/ireala-teatro-presenta-manana-en-el-escenario-de-civivox-iturrama-la-obra-veranillo-de-un-minuto-segunda-propuesta-del-ciclo-teatreves\/","url":"https:\/\/www.laguiadepamplona.com\/actualidad\/ireala-teatro-presenta-manana-en-el-escenario-de-civivox-iturrama-la-obra-veranillo-de-un-minuto-segunda-propuesta-del-ciclo-teatreves\/","name":"Ireala Teatro presenta ma\u00f1ana en el escenario de Civivox Iturrama la obra \u2018Veranillo de un minuto\u2019, segunda propuesta del ciclo \u2018Teatreves\u2019","isPartOf":{"@id":"https:\/\/www.laguiadepamplona.com\/actualidad\/#website"},"primaryImageOfPage":{"@id":"https:\/\/www.laguiadepamplona.com\/actualidad\/ireala-teatro-presenta-manana-en-el-escenario-de-civivox-iturrama-la-obra-veranillo-de-un-minuto-segunda-propuesta-del-ciclo-teatreves\/#primaryimage"},"image":{"@id":"https:\/\/www.laguiadepamplona.com\/actualidad\/ireala-teatro-presenta-manana-en-el-escenario-de-civivox-iturrama-la-obra-veranillo-de-un-minuto-segunda-propuesta-del-ciclo-teatreves\/#primaryimage"},"thumbnailUrl":"","datePublished":"2015-02-11T11:29:09+00:00","breadcrumb":{"@id":"https:\/\/www.laguiadepamplona.com\/actualidad\/ireala-teatro-presenta-manana-en-el-escenario-de-civivox-iturrama-la-obra-veranillo-de-un-minuto-segunda-propuesta-del-ciclo-teatreves\/#breadcrumb"},"inLanguage":"es","potentialAction":[{"@type":"ReadAction","target":["https:\/\/www.laguiadepamplona.com\/actualidad\/ireala-teatro-presenta-manana-en-el-escenario-de-civivox-iturrama-la-obra-veranillo-de-un-minuto-segunda-propuesta-del-ciclo-teatreves\/"]}]},{"@type":"ImageObject","inLanguage":"es","@id":"https:\/\/www.laguiadepamplona.com\/actualidad\/ireala-teatro-presenta-manana-en-el-escenario-de-civivox-iturrama-la-obra-veranillo-de-un-minuto-segunda-propuesta-del-ciclo-teatreves\/#primaryimage","url":"","contentUrl":""},{"@type":"BreadcrumbList","@id":"https:\/\/www.laguiadepamplona.com\/actualidad\/ireala-teatro-presenta-manana-en-el-escenario-de-civivox-iturrama-la-obra-veranillo-de-un-minuto-segunda-propuesta-del-ciclo-teatreves\/#breadcrumb","itemListElement":[{"@type":"ListItem","position":1,"name":"Portada","item":"https:\/\/www.laguiadepamplona.com\/actualidad\/"},{"@type":"ListItem","position":2,"name":"Ireala Teatro presenta ma\u00f1ana en el escenario de Civivox Iturrama la obra \u2018Veranillo de un minuto\u2019, segunda propuesta del ciclo \u2018Teatreves\u2019"}]},{"@type":"WebSite","@id":"https:\/\/www.laguiadepamplona.com\/actualidad\/#website","url":"https:\/\/www.laguiadepamplona.com\/actualidad\/","name":"La gu\u00eda de Pamplona","description":"Noticias de Pamplona","publisher":{"@id":"https:\/\/www.laguiadepamplona.com\/actualidad\/#organization"},"potentialAction":[{"@type":"SearchAction","target":{"@type":"EntryPoint","urlTemplate":"https:\/\/www.laguiadepamplona.com\/actualidad\/?s={search_term_string}"},"query-input":{"@type":"PropertyValueSpecification","valueRequired":true,"valueName":"search_term_string"}}],"inLanguage":"es"},{"@type":"Organization","@id":"https:\/\/www.laguiadepamplona.com\/actualidad\/#organization","name":"La Gu\u00eda de Pamplona \/ Noticias","url":"https:\/\/www.laguiadepamplona.com\/actualidad\/","logo":{"@type":"ImageObject","inLanguage":"es","@id":"https:\/\/www.laguiadepamplona.com\/actualidad\/#\/schema\/logo\/image\/","url":"https:\/\/www.laguiadepamplona.com\/actualidad\/wp-content\/uploads\/2018\/11\/logo-laguiadepamplona18-web1.png","contentUrl":"https:\/\/www.laguiadepamplona.com\/actualidad\/wp-content\/uploads\/2018\/11\/logo-laguiadepamplona18-web1.png","width":600,"height":196,"caption":"La Gu\u00eda de Pamplona \/ Noticias"},"image":{"@id":"https:\/\/www.laguiadepamplona.com\/actualidad\/#\/schema\/logo\/image\/"},"sameAs":["https:\/\/www.facebook.com\/laguiadepamplonacom-133175176762273\/?ref=hl","https:\/\/x.com\/LaGuiadPamplona","https:\/\/www.instagram.com\/la_guia_de_pamplona\/","https:\/\/www.youtube.com\/user\/laguiadepamplona"]},{"@type":"Person","@id":"https:\/\/www.laguiadepamplona.com\/actualidad\/#\/schema\/person\/efe887376f0213d4657c93adc50b1fdb","name":"La Gu\u00eda de Pamplona","image":{"@type":"ImageObject","inLanguage":"es","@id":"https:\/\/secure.gravatar.com\/avatar\/b6992f131dc8d30ab0dff15446e9d346d9dbd95992de0fef795073f5ea83a81c?s=96&d=mm&r=g","url":"https:\/\/secure.gravatar.com\/avatar\/b6992f131dc8d30ab0dff15446e9d346d9dbd95992de0fef795073f5ea83a81c?s=96&d=mm&r=g","contentUrl":"https:\/\/secure.gravatar.com\/avatar\/b6992f131dc8d30ab0dff15446e9d346d9dbd95992de0fef795073f5ea83a81c?s=96&d=mm&r=g","caption":"La Gu\u00eda de Pamplona"}}]}},"post_mailing_queue_ids":[],"_links":{"self":[{"href":"https:\/\/www.laguiadepamplona.com\/actualidad\/wp-json\/wp\/v2\/posts\/4724","targetHints":{"allow":["GET"]}}],"collection":[{"href":"https:\/\/www.laguiadepamplona.com\/actualidad\/wp-json\/wp\/v2\/posts"}],"about":[{"href":"https:\/\/www.laguiadepamplona.com\/actualidad\/wp-json\/wp\/v2\/types\/post"}],"author":[{"embeddable":true,"href":"https:\/\/www.laguiadepamplona.com\/actualidad\/wp-json\/wp\/v2\/users\/1"}],"replies":[{"embeddable":true,"href":"https:\/\/www.laguiadepamplona.com\/actualidad\/wp-json\/wp\/v2\/comments?post=4724"}],"version-history":[{"count":0,"href":"https:\/\/www.laguiadepamplona.com\/actualidad\/wp-json\/wp\/v2\/posts\/4724\/revisions"}],"wp:featuredmedia":[{"embeddable":true,"href":"https:\/\/www.laguiadepamplona.com\/actualidad\/wp-json\/"}],"wp:attachment":[{"href":"https:\/\/www.laguiadepamplona.com\/actualidad\/wp-json\/wp\/v2\/media?parent=4724"}],"wp:term":[{"taxonomy":"category","embeddable":true,"href":"https:\/\/www.laguiadepamplona.com\/actualidad\/wp-json\/wp\/v2\/categories?post=4724"},{"taxonomy":"post_tag","embeddable":true,"href":"https:\/\/www.laguiadepamplona.com\/actualidad\/wp-json\/wp\/v2\/tags?post=4724"}],"curies":[{"name":"wp","href":"https:\/\/api.w.org\/{rel}","templated":true}]}}