{"id":47236,"date":"2023-07-04T14:16:01","date_gmt":"2023-07-04T12:16:01","guid":{"rendered":"https:\/\/www.laguiadepamplona.com\/actualidad\/?p=47236"},"modified":"2023-07-04T14:16:01","modified_gmt":"2023-07-04T12:16:01","slug":"la-alcaldesa-de-pamplona-recibe-de-la-federacion-de-penas-el-panuelo-festivo-con-el-logotipo-conmemorativo-del-25-aniversario-de-esa-entidad","status":"publish","type":"post","link":"https:\/\/www.laguiadepamplona.com\/actualidad\/la-alcaldesa-de-pamplona-recibe-de-la-federacion-de-penas-el-panuelo-festivo-con-el-logotipo-conmemorativo-del-25-aniversario-de-esa-entidad\/","title":{"rendered":"La alcaldesa de Pamplona recibe de la Federaci\u00f3n de Pe\u00f1as el pa\u00f1uelo festivo con el logotipo conmemorativo del 25 aniversario de esa entidad"},"content":{"rendered":"<p><!--more--><\/p>\n<p>La alcaldesa de Pamplona, Cristina Ibarrola, ha recibido esta ma\u00f1ana en su despacho al presidente de la Federaci\u00f3n de Pe\u00f1as de la ciudad, Iosu Santxez Jarero. En la reuni\u00f3n recib\u00eda como presente el pa\u00f1uelico rojo que han dise\u00f1ado las pe\u00f1as para estas fiestas. A dos d\u00edas del inicio del programa oficial de actos del Ayuntamiento de Pamplona, las 16 pe\u00f1as, representadas por su presidente, han querido mantener un encuentro formal con la nueva alcaldesa, en un a\u00f1o en el que se cumple el 25 aniversario de la entidad federativa.<br \/>\n<script async src=\"\/\/pagead2.googlesyndication.com\/pagead\/js\/adsbygoogle.js\"><\/script><br \/>\n<!-- Noticias La Guia de Pamplona --><br \/>\n<ins class=\"adsbygoogle\"\nstyle=\"display:block\"\ndata-ad-client=\"ca-pub-6943679897239327\"\ndata-ad-slot=\"7048180777\"\ndata-ad-format=\"auto\"><\/ins><br \/>\n<script>\n(adsbygoogle = window.adsbygoogle || []).push({});\n<\/script><\/p>\n<p>El pa\u00f1uelo festivo tiene bordado el logotipo del aniversario, una cadena que tiene en su centro una silla de ruedas, una imagen que quiere incidir sobre la importancia de que las personas con movilidad reducida puedan disfrutar en los espacios festivos en condiciones de igualdad. Este logotipo se repartir\u00e1 en forma de pegatinas durante los Sanfermines.<\/p>\n","protected":false},"excerpt":{"rendered":"","protected":false},"author":1,"featured_media":47237,"comment_status":"open","ping_status":"closed","sticky":false,"template":"","format":"standard","meta":{"footnotes":""},"categories":[2,9406],"tags":[],"class_list":["post-47236","post","type-post","status-publish","format-standard","has-post-thumbnail","hentry","category-ayuntamiento-pamplona","category-san-fermin"],"yoast_head":"<!-- This site is optimized with the Yoast SEO plugin v27.3 - https:\/\/yoast.com\/product\/yoast-seo-wordpress\/ -->\n<title>La alcaldesa de Pamplona recibe de la Federaci\u00f3n de Pe\u00f1as el pa\u00f1uelo festivo con el logotipo conmemorativo del 25 aniversario de esa entidad<\/title>\n<meta name=\"description\" content=\"El pa\u00f1uelo festivo tiene bordado el logotipo del aniversario, una cadena que tiene en su centro una silla de ruedas\" \/>\n<meta name=\"robots\" content=\"index, follow, max-snippet:-1, max-image-preview:large, max-video-preview:-1\" \/>\n<link rel=\"canonical\" href=\"https:\/\/www.laguiadepamplona.com\/actualidad\/la-alcaldesa-de-pamplona-recibe-de-la-federacion-de-penas-el-panuelo-festivo-con-el-logotipo-conmemorativo-del-25-aniversario-de-esa-entidad\/\" \/>\n<meta property=\"og:locale\" content=\"es_ES\" \/>\n<meta property=\"og:type\" content=\"article\" \/>\n<meta property=\"og:title\" content=\"La alcaldesa de Pamplona recibe de la Federaci\u00f3n de Pe\u00f1as el pa\u00f1uelo festivo con el logotipo conmemorativo del 25 aniversario de esa entidad\" \/>\n<meta property=\"og:description\" content=\"El pa\u00f1uelo festivo tiene bordado el logotipo del aniversario, una cadena que tiene en su centro una silla de ruedas\" \/>\n<meta property=\"og:url\" content=\"https:\/\/www.laguiadepamplona.com\/actualidad\/la-alcaldesa-de-pamplona-recibe-de-la-federacion-de-penas-el-panuelo-festivo-con-el-logotipo-conmemorativo-del-25-aniversario-de-esa-entidad\/\" \/>\n<meta property=\"og:site_name\" content=\"La Gu\u00eda de Pamplona\" \/>\n<meta property=\"article:publisher\" content=\"https:\/\/www.facebook.com\/laguiadepamplonacom-133175176762273\/?ref=hl\" \/>\n<meta property=\"article:published_time\" content=\"2023-07-04T12:16:01+00:00\" \/>\n<meta property=\"og:image\" content=\"https:\/\/www.laguiadepamplona.com\/actualidad\/wp-content\/uploads\/2023\/07\/presidentepenapanuelonb1207_0.webp\" \/>\n\t<meta property=\"og:image:width\" content=\"1920\" \/>\n\t<meta property=\"og:image:height\" content=\"1280\" \/>\n\t<meta property=\"og:image:type\" content=\"image\/webp\" \/>\n<meta name=\"author\" content=\"La Gu\u00eda de Pamplona\" \/>\n<meta name=\"twitter:card\" content=\"summary_large_image\" \/>\n<meta name=\"twitter:creator\" content=\"@LaGuiadPamplona\" \/>\n<meta name=\"twitter:site\" content=\"@LaGuiadPamplona\" \/>\n<meta name=\"twitter:label1\" content=\"Escrito por\" \/>\n\t<meta name=\"twitter:data1\" content=\"La Gu\u00eda de Pamplona\" \/>\n\t<meta name=\"twitter:label2\" content=\"Tiempo de lectura\" \/>\n\t<meta name=\"twitter:data2\" content=\"1 minuto\" \/>\n<script type=\"application\/ld+json\" class=\"yoast-schema-graph\">{\"@context\":\"https:\\\/\\\/schema.org\",\"@graph\":[{\"@type\":\"Article\",\"@id\":\"https:\\\/\\\/www.laguiadepamplona.com\\\/actualidad\\\/la-alcaldesa-de-pamplona-recibe-de-la-federacion-de-penas-el-panuelo-festivo-con-el-logotipo-conmemorativo-del-25-aniversario-de-esa-entidad\\\/#article\",\"isPartOf\":{\"@id\":\"https:\\\/\\\/www.laguiadepamplona.com\\\/actualidad\\\/la-alcaldesa-de-pamplona-recibe-de-la-federacion-de-penas-el-panuelo-festivo-con-el-logotipo-conmemorativo-del-25-aniversario-de-esa-entidad\\\/\"},\"author\":{\"name\":\"La Gu\u00eda de Pamplona\",\"@id\":\"https:\\\/\\\/www.laguiadepamplona.com\\\/actualidad\\\/#\\\/schema\\\/person\\\/efe887376f0213d4657c93adc50b1fdb\"},\"headline\":\"La alcaldesa de Pamplona recibe de la Federaci\u00f3n de Pe\u00f1as el pa\u00f1uelo festivo con el logotipo conmemorativo del 25 aniversario de esa entidad\",\"datePublished\":\"2023-07-04T12:16:01+00:00\",\"mainEntityOfPage\":{\"@id\":\"https:\\\/\\\/www.laguiadepamplona.com\\\/actualidad\\\/la-alcaldesa-de-pamplona-recibe-de-la-federacion-de-penas-el-panuelo-festivo-con-el-logotipo-conmemorativo-del-25-aniversario-de-esa-entidad\\\/\"},\"wordCount\":180,\"commentCount\":0,\"publisher\":{\"@id\":\"https:\\\/\\\/www.laguiadepamplona.com\\\/actualidad\\\/#organization\"},\"image\":{\"@id\":\"https:\\\/\\\/www.laguiadepamplona.com\\\/actualidad\\\/la-alcaldesa-de-pamplona-recibe-de-la-federacion-de-penas-el-panuelo-festivo-con-el-logotipo-conmemorativo-del-25-aniversario-de-esa-entidad\\\/#primaryimage\"},\"thumbnailUrl\":\"https:\\\/\\\/www.laguiadepamplona.com\\\/actualidad\\\/wp-content\\\/uploads\\\/2023\\\/07\\\/presidentepenapanuelonb1207_0.webp\",\"articleSection\":[\"Ayto Pamplona\",\"San Ferm\u00edn\"],\"inLanguage\":\"es\",\"potentialAction\":[{\"@type\":\"CommentAction\",\"name\":\"Comment\",\"target\":[\"https:\\\/\\\/www.laguiadepamplona.com\\\/actualidad\\\/la-alcaldesa-de-pamplona-recibe-de-la-federacion-de-penas-el-panuelo-festivo-con-el-logotipo-conmemorativo-del-25-aniversario-de-esa-entidad\\\/#respond\"]}]},{\"@type\":\"WebPage\",\"@id\":\"https:\\\/\\\/www.laguiadepamplona.com\\\/actualidad\\\/la-alcaldesa-de-pamplona-recibe-de-la-federacion-de-penas-el-panuelo-festivo-con-el-logotipo-conmemorativo-del-25-aniversario-de-esa-entidad\\\/\",\"url\":\"https:\\\/\\\/www.laguiadepamplona.com\\\/actualidad\\\/la-alcaldesa-de-pamplona-recibe-de-la-federacion-de-penas-el-panuelo-festivo-con-el-logotipo-conmemorativo-del-25-aniversario-de-esa-entidad\\\/\",\"name\":\"La alcaldesa de Pamplona recibe de la Federaci\u00f3n de Pe\u00f1as el pa\u00f1uelo festivo con el logotipo conmemorativo del 25 aniversario de esa entidad\",\"isPartOf\":{\"@id\":\"https:\\\/\\\/www.laguiadepamplona.com\\\/actualidad\\\/#website\"},\"primaryImageOfPage\":{\"@id\":\"https:\\\/\\\/www.laguiadepamplona.com\\\/actualidad\\\/la-alcaldesa-de-pamplona-recibe-de-la-federacion-de-penas-el-panuelo-festivo-con-el-logotipo-conmemorativo-del-25-aniversario-de-esa-entidad\\\/#primaryimage\"},\"image\":{\"@id\":\"https:\\\/\\\/www.laguiadepamplona.com\\\/actualidad\\\/la-alcaldesa-de-pamplona-recibe-de-la-federacion-de-penas-el-panuelo-festivo-con-el-logotipo-conmemorativo-del-25-aniversario-de-esa-entidad\\\/#primaryimage\"},\"thumbnailUrl\":\"https:\\\/\\\/www.laguiadepamplona.com\\\/actualidad\\\/wp-content\\\/uploads\\\/2023\\\/07\\\/presidentepenapanuelonb1207_0.webp\",\"datePublished\":\"2023-07-04T12:16:01+00:00\",\"description\":\"El pa\u00f1uelo festivo tiene bordado el logotipo del aniversario, una cadena que tiene en su centro una silla de ruedas\",\"breadcrumb\":{\"@id\":\"https:\\\/\\\/www.laguiadepamplona.com\\\/actualidad\\\/la-alcaldesa-de-pamplona-recibe-de-la-federacion-de-penas-el-panuelo-festivo-con-el-logotipo-conmemorativo-del-25-aniversario-de-esa-entidad\\\/#breadcrumb\"},\"inLanguage\":\"es\",\"potentialAction\":[{\"@type\":\"ReadAction\",\"target\":[\"https:\\\/\\\/www.laguiadepamplona.com\\\/actualidad\\\/la-alcaldesa-de-pamplona-recibe-de-la-federacion-de-penas-el-panuelo-festivo-con-el-logotipo-conmemorativo-del-25-aniversario-de-esa-entidad\\\/\"]}]},{\"@type\":\"ImageObject\",\"inLanguage\":\"es\",\"@id\":\"https:\\\/\\\/www.laguiadepamplona.com\\\/actualidad\\\/la-alcaldesa-de-pamplona-recibe-de-la-federacion-de-penas-el-panuelo-festivo-con-el-logotipo-conmemorativo-del-25-aniversario-de-esa-entidad\\\/#primaryimage\",\"url\":\"https:\\\/\\\/www.laguiadepamplona.com\\\/actualidad\\\/wp-content\\\/uploads\\\/2023\\\/07\\\/presidentepenapanuelonb1207_0.webp\",\"contentUrl\":\"https:\\\/\\\/www.laguiadepamplona.com\\\/actualidad\\\/wp-content\\\/uploads\\\/2023\\\/07\\\/presidentepenapanuelonb1207_0.webp\",\"width\":1920,\"height\":1280,\"caption\":\"presidente\"},{\"@type\":\"BreadcrumbList\",\"@id\":\"https:\\\/\\\/www.laguiadepamplona.com\\\/actualidad\\\/la-alcaldesa-de-pamplona-recibe-de-la-federacion-de-penas-el-panuelo-festivo-con-el-logotipo-conmemorativo-del-25-aniversario-de-esa-entidad\\\/#breadcrumb\",\"itemListElement\":[{\"@type\":\"ListItem\",\"position\":1,\"name\":\"Portada\",\"item\":\"https:\\\/\\\/www.laguiadepamplona.com\\\/actualidad\\\/\"},{\"@type\":\"ListItem\",\"position\":2,\"name\":\"La alcaldesa de Pamplona recibe de la Federaci\u00f3n de Pe\u00f1as el pa\u00f1uelo festivo con el logotipo conmemorativo del 25 aniversario de esa entidad\"}]},{\"@type\":\"WebSite\",\"@id\":\"https:\\\/\\\/www.laguiadepamplona.com\\\/actualidad\\\/#website\",\"url\":\"https:\\\/\\\/www.laguiadepamplona.com\\\/actualidad\\\/\",\"name\":\"La gu\u00eda de Pamplona\",\"description\":\"Noticias de Pamplona\",\"publisher\":{\"@id\":\"https:\\\/\\\/www.laguiadepamplona.com\\\/actualidad\\\/#organization\"},\"potentialAction\":[{\"@type\":\"SearchAction\",\"target\":{\"@type\":\"EntryPoint\",\"urlTemplate\":\"https:\\\/\\\/www.laguiadepamplona.com\\\/actualidad\\\/?s={search_term_string}\"},\"query-input\":{\"@type\":\"PropertyValueSpecification\",\"valueRequired\":true,\"valueName\":\"search_term_string\"}}],\"inLanguage\":\"es\"},{\"@type\":\"Organization\",\"@id\":\"https:\\\/\\\/www.laguiadepamplona.com\\\/actualidad\\\/#organization\",\"name\":\"La Gu\u00eda de Pamplona \\\/ Noticias\",\"url\":\"https:\\\/\\\/www.laguiadepamplona.com\\\/actualidad\\\/\",\"logo\":{\"@type\":\"ImageObject\",\"inLanguage\":\"es\",\"@id\":\"https:\\\/\\\/www.laguiadepamplona.com\\\/actualidad\\\/#\\\/schema\\\/logo\\\/image\\\/\",\"url\":\"https:\\\/\\\/www.laguiadepamplona.com\\\/actualidad\\\/wp-content\\\/uploads\\\/2018\\\/11\\\/logo-laguiadepamplona18-web1.png\",\"contentUrl\":\"https:\\\/\\\/www.laguiadepamplona.com\\\/actualidad\\\/wp-content\\\/uploads\\\/2018\\\/11\\\/logo-laguiadepamplona18-web1.png\",\"width\":600,\"height\":196,\"caption\":\"La Gu\u00eda de Pamplona \\\/ Noticias\"},\"image\":{\"@id\":\"https:\\\/\\\/www.laguiadepamplona.com\\\/actualidad\\\/#\\\/schema\\\/logo\\\/image\\\/\"},\"sameAs\":[\"https:\\\/\\\/www.facebook.com\\\/laguiadepamplonacom-133175176762273\\\/?ref=hl\",\"https:\\\/\\\/x.com\\\/LaGuiadPamplona\",\"https:\\\/\\\/www.instagram.com\\\/la_guia_de_pamplona\\\/\",\"https:\\\/\\\/www.youtube.com\\\/user\\\/laguiadepamplona\"]},{\"@type\":\"Person\",\"@id\":\"https:\\\/\\\/www.laguiadepamplona.com\\\/actualidad\\\/#\\\/schema\\\/person\\\/efe887376f0213d4657c93adc50b1fdb\",\"name\":\"La Gu\u00eda de Pamplona\",\"image\":{\"@type\":\"ImageObject\",\"inLanguage\":\"es\",\"@id\":\"https:\\\/\\\/secure.gravatar.com\\\/avatar\\\/b6992f131dc8d30ab0dff15446e9d346d9dbd95992de0fef795073f5ea83a81c?s=96&d=mm&r=g\",\"url\":\"https:\\\/\\\/secure.gravatar.com\\\/avatar\\\/b6992f131dc8d30ab0dff15446e9d346d9dbd95992de0fef795073f5ea83a81c?s=96&d=mm&r=g\",\"contentUrl\":\"https:\\\/\\\/secure.gravatar.com\\\/avatar\\\/b6992f131dc8d30ab0dff15446e9d346d9dbd95992de0fef795073f5ea83a81c?s=96&d=mm&r=g\",\"caption\":\"La Gu\u00eda de Pamplona\"}}]}<\/script>\n<!-- \/ Yoast SEO plugin. -->","yoast_head_json":{"title":"La alcaldesa de Pamplona recibe de la Federaci\u00f3n de Pe\u00f1as el pa\u00f1uelo festivo con el logotipo conmemorativo del 25 aniversario de esa entidad","description":"El pa\u00f1uelo festivo tiene bordado el logotipo del aniversario, una cadena que tiene en su centro una silla de ruedas","robots":{"index":"index","follow":"follow","max-snippet":"max-snippet:-1","max-image-preview":"max-image-preview:large","max-video-preview":"max-video-preview:-1"},"canonical":"https:\/\/www.laguiadepamplona.com\/actualidad\/la-alcaldesa-de-pamplona-recibe-de-la-federacion-de-penas-el-panuelo-festivo-con-el-logotipo-conmemorativo-del-25-aniversario-de-esa-entidad\/","og_locale":"es_ES","og_type":"article","og_title":"La alcaldesa de Pamplona recibe de la Federaci\u00f3n de Pe\u00f1as el pa\u00f1uelo festivo con el logotipo conmemorativo del 25 aniversario de esa entidad","og_description":"El pa\u00f1uelo festivo tiene bordado el logotipo del aniversario, una cadena que tiene en su centro una silla de ruedas","og_url":"https:\/\/www.laguiadepamplona.com\/actualidad\/la-alcaldesa-de-pamplona-recibe-de-la-federacion-de-penas-el-panuelo-festivo-con-el-logotipo-conmemorativo-del-25-aniversario-de-esa-entidad\/","og_site_name":"La Gu\u00eda de Pamplona","article_publisher":"https:\/\/www.facebook.com\/laguiadepamplonacom-133175176762273\/?ref=hl","article_published_time":"2023-07-04T12:16:01+00:00","og_image":[{"width":1920,"height":1280,"url":"https:\/\/www.laguiadepamplona.com\/actualidad\/wp-content\/uploads\/2023\/07\/presidentepenapanuelonb1207_0.webp","type":"image\/webp"}],"author":"La Gu\u00eda de Pamplona","twitter_card":"summary_large_image","twitter_creator":"@LaGuiadPamplona","twitter_site":"@LaGuiadPamplona","twitter_misc":{"Escrito por":"La Gu\u00eda de Pamplona","Tiempo de lectura":"1 minuto"},"schema":{"@context":"https:\/\/schema.org","@graph":[{"@type":"Article","@id":"https:\/\/www.laguiadepamplona.com\/actualidad\/la-alcaldesa-de-pamplona-recibe-de-la-federacion-de-penas-el-panuelo-festivo-con-el-logotipo-conmemorativo-del-25-aniversario-de-esa-entidad\/#article","isPartOf":{"@id":"https:\/\/www.laguiadepamplona.com\/actualidad\/la-alcaldesa-de-pamplona-recibe-de-la-federacion-de-penas-el-panuelo-festivo-con-el-logotipo-conmemorativo-del-25-aniversario-de-esa-entidad\/"},"author":{"name":"La Gu\u00eda de Pamplona","@id":"https:\/\/www.laguiadepamplona.com\/actualidad\/#\/schema\/person\/efe887376f0213d4657c93adc50b1fdb"},"headline":"La alcaldesa de Pamplona recibe de la Federaci\u00f3n de Pe\u00f1as el pa\u00f1uelo festivo con el logotipo conmemorativo del 25 aniversario de esa entidad","datePublished":"2023-07-04T12:16:01+00:00","mainEntityOfPage":{"@id":"https:\/\/www.laguiadepamplona.com\/actualidad\/la-alcaldesa-de-pamplona-recibe-de-la-federacion-de-penas-el-panuelo-festivo-con-el-logotipo-conmemorativo-del-25-aniversario-de-esa-entidad\/"},"wordCount":180,"commentCount":0,"publisher":{"@id":"https:\/\/www.laguiadepamplona.com\/actualidad\/#organization"},"image":{"@id":"https:\/\/www.laguiadepamplona.com\/actualidad\/la-alcaldesa-de-pamplona-recibe-de-la-federacion-de-penas-el-panuelo-festivo-con-el-logotipo-conmemorativo-del-25-aniversario-de-esa-entidad\/#primaryimage"},"thumbnailUrl":"https:\/\/www.laguiadepamplona.com\/actualidad\/wp-content\/uploads\/2023\/07\/presidentepenapanuelonb1207_0.webp","articleSection":["Ayto Pamplona","San Ferm\u00edn"],"inLanguage":"es","potentialAction":[{"@type":"CommentAction","name":"Comment","target":["https:\/\/www.laguiadepamplona.com\/actualidad\/la-alcaldesa-de-pamplona-recibe-de-la-federacion-de-penas-el-panuelo-festivo-con-el-logotipo-conmemorativo-del-25-aniversario-de-esa-entidad\/#respond"]}]},{"@type":"WebPage","@id":"https:\/\/www.laguiadepamplona.com\/actualidad\/la-alcaldesa-de-pamplona-recibe-de-la-federacion-de-penas-el-panuelo-festivo-con-el-logotipo-conmemorativo-del-25-aniversario-de-esa-entidad\/","url":"https:\/\/www.laguiadepamplona.com\/actualidad\/la-alcaldesa-de-pamplona-recibe-de-la-federacion-de-penas-el-panuelo-festivo-con-el-logotipo-conmemorativo-del-25-aniversario-de-esa-entidad\/","name":"La alcaldesa de Pamplona recibe de la Federaci\u00f3n de Pe\u00f1as el pa\u00f1uelo festivo con el logotipo conmemorativo del 25 aniversario de esa entidad","isPartOf":{"@id":"https:\/\/www.laguiadepamplona.com\/actualidad\/#website"},"primaryImageOfPage":{"@id":"https:\/\/www.laguiadepamplona.com\/actualidad\/la-alcaldesa-de-pamplona-recibe-de-la-federacion-de-penas-el-panuelo-festivo-con-el-logotipo-conmemorativo-del-25-aniversario-de-esa-entidad\/#primaryimage"},"image":{"@id":"https:\/\/www.laguiadepamplona.com\/actualidad\/la-alcaldesa-de-pamplona-recibe-de-la-federacion-de-penas-el-panuelo-festivo-con-el-logotipo-conmemorativo-del-25-aniversario-de-esa-entidad\/#primaryimage"},"thumbnailUrl":"https:\/\/www.laguiadepamplona.com\/actualidad\/wp-content\/uploads\/2023\/07\/presidentepenapanuelonb1207_0.webp","datePublished":"2023-07-04T12:16:01+00:00","description":"El pa\u00f1uelo festivo tiene bordado el logotipo del aniversario, una cadena que tiene en su centro una silla de ruedas","breadcrumb":{"@id":"https:\/\/www.laguiadepamplona.com\/actualidad\/la-alcaldesa-de-pamplona-recibe-de-la-federacion-de-penas-el-panuelo-festivo-con-el-logotipo-conmemorativo-del-25-aniversario-de-esa-entidad\/#breadcrumb"},"inLanguage":"es","potentialAction":[{"@type":"ReadAction","target":["https:\/\/www.laguiadepamplona.com\/actualidad\/la-alcaldesa-de-pamplona-recibe-de-la-federacion-de-penas-el-panuelo-festivo-con-el-logotipo-conmemorativo-del-25-aniversario-de-esa-entidad\/"]}]},{"@type":"ImageObject","inLanguage":"es","@id":"https:\/\/www.laguiadepamplona.com\/actualidad\/la-alcaldesa-de-pamplona-recibe-de-la-federacion-de-penas-el-panuelo-festivo-con-el-logotipo-conmemorativo-del-25-aniversario-de-esa-entidad\/#primaryimage","url":"https:\/\/www.laguiadepamplona.com\/actualidad\/wp-content\/uploads\/2023\/07\/presidentepenapanuelonb1207_0.webp","contentUrl":"https:\/\/www.laguiadepamplona.com\/actualidad\/wp-content\/uploads\/2023\/07\/presidentepenapanuelonb1207_0.webp","width":1920,"height":1280,"caption":"presidente"},{"@type":"BreadcrumbList","@id":"https:\/\/www.laguiadepamplona.com\/actualidad\/la-alcaldesa-de-pamplona-recibe-de-la-federacion-de-penas-el-panuelo-festivo-con-el-logotipo-conmemorativo-del-25-aniversario-de-esa-entidad\/#breadcrumb","itemListElement":[{"@type":"ListItem","position":1,"name":"Portada","item":"https:\/\/www.laguiadepamplona.com\/actualidad\/"},{"@type":"ListItem","position":2,"name":"La alcaldesa de Pamplona recibe de la Federaci\u00f3n de Pe\u00f1as el pa\u00f1uelo festivo con el logotipo conmemorativo del 25 aniversario de esa entidad"}]},{"@type":"WebSite","@id":"https:\/\/www.laguiadepamplona.com\/actualidad\/#website","url":"https:\/\/www.laguiadepamplona.com\/actualidad\/","name":"La gu\u00eda de Pamplona","description":"Noticias de Pamplona","publisher":{"@id":"https:\/\/www.laguiadepamplona.com\/actualidad\/#organization"},"potentialAction":[{"@type":"SearchAction","target":{"@type":"EntryPoint","urlTemplate":"https:\/\/www.laguiadepamplona.com\/actualidad\/?s={search_term_string}"},"query-input":{"@type":"PropertyValueSpecification","valueRequired":true,"valueName":"search_term_string"}}],"inLanguage":"es"},{"@type":"Organization","@id":"https:\/\/www.laguiadepamplona.com\/actualidad\/#organization","name":"La Gu\u00eda de Pamplona \/ Noticias","url":"https:\/\/www.laguiadepamplona.com\/actualidad\/","logo":{"@type":"ImageObject","inLanguage":"es","@id":"https:\/\/www.laguiadepamplona.com\/actualidad\/#\/schema\/logo\/image\/","url":"https:\/\/www.laguiadepamplona.com\/actualidad\/wp-content\/uploads\/2018\/11\/logo-laguiadepamplona18-web1.png","contentUrl":"https:\/\/www.laguiadepamplona.com\/actualidad\/wp-content\/uploads\/2018\/11\/logo-laguiadepamplona18-web1.png","width":600,"height":196,"caption":"La Gu\u00eda de Pamplona \/ Noticias"},"image":{"@id":"https:\/\/www.laguiadepamplona.com\/actualidad\/#\/schema\/logo\/image\/"},"sameAs":["https:\/\/www.facebook.com\/laguiadepamplonacom-133175176762273\/?ref=hl","https:\/\/x.com\/LaGuiadPamplona","https:\/\/www.instagram.com\/la_guia_de_pamplona\/","https:\/\/www.youtube.com\/user\/laguiadepamplona"]},{"@type":"Person","@id":"https:\/\/www.laguiadepamplona.com\/actualidad\/#\/schema\/person\/efe887376f0213d4657c93adc50b1fdb","name":"La Gu\u00eda de Pamplona","image":{"@type":"ImageObject","inLanguage":"es","@id":"https:\/\/secure.gravatar.com\/avatar\/b6992f131dc8d30ab0dff15446e9d346d9dbd95992de0fef795073f5ea83a81c?s=96&d=mm&r=g","url":"https:\/\/secure.gravatar.com\/avatar\/b6992f131dc8d30ab0dff15446e9d346d9dbd95992de0fef795073f5ea83a81c?s=96&d=mm&r=g","contentUrl":"https:\/\/secure.gravatar.com\/avatar\/b6992f131dc8d30ab0dff15446e9d346d9dbd95992de0fef795073f5ea83a81c?s=96&d=mm&r=g","caption":"La Gu\u00eda de Pamplona"}}]}},"post_mailing_queue_ids":[],"_links":{"self":[{"href":"https:\/\/www.laguiadepamplona.com\/actualidad\/wp-json\/wp\/v2\/posts\/47236","targetHints":{"allow":["GET"]}}],"collection":[{"href":"https:\/\/www.laguiadepamplona.com\/actualidad\/wp-json\/wp\/v2\/posts"}],"about":[{"href":"https:\/\/www.laguiadepamplona.com\/actualidad\/wp-json\/wp\/v2\/types\/post"}],"author":[{"embeddable":true,"href":"https:\/\/www.laguiadepamplona.com\/actualidad\/wp-json\/wp\/v2\/users\/1"}],"replies":[{"embeddable":true,"href":"https:\/\/www.laguiadepamplona.com\/actualidad\/wp-json\/wp\/v2\/comments?post=47236"}],"version-history":[{"count":1,"href":"https:\/\/www.laguiadepamplona.com\/actualidad\/wp-json\/wp\/v2\/posts\/47236\/revisions"}],"predecessor-version":[{"id":47238,"href":"https:\/\/www.laguiadepamplona.com\/actualidad\/wp-json\/wp\/v2\/posts\/47236\/revisions\/47238"}],"wp:featuredmedia":[{"embeddable":true,"href":"https:\/\/www.laguiadepamplona.com\/actualidad\/wp-json\/wp\/v2\/media\/47237"}],"wp:attachment":[{"href":"https:\/\/www.laguiadepamplona.com\/actualidad\/wp-json\/wp\/v2\/media?parent=47236"}],"wp:term":[{"taxonomy":"category","embeddable":true,"href":"https:\/\/www.laguiadepamplona.com\/actualidad\/wp-json\/wp\/v2\/categories?post=47236"},{"taxonomy":"post_tag","embeddable":true,"href":"https:\/\/www.laguiadepamplona.com\/actualidad\/wp-json\/wp\/v2\/tags?post=47236"}],"curies":[{"name":"wp","href":"https:\/\/api.w.org\/{rel}","templated":true}]}}